{"id":628296,"date":"2025-11-27T20:16:38","date_gmt":"2025-11-27T19:16:38","guid":{"rendered":"https:\/\/dicodusport.fr\/blog\/?p=628296&#038;preview=true&#038;preview_id=628296"},"modified":"2025-11-27T20:37:23","modified_gmt":"2025-11-27T19:37:23","slug":"dans-un-mouchoir-de-poche-marco-odermatt-remporte-le-premier-super-g-de-lhiver-a-copper-mountain","status":"publish","type":"post","link":"https:\/\/dicodusport.fr\/blog\/dans-un-mouchoir-de-poche-marco-odermatt-remporte-le-premier-super-g-de-lhiver-a-copper-mountain\/","title":{"rendered":"Dans un mouchoir de poche, Marco Odermatt remporte le premier Super-G de l&rsquo;hiver \u00e0 Copper Mountain"},"content":{"rendered":"<p style=\"text-align: justify;\"><strong><em>COUPE DU MONDE DE SKI ALPIN 2025\/2026 &#8211; Marco Odermatt remporte d&rsquo;une courte t\u00eate le premier Super-G de l&rsquo;hiver, \u00e0 Copper Mountain.<\/em><\/strong><\/p>\n<ul style=\"text-align: justify;\">\n<li><strong>\u00c0 ce sujet \u2013\u00a0<a href=\"https:\/\/dicodusport.fr\/blog\/ski-alpin-coupe-du-monde-2025-2026-le-calendrier-complet\/\">Ski alpin Coupe du monde 2025-2026 \u2013 Le calendrier complet<\/a><\/strong><\/li>\n<\/ul>\n<p style=\"text-align: justify;\">Suite \u00e0 plusieurs \u00e9preuves techniques disput\u00e9es en Europe, la saison de vitesse ouvrait ses portes ce jeudi soir \u00e0 <strong>Copper Mountain<\/strong> (\u00c9tats-Unis), avec le premier <strong>Super-G<\/strong> de la saison.<\/p>\n<h2 style=\"text-align: justify;\">Marco Odermatt frustre les Autrichiens<\/h2>\n<p style=\"text-align: justify;\">Pour cette grande premi\u00e8re au sein de la station am\u00e9ricaine depuis un demi-si\u00e8cle, la piste s&rsquo;est r\u00e9v\u00e9l\u00e9e pi\u00e9geuse. Partis avec les deux premiers dossards, <strong>Ryan Cochran-Siegle <\/strong>et <strong>Stefan Eichberger<\/strong> ont \u00e9t\u00e9 pi\u00e9g\u00e9s \u00e0 la m\u00eame porte sur l&rsquo;ultime portion, le second \u00e9tant m\u00eame \u00e9limin\u00e9 apr\u00e8s avoir enfourch\u00e9. Il aura fallu attendre le cinqui\u00e8me dossard pour que la bataille entre les favoris du jour d\u00e9marre r\u00e9ellement. <strong>Stefan Babinsky<\/strong> et le revenant <strong>Guglielmo Bosca<\/strong> ont \u00e9t\u00e9 les premiers \u00e0 appr\u00e9hender la piste pour s&#8217;emparer des meilleurs chronos en r\u00e9alisant des descentes propres. Mais en passant sous les 1:07, <strong>Vincent Kriechmayr<\/strong> a d\u00e9finitivement lanc\u00e9 les hostilit\u00e9s pour la victoire.<\/p>\n<ul style=\"text-align: justify;\">\n<li><strong>\u00c0 lire aussi &#8211; <a href=\"https:\/\/dicodusport.fr\/blog\/super-g-hommes-copper-mountain-2025-classement-et-resultats\/\">Super-G hommes Copper Mountain 2025 \u2013 Classement et r\u00e9sultats<\/a><\/strong><\/li>\n<\/ul>\n<p style=\"text-align: justify;\">Si <strong>Franjo Von Allmen<\/strong> et <strong>Stefan Rogentin<\/strong> sont rest\u00e9s hors du coup, <strong>Marco Odermatt<\/strong> a climatis\u00e9 l&rsquo;Autriche en arrachant la premi\u00e8re place pour huit petits centi\u00e8mes, devan\u00e7ant ainsi un trio autrichien (Kriechmayr-Babinsky-Feurstein). La victoire \u00e9tait encore loin d&rsquo;\u00eatre d\u00e9finitive. <strong>Raphael Haaser<\/strong> l&rsquo;a rappel\u00e9 en r\u00e9alisant un bas de folie pour \u00e9chouer \u00e0 13 petits centi\u00e8mes du leader. Mais le quatri\u00e8me autrichien \u00e0 s&rsquo;imiscer dans le Top 10 du jour sera le dernier \u00e0 bouleverser le podium puisque personne d&rsquo;autre ne viendra s&rsquo;intercaler devant. R\u00e9sultat, <strong>Marco Odermatt<\/strong> rafle la mise sur un fil en devan\u00e7ant Kriechmayr et Haaser.<\/p>\n<blockquote class=\"twitter-tweet\">\n<p dir=\"ltr\" lang=\"de\">ODERMATT! \ud83c\udde8\ud83c\udded<a href=\"https:\/\/twitter.com\/hashtag\/CopperMountain?src=hash&amp;ref_src=twsrc%5Etfw\">#CopperMountain<\/a><a href=\"https:\/\/twitter.com\/hashtag\/fisalpine?src=hash&amp;ref_src=twsrc%5Etfw\">#fisalpine<\/a> <a href=\"https:\/\/t.co\/TTiaA1WauZ\">pic.twitter.com\/TTiaA1WauZ<\/a><\/p>\n<p>\u2014 storymakers (@mz_storymakers) <a href=\"https:\/\/twitter.com\/mz_storymakers\/status\/1994111787793297770?ref_src=twsrc%5Etfw\">November 27, 2025<\/a><\/p><\/blockquote>\n<p style=\"text-align: justify;\"><script async src=\"https:\/\/platform.twitter.com\/widgets.js\" charset=\"utf-8\"><\/script><\/p>\n<h2 style=\"text-align: justify;\">Kilde de retour, les Fran\u00e7ais en retrait<\/h2>\n<p style=\"text-align: justify;\">Il y aura eu finalement peu de surprises \u00e9tant donn\u00e9 que les gros dossards n&rsquo;ont pas r\u00e9ussi \u00e0 briller. Malgr\u00e9 tout, un moment fort s&rsquo;est produit puisqu&rsquo;apr\u00e8s quasiment deux ans de gal\u00e8res,<strong> Aleksander Aamodt Kilde<\/strong> a sign\u00e9 son retour sur la piste. Encore diminu\u00e9, le Norv\u00e9gien n&rsquo;a pas \u00e9t\u00e9 dans le coup, mais l&rsquo;important \u00e9tait ailleurs, comme l&rsquo;ont prouv\u00e9 les larmes de Mikaela Shiffrin dans les tribunes.<\/p>\n<ul style=\"text-align: justify;\">\n<li><strong>\u00c0 voir aussi \u2013 <a href=\"https:\/\/dicodusport.fr\/blog\/coupe-du-monde-ski-alpin-classement-general-hommes-mis-a-jour\/\">Coupe du monde Ski alpin : Classement g\u00e9n\u00e9ral hommes mis \u00e0 jour<\/a><\/strong><\/li>\n<\/ul>\n<p style=\"text-align: justify;\">C\u00f4t\u00e9 Fran\u00e7ais, la d\u00e9ception est de mise. Parti avec le dossard 4, <strong>Nils All\u00e8gre<\/strong> a \u00e9t\u00e9 p\u00e9nalis\u00e9 par deux grosses erreurs qui l&rsquo;ont repouss\u00e9 loin d&rsquo;Odermatt (+1.39). Un r\u00e9sultat largement insuffisant, qui l&rsquo;\u00e9jecte m\u00eame du Top 20. Malheureusement, <strong>Blaise Giezendanner <\/strong>et <strong>Florian Loriot<\/strong> n&rsquo;ont pas connu plus de r\u00e9ussite en \u00e9tant tous deux repouss\u00e9s \u00e0 plus de deux secondes de la t\u00eate, soit hors des points. Ce premier Super-G est donc \u00e0 oublier c\u00f4t\u00e9 tricolore en attendant les passages des derniers repr\u00e9sentants en fond de startlist.<\/p>\n<blockquote class=\"twitter-tweet\">\n<p dir=\"ltr\" lang=\"en\">Welcome back Kilde!<\/p>\n<p>Aleksander Aamodt Kilde delivers a strong run on his return to Super-G racing at Copper Mountain \ud83d\udc4f<a href=\"https:\/\/twitter.com\/hashtag\/fisalpine?src=hash&amp;ref_src=twsrc%5Etfw\">#fisalpine<\/a> <a href=\"https:\/\/t.co\/lr5H0O5YtB\">pic.twitter.com\/lr5H0O5YtB<\/a><\/p>\n<p>\u2014 TNT Sports (@tntsports) <a href=\"https:\/\/twitter.com\/tntsports\/status\/1994117974848913855?ref_src=twsrc%5Etfw\">November 27, 2025<\/a><\/p><\/blockquote>\n<p style=\"text-align: justify;\"><script async src=\"https:\/\/platform.twitter.com\/widgets.js\" charset=\"utf-8\"><\/script><\/p>\n<div id=\"gtx-trans\" style=\"position: absolute; left: -14px; top: 40.9091px;\">\n<div class=\"gtx-trans-icon\" style=\"text-align: justify;\"><\/div>\n<\/div>\n","protected":false},"excerpt":{"rendered":"<p>COUPE DU MONDE DE SKI ALPIN 2025\/2026 &#8211; Marco Odermatt remporte d&rsquo;une courte t\u00eate le premier Super-G de l&rsquo;hiver, \u00e0 Copper Mountain.<\/p>\n","protected":false},"author":55,"featured_media":628319,"comment_status":"open","ping_status":"closed","sticky":false,"template":"","format":"standard","meta":{"_acf_changed":false,"_daextam_enable_autolinks":"1","footnotes":""},"categories":[47084],"tags":[16878,12586,15042,2233,24],"class_list":["post-628296","post","type-post","status-publish","format-standard","has-post-thumbnail","hentry","category-coupe-du-monde-ski-alpin","tag-breve","tag-coupe-du-monde-de-ski-alpin","tag-marco-odermatt","tag-ski-alpin","tag-sport"],"acf":[],"yoast_head":"<!-- This site is optimized with the Yoast SEO Premium plugin v26.7 (Yoast SEO v26.7) - https:\/\/yoast.com\/wordpress\/plugins\/seo\/ -->\n<title>Dans un mouchoir de poche, Marco Odermatt remporte le premier Super-G de l&#039;hiver \u00e0 Copper Mountain<\/title>\n<meta name=\"description\" content=\"COUPE DU MONDE DE SKI ALPIN 2025\/2026 - Marco Odermatt remporte d&#039;une courte t\u00eate le premier Super-G de l&#039;hiver, \u00e0 Copper Mountain.\" \/>\n<meta name=\"robots\" content=\"index, follow, max-snippet:-1, max-image-preview:large, max-video-preview:-1\" \/>\n<link rel=\"canonical\" href=\"https:\/\/dicodusport.fr\/blog\/dans-un-mouchoir-de-poche-marco-odermatt-remporte-le-premier-super-g-de-lhiver-a-copper-mountain\/\" \/>\n<meta property=\"og:locale\" content=\"fr_FR\" \/>\n<meta property=\"og:type\" content=\"article\" \/>\n<meta property=\"og:title\" content=\"Dans un mouchoir de poche, Marco Odermatt remporte le premier Super-G de l&#039;hiver \u00e0 Copper Mountain\" \/>\n<meta property=\"og:description\" content=\"COUPE DU MONDE DE SKI ALPIN 2025\/2026 - Marco Odermatt remporte d&#039;une courte t\u00eate le premier Super-G de l&#039;hiver, \u00e0 Copper Mountain.\" \/>\n<meta property=\"og:url\" content=\"https:\/\/dicodusport.fr\/blog\/dans-un-mouchoir-de-poche-marco-odermatt-remporte-le-premier-super-g-de-lhiver-a-copper-mountain\/\" \/>\n<meta property=\"og:site_name\" content=\"Dicodusport\" \/>\n<meta property=\"article:publisher\" content=\"https:\/\/www.facebook.com\/dicodusport\" \/>\n<meta property=\"article:published_time\" content=\"2025-11-27T19:16:38+00:00\" \/>\n<meta property=\"article:modified_time\" content=\"2025-11-27T19:37:23+00:00\" \/>\n<meta property=\"og:image\" content=\"https:\/\/dicodusport.fr\/blog\/wp-content\/uploads\/2025\/11\/Dans-un-mouchoir-de-poche-Marco-Odermatt-remporte-le-premier-Super-G-de-lhiver-a-Copper-Mountain.png\" \/>\n\t<meta property=\"og:image:width\" content=\"1200\" \/>\n\t<meta property=\"og:image:height\" content=\"674\" \/>\n\t<meta property=\"og:image:type\" content=\"image\/png\" \/>\n<meta name=\"author\" content=\"Maxime Cazenave\" \/>\n<meta name=\"twitter:card\" content=\"summary_large_image\" \/>\n<meta name=\"twitter:title\" content=\"Dans un mouchoir de poche, Marco Odermatt remporte le premier Super-G de l&#039;hiver \u00e0 Copper Mountain\" \/>\n<meta name=\"twitter:creator\" content=\"@https:\/\/twitter.com\/Maxime_Caze\" \/>\n<meta name=\"twitter:site\" content=\"@dicodusport\" \/>\n<script type=\"application\/ld+json\" class=\"yoast-schema-graph\">{\"@context\":\"https:\/\/schema.org\",\"@graph\":[{\"@type\":\"NewsArticle\",\"@id\":\"https:\/\/dicodusport.fr\/blog\/dans-un-mouchoir-de-poche-marco-odermatt-remporte-le-premier-super-g-de-lhiver-a-copper-mountain\/#article\",\"isPartOf\":{\"@id\":\"https:\/\/dicodusport.fr\/blog\/dans-un-mouchoir-de-poche-marco-odermatt-remporte-le-premier-super-g-de-lhiver-a-copper-mountain\/\"},\"author\":{\"name\":\"Maxime Cazenave\",\"@id\":\"https:\/\/dicodusport.fr\/blog\/#\/schema\/person\/37def232098a7a5cbab3974a3690abb0\"},\"headline\":\"Dans un mouchoir de poche, Marco Odermatt remporte le premier Super-G de l&rsquo;hiver \u00e0 Copper Mountain\",\"datePublished\":\"2025-11-27T19:16:38+00:00\",\"dateModified\":\"2025-11-27T19:37:23+00:00\",\"mainEntityOfPage\":{\"@id\":\"https:\/\/dicodusport.fr\/blog\/dans-un-mouchoir-de-poche-marco-odermatt-remporte-le-premier-super-g-de-lhiver-a-copper-mountain\/\"},\"wordCount\":565,\"commentCount\":0,\"publisher\":{\"@id\":\"https:\/\/dicodusport.fr\/blog\/#organization\"},\"image\":{\"@id\":\"https:\/\/dicodusport.fr\/blog\/dans-un-mouchoir-de-poche-marco-odermatt-remporte-le-premier-super-g-de-lhiver-a-copper-mountain\/#primaryimage\"},\"thumbnailUrl\":\"https:\/\/dicodusport.fr\/blog\/wp-content\/uploads\/2025\/11\/Dans-un-mouchoir-de-poche-Marco-Odermatt-remporte-le-premier-Super-G-de-lhiver-a-Copper-Mountain.png\",\"keywords\":[\"br\u00e8ve\",\"Coupe du monde de ski alpin\",\"Marco Odermatt\",\"Ski alpin\",\"sport\"],\"articleSection\":[\"Coupe du monde de ski alpin\"],\"inLanguage\":\"fr-FR\",\"potentialAction\":[{\"@type\":\"CommentAction\",\"name\":\"Comment\",\"target\":[\"https:\/\/dicodusport.fr\/blog\/dans-un-mouchoir-de-poche-marco-odermatt-remporte-le-premier-super-g-de-lhiver-a-copper-mountain\/#respond\"]}],\"copyrightYear\":\"2025\",\"copyrightHolder\":{\"@id\":\"https:\/\/dicodusport.fr\/blog\/#organization\"}},{\"@type\":\"WebPage\",\"@id\":\"https:\/\/dicodusport.fr\/blog\/dans-un-mouchoir-de-poche-marco-odermatt-remporte-le-premier-super-g-de-lhiver-a-copper-mountain\/\",\"url\":\"https:\/\/dicodusport.fr\/blog\/dans-un-mouchoir-de-poche-marco-odermatt-remporte-le-premier-super-g-de-lhiver-a-copper-mountain\/\",\"name\":\"Dans un mouchoir de poche, Marco Odermatt remporte le premier Super-G de l'hiver \u00e0 Copper Mountain\",\"isPartOf\":{\"@id\":\"https:\/\/dicodusport.fr\/blog\/#website\"},\"primaryImageOfPage\":{\"@id\":\"https:\/\/dicodusport.fr\/blog\/dans-un-mouchoir-de-poche-marco-odermatt-remporte-le-premier-super-g-de-lhiver-a-copper-mountain\/#primaryimage\"},\"image\":{\"@id\":\"https:\/\/dicodusport.fr\/blog\/dans-un-mouchoir-de-poche-marco-odermatt-remporte-le-premier-super-g-de-lhiver-a-copper-mountain\/#primaryimage\"},\"thumbnailUrl\":\"https:\/\/dicodusport.fr\/blog\/wp-content\/uploads\/2025\/11\/Dans-un-mouchoir-de-poche-Marco-Odermatt-remporte-le-premier-Super-G-de-lhiver-a-Copper-Mountain.png\",\"datePublished\":\"2025-11-27T19:16:38+00:00\",\"dateModified\":\"2025-11-27T19:37:23+00:00\",\"description\":\"COUPE DU MONDE DE SKI ALPIN 2025\/2026 - Marco Odermatt remporte d'une courte t\u00eate le premier Super-G de l'hiver, \u00e0 Copper Mountain.\",\"breadcrumb\":{\"@id\":\"https:\/\/dicodusport.fr\/blog\/dans-un-mouchoir-de-poche-marco-odermatt-remporte-le-premier-super-g-de-lhiver-a-copper-mountain\/#breadcrumb\"},\"inLanguage\":\"fr-FR\",\"potentialAction\":[{\"@type\":\"ReadAction\",\"target\":[\"https:\/\/dicodusport.fr\/blog\/dans-un-mouchoir-de-poche-marco-odermatt-remporte-le-premier-super-g-de-lhiver-a-copper-mountain\/\"]}]},{\"@type\":\"ImageObject\",\"inLanguage\":\"fr-FR\",\"@id\":\"https:\/\/dicodusport.fr\/blog\/dans-un-mouchoir-de-poche-marco-odermatt-remporte-le-premier-super-g-de-lhiver-a-copper-mountain\/#primaryimage\",\"url\":\"https:\/\/dicodusport.fr\/blog\/wp-content\/uploads\/2025\/11\/Dans-un-mouchoir-de-poche-Marco-Odermatt-remporte-le-premier-Super-G-de-lhiver-a-Copper-Mountain.png\",\"contentUrl\":\"https:\/\/dicodusport.fr\/blog\/wp-content\/uploads\/2025\/11\/Dans-un-mouchoir-de-poche-Marco-Odermatt-remporte-le-premier-Super-G-de-lhiver-a-Copper-Mountain.png\",\"width\":1200,\"height\":674,\"caption\":\"Dans un mouchoir de poche, Marco Odermatt remporte le premier Super-G de l'hiver \u00e0 Copper Mountain\"},{\"@type\":\"BreadcrumbList\",\"@id\":\"https:\/\/dicodusport.fr\/blog\/dans-un-mouchoir-de-poche-marco-odermatt-remporte-le-premier-super-g-de-lhiver-a-copper-mountain\/#breadcrumb\",\"itemListElement\":[{\"@type\":\"ListItem\",\"position\":1,\"name\":\"Accueil\",\"item\":\"https:\/\/dicodusport.fr\/blog\/\"},{\"@type\":\"ListItem\",\"position\":2,\"name\":\"Dans un mouchoir de poche, Marco Odermatt remporte le premier Super-G de l&rsquo;hiver \u00e0 Copper Mountain\"}]},{\"@type\":\"WebSite\",\"@id\":\"https:\/\/dicodusport.fr\/blog\/#website\",\"url\":\"https:\/\/dicodusport.fr\/blog\/\",\"name\":\"Dicodusport\",\"description\":\"L&#039;encyclop\u00e9die de l&#039;actualit\u00e9 sportive\",\"publisher\":{\"@id\":\"https:\/\/dicodusport.fr\/blog\/#organization\"},\"potentialAction\":[{\"@type\":\"SearchAction\",\"target\":{\"@type\":\"EntryPoint\",\"urlTemplate\":\"https:\/\/dicodusport.fr\/blog\/?s={search_term_string}\"},\"query-input\":{\"@type\":\"PropertyValueSpecification\",\"valueRequired\":true,\"valueName\":\"search_term_string\"}}],\"inLanguage\":\"fr-FR\"},{\"@type\":\"NewsMediaOrganization\",\"@id\":\"https:\/\/dicodusport.fr\/blog\/#organization\",\"name\":\"Dicodusport\",\"url\":\"https:\/\/dicodusport.fr\/blog\/\",\"logo\":{\"@type\":\"ImageObject\",\"inLanguage\":\"fr-FR\",\"@id\":\"https:\/\/dicodusport.fr\/blog\/#\/schema\/logo\/image\/\",\"url\":\"https:\/\/dicodusport.fr\/blog\/wp-content\/uploads\/2020\/06\/cropped-LOGO-DICODUSPORT-2020-SANS-FOND-SANS-TEXTE.png\",\"contentUrl\":\"https:\/\/dicodusport.fr\/blog\/wp-content\/uploads\/2020\/06\/cropped-LOGO-DICODUSPORT-2020-SANS-FOND-SANS-TEXTE.png\",\"width\":512,\"height\":512,\"caption\":\"Dicodusport\"},\"image\":{\"@id\":\"https:\/\/dicodusport.fr\/blog\/#\/schema\/logo\/image\/\"},\"sameAs\":[\"https:\/\/www.facebook.com\/dicodusport\",\"https:\/\/x.com\/dicodusport\",\"https:\/\/www.instagram.com\/dicodusport\/\",\"https:\/\/www.youtube.com\/channel\/UC7V2KZ5sd3htJivAbA4ZG3w\"],\"description\":\"Dicodusport est l'encyclop\u00e9die de l'actualit\u00e9 sportive.\",\"email\":\"bonjour@dicodusport.fr\",\"legalName\":\"DICODUSPORT\",\"foundingDate\":\"2018-01-14\",\"vatID\":\"FR71834470973\",\"taxID\":\"83447097300043\",\"numberOfEmployees\":{\"@type\":\"QuantitativeValue\",\"minValue\":\"1\",\"maxValue\":\"10\"}},{\"@type\":\"Person\",\"@id\":\"https:\/\/dicodusport.fr\/blog\/#\/schema\/person\/37def232098a7a5cbab3974a3690abb0\",\"name\":\"Maxime Cazenave\",\"image\":{\"@type\":\"ImageObject\",\"inLanguage\":\"fr-FR\",\"@id\":\"https:\/\/dicodusport.fr\/blog\/#\/schema\/person\/image\/\",\"url\":\"https:\/\/dicodusport.fr\/blog\/wp-content\/uploads\/2021\/05\/Maxime-Cazenave-150x150.jpg\",\"contentUrl\":\"https:\/\/dicodusport.fr\/blog\/wp-content\/uploads\/2021\/05\/Maxime-Cazenave-150x150.jpg\",\"caption\":\"Maxime Cazenave\"},\"description\":\"Journaliste\/R\u00e9dacteur depuis 2012 - Berc\u00e9 par l\u2019amour des Girondins de Bordeaux, les \u00e9checs de Christophe Moreau sur le Tour de France sous l'\u00e8re Lance Armstrong et le fade-away l\u00e9tal de Dirk Nowitzki, ma passion d\u00e9vorante pour le sport a toujours \u00e9t\u00e9 un pan incontournable de ma vie. Transmettre ma passion \u00e0 l\u2019\u00e9crit a \u00e9t\u00e9 une transition naturelle. Suiveur assidu de basket et de hockey sur glace, je garde toujours un peu de place pour suivre le cyclisme, le football et le maximum de performances fran\u00e7aises.\",\"sameAs\":[\"https:\/\/x.com\/https:\/\/twitter.com\/Maxime_Caze\"],\"url\":\"https:\/\/dicodusport.fr\/blog\/author\/maximec\/\"}]}<\/script>\n<!-- \/ Yoast SEO Premium plugin. -->","yoast_head_json":{"title":"Dans un mouchoir de poche, Marco Odermatt remporte le premier Super-G de l'hiver \u00e0 Copper Mountain","description":"COUPE DU MONDE DE SKI ALPIN 2025\/2026 - Marco Odermatt remporte d'une courte t\u00eate le premier Super-G de l'hiver, \u00e0 Copper Mountain.","robots":{"index":"index","follow":"follow","max-snippet":"max-snippet:-1","max-image-preview":"max-image-preview:large","max-video-preview":"max-video-preview:-1"},"canonical":"https:\/\/dicodusport.fr\/blog\/dans-un-mouchoir-de-poche-marco-odermatt-remporte-le-premier-super-g-de-lhiver-a-copper-mountain\/","og_locale":"fr_FR","og_type":"article","og_title":"Dans un mouchoir de poche, Marco Odermatt remporte le premier Super-G de l'hiver \u00e0 Copper Mountain","og_description":"COUPE DU MONDE DE SKI ALPIN 2025\/2026 - Marco Odermatt remporte d'une courte t\u00eate le premier Super-G de l'hiver, \u00e0 Copper Mountain.","og_url":"https:\/\/dicodusport.fr\/blog\/dans-un-mouchoir-de-poche-marco-odermatt-remporte-le-premier-super-g-de-lhiver-a-copper-mountain\/","og_site_name":"Dicodusport","article_publisher":"https:\/\/www.facebook.com\/dicodusport","article_published_time":"2025-11-27T19:16:38+00:00","article_modified_time":"2025-11-27T19:37:23+00:00","og_image":[{"width":1200,"height":674,"url":"https:\/\/dicodusport.fr\/blog\/wp-content\/uploads\/2025\/11\/Dans-un-mouchoir-de-poche-Marco-Odermatt-remporte-le-premier-Super-G-de-lhiver-a-Copper-Mountain.png","type":"image\/png"}],"author":"Maxime Cazenave","twitter_card":"summary_large_image","twitter_title":"Dans un mouchoir de poche, Marco Odermatt remporte le premier Super-G de l'hiver \u00e0 Copper Mountain","twitter_creator":"@https:\/\/twitter.com\/Maxime_Caze","twitter_site":"@dicodusport","schema":{"@context":"https:\/\/schema.org","@graph":[{"@type":"NewsArticle","@id":"https:\/\/dicodusport.fr\/blog\/dans-un-mouchoir-de-poche-marco-odermatt-remporte-le-premier-super-g-de-lhiver-a-copper-mountain\/#article","isPartOf":{"@id":"https:\/\/dicodusport.fr\/blog\/dans-un-mouchoir-de-poche-marco-odermatt-remporte-le-premier-super-g-de-lhiver-a-copper-mountain\/"},"author":{"name":"Maxime Cazenave","@id":"https:\/\/dicodusport.fr\/blog\/#\/schema\/person\/37def232098a7a5cbab3974a3690abb0"},"headline":"Dans un mouchoir de poche, Marco Odermatt remporte le premier Super-G de l&rsquo;hiver \u00e0 Copper Mountain","datePublished":"2025-11-27T19:16:38+00:00","dateModified":"2025-11-27T19:37:23+00:00","mainEntityOfPage":{"@id":"https:\/\/dicodusport.fr\/blog\/dans-un-mouchoir-de-poche-marco-odermatt-remporte-le-premier-super-g-de-lhiver-a-copper-mountain\/"},"wordCount":565,"commentCount":0,"publisher":{"@id":"https:\/\/dicodusport.fr\/blog\/#organization"},"image":{"@id":"https:\/\/dicodusport.fr\/blog\/dans-un-mouchoir-de-poche-marco-odermatt-remporte-le-premier-super-g-de-lhiver-a-copper-mountain\/#primaryimage"},"thumbnailUrl":"https:\/\/dicodusport.fr\/blog\/wp-content\/uploads\/2025\/11\/Dans-un-mouchoir-de-poche-Marco-Odermatt-remporte-le-premier-Super-G-de-lhiver-a-Copper-Mountain.png","keywords":["br\u00e8ve","Coupe du monde de ski alpin","Marco Odermatt","Ski alpin","sport"],"articleSection":["Coupe du monde de ski alpin"],"inLanguage":"fr-FR","potentialAction":[{"@type":"CommentAction","name":"Comment","target":["https:\/\/dicodusport.fr\/blog\/dans-un-mouchoir-de-poche-marco-odermatt-remporte-le-premier-super-g-de-lhiver-a-copper-mountain\/#respond"]}],"copyrightYear":"2025","copyrightHolder":{"@id":"https:\/\/dicodusport.fr\/blog\/#organization"}},{"@type":"WebPage","@id":"https:\/\/dicodusport.fr\/blog\/dans-un-mouchoir-de-poche-marco-odermatt-remporte-le-premier-super-g-de-lhiver-a-copper-mountain\/","url":"https:\/\/dicodusport.fr\/blog\/dans-un-mouchoir-de-poche-marco-odermatt-remporte-le-premier-super-g-de-lhiver-a-copper-mountain\/","name":"Dans un mouchoir de poche, Marco Odermatt remporte le premier Super-G de l'hiver \u00e0 Copper Mountain","isPartOf":{"@id":"https:\/\/dicodusport.fr\/blog\/#website"},"primaryImageOfPage":{"@id":"https:\/\/dicodusport.fr\/blog\/dans-un-mouchoir-de-poche-marco-odermatt-remporte-le-premier-super-g-de-lhiver-a-copper-mountain\/#primaryimage"},"image":{"@id":"https:\/\/dicodusport.fr\/blog\/dans-un-mouchoir-de-poche-marco-odermatt-remporte-le-premier-super-g-de-lhiver-a-copper-mountain\/#primaryimage"},"thumbnailUrl":"https:\/\/dicodusport.fr\/blog\/wp-content\/uploads\/2025\/11\/Dans-un-mouchoir-de-poche-Marco-Odermatt-remporte-le-premier-Super-G-de-lhiver-a-Copper-Mountain.png","datePublished":"2025-11-27T19:16:38+00:00","dateModified":"2025-11-27T19:37:23+00:00","description":"COUPE DU MONDE DE SKI ALPIN 2025\/2026 - Marco Odermatt remporte d'une courte t\u00eate le premier Super-G de l'hiver, \u00e0 Copper Mountain.","breadcrumb":{"@id":"https:\/\/dicodusport.fr\/blog\/dans-un-mouchoir-de-poche-marco-odermatt-remporte-le-premier-super-g-de-lhiver-a-copper-mountain\/#breadcrumb"},"inLanguage":"fr-FR","potentialAction":[{"@type":"ReadAction","target":["https:\/\/dicodusport.fr\/blog\/dans-un-mouchoir-de-poche-marco-odermatt-remporte-le-premier-super-g-de-lhiver-a-copper-mountain\/"]}]},{"@type":"ImageObject","inLanguage":"fr-FR","@id":"https:\/\/dicodusport.fr\/blog\/dans-un-mouchoir-de-poche-marco-odermatt-remporte-le-premier-super-g-de-lhiver-a-copper-mountain\/#primaryimage","url":"https:\/\/dicodusport.fr\/blog\/wp-content\/uploads\/2025\/11\/Dans-un-mouchoir-de-poche-Marco-Odermatt-remporte-le-premier-Super-G-de-lhiver-a-Copper-Mountain.png","contentUrl":"https:\/\/dicodusport.fr\/blog\/wp-content\/uploads\/2025\/11\/Dans-un-mouchoir-de-poche-Marco-Odermatt-remporte-le-premier-Super-G-de-lhiver-a-Copper-Mountain.png","width":1200,"height":674,"caption":"Dans un mouchoir de poche, Marco Odermatt remporte le premier Super-G de l'hiver \u00e0 Copper Mountain"},{"@type":"BreadcrumbList","@id":"https:\/\/dicodusport.fr\/blog\/dans-un-mouchoir-de-poche-marco-odermatt-remporte-le-premier-super-g-de-lhiver-a-copper-mountain\/#breadcrumb","itemListElement":[{"@type":"ListItem","position":1,"name":"Accueil","item":"https:\/\/dicodusport.fr\/blog\/"},{"@type":"ListItem","position":2,"name":"Dans un mouchoir de poche, Marco Odermatt remporte le premier Super-G de l&rsquo;hiver \u00e0 Copper Mountain"}]},{"@type":"WebSite","@id":"https:\/\/dicodusport.fr\/blog\/#website","url":"https:\/\/dicodusport.fr\/blog\/","name":"Dicodusport","description":"L&#039;encyclop\u00e9die de l&#039;actualit\u00e9 sportive","publisher":{"@id":"https:\/\/dicodusport.fr\/blog\/#organization"},"potentialAction":[{"@type":"SearchAction","target":{"@type":"EntryPoint","urlTemplate":"https:\/\/dicodusport.fr\/blog\/?s={search_term_string}"},"query-input":{"@type":"PropertyValueSpecification","valueRequired":true,"valueName":"search_term_string"}}],"inLanguage":"fr-FR"},{"@type":"NewsMediaOrganization","@id":"https:\/\/dicodusport.fr\/blog\/#organization","name":"Dicodusport","url":"https:\/\/dicodusport.fr\/blog\/","logo":{"@type":"ImageObject","inLanguage":"fr-FR","@id":"https:\/\/dicodusport.fr\/blog\/#\/schema\/logo\/image\/","url":"https:\/\/dicodusport.fr\/blog\/wp-content\/uploads\/2020\/06\/cropped-LOGO-DICODUSPORT-2020-SANS-FOND-SANS-TEXTE.png","contentUrl":"https:\/\/dicodusport.fr\/blog\/wp-content\/uploads\/2020\/06\/cropped-LOGO-DICODUSPORT-2020-SANS-FOND-SANS-TEXTE.png","width":512,"height":512,"caption":"Dicodusport"},"image":{"@id":"https:\/\/dicodusport.fr\/blog\/#\/schema\/logo\/image\/"},"sameAs":["https:\/\/www.facebook.com\/dicodusport","https:\/\/x.com\/dicodusport","https:\/\/www.instagram.com\/dicodusport\/","https:\/\/www.youtube.com\/channel\/UC7V2KZ5sd3htJivAbA4ZG3w"],"description":"Dicodusport est l'encyclop\u00e9die de l'actualit\u00e9 sportive.","email":"bonjour@dicodusport.fr","legalName":"DICODUSPORT","foundingDate":"2018-01-14","vatID":"FR71834470973","taxID":"83447097300043","numberOfEmployees":{"@type":"QuantitativeValue","minValue":"1","maxValue":"10"}},{"@type":"Person","@id":"https:\/\/dicodusport.fr\/blog\/#\/schema\/person\/37def232098a7a5cbab3974a3690abb0","name":"Maxime Cazenave","image":{"@type":"ImageObject","inLanguage":"fr-FR","@id":"https:\/\/dicodusport.fr\/blog\/#\/schema\/person\/image\/","url":"https:\/\/dicodusport.fr\/blog\/wp-content\/uploads\/2021\/05\/Maxime-Cazenave-150x150.jpg","contentUrl":"https:\/\/dicodusport.fr\/blog\/wp-content\/uploads\/2021\/05\/Maxime-Cazenave-150x150.jpg","caption":"Maxime Cazenave"},"description":"Journaliste\/R\u00e9dacteur depuis 2012 - Berc\u00e9 par l\u2019amour des Girondins de Bordeaux, les \u00e9checs de Christophe Moreau sur le Tour de France sous l'\u00e8re Lance Armstrong et le fade-away l\u00e9tal de Dirk Nowitzki, ma passion d\u00e9vorante pour le sport a toujours \u00e9t\u00e9 un pan incontournable de ma vie. Transmettre ma passion \u00e0 l\u2019\u00e9crit a \u00e9t\u00e9 une transition naturelle. Suiveur assidu de basket et de hockey sur glace, je garde toujours un peu de place pour suivre le cyclisme, le football et le maximum de performances fran\u00e7aises.","sameAs":["https:\/\/x.com\/https:\/\/twitter.com\/Maxime_Caze"],"url":"https:\/\/dicodusport.fr\/blog\/author\/maximec\/"}]}},"_links":{"self":[{"href":"https:\/\/dicodusport.fr\/blog\/wp-json\/wp\/v2\/posts\/628296","targetHints":{"allow":["GET"]}}],"collection":[{"href":"https:\/\/dicodusport.fr\/blog\/wp-json\/wp\/v2\/posts"}],"about":[{"href":"https:\/\/dicodusport.fr\/blog\/wp-json\/wp\/v2\/types\/post"}],"author":[{"embeddable":true,"href":"https:\/\/dicodusport.fr\/blog\/wp-json\/wp\/v2\/users\/55"}],"replies":[{"embeddable":true,"href":"https:\/\/dicodusport.fr\/blog\/wp-json\/wp\/v2\/comments?post=628296"}],"version-history":[{"count":5,"href":"https:\/\/dicodusport.fr\/blog\/wp-json\/wp\/v2\/posts\/628296\/revisions"}],"predecessor-version":[{"id":628331,"href":"https:\/\/dicodusport.fr\/blog\/wp-json\/wp\/v2\/posts\/628296\/revisions\/628331"}],"wp:featuredmedia":[{"embeddable":true,"href":"https:\/\/dicodusport.fr\/blog\/wp-json\/wp\/v2\/media\/628319"}],"wp:attachment":[{"href":"https:\/\/dicodusport.fr\/blog\/wp-json\/wp\/v2\/media?parent=628296"}],"wp:term":[{"taxonomy":"category","embeddable":true,"href":"https:\/\/dicodusport.fr\/blog\/wp-json\/wp\/v2\/categories?post=628296"},{"taxonomy":"post_tag","embeddable":true,"href":"https:\/\/dicodusport.fr\/blog\/wp-json\/wp\/v2\/tags?post=628296"}],"curies":[{"name":"wp","href":"https:\/\/api.w.org\/{rel}","templated":true}]}}