{"id":628823,"date":"2025-11-29T16:35:48","date_gmt":"2025-11-29T15:35:48","guid":{"rendered":"https:\/\/dicodusport.fr\/blog\/?p=628823&#038;preview=true&#038;preview_id=628823"},"modified":"2025-11-29T23:30:04","modified_gmt":"2025-11-29T22:30:04","slug":"la-france-ouvre-son-compteur-aux-championnats-du-monde-de-karate-nohan-dudon-se-pare-dor","status":"publish","type":"post","link":"https:\/\/dicodusport.fr\/blog\/la-france-ouvre-son-compteur-aux-championnats-du-monde-de-karate-nohan-dudon-se-pare-dor\/","title":{"rendered":"La France ouvre son compteur aux championnats du monde de karat\u00e9, Nohan Dudon se pare d&rsquo;or !"},"content":{"rendered":"<p style=\"text-align: justify;\"><strong><em>CHAMPIONNATS DU MONDE DE KARAT\u00c9 2025 &#8211; Ce samedi, Nohan Dudon a ouvert le palmar\u00e8s des Bleus au Caire en d\u00e9crochant la m\u00e9daille d&rsquo;or en kata d\u00e9ficient visuel.<\/em><\/strong><\/p>\n<ul style=\"text-align: justify;\">\n<li style=\"text-align: justify;\"><strong>\u00c0 ce sujet &#8211; <a href=\"https:\/\/dicodusport.fr\/blog\/programme-et-resultats-mondiaux-de-karate-et-para-karate-2025\/\">Programme et r\u00e9sultats Mondiaux de karat\u00e9 et para-karat\u00e9 2025<\/a><\/strong><\/li>\n<\/ul>\n<p style=\"text-align: justify;\">Apr\u00e8s deux premi\u00e8res journ\u00e9es d\u00e9di\u00e9es \u00e0 l&rsquo;avanc\u00e9e des diff\u00e9rents tableaux, le week-end des <strong>championnats du monde de karat\u00e9<\/strong> \u00e9tait r\u00e9serv\u00e9 aux finales (\u00e0 l&rsquo;exception des quarts de finale en kata). Ce samedi, les \u00e9preuves de <strong>para-karat\u00e9<\/strong> \u00e9taient \u00e0 l&rsquo;honneur avec plusieurs belles cartes \u00e0 jouer c\u00f4t\u00e9 tricolore.<\/p>\n<h2 style=\"text-align: justify;\">Nohan Dudon sur le toit du monde<\/h2>\n<p style=\"text-align: justify;\"><a href=\"https:\/\/dicodusport.fr\/blog\/championnats-deurope-de-karate-2025-les-bleus-terminent-en-beaute-avec-six-medailles\/\">Double champion d&rsquo;Europe en titre,<\/a> <strong>Nohan Dudon<\/strong> repr\u00e9sentait naturellement le plus grand espoir de m\u00e9daille pour le collectif. Revanchard, le Fran\u00e7ais a troqu\u00e9 le <a href=\"https:\/\/dicodusport.fr\/blog\/championnats-du-monde-para-karate-2023-nohan-dudon-et-virginie-boyer-en-bronze\/\">bronze acquis en 2023 \u00e0 Budapest<\/a> pour la plus belle des r\u00e9compenses. Auteur d&rsquo;un tournoi sans accroc en kata d\u00e9ficient visuel K10, il a conclu son r\u00e9cital en finale en dominant son adversaire, le Japonais <strong>Toshihiro Imai<\/strong>, d&rsquo;un souffle (43,3 contre 43,1). Un \u00e9cart infime, mais suffisant pour s&rsquo;offrir un <strong>premier titre mondial \u00e0 24 ans<\/strong>. Une performance remarquable qui le confirme comme le leader de cette \u00e9quipe de France de para-karat\u00e9.<\/p>\n<blockquote class=\"twitter-tweet\">\n<p dir=\"ltr\" lang=\"fr\">\ud835\udddf\ud835\uddd4 \ud835\uddd9\ud835\udde8\ud835\udde6\ud835\uddd8\u0301\ud835\uddd8 \ud835\uddd7\ud835\udde8\ud835\uddd7\ud835\udde2\ud835\udde1<br \/>\nMais quelle ann\u00e9e pour Nohan Dudon ! \ud835\uddd7\ud835\uddf2\u0301\ud835\uddf7\ud835\uddee\u0300 \ud835\uddf1\ud835\uddfc\ud835\ude02\ud835\uddef\ud835\uddf9\ud835\uddf2 \ud835\uddf0\ud835\uddf5\ud835\uddee\ud835\uddfa\ud835\uddfd\ud835\uddf6\ud835\uddfc\ud835\uddfb \ud835\uddf1\u2019\ud835\uddd8\ud835\ude02\ud835\uddff\ud835\uddfc\ud835\uddfd\ud835\uddf2 \ud835\uddf2\ud835\uddfb \ud835\ude01\ud835\uddf6\ud835\ude01\ud835\uddff\ud835\uddf2, le Sarcellois vient doubler la mise \ud835\uddf2\ud835\uddfb \ud835\ude00\u2019\ud835\uddfc\ud835\uddf3\ud835\uddf3\ud835\uddff\ud835\uddee\ud835\uddfb\ud835\ude01 \ud835\uddf9\ud835\uddf2 \ud835\ude01\ud835\uddf6\ud835\ude01\ud835\uddff\ud835\uddf2 \ud835\uddfa\ud835\uddfc\ud835\uddfb\ud835\uddf1\ud835\uddf6\ud835\uddee\ud835\uddf9. \ud835\udde0\ud835\uddee\ud835\uddf4\ud835\uddf6\ud835\ude00\ud835\ude01\ud835\uddff\ud835\uddee\ud835\uddf9 \ud83e\udd79\u2728<\/p>\n<p>\u00a9\ufe0f FFK <a href=\"https:\/\/t.co\/IxGGLpj1YR\">pic.twitter.com\/IxGGLpj1YR<\/a><\/p>\n<p>\u2014 FFKarat\u00e9 (@ffkarate) <a href=\"https:\/\/twitter.com\/ffkarate\/status\/1994768202304204948?ref_src=twsrc%5Etfw\">November 29, 2025<\/a><\/p><\/blockquote>\n<p><script async src=\"https:\/\/platform.twitter.com\/widgets.js\" charset=\"utf-8\"><\/script><\/p>\n<p style=\"text-align: justify;\">Ses compatriotes n&rsquo;ont en revanche pas connu le m\u00eame succ\u00e8s. <strong>Alexandre Schoegel<\/strong> et <strong>Jordan Fonteney<\/strong> ont \u00e9t\u00e9 \u00e9limin\u00e9s d\u00e8s le d\u00e9but du tournoi, tandis que <strong>Charlene Odin<\/strong> n&rsquo;a pas d\u00e9pass\u00e9 le stade des quarts. Seule l&rsquo;exp\u00e9riment\u00e9e <strong>Virginie Boyer<\/strong> est pass\u00e9e proche de d\u00e9crocher le bronze, comme il y a deux ans. H\u00e9las, la Fran\u00e7aise s&rsquo;est inclin\u00e9e en petite finale et termine au pied du podium.<\/p>\n<p style=\"text-align: justify;\">Demain, les championnats du monde se cl\u00f4tureront avec les finales de kata et de kumite. Unique rescap\u00e9e parmi les dix Tricolores initialement en lice, <strong>Thalya Somb\u00e9<\/strong> a d\u00e9j\u00e0 assur\u00e9 sa premi\u00e8re mondiale en Senior, et elle tentera d&rsquo;obtenir son premier titre. <a href=\"https:\/\/dicodusport.fr\/blog\/karate-1-premier-league-paris-thalya-sombe-conserve-sa-couronne-sydney-yvon-en-bronze\/\">Double tenante en titre de la Karat\u00e9 1 Premier League de Paris<\/a>, mais aussi <a href=\"https:\/\/dicodusport.fr\/blog\/karate-1-premier-league-thalya-sombe-rafle-sa-premiere-victoire-a-rabat\/\">victorieuse \u00e0 Rabat d\u00e9but juin<\/a>, la prodige du karat\u00e9 fran\u00e7ais repr\u00e9sente le dernier espoir tricolore au Caire.<\/p>\n","protected":false},"excerpt":{"rendered":"<p>CHAMPIONNATS DU MONDE DE KARAT\u00c9 2025 &#8211; Ce samedi, Nohan Dudon a ouvert le palmar\u00e8s des Bleus au Caire en d\u00e9crochant la m\u00e9daille d&rsquo;or en kata d\u00e9ficient visuel.<\/p>\n","protected":false},"author":55,"featured_media":628832,"comment_status":"open","ping_status":"closed","sticky":false,"template":"","format":"standard","meta":{"_acf_changed":false,"_daextam_enable_autolinks":"1","footnotes":""},"categories":[5753,9969],"tags":[16878,3040,537,23755],"class_list":["post-628823","post","type-post","status-publish","format-standard","has-post-thumbnail","hentry","category-handisport","category-karate","tag-breve","tag-championnats-du-monde","tag-karate","tag-para-karate"],"acf":[],"yoast_head":"<!-- This site is optimized with the Yoast SEO Premium plugin v26.7 (Yoast SEO v26.7) - https:\/\/yoast.com\/wordpress\/plugins\/seo\/ -->\n<title>La France ouvre son compteur aux championnats du monde de karat\u00e9, Nohan Dudon se pare d&#039;or !<\/title>\n<meta name=\"description\" content=\"CHAMPIONNATS DU MONDE DE KARAT\u00c9 2025 - Nohan Dudon a ouvert le palmar\u00e8s des Bleus au Caire en d\u00e9crochant la m\u00e9daille d&#039;or.\" \/>\n<meta name=\"robots\" content=\"index, follow, max-snippet:-1, max-image-preview:large, max-video-preview:-1\" \/>\n<link rel=\"canonical\" href=\"https:\/\/dicodusport.fr\/blog\/la-france-ouvre-son-compteur-aux-championnats-du-monde-de-karate-nohan-dudon-se-pare-dor\/\" \/>\n<meta property=\"og:locale\" content=\"fr_FR\" \/>\n<meta property=\"og:type\" content=\"article\" \/>\n<meta property=\"og:title\" content=\"La France ouvre son compteur aux championnats du monde de karat\u00e9, Nohan Dudon se pare d&#039;or !\" \/>\n<meta property=\"og:description\" content=\"CHAMPIONNATS DU MONDE DE KARAT\u00c9 2025 - Nohan Dudon a ouvert le palmar\u00e8s des Bleus au Caire en d\u00e9crochant la m\u00e9daille d&#039;or.\" \/>\n<meta property=\"og:url\" content=\"https:\/\/dicodusport.fr\/blog\/la-france-ouvre-son-compteur-aux-championnats-du-monde-de-karate-nohan-dudon-se-pare-dor\/\" \/>\n<meta property=\"og:site_name\" content=\"Dicodusport\" \/>\n<meta property=\"article:publisher\" content=\"https:\/\/www.facebook.com\/dicodusport\" \/>\n<meta property=\"article:published_time\" content=\"2025-11-29T15:35:48+00:00\" \/>\n<meta property=\"article:modified_time\" content=\"2025-11-29T22:30:04+00:00\" \/>\n<meta property=\"og:image\" content=\"https:\/\/dicodusport.fr\/blog\/wp-content\/uploads\/2025\/11\/La-France-ouvre-son-compteur-aux-championnats-du-monde-de-karate-Nohan-Dudon-se-pare-dor-.png\" \/>\n\t<meta property=\"og:image:width\" content=\"1200\" \/>\n\t<meta property=\"og:image:height\" content=\"674\" \/>\n\t<meta property=\"og:image:type\" content=\"image\/png\" \/>\n<meta name=\"author\" content=\"Maxime Cazenave\" \/>\n<meta name=\"twitter:card\" content=\"summary_large_image\" \/>\n<meta name=\"twitter:title\" content=\"La France ouvre son compteur aux championnats du monde de karat\u00e9, Nohan Dudon se pare d&#039;or !\" \/>\n<meta name=\"twitter:creator\" content=\"@https:\/\/twitter.com\/Maxime_Caze\" \/>\n<meta name=\"twitter:site\" content=\"@dicodusport\" \/>\n<script type=\"application\/ld+json\" class=\"yoast-schema-graph\">{\"@context\":\"https:\/\/schema.org\",\"@graph\":[{\"@type\":\"NewsArticle\",\"@id\":\"https:\/\/dicodusport.fr\/blog\/la-france-ouvre-son-compteur-aux-championnats-du-monde-de-karate-nohan-dudon-se-pare-dor\/#article\",\"isPartOf\":{\"@id\":\"https:\/\/dicodusport.fr\/blog\/la-france-ouvre-son-compteur-aux-championnats-du-monde-de-karate-nohan-dudon-se-pare-dor\/\"},\"author\":{\"name\":\"Maxime Cazenave\",\"@id\":\"https:\/\/dicodusport.fr\/blog\/#\/schema\/person\/37def232098a7a5cbab3974a3690abb0\"},\"headline\":\"La France ouvre son compteur aux championnats du monde de karat\u00e9, Nohan Dudon se pare d&rsquo;or !\",\"datePublished\":\"2025-11-29T15:35:48+00:00\",\"dateModified\":\"2025-11-29T22:30:04+00:00\",\"mainEntityOfPage\":{\"@id\":\"https:\/\/dicodusport.fr\/blog\/la-france-ouvre-son-compteur-aux-championnats-du-monde-de-karate-nohan-dudon-se-pare-dor\/\"},\"wordCount\":405,\"commentCount\":0,\"publisher\":{\"@id\":\"https:\/\/dicodusport.fr\/blog\/#organization\"},\"image\":{\"@id\":\"https:\/\/dicodusport.fr\/blog\/la-france-ouvre-son-compteur-aux-championnats-du-monde-de-karate-nohan-dudon-se-pare-dor\/#primaryimage\"},\"thumbnailUrl\":\"https:\/\/dicodusport.fr\/blog\/wp-content\/uploads\/2025\/11\/La-France-ouvre-son-compteur-aux-championnats-du-monde-de-karate-Nohan-Dudon-se-pare-dor-.png\",\"keywords\":[\"br\u00e8ve\",\"Championnats du Monde\",\"Karat\u00e9\",\"Para karat\u00e9\"],\"articleSection\":[\"Handisport\",\"Karat\u00e9\"],\"inLanguage\":\"fr-FR\",\"potentialAction\":[{\"@type\":\"CommentAction\",\"name\":\"Comment\",\"target\":[\"https:\/\/dicodusport.fr\/blog\/la-france-ouvre-son-compteur-aux-championnats-du-monde-de-karate-nohan-dudon-se-pare-dor\/#respond\"]}],\"copyrightYear\":\"2025\",\"copyrightHolder\":{\"@id\":\"https:\/\/dicodusport.fr\/blog\/#organization\"}},{\"@type\":\"WebPage\",\"@id\":\"https:\/\/dicodusport.fr\/blog\/la-france-ouvre-son-compteur-aux-championnats-du-monde-de-karate-nohan-dudon-se-pare-dor\/\",\"url\":\"https:\/\/dicodusport.fr\/blog\/la-france-ouvre-son-compteur-aux-championnats-du-monde-de-karate-nohan-dudon-se-pare-dor\/\",\"name\":\"La France ouvre son compteur aux championnats du monde de karat\u00e9, Nohan Dudon se pare d'or !\",\"isPartOf\":{\"@id\":\"https:\/\/dicodusport.fr\/blog\/#website\"},\"primaryImageOfPage\":{\"@id\":\"https:\/\/dicodusport.fr\/blog\/la-france-ouvre-son-compteur-aux-championnats-du-monde-de-karate-nohan-dudon-se-pare-dor\/#primaryimage\"},\"image\":{\"@id\":\"https:\/\/dicodusport.fr\/blog\/la-france-ouvre-son-compteur-aux-championnats-du-monde-de-karate-nohan-dudon-se-pare-dor\/#primaryimage\"},\"thumbnailUrl\":\"https:\/\/dicodusport.fr\/blog\/wp-content\/uploads\/2025\/11\/La-France-ouvre-son-compteur-aux-championnats-du-monde-de-karate-Nohan-Dudon-se-pare-dor-.png\",\"datePublished\":\"2025-11-29T15:35:48+00:00\",\"dateModified\":\"2025-11-29T22:30:04+00:00\",\"description\":\"CHAMPIONNATS DU MONDE DE KARAT\u00c9 2025 - Nohan Dudon a ouvert le palmar\u00e8s des Bleus au Caire en d\u00e9crochant la m\u00e9daille d'or.\",\"breadcrumb\":{\"@id\":\"https:\/\/dicodusport.fr\/blog\/la-france-ouvre-son-compteur-aux-championnats-du-monde-de-karate-nohan-dudon-se-pare-dor\/#breadcrumb\"},\"inLanguage\":\"fr-FR\",\"potentialAction\":[{\"@type\":\"ReadAction\",\"target\":[\"https:\/\/dicodusport.fr\/blog\/la-france-ouvre-son-compteur-aux-championnats-du-monde-de-karate-nohan-dudon-se-pare-dor\/\"]}]},{\"@type\":\"ImageObject\",\"inLanguage\":\"fr-FR\",\"@id\":\"https:\/\/dicodusport.fr\/blog\/la-france-ouvre-son-compteur-aux-championnats-du-monde-de-karate-nohan-dudon-se-pare-dor\/#primaryimage\",\"url\":\"https:\/\/dicodusport.fr\/blog\/wp-content\/uploads\/2025\/11\/La-France-ouvre-son-compteur-aux-championnats-du-monde-de-karate-Nohan-Dudon-se-pare-dor-.png\",\"contentUrl\":\"https:\/\/dicodusport.fr\/blog\/wp-content\/uploads\/2025\/11\/La-France-ouvre-son-compteur-aux-championnats-du-monde-de-karate-Nohan-Dudon-se-pare-dor-.png\",\"width\":1200,\"height\":674,\"caption\":\"La France ouvre son compteur aux championnats du monde de karat\u00e9, Nohan Dudon se pare d'or !\"},{\"@type\":\"BreadcrumbList\",\"@id\":\"https:\/\/dicodusport.fr\/blog\/la-france-ouvre-son-compteur-aux-championnats-du-monde-de-karate-nohan-dudon-se-pare-dor\/#breadcrumb\",\"itemListElement\":[{\"@type\":\"ListItem\",\"position\":1,\"name\":\"Accueil\",\"item\":\"https:\/\/dicodusport.fr\/blog\/\"},{\"@type\":\"ListItem\",\"position\":2,\"name\":\"La France ouvre son compteur aux championnats du monde de karat\u00e9, Nohan Dudon se pare d&rsquo;or !\"}]},{\"@type\":\"WebSite\",\"@id\":\"https:\/\/dicodusport.fr\/blog\/#website\",\"url\":\"https:\/\/dicodusport.fr\/blog\/\",\"name\":\"Dicodusport\",\"description\":\"L&#039;encyclop\u00e9die de l&#039;actualit\u00e9 sportive\",\"publisher\":{\"@id\":\"https:\/\/dicodusport.fr\/blog\/#organization\"},\"potentialAction\":[{\"@type\":\"SearchAction\",\"target\":{\"@type\":\"EntryPoint\",\"urlTemplate\":\"https:\/\/dicodusport.fr\/blog\/?s={search_term_string}\"},\"query-input\":{\"@type\":\"PropertyValueSpecification\",\"valueRequired\":true,\"valueName\":\"search_term_string\"}}],\"inLanguage\":\"fr-FR\"},{\"@type\":\"NewsMediaOrganization\",\"@id\":\"https:\/\/dicodusport.fr\/blog\/#organization\",\"name\":\"Dicodusport\",\"url\":\"https:\/\/dicodusport.fr\/blog\/\",\"logo\":{\"@type\":\"ImageObject\",\"inLanguage\":\"fr-FR\",\"@id\":\"https:\/\/dicodusport.fr\/blog\/#\/schema\/logo\/image\/\",\"url\":\"https:\/\/dicodusport.fr\/blog\/wp-content\/uploads\/2020\/06\/cropped-LOGO-DICODUSPORT-2020-SANS-FOND-SANS-TEXTE.png\",\"contentUrl\":\"https:\/\/dicodusport.fr\/blog\/wp-content\/uploads\/2020\/06\/cropped-LOGO-DICODUSPORT-2020-SANS-FOND-SANS-TEXTE.png\",\"width\":512,\"height\":512,\"caption\":\"Dicodusport\"},\"image\":{\"@id\":\"https:\/\/dicodusport.fr\/blog\/#\/schema\/logo\/image\/\"},\"sameAs\":[\"https:\/\/www.facebook.com\/dicodusport\",\"https:\/\/x.com\/dicodusport\",\"https:\/\/www.instagram.com\/dicodusport\/\",\"https:\/\/www.youtube.com\/channel\/UC7V2KZ5sd3htJivAbA4ZG3w\"],\"description\":\"Dicodusport est l'encyclop\u00e9die de l'actualit\u00e9 sportive.\",\"email\":\"bonjour@dicodusport.fr\",\"legalName\":\"DICODUSPORT\",\"foundingDate\":\"2018-01-14\",\"vatID\":\"FR71834470973\",\"taxID\":\"83447097300043\",\"numberOfEmployees\":{\"@type\":\"QuantitativeValue\",\"minValue\":\"1\",\"maxValue\":\"10\"}},{\"@type\":\"Person\",\"@id\":\"https:\/\/dicodusport.fr\/blog\/#\/schema\/person\/37def232098a7a5cbab3974a3690abb0\",\"name\":\"Maxime Cazenave\",\"image\":{\"@type\":\"ImageObject\",\"inLanguage\":\"fr-FR\",\"@id\":\"https:\/\/dicodusport.fr\/blog\/#\/schema\/person\/image\/\",\"url\":\"https:\/\/dicodusport.fr\/blog\/wp-content\/uploads\/2021\/05\/Maxime-Cazenave-150x150.jpg\",\"contentUrl\":\"https:\/\/dicodusport.fr\/blog\/wp-content\/uploads\/2021\/05\/Maxime-Cazenave-150x150.jpg\",\"caption\":\"Maxime Cazenave\"},\"description\":\"Journaliste\/R\u00e9dacteur depuis 2012 - Berc\u00e9 par l\u2019amour des Girondins de Bordeaux, les \u00e9checs de Christophe Moreau sur le Tour de France sous l'\u00e8re Lance Armstrong et le fade-away l\u00e9tal de Dirk Nowitzki, ma passion d\u00e9vorante pour le sport a toujours \u00e9t\u00e9 un pan incontournable de ma vie. Transmettre ma passion \u00e0 l\u2019\u00e9crit a \u00e9t\u00e9 une transition naturelle. Suiveur assidu de basket et de hockey sur glace, je garde toujours un peu de place pour suivre le cyclisme, le football et le maximum de performances fran\u00e7aises.\",\"sameAs\":[\"https:\/\/x.com\/https:\/\/twitter.com\/Maxime_Caze\"],\"url\":\"https:\/\/dicodusport.fr\/blog\/author\/maximec\/\"}]}<\/script>\n<!-- \/ Yoast SEO Premium plugin. -->","yoast_head_json":{"title":"La France ouvre son compteur aux championnats du monde de karat\u00e9, Nohan Dudon se pare d'or !","description":"CHAMPIONNATS DU MONDE DE KARAT\u00c9 2025 - Nohan Dudon a ouvert le palmar\u00e8s des Bleus au Caire en d\u00e9crochant la m\u00e9daille d'or.","robots":{"index":"index","follow":"follow","max-snippet":"max-snippet:-1","max-image-preview":"max-image-preview:large","max-video-preview":"max-video-preview:-1"},"canonical":"https:\/\/dicodusport.fr\/blog\/la-france-ouvre-son-compteur-aux-championnats-du-monde-de-karate-nohan-dudon-se-pare-dor\/","og_locale":"fr_FR","og_type":"article","og_title":"La France ouvre son compteur aux championnats du monde de karat\u00e9, Nohan Dudon se pare d'or !","og_description":"CHAMPIONNATS DU MONDE DE KARAT\u00c9 2025 - Nohan Dudon a ouvert le palmar\u00e8s des Bleus au Caire en d\u00e9crochant la m\u00e9daille d'or.","og_url":"https:\/\/dicodusport.fr\/blog\/la-france-ouvre-son-compteur-aux-championnats-du-monde-de-karate-nohan-dudon-se-pare-dor\/","og_site_name":"Dicodusport","article_publisher":"https:\/\/www.facebook.com\/dicodusport","article_published_time":"2025-11-29T15:35:48+00:00","article_modified_time":"2025-11-29T22:30:04+00:00","og_image":[{"width":1200,"height":674,"url":"https:\/\/dicodusport.fr\/blog\/wp-content\/uploads\/2025\/11\/La-France-ouvre-son-compteur-aux-championnats-du-monde-de-karate-Nohan-Dudon-se-pare-dor-.png","type":"image\/png"}],"author":"Maxime Cazenave","twitter_card":"summary_large_image","twitter_title":"La France ouvre son compteur aux championnats du monde de karat\u00e9, Nohan Dudon se pare d'or !","twitter_creator":"@https:\/\/twitter.com\/Maxime_Caze","twitter_site":"@dicodusport","schema":{"@context":"https:\/\/schema.org","@graph":[{"@type":"NewsArticle","@id":"https:\/\/dicodusport.fr\/blog\/la-france-ouvre-son-compteur-aux-championnats-du-monde-de-karate-nohan-dudon-se-pare-dor\/#article","isPartOf":{"@id":"https:\/\/dicodusport.fr\/blog\/la-france-ouvre-son-compteur-aux-championnats-du-monde-de-karate-nohan-dudon-se-pare-dor\/"},"author":{"name":"Maxime Cazenave","@id":"https:\/\/dicodusport.fr\/blog\/#\/schema\/person\/37def232098a7a5cbab3974a3690abb0"},"headline":"La France ouvre son compteur aux championnats du monde de karat\u00e9, Nohan Dudon se pare d&rsquo;or !","datePublished":"2025-11-29T15:35:48+00:00","dateModified":"2025-11-29T22:30:04+00:00","mainEntityOfPage":{"@id":"https:\/\/dicodusport.fr\/blog\/la-france-ouvre-son-compteur-aux-championnats-du-monde-de-karate-nohan-dudon-se-pare-dor\/"},"wordCount":405,"commentCount":0,"publisher":{"@id":"https:\/\/dicodusport.fr\/blog\/#organization"},"image":{"@id":"https:\/\/dicodusport.fr\/blog\/la-france-ouvre-son-compteur-aux-championnats-du-monde-de-karate-nohan-dudon-se-pare-dor\/#primaryimage"},"thumbnailUrl":"https:\/\/dicodusport.fr\/blog\/wp-content\/uploads\/2025\/11\/La-France-ouvre-son-compteur-aux-championnats-du-monde-de-karate-Nohan-Dudon-se-pare-dor-.png","keywords":["br\u00e8ve","Championnats du Monde","Karat\u00e9","Para karat\u00e9"],"articleSection":["Handisport","Karat\u00e9"],"inLanguage":"fr-FR","potentialAction":[{"@type":"CommentAction","name":"Comment","target":["https:\/\/dicodusport.fr\/blog\/la-france-ouvre-son-compteur-aux-championnats-du-monde-de-karate-nohan-dudon-se-pare-dor\/#respond"]}],"copyrightYear":"2025","copyrightHolder":{"@id":"https:\/\/dicodusport.fr\/blog\/#organization"}},{"@type":"WebPage","@id":"https:\/\/dicodusport.fr\/blog\/la-france-ouvre-son-compteur-aux-championnats-du-monde-de-karate-nohan-dudon-se-pare-dor\/","url":"https:\/\/dicodusport.fr\/blog\/la-france-ouvre-son-compteur-aux-championnats-du-monde-de-karate-nohan-dudon-se-pare-dor\/","name":"La France ouvre son compteur aux championnats du monde de karat\u00e9, Nohan Dudon se pare d'or !","isPartOf":{"@id":"https:\/\/dicodusport.fr\/blog\/#website"},"primaryImageOfPage":{"@id":"https:\/\/dicodusport.fr\/blog\/la-france-ouvre-son-compteur-aux-championnats-du-monde-de-karate-nohan-dudon-se-pare-dor\/#primaryimage"},"image":{"@id":"https:\/\/dicodusport.fr\/blog\/la-france-ouvre-son-compteur-aux-championnats-du-monde-de-karate-nohan-dudon-se-pare-dor\/#primaryimage"},"thumbnailUrl":"https:\/\/dicodusport.fr\/blog\/wp-content\/uploads\/2025\/11\/La-France-ouvre-son-compteur-aux-championnats-du-monde-de-karate-Nohan-Dudon-se-pare-dor-.png","datePublished":"2025-11-29T15:35:48+00:00","dateModified":"2025-11-29T22:30:04+00:00","description":"CHAMPIONNATS DU MONDE DE KARAT\u00c9 2025 - Nohan Dudon a ouvert le palmar\u00e8s des Bleus au Caire en d\u00e9crochant la m\u00e9daille d'or.","breadcrumb":{"@id":"https:\/\/dicodusport.fr\/blog\/la-france-ouvre-son-compteur-aux-championnats-du-monde-de-karate-nohan-dudon-se-pare-dor\/#breadcrumb"},"inLanguage":"fr-FR","potentialAction":[{"@type":"ReadAction","target":["https:\/\/dicodusport.fr\/blog\/la-france-ouvre-son-compteur-aux-championnats-du-monde-de-karate-nohan-dudon-se-pare-dor\/"]}]},{"@type":"ImageObject","inLanguage":"fr-FR","@id":"https:\/\/dicodusport.fr\/blog\/la-france-ouvre-son-compteur-aux-championnats-du-monde-de-karate-nohan-dudon-se-pare-dor\/#primaryimage","url":"https:\/\/dicodusport.fr\/blog\/wp-content\/uploads\/2025\/11\/La-France-ouvre-son-compteur-aux-championnats-du-monde-de-karate-Nohan-Dudon-se-pare-dor-.png","contentUrl":"https:\/\/dicodusport.fr\/blog\/wp-content\/uploads\/2025\/11\/La-France-ouvre-son-compteur-aux-championnats-du-monde-de-karate-Nohan-Dudon-se-pare-dor-.png","width":1200,"height":674,"caption":"La France ouvre son compteur aux championnats du monde de karat\u00e9, Nohan Dudon se pare d'or !"},{"@type":"BreadcrumbList","@id":"https:\/\/dicodusport.fr\/blog\/la-france-ouvre-son-compteur-aux-championnats-du-monde-de-karate-nohan-dudon-se-pare-dor\/#breadcrumb","itemListElement":[{"@type":"ListItem","position":1,"name":"Accueil","item":"https:\/\/dicodusport.fr\/blog\/"},{"@type":"ListItem","position":2,"name":"La France ouvre son compteur aux championnats du monde de karat\u00e9, Nohan Dudon se pare d&rsquo;or !"}]},{"@type":"WebSite","@id":"https:\/\/dicodusport.fr\/blog\/#website","url":"https:\/\/dicodusport.fr\/blog\/","name":"Dicodusport","description":"L&#039;encyclop\u00e9die de l&#039;actualit\u00e9 sportive","publisher":{"@id":"https:\/\/dicodusport.fr\/blog\/#organization"},"potentialAction":[{"@type":"SearchAction","target":{"@type":"EntryPoint","urlTemplate":"https:\/\/dicodusport.fr\/blog\/?s={search_term_string}"},"query-input":{"@type":"PropertyValueSpecification","valueRequired":true,"valueName":"search_term_string"}}],"inLanguage":"fr-FR"},{"@type":"NewsMediaOrganization","@id":"https:\/\/dicodusport.fr\/blog\/#organization","name":"Dicodusport","url":"https:\/\/dicodusport.fr\/blog\/","logo":{"@type":"ImageObject","inLanguage":"fr-FR","@id":"https:\/\/dicodusport.fr\/blog\/#\/schema\/logo\/image\/","url":"https:\/\/dicodusport.fr\/blog\/wp-content\/uploads\/2020\/06\/cropped-LOGO-DICODUSPORT-2020-SANS-FOND-SANS-TEXTE.png","contentUrl":"https:\/\/dicodusport.fr\/blog\/wp-content\/uploads\/2020\/06\/cropped-LOGO-DICODUSPORT-2020-SANS-FOND-SANS-TEXTE.png","width":512,"height":512,"caption":"Dicodusport"},"image":{"@id":"https:\/\/dicodusport.fr\/blog\/#\/schema\/logo\/image\/"},"sameAs":["https:\/\/www.facebook.com\/dicodusport","https:\/\/x.com\/dicodusport","https:\/\/www.instagram.com\/dicodusport\/","https:\/\/www.youtube.com\/channel\/UC7V2KZ5sd3htJivAbA4ZG3w"],"description":"Dicodusport est l'encyclop\u00e9die de l'actualit\u00e9 sportive.","email":"bonjour@dicodusport.fr","legalName":"DICODUSPORT","foundingDate":"2018-01-14","vatID":"FR71834470973","taxID":"83447097300043","numberOfEmployees":{"@type":"QuantitativeValue","minValue":"1","maxValue":"10"}},{"@type":"Person","@id":"https:\/\/dicodusport.fr\/blog\/#\/schema\/person\/37def232098a7a5cbab3974a3690abb0","name":"Maxime Cazenave","image":{"@type":"ImageObject","inLanguage":"fr-FR","@id":"https:\/\/dicodusport.fr\/blog\/#\/schema\/person\/image\/","url":"https:\/\/dicodusport.fr\/blog\/wp-content\/uploads\/2021\/05\/Maxime-Cazenave-150x150.jpg","contentUrl":"https:\/\/dicodusport.fr\/blog\/wp-content\/uploads\/2021\/05\/Maxime-Cazenave-150x150.jpg","caption":"Maxime Cazenave"},"description":"Journaliste\/R\u00e9dacteur depuis 2012 - Berc\u00e9 par l\u2019amour des Girondins de Bordeaux, les \u00e9checs de Christophe Moreau sur le Tour de France sous l'\u00e8re Lance Armstrong et le fade-away l\u00e9tal de Dirk Nowitzki, ma passion d\u00e9vorante pour le sport a toujours \u00e9t\u00e9 un pan incontournable de ma vie. Transmettre ma passion \u00e0 l\u2019\u00e9crit a \u00e9t\u00e9 une transition naturelle. Suiveur assidu de basket et de hockey sur glace, je garde toujours un peu de place pour suivre le cyclisme, le football et le maximum de performances fran\u00e7aises.","sameAs":["https:\/\/x.com\/https:\/\/twitter.com\/Maxime_Caze"],"url":"https:\/\/dicodusport.fr\/blog\/author\/maximec\/"}]}},"_links":{"self":[{"href":"https:\/\/dicodusport.fr\/blog\/wp-json\/wp\/v2\/posts\/628823","targetHints":{"allow":["GET"]}}],"collection":[{"href":"https:\/\/dicodusport.fr\/blog\/wp-json\/wp\/v2\/posts"}],"about":[{"href":"https:\/\/dicodusport.fr\/blog\/wp-json\/wp\/v2\/types\/post"}],"author":[{"embeddable":true,"href":"https:\/\/dicodusport.fr\/blog\/wp-json\/wp\/v2\/users\/55"}],"replies":[{"embeddable":true,"href":"https:\/\/dicodusport.fr\/blog\/wp-json\/wp\/v2\/comments?post=628823"}],"version-history":[{"count":5,"href":"https:\/\/dicodusport.fr\/blog\/wp-json\/wp\/v2\/posts\/628823\/revisions"}],"predecessor-version":[{"id":628987,"href":"https:\/\/dicodusport.fr\/blog\/wp-json\/wp\/v2\/posts\/628823\/revisions\/628987"}],"wp:featuredmedia":[{"embeddable":true,"href":"https:\/\/dicodusport.fr\/blog\/wp-json\/wp\/v2\/media\/628832"}],"wp:attachment":[{"href":"https:\/\/dicodusport.fr\/blog\/wp-json\/wp\/v2\/media?parent=628823"}],"wp:term":[{"taxonomy":"category","embeddable":true,"href":"https:\/\/dicodusport.fr\/blog\/wp-json\/wp\/v2\/categories?post=628823"},{"taxonomy":"post_tag","embeddable":true,"href":"https:\/\/dicodusport.fr\/blog\/wp-json\/wp\/v2\/tags?post=628823"}],"curies":[{"name":"wp","href":"https:\/\/api.w.org\/{rel}","templated":true}]}}