{"id":629484,"date":"2025-12-07T15:38:27","date_gmt":"2025-12-07T14:38:27","guid":{"rendered":"https:\/\/dicodusport.fr\/blog\/?p=629484&#038;preview=true&#038;preview_id=629484"},"modified":"2025-12-07T15:49:14","modified_gmt":"2025-12-07T14:49:14","slug":"f1-gp-dabu-dhabi-2025-programme-tv-horaires-et-resultats","status":"publish","type":"post","link":"https:\/\/dicodusport.fr\/blog\/f1-gp-dabu-dhabi-2025-programme-tv-horaires-et-resultats\/","title":{"rendered":"F1 GP d&rsquo;Abu Dhabi 2025 : Les r\u00e9sultats complets"},"content":{"rendered":"<p style=\"text-align: justify;\"><em><strong>Le Grand Prix d&rsquo;Abu Dhabi 2025 de Formule 1 se d\u00e9roulera du 5 au 7 novembre sur le circuit de Yas Marina. <\/strong><\/em><\/p>\n<p style=\"text-align: justify;\">Vingt-quatri\u00e8me et derni\u00e8re manche du championnat du monde de F1 2025, le <strong>GP d&rsquo;Abu Dhabi<\/strong> intervient apr\u00e8s vingt-trois courses d\u00e9j\u00e0 disput\u00e9es, ayant vu quatre vainqueurs diff\u00e9rents et r\u00e9cidivistes cette saison. Le classement reste ind\u00e9cis et serr\u00e9, notamment pour le titre, tr\u00e8s disput\u00e9 entre les deux pilotes McLaren et Max Verstappen.<\/p>\n<p style=\"text-align: justify;\">Retrouvez ici toutes les informations essentielles : <strong>programme complet, horaires des s\u00e9ances, diffusion TV, r\u00e9sultats en direct<\/strong>, ainsi qu\u2019un retour sur l\u2019histoire et les enjeux de cette course inscrite au calendrier 2025, saison qui touche \u00e0 sa fin et pleine de suspense.<\/p>\n<ul style=\"text-align: justify;\">\n<li style=\"text-align: justify;\"><strong>\u00c0 lire aussi \u2013 <a href=\"https:\/\/dicodusport.fr\/blog\/f1-2025-le-calendrier-complet\/\" target=\"_blank\" rel=\"noopener\">F1 2025 : le calendrier complet<\/a><\/strong><\/li>\n<\/ul>\n<h2 style=\"text-align: justify;\">Histoire du Grand Prix d&rsquo;Abu Dhabi de Formule 1<\/h2>\n<p style=\"text-align: justify;\">Le <strong>Grand Prix d\u2019Abu Dhabi<\/strong> est une manche inscrite au <strong>championnat du monde de Formule 1<\/strong> depuis 2009. Le trac\u00e9 utilis\u00e9 est le circuit de Yas Marina, situ\u00e9 sur l\u2019\u00eele de Yas, \u00e0 environ 30 minutes d\u2019Abu Dhabi. Dans l\u2019histoire, les l\u00e9gendes de la F1 moderne ont remport\u00e9 ce Grand Prix : <strong>Lewis Hamilton<\/strong> l\u2019a gagn\u00e9 5 fois avec McLaren et Mercedes (2011-McLaren, 2014, 2016, 2018, 2019), tandis que <strong>Sebastian Vettel<\/strong> compte 3 victoires avec Red Bull (2009, 2010, 2013).<\/p>\n<p style=\"text-align: justify;\"><strong>Valtteri Bottas<\/strong> s\u2019est impos\u00e9 en 2017 avec Mercedes, \u00e0 l\u2019image de <strong>Nico Rosberg<\/strong> en 2015. Plus r\u00e9cemment, <strong>Max Verstappen<\/strong> a remport\u00e9 trois des quatre derni\u00e8res \u00e9ditions (2021, 2022, 2023). Enfin, <strong>Lando Norris<\/strong> s\u2019est adjug\u00e9 l\u2019\u00e9dition 2024 avec McLaren.<\/p>\n<div class=\"vlp-link-container vlp-layout-article\"><a href=\"https:\/\/dicodusport.fr\/blog\/f1-gp-abu-dhabi-2024-lando-norris-simpose-mclaren-remporte-le-titre-constructeurs\/\" class=\"vlp-link\" title=\"F1 GP Abu Dhabi 2024 : Lando Norris s&#039;impose, McLaren remporte le titre constructeurs\"><\/a><div class=\"vlp-layout-zone-side\"><div class=\"vlp-block-4 vlp-link-image\"><img loading=\"lazy\" decoding=\"async\" style=\"max-width: 792px;\" width=\"792\" height=\"445\" src=\"https:\/\/dicodusport.fr\/blog\/wp-content\/uploads\/2024\/12\/F1-GP-Abu-Dhabi-2024-Lando-Norris-simpose-McLaren-remporte-le-titre-constructeurs-1.png\" class=\"attachment-800x445 size-800x445\" alt=\"F1 GP Abu Dhabi 2024 Lando Norris s&#039;impose, McLaren remporte le titre constructeurs (1)\" srcset=\"https:\/\/dicodusport.fr\/blog\/wp-content\/uploads\/2024\/12\/F1-GP-Abu-Dhabi-2024-Lando-Norris-simpose-McLaren-remporte-le-titre-constructeurs-1.png 1200w, https:\/\/dicodusport.fr\/blog\/wp-content\/uploads\/2024\/12\/F1-GP-Abu-Dhabi-2024-Lando-Norris-simpose-McLaren-remporte-le-titre-constructeurs-1-300x169.png 300w, https:\/\/dicodusport.fr\/blog\/wp-content\/uploads\/2024\/12\/F1-GP-Abu-Dhabi-2024-Lando-Norris-simpose-McLaren-remporte-le-titre-constructeurs-1-1024x575.png 1024w, https:\/\/dicodusport.fr\/blog\/wp-content\/uploads\/2024\/12\/F1-GP-Abu-Dhabi-2024-Lando-Norris-simpose-McLaren-remporte-le-titre-constructeurs-1-768x431.png 768w\" sizes=\"auto, (max-width: 792px) 100vw, 792px\" \/><\/div><\/div><div class=\"vlp-layout-zone-main\"><div class=\"vlp-block-0 vlp-link-title\">F1 GP Abu Dhabi 2024 : Lando Norris s'impose, McLaren remporte le titre constructeurs<\/div><div class=\"vlp-block-1 vlp-link-summary\">Lando Norris s'impose, McLaren remporte le titke<\/div><div class=\"vlp-block-2 vlp-link-button\">Lire l'article<\/div><div class=\"vlp-block-3 vlp-link-url\">dicodusport.fr<\/div><\/div><\/div>\n<h2 style=\"text-align: justify;\">Les sp\u00e9cificit\u00e9s du circuit de Yas Marina<\/h2>\n<p style=\"text-align: justify;\">Le circuit <strong>Yas Marina<\/strong> est un trac\u00e9 souvent jug\u00e9 trop simple et peu spectaculaire. Cependant, la FIA a proc\u00e9d\u00e9 \u00e0 deux modifications majeures pour am\u00e9liorer la qualit\u00e9 des courses. Ce circuit est notamment r\u00e9put\u00e9 pour sa longue ligne droite de 1,2 km et ses nombreuses zones de d\u00e9passement. Les qualifications et la course commencent de jour et se terminent de nuit, sous les projecteurs. Long de 5,281 km, il comporte 16 virages. La course se dispute sur 56 tours, soit environ 306 km. Le circuit dispose \u00e9galement de deux zones de DRS. Les spectateurs seront bien s\u00fbr pr\u00e9sents en tribunes.<\/p>\n<div id=\"attachment_184288\" style=\"width: 894px\" class=\"wp-caption aligncenter\"><img loading=\"lazy\" decoding=\"async\" aria-describedby=\"caption-attachment-184288\" class=\"wp-image-184288 size-full\" src=\"https:\/\/dicodusport.fr\/blog\/wp-content\/uploads\/2021\/12\/Circuit-Yas-Marina-Grand-Prix-dAbou-Dabi-F1.png\" alt=\"F1 - Circuit Yas Marina - Grand Prix d'Abou Dhabi\" width=\"884\" height=\"497\" srcset=\"https:\/\/dicodusport.fr\/blog\/wp-content\/uploads\/2021\/12\/Circuit-Yas-Marina-Grand-Prix-dAbou-Dabi-F1.png 884w, https:\/\/dicodusport.fr\/blog\/wp-content\/uploads\/2021\/12\/Circuit-Yas-Marina-Grand-Prix-dAbou-Dabi-F1-300x169.png 300w, https:\/\/dicodusport.fr\/blog\/wp-content\/uploads\/2021\/12\/Circuit-Yas-Marina-Grand-Prix-dAbou-Dabi-F1-768x432.png 768w\" sizes=\"auto, (max-width: 884px) 100vw, 884px\" \/><p id=\"caption-attachment-184288\" class=\"wp-caption-text\"><br \/>F1 &#8211; Circuit Yas Marina &#8211; Grand Prix d&rsquo;Abou Dhabi<\/p><\/div>\n<h2 style=\"text-align: justify;\">Pneus et m\u00e9t\u00e9o du Grand Prix d&rsquo;Abu Dhabi 2025<\/h2>\n<p style=\"text-align: justify;\">Pour le <strong>Grand Prix d&rsquo;Abu Dhabi 2025<\/strong>, l\u2019\u00e9quipementier <strong>Pirelli<\/strong> a d\u00e9voil\u00e9 une s\u00e9lection de gommes tendres : les compos\u00e9s <strong>C5<\/strong>, <strong>C4<\/strong> et <strong>C3<\/strong> (du plus tendre au plus dur). En conditions s\u00e8ches, ces pneus offriront un bon compromis entre performance et durabilit\u00e9. En cas de pluie, les \u00e9quipes utiliseront les pneumatiques <strong>interm\u00e9diaires<\/strong> (verts) et <strong>pluie extr\u00eame<\/strong> (bleus), indispensables sur piste d\u00e9tremp\u00e9e.<\/p>\n<p style=\"text-align: justify;\">C\u00f4t\u00e9 m\u00e9t\u00e9o, les pr\u00e9visions annoncent un week-end tr\u00e8s cl\u00e9ment \u00e0 Abu Dhabi : chaleur et soleil sont attendus durant les trois jours. Les temp\u00e9ratures oscilleront entre 22 et 27 \u00b0C. Autant dire que la gestion des pneumatiques et l\u2019adaptation aux conditions climatiques seront d\u00e9terminantes dans ce <strong>Grand Prix d&rsquo;Abu Dhabi 2025<\/strong>.<\/p>\n<h2 style=\"text-align: justify;\">Horaires et programme TV du Grand Prix d&rsquo;Abu Dhabi 2025 de F1<\/h2>\n<table style=\"width: 100%; border-collapse: collapse;\">\n<tbody>\n<tr>\n<td style=\"background-color: #c80502; width: 840px; text-align: center; vertical-align: middle;\" colspan=\"5\"><span style=\"color: #ffffff;\"><strong>VENDREDI 5 D\u00c9CEMBRE 2025<\/strong><\/span><\/td>\n<\/tr>\n<tr>\n<td style=\"text-align: center; vertical-align: middle; width: 20%; background-color: #000000;\"><span style=\"color: #ffffff; font-size: 0.9em;\"><strong>Horaire<\/strong><\/span><\/td>\n<td style=\"text-align: center; vertical-align: middle; width: 20.0176%; background-color: #000000;\"><span style=\"color: #ffffff;\"><span style=\"font-size: 0.9em;\"><b>\u00c9preuve<\/b><\/span><\/span><\/td>\n<td style=\"text-align: center; vertical-align: middle; width: 20%; background-color: #000000;\"><span style=\"color: #ffffff; font-size: 0.9em;\"><strong>Meilleur temps<\/strong><\/span><\/td>\n<td style=\"text-align: center; vertical-align: middle; width: 20%; background-color: #000000;\"><span style=\"color: #ffffff; font-size: 0.9em;\"><strong>Deuxi\u00e8me temps<\/strong><\/span><\/td>\n<td style=\"text-align: center; vertical-align: middle; width: 20%; background-color: #000000;\"><span style=\"color: #ffffff; font-size: 0.9em;\"><strong>Troisi\u00e8me temps<\/strong><\/span><\/td>\n<\/tr>\n<tr>\n<td style=\"text-align: center; vertical-align: middle; width: 20%;\"><strong>10H30 &#8211; 11H30<br \/>\n<\/strong><\/td>\n<td style=\"text-align: center; vertical-align: middle; width: 20.0176%;\"><strong>Essais libres 1<br \/>\n<a href=\"https:\/\/www.formula1.com\/en\/results\/2025\/races\/1276\/abu-dhabi\/practice\/1\"><span style=\"font-size: 12.8px;\"><i>R\u00e9sultats<\/i><\/span><\/a><\/strong><\/td>\n<td style=\"text-align: center; vertical-align: middle; width: 20%;\"><span style=\"font-size: 0.9em;\"><strong><img loading=\"lazy\" decoding=\"async\" class=\"\" src=\"https:\/\/media.formula1.com\/d_team_car_fallback_image.png\/content\/dam\/fom-website\/teams\/2025\/mclaren.png\" alt=\"McLaren\" width=\"100\" height=\"30\" \/><br \/>\n\ud83c\uddec\ud83c\udde7 LANDO NORRIS<br \/>\n<\/strong><span style=\"font-size: 0.8em;\">MCLAREN<br \/>\n<strong><em>1:24.485<\/em><\/strong><\/span><\/span><\/td>\n<td style=\"text-align: center; vertical-align: middle; width: 20%;\"><span style=\"font-size: 0.9em;\"><strong><img loading=\"lazy\" decoding=\"async\" class=\"\" src=\"https:\/\/media.formula1.com\/d_team_car_fallback_image.png\/content\/dam\/fom-website\/teams\/2025\/red-bull-racing.png\" alt=\"Red Bull Racing\" width=\"100\" height=\"30\" \/><br \/>\n\ud83c\uddf3\ud83c\uddf1 MAX VERSTAPPEN<br \/>\n<\/strong><span style=\"font-size: 0.8em;\">RED BULL<br \/>\n<strong><em>+0.008<\/em><\/strong><br \/>\n<\/span><\/span><\/td>\n<td style=\"text-align: center; vertical-align: middle; width: 20%;\"><span style=\"font-size: 0.9em;\"><strong><img loading=\"lazy\" decoding=\"async\" class=\"\" src=\"https:\/\/media.formula1.com\/d_team_car_fallback_image.png\/content\/dam\/fom-website\/teams\/2025\/ferrari.png\" alt=\"Ferrari\" width=\"100\" height=\"30\" \/><br \/>\n\ud83c\uddf2\ud83c\udde8 CHARLES LECLERC<br \/>\n<\/strong><span style=\"font-size: 0.8em;\">FERRARI<br \/>\n<strong><em>+0.016<\/em><\/strong><br \/>\n<\/span><\/span><\/td>\n<\/tr>\n<tr>\n<td style=\"text-align: center; vertical-align: middle; width: 20%;\"><strong>14h00 &#8211; 15h00<\/strong><\/td>\n<td style=\"text-align: center; vertical-align: middle; width: 20.0176%;\"><strong>Essais libres 2<br \/>\n<a href=\"https:\/\/www.formula1.com\/en\/results\/2025\/races\/1276\/abu-dhabi\/practice\/2\"><span style=\"font-size: 12.8px;\"><i>R\u00e9sultats<\/i><\/span><\/a><br \/>\n<\/strong><\/td>\n<td style=\"text-align: center; vertical-align: middle; width: 20%;\"><span style=\"font-size: 0.9em;\"><strong><img loading=\"lazy\" decoding=\"async\" class=\"\" src=\"https:\/\/media.formula1.com\/d_team_car_fallback_image.png\/content\/dam\/fom-website\/teams\/2025\/mclaren.png\" alt=\"McLaren\" width=\"100\" height=\"30\" \/><br \/>\n\ud83c\uddec\ud83c\udde7 LANDO NORRIS<br \/>\n<\/strong><span style=\"font-size: 0.8em;\">MCLAREN<br \/>\n<strong><em>1:23.083<\/em><\/strong><\/span><\/span><\/td>\n<td style=\"text-align: center; vertical-align: middle; width: 20%;\"><span style=\"font-size: 0.9em;\"><strong><img loading=\"lazy\" decoding=\"async\" class=\"\" src=\"https:\/\/media.formula1.com\/d_team_car_fallback_image.png\/content\/dam\/fom-website\/teams\/2025\/red-bull-racing.png\" alt=\"Red Bull Racing\" width=\"100\" height=\"30\" \/><br \/>\n\ud83c\uddf3\ud83c\uddf1 MAX VERSTAPPEN<br \/>\n<\/strong><span style=\"font-size: 0.8em;\">RED BULL<br \/>\n<strong><em>+0.363<\/em><\/strong><\/span><\/span><\/td>\n<td style=\"text-align: center; vertical-align: middle; width: 20%;\"><span style=\"font-size: 0.9em;\"><strong><img loading=\"lazy\" decoding=\"async\" class=\"\" src=\"https:\/\/media.formula1.com\/d_team_car_fallback_image.png\/content\/dam\/fom-website\/teams\/2025\/mercedes.png\" alt=\"Mercedes\" width=\"100\" height=\"30\" \/><br \/>\n\ud83c\uddec\ud83c\udde7 GEORGE RUSSELL<br \/>\n<\/strong><span style=\"font-size: 0.8em;\">MERCEDES<br \/>\n<strong><em>+0.379<\/em><\/strong><br \/>\n<\/span><\/span><\/td>\n<\/tr>\n<tr>\n<td style=\"background-color: #c80502; width: 100.018%; vertical-align: middle; text-align: center;\" colspan=\"5\"><span style=\"color: #ffffff;\"><strong>SAMEDI 6 D\u00c9CEMBRE 2025<\/strong><\/span><span style=\"color: #ffffff;\"><strong><br \/>\n<\/strong><\/span><\/td>\n<\/tr>\n<tr style=\"text-align: justify;\">\n<td style=\"text-align: center; vertical-align: middle; width: 20%; background-color: #000000;\"><span style=\"color: #ffffff; font-size: 0.9em;\"><strong>Horaire<\/strong><\/span><\/td>\n<td style=\"text-align: center; vertical-align: middle; width: 20.0176%; background-color: #000000;\"><span style=\"color: #ffffff;\"><span style=\"font-size: 0.9em;\"><b>\u00c9preuve<\/b><\/span><\/span><\/td>\n<td style=\"text-align: center; vertical-align: middle; width: 20%; background-color: #000000;\"><span style=\"color: #ffffff; font-size: 0.9em;\"><strong>Meilleur temps<\/strong><\/span><\/td>\n<td style=\"text-align: center; vertical-align: middle; width: 20%; background-color: #000000;\"><span style=\"color: #ffffff; font-size: 0.9em;\"><strong>Deuxi\u00e8me temps<\/strong><\/span><\/td>\n<td style=\"text-align: center; vertical-align: middle; width: 20%; background-color: #000000;\"><span style=\"color: #ffffff; font-size: 0.9em;\"><strong>Troisi\u00e8me temps<\/strong><\/span><\/td>\n<\/tr>\n<tr style=\"text-align: justify;\">\n<td style=\"text-align: center; vertical-align: middle; width: 20%;\"><strong>11H30 &#8211; 12h30<br \/>\n<\/strong><\/td>\n<td style=\"text-align: center; vertical-align: middle; width: 20.0176%;\"><strong>Essais libres 3<br \/>\n<a href=\"https:\/\/www.formula1.com\/en\/results\/2025\/races\/1276\/abu-dhabi\/practice\/3\"><span style=\"font-size: 12.8px;\"><i>R\u00e9sultats<\/i><\/span><\/a><br \/>\n<\/strong><\/td>\n<td style=\"text-align: center; vertical-align: middle; width: 20%;\"><span style=\"font-size: 0.9em;\"><strong><img loading=\"lazy\" decoding=\"async\" class=\"\" src=\"https:\/\/media.formula1.com\/d_team_car_fallback_image.png\/content\/dam\/fom-website\/teams\/2025\/mercedes.png\" alt=\"Mercedes\" width=\"100\" height=\"30\" \/><br \/>\n\ud83c\uddec\ud83c\udde7 GEORGE RUSSELL<br \/>\n<\/strong><span style=\"font-size: 0.8em;\">MERCEDES<br \/>\n<strong><em>1:23.334<\/em><\/strong><br \/>\n<\/span><\/span><\/td>\n<td style=\"text-align: center; vertical-align: middle; width: 20%;\"><span style=\"font-size: 0.9em;\"><strong><img loading=\"lazy\" decoding=\"async\" class=\"\" src=\"https:\/\/media.formula1.com\/d_team_car_fallback_image.png\/content\/dam\/fom-website\/teams\/2025\/mclaren.png\" alt=\"McLaren\" width=\"100\" height=\"30\" \/><br \/>\n\ud83c\uddec\ud83c\udde7 LANDO NORRIS<br \/>\n<\/strong><span style=\"font-size: 0.8em;\">MCLAREN<br \/>\n<strong><em>+0.004<\/em><\/strong><br \/>\n<\/span><\/span><\/td>\n<td style=\"text-align: center; vertical-align: middle; width: 20%;\"><span style=\"font-size: 0.9em;\"><strong><img loading=\"lazy\" decoding=\"async\" class=\"\" src=\"https:\/\/media.formula1.com\/d_team_car_fallback_image.png\/content\/dam\/fom-website\/teams\/2025\/red-bull-racing.png\" alt=\"Red Bull Racing\" width=\"100\" height=\"30\" \/><br \/>\n\ud83c\uddf3\ud83c\uddf1 MAX VERSTAPPEN<br \/>\n<\/strong><span style=\"font-size: 0.8em;\">RED BULL<br \/>\n<strong><em>+0.124<\/em><\/strong><\/span><\/span><\/td>\n<\/tr>\n<tr>\n<td style=\"text-align: center; vertical-align: middle; width: 20%;\"><strong>15H00 &#8211; 16H00<\/strong><\/td>\n<td style=\"text-align: center; vertical-align: middle; width: 20.0176%;\"><strong>Qualifications<br \/>\n<span style=\"font-size: 12.8px;\"><i><a title=\"Max Verstappen s\u2019\u00e9lancera en pole position devant Lando Norris \u00e0 Abu Dhabi\" href=\"https:\/\/dicodusport.fr\/blog\/max-verstappen-selancera-en-pole-position-devant-lando-norris-a-abu-dhabi\/\" rel=\"\">R\u00e9sum\u00e9<\/a> &#8211; <a href=\"https:\/\/www.formula1.com\/en\/results\/2025\/races\/1276\/abu-dhabi\/qualifying\">R\u00e9sultats<\/a><\/i><\/span><br \/>\n<\/strong><\/td>\n<td style=\"text-align: center; vertical-align: middle; width: 20%;\"><span style=\"font-size: 0.9em;\"><strong><img loading=\"lazy\" decoding=\"async\" class=\"\" src=\"https:\/\/media.formula1.com\/d_team_car_fallback_image.png\/content\/dam\/fom-website\/teams\/2025\/red-bull-racing.png\" alt=\"Red Bull Racing\" width=\"100\" height=\"30\" \/><br \/>\n\ud83c\uddf3\ud83c\uddf1 MAX VERSTAPPEN<br \/>\n<\/strong><span style=\"font-size: 0.8em;\">RED BULL<br \/>\n<strong><em>1:22.207<\/em><\/strong><br \/>\n<\/span><\/span><\/td>\n<td style=\"text-align: center; vertical-align: middle; width: 20%;\"><span style=\"font-size: 0.9em;\"><strong><img loading=\"lazy\" decoding=\"async\" class=\"\" src=\"https:\/\/media.formula1.com\/d_team_car_fallback_image.png\/content\/dam\/fom-website\/teams\/2025\/mclaren.png\" alt=\"McLaren\" width=\"100\" height=\"30\" \/><br \/>\n\ud83c\uddec\ud83c\udde7 LANDO NORRIS<br \/>\n<\/strong><span style=\"font-size: 0.8em;\">MCLAREN<br \/>\n<strong><em>+0.201<\/em><\/strong><\/span><\/span><\/td>\n<td style=\"text-align: center; vertical-align: middle; width: 20%;\"><span style=\"font-size: 0.9em;\"><strong><span style=\"font-size: 1.0em;\"><img loading=\"lazy\" decoding=\"async\" class=\"\" src=\"https:\/\/media.formula1.com\/d_team_car_fallback_image.png\/content\/dam\/fom-website\/teams\/2025\/mclaren.png\" alt=\"McLaren\" width=\"100\" height=\"30\" \/><\/span><br \/>\n<span style=\"font-size: 1.0em;\">\ud83c\udde6\ud83c\uddfa<\/span> OSCAR PIASTRI<br \/>\n<\/strong><span style=\"font-size: 0.8em;\">MCLAREN<br \/>\n<strong><em>+0.230<\/em><\/strong><br \/>\n<\/span><\/span><\/td>\n<\/tr>\n<tr style=\"text-align: justify;\">\n<td style=\"background-color: #c80502; width: 100.018%; text-align: center; vertical-align: middle;\" colspan=\"5\"><span style=\"color: #ffffff;\"><strong>DIMANCHE 7 D\u00c9CEMBRE 2025<\/strong><\/span><\/td>\n<\/tr>\n<tr style=\"text-align: justify;\">\n<td style=\"text-align: center; vertical-align: middle; width: 20%; background-color: #000000;\"><span style=\"color: #ffffff; font-size: 0.9em;\"><strong>Horaire<\/strong><\/span><\/td>\n<td style=\"text-align: center; vertical-align: middle; width: 20.0176%; background-color: #000000;\"><span style=\"color: #ffffff;\"><span style=\"font-size: 0.9em;\"><b>\u00c9preuve<\/b><\/span><\/span><\/td>\n<td style=\"text-align: center; vertical-align: middle; width: 20%; background-color: #000000;\"><span style=\"color: #ffffff; font-size: 0.9em;\"><strong>Premier<\/strong><\/span><\/td>\n<td style=\"text-align: center; vertical-align: middle; width: 20%; background-color: #000000;\"><span style=\"color: #ffffff; font-size: 0.9em;\"><strong>Deuxi\u00e8me<\/strong><\/span><\/td>\n<td style=\"text-align: center; vertical-align: middle; width: 20%; background-color: #000000;\"><span style=\"color: #ffffff; font-size: 0.9em;\"><strong>Troisi\u00e8me<\/strong><\/span><\/td>\n<\/tr>\n<tr style=\"text-align: justify;\">\n<td style=\"text-align: center; vertical-align: middle; width: 20%;\"><strong>14H00<br \/>\n<\/strong><\/td>\n<td style=\"text-align: center; vertical-align: middle; width: 20.0176%;\"><strong>Course<br \/>\n<span style=\"font-size: 12.8px;\"><i><a title=\"Malgr\u00e9 la victoire de Max Verstappen \u00e0 Abu Dhabi, Lando Norris est sacr\u00e9 champion du monde de Formule 1 !\" href=\"https:\/\/dicodusport.fr\/blog\/malgre-la-victoire-de-max-verstappen-a-abu-dhabi-lando-norris-est-sacre-champion-du-monde-de-formule-1\/\" rel=\"\">R\u00e9sum\u00e9<\/a> &#8211; <a title=\"F1 : Classement et r\u00e9sultats du Grand Prix d\u2019Abu Dhabi 2025\" href=\"https:\/\/dicodusport.fr\/blog\/f1-classement-et-resultats-du-grand-prix-d-abu-dhabi-2025\/\" rel=\"\">Classement<\/a><\/i><\/span><br \/>\n<\/strong><\/td>\n<td style=\"text-align: center; vertical-align: middle; width: 20%;\"><span style=\"font-size: 0.9em;\"><strong><img loading=\"lazy\" decoding=\"async\" class=\"\" src=\"https:\/\/media.formula1.com\/d_team_car_fallback_image.png\/content\/dam\/fom-website\/teams\/2025\/red-bull-racing.png\" alt=\"Red Bull Racing\" width=\"100\" height=\"30\" \/><br \/>\n\ud83c\uddf3\ud83c\uddf1 MAX VERSTAPPEN<br \/>\n<\/strong><span style=\"font-size: 0.8em;\">RED BULL<br \/>\n<strong><em>1:26:07.469<\/em><\/strong><\/span><\/span><\/td>\n<td style=\"text-align: center; vertical-align: middle; width: 20%;\"><span style=\"font-size: 0.9em;\"><strong><span style=\"font-size: 1.0em;\"><img loading=\"lazy\" decoding=\"async\" class=\"\" src=\"https:\/\/media.formula1.com\/d_team_car_fallback_image.png\/content\/dam\/fom-website\/teams\/2025\/mclaren.png\" alt=\"McLaren\" width=\"100\" height=\"30\" \/><\/span><br \/>\n<span style=\"font-size: 1.0em;\">\ud83c\udde6\ud83c\uddfa<\/span> OSCAR PIASTRI<br \/>\n<\/strong><span style=\"font-size: 0.8em;\">MCLAREN<br \/>\n<strong><em>+12.594<\/em><\/strong><\/span><\/span><\/td>\n<td style=\"text-align: center; vertical-align: middle; width: 20%;\"><span style=\"font-size: 0.9em;\"><strong><img loading=\"lazy\" decoding=\"async\" class=\"\" src=\"https:\/\/media.formula1.com\/d_team_car_fallback_image.png\/content\/dam\/fom-website\/teams\/2025\/mclaren.png\" alt=\"McLaren\" width=\"100\" height=\"30\" \/><br \/>\n\ud83c\uddec\ud83c\udde7 LANDO NORRIS<br \/>\n<\/strong><span style=\"font-size: 0.8em;\">MCLAREN<br \/>\n<strong><em>+16.572<\/em><\/strong><\/span><\/span><\/td>\n<\/tr>\n<\/tbody>\n<\/table>\n<h2 style=\"text-align: justify;\">La course au titre<\/h2>\n<p style=\"text-align: justify;\">Le <strong>Grand Prix d&rsquo;Abu Dhabi 2025<\/strong> constitue la vingt-quatri\u00e8me et derni\u00e8re manche du <strong>Championnat du monde de Formule 1<\/strong>. Cette saison, le quadruple champion en titre <strong>Max Verstappen<\/strong> a connu davantage de difficult\u00e9s que par le pass\u00e9, bien qu\u2019il ait d\u00e9j\u00e0 remport\u00e9 sept Grands Prix, dont le dernier au Qatar. Il est actuellement deuxi\u00e8me du championnat, avec 12 points de retard sur le leader et 4 points d\u2019avance sur le troisi\u00e8me.<\/p>\n<div class=\"vlp-link-container vlp-layout-article\"><a href=\"https:\/\/dicodusport.fr\/blog\/verstappen-rit-au-qatar-mclaren-se-saborde-le-titre-se-jouera-a-abu-dhabi\/\" class=\"vlp-link\" title=\"Verstappen rit au Qatar, McLaren se saborde : le titre se jouera \u00e0 Abu Dhabi !\"><\/a><div class=\"vlp-layout-zone-side\"><div class=\"vlp-block-4 vlp-link-image\"><img loading=\"lazy\" decoding=\"async\" style=\"max-width: 792px;\" width=\"792\" height=\"445\" src=\"https:\/\/dicodusport.fr\/blog\/wp-content\/uploads\/2025\/11\/Verstappen-rit-au-Qatar-McLaren-se-saborde-le-titre-se-jouera-a-Abu-Dhabi-1.png\" class=\"attachment-800x445 size-800x445\" alt=\"Verstappen rit au Qatar, McLaren se saborde le titre se jouera \u00e0 Abu Dhabi ! (1)\" srcset=\"https:\/\/dicodusport.fr\/blog\/wp-content\/uploads\/2025\/11\/Verstappen-rit-au-Qatar-McLaren-se-saborde-le-titre-se-jouera-a-Abu-Dhabi-1.png 1200w, https:\/\/dicodusport.fr\/blog\/wp-content\/uploads\/2025\/11\/Verstappen-rit-au-Qatar-McLaren-se-saborde-le-titre-se-jouera-a-Abu-Dhabi-1-300x169.png 300w, https:\/\/dicodusport.fr\/blog\/wp-content\/uploads\/2025\/11\/Verstappen-rit-au-Qatar-McLaren-se-saborde-le-titre-se-jouera-a-Abu-Dhabi-1-1024x575.png 1024w, https:\/\/dicodusport.fr\/blog\/wp-content\/uploads\/2025\/11\/Verstappen-rit-au-Qatar-McLaren-se-saborde-le-titre-se-jouera-a-Abu-Dhabi-1-768x431.png 768w\" sizes=\"auto, (max-width: 792px) 100vw, 792px\" \/><\/div><\/div><div class=\"vlp-layout-zone-main\"><div class=\"vlp-block-0 vlp-link-title\">Verstappen rit au Qatar, McLaren se saborde : le titre se jouera \u00e0 Abu Dhabi !<\/div><div class=\"vlp-block-1 vlp-link-summary\">F1 GRAND PRIX DU QATAR - Max Verstappen (Red Bull) s\u2019impose et relance le championnat, apr\u00e8s une erreur de strat\u00e9gie chez McLaren.<\/div><div class=\"vlp-block-2 vlp-link-button\">Lire l'article<\/div><div class=\"vlp-block-3 vlp-link-url\">dicodusport.fr<\/div><\/div><\/div>\n<p style=\"text-align: justify;\">La v\u00e9ritable surprise de l\u2019ann\u00e9e vient de <strong>McLaren<\/strong>, revenue au premier plan gr\u00e2ce \u00e0 son duo impressionnant. <strong>Oscar Piastri<\/strong>, pour sa troisi\u00e8me saison en Formule 1, compte d\u00e9j\u00e0 sept victoires. Son co\u00e9quipier <strong>Lando Norris<\/strong> affiche le m\u00eame total de succ\u00e8s, dont le dernier au Br\u00e9sil. Les deux pilotes en orange dominent le championnat, s\u00e9par\u00e9s par seulement 16 points, \u00e0 l\u2019avantage du Britannique. La disqualification des deux pilotes \u00e0 Las Vegas pour d\u00e9faut de fond plat a co\u00fbt\u00e9 cher et a permis au N\u00e9erlandais de revenir r\u00e9ellement dans la course au titre.<\/p>\n<div class=\"vlp-link-container vlp-layout-article\"><a href=\"https:\/\/dicodusport.fr\/blog\/norris-verstappen-ou-piastri-qui-sera-champion-du-monde-de-f1-tous-les-scenarios-pour-le-titre-mondial\/\" class=\"vlp-link\" title=\"Norris, Verstappen ou Piastri, qui sera champion du monde de F1 ? Tous les sc\u00e9narios pour le titre mondial\"><\/a><div class=\"vlp-layout-zone-side\"><div class=\"vlp-block-4 vlp-link-image\"><img loading=\"lazy\" decoding=\"async\" style=\"max-width: 792px;\" width=\"792\" height=\"445\" src=\"https:\/\/dicodusport.fr\/blog\/wp-content\/uploads\/2025\/12\/Norris-Verstappen-ou-Piastri-qui-sera-champion-du-monde-de-F1-Tous-les-scenarios-pour-le-titre-mondial.png\" class=\"attachment-800x445 size-800x445\" alt=\"Norris, Verstappen ou Piastri, qui sera champion du monde de F1 Tous les sc\u00e9narios pour le titre mondial\" srcset=\"https:\/\/dicodusport.fr\/blog\/wp-content\/uploads\/2025\/12\/Norris-Verstappen-ou-Piastri-qui-sera-champion-du-monde-de-F1-Tous-les-scenarios-pour-le-titre-mondial.png 1200w, https:\/\/dicodusport.fr\/blog\/wp-content\/uploads\/2025\/12\/Norris-Verstappen-ou-Piastri-qui-sera-champion-du-monde-de-F1-Tous-les-scenarios-pour-le-titre-mondial-300x169.png 300w, https:\/\/dicodusport.fr\/blog\/wp-content\/uploads\/2025\/12\/Norris-Verstappen-ou-Piastri-qui-sera-champion-du-monde-de-F1-Tous-les-scenarios-pour-le-titre-mondial-1024x575.png 1024w, https:\/\/dicodusport.fr\/blog\/wp-content\/uploads\/2025\/12\/Norris-Verstappen-ou-Piastri-qui-sera-champion-du-monde-de-F1-Tous-les-scenarios-pour-le-titre-mondial-768x431.png 768w\" sizes=\"auto, (max-width: 792px) 100vw, 792px\" \/><\/div><\/div><div class=\"vlp-layout-zone-main\"><div class=\"vlp-block-0 vlp-link-title\">Norris, Verstappen ou Piastri, qui sera champion du monde de F1 ? Tous les sc\u00e9narios pour le titre mondial<\/div><div class=\"vlp-block-1 vlp-link-summary\">D\u00e9couvrez tous les sc\u00e9narios possibles pour que Norris, Verstappen ou Piastri devienne champion de F1 2025 : conditions de classement, combinaisons de r\u00e9sultats et issues du championnat expliqu\u00e9es simplement.<\/div><div class=\"vlp-block-2 vlp-link-button\">Lire l'article<\/div><div class=\"vlp-block-3 vlp-link-url\">dicodusport.fr<\/div><\/div><\/div>\n<h2 style=\"text-align: justify;\">Les autres enjeux du dernier Grand Prix<\/h2>\n<p style=\"text-align: justify;\">Derri\u00e8re ce duel <strong>McLaren<\/strong> \u2013 <strong>Red Bull<\/strong>, <strong>Mercedes<\/strong> et <strong>Ferrari<\/strong> tentent de bousculer la hi\u00e9rarchie. Les deux \u00e9quipes montent r\u00e9guli\u00e8rement sur le podium, mais peinent \u00e0 transformer leurs performances en victoires. Le <em>midfield<\/em> reste tr\u00e8s anim\u00e9 avec <strong>Williams<\/strong>, <strong>Aston Martin<\/strong>, <strong>Kick Sauber<\/strong> et les <strong>Racing Bulls<\/strong>. Au classement pilotes, seulement 13 points s\u00e9parent <strong>Isack Hadjar<\/strong> (Racing Bulls), 10<sup>e<\/sup>, de son co\u00e9quipier <strong>Liam Lawson<\/strong> (Racing Bulls), 14<sup>e<\/sup>. Autrement dit, quelques unit\u00e9s suffisent \u00e0 bouleverser l\u2019ordre \u00e9tabli.<\/p>\n<p style=\"text-align: justify;\">Le rookie fran\u00e7ais <strong>Isack Hadjar<\/strong>, <a href=\"https:\/\/dicodusport.fr\/blog\/isack-hadjar-rejoint-officiellement-max-verstappen-chez-red-bull\/\">qui rejoindra Red Bull la saison prochaine<\/a>, a d&rsquo;ailleurs impressionn\u00e9 cette ann\u00e9e en marquant r\u00e9guli\u00e8rement et m\u00eame en d\u00e9crochant un podium \u00e0 Zandvoort. <strong>Esteban Ocon<\/strong> se bat avec <strong>Haas<\/strong>, qu\u2019il a rejoint cette saison, tandis que <strong>Carlos Sainz Jr.<\/strong> se relance chez <strong>Williams<\/strong> et que <strong>Lewis Hamilton<\/strong> poursuit son aventure chez <strong>Ferrari<\/strong>, dans une campagne marqu\u00e9e par de nombreux mouvements.<\/p>\n<p style=\"text-align: justify;\">La France est d\u2019ailleurs bien repr\u00e9sent\u00e9e avec trois Tricolores en piste : <strong>Isack Hadjar<\/strong>, <strong>Esteban Ocon<\/strong> et <strong>Pierre Gasly<\/strong> chez <strong>Alpine<\/strong>. En toile de fond, la <em>Silly Season 2025<\/em> a anim\u00e9 le march\u00e9 des transferts : on conna\u00eet d\u00e9sormais la plupart des pilotes engag\u00e9s pour 2026, notamment avec <a href=\"https:\/\/dicodusport.fr\/blog\/f1-lequipe-cadillac-peut-elle-briller-des-2026\/\" target=\"_blank\" rel=\"noopener\">l\u2019arriv\u00e9e tr\u00e8s attendue de <strong>Cadillac<\/strong> en Formule 1<\/a>. Il ne manque plus qu\u2019une d\u00e9cision d\u2019importance : celle du futur co\u00e9quipier de <strong>Max Verstappen<\/strong> chez <strong>Red Bull<\/strong>\u2026 Et d\u00e9j\u00e0, la saison 2027 fait parler d\u2019elle, avec la derni\u00e8re rumeur en date annon\u00e7ant <a href=\"https:\/\/dicodusport.fr\/blog\/vers-un-transfert-choc-en-f1-pourquoi-charles-leclerc-pourrait-viser-aston-martin-en-2027\/\"><strong>Charles Leclerc<\/strong> tout proche de rejoindre <strong>Aston Martin<\/strong><\/a>. Affaire \u00e0 suivre.<\/p>\n<ul>\n<li style=\"text-align: justify;\"><strong>\u00c0 ce sujet \u2013\u00a0<a href=\"https:\/\/dicodusport.fr\/blog\/championnat-du-monde-f1-2025-classement-des-pilotes-mis-a-jour\/\">F1 2025 \u2013 Classement Championnat du monde des pilotes<\/a><\/strong><\/li>\n<li style=\"text-align: justify;\"><strong>\u00c0 ce sujet \u2013\u00a0<a href=\"https:\/\/dicodusport.fr\/blog\/championnat-du-monde-f1-2025-classement-des-constructeurs\/\">F1 2025 \u2013 Classement Championnat du monde des constructeurs<\/a><\/strong><\/li>\n<\/ul>\n","protected":false},"excerpt":{"rendered":"<p>Retrouvez le programme, les informations sur la diffusion TV, les horaires et les r\u00e9sultats du Grand Prix d&rsquo;Abu Dhabi 2025 de F1.<\/p>\n","protected":false},"author":54,"featured_media":629814,"comment_status":"open","ping_status":"closed","sticky":false,"template":"","format":"standard","meta":{"_acf_changed":false,"_daextam_enable_autolinks":"1","footnotes":""},"categories":[44295,8653],"tags":[16878,3166,20735,2065,12921,20791],"class_list":["post-629484","post","type-post","status-publish","format-standard","has-post-thumbnail","hentry","category-chaine-tv","category-formule-1","tag-breve","tag-f1","tag-f1-abou-dhabi","tag-formule-1","tag-grand-prix-dabou-dhabi","tag-grand-prix-dabou-dhabi-f1"],"acf":[],"yoast_head":"<!-- This site is optimized with the Yoast SEO Premium plugin v26.7 (Yoast SEO v26.7) - https:\/\/yoast.com\/wordpress\/plugins\/seo\/ -->\n<title>F1 GP d&#039;Abu Dhabi 2025 : Les r\u00e9sultats complets<\/title>\n<meta name=\"description\" content=\"Retrouvez le programme, les informations sur la diffusion TV, les horaires et les r\u00e9sultats du Grand Prix d&#039;Abu Dhabi 2025 de F1.\" \/>\n<meta name=\"robots\" content=\"index, follow, max-snippet:-1, max-image-preview:large, max-video-preview:-1\" \/>\n<link rel=\"canonical\" href=\"https:\/\/dicodusport.fr\/blog\/f1-gp-dabu-dhabi-2025-programme-tv-horaires-et-resultats\/\" \/>\n<meta property=\"og:locale\" content=\"fr_FR\" \/>\n<meta property=\"og:type\" content=\"article\" \/>\n<meta property=\"og:title\" content=\"F1 GP d&#039;Abu Dhabi 2025 : Les r\u00e9sultats complets\" \/>\n<meta property=\"og:description\" content=\"Retrouvez le programme, les informations sur la diffusion TV, les horaires et les r\u00e9sultats du Grand Prix d&#039;Abu Dhabi 2025 de F1.\" \/>\n<meta property=\"og:url\" content=\"https:\/\/dicodusport.fr\/blog\/f1-gp-dabu-dhabi-2025-programme-tv-horaires-et-resultats\/\" \/>\n<meta property=\"og:site_name\" content=\"Dicodusport\" \/>\n<meta property=\"article:publisher\" content=\"https:\/\/www.facebook.com\/dicodusport\" \/>\n<meta property=\"article:author\" content=\"https:\/\/www.facebook.com\/roxane.lecacher\" \/>\n<meta property=\"article:published_time\" content=\"2025-12-07T14:38:27+00:00\" \/>\n<meta property=\"article:modified_time\" content=\"2025-12-07T14:49:14+00:00\" \/>\n<meta property=\"og:image\" content=\"https:\/\/dicodusport.fr\/blog\/wp-content\/uploads\/2025\/12\/F1-GP-dAbu-Dhabi-2025-Programme-TV-Horaires-et-Resultats.png\" \/>\n\t<meta property=\"og:image:width\" content=\"1200\" \/>\n\t<meta property=\"og:image:height\" content=\"674\" \/>\n\t<meta property=\"og:image:type\" content=\"image\/png\" \/>\n<meta name=\"author\" content=\"Roxane Lecacher\" \/>\n<meta name=\"twitter:card\" content=\"summary_large_image\" \/>\n<meta name=\"twitter:creator\" content=\"@dicodusport\" \/>\n<meta name=\"twitter:site\" content=\"@dicodusport\" \/>\n<script type=\"application\/ld+json\" class=\"yoast-schema-graph\">{\"@context\":\"https:\/\/schema.org\",\"@graph\":[{\"@type\":\"NewsArticle\",\"@id\":\"https:\/\/dicodusport.fr\/blog\/f1-gp-dabu-dhabi-2025-programme-tv-horaires-et-resultats\/#article\",\"isPartOf\":{\"@id\":\"https:\/\/dicodusport.fr\/blog\/f1-gp-dabu-dhabi-2025-programme-tv-horaires-et-resultats\/\"},\"author\":{\"name\":\"Roxane Lecacher\",\"@id\":\"https:\/\/dicodusport.fr\/blog\/#\/schema\/person\/819fb2545dd2715bd7c0580d6d4b411a\"},\"headline\":\"F1 GP d&rsquo;Abu Dhabi 2025 : Les r\u00e9sultats complets\",\"datePublished\":\"2025-12-07T14:38:27+00:00\",\"dateModified\":\"2025-12-07T14:49:14+00:00\",\"mainEntityOfPage\":{\"@id\":\"https:\/\/dicodusport.fr\/blog\/f1-gp-dabu-dhabi-2025-programme-tv-horaires-et-resultats\/\"},\"wordCount\":1370,\"commentCount\":0,\"publisher\":{\"@id\":\"https:\/\/dicodusport.fr\/blog\/#organization\"},\"image\":{\"@id\":\"https:\/\/dicodusport.fr\/blog\/f1-gp-dabu-dhabi-2025-programme-tv-horaires-et-resultats\/#primaryimage\"},\"thumbnailUrl\":\"https:\/\/dicodusport.fr\/blog\/wp-content\/uploads\/2025\/12\/F1-GP-dAbu-Dhabi-2025-Programme-TV-Horaires-et-Resultats.png\",\"keywords\":[\"br\u00e8ve\",\"F1\",\"F1 Abou Dhabi\",\"Formule 1\",\"Grand Prix d'Abou Dhabi\",\"Grand Prix d'Abou Dhabi F1\"],\"articleSection\":[\"Cha\u00eene TV\",\"Formule 1\"],\"inLanguage\":\"fr-FR\",\"potentialAction\":[{\"@type\":\"CommentAction\",\"name\":\"Comment\",\"target\":[\"https:\/\/dicodusport.fr\/blog\/f1-gp-dabu-dhabi-2025-programme-tv-horaires-et-resultats\/#respond\"]}],\"copyrightYear\":\"2025\",\"copyrightHolder\":{\"@id\":\"https:\/\/dicodusport.fr\/blog\/#organization\"}},{\"@type\":\"WebPage\",\"@id\":\"https:\/\/dicodusport.fr\/blog\/f1-gp-dabu-dhabi-2025-programme-tv-horaires-et-resultats\/\",\"url\":\"https:\/\/dicodusport.fr\/blog\/f1-gp-dabu-dhabi-2025-programme-tv-horaires-et-resultats\/\",\"name\":\"F1 GP d'Abu Dhabi 2025 : Les r\u00e9sultats complets\",\"isPartOf\":{\"@id\":\"https:\/\/dicodusport.fr\/blog\/#website\"},\"primaryImageOfPage\":{\"@id\":\"https:\/\/dicodusport.fr\/blog\/f1-gp-dabu-dhabi-2025-programme-tv-horaires-et-resultats\/#primaryimage\"},\"image\":{\"@id\":\"https:\/\/dicodusport.fr\/blog\/f1-gp-dabu-dhabi-2025-programme-tv-horaires-et-resultats\/#primaryimage\"},\"thumbnailUrl\":\"https:\/\/dicodusport.fr\/blog\/wp-content\/uploads\/2025\/12\/F1-GP-dAbu-Dhabi-2025-Programme-TV-Horaires-et-Resultats.png\",\"datePublished\":\"2025-12-07T14:38:27+00:00\",\"dateModified\":\"2025-12-07T14:49:14+00:00\",\"description\":\"Retrouvez le programme, les informations sur la diffusion TV, les horaires et les r\u00e9sultats du Grand Prix d'Abu Dhabi 2025 de F1.\",\"breadcrumb\":{\"@id\":\"https:\/\/dicodusport.fr\/blog\/f1-gp-dabu-dhabi-2025-programme-tv-horaires-et-resultats\/#breadcrumb\"},\"inLanguage\":\"fr-FR\",\"potentialAction\":[{\"@type\":\"ReadAction\",\"target\":[\"https:\/\/dicodusport.fr\/blog\/f1-gp-dabu-dhabi-2025-programme-tv-horaires-et-resultats\/\"]}]},{\"@type\":\"ImageObject\",\"inLanguage\":\"fr-FR\",\"@id\":\"https:\/\/dicodusport.fr\/blog\/f1-gp-dabu-dhabi-2025-programme-tv-horaires-et-resultats\/#primaryimage\",\"url\":\"https:\/\/dicodusport.fr\/blog\/wp-content\/uploads\/2025\/12\/F1-GP-dAbu-Dhabi-2025-Programme-TV-Horaires-et-Resultats.png\",\"contentUrl\":\"https:\/\/dicodusport.fr\/blog\/wp-content\/uploads\/2025\/12\/F1-GP-dAbu-Dhabi-2025-Programme-TV-Horaires-et-Resultats.png\",\"width\":1200,\"height\":674,\"caption\":\"F1 GP d'Abu Dhabi 2025 Programme TV, Horaires et R\u00e9sultats\"},{\"@type\":\"BreadcrumbList\",\"@id\":\"https:\/\/dicodusport.fr\/blog\/f1-gp-dabu-dhabi-2025-programme-tv-horaires-et-resultats\/#breadcrumb\",\"itemListElement\":[{\"@type\":\"ListItem\",\"position\":1,\"name\":\"Accueil\",\"item\":\"https:\/\/dicodusport.fr\/blog\/\"},{\"@type\":\"ListItem\",\"position\":2,\"name\":\"F1 GP d&rsquo;Abu Dhabi 2025 : Les r\u00e9sultats complets\"}]},{\"@type\":\"WebSite\",\"@id\":\"https:\/\/dicodusport.fr\/blog\/#website\",\"url\":\"https:\/\/dicodusport.fr\/blog\/\",\"name\":\"Dicodusport\",\"description\":\"L&#039;encyclop\u00e9die de l&#039;actualit\u00e9 sportive\",\"publisher\":{\"@id\":\"https:\/\/dicodusport.fr\/blog\/#organization\"},\"potentialAction\":[{\"@type\":\"SearchAction\",\"target\":{\"@type\":\"EntryPoint\",\"urlTemplate\":\"https:\/\/dicodusport.fr\/blog\/?s={search_term_string}\"},\"query-input\":{\"@type\":\"PropertyValueSpecification\",\"valueRequired\":true,\"valueName\":\"search_term_string\"}}],\"inLanguage\":\"fr-FR\"},{\"@type\":\"NewsMediaOrganization\",\"@id\":\"https:\/\/dicodusport.fr\/blog\/#organization\",\"name\":\"Dicodusport\",\"url\":\"https:\/\/dicodusport.fr\/blog\/\",\"logo\":{\"@type\":\"ImageObject\",\"inLanguage\":\"fr-FR\",\"@id\":\"https:\/\/dicodusport.fr\/blog\/#\/schema\/logo\/image\/\",\"url\":\"https:\/\/dicodusport.fr\/blog\/wp-content\/uploads\/2020\/06\/cropped-LOGO-DICODUSPORT-2020-SANS-FOND-SANS-TEXTE.png\",\"contentUrl\":\"https:\/\/dicodusport.fr\/blog\/wp-content\/uploads\/2020\/06\/cropped-LOGO-DICODUSPORT-2020-SANS-FOND-SANS-TEXTE.png\",\"width\":512,\"height\":512,\"caption\":\"Dicodusport\"},\"image\":{\"@id\":\"https:\/\/dicodusport.fr\/blog\/#\/schema\/logo\/image\/\"},\"sameAs\":[\"https:\/\/www.facebook.com\/dicodusport\",\"https:\/\/x.com\/dicodusport\",\"https:\/\/www.instagram.com\/dicodusport\/\",\"https:\/\/www.youtube.com\/channel\/UC7V2KZ5sd3htJivAbA4ZG3w\"],\"description\":\"Dicodusport est l'encyclop\u00e9die de l'actualit\u00e9 sportive.\",\"email\":\"bonjour@dicodusport.fr\",\"legalName\":\"DICODUSPORT\",\"foundingDate\":\"2018-01-14\",\"vatID\":\"FR71834470973\",\"taxID\":\"83447097300043\",\"numberOfEmployees\":{\"@type\":\"QuantitativeValue\",\"minValue\":\"1\",\"maxValue\":\"10\"}},{\"@type\":\"Person\",\"@id\":\"https:\/\/dicodusport.fr\/blog\/#\/schema\/person\/819fb2545dd2715bd7c0580d6d4b411a\",\"name\":\"Roxane Lecacher\",\"image\":{\"@type\":\"ImageObject\",\"inLanguage\":\"fr-FR\",\"@id\":\"https:\/\/dicodusport.fr\/blog\/#\/schema\/person\/image\/\",\"url\":\"https:\/\/dicodusport.fr\/blog\/wp-content\/uploads\/2021\/05\/Roxane-Lecacher-150x150.jpg\",\"contentUrl\":\"https:\/\/dicodusport.fr\/blog\/wp-content\/uploads\/2021\/05\/Roxane-Lecacher-150x150.jpg\",\"caption\":\"Roxane Lecacher\"},\"description\":\"Journaliste\/r\u00e9dactrice depuis janvier 2021 - N\u00e9e quelques jours avant la premi\u00e8re \u00e9toile des Bleus, je baigne dans une famille tr\u00e8s sportive. Je n\u2019ai eu d\u2019autres choix que de me passionner pour le sujet. Pratiquante de l\u2019athl\u00e9tisme depuis toute petite, j\u2019ai aussi un attrait tout particulier pour la Formule 1, le biathlon et le foot. Pendant les grands \u00e9v\u00e9nements, il est impossible de d\u00e9crocher de ma t\u00e9l\u00e9. C\u2019est \u00e0 travers Dicodusport que j\u2019aime d\u00e9sormais vous transmettre mes \u00e9motions et ma passion.\",\"sameAs\":[\"https:\/\/www.facebook.com\/roxane.lecacher\",\"https:\/\/fr.linkedin.com\/in\/roxane-lecacher-23368313b\"],\"url\":\"https:\/\/dicodusport.fr\/blog\/author\/roxanel\/\"}]}<\/script>\n<!-- \/ Yoast SEO Premium plugin. -->","yoast_head_json":{"title":"F1 GP d'Abu Dhabi 2025 : Les r\u00e9sultats complets","description":"Retrouvez le programme, les informations sur la diffusion TV, les horaires et les r\u00e9sultats du Grand Prix d'Abu Dhabi 2025 de F1.","robots":{"index":"index","follow":"follow","max-snippet":"max-snippet:-1","max-image-preview":"max-image-preview:large","max-video-preview":"max-video-preview:-1"},"canonical":"https:\/\/dicodusport.fr\/blog\/f1-gp-dabu-dhabi-2025-programme-tv-horaires-et-resultats\/","og_locale":"fr_FR","og_type":"article","og_title":"F1 GP d'Abu Dhabi 2025 : Les r\u00e9sultats complets","og_description":"Retrouvez le programme, les informations sur la diffusion TV, les horaires et les r\u00e9sultats du Grand Prix d'Abu Dhabi 2025 de F1.","og_url":"https:\/\/dicodusport.fr\/blog\/f1-gp-dabu-dhabi-2025-programme-tv-horaires-et-resultats\/","og_site_name":"Dicodusport","article_publisher":"https:\/\/www.facebook.com\/dicodusport","article_author":"https:\/\/www.facebook.com\/roxane.lecacher","article_published_time":"2025-12-07T14:38:27+00:00","article_modified_time":"2025-12-07T14:49:14+00:00","og_image":[{"width":1200,"height":674,"url":"https:\/\/dicodusport.fr\/blog\/wp-content\/uploads\/2025\/12\/F1-GP-dAbu-Dhabi-2025-Programme-TV-Horaires-et-Resultats.png","type":"image\/png"}],"author":"Roxane Lecacher","twitter_card":"summary_large_image","twitter_creator":"@dicodusport","twitter_site":"@dicodusport","schema":{"@context":"https:\/\/schema.org","@graph":[{"@type":"NewsArticle","@id":"https:\/\/dicodusport.fr\/blog\/f1-gp-dabu-dhabi-2025-programme-tv-horaires-et-resultats\/#article","isPartOf":{"@id":"https:\/\/dicodusport.fr\/blog\/f1-gp-dabu-dhabi-2025-programme-tv-horaires-et-resultats\/"},"author":{"name":"Roxane Lecacher","@id":"https:\/\/dicodusport.fr\/blog\/#\/schema\/person\/819fb2545dd2715bd7c0580d6d4b411a"},"headline":"F1 GP d&rsquo;Abu Dhabi 2025 : Les r\u00e9sultats complets","datePublished":"2025-12-07T14:38:27+00:00","dateModified":"2025-12-07T14:49:14+00:00","mainEntityOfPage":{"@id":"https:\/\/dicodusport.fr\/blog\/f1-gp-dabu-dhabi-2025-programme-tv-horaires-et-resultats\/"},"wordCount":1370,"commentCount":0,"publisher":{"@id":"https:\/\/dicodusport.fr\/blog\/#organization"},"image":{"@id":"https:\/\/dicodusport.fr\/blog\/f1-gp-dabu-dhabi-2025-programme-tv-horaires-et-resultats\/#primaryimage"},"thumbnailUrl":"https:\/\/dicodusport.fr\/blog\/wp-content\/uploads\/2025\/12\/F1-GP-dAbu-Dhabi-2025-Programme-TV-Horaires-et-Resultats.png","keywords":["br\u00e8ve","F1","F1 Abou Dhabi","Formule 1","Grand Prix d'Abou Dhabi","Grand Prix d'Abou Dhabi F1"],"articleSection":["Cha\u00eene TV","Formule 1"],"inLanguage":"fr-FR","potentialAction":[{"@type":"CommentAction","name":"Comment","target":["https:\/\/dicodusport.fr\/blog\/f1-gp-dabu-dhabi-2025-programme-tv-horaires-et-resultats\/#respond"]}],"copyrightYear":"2025","copyrightHolder":{"@id":"https:\/\/dicodusport.fr\/blog\/#organization"}},{"@type":"WebPage","@id":"https:\/\/dicodusport.fr\/blog\/f1-gp-dabu-dhabi-2025-programme-tv-horaires-et-resultats\/","url":"https:\/\/dicodusport.fr\/blog\/f1-gp-dabu-dhabi-2025-programme-tv-horaires-et-resultats\/","name":"F1 GP d'Abu Dhabi 2025 : Les r\u00e9sultats complets","isPartOf":{"@id":"https:\/\/dicodusport.fr\/blog\/#website"},"primaryImageOfPage":{"@id":"https:\/\/dicodusport.fr\/blog\/f1-gp-dabu-dhabi-2025-programme-tv-horaires-et-resultats\/#primaryimage"},"image":{"@id":"https:\/\/dicodusport.fr\/blog\/f1-gp-dabu-dhabi-2025-programme-tv-horaires-et-resultats\/#primaryimage"},"thumbnailUrl":"https:\/\/dicodusport.fr\/blog\/wp-content\/uploads\/2025\/12\/F1-GP-dAbu-Dhabi-2025-Programme-TV-Horaires-et-Resultats.png","datePublished":"2025-12-07T14:38:27+00:00","dateModified":"2025-12-07T14:49:14+00:00","description":"Retrouvez le programme, les informations sur la diffusion TV, les horaires et les r\u00e9sultats du Grand Prix d'Abu Dhabi 2025 de F1.","breadcrumb":{"@id":"https:\/\/dicodusport.fr\/blog\/f1-gp-dabu-dhabi-2025-programme-tv-horaires-et-resultats\/#breadcrumb"},"inLanguage":"fr-FR","potentialAction":[{"@type":"ReadAction","target":["https:\/\/dicodusport.fr\/blog\/f1-gp-dabu-dhabi-2025-programme-tv-horaires-et-resultats\/"]}]},{"@type":"ImageObject","inLanguage":"fr-FR","@id":"https:\/\/dicodusport.fr\/blog\/f1-gp-dabu-dhabi-2025-programme-tv-horaires-et-resultats\/#primaryimage","url":"https:\/\/dicodusport.fr\/blog\/wp-content\/uploads\/2025\/12\/F1-GP-dAbu-Dhabi-2025-Programme-TV-Horaires-et-Resultats.png","contentUrl":"https:\/\/dicodusport.fr\/blog\/wp-content\/uploads\/2025\/12\/F1-GP-dAbu-Dhabi-2025-Programme-TV-Horaires-et-Resultats.png","width":1200,"height":674,"caption":"F1 GP d'Abu Dhabi 2025 Programme TV, Horaires et R\u00e9sultats"},{"@type":"BreadcrumbList","@id":"https:\/\/dicodusport.fr\/blog\/f1-gp-dabu-dhabi-2025-programme-tv-horaires-et-resultats\/#breadcrumb","itemListElement":[{"@type":"ListItem","position":1,"name":"Accueil","item":"https:\/\/dicodusport.fr\/blog\/"},{"@type":"ListItem","position":2,"name":"F1 GP d&rsquo;Abu Dhabi 2025 : Les r\u00e9sultats complets"}]},{"@type":"WebSite","@id":"https:\/\/dicodusport.fr\/blog\/#website","url":"https:\/\/dicodusport.fr\/blog\/","name":"Dicodusport","description":"L&#039;encyclop\u00e9die de l&#039;actualit\u00e9 sportive","publisher":{"@id":"https:\/\/dicodusport.fr\/blog\/#organization"},"potentialAction":[{"@type":"SearchAction","target":{"@type":"EntryPoint","urlTemplate":"https:\/\/dicodusport.fr\/blog\/?s={search_term_string}"},"query-input":{"@type":"PropertyValueSpecification","valueRequired":true,"valueName":"search_term_string"}}],"inLanguage":"fr-FR"},{"@type":"NewsMediaOrganization","@id":"https:\/\/dicodusport.fr\/blog\/#organization","name":"Dicodusport","url":"https:\/\/dicodusport.fr\/blog\/","logo":{"@type":"ImageObject","inLanguage":"fr-FR","@id":"https:\/\/dicodusport.fr\/blog\/#\/schema\/logo\/image\/","url":"https:\/\/dicodusport.fr\/blog\/wp-content\/uploads\/2020\/06\/cropped-LOGO-DICODUSPORT-2020-SANS-FOND-SANS-TEXTE.png","contentUrl":"https:\/\/dicodusport.fr\/blog\/wp-content\/uploads\/2020\/06\/cropped-LOGO-DICODUSPORT-2020-SANS-FOND-SANS-TEXTE.png","width":512,"height":512,"caption":"Dicodusport"},"image":{"@id":"https:\/\/dicodusport.fr\/blog\/#\/schema\/logo\/image\/"},"sameAs":["https:\/\/www.facebook.com\/dicodusport","https:\/\/x.com\/dicodusport","https:\/\/www.instagram.com\/dicodusport\/","https:\/\/www.youtube.com\/channel\/UC7V2KZ5sd3htJivAbA4ZG3w"],"description":"Dicodusport est l'encyclop\u00e9die de l'actualit\u00e9 sportive.","email":"bonjour@dicodusport.fr","legalName":"DICODUSPORT","foundingDate":"2018-01-14","vatID":"FR71834470973","taxID":"83447097300043","numberOfEmployees":{"@type":"QuantitativeValue","minValue":"1","maxValue":"10"}},{"@type":"Person","@id":"https:\/\/dicodusport.fr\/blog\/#\/schema\/person\/819fb2545dd2715bd7c0580d6d4b411a","name":"Roxane Lecacher","image":{"@type":"ImageObject","inLanguage":"fr-FR","@id":"https:\/\/dicodusport.fr\/blog\/#\/schema\/person\/image\/","url":"https:\/\/dicodusport.fr\/blog\/wp-content\/uploads\/2021\/05\/Roxane-Lecacher-150x150.jpg","contentUrl":"https:\/\/dicodusport.fr\/blog\/wp-content\/uploads\/2021\/05\/Roxane-Lecacher-150x150.jpg","caption":"Roxane Lecacher"},"description":"Journaliste\/r\u00e9dactrice depuis janvier 2021 - N\u00e9e quelques jours avant la premi\u00e8re \u00e9toile des Bleus, je baigne dans une famille tr\u00e8s sportive. Je n\u2019ai eu d\u2019autres choix que de me passionner pour le sujet. Pratiquante de l\u2019athl\u00e9tisme depuis toute petite, j\u2019ai aussi un attrait tout particulier pour la Formule 1, le biathlon et le foot. Pendant les grands \u00e9v\u00e9nements, il est impossible de d\u00e9crocher de ma t\u00e9l\u00e9. C\u2019est \u00e0 travers Dicodusport que j\u2019aime d\u00e9sormais vous transmettre mes \u00e9motions et ma passion.","sameAs":["https:\/\/www.facebook.com\/roxane.lecacher","https:\/\/fr.linkedin.com\/in\/roxane-lecacher-23368313b"],"url":"https:\/\/dicodusport.fr\/blog\/author\/roxanel\/"}]}},"_links":{"self":[{"href":"https:\/\/dicodusport.fr\/blog\/wp-json\/wp\/v2\/posts\/629484","targetHints":{"allow":["GET"]}}],"collection":[{"href":"https:\/\/dicodusport.fr\/blog\/wp-json\/wp\/v2\/posts"}],"about":[{"href":"https:\/\/dicodusport.fr\/blog\/wp-json\/wp\/v2\/types\/post"}],"author":[{"embeddable":true,"href":"https:\/\/dicodusport.fr\/blog\/wp-json\/wp\/v2\/users\/54"}],"replies":[{"embeddable":true,"href":"https:\/\/dicodusport.fr\/blog\/wp-json\/wp\/v2\/comments?post=629484"}],"version-history":[{"count":6,"href":"https:\/\/dicodusport.fr\/blog\/wp-json\/wp\/v2\/posts\/629484\/revisions"}],"predecessor-version":[{"id":630892,"href":"https:\/\/dicodusport.fr\/blog\/wp-json\/wp\/v2\/posts\/629484\/revisions\/630892"}],"wp:featuredmedia":[{"embeddable":true,"href":"https:\/\/dicodusport.fr\/blog\/wp-json\/wp\/v2\/media\/629814"}],"wp:attachment":[{"href":"https:\/\/dicodusport.fr\/blog\/wp-json\/wp\/v2\/media?parent=629484"}],"wp:term":[{"taxonomy":"category","embeddable":true,"href":"https:\/\/dicodusport.fr\/blog\/wp-json\/wp\/v2\/categories?post=629484"},{"taxonomy":"post_tag","embeddable":true,"href":"https:\/\/dicodusport.fr\/blog\/wp-json\/wp\/v2\/tags?post=629484"}],"curies":[{"name":"wp","href":"https:\/\/api.w.org\/{rel}","templated":true}]}}