{"id":629907,"date":"2025-12-09T20:14:03","date_gmt":"2025-12-09T19:14:03","guid":{"rendered":"https:\/\/dicodusport.fr\/blog\/?p=629907&#038;preview=true&#038;preview_id=629907"},"modified":"2025-12-09T21:34:20","modified_gmt":"2025-12-09T20:34:20","slug":"ferrand-prevot-simon-laffont-elisez-la-championne-des-championnes-francaises-2025","status":"publish","type":"post","link":"https:\/\/dicodusport.fr\/blog\/ferrand-prevot-simon-laffont-elisez-la-championne-des-championnes-francaises-2025\/","title":{"rendered":"Ferrand-Pr\u00e9vot, Simon, Laffont&#8230; \u00c9lisez la Championne des Championnes fran\u00e7aises 2025"},"content":{"rendered":"<p style=\"text-align: justify;\"><strong><em>MULTISPORTS &#8211; Depuis 2018, Dicodusport vous donne l&rsquo;occasion d&rsquo;\u00e9lire la Championne des Championnes fran\u00e7aises de l&rsquo;ann\u00e9e. En 2025, elles sont 10 \u00e0 \u00eatre sur la ligne de d\u00e9part, venant de diff\u00e9rentes disciplines, m\u00e9diatis\u00e9es ou non. Qui succ\u00e8dera \u00e0 Cassandre Beaugrand, sacr\u00e9e en 2024 ?<\/em><\/strong><\/p>\n<p><span style=\"font-size: 14px;\"><em><strong>Sondage pour voter en bas de page.<\/strong><\/em><\/span><\/p>\n<ul>\n<li style=\"text-align: justify;\"><strong>\u00c0 ce sujet &#8211; <a href=\"https:\/\/dicodusport.fr\/blog\/marchand-ogier-bielle-biarrey-elisez-le-champion-des-champions-francais-2025\/\">Marchand, Ogier, Bielle-Biarrey\u2026 \u00c9lisez le Champion des Champions fran\u00e7ais 2025<\/a><\/strong><\/li>\n<\/ul>\n<p style=\"text-align: justify;\">Comme lors de l&rsquo;\u00e9lection de la <strong>Championne des Championnes fran\u00e7aises 2024<\/strong>, les votes des lecteurs de Dicodusport compteront pour 50 % dans le r\u00e9sultat final. Il y aura, dans un deuxi\u00e8me temps, le vote de la r\u00e9daction (10 personnes), qui compl\u00e9tera le scrutin du public. La voix de la r\u00e9daction comptera \u00e9galement pour 50 % dans le r\u00e9sultat.<\/p>\n<ul>\n<li style=\"text-align: justify;\"><strong>\u00c0 ce sujet &#8211; <a href=\"https:\/\/dicodusport.fr\/blog\/cassandre-beaugrand-est-votre-championne-des-championnes-francaises-2024\/\">Le classement complet de la Championne des Championnes fran\u00e7aises 2024<\/a><\/strong><\/li>\n<\/ul>\n<h2 style=\"text-align: justify;\">Le d\u00e9roulement<\/h2>\n<p style=\"text-align: justify;\">D\u2019abord,\u00a0<strong>la laur\u00e9ate du vote des lecteurs remporte 10 points<\/strong>, la deuxi\u00e8me 9 points, la troisi\u00e8me 8 points etc, jusqu\u2019\u00e0 la sportive arriv\u00e9e en 10\u00e8me et derni\u00e8re position, qui r\u00e9colte 1 point.<\/p>\n<p style=\"text-align: justify;\">Concernant le vote de la r\u00e9daction, les membres qui vont voter, feront<strong>\u00a0un classement de 1 \u00e0 10<\/strong>, avec l\u00e0 aussi, 10 points attribu\u00e9s pour la premi\u00e8re place, 9 points pour la deuxi\u00e8me place, et ainsi de suite jusqu\u2019\u00e0 la 10\u00e8me place (1 point). Le total des classements des membres de la r\u00e9daction est ensuite r\u00e9alis\u00e9.<\/p>\n<p style=\"text-align: justify;\">\u00c0 l\u2019issue de ce d\u00e9compte, la sportive qui r\u00e9coltera le plus de points au total, inscrira 10 points, 9 points pour la deuxi\u00e8me, 8 points pour la troisi\u00e8me etc, jusqu&rsquo;\u00e0 l&rsquo;athl\u00e8te arriv\u00e9e en 10\u00e8me et derni\u00e8re position, qui r\u00e9colte 1 point.<\/p>\n<p style=\"text-align: justify;\">En cas d&rsquo;\u00e9galit\u00e9 lors de l&rsquo;addition des votes des lecteurs et de la r\u00e9daction, c&rsquo;est le vote de cette derni\u00e8re qui fait la diff\u00e9rence pour d\u00e9partager les deux athl\u00e8tes avec le m\u00eame nombre de points.<\/p>\n<h2 style=\"text-align: justify;\">Le palmar\u00e8s<\/h2>\n<table style=\"width: 800px; border-collapse: collapse; border-color: #e6e6e6; border-style: solid;\">\n<tbody>\n<tr>\n<td style=\"background-color: #000000; width: 80px; border-color: #d9d9d9; border-style: solid; text-align: center; vertical-align: middle;\" rowspan=\"3\"><span style=\"color: #ffffff;\"><strong>\ud83e\udd47<br \/>\n2024<\/strong><\/span><\/td>\n<td style=\"background-color: #e2b756; border-color: #d9d9d9; width: 50px; text-align: center; vertical-align: middle;\"><strong><span style=\"color: #ffffff;\">1.<\/span><\/strong><\/td>\n<td style=\"border-color: #d9d9d9; width: 400px; vertical-align: middle; background-color: #ededed;\"><strong><span style=\"color: #000000;\">Cassandre BEAUGRAND<\/span><\/strong><\/td>\n<\/tr>\n<tr>\n<td style=\"background-color: #bababa; border-color: #d9d9d9; width: 50px; text-align: center; vertical-align: middle;\"><strong><span style=\"color: #ffffff;\">2.<\/span><\/strong><\/td>\n<td style=\"border-color: #d9d9d9; width: 400px; vertical-align: middle; background-color: #ededed;\"><span style=\"color: #000000;\">Pauline FERRAND-PR\u00c9VOT<\/span><\/td>\n<\/tr>\n<tr>\n<td style=\"background-color: #c47e3e; border-color: #d9d9d9; width: 50px; text-align: center; vertical-align: middle;\"><strong><span style=\"color: #ffffff;\">3.<\/span><\/strong><\/td>\n<td style=\"border-color: #d9d9d9; width: 400px; vertical-align: middle; background-color: #ededed;\"><span style=\"color: #000000;\">Julia SIMON<\/span><\/td>\n<\/tr>\n<tr>\n<td style=\"background-color: #0057ae; width: 80px; border-color: #d9d9d9; border-style: solid; text-align: center; vertical-align: middle;\" rowspan=\"3\"><span style=\"color: #ffffff;\"><strong>\ud83e\udd47<br \/>\n2023<\/strong><\/span><\/td>\n<td style=\"background-color: #e2b756; border-color: #d9d9d9; width: 50px; text-align: center; vertical-align: middle;\"><strong><span style=\"color: #ffffff;\">1.<\/span><\/strong><\/td>\n<td style=\"border-color: #d9d9d9; width: 400px; vertical-align: middle; background-color: #ededed;\"><strong><span style=\"color: #000000;\">Julia SIMON<\/span><\/strong><\/td>\n<\/tr>\n<tr>\n<td style=\"background-color: #bababa; border-color: #d9d9d9; width: 50px; text-align: center; vertical-align: middle;\"><strong><span style=\"color: #ffffff;\">2.<\/span><\/strong><\/td>\n<td style=\"border-color: #d9d9d9; width: 400px; vertical-align: middle; background-color: #ededed;\"><span style=\"color: #000000;\">Perrine LAFFONT<\/span><\/td>\n<\/tr>\n<tr>\n<td style=\"background-color: #c47e3e; border-color: #d9d9d9; width: 50px; text-align: center; vertical-align: middle;\"><strong><span style=\"color: #ffffff;\">3.<\/span><\/strong><\/td>\n<td style=\"border-color: #d9d9d9; width: 400px; vertical-align: middle; background-color: #ededed;\"><span style=\"color: #000000;\">Pauline FERRAND-PR\u00c9VOT<\/span><\/td>\n<\/tr>\n<tr>\n<td style=\"background-color: #000000; width: 80px; border-color: #d9d9d9; border-style: solid; text-align: center; vertical-align: middle;\" rowspan=\"3\"><span style=\"color: #ffffff;\"><strong>\ud83e\udd47<br \/>\n2022<\/strong><\/span><\/td>\n<td style=\"background-color: #e2b756; border-color: #d9d9d9; width: 50px; text-align: center; vertical-align: middle;\"><strong><span style=\"color: #ffffff;\">1.<\/span><\/strong><\/td>\n<td style=\"border-color: #d9d9d9; width: 400px; vertical-align: middle; background-color: #ededed;\"><strong><span style=\"color: #000000;\">Pauline FERRAND-PR\u00c9VOT<\/span><\/strong><\/td>\n<\/tr>\n<tr>\n<td style=\"background-color: #bababa; border-color: #d9d9d9; width: 50px; text-align: center; vertical-align: middle;\"><strong><span style=\"color: #ffffff;\">2.<\/span><\/strong><\/td>\n<td style=\"border-color: #d9d9d9; width: 400px; vertical-align: middle; background-color: #ededed;\"><span style=\"color: #000000;\">Justine BRAISAZ-BOUCHET<\/span><\/td>\n<\/tr>\n<tr>\n<td style=\"background-color: #c47e3e; border-color: #d9d9d9; width: 50px; text-align: center; vertical-align: middle;\"><strong><span style=\"color: #ffffff;\">3.<\/span><\/strong><\/td>\n<td style=\"border-color: #d9d9d9; width: 400px; vertical-align: middle; background-color: #ededed;\"><span style=\"color: #000000;\">La\u00ebtitia GUAPO<\/span><\/td>\n<\/tr>\n<tr>\n<td style=\"background-color: #0057ae; width: 80px; border-color: #d9d9d9; border-style: solid; text-align: center; vertical-align: middle;\" rowspan=\"3\"><span style=\"color: #ffffff;\"><strong>\ud83e\udd47<br \/>\n2021<\/strong><\/span><\/td>\n<td style=\"background-color: #e2b756; border-color: #d9d9d9; width: 50px; text-align: center; vertical-align: middle;\"><strong><span style=\"color: #ffffff;\">1.<\/span><\/strong><\/td>\n<td style=\"border-color: #d9d9d9; width: 400px; vertical-align: middle; background-color: #ededed;\"><strong><span style=\"color: #000000;\">Clarisse AGBEGNENOU<\/span><\/strong><\/td>\n<\/tr>\n<tr>\n<td style=\"background-color: #bababa; border-color: #d9d9d9; width: 50px; text-align: center; vertical-align: middle;\"><strong><span style=\"color: #ffffff;\">2.<\/span><\/strong><\/td>\n<td style=\"border-color: #d9d9d9; width: 400px; vertical-align: middle; background-color: #ededed;\"><span style=\"color: #000000;\">Loana LECOMTE<\/span><\/td>\n<\/tr>\n<tr>\n<td style=\"background-color: #c47e3e; border-color: #d9d9d9; width: 50px; text-align: center; vertical-align: middle;\"><strong><span style=\"color: #ffffff;\">3.<\/span><\/strong><\/td>\n<td style=\"border-color: #d9d9d9; width: 400px; vertical-align: middle; background-color: #ededed;\"><span style=\"color: #000000;\">N\u00e9lia BARBOSA<\/span><\/td>\n<\/tr>\n<tr>\n<td style=\"background-color: #000000; width: 80px; border-color: #d9d9d9; border-style: solid; text-align: center; vertical-align: middle;\" rowspan=\"3\"><span style=\"color: #ffffff;\"><strong>\ud83e\udd47<br \/>\n2020<\/strong><\/span><\/td>\n<td style=\"background-color: #e2b756; border-color: #d9d9d9; width: 50px; text-align: center; vertical-align: middle;\"><strong><span style=\"color: #ffffff;\">1.<\/span><\/strong><\/td>\n<td style=\"border-color: #d9d9d9; width: 400px; vertical-align: middle; background-color: #ededed;\"><strong><span style=\"color: #000000;\">Pauline FERRAND-PR\u00c9VOT<\/span><\/strong><\/td>\n<\/tr>\n<tr>\n<td style=\"background-color: #bababa; border-color: #d9d9d9; width: 50px; text-align: center; vertical-align: middle;\"><strong><span style=\"color: #ffffff;\">2.<\/span><\/strong><\/td>\n<td style=\"border-color: #d9d9d9; width: 400px; vertical-align: middle; background-color: #ededed;\"><span style=\"color: #000000;\">Perrine LAFFONT<\/span><\/td>\n<\/tr>\n<tr>\n<td style=\"background-color: #c47e3e; border-color: #d9d9d9; width: 50px; text-align: center; vertical-align: middle;\"><strong><span style=\"color: #ffffff;\">3.<\/span><\/strong><\/td>\n<td style=\"border-color: #d9d9d9; width: 400px; vertical-align: middle; background-color: #ededed;\"><span style=\"color: #000000;\">Clarisse AGBEGNENOU<\/span><\/td>\n<\/tr>\n<tr>\n<td style=\"background-color: #0057ae; width: 80px; border-color: #d9d9d9; border-style: solid; text-align: center; vertical-align: middle;\" rowspan=\"3\">\ud83e\udd47<br \/>\n<span style=\"color: #ffffff;\"><strong>2019<\/strong><\/span><\/td>\n<td style=\"background-color: #e2b756; border-color: #d9d9d9; width: 50px; text-align: center; vertical-align: middle;\"><strong><span style=\"color: #ffffff;\">1.<\/span><\/strong><\/td>\n<td style=\"border-color: #d9d9d9; width: 400px; vertical-align: middle; background-color: #ededed;\"><span style=\"color: #000000;\"><strong>Pauline FERRAND-PR\u00c9VOT<\/strong><\/span><\/td>\n<\/tr>\n<tr>\n<td style=\"background-color: #bababa; border-color: #d9d9d9; width: 50px; text-align: center; vertical-align: middle;\"><strong><span style=\"color: #ffffff;\">2.<\/span><\/strong><\/td>\n<td style=\"border-color: #d9d9d9; width: 400px; vertical-align: middle; background-color: #ededed;\"><span style=\"color: #000000;\">M\u00e9lanie DE JESUS DOS SANTOS<\/span><\/td>\n<\/tr>\n<tr>\n<td style=\"background-color: #c47e3e; border-color: #d9d9d9; width: 50px; text-align: center; vertical-align: middle;\"><strong><span style=\"color: #ffffff;\">3.<\/span><\/strong><\/td>\n<td style=\"border-color: #d9d9d9; width: 400px; vertical-align: middle; background-color: #ededed;\"><span style=\"color: #000000;\">Clarisse AGBEGNENOU<\/span><\/td>\n<\/tr>\n<tr>\n<td style=\"background-color: #000000; width: 80px; border-color: #d9d9d9; border-style: solid; text-align: center; vertical-align: middle;\" rowspan=\"3\"><span style=\"color: #ffffff;\"><strong>\ud83e\udd47<br \/>\n2018<\/strong><\/span><\/td>\n<td style=\"background-color: #e2b756; border-color: #d9d9d9; width: 50px; text-align: center; vertical-align: middle;\"><strong><span style=\"color: #ffffff;\">1.<\/span><\/strong><\/td>\n<td style=\"border-color: #d9d9d9; width: 400px; vertical-align: middle; background-color: #ededed;\"><span style=\"color: #000000;\"><strong>M\u00e9lanie DE JESUS DOS SANTOS<\/strong><\/span><\/td>\n<\/tr>\n<tr>\n<td style=\"background-color: #bababa; border-color: #d9d9d9; width: 50px; text-align: center; vertical-align: middle;\"><strong><span style=\"color: #ffffff;\">2.<\/span><\/strong><\/td>\n<td style=\"border-color: #d9d9d9; width: 400px; vertical-align: middle; background-color: #ededed;\"><span style=\"color: #000000;\">Ana\u00efs BESCOND<\/span><\/td>\n<\/tr>\n<tr>\n<td style=\"background-color: #c47e3e; border-color: #d9d9d9; width: 50px; text-align: center; vertical-align: middle;\"><strong><span style=\"color: #ffffff;\">3.<\/span><\/strong><\/td>\n<td style=\"border-color: #d9d9d9; width: 400px; vertical-align: middle; background-color: #ededed;\"><span style=\"color: #000000;\">Marie BOCHET<\/span><\/td>\n<\/tr>\n<\/tbody>\n<\/table>\n<hr \/>\n<h2 style=\"text-align: justify;\">Les nomm\u00e9es pour 2025<\/h2>\n<h3 style=\"text-align: justify;\">Marie-Julie Bonnin (athl\u00e9tisme)<\/h3>\n<p style=\"text-align: justify;\">En 2025, <strong>Marie-Julie Bonnin<\/strong> a r\u00e9alis\u00e9 la meilleure saison de sa carri\u00e8re. Elle a commenc\u00e9 par une m\u00e9daille de bronze aux Championnats d\u2019Europe en salle, avant de devenir championne du monde indoor \u00e0 Nankin avec un saut \u00e0 4,75 m, \u00e9galant le record de France. Elle a ensuite confirm\u00e9 son statut national en conservant son titre de championne de France. En plein air, elle a atteint la finale des Mondiaux de Tokyo et y a termin\u00e9 huiti\u00e8me. L\u2019ann\u00e9e 2025 a ainsi marqu\u00e9 son installation durable parmi les meilleures perchistes mondiales.<\/p>\n<h3 style=\"text-align: justify;\">L\u00e9a Casta (snowboardcross)<\/h3>\n<p style=\"text-align: justify;\"><strong>L\u00e9a Casta<\/strong> a r\u00e9alis\u00e9 une saison 2024-2025 exceptionnelle en snowboardcross. Elle a remport\u00e9 le classement g\u00e9n\u00e9ral de la Coupe du monde et d\u00e9croch\u00e9 le gros globe de cristal. Elle a sign\u00e9 plusieurs victoires majeures, notamment \u00e0 Montafon et Mont-Sainte-Anne. Elle a \u00e9galement \u00e9t\u00e9 sacr\u00e9e double championne du monde juniors, en individuel et par \u00e9quipes. Aux Mondiaux seniors, elle a atteint la 5\u1d49 place, confirmant son statut de grande espoir du snowboard fran\u00e7ais.<\/p>\n<h3 style=\"text-align: justify;\">Pauline Ferrand-Pr\u00e9vot (cyclisme sur route)<\/h3>\n<p style=\"text-align: justify;\">En 2025, <strong>Pauline Ferrand-Pr\u00e9vot<\/strong> a v\u00e9cu une saison remarquable pour son grand retour sur route. Elle a remport\u00e9 le Tour de France Femmes, lors de sa toute premi\u00e8re participation, avec deux victoires d\u2019\u00e9tape, dont l\u2019\u00e9tape reine au col de la Madeleine. Elle a aussi remport\u00e9 Paris\u2011Roubaix Femmes, devenant la premi\u00e8re Fran\u00e7aise \u00e0 s\u2019imposer dans cette classique. Elle a fini 2\u1d49 du Tour des Flandres et 3\u1d49 des Strade Bianche. Enfin, elle a \u00e9t\u00e9 \u00e9lue <em>femme cycliste de l\u2019ann\u00e9e<\/em> (Women\u2019s Rider of the Year) pour 2025, ce qui couronne une ann\u00e9e de retour gagnant sur la route.<\/p>\n<h3 style=\"text-align: justify;\">Ang\u00e8le Hug (cano\u00eb-kayak)<\/h3>\n<p style=\"text-align: justify;\"><strong>Ang\u00e8le Hug<\/strong> a connu une ann\u00e9e 2025 marquante en cano\u00eb-kayak. Elle a remport\u00e9 le titre mondial de kayak-cross aux Mondiaux 2025 \u00e0 Penrith, s\u2019imposant en finale devant sa compatriote Camille Prigent. Elle a aussi obtenu la 2\u1d49 place en K1 cross individuel (contre-la-montre) et par \u00e9quipes en slalom C1 aux Championnats d\u2019Europe.<\/p>\n<h3 style=\"text-align: justify;\">Lou Jeanmonnot (biathlon)<\/h3>\n<p style=\"text-align: justify;\"><strong>Lou Jeanmonnot<\/strong> a sign\u00e9 la meilleure saison de sa jeune carri\u00e8re. Elle a remport\u00e9 le petit globe de l\u2019individuel ainsi que celui de la poursuite, gr\u00e2ce \u00e0 une r\u00e9gularit\u00e9 impressionnante tout au long de l\u2019hiver. Aux Mondiaux de Lenzerheide, elle a d\u00e9croch\u00e9 une m\u00e9daille de bronze sur l\u2019individuel, confirmant sa mont\u00e9e en puissance. Elle a \u00e9galement contribu\u00e9 aux succ\u00e8s de l\u2019\u00e9quipe de France en relais, notamment en relais mixte et sur le relais f\u00e9minin. Apr\u00e8s son duel \u00e9pique face \u00e0 Franziska Preuss sur la mass start finale \u00e0 Oslo, elle a finalement termin\u00e9 deuxi\u00e8me du classement g\u00e9n\u00e9ral, tout pr\u00e8s du gros globe, au terme d\u2019une saison ponctu\u00e9e de 8 succ\u00e8s individuels en Coupe du monde<\/p>\n<h3 style=\"text-align: justify;\">Perrine Laffont (ski de bosses)<\/h3>\n<p style=\"text-align: justify;\">En 2025, <strong>Perrine Laffont<\/strong> a rappel\u00e9 avec \u00e9clat qu\u2019elle demeurait la r\u00e9f\u00e9rence mondiale du ski de bosses. Elle a retrouv\u00e9 les sommets en redevenant championne du monde en bosses simples, ajoutant un sixi\u00e8me titre plan\u00e9taire \u00e0 son palmar\u00e8s d\u00e9j\u00e0 exceptionnel. Tout au long de l\u2019hiver, elle a encha\u00een\u00e9 les podiums en Coupe du monde, dont un succ\u00e8s \u00e0 Ruka, confirmant un retour au plus haut niveau apr\u00e8s une parenth\u00e8se comp\u00e9titive. Avec cette saison, l&rsquo;Ari\u00e9geoise a r\u00e9affirm\u00e9 son statut d\u2019ic\u00f4ne de la discipline.<\/p>\n<h3 style=\"text-align: justify;\">Marine Lefeuvre (roller course)<\/h3>\n<p style=\"text-align: justify;\"><strong>Marine Lefeuvre<\/strong> a confirm\u00e9 son statut de figure majeure du roller course en\u00a0 2025. Elle a remport\u00e9 le titre mondial sur la course aux points de 10 000 m, offrant \u00e0 la France un premier sacre sur route depuis plus de vingt ans. Elle a \u00e9galement brill\u00e9 aux Jeux Mondiaux, o\u00f9 elle s\u2019est impos\u00e9e sur la m\u00eame distance gr\u00e2ce \u00e0 une ma\u00eetrise tactique remarquable. Cette ann\u00e9e-l\u00e0 a ainsi marqu\u00e9 son installation durable parmi les meilleures sp\u00e9cialistes mondiales des longues distances en roller course.<\/p>\n<h3 style=\"text-align: justify;\">Doriane Pin (F1 Academy)<\/h3>\n<p style=\"text-align: justify;\"><strong>Doriane Pin<\/strong> a franchi un cap d\u00e9cisif dans sa jeune carri\u00e8re de pilote. Elle a domin\u00e9 la F1 Academy en remportant le titre gr\u00e2ce \u00e0 une saison d\u2019une grande ma\u00eetrise, ponctu\u00e9e de plusieurs victoires et d\u2019une r\u00e9gularit\u00e9 impressionnante. Sous les couleurs de Prema Racing et soutenue par le programme junior Mercedes, elle a confirm\u00e9 tout le potentiel que le paddock lui pr\u00eate depuis ses d\u00e9buts. Parall\u00e8lement, elle a continu\u00e9 \u00e0 se former en monoplace et en endurance, enrichissant son exp\u00e9rience sur des terrains vari\u00e9s. Cette ann\u00e9e 2025 a ainsi marqu\u00e9 son affirmation parmi les espoirs les plus solides du sport automobile international. Reste \u00e0 savoir de quoi sera faite la suite de carri\u00e8re.<\/p>\n<h3 style=\"text-align: justify;\">Camille Prigent (cano\u00eb-kayak)<\/h3>\n<p style=\"text-align: justify;\">En 2025, <strong>Camille Prigent<\/strong> a retrouv\u00e9 le premier plan en remportant le titre de championne d\u2019Europe de kayak-cross. Elle a ensuite confirm\u00e9 sa forme en d\u00e9crochant la m\u00e9daille d\u2019argent aux championnats du monde, participant au succ\u00e8s collectif du clan fran\u00e7ais. Tout au long de la saison, elle a montr\u00e9 une belle r\u00e9gularit\u00e9 en Coupe du monde, aussi bien en K1 qu\u2019en kayak-cross. M\u00eame si ses r\u00e9sultats en slalom classique ont \u00e9t\u00e9 plus discrets, elle est rest\u00e9e comp\u00e9titive dans toutes les disciplines.<\/p>\n<h3 style=\"text-align: justify;\">Julia Simon (biathlon)<\/h3>\n<p style=\"text-align: justify;\">Une fois de plus, <strong>Julia Simon<\/strong> a tutoy\u00e9 les sommets du biathlon mondial. Elle a \u00e9t\u00e9 sacr\u00e9e championne du monde de l\u2019individuel \u00e0 Lenzerheide, avant d\u2019ajouter trois titres suppl\u00e9mentaires en relais (mixte, mixte simple et f\u00e9minin), qui ont confirm\u00e9 son r\u00f4le central au sein de l\u2019\u00e9quipe de France. Tout au long de la saison, elle a sign\u00e9 plusieurs performances de premier plan sur le circuit de la Coupe du monde. Malgr\u00e9 cette r\u00e9ussite sportive, son ann\u00e9e a \u00e9t\u00e9 assombrie par une suspension disciplinaire en fin d&rsquo;ann\u00e9e. Cette derni\u00e8re reste ainsi une ann\u00e9e contrast\u00e9e, m\u00ealant exploits majeurs et turbulences extra-sportives.<\/p>\n<p style=\"text-align: justify;\"><span style=\"text-decoration: underline;\"><strong>Sportives mentionn\u00e9es par la r\u00e9daction, mais pas en lice pour le titre :<\/strong><\/span><\/p>\n<p style=\"text-align: justify;\">Aur\u00e9lie Aubert (boccia), Val\u00e9riane Ayayi (basket-ball), Cassandre Beaugrand (triathlon), Oriane Bertone (escalade), Lois Boisson (tennis), Justine Braisaz-Bouchet (biathlon), Candy Bri\u00e8re-Vetillard (tumbling), Amandine Buchard (judo), Tiffany Chapon (force athl\u00e9tique), Sarah-L\u00e9onie Cysique (judo), Capucine Delannoy (kitesurf), Romane Dicko (judo), Justine Dupont (surf), No\u00e9mie Equy (snowboard freeride), Axelle Gachet-Mollaret (ski alpinisme), Estelle Gaspard (ju-jitsu), C\u00e9lia G\u00e9ry (cyclisme sur route), Emily Harrop (ski alpinisme), C\u00e9cile Hernandez (para snowboard), Marine Johannes (basket-ball), C\u00e9drine Kerbaol (cyclisme sur route), Marie N\u2019Goussou (para athl\u00e9tisme), Sarah Noutcha (escrime), L\u00e9onie P\u00e9riault (triathlon), Pauline Ranvier (escrime), Ma\u00ebva Squiban (cyclisme sur route), Ana\u00efs Vincent (para cyclisme) et Gabby Williams (basket-ball).<\/p>\n<hr \/>\n<h2 style=\"text-align: justify;\">\u00c0 vous de choisir !<\/h2>\n<p style=\"text-align: justify;\"><span style=\"color: #ff0000;\"><strong>Fin du sondage le samedi 20 d\u00e9cembre \u00e0 12h.<\/strong><\/span><\/p>\n<p style=\"text-align: justify;\"><strong>Un seul vote par adresse IP. Une fois votre vote effectu\u00e9, il peut y avoir un probl\u00e8me d&rsquo;affichage avec un autre sportif coch\u00e9 (le dernier de la liste) mais cela n&rsquo;affecte pas votre vote.<\/strong><\/p>\n<div class=\"dem-poll-shortcode\">\n<style id=\"democracy-poll\">.democracy:after{content:'';display:table;clear:both}.democracy ul li,.democracy ul{background:0 0;padding:0;margin:0}.democracy ul li:before{display:none}.democracy input[type=radio],.democracy input[type=checkbox]{margin:0;vertical-align:middle}.democracy input[type=radio]:focus,.democracy input[type=checkbox]:focus{outline:none}.democracy ul{list-style:none !important;border:none !important}.democracy ul li{list-style:none !important}input[type=submit].dem-button,a.dem-button,.dem-button{position:relative;display:inline-block;text-decoration:none;line-height:1;border:0;margin:0;padding:0;cursor:pointer;white-space:nowrap;-webkit-user-select:none;-moz-user-select:none;-ms-user-select:none;user-select:none}input[type=submit].dem-button:focus,a.dem-button:focus,.dem-button:focus{outline:none}input[type=submit].dem-button:disabled,a.dem-button:disabled,.dem-button:disabled{opacity:.6;cursor:not-allowed}a.dem-button:hover{text-decoration:none !important}.democracy{position:relative;margin:0 auto}.democracy input[type=radio],.democracy input[type=checkbox]{margin-right:.2em}.dem-screen{position:relative;line-height:1.3}.democracy ul.dem-vote{margin-bottom:1em}.democracy ul.dem-vote li{padding-bottom:0;margin-bottom:0}.democracy ul.dem-vote li>*{margin-bottom:.6em}.democracy ul.dem-answers li{padding-bottom:1em}.dem-answers .dem-label{margin-bottom:.2em;line-height:1.2}.dem-graph{position:relative;color:#555;color:rgba(0,0,0,.6);box-sizing:content-box;width:100%;display:table;height:1.2em;line-height:1.2em}.dem-fill{position:absolute;top:0;left:0;height:100%;background-color:#7cb4dd}.dem-voted-this .dem-fill{background-color:#ffc45a}.dem-votes-txt,.dem-percent-txt{position:relative;display:table-cell;padding-left:.3em;vertical-align:middle;font-size:90%}.dem-poll-info{padding-bottom:1em}.dem-poll-info:after{content:'';display:table;clear:both}.dem-poll-info>*{font-size:85%;display:block;float:right;clear:both;text-align:right;opacity:.7;line-height:1.3}.dem-vote label{float:none;display:block}.dem-results-link{display:inline-block;line-height:1;margin:.8em 1em}.dem-vote .dem-disabled{opacity:.5}.democracy .dem-bottom{padding-bottom:1em}.dem-bottom{text-align:center}.dem-bottom:after{content:'';display:table;clear:both}.dem-poll-title{display:block;margin-bottom:1.5em;margin-top:1.2em;font-size:120%}.dem-notice{z-index:10;position:absolute;top:0;border-radius:2px;width:100%;padding:1.5em 2em;text-align:center;background:rgba(247,241,212,.8);color:#6d6214}.dem-notice-close{position:absolute;top:0;right:0;padding:5px;cursor:pointer;line-height:.6;font-size:150%}.dem-notice-close:hover{color:#d26616}.dem-star{font-size:90%;vertical-align:baseline;padding-left:.3em;color:#ff4e00}.dem-poll-note{font-size:90%;padding:.5em;opacity:.8;line-height:1.3}.democracy .dem-copyright{position:absolute;bottom:-1em;right:0;text-decoration:none;border-bottom:0;color:#b2b2b2;opacity:.5;line-height:1}.democracy .dem-copyright:hover{opacity:1}.dem-add-answer{position:relative}.dem-add-answer>*{display:block}.dem-add-answer a{display:inline-block}input.dem-add-answer-txt{width:100%;box-sizing:border-box}.dem-add-answer-close{position:absolute;right:0;padding:0 .7em;cursor:pointer;color:#333}.dem-add-answer-close:hover{color:#ff2700}.dem-edit-link{display:block;position:absolute;top:0;right:0;line-height:1;text-decoration:none !important;border:none !important}.dem-edit-link svg{width:1.2em!important;fill:#6c6c6c}.dem-edit-link:hover svg{fill:#35a91d}.dem-loader{display:none;position:absolute;top:0;left:0;width:100%;height:100%}.dem-loader>*{display:table-cell;vertical-align:middle;text-align:center}.dem-loader svg{width:20%;max-width:100px;min-width:80px;margin-bottom:15%}.dem-loader [class^=dem-]{margin-bottom:15%!important}.dem__collapser{display:block;cursor:pointer;text-align:center;font-size:150%;line-height:1}.dem__collapser:hover{color:#f31;background:rgba(255,255,255,.3)}.dem__collapser.expanded{position:relative;height:1em}.dem__collapser.collapsed{position:absolute;top:0;bottom:0;right:0;left:0}.dem__collapser .arr{display:block;position:absolute;bottom:0;width:100%}.dem__collapser.collapsed .arr:before{content:\"\u25be\"}.dem__collapser.expanded .arr:before{content:\"\u25b4\"}.dem-poll-shortcode{margin-bottom:1.5em}.dem-archives .dem-elem-wrap{margin-bottom:2em;padding-bottom:20px;border-bottom:1px dashed rgba(0,0,0,.1)}.dem-archives .dem-archive-link{display:none}.dem-paging{text-align:center;margin:1.5em auto}.dem-paging>*{display:inline-block;padding:.3em .8em;border-radius:.2em;background:#e2e2e2;color:#333;text-decoration:none;text-transform:lowercase;user-select:none}.dem-paging>a{color:#333}.dem-paging>a:hover{background:#ccc;color:#333;text-decoration:none}.dem-paging .current{background:#656565;color:#fff}.dem-paging .dots{background:0 0}.democracy{border-color:#ccc;border:1px solid rgba(0,0,0,.1);background-color:#eee;background-color:rgba(0,0,0,.1);background-image:-webkit-linear-gradient(bottom,rgba(0,0,0,.05),transparent);background-image:linear-gradient(to top,rgba(0,0,0,.05),transparent);padding:1em;padding-bottom:.5em;margin-bottom:1em}.dem-poll-title{margin:0;font-size:115%;margin:-.9em;margin-bottom:1em;text-align:center;padding:1em;border-bottom:1px solid rgba(0,0,0,.1)}.dem-percent-txt,.dem-label-percent-txt{display:none}.dem-votes-txt-percent:before{content:'- ';display:inline}.dem-revote-button:before{content:'\u25c2 '}.dem-graph{background-color:rgba(255,255,255,.8)}.dem-results-link{margin-bottom:0}.dem__checkbox,.dem__radio{display:none !important}.dem__checkbox_label,.dem__radio_label{position:relative;box-sizing:content-box}.dem__checkbox_label .dem__spot{border-radius:3px}.dem__radio_label .dem__spot{border-radius:50%}.dem__checkbox_label .dem__spot,.dem__radio_label .dem__spot{position:relative;display:inline-block;vertical-align:baseline;width:.9em;height:.9em;margin-right:.3em;cursor:pointer;background:#fff;border:1px solid #ccc}.dem__checkbox_label .dem__spot:after{width:.9em;height:.32em;top:-.1em;left:.145em;border:.17em solid #333;border-top:none;border-right:none;-webkit-transform:rotate(-45deg);transform:rotate(-45deg);background:0 0}.dem__radio_label .dem__spot:after{width:.5em;height:.5em;border-radius:50%;top:50%;left:50%;-webkit-transform:translate(-50%,-50%);transform:translate(-50%,-50%);background:#333}.dem__checkbox_label .dem__spot:after,.dem__radio_label .dem__spot:after{content:'';position:absolute;opacity:0}.dem__checkbox_label:hover .dem__spot:after,.dem__radio_label:hover .dem__spot:after{opacity:.2}.dem__checkbox:checked+.dem__spot,.dem__radio:checked+.dem__spot{border-color:#999}.dem__checkbox:checked+.dem__spot:after,.dem__radio:checked+.dem__spot:after{opacity:1}.dem__checkbox:disabled+.dem__spot,.dem__radio:disabled+.dem__spot{opacity:.5}.dem__checkbox:not(:checked):disabled+.dem__spot:after,.dem__radio:not(:checked):disabled+.dem__spot:after{opacity:0}input[type=submit].dem-button,a.dem-button,.dem-button{font-size:90%;font-family:tahoma,arial,sans-serif;padding:.8em 1.6em !important;color:#fff;background:#61a9de;text-transform:uppercase}input[type=submit].dem-button:hover,a.dem-button:hover,.dem-button:hover{color:#fff;background:#3b8bc6}a.dem-button:visited{color:#fff}.dem-loader .fill{fill:#0248ed !important}.dem-loader .css-fill{background-color:#0248ed !important}.dem-loader .stroke{stroke:#0248ed !important}.dem-graph{background:#a5a5a5 !important}.dem-fill{background-color:#1c62ed !important}.dem-voted-this .dem-fill{background-color:#30a82a !important}.dem-graph{height:25px;line-height:25px}.dem-button{background-color:#f71339 !important}.dem-button{color:#efefef !important}.democracy{background-color:#fff;color:#000}.dem-poll-info{color:#000}.dem-votes-txt,.dem-percent-txt{color:#fff}<\/style>\n<div id=\"democracy-1014\" class=\"democracy\" data-opts='{\"ajax_url\":\"https:\\\/\\\/dicodusport.fr\\\/blog\\\/wp-admin\\\/admin-ajax.php\",\"pid\":1014,\"max_answs\":0,\"answs_max_height\":\"-1\",\"anim_speed\":\"400\",\"line_anim_speed\":1500}' ><strong class=\"dem-poll-title\">\u00c9lisez la Championne des Championnes fran\u00e7aises 2025<\/strong><div class=\"dem-screen voted\"><ul class=\"dem-answers\" data-voted-class=\"dem-voted-this\" data-voted-txt=\"(Votre vote)\">\n\t<li  class=\"dem-winner\" title=\"292 voix - 29% des votes\" data-aid=\"5464\">\n\t<div class=\"dem-label\">Pauline Ferrand-Pr\u00e9vot (cyclisme sur route)  <span class=\"dem-label-percent-txt\">29%, 292 <span class=\"votxt\">voix<\/span><\/span><\/div>\n\t<div class=\"dem-graph\">\n\t\t<div class=\"dem-fill\" data-width=\"100%\"><\/div>\n\t\t<div class=\"dem-votes-txt\">\n\t\t\t<span class=\"dem-votes-txt-votes\">292 <span class=\"votxt\">voix<\/span><\/span>\n\t\t\t<span class=\"dem-votes-txt-percent\">29%<\/span>\n\t\t<\/div>\n\t\t<div class=\"dem-percent-txt\">292 voix - 29% des votes<\/div>\n\t<\/div>\n<\/li><li  title=\"151 voix - 15% des votes\" data-aid=\"5466\">\n\t<div class=\"dem-label\">Lou Jeanmonnot (biathlon)  <span class=\"dem-label-percent-txt\">15%, 151 <span class=\"votxt\">voix<\/span><\/span><\/div>\n\t<div class=\"dem-graph\">\n\t\t<div class=\"dem-fill\" data-width=\"52%\"><\/div>\n\t\t<div class=\"dem-votes-txt\">\n\t\t\t<span class=\"dem-votes-txt-votes\">151 <span class=\"votxt\">voix<\/span><\/span>\n\t\t\t<span class=\"dem-votes-txt-percent\">15%<\/span>\n\t\t<\/div>\n\t\t<div class=\"dem-percent-txt\">151 voix - 15% des votes<\/div>\n\t<\/div>\n<\/li><li  title=\"135 voix - 13% des votes\" data-aid=\"5465\">\n\t<div class=\"dem-label\">Ang\u00e8le Hug (cano\u00eb-kayak)  <span class=\"dem-label-percent-txt\">13%, 135 <span class=\"votxt\">voix<\/span><\/span><\/div>\n\t<div class=\"dem-graph\">\n\t\t<div class=\"dem-fill\" data-width=\"46%\"><\/div>\n\t\t<div class=\"dem-votes-txt\">\n\t\t\t<span class=\"dem-votes-txt-votes\">135 <span class=\"votxt\">voix<\/span><\/span>\n\t\t\t<span class=\"dem-votes-txt-percent\">13%<\/span>\n\t\t<\/div>\n\t\t<div class=\"dem-percent-txt\">135 voix - 13% des votes<\/div>\n\t<\/div>\n<\/li><li  title=\"116 voix - 12% des votes\" data-aid=\"5471\">\n\t<div class=\"dem-label\">Julia Simon (biathlon)  <span class=\"dem-label-percent-txt\">12%, 116 <span class=\"votxt\">voix<\/span><\/span><\/div>\n\t<div class=\"dem-graph\">\n\t\t<div class=\"dem-fill\" data-width=\"40%\"><\/div>\n\t\t<div class=\"dem-votes-txt\">\n\t\t\t<span class=\"dem-votes-txt-votes\">116 <span class=\"votxt\">voix<\/span><\/span>\n\t\t\t<span class=\"dem-votes-txt-percent\">12%<\/span>\n\t\t<\/div>\n\t\t<div class=\"dem-percent-txt\">116 voix - 12% des votes<\/div>\n\t<\/div>\n<\/li><li  title=\"79 voix - 8% des votes\" data-aid=\"5469\">\n\t<div class=\"dem-label\">Doriane Pin (F1 Academy)  <span class=\"dem-label-percent-txt\">8%, 79 <span class=\"votxt\">voix<\/span><\/span><\/div>\n\t<div class=\"dem-graph\">\n\t\t<div class=\"dem-fill\" data-width=\"27%\"><\/div>\n\t\t<div class=\"dem-votes-txt\">\n\t\t\t<span class=\"dem-votes-txt-votes\">79 <span class=\"votxt\">voix<\/span><\/span>\n\t\t\t<span class=\"dem-votes-txt-percent\">8%<\/span>\n\t\t<\/div>\n\t\t<div class=\"dem-percent-txt\">79 voix - 8% des votes<\/div>\n\t<\/div>\n<\/li><li  title=\"65 voix - 6% des votes\" data-aid=\"5467\">\n\t<div class=\"dem-label\">Perrine Laffont (ski de bosses)  <span class=\"dem-label-percent-txt\">6%, 65 <span class=\"votxt\">voix<\/span><\/span><\/div>\n\t<div class=\"dem-graph\">\n\t\t<div class=\"dem-fill\" data-width=\"22%\"><\/div>\n\t\t<div class=\"dem-votes-txt\">\n\t\t\t<span class=\"dem-votes-txt-votes\">65 <span class=\"votxt\">voix<\/span><\/span>\n\t\t\t<span class=\"dem-votes-txt-percent\">6%<\/span>\n\t\t<\/div>\n\t\t<div class=\"dem-percent-txt\">65 voix - 6% des votes<\/div>\n\t<\/div>\n<\/li><li  title=\"54 voix - 5% des votes\" data-aid=\"5462\">\n\t<div class=\"dem-label\">Marie-Julie Bonnin (athl\u00e9tisme)  <span class=\"dem-label-percent-txt\">5%, 54 <span class=\"votxt\">voix<\/span><\/span><\/div>\n\t<div class=\"dem-graph\">\n\t\t<div class=\"dem-fill\" data-width=\"18%\"><\/div>\n\t\t<div class=\"dem-votes-txt\">\n\t\t\t<span class=\"dem-votes-txt-votes\">54 <span class=\"votxt\">voix<\/span><\/span>\n\t\t\t<span class=\"dem-votes-txt-percent\">5%<\/span>\n\t\t<\/div>\n\t\t<div class=\"dem-percent-txt\">54 voix - 5% des votes<\/div>\n\t<\/div>\n<\/li><li  title=\"46 voix - 5% des votes\" data-aid=\"5470\">\n\t<div class=\"dem-label\">Camille Prigent (cano\u00eb-kayak)  <span class=\"dem-label-percent-txt\">5%, 46 <span class=\"votxt\">voix<\/span><\/span><\/div>\n\t<div class=\"dem-graph\">\n\t\t<div class=\"dem-fill\" data-width=\"16%\"><\/div>\n\t\t<div class=\"dem-votes-txt\">\n\t\t\t<span class=\"dem-votes-txt-votes\">46 <span class=\"votxt\">voix<\/span><\/span>\n\t\t\t<span class=\"dem-votes-txt-percent\">5%<\/span>\n\t\t<\/div>\n\t\t<div class=\"dem-percent-txt\">46 voix - 5% des votes<\/div>\n\t<\/div>\n<\/li><li  title=\"35 voix - 3% des votes\" data-aid=\"5463\">\n\t<div class=\"dem-label\">L\u00e9a Casta (snowboardcross)  <span class=\"dem-label-percent-txt\">3%, 35 <span class=\"votxt\">voix<\/span><\/span><\/div>\n\t<div class=\"dem-graph\">\n\t\t<div class=\"dem-fill\" data-width=\"12%\"><\/div>\n\t\t<div class=\"dem-votes-txt\">\n\t\t\t<span class=\"dem-votes-txt-votes\">35 <span class=\"votxt\">voix<\/span><\/span>\n\t\t\t<span class=\"dem-votes-txt-percent\">3%<\/span>\n\t\t<\/div>\n\t\t<div class=\"dem-percent-txt\">35 voix - 3% des votes<\/div>\n\t<\/div>\n<\/li><li  title=\"33 voix - 3% des votes\" data-aid=\"5468\">\n\t<div class=\"dem-label\">Marine Lefeuvre (roller course)  <span class=\"dem-label-percent-txt\">3%, 33 <span class=\"votxt\">voix<\/span><\/span><\/div>\n\t<div class=\"dem-graph\">\n\t\t<div class=\"dem-fill\" data-width=\"11%\"><\/div>\n\t\t<div class=\"dem-votes-txt\">\n\t\t\t<span class=\"dem-votes-txt-votes\">33 <span class=\"votxt\">voix<\/span><\/span>\n\t\t\t<span class=\"dem-votes-txt-percent\">3%<\/span>\n\t\t<\/div>\n\t\t<div class=\"dem-percent-txt\">33 voix - 3% des votes<\/div>\n\t<\/div>\n<\/li>\n<\/ul>\n<div class=\"dem-bottom\">\n\t<div class=\"dem-poll-info\">\n\t\t<div class=\"dem-total-votes\">Total des votes : 1006<\/div>\n\t\t\n\t\t<div class=\"dem-date\" title=\"D\u00e9but\">\n\t\t\t<span class=\"dem-begin-date\">5 d\u00e9cembre 2025<\/span> - <span class=\"dem-end-date\" title=\"Fin\">21 d\u00e9cembre 2025<\/span>\n\t\t<\/div>\n\t\t\n\t\t<div>Les votes sont clos<\/div>\n\t\t\n\t<\/div>\n\t\n<\/div><\/div><noscript>Poll Options are limited because JavaScript is disabled in your browser.<\/noscript><div class=\"dem-loader\"><div><style type=\"text\/css\">\n.dem-circle {\n  width:100%;\n  height:100%;\n  min-width:40px;\n  min-height:40px;\n  max-width:70px;\n  max-height:70px;\n\n  position: relative;\n  margin: 0 auto;\n}\n\n.double-bounce1, .double-bounce2 {\n  width: 100%;\n  height: 100%;\n  border-radius: 50%;\n  background-color: #226ec6;\n  opacity: 0.6;\n  position: absolute;\n  top: 0;\n  left: 0;\n  \n  -webkit-animation: bounce 2.0s infinite ease-in-out;\n  animation: bounce 2.0s infinite ease-in-out;\n}\n\n.double-bounce2 {\n  -webkit-animation-delay: -1.0s;\n  animation-delay: -1.0s;\n}\n\n@-webkit-keyframes bounce {\n  0%, 100% { -webkit-transform: scale(0.0) }\n  50% { -webkit-transform: scale(1.0) }\n}\n\n@keyframes bounce {\n  0%, 100% { \n    transform: scale(0.0);\n    -webkit-transform: scale(0.0);\n  } 50% { \n    transform: scale(1.0);\n    -webkit-transform: scale(1.0);\n  }\n}<\/style>\n\n<div class=\"dem-circle\">\n  <div class=\"double-bounce1 css-fill\"><\/div>\n  <div class=\"double-bounce2 css-fill\"><\/div>\n<\/div><\/div><\/div><\/div><!--democracy--><\/div>\n","protected":false},"excerpt":{"rendered":"<p>\u00c9lisez la Championne des Championnes fran\u00e7aises 2025 ! Qui succ\u00e9dera \u00e0 Cassandre Beaugrand ? R\u00e9ponse le 31 d\u00e9cembre prochain.<\/p>\n","protected":false},"author":4,"featured_media":630435,"comment_status":"open","ping_status":"closed","sticky":false,"template":"","format":"standard","meta":{"_acf_changed":false,"_daextam_enable_autolinks":"1","footnotes":""},"categories":[2316],"tags":[32415,16878,12789,20621,12790],"class_list":["post-629907","post","type-post","status-publish","format-standard","has-post-thumbnail","hentry","category-tous-les-sports","tag-actu","tag-breve","tag-recompense","tag-recompenses-tricolores","tag-sportives-francaises"],"acf":[],"yoast_head":"<!-- This site is optimized with the Yoast SEO Premium plugin v26.7 (Yoast SEO v26.7) - https:\/\/yoast.com\/wordpress\/plugins\/seo\/ -->\n<title>Ferrand-Pr\u00e9vot, Simon, Laffont... \u00c9lisez la Championne des Championnes fran\u00e7aises 2025<\/title>\n<meta name=\"description\" content=\"MULTISPORTS - \u00c9lisez la Championne des Championnes fran\u00e7aises 2025 ! Qui succ\u00e9dera \u00e0 Cassandre Beaugrand ? R\u00e9ponse le 31 d\u00e9cembre prochain.\" \/>\n<meta name=\"robots\" content=\"index, follow, max-snippet:-1, max-image-preview:large, max-video-preview:-1\" \/>\n<link rel=\"canonical\" href=\"https:\/\/dicodusport.fr\/blog\/ferrand-prevot-simon-laffont-elisez-la-championne-des-championnes-francaises-2025\/\" \/>\n<meta property=\"og:locale\" content=\"fr_FR\" \/>\n<meta property=\"og:type\" content=\"article\" \/>\n<meta property=\"og:title\" content=\"Ferrand-Pr\u00e9vot, Simon, Laffont... \u00c9lisez la Championne des Championnes fran\u00e7aises 2025\" \/>\n<meta property=\"og:description\" content=\"MULTISPORTS - \u00c9lisez la Championne des Championnes fran\u00e7aises 2025 ! Qui succ\u00e9dera \u00e0 Cassandre Beaugrand ? R\u00e9ponse le 31 d\u00e9cembre prochain.\" \/>\n<meta property=\"og:url\" content=\"https:\/\/dicodusport.fr\/blog\/ferrand-prevot-simon-laffont-elisez-la-championne-des-championnes-francaises-2025\/\" \/>\n<meta property=\"og:site_name\" content=\"Dicodusport\" \/>\n<meta property=\"article:publisher\" content=\"https:\/\/www.facebook.com\/dicodusport\" \/>\n<meta property=\"article:author\" content=\"https:\/\/www.facebook.com\/florent.ostermann\" \/>\n<meta property=\"article:published_time\" content=\"2025-12-09T19:14:03+00:00\" \/>\n<meta property=\"article:modified_time\" content=\"2025-12-09T20:34:20+00:00\" \/>\n<meta property=\"og:image\" content=\"https:\/\/dicodusport.fr\/blog\/wp-content\/uploads\/2025\/12\/Ferrand-Prevot-Simon-Laffont-Elisez-la-Championne-des-Championnes-francaises-2025.png\" \/>\n\t<meta property=\"og:image:width\" content=\"1200\" \/>\n\t<meta property=\"og:image:height\" content=\"674\" \/>\n\t<meta property=\"og:image:type\" content=\"image\/png\" \/>\n<meta name=\"author\" content=\"Flo Ostermann\" \/>\n<meta name=\"twitter:card\" content=\"summary_large_image\" \/>\n<meta name=\"twitter:title\" content=\"Ferrand-Pr\u00e9vot, Simon, Laffont... \u00c9lisez la Championne des Championnes fran\u00e7aises 2025\" \/>\n<meta name=\"twitter:creator\" content=\"@https:\/\/twitter.com\/FlOstermann\" \/>\n<meta name=\"twitter:site\" content=\"@dicodusport\" \/>\n<script type=\"application\/ld+json\" class=\"yoast-schema-graph\">{\"@context\":\"https:\/\/schema.org\",\"@graph\":[{\"@type\":\"NewsArticle\",\"@id\":\"https:\/\/dicodusport.fr\/blog\/ferrand-prevot-simon-laffont-elisez-la-championne-des-championnes-francaises-2025\/#article\",\"isPartOf\":{\"@id\":\"https:\/\/dicodusport.fr\/blog\/ferrand-prevot-simon-laffont-elisez-la-championne-des-championnes-francaises-2025\/\"},\"author\":{\"name\":\"Flo Ostermann\",\"@id\":\"https:\/\/dicodusport.fr\/blog\/#\/schema\/person\/cb02af4c173ce4a653b55e9baf388d4a\"},\"headline\":\"Ferrand-Pr\u00e9vot, Simon, Laffont&#8230; \u00c9lisez la Championne des Championnes fran\u00e7aises 2025\",\"datePublished\":\"2025-12-09T19:14:03+00:00\",\"dateModified\":\"2025-12-09T20:34:20+00:00\",\"mainEntityOfPage\":{\"@id\":\"https:\/\/dicodusport.fr\/blog\/ferrand-prevot-simon-laffont-elisez-la-championne-des-championnes-francaises-2025\/\"},\"wordCount\":1589,\"commentCount\":1,\"publisher\":{\"@id\":\"https:\/\/dicodusport.fr\/blog\/#organization\"},\"image\":{\"@id\":\"https:\/\/dicodusport.fr\/blog\/ferrand-prevot-simon-laffont-elisez-la-championne-des-championnes-francaises-2025\/#primaryimage\"},\"thumbnailUrl\":\"https:\/\/dicodusport.fr\/blog\/wp-content\/uploads\/2025\/12\/Ferrand-Prevot-Simon-Laffont-Elisez-la-Championne-des-Championnes-francaises-2025.png\",\"keywords\":[\"actu\",\"br\u00e8ve\",\"R\u00e9compense\",\"R\u00e9compenses tricolores\",\"Sportives fran\u00e7aises\"],\"articleSection\":[\"Sports\"],\"inLanguage\":\"fr-FR\",\"potentialAction\":[{\"@type\":\"CommentAction\",\"name\":\"Comment\",\"target\":[\"https:\/\/dicodusport.fr\/blog\/ferrand-prevot-simon-laffont-elisez-la-championne-des-championnes-francaises-2025\/#respond\"]}],\"copyrightYear\":\"2025\",\"copyrightHolder\":{\"@id\":\"https:\/\/dicodusport.fr\/blog\/#organization\"}},{\"@type\":\"WebPage\",\"@id\":\"https:\/\/dicodusport.fr\/blog\/ferrand-prevot-simon-laffont-elisez-la-championne-des-championnes-francaises-2025\/\",\"url\":\"https:\/\/dicodusport.fr\/blog\/ferrand-prevot-simon-laffont-elisez-la-championne-des-championnes-francaises-2025\/\",\"name\":\"Ferrand-Pr\u00e9vot, Simon, Laffont... \u00c9lisez la Championne des Championnes fran\u00e7aises 2025\",\"isPartOf\":{\"@id\":\"https:\/\/dicodusport.fr\/blog\/#website\"},\"primaryImageOfPage\":{\"@id\":\"https:\/\/dicodusport.fr\/blog\/ferrand-prevot-simon-laffont-elisez-la-championne-des-championnes-francaises-2025\/#primaryimage\"},\"image\":{\"@id\":\"https:\/\/dicodusport.fr\/blog\/ferrand-prevot-simon-laffont-elisez-la-championne-des-championnes-francaises-2025\/#primaryimage\"},\"thumbnailUrl\":\"https:\/\/dicodusport.fr\/blog\/wp-content\/uploads\/2025\/12\/Ferrand-Prevot-Simon-Laffont-Elisez-la-Championne-des-Championnes-francaises-2025.png\",\"datePublished\":\"2025-12-09T19:14:03+00:00\",\"dateModified\":\"2025-12-09T20:34:20+00:00\",\"description\":\"MULTISPORTS - \u00c9lisez la Championne des Championnes fran\u00e7aises 2025 ! Qui succ\u00e9dera \u00e0 Cassandre Beaugrand ? R\u00e9ponse le 31 d\u00e9cembre prochain.\",\"breadcrumb\":{\"@id\":\"https:\/\/dicodusport.fr\/blog\/ferrand-prevot-simon-laffont-elisez-la-championne-des-championnes-francaises-2025\/#breadcrumb\"},\"inLanguage\":\"fr-FR\",\"potentialAction\":[{\"@type\":\"ReadAction\",\"target\":[\"https:\/\/dicodusport.fr\/blog\/ferrand-prevot-simon-laffont-elisez-la-championne-des-championnes-francaises-2025\/\"]}]},{\"@type\":\"ImageObject\",\"inLanguage\":\"fr-FR\",\"@id\":\"https:\/\/dicodusport.fr\/blog\/ferrand-prevot-simon-laffont-elisez-la-championne-des-championnes-francaises-2025\/#primaryimage\",\"url\":\"https:\/\/dicodusport.fr\/blog\/wp-content\/uploads\/2025\/12\/Ferrand-Prevot-Simon-Laffont-Elisez-la-Championne-des-Championnes-francaises-2025.png\",\"contentUrl\":\"https:\/\/dicodusport.fr\/blog\/wp-content\/uploads\/2025\/12\/Ferrand-Prevot-Simon-Laffont-Elisez-la-Championne-des-Championnes-francaises-2025.png\",\"width\":1200,\"height\":674,\"caption\":\"Ferrand-Pr\u00e9vot, Simon, Laffont \u00c9lisez la Championne des Championnes fran\u00e7aises 2025\"},{\"@type\":\"BreadcrumbList\",\"@id\":\"https:\/\/dicodusport.fr\/blog\/ferrand-prevot-simon-laffont-elisez-la-championne-des-championnes-francaises-2025\/#breadcrumb\",\"itemListElement\":[{\"@type\":\"ListItem\",\"position\":1,\"name\":\"Accueil\",\"item\":\"https:\/\/dicodusport.fr\/blog\/\"},{\"@type\":\"ListItem\",\"position\":2,\"name\":\"Ferrand-Pr\u00e9vot, Simon, Laffont&#8230; \u00c9lisez la Championne des Championnes fran\u00e7aises 2025\"}]},{\"@type\":\"WebSite\",\"@id\":\"https:\/\/dicodusport.fr\/blog\/#website\",\"url\":\"https:\/\/dicodusport.fr\/blog\/\",\"name\":\"Dicodusport\",\"description\":\"L&#039;encyclop\u00e9die de l&#039;actualit\u00e9 sportive\",\"publisher\":{\"@id\":\"https:\/\/dicodusport.fr\/blog\/#organization\"},\"potentialAction\":[{\"@type\":\"SearchAction\",\"target\":{\"@type\":\"EntryPoint\",\"urlTemplate\":\"https:\/\/dicodusport.fr\/blog\/?s={search_term_string}\"},\"query-input\":{\"@type\":\"PropertyValueSpecification\",\"valueRequired\":true,\"valueName\":\"search_term_string\"}}],\"inLanguage\":\"fr-FR\"},{\"@type\":\"NewsMediaOrganization\",\"@id\":\"https:\/\/dicodusport.fr\/blog\/#organization\",\"name\":\"Dicodusport\",\"url\":\"https:\/\/dicodusport.fr\/blog\/\",\"logo\":{\"@type\":\"ImageObject\",\"inLanguage\":\"fr-FR\",\"@id\":\"https:\/\/dicodusport.fr\/blog\/#\/schema\/logo\/image\/\",\"url\":\"https:\/\/dicodusport.fr\/blog\/wp-content\/uploads\/2020\/06\/cropped-LOGO-DICODUSPORT-2020-SANS-FOND-SANS-TEXTE.png\",\"contentUrl\":\"https:\/\/dicodusport.fr\/blog\/wp-content\/uploads\/2020\/06\/cropped-LOGO-DICODUSPORT-2020-SANS-FOND-SANS-TEXTE.png\",\"width\":512,\"height\":512,\"caption\":\"Dicodusport\"},\"image\":{\"@id\":\"https:\/\/dicodusport.fr\/blog\/#\/schema\/logo\/image\/\"},\"sameAs\":[\"https:\/\/www.facebook.com\/dicodusport\",\"https:\/\/x.com\/dicodusport\",\"https:\/\/www.instagram.com\/dicodusport\/\",\"https:\/\/www.youtube.com\/channel\/UC7V2KZ5sd3htJivAbA4ZG3w\"],\"description\":\"Dicodusport est l'encyclop\u00e9die de l'actualit\u00e9 sportive.\",\"email\":\"bonjour@dicodusport.fr\",\"legalName\":\"DICODUSPORT\",\"foundingDate\":\"2018-01-14\",\"vatID\":\"FR71834470973\",\"taxID\":\"83447097300043\",\"numberOfEmployees\":{\"@type\":\"QuantitativeValue\",\"minValue\":\"1\",\"maxValue\":\"10\"}},{\"@type\":\"Person\",\"@id\":\"https:\/\/dicodusport.fr\/blog\/#\/schema\/person\/cb02af4c173ce4a653b55e9baf388d4a\",\"name\":\"Flo Ostermann\",\"image\":{\"@type\":\"ImageObject\",\"inLanguage\":\"fr-FR\",\"@id\":\"https:\/\/dicodusport.fr\/blog\/#\/schema\/person\/image\/\",\"url\":\"https:\/\/dicodusport.fr\/blog\/wp-content\/uploads\/2021\/05\/Flo-Ostermann-150x150.jpg\",\"contentUrl\":\"https:\/\/dicodusport.fr\/blog\/wp-content\/uploads\/2021\/05\/Flo-Ostermann-150x150.jpg\",\"caption\":\"Flo Ostermann\"},\"description\":\"Journaliste\/R\u00e9dacteur depuis septembre 2015 - Mes premiers souvenirs dans le sport ? Les envol\u00e9es du Stade Toulousain et les duels Villeneuve-Schumacher et H\u00e4kkinen-Schumacher \u00e0 la fin des ann\u00e9es 90, la Coupe du monde de football en 1998, l\u2019exploit du XV de France face aux All Blacks en 1999, mais aussi Richard C\u0153ur de Lion qui vole sur les montagnes du Tour de France. Bien parti pour devenir professeur d\u2019EPS, les \u00e9v\u00e9nements de la vie (et la flemme d\u2019animer des s\u00e9ances de 3x500 m\u00e8tres toute ma vie) m\u2019ont conduit \u00e0 revoir mes plans. Me voil\u00e0 depuis fin 2017 sur Dicodusport, m\u00e9dia gr\u00e2ce (et pour) lequel je partage ma passion : le sport dans tous ses \u00e9tats. Le tout accompagn\u00e9 par les fous furieux et folles furieuses cit\u00e9s sur cette page !\",\"sameAs\":[\"https:\/\/www.facebook.com\/florent.ostermann\",\"https:\/\/x.com\/https:\/\/twitter.com\/FlOstermann\",\"admin\"],\"url\":\"https:\/\/dicodusport.fr\/blog\/author\/flo\/\"}]}<\/script>\n<!-- \/ Yoast SEO Premium plugin. -->","yoast_head_json":{"title":"Ferrand-Pr\u00e9vot, Simon, Laffont... \u00c9lisez la Championne des Championnes fran\u00e7aises 2025","description":"MULTISPORTS - \u00c9lisez la Championne des Championnes fran\u00e7aises 2025 ! Qui succ\u00e9dera \u00e0 Cassandre Beaugrand ? R\u00e9ponse le 31 d\u00e9cembre prochain.","robots":{"index":"index","follow":"follow","max-snippet":"max-snippet:-1","max-image-preview":"max-image-preview:large","max-video-preview":"max-video-preview:-1"},"canonical":"https:\/\/dicodusport.fr\/blog\/ferrand-prevot-simon-laffont-elisez-la-championne-des-championnes-francaises-2025\/","og_locale":"fr_FR","og_type":"article","og_title":"Ferrand-Pr\u00e9vot, Simon, Laffont... \u00c9lisez la Championne des Championnes fran\u00e7aises 2025","og_description":"MULTISPORTS - \u00c9lisez la Championne des Championnes fran\u00e7aises 2025 ! Qui succ\u00e9dera \u00e0 Cassandre Beaugrand ? R\u00e9ponse le 31 d\u00e9cembre prochain.","og_url":"https:\/\/dicodusport.fr\/blog\/ferrand-prevot-simon-laffont-elisez-la-championne-des-championnes-francaises-2025\/","og_site_name":"Dicodusport","article_publisher":"https:\/\/www.facebook.com\/dicodusport","article_author":"https:\/\/www.facebook.com\/florent.ostermann","article_published_time":"2025-12-09T19:14:03+00:00","article_modified_time":"2025-12-09T20:34:20+00:00","og_image":[{"width":1200,"height":674,"url":"https:\/\/dicodusport.fr\/blog\/wp-content\/uploads\/2025\/12\/Ferrand-Prevot-Simon-Laffont-Elisez-la-Championne-des-Championnes-francaises-2025.png","type":"image\/png"}],"author":"Flo Ostermann","twitter_card":"summary_large_image","twitter_title":"Ferrand-Pr\u00e9vot, Simon, Laffont... \u00c9lisez la Championne des Championnes fran\u00e7aises 2025","twitter_creator":"@https:\/\/twitter.com\/FlOstermann","twitter_site":"@dicodusport","schema":{"@context":"https:\/\/schema.org","@graph":[{"@type":"NewsArticle","@id":"https:\/\/dicodusport.fr\/blog\/ferrand-prevot-simon-laffont-elisez-la-championne-des-championnes-francaises-2025\/#article","isPartOf":{"@id":"https:\/\/dicodusport.fr\/blog\/ferrand-prevot-simon-laffont-elisez-la-championne-des-championnes-francaises-2025\/"},"author":{"name":"Flo Ostermann","@id":"https:\/\/dicodusport.fr\/blog\/#\/schema\/person\/cb02af4c173ce4a653b55e9baf388d4a"},"headline":"Ferrand-Pr\u00e9vot, Simon, Laffont&#8230; \u00c9lisez la Championne des Championnes fran\u00e7aises 2025","datePublished":"2025-12-09T19:14:03+00:00","dateModified":"2025-12-09T20:34:20+00:00","mainEntityOfPage":{"@id":"https:\/\/dicodusport.fr\/blog\/ferrand-prevot-simon-laffont-elisez-la-championne-des-championnes-francaises-2025\/"},"wordCount":1589,"commentCount":1,"publisher":{"@id":"https:\/\/dicodusport.fr\/blog\/#organization"},"image":{"@id":"https:\/\/dicodusport.fr\/blog\/ferrand-prevot-simon-laffont-elisez-la-championne-des-championnes-francaises-2025\/#primaryimage"},"thumbnailUrl":"https:\/\/dicodusport.fr\/blog\/wp-content\/uploads\/2025\/12\/Ferrand-Prevot-Simon-Laffont-Elisez-la-Championne-des-Championnes-francaises-2025.png","keywords":["actu","br\u00e8ve","R\u00e9compense","R\u00e9compenses tricolores","Sportives fran\u00e7aises"],"articleSection":["Sports"],"inLanguage":"fr-FR","potentialAction":[{"@type":"CommentAction","name":"Comment","target":["https:\/\/dicodusport.fr\/blog\/ferrand-prevot-simon-laffont-elisez-la-championne-des-championnes-francaises-2025\/#respond"]}],"copyrightYear":"2025","copyrightHolder":{"@id":"https:\/\/dicodusport.fr\/blog\/#organization"}},{"@type":"WebPage","@id":"https:\/\/dicodusport.fr\/blog\/ferrand-prevot-simon-laffont-elisez-la-championne-des-championnes-francaises-2025\/","url":"https:\/\/dicodusport.fr\/blog\/ferrand-prevot-simon-laffont-elisez-la-championne-des-championnes-francaises-2025\/","name":"Ferrand-Pr\u00e9vot, Simon, Laffont... \u00c9lisez la Championne des Championnes fran\u00e7aises 2025","isPartOf":{"@id":"https:\/\/dicodusport.fr\/blog\/#website"},"primaryImageOfPage":{"@id":"https:\/\/dicodusport.fr\/blog\/ferrand-prevot-simon-laffont-elisez-la-championne-des-championnes-francaises-2025\/#primaryimage"},"image":{"@id":"https:\/\/dicodusport.fr\/blog\/ferrand-prevot-simon-laffont-elisez-la-championne-des-championnes-francaises-2025\/#primaryimage"},"thumbnailUrl":"https:\/\/dicodusport.fr\/blog\/wp-content\/uploads\/2025\/12\/Ferrand-Prevot-Simon-Laffont-Elisez-la-Championne-des-Championnes-francaises-2025.png","datePublished":"2025-12-09T19:14:03+00:00","dateModified":"2025-12-09T20:34:20+00:00","description":"MULTISPORTS - \u00c9lisez la Championne des Championnes fran\u00e7aises 2025 ! Qui succ\u00e9dera \u00e0 Cassandre Beaugrand ? R\u00e9ponse le 31 d\u00e9cembre prochain.","breadcrumb":{"@id":"https:\/\/dicodusport.fr\/blog\/ferrand-prevot-simon-laffont-elisez-la-championne-des-championnes-francaises-2025\/#breadcrumb"},"inLanguage":"fr-FR","potentialAction":[{"@type":"ReadAction","target":["https:\/\/dicodusport.fr\/blog\/ferrand-prevot-simon-laffont-elisez-la-championne-des-championnes-francaises-2025\/"]}]},{"@type":"ImageObject","inLanguage":"fr-FR","@id":"https:\/\/dicodusport.fr\/blog\/ferrand-prevot-simon-laffont-elisez-la-championne-des-championnes-francaises-2025\/#primaryimage","url":"https:\/\/dicodusport.fr\/blog\/wp-content\/uploads\/2025\/12\/Ferrand-Prevot-Simon-Laffont-Elisez-la-Championne-des-Championnes-francaises-2025.png","contentUrl":"https:\/\/dicodusport.fr\/blog\/wp-content\/uploads\/2025\/12\/Ferrand-Prevot-Simon-Laffont-Elisez-la-Championne-des-Championnes-francaises-2025.png","width":1200,"height":674,"caption":"Ferrand-Pr\u00e9vot, Simon, Laffont \u00c9lisez la Championne des Championnes fran\u00e7aises 2025"},{"@type":"BreadcrumbList","@id":"https:\/\/dicodusport.fr\/blog\/ferrand-prevot-simon-laffont-elisez-la-championne-des-championnes-francaises-2025\/#breadcrumb","itemListElement":[{"@type":"ListItem","position":1,"name":"Accueil","item":"https:\/\/dicodusport.fr\/blog\/"},{"@type":"ListItem","position":2,"name":"Ferrand-Pr\u00e9vot, Simon, Laffont&#8230; \u00c9lisez la Championne des Championnes fran\u00e7aises 2025"}]},{"@type":"WebSite","@id":"https:\/\/dicodusport.fr\/blog\/#website","url":"https:\/\/dicodusport.fr\/blog\/","name":"Dicodusport","description":"L&#039;encyclop\u00e9die de l&#039;actualit\u00e9 sportive","publisher":{"@id":"https:\/\/dicodusport.fr\/blog\/#organization"},"potentialAction":[{"@type":"SearchAction","target":{"@type":"EntryPoint","urlTemplate":"https:\/\/dicodusport.fr\/blog\/?s={search_term_string}"},"query-input":{"@type":"PropertyValueSpecification","valueRequired":true,"valueName":"search_term_string"}}],"inLanguage":"fr-FR"},{"@type":"NewsMediaOrganization","@id":"https:\/\/dicodusport.fr\/blog\/#organization","name":"Dicodusport","url":"https:\/\/dicodusport.fr\/blog\/","logo":{"@type":"ImageObject","inLanguage":"fr-FR","@id":"https:\/\/dicodusport.fr\/blog\/#\/schema\/logo\/image\/","url":"https:\/\/dicodusport.fr\/blog\/wp-content\/uploads\/2020\/06\/cropped-LOGO-DICODUSPORT-2020-SANS-FOND-SANS-TEXTE.png","contentUrl":"https:\/\/dicodusport.fr\/blog\/wp-content\/uploads\/2020\/06\/cropped-LOGO-DICODUSPORT-2020-SANS-FOND-SANS-TEXTE.png","width":512,"height":512,"caption":"Dicodusport"},"image":{"@id":"https:\/\/dicodusport.fr\/blog\/#\/schema\/logo\/image\/"},"sameAs":["https:\/\/www.facebook.com\/dicodusport","https:\/\/x.com\/dicodusport","https:\/\/www.instagram.com\/dicodusport\/","https:\/\/www.youtube.com\/channel\/UC7V2KZ5sd3htJivAbA4ZG3w"],"description":"Dicodusport est l'encyclop\u00e9die de l'actualit\u00e9 sportive.","email":"bonjour@dicodusport.fr","legalName":"DICODUSPORT","foundingDate":"2018-01-14","vatID":"FR71834470973","taxID":"83447097300043","numberOfEmployees":{"@type":"QuantitativeValue","minValue":"1","maxValue":"10"}},{"@type":"Person","@id":"https:\/\/dicodusport.fr\/blog\/#\/schema\/person\/cb02af4c173ce4a653b55e9baf388d4a","name":"Flo Ostermann","image":{"@type":"ImageObject","inLanguage":"fr-FR","@id":"https:\/\/dicodusport.fr\/blog\/#\/schema\/person\/image\/","url":"https:\/\/dicodusport.fr\/blog\/wp-content\/uploads\/2021\/05\/Flo-Ostermann-150x150.jpg","contentUrl":"https:\/\/dicodusport.fr\/blog\/wp-content\/uploads\/2021\/05\/Flo-Ostermann-150x150.jpg","caption":"Flo Ostermann"},"description":"Journaliste\/R\u00e9dacteur depuis septembre 2015 - Mes premiers souvenirs dans le sport ? Les envol\u00e9es du Stade Toulousain et les duels Villeneuve-Schumacher et H\u00e4kkinen-Schumacher \u00e0 la fin des ann\u00e9es 90, la Coupe du monde de football en 1998, l\u2019exploit du XV de France face aux All Blacks en 1999, mais aussi Richard C\u0153ur de Lion qui vole sur les montagnes du Tour de France. Bien parti pour devenir professeur d\u2019EPS, les \u00e9v\u00e9nements de la vie (et la flemme d\u2019animer des s\u00e9ances de 3x500 m\u00e8tres toute ma vie) m\u2019ont conduit \u00e0 revoir mes plans. Me voil\u00e0 depuis fin 2017 sur Dicodusport, m\u00e9dia gr\u00e2ce (et pour) lequel je partage ma passion : le sport dans tous ses \u00e9tats. Le tout accompagn\u00e9 par les fous furieux et folles furieuses cit\u00e9s sur cette page !","sameAs":["https:\/\/www.facebook.com\/florent.ostermann","https:\/\/x.com\/https:\/\/twitter.com\/FlOstermann","admin"],"url":"https:\/\/dicodusport.fr\/blog\/author\/flo\/"}]}},"_links":{"self":[{"href":"https:\/\/dicodusport.fr\/blog\/wp-json\/wp\/v2\/posts\/629907","targetHints":{"allow":["GET"]}}],"collection":[{"href":"https:\/\/dicodusport.fr\/blog\/wp-json\/wp\/v2\/posts"}],"about":[{"href":"https:\/\/dicodusport.fr\/blog\/wp-json\/wp\/v2\/types\/post"}],"author":[{"embeddable":true,"href":"https:\/\/dicodusport.fr\/blog\/wp-json\/wp\/v2\/users\/4"}],"replies":[{"embeddable":true,"href":"https:\/\/dicodusport.fr\/blog\/wp-json\/wp\/v2\/comments?post=629907"}],"version-history":[{"count":5,"href":"https:\/\/dicodusport.fr\/blog\/wp-json\/wp\/v2\/posts\/629907\/revisions"}],"predecessor-version":[{"id":631328,"href":"https:\/\/dicodusport.fr\/blog\/wp-json\/wp\/v2\/posts\/629907\/revisions\/631328"}],"wp:featuredmedia":[{"embeddable":true,"href":"https:\/\/dicodusport.fr\/blog\/wp-json\/wp\/v2\/media\/630435"}],"wp:attachment":[{"href":"https:\/\/dicodusport.fr\/blog\/wp-json\/wp\/v2\/media?parent=629907"}],"wp:term":[{"taxonomy":"category","embeddable":true,"href":"https:\/\/dicodusport.fr\/blog\/wp-json\/wp\/v2\/categories?post=629907"},{"taxonomy":"post_tag","embeddable":true,"href":"https:\/\/dicodusport.fr\/blog\/wp-json\/wp\/v2\/tags?post=629907"}],"curies":[{"name":"wp","href":"https:\/\/api.w.org\/{rel}","templated":true}]}}