{"id":629923,"date":"2025-12-10T12:00:25","date_gmt":"2025-12-10T11:00:25","guid":{"rendered":"https:\/\/dicodusport.fr\/blog\/?p=629923&#038;preview=true&#038;preview_id=629923"},"modified":"2026-01-03T22:59:58","modified_gmt":"2026-01-03T21:59:58","slug":"toujours-pas-de-top-50-en-vue-est-il-deja-trop-tard-pour-luca-van-assche","status":"publish","type":"post","link":"https:\/\/dicodusport.fr\/blog\/toujours-pas-de-top-50-en-vue-est-il-deja-trop-tard-pour-luca-van-assche\/","title":{"rendered":"Toujours pas de Top 50 en vue : est-il d\u00e9j\u00e0 trop tard pour Luca Van Assche ?"},"content":{"rendered":"<p style=\"text-align: justify;\"><strong><em>TENNIS &#8211; Vainqueur de Roland-Garros juniors en 2021, Luca Van Assche, apr\u00e8s des d\u00e9buts prometteurs, marque le pas dans sa carri\u00e8re.<\/em><\/strong><\/p>\n<p style=\"text-align: justify;\">Il n&rsquo;a que 21 ans et pourtant, on a cette impression que le temps passe vite, voire trop vite pour lui. <strong>Luca Van Assche<\/strong> est peut-\u00eatre d\u00e9j\u00e0 \u00e0 un carrefour de sa carri\u00e8re. Le vainqueur de Roland-Garros juniors en 2021 (\u00e0 tout juste 17 ans) a connu une ann\u00e9e 2025 pleine de gal\u00e8re, qu&rsquo;il termine \u00e0 la 166e place mondiale. Plus de 100 places en dessous de son meilleur classement en carri\u00e8re : une 63e place fin 2023, au terme d&rsquo;une ann\u00e9e assez encourageante et \u00e0 19 ans et demi seulement.<\/p>\n<div class=\"vlp-link-container vlp-layout-article\"><a href=\"https:\/\/dicodusport.fr\/blog\/roland-garros-luca-van-assche-s-offre-le-titre-chez-les-juniors\/\" class=\"vlp-link\" title=\"Roland-Garros : Luca Van Assche s&#039;offre le titre chez les juniors !\"><\/a><div class=\"vlp-layout-zone-side\"><div class=\"vlp-block-4 vlp-link-image\"><img loading=\"lazy\" decoding=\"async\" style=\"max-width: 800px;\" width=\"800\" height=\"445\" src=\"https:\/\/dicodusport.fr\/blog\/wp-content\/uploads\/2021\/06\/Roland-Garros-Luca-Van-Assche-soffre-le-titre-chez-les-Juniors.png\" class=\"attachment-800x445 size-800x445\" alt=\"\" srcset=\"https:\/\/dicodusport.fr\/blog\/wp-content\/uploads\/2021\/06\/Roland-Garros-Luca-Van-Assche-soffre-le-titre-chez-les-Juniors.png 800w, https:\/\/dicodusport.fr\/blog\/wp-content\/uploads\/2021\/06\/Roland-Garros-Luca-Van-Assche-soffre-le-titre-chez-les-Juniors-300x167.png 300w, https:\/\/dicodusport.fr\/blog\/wp-content\/uploads\/2021\/06\/Roland-Garros-Luca-Van-Assche-soffre-le-titre-chez-les-Juniors-768x427.png 768w\" sizes=\"auto, (max-width: 800px) 100vw, 800px\" \/><\/div><\/div><div class=\"vlp-layout-zone-main\"><div class=\"vlp-block-0 vlp-link-title\">Roland-Garros : Luca Van Assche s'offre le titre chez les juniors !<\/div><div class=\"vlp-block-1 vlp-link-summary\">Roland-Garros 2021 &#8211; Luca Van Assche est le nouveau champion de Roland-Garros juniors !<\/div><div class=\"vlp-block-2 vlp-link-button\">Lire l'article<\/div><div class=\"vlp-block-3 vlp-link-url\">dicodusport.fr<\/div><\/div><\/div>\n<h2 style=\"text-align: justify;\">Une \u00e9mergence sur le circuit encourageante<\/h2>\n<p style=\"text-align: justify;\">Sans conna\u00eetre une explosion des performances, comme un Carlos Alcaraz, qui a un an de plus que le Fran\u00e7ais, <strong>Luca Van Assche<\/strong> a connu des d\u00e9buts professionnels tr\u00e8s int\u00e9ressants, franchissant les \u00e9tapes les unes apr\u00e8s les autres. Trois finales perdues sur le circuit Challenger en 2022, avant un premier titre en fin d&rsquo;ann\u00e9e. Il termine la saison dans le Top 150 ATP, \u00e0 seulement 18 ans. L&rsquo;ann\u00e9e 2023 est celle de la d\u00e9couverte : premi\u00e8re victoire en Grand Chelem chez lui \u00e0 Roland-Garros, victoires en ATP 250 et deux nouveaux titres en Challenger.<\/p>\n<ul style=\"text-align: justify;\">\n<li style=\"text-align: justify;\"><strong>\u00c0 ce sujet &#8211; <a href=\"https:\/\/dicodusport.fr\/blog\/atp-challenger-2022-luca-van-assche-debloque-son-compteur-avec-son-premier-titre\/\">ATP Challenger 2022 : Luca Van Assche d\u00e9bloque son compteur avec son premier titre !<\/a><\/strong><\/li>\n<\/ul>\n<p style=\"text-align: justify;\">Pour sa premi\u00e8re ann\u00e9e sur le circuit principal, les signaux sont prometteurs. Des d\u00e9faites serr\u00e9es contre <strong><a href=\"https:\/\/dicodusport.fr\/blog\/atp-banja-luka-luca-van-assche-met-a-mal-novak-djokovic-mais-sincline\/\">Novak Djokovic<\/a>, Andy Murray<\/strong> ou encore <strong>Aslan Karatsev<\/strong>. Il boucle l\u2019ann\u00e9e dans le Top 70 ATP. Il n\u2019est pas sur une progression spectaculaire, mais demeure le meilleur joueur n\u00e9 en 2004 sur le circuit, loin devant un <strong>Arthur Fils<\/strong> encore au-del\u00e0 du Top 200. Le voir d\u00e9but 2024 <a href=\"https:\/\/dicodusport.fr\/blog\/open-daustralie-2024-luca-van-assche-terrasse-lorenzo-musetti-pour-atteindre-le-3e-tour\/\">s\u2019offrir <strong>Lorenzo Musetti<\/strong> et un 3e tour en Grand Chelem<\/a> \u00e0 l\u2019Open d\u2019Australie fait grimper les espoirs.<\/p>\n<p style=\"text-align: justify;\">La suite sera plus compliqu\u00e9e : nombreuses \u00e9liminations au premier tour, seulement cinq matchs franchis apr\u00e8s Melbourne, difficult\u00e9s persistantes sur le circuit Challenger o\u00f9 il ne d\u00e9passe plus les demi-finales.<\/p>\n<h2 style=\"text-align: justify;\">Luca Van Assche, d\u00e9pass\u00e9 par des joueurs plus jeunes et par d\u2019autres Tricolores<\/h2>\n<p style=\"text-align: justify;\">Rejet\u00e9 au-del\u00e0 de la 150e place mondiale apr\u00e8s deux incursions hors du Top 200, <strong>Luca Van Assche<\/strong> voit 15 joueurs plus jeunes que lui le d\u00e9passer, dont le Tch\u00e8que <strong>Jakub Mensik<\/strong>, n\u00e9 en 2005 et d\u00e9j\u00e0 vainqueur d\u2019un Masters 1000. Pendant ce temps, <strong>Arthur Fils<\/strong> s&rsquo;approche du Top 10 mondial et remporte deux ATP 500, tandis que <strong>Giovanni Mpetshi Perricard<\/strong> gagne lui aussi un ATP 500.<\/p>\n<div class=\"vlp-link-container vlp-layout-article\"><a href=\"https:\/\/dicodusport.fr\/blog\/giovanni-mpetshi-perricard-a-t-il-trop-de-limites-pour-le-tres-haut-niveau\/\" class=\"vlp-link\" title=\"Giovanni Mpetshi Perricard a-t-il trop de limites pour le tr\u00e8s haut niveau ?\"><\/a><div class=\"vlp-layout-zone-side\"><div class=\"vlp-block-4 vlp-link-image\"><img loading=\"lazy\" decoding=\"async\" style=\"max-width: 792px;\" width=\"792\" height=\"445\" src=\"https:\/\/dicodusport.fr\/blog\/wp-content\/uploads\/2025\/10\/Tennis-Trop-de-limites-pour-monter-plus-haut-pour-Giovanni-Mpetshi-Perricard-.png\" class=\"attachment-800x445 size-800x445\" alt=\"Tennis - Trop de limites pour monter plus haut pour Giovanni Mpetshi Perricard ?\" srcset=\"https:\/\/dicodusport.fr\/blog\/wp-content\/uploads\/2025\/10\/Tennis-Trop-de-limites-pour-monter-plus-haut-pour-Giovanni-Mpetshi-Perricard-.png 1200w, https:\/\/dicodusport.fr\/blog\/wp-content\/uploads\/2025\/10\/Tennis-Trop-de-limites-pour-monter-plus-haut-pour-Giovanni-Mpetshi-Perricard--300x169.png 300w, https:\/\/dicodusport.fr\/blog\/wp-content\/uploads\/2025\/10\/Tennis-Trop-de-limites-pour-monter-plus-haut-pour-Giovanni-Mpetshi-Perricard--1024x575.png 1024w, https:\/\/dicodusport.fr\/blog\/wp-content\/uploads\/2025\/10\/Tennis-Trop-de-limites-pour-monter-plus-haut-pour-Giovanni-Mpetshi-Perricard--768x431.png 768w\" sizes=\"auto, (max-width: 792px) 100vw, 792px\" \/><\/div><\/div><div class=\"vlp-layout-zone-main\"><div class=\"vlp-block-0 vlp-link-title\">Giovanni Mpetshi Perricard a-t-il trop de limites pour le tr\u00e8s haut niveau ?<\/div><div class=\"vlp-block-1 vlp-link-summary\">Giovanni Mpetshi Perricard a affich\u00e9 des limites en 2025. Sont-elles insurmontables pour s'installer dans le Top 20 ? On d\u00e9crypte le jeu du Fran\u00e7ais.<\/div><div class=\"vlp-block-2 vlp-link-button\">Lire l'article<\/div><div class=\"vlp-block-3 vlp-link-url\">dicodusport.fr<\/div><\/div><\/div>\n<p style=\"text-align: justify;\">Tandis que ses deux compatriotes explosent, Van Assche peine \u00e0 regagner sa place sur le circuit principal : seulement deux matchs disput\u00e9s en 2025, une majorit\u00e9 de tournois jou\u00e9s en Challenger, une finale \u00e0 Zagreb mais beaucoup d\u2019\u00e9liminations pr\u00e9coces. Un regain appara\u00eet toutefois en fin d\u2019ann\u00e9e avec un titre \u00e0 Olbia et une victoire notable contre <strong>Pablo Carre\u00f1o Busta<\/strong>, ancien Top 20. Une \u00e9claircie qui ne suffira pas \u00e0 redresser totalement la fin de saison.<\/p>\n<h2 style=\"text-align: justify;\">Le cas Ugo Humbert comme exemple d\u2019une trajectoire possible<\/h2>\n<p style=\"text-align: justify;\">Une stagnation d\u00e9finitive ? Pas n\u00e9cessairement. Le cas <strong>Ugo Humbert<\/strong> peut inspirer. Entre hauts et bas marqu\u00e9s, le Mosellan a connu lui aussi des ann\u00e9es difficiles avant d&rsquo;exploser en 2024, ann\u00e9e marqu\u00e9e par une finale en Masters 1000 \u00e0 Paris-Bercy \u2014 la premi\u00e8re pour un Fran\u00e7ais depuis <strong>Ga\u00ebl Monfils<\/strong> en 2016. Une renaissance rendue possible par son travail et par une collaboration fructueuse avec <strong>J\u00e9r\u00e9my Chardy<\/strong>.<\/p>\n<div class=\"vlp-link-container vlp-layout-article\"><a href=\"https:\/\/dicodusport.fr\/blog\/rolex-paris-masters-2024-ugo-humbert-renverse-karen-kachanov-et-s-offre-une-premiere-finale-en-masters-1000\/\" class=\"vlp-link\" title=\"Rolex Paris Masters 2024 : Ugo Humbert renverse Karen Khachanov et s&#039;offre une premi\u00e8re finale en Masters 1000\"><\/a><div class=\"vlp-layout-zone-side\"><div class=\"vlp-block-4 vlp-link-image\"><img loading=\"lazy\" decoding=\"async\" style=\"max-width: 792px;\" width=\"792\" height=\"445\" src=\"https:\/\/dicodusport.fr\/blog\/wp-content\/uploads\/2024\/11\/Rolex-Paris-Masters-2024-Ugo-Humbert-renverse-Karen-Khachanov-et-soffre-une-premiere-finale-en-Masters-1000.png\" class=\"attachment-800x445 size-800x445\" alt=\"Rolex Paris Masters 2024 Ugo Humbert renverse Karen Khachanov et s&#039;offre une premi\u00e8re finale en Masters 1000\" srcset=\"https:\/\/dicodusport.fr\/blog\/wp-content\/uploads\/2024\/11\/Rolex-Paris-Masters-2024-Ugo-Humbert-renverse-Karen-Khachanov-et-soffre-une-premiere-finale-en-Masters-1000.png 1200w, https:\/\/dicodusport.fr\/blog\/wp-content\/uploads\/2024\/11\/Rolex-Paris-Masters-2024-Ugo-Humbert-renverse-Karen-Khachanov-et-soffre-une-premiere-finale-en-Masters-1000-300x169.png 300w, https:\/\/dicodusport.fr\/blog\/wp-content\/uploads\/2024\/11\/Rolex-Paris-Masters-2024-Ugo-Humbert-renverse-Karen-Khachanov-et-soffre-une-premiere-finale-en-Masters-1000-1024x575.png 1024w, https:\/\/dicodusport.fr\/blog\/wp-content\/uploads\/2024\/11\/Rolex-Paris-Masters-2024-Ugo-Humbert-renverse-Karen-Khachanov-et-soffre-une-premiere-finale-en-Masters-1000-768x431.png 768w\" sizes=\"auto, (max-width: 792px) 100vw, 792px\" \/><\/div><\/div><div class=\"vlp-layout-zone-main\"><div class=\"vlp-block-0 vlp-link-title\">Rolex Paris Masters 2024 : Ugo Humbert renverse Karen Khachanov et s'offre une premi\u00e8re finale en Masters 1000<\/div><div class=\"vlp-block-1 vlp-link-summary\">ROLEX PARIS MASTERS 2024 - Maladroit dans le premier set, Ugo Humbert a peu \u00e0 peu \u00e9teint Karen Khachanov pour renverser la rencontre.<\/div><div class=\"vlp-block-2 vlp-link-button\">Lire l'article<\/div><div class=\"vlp-block-3 vlp-link-url\">dicodusport.fr<\/div><\/div><\/div>\n<p style=\"text-align: justify;\">On peut citer aussi <strong>Alexander Bublik<\/strong>, auteur de sa meilleure saison \u00e0 28 ans, ou <strong>Taylor Fritz<\/strong>, d\u00e9sormais Top 5 mondial alors qu\u2019il \u00e9tait hors du Top 100 \u00e0 20 ans. Beaucoup de trajectoires tardives existent. Il n&rsquo;est donc pas trop tard pour <strong>Luca Van Assche<\/strong>\u2026 mais le temps perdu ne doit plus s\u2019accumuler.<\/p>\n<h2 style=\"text-align: justify;\">\u00c0 lire aussi<\/h2>\n<div class=\"vlp-link-container vlp-layout-article\"><a href=\"https:\/\/dicodusport.fr\/blog\/corentin-moutet-peut-il-etre-autre-chose-quun-joueur-frisson\/\" class=\"vlp-link\" title=\"Corentin Moutet peut-il \u00eatre autre chose qu&#039;un joueur frisson ?\"><\/a><div class=\"vlp-layout-zone-side\"><div class=\"vlp-block-4 vlp-link-image\"><img loading=\"lazy\" decoding=\"async\" style=\"max-width: 792px;\" width=\"792\" height=\"445\" src=\"https:\/\/dicodusport.fr\/blog\/wp-content\/uploads\/2025\/10\/Tennis-Corentin-Moutet-peut-il-etre-autre-chose-quun-joueur-frisson-.png\" class=\"attachment-800x445 size-800x445\" alt=\"Tennis - Corentin Moutet peut-il \u00eatre autre chose qu&#039;un joueur frisson ?\" srcset=\"https:\/\/dicodusport.fr\/blog\/wp-content\/uploads\/2025\/10\/Tennis-Corentin-Moutet-peut-il-etre-autre-chose-quun-joueur-frisson-.png 1200w, https:\/\/dicodusport.fr\/blog\/wp-content\/uploads\/2025\/10\/Tennis-Corentin-Moutet-peut-il-etre-autre-chose-quun-joueur-frisson--300x169.png 300w, https:\/\/dicodusport.fr\/blog\/wp-content\/uploads\/2025\/10\/Tennis-Corentin-Moutet-peut-il-etre-autre-chose-quun-joueur-frisson--1024x575.png 1024w, https:\/\/dicodusport.fr\/blog\/wp-content\/uploads\/2025\/10\/Tennis-Corentin-Moutet-peut-il-etre-autre-chose-quun-joueur-frisson--768x431.png 768w\" sizes=\"auto, (max-width: 792px) 100vw, 792px\" \/><\/div><\/div><div class=\"vlp-layout-zone-main\"><div class=\"vlp-block-0 vlp-link-title\">Corentin Moutet peut-il \u00eatre autre chose qu'un joueur frisson ?<\/div><div class=\"vlp-block-1 vlp-link-summary\">TENNIS - Battu au deuxi\u00e8me tour du Rolex Paris Masters 2025, Corentin Moutet a montr\u00e9 des limites. Peut-il les d\u00e9passer pour devenir un Top 10 ? On d\u00e9crypte le jeu du Fran\u00e7ais, ses progr\u00e8s en 2025, ses manques et ses limites.<\/div><div class=\"vlp-block-2 vlp-link-button\">Lire l'article<\/div><div class=\"vlp-block-3 vlp-link-url\">dicodusport.fr<\/div><\/div><\/div>\n","protected":false},"excerpt":{"rendered":"<p>TENNIS &#8211; Vainqueur de Roland-Garros juniors en 2021, Luca Van Assche, apr\u00e8s des d\u00e9buts prometteurs, marque le pas dans sa carri\u00e8re.<\/p>\n","protected":false},"author":83,"featured_media":629949,"comment_status":"open","ping_status":"closed","sticky":false,"template":"","format":"standard","meta":{"_acf_changed":false,"_daextam_enable_autolinks":"1","footnotes":""},"categories":[2302],"tags":[32415,16878,17252,2371],"class_list":["post-629923","post","type-post","status-publish","format-standard","has-post-thumbnail","hentry","category-tennis","tag-actu","tag-breve","tag-luca-van-assche","tag-releve-du-tennis-francais"],"acf":[],"yoast_head":"<!-- This site is optimized with the Yoast SEO Premium plugin v26.7 (Yoast SEO v26.7) - https:\/\/yoast.com\/wordpress\/plugins\/seo\/ -->\n<title>Toujours pas de Top 50 en vue : est-il d\u00e9j\u00e0 trop tard pour Luca Van Assche ?<\/title>\n<meta name=\"description\" content=\"TENNIS - Vainqueur de Roland-Garros juniors en 2021, Luca Van Assche, apr\u00e8s des d\u00e9buts prometteurs, marque le pas dans sa carri\u00e8re.\" \/>\n<meta name=\"robots\" content=\"index, follow, max-snippet:-1, max-image-preview:large, max-video-preview:-1\" \/>\n<link rel=\"canonical\" href=\"https:\/\/dicodusport.fr\/blog\/toujours-pas-de-top-50-en-vue-est-il-deja-trop-tard-pour-luca-van-assche\/\" \/>\n<meta property=\"og:locale\" content=\"fr_FR\" \/>\n<meta property=\"og:type\" content=\"article\" \/>\n<meta property=\"og:title\" content=\"Toujours pas de Top 50 en vue : est-il d\u00e9j\u00e0 trop tard pour Luca Van Assche ?\" \/>\n<meta property=\"og:description\" content=\"TENNIS - Vainqueur de Roland-Garros juniors en 2021, Luca Van Assche, apr\u00e8s des d\u00e9buts prometteurs, marque le pas dans sa carri\u00e8re.\" \/>\n<meta property=\"og:url\" content=\"https:\/\/dicodusport.fr\/blog\/toujours-pas-de-top-50-en-vue-est-il-deja-trop-tard-pour-luca-van-assche\/\" \/>\n<meta property=\"og:site_name\" content=\"Dicodusport\" \/>\n<meta property=\"article:publisher\" content=\"https:\/\/www.facebook.com\/dicodusport\" \/>\n<meta property=\"article:published_time\" content=\"2025-12-10T11:00:25+00:00\" \/>\n<meta property=\"article:modified_time\" content=\"2026-01-03T21:59:58+00:00\" \/>\n<meta property=\"og:image\" content=\"https:\/\/dicodusport.fr\/blog\/wp-content\/uploads\/2025\/12\/Tennis-Est-il-deja-trop-tard-pour-Luca-Van-Assche-.png\" \/>\n\t<meta property=\"og:image:width\" content=\"1200\" \/>\n\t<meta property=\"og:image:height\" content=\"674\" \/>\n\t<meta property=\"og:image:type\" content=\"image\/png\" \/>\n<meta name=\"author\" content=\"Etienne Goursaud\" \/>\n<meta name=\"twitter:card\" content=\"summary_large_image\" \/>\n<meta name=\"twitter:title\" content=\"Toujours pas de Top 50 en vue : est-il d\u00e9j\u00e0 trop tard pour Luca Van Assche ?\" \/>\n<meta name=\"twitter:creator\" content=\"@dicodusport\" \/>\n<meta name=\"twitter:site\" content=\"@dicodusport\" \/>\n<script type=\"application\/ld+json\" class=\"yoast-schema-graph\">{\"@context\":\"https:\/\/schema.org\",\"@graph\":[{\"@type\":\"NewsArticle\",\"@id\":\"https:\/\/dicodusport.fr\/blog\/toujours-pas-de-top-50-en-vue-est-il-deja-trop-tard-pour-luca-van-assche\/#article\",\"isPartOf\":{\"@id\":\"https:\/\/dicodusport.fr\/blog\/toujours-pas-de-top-50-en-vue-est-il-deja-trop-tard-pour-luca-van-assche\/\"},\"author\":{\"name\":\"Etienne Goursaud\",\"@id\":\"https:\/\/dicodusport.fr\/blog\/#\/schema\/person\/d603dd7da31fb2b46c82b9835a77ec13\"},\"headline\":\"Toujours pas de Top 50 en vue : est-il d\u00e9j\u00e0 trop tard pour Luca Van Assche ?\",\"datePublished\":\"2025-12-10T11:00:25+00:00\",\"dateModified\":\"2026-01-03T21:59:58+00:00\",\"mainEntityOfPage\":{\"@id\":\"https:\/\/dicodusport.fr\/blog\/toujours-pas-de-top-50-en-vue-est-il-deja-trop-tard-pour-luca-van-assche\/\"},\"wordCount\":1008,\"commentCount\":0,\"publisher\":{\"@id\":\"https:\/\/dicodusport.fr\/blog\/#organization\"},\"image\":{\"@id\":\"https:\/\/dicodusport.fr\/blog\/toujours-pas-de-top-50-en-vue-est-il-deja-trop-tard-pour-luca-van-assche\/#primaryimage\"},\"thumbnailUrl\":\"https:\/\/dicodusport.fr\/blog\/wp-content\/uploads\/2025\/12\/Tennis-Est-il-deja-trop-tard-pour-Luca-Van-Assche-.png\",\"keywords\":[\"actu\",\"br\u00e8ve\",\"Luca Van Assche\",\"Rel\u00e8ve du tennis fran\u00e7ais\"],\"articleSection\":[\"Tennis\"],\"inLanguage\":\"fr-FR\",\"potentialAction\":[{\"@type\":\"CommentAction\",\"name\":\"Comment\",\"target\":[\"https:\/\/dicodusport.fr\/blog\/toujours-pas-de-top-50-en-vue-est-il-deja-trop-tard-pour-luca-van-assche\/#respond\"]}],\"copyrightYear\":\"2025\",\"copyrightHolder\":{\"@id\":\"https:\/\/dicodusport.fr\/blog\/#organization\"}},{\"@type\":\"WebPage\",\"@id\":\"https:\/\/dicodusport.fr\/blog\/toujours-pas-de-top-50-en-vue-est-il-deja-trop-tard-pour-luca-van-assche\/\",\"url\":\"https:\/\/dicodusport.fr\/blog\/toujours-pas-de-top-50-en-vue-est-il-deja-trop-tard-pour-luca-van-assche\/\",\"name\":\"Toujours pas de Top 50 en vue : est-il d\u00e9j\u00e0 trop tard pour Luca Van Assche ?\",\"isPartOf\":{\"@id\":\"https:\/\/dicodusport.fr\/blog\/#website\"},\"primaryImageOfPage\":{\"@id\":\"https:\/\/dicodusport.fr\/blog\/toujours-pas-de-top-50-en-vue-est-il-deja-trop-tard-pour-luca-van-assche\/#primaryimage\"},\"image\":{\"@id\":\"https:\/\/dicodusport.fr\/blog\/toujours-pas-de-top-50-en-vue-est-il-deja-trop-tard-pour-luca-van-assche\/#primaryimage\"},\"thumbnailUrl\":\"https:\/\/dicodusport.fr\/blog\/wp-content\/uploads\/2025\/12\/Tennis-Est-il-deja-trop-tard-pour-Luca-Van-Assche-.png\",\"datePublished\":\"2025-12-10T11:00:25+00:00\",\"dateModified\":\"2026-01-03T21:59:58+00:00\",\"description\":\"TENNIS - Vainqueur de Roland-Garros juniors en 2021, Luca Van Assche, apr\u00e8s des d\u00e9buts prometteurs, marque le pas dans sa carri\u00e8re.\",\"breadcrumb\":{\"@id\":\"https:\/\/dicodusport.fr\/blog\/toujours-pas-de-top-50-en-vue-est-il-deja-trop-tard-pour-luca-van-assche\/#breadcrumb\"},\"inLanguage\":\"fr-FR\",\"potentialAction\":[{\"@type\":\"ReadAction\",\"target\":[\"https:\/\/dicodusport.fr\/blog\/toujours-pas-de-top-50-en-vue-est-il-deja-trop-tard-pour-luca-van-assche\/\"]}]},{\"@type\":\"ImageObject\",\"inLanguage\":\"fr-FR\",\"@id\":\"https:\/\/dicodusport.fr\/blog\/toujours-pas-de-top-50-en-vue-est-il-deja-trop-tard-pour-luca-van-assche\/#primaryimage\",\"url\":\"https:\/\/dicodusport.fr\/blog\/wp-content\/uploads\/2025\/12\/Tennis-Est-il-deja-trop-tard-pour-Luca-Van-Assche-.png\",\"contentUrl\":\"https:\/\/dicodusport.fr\/blog\/wp-content\/uploads\/2025\/12\/Tennis-Est-il-deja-trop-tard-pour-Luca-Van-Assche-.png\",\"width\":1200,\"height\":674,\"caption\":\"Tennis - Est-il d\u00e9j\u00e0 trop tard pour Luca Van Assche ?\"},{\"@type\":\"BreadcrumbList\",\"@id\":\"https:\/\/dicodusport.fr\/blog\/toujours-pas-de-top-50-en-vue-est-il-deja-trop-tard-pour-luca-van-assche\/#breadcrumb\",\"itemListElement\":[{\"@type\":\"ListItem\",\"position\":1,\"name\":\"Accueil\",\"item\":\"https:\/\/dicodusport.fr\/blog\/\"},{\"@type\":\"ListItem\",\"position\":2,\"name\":\"Toujours pas de Top 50 en vue : est-il d\u00e9j\u00e0 trop tard pour Luca Van Assche ?\"}]},{\"@type\":\"WebSite\",\"@id\":\"https:\/\/dicodusport.fr\/blog\/#website\",\"url\":\"https:\/\/dicodusport.fr\/blog\/\",\"name\":\"Dicodusport\",\"description\":\"L&#039;encyclop\u00e9die de l&#039;actualit\u00e9 sportive\",\"publisher\":{\"@id\":\"https:\/\/dicodusport.fr\/blog\/#organization\"},\"potentialAction\":[{\"@type\":\"SearchAction\",\"target\":{\"@type\":\"EntryPoint\",\"urlTemplate\":\"https:\/\/dicodusport.fr\/blog\/?s={search_term_string}\"},\"query-input\":{\"@type\":\"PropertyValueSpecification\",\"valueRequired\":true,\"valueName\":\"search_term_string\"}}],\"inLanguage\":\"fr-FR\"},{\"@type\":\"NewsMediaOrganization\",\"@id\":\"https:\/\/dicodusport.fr\/blog\/#organization\",\"name\":\"Dicodusport\",\"url\":\"https:\/\/dicodusport.fr\/blog\/\",\"logo\":{\"@type\":\"ImageObject\",\"inLanguage\":\"fr-FR\",\"@id\":\"https:\/\/dicodusport.fr\/blog\/#\/schema\/logo\/image\/\",\"url\":\"https:\/\/dicodusport.fr\/blog\/wp-content\/uploads\/2020\/06\/cropped-LOGO-DICODUSPORT-2020-SANS-FOND-SANS-TEXTE.png\",\"contentUrl\":\"https:\/\/dicodusport.fr\/blog\/wp-content\/uploads\/2020\/06\/cropped-LOGO-DICODUSPORT-2020-SANS-FOND-SANS-TEXTE.png\",\"width\":512,\"height\":512,\"caption\":\"Dicodusport\"},\"image\":{\"@id\":\"https:\/\/dicodusport.fr\/blog\/#\/schema\/logo\/image\/\"},\"sameAs\":[\"https:\/\/www.facebook.com\/dicodusport\",\"https:\/\/x.com\/dicodusport\",\"https:\/\/www.instagram.com\/dicodusport\/\",\"https:\/\/www.youtube.com\/channel\/UC7V2KZ5sd3htJivAbA4ZG3w\"],\"description\":\"Dicodusport est l'encyclop\u00e9die de l'actualit\u00e9 sportive.\",\"email\":\"bonjour@dicodusport.fr\",\"legalName\":\"DICODUSPORT\",\"foundingDate\":\"2018-01-14\",\"vatID\":\"FR71834470973\",\"taxID\":\"83447097300043\",\"numberOfEmployees\":{\"@type\":\"QuantitativeValue\",\"minValue\":\"1\",\"maxValue\":\"10\"}},{\"@type\":\"Person\",\"@id\":\"https:\/\/dicodusport.fr\/blog\/#\/schema\/person\/d603dd7da31fb2b46c82b9835a77ec13\",\"name\":\"Etienne Goursaud\",\"image\":{\"@type\":\"ImageObject\",\"inLanguage\":\"fr-FR\",\"@id\":\"https:\/\/dicodusport.fr\/blog\/#\/schema\/person\/image\/\",\"url\":\"https:\/\/dicodusport.fr\/blog\/wp-content\/uploads\/2023\/12\/410122264_10231602061736049_5565839791558026645_n-150x150.jpg\",\"contentUrl\":\"https:\/\/dicodusport.fr\/blog\/wp-content\/uploads\/2023\/12\/410122264_10231602061736049_5565839791558026645_n-150x150.jpg\",\"caption\":\"Etienne Goursaud\"},\"description\":\"Journaliste et amoureux de sport. Ancien footballeur reconverti athl\u00e8te quand ses muscles le laissent tranquille. \u00c9lev\u00e9 \u00e0 la sauce des exploits de Thomas Voeckler en 2004, du dernier essai de l\u00e9gende de Eunice Barber \u00e0 la longueur lors des championnats du monde d'athl\u00e9tisme de 2003 mais aussi Zidane, Omeyer et Titou Lamaison.\",\"url\":\"https:\/\/dicodusport.fr\/blog\/author\/etienne-goursaud\/\"}]}<\/script>\n<!-- \/ Yoast SEO Premium plugin. -->","yoast_head_json":{"title":"Toujours pas de Top 50 en vue : est-il d\u00e9j\u00e0 trop tard pour Luca Van Assche ?","description":"TENNIS - Vainqueur de Roland-Garros juniors en 2021, Luca Van Assche, apr\u00e8s des d\u00e9buts prometteurs, marque le pas dans sa carri\u00e8re.","robots":{"index":"index","follow":"follow","max-snippet":"max-snippet:-1","max-image-preview":"max-image-preview:large","max-video-preview":"max-video-preview:-1"},"canonical":"https:\/\/dicodusport.fr\/blog\/toujours-pas-de-top-50-en-vue-est-il-deja-trop-tard-pour-luca-van-assche\/","og_locale":"fr_FR","og_type":"article","og_title":"Toujours pas de Top 50 en vue : est-il d\u00e9j\u00e0 trop tard pour Luca Van Assche ?","og_description":"TENNIS - Vainqueur de Roland-Garros juniors en 2021, Luca Van Assche, apr\u00e8s des d\u00e9buts prometteurs, marque le pas dans sa carri\u00e8re.","og_url":"https:\/\/dicodusport.fr\/blog\/toujours-pas-de-top-50-en-vue-est-il-deja-trop-tard-pour-luca-van-assche\/","og_site_name":"Dicodusport","article_publisher":"https:\/\/www.facebook.com\/dicodusport","article_published_time":"2025-12-10T11:00:25+00:00","article_modified_time":"2026-01-03T21:59:58+00:00","og_image":[{"width":1200,"height":674,"url":"https:\/\/dicodusport.fr\/blog\/wp-content\/uploads\/2025\/12\/Tennis-Est-il-deja-trop-tard-pour-Luca-Van-Assche-.png","type":"image\/png"}],"author":"Etienne Goursaud","twitter_card":"summary_large_image","twitter_title":"Toujours pas de Top 50 en vue : est-il d\u00e9j\u00e0 trop tard pour Luca Van Assche ?","twitter_creator":"@dicodusport","twitter_site":"@dicodusport","schema":{"@context":"https:\/\/schema.org","@graph":[{"@type":"NewsArticle","@id":"https:\/\/dicodusport.fr\/blog\/toujours-pas-de-top-50-en-vue-est-il-deja-trop-tard-pour-luca-van-assche\/#article","isPartOf":{"@id":"https:\/\/dicodusport.fr\/blog\/toujours-pas-de-top-50-en-vue-est-il-deja-trop-tard-pour-luca-van-assche\/"},"author":{"name":"Etienne Goursaud","@id":"https:\/\/dicodusport.fr\/blog\/#\/schema\/person\/d603dd7da31fb2b46c82b9835a77ec13"},"headline":"Toujours pas de Top 50 en vue : est-il d\u00e9j\u00e0 trop tard pour Luca Van Assche ?","datePublished":"2025-12-10T11:00:25+00:00","dateModified":"2026-01-03T21:59:58+00:00","mainEntityOfPage":{"@id":"https:\/\/dicodusport.fr\/blog\/toujours-pas-de-top-50-en-vue-est-il-deja-trop-tard-pour-luca-van-assche\/"},"wordCount":1008,"commentCount":0,"publisher":{"@id":"https:\/\/dicodusport.fr\/blog\/#organization"},"image":{"@id":"https:\/\/dicodusport.fr\/blog\/toujours-pas-de-top-50-en-vue-est-il-deja-trop-tard-pour-luca-van-assche\/#primaryimage"},"thumbnailUrl":"https:\/\/dicodusport.fr\/blog\/wp-content\/uploads\/2025\/12\/Tennis-Est-il-deja-trop-tard-pour-Luca-Van-Assche-.png","keywords":["actu","br\u00e8ve","Luca Van Assche","Rel\u00e8ve du tennis fran\u00e7ais"],"articleSection":["Tennis"],"inLanguage":"fr-FR","potentialAction":[{"@type":"CommentAction","name":"Comment","target":["https:\/\/dicodusport.fr\/blog\/toujours-pas-de-top-50-en-vue-est-il-deja-trop-tard-pour-luca-van-assche\/#respond"]}],"copyrightYear":"2025","copyrightHolder":{"@id":"https:\/\/dicodusport.fr\/blog\/#organization"}},{"@type":"WebPage","@id":"https:\/\/dicodusport.fr\/blog\/toujours-pas-de-top-50-en-vue-est-il-deja-trop-tard-pour-luca-van-assche\/","url":"https:\/\/dicodusport.fr\/blog\/toujours-pas-de-top-50-en-vue-est-il-deja-trop-tard-pour-luca-van-assche\/","name":"Toujours pas de Top 50 en vue : est-il d\u00e9j\u00e0 trop tard pour Luca Van Assche ?","isPartOf":{"@id":"https:\/\/dicodusport.fr\/blog\/#website"},"primaryImageOfPage":{"@id":"https:\/\/dicodusport.fr\/blog\/toujours-pas-de-top-50-en-vue-est-il-deja-trop-tard-pour-luca-van-assche\/#primaryimage"},"image":{"@id":"https:\/\/dicodusport.fr\/blog\/toujours-pas-de-top-50-en-vue-est-il-deja-trop-tard-pour-luca-van-assche\/#primaryimage"},"thumbnailUrl":"https:\/\/dicodusport.fr\/blog\/wp-content\/uploads\/2025\/12\/Tennis-Est-il-deja-trop-tard-pour-Luca-Van-Assche-.png","datePublished":"2025-12-10T11:00:25+00:00","dateModified":"2026-01-03T21:59:58+00:00","description":"TENNIS - Vainqueur de Roland-Garros juniors en 2021, Luca Van Assche, apr\u00e8s des d\u00e9buts prometteurs, marque le pas dans sa carri\u00e8re.","breadcrumb":{"@id":"https:\/\/dicodusport.fr\/blog\/toujours-pas-de-top-50-en-vue-est-il-deja-trop-tard-pour-luca-van-assche\/#breadcrumb"},"inLanguage":"fr-FR","potentialAction":[{"@type":"ReadAction","target":["https:\/\/dicodusport.fr\/blog\/toujours-pas-de-top-50-en-vue-est-il-deja-trop-tard-pour-luca-van-assche\/"]}]},{"@type":"ImageObject","inLanguage":"fr-FR","@id":"https:\/\/dicodusport.fr\/blog\/toujours-pas-de-top-50-en-vue-est-il-deja-trop-tard-pour-luca-van-assche\/#primaryimage","url":"https:\/\/dicodusport.fr\/blog\/wp-content\/uploads\/2025\/12\/Tennis-Est-il-deja-trop-tard-pour-Luca-Van-Assche-.png","contentUrl":"https:\/\/dicodusport.fr\/blog\/wp-content\/uploads\/2025\/12\/Tennis-Est-il-deja-trop-tard-pour-Luca-Van-Assche-.png","width":1200,"height":674,"caption":"Tennis - Est-il d\u00e9j\u00e0 trop tard pour Luca Van Assche ?"},{"@type":"BreadcrumbList","@id":"https:\/\/dicodusport.fr\/blog\/toujours-pas-de-top-50-en-vue-est-il-deja-trop-tard-pour-luca-van-assche\/#breadcrumb","itemListElement":[{"@type":"ListItem","position":1,"name":"Accueil","item":"https:\/\/dicodusport.fr\/blog\/"},{"@type":"ListItem","position":2,"name":"Toujours pas de Top 50 en vue : est-il d\u00e9j\u00e0 trop tard pour Luca Van Assche ?"}]},{"@type":"WebSite","@id":"https:\/\/dicodusport.fr\/blog\/#website","url":"https:\/\/dicodusport.fr\/blog\/","name":"Dicodusport","description":"L&#039;encyclop\u00e9die de l&#039;actualit\u00e9 sportive","publisher":{"@id":"https:\/\/dicodusport.fr\/blog\/#organization"},"potentialAction":[{"@type":"SearchAction","target":{"@type":"EntryPoint","urlTemplate":"https:\/\/dicodusport.fr\/blog\/?s={search_term_string}"},"query-input":{"@type":"PropertyValueSpecification","valueRequired":true,"valueName":"search_term_string"}}],"inLanguage":"fr-FR"},{"@type":"NewsMediaOrganization","@id":"https:\/\/dicodusport.fr\/blog\/#organization","name":"Dicodusport","url":"https:\/\/dicodusport.fr\/blog\/","logo":{"@type":"ImageObject","inLanguage":"fr-FR","@id":"https:\/\/dicodusport.fr\/blog\/#\/schema\/logo\/image\/","url":"https:\/\/dicodusport.fr\/blog\/wp-content\/uploads\/2020\/06\/cropped-LOGO-DICODUSPORT-2020-SANS-FOND-SANS-TEXTE.png","contentUrl":"https:\/\/dicodusport.fr\/blog\/wp-content\/uploads\/2020\/06\/cropped-LOGO-DICODUSPORT-2020-SANS-FOND-SANS-TEXTE.png","width":512,"height":512,"caption":"Dicodusport"},"image":{"@id":"https:\/\/dicodusport.fr\/blog\/#\/schema\/logo\/image\/"},"sameAs":["https:\/\/www.facebook.com\/dicodusport","https:\/\/x.com\/dicodusport","https:\/\/www.instagram.com\/dicodusport\/","https:\/\/www.youtube.com\/channel\/UC7V2KZ5sd3htJivAbA4ZG3w"],"description":"Dicodusport est l'encyclop\u00e9die de l'actualit\u00e9 sportive.","email":"bonjour@dicodusport.fr","legalName":"DICODUSPORT","foundingDate":"2018-01-14","vatID":"FR71834470973","taxID":"83447097300043","numberOfEmployees":{"@type":"QuantitativeValue","minValue":"1","maxValue":"10"}},{"@type":"Person","@id":"https:\/\/dicodusport.fr\/blog\/#\/schema\/person\/d603dd7da31fb2b46c82b9835a77ec13","name":"Etienne Goursaud","image":{"@type":"ImageObject","inLanguage":"fr-FR","@id":"https:\/\/dicodusport.fr\/blog\/#\/schema\/person\/image\/","url":"https:\/\/dicodusport.fr\/blog\/wp-content\/uploads\/2023\/12\/410122264_10231602061736049_5565839791558026645_n-150x150.jpg","contentUrl":"https:\/\/dicodusport.fr\/blog\/wp-content\/uploads\/2023\/12\/410122264_10231602061736049_5565839791558026645_n-150x150.jpg","caption":"Etienne Goursaud"},"description":"Journaliste et amoureux de sport. Ancien footballeur reconverti athl\u00e8te quand ses muscles le laissent tranquille. \u00c9lev\u00e9 \u00e0 la sauce des exploits de Thomas Voeckler en 2004, du dernier essai de l\u00e9gende de Eunice Barber \u00e0 la longueur lors des championnats du monde d'athl\u00e9tisme de 2003 mais aussi Zidane, Omeyer et Titou Lamaison.","url":"https:\/\/dicodusport.fr\/blog\/author\/etienne-goursaud\/"}]}},"_links":{"self":[{"href":"https:\/\/dicodusport.fr\/blog\/wp-json\/wp\/v2\/posts\/629923","targetHints":{"allow":["GET"]}}],"collection":[{"href":"https:\/\/dicodusport.fr\/blog\/wp-json\/wp\/v2\/posts"}],"about":[{"href":"https:\/\/dicodusport.fr\/blog\/wp-json\/wp\/v2\/types\/post"}],"author":[{"embeddable":true,"href":"https:\/\/dicodusport.fr\/blog\/wp-json\/wp\/v2\/users\/83"}],"replies":[{"embeddable":true,"href":"https:\/\/dicodusport.fr\/blog\/wp-json\/wp\/v2\/comments?post=629923"}],"version-history":[{"count":6,"href":"https:\/\/dicodusport.fr\/blog\/wp-json\/wp\/v2\/posts\/629923\/revisions"}],"predecessor-version":[{"id":635677,"href":"https:\/\/dicodusport.fr\/blog\/wp-json\/wp\/v2\/posts\/629923\/revisions\/635677"}],"wp:featuredmedia":[{"embeddable":true,"href":"https:\/\/dicodusport.fr\/blog\/wp-json\/wp\/v2\/media\/629949"}],"wp:attachment":[{"href":"https:\/\/dicodusport.fr\/blog\/wp-json\/wp\/v2\/media?parent=629923"}],"wp:term":[{"taxonomy":"category","embeddable":true,"href":"https:\/\/dicodusport.fr\/blog\/wp-json\/wp\/v2\/categories?post=629923"},{"taxonomy":"post_tag","embeddable":true,"href":"https:\/\/dicodusport.fr\/blog\/wp-json\/wp\/v2\/tags?post=629923"}],"curies":[{"name":"wp","href":"https:\/\/api.w.org\/{rel}","templated":true}]}}