{"id":630019,"date":"2025-12-04T20:14:29","date_gmt":"2025-12-04T19:14:29","guid":{"rendered":"https:\/\/dicodusport.fr\/blog\/?p=630019&#038;preview=true&#038;preview_id=630019"},"modified":"2025-12-04T22:25:33","modified_gmt":"2025-12-04T21:25:33","slug":"marco-odermatt-confirme-sa-forme-olympique-le-suisse-domine-la-descente-de-beaver-creek","status":"publish","type":"post","link":"https:\/\/dicodusport.fr\/blog\/marco-odermatt-confirme-sa-forme-olympique-le-suisse-domine-la-descente-de-beaver-creek\/","title":{"rendered":"Marco Odermatt confirme sa forme olympique : le Suisse domine la descente de Beaver Creek"},"content":{"rendered":"<p style=\"text-align: justify;\"><strong><em>COUPE DU MONDE SKI ALPIN 2025-2026 &#8211; Marco Odermatt a d\u00e9croch\u00e9 sa troisi\u00e8me victoire de l&rsquo;hiver en dominant la descente de Beaver Creek ce jeudi.<\/em><\/strong><\/p>\n<ul style=\"text-align: justify;\">\n<li style=\"text-align: justify;\"><strong>\u00c0 ce sujet \u2013 <a href=\"https:\/\/dicodusport.fr\/blog\/ski-alpin-coupe-du-monde-2025-2026-le-calendrier-complet\/\">Ski alpin Coupe du monde 2025-2026 \u2013 Le calendrier complet<\/a><\/strong><\/li>\n<\/ul>\n<p style=\"text-align: justify;\">Une semaine apr\u00e8s le <a href=\"https:\/\/dicodusport.fr\/blog\/dans-un-mouchoir-de-poche-marco-odermatt-remporte-le-premier-super-g-de-lhiver-a-copper-mountain\/\">succ\u00e8s d\u00e9croch\u00e9 par l&rsquo;in\u00e9vitable Marco Odermatt sur le Super-G \u00e0 Copper Mountain<\/a>, les sp\u00e9cialistes de la vitesse \u00e9taient de retour en piste ce jeudi soir pour la <strong>descente de Beaver Creek<\/strong>.<\/p>\n<h2 style=\"text-align: justify;\">Marco Odermatt un ton au-dessus, Sejersted sur la bo\u00eete<\/h2>\n<p style=\"text-align: justify;\">En parlant de retour, <strong>Niels Hintermann<\/strong> ouvrait le portillon pour effectuer le sien, apr\u00e8s un hiver blanc. L&rsquo;ancien double vainqueur de Kvitfjell a ainsi \u00e9t\u00e9 le premier \u00e0 s&rsquo;\u00e9lancer, et s&rsquo;est naturellement retrouv\u00e9 rapidement en retrait, les principaux candidats \u00e0 la victoire partant juste apr\u00e8s lui. Hors du jeu \u00e0 Copper Mountain en raison d&rsquo;une grosse faute, <strong>Ryan Cochran-Siegle<\/strong> avait une revanche \u00e0 prendre.<\/p>\n<p style=\"text-align: justify;\">Faisant partie des skieurs les plus impressionnants \u00e0 l&rsquo;entra\u00eenement, l&rsquo;Am\u00e9ricain a r\u00e9alis\u00e9 un run propre qui a plac\u00e9 la barre haute avec son dossard 4, s&rsquo;approchant de la barre des 1:30.00 (1:30.14). Comme un symbole, les Suisses <strong>Stefan Rogentin<\/strong> (+0.77) et <strong>Alexis Monney<\/strong> (+0.85), mais aussi l&rsquo;Autrichien <strong>Vincent Kriechmayr<\/strong> (+0.57), ont \u00e9t\u00e9 rel\u00e9gu\u00e9s \u00e0 plus d&rsquo;une demi-seconde.<\/p>\n<ul style=\"text-align: justify;\">\n<li style=\"text-align: justify;\"><strong>\u00c0 lire aussi &#8211; <a href=\"https:\/\/dicodusport.fr\/blog\/descente-hommes-beaver-creek-2025-classement-et-resultats\/\">Descente hommes Beaver Creek 2025 \u2013 Classement et r\u00e9sultats<\/a><\/strong><\/li>\n<\/ul>\n<p style=\"text-align: justify;\">Cependant, le patron a mis tout le monde d&rsquo;accord. Solide sur le plat au d\u00e9part, impressionnant dans le mur, <strong>Marco Odermatt<\/strong> a pli\u00e9 la descente avec son dossard 13 en cassant la barre des 1:30 avec brio (<strong>1:29.84<\/strong>). Un ton au-dessus, le Suisse n&rsquo;a ensuite jamais \u00e9t\u00e9 inqui\u00e9t\u00e9 et a pu c\u00e9l\u00e9brer sa troisi\u00e8me victoire de l&rsquo;ann\u00e9e, ce qui lui permet d\u00e9j\u00e0 de conforter sa place de leader du g\u00e9n\u00e9ral de la Coupe du monde.<\/p>\n<p style=\"text-align: justify;\">Le Top 3 \u00e9tait m\u00eame d\u00e9j\u00e0 fig\u00e9 puisque, \u00e0 l&rsquo;exception de <strong>Franjo von Allmen<\/strong>, 4\u00e8me, aucun autre skieur ne s&rsquo;en est approch\u00e9. Cochran-Siegle s&rsquo;offre donc la 2\u00e8me place, tandis qu&rsquo;<strong>Adrian Sejersted<\/strong> a cr\u00e9\u00e9 une petite surprise en accrochant la 3\u00e8me place. Le Norv\u00e9gien signe ainsi son <strong>3\u00e8me podium en carri\u00e8re, cinq ans apr\u00e8s ses deux premiers obtenus en d\u00e9cembre 2020<\/strong> !<\/p>\n<blockquote class=\"twitter-tweet\">\n<p dir=\"ltr\" lang=\"en\">Marco Odermatt\ud83c\udde8\ud83c\udded IS IN THE LEAD! \ud83d\udfe2<\/p>\n<p>Live results \ud83d\udc49\ud83c\udffc <a href=\"https:\/\/t.co\/ITNMvTZzx1\">https:\/\/t.co\/ITNMvTZzx1<\/a> \ud83d\udcf2<a href=\"https:\/\/twitter.com\/hashtag\/FISAlpine?src=hash&amp;ref_src=twsrc%5Etfw\">#FISAlpine<\/a> <a href=\"https:\/\/twitter.com\/hashtag\/WorldCupBeaverCreek?src=hash&amp;ref_src=twsrc%5Etfw\">#WorldCupBeaverCreek<\/a> <a href=\"https:\/\/t.co\/kfOPUkwnir\">pic.twitter.com\/kfOPUkwnir<\/a><\/p>\n<p>\u2014 FIS Alpine (@fisalpine) <a href=\"https:\/\/twitter.com\/fisalpine\/status\/1996650943111483566?ref_src=twsrc%5Etfw\">December 4, 2025<\/a><\/p><\/blockquote>\n<p><script async src=\"https:\/\/platform.twitter.com\/widgets.js\" charset=\"utf-8\"><\/script><\/p>\n<h2 style=\"text-align: justify;\">Nils All\u00e8gre se contente d&rsquo;un Top 15<\/h2>\n<p style=\"text-align: justify;\">C\u00f4t\u00e9 fran\u00e7ais, l&rsquo;\u00e9preuve a \u00e9t\u00e9 mitig\u00e9e. Tr\u00e8s en retrait \u00e0 Copper Mountain (28\u00e8me), <strong>Nils All\u00e8gre<\/strong> a retrouv\u00e9 un peu de confiance en signant un honorable Top 15. Un r\u00e9sultat en de\u00e7\u00e0 des attentes, mais encourageant pour la suite de l&rsquo;hiver. De son c\u00f4t\u00e9, <strong>Maxence Muzaton<\/strong> a confirm\u00e9 ses bonnes dispositions dans la sp\u00e9cialit\u00e9.<\/p>\n<ul>\n<li style=\"text-align: justify;\"><strong>\u00c0 ce propos &#8211; <a href=\"https:\/\/dicodusport.fr\/blog\/coupe-du-monde-ski-alpin-classement-general-hommes-mis-a-jour\/\">Coupe du monde Ski alpin : Classement g\u00e9n\u00e9ral hommes mis \u00e0 jour<\/a><\/strong><\/li>\n<\/ul>\n<p style=\"text-align: justify;\">Comme lors des quatre derni\u00e8res descentes de l&rsquo;hiver pr\u00e9c\u00e9dent, le Sparnacien s&rsquo;est \u00e0 nouveau gliss\u00e9 dans le Top 15, \u00e9chouant \u00e0 un petit centi\u00e8me de son compatriote. Une performance d&rsquo;autant plus remarquable que la piste s&rsquo;est progressivement d\u00e9grad\u00e9e, compliquant la t\u00e2che des dossards \u00e9lev\u00e9s. Pas dans le bon rythme, <strong>Blaise Giezendanner<\/strong> et <strong>Adrien Th\u00e9aux<\/strong> en ont fait les frais en terminant hors des points.<\/p>\n","protected":false},"excerpt":{"rendered":"<p>COUPE DU MONDE SKI ALPIN 2025-2026 &#8211; Marco Odermatt a d\u00e9croch\u00e9 sa troisi\u00e8me victoire de l&rsquo;hiver en dominant la descente de Beaver Creek ce jeudi.<\/p>\n","protected":false},"author":55,"featured_media":630099,"comment_status":"open","ping_status":"closed","sticky":false,"template":"","format":"standard","meta":{"_acf_changed":false,"_daextam_enable_autolinks":"1","footnotes":""},"categories":[47084],"tags":[16878,12586,20672,15042,24],"class_list":["post-630019","post","type-post","status-publish","format-standard","has-post-thumbnail","hentry","category-coupe-du-monde-ski-alpin","tag-breve","tag-coupe-du-monde-de-ski-alpin","tag-descente-beaver-creek","tag-marco-odermatt","tag-sport"],"acf":[],"yoast_head":"<!-- This site is optimized with the Yoast SEO Premium plugin v26.7 (Yoast SEO v26.7) - https:\/\/yoast.com\/wordpress\/plugins\/seo\/ -->\n<title>Marco Odermatt confirme sa forme olympique : le Suisse domine la descente de Beaver Creek<\/title>\n<meta name=\"description\" content=\"COUPE DU MONDE SKI ALPIN 2025-2026 - Marco Odermatt a d\u00e9croch\u00e9 sa troisi\u00e8me victoire de l&#039;hiver en dominant la descente de Beaver Creek ce jeudi.\" \/>\n<meta name=\"robots\" content=\"index, follow, max-snippet:-1, max-image-preview:large, max-video-preview:-1\" \/>\n<link rel=\"canonical\" href=\"https:\/\/dicodusport.fr\/blog\/marco-odermatt-confirme-sa-forme-olympique-le-suisse-domine-la-descente-de-beaver-creek\/\" \/>\n<meta property=\"og:locale\" content=\"fr_FR\" \/>\n<meta property=\"og:type\" content=\"article\" \/>\n<meta property=\"og:title\" content=\"Marco Odermatt confirme sa forme olympique : le Suisse domine la descente de Beaver Creek\" \/>\n<meta property=\"og:description\" content=\"COUPE DU MONDE SKI ALPIN 2025-2026 - Marco Odermatt a d\u00e9croch\u00e9 sa troisi\u00e8me victoire de l&#039;hiver en dominant la descente de Beaver Creek ce jeudi.\" \/>\n<meta property=\"og:url\" content=\"https:\/\/dicodusport.fr\/blog\/marco-odermatt-confirme-sa-forme-olympique-le-suisse-domine-la-descente-de-beaver-creek\/\" \/>\n<meta property=\"og:site_name\" content=\"Dicodusport\" \/>\n<meta property=\"article:publisher\" content=\"https:\/\/www.facebook.com\/dicodusport\" \/>\n<meta property=\"article:published_time\" content=\"2025-12-04T19:14:29+00:00\" \/>\n<meta property=\"article:modified_time\" content=\"2025-12-04T21:25:33+00:00\" \/>\n<meta property=\"og:image\" content=\"https:\/\/dicodusport.fr\/blog\/wp-content\/uploads\/2025\/12\/Marco-Odermatt-confirme-sa-forme-olympique-le-Suisse-domine-la-descente-de-Beaver-Creek-1.png\" \/>\n\t<meta property=\"og:image:width\" content=\"1200\" \/>\n\t<meta property=\"og:image:height\" content=\"674\" \/>\n\t<meta property=\"og:image:type\" content=\"image\/png\" \/>\n<meta name=\"author\" content=\"Maxime Cazenave\" \/>\n<meta name=\"twitter:card\" content=\"summary_large_image\" \/>\n<meta name=\"twitter:title\" content=\"Marco Odermatt confirme sa forme olympique : le Suisse domine la descente de Beaver Creek\" \/>\n<meta name=\"twitter:creator\" content=\"@https:\/\/twitter.com\/Maxime_Caze\" \/>\n<meta name=\"twitter:site\" content=\"@dicodusport\" \/>\n<script type=\"application\/ld+json\" class=\"yoast-schema-graph\">{\"@context\":\"https:\/\/schema.org\",\"@graph\":[{\"@type\":\"NewsArticle\",\"@id\":\"https:\/\/dicodusport.fr\/blog\/marco-odermatt-confirme-sa-forme-olympique-le-suisse-domine-la-descente-de-beaver-creek\/#article\",\"isPartOf\":{\"@id\":\"https:\/\/dicodusport.fr\/blog\/marco-odermatt-confirme-sa-forme-olympique-le-suisse-domine-la-descente-de-beaver-creek\/\"},\"author\":{\"name\":\"Maxime Cazenave\",\"@id\":\"https:\/\/dicodusport.fr\/blog\/#\/schema\/person\/37def232098a7a5cbab3974a3690abb0\"},\"headline\":\"Marco Odermatt confirme sa forme olympique : le Suisse domine la descente de Beaver Creek\",\"datePublished\":\"2025-12-04T19:14:29+00:00\",\"dateModified\":\"2025-12-04T21:25:33+00:00\",\"mainEntityOfPage\":{\"@id\":\"https:\/\/dicodusport.fr\/blog\/marco-odermatt-confirme-sa-forme-olympique-le-suisse-domine-la-descente-de-beaver-creek\/\"},\"wordCount\":570,\"commentCount\":0,\"publisher\":{\"@id\":\"https:\/\/dicodusport.fr\/blog\/#organization\"},\"image\":{\"@id\":\"https:\/\/dicodusport.fr\/blog\/marco-odermatt-confirme-sa-forme-olympique-le-suisse-domine-la-descente-de-beaver-creek\/#primaryimage\"},\"thumbnailUrl\":\"https:\/\/dicodusport.fr\/blog\/wp-content\/uploads\/2025\/12\/Marco-Odermatt-confirme-sa-forme-olympique-le-Suisse-domine-la-descente-de-Beaver-Creek-1.png\",\"keywords\":[\"br\u00e8ve\",\"Coupe du monde de ski alpin\",\"Descente Beaver Creek\",\"Marco Odermatt\",\"sport\"],\"articleSection\":[\"Coupe du monde de ski alpin\"],\"inLanguage\":\"fr-FR\",\"potentialAction\":[{\"@type\":\"CommentAction\",\"name\":\"Comment\",\"target\":[\"https:\/\/dicodusport.fr\/blog\/marco-odermatt-confirme-sa-forme-olympique-le-suisse-domine-la-descente-de-beaver-creek\/#respond\"]}],\"copyrightYear\":\"2025\",\"copyrightHolder\":{\"@id\":\"https:\/\/dicodusport.fr\/blog\/#organization\"}},{\"@type\":\"WebPage\",\"@id\":\"https:\/\/dicodusport.fr\/blog\/marco-odermatt-confirme-sa-forme-olympique-le-suisse-domine-la-descente-de-beaver-creek\/\",\"url\":\"https:\/\/dicodusport.fr\/blog\/marco-odermatt-confirme-sa-forme-olympique-le-suisse-domine-la-descente-de-beaver-creek\/\",\"name\":\"Marco Odermatt confirme sa forme olympique : le Suisse domine la descente de Beaver Creek\",\"isPartOf\":{\"@id\":\"https:\/\/dicodusport.fr\/blog\/#website\"},\"primaryImageOfPage\":{\"@id\":\"https:\/\/dicodusport.fr\/blog\/marco-odermatt-confirme-sa-forme-olympique-le-suisse-domine-la-descente-de-beaver-creek\/#primaryimage\"},\"image\":{\"@id\":\"https:\/\/dicodusport.fr\/blog\/marco-odermatt-confirme-sa-forme-olympique-le-suisse-domine-la-descente-de-beaver-creek\/#primaryimage\"},\"thumbnailUrl\":\"https:\/\/dicodusport.fr\/blog\/wp-content\/uploads\/2025\/12\/Marco-Odermatt-confirme-sa-forme-olympique-le-Suisse-domine-la-descente-de-Beaver-Creek-1.png\",\"datePublished\":\"2025-12-04T19:14:29+00:00\",\"dateModified\":\"2025-12-04T21:25:33+00:00\",\"description\":\"COUPE DU MONDE SKI ALPIN 2025-2026 - Marco Odermatt a d\u00e9croch\u00e9 sa troisi\u00e8me victoire de l'hiver en dominant la descente de Beaver Creek ce jeudi.\",\"breadcrumb\":{\"@id\":\"https:\/\/dicodusport.fr\/blog\/marco-odermatt-confirme-sa-forme-olympique-le-suisse-domine-la-descente-de-beaver-creek\/#breadcrumb\"},\"inLanguage\":\"fr-FR\",\"potentialAction\":[{\"@type\":\"ReadAction\",\"target\":[\"https:\/\/dicodusport.fr\/blog\/marco-odermatt-confirme-sa-forme-olympique-le-suisse-domine-la-descente-de-beaver-creek\/\"]}]},{\"@type\":\"ImageObject\",\"inLanguage\":\"fr-FR\",\"@id\":\"https:\/\/dicodusport.fr\/blog\/marco-odermatt-confirme-sa-forme-olympique-le-suisse-domine-la-descente-de-beaver-creek\/#primaryimage\",\"url\":\"https:\/\/dicodusport.fr\/blog\/wp-content\/uploads\/2025\/12\/Marco-Odermatt-confirme-sa-forme-olympique-le-Suisse-domine-la-descente-de-Beaver-Creek-1.png\",\"contentUrl\":\"https:\/\/dicodusport.fr\/blog\/wp-content\/uploads\/2025\/12\/Marco-Odermatt-confirme-sa-forme-olympique-le-Suisse-domine-la-descente-de-Beaver-Creek-1.png\",\"width\":1200,\"height\":674,\"caption\":\"Marco Odermatt confirme sa forme olympique le Suisse domine la descente de Beaver Creek\"},{\"@type\":\"BreadcrumbList\",\"@id\":\"https:\/\/dicodusport.fr\/blog\/marco-odermatt-confirme-sa-forme-olympique-le-suisse-domine-la-descente-de-beaver-creek\/#breadcrumb\",\"itemListElement\":[{\"@type\":\"ListItem\",\"position\":1,\"name\":\"Accueil\",\"item\":\"https:\/\/dicodusport.fr\/blog\/\"},{\"@type\":\"ListItem\",\"position\":2,\"name\":\"Marco Odermatt confirme sa forme olympique : le Suisse domine la descente de Beaver Creek\"}]},{\"@type\":\"WebSite\",\"@id\":\"https:\/\/dicodusport.fr\/blog\/#website\",\"url\":\"https:\/\/dicodusport.fr\/blog\/\",\"name\":\"Dicodusport\",\"description\":\"L&#039;encyclop\u00e9die de l&#039;actualit\u00e9 sportive\",\"publisher\":{\"@id\":\"https:\/\/dicodusport.fr\/blog\/#organization\"},\"potentialAction\":[{\"@type\":\"SearchAction\",\"target\":{\"@type\":\"EntryPoint\",\"urlTemplate\":\"https:\/\/dicodusport.fr\/blog\/?s={search_term_string}\"},\"query-input\":{\"@type\":\"PropertyValueSpecification\",\"valueRequired\":true,\"valueName\":\"search_term_string\"}}],\"inLanguage\":\"fr-FR\"},{\"@type\":\"NewsMediaOrganization\",\"@id\":\"https:\/\/dicodusport.fr\/blog\/#organization\",\"name\":\"Dicodusport\",\"url\":\"https:\/\/dicodusport.fr\/blog\/\",\"logo\":{\"@type\":\"ImageObject\",\"inLanguage\":\"fr-FR\",\"@id\":\"https:\/\/dicodusport.fr\/blog\/#\/schema\/logo\/image\/\",\"url\":\"https:\/\/dicodusport.fr\/blog\/wp-content\/uploads\/2020\/06\/cropped-LOGO-DICODUSPORT-2020-SANS-FOND-SANS-TEXTE.png\",\"contentUrl\":\"https:\/\/dicodusport.fr\/blog\/wp-content\/uploads\/2020\/06\/cropped-LOGO-DICODUSPORT-2020-SANS-FOND-SANS-TEXTE.png\",\"width\":512,\"height\":512,\"caption\":\"Dicodusport\"},\"image\":{\"@id\":\"https:\/\/dicodusport.fr\/blog\/#\/schema\/logo\/image\/\"},\"sameAs\":[\"https:\/\/www.facebook.com\/dicodusport\",\"https:\/\/x.com\/dicodusport\",\"https:\/\/www.instagram.com\/dicodusport\/\",\"https:\/\/www.youtube.com\/channel\/UC7V2KZ5sd3htJivAbA4ZG3w\"],\"description\":\"Dicodusport est l'encyclop\u00e9die de l'actualit\u00e9 sportive.\",\"email\":\"bonjour@dicodusport.fr\",\"legalName\":\"DICODUSPORT\",\"foundingDate\":\"2018-01-14\",\"vatID\":\"FR71834470973\",\"taxID\":\"83447097300043\",\"numberOfEmployees\":{\"@type\":\"QuantitativeValue\",\"minValue\":\"1\",\"maxValue\":\"10\"}},{\"@type\":\"Person\",\"@id\":\"https:\/\/dicodusport.fr\/blog\/#\/schema\/person\/37def232098a7a5cbab3974a3690abb0\",\"name\":\"Maxime Cazenave\",\"image\":{\"@type\":\"ImageObject\",\"inLanguage\":\"fr-FR\",\"@id\":\"https:\/\/dicodusport.fr\/blog\/#\/schema\/person\/image\/\",\"url\":\"https:\/\/dicodusport.fr\/blog\/wp-content\/uploads\/2021\/05\/Maxime-Cazenave-150x150.jpg\",\"contentUrl\":\"https:\/\/dicodusport.fr\/blog\/wp-content\/uploads\/2021\/05\/Maxime-Cazenave-150x150.jpg\",\"caption\":\"Maxime Cazenave\"},\"description\":\"Journaliste\/R\u00e9dacteur depuis 2012 - Berc\u00e9 par l\u2019amour des Girondins de Bordeaux, les \u00e9checs de Christophe Moreau sur le Tour de France sous l'\u00e8re Lance Armstrong et le fade-away l\u00e9tal de Dirk Nowitzki, ma passion d\u00e9vorante pour le sport a toujours \u00e9t\u00e9 un pan incontournable de ma vie. Transmettre ma passion \u00e0 l\u2019\u00e9crit a \u00e9t\u00e9 une transition naturelle. Suiveur assidu de basket et de hockey sur glace, je garde toujours un peu de place pour suivre le cyclisme, le football et le maximum de performances fran\u00e7aises.\",\"sameAs\":[\"https:\/\/x.com\/https:\/\/twitter.com\/Maxime_Caze\"],\"url\":\"https:\/\/dicodusport.fr\/blog\/author\/maximec\/\"}]}<\/script>\n<!-- \/ Yoast SEO Premium plugin. -->","yoast_head_json":{"title":"Marco Odermatt confirme sa forme olympique : le Suisse domine la descente de Beaver Creek","description":"COUPE DU MONDE SKI ALPIN 2025-2026 - Marco Odermatt a d\u00e9croch\u00e9 sa troisi\u00e8me victoire de l'hiver en dominant la descente de Beaver Creek ce jeudi.","robots":{"index":"index","follow":"follow","max-snippet":"max-snippet:-1","max-image-preview":"max-image-preview:large","max-video-preview":"max-video-preview:-1"},"canonical":"https:\/\/dicodusport.fr\/blog\/marco-odermatt-confirme-sa-forme-olympique-le-suisse-domine-la-descente-de-beaver-creek\/","og_locale":"fr_FR","og_type":"article","og_title":"Marco Odermatt confirme sa forme olympique : le Suisse domine la descente de Beaver Creek","og_description":"COUPE DU MONDE SKI ALPIN 2025-2026 - Marco Odermatt a d\u00e9croch\u00e9 sa troisi\u00e8me victoire de l'hiver en dominant la descente de Beaver Creek ce jeudi.","og_url":"https:\/\/dicodusport.fr\/blog\/marco-odermatt-confirme-sa-forme-olympique-le-suisse-domine-la-descente-de-beaver-creek\/","og_site_name":"Dicodusport","article_publisher":"https:\/\/www.facebook.com\/dicodusport","article_published_time":"2025-12-04T19:14:29+00:00","article_modified_time":"2025-12-04T21:25:33+00:00","og_image":[{"width":1200,"height":674,"url":"https:\/\/dicodusport.fr\/blog\/wp-content\/uploads\/2025\/12\/Marco-Odermatt-confirme-sa-forme-olympique-le-Suisse-domine-la-descente-de-Beaver-Creek-1.png","type":"image\/png"}],"author":"Maxime Cazenave","twitter_card":"summary_large_image","twitter_title":"Marco Odermatt confirme sa forme olympique : le Suisse domine la descente de Beaver Creek","twitter_creator":"@https:\/\/twitter.com\/Maxime_Caze","twitter_site":"@dicodusport","schema":{"@context":"https:\/\/schema.org","@graph":[{"@type":"NewsArticle","@id":"https:\/\/dicodusport.fr\/blog\/marco-odermatt-confirme-sa-forme-olympique-le-suisse-domine-la-descente-de-beaver-creek\/#article","isPartOf":{"@id":"https:\/\/dicodusport.fr\/blog\/marco-odermatt-confirme-sa-forme-olympique-le-suisse-domine-la-descente-de-beaver-creek\/"},"author":{"name":"Maxime Cazenave","@id":"https:\/\/dicodusport.fr\/blog\/#\/schema\/person\/37def232098a7a5cbab3974a3690abb0"},"headline":"Marco Odermatt confirme sa forme olympique : le Suisse domine la descente de Beaver Creek","datePublished":"2025-12-04T19:14:29+00:00","dateModified":"2025-12-04T21:25:33+00:00","mainEntityOfPage":{"@id":"https:\/\/dicodusport.fr\/blog\/marco-odermatt-confirme-sa-forme-olympique-le-suisse-domine-la-descente-de-beaver-creek\/"},"wordCount":570,"commentCount":0,"publisher":{"@id":"https:\/\/dicodusport.fr\/blog\/#organization"},"image":{"@id":"https:\/\/dicodusport.fr\/blog\/marco-odermatt-confirme-sa-forme-olympique-le-suisse-domine-la-descente-de-beaver-creek\/#primaryimage"},"thumbnailUrl":"https:\/\/dicodusport.fr\/blog\/wp-content\/uploads\/2025\/12\/Marco-Odermatt-confirme-sa-forme-olympique-le-Suisse-domine-la-descente-de-Beaver-Creek-1.png","keywords":["br\u00e8ve","Coupe du monde de ski alpin","Descente Beaver Creek","Marco Odermatt","sport"],"articleSection":["Coupe du monde de ski alpin"],"inLanguage":"fr-FR","potentialAction":[{"@type":"CommentAction","name":"Comment","target":["https:\/\/dicodusport.fr\/blog\/marco-odermatt-confirme-sa-forme-olympique-le-suisse-domine-la-descente-de-beaver-creek\/#respond"]}],"copyrightYear":"2025","copyrightHolder":{"@id":"https:\/\/dicodusport.fr\/blog\/#organization"}},{"@type":"WebPage","@id":"https:\/\/dicodusport.fr\/blog\/marco-odermatt-confirme-sa-forme-olympique-le-suisse-domine-la-descente-de-beaver-creek\/","url":"https:\/\/dicodusport.fr\/blog\/marco-odermatt-confirme-sa-forme-olympique-le-suisse-domine-la-descente-de-beaver-creek\/","name":"Marco Odermatt confirme sa forme olympique : le Suisse domine la descente de Beaver Creek","isPartOf":{"@id":"https:\/\/dicodusport.fr\/blog\/#website"},"primaryImageOfPage":{"@id":"https:\/\/dicodusport.fr\/blog\/marco-odermatt-confirme-sa-forme-olympique-le-suisse-domine-la-descente-de-beaver-creek\/#primaryimage"},"image":{"@id":"https:\/\/dicodusport.fr\/blog\/marco-odermatt-confirme-sa-forme-olympique-le-suisse-domine-la-descente-de-beaver-creek\/#primaryimage"},"thumbnailUrl":"https:\/\/dicodusport.fr\/blog\/wp-content\/uploads\/2025\/12\/Marco-Odermatt-confirme-sa-forme-olympique-le-Suisse-domine-la-descente-de-Beaver-Creek-1.png","datePublished":"2025-12-04T19:14:29+00:00","dateModified":"2025-12-04T21:25:33+00:00","description":"COUPE DU MONDE SKI ALPIN 2025-2026 - Marco Odermatt a d\u00e9croch\u00e9 sa troisi\u00e8me victoire de l'hiver en dominant la descente de Beaver Creek ce jeudi.","breadcrumb":{"@id":"https:\/\/dicodusport.fr\/blog\/marco-odermatt-confirme-sa-forme-olympique-le-suisse-domine-la-descente-de-beaver-creek\/#breadcrumb"},"inLanguage":"fr-FR","potentialAction":[{"@type":"ReadAction","target":["https:\/\/dicodusport.fr\/blog\/marco-odermatt-confirme-sa-forme-olympique-le-suisse-domine-la-descente-de-beaver-creek\/"]}]},{"@type":"ImageObject","inLanguage":"fr-FR","@id":"https:\/\/dicodusport.fr\/blog\/marco-odermatt-confirme-sa-forme-olympique-le-suisse-domine-la-descente-de-beaver-creek\/#primaryimage","url":"https:\/\/dicodusport.fr\/blog\/wp-content\/uploads\/2025\/12\/Marco-Odermatt-confirme-sa-forme-olympique-le-Suisse-domine-la-descente-de-Beaver-Creek-1.png","contentUrl":"https:\/\/dicodusport.fr\/blog\/wp-content\/uploads\/2025\/12\/Marco-Odermatt-confirme-sa-forme-olympique-le-Suisse-domine-la-descente-de-Beaver-Creek-1.png","width":1200,"height":674,"caption":"Marco Odermatt confirme sa forme olympique le Suisse domine la descente de Beaver Creek"},{"@type":"BreadcrumbList","@id":"https:\/\/dicodusport.fr\/blog\/marco-odermatt-confirme-sa-forme-olympique-le-suisse-domine-la-descente-de-beaver-creek\/#breadcrumb","itemListElement":[{"@type":"ListItem","position":1,"name":"Accueil","item":"https:\/\/dicodusport.fr\/blog\/"},{"@type":"ListItem","position":2,"name":"Marco Odermatt confirme sa forme olympique : le Suisse domine la descente de Beaver Creek"}]},{"@type":"WebSite","@id":"https:\/\/dicodusport.fr\/blog\/#website","url":"https:\/\/dicodusport.fr\/blog\/","name":"Dicodusport","description":"L&#039;encyclop\u00e9die de l&#039;actualit\u00e9 sportive","publisher":{"@id":"https:\/\/dicodusport.fr\/blog\/#organization"},"potentialAction":[{"@type":"SearchAction","target":{"@type":"EntryPoint","urlTemplate":"https:\/\/dicodusport.fr\/blog\/?s={search_term_string}"},"query-input":{"@type":"PropertyValueSpecification","valueRequired":true,"valueName":"search_term_string"}}],"inLanguage":"fr-FR"},{"@type":"NewsMediaOrganization","@id":"https:\/\/dicodusport.fr\/blog\/#organization","name":"Dicodusport","url":"https:\/\/dicodusport.fr\/blog\/","logo":{"@type":"ImageObject","inLanguage":"fr-FR","@id":"https:\/\/dicodusport.fr\/blog\/#\/schema\/logo\/image\/","url":"https:\/\/dicodusport.fr\/blog\/wp-content\/uploads\/2020\/06\/cropped-LOGO-DICODUSPORT-2020-SANS-FOND-SANS-TEXTE.png","contentUrl":"https:\/\/dicodusport.fr\/blog\/wp-content\/uploads\/2020\/06\/cropped-LOGO-DICODUSPORT-2020-SANS-FOND-SANS-TEXTE.png","width":512,"height":512,"caption":"Dicodusport"},"image":{"@id":"https:\/\/dicodusport.fr\/blog\/#\/schema\/logo\/image\/"},"sameAs":["https:\/\/www.facebook.com\/dicodusport","https:\/\/x.com\/dicodusport","https:\/\/www.instagram.com\/dicodusport\/","https:\/\/www.youtube.com\/channel\/UC7V2KZ5sd3htJivAbA4ZG3w"],"description":"Dicodusport est l'encyclop\u00e9die de l'actualit\u00e9 sportive.","email":"bonjour@dicodusport.fr","legalName":"DICODUSPORT","foundingDate":"2018-01-14","vatID":"FR71834470973","taxID":"83447097300043","numberOfEmployees":{"@type":"QuantitativeValue","minValue":"1","maxValue":"10"}},{"@type":"Person","@id":"https:\/\/dicodusport.fr\/blog\/#\/schema\/person\/37def232098a7a5cbab3974a3690abb0","name":"Maxime Cazenave","image":{"@type":"ImageObject","inLanguage":"fr-FR","@id":"https:\/\/dicodusport.fr\/blog\/#\/schema\/person\/image\/","url":"https:\/\/dicodusport.fr\/blog\/wp-content\/uploads\/2021\/05\/Maxime-Cazenave-150x150.jpg","contentUrl":"https:\/\/dicodusport.fr\/blog\/wp-content\/uploads\/2021\/05\/Maxime-Cazenave-150x150.jpg","caption":"Maxime Cazenave"},"description":"Journaliste\/R\u00e9dacteur depuis 2012 - Berc\u00e9 par l\u2019amour des Girondins de Bordeaux, les \u00e9checs de Christophe Moreau sur le Tour de France sous l'\u00e8re Lance Armstrong et le fade-away l\u00e9tal de Dirk Nowitzki, ma passion d\u00e9vorante pour le sport a toujours \u00e9t\u00e9 un pan incontournable de ma vie. Transmettre ma passion \u00e0 l\u2019\u00e9crit a \u00e9t\u00e9 une transition naturelle. Suiveur assidu de basket et de hockey sur glace, je garde toujours un peu de place pour suivre le cyclisme, le football et le maximum de performances fran\u00e7aises.","sameAs":["https:\/\/x.com\/https:\/\/twitter.com\/Maxime_Caze"],"url":"https:\/\/dicodusport.fr\/blog\/author\/maximec\/"}]}},"_links":{"self":[{"href":"https:\/\/dicodusport.fr\/blog\/wp-json\/wp\/v2\/posts\/630019","targetHints":{"allow":["GET"]}}],"collection":[{"href":"https:\/\/dicodusport.fr\/blog\/wp-json\/wp\/v2\/posts"}],"about":[{"href":"https:\/\/dicodusport.fr\/blog\/wp-json\/wp\/v2\/types\/post"}],"author":[{"embeddable":true,"href":"https:\/\/dicodusport.fr\/blog\/wp-json\/wp\/v2\/users\/55"}],"replies":[{"embeddable":true,"href":"https:\/\/dicodusport.fr\/blog\/wp-json\/wp\/v2\/comments?post=630019"}],"version-history":[{"count":5,"href":"https:\/\/dicodusport.fr\/blog\/wp-json\/wp\/v2\/posts\/630019\/revisions"}],"predecessor-version":[{"id":630101,"href":"https:\/\/dicodusport.fr\/blog\/wp-json\/wp\/v2\/posts\/630019\/revisions\/630101"}],"wp:featuredmedia":[{"embeddable":true,"href":"https:\/\/dicodusport.fr\/blog\/wp-json\/wp\/v2\/media\/630099"}],"wp:attachment":[{"href":"https:\/\/dicodusport.fr\/blog\/wp-json\/wp\/v2\/media?parent=630019"}],"wp:term":[{"taxonomy":"category","embeddable":true,"href":"https:\/\/dicodusport.fr\/blog\/wp-json\/wp\/v2\/categories?post=630019"},{"taxonomy":"post_tag","embeddable":true,"href":"https:\/\/dicodusport.fr\/blog\/wp-json\/wp\/v2\/tags?post=630019"}],"curies":[{"name":"wp","href":"https:\/\/api.w.org\/{rel}","templated":true}]}}