{"id":63003,"date":"2020-03-12T12:46:53","date_gmt":"2020-03-12T11:46:53","guid":{"rendered":"http:\/\/dicodusport.fr\/blog\/?p=63003&#038;preview=true&#038;preview_id=63003"},"modified":"2020-05-05T10:44:45","modified_gmt":"2020-05-05T08:44:45","slug":"ski-alpin-fin-saison-gros-globe-kilde-alexis-pinturault-frustre","status":"publish","type":"post","link":"https:\/\/dicodusport.fr\/blog\/ski-alpin-fin-saison-gros-globe-kilde-alexis-pinturault-frustre\/","title":{"rendered":"Ski alpin : fin de saison et gros globe pour Kilde, Alexis Pinturault frustr\u00e9"},"content":{"rendered":"<p style=\"text-align: justify;\"><strong><em>SKI ALPIN &#8211; Les deux derni\u00e8res courses pr\u00e9vues \u00e0 Kranjska Gora (Slov\u00e9nie) sont annul\u00e9es en raison de l&rsquo;\u00e9pid\u00e9mie de Coronavirus. Une d\u00e9cision synonyme de fin \u00e0 la saison en ce qui concerne le ski alpin. Cons\u00e9quence, Alexis Pinturault ne remportera pas le gros globe de cristal.<\/em><\/strong><\/p>\n<p style=\"text-align: justify;\"><strong>Alexis Pinturault<\/strong> avait toutes ses chances avant les deux derni\u00e8res courses en Slov\u00e9nie. Le natif de Mo\u00fbtiers devait en effet disputer le <strong>g\u00e9ant<\/strong> ce samedi et le <strong>slalom<\/strong> dimanche. Le Norv\u00e9gien <strong>Aleksander Kilde<\/strong> <strong>remporte donc le classement g\u00e9n\u00e9ral devant Alexis Pinturault pour 54 points<\/strong>. Le Fran\u00e7ais est aussi battu pour le petit globe du g\u00e9ant, cette fois par <strong>Henrik Kristoffersen<\/strong>. Seul lot de consolation, <a href=\"https:\/\/dicodusport.fr\/blog\/combine-alpin-alexis-pinturault-patron-hinterstoder\/\" target=\"_blank\" rel=\"noopener noreferrer\">le petit globe du combin\u00e9 alpin acquis \u00e0 <strong>Hinterstoder<\/strong><\/a>.<\/p>\n<blockquote class=\"twitter-tweet\">\n<p dir=\"ltr\" lang=\"en\"><a href=\"https:\/\/twitter.com\/hashtag\/FISalpine?src=hash&amp;ref_src=twsrc%5Etfw\">#FISalpine<\/a> WCup M standings (FINAL) &#x26f7;&#xfe0f;<br \/>\n1&#x20e3; Aleksander <a href=\"https:\/\/twitter.com\/hashtag\/Kilde?src=hash&amp;ref_src=twsrc%5Etfw\">#Kilde<\/a> &#x1f1f3;&#x1f1f4; 1202 &#x1f3c6;<br \/>\n2&#x20e3; Alexis Pinturault &#x1f1eb;&#x1f1f7; 1148<br \/>\n3&#x20e3; Henrik Kristoffersen &#x1f1f3;&#x1f1f4; 1041<br \/>\n4&#x20e3; Matthias Mayer &#x1f1e6;&#x1f1f9; 916<br \/>\n5&#x20e3; Vincent Kriechmayr &#x1f1e6;&#x1f1f9; 794<a href=\"https:\/\/twitter.com\/hashtag\/sci?src=hash&amp;ref_src=twsrc%5Etfw\">#sci<\/a> <a href=\"https:\/\/twitter.com\/hashtag\/ski?src=hash&amp;ref_src=twsrc%5Etfw\">#ski<\/a> <a href=\"https:\/\/twitter.com\/hashtag\/skiing?src=hash&amp;ref_src=twsrc%5Etfw\">#skiing<\/a> <a href=\"https:\/\/t.co\/YVsq4h26Qq\">pic.twitter.com\/YVsq4h26Qq<\/a><\/p>\n<p>\u2014 SportRisultati (@SportRisultati) <a href=\"https:\/\/twitter.com\/SportRisultati\/status\/1238048280082333697?ref_src=twsrc%5Etfw\">March 12, 2020<\/a><\/p><\/blockquote>\n<p style=\"text-align: justify;\"><script async src=\"https:\/\/platform.twitter.com\/widgets.js\" charset=\"utf-8\"><\/script><\/p>\n<p style=\"text-align: justify;\"><strong><em>Dicodusport<br \/>\n<a href=\"https:\/\/www.facebook.com\/dicodusport\/\" target=\"_blank\" rel=\"noopener noreferrer\"><img loading=\"lazy\" decoding=\"async\" class=\"alignnone wp-image-2909\" src=\"http:\/\/dicodusport.fr\/blog\/wp-content\/uploads\/2017\/07\/logo-facebook-150x150.png\" alt=\"\" width=\"40\" height=\"40\" \/><\/a><a href=\"https:\/\/twitter.com\/dicodusport\" target=\"_blank\" rel=\"noopener noreferrer\"><img loading=\"lazy\" decoding=\"async\" class=\"alignnone wp-image-2908\" src=\"http:\/\/dicodusport.fr\/blog\/wp-content\/uploads\/2017\/07\/logo-twitter-150x150.png\" alt=\"\" width=\"39\" height=\"39\" \/><\/a><\/em><\/strong><\/p>\n","protected":false},"excerpt":{"rendered":"<p>SKI ALPIN &#8211; Les deux derni\u00e8res courses pr\u00e9vues \u00e0 Kranjska Gora (Slov\u00e9nie) sont annul\u00e9es en raison de l&rsquo;\u00e9pid\u00e9mie de Coronavirus. Une d\u00e9cision synonyme de fin \u00e0 la saison en ce qui concerne le ski alpin. Cons\u00e9quence, Alexis Pinturault ne remportera pas le gros globe de cristal.<\/p>\n","protected":false},"author":1,"featured_media":63008,"comment_status":"open","ping_status":"closed","sticky":false,"template":"","format":"standard","meta":{"_acf_changed":false,"_daextam_enable_autolinks":"","footnotes":""},"categories":[9217],"tags":[2806,9827,676,2233],"class_list":["post-63003","post","type-post","status-publish","format-standard","has-post-thumbnail","hentry","category-ski","tag-alexis-pinturault","tag-coronavirus","tag-ski","tag-ski-alpin"],"acf":[],"yoast_head":"<!-- This site is optimized with the Yoast SEO Premium plugin v26.7 (Yoast SEO v26.7) - https:\/\/yoast.com\/wordpress\/plugins\/seo\/ -->\n<title>Ski alpin : fin de saison et gros globe pour Kilde, Alexis Pinturault frustr\u00e9<\/title>\n<meta name=\"description\" content=\"SKI ALPIN - Les deux derni\u00e8res courses pr\u00e9vues \u00e0 Kranjska Gora (Slov\u00e9nie) sont annul\u00e9es en raison du Coronavirus. Alexis Pinturault dit au revoir au gros globe de cristal.\" \/>\n<meta name=\"robots\" content=\"index, follow, max-snippet:-1, max-image-preview:large, max-video-preview:-1\" \/>\n<link rel=\"canonical\" href=\"https:\/\/dicodusport.fr\/blog\/ski-alpin-fin-saison-gros-globe-kilde-alexis-pinturault-frustre\/\" \/>\n<meta property=\"og:locale\" content=\"fr_FR\" \/>\n<meta property=\"og:type\" content=\"article\" \/>\n<meta property=\"og:title\" content=\"Ski alpin : fin de saison et gros globe pour Kilde, Alexis Pinturault frustr\u00e9\" \/>\n<meta property=\"og:description\" content=\"SKI ALPIN - Les deux derni\u00e8res courses pr\u00e9vues \u00e0 Kranjska Gora (Slov\u00e9nie) sont annul\u00e9es en raison du Coronavirus. Alexis Pinturault dit au revoir au gros globe de cristal.\" \/>\n<meta property=\"og:url\" content=\"https:\/\/dicodusport.fr\/blog\/ski-alpin-fin-saison-gros-globe-kilde-alexis-pinturault-frustre\/\" \/>\n<meta property=\"og:site_name\" content=\"Dicodusport\" \/>\n<meta property=\"article:publisher\" content=\"https:\/\/www.facebook.com\/dicodusport\" \/>\n<meta property=\"article:author\" content=\"https:\/\/www.facebook.com\/dicodusport\" \/>\n<meta property=\"article:published_time\" content=\"2020-03-12T11:46:53+00:00\" \/>\n<meta property=\"article:modified_time\" content=\"2020-05-05T08:44:45+00:00\" \/>\n<meta property=\"og:image\" content=\"https:\/\/dicodusport.fr\/blog\/wp-content\/uploads\/2020\/03\/Ski-alpin-Fin-de-saison-et-gros-globe-pour-Kilde-Alexis-Pinturault-frustr\u00e9.png\" \/>\n\t<meta property=\"og:image:width\" content=\"800\" \/>\n\t<meta property=\"og:image:height\" content=\"445\" \/>\n\t<meta property=\"og:image:type\" content=\"image\/png\" \/>\n<meta name=\"author\" content=\"Nicolas Jacquemard\" \/>\n<meta name=\"twitter:card\" content=\"summary_large_image\" \/>\n<meta name=\"twitter:title\" content=\"Ski alpin : fin de saison et gros globe pour Kilde, Alexis Pinturault frustr\u00e9\" \/>\n<meta name=\"twitter:creator\" content=\"@https:\/\/twitter.com\/Nico_Jacquemard\" \/>\n<meta name=\"twitter:site\" content=\"@dicodusport\" \/>\n<script type=\"application\/ld+json\" class=\"yoast-schema-graph\">{\"@context\":\"https:\/\/schema.org\",\"@graph\":[{\"@type\":\"NewsArticle\",\"@id\":\"https:\/\/dicodusport.fr\/blog\/ski-alpin-fin-saison-gros-globe-kilde-alexis-pinturault-frustre\/#article\",\"isPartOf\":{\"@id\":\"https:\/\/dicodusport.fr\/blog\/ski-alpin-fin-saison-gros-globe-kilde-alexis-pinturault-frustre\/\"},\"author\":{\"name\":\"Nicolas Jacquemard\",\"@id\":\"https:\/\/dicodusport.fr\/blog\/#\/schema\/person\/55dcb50ad410894e431ed812bbb70191\"},\"headline\":\"Ski alpin : fin de saison et gros globe pour Kilde, Alexis Pinturault frustr\u00e9\",\"datePublished\":\"2020-03-12T11:46:53+00:00\",\"dateModified\":\"2020-05-05T08:44:45+00:00\",\"mainEntityOfPage\":{\"@id\":\"https:\/\/dicodusport.fr\/blog\/ski-alpin-fin-saison-gros-globe-kilde-alexis-pinturault-frustre\/\"},\"wordCount\":220,\"commentCount\":0,\"publisher\":{\"@id\":\"https:\/\/dicodusport.fr\/blog\/#organization\"},\"image\":{\"@id\":\"https:\/\/dicodusport.fr\/blog\/ski-alpin-fin-saison-gros-globe-kilde-alexis-pinturault-frustre\/#primaryimage\"},\"thumbnailUrl\":\"https:\/\/dicodusport.fr\/blog\/wp-content\/uploads\/2020\/03\/Ski-alpin-Fin-de-saison-et-gros-globe-pour-Kilde-Alexis-Pinturault-frustr\u00e9.png\",\"keywords\":[\"Alexis Pinturault\",\"Coronavirus\",\"ski\",\"Ski alpin\"],\"articleSection\":[\"Ski\"],\"inLanguage\":\"fr-FR\",\"potentialAction\":[{\"@type\":\"CommentAction\",\"name\":\"Comment\",\"target\":[\"https:\/\/dicodusport.fr\/blog\/ski-alpin-fin-saison-gros-globe-kilde-alexis-pinturault-frustre\/#respond\"]}],\"copyrightYear\":\"2020\",\"copyrightHolder\":{\"@id\":\"https:\/\/dicodusport.fr\/blog\/#organization\"}},{\"@type\":\"WebPage\",\"@id\":\"https:\/\/dicodusport.fr\/blog\/ski-alpin-fin-saison-gros-globe-kilde-alexis-pinturault-frustre\/\",\"url\":\"https:\/\/dicodusport.fr\/blog\/ski-alpin-fin-saison-gros-globe-kilde-alexis-pinturault-frustre\/\",\"name\":\"Ski alpin : fin de saison et gros globe pour Kilde, Alexis Pinturault frustr\u00e9\",\"isPartOf\":{\"@id\":\"https:\/\/dicodusport.fr\/blog\/#website\"},\"primaryImageOfPage\":{\"@id\":\"https:\/\/dicodusport.fr\/blog\/ski-alpin-fin-saison-gros-globe-kilde-alexis-pinturault-frustre\/#primaryimage\"},\"image\":{\"@id\":\"https:\/\/dicodusport.fr\/blog\/ski-alpin-fin-saison-gros-globe-kilde-alexis-pinturault-frustre\/#primaryimage\"},\"thumbnailUrl\":\"https:\/\/dicodusport.fr\/blog\/wp-content\/uploads\/2020\/03\/Ski-alpin-Fin-de-saison-et-gros-globe-pour-Kilde-Alexis-Pinturault-frustr\u00e9.png\",\"datePublished\":\"2020-03-12T11:46:53+00:00\",\"dateModified\":\"2020-05-05T08:44:45+00:00\",\"description\":\"SKI ALPIN - Les deux derni\u00e8res courses pr\u00e9vues \u00e0 Kranjska Gora (Slov\u00e9nie) sont annul\u00e9es en raison du Coronavirus. Alexis Pinturault dit au revoir au gros globe de cristal.\",\"breadcrumb\":{\"@id\":\"https:\/\/dicodusport.fr\/blog\/ski-alpin-fin-saison-gros-globe-kilde-alexis-pinturault-frustre\/#breadcrumb\"},\"inLanguage\":\"fr-FR\",\"potentialAction\":[{\"@type\":\"ReadAction\",\"target\":[\"https:\/\/dicodusport.fr\/blog\/ski-alpin-fin-saison-gros-globe-kilde-alexis-pinturault-frustre\/\"]}]},{\"@type\":\"ImageObject\",\"inLanguage\":\"fr-FR\",\"@id\":\"https:\/\/dicodusport.fr\/blog\/ski-alpin-fin-saison-gros-globe-kilde-alexis-pinturault-frustre\/#primaryimage\",\"url\":\"https:\/\/dicodusport.fr\/blog\/wp-content\/uploads\/2020\/03\/Ski-alpin-Fin-de-saison-et-gros-globe-pour-Kilde-Alexis-Pinturault-frustr\u00e9.png\",\"contentUrl\":\"https:\/\/dicodusport.fr\/blog\/wp-content\/uploads\/2020\/03\/Ski-alpin-Fin-de-saison-et-gros-globe-pour-Kilde-Alexis-Pinturault-frustr\u00e9.png\",\"width\":800,\"height\":445,\"caption\":\"Ski alpin - Fin de saison et gros globe pour Kilde, Alexis Pinturault frustr\u00e9\"},{\"@type\":\"BreadcrumbList\",\"@id\":\"https:\/\/dicodusport.fr\/blog\/ski-alpin-fin-saison-gros-globe-kilde-alexis-pinturault-frustre\/#breadcrumb\",\"itemListElement\":[{\"@type\":\"ListItem\",\"position\":1,\"name\":\"Accueil\",\"item\":\"https:\/\/dicodusport.fr\/blog\/\"},{\"@type\":\"ListItem\",\"position\":2,\"name\":\"Ski alpin : fin de saison et gros globe pour Kilde, Alexis Pinturault frustr\u00e9\"}]},{\"@type\":\"WebSite\",\"@id\":\"https:\/\/dicodusport.fr\/blog\/#website\",\"url\":\"https:\/\/dicodusport.fr\/blog\/\",\"name\":\"Dicodusport\",\"description\":\"L&#039;encyclop\u00e9die de l&#039;actualit\u00e9 sportive\",\"publisher\":{\"@id\":\"https:\/\/dicodusport.fr\/blog\/#organization\"},\"potentialAction\":[{\"@type\":\"SearchAction\",\"target\":{\"@type\":\"EntryPoint\",\"urlTemplate\":\"https:\/\/dicodusport.fr\/blog\/?s={search_term_string}\"},\"query-input\":{\"@type\":\"PropertyValueSpecification\",\"valueRequired\":true,\"valueName\":\"search_term_string\"}}],\"inLanguage\":\"fr-FR\"},{\"@type\":\"NewsMediaOrganization\",\"@id\":\"https:\/\/dicodusport.fr\/blog\/#organization\",\"name\":\"Dicodusport\",\"url\":\"https:\/\/dicodusport.fr\/blog\/\",\"logo\":{\"@type\":\"ImageObject\",\"inLanguage\":\"fr-FR\",\"@id\":\"https:\/\/dicodusport.fr\/blog\/#\/schema\/logo\/image\/\",\"url\":\"https:\/\/dicodusport.fr\/blog\/wp-content\/uploads\/2020\/06\/cropped-LOGO-DICODUSPORT-2020-SANS-FOND-SANS-TEXTE.png\",\"contentUrl\":\"https:\/\/dicodusport.fr\/blog\/wp-content\/uploads\/2020\/06\/cropped-LOGO-DICODUSPORT-2020-SANS-FOND-SANS-TEXTE.png\",\"width\":512,\"height\":512,\"caption\":\"Dicodusport\"},\"image\":{\"@id\":\"https:\/\/dicodusport.fr\/blog\/#\/schema\/logo\/image\/\"},\"sameAs\":[\"https:\/\/www.facebook.com\/dicodusport\",\"https:\/\/x.com\/dicodusport\",\"https:\/\/www.instagram.com\/dicodusport\/\",\"https:\/\/www.youtube.com\/channel\/UC7V2KZ5sd3htJivAbA4ZG3w\"],\"description\":\"Dicodusport est l'encyclop\u00e9die de l'actualit\u00e9 sportive.\",\"email\":\"bonjour@dicodusport.fr\",\"legalName\":\"DICODUSPORT\",\"foundingDate\":\"2018-01-14\",\"vatID\":\"FR71834470973\",\"taxID\":\"83447097300043\",\"numberOfEmployees\":{\"@type\":\"QuantitativeValue\",\"minValue\":\"1\",\"maxValue\":\"10\"}},{\"@type\":\"Person\",\"@id\":\"https:\/\/dicodusport.fr\/blog\/#\/schema\/person\/55dcb50ad410894e431ed812bbb70191\",\"name\":\"Nicolas Jacquemard\",\"image\":{\"@type\":\"ImageObject\",\"inLanguage\":\"fr-FR\",\"@id\":\"https:\/\/dicodusport.fr\/blog\/#\/schema\/person\/image\/\",\"url\":\"https:\/\/dicodusport.fr\/blog\/wp-content\/uploads\/2021\/05\/Nicolas-Jacquemard-150x150.jpeg\",\"contentUrl\":\"https:\/\/dicodusport.fr\/blog\/wp-content\/uploads\/2021\/05\/Nicolas-Jacquemard-150x150.jpeg\",\"caption\":\"Nicolas Jacquemard\"},\"description\":\"Passionn\u00e9 de sport et entrepreneur depuis mes 18 ans, la cr\u00e9ation de Dicodusport m'a sembl\u00e9 \u00e9vidente pour participer \u00e0 la m\u00e9diatisation d'un plus grand nombre de sports. Le chemin est long mais avec une \u00e9quipe des plus motiv\u00e9es et les Jeux Olympiques de Paris 2024 en point de mire, nous y arriverons ! Journaliste dans le monde du sport depuis plus de 5 ans, je traite aussi bien de football, de rugby, de biathlon que de cyclisme.\",\"sameAs\":[\"https:\/\/www.facebook.com\/dicodusport\",\"https:\/\/x.com\/https:\/\/twitter.com\/Nico_Jacquemard\"],\"url\":\"https:\/\/dicodusport.fr\/blog\/author\/dicodusport\/\"}]}<\/script>\n<!-- \/ Yoast SEO Premium plugin. -->","yoast_head_json":{"title":"Ski alpin : fin de saison et gros globe pour Kilde, Alexis Pinturault frustr\u00e9","description":"SKI ALPIN - Les deux derni\u00e8res courses pr\u00e9vues \u00e0 Kranjska Gora (Slov\u00e9nie) sont annul\u00e9es en raison du Coronavirus. Alexis Pinturault dit au revoir au gros globe de cristal.","robots":{"index":"index","follow":"follow","max-snippet":"max-snippet:-1","max-image-preview":"max-image-preview:large","max-video-preview":"max-video-preview:-1"},"canonical":"https:\/\/dicodusport.fr\/blog\/ski-alpin-fin-saison-gros-globe-kilde-alexis-pinturault-frustre\/","og_locale":"fr_FR","og_type":"article","og_title":"Ski alpin : fin de saison et gros globe pour Kilde, Alexis Pinturault frustr\u00e9","og_description":"SKI ALPIN - Les deux derni\u00e8res courses pr\u00e9vues \u00e0 Kranjska Gora (Slov\u00e9nie) sont annul\u00e9es en raison du Coronavirus. Alexis Pinturault dit au revoir au gros globe de cristal.","og_url":"https:\/\/dicodusport.fr\/blog\/ski-alpin-fin-saison-gros-globe-kilde-alexis-pinturault-frustre\/","og_site_name":"Dicodusport","article_publisher":"https:\/\/www.facebook.com\/dicodusport","article_author":"https:\/\/www.facebook.com\/dicodusport","article_published_time":"2020-03-12T11:46:53+00:00","article_modified_time":"2020-05-05T08:44:45+00:00","og_image":[{"width":800,"height":445,"url":"https:\/\/dicodusport.fr\/blog\/wp-content\/uploads\/2020\/03\/Ski-alpin-Fin-de-saison-et-gros-globe-pour-Kilde-Alexis-Pinturault-frustr\u00e9.png","type":"image\/png"}],"author":"Nicolas Jacquemard","twitter_card":"summary_large_image","twitter_title":"Ski alpin : fin de saison et gros globe pour Kilde, Alexis Pinturault frustr\u00e9","twitter_creator":"@https:\/\/twitter.com\/Nico_Jacquemard","twitter_site":"@dicodusport","schema":{"@context":"https:\/\/schema.org","@graph":[{"@type":"NewsArticle","@id":"https:\/\/dicodusport.fr\/blog\/ski-alpin-fin-saison-gros-globe-kilde-alexis-pinturault-frustre\/#article","isPartOf":{"@id":"https:\/\/dicodusport.fr\/blog\/ski-alpin-fin-saison-gros-globe-kilde-alexis-pinturault-frustre\/"},"author":{"name":"Nicolas Jacquemard","@id":"https:\/\/dicodusport.fr\/blog\/#\/schema\/person\/55dcb50ad410894e431ed812bbb70191"},"headline":"Ski alpin : fin de saison et gros globe pour Kilde, Alexis Pinturault frustr\u00e9","datePublished":"2020-03-12T11:46:53+00:00","dateModified":"2020-05-05T08:44:45+00:00","mainEntityOfPage":{"@id":"https:\/\/dicodusport.fr\/blog\/ski-alpin-fin-saison-gros-globe-kilde-alexis-pinturault-frustre\/"},"wordCount":220,"commentCount":0,"publisher":{"@id":"https:\/\/dicodusport.fr\/blog\/#organization"},"image":{"@id":"https:\/\/dicodusport.fr\/blog\/ski-alpin-fin-saison-gros-globe-kilde-alexis-pinturault-frustre\/#primaryimage"},"thumbnailUrl":"https:\/\/dicodusport.fr\/blog\/wp-content\/uploads\/2020\/03\/Ski-alpin-Fin-de-saison-et-gros-globe-pour-Kilde-Alexis-Pinturault-frustr\u00e9.png","keywords":["Alexis Pinturault","Coronavirus","ski","Ski alpin"],"articleSection":["Ski"],"inLanguage":"fr-FR","potentialAction":[{"@type":"CommentAction","name":"Comment","target":["https:\/\/dicodusport.fr\/blog\/ski-alpin-fin-saison-gros-globe-kilde-alexis-pinturault-frustre\/#respond"]}],"copyrightYear":"2020","copyrightHolder":{"@id":"https:\/\/dicodusport.fr\/blog\/#organization"}},{"@type":"WebPage","@id":"https:\/\/dicodusport.fr\/blog\/ski-alpin-fin-saison-gros-globe-kilde-alexis-pinturault-frustre\/","url":"https:\/\/dicodusport.fr\/blog\/ski-alpin-fin-saison-gros-globe-kilde-alexis-pinturault-frustre\/","name":"Ski alpin : fin de saison et gros globe pour Kilde, Alexis Pinturault frustr\u00e9","isPartOf":{"@id":"https:\/\/dicodusport.fr\/blog\/#website"},"primaryImageOfPage":{"@id":"https:\/\/dicodusport.fr\/blog\/ski-alpin-fin-saison-gros-globe-kilde-alexis-pinturault-frustre\/#primaryimage"},"image":{"@id":"https:\/\/dicodusport.fr\/blog\/ski-alpin-fin-saison-gros-globe-kilde-alexis-pinturault-frustre\/#primaryimage"},"thumbnailUrl":"https:\/\/dicodusport.fr\/blog\/wp-content\/uploads\/2020\/03\/Ski-alpin-Fin-de-saison-et-gros-globe-pour-Kilde-Alexis-Pinturault-frustr\u00e9.png","datePublished":"2020-03-12T11:46:53+00:00","dateModified":"2020-05-05T08:44:45+00:00","description":"SKI ALPIN - Les deux derni\u00e8res courses pr\u00e9vues \u00e0 Kranjska Gora (Slov\u00e9nie) sont annul\u00e9es en raison du Coronavirus. Alexis Pinturault dit au revoir au gros globe de cristal.","breadcrumb":{"@id":"https:\/\/dicodusport.fr\/blog\/ski-alpin-fin-saison-gros-globe-kilde-alexis-pinturault-frustre\/#breadcrumb"},"inLanguage":"fr-FR","potentialAction":[{"@type":"ReadAction","target":["https:\/\/dicodusport.fr\/blog\/ski-alpin-fin-saison-gros-globe-kilde-alexis-pinturault-frustre\/"]}]},{"@type":"ImageObject","inLanguage":"fr-FR","@id":"https:\/\/dicodusport.fr\/blog\/ski-alpin-fin-saison-gros-globe-kilde-alexis-pinturault-frustre\/#primaryimage","url":"https:\/\/dicodusport.fr\/blog\/wp-content\/uploads\/2020\/03\/Ski-alpin-Fin-de-saison-et-gros-globe-pour-Kilde-Alexis-Pinturault-frustr\u00e9.png","contentUrl":"https:\/\/dicodusport.fr\/blog\/wp-content\/uploads\/2020\/03\/Ski-alpin-Fin-de-saison-et-gros-globe-pour-Kilde-Alexis-Pinturault-frustr\u00e9.png","width":800,"height":445,"caption":"Ski alpin - Fin de saison et gros globe pour Kilde, Alexis Pinturault frustr\u00e9"},{"@type":"BreadcrumbList","@id":"https:\/\/dicodusport.fr\/blog\/ski-alpin-fin-saison-gros-globe-kilde-alexis-pinturault-frustre\/#breadcrumb","itemListElement":[{"@type":"ListItem","position":1,"name":"Accueil","item":"https:\/\/dicodusport.fr\/blog\/"},{"@type":"ListItem","position":2,"name":"Ski alpin : fin de saison et gros globe pour Kilde, Alexis Pinturault frustr\u00e9"}]},{"@type":"WebSite","@id":"https:\/\/dicodusport.fr\/blog\/#website","url":"https:\/\/dicodusport.fr\/blog\/","name":"Dicodusport","description":"L&#039;encyclop\u00e9die de l&#039;actualit\u00e9 sportive","publisher":{"@id":"https:\/\/dicodusport.fr\/blog\/#organization"},"potentialAction":[{"@type":"SearchAction","target":{"@type":"EntryPoint","urlTemplate":"https:\/\/dicodusport.fr\/blog\/?s={search_term_string}"},"query-input":{"@type":"PropertyValueSpecification","valueRequired":true,"valueName":"search_term_string"}}],"inLanguage":"fr-FR"},{"@type":"NewsMediaOrganization","@id":"https:\/\/dicodusport.fr\/blog\/#organization","name":"Dicodusport","url":"https:\/\/dicodusport.fr\/blog\/","logo":{"@type":"ImageObject","inLanguage":"fr-FR","@id":"https:\/\/dicodusport.fr\/blog\/#\/schema\/logo\/image\/","url":"https:\/\/dicodusport.fr\/blog\/wp-content\/uploads\/2020\/06\/cropped-LOGO-DICODUSPORT-2020-SANS-FOND-SANS-TEXTE.png","contentUrl":"https:\/\/dicodusport.fr\/blog\/wp-content\/uploads\/2020\/06\/cropped-LOGO-DICODUSPORT-2020-SANS-FOND-SANS-TEXTE.png","width":512,"height":512,"caption":"Dicodusport"},"image":{"@id":"https:\/\/dicodusport.fr\/blog\/#\/schema\/logo\/image\/"},"sameAs":["https:\/\/www.facebook.com\/dicodusport","https:\/\/x.com\/dicodusport","https:\/\/www.instagram.com\/dicodusport\/","https:\/\/www.youtube.com\/channel\/UC7V2KZ5sd3htJivAbA4ZG3w"],"description":"Dicodusport est l'encyclop\u00e9die de l'actualit\u00e9 sportive.","email":"bonjour@dicodusport.fr","legalName":"DICODUSPORT","foundingDate":"2018-01-14","vatID":"FR71834470973","taxID":"83447097300043","numberOfEmployees":{"@type":"QuantitativeValue","minValue":"1","maxValue":"10"}},{"@type":"Person","@id":"https:\/\/dicodusport.fr\/blog\/#\/schema\/person\/55dcb50ad410894e431ed812bbb70191","name":"Nicolas Jacquemard","image":{"@type":"ImageObject","inLanguage":"fr-FR","@id":"https:\/\/dicodusport.fr\/blog\/#\/schema\/person\/image\/","url":"https:\/\/dicodusport.fr\/blog\/wp-content\/uploads\/2021\/05\/Nicolas-Jacquemard-150x150.jpeg","contentUrl":"https:\/\/dicodusport.fr\/blog\/wp-content\/uploads\/2021\/05\/Nicolas-Jacquemard-150x150.jpeg","caption":"Nicolas Jacquemard"},"description":"Passionn\u00e9 de sport et entrepreneur depuis mes 18 ans, la cr\u00e9ation de Dicodusport m'a sembl\u00e9 \u00e9vidente pour participer \u00e0 la m\u00e9diatisation d'un plus grand nombre de sports. Le chemin est long mais avec une \u00e9quipe des plus motiv\u00e9es et les Jeux Olympiques de Paris 2024 en point de mire, nous y arriverons ! Journaliste dans le monde du sport depuis plus de 5 ans, je traite aussi bien de football, de rugby, de biathlon que de cyclisme.","sameAs":["https:\/\/www.facebook.com\/dicodusport","https:\/\/x.com\/https:\/\/twitter.com\/Nico_Jacquemard"],"url":"https:\/\/dicodusport.fr\/blog\/author\/dicodusport\/"}]}},"_links":{"self":[{"href":"https:\/\/dicodusport.fr\/blog\/wp-json\/wp\/v2\/posts\/63003","targetHints":{"allow":["GET"]}}],"collection":[{"href":"https:\/\/dicodusport.fr\/blog\/wp-json\/wp\/v2\/posts"}],"about":[{"href":"https:\/\/dicodusport.fr\/blog\/wp-json\/wp\/v2\/types\/post"}],"author":[{"embeddable":true,"href":"https:\/\/dicodusport.fr\/blog\/wp-json\/wp\/v2\/users\/1"}],"replies":[{"embeddable":true,"href":"https:\/\/dicodusport.fr\/blog\/wp-json\/wp\/v2\/comments?post=63003"}],"version-history":[{"count":0,"href":"https:\/\/dicodusport.fr\/blog\/wp-json\/wp\/v2\/posts\/63003\/revisions"}],"wp:featuredmedia":[{"embeddable":true,"href":"https:\/\/dicodusport.fr\/blog\/wp-json\/wp\/v2\/media\/63008"}],"wp:attachment":[{"href":"https:\/\/dicodusport.fr\/blog\/wp-json\/wp\/v2\/media?parent=63003"}],"wp:term":[{"taxonomy":"category","embeddable":true,"href":"https:\/\/dicodusport.fr\/blog\/wp-json\/wp\/v2\/categories?post=63003"},{"taxonomy":"post_tag","embeddable":true,"href":"https:\/\/dicodusport.fr\/blog\/wp-json\/wp\/v2\/tags?post=63003"}],"curies":[{"name":"wp","href":"https:\/\/api.w.org\/{rel}","templated":true}]}}