{"id":630160,"date":"2025-12-05T12:00:29","date_gmt":"2025-12-05T11:00:29","guid":{"rendered":"https:\/\/dicodusport.fr\/blog\/?p=630160&#038;preview=true&#038;preview_id=630160"},"modified":"2026-02-03T09:43:52","modified_gmt":"2026-02-03T08:43:52","slug":"la-saison-de-ski-alpinisme-reprend-la-bataille-pour-les-tickets-olympiques-peut-debuter","status":"publish","type":"post","link":"https:\/\/dicodusport.fr\/blog\/la-saison-de-ski-alpinisme-reprend-la-bataille-pour-les-tickets-olympiques-peut-debuter\/","title":{"rendered":"La saison de ski alpinisme reprend\u00a0: la bataille pour les tickets olympiques peut d\u00e9buter"},"content":{"rendered":"<p style=\"text-align: justify;\"><strong><em>SKI ALPINISME \u2013 Alors que l\u2019\u00e9quipe de France dispose de quatre quotas pour les Jeux Olympiques, qui parviendra \u00e0 s\u2019en emparer ?<\/em><\/strong><\/p>\n<p style=\"text-align: justify;\">Depuis plusieurs ann\u00e9es maintenant, le <strong>ski alpinisme<\/strong> attend l\u2019hiver 2026 avec impatience. Il faut dire que pour la toute premi\u00e8re fois, la discipline va \u00eatre au programme des <strong>Jeux Olympiques d&rsquo;hiver<\/strong> en f\u00e9vrier prochain, \u00e0 Milan-Cortina. Habitu\u00e9e \u00e0 briller, l\u2019\u00e9quipe de France avait fait le boulot l\u2019ann\u00e9e derni\u00e8re en d\u00e9crochant le <strong>maximum de quotas possibles : deux masculins, deux f\u00e9minins<\/strong>.<\/p>\n<ul>\n<li style=\"text-align: justify;\"><strong>\u00c0 ce sujet &#8211; <a href=\"https:\/\/dicodusport.fr\/blog\/jo-dhiver-2026-modes-de-qualification-et-francais-qualifies-sport-par-sport\/\">JO d\u2019hiver 2026 : Modes de qualification et Fran\u00e7ais qualifi\u00e9s, sport par sport<\/a><\/strong><\/li>\n<\/ul>\n<h2 style=\"text-align: justify;\">Emily Harrop et Thibault Anselmet ind\u00e9boulonnables<\/h2>\n<p style=\"text-align: justify;\">Ainsi, ils seront quatre \u00e0 avoir le privil\u00e8ge de rallier le village olympique pour prendre part aux deux \u00e9preuves qui se disputeront \u00e0 la mythique station de <strong>Bormio<\/strong> : le <strong>sprint<\/strong> et le <strong>relais mixte<\/strong>. La question est d\u00e9sormais de savoir quels athl\u00e8tes s\u2019empareront des pr\u00e9cieux s\u00e9sames. Habitu\u00e9e \u00e0 briller sur les longues distances, la nouvelle <em>recordwoman<\/em> du kilom\u00e8tre vertical, <strong>Axelle Gachet-Mollaret<\/strong>, ne fera pas partie de la s\u00e9lection. Tout comme son mari, <strong>Xavier Gachet<\/strong>, ou encore la l\u00e9gende <strong>William Bon Mardion<\/strong>, ces skieurs ont depuis plusieurs ann\u00e9es fait le choix de ne pas rentrer dans la course aux JO en restant uniquement sur leurs distances privil\u00e9gi\u00e9es.<\/p>\n<p style=\"text-align: justify;\">En revanche, les deux leaders de la s\u00e9lection que sont <strong>Emily Harrop<\/strong> et <strong>Thibault Anselmet<\/strong> seront bien au rendez-vous. Tous deux vainqueurs du gros globe de cristal l\u2019ann\u00e9e derni\u00e8re, ils empilent les gros r\u00e9sultats depuis plusieurs ann\u00e9es, et leur ticket semble d\u00e9j\u00e0 assur\u00e9. D\u2019ailleurs, les deux ont d\u00e9j\u00e0 tourn\u00e9 totalement leur saison vers l\u2019\u00e9ch\u00e9ance olympique, ce qui explique leur non-participation \u00e0 la premi\u00e8re manche de Coupe du monde \u00e0 Solitude (\u00c9tats-Unis), ce week-end. En cons\u00e9quence, <strong>il reste seulement deux tickets disponibles<\/strong>. Deux tickets qui vont \u00eatre ardemment disput\u00e9s, tant les candidats cr\u00e9dibles se bousculent au portillon.<\/p>\n<div class=\"vlp-link-container vlp-layout-article\"><a href=\"https:\/\/dicodusport.fr\/blog\/sports-dhiver-ces-francais-qui-ont-termine-la-saison-de-coupe-du-monde-sur-un-podium\/\" class=\"vlp-link\" title=\"Sports d&#039;hiver : Ces Fran\u00e7ais qui ont termin\u00e9 la saison de Coupe du monde sur un podium\"><\/a><div class=\"vlp-layout-zone-side\"><div class=\"vlp-block-4 vlp-link-image\"><img loading=\"lazy\" decoding=\"async\" style=\"max-width: 792px;\" width=\"792\" height=\"445\" src=\"https:\/\/dicodusport.fr\/blog\/wp-content\/uploads\/2025\/04\/Sports-dhiver-Ces-Francais-qui-ont-termine-la-saison-de-Coupe-du-monde-sur-un-podium.png\" class=\"attachment-800x445 size-800x445\" alt=\"Sports d&#039;hiver : Ces Fran\u00e7ais qui ont termin\u00e9 la saison de Coupe du monde sur un podium\" srcset=\"https:\/\/dicodusport.fr\/blog\/wp-content\/uploads\/2025\/04\/Sports-dhiver-Ces-Francais-qui-ont-termine-la-saison-de-Coupe-du-monde-sur-un-podium.png 1200w, https:\/\/dicodusport.fr\/blog\/wp-content\/uploads\/2025\/04\/Sports-dhiver-Ces-Francais-qui-ont-termine-la-saison-de-Coupe-du-monde-sur-un-podium-300x169.png 300w, https:\/\/dicodusport.fr\/blog\/wp-content\/uploads\/2025\/04\/Sports-dhiver-Ces-Francais-qui-ont-termine-la-saison-de-Coupe-du-monde-sur-un-podium-1024x575.png 1024w, https:\/\/dicodusport.fr\/blog\/wp-content\/uploads\/2025\/04\/Sports-dhiver-Ces-Francais-qui-ont-termine-la-saison-de-Coupe-du-monde-sur-un-podium-768x431.png 768w\" sizes=\"auto, (max-width: 792px) 100vw, 792px\" \/><\/div><\/div><div class=\"vlp-layout-zone-main\"><div class=\"vlp-block-0 vlp-link-title\">Sports d'hiver : Ces Fran\u00e7ais qui ont termin\u00e9 la saison de Coupe du monde sur un podium<\/div><div class=\"vlp-block-1 vlp-link-summary\">SPORTS D\u2019HIVER \u2013 La derni\u00e8re Coupe du monde s\u2019\u00e9tant cl\u00f4tur\u00e9e ce weekend (ski alpinisme), il est temps d\u2019\u00e9tablir le bilan complet des Fran\u00e7ais qui ont brill\u00e9, en se hissant sur le podium final du g\u00e9n\u00e9ral, ou d\u2019une s\u00e9pcialit\u00e9. Entre habitu\u00e9s du haut niveau et jeunes espoirs en pleine \u00e9closion, le bilan global est positif pour les sports d\u2019hiver fran\u00e7ais \u00e0 moins d\u2019un an des Jeux Olympiques.<\/div><div class=\"vlp-block-2 vlp-link-button\">Lire l'article<\/div><div class=\"vlp-block-3 vlp-link-url\">dicodusport.fr<\/div><\/div><\/div>\n<h2 style=\"text-align: justify;\">Margot Ravinel ou C\u00e9lia Perrillat-Pessey pour accompagner Harrop ?<\/h2>\n<p style=\"text-align: justify;\">Du c\u00f4t\u00e9 du circuit f\u00e9minin, la bataille va se r\u00e9sumer \u00e0 un duel de haute vol\u00e9e entre <strong>C\u00e9lia Perrillat-Pessey<\/strong> (28 ans) et <strong>Margot Ravinel<\/strong> (23 ans). <strong>L\u00e9na Bonnel<\/strong> (30 ans) ou encore <strong>Louna Dupont<\/strong> (23 ans) \u00e9tant un cran en dessous. \u00c0 l\u2019heure actuelle, Ravinel semble avoir un l\u00e9ger avantage sur sa compatriote gr\u00e2ce \u00e0 un dernier hiver abouti. En effet, elle avait notamment d\u00e9croch\u00e9 deux podiums en Coupe du monde sur le sprint, alors que pour la premi\u00e8re fois depuis de longues ann\u00e9es, Perrillat-Pessey n\u2019avait pas r\u00e9ussi \u00e0 s\u2019y hisser.<\/p>\n<p style=\"text-align: justify;\">En prime, Ravinel avait brill\u00e9 lors des Jeux Mondiaux Universitaires d\u2019Hiver en raflant trois titres. Si cette derni\u00e8re confirme ses bonnes dispositions, le billet lui semble promis. Mais avec son exp\u00e9rience, Perrillat-Pessey n\u2019a pas dit son dernier mot, et le staff fera quoi qu\u2019il arrive face \u00e0 un choix corn\u00e9lien.<\/p>\n<div class=\"vlp-link-container vlp-layout-article\"><a href=\"https:\/\/dicodusport.fr\/blog\/jeux-mondiaux-universitaires-dhiver-2025-margot-ravinel-triple-la-mise-sur-la-vertical-race-remi-cantan-egalement-titre\/\" class=\"vlp-link\" title=\"Jeux Mondiaux Universitaires d&#039;Hiver 2025 : Margot Ravinel triple la mise sur la vertical race, R\u00e9mi Cantan \u00e9galement titr\u00e9\"><\/a><div class=\"vlp-layout-zone-side\"><div class=\"vlp-block-4 vlp-link-image\"><img loading=\"lazy\" decoding=\"async\" style=\"max-width: 792px;\" width=\"792\" height=\"445\" src=\"https:\/\/dicodusport.fr\/blog\/wp-content\/uploads\/2025\/01\/Jeux-Mondiaux-Universitaires-dHiver-2025-Margot-Ravinel-triple-la-mise-sur-la-vertical-race-Remi-Cantan-egalement-titre-1.png\" class=\"attachment-800x445 size-800x445\" alt=\"Jeux Mondiaux Universitaires d&#039;Hiver 2025 : Margot Ravinel triple la mise sur la vertical race, R\u00e9mi Cantan \u00e9galement titr\u00e9\" srcset=\"https:\/\/dicodusport.fr\/blog\/wp-content\/uploads\/2025\/01\/Jeux-Mondiaux-Universitaires-dHiver-2025-Margot-Ravinel-triple-la-mise-sur-la-vertical-race-Remi-Cantan-egalement-titre-1.png 1200w, https:\/\/dicodusport.fr\/blog\/wp-content\/uploads\/2025\/01\/Jeux-Mondiaux-Universitaires-dHiver-2025-Margot-Ravinel-triple-la-mise-sur-la-vertical-race-Remi-Cantan-egalement-titre-1-300x169.png 300w, https:\/\/dicodusport.fr\/blog\/wp-content\/uploads\/2025\/01\/Jeux-Mondiaux-Universitaires-dHiver-2025-Margot-Ravinel-triple-la-mise-sur-la-vertical-race-Remi-Cantan-egalement-titre-1-1024x575.png 1024w, https:\/\/dicodusport.fr\/blog\/wp-content\/uploads\/2025\/01\/Jeux-Mondiaux-Universitaires-dHiver-2025-Margot-Ravinel-triple-la-mise-sur-la-vertical-race-Remi-Cantan-egalement-titre-1-768x431.png 768w\" sizes=\"auto, (max-width: 792px) 100vw, 792px\" \/><\/div><\/div><div class=\"vlp-layout-zone-main\"><div class=\"vlp-block-0 vlp-link-title\">Jeux Mondiaux Universitaires d'Hiver 2025 : Margot Ravinel triple la mise sur la vertical race, R\u00e9mi Cantan \u00e9galement titr\u00e9<\/div><div class=\"vlp-block-1 vlp-link-summary\">JEUX MONDIAUX UNIVERSITAIRES D'HIVER 2025 - Margot Ravinel est devenue ce dimanche soir la premi\u00e8re fran\u00e7aise \u00e0 d\u00e9crocher trois m\u00e9dailles d'or \u00e0 Turin ! Cette derni\u00e8re s'est offert le titre sur la vertical race en ski alpinisme, tout comme R\u00e9mi Cantan chez les hommes. En bonus, Eliott Robin Saje ajoute du bronze \u00e0 ce feu d'artifice !<\/div><div class=\"vlp-block-2 vlp-link-button\">Lire l'article<\/div><div class=\"vlp-block-3 vlp-link-url\">dicodusport.fr<\/div><\/div><\/div>\n<h2>L\u00e9ger avantage pour Pablo Giner parmi une foule de pr\u00e9tendants<\/h2>\n<p style=\"text-align: justify;\">Du c\u00f4t\u00e9 des messieurs, le deuxi\u00e8me ticket est bien plus ouvert. En effet, de <strong>Robin Galindo<\/strong> \u00e0 <strong>Bazil Ducouret<\/strong>, en passant par <strong>Baptiste Ellmenreich<\/strong>, <strong>J\u00e9r\u00e9my Anselmet<\/strong> ou encore <strong>Florian Sautel<\/strong>, tous peuvent l\u00e9gitimement pr\u00e9tendre aux Jeux Olympiques, tant aucun \u00e9l\u00e9ment n\u2019est parvenu \u00e0 se d\u00e9tacher. \u00c0 part peut-\u00eatre <strong>Pablo Giner<\/strong>. L\u2019ancien sp\u00e9cialiste du ski nordique a \u00e9t\u00e9 le deuxi\u00e8me meilleur Fran\u00e7ais sur le sprint l\u2019hiver dernier en terminant \u00e0 la 11\u00e8me place du g\u00e9n\u00e9ral, mais il s\u2019est aussi illustr\u00e9 en relais en remportant notamment la course test de Bormio.<\/p>\n<p style=\"text-align: justify;\">N\u00e9anmoins, rien n\u2019est encore fait, et le d\u00e9but de la saison va avoir un impact d\u00e9terminant. En effet, si un gar\u00e7on franchit un cap en se retrouvant \u00e0 jouer les premiers r\u00f4les, la hi\u00e9rarchie sera bouscul\u00e9e. Les \u00e9preuves de <strong>Coupe du monde \u00e0 Solitude<\/strong>, puis \u00e0 <strong>Shahdag<\/strong> d\u00e9but janvier, mais aussi les <strong>championnats de France<\/strong> courant d\u00e9cembre, vont tous rev\u00eatir une importance capitale.<\/p>\n<blockquote class=\"twitter-tweet\">\n<p dir=\"ltr\" lang=\"en\">Join us for the @ismf_skimo Ski Mountaineering World Cup this Weekend, December 5-7! This event serves as the final qualifier for the 2026 Winter Olympics! Free to spectate, full event schedule here: <a href=\"https:\/\/t.co\/k9m35LTGps\">https:\/\/t.co\/k9m35LTGps<\/a><\/p>\n<p>\ud83d\udcf7: @ronwinsettimages <a href=\"https:\/\/t.co\/dnUwfWUhGL\">pic.twitter.com\/dnUwfWUhGL<\/a><br \/>\n\u2014 Solitude Mountain Resort (@SolitudeMTN) <a href=\"https:\/\/twitter.com\/SolitudeMTN\/status\/1995976515939353017?ref_src=twsrc%5Etfw\">December 2, 2025<\/a><\/p><\/blockquote>\n<p><script async src=\"https:\/\/platform.twitter.com\/widgets.js\" charset=\"utf-8\"><\/script><\/p>\n","protected":false},"excerpt":{"rendered":"<p>SKI ALPINISME \u2013 Alors que l\u2019\u00e9quipe de France dispose de quatre quotas pour les Jeux Olympiques, qui parviendra \u00e0 s\u2019en emparer\u00a0?<\/p>\n","protected":false},"author":55,"featured_media":630161,"comment_status":"open","ping_status":"closed","sticky":false,"template":"","format":"standard","meta":{"_acf_changed":false,"_daextam_enable_autolinks":"1","footnotes":""},"categories":[44003,45757],"tags":[32415,16878,37201,46887,3621,46888,47094,4230],"class_list":["post-630160","post","type-post","status-publish","format-standard","has-post-thumbnail","hentry","category-jo-hiver-2026","category-ski-alpinisme","tag-actu","tag-breve","tag-coupe-du-monde-ski-alpinisme","tag-jeux-olympiques-2026","tag-jeux-olympiques-dhiver","tag-jo-2026","tag-jo-dhiver","tag-ski-alpinisme"],"acf":[],"yoast_head":"<!-- This site is optimized with the Yoast SEO Premium plugin v26.7 (Yoast SEO v26.7) - https:\/\/yoast.com\/wordpress\/plugins\/seo\/ -->\n<title>La saison de ski alpinisme reprend\u00a0: la bataille pour les tickets olympiques peut d\u00e9buter<\/title>\n<meta name=\"description\" content=\"SKI ALPINISME \u2013 Alors que l\u2019\u00e9quipe de France dispose de quatre quotas pour les Jeux Olympiques, qui parviendra \u00e0 s\u2019en emparer\u00a0?\" \/>\n<meta name=\"robots\" content=\"index, follow, max-snippet:-1, max-image-preview:large, max-video-preview:-1\" \/>\n<link rel=\"canonical\" href=\"https:\/\/dicodusport.fr\/blog\/la-saison-de-ski-alpinisme-reprend-la-bataille-pour-les-tickets-olympiques-peut-debuter\/\" \/>\n<meta property=\"og:locale\" content=\"fr_FR\" \/>\n<meta property=\"og:type\" content=\"article\" \/>\n<meta property=\"og:title\" content=\"La saison de ski alpinisme reprend\u00a0: la bataille pour les tickets olympiques peut d\u00e9buter\" \/>\n<meta property=\"og:description\" content=\"SKI ALPINISME \u2013 Alors que l\u2019\u00e9quipe de France dispose de quatre quotas pour les Jeux Olympiques, qui parviendra \u00e0 s\u2019en emparer\u00a0?\" \/>\n<meta property=\"og:url\" content=\"https:\/\/dicodusport.fr\/blog\/la-saison-de-ski-alpinisme-reprend-la-bataille-pour-les-tickets-olympiques-peut-debuter\/\" \/>\n<meta property=\"og:site_name\" content=\"Dicodusport\" \/>\n<meta property=\"article:publisher\" content=\"https:\/\/www.facebook.com\/dicodusport\" \/>\n<meta property=\"article:published_time\" content=\"2025-12-05T11:00:29+00:00\" \/>\n<meta property=\"article:modified_time\" content=\"2026-02-03T08:43:52+00:00\" \/>\n<meta property=\"og:image\" content=\"https:\/\/dicodusport.fr\/blog\/wp-content\/uploads\/2025\/12\/La-saison-de-ski-alpinisme-reprend-la-bataille-pour-les-tickets-olympiques-peut-debuter.png\" \/>\n\t<meta property=\"og:image:width\" content=\"1200\" \/>\n\t<meta property=\"og:image:height\" content=\"674\" \/>\n\t<meta property=\"og:image:type\" content=\"image\/png\" \/>\n<meta name=\"author\" content=\"Maxime Cazenave\" \/>\n<meta name=\"twitter:card\" content=\"summary_large_image\" \/>\n<meta name=\"twitter:title\" content=\"La saison de ski alpinisme reprend\u00a0: la bataille pour les tickets olympiques peut d\u00e9buter\" \/>\n<meta name=\"twitter:creator\" content=\"@https:\/\/twitter.com\/Maxime_Caze\" \/>\n<meta name=\"twitter:site\" content=\"@dicodusport\" \/>\n<script type=\"application\/ld+json\" class=\"yoast-schema-graph\">{\"@context\":\"https:\/\/schema.org\",\"@graph\":[{\"@type\":\"NewsArticle\",\"@id\":\"https:\/\/dicodusport.fr\/blog\/la-saison-de-ski-alpinisme-reprend-la-bataille-pour-les-tickets-olympiques-peut-debuter\/#article\",\"isPartOf\":{\"@id\":\"https:\/\/dicodusport.fr\/blog\/la-saison-de-ski-alpinisme-reprend-la-bataille-pour-les-tickets-olympiques-peut-debuter\/\"},\"author\":{\"name\":\"Maxime Cazenave\",\"@id\":\"https:\/\/dicodusport.fr\/blog\/#\/schema\/person\/37def232098a7a5cbab3974a3690abb0\"},\"headline\":\"La saison de ski alpinisme reprend\u00a0: la bataille pour les tickets olympiques peut d\u00e9buter\",\"datePublished\":\"2025-12-05T11:00:29+00:00\",\"dateModified\":\"2026-02-03T08:43:52+00:00\",\"mainEntityOfPage\":{\"@id\":\"https:\/\/dicodusport.fr\/blog\/la-saison-de-ski-alpinisme-reprend-la-bataille-pour-les-tickets-olympiques-peut-debuter\/\"},\"wordCount\":1003,\"commentCount\":0,\"publisher\":{\"@id\":\"https:\/\/dicodusport.fr\/blog\/#organization\"},\"image\":{\"@id\":\"https:\/\/dicodusport.fr\/blog\/la-saison-de-ski-alpinisme-reprend-la-bataille-pour-les-tickets-olympiques-peut-debuter\/#primaryimage\"},\"thumbnailUrl\":\"https:\/\/dicodusport.fr\/blog\/wp-content\/uploads\/2025\/12\/La-saison-de-ski-alpinisme-reprend-la-bataille-pour-les-tickets-olympiques-peut-debuter.png\",\"keywords\":[\"actu\",\"br\u00e8ve\",\"Coupe du monde ski alpinisme\",\"Jeux Olympiques 2026\",\"Jeux olympiques d'hiver\",\"JO 2026\",\"JO d'hiver\",\"Ski alpinisme\"],\"articleSection\":[\"JO d'hiver 2026\",\"Ski alpinisme\"],\"inLanguage\":\"fr-FR\",\"potentialAction\":[{\"@type\":\"CommentAction\",\"name\":\"Comment\",\"target\":[\"https:\/\/dicodusport.fr\/blog\/la-saison-de-ski-alpinisme-reprend-la-bataille-pour-les-tickets-olympiques-peut-debuter\/#respond\"]}],\"copyrightYear\":\"2025\",\"copyrightHolder\":{\"@id\":\"https:\/\/dicodusport.fr\/blog\/#organization\"}},{\"@type\":\"WebPage\",\"@id\":\"https:\/\/dicodusport.fr\/blog\/la-saison-de-ski-alpinisme-reprend-la-bataille-pour-les-tickets-olympiques-peut-debuter\/\",\"url\":\"https:\/\/dicodusport.fr\/blog\/la-saison-de-ski-alpinisme-reprend-la-bataille-pour-les-tickets-olympiques-peut-debuter\/\",\"name\":\"La saison de ski alpinisme reprend\u00a0: la bataille pour les tickets olympiques peut d\u00e9buter\",\"isPartOf\":{\"@id\":\"https:\/\/dicodusport.fr\/blog\/#website\"},\"primaryImageOfPage\":{\"@id\":\"https:\/\/dicodusport.fr\/blog\/la-saison-de-ski-alpinisme-reprend-la-bataille-pour-les-tickets-olympiques-peut-debuter\/#primaryimage\"},\"image\":{\"@id\":\"https:\/\/dicodusport.fr\/blog\/la-saison-de-ski-alpinisme-reprend-la-bataille-pour-les-tickets-olympiques-peut-debuter\/#primaryimage\"},\"thumbnailUrl\":\"https:\/\/dicodusport.fr\/blog\/wp-content\/uploads\/2025\/12\/La-saison-de-ski-alpinisme-reprend-la-bataille-pour-les-tickets-olympiques-peut-debuter.png\",\"datePublished\":\"2025-12-05T11:00:29+00:00\",\"dateModified\":\"2026-02-03T08:43:52+00:00\",\"description\":\"SKI ALPINISME \u2013 Alors que l\u2019\u00e9quipe de France dispose de quatre quotas pour les Jeux Olympiques, qui parviendra \u00e0 s\u2019en emparer\u00a0?\",\"breadcrumb\":{\"@id\":\"https:\/\/dicodusport.fr\/blog\/la-saison-de-ski-alpinisme-reprend-la-bataille-pour-les-tickets-olympiques-peut-debuter\/#breadcrumb\"},\"inLanguage\":\"fr-FR\",\"potentialAction\":[{\"@type\":\"ReadAction\",\"target\":[\"https:\/\/dicodusport.fr\/blog\/la-saison-de-ski-alpinisme-reprend-la-bataille-pour-les-tickets-olympiques-peut-debuter\/\"]}]},{\"@type\":\"ImageObject\",\"inLanguage\":\"fr-FR\",\"@id\":\"https:\/\/dicodusport.fr\/blog\/la-saison-de-ski-alpinisme-reprend-la-bataille-pour-les-tickets-olympiques-peut-debuter\/#primaryimage\",\"url\":\"https:\/\/dicodusport.fr\/blog\/wp-content\/uploads\/2025\/12\/La-saison-de-ski-alpinisme-reprend-la-bataille-pour-les-tickets-olympiques-peut-debuter.png\",\"contentUrl\":\"https:\/\/dicodusport.fr\/blog\/wp-content\/uploads\/2025\/12\/La-saison-de-ski-alpinisme-reprend-la-bataille-pour-les-tickets-olympiques-peut-debuter.png\",\"width\":1200,\"height\":674,\"caption\":\"La saison de ski alpinisme reprend\u00a0: la bataille pour les tickets olympiques peut d\u00e9buter\"},{\"@type\":\"BreadcrumbList\",\"@id\":\"https:\/\/dicodusport.fr\/blog\/la-saison-de-ski-alpinisme-reprend-la-bataille-pour-les-tickets-olympiques-peut-debuter\/#breadcrumb\",\"itemListElement\":[{\"@type\":\"ListItem\",\"position\":1,\"name\":\"Accueil\",\"item\":\"https:\/\/dicodusport.fr\/blog\/\"},{\"@type\":\"ListItem\",\"position\":2,\"name\":\"La saison de ski alpinisme reprend\u00a0: la bataille pour les tickets olympiques peut d\u00e9buter\"}]},{\"@type\":\"WebSite\",\"@id\":\"https:\/\/dicodusport.fr\/blog\/#website\",\"url\":\"https:\/\/dicodusport.fr\/blog\/\",\"name\":\"Dicodusport\",\"description\":\"L&#039;encyclop\u00e9die de l&#039;actualit\u00e9 sportive\",\"publisher\":{\"@id\":\"https:\/\/dicodusport.fr\/blog\/#organization\"},\"potentialAction\":[{\"@type\":\"SearchAction\",\"target\":{\"@type\":\"EntryPoint\",\"urlTemplate\":\"https:\/\/dicodusport.fr\/blog\/?s={search_term_string}\"},\"query-input\":{\"@type\":\"PropertyValueSpecification\",\"valueRequired\":true,\"valueName\":\"search_term_string\"}}],\"inLanguage\":\"fr-FR\"},{\"@type\":\"NewsMediaOrganization\",\"@id\":\"https:\/\/dicodusport.fr\/blog\/#organization\",\"name\":\"Dicodusport\",\"url\":\"https:\/\/dicodusport.fr\/blog\/\",\"logo\":{\"@type\":\"ImageObject\",\"inLanguage\":\"fr-FR\",\"@id\":\"https:\/\/dicodusport.fr\/blog\/#\/schema\/logo\/image\/\",\"url\":\"https:\/\/dicodusport.fr\/blog\/wp-content\/uploads\/2020\/06\/cropped-LOGO-DICODUSPORT-2020-SANS-FOND-SANS-TEXTE.png\",\"contentUrl\":\"https:\/\/dicodusport.fr\/blog\/wp-content\/uploads\/2020\/06\/cropped-LOGO-DICODUSPORT-2020-SANS-FOND-SANS-TEXTE.png\",\"width\":512,\"height\":512,\"caption\":\"Dicodusport\"},\"image\":{\"@id\":\"https:\/\/dicodusport.fr\/blog\/#\/schema\/logo\/image\/\"},\"sameAs\":[\"https:\/\/www.facebook.com\/dicodusport\",\"https:\/\/x.com\/dicodusport\",\"https:\/\/www.instagram.com\/dicodusport\/\",\"https:\/\/www.youtube.com\/channel\/UC7V2KZ5sd3htJivAbA4ZG3w\"],\"description\":\"Dicodusport est l'encyclop\u00e9die de l'actualit\u00e9 sportive.\",\"email\":\"bonjour@dicodusport.fr\",\"legalName\":\"DICODUSPORT\",\"foundingDate\":\"2018-01-14\",\"vatID\":\"FR71834470973\",\"taxID\":\"83447097300043\",\"numberOfEmployees\":{\"@type\":\"QuantitativeValue\",\"minValue\":\"1\",\"maxValue\":\"10\"}},{\"@type\":\"Person\",\"@id\":\"https:\/\/dicodusport.fr\/blog\/#\/schema\/person\/37def232098a7a5cbab3974a3690abb0\",\"name\":\"Maxime Cazenave\",\"image\":{\"@type\":\"ImageObject\",\"inLanguage\":\"fr-FR\",\"@id\":\"https:\/\/dicodusport.fr\/blog\/#\/schema\/person\/image\/\",\"url\":\"https:\/\/dicodusport.fr\/blog\/wp-content\/uploads\/2021\/05\/Maxime-Cazenave-150x150.jpg\",\"contentUrl\":\"https:\/\/dicodusport.fr\/blog\/wp-content\/uploads\/2021\/05\/Maxime-Cazenave-150x150.jpg\",\"caption\":\"Maxime Cazenave\"},\"description\":\"Journaliste\/R\u00e9dacteur depuis 2012 - Berc\u00e9 par l\u2019amour des Girondins de Bordeaux, les \u00e9checs de Christophe Moreau sur le Tour de France sous l'\u00e8re Lance Armstrong et le fade-away l\u00e9tal de Dirk Nowitzki, ma passion d\u00e9vorante pour le sport a toujours \u00e9t\u00e9 un pan incontournable de ma vie. Transmettre ma passion \u00e0 l\u2019\u00e9crit a \u00e9t\u00e9 une transition naturelle. Suiveur assidu de basket et de hockey sur glace, je garde toujours un peu de place pour suivre le cyclisme, le football et le maximum de performances fran\u00e7aises.\",\"sameAs\":[\"https:\/\/x.com\/https:\/\/twitter.com\/Maxime_Caze\"],\"url\":\"https:\/\/dicodusport.fr\/blog\/author\/maximec\/\"}]}<\/script>\n<!-- \/ Yoast SEO Premium plugin. -->","yoast_head_json":{"title":"La saison de ski alpinisme reprend\u00a0: la bataille pour les tickets olympiques peut d\u00e9buter","description":"SKI ALPINISME \u2013 Alors que l\u2019\u00e9quipe de France dispose de quatre quotas pour les Jeux Olympiques, qui parviendra \u00e0 s\u2019en emparer\u00a0?","robots":{"index":"index","follow":"follow","max-snippet":"max-snippet:-1","max-image-preview":"max-image-preview:large","max-video-preview":"max-video-preview:-1"},"canonical":"https:\/\/dicodusport.fr\/blog\/la-saison-de-ski-alpinisme-reprend-la-bataille-pour-les-tickets-olympiques-peut-debuter\/","og_locale":"fr_FR","og_type":"article","og_title":"La saison de ski alpinisme reprend\u00a0: la bataille pour les tickets olympiques peut d\u00e9buter","og_description":"SKI ALPINISME \u2013 Alors que l\u2019\u00e9quipe de France dispose de quatre quotas pour les Jeux Olympiques, qui parviendra \u00e0 s\u2019en emparer\u00a0?","og_url":"https:\/\/dicodusport.fr\/blog\/la-saison-de-ski-alpinisme-reprend-la-bataille-pour-les-tickets-olympiques-peut-debuter\/","og_site_name":"Dicodusport","article_publisher":"https:\/\/www.facebook.com\/dicodusport","article_published_time":"2025-12-05T11:00:29+00:00","article_modified_time":"2026-02-03T08:43:52+00:00","og_image":[{"width":1200,"height":674,"url":"https:\/\/dicodusport.fr\/blog\/wp-content\/uploads\/2025\/12\/La-saison-de-ski-alpinisme-reprend-la-bataille-pour-les-tickets-olympiques-peut-debuter.png","type":"image\/png"}],"author":"Maxime Cazenave","twitter_card":"summary_large_image","twitter_title":"La saison de ski alpinisme reprend\u00a0: la bataille pour les tickets olympiques peut d\u00e9buter","twitter_creator":"@https:\/\/twitter.com\/Maxime_Caze","twitter_site":"@dicodusport","schema":{"@context":"https:\/\/schema.org","@graph":[{"@type":"NewsArticle","@id":"https:\/\/dicodusport.fr\/blog\/la-saison-de-ski-alpinisme-reprend-la-bataille-pour-les-tickets-olympiques-peut-debuter\/#article","isPartOf":{"@id":"https:\/\/dicodusport.fr\/blog\/la-saison-de-ski-alpinisme-reprend-la-bataille-pour-les-tickets-olympiques-peut-debuter\/"},"author":{"name":"Maxime Cazenave","@id":"https:\/\/dicodusport.fr\/blog\/#\/schema\/person\/37def232098a7a5cbab3974a3690abb0"},"headline":"La saison de ski alpinisme reprend\u00a0: la bataille pour les tickets olympiques peut d\u00e9buter","datePublished":"2025-12-05T11:00:29+00:00","dateModified":"2026-02-03T08:43:52+00:00","mainEntityOfPage":{"@id":"https:\/\/dicodusport.fr\/blog\/la-saison-de-ski-alpinisme-reprend-la-bataille-pour-les-tickets-olympiques-peut-debuter\/"},"wordCount":1003,"commentCount":0,"publisher":{"@id":"https:\/\/dicodusport.fr\/blog\/#organization"},"image":{"@id":"https:\/\/dicodusport.fr\/blog\/la-saison-de-ski-alpinisme-reprend-la-bataille-pour-les-tickets-olympiques-peut-debuter\/#primaryimage"},"thumbnailUrl":"https:\/\/dicodusport.fr\/blog\/wp-content\/uploads\/2025\/12\/La-saison-de-ski-alpinisme-reprend-la-bataille-pour-les-tickets-olympiques-peut-debuter.png","keywords":["actu","br\u00e8ve","Coupe du monde ski alpinisme","Jeux Olympiques 2026","Jeux olympiques d'hiver","JO 2026","JO d'hiver","Ski alpinisme"],"articleSection":["JO d'hiver 2026","Ski alpinisme"],"inLanguage":"fr-FR","potentialAction":[{"@type":"CommentAction","name":"Comment","target":["https:\/\/dicodusport.fr\/blog\/la-saison-de-ski-alpinisme-reprend-la-bataille-pour-les-tickets-olympiques-peut-debuter\/#respond"]}],"copyrightYear":"2025","copyrightHolder":{"@id":"https:\/\/dicodusport.fr\/blog\/#organization"}},{"@type":"WebPage","@id":"https:\/\/dicodusport.fr\/blog\/la-saison-de-ski-alpinisme-reprend-la-bataille-pour-les-tickets-olympiques-peut-debuter\/","url":"https:\/\/dicodusport.fr\/blog\/la-saison-de-ski-alpinisme-reprend-la-bataille-pour-les-tickets-olympiques-peut-debuter\/","name":"La saison de ski alpinisme reprend\u00a0: la bataille pour les tickets olympiques peut d\u00e9buter","isPartOf":{"@id":"https:\/\/dicodusport.fr\/blog\/#website"},"primaryImageOfPage":{"@id":"https:\/\/dicodusport.fr\/blog\/la-saison-de-ski-alpinisme-reprend-la-bataille-pour-les-tickets-olympiques-peut-debuter\/#primaryimage"},"image":{"@id":"https:\/\/dicodusport.fr\/blog\/la-saison-de-ski-alpinisme-reprend-la-bataille-pour-les-tickets-olympiques-peut-debuter\/#primaryimage"},"thumbnailUrl":"https:\/\/dicodusport.fr\/blog\/wp-content\/uploads\/2025\/12\/La-saison-de-ski-alpinisme-reprend-la-bataille-pour-les-tickets-olympiques-peut-debuter.png","datePublished":"2025-12-05T11:00:29+00:00","dateModified":"2026-02-03T08:43:52+00:00","description":"SKI ALPINISME \u2013 Alors que l\u2019\u00e9quipe de France dispose de quatre quotas pour les Jeux Olympiques, qui parviendra \u00e0 s\u2019en emparer\u00a0?","breadcrumb":{"@id":"https:\/\/dicodusport.fr\/blog\/la-saison-de-ski-alpinisme-reprend-la-bataille-pour-les-tickets-olympiques-peut-debuter\/#breadcrumb"},"inLanguage":"fr-FR","potentialAction":[{"@type":"ReadAction","target":["https:\/\/dicodusport.fr\/blog\/la-saison-de-ski-alpinisme-reprend-la-bataille-pour-les-tickets-olympiques-peut-debuter\/"]}]},{"@type":"ImageObject","inLanguage":"fr-FR","@id":"https:\/\/dicodusport.fr\/blog\/la-saison-de-ski-alpinisme-reprend-la-bataille-pour-les-tickets-olympiques-peut-debuter\/#primaryimage","url":"https:\/\/dicodusport.fr\/blog\/wp-content\/uploads\/2025\/12\/La-saison-de-ski-alpinisme-reprend-la-bataille-pour-les-tickets-olympiques-peut-debuter.png","contentUrl":"https:\/\/dicodusport.fr\/blog\/wp-content\/uploads\/2025\/12\/La-saison-de-ski-alpinisme-reprend-la-bataille-pour-les-tickets-olympiques-peut-debuter.png","width":1200,"height":674,"caption":"La saison de ski alpinisme reprend\u00a0: la bataille pour les tickets olympiques peut d\u00e9buter"},{"@type":"BreadcrumbList","@id":"https:\/\/dicodusport.fr\/blog\/la-saison-de-ski-alpinisme-reprend-la-bataille-pour-les-tickets-olympiques-peut-debuter\/#breadcrumb","itemListElement":[{"@type":"ListItem","position":1,"name":"Accueil","item":"https:\/\/dicodusport.fr\/blog\/"},{"@type":"ListItem","position":2,"name":"La saison de ski alpinisme reprend\u00a0: la bataille pour les tickets olympiques peut d\u00e9buter"}]},{"@type":"WebSite","@id":"https:\/\/dicodusport.fr\/blog\/#website","url":"https:\/\/dicodusport.fr\/blog\/","name":"Dicodusport","description":"L&#039;encyclop\u00e9die de l&#039;actualit\u00e9 sportive","publisher":{"@id":"https:\/\/dicodusport.fr\/blog\/#organization"},"potentialAction":[{"@type":"SearchAction","target":{"@type":"EntryPoint","urlTemplate":"https:\/\/dicodusport.fr\/blog\/?s={search_term_string}"},"query-input":{"@type":"PropertyValueSpecification","valueRequired":true,"valueName":"search_term_string"}}],"inLanguage":"fr-FR"},{"@type":"NewsMediaOrganization","@id":"https:\/\/dicodusport.fr\/blog\/#organization","name":"Dicodusport","url":"https:\/\/dicodusport.fr\/blog\/","logo":{"@type":"ImageObject","inLanguage":"fr-FR","@id":"https:\/\/dicodusport.fr\/blog\/#\/schema\/logo\/image\/","url":"https:\/\/dicodusport.fr\/blog\/wp-content\/uploads\/2020\/06\/cropped-LOGO-DICODUSPORT-2020-SANS-FOND-SANS-TEXTE.png","contentUrl":"https:\/\/dicodusport.fr\/blog\/wp-content\/uploads\/2020\/06\/cropped-LOGO-DICODUSPORT-2020-SANS-FOND-SANS-TEXTE.png","width":512,"height":512,"caption":"Dicodusport"},"image":{"@id":"https:\/\/dicodusport.fr\/blog\/#\/schema\/logo\/image\/"},"sameAs":["https:\/\/www.facebook.com\/dicodusport","https:\/\/x.com\/dicodusport","https:\/\/www.instagram.com\/dicodusport\/","https:\/\/www.youtube.com\/channel\/UC7V2KZ5sd3htJivAbA4ZG3w"],"description":"Dicodusport est l'encyclop\u00e9die de l'actualit\u00e9 sportive.","email":"bonjour@dicodusport.fr","legalName":"DICODUSPORT","foundingDate":"2018-01-14","vatID":"FR71834470973","taxID":"83447097300043","numberOfEmployees":{"@type":"QuantitativeValue","minValue":"1","maxValue":"10"}},{"@type":"Person","@id":"https:\/\/dicodusport.fr\/blog\/#\/schema\/person\/37def232098a7a5cbab3974a3690abb0","name":"Maxime Cazenave","image":{"@type":"ImageObject","inLanguage":"fr-FR","@id":"https:\/\/dicodusport.fr\/blog\/#\/schema\/person\/image\/","url":"https:\/\/dicodusport.fr\/blog\/wp-content\/uploads\/2021\/05\/Maxime-Cazenave-150x150.jpg","contentUrl":"https:\/\/dicodusport.fr\/blog\/wp-content\/uploads\/2021\/05\/Maxime-Cazenave-150x150.jpg","caption":"Maxime Cazenave"},"description":"Journaliste\/R\u00e9dacteur depuis 2012 - Berc\u00e9 par l\u2019amour des Girondins de Bordeaux, les \u00e9checs de Christophe Moreau sur le Tour de France sous l'\u00e8re Lance Armstrong et le fade-away l\u00e9tal de Dirk Nowitzki, ma passion d\u00e9vorante pour le sport a toujours \u00e9t\u00e9 un pan incontournable de ma vie. Transmettre ma passion \u00e0 l\u2019\u00e9crit a \u00e9t\u00e9 une transition naturelle. Suiveur assidu de basket et de hockey sur glace, je garde toujours un peu de place pour suivre le cyclisme, le football et le maximum de performances fran\u00e7aises.","sameAs":["https:\/\/x.com\/https:\/\/twitter.com\/Maxime_Caze"],"url":"https:\/\/dicodusport.fr\/blog\/author\/maximec\/"}]}},"_links":{"self":[{"href":"https:\/\/dicodusport.fr\/blog\/wp-json\/wp\/v2\/posts\/630160","targetHints":{"allow":["GET"]}}],"collection":[{"href":"https:\/\/dicodusport.fr\/blog\/wp-json\/wp\/v2\/posts"}],"about":[{"href":"https:\/\/dicodusport.fr\/blog\/wp-json\/wp\/v2\/types\/post"}],"author":[{"embeddable":true,"href":"https:\/\/dicodusport.fr\/blog\/wp-json\/wp\/v2\/users\/55"}],"replies":[{"embeddable":true,"href":"https:\/\/dicodusport.fr\/blog\/wp-json\/wp\/v2\/comments?post=630160"}],"version-history":[{"count":4,"href":"https:\/\/dicodusport.fr\/blog\/wp-json\/wp\/v2\/posts\/630160\/revisions"}],"predecessor-version":[{"id":630176,"href":"https:\/\/dicodusport.fr\/blog\/wp-json\/wp\/v2\/posts\/630160\/revisions\/630176"}],"wp:featuredmedia":[{"embeddable":true,"href":"https:\/\/dicodusport.fr\/blog\/wp-json\/wp\/v2\/media\/630161"}],"wp:attachment":[{"href":"https:\/\/dicodusport.fr\/blog\/wp-json\/wp\/v2\/media?parent=630160"}],"wp:term":[{"taxonomy":"category","embeddable":true,"href":"https:\/\/dicodusport.fr\/blog\/wp-json\/wp\/v2\/categories?post=630160"},{"taxonomy":"post_tag","embeddable":true,"href":"https:\/\/dicodusport.fr\/blog\/wp-json\/wp\/v2\/tags?post=630160"}],"curies":[{"name":"wp","href":"https:\/\/api.w.org\/{rel}","templated":true}]}}