{"id":630439,"date":"2025-12-07T13:47:36","date_gmt":"2025-12-07T12:47:36","guid":{"rendered":"https:\/\/dicodusport.fr\/blog\/?p=630439&#038;preview=true&#038;preview_id=630439"},"modified":"2025-12-07T14:25:56","modified_gmt":"2025-12-07T13:25:56","slug":"classement-et-resultats-poursuite-femmes-ostersund-2025","status":"publish","type":"post","link":"https:\/\/dicodusport.fr\/blog\/classement-et-resultats-poursuite-femmes-ostersund-2025\/","title":{"rendered":"Classement et r\u00e9sultats Poursuite femmes Ostersund 2025"},"content":{"rendered":"<p style=\"text-align: justify;\"><strong><i>D\u00e9couvrez le classement complet et les r\u00e9sultats d\u00e9taill\u00e9s de la poursuite femmes \u00e0 Ostersund (Su\u00e8de), ce dimanche 7<\/i><\/strong><strong><i> d\u00e9cembre 2025.<\/i><\/strong><b><i><br \/>\n<\/i><\/b><\/p>\n<ul>\n<li style=\"text-align: justify;\"><strong>\u00c0 ce sujet &#8211; <a href=\"https:\/\/dicodusport.fr\/blog\/biathlon-ostersund-2025-programme-complet-et-horaires-des-courses\/\">Biathlon Ostersund 2025 \u2013 Programme complet et horaires des courses<\/a><br \/>\n<\/strong><\/li>\n<\/ul>\n<p style=\"text-align: justify;\">La <strong>poursuite f\u00e9minine de ce dimanche 7 d\u00e9cembre 2025<\/strong> \u00e0 <strong>Ostersund<\/strong> s\u2019annonce comme l\u2019un des premiers grands moments de la saison de Coupe du monde. Programm\u00e9 \u00e0 13h15, ce <strong>10 km<\/strong> disput\u00e9 en quatre passages au tir se d\u00e9roulera dans les conditions typiques du site su\u00e9dois : une neige froide et lente, un ciel souvent couvert et surtout un vent incertain qui pourrait jouer un r\u00f4le d\u00e9terminant sur le pas de tir.<\/p>\n<p style=\"text-align: justify;\">Le profil de piste, tr\u00e8s progressif mais exigeant, favorise les athl\u00e8tes capables de maintenir un rythme constant tout en g\u00e9rant les longues mont\u00e9es successives.<\/p>\n<h2 style=\"text-align: justify;\">Contexte et favorites<\/h2>\n<p style=\"text-align: justify;\">Le d\u00e9part se fera sur la base des r\u00e9sultats du <a href=\"https:\/\/dicodusport.fr\/blog\/classement-et-resultats-sprint-femmes-ostersund-2025\/\">sprint de vendredi<\/a>, remport\u00e9 de mani\u00e8re brillante par la Finlandaise <strong>Suvi Minkkinen<\/strong>, qui a d\u00e9croch\u00e9 \u00e0 cette occasion la premi\u00e8re victoire de sa carri\u00e8re en Coupe du monde. Elle s\u2019\u00e9lancera en t\u00eate, imm\u00e9diatement suivie de la Su\u00e9doise <strong>Anna Magnusson<\/strong>, port\u00e9e par son public, et de la Fran\u00e7aise <strong>Oc\u00e9ane Michelon<\/strong>, auteure d\u2019un d\u00e9but de saison enthousiasmant. Ces trois athl\u00e8tes aborderont la course avec un avantage pr\u00e9cieux mais fragile : \u00e0 <strong>Ostersund<\/strong>, les \u00e9carts peuvent fondre en quelques tirs, et la moindre h\u00e9sitation est rapidement sanctionn\u00e9e.<\/p>\n<p style=\"text-align: justify;\">Derri\u00e8re elles, plusieurs cadors arrivent lanc\u00e9es apr\u00e8s l\u2019individuel d\u2019ouverture domin\u00e9 par <strong>Dorothea Wierer<\/strong>. L\u2019Italienne, impeccable sur 15 km, reste l\u2019une des valeurs les plus s\u00fbres lorsqu\u2019il s\u2019agit de g\u00e9rer une poursuite, gr\u00e2ce \u00e0 son sang-froid l\u00e9gendaire sur le pas de tir. La Fran\u00e7aise Lou Jeanmonnot, d\u00e9j\u00e0 victorieuse ici m\u00eame en poursuite par le pass\u00e9, figure \u00e9galement parmi les principales candidates \u00e0 une remont\u00e9e spectaculaire : capable d\u2019augmenter son intensit\u00e9 tour apr\u00e8s tour, elle excelle dans ce format o\u00f9 la lucidit\u00e9 et la pr\u00e9cision deviennent d\u00e9cisives au fil des tirs.<\/p>\n<div class=\"vlp-link-container vlp-layout-article\"><a href=\"https:\/\/dicodusport.fr\/blog\/nouveau-podium-pour-les-bleues-a-ostersund-oceane-michelon-3eme-sur-le-sprint-feminin-remporte-par-suvi-minkkinen\/\" class=\"vlp-link\" title=\"Nouveau podium pour les Bleues \u00e0 Ostersund : Oc\u00e9ane Michelon 3\u00e8me sur le sprint f\u00e9minin, remport\u00e9 par Suvi Minkkinen\"><\/a><div class=\"vlp-layout-zone-side\"><div class=\"vlp-block-4 vlp-link-image\"><img loading=\"lazy\" decoding=\"async\" style=\"max-width: 792px;\" width=\"792\" height=\"445\" src=\"https:\/\/dicodusport.fr\/blog\/wp-content\/uploads\/2025\/12\/Nouveau-podium-pour-les-Bleues-a-Ostersund-Oceane-Michelon-3eme-sur-le-sprint-feminin-remporte-par-Suvi-Minkkinen-1.png\" class=\"attachment-800x445 size-800x445\" alt=\"Nouveau podium pour les Bleues \u00e0 Ostersund Oc\u00e9ane Michelon 3\u00e8me sur le sprint f\u00e9minin, remport\u00e9 par Suvi Minkkinen (1)\" srcset=\"https:\/\/dicodusport.fr\/blog\/wp-content\/uploads\/2025\/12\/Nouveau-podium-pour-les-Bleues-a-Ostersund-Oceane-Michelon-3eme-sur-le-sprint-feminin-remporte-par-Suvi-Minkkinen-1.png 1200w, https:\/\/dicodusport.fr\/blog\/wp-content\/uploads\/2025\/12\/Nouveau-podium-pour-les-Bleues-a-Ostersund-Oceane-Michelon-3eme-sur-le-sprint-feminin-remporte-par-Suvi-Minkkinen-1-300x169.png 300w, https:\/\/dicodusport.fr\/blog\/wp-content\/uploads\/2025\/12\/Nouveau-podium-pour-les-Bleues-a-Ostersund-Oceane-Michelon-3eme-sur-le-sprint-feminin-remporte-par-Suvi-Minkkinen-1-1024x575.png 1024w, https:\/\/dicodusport.fr\/blog\/wp-content\/uploads\/2025\/12\/Nouveau-podium-pour-les-Bleues-a-Ostersund-Oceane-Michelon-3eme-sur-le-sprint-feminin-remporte-par-Suvi-Minkkinen-1-768x431.png 768w\" sizes=\"auto, (max-width: 792px) 100vw, 792px\" \/><\/div><\/div><div class=\"vlp-layout-zone-main\"><div class=\"vlp-block-0 vlp-link-title\">Nouveau podium pour les Bleues \u00e0 Ostersund : Oc\u00e9ane Michelon 3\u00e8me sur le sprint f\u00e9minin, remport\u00e9 par Suvi Minkkinen<\/div><div class=\"vlp-block-1 vlp-link-summary\">COUPE DU MONDE DE BIATHLON 2025\/2026 - Nouveau podium pour les Bleues sur le sprint d'Ostersund, cette fois c'est Oc\u00e9ane Michelon qui termine 3\u00e8me derri\u00e8re Suvi Minkkinen et Anna Magnusson.\u00a0<\/div><div class=\"vlp-block-2 vlp-link-button\">Lire l'article<\/div><div class=\"vlp-block-3 vlp-link-url\">dicodusport.fr<\/div><\/div><\/div>\n<p style=\"text-align: justify;\">\u00c0 domicile, <strong>Elvira Oeberg<\/strong> jouera elle aussi un r\u00f4le majeur. Ultra-rapide sur les skis, elle peut, si elle limite les erreurs au tir, combler rapidement son retard et se projeter vers les positions d\u2019honneur.<\/p>\n<p style=\"text-align: justify;\">Comme souvent \u00e0 <strong>Ostersund<\/strong>, la cl\u00e9 pourrait r\u00e9sider dans les deux tirs debout. Les biathl\u00e8tes les mieux plac\u00e9es au d\u00e9part devront g\u00e9rer la pression d\u2019un peloton lanc\u00e9 derri\u00e8re elles, tandis que les poursuivantes tenteront de profiter du moindre souffle de vent favorable pour recoller. Il n\u2019est pas rare qu\u2019un 18\/20 suffise pour jouer la victoire ici, tant les conditions nivellent les performances et la strat\u00e9gie devient essentielle.<\/p>\n<ul>\n<li style=\"text-align: justify;\"><strong>\u00c0 ce sujet &#8211; <a href=\"https:\/\/dicodusport.fr\/blog\/biathlon-2025-2026-classement-general-femmes-de-la-coupe-du-monde-actualise\/\">Biathlon 2025-2026 : Classement G\u00e9n\u00e9ral Femmes de la Coupe du monde actualis\u00e9<\/a><\/strong><\/li>\n<\/ul>\n<h2 style=\"text-align: justify;\">Classement Poursuite femmes Ostersund &#8211; Coupe du monde de biathlon 2025-2026<\/h2>\n<p style=\"text-align: justify;\"><span style=\"font-size: 14px;\"><em><strong>Classement officiel mis \u00e0 jour \u00e0 l&rsquo;issue de la course.<\/strong><\/em><\/span><\/p>\n<div class=\"su-table su-table-alternate\">\n<table style=\"width: 800px;border-collapse: collapse\" border=\"1\">\n<tbody>\n<tr style=\"height: 24px\">\n<td style=\"border-color: #ebebeb;height: 24px;text-align: center;width: 80px;vertical-align: middle\">\ud83c\udfc6<\/td>\n<td style=\"border-color: #ebebeb;height: 24px;text-align: center;width: 500px;vertical-align: middle\"><span style=\"font-size: 0.9em\"><strong>BIATHL\u00c8TES<\/strong><\/span><\/td>\n<td style=\"border-color: #ebebeb;height: 24px;text-align: center;width: 220px;vertical-align: middle\"><span style=\"font-size: 0.9em\"><strong>TEMPS\/FAUTES<br \/>\n<\/strong><\/span><\/td>\n<\/tr>\n<tr>\n<td style=\"border-color: #ebebeb;text-align: center;width: 80px;vertical-align: middle\"><strong><span class=\"su-label su-label-type-warning\">1.<\/span><\/strong><\/td>\n<td style=\"border-color: #ebebeb;text-align: center;width: 500px;vertical-align: middle\"><span style=\"font-size: 0.9em\"><b>\ud83c\udde6\ud83c\uddf9 LISA THERESA HAUSER<\/b><\/span><\/td>\n<td style=\"border-color: #ebebeb;text-align: center;width: 220px;vertical-align: middle\"><span style=\"font-size: 0.9em\"><strong>30m14.2s (0)<\/strong><\/span><\/td>\n<\/tr>\n<tr>\n<td style=\"border-color: #ebebeb;text-align: center;width: 80px;vertical-align: middle\"><span style=\"font-size: 0.9em\">2.<\/span><\/td>\n<td style=\"border-color: #ebebeb;text-align: center;width: 500px;vertical-align: middle\"><span style=\"font-size: 0.9em\"><b>\ud83c\uddeb\ud83c\uddee SUVI MINKKINEN<\/b><\/span><\/td>\n<td style=\"border-color: #ebebeb;text-align: center;width: 220px;vertical-align: middle\"><span style=\"font-size: 0.9em\"><strong>\u00e0 2.5s (1)<\/strong><\/span><\/td>\n<\/tr>\n<tr style=\"height: 24px\">\n<td style=\"border-color: #ebebeb;height: 24px;text-align: center;width: 80px;vertical-align: middle\"><span style=\"font-size: 0.9em\">3.<\/span><\/td>\n<td style=\"border-color: #ebebeb;text-align: center;width: 500px;vertical-align: middle\"><span style=\"font-size: 0.9em\"><b>\ud83c\uddf8\ud83c\uddea ANNA MAGNUSSON<\/b><\/span><\/td>\n<td style=\"border-color: #ebebeb;text-align: center;width: 220px;vertical-align: middle\"><span style=\"font-size: 0.9em\"><strong>\u00e0 31.8s (1)<\/strong><\/span><\/td>\n<\/tr>\n<tr>\n<td style=\"border-color: #ebebeb;text-align: center;width: 80px;vertical-align: middle\"><span style=\"font-size: 0.9em\">4<\/span><span style=\"font-size: 0.9em\">.<\/span><\/td>\n<td style=\"border-color: #ebebeb;text-align: center;width: 500px;vertical-align: middle\"><span style=\"font-size: 0.9em\"><b>\ud83c\uddeb\ud83c\uddf7 CAMILLE BENED<\/b><\/span><\/td>\n<td style=\"border-color: #ebebeb;text-align: center;width: 220px;vertical-align: middle\"><span style=\"font-size: 0.9em\"><strong>\u00e0 38.7s (0)<\/strong><\/span><\/td>\n<\/tr>\n<tr>\n<td style=\"border-color: #ebebeb;text-align: center;width: 80px;vertical-align: middle\"><span style=\"font-size: 0.9em\">5.<\/span><\/td>\n<td style=\"border-color: #ebebeb;text-align: center;width: 500px;vertical-align: middle\"><span style=\"font-size: 0.9em\"><b>\ud83c\uddf3\ud83c\uddf4 MAREN KIRKEEIDE<\/b><\/span><\/td>\n<td style=\"border-color: #ebebeb;text-align: center;width: 220px;vertical-align: middle\"><span style=\"font-size: 0.9em\"><strong>\u00e0 1m00.0s (1)<\/strong><\/span><\/td>\n<\/tr>\n<tr>\n<td style=\"border-color: #ebebeb;text-align: center;width: 80px;vertical-align: middle\"><span style=\"font-size: 0.9em\">6.<\/span><\/td>\n<td style=\"border-color: #ebebeb;text-align: center;width: 500px;vertical-align: middle\"><span style=\"font-size: 0.9em\"><b>\ud83c\udde8\ud83c\uddff LUCIE CHARVATOVA<\/b><\/span><\/td>\n<td style=\"border-color: #ebebeb;text-align: center;width: 220px;vertical-align: middle\"><span style=\"font-size: 0.9em\"><strong>\u00e0 1m07.4s (2)<\/strong><\/span><\/td>\n<\/tr>\n<tr>\n<td style=\"border-color: #ebebeb;text-align: center;width: 80px;vertical-align: middle\"><span style=\"font-size: 0.9em\">7.<\/span><\/td>\n<td style=\"border-color: #ebebeb;text-align: center;width: 500px;vertical-align: middle\"><span style=\"font-size: 0.9em\"><b>\ud83c\uddf8\ud83c\uddea ELLA HALVARSSON<\/b><\/span><\/td>\n<td style=\"border-color: #ebebeb;text-align: center;width: 220px;vertical-align: middle\"><span style=\"font-size: 0.9em\"><strong>\u00e0 1m10.2s (2)<\/strong><\/span><\/td>\n<\/tr>\n<tr>\n<td style=\"border-color: #ebebeb;text-align: center;width: 80px;vertical-align: middle\"><span style=\"font-size: 0.9em\">8.<\/span><\/td>\n<td style=\"border-color: #ebebeb;text-align: center;width: 500px;vertical-align: middle\"><span style=\"font-size: 0.9em\"><b>\ud83c\uddeb\ud83c\uddf7 OC\u00c9ANE MICHELON<\/b><\/span><\/td>\n<td style=\"border-color: #ebebeb;text-align: center;width: 220px;vertical-align: middle\"><span style=\"font-size: 0.9em\"><strong>\u00e0 1m17.3s (4)<\/strong><\/span><\/td>\n<\/tr>\n<tr>\n<td style=\"border-color: #ebebeb;text-align: center;width: 80px;vertical-align: middle\"><span style=\"font-size: 0.9em\">9.<\/span><\/td>\n<td style=\"border-color: #ebebeb;text-align: center;width: 500px;vertical-align: middle\"><span style=\"font-size: 0.9em\"><b>\ud83c\uddf8\ud83c\uddea HANNA OEBERG<\/b><\/span><\/td>\n<td style=\"border-color: #ebebeb;text-align: center;width: 220px;vertical-align: middle\"><span style=\"font-size: 0.9em\"><strong>\u00e0 1m21.8s (2)<\/strong><\/span><\/td>\n<\/tr>\n<tr>\n<td style=\"border-color: #ebebeb;text-align: center;width: 80px;vertical-align: middle\"><span style=\"font-size: 0.9em\">10.<\/span><\/td>\n<td style=\"border-color: #ebebeb;text-align: center;width: 500px;vertical-align: middle\"><span style=\"font-size: 0.9em\"><b>\ud83c\udde9\ud83c\uddea VANESSA VOIGT<\/b><\/span><\/td>\n<td style=\"border-color: #ebebeb;text-align: center;width: 220px;vertical-align: middle\"><span style=\"font-size: 0.9em\"><strong>\u00e0 1m22.1s (0)<\/strong><\/span><\/td>\n<\/tr>\n<tr>\n<td style=\"border-color: #ebebeb;text-align: center;width: 80px;vertical-align: middle\"><span style=\"font-size: 0.9em\">11.<\/span><\/td>\n<td style=\"border-color: #ebebeb;text-align: center;width: 500px;vertical-align: middle\"><span style=\"font-size: 0.9em\"><b>\ud83c\uddee\ud83c\uddf9 LISA VITTOZZI<\/b><\/span><\/td>\n<td style=\"border-color: #ebebeb;text-align: center;width: 220px;vertical-align: middle\"><span style=\"font-size: 0.9em\"><strong>\u00e0 1m25.5s (2)<\/strong><\/span><\/td>\n<\/tr>\n<tr>\n<td style=\"border-color: #ebebeb;text-align: center;width: 80px;vertical-align: middle\"><span style=\"font-size: 0.9em\">12.<\/span><\/td>\n<td style=\"border-color: #ebebeb;text-align: center;width: 500px;vertical-align: middle\"><span style=\"font-size: 0.9em\"><b>\ud83c\uddf3\ud83c\uddf4 MARTHE KRAKSTAD JOHANSEN<\/b><\/span><\/td>\n<td style=\"border-color: #ebebeb;text-align: center;width: 220px;vertical-align: middle\"><span style=\"font-size: 0.9em\"><strong>\u00e0 1m28.1s (1)<\/strong><\/span><\/td>\n<\/tr>\n<tr style=\"height: 24px\">\n<td style=\"border-color: #ebebeb;height: 24px;text-align: center;width: 80px;vertical-align: middle\"><span style=\"font-size: 0.9em\">13.<\/span><\/td>\n<td style=\"border-color: #ebebeb;text-align: center;width: 500px;vertical-align: middle\"><span style=\"font-size: 0.9em\"><b>\ud83c\uddeb\ud83c\uddf7 JUSTINE BRAISAZ-BOUCHET<\/b><\/span><\/td>\n<td style=\"border-color: #ebebeb;text-align: center;width: 220px;vertical-align: middle\"><span style=\"font-size: 0.9em\"><strong>\u00e0 1m28.6s (2)<\/strong><\/span><\/td>\n<\/tr>\n<tr>\n<td style=\"border-color: #ebebeb;text-align: center;width: 80px;vertical-align: middle\"><span style=\"font-size: 0.9em\">14<\/span><span style=\"font-size: 0.9em\">.<\/span><\/td>\n<td style=\"border-color: #ebebeb;text-align: center;width: 500px;vertical-align: middle\"><span style=\"font-size: 0.9em\"><b>\ud83c\uddf8\ud83c\uddea ELVIRA OEBERG<\/b><\/span><\/td>\n<td style=\"border-color: #ebebeb;text-align: center;width: 220px;vertical-align: middle\"><span style=\"font-size: 0.9em\"><strong>\u00e0 1m33.2s (4)<\/strong><\/span><\/td>\n<\/tr>\n<tr>\n<td style=\"border-color: #ebebeb;text-align: center;width: 80px;vertical-align: middle\"><span style=\"font-size: 0.9em\">15.<\/span><\/td>\n<td style=\"border-color: #ebebeb;text-align: center;width: 500px;vertical-align: middle\"><span style=\"font-size: 0.9em\"><b>\ud83c\udde9\ud83c\uddea JANINA HETTICH-WALZ<\/b><\/span><\/td>\n<td style=\"border-color: #ebebeb;text-align: center;width: 220px;vertical-align: middle\"><span style=\"font-size: 0.9em\"><strong>\u00e0 1m33.7s (2)<\/strong><\/span><\/td>\n<\/tr>\n<tr>\n<td style=\"border-color: #ebebeb;text-align: center;width: 80px;vertical-align: middle\"><span style=\"font-size: 0.9em\">16.<\/span><\/td>\n<td style=\"border-color: #ebebeb;text-align: center;width: 500px;vertical-align: middle\"><span style=\"font-size: 0.9em\"><b>\ud83c\uddeb\ud83c\uddf7 LOU JEANMONNOT\u00a0<\/b><\/span><\/td>\n<td style=\"border-color: #ebebeb;text-align: center;width: 220px;vertical-align: middle\"><span style=\"font-size: 0.9em\"><strong>\u00e0 1m35.8s (4)<\/strong><\/span><\/td>\n<\/tr>\n<tr>\n<td style=\"border-color: #ebebeb;text-align: center;width: 80px;vertical-align: middle\"><span style=\"font-size: 0.9em\">17.<\/span><\/td>\n<td style=\"border-color: #ebebeb;text-align: center;width: 500px;vertical-align: middle\"><span style=\"font-size: 0.9em\"><b>\ud83c\uddf3\ud83c\uddf4 KAROLINE KNOTTEN<\/b><\/span><\/td>\n<td style=\"border-color: #ebebeb;text-align: center;width: 220px;vertical-align: middle\"><span style=\"font-size: 0.9em\"><strong>\u00e0 1m36.6s (3)<\/strong><\/span><\/td>\n<\/tr>\n<tr>\n<td style=\"border-color: #ebebeb;text-align: center;width: 80px;vertical-align: middle\"><span style=\"font-size: 0.9em\">18.<\/span><\/td>\n<td style=\"border-color: #ebebeb;text-align: center;width: 500px;vertical-align: middle\"><span style=\"font-size: 0.9em\"><b>\ud83c\udde7\ud83c\uddea LOTTE LIE<\/b><\/span><\/td>\n<td style=\"border-color: #ebebeb;text-align: center;width: 220px;vertical-align: middle\"><span style=\"font-size: 0.9em\"><strong>\u00e0 1m40.1s (2)<\/strong><\/span><\/td>\n<\/tr>\n<tr>\n<td style=\"border-color: #ebebeb;text-align: center;width: 80px;vertical-align: middle\"><span style=\"font-size: 0.9em\">19.<\/span><\/td>\n<td style=\"border-color: #ebebeb;text-align: center;width: 500px;vertical-align: middle\"><span style=\"font-size: 0.9em\"><b>\ud83c\uddee\ud83c\uddf9 DOROTHEA WIERER<\/b><\/span><\/td>\n<td style=\"border-color: #ebebeb;text-align: center;width: 220px;vertical-align: middle\"><span style=\"font-size: 0.9em\"><strong>\u00e0 1m48.4s (3)<\/strong><\/span><\/td>\n<\/tr>\n<tr>\n<td style=\"border-color: #ebebeb;text-align: center;width: 80px;vertical-align: middle\"><span style=\"font-size: 0.9em\">20.<\/span><\/td>\n<td style=\"border-color: #ebebeb;text-align: center;width: 500px;vertical-align: middle\"><span style=\"font-size: 0.9em\"><b>\ud83c\udde9\ud83c\uddea JULIA TANNHEIMER<\/b><\/span><\/td>\n<td style=\"border-color: #ebebeb;text-align: center;width: 220px;vertical-align: middle\"><span style=\"font-size: 0.9em\"><strong>\u00e0 1m59.6s (5)<\/strong><\/span><\/td>\n<\/tr>\n<\/tbody>\n<\/table>\n<\/div>\n<ul>\n<li style=\"text-align: justify;\"><a href=\"https:\/\/www.biathlonworld.com\/results\/BT2526SWRLCP01SWPU\"><strong>Le classement complet de la poursuite femmes d&rsquo;Ostersund<\/strong><\/a><\/li>\n<\/ul>\n<h3 style=\"text-align: justify;\">\u00c0 lire aussi<\/h3>\n<ul>\n<li style=\"text-align: justify;\"><strong><a href=\"https:\/\/dicodusport.fr\/blog\/biathlon-coupe-du-monde-2025-2026-le-calendrier-complet\/\">Biathlon Coupe du monde 2025-2026 : Le calendrier complet<\/a><\/strong><\/li>\n<li style=\"text-align: justify;\"><strong><a href=\"https:\/\/dicodusport.fr\/blog\/biathlon-ostersund-2025-resultats-et-classements-des-courses\/\">Biathlon Ostersund 2025 : Tous les r\u00e9sultats et classements<\/a><\/strong><\/li>\n<\/ul>\n","protected":false},"excerpt":{"rendered":"<p>D\u00e9couvrez le classement complet et les r\u00e9sultats d\u00e9taill\u00e9s de la poursuite femmes \u00e0 Ostersund (Su\u00e8de), ce dimanche 7 d\u00e9cembre 2025.<\/p>\n","protected":false},"author":4,"featured_media":630442,"comment_status":"open","ping_status":"closed","sticky":false,"template":"","format":"standard","meta":{"_acf_changed":false,"_daextam_enable_autolinks":"1","footnotes":""},"categories":[47040],"tags":[2427,15220,16878,2695,6945],"class_list":["post-630439","post","type-post","status-publish","format-standard","has-post-thumbnail","hentry","category-coupe-du-monde-de-biathlon","tag-biathlon","tag-biathlon-ostersund","tag-breve","tag-coupe-du-monde-de-biathlon","tag-poursuite-femmes"],"acf":[],"yoast_head":"<!-- This site is optimized with the Yoast SEO Premium plugin v26.7 (Yoast SEO v26.7) - https:\/\/yoast.com\/wordpress\/plugins\/seo\/ -->\n<title>Classement et r\u00e9sultats Poursuite femmes Ostersund 2025<\/title>\n<meta name=\"description\" content=\"D\u00e9couvrez le classement complet et les r\u00e9sultats d\u00e9taill\u00e9s de la poursuite femmes \u00e0 Ostersund (Su\u00e8de), ce dimanche 7 d\u00e9cembre 2025.\" \/>\n<meta name=\"robots\" content=\"index, follow, max-snippet:-1, max-image-preview:large, max-video-preview:-1\" \/>\n<link rel=\"canonical\" href=\"https:\/\/dicodusport.fr\/blog\/classement-et-resultats-poursuite-femmes-ostersund-2025\/\" \/>\n<meta property=\"og:locale\" content=\"fr_FR\" \/>\n<meta property=\"og:type\" content=\"article\" \/>\n<meta property=\"og:title\" content=\"Qui a gagn\u00e9 la poursuite femmes d&#039;Ostersund ? Classement et r\u00e9sultats complets\" \/>\n<meta property=\"og:description\" content=\"D\u00e9couvrez le classement complet et les r\u00e9sultats d\u00e9taill\u00e9s de la poursuite femmes \u00e0 Ostersund (Su\u00e8de), ce dimanche 7 d\u00e9cembre 2025.\" \/>\n<meta property=\"og:url\" content=\"https:\/\/dicodusport.fr\/blog\/classement-et-resultats-poursuite-femmes-ostersund-2025\/\" \/>\n<meta property=\"og:site_name\" content=\"Dicodusport\" \/>\n<meta property=\"article:publisher\" content=\"https:\/\/www.facebook.com\/dicodusport\" \/>\n<meta property=\"article:author\" content=\"https:\/\/www.facebook.com\/florent.ostermann\" \/>\n<meta property=\"article:published_time\" content=\"2025-12-07T12:47:36+00:00\" \/>\n<meta property=\"article:modified_time\" content=\"2025-12-07T13:25:56+00:00\" \/>\n<meta property=\"og:image\" content=\"https:\/\/dicodusport.fr\/blog\/wp-content\/uploads\/2025\/12\/Classement-et-resultats-Poursuite-femmes-Ostersund-2025.png\" \/>\n\t<meta property=\"og:image:width\" content=\"1200\" \/>\n\t<meta property=\"og:image:height\" content=\"674\" \/>\n\t<meta property=\"og:image:type\" content=\"image\/png\" \/>\n<meta name=\"author\" content=\"Flo Ostermann\" \/>\n<meta name=\"twitter:card\" content=\"summary_large_image\" \/>\n<meta name=\"twitter:title\" content=\"Qui a gagn\u00e9 la poursuite femmes d&#039;Ostersund ? Classement et r\u00e9sultats complets\" \/>\n<meta name=\"twitter:creator\" content=\"@https:\/\/twitter.com\/FlOstermann\" \/>\n<meta name=\"twitter:site\" content=\"@dicodusport\" \/>\n<script type=\"application\/ld+json\" class=\"yoast-schema-graph\">{\"@context\":\"https:\/\/schema.org\",\"@graph\":[{\"@type\":\"NewsArticle\",\"@id\":\"https:\/\/dicodusport.fr\/blog\/classement-et-resultats-poursuite-femmes-ostersund-2025\/#article\",\"isPartOf\":{\"@id\":\"https:\/\/dicodusport.fr\/blog\/classement-et-resultats-poursuite-femmes-ostersund-2025\/\"},\"author\":{\"name\":\"Flo Ostermann\",\"@id\":\"https:\/\/dicodusport.fr\/blog\/#\/schema\/person\/cb02af4c173ce4a653b55e9baf388d4a\"},\"headline\":\"Classement et r\u00e9sultats Poursuite femmes Ostersund 2025\",\"datePublished\":\"2025-12-07T12:47:36+00:00\",\"dateModified\":\"2025-12-07T13:25:56+00:00\",\"mainEntityOfPage\":{\"@id\":\"https:\/\/dicodusport.fr\/blog\/classement-et-resultats-poursuite-femmes-ostersund-2025\/\"},\"wordCount\":755,\"commentCount\":0,\"publisher\":{\"@id\":\"https:\/\/dicodusport.fr\/blog\/#organization\"},\"image\":{\"@id\":\"https:\/\/dicodusport.fr\/blog\/classement-et-resultats-poursuite-femmes-ostersund-2025\/#primaryimage\"},\"thumbnailUrl\":\"https:\/\/dicodusport.fr\/blog\/wp-content\/uploads\/2025\/12\/Classement-et-resultats-Poursuite-femmes-Ostersund-2025.png\",\"keywords\":[\"Biathlon\",\"Biathlon Ostersund\",\"br\u00e8ve\",\"Coupe du monde de Biathlon\",\"Poursuite femmes\"],\"articleSection\":[\"Coupe du monde de biathlon\"],\"inLanguage\":\"fr-FR\",\"potentialAction\":[{\"@type\":\"CommentAction\",\"name\":\"Comment\",\"target\":[\"https:\/\/dicodusport.fr\/blog\/classement-et-resultats-poursuite-femmes-ostersund-2025\/#respond\"]}],\"copyrightYear\":\"2025\",\"copyrightHolder\":{\"@id\":\"https:\/\/dicodusport.fr\/blog\/#organization\"}},{\"@type\":\"WebPage\",\"@id\":\"https:\/\/dicodusport.fr\/blog\/classement-et-resultats-poursuite-femmes-ostersund-2025\/\",\"url\":\"https:\/\/dicodusport.fr\/blog\/classement-et-resultats-poursuite-femmes-ostersund-2025\/\",\"name\":\"Classement et r\u00e9sultats Poursuite femmes Ostersund 2025\",\"isPartOf\":{\"@id\":\"https:\/\/dicodusport.fr\/blog\/#website\"},\"primaryImageOfPage\":{\"@id\":\"https:\/\/dicodusport.fr\/blog\/classement-et-resultats-poursuite-femmes-ostersund-2025\/#primaryimage\"},\"image\":{\"@id\":\"https:\/\/dicodusport.fr\/blog\/classement-et-resultats-poursuite-femmes-ostersund-2025\/#primaryimage\"},\"thumbnailUrl\":\"https:\/\/dicodusport.fr\/blog\/wp-content\/uploads\/2025\/12\/Classement-et-resultats-Poursuite-femmes-Ostersund-2025.png\",\"datePublished\":\"2025-12-07T12:47:36+00:00\",\"dateModified\":\"2025-12-07T13:25:56+00:00\",\"description\":\"D\u00e9couvrez le classement complet et les r\u00e9sultats d\u00e9taill\u00e9s de la poursuite femmes \u00e0 Ostersund (Su\u00e8de), ce dimanche 7 d\u00e9cembre 2025.\",\"breadcrumb\":{\"@id\":\"https:\/\/dicodusport.fr\/blog\/classement-et-resultats-poursuite-femmes-ostersund-2025\/#breadcrumb\"},\"inLanguage\":\"fr-FR\",\"potentialAction\":[{\"@type\":\"ReadAction\",\"target\":[\"https:\/\/dicodusport.fr\/blog\/classement-et-resultats-poursuite-femmes-ostersund-2025\/\"]}]},{\"@type\":\"ImageObject\",\"inLanguage\":\"fr-FR\",\"@id\":\"https:\/\/dicodusport.fr\/blog\/classement-et-resultats-poursuite-femmes-ostersund-2025\/#primaryimage\",\"url\":\"https:\/\/dicodusport.fr\/blog\/wp-content\/uploads\/2025\/12\/Classement-et-resultats-Poursuite-femmes-Ostersund-2025.png\",\"contentUrl\":\"https:\/\/dicodusport.fr\/blog\/wp-content\/uploads\/2025\/12\/Classement-et-resultats-Poursuite-femmes-Ostersund-2025.png\",\"width\":1200,\"height\":674,\"caption\":\"Classement et r\u00e9sultats Poursuite femmes Ostersund 2025\"},{\"@type\":\"BreadcrumbList\",\"@id\":\"https:\/\/dicodusport.fr\/blog\/classement-et-resultats-poursuite-femmes-ostersund-2025\/#breadcrumb\",\"itemListElement\":[{\"@type\":\"ListItem\",\"position\":1,\"name\":\"Accueil\",\"item\":\"https:\/\/dicodusport.fr\/blog\/\"},{\"@type\":\"ListItem\",\"position\":2,\"name\":\"Classement et r\u00e9sultats Poursuite femmes Ostersund 2025\"}]},{\"@type\":\"WebSite\",\"@id\":\"https:\/\/dicodusport.fr\/blog\/#website\",\"url\":\"https:\/\/dicodusport.fr\/blog\/\",\"name\":\"Dicodusport\",\"description\":\"L&#039;encyclop\u00e9die de l&#039;actualit\u00e9 sportive\",\"publisher\":{\"@id\":\"https:\/\/dicodusport.fr\/blog\/#organization\"},\"potentialAction\":[{\"@type\":\"SearchAction\",\"target\":{\"@type\":\"EntryPoint\",\"urlTemplate\":\"https:\/\/dicodusport.fr\/blog\/?s={search_term_string}\"},\"query-input\":{\"@type\":\"PropertyValueSpecification\",\"valueRequired\":true,\"valueName\":\"search_term_string\"}}],\"inLanguage\":\"fr-FR\"},{\"@type\":\"NewsMediaOrganization\",\"@id\":\"https:\/\/dicodusport.fr\/blog\/#organization\",\"name\":\"Dicodusport\",\"url\":\"https:\/\/dicodusport.fr\/blog\/\",\"logo\":{\"@type\":\"ImageObject\",\"inLanguage\":\"fr-FR\",\"@id\":\"https:\/\/dicodusport.fr\/blog\/#\/schema\/logo\/image\/\",\"url\":\"https:\/\/dicodusport.fr\/blog\/wp-content\/uploads\/2020\/06\/cropped-LOGO-DICODUSPORT-2020-SANS-FOND-SANS-TEXTE.png\",\"contentUrl\":\"https:\/\/dicodusport.fr\/blog\/wp-content\/uploads\/2020\/06\/cropped-LOGO-DICODUSPORT-2020-SANS-FOND-SANS-TEXTE.png\",\"width\":512,\"height\":512,\"caption\":\"Dicodusport\"},\"image\":{\"@id\":\"https:\/\/dicodusport.fr\/blog\/#\/schema\/logo\/image\/\"},\"sameAs\":[\"https:\/\/www.facebook.com\/dicodusport\",\"https:\/\/x.com\/dicodusport\",\"https:\/\/www.instagram.com\/dicodusport\/\",\"https:\/\/www.youtube.com\/channel\/UC7V2KZ5sd3htJivAbA4ZG3w\"],\"description\":\"Dicodusport est l'encyclop\u00e9die de l'actualit\u00e9 sportive.\",\"email\":\"bonjour@dicodusport.fr\",\"legalName\":\"DICODUSPORT\",\"foundingDate\":\"2018-01-14\",\"vatID\":\"FR71834470973\",\"taxID\":\"83447097300043\",\"numberOfEmployees\":{\"@type\":\"QuantitativeValue\",\"minValue\":\"1\",\"maxValue\":\"10\"}},{\"@type\":\"Person\",\"@id\":\"https:\/\/dicodusport.fr\/blog\/#\/schema\/person\/cb02af4c173ce4a653b55e9baf388d4a\",\"name\":\"Flo Ostermann\",\"image\":{\"@type\":\"ImageObject\",\"inLanguage\":\"fr-FR\",\"@id\":\"https:\/\/dicodusport.fr\/blog\/#\/schema\/person\/image\/\",\"url\":\"https:\/\/dicodusport.fr\/blog\/wp-content\/uploads\/2021\/05\/Flo-Ostermann-150x150.jpg\",\"contentUrl\":\"https:\/\/dicodusport.fr\/blog\/wp-content\/uploads\/2021\/05\/Flo-Ostermann-150x150.jpg\",\"caption\":\"Flo Ostermann\"},\"description\":\"Journaliste\/R\u00e9dacteur depuis septembre 2015 - Mes premiers souvenirs dans le sport ? Les envol\u00e9es du Stade Toulousain et les duels Villeneuve-Schumacher et H\u00e4kkinen-Schumacher \u00e0 la fin des ann\u00e9es 90, la Coupe du monde de football en 1998, l\u2019exploit du XV de France face aux All Blacks en 1999, mais aussi Richard C\u0153ur de Lion qui vole sur les montagnes du Tour de France. Bien parti pour devenir professeur d\u2019EPS, les \u00e9v\u00e9nements de la vie (et la flemme d\u2019animer des s\u00e9ances de 3x500 m\u00e8tres toute ma vie) m\u2019ont conduit \u00e0 revoir mes plans. Me voil\u00e0 depuis fin 2017 sur Dicodusport, m\u00e9dia gr\u00e2ce (et pour) lequel je partage ma passion : le sport dans tous ses \u00e9tats. Le tout accompagn\u00e9 par les fous furieux et folles furieuses cit\u00e9s sur cette page !\",\"sameAs\":[\"https:\/\/www.facebook.com\/florent.ostermann\",\"https:\/\/x.com\/https:\/\/twitter.com\/FlOstermann\",\"admin\"],\"url\":\"https:\/\/dicodusport.fr\/blog\/author\/flo\/\"}]}<\/script>\n<!-- \/ Yoast SEO Premium plugin. -->","yoast_head_json":{"title":"Classement et r\u00e9sultats Poursuite femmes Ostersund 2025","description":"D\u00e9couvrez le classement complet et les r\u00e9sultats d\u00e9taill\u00e9s de la poursuite femmes \u00e0 Ostersund (Su\u00e8de), ce dimanche 7 d\u00e9cembre 2025.","robots":{"index":"index","follow":"follow","max-snippet":"max-snippet:-1","max-image-preview":"max-image-preview:large","max-video-preview":"max-video-preview:-1"},"canonical":"https:\/\/dicodusport.fr\/blog\/classement-et-resultats-poursuite-femmes-ostersund-2025\/","og_locale":"fr_FR","og_type":"article","og_title":"Qui a gagn\u00e9 la poursuite femmes d'Ostersund ? Classement et r\u00e9sultats complets","og_description":"D\u00e9couvrez le classement complet et les r\u00e9sultats d\u00e9taill\u00e9s de la poursuite femmes \u00e0 Ostersund (Su\u00e8de), ce dimanche 7 d\u00e9cembre 2025.","og_url":"https:\/\/dicodusport.fr\/blog\/classement-et-resultats-poursuite-femmes-ostersund-2025\/","og_site_name":"Dicodusport","article_publisher":"https:\/\/www.facebook.com\/dicodusport","article_author":"https:\/\/www.facebook.com\/florent.ostermann","article_published_time":"2025-12-07T12:47:36+00:00","article_modified_time":"2025-12-07T13:25:56+00:00","og_image":[{"width":1200,"height":674,"url":"https:\/\/dicodusport.fr\/blog\/wp-content\/uploads\/2025\/12\/Classement-et-resultats-Poursuite-femmes-Ostersund-2025.png","type":"image\/png"}],"author":"Flo Ostermann","twitter_card":"summary_large_image","twitter_title":"Qui a gagn\u00e9 la poursuite femmes d'Ostersund ? Classement et r\u00e9sultats complets","twitter_creator":"@https:\/\/twitter.com\/FlOstermann","twitter_site":"@dicodusport","schema":{"@context":"https:\/\/schema.org","@graph":[{"@type":"NewsArticle","@id":"https:\/\/dicodusport.fr\/blog\/classement-et-resultats-poursuite-femmes-ostersund-2025\/#article","isPartOf":{"@id":"https:\/\/dicodusport.fr\/blog\/classement-et-resultats-poursuite-femmes-ostersund-2025\/"},"author":{"name":"Flo Ostermann","@id":"https:\/\/dicodusport.fr\/blog\/#\/schema\/person\/cb02af4c173ce4a653b55e9baf388d4a"},"headline":"Classement et r\u00e9sultats Poursuite femmes Ostersund 2025","datePublished":"2025-12-07T12:47:36+00:00","dateModified":"2025-12-07T13:25:56+00:00","mainEntityOfPage":{"@id":"https:\/\/dicodusport.fr\/blog\/classement-et-resultats-poursuite-femmes-ostersund-2025\/"},"wordCount":755,"commentCount":0,"publisher":{"@id":"https:\/\/dicodusport.fr\/blog\/#organization"},"image":{"@id":"https:\/\/dicodusport.fr\/blog\/classement-et-resultats-poursuite-femmes-ostersund-2025\/#primaryimage"},"thumbnailUrl":"https:\/\/dicodusport.fr\/blog\/wp-content\/uploads\/2025\/12\/Classement-et-resultats-Poursuite-femmes-Ostersund-2025.png","keywords":["Biathlon","Biathlon Ostersund","br\u00e8ve","Coupe du monde de Biathlon","Poursuite femmes"],"articleSection":["Coupe du monde de biathlon"],"inLanguage":"fr-FR","potentialAction":[{"@type":"CommentAction","name":"Comment","target":["https:\/\/dicodusport.fr\/blog\/classement-et-resultats-poursuite-femmes-ostersund-2025\/#respond"]}],"copyrightYear":"2025","copyrightHolder":{"@id":"https:\/\/dicodusport.fr\/blog\/#organization"}},{"@type":"WebPage","@id":"https:\/\/dicodusport.fr\/blog\/classement-et-resultats-poursuite-femmes-ostersund-2025\/","url":"https:\/\/dicodusport.fr\/blog\/classement-et-resultats-poursuite-femmes-ostersund-2025\/","name":"Classement et r\u00e9sultats Poursuite femmes Ostersund 2025","isPartOf":{"@id":"https:\/\/dicodusport.fr\/blog\/#website"},"primaryImageOfPage":{"@id":"https:\/\/dicodusport.fr\/blog\/classement-et-resultats-poursuite-femmes-ostersund-2025\/#primaryimage"},"image":{"@id":"https:\/\/dicodusport.fr\/blog\/classement-et-resultats-poursuite-femmes-ostersund-2025\/#primaryimage"},"thumbnailUrl":"https:\/\/dicodusport.fr\/blog\/wp-content\/uploads\/2025\/12\/Classement-et-resultats-Poursuite-femmes-Ostersund-2025.png","datePublished":"2025-12-07T12:47:36+00:00","dateModified":"2025-12-07T13:25:56+00:00","description":"D\u00e9couvrez le classement complet et les r\u00e9sultats d\u00e9taill\u00e9s de la poursuite femmes \u00e0 Ostersund (Su\u00e8de), ce dimanche 7 d\u00e9cembre 2025.","breadcrumb":{"@id":"https:\/\/dicodusport.fr\/blog\/classement-et-resultats-poursuite-femmes-ostersund-2025\/#breadcrumb"},"inLanguage":"fr-FR","potentialAction":[{"@type":"ReadAction","target":["https:\/\/dicodusport.fr\/blog\/classement-et-resultats-poursuite-femmes-ostersund-2025\/"]}]},{"@type":"ImageObject","inLanguage":"fr-FR","@id":"https:\/\/dicodusport.fr\/blog\/classement-et-resultats-poursuite-femmes-ostersund-2025\/#primaryimage","url":"https:\/\/dicodusport.fr\/blog\/wp-content\/uploads\/2025\/12\/Classement-et-resultats-Poursuite-femmes-Ostersund-2025.png","contentUrl":"https:\/\/dicodusport.fr\/blog\/wp-content\/uploads\/2025\/12\/Classement-et-resultats-Poursuite-femmes-Ostersund-2025.png","width":1200,"height":674,"caption":"Classement et r\u00e9sultats Poursuite femmes Ostersund 2025"},{"@type":"BreadcrumbList","@id":"https:\/\/dicodusport.fr\/blog\/classement-et-resultats-poursuite-femmes-ostersund-2025\/#breadcrumb","itemListElement":[{"@type":"ListItem","position":1,"name":"Accueil","item":"https:\/\/dicodusport.fr\/blog\/"},{"@type":"ListItem","position":2,"name":"Classement et r\u00e9sultats Poursuite femmes Ostersund 2025"}]},{"@type":"WebSite","@id":"https:\/\/dicodusport.fr\/blog\/#website","url":"https:\/\/dicodusport.fr\/blog\/","name":"Dicodusport","description":"L&#039;encyclop\u00e9die de l&#039;actualit\u00e9 sportive","publisher":{"@id":"https:\/\/dicodusport.fr\/blog\/#organization"},"potentialAction":[{"@type":"SearchAction","target":{"@type":"EntryPoint","urlTemplate":"https:\/\/dicodusport.fr\/blog\/?s={search_term_string}"},"query-input":{"@type":"PropertyValueSpecification","valueRequired":true,"valueName":"search_term_string"}}],"inLanguage":"fr-FR"},{"@type":"NewsMediaOrganization","@id":"https:\/\/dicodusport.fr\/blog\/#organization","name":"Dicodusport","url":"https:\/\/dicodusport.fr\/blog\/","logo":{"@type":"ImageObject","inLanguage":"fr-FR","@id":"https:\/\/dicodusport.fr\/blog\/#\/schema\/logo\/image\/","url":"https:\/\/dicodusport.fr\/blog\/wp-content\/uploads\/2020\/06\/cropped-LOGO-DICODUSPORT-2020-SANS-FOND-SANS-TEXTE.png","contentUrl":"https:\/\/dicodusport.fr\/blog\/wp-content\/uploads\/2020\/06\/cropped-LOGO-DICODUSPORT-2020-SANS-FOND-SANS-TEXTE.png","width":512,"height":512,"caption":"Dicodusport"},"image":{"@id":"https:\/\/dicodusport.fr\/blog\/#\/schema\/logo\/image\/"},"sameAs":["https:\/\/www.facebook.com\/dicodusport","https:\/\/x.com\/dicodusport","https:\/\/www.instagram.com\/dicodusport\/","https:\/\/www.youtube.com\/channel\/UC7V2KZ5sd3htJivAbA4ZG3w"],"description":"Dicodusport est l'encyclop\u00e9die de l'actualit\u00e9 sportive.","email":"bonjour@dicodusport.fr","legalName":"DICODUSPORT","foundingDate":"2018-01-14","vatID":"FR71834470973","taxID":"83447097300043","numberOfEmployees":{"@type":"QuantitativeValue","minValue":"1","maxValue":"10"}},{"@type":"Person","@id":"https:\/\/dicodusport.fr\/blog\/#\/schema\/person\/cb02af4c173ce4a653b55e9baf388d4a","name":"Flo Ostermann","image":{"@type":"ImageObject","inLanguage":"fr-FR","@id":"https:\/\/dicodusport.fr\/blog\/#\/schema\/person\/image\/","url":"https:\/\/dicodusport.fr\/blog\/wp-content\/uploads\/2021\/05\/Flo-Ostermann-150x150.jpg","contentUrl":"https:\/\/dicodusport.fr\/blog\/wp-content\/uploads\/2021\/05\/Flo-Ostermann-150x150.jpg","caption":"Flo Ostermann"},"description":"Journaliste\/R\u00e9dacteur depuis septembre 2015 - Mes premiers souvenirs dans le sport ? Les envol\u00e9es du Stade Toulousain et les duels Villeneuve-Schumacher et H\u00e4kkinen-Schumacher \u00e0 la fin des ann\u00e9es 90, la Coupe du monde de football en 1998, l\u2019exploit du XV de France face aux All Blacks en 1999, mais aussi Richard C\u0153ur de Lion qui vole sur les montagnes du Tour de France. Bien parti pour devenir professeur d\u2019EPS, les \u00e9v\u00e9nements de la vie (et la flemme d\u2019animer des s\u00e9ances de 3x500 m\u00e8tres toute ma vie) m\u2019ont conduit \u00e0 revoir mes plans. Me voil\u00e0 depuis fin 2017 sur Dicodusport, m\u00e9dia gr\u00e2ce (et pour) lequel je partage ma passion : le sport dans tous ses \u00e9tats. Le tout accompagn\u00e9 par les fous furieux et folles furieuses cit\u00e9s sur cette page !","sameAs":["https:\/\/www.facebook.com\/florent.ostermann","https:\/\/x.com\/https:\/\/twitter.com\/FlOstermann","admin"],"url":"https:\/\/dicodusport.fr\/blog\/author\/flo\/"}]}},"_links":{"self":[{"href":"https:\/\/dicodusport.fr\/blog\/wp-json\/wp\/v2\/posts\/630439","targetHints":{"allow":["GET"]}}],"collection":[{"href":"https:\/\/dicodusport.fr\/blog\/wp-json\/wp\/v2\/posts"}],"about":[{"href":"https:\/\/dicodusport.fr\/blog\/wp-json\/wp\/v2\/types\/post"}],"author":[{"embeddable":true,"href":"https:\/\/dicodusport.fr\/blog\/wp-json\/wp\/v2\/users\/4"}],"replies":[{"embeddable":true,"href":"https:\/\/dicodusport.fr\/blog\/wp-json\/wp\/v2\/comments?post=630439"}],"version-history":[{"count":6,"href":"https:\/\/dicodusport.fr\/blog\/wp-json\/wp\/v2\/posts\/630439\/revisions"}],"predecessor-version":[{"id":630853,"href":"https:\/\/dicodusport.fr\/blog\/wp-json\/wp\/v2\/posts\/630439\/revisions\/630853"}],"wp:featuredmedia":[{"embeddable":true,"href":"https:\/\/dicodusport.fr\/blog\/wp-json\/wp\/v2\/media\/630442"}],"wp:attachment":[{"href":"https:\/\/dicodusport.fr\/blog\/wp-json\/wp\/v2\/media?parent=630439"}],"wp:term":[{"taxonomy":"category","embeddable":true,"href":"https:\/\/dicodusport.fr\/blog\/wp-json\/wp\/v2\/categories?post=630439"},{"taxonomy":"post_tag","embeddable":true,"href":"https:\/\/dicodusport.fr\/blog\/wp-json\/wp\/v2\/tags?post=630439"}],"curies":[{"name":"wp","href":"https:\/\/api.w.org\/{rel}","templated":true}]}}