{"id":630446,"date":"2025-12-06T07:45:03","date_gmt":"2025-12-06T06:45:03","guid":{"rendered":"https:\/\/dicodusport.fr\/blog\/?p=630446&#038;preview=true&#038;preview_id=630446"},"modified":"2025-12-06T07:29:42","modified_gmt":"2025-12-06T06:29:42","slug":"axel-disasi-vers-un-retour-en-ligue-1-linternational-francais-est-en-discussions-avec-un-club-francais","status":"publish","type":"post","link":"https:\/\/dicodusport.fr\/blog\/axel-disasi-vers-un-retour-en-ligue-1-linternational-francais-est-en-discussions-avec-un-club-francais\/","title":{"rendered":"Axel Disasi vers un retour en Ligue 1 ? L\u2019international fran\u00e7ais est en discussions avec un club fran\u00e7ais"},"content":{"rendered":"<p style=\"text-align: justify;\"><strong><em>Selon <a href=\"https:\/\/www.lequipe.fr\/Football\/Actualites\/L-ol-discute-avec-l-international-axel-disasi-mis-a-l-ecart-par-chelsea-pour-le-mercato-d-hiver\/1614840\">L&rsquo;\u00c9quipe<\/a>, l&rsquo;Olympique Lyonnais voudrait recruter Axel Disasi (Chelsea) cet hiver pour renforcer son secteur d\u00e9fensif.\u00a0<\/em><\/strong><\/p>\n<ul style=\"text-align: justify;\">\n<li><strong>\u00c0 ce sujet &#8211;\u00a0<a href=\"https:\/\/dicodusport.fr\/blog\/classement-ligue-1-2025-2026\/\" target=\"_blank\" rel=\"noopener\">Classement de Ligue 1<\/a><\/strong><\/li>\n<\/ul>\n<p style=\"text-align: justify;\">Auteur d&rsquo;un bon d\u00e9but de saison malgr\u00e9 les difficult\u00e9s en coulisses depuis plusieurs mois, l&rsquo;<strong>Olympique Lyonnais<\/strong> veut se renforcer cet hiver, et cherche depuis quelques semaines des bons coups. Les <strong>Lyonnais<\/strong> ont notamment obtenu le pr\u00eat de l&rsquo;attaquant du Real Madrid <strong>Endrick,<\/strong> qui viendra densifier un secteur tr\u00e8s peu fourni pour le moment.<\/p>\n<div class=\"vlp-link-container vlp-layout-article\"><a href=\"https:\/\/dicodusport.fr\/blog\/transferts-ol-lyon-veut-signer-endrick\/\" class=\"vlp-link\" title=\"Transferts OL : Lyon veut signer Endrick\"><\/a><div class=\"vlp-layout-zone-side\"><div class=\"vlp-block-4 vlp-link-image\"><img loading=\"lazy\" decoding=\"async\" style=\"max-width: 792px;\" width=\"792\" height=\"445\" src=\"https:\/\/dicodusport.fr\/blog\/wp-content\/uploads\/2025\/10\/Transferts-Lyon-Une-pepite-du-Real-Madrid-dans-le-viseur.png\" class=\"attachment-800x445 size-800x445\" alt=\"Transferts OL Lyon veut signer Endrick\" srcset=\"https:\/\/dicodusport.fr\/blog\/wp-content\/uploads\/2025\/10\/Transferts-Lyon-Une-pepite-du-Real-Madrid-dans-le-viseur.png 1200w, https:\/\/dicodusport.fr\/blog\/wp-content\/uploads\/2025\/10\/Transferts-Lyon-Une-pepite-du-Real-Madrid-dans-le-viseur-300x169.png 300w, https:\/\/dicodusport.fr\/blog\/wp-content\/uploads\/2025\/10\/Transferts-Lyon-Une-pepite-du-Real-Madrid-dans-le-viseur-1024x575.png 1024w, https:\/\/dicodusport.fr\/blog\/wp-content\/uploads\/2025\/10\/Transferts-Lyon-Une-pepite-du-Real-Madrid-dans-le-viseur-768x431.png 768w\" sizes=\"auto, (max-width: 792px) 100vw, 792px\" \/><\/div><\/div><div class=\"vlp-layout-zone-main\"><div class=\"vlp-block-0 vlp-link-title\">Transferts OL : Lyon veut signer Endrick<\/div><div class=\"vlp-block-1 vlp-link-summary\">TRANSFERTS FOOTBALL - Lyon cherche \u00e0 obtenir le pr\u00eat du jeune Br\u00e9silien Endrick (Real Madrid). Les discussions sont ouvertes avec l'attaquant de 19 ans.<\/div><div class=\"vlp-block-2 vlp-link-button\">Lire l'article<\/div><div class=\"vlp-block-3 vlp-link-url\">dicodusport.fr<\/div><\/div><\/div>\n<h2 style=\"text-align: justify;\">Lyon comme point de chute ?<\/h2>\n<p style=\"text-align: justify;\">En d\u00e9cembre, l&rsquo;<strong>Olympique<\/strong> <strong>Lyonnais<\/strong> va voir plusieurs joueurs partir \u00e0 la CAN, et notamment ses deux d\u00e9fenseurs centraux titulaires, <strong>Clinton<\/strong> <strong>Mata<\/strong> et <strong>Moussa<\/strong> <strong>Niakhat\u00e9<\/strong>. Les dirigeants lyonnais se sont donc mis en qu\u00eate d&rsquo;un sp\u00e9cialiste du poste, et ils ont coch\u00e9 le nom de l&rsquo;international fran\u00e7ais, <strong>Axel<\/strong> <strong>Disasi<\/strong>, \u00e9cart\u00e9 \u00e0 <strong>Chelsea<\/strong>.<\/p>\n<p style=\"text-align: justify;\">Plac\u00e9 dans le loft chez les <strong>Blues<\/strong>, il n&rsquo;a pas jou\u00e9 un seul match cette saison. L&rsquo;<strong>OL<\/strong> est venu aux renseignements, mais se pose des questions sur la sant\u00e9 physique du joueur. Sera-t-il capable d&rsquo;\u00eatre titulaire d\u00e8s janvier apr\u00e8s tant de mois sans jouer ? Rien n&rsquo;est moins s\u00fbr, mais <strong>Axel<\/strong> <strong>Disasi<\/strong> serait lui tr\u00e8s int\u00e9ress\u00e9 \u00e0 l&rsquo;id\u00e9e d&rsquo;un pr\u00eat.<\/p>\n<blockquote class=\"twitter-tweet\">\n<p dir=\"ltr\" lang=\"fr\">INFO L&rsquo;EQUIPE. En qu\u00eate d&rsquo;un d\u00e9fenseur central au mois de janvier pour compenser les d\u00e9parts de Niakhat\u00e9 et Mata \u00e0 la CAN, les dirigeants lyonnais ont contact\u00e9 l&rsquo;international fran\u00e7ais Axel Disasi, actuellement dans le loft de Chelsea.<\/p>\n<p>\u27a1\ufe0f <a href=\"https:\/\/t.co\/ErFDUIPyo2\">https:\/\/t.co\/ErFDUIPyo2<\/a> <a href=\"https:\/\/t.co\/vr2YBH31Fv\">pic.twitter.com\/vr2YBH31Fv<\/a><\/p>\n<p>\u2014 L&rsquo;\u00c9quipe (@lequipe) <a href=\"https:\/\/twitter.com\/lequipe\/status\/1997056898051309616?ref_src=twsrc%5Etfw\">December 5, 2025<\/a><\/p><\/blockquote>\n<p style=\"text-align: justify;\"><script async src=\"https:\/\/platform.twitter.com\/widgets.js\" charset=\"utf-8\"><\/script><\/p>\n","protected":false},"excerpt":{"rendered":"<p>Selon L&rsquo;\u00c9quipe, l&rsquo;Olympique Lyonnais voudrait recruter Axel Disasi (Chelsea) cet hiver pour renforcer son secteur d\u00e9fensif.\u00a0<\/p>\n","protected":false},"author":1,"featured_media":630450,"comment_status":"open","ping_status":"closed","sticky":false,"template":"","format":"standard","meta":{"_acf_changed":false,"_daextam_enable_autolinks":"1","footnotes":""},"categories":[47045],"tags":[16878,1554,24995,1145,43686],"class_list":["post-630446","post","type-post","status-publish","format-standard","has-post-thumbnail","hentry","category-ligue-1","tag-breve","tag-ligue-1","tag-mercato-ol","tag-ol","tag-transferts-ol"],"acf":[],"yoast_head":"<!-- This site is optimized with the Yoast SEO Premium plugin v26.7 (Yoast SEO v26.7) - https:\/\/yoast.com\/wordpress\/plugins\/seo\/ -->\n<title>Axel Disasi vers un retour en Ligue 1 ? L\u2019international fran\u00e7ais est en discussions avec un club fran\u00e7ais<\/title>\n<meta name=\"description\" content=\"Selon L&#039;\u00c9quipe, l&#039;Olympique Lyonnais voudrait recruter Axel Disasi (Chelsea) cet hiver pour renforcer son secteur d\u00e9fensif.\u00a0\" \/>\n<meta name=\"robots\" content=\"index, follow, max-snippet:-1, max-image-preview:large, max-video-preview:-1\" \/>\n<link rel=\"canonical\" href=\"https:\/\/dicodusport.fr\/blog\/axel-disasi-vers-un-retour-en-ligue-1-linternational-francais-est-en-discussions-avec-un-club-francais\/\" \/>\n<meta property=\"og:locale\" content=\"fr_FR\" \/>\n<meta property=\"og:type\" content=\"article\" \/>\n<meta property=\"og:title\" content=\"Axel Disasi vers un retour en Ligue 1 ? L\u2019international fran\u00e7ais est en discussions avec un club fran\u00e7ais\" \/>\n<meta property=\"og:description\" content=\"Selon L&#039;\u00c9quipe, l&#039;Olympique Lyonnais voudrait recruter Axel Disasi (Chelsea) cet hiver pour renforcer son secteur d\u00e9fensif.\u00a0\" \/>\n<meta property=\"og:url\" content=\"https:\/\/dicodusport.fr\/blog\/axel-disasi-vers-un-retour-en-ligue-1-linternational-francais-est-en-discussions-avec-un-club-francais\/\" \/>\n<meta property=\"og:site_name\" content=\"Dicodusport\" \/>\n<meta property=\"article:publisher\" content=\"https:\/\/www.facebook.com\/dicodusport\" \/>\n<meta property=\"article:author\" content=\"https:\/\/www.facebook.com\/dicodusport\" \/>\n<meta property=\"article:published_time\" content=\"2025-12-06T06:45:03+00:00\" \/>\n<meta property=\"og:image\" content=\"https:\/\/dicodusport.fr\/blog\/wp-content\/uploads\/2025\/12\/Axel-Disasi-vers-un-retour-en-Ligue-1-Linternational-francais-est-en-discussions-avec-un-club-francais.png\" \/>\n\t<meta property=\"og:image:width\" content=\"1200\" \/>\n\t<meta property=\"og:image:height\" content=\"674\" \/>\n\t<meta property=\"og:image:type\" content=\"image\/png\" \/>\n<meta name=\"author\" content=\"Nicolas Jacquemard\" \/>\n<meta name=\"twitter:card\" content=\"summary_large_image\" \/>\n<meta name=\"twitter:title\" content=\"Axel Disasi vers un retour en Ligue 1 ? L\u2019international fran\u00e7ais est en discussions avec un club fran\u00e7ais\" \/>\n<meta name=\"twitter:creator\" content=\"@https:\/\/twitter.com\/Nico_Jacquemard\" \/>\n<meta name=\"twitter:site\" content=\"@dicodusport\" \/>\n<script type=\"application\/ld+json\" class=\"yoast-schema-graph\">{\"@context\":\"https:\/\/schema.org\",\"@graph\":[{\"@type\":\"NewsArticle\",\"@id\":\"https:\/\/dicodusport.fr\/blog\/axel-disasi-vers-un-retour-en-ligue-1-linternational-francais-est-en-discussions-avec-un-club-francais\/#article\",\"isPartOf\":{\"@id\":\"https:\/\/dicodusport.fr\/blog\/axel-disasi-vers-un-retour-en-ligue-1-linternational-francais-est-en-discussions-avec-un-club-francais\/\"},\"author\":{\"name\":\"Nicolas Jacquemard\",\"@id\":\"https:\/\/dicodusport.fr\/blog\/#\/schema\/person\/55dcb50ad410894e431ed812bbb70191\"},\"headline\":\"Axel Disasi vers un retour en Ligue 1 ? L\u2019international fran\u00e7ais est en discussions avec un club fran\u00e7ais\",\"datePublished\":\"2025-12-06T06:45:03+00:00\",\"mainEntityOfPage\":{\"@id\":\"https:\/\/dicodusport.fr\/blog\/axel-disasi-vers-un-retour-en-ligue-1-linternational-francais-est-en-discussions-avec-un-club-francais\/\"},\"wordCount\":366,\"commentCount\":0,\"publisher\":{\"@id\":\"https:\/\/dicodusport.fr\/blog\/#organization\"},\"image\":{\"@id\":\"https:\/\/dicodusport.fr\/blog\/axel-disasi-vers-un-retour-en-ligue-1-linternational-francais-est-en-discussions-avec-un-club-francais\/#primaryimage\"},\"thumbnailUrl\":\"https:\/\/dicodusport.fr\/blog\/wp-content\/uploads\/2025\/12\/Axel-Disasi-vers-un-retour-en-Ligue-1-Linternational-francais-est-en-discussions-avec-un-club-francais-e1765015898166.png\",\"keywords\":[\"br\u00e8ve\",\"Ligue 1\",\"Mercato OL\",\"OL\",\"Transferts OL\"],\"articleSection\":[\"Ligue 1\"],\"inLanguage\":\"fr-FR\",\"potentialAction\":[{\"@type\":\"CommentAction\",\"name\":\"Comment\",\"target\":[\"https:\/\/dicodusport.fr\/blog\/axel-disasi-vers-un-retour-en-ligue-1-linternational-francais-est-en-discussions-avec-un-club-francais\/#respond\"]}],\"copyrightYear\":\"2025\",\"copyrightHolder\":{\"@id\":\"https:\/\/dicodusport.fr\/blog\/#organization\"}},{\"@type\":\"WebPage\",\"@id\":\"https:\/\/dicodusport.fr\/blog\/axel-disasi-vers-un-retour-en-ligue-1-linternational-francais-est-en-discussions-avec-un-club-francais\/\",\"url\":\"https:\/\/dicodusport.fr\/blog\/axel-disasi-vers-un-retour-en-ligue-1-linternational-francais-est-en-discussions-avec-un-club-francais\/\",\"name\":\"Axel Disasi vers un retour en Ligue 1 ? L\u2019international fran\u00e7ais est en discussions avec un club fran\u00e7ais\",\"isPartOf\":{\"@id\":\"https:\/\/dicodusport.fr\/blog\/#website\"},\"primaryImageOfPage\":{\"@id\":\"https:\/\/dicodusport.fr\/blog\/axel-disasi-vers-un-retour-en-ligue-1-linternational-francais-est-en-discussions-avec-un-club-francais\/#primaryimage\"},\"image\":{\"@id\":\"https:\/\/dicodusport.fr\/blog\/axel-disasi-vers-un-retour-en-ligue-1-linternational-francais-est-en-discussions-avec-un-club-francais\/#primaryimage\"},\"thumbnailUrl\":\"https:\/\/dicodusport.fr\/blog\/wp-content\/uploads\/2025\/12\/Axel-Disasi-vers-un-retour-en-Ligue-1-Linternational-francais-est-en-discussions-avec-un-club-francais-e1765015898166.png\",\"datePublished\":\"2025-12-06T06:45:03+00:00\",\"description\":\"Selon L'\u00c9quipe, l'Olympique Lyonnais voudrait recruter Axel Disasi (Chelsea) cet hiver pour renforcer son secteur d\u00e9fensif.\u00a0\",\"breadcrumb\":{\"@id\":\"https:\/\/dicodusport.fr\/blog\/axel-disasi-vers-un-retour-en-ligue-1-linternational-francais-est-en-discussions-avec-un-club-francais\/#breadcrumb\"},\"inLanguage\":\"fr-FR\",\"potentialAction\":[{\"@type\":\"ReadAction\",\"target\":[\"https:\/\/dicodusport.fr\/blog\/axel-disasi-vers-un-retour-en-ligue-1-linternational-francais-est-en-discussions-avec-un-club-francais\/\"]}]},{\"@type\":\"ImageObject\",\"inLanguage\":\"fr-FR\",\"@id\":\"https:\/\/dicodusport.fr\/blog\/axel-disasi-vers-un-retour-en-ligue-1-linternational-francais-est-en-discussions-avec-un-club-francais\/#primaryimage\",\"url\":\"https:\/\/dicodusport.fr\/blog\/wp-content\/uploads\/2025\/12\/Axel-Disasi-vers-un-retour-en-Ligue-1-Linternational-francais-est-en-discussions-avec-un-club-francais-e1765015898166.png\",\"contentUrl\":\"https:\/\/dicodusport.fr\/blog\/wp-content\/uploads\/2025\/12\/Axel-Disasi-vers-un-retour-en-Ligue-1-Linternational-francais-est-en-discussions-avec-un-club-francais-e1765015898166.png\",\"width\":1198,\"height\":674},{\"@type\":\"BreadcrumbList\",\"@id\":\"https:\/\/dicodusport.fr\/blog\/axel-disasi-vers-un-retour-en-ligue-1-linternational-francais-est-en-discussions-avec-un-club-francais\/#breadcrumb\",\"itemListElement\":[{\"@type\":\"ListItem\",\"position\":1,\"name\":\"Accueil\",\"item\":\"https:\/\/dicodusport.fr\/blog\/\"},{\"@type\":\"ListItem\",\"position\":2,\"name\":\"Axel Disasi vers un retour en Ligue 1 ? L\u2019international fran\u00e7ais est en discussions avec un club fran\u00e7ais\"}]},{\"@type\":\"WebSite\",\"@id\":\"https:\/\/dicodusport.fr\/blog\/#website\",\"url\":\"https:\/\/dicodusport.fr\/blog\/\",\"name\":\"Dicodusport\",\"description\":\"L&#039;encyclop\u00e9die de l&#039;actualit\u00e9 sportive\",\"publisher\":{\"@id\":\"https:\/\/dicodusport.fr\/blog\/#organization\"},\"potentialAction\":[{\"@type\":\"SearchAction\",\"target\":{\"@type\":\"EntryPoint\",\"urlTemplate\":\"https:\/\/dicodusport.fr\/blog\/?s={search_term_string}\"},\"query-input\":{\"@type\":\"PropertyValueSpecification\",\"valueRequired\":true,\"valueName\":\"search_term_string\"}}],\"inLanguage\":\"fr-FR\"},{\"@type\":\"NewsMediaOrganization\",\"@id\":\"https:\/\/dicodusport.fr\/blog\/#organization\",\"name\":\"Dicodusport\",\"url\":\"https:\/\/dicodusport.fr\/blog\/\",\"logo\":{\"@type\":\"ImageObject\",\"inLanguage\":\"fr-FR\",\"@id\":\"https:\/\/dicodusport.fr\/blog\/#\/schema\/logo\/image\/\",\"url\":\"https:\/\/dicodusport.fr\/blog\/wp-content\/uploads\/2020\/06\/cropped-LOGO-DICODUSPORT-2020-SANS-FOND-SANS-TEXTE.png\",\"contentUrl\":\"https:\/\/dicodusport.fr\/blog\/wp-content\/uploads\/2020\/06\/cropped-LOGO-DICODUSPORT-2020-SANS-FOND-SANS-TEXTE.png\",\"width\":512,\"height\":512,\"caption\":\"Dicodusport\"},\"image\":{\"@id\":\"https:\/\/dicodusport.fr\/blog\/#\/schema\/logo\/image\/\"},\"sameAs\":[\"https:\/\/www.facebook.com\/dicodusport\",\"https:\/\/x.com\/dicodusport\",\"https:\/\/www.instagram.com\/dicodusport\/\",\"https:\/\/www.youtube.com\/channel\/UC7V2KZ5sd3htJivAbA4ZG3w\"],\"description\":\"Dicodusport est l'encyclop\u00e9die de l'actualit\u00e9 sportive.\",\"email\":\"bonjour@dicodusport.fr\",\"legalName\":\"DICODUSPORT\",\"foundingDate\":\"2018-01-14\",\"vatID\":\"FR71834470973\",\"taxID\":\"83447097300043\",\"numberOfEmployees\":{\"@type\":\"QuantitativeValue\",\"minValue\":\"1\",\"maxValue\":\"10\"}},{\"@type\":\"Person\",\"@id\":\"https:\/\/dicodusport.fr\/blog\/#\/schema\/person\/55dcb50ad410894e431ed812bbb70191\",\"name\":\"Nicolas Jacquemard\",\"image\":{\"@type\":\"ImageObject\",\"inLanguage\":\"fr-FR\",\"@id\":\"https:\/\/dicodusport.fr\/blog\/#\/schema\/person\/image\/\",\"url\":\"https:\/\/dicodusport.fr\/blog\/wp-content\/uploads\/2021\/05\/Nicolas-Jacquemard-150x150.jpeg\",\"contentUrl\":\"https:\/\/dicodusport.fr\/blog\/wp-content\/uploads\/2021\/05\/Nicolas-Jacquemard-150x150.jpeg\",\"caption\":\"Nicolas Jacquemard\"},\"description\":\"Passionn\u00e9 de sport et entrepreneur depuis mes 18 ans, la cr\u00e9ation de Dicodusport m'a sembl\u00e9 \u00e9vidente pour participer \u00e0 la m\u00e9diatisation d'un plus grand nombre de sports. Le chemin est long mais avec une \u00e9quipe des plus motiv\u00e9es et les Jeux Olympiques de Paris 2024 en point de mire, nous y arriverons ! Journaliste dans le monde du sport depuis plus de 5 ans, je traite aussi bien de football, de rugby, de biathlon que de cyclisme.\",\"sameAs\":[\"https:\/\/www.facebook.com\/dicodusport\",\"https:\/\/x.com\/https:\/\/twitter.com\/Nico_Jacquemard\"],\"url\":\"https:\/\/dicodusport.fr\/blog\/author\/dicodusport\/\"}]}<\/script>\n<!-- \/ Yoast SEO Premium plugin. -->","yoast_head_json":{"title":"Axel Disasi vers un retour en Ligue 1 ? L\u2019international fran\u00e7ais est en discussions avec un club fran\u00e7ais","description":"Selon L'\u00c9quipe, l'Olympique Lyonnais voudrait recruter Axel Disasi (Chelsea) cet hiver pour renforcer son secteur d\u00e9fensif.\u00a0","robots":{"index":"index","follow":"follow","max-snippet":"max-snippet:-1","max-image-preview":"max-image-preview:large","max-video-preview":"max-video-preview:-1"},"canonical":"https:\/\/dicodusport.fr\/blog\/axel-disasi-vers-un-retour-en-ligue-1-linternational-francais-est-en-discussions-avec-un-club-francais\/","og_locale":"fr_FR","og_type":"article","og_title":"Axel Disasi vers un retour en Ligue 1 ? L\u2019international fran\u00e7ais est en discussions avec un club fran\u00e7ais","og_description":"Selon L'\u00c9quipe, l'Olympique Lyonnais voudrait recruter Axel Disasi (Chelsea) cet hiver pour renforcer son secteur d\u00e9fensif.\u00a0","og_url":"https:\/\/dicodusport.fr\/blog\/axel-disasi-vers-un-retour-en-ligue-1-linternational-francais-est-en-discussions-avec-un-club-francais\/","og_site_name":"Dicodusport","article_publisher":"https:\/\/www.facebook.com\/dicodusport","article_author":"https:\/\/www.facebook.com\/dicodusport","article_published_time":"2025-12-06T06:45:03+00:00","og_image":[{"width":1200,"height":674,"url":"https:\/\/dicodusport.fr\/blog\/wp-content\/uploads\/2025\/12\/Axel-Disasi-vers-un-retour-en-Ligue-1-Linternational-francais-est-en-discussions-avec-un-club-francais.png","type":"image\/png"}],"author":"Nicolas Jacquemard","twitter_card":"summary_large_image","twitter_title":"Axel Disasi vers un retour en Ligue 1 ? L\u2019international fran\u00e7ais est en discussions avec un club fran\u00e7ais","twitter_creator":"@https:\/\/twitter.com\/Nico_Jacquemard","twitter_site":"@dicodusport","schema":{"@context":"https:\/\/schema.org","@graph":[{"@type":"NewsArticle","@id":"https:\/\/dicodusport.fr\/blog\/axel-disasi-vers-un-retour-en-ligue-1-linternational-francais-est-en-discussions-avec-un-club-francais\/#article","isPartOf":{"@id":"https:\/\/dicodusport.fr\/blog\/axel-disasi-vers-un-retour-en-ligue-1-linternational-francais-est-en-discussions-avec-un-club-francais\/"},"author":{"name":"Nicolas Jacquemard","@id":"https:\/\/dicodusport.fr\/blog\/#\/schema\/person\/55dcb50ad410894e431ed812bbb70191"},"headline":"Axel Disasi vers un retour en Ligue 1 ? L\u2019international fran\u00e7ais est en discussions avec un club fran\u00e7ais","datePublished":"2025-12-06T06:45:03+00:00","mainEntityOfPage":{"@id":"https:\/\/dicodusport.fr\/blog\/axel-disasi-vers-un-retour-en-ligue-1-linternational-francais-est-en-discussions-avec-un-club-francais\/"},"wordCount":366,"commentCount":0,"publisher":{"@id":"https:\/\/dicodusport.fr\/blog\/#organization"},"image":{"@id":"https:\/\/dicodusport.fr\/blog\/axel-disasi-vers-un-retour-en-ligue-1-linternational-francais-est-en-discussions-avec-un-club-francais\/#primaryimage"},"thumbnailUrl":"https:\/\/dicodusport.fr\/blog\/wp-content\/uploads\/2025\/12\/Axel-Disasi-vers-un-retour-en-Ligue-1-Linternational-francais-est-en-discussions-avec-un-club-francais-e1765015898166.png","keywords":["br\u00e8ve","Ligue 1","Mercato OL","OL","Transferts OL"],"articleSection":["Ligue 1"],"inLanguage":"fr-FR","potentialAction":[{"@type":"CommentAction","name":"Comment","target":["https:\/\/dicodusport.fr\/blog\/axel-disasi-vers-un-retour-en-ligue-1-linternational-francais-est-en-discussions-avec-un-club-francais\/#respond"]}],"copyrightYear":"2025","copyrightHolder":{"@id":"https:\/\/dicodusport.fr\/blog\/#organization"}},{"@type":"WebPage","@id":"https:\/\/dicodusport.fr\/blog\/axel-disasi-vers-un-retour-en-ligue-1-linternational-francais-est-en-discussions-avec-un-club-francais\/","url":"https:\/\/dicodusport.fr\/blog\/axel-disasi-vers-un-retour-en-ligue-1-linternational-francais-est-en-discussions-avec-un-club-francais\/","name":"Axel Disasi vers un retour en Ligue 1 ? L\u2019international fran\u00e7ais est en discussions avec un club fran\u00e7ais","isPartOf":{"@id":"https:\/\/dicodusport.fr\/blog\/#website"},"primaryImageOfPage":{"@id":"https:\/\/dicodusport.fr\/blog\/axel-disasi-vers-un-retour-en-ligue-1-linternational-francais-est-en-discussions-avec-un-club-francais\/#primaryimage"},"image":{"@id":"https:\/\/dicodusport.fr\/blog\/axel-disasi-vers-un-retour-en-ligue-1-linternational-francais-est-en-discussions-avec-un-club-francais\/#primaryimage"},"thumbnailUrl":"https:\/\/dicodusport.fr\/blog\/wp-content\/uploads\/2025\/12\/Axel-Disasi-vers-un-retour-en-Ligue-1-Linternational-francais-est-en-discussions-avec-un-club-francais-e1765015898166.png","datePublished":"2025-12-06T06:45:03+00:00","description":"Selon L'\u00c9quipe, l'Olympique Lyonnais voudrait recruter Axel Disasi (Chelsea) cet hiver pour renforcer son secteur d\u00e9fensif.\u00a0","breadcrumb":{"@id":"https:\/\/dicodusport.fr\/blog\/axel-disasi-vers-un-retour-en-ligue-1-linternational-francais-est-en-discussions-avec-un-club-francais\/#breadcrumb"},"inLanguage":"fr-FR","potentialAction":[{"@type":"ReadAction","target":["https:\/\/dicodusport.fr\/blog\/axel-disasi-vers-un-retour-en-ligue-1-linternational-francais-est-en-discussions-avec-un-club-francais\/"]}]},{"@type":"ImageObject","inLanguage":"fr-FR","@id":"https:\/\/dicodusport.fr\/blog\/axel-disasi-vers-un-retour-en-ligue-1-linternational-francais-est-en-discussions-avec-un-club-francais\/#primaryimage","url":"https:\/\/dicodusport.fr\/blog\/wp-content\/uploads\/2025\/12\/Axel-Disasi-vers-un-retour-en-Ligue-1-Linternational-francais-est-en-discussions-avec-un-club-francais-e1765015898166.png","contentUrl":"https:\/\/dicodusport.fr\/blog\/wp-content\/uploads\/2025\/12\/Axel-Disasi-vers-un-retour-en-Ligue-1-Linternational-francais-est-en-discussions-avec-un-club-francais-e1765015898166.png","width":1198,"height":674},{"@type":"BreadcrumbList","@id":"https:\/\/dicodusport.fr\/blog\/axel-disasi-vers-un-retour-en-ligue-1-linternational-francais-est-en-discussions-avec-un-club-francais\/#breadcrumb","itemListElement":[{"@type":"ListItem","position":1,"name":"Accueil","item":"https:\/\/dicodusport.fr\/blog\/"},{"@type":"ListItem","position":2,"name":"Axel Disasi vers un retour en Ligue 1 ? L\u2019international fran\u00e7ais est en discussions avec un club fran\u00e7ais"}]},{"@type":"WebSite","@id":"https:\/\/dicodusport.fr\/blog\/#website","url":"https:\/\/dicodusport.fr\/blog\/","name":"Dicodusport","description":"L&#039;encyclop\u00e9die de l&#039;actualit\u00e9 sportive","publisher":{"@id":"https:\/\/dicodusport.fr\/blog\/#organization"},"potentialAction":[{"@type":"SearchAction","target":{"@type":"EntryPoint","urlTemplate":"https:\/\/dicodusport.fr\/blog\/?s={search_term_string}"},"query-input":{"@type":"PropertyValueSpecification","valueRequired":true,"valueName":"search_term_string"}}],"inLanguage":"fr-FR"},{"@type":"NewsMediaOrganization","@id":"https:\/\/dicodusport.fr\/blog\/#organization","name":"Dicodusport","url":"https:\/\/dicodusport.fr\/blog\/","logo":{"@type":"ImageObject","inLanguage":"fr-FR","@id":"https:\/\/dicodusport.fr\/blog\/#\/schema\/logo\/image\/","url":"https:\/\/dicodusport.fr\/blog\/wp-content\/uploads\/2020\/06\/cropped-LOGO-DICODUSPORT-2020-SANS-FOND-SANS-TEXTE.png","contentUrl":"https:\/\/dicodusport.fr\/blog\/wp-content\/uploads\/2020\/06\/cropped-LOGO-DICODUSPORT-2020-SANS-FOND-SANS-TEXTE.png","width":512,"height":512,"caption":"Dicodusport"},"image":{"@id":"https:\/\/dicodusport.fr\/blog\/#\/schema\/logo\/image\/"},"sameAs":["https:\/\/www.facebook.com\/dicodusport","https:\/\/x.com\/dicodusport","https:\/\/www.instagram.com\/dicodusport\/","https:\/\/www.youtube.com\/channel\/UC7V2KZ5sd3htJivAbA4ZG3w"],"description":"Dicodusport est l'encyclop\u00e9die de l'actualit\u00e9 sportive.","email":"bonjour@dicodusport.fr","legalName":"DICODUSPORT","foundingDate":"2018-01-14","vatID":"FR71834470973","taxID":"83447097300043","numberOfEmployees":{"@type":"QuantitativeValue","minValue":"1","maxValue":"10"}},{"@type":"Person","@id":"https:\/\/dicodusport.fr\/blog\/#\/schema\/person\/55dcb50ad410894e431ed812bbb70191","name":"Nicolas Jacquemard","image":{"@type":"ImageObject","inLanguage":"fr-FR","@id":"https:\/\/dicodusport.fr\/blog\/#\/schema\/person\/image\/","url":"https:\/\/dicodusport.fr\/blog\/wp-content\/uploads\/2021\/05\/Nicolas-Jacquemard-150x150.jpeg","contentUrl":"https:\/\/dicodusport.fr\/blog\/wp-content\/uploads\/2021\/05\/Nicolas-Jacquemard-150x150.jpeg","caption":"Nicolas Jacquemard"},"description":"Passionn\u00e9 de sport et entrepreneur depuis mes 18 ans, la cr\u00e9ation de Dicodusport m'a sembl\u00e9 \u00e9vidente pour participer \u00e0 la m\u00e9diatisation d'un plus grand nombre de sports. Le chemin est long mais avec une \u00e9quipe des plus motiv\u00e9es et les Jeux Olympiques de Paris 2024 en point de mire, nous y arriverons ! Journaliste dans le monde du sport depuis plus de 5 ans, je traite aussi bien de football, de rugby, de biathlon que de cyclisme.","sameAs":["https:\/\/www.facebook.com\/dicodusport","https:\/\/x.com\/https:\/\/twitter.com\/Nico_Jacquemard"],"url":"https:\/\/dicodusport.fr\/blog\/author\/dicodusport\/"}]}},"_links":{"self":[{"href":"https:\/\/dicodusport.fr\/blog\/wp-json\/wp\/v2\/posts\/630446","targetHints":{"allow":["GET"]}}],"collection":[{"href":"https:\/\/dicodusport.fr\/blog\/wp-json\/wp\/v2\/posts"}],"about":[{"href":"https:\/\/dicodusport.fr\/blog\/wp-json\/wp\/v2\/types\/post"}],"author":[{"embeddable":true,"href":"https:\/\/dicodusport.fr\/blog\/wp-json\/wp\/v2\/users\/1"}],"replies":[{"embeddable":true,"href":"https:\/\/dicodusport.fr\/blog\/wp-json\/wp\/v2\/comments?post=630446"}],"version-history":[{"count":4,"href":"https:\/\/dicodusport.fr\/blog\/wp-json\/wp\/v2\/posts\/630446\/revisions"}],"predecessor-version":[{"id":630483,"href":"https:\/\/dicodusport.fr\/blog\/wp-json\/wp\/v2\/posts\/630446\/revisions\/630483"}],"wp:featuredmedia":[{"embeddable":true,"href":"https:\/\/dicodusport.fr\/blog\/wp-json\/wp\/v2\/media\/630450"}],"wp:attachment":[{"href":"https:\/\/dicodusport.fr\/blog\/wp-json\/wp\/v2\/media?parent=630446"}],"wp:term":[{"taxonomy":"category","embeddable":true,"href":"https:\/\/dicodusport.fr\/blog\/wp-json\/wp\/v2\/categories?post=630446"},{"taxonomy":"post_tag","embeddable":true,"href":"https:\/\/dicodusport.fr\/blog\/wp-json\/wp\/v2\/tags?post=630446"}],"curies":[{"name":"wp","href":"https:\/\/api.w.org\/{rel}","templated":true}]}}