{"id":630549,"date":"2025-12-06T17:36:29","date_gmt":"2025-12-06T16:36:29","guid":{"rendered":"https:\/\/dicodusport.fr\/blog\/?p=630549&#038;preview=true&#038;preview_id=630549"},"modified":"2025-12-06T20:36:22","modified_gmt":"2025-12-06T19:36:22","slug":"quentin-fillon-maillet-troisieme-du-sprint-hommes-a-ostersund-johan-olav-botn-et-les-norvegiens-trop-forts","status":"publish","type":"post","link":"https:\/\/dicodusport.fr\/blog\/quentin-fillon-maillet-troisieme-du-sprint-hommes-a-ostersund-johan-olav-botn-et-les-norvegiens-trop-forts\/","title":{"rendered":"Quentin Fillon Maillet troisi\u00e8me du sprint hommes \u00e0 Ostersund, Johan-Olav Botn et les Norv\u00e9giens trop forts"},"content":{"rendered":"<p style=\"text-align: justify;\"><strong><em>COUPE DU MONDE DE BIATHLON 2025\/2026 &#8211; Johan-Olav Botn s&rsquo;est impos\u00e9 lors du sprint \u00e0 Ostersund. Quentin Fillon Maillet signe son premier podium de la saison.<\/em><\/strong><\/p>\n<ul style=\"text-align: justify;\">\n<li><strong>\u00c0 ce sujet \u2014\u00a0<a href=\"https:\/\/dicodusport.fr\/blog\/biathlon-ostersund-2025-programme-complet-et-horaires-des-courses\/\">Biathlon Ostersund 2025 : Programme complet et horaires<\/a><\/strong><\/li>\n<\/ul>\n<p style=\"text-align: justify;\">Au terme d&rsquo;une course serr\u00e9e, <strong>Johan-Olav Botn<\/strong> a remport\u00e9 le premier sprint de la saison, apr\u00e8s sa r\u00e9cente victoire sur l&rsquo;individuel. Il a r\u00e9alis\u00e9 le 10\/10 et a \u00e9t\u00e9 une fus\u00e9e sur les skis. C&rsquo;est d&rsquo;ailleurs sa toute premi\u00e8re victoire en Sprint en coupe du Monde. Le jeune Norv\u00e9gien <strong>Martin Uldal<\/strong> termine deuxi\u00e8me devant le Fran\u00e7ais <strong>Quentin Fillon Maillet<\/strong>. Il fallait donc tirer \u00e0 10\/10 pour \u00eatre sur le podium.<\/p>\n<ul style=\"text-align: justify;\">\n<li><strong>\u00c0 ce sujet &#8211; <\/strong><a href=\"https:\/\/dicodusport.fr\/blog\/classement-et-resultats-sprint-hommes-ostersund-2025\/\"><strong>Classement Sprint hommes Ostersund 2025<\/strong><\/a><\/li>\n<\/ul>\n<p style=\"text-align: justify;\">\u00c0 l\u2019occasion du tout premier sprint hommes de la saison 2025-2026 en Su\u00e8de, 98 biathl\u00e8tes prenaient le d\u00e9part de la course du jour. Les Bleus \u00e9taient 5 \u00e0 prendre le d\u00e9part entre le dossard 42 pour <strong>Antonin Guigonnat<\/strong> le dossard 64 pour\u00a0<strong>Eric Perrot<\/strong>. <strong>Emilien Claude<\/strong> avait le dossard 28 aujourd\u2019hui mais a d\u00e9clar\u00e9 forfait quelques heures auparavant.<\/p>\n<h2 style=\"text-align: justify;\">Johan-Olav Botn n\u2019aura pas laiss\u00e9 place au suspens<\/h2>\n<p style=\"text-align: justify;\">Il a fallu un bon moment avant de voir courir les favoris du jour. N\u00e9anmoins, le dossard 3 a pos\u00e9 de bonnes bases, il s\u2019agit du Su\u00e9dois <strong>Viktor Brandt<\/strong>. Il a r\u00e9alis\u00e9 le 10\/10 et semble bien skier. Puis, dossard 16, l\u2019Allemand <strong>Justus Strelow<\/strong> l\u2019a imit\u00e9 et est ressorti dans les m\u00eames temps du tir debout. Il franchira la ligne devant et restera en t\u00eate un long moment. Les premiers \u00e0 l\u2019inqui\u00e9ter sont Norv\u00e9giens. L\u2019exp\u00e9riment\u00e9 <strong>Veltle Christiansen<\/strong> a r\u00e9ussi le 10\/10 et tout comme le jeune <strong>Johan-Olav Botn<\/strong> qui skie par contre plus vite. \u00a0Ce dernier a su en remettre sur les skis et creuser l\u2019\u00e9cart. Il a franchi la ligne avec presque 30 secondes d\u2019avance sur son compatriote et ne sera jamais rattrap\u00e9.<\/p>\n<blockquote class=\"twitter-tweet\">\n<p dir=\"ltr\" lang=\"fr\">Johan-Olav Botn frappe tr\u00e8s fort : un 10\/10 avec un excellent temps de ski pour prendre la t\u00eate \u00e0 l&rsquo;arriv\u00e9e avec son dossard jaune !<\/p>\n<p>Suivez la course en direct sur la chaine L&rsquo;\u00c9quipe <a href=\"https:\/\/twitter.com\/hashtag\/lequipeBIATHLON?src=hash&amp;ref_src=twsrc%5Etfw\">#lequipeBIATHLON<\/a> <a href=\"https:\/\/t.co\/J5x0J6EQEU\">pic.twitter.com\/J5x0J6EQEU<\/a><\/p>\n<p>\u2014 la chaine L&rsquo;\u00c9quipe (@lachainelequipe) <a href=\"https:\/\/twitter.com\/lachainelequipe\/status\/1997339370706108578?ref_src=twsrc%5Etfw\">December 6, 2025<\/a><\/p><\/blockquote>\n<p style=\"text-align: justify;\"><script async src=\"https:\/\/platform.twitter.com\/widgets.js\" charset=\"utf-8\"><\/script><\/p>\n<p style=\"text-align: justify;\">A son image, <strong>Martin Uldal<\/strong> le suit \u00e0 la sortie du debout de seulement 9 secondes. Il finira finalement second pour 11 secondes de retard. Le d\u00e9tenteur du globe de cristal, <strong>Sturla Laegreid<\/strong>, a commis une faute mais a super bien ski\u00e9 faisant croire \u00e0 un tripl\u00e9 norv\u00e9gien avant qu\u2019un Fran\u00e7ais s\u2019intercale sur le podium.<\/p>\n<h2 style=\"text-align: justify;\">Des Fran\u00e7ais moyens, sauf Quentin Fillon Maillet<\/h2>\n<p style=\"text-align: justify;\">Le premier Fran\u00e7ais \u00e0 s\u2019\u00e9lancer porte le dossard 42, il s\u2019agit d&rsquo;<strong>Antonin Guigonnat<\/strong>. En forme sur les skis, le tricolore r\u00e9alise le sans faute lors du tir couch\u00e9 et ressort dans les premiers. Il est ensuite pass\u00e9 \u00e0 c\u00f4t\u00e9 de son tir debout en effectuant deux tours et terminera 29<sup>\u00e8me<\/sup> aujourd\u2019hui. <strong>Quentin Fillon-Maillet<\/strong> s\u2019\u00e9lance ensuite et semble correct sur les skis et r\u00e9ussi le plein sur son tir couch\u00e9. Idem sur le debout, il ressort \u00e0 seulement 5 secondes de <strong>Botn<\/strong>. Il sera le meilleur tricolore du jour avec sa 3<sup>\u00e8me<\/sup> place, \u00e0 14 secondes du vainqueur.<\/p>\n<blockquote class=\"twitter-tweet\">\n<p dir=\"ltr\" lang=\"fr\">Superbe 10\/10 de Quentin Fillon Maillet, deuxi\u00e8me apr\u00e8s le deuxi\u00e8me tir !<\/p>\n<p>Suivez la course en direct sur la chaine L&rsquo;\u00c9quipe <a href=\"https:\/\/twitter.com\/hashtag\/lequipeBIATHLON?src=hash&amp;ref_src=twsrc%5Etfw\">#lequipeBIATHLON<\/a> <a href=\"https:\/\/t.co\/tsVmmUa58C\">pic.twitter.com\/tsVmmUa58C<\/a><\/p>\n<p>\u2014 la chaine L&rsquo;\u00c9quipe (@lachainelequipe) <a href=\"https:\/\/twitter.com\/lachainelequipe\/status\/1997339011224920112?ref_src=twsrc%5Etfw\">December 6, 2025<\/a><\/p><\/blockquote>\n<p style=\"text-align: justify;\"><script async src=\"https:\/\/platform.twitter.com\/widgets.js\" charset=\"utf-8\"><\/script><\/p>\n<p style=\"text-align: justify;\"><strong>Fabien Claude<\/strong> s\u2019est loup\u00e9 aujourd\u2019hui avec un 6\/10 dont 3 fautes sur le tir debout. Exactement le m\u00eame sc\u00e9nario s\u2019est d\u00e9roul\u00e9 pour <strong>Emilien Jacquelin<\/strong> aujourd\u2019hui. Les deux hommes finissent respectivement 41 et 42<sup>\u00e8me<\/sup> du jour avec tout \u00e0 gagner sur la poursuite de demain. <strong>Eric Perrot<\/strong> est le dernier Fran\u00e7ais du jour. Il a fait le plein sur le couch\u00e9 mais a laiss\u00e9 \u00e9chapper une balle sur le debout. Il r\u00e9ussira n\u00e9anmoins \u00e0 prendre une correcte 9<sup>\u00e8me<\/sup> place.<\/p>\n<p>&nbsp;<\/p>\n<ul>\n<li style=\"text-align: justify;\"><strong>\u00c0 ce sujet &#8211; <\/strong><a href=\"https:\/\/dicodusport.fr\/blog\/biathlon-2025-2026-classement-general-hommes-de-la-coupe-du-monde-mis-a-jour\/\"><strong>Le classement g\u00e9n\u00e9ral hommes de la Coupe du monde<\/strong><\/a><\/li>\n<\/ul>\n","protected":false},"excerpt":{"rendered":"<p>COUPE DU MONDE DE BIATHLON 2025\/2026 &#8211; Johan-Olav Botn s&rsquo;est impos\u00e9 lors du sprint \u00e0 Ostersund. Quentin Fillon Maillet signe son premier podium de la saison.<\/p>\n","protected":false},"author":54,"featured_media":630668,"comment_status":"open","ping_status":"closed","sticky":false,"template":"","format":"standard","meta":{"_acf_changed":false,"_daextam_enable_autolinks":"1","footnotes":""},"categories":[47040],"tags":[2427,15220,16878,2903,3745,24,6848],"class_list":["post-630549","post","type-post","status-publish","format-standard","has-post-thumbnail","hentry","category-coupe-du-monde-de-biathlon","tag-biathlon","tag-biathlon-ostersund","tag-breve","tag-coupe-du-monde-biathlon","tag-quentin-fillon-maillet","tag-sport","tag-sprint-hommes"],"acf":[],"yoast_head":"<!-- This site is optimized with the Yoast SEO Premium plugin v26.7 (Yoast SEO v26.7) - https:\/\/yoast.com\/wordpress\/plugins\/seo\/ -->\n<title>Quentin Fillon Maillet troisi\u00e8me du sprint hommes \u00e0 Ostersund, Johan-Olav Botn et les Norv\u00e9giens trop forts<\/title>\n<meta name=\"description\" content=\"COUPE DU MONDE DE BIATHLON 2025\/2026 - Johan-Olav Botn s&#039;est impos\u00e9 lors du sprint \u00e0 Ostersund. Quentin Fillon Maillet monte sur le podium.\" \/>\n<meta name=\"robots\" content=\"index, follow, max-snippet:-1, max-image-preview:large, max-video-preview:-1\" \/>\n<link rel=\"canonical\" href=\"https:\/\/dicodusport.fr\/blog\/quentin-fillon-maillet-troisieme-du-sprint-hommes-a-ostersund-johan-olav-botn-et-les-norvegiens-trop-forts\/\" \/>\n<meta property=\"og:locale\" content=\"fr_FR\" \/>\n<meta property=\"og:type\" content=\"article\" \/>\n<meta property=\"og:title\" content=\"Quentin Fillon Maillet troisi\u00e8me du sprint hommes \u00e0 Ostersund, Johan-Olav Botn et les Norv\u00e9giens trop forts\" \/>\n<meta property=\"og:description\" content=\"COUPE DU MONDE DE BIATHLON 2025\/2026 - Johan-Olav Botn s&#039;est impos\u00e9 lors du sprint \u00e0 Ostersund. Quentin Fillon Maillet monte sur le podium.\" \/>\n<meta property=\"og:url\" content=\"https:\/\/dicodusport.fr\/blog\/quentin-fillon-maillet-troisieme-du-sprint-hommes-a-ostersund-johan-olav-botn-et-les-norvegiens-trop-forts\/\" \/>\n<meta property=\"og:site_name\" content=\"Dicodusport\" \/>\n<meta property=\"article:publisher\" content=\"https:\/\/www.facebook.com\/dicodusport\" \/>\n<meta property=\"article:author\" content=\"https:\/\/www.facebook.com\/roxane.lecacher\" \/>\n<meta property=\"article:published_time\" content=\"2025-12-06T16:36:29+00:00\" \/>\n<meta property=\"article:modified_time\" content=\"2025-12-06T19:36:22+00:00\" \/>\n<meta property=\"og:image\" content=\"https:\/\/dicodusport.fr\/blog\/wp-content\/uploads\/2025\/12\/Quentin-Fillon-Maillet-troisieme-du-sprint-hommes-a-Ostersund-Johan-Olav-Botn-et-les-Norvegiens-trop-forts-1.png\" \/>\n\t<meta property=\"og:image:width\" content=\"1200\" \/>\n\t<meta property=\"og:image:height\" content=\"674\" \/>\n\t<meta property=\"og:image:type\" content=\"image\/png\" \/>\n<meta name=\"author\" content=\"Roxane Lecacher\" \/>\n<meta name=\"twitter:card\" content=\"summary_large_image\" \/>\n<meta name=\"twitter:title\" content=\"Quentin Fillon Maillet troisi\u00e8me du sprint hommes \u00e0 Ostersund, Johan-Olav Botn et les Norv\u00e9giens trop forts\" \/>\n<meta name=\"twitter:creator\" content=\"@dicodusport\" \/>\n<meta name=\"twitter:site\" content=\"@dicodusport\" \/>\n<script type=\"application\/ld+json\" class=\"yoast-schema-graph\">{\"@context\":\"https:\/\/schema.org\",\"@graph\":[{\"@type\":\"NewsArticle\",\"@id\":\"https:\/\/dicodusport.fr\/blog\/quentin-fillon-maillet-troisieme-du-sprint-hommes-a-ostersund-johan-olav-botn-et-les-norvegiens-trop-forts\/#article\",\"isPartOf\":{\"@id\":\"https:\/\/dicodusport.fr\/blog\/quentin-fillon-maillet-troisieme-du-sprint-hommes-a-ostersund-johan-olav-botn-et-les-norvegiens-trop-forts\/\"},\"author\":{\"name\":\"Roxane Lecacher\",\"@id\":\"https:\/\/dicodusport.fr\/blog\/#\/schema\/person\/819fb2545dd2715bd7c0580d6d4b411a\"},\"headline\":\"Quentin Fillon Maillet troisi\u00e8me du sprint hommes \u00e0 Ostersund, Johan-Olav Botn et les Norv\u00e9giens trop forts\",\"datePublished\":\"2025-12-06T16:36:29+00:00\",\"dateModified\":\"2025-12-06T19:36:22+00:00\",\"mainEntityOfPage\":{\"@id\":\"https:\/\/dicodusport.fr\/blog\/quentin-fillon-maillet-troisieme-du-sprint-hommes-a-ostersund-johan-olav-botn-et-les-norvegiens-trop-forts\/\"},\"wordCount\":683,\"commentCount\":0,\"publisher\":{\"@id\":\"https:\/\/dicodusport.fr\/blog\/#organization\"},\"image\":{\"@id\":\"https:\/\/dicodusport.fr\/blog\/quentin-fillon-maillet-troisieme-du-sprint-hommes-a-ostersund-johan-olav-botn-et-les-norvegiens-trop-forts\/#primaryimage\"},\"thumbnailUrl\":\"https:\/\/dicodusport.fr\/blog\/wp-content\/uploads\/2025\/12\/Quentin-Fillon-Maillet-troisieme-du-sprint-hommes-a-Ostersund-Johan-Olav-Botn-et-les-Norvegiens-trop-forts-1.png\",\"keywords\":[\"Biathlon\",\"Biathlon Ostersund\",\"br\u00e8ve\",\"coupe du monde biathlon\",\"Quentin Fillon Maillet\",\"sport\",\"Sprint hommes\"],\"articleSection\":[\"Coupe du monde de biathlon\"],\"inLanguage\":\"fr-FR\",\"potentialAction\":[{\"@type\":\"CommentAction\",\"name\":\"Comment\",\"target\":[\"https:\/\/dicodusport.fr\/blog\/quentin-fillon-maillet-troisieme-du-sprint-hommes-a-ostersund-johan-olav-botn-et-les-norvegiens-trop-forts\/#respond\"]}],\"copyrightYear\":\"2025\",\"copyrightHolder\":{\"@id\":\"https:\/\/dicodusport.fr\/blog\/#organization\"}},{\"@type\":\"WebPage\",\"@id\":\"https:\/\/dicodusport.fr\/blog\/quentin-fillon-maillet-troisieme-du-sprint-hommes-a-ostersund-johan-olav-botn-et-les-norvegiens-trop-forts\/\",\"url\":\"https:\/\/dicodusport.fr\/blog\/quentin-fillon-maillet-troisieme-du-sprint-hommes-a-ostersund-johan-olav-botn-et-les-norvegiens-trop-forts\/\",\"name\":\"Quentin Fillon Maillet troisi\u00e8me du sprint hommes \u00e0 Ostersund, Johan-Olav Botn et les Norv\u00e9giens trop forts\",\"isPartOf\":{\"@id\":\"https:\/\/dicodusport.fr\/blog\/#website\"},\"primaryImageOfPage\":{\"@id\":\"https:\/\/dicodusport.fr\/blog\/quentin-fillon-maillet-troisieme-du-sprint-hommes-a-ostersund-johan-olav-botn-et-les-norvegiens-trop-forts\/#primaryimage\"},\"image\":{\"@id\":\"https:\/\/dicodusport.fr\/blog\/quentin-fillon-maillet-troisieme-du-sprint-hommes-a-ostersund-johan-olav-botn-et-les-norvegiens-trop-forts\/#primaryimage\"},\"thumbnailUrl\":\"https:\/\/dicodusport.fr\/blog\/wp-content\/uploads\/2025\/12\/Quentin-Fillon-Maillet-troisieme-du-sprint-hommes-a-Ostersund-Johan-Olav-Botn-et-les-Norvegiens-trop-forts-1.png\",\"datePublished\":\"2025-12-06T16:36:29+00:00\",\"dateModified\":\"2025-12-06T19:36:22+00:00\",\"description\":\"COUPE DU MONDE DE BIATHLON 2025\/2026 - Johan-Olav Botn s'est impos\u00e9 lors du sprint \u00e0 Ostersund. Quentin Fillon Maillet monte sur le podium.\",\"breadcrumb\":{\"@id\":\"https:\/\/dicodusport.fr\/blog\/quentin-fillon-maillet-troisieme-du-sprint-hommes-a-ostersund-johan-olav-botn-et-les-norvegiens-trop-forts\/#breadcrumb\"},\"inLanguage\":\"fr-FR\",\"potentialAction\":[{\"@type\":\"ReadAction\",\"target\":[\"https:\/\/dicodusport.fr\/blog\/quentin-fillon-maillet-troisieme-du-sprint-hommes-a-ostersund-johan-olav-botn-et-les-norvegiens-trop-forts\/\"]}]},{\"@type\":\"ImageObject\",\"inLanguage\":\"fr-FR\",\"@id\":\"https:\/\/dicodusport.fr\/blog\/quentin-fillon-maillet-troisieme-du-sprint-hommes-a-ostersund-johan-olav-botn-et-les-norvegiens-trop-forts\/#primaryimage\",\"url\":\"https:\/\/dicodusport.fr\/blog\/wp-content\/uploads\/2025\/12\/Quentin-Fillon-Maillet-troisieme-du-sprint-hommes-a-Ostersund-Johan-Olav-Botn-et-les-Norvegiens-trop-forts-1.png\",\"contentUrl\":\"https:\/\/dicodusport.fr\/blog\/wp-content\/uploads\/2025\/12\/Quentin-Fillon-Maillet-troisieme-du-sprint-hommes-a-Ostersund-Johan-Olav-Botn-et-les-Norvegiens-trop-forts-1.png\",\"width\":1200,\"height\":674,\"caption\":\"Quentin Fillon Maillet troisi\u00e8me du sprint hommes \u00e0 Ostersund, Johan-Olav Botn et les Norv\u00e9giens trop forts\"},{\"@type\":\"BreadcrumbList\",\"@id\":\"https:\/\/dicodusport.fr\/blog\/quentin-fillon-maillet-troisieme-du-sprint-hommes-a-ostersund-johan-olav-botn-et-les-norvegiens-trop-forts\/#breadcrumb\",\"itemListElement\":[{\"@type\":\"ListItem\",\"position\":1,\"name\":\"Accueil\",\"item\":\"https:\/\/dicodusport.fr\/blog\/\"},{\"@type\":\"ListItem\",\"position\":2,\"name\":\"Quentin Fillon Maillet troisi\u00e8me du sprint hommes \u00e0 Ostersund, Johan-Olav Botn et les Norv\u00e9giens trop forts\"}]},{\"@type\":\"WebSite\",\"@id\":\"https:\/\/dicodusport.fr\/blog\/#website\",\"url\":\"https:\/\/dicodusport.fr\/blog\/\",\"name\":\"Dicodusport\",\"description\":\"L&#039;encyclop\u00e9die de l&#039;actualit\u00e9 sportive\",\"publisher\":{\"@id\":\"https:\/\/dicodusport.fr\/blog\/#organization\"},\"potentialAction\":[{\"@type\":\"SearchAction\",\"target\":{\"@type\":\"EntryPoint\",\"urlTemplate\":\"https:\/\/dicodusport.fr\/blog\/?s={search_term_string}\"},\"query-input\":{\"@type\":\"PropertyValueSpecification\",\"valueRequired\":true,\"valueName\":\"search_term_string\"}}],\"inLanguage\":\"fr-FR\"},{\"@type\":\"NewsMediaOrganization\",\"@id\":\"https:\/\/dicodusport.fr\/blog\/#organization\",\"name\":\"Dicodusport\",\"url\":\"https:\/\/dicodusport.fr\/blog\/\",\"logo\":{\"@type\":\"ImageObject\",\"inLanguage\":\"fr-FR\",\"@id\":\"https:\/\/dicodusport.fr\/blog\/#\/schema\/logo\/image\/\",\"url\":\"https:\/\/dicodusport.fr\/blog\/wp-content\/uploads\/2020\/06\/cropped-LOGO-DICODUSPORT-2020-SANS-FOND-SANS-TEXTE.png\",\"contentUrl\":\"https:\/\/dicodusport.fr\/blog\/wp-content\/uploads\/2020\/06\/cropped-LOGO-DICODUSPORT-2020-SANS-FOND-SANS-TEXTE.png\",\"width\":512,\"height\":512,\"caption\":\"Dicodusport\"},\"image\":{\"@id\":\"https:\/\/dicodusport.fr\/blog\/#\/schema\/logo\/image\/\"},\"sameAs\":[\"https:\/\/www.facebook.com\/dicodusport\",\"https:\/\/x.com\/dicodusport\",\"https:\/\/www.instagram.com\/dicodusport\/\",\"https:\/\/www.youtube.com\/channel\/UC7V2KZ5sd3htJivAbA4ZG3w\"],\"description\":\"Dicodusport est l'encyclop\u00e9die de l'actualit\u00e9 sportive.\",\"email\":\"bonjour@dicodusport.fr\",\"legalName\":\"DICODUSPORT\",\"foundingDate\":\"2018-01-14\",\"vatID\":\"FR71834470973\",\"taxID\":\"83447097300043\",\"numberOfEmployees\":{\"@type\":\"QuantitativeValue\",\"minValue\":\"1\",\"maxValue\":\"10\"}},{\"@type\":\"Person\",\"@id\":\"https:\/\/dicodusport.fr\/blog\/#\/schema\/person\/819fb2545dd2715bd7c0580d6d4b411a\",\"name\":\"Roxane Lecacher\",\"image\":{\"@type\":\"ImageObject\",\"inLanguage\":\"fr-FR\",\"@id\":\"https:\/\/dicodusport.fr\/blog\/#\/schema\/person\/image\/\",\"url\":\"https:\/\/dicodusport.fr\/blog\/wp-content\/uploads\/2021\/05\/Roxane-Lecacher-150x150.jpg\",\"contentUrl\":\"https:\/\/dicodusport.fr\/blog\/wp-content\/uploads\/2021\/05\/Roxane-Lecacher-150x150.jpg\",\"caption\":\"Roxane Lecacher\"},\"description\":\"Journaliste\/r\u00e9dactrice depuis janvier 2021 - N\u00e9e quelques jours avant la premi\u00e8re \u00e9toile des Bleus, je baigne dans une famille tr\u00e8s sportive. Je n\u2019ai eu d\u2019autres choix que de me passionner pour le sujet. Pratiquante de l\u2019athl\u00e9tisme depuis toute petite, j\u2019ai aussi un attrait tout particulier pour la Formule 1, le biathlon et le foot. Pendant les grands \u00e9v\u00e9nements, il est impossible de d\u00e9crocher de ma t\u00e9l\u00e9. C\u2019est \u00e0 travers Dicodusport que j\u2019aime d\u00e9sormais vous transmettre mes \u00e9motions et ma passion.\",\"sameAs\":[\"https:\/\/www.facebook.com\/roxane.lecacher\",\"https:\/\/fr.linkedin.com\/in\/roxane-lecacher-23368313b\"],\"url\":\"https:\/\/dicodusport.fr\/blog\/author\/roxanel\/\"}]}<\/script>\n<!-- \/ Yoast SEO Premium plugin. -->","yoast_head_json":{"title":"Quentin Fillon Maillet troisi\u00e8me du sprint hommes \u00e0 Ostersund, Johan-Olav Botn et les Norv\u00e9giens trop forts","description":"COUPE DU MONDE DE BIATHLON 2025\/2026 - Johan-Olav Botn s'est impos\u00e9 lors du sprint \u00e0 Ostersund. Quentin Fillon Maillet monte sur le podium.","robots":{"index":"index","follow":"follow","max-snippet":"max-snippet:-1","max-image-preview":"max-image-preview:large","max-video-preview":"max-video-preview:-1"},"canonical":"https:\/\/dicodusport.fr\/blog\/quentin-fillon-maillet-troisieme-du-sprint-hommes-a-ostersund-johan-olav-botn-et-les-norvegiens-trop-forts\/","og_locale":"fr_FR","og_type":"article","og_title":"Quentin Fillon Maillet troisi\u00e8me du sprint hommes \u00e0 Ostersund, Johan-Olav Botn et les Norv\u00e9giens trop forts","og_description":"COUPE DU MONDE DE BIATHLON 2025\/2026 - Johan-Olav Botn s'est impos\u00e9 lors du sprint \u00e0 Ostersund. Quentin Fillon Maillet monte sur le podium.","og_url":"https:\/\/dicodusport.fr\/blog\/quentin-fillon-maillet-troisieme-du-sprint-hommes-a-ostersund-johan-olav-botn-et-les-norvegiens-trop-forts\/","og_site_name":"Dicodusport","article_publisher":"https:\/\/www.facebook.com\/dicodusport","article_author":"https:\/\/www.facebook.com\/roxane.lecacher","article_published_time":"2025-12-06T16:36:29+00:00","article_modified_time":"2025-12-06T19:36:22+00:00","og_image":[{"width":1200,"height":674,"url":"https:\/\/dicodusport.fr\/blog\/wp-content\/uploads\/2025\/12\/Quentin-Fillon-Maillet-troisieme-du-sprint-hommes-a-Ostersund-Johan-Olav-Botn-et-les-Norvegiens-trop-forts-1.png","type":"image\/png"}],"author":"Roxane Lecacher","twitter_card":"summary_large_image","twitter_title":"Quentin Fillon Maillet troisi\u00e8me du sprint hommes \u00e0 Ostersund, Johan-Olav Botn et les Norv\u00e9giens trop forts","twitter_creator":"@dicodusport","twitter_site":"@dicodusport","schema":{"@context":"https:\/\/schema.org","@graph":[{"@type":"NewsArticle","@id":"https:\/\/dicodusport.fr\/blog\/quentin-fillon-maillet-troisieme-du-sprint-hommes-a-ostersund-johan-olav-botn-et-les-norvegiens-trop-forts\/#article","isPartOf":{"@id":"https:\/\/dicodusport.fr\/blog\/quentin-fillon-maillet-troisieme-du-sprint-hommes-a-ostersund-johan-olav-botn-et-les-norvegiens-trop-forts\/"},"author":{"name":"Roxane Lecacher","@id":"https:\/\/dicodusport.fr\/blog\/#\/schema\/person\/819fb2545dd2715bd7c0580d6d4b411a"},"headline":"Quentin Fillon Maillet troisi\u00e8me du sprint hommes \u00e0 Ostersund, Johan-Olav Botn et les Norv\u00e9giens trop forts","datePublished":"2025-12-06T16:36:29+00:00","dateModified":"2025-12-06T19:36:22+00:00","mainEntityOfPage":{"@id":"https:\/\/dicodusport.fr\/blog\/quentin-fillon-maillet-troisieme-du-sprint-hommes-a-ostersund-johan-olav-botn-et-les-norvegiens-trop-forts\/"},"wordCount":683,"commentCount":0,"publisher":{"@id":"https:\/\/dicodusport.fr\/blog\/#organization"},"image":{"@id":"https:\/\/dicodusport.fr\/blog\/quentin-fillon-maillet-troisieme-du-sprint-hommes-a-ostersund-johan-olav-botn-et-les-norvegiens-trop-forts\/#primaryimage"},"thumbnailUrl":"https:\/\/dicodusport.fr\/blog\/wp-content\/uploads\/2025\/12\/Quentin-Fillon-Maillet-troisieme-du-sprint-hommes-a-Ostersund-Johan-Olav-Botn-et-les-Norvegiens-trop-forts-1.png","keywords":["Biathlon","Biathlon Ostersund","br\u00e8ve","coupe du monde biathlon","Quentin Fillon Maillet","sport","Sprint hommes"],"articleSection":["Coupe du monde de biathlon"],"inLanguage":"fr-FR","potentialAction":[{"@type":"CommentAction","name":"Comment","target":["https:\/\/dicodusport.fr\/blog\/quentin-fillon-maillet-troisieme-du-sprint-hommes-a-ostersund-johan-olav-botn-et-les-norvegiens-trop-forts\/#respond"]}],"copyrightYear":"2025","copyrightHolder":{"@id":"https:\/\/dicodusport.fr\/blog\/#organization"}},{"@type":"WebPage","@id":"https:\/\/dicodusport.fr\/blog\/quentin-fillon-maillet-troisieme-du-sprint-hommes-a-ostersund-johan-olav-botn-et-les-norvegiens-trop-forts\/","url":"https:\/\/dicodusport.fr\/blog\/quentin-fillon-maillet-troisieme-du-sprint-hommes-a-ostersund-johan-olav-botn-et-les-norvegiens-trop-forts\/","name":"Quentin Fillon Maillet troisi\u00e8me du sprint hommes \u00e0 Ostersund, Johan-Olav Botn et les Norv\u00e9giens trop forts","isPartOf":{"@id":"https:\/\/dicodusport.fr\/blog\/#website"},"primaryImageOfPage":{"@id":"https:\/\/dicodusport.fr\/blog\/quentin-fillon-maillet-troisieme-du-sprint-hommes-a-ostersund-johan-olav-botn-et-les-norvegiens-trop-forts\/#primaryimage"},"image":{"@id":"https:\/\/dicodusport.fr\/blog\/quentin-fillon-maillet-troisieme-du-sprint-hommes-a-ostersund-johan-olav-botn-et-les-norvegiens-trop-forts\/#primaryimage"},"thumbnailUrl":"https:\/\/dicodusport.fr\/blog\/wp-content\/uploads\/2025\/12\/Quentin-Fillon-Maillet-troisieme-du-sprint-hommes-a-Ostersund-Johan-Olav-Botn-et-les-Norvegiens-trop-forts-1.png","datePublished":"2025-12-06T16:36:29+00:00","dateModified":"2025-12-06T19:36:22+00:00","description":"COUPE DU MONDE DE BIATHLON 2025\/2026 - Johan-Olav Botn s'est impos\u00e9 lors du sprint \u00e0 Ostersund. Quentin Fillon Maillet monte sur le podium.","breadcrumb":{"@id":"https:\/\/dicodusport.fr\/blog\/quentin-fillon-maillet-troisieme-du-sprint-hommes-a-ostersund-johan-olav-botn-et-les-norvegiens-trop-forts\/#breadcrumb"},"inLanguage":"fr-FR","potentialAction":[{"@type":"ReadAction","target":["https:\/\/dicodusport.fr\/blog\/quentin-fillon-maillet-troisieme-du-sprint-hommes-a-ostersund-johan-olav-botn-et-les-norvegiens-trop-forts\/"]}]},{"@type":"ImageObject","inLanguage":"fr-FR","@id":"https:\/\/dicodusport.fr\/blog\/quentin-fillon-maillet-troisieme-du-sprint-hommes-a-ostersund-johan-olav-botn-et-les-norvegiens-trop-forts\/#primaryimage","url":"https:\/\/dicodusport.fr\/blog\/wp-content\/uploads\/2025\/12\/Quentin-Fillon-Maillet-troisieme-du-sprint-hommes-a-Ostersund-Johan-Olav-Botn-et-les-Norvegiens-trop-forts-1.png","contentUrl":"https:\/\/dicodusport.fr\/blog\/wp-content\/uploads\/2025\/12\/Quentin-Fillon-Maillet-troisieme-du-sprint-hommes-a-Ostersund-Johan-Olav-Botn-et-les-Norvegiens-trop-forts-1.png","width":1200,"height":674,"caption":"Quentin Fillon Maillet troisi\u00e8me du sprint hommes \u00e0 Ostersund, Johan-Olav Botn et les Norv\u00e9giens trop forts"},{"@type":"BreadcrumbList","@id":"https:\/\/dicodusport.fr\/blog\/quentin-fillon-maillet-troisieme-du-sprint-hommes-a-ostersund-johan-olav-botn-et-les-norvegiens-trop-forts\/#breadcrumb","itemListElement":[{"@type":"ListItem","position":1,"name":"Accueil","item":"https:\/\/dicodusport.fr\/blog\/"},{"@type":"ListItem","position":2,"name":"Quentin Fillon Maillet troisi\u00e8me du sprint hommes \u00e0 Ostersund, Johan-Olav Botn et les Norv\u00e9giens trop forts"}]},{"@type":"WebSite","@id":"https:\/\/dicodusport.fr\/blog\/#website","url":"https:\/\/dicodusport.fr\/blog\/","name":"Dicodusport","description":"L&#039;encyclop\u00e9die de l&#039;actualit\u00e9 sportive","publisher":{"@id":"https:\/\/dicodusport.fr\/blog\/#organization"},"potentialAction":[{"@type":"SearchAction","target":{"@type":"EntryPoint","urlTemplate":"https:\/\/dicodusport.fr\/blog\/?s={search_term_string}"},"query-input":{"@type":"PropertyValueSpecification","valueRequired":true,"valueName":"search_term_string"}}],"inLanguage":"fr-FR"},{"@type":"NewsMediaOrganization","@id":"https:\/\/dicodusport.fr\/blog\/#organization","name":"Dicodusport","url":"https:\/\/dicodusport.fr\/blog\/","logo":{"@type":"ImageObject","inLanguage":"fr-FR","@id":"https:\/\/dicodusport.fr\/blog\/#\/schema\/logo\/image\/","url":"https:\/\/dicodusport.fr\/blog\/wp-content\/uploads\/2020\/06\/cropped-LOGO-DICODUSPORT-2020-SANS-FOND-SANS-TEXTE.png","contentUrl":"https:\/\/dicodusport.fr\/blog\/wp-content\/uploads\/2020\/06\/cropped-LOGO-DICODUSPORT-2020-SANS-FOND-SANS-TEXTE.png","width":512,"height":512,"caption":"Dicodusport"},"image":{"@id":"https:\/\/dicodusport.fr\/blog\/#\/schema\/logo\/image\/"},"sameAs":["https:\/\/www.facebook.com\/dicodusport","https:\/\/x.com\/dicodusport","https:\/\/www.instagram.com\/dicodusport\/","https:\/\/www.youtube.com\/channel\/UC7V2KZ5sd3htJivAbA4ZG3w"],"description":"Dicodusport est l'encyclop\u00e9die de l'actualit\u00e9 sportive.","email":"bonjour@dicodusport.fr","legalName":"DICODUSPORT","foundingDate":"2018-01-14","vatID":"FR71834470973","taxID":"83447097300043","numberOfEmployees":{"@type":"QuantitativeValue","minValue":"1","maxValue":"10"}},{"@type":"Person","@id":"https:\/\/dicodusport.fr\/blog\/#\/schema\/person\/819fb2545dd2715bd7c0580d6d4b411a","name":"Roxane Lecacher","image":{"@type":"ImageObject","inLanguage":"fr-FR","@id":"https:\/\/dicodusport.fr\/blog\/#\/schema\/person\/image\/","url":"https:\/\/dicodusport.fr\/blog\/wp-content\/uploads\/2021\/05\/Roxane-Lecacher-150x150.jpg","contentUrl":"https:\/\/dicodusport.fr\/blog\/wp-content\/uploads\/2021\/05\/Roxane-Lecacher-150x150.jpg","caption":"Roxane Lecacher"},"description":"Journaliste\/r\u00e9dactrice depuis janvier 2021 - N\u00e9e quelques jours avant la premi\u00e8re \u00e9toile des Bleus, je baigne dans une famille tr\u00e8s sportive. Je n\u2019ai eu d\u2019autres choix que de me passionner pour le sujet. Pratiquante de l\u2019athl\u00e9tisme depuis toute petite, j\u2019ai aussi un attrait tout particulier pour la Formule 1, le biathlon et le foot. Pendant les grands \u00e9v\u00e9nements, il est impossible de d\u00e9crocher de ma t\u00e9l\u00e9. C\u2019est \u00e0 travers Dicodusport que j\u2019aime d\u00e9sormais vous transmettre mes \u00e9motions et ma passion.","sameAs":["https:\/\/www.facebook.com\/roxane.lecacher","https:\/\/fr.linkedin.com\/in\/roxane-lecacher-23368313b"],"url":"https:\/\/dicodusport.fr\/blog\/author\/roxanel\/"}]}},"_links":{"self":[{"href":"https:\/\/dicodusport.fr\/blog\/wp-json\/wp\/v2\/posts\/630549","targetHints":{"allow":["GET"]}}],"collection":[{"href":"https:\/\/dicodusport.fr\/blog\/wp-json\/wp\/v2\/posts"}],"about":[{"href":"https:\/\/dicodusport.fr\/blog\/wp-json\/wp\/v2\/types\/post"}],"author":[{"embeddable":true,"href":"https:\/\/dicodusport.fr\/blog\/wp-json\/wp\/v2\/users\/54"}],"replies":[{"embeddable":true,"href":"https:\/\/dicodusport.fr\/blog\/wp-json\/wp\/v2\/comments?post=630549"}],"version-history":[{"count":5,"href":"https:\/\/dicodusport.fr\/blog\/wp-json\/wp\/v2\/posts\/630549\/revisions"}],"predecessor-version":[{"id":630669,"href":"https:\/\/dicodusport.fr\/blog\/wp-json\/wp\/v2\/posts\/630549\/revisions\/630669"}],"wp:featuredmedia":[{"embeddable":true,"href":"https:\/\/dicodusport.fr\/blog\/wp-json\/wp\/v2\/media\/630668"}],"wp:attachment":[{"href":"https:\/\/dicodusport.fr\/blog\/wp-json\/wp\/v2\/media?parent=630549"}],"wp:term":[{"taxonomy":"category","embeddable":true,"href":"https:\/\/dicodusport.fr\/blog\/wp-json\/wp\/v2\/categories?post=630549"},{"taxonomy":"post_tag","embeddable":true,"href":"https:\/\/dicodusport.fr\/blog\/wp-json\/wp\/v2\/tags?post=630549"}],"curies":[{"name":"wp","href":"https:\/\/api.w.org\/{rel}","templated":true}]}}