{"id":630803,"date":"2025-12-07T11:50:18","date_gmt":"2025-12-07T10:50:18","guid":{"rendered":"https:\/\/dicodusport.fr\/blog\/?p=630803&#038;preview=true&#038;preview_id=630803"},"modified":"2025-12-07T16:26:49","modified_gmt":"2025-12-07T15:26:49","slug":"paula-botet-conclut-la-manche-dibu-cup-a-obertilliach-par-un-podium-sur-la-poursuite","status":"publish","type":"post","link":"https:\/\/dicodusport.fr\/blog\/paula-botet-conclut-la-manche-dibu-cup-a-obertilliach-par-un-podium-sur-la-poursuite\/","title":{"rendered":"Paula Botet conclut la manche d&rsquo;IBU Cup \u00e0 Obertilliach par un podium sur la poursuite"},"content":{"rendered":"<p style=\"text-align: justify;\"><strong><em>IBU CUP 2025-2026 &#8211; Paula Botet s&rsquo;offre un nouveau podium \u00e0 Obertillach, avec une 3\u00e8me place sur la poursuite.<\/em><\/strong><\/p>\n<p style=\"text-align: justify;\">Le bon d\u00e9but de saison de <strong>Paula Botet<\/strong> se confirme encore une fois. Toujours en IBU Cup, la Tricolore prend la 3\u00e8me place sur la poursuite \u00e0 Obertillach. Elle avait remport\u00e9, il y a trois jours, le premier sprint de la saison. L\u00e0, c&rsquo;est une belle troisi\u00e8me place sur la toute premi\u00e8re poursuite.<\/p>\n<div class=\"vlp-link-container vlp-layout-article\"><a href=\"https:\/\/dicodusport.fr\/blog\/libu-cup-debute-par-une-victoire-pour-les-bleues-succes-de-paula-botet-sur-le-sprint-dobertilliach\/\" class=\"vlp-link\" title=\"L&#039;IBU Cup d\u00e9bute par une victoire pour les Bleues : succ\u00e8s de Paula Botet sur le sprint d&#039;Obertilliach\"><\/a><div class=\"vlp-layout-zone-side\"><div class=\"vlp-block-4 vlp-link-image\"><img loading=\"lazy\" decoding=\"async\" style=\"max-width: 792px;\" width=\"792\" height=\"445\" src=\"https:\/\/dicodusport.fr\/blog\/wp-content\/uploads\/2025\/12\/LIBU-Cup-debute-par-une-victoire-pour-les-Bleues-succes-de-Paula-Botet-sur-le-sprint-dObertilliach-1.png\" class=\"attachment-800x445 size-800x445\" alt=\"L&#039;IBU Cup d\u00e9bute par une victoire pour les Bleues succ\u00e8s de Paula Botet sur le sprint d&#039;Obertilliach\" srcset=\"https:\/\/dicodusport.fr\/blog\/wp-content\/uploads\/2025\/12\/LIBU-Cup-debute-par-une-victoire-pour-les-Bleues-succes-de-Paula-Botet-sur-le-sprint-dObertilliach-1.png 1200w, https:\/\/dicodusport.fr\/blog\/wp-content\/uploads\/2025\/12\/LIBU-Cup-debute-par-une-victoire-pour-les-Bleues-succes-de-Paula-Botet-sur-le-sprint-dObertilliach-1-300x169.png 300w, https:\/\/dicodusport.fr\/blog\/wp-content\/uploads\/2025\/12\/LIBU-Cup-debute-par-une-victoire-pour-les-Bleues-succes-de-Paula-Botet-sur-le-sprint-dObertilliach-1-1024x575.png 1024w, https:\/\/dicodusport.fr\/blog\/wp-content\/uploads\/2025\/12\/LIBU-Cup-debute-par-une-victoire-pour-les-Bleues-succes-de-Paula-Botet-sur-le-sprint-dObertilliach-1-768x431.png 768w\" sizes=\"auto, (max-width: 792px) 100vw, 792px\" \/><\/div><\/div><div class=\"vlp-layout-zone-main\"><div class=\"vlp-block-0 vlp-link-title\">L'IBU Cup d\u00e9bute par une victoire pour les Bleues : succ\u00e8s de Paula Botet sur le sprint d'Obertilliach<\/div><div class=\"vlp-block-1 vlp-link-summary\">Paula Botet a survol\u00e9 le premier sprint \u00e0 Obertilliach (Autriche), ce jeudi. Avec un 10\/10 sur le tir et un temps canon sur les skis.<\/div><div class=\"vlp-block-2 vlp-link-button\">Lire l'article<\/div><div class=\"vlp-block-3 vlp-link-url\">dicodusport.fr<\/div><\/div><\/div>\n<h2 style=\"text-align: justify;\">Paula Botet a su r\u00e9agir apr\u00e8s un d\u00e9but de course d\u00e9licat<\/h2>\n<p style=\"text-align: justify;\">Une confirmation avec un 18\/20 derri\u00e8re la carabine. Une r\u00e9gularit\u00e9 qui pourrait lui ouvrir rapidement les portes de la Coupe du monde. En difficult\u00e9 sur le d\u00e9but de course, avec une faute sur le premier tir couch\u00e9 et le premier tir debout, elle a su r\u00e9agir dans la deuxi\u00e8me moiti\u00e9, en r\u00e9alisant le plein. Elle s&rsquo;offre au sprint la Norv\u00e9gienne <strong>Juni Arnekleiv.<\/strong><\/p>\n<blockquote class=\"twitter-tweet\">\n<p dir=\"ltr\" lang=\"ht\">Paula Botet sur le podium de la poursuite en <a href=\"https:\/\/twitter.com\/hashtag\/IBUCup?src=hash&amp;ref_src=twsrc%5Etfw\">#IBUCup<\/a><br \/>\n1.\ud83c\uddf8\ud83c\uddeaA.K.Hedjenberg (18\/20)<br \/>\n2.\ud83c\uddf3\ud83c\uddf4F.Dokken (19\/20)<br \/>\n3.\ud83c\uddeb\ud83c\uddf7P.Botet (18\/20)<br \/>\n4.\ud83c\uddf3\ud83c\uddf4J.Arnekleiv (19\/20)<\/p>\n<p>11.\ud83c\uddeb\ud83c\uddf7S.Chauveau (15\/20)<br \/>\n15.\ud83c\uddeb\ud83c\uddf7V.Galmace Paulin (16\/20)<br \/>\n23.\ud83c\uddeb\ud83c\uddf7L.Roguet (18\/20)<br \/>\n27.\ud83c\uddeb\ud83c\uddf7C.Henaff (15\/20)<br \/>\n33.\ud83c\uddeb\ud83c\uddf7F.Bertrand (14\/20)<a href=\"https:\/\/twitter.com\/hashtag\/biathlon?src=hash&amp;ref_src=twsrc%5Etfw\">#biathlon<\/a> <a href=\"https:\/\/t.co\/xXg5C3LyEg\">pic.twitter.com\/xXg5C3LyEg<\/a><\/p>\n<p>\u2014 Lebiathlonfr (@Lebiathlonfr) <a href=\"https:\/\/twitter.com\/Lebiathlonfr\/status\/1997612342654443783?ref_src=twsrc%5Etfw\">December 7, 2025<\/a><\/p><\/blockquote>\n<p style=\"text-align: justify;\"><script async src=\"https:\/\/platform.twitter.com\/widgets.js\" charset=\"utf-8\"><\/script><\/p>\n<p style=\"text-align: justify;\">Pour un peu plus de 2 secondes, elle monte sur le podium dans une course remport\u00e9e par la Su\u00e9doise <strong>Anna-Karin Heijdenberg<\/strong>, qui s&rsquo;impose avec 13.5 secondes d&rsquo;avance sur<strong> Frida Tormodsgard Dokken.<\/strong> Malgr\u00e9 un 18\/20, contre un 19\/20 pour sa dauphine, elle s&rsquo;est largement impos\u00e9e.<\/p>\n","protected":false},"excerpt":{"rendered":"<p>IBU CUP 2025-2026 &#8211; Paula Botet s&rsquo;offre un nouveau podium \u00e0 Obertillach, avec une 3\u00e8me place sur la poursuite.<\/p>\n","protected":false},"author":83,"featured_media":630935,"comment_status":"open","ping_status":"closed","sticky":false,"template":"","format":"standard","meta":{"_acf_changed":false,"_daextam_enable_autolinks":"1","footnotes":""},"categories":[2426],"tags":[16878,2696,20988],"class_list":["post-630803","post","type-post","status-publish","format-standard","has-post-thumbnail","hentry","category-biathlon","tag-breve","tag-ibu-cup","tag-paula-botet"],"acf":[],"yoast_head":"<!-- This site is optimized with the Yoast SEO Premium plugin v26.7 (Yoast SEO v26.7) - https:\/\/yoast.com\/wordpress\/plugins\/seo\/ -->\n<title>Paula Botet conclut la manche d&#039;IBU Cup \u00e0 Obertilliach par un podium sur la poursuite<\/title>\n<meta name=\"description\" content=\"IBU CUP 2025-2026 - Paula Botet s&#039;offre un nouveau podium \u00e0 Obertillach, avec une 3\u00e8me place sur la poursuite.\" \/>\n<meta name=\"robots\" content=\"index, follow, max-snippet:-1, max-image-preview:large, max-video-preview:-1\" \/>\n<link rel=\"canonical\" href=\"https:\/\/dicodusport.fr\/blog\/paula-botet-conclut-la-manche-dibu-cup-a-obertilliach-par-un-podium-sur-la-poursuite\/\" \/>\n<meta property=\"og:locale\" content=\"fr_FR\" \/>\n<meta property=\"og:type\" content=\"article\" \/>\n<meta property=\"og:title\" content=\"Paula Botet conclut la manche d&#039;IBU Cup \u00e0 Obertilliach par un podium sur la poursuite\" \/>\n<meta property=\"og:description\" content=\"IBU CUP 2025-2026 - Paula Botet s&#039;offre un nouveau podium \u00e0 Obertillach, avec une 3\u00e8me place sur la poursuite.\" \/>\n<meta property=\"og:url\" content=\"https:\/\/dicodusport.fr\/blog\/paula-botet-conclut-la-manche-dibu-cup-a-obertilliach-par-un-podium-sur-la-poursuite\/\" \/>\n<meta property=\"og:site_name\" content=\"Dicodusport\" \/>\n<meta property=\"article:publisher\" content=\"https:\/\/www.facebook.com\/dicodusport\" \/>\n<meta property=\"article:published_time\" content=\"2025-12-07T10:50:18+00:00\" \/>\n<meta property=\"article:modified_time\" content=\"2025-12-07T15:26:49+00:00\" \/>\n<meta property=\"og:image\" content=\"https:\/\/dicodusport.fr\/blog\/wp-content\/uploads\/2025\/12\/Paula-Botet-conclut-la-manche-dIBU-Cup-a-Obertilliach-par-un-podium-sur-la-poursuite-1.png\" \/>\n\t<meta property=\"og:image:width\" content=\"1200\" \/>\n\t<meta property=\"og:image:height\" content=\"674\" \/>\n\t<meta property=\"og:image:type\" content=\"image\/png\" \/>\n<meta name=\"author\" content=\"Etienne Goursaud\" \/>\n<meta name=\"twitter:card\" content=\"summary_large_image\" \/>\n<meta name=\"twitter:title\" content=\"Paula Botet conclut la manche d&#039;IBU Cup \u00e0 Obertilliach par un podium sur la poursuite\" \/>\n<meta name=\"twitter:creator\" content=\"@dicodusport\" \/>\n<meta name=\"twitter:site\" content=\"@dicodusport\" \/>\n<script type=\"application\/ld+json\" class=\"yoast-schema-graph\">{\"@context\":\"https:\/\/schema.org\",\"@graph\":[{\"@type\":\"NewsArticle\",\"@id\":\"https:\/\/dicodusport.fr\/blog\/paula-botet-conclut-la-manche-dibu-cup-a-obertilliach-par-un-podium-sur-la-poursuite\/#article\",\"isPartOf\":{\"@id\":\"https:\/\/dicodusport.fr\/blog\/paula-botet-conclut-la-manche-dibu-cup-a-obertilliach-par-un-podium-sur-la-poursuite\/\"},\"author\":{\"name\":\"Etienne Goursaud\",\"@id\":\"https:\/\/dicodusport.fr\/blog\/#\/schema\/person\/d603dd7da31fb2b46c82b9835a77ec13\"},\"headline\":\"Paula Botet conclut la manche d&rsquo;IBU Cup \u00e0 Obertilliach par un podium sur la poursuite\",\"datePublished\":\"2025-12-07T10:50:18+00:00\",\"dateModified\":\"2025-12-07T15:26:49+00:00\",\"mainEntityOfPage\":{\"@id\":\"https:\/\/dicodusport.fr\/blog\/paula-botet-conclut-la-manche-dibu-cup-a-obertilliach-par-un-podium-sur-la-poursuite\/\"},\"wordCount\":354,\"commentCount\":0,\"publisher\":{\"@id\":\"https:\/\/dicodusport.fr\/blog\/#organization\"},\"image\":{\"@id\":\"https:\/\/dicodusport.fr\/blog\/paula-botet-conclut-la-manche-dibu-cup-a-obertilliach-par-un-podium-sur-la-poursuite\/#primaryimage\"},\"thumbnailUrl\":\"https:\/\/dicodusport.fr\/blog\/wp-content\/uploads\/2025\/12\/Paula-Botet-conclut-la-manche-dIBU-Cup-a-Obertilliach-par-un-podium-sur-la-poursuite-1.png\",\"keywords\":[\"br\u00e8ve\",\"IBU Cup\",\"Paula Botet\"],\"articleSection\":[\"Biathlon\"],\"inLanguage\":\"fr-FR\",\"potentialAction\":[{\"@type\":\"CommentAction\",\"name\":\"Comment\",\"target\":[\"https:\/\/dicodusport.fr\/blog\/paula-botet-conclut-la-manche-dibu-cup-a-obertilliach-par-un-podium-sur-la-poursuite\/#respond\"]}],\"copyrightYear\":\"2025\",\"copyrightHolder\":{\"@id\":\"https:\/\/dicodusport.fr\/blog\/#organization\"}},{\"@type\":\"WebPage\",\"@id\":\"https:\/\/dicodusport.fr\/blog\/paula-botet-conclut-la-manche-dibu-cup-a-obertilliach-par-un-podium-sur-la-poursuite\/\",\"url\":\"https:\/\/dicodusport.fr\/blog\/paula-botet-conclut-la-manche-dibu-cup-a-obertilliach-par-un-podium-sur-la-poursuite\/\",\"name\":\"Paula Botet conclut la manche d'IBU Cup \u00e0 Obertilliach par un podium sur la poursuite\",\"isPartOf\":{\"@id\":\"https:\/\/dicodusport.fr\/blog\/#website\"},\"primaryImageOfPage\":{\"@id\":\"https:\/\/dicodusport.fr\/blog\/paula-botet-conclut-la-manche-dibu-cup-a-obertilliach-par-un-podium-sur-la-poursuite\/#primaryimage\"},\"image\":{\"@id\":\"https:\/\/dicodusport.fr\/blog\/paula-botet-conclut-la-manche-dibu-cup-a-obertilliach-par-un-podium-sur-la-poursuite\/#primaryimage\"},\"thumbnailUrl\":\"https:\/\/dicodusport.fr\/blog\/wp-content\/uploads\/2025\/12\/Paula-Botet-conclut-la-manche-dIBU-Cup-a-Obertilliach-par-un-podium-sur-la-poursuite-1.png\",\"datePublished\":\"2025-12-07T10:50:18+00:00\",\"dateModified\":\"2025-12-07T15:26:49+00:00\",\"description\":\"IBU CUP 2025-2026 - Paula Botet s'offre un nouveau podium \u00e0 Obertillach, avec une 3\u00e8me place sur la poursuite.\",\"breadcrumb\":{\"@id\":\"https:\/\/dicodusport.fr\/blog\/paula-botet-conclut-la-manche-dibu-cup-a-obertilliach-par-un-podium-sur-la-poursuite\/#breadcrumb\"},\"inLanguage\":\"fr-FR\",\"potentialAction\":[{\"@type\":\"ReadAction\",\"target\":[\"https:\/\/dicodusport.fr\/blog\/paula-botet-conclut-la-manche-dibu-cup-a-obertilliach-par-un-podium-sur-la-poursuite\/\"]}]},{\"@type\":\"ImageObject\",\"inLanguage\":\"fr-FR\",\"@id\":\"https:\/\/dicodusport.fr\/blog\/paula-botet-conclut-la-manche-dibu-cup-a-obertilliach-par-un-podium-sur-la-poursuite\/#primaryimage\",\"url\":\"https:\/\/dicodusport.fr\/blog\/wp-content\/uploads\/2025\/12\/Paula-Botet-conclut-la-manche-dIBU-Cup-a-Obertilliach-par-un-podium-sur-la-poursuite-1.png\",\"contentUrl\":\"https:\/\/dicodusport.fr\/blog\/wp-content\/uploads\/2025\/12\/Paula-Botet-conclut-la-manche-dIBU-Cup-a-Obertilliach-par-un-podium-sur-la-poursuite-1.png\",\"width\":1200,\"height\":674,\"caption\":\"Paula Botet conclut la manche d'IBU Cup \u00e0 Obertilliach par un podium sur la poursuite\"},{\"@type\":\"BreadcrumbList\",\"@id\":\"https:\/\/dicodusport.fr\/blog\/paula-botet-conclut-la-manche-dibu-cup-a-obertilliach-par-un-podium-sur-la-poursuite\/#breadcrumb\",\"itemListElement\":[{\"@type\":\"ListItem\",\"position\":1,\"name\":\"Accueil\",\"item\":\"https:\/\/dicodusport.fr\/blog\/\"},{\"@type\":\"ListItem\",\"position\":2,\"name\":\"Paula Botet conclut la manche d&rsquo;IBU Cup \u00e0 Obertilliach par un podium sur la poursuite\"}]},{\"@type\":\"WebSite\",\"@id\":\"https:\/\/dicodusport.fr\/blog\/#website\",\"url\":\"https:\/\/dicodusport.fr\/blog\/\",\"name\":\"Dicodusport\",\"description\":\"L&#039;encyclop\u00e9die de l&#039;actualit\u00e9 sportive\",\"publisher\":{\"@id\":\"https:\/\/dicodusport.fr\/blog\/#organization\"},\"potentialAction\":[{\"@type\":\"SearchAction\",\"target\":{\"@type\":\"EntryPoint\",\"urlTemplate\":\"https:\/\/dicodusport.fr\/blog\/?s={search_term_string}\"},\"query-input\":{\"@type\":\"PropertyValueSpecification\",\"valueRequired\":true,\"valueName\":\"search_term_string\"}}],\"inLanguage\":\"fr-FR\"},{\"@type\":\"NewsMediaOrganization\",\"@id\":\"https:\/\/dicodusport.fr\/blog\/#organization\",\"name\":\"Dicodusport\",\"url\":\"https:\/\/dicodusport.fr\/blog\/\",\"logo\":{\"@type\":\"ImageObject\",\"inLanguage\":\"fr-FR\",\"@id\":\"https:\/\/dicodusport.fr\/blog\/#\/schema\/logo\/image\/\",\"url\":\"https:\/\/dicodusport.fr\/blog\/wp-content\/uploads\/2020\/06\/cropped-LOGO-DICODUSPORT-2020-SANS-FOND-SANS-TEXTE.png\",\"contentUrl\":\"https:\/\/dicodusport.fr\/blog\/wp-content\/uploads\/2020\/06\/cropped-LOGO-DICODUSPORT-2020-SANS-FOND-SANS-TEXTE.png\",\"width\":512,\"height\":512,\"caption\":\"Dicodusport\"},\"image\":{\"@id\":\"https:\/\/dicodusport.fr\/blog\/#\/schema\/logo\/image\/\"},\"sameAs\":[\"https:\/\/www.facebook.com\/dicodusport\",\"https:\/\/x.com\/dicodusport\",\"https:\/\/www.instagram.com\/dicodusport\/\",\"https:\/\/www.youtube.com\/channel\/UC7V2KZ5sd3htJivAbA4ZG3w\"],\"description\":\"Dicodusport est l'encyclop\u00e9die de l'actualit\u00e9 sportive.\",\"email\":\"bonjour@dicodusport.fr\",\"legalName\":\"DICODUSPORT\",\"foundingDate\":\"2018-01-14\",\"vatID\":\"FR71834470973\",\"taxID\":\"83447097300043\",\"numberOfEmployees\":{\"@type\":\"QuantitativeValue\",\"minValue\":\"1\",\"maxValue\":\"10\"}},{\"@type\":\"Person\",\"@id\":\"https:\/\/dicodusport.fr\/blog\/#\/schema\/person\/d603dd7da31fb2b46c82b9835a77ec13\",\"name\":\"Etienne Goursaud\",\"image\":{\"@type\":\"ImageObject\",\"inLanguage\":\"fr-FR\",\"@id\":\"https:\/\/dicodusport.fr\/blog\/#\/schema\/person\/image\/\",\"url\":\"https:\/\/dicodusport.fr\/blog\/wp-content\/uploads\/2023\/12\/410122264_10231602061736049_5565839791558026645_n-150x150.jpg\",\"contentUrl\":\"https:\/\/dicodusport.fr\/blog\/wp-content\/uploads\/2023\/12\/410122264_10231602061736049_5565839791558026645_n-150x150.jpg\",\"caption\":\"Etienne Goursaud\"},\"description\":\"Journaliste et amoureux de sport. Ancien footballeur reconverti athl\u00e8te quand ses muscles le laissent tranquille. \u00c9lev\u00e9 \u00e0 la sauce des exploits de Thomas Voeckler en 2004, du dernier essai de l\u00e9gende de Eunice Barber \u00e0 la longueur lors des championnats du monde d'athl\u00e9tisme de 2003 mais aussi Zidane, Omeyer et Titou Lamaison.\",\"url\":\"https:\/\/dicodusport.fr\/blog\/author\/etienne-goursaud\/\"}]}<\/script>\n<!-- \/ Yoast SEO Premium plugin. -->","yoast_head_json":{"title":"Paula Botet conclut la manche d'IBU Cup \u00e0 Obertilliach par un podium sur la poursuite","description":"IBU CUP 2025-2026 - Paula Botet s'offre un nouveau podium \u00e0 Obertillach, avec une 3\u00e8me place sur la poursuite.","robots":{"index":"index","follow":"follow","max-snippet":"max-snippet:-1","max-image-preview":"max-image-preview:large","max-video-preview":"max-video-preview:-1"},"canonical":"https:\/\/dicodusport.fr\/blog\/paula-botet-conclut-la-manche-dibu-cup-a-obertilliach-par-un-podium-sur-la-poursuite\/","og_locale":"fr_FR","og_type":"article","og_title":"Paula Botet conclut la manche d'IBU Cup \u00e0 Obertilliach par un podium sur la poursuite","og_description":"IBU CUP 2025-2026 - Paula Botet s'offre un nouveau podium \u00e0 Obertillach, avec une 3\u00e8me place sur la poursuite.","og_url":"https:\/\/dicodusport.fr\/blog\/paula-botet-conclut-la-manche-dibu-cup-a-obertilliach-par-un-podium-sur-la-poursuite\/","og_site_name":"Dicodusport","article_publisher":"https:\/\/www.facebook.com\/dicodusport","article_published_time":"2025-12-07T10:50:18+00:00","article_modified_time":"2025-12-07T15:26:49+00:00","og_image":[{"width":1200,"height":674,"url":"https:\/\/dicodusport.fr\/blog\/wp-content\/uploads\/2025\/12\/Paula-Botet-conclut-la-manche-dIBU-Cup-a-Obertilliach-par-un-podium-sur-la-poursuite-1.png","type":"image\/png"}],"author":"Etienne Goursaud","twitter_card":"summary_large_image","twitter_title":"Paula Botet conclut la manche d'IBU Cup \u00e0 Obertilliach par un podium sur la poursuite","twitter_creator":"@dicodusport","twitter_site":"@dicodusport","schema":{"@context":"https:\/\/schema.org","@graph":[{"@type":"NewsArticle","@id":"https:\/\/dicodusport.fr\/blog\/paula-botet-conclut-la-manche-dibu-cup-a-obertilliach-par-un-podium-sur-la-poursuite\/#article","isPartOf":{"@id":"https:\/\/dicodusport.fr\/blog\/paula-botet-conclut-la-manche-dibu-cup-a-obertilliach-par-un-podium-sur-la-poursuite\/"},"author":{"name":"Etienne Goursaud","@id":"https:\/\/dicodusport.fr\/blog\/#\/schema\/person\/d603dd7da31fb2b46c82b9835a77ec13"},"headline":"Paula Botet conclut la manche d&rsquo;IBU Cup \u00e0 Obertilliach par un podium sur la poursuite","datePublished":"2025-12-07T10:50:18+00:00","dateModified":"2025-12-07T15:26:49+00:00","mainEntityOfPage":{"@id":"https:\/\/dicodusport.fr\/blog\/paula-botet-conclut-la-manche-dibu-cup-a-obertilliach-par-un-podium-sur-la-poursuite\/"},"wordCount":354,"commentCount":0,"publisher":{"@id":"https:\/\/dicodusport.fr\/blog\/#organization"},"image":{"@id":"https:\/\/dicodusport.fr\/blog\/paula-botet-conclut-la-manche-dibu-cup-a-obertilliach-par-un-podium-sur-la-poursuite\/#primaryimage"},"thumbnailUrl":"https:\/\/dicodusport.fr\/blog\/wp-content\/uploads\/2025\/12\/Paula-Botet-conclut-la-manche-dIBU-Cup-a-Obertilliach-par-un-podium-sur-la-poursuite-1.png","keywords":["br\u00e8ve","IBU Cup","Paula Botet"],"articleSection":["Biathlon"],"inLanguage":"fr-FR","potentialAction":[{"@type":"CommentAction","name":"Comment","target":["https:\/\/dicodusport.fr\/blog\/paula-botet-conclut-la-manche-dibu-cup-a-obertilliach-par-un-podium-sur-la-poursuite\/#respond"]}],"copyrightYear":"2025","copyrightHolder":{"@id":"https:\/\/dicodusport.fr\/blog\/#organization"}},{"@type":"WebPage","@id":"https:\/\/dicodusport.fr\/blog\/paula-botet-conclut-la-manche-dibu-cup-a-obertilliach-par-un-podium-sur-la-poursuite\/","url":"https:\/\/dicodusport.fr\/blog\/paula-botet-conclut-la-manche-dibu-cup-a-obertilliach-par-un-podium-sur-la-poursuite\/","name":"Paula Botet conclut la manche d'IBU Cup \u00e0 Obertilliach par un podium sur la poursuite","isPartOf":{"@id":"https:\/\/dicodusport.fr\/blog\/#website"},"primaryImageOfPage":{"@id":"https:\/\/dicodusport.fr\/blog\/paula-botet-conclut-la-manche-dibu-cup-a-obertilliach-par-un-podium-sur-la-poursuite\/#primaryimage"},"image":{"@id":"https:\/\/dicodusport.fr\/blog\/paula-botet-conclut-la-manche-dibu-cup-a-obertilliach-par-un-podium-sur-la-poursuite\/#primaryimage"},"thumbnailUrl":"https:\/\/dicodusport.fr\/blog\/wp-content\/uploads\/2025\/12\/Paula-Botet-conclut-la-manche-dIBU-Cup-a-Obertilliach-par-un-podium-sur-la-poursuite-1.png","datePublished":"2025-12-07T10:50:18+00:00","dateModified":"2025-12-07T15:26:49+00:00","description":"IBU CUP 2025-2026 - Paula Botet s'offre un nouveau podium \u00e0 Obertillach, avec une 3\u00e8me place sur la poursuite.","breadcrumb":{"@id":"https:\/\/dicodusport.fr\/blog\/paula-botet-conclut-la-manche-dibu-cup-a-obertilliach-par-un-podium-sur-la-poursuite\/#breadcrumb"},"inLanguage":"fr-FR","potentialAction":[{"@type":"ReadAction","target":["https:\/\/dicodusport.fr\/blog\/paula-botet-conclut-la-manche-dibu-cup-a-obertilliach-par-un-podium-sur-la-poursuite\/"]}]},{"@type":"ImageObject","inLanguage":"fr-FR","@id":"https:\/\/dicodusport.fr\/blog\/paula-botet-conclut-la-manche-dibu-cup-a-obertilliach-par-un-podium-sur-la-poursuite\/#primaryimage","url":"https:\/\/dicodusport.fr\/blog\/wp-content\/uploads\/2025\/12\/Paula-Botet-conclut-la-manche-dIBU-Cup-a-Obertilliach-par-un-podium-sur-la-poursuite-1.png","contentUrl":"https:\/\/dicodusport.fr\/blog\/wp-content\/uploads\/2025\/12\/Paula-Botet-conclut-la-manche-dIBU-Cup-a-Obertilliach-par-un-podium-sur-la-poursuite-1.png","width":1200,"height":674,"caption":"Paula Botet conclut la manche d'IBU Cup \u00e0 Obertilliach par un podium sur la poursuite"},{"@type":"BreadcrumbList","@id":"https:\/\/dicodusport.fr\/blog\/paula-botet-conclut-la-manche-dibu-cup-a-obertilliach-par-un-podium-sur-la-poursuite\/#breadcrumb","itemListElement":[{"@type":"ListItem","position":1,"name":"Accueil","item":"https:\/\/dicodusport.fr\/blog\/"},{"@type":"ListItem","position":2,"name":"Paula Botet conclut la manche d&rsquo;IBU Cup \u00e0 Obertilliach par un podium sur la poursuite"}]},{"@type":"WebSite","@id":"https:\/\/dicodusport.fr\/blog\/#website","url":"https:\/\/dicodusport.fr\/blog\/","name":"Dicodusport","description":"L&#039;encyclop\u00e9die de l&#039;actualit\u00e9 sportive","publisher":{"@id":"https:\/\/dicodusport.fr\/blog\/#organization"},"potentialAction":[{"@type":"SearchAction","target":{"@type":"EntryPoint","urlTemplate":"https:\/\/dicodusport.fr\/blog\/?s={search_term_string}"},"query-input":{"@type":"PropertyValueSpecification","valueRequired":true,"valueName":"search_term_string"}}],"inLanguage":"fr-FR"},{"@type":"NewsMediaOrganization","@id":"https:\/\/dicodusport.fr\/blog\/#organization","name":"Dicodusport","url":"https:\/\/dicodusport.fr\/blog\/","logo":{"@type":"ImageObject","inLanguage":"fr-FR","@id":"https:\/\/dicodusport.fr\/blog\/#\/schema\/logo\/image\/","url":"https:\/\/dicodusport.fr\/blog\/wp-content\/uploads\/2020\/06\/cropped-LOGO-DICODUSPORT-2020-SANS-FOND-SANS-TEXTE.png","contentUrl":"https:\/\/dicodusport.fr\/blog\/wp-content\/uploads\/2020\/06\/cropped-LOGO-DICODUSPORT-2020-SANS-FOND-SANS-TEXTE.png","width":512,"height":512,"caption":"Dicodusport"},"image":{"@id":"https:\/\/dicodusport.fr\/blog\/#\/schema\/logo\/image\/"},"sameAs":["https:\/\/www.facebook.com\/dicodusport","https:\/\/x.com\/dicodusport","https:\/\/www.instagram.com\/dicodusport\/","https:\/\/www.youtube.com\/channel\/UC7V2KZ5sd3htJivAbA4ZG3w"],"description":"Dicodusport est l'encyclop\u00e9die de l'actualit\u00e9 sportive.","email":"bonjour@dicodusport.fr","legalName":"DICODUSPORT","foundingDate":"2018-01-14","vatID":"FR71834470973","taxID":"83447097300043","numberOfEmployees":{"@type":"QuantitativeValue","minValue":"1","maxValue":"10"}},{"@type":"Person","@id":"https:\/\/dicodusport.fr\/blog\/#\/schema\/person\/d603dd7da31fb2b46c82b9835a77ec13","name":"Etienne Goursaud","image":{"@type":"ImageObject","inLanguage":"fr-FR","@id":"https:\/\/dicodusport.fr\/blog\/#\/schema\/person\/image\/","url":"https:\/\/dicodusport.fr\/blog\/wp-content\/uploads\/2023\/12\/410122264_10231602061736049_5565839791558026645_n-150x150.jpg","contentUrl":"https:\/\/dicodusport.fr\/blog\/wp-content\/uploads\/2023\/12\/410122264_10231602061736049_5565839791558026645_n-150x150.jpg","caption":"Etienne Goursaud"},"description":"Journaliste et amoureux de sport. Ancien footballeur reconverti athl\u00e8te quand ses muscles le laissent tranquille. \u00c9lev\u00e9 \u00e0 la sauce des exploits de Thomas Voeckler en 2004, du dernier essai de l\u00e9gende de Eunice Barber \u00e0 la longueur lors des championnats du monde d'athl\u00e9tisme de 2003 mais aussi Zidane, Omeyer et Titou Lamaison.","url":"https:\/\/dicodusport.fr\/blog\/author\/etienne-goursaud\/"}]}},"_links":{"self":[{"href":"https:\/\/dicodusport.fr\/blog\/wp-json\/wp\/v2\/posts\/630803","targetHints":{"allow":["GET"]}}],"collection":[{"href":"https:\/\/dicodusport.fr\/blog\/wp-json\/wp\/v2\/posts"}],"about":[{"href":"https:\/\/dicodusport.fr\/blog\/wp-json\/wp\/v2\/types\/post"}],"author":[{"embeddable":true,"href":"https:\/\/dicodusport.fr\/blog\/wp-json\/wp\/v2\/users\/83"}],"replies":[{"embeddable":true,"href":"https:\/\/dicodusport.fr\/blog\/wp-json\/wp\/v2\/comments?post=630803"}],"version-history":[{"count":4,"href":"https:\/\/dicodusport.fr\/blog\/wp-json\/wp\/v2\/posts\/630803\/revisions"}],"predecessor-version":[{"id":630945,"href":"https:\/\/dicodusport.fr\/blog\/wp-json\/wp\/v2\/posts\/630803\/revisions\/630945"}],"wp:featuredmedia":[{"embeddable":true,"href":"https:\/\/dicodusport.fr\/blog\/wp-json\/wp\/v2\/media\/630935"}],"wp:attachment":[{"href":"https:\/\/dicodusport.fr\/blog\/wp-json\/wp\/v2\/media?parent=630803"}],"wp:term":[{"taxonomy":"category","embeddable":true,"href":"https:\/\/dicodusport.fr\/blog\/wp-json\/wp\/v2\/categories?post=630803"},{"taxonomy":"post_tag","embeddable":true,"href":"https:\/\/dicodusport.fr\/blog\/wp-json\/wp\/v2\/tags?post=630803"}],"curies":[{"name":"wp","href":"https:\/\/api.w.org\/{rel}","templated":true}]}}