{"id":630834,"date":"2025-12-07T14:16:02","date_gmt":"2025-12-07T13:16:02","guid":{"rendered":"https:\/\/dicodusport.fr\/blog\/?p=630834&#038;preview=true&#038;preview_id=630834"},"modified":"2025-12-07T16:28:17","modified_gmt":"2025-12-07T15:28:17","slug":"encore-le-podium-pour-valentin-lejeune-et-oscar-lombardot-en-ibu-cup-a-obertilliach","status":"publish","type":"post","link":"https:\/\/dicodusport.fr\/blog\/encore-le-podium-pour-valentin-lejeune-et-oscar-lombardot-en-ibu-cup-a-obertilliach\/","title":{"rendered":"Encore le podium pour Valentin Lejeune et Oscar Lombardot en IBU Cup \u00e0 Obertilliach"},"content":{"rendered":"<p style=\"text-align: justify;\"><strong><em>IBU CUP 2025\/2026 &#8211; Valentin Lejeune et Oscar Lombardot ont de nouveau brill\u00e9 en prenant la 2\u00e8me et 3\u00e8me place de la poursuite d&rsquo;Obertilliach.<\/em><\/strong><\/p>\n<p style=\"text-align: justify;\">La piste d&rsquo;Obertilliach r\u00e9ussit bien aux biathl\u00e8tes tricolores en IBU Cup. D\u00e9j\u00e0 sur le podium hier lors du sprint, <strong>Valentin Lejeune<\/strong> et <strong>Oscar Lombardot<\/strong> ont r\u00e9it\u00e9r\u00e9 en conservant leur place, \u00e0 savoir la 2\u00e8me et 3\u00e8me place derri\u00e8re l&rsquo;intouchable <strong>Johannes Dale<\/strong>.<\/p>\n<ul style=\"text-align: justify;\">\n<li><strong>\u00c0 ce sujet &#8211; <a href=\"https:\/\/dicodusport.fr\/blog\/valentin-lejeune-et-oscar-lombardot-sur-la-boite-les-bleus-cartonnent-sur-le-deuxieme-sprint-dobertilliach-en-ibu-cup\/\">Valentin Lejeune et Oscar Lombardot sur la bo\u00eete : les Bleus cartonnent sur le deuxi\u00e8me sprint d&rsquo;Obertilliach en IBU Cup<\/a><\/strong><\/li>\n<\/ul>\n<h2 style=\"text-align: justify;\">Belle semaine pour les Bleus<\/h2>\n<p style=\"text-align: justify;\"><strong>Lejeune<\/strong> s&rsquo;\u00e9lan\u00e7ait avec 13s de retard, et Lombardot avec 22s. Une faute chacun lors du premier tir va les faire reculer, alors que le Norv\u00e9gien va s&rsquo;envoler seul en t\u00eate. Mais d\u00e8s le second couch\u00e9, les Fran\u00e7ais vont retrouver leur place sur le podium et ne plus la quitter.<\/p>\n<blockquote class=\"twitter-tweet\">\n<p dir=\"ltr\" lang=\"fr\">Pas de podium chez les filles en Coupe du Monde mais nouveau double podium en IBU Cup chez les gar\u00e7ons !!<br \/>\n5 podiums en 3 courses pour les gars !<\/p>\n<p>1.\ud83c\uddf3\ud83c\uddf4J.Dale-Skjevdal (18\/20)<br \/>\n2.\ud83c\uddeb\ud83c\uddf7V.Lejeune (19\/20)<br \/>\n3.\ud83c\uddeb\ud83c\uddf7O.Lombardot (18\/20)<\/p>\n<p>17.\ud83c\uddeb\ud83c\uddf7G.Paturel (17\/20)<br \/>\n19.\ud83c\uddeb\ud83c\uddf7D.Levet (17\/20)<a href=\"https:\/\/twitter.com\/hashtag\/biathlon?src=hash&amp;ref_src=twsrc%5Etfw\">#biathlon<\/a> <a href=\"https:\/\/t.co\/HnVyXlAhCW\">pic.twitter.com\/HnVyXlAhCW<\/a><\/p>\n<p>\u2014 Lebiathlonfr (@Lebiathlonfr) <a href=\"https:\/\/twitter.com\/Lebiathlonfr\/status\/1997653846869291393?ref_src=twsrc%5Etfw\">December 7, 2025<\/a><\/p><\/blockquote>\n<p style=\"text-align: justify;\"><script async src=\"https:\/\/platform.twitter.com\/widgets.js\" charset=\"utf-8\"><\/script><\/p>\n<p style=\"text-align: justify;\">Un temps devant son co\u00e9quipier, <strong>Lombardot<\/strong> va l\u00e2cher sa toute derni\u00e8re balle (18\/20) et laisser passer Lejeune (19\/20). \u00c0 l&rsquo;arriv\u00e9e, <strong>Johannes Dale<\/strong> (18\/20) termine en t\u00eate et envoie un message fort aux s\u00e9lectionneurs de la Coupe du monde. Il a conserv\u00e9 31s d&rsquo;avance sur <strong>Valentin Lejeune<\/strong> et 49s sur <strong>Oscar Lombardot<\/strong>.<\/p>\n<p style=\"text-align: justify;\">17\u00e8me et 19\u00e8me, <strong>Ga\u00ebtan Paturel<\/strong> et <strong>Damien Levet<\/strong> s&rsquo;offrent un Top 20.<\/p>\n","protected":false},"excerpt":{"rendered":"<p>IBU CUP 2025\/2026 &#8211; Valentin Lejeune et Oscar Lombardot ont de nouveau brill\u00e9 en prenant la 2\u00e8me et 3\u00e8me place de la poursuite d&rsquo;Obertilliach.<\/p>\n","protected":false},"author":89,"featured_media":630946,"comment_status":"open","ping_status":"closed","sticky":false,"template":"","format":"standard","meta":{"_acf_changed":false,"_daextam_enable_autolinks":"1","footnotes":""},"categories":[2426],"tags":[2427,16878,15103,22724],"class_list":["post-630834","post","type-post","status-publish","format-standard","has-post-thumbnail","hentry","category-biathlon","tag-biathlon","tag-breve","tag-ibu-cup-obertilliach","tag-oscar-lombardot"],"acf":[],"yoast_head":"<!-- This site is optimized with the Yoast SEO Premium plugin v26.7 (Yoast SEO v26.7) - https:\/\/yoast.com\/wordpress\/plugins\/seo\/ -->\n<title>Encore le podium pour Valentin Lejeune et Oscar Lombardot en IBU Cup \u00e0 Obertilliach<\/title>\n<meta name=\"description\" content=\"IBU CUP 2025\/2026 - Valentin Lejeune et Oscar Lombardot ont de nouveau brill\u00e9 en prenant la 2\u00e8me et 3\u00e8me place de la poursuite d&#039;Obertilliach.\" \/>\n<meta name=\"robots\" content=\"index, follow, max-snippet:-1, max-image-preview:large, max-video-preview:-1\" \/>\n<link rel=\"canonical\" href=\"https:\/\/dicodusport.fr\/blog\/encore-le-podium-pour-valentin-lejeune-et-oscar-lombardot-en-ibu-cup-a-obertilliach\/\" \/>\n<meta property=\"og:locale\" content=\"fr_FR\" \/>\n<meta property=\"og:type\" content=\"article\" \/>\n<meta property=\"og:title\" content=\"Encore le podium pour Valentin Lejeune et Oscar Lombardot en IBU Cup \u00e0 Obertilliach\" \/>\n<meta property=\"og:description\" content=\"IBU CUP 2025\/2026 - Valentin Lejeune et Oscar Lombardot ont de nouveau brill\u00e9 en prenant la 2\u00e8me et 3\u00e8me place de la poursuite d&#039;Obertilliach.\" \/>\n<meta property=\"og:url\" content=\"https:\/\/dicodusport.fr\/blog\/encore-le-podium-pour-valentin-lejeune-et-oscar-lombardot-en-ibu-cup-a-obertilliach\/\" \/>\n<meta property=\"og:site_name\" content=\"Dicodusport\" \/>\n<meta property=\"article:publisher\" content=\"https:\/\/www.facebook.com\/dicodusport\" \/>\n<meta property=\"article:published_time\" content=\"2025-12-07T13:16:02+00:00\" \/>\n<meta property=\"article:modified_time\" content=\"2025-12-07T15:28:17+00:00\" \/>\n<meta property=\"og:image\" content=\"https:\/\/dicodusport.fr\/blog\/wp-content\/uploads\/2025\/12\/Encore-le-podium-pour-Valentin-Lejeune-et-Oscar-Lombardot-en-IBU-Cup-a-Obertilliach.png\" \/>\n\t<meta property=\"og:image:width\" content=\"1200\" \/>\n\t<meta property=\"og:image:height\" content=\"674\" \/>\n\t<meta property=\"og:image:type\" content=\"image\/png\" \/>\n<meta name=\"author\" content=\"Louka Lesueur\" \/>\n<meta name=\"twitter:card\" content=\"summary_large_image\" \/>\n<meta name=\"twitter:title\" content=\"Encore le podium pour Valentin Lejeune et Oscar Lombardot en IBU Cup \u00e0 Obertilliach\" \/>\n<meta name=\"twitter:creator\" content=\"@https:\/\/twitter.com\/LNewsSF\" \/>\n<meta name=\"twitter:site\" content=\"@dicodusport\" \/>\n<script type=\"application\/ld+json\" class=\"yoast-schema-graph\">{\"@context\":\"https:\/\/schema.org\",\"@graph\":[{\"@type\":\"NewsArticle\",\"@id\":\"https:\/\/dicodusport.fr\/blog\/encore-le-podium-pour-valentin-lejeune-et-oscar-lombardot-en-ibu-cup-a-obertilliach\/#article\",\"isPartOf\":{\"@id\":\"https:\/\/dicodusport.fr\/blog\/encore-le-podium-pour-valentin-lejeune-et-oscar-lombardot-en-ibu-cup-a-obertilliach\/\"},\"author\":{\"name\":\"Louka Lesueur\",\"@id\":\"https:\/\/dicodusport.fr\/blog\/#\/schema\/person\/54b6cdccebdfcd5a1036c594aecffc2a\"},\"headline\":\"Encore le podium pour Valentin Lejeune et Oscar Lombardot en IBU Cup \u00e0 Obertilliach\",\"datePublished\":\"2025-12-07T13:16:02+00:00\",\"dateModified\":\"2025-12-07T15:28:17+00:00\",\"mainEntityOfPage\":{\"@id\":\"https:\/\/dicodusport.fr\/blog\/encore-le-podium-pour-valentin-lejeune-et-oscar-lombardot-en-ibu-cup-a-obertilliach\/\"},\"wordCount\":284,\"commentCount\":0,\"publisher\":{\"@id\":\"https:\/\/dicodusport.fr\/blog\/#organization\"},\"image\":{\"@id\":\"https:\/\/dicodusport.fr\/blog\/encore-le-podium-pour-valentin-lejeune-et-oscar-lombardot-en-ibu-cup-a-obertilliach\/#primaryimage\"},\"thumbnailUrl\":\"https:\/\/dicodusport.fr\/blog\/wp-content\/uploads\/2025\/12\/Encore-le-podium-pour-Valentin-Lejeune-et-Oscar-Lombardot-en-IBU-Cup-a-Obertilliach.png\",\"keywords\":[\"Biathlon\",\"br\u00e8ve\",\"IBU Cup Obertilliach\",\"Oscar Lombardot\"],\"articleSection\":[\"Biathlon\"],\"inLanguage\":\"fr-FR\",\"potentialAction\":[{\"@type\":\"CommentAction\",\"name\":\"Comment\",\"target\":[\"https:\/\/dicodusport.fr\/blog\/encore-le-podium-pour-valentin-lejeune-et-oscar-lombardot-en-ibu-cup-a-obertilliach\/#respond\"]}],\"copyrightYear\":\"2025\",\"copyrightHolder\":{\"@id\":\"https:\/\/dicodusport.fr\/blog\/#organization\"}},{\"@type\":\"WebPage\",\"@id\":\"https:\/\/dicodusport.fr\/blog\/encore-le-podium-pour-valentin-lejeune-et-oscar-lombardot-en-ibu-cup-a-obertilliach\/\",\"url\":\"https:\/\/dicodusport.fr\/blog\/encore-le-podium-pour-valentin-lejeune-et-oscar-lombardot-en-ibu-cup-a-obertilliach\/\",\"name\":\"Encore le podium pour Valentin Lejeune et Oscar Lombardot en IBU Cup \u00e0 Obertilliach\",\"isPartOf\":{\"@id\":\"https:\/\/dicodusport.fr\/blog\/#website\"},\"primaryImageOfPage\":{\"@id\":\"https:\/\/dicodusport.fr\/blog\/encore-le-podium-pour-valentin-lejeune-et-oscar-lombardot-en-ibu-cup-a-obertilliach\/#primaryimage\"},\"image\":{\"@id\":\"https:\/\/dicodusport.fr\/blog\/encore-le-podium-pour-valentin-lejeune-et-oscar-lombardot-en-ibu-cup-a-obertilliach\/#primaryimage\"},\"thumbnailUrl\":\"https:\/\/dicodusport.fr\/blog\/wp-content\/uploads\/2025\/12\/Encore-le-podium-pour-Valentin-Lejeune-et-Oscar-Lombardot-en-IBU-Cup-a-Obertilliach.png\",\"datePublished\":\"2025-12-07T13:16:02+00:00\",\"dateModified\":\"2025-12-07T15:28:17+00:00\",\"description\":\"IBU CUP 2025\/2026 - Valentin Lejeune et Oscar Lombardot ont de nouveau brill\u00e9 en prenant la 2\u00e8me et 3\u00e8me place de la poursuite d'Obertilliach.\",\"breadcrumb\":{\"@id\":\"https:\/\/dicodusport.fr\/blog\/encore-le-podium-pour-valentin-lejeune-et-oscar-lombardot-en-ibu-cup-a-obertilliach\/#breadcrumb\"},\"inLanguage\":\"fr-FR\",\"potentialAction\":[{\"@type\":\"ReadAction\",\"target\":[\"https:\/\/dicodusport.fr\/blog\/encore-le-podium-pour-valentin-lejeune-et-oscar-lombardot-en-ibu-cup-a-obertilliach\/\"]}]},{\"@type\":\"ImageObject\",\"inLanguage\":\"fr-FR\",\"@id\":\"https:\/\/dicodusport.fr\/blog\/encore-le-podium-pour-valentin-lejeune-et-oscar-lombardot-en-ibu-cup-a-obertilliach\/#primaryimage\",\"url\":\"https:\/\/dicodusport.fr\/blog\/wp-content\/uploads\/2025\/12\/Encore-le-podium-pour-Valentin-Lejeune-et-Oscar-Lombardot-en-IBU-Cup-a-Obertilliach.png\",\"contentUrl\":\"https:\/\/dicodusport.fr\/blog\/wp-content\/uploads\/2025\/12\/Encore-le-podium-pour-Valentin-Lejeune-et-Oscar-Lombardot-en-IBU-Cup-a-Obertilliach.png\",\"width\":1200,\"height\":674,\"caption\":\"Encore le podium pour Valentin Lejeune et Oscar Lombardot en IBU Cup \u00e0 Obertilliach\"},{\"@type\":\"BreadcrumbList\",\"@id\":\"https:\/\/dicodusport.fr\/blog\/encore-le-podium-pour-valentin-lejeune-et-oscar-lombardot-en-ibu-cup-a-obertilliach\/#breadcrumb\",\"itemListElement\":[{\"@type\":\"ListItem\",\"position\":1,\"name\":\"Accueil\",\"item\":\"https:\/\/dicodusport.fr\/blog\/\"},{\"@type\":\"ListItem\",\"position\":2,\"name\":\"Encore le podium pour Valentin Lejeune et Oscar Lombardot en IBU Cup \u00e0 Obertilliach\"}]},{\"@type\":\"WebSite\",\"@id\":\"https:\/\/dicodusport.fr\/blog\/#website\",\"url\":\"https:\/\/dicodusport.fr\/blog\/\",\"name\":\"Dicodusport\",\"description\":\"L&#039;encyclop\u00e9die de l&#039;actualit\u00e9 sportive\",\"publisher\":{\"@id\":\"https:\/\/dicodusport.fr\/blog\/#organization\"},\"potentialAction\":[{\"@type\":\"SearchAction\",\"target\":{\"@type\":\"EntryPoint\",\"urlTemplate\":\"https:\/\/dicodusport.fr\/blog\/?s={search_term_string}\"},\"query-input\":{\"@type\":\"PropertyValueSpecification\",\"valueRequired\":true,\"valueName\":\"search_term_string\"}}],\"inLanguage\":\"fr-FR\"},{\"@type\":\"NewsMediaOrganization\",\"@id\":\"https:\/\/dicodusport.fr\/blog\/#organization\",\"name\":\"Dicodusport\",\"url\":\"https:\/\/dicodusport.fr\/blog\/\",\"logo\":{\"@type\":\"ImageObject\",\"inLanguage\":\"fr-FR\",\"@id\":\"https:\/\/dicodusport.fr\/blog\/#\/schema\/logo\/image\/\",\"url\":\"https:\/\/dicodusport.fr\/blog\/wp-content\/uploads\/2020\/06\/cropped-LOGO-DICODUSPORT-2020-SANS-FOND-SANS-TEXTE.png\",\"contentUrl\":\"https:\/\/dicodusport.fr\/blog\/wp-content\/uploads\/2020\/06\/cropped-LOGO-DICODUSPORT-2020-SANS-FOND-SANS-TEXTE.png\",\"width\":512,\"height\":512,\"caption\":\"Dicodusport\"},\"image\":{\"@id\":\"https:\/\/dicodusport.fr\/blog\/#\/schema\/logo\/image\/\"},\"sameAs\":[\"https:\/\/www.facebook.com\/dicodusport\",\"https:\/\/x.com\/dicodusport\",\"https:\/\/www.instagram.com\/dicodusport\/\",\"https:\/\/www.youtube.com\/channel\/UC7V2KZ5sd3htJivAbA4ZG3w\"],\"description\":\"Dicodusport est l'encyclop\u00e9die de l'actualit\u00e9 sportive.\",\"email\":\"bonjour@dicodusport.fr\",\"legalName\":\"DICODUSPORT\",\"foundingDate\":\"2018-01-14\",\"vatID\":\"FR71834470973\",\"taxID\":\"83447097300043\",\"numberOfEmployees\":{\"@type\":\"QuantitativeValue\",\"minValue\":\"1\",\"maxValue\":\"10\"}},{\"@type\":\"Person\",\"@id\":\"https:\/\/dicodusport.fr\/blog\/#\/schema\/person\/54b6cdccebdfcd5a1036c594aecffc2a\",\"name\":\"Louka Lesueur\",\"image\":{\"@type\":\"ImageObject\",\"inLanguage\":\"fr-FR\",\"@id\":\"https:\/\/dicodusport.fr\/blog\/#\/schema\/person\/image\/\",\"url\":\"https:\/\/dicodusport.fr\/blog\/wp-content\/uploads\/2023\/09\/IMG_2783-150x150.jpeg\",\"contentUrl\":\"https:\/\/dicodusport.fr\/blog\/wp-content\/uploads\/2023\/09\/IMG_2783-150x150.jpeg\",\"caption\":\"Louka Lesueur\"},\"description\":\"Passionn\u00e9 depuis tout petit par les exploits de Bolt, Fourcade, Riner, Lavillenie, Wilkinson, Hirscher. Les \u00e9motions provoqu\u00e9es par le sport ont berc\u00e9 mon enfance et continuent de le faire aujourd'hui. C'est ainsi qu'il m'est arriv\u00e9 de pleurer devant la d\u00e9faite des Bleus face aux Blacks en 2011, ou encore devant le titre olympique de Florent Manaudou \u00e0 Londres. Bien loin de ce milieu professionnel, j'ai os\u00e9 tenter ma chance pour rejoindre l'\u00e9quipe de r\u00e9daction de Dicodusport, et depuis septembre 2023, je tente de retransmettre au mieux les exploits des athl\u00e8tes, tous sports confondus. Grand chauvin, c'est bel et bien sur les sportifs tricolores que je pr\u00e9f\u00e8re \u00e9crire.\",\"sameAs\":[\"https:\/\/x.com\/https:\/\/twitter.com\/LNewsSF\"],\"gender\":\"Homme\",\"worksFor\":\"Louka LESUEUR\",\"url\":\"https:\/\/dicodusport.fr\/blog\/author\/louka-lesueur\/\"}]}<\/script>\n<!-- \/ Yoast SEO Premium plugin. -->","yoast_head_json":{"title":"Encore le podium pour Valentin Lejeune et Oscar Lombardot en IBU Cup \u00e0 Obertilliach","description":"IBU CUP 2025\/2026 - Valentin Lejeune et Oscar Lombardot ont de nouveau brill\u00e9 en prenant la 2\u00e8me et 3\u00e8me place de la poursuite d'Obertilliach.","robots":{"index":"index","follow":"follow","max-snippet":"max-snippet:-1","max-image-preview":"max-image-preview:large","max-video-preview":"max-video-preview:-1"},"canonical":"https:\/\/dicodusport.fr\/blog\/encore-le-podium-pour-valentin-lejeune-et-oscar-lombardot-en-ibu-cup-a-obertilliach\/","og_locale":"fr_FR","og_type":"article","og_title":"Encore le podium pour Valentin Lejeune et Oscar Lombardot en IBU Cup \u00e0 Obertilliach","og_description":"IBU CUP 2025\/2026 - Valentin Lejeune et Oscar Lombardot ont de nouveau brill\u00e9 en prenant la 2\u00e8me et 3\u00e8me place de la poursuite d'Obertilliach.","og_url":"https:\/\/dicodusport.fr\/blog\/encore-le-podium-pour-valentin-lejeune-et-oscar-lombardot-en-ibu-cup-a-obertilliach\/","og_site_name":"Dicodusport","article_publisher":"https:\/\/www.facebook.com\/dicodusport","article_published_time":"2025-12-07T13:16:02+00:00","article_modified_time":"2025-12-07T15:28:17+00:00","og_image":[{"width":1200,"height":674,"url":"https:\/\/dicodusport.fr\/blog\/wp-content\/uploads\/2025\/12\/Encore-le-podium-pour-Valentin-Lejeune-et-Oscar-Lombardot-en-IBU-Cup-a-Obertilliach.png","type":"image\/png"}],"author":"Louka Lesueur","twitter_card":"summary_large_image","twitter_title":"Encore le podium pour Valentin Lejeune et Oscar Lombardot en IBU Cup \u00e0 Obertilliach","twitter_creator":"@https:\/\/twitter.com\/LNewsSF","twitter_site":"@dicodusport","schema":{"@context":"https:\/\/schema.org","@graph":[{"@type":"NewsArticle","@id":"https:\/\/dicodusport.fr\/blog\/encore-le-podium-pour-valentin-lejeune-et-oscar-lombardot-en-ibu-cup-a-obertilliach\/#article","isPartOf":{"@id":"https:\/\/dicodusport.fr\/blog\/encore-le-podium-pour-valentin-lejeune-et-oscar-lombardot-en-ibu-cup-a-obertilliach\/"},"author":{"name":"Louka Lesueur","@id":"https:\/\/dicodusport.fr\/blog\/#\/schema\/person\/54b6cdccebdfcd5a1036c594aecffc2a"},"headline":"Encore le podium pour Valentin Lejeune et Oscar Lombardot en IBU Cup \u00e0 Obertilliach","datePublished":"2025-12-07T13:16:02+00:00","dateModified":"2025-12-07T15:28:17+00:00","mainEntityOfPage":{"@id":"https:\/\/dicodusport.fr\/blog\/encore-le-podium-pour-valentin-lejeune-et-oscar-lombardot-en-ibu-cup-a-obertilliach\/"},"wordCount":284,"commentCount":0,"publisher":{"@id":"https:\/\/dicodusport.fr\/blog\/#organization"},"image":{"@id":"https:\/\/dicodusport.fr\/blog\/encore-le-podium-pour-valentin-lejeune-et-oscar-lombardot-en-ibu-cup-a-obertilliach\/#primaryimage"},"thumbnailUrl":"https:\/\/dicodusport.fr\/blog\/wp-content\/uploads\/2025\/12\/Encore-le-podium-pour-Valentin-Lejeune-et-Oscar-Lombardot-en-IBU-Cup-a-Obertilliach.png","keywords":["Biathlon","br\u00e8ve","IBU Cup Obertilliach","Oscar Lombardot"],"articleSection":["Biathlon"],"inLanguage":"fr-FR","potentialAction":[{"@type":"CommentAction","name":"Comment","target":["https:\/\/dicodusport.fr\/blog\/encore-le-podium-pour-valentin-lejeune-et-oscar-lombardot-en-ibu-cup-a-obertilliach\/#respond"]}],"copyrightYear":"2025","copyrightHolder":{"@id":"https:\/\/dicodusport.fr\/blog\/#organization"}},{"@type":"WebPage","@id":"https:\/\/dicodusport.fr\/blog\/encore-le-podium-pour-valentin-lejeune-et-oscar-lombardot-en-ibu-cup-a-obertilliach\/","url":"https:\/\/dicodusport.fr\/blog\/encore-le-podium-pour-valentin-lejeune-et-oscar-lombardot-en-ibu-cup-a-obertilliach\/","name":"Encore le podium pour Valentin Lejeune et Oscar Lombardot en IBU Cup \u00e0 Obertilliach","isPartOf":{"@id":"https:\/\/dicodusport.fr\/blog\/#website"},"primaryImageOfPage":{"@id":"https:\/\/dicodusport.fr\/blog\/encore-le-podium-pour-valentin-lejeune-et-oscar-lombardot-en-ibu-cup-a-obertilliach\/#primaryimage"},"image":{"@id":"https:\/\/dicodusport.fr\/blog\/encore-le-podium-pour-valentin-lejeune-et-oscar-lombardot-en-ibu-cup-a-obertilliach\/#primaryimage"},"thumbnailUrl":"https:\/\/dicodusport.fr\/blog\/wp-content\/uploads\/2025\/12\/Encore-le-podium-pour-Valentin-Lejeune-et-Oscar-Lombardot-en-IBU-Cup-a-Obertilliach.png","datePublished":"2025-12-07T13:16:02+00:00","dateModified":"2025-12-07T15:28:17+00:00","description":"IBU CUP 2025\/2026 - Valentin Lejeune et Oscar Lombardot ont de nouveau brill\u00e9 en prenant la 2\u00e8me et 3\u00e8me place de la poursuite d'Obertilliach.","breadcrumb":{"@id":"https:\/\/dicodusport.fr\/blog\/encore-le-podium-pour-valentin-lejeune-et-oscar-lombardot-en-ibu-cup-a-obertilliach\/#breadcrumb"},"inLanguage":"fr-FR","potentialAction":[{"@type":"ReadAction","target":["https:\/\/dicodusport.fr\/blog\/encore-le-podium-pour-valentin-lejeune-et-oscar-lombardot-en-ibu-cup-a-obertilliach\/"]}]},{"@type":"ImageObject","inLanguage":"fr-FR","@id":"https:\/\/dicodusport.fr\/blog\/encore-le-podium-pour-valentin-lejeune-et-oscar-lombardot-en-ibu-cup-a-obertilliach\/#primaryimage","url":"https:\/\/dicodusport.fr\/blog\/wp-content\/uploads\/2025\/12\/Encore-le-podium-pour-Valentin-Lejeune-et-Oscar-Lombardot-en-IBU-Cup-a-Obertilliach.png","contentUrl":"https:\/\/dicodusport.fr\/blog\/wp-content\/uploads\/2025\/12\/Encore-le-podium-pour-Valentin-Lejeune-et-Oscar-Lombardot-en-IBU-Cup-a-Obertilliach.png","width":1200,"height":674,"caption":"Encore le podium pour Valentin Lejeune et Oscar Lombardot en IBU Cup \u00e0 Obertilliach"},{"@type":"BreadcrumbList","@id":"https:\/\/dicodusport.fr\/blog\/encore-le-podium-pour-valentin-lejeune-et-oscar-lombardot-en-ibu-cup-a-obertilliach\/#breadcrumb","itemListElement":[{"@type":"ListItem","position":1,"name":"Accueil","item":"https:\/\/dicodusport.fr\/blog\/"},{"@type":"ListItem","position":2,"name":"Encore le podium pour Valentin Lejeune et Oscar Lombardot en IBU Cup \u00e0 Obertilliach"}]},{"@type":"WebSite","@id":"https:\/\/dicodusport.fr\/blog\/#website","url":"https:\/\/dicodusport.fr\/blog\/","name":"Dicodusport","description":"L&#039;encyclop\u00e9die de l&#039;actualit\u00e9 sportive","publisher":{"@id":"https:\/\/dicodusport.fr\/blog\/#organization"},"potentialAction":[{"@type":"SearchAction","target":{"@type":"EntryPoint","urlTemplate":"https:\/\/dicodusport.fr\/blog\/?s={search_term_string}"},"query-input":{"@type":"PropertyValueSpecification","valueRequired":true,"valueName":"search_term_string"}}],"inLanguage":"fr-FR"},{"@type":"NewsMediaOrganization","@id":"https:\/\/dicodusport.fr\/blog\/#organization","name":"Dicodusport","url":"https:\/\/dicodusport.fr\/blog\/","logo":{"@type":"ImageObject","inLanguage":"fr-FR","@id":"https:\/\/dicodusport.fr\/blog\/#\/schema\/logo\/image\/","url":"https:\/\/dicodusport.fr\/blog\/wp-content\/uploads\/2020\/06\/cropped-LOGO-DICODUSPORT-2020-SANS-FOND-SANS-TEXTE.png","contentUrl":"https:\/\/dicodusport.fr\/blog\/wp-content\/uploads\/2020\/06\/cropped-LOGO-DICODUSPORT-2020-SANS-FOND-SANS-TEXTE.png","width":512,"height":512,"caption":"Dicodusport"},"image":{"@id":"https:\/\/dicodusport.fr\/blog\/#\/schema\/logo\/image\/"},"sameAs":["https:\/\/www.facebook.com\/dicodusport","https:\/\/x.com\/dicodusport","https:\/\/www.instagram.com\/dicodusport\/","https:\/\/www.youtube.com\/channel\/UC7V2KZ5sd3htJivAbA4ZG3w"],"description":"Dicodusport est l'encyclop\u00e9die de l'actualit\u00e9 sportive.","email":"bonjour@dicodusport.fr","legalName":"DICODUSPORT","foundingDate":"2018-01-14","vatID":"FR71834470973","taxID":"83447097300043","numberOfEmployees":{"@type":"QuantitativeValue","minValue":"1","maxValue":"10"}},{"@type":"Person","@id":"https:\/\/dicodusport.fr\/blog\/#\/schema\/person\/54b6cdccebdfcd5a1036c594aecffc2a","name":"Louka Lesueur","image":{"@type":"ImageObject","inLanguage":"fr-FR","@id":"https:\/\/dicodusport.fr\/blog\/#\/schema\/person\/image\/","url":"https:\/\/dicodusport.fr\/blog\/wp-content\/uploads\/2023\/09\/IMG_2783-150x150.jpeg","contentUrl":"https:\/\/dicodusport.fr\/blog\/wp-content\/uploads\/2023\/09\/IMG_2783-150x150.jpeg","caption":"Louka Lesueur"},"description":"Passionn\u00e9 depuis tout petit par les exploits de Bolt, Fourcade, Riner, Lavillenie, Wilkinson, Hirscher. Les \u00e9motions provoqu\u00e9es par le sport ont berc\u00e9 mon enfance et continuent de le faire aujourd'hui. C'est ainsi qu'il m'est arriv\u00e9 de pleurer devant la d\u00e9faite des Bleus face aux Blacks en 2011, ou encore devant le titre olympique de Florent Manaudou \u00e0 Londres. Bien loin de ce milieu professionnel, j'ai os\u00e9 tenter ma chance pour rejoindre l'\u00e9quipe de r\u00e9daction de Dicodusport, et depuis septembre 2023, je tente de retransmettre au mieux les exploits des athl\u00e8tes, tous sports confondus. Grand chauvin, c'est bel et bien sur les sportifs tricolores que je pr\u00e9f\u00e8re \u00e9crire.","sameAs":["https:\/\/x.com\/https:\/\/twitter.com\/LNewsSF"],"gender":"Homme","worksFor":"Louka LESUEUR","url":"https:\/\/dicodusport.fr\/blog\/author\/louka-lesueur\/"}]}},"_links":{"self":[{"href":"https:\/\/dicodusport.fr\/blog\/wp-json\/wp\/v2\/posts\/630834","targetHints":{"allow":["GET"]}}],"collection":[{"href":"https:\/\/dicodusport.fr\/blog\/wp-json\/wp\/v2\/posts"}],"about":[{"href":"https:\/\/dicodusport.fr\/blog\/wp-json\/wp\/v2\/types\/post"}],"author":[{"embeddable":true,"href":"https:\/\/dicodusport.fr\/blog\/wp-json\/wp\/v2\/users\/89"}],"replies":[{"embeddable":true,"href":"https:\/\/dicodusport.fr\/blog\/wp-json\/wp\/v2\/comments?post=630834"}],"version-history":[{"count":3,"href":"https:\/\/dicodusport.fr\/blog\/wp-json\/wp\/v2\/posts\/630834\/revisions"}],"predecessor-version":[{"id":630947,"href":"https:\/\/dicodusport.fr\/blog\/wp-json\/wp\/v2\/posts\/630834\/revisions\/630947"}],"wp:featuredmedia":[{"embeddable":true,"href":"https:\/\/dicodusport.fr\/blog\/wp-json\/wp\/v2\/media\/630946"}],"wp:attachment":[{"href":"https:\/\/dicodusport.fr\/blog\/wp-json\/wp\/v2\/media?parent=630834"}],"wp:term":[{"taxonomy":"category","embeddable":true,"href":"https:\/\/dicodusport.fr\/blog\/wp-json\/wp\/v2\/categories?post=630834"},{"taxonomy":"post_tag","embeddable":true,"href":"https:\/\/dicodusport.fr\/blog\/wp-json\/wp\/v2\/tags?post=630834"}],"curies":[{"name":"wp","href":"https:\/\/api.w.org\/{rel}","templated":true}]}}