{"id":631421,"date":"2025-12-10T14:40:10","date_gmt":"2025-12-10T13:40:10","guid":{"rendered":"https:\/\/dicodusport.fr\/blog\/?p=631421&#038;preview=true&#038;preview_id=631421"},"modified":"2026-03-09T10:39:12","modified_gmt":"2026-03-09T09:39:12","slug":"jules-segers-frappe-dentree-en-coupe-du-monde-de-para-ski-alpin-quatre-podiums-pour-les-bleus-en-autriche","status":"publish","type":"post","link":"https:\/\/dicodusport.fr\/blog\/jules-segers-frappe-dentree-en-coupe-du-monde-de-para-ski-alpin-quatre-podiums-pour-les-bleus-en-autriche\/","title":{"rendered":"Jules Segers frappe d&rsquo;entr\u00e9e en Coupe du monde de para ski alpin, quatre podiums pour les Bleus en Autriche"},"content":{"rendered":"<p style=\"text-align: justify;\"><strong><em>COUPE DU MONDE DE PARA SKI ALPIN 2025\/2026 &#8211; Quatre podiums pour les Bleus, avec en point d&rsquo;orgue la toute premi\u00e8re victoire de Jules Segers.<\/em><\/strong><\/p>\n<p style=\"text-align: justify;\">Quand on pense para ski alpin en France, on pense <strong>Arthur Bauchet<\/strong>. Le roi de la discipline avec ses trois titres paralympiques, ses 12 m\u00e9dailles d&rsquo;or mondiales et ses 24 globes de cristal. Mais quand le chat n&rsquo;est pas l\u00e0, comme sur la premi\u00e8re manche de la saison en Autriche, \u00e0 Steinach am Brenner, les souris dansent, notamment les souris fran\u00e7aises sur le combin\u00e9 qui ouvrait la saison aujourd&rsquo;hui.<\/p>\n<h2 style=\"text-align: justify;\">Grande premi\u00e8re pour Segers<\/h2>\n<p style=\"text-align: justify;\">Et en particulier <strong>Jules Segers<\/strong>. Souvent dans l&rsquo;ombre de son illustre compatriote, il rayonne \u00e0 la moindre occasion, comme sur ce combin\u00e9. Meilleur temps de la descente en cat\u00e9gorie debout, il a parfaitement assur\u00e9 sur le slalom et s&rsquo;impose avec une belle marge de 37 centi\u00e8mes sur la concurrence. <strong>C&rsquo;est tout simplement sa premi\u00e8re victoire en Coupe du monde, \u00e0 23 ans<\/strong> : pour un skieur dont l&rsquo;objectif r\u00eav\u00e9 est une m\u00e9daille aux Jeux Paralympiques de Milan-Cortina en mars prochain, il pourrait m\u00eame viser plus haut ! Dommage qu&rsquo;<strong>Oscar Burnham<\/strong> et <strong>Jordan Broisin<\/strong>, 4\u00e8me et 5\u00e8me, n&rsquo;aient pu le rejoindre sur la bo\u00eete.<\/p>\n<p style=\"text-align: justify;\">Mais il a tout de m\u00eame plu des podiums pour les Bleus. En cat\u00e9gorie assis, <strong>Lou Braz-Dagand<\/strong> a sign\u00e9 un slalom extraordinaire, avec le meilleur temps, pour s&rsquo;offrir la troisi\u00e8me place au g\u00e9n\u00e9ral. Grand habitu\u00e9 des pistes, <strong>Hyacinthe Deleplace <\/strong>a pris la deuxi\u00e8me place en cat\u00e9gorie malvoyants, tr\u00e8s loin toutefois de l&rsquo;intouchable Polonais <strong>Michal Golas<\/strong>. Enfin, <strong>Aur\u00e9lie Richard<\/strong>, troisi\u00e8me du classement g\u00e9n\u00e9ral la saison pass\u00e9e, continue son ascension avec une deuxi\u00e8me place en cat\u00e9gorie debout, derri\u00e8re <strong>Zhang Mengqiu<\/strong>, soit la meilleure du monde, puisqu&rsquo;elle \u00e9tait quintuple m\u00e9daill\u00e9e lors des derniers Jeux Paralympiques. De quoi parfaitement lancer une saison qui s&rsquo;annonce riche en podiums pour l&rsquo;\u00e9quipe de France.<\/p>\n","protected":false},"excerpt":{"rendered":"<p>COUPE DU MONDE DE PARA SKI ALPIN 2025\/2026 &#8211; Quatre podiums pour les Bleus, avec en point d&rsquo;orgue la toute premi\u00e8re victoire de Jules Segers.<\/p>\n","protected":false},"author":59,"featured_media":631422,"comment_status":"open","ping_status":"closed","sticky":false,"template":"","format":"standard","meta":{"_acf_changed":false,"_daextam_enable_autolinks":"1","footnotes":""},"categories":[5753,9217],"tags":[16878,44964],"class_list":["post-631421","post","type-post","status-publish","format-standard","has-post-thumbnail","hentry","category-handisport","category-ski","tag-breve","tag-coupe-du-monde-de-para-ski-alpin"],"acf":[],"yoast_head":"<!-- This site is optimized with the Yoast SEO Premium plugin v26.7 (Yoast SEO v26.7) - https:\/\/yoast.com\/wordpress\/plugins\/seo\/ -->\n<title>Jules Segers frappe d&#039;entr\u00e9e en Coupe du monde de para ski alpin, quatre podiums pour les Bleus en Autriche<\/title>\n<meta name=\"description\" content=\"COUPE DU MONDE DE PARA SKI ALPIN 2025\/2026 - Quatre podiums pour les Bleus, avec en point d&#039;orgue la toute premi\u00e8re victoire de Jules Segers.\" \/>\n<meta name=\"robots\" content=\"index, follow, max-snippet:-1, max-image-preview:large, max-video-preview:-1\" \/>\n<link rel=\"canonical\" href=\"https:\/\/dicodusport.fr\/blog\/jules-segers-frappe-dentree-en-coupe-du-monde-de-para-ski-alpin-quatre-podiums-pour-les-bleus-en-autriche\/\" \/>\n<meta property=\"og:locale\" content=\"fr_FR\" \/>\n<meta property=\"og:type\" content=\"article\" \/>\n<meta property=\"og:title\" content=\"Jules Segers frappe d&#039;entr\u00e9e en Coupe du monde de para ski alpin, quatre podiums pour les Bleus en Autriche\" \/>\n<meta property=\"og:description\" content=\"COUPE DU MONDE DE PARA SKI ALPIN 2025\/2026 - Quatre podiums pour les Bleus, avec en point d&#039;orgue la toute premi\u00e8re victoire de Jules Segers.\" \/>\n<meta property=\"og:url\" content=\"https:\/\/dicodusport.fr\/blog\/jules-segers-frappe-dentree-en-coupe-du-monde-de-para-ski-alpin-quatre-podiums-pour-les-bleus-en-autriche\/\" \/>\n<meta property=\"og:site_name\" content=\"Dicodusport\" \/>\n<meta property=\"article:publisher\" content=\"https:\/\/www.facebook.com\/dicodusport\" \/>\n<meta property=\"article:author\" content=\"https:\/\/www.facebook.com\/sebastien.gente\/\" \/>\n<meta property=\"article:published_time\" content=\"2025-12-10T13:40:10+00:00\" \/>\n<meta property=\"article:modified_time\" content=\"2026-03-09T09:39:12+00:00\" \/>\n<meta property=\"og:image\" content=\"https:\/\/dicodusport.fr\/blog\/wp-content\/uploads\/2025\/12\/Jules-Segers-frappe-dentree-en-Coupe-du-monde-de-para-ski-alpin-quatre-podiums-pour-les-Bleus-en-Autriche.png\" \/>\n\t<meta property=\"og:image:width\" content=\"1200\" \/>\n\t<meta property=\"og:image:height\" content=\"674\" \/>\n\t<meta property=\"og:image:type\" content=\"image\/png\" \/>\n<meta name=\"author\" content=\"S\u00e9bastien Gente\" \/>\n<meta name=\"twitter:card\" content=\"summary_large_image\" \/>\n<meta name=\"twitter:title\" content=\"Jules Segers frappe d&#039;entr\u00e9e en Coupe du monde de para ski alpin, quatre podiums pour les Bleus en Autriche\" \/>\n<meta name=\"twitter:creator\" content=\"@https:\/\/twitter.com\/globulo24\" \/>\n<meta name=\"twitter:site\" content=\"@dicodusport\" \/>\n<script type=\"application\/ld+json\" class=\"yoast-schema-graph\">{\"@context\":\"https:\/\/schema.org\",\"@graph\":[{\"@type\":\"NewsArticle\",\"@id\":\"https:\/\/dicodusport.fr\/blog\/jules-segers-frappe-dentree-en-coupe-du-monde-de-para-ski-alpin-quatre-podiums-pour-les-bleus-en-autriche\/#article\",\"isPartOf\":{\"@id\":\"https:\/\/dicodusport.fr\/blog\/jules-segers-frappe-dentree-en-coupe-du-monde-de-para-ski-alpin-quatre-podiums-pour-les-bleus-en-autriche\/\"},\"author\":{\"name\":\"S\u00e9bastien Gente\",\"@id\":\"https:\/\/dicodusport.fr\/blog\/#\/schema\/person\/627966a6cde45dbd8c5e36ac85d783da\"},\"headline\":\"Jules Segers frappe d&rsquo;entr\u00e9e en Coupe du monde de para ski alpin, quatre podiums pour les Bleus en Autriche\",\"datePublished\":\"2025-12-10T13:40:10+00:00\",\"dateModified\":\"2026-03-09T09:39:12+00:00\",\"mainEntityOfPage\":{\"@id\":\"https:\/\/dicodusport.fr\/blog\/jules-segers-frappe-dentree-en-coupe-du-monde-de-para-ski-alpin-quatre-podiums-pour-les-bleus-en-autriche\/\"},\"wordCount\":364,\"commentCount\":0,\"publisher\":{\"@id\":\"https:\/\/dicodusport.fr\/blog\/#organization\"},\"image\":{\"@id\":\"https:\/\/dicodusport.fr\/blog\/jules-segers-frappe-dentree-en-coupe-du-monde-de-para-ski-alpin-quatre-podiums-pour-les-bleus-en-autriche\/#primaryimage\"},\"thumbnailUrl\":\"https:\/\/dicodusport.fr\/blog\/wp-content\/uploads\/2025\/12\/Jules-Segers-frappe-dentree-en-Coupe-du-monde-de-para-ski-alpin-quatre-podiums-pour-les-Bleus-en-Autriche.png\",\"keywords\":[\"br\u00e8ve\",\"Coupe du monde de para ski alpin\"],\"articleSection\":[\"Handisport\",\"Ski\"],\"inLanguage\":\"fr-FR\",\"potentialAction\":[{\"@type\":\"CommentAction\",\"name\":\"Comment\",\"target\":[\"https:\/\/dicodusport.fr\/blog\/jules-segers-frappe-dentree-en-coupe-du-monde-de-para-ski-alpin-quatre-podiums-pour-les-bleus-en-autriche\/#respond\"]}],\"copyrightYear\":\"2025\",\"copyrightHolder\":{\"@id\":\"https:\/\/dicodusport.fr\/blog\/#organization\"}},{\"@type\":\"WebPage\",\"@id\":\"https:\/\/dicodusport.fr\/blog\/jules-segers-frappe-dentree-en-coupe-du-monde-de-para-ski-alpin-quatre-podiums-pour-les-bleus-en-autriche\/\",\"url\":\"https:\/\/dicodusport.fr\/blog\/jules-segers-frappe-dentree-en-coupe-du-monde-de-para-ski-alpin-quatre-podiums-pour-les-bleus-en-autriche\/\",\"name\":\"Jules Segers frappe d'entr\u00e9e en Coupe du monde de para ski alpin, quatre podiums pour les Bleus en Autriche\",\"isPartOf\":{\"@id\":\"https:\/\/dicodusport.fr\/blog\/#website\"},\"primaryImageOfPage\":{\"@id\":\"https:\/\/dicodusport.fr\/blog\/jules-segers-frappe-dentree-en-coupe-du-monde-de-para-ski-alpin-quatre-podiums-pour-les-bleus-en-autriche\/#primaryimage\"},\"image\":{\"@id\":\"https:\/\/dicodusport.fr\/blog\/jules-segers-frappe-dentree-en-coupe-du-monde-de-para-ski-alpin-quatre-podiums-pour-les-bleus-en-autriche\/#primaryimage\"},\"thumbnailUrl\":\"https:\/\/dicodusport.fr\/blog\/wp-content\/uploads\/2025\/12\/Jules-Segers-frappe-dentree-en-Coupe-du-monde-de-para-ski-alpin-quatre-podiums-pour-les-Bleus-en-Autriche.png\",\"datePublished\":\"2025-12-10T13:40:10+00:00\",\"dateModified\":\"2026-03-09T09:39:12+00:00\",\"description\":\"COUPE DU MONDE DE PARA SKI ALPIN 2025\/2026 - Quatre podiums pour les Bleus, avec en point d'orgue la toute premi\u00e8re victoire de Jules Segers.\",\"breadcrumb\":{\"@id\":\"https:\/\/dicodusport.fr\/blog\/jules-segers-frappe-dentree-en-coupe-du-monde-de-para-ski-alpin-quatre-podiums-pour-les-bleus-en-autriche\/#breadcrumb\"},\"inLanguage\":\"fr-FR\",\"potentialAction\":[{\"@type\":\"ReadAction\",\"target\":[\"https:\/\/dicodusport.fr\/blog\/jules-segers-frappe-dentree-en-coupe-du-monde-de-para-ski-alpin-quatre-podiums-pour-les-bleus-en-autriche\/\"]}]},{\"@type\":\"ImageObject\",\"inLanguage\":\"fr-FR\",\"@id\":\"https:\/\/dicodusport.fr\/blog\/jules-segers-frappe-dentree-en-coupe-du-monde-de-para-ski-alpin-quatre-podiums-pour-les-bleus-en-autriche\/#primaryimage\",\"url\":\"https:\/\/dicodusport.fr\/blog\/wp-content\/uploads\/2025\/12\/Jules-Segers-frappe-dentree-en-Coupe-du-monde-de-para-ski-alpin-quatre-podiums-pour-les-Bleus-en-Autriche.png\",\"contentUrl\":\"https:\/\/dicodusport.fr\/blog\/wp-content\/uploads\/2025\/12\/Jules-Segers-frappe-dentree-en-Coupe-du-monde-de-para-ski-alpin-quatre-podiums-pour-les-Bleus-en-Autriche.png\",\"width\":1200,\"height\":674,\"caption\":\"Jules Segers frappe d'entr\u00e9e en Coupe du monde de para ski alpin, quatre podiums pour les Bleus en Autriche\"},{\"@type\":\"BreadcrumbList\",\"@id\":\"https:\/\/dicodusport.fr\/blog\/jules-segers-frappe-dentree-en-coupe-du-monde-de-para-ski-alpin-quatre-podiums-pour-les-bleus-en-autriche\/#breadcrumb\",\"itemListElement\":[{\"@type\":\"ListItem\",\"position\":1,\"name\":\"Accueil\",\"item\":\"https:\/\/dicodusport.fr\/blog\/\"},{\"@type\":\"ListItem\",\"position\":2,\"name\":\"Jules Segers frappe d&rsquo;entr\u00e9e en Coupe du monde de para ski alpin, quatre podiums pour les Bleus en Autriche\"}]},{\"@type\":\"WebSite\",\"@id\":\"https:\/\/dicodusport.fr\/blog\/#website\",\"url\":\"https:\/\/dicodusport.fr\/blog\/\",\"name\":\"Dicodusport\",\"description\":\"L&#039;encyclop\u00e9die de l&#039;actualit\u00e9 sportive\",\"publisher\":{\"@id\":\"https:\/\/dicodusport.fr\/blog\/#organization\"},\"potentialAction\":[{\"@type\":\"SearchAction\",\"target\":{\"@type\":\"EntryPoint\",\"urlTemplate\":\"https:\/\/dicodusport.fr\/blog\/?s={search_term_string}\"},\"query-input\":{\"@type\":\"PropertyValueSpecification\",\"valueRequired\":true,\"valueName\":\"search_term_string\"}}],\"inLanguage\":\"fr-FR\"},{\"@type\":\"NewsMediaOrganization\",\"@id\":\"https:\/\/dicodusport.fr\/blog\/#organization\",\"name\":\"Dicodusport\",\"url\":\"https:\/\/dicodusport.fr\/blog\/\",\"logo\":{\"@type\":\"ImageObject\",\"inLanguage\":\"fr-FR\",\"@id\":\"https:\/\/dicodusport.fr\/blog\/#\/schema\/logo\/image\/\",\"url\":\"https:\/\/dicodusport.fr\/blog\/wp-content\/uploads\/2020\/06\/cropped-LOGO-DICODUSPORT-2020-SANS-FOND-SANS-TEXTE.png\",\"contentUrl\":\"https:\/\/dicodusport.fr\/blog\/wp-content\/uploads\/2020\/06\/cropped-LOGO-DICODUSPORT-2020-SANS-FOND-SANS-TEXTE.png\",\"width\":512,\"height\":512,\"caption\":\"Dicodusport\"},\"image\":{\"@id\":\"https:\/\/dicodusport.fr\/blog\/#\/schema\/logo\/image\/\"},\"sameAs\":[\"https:\/\/www.facebook.com\/dicodusport\",\"https:\/\/x.com\/dicodusport\",\"https:\/\/www.instagram.com\/dicodusport\/\",\"https:\/\/www.youtube.com\/channel\/UC7V2KZ5sd3htJivAbA4ZG3w\"],\"description\":\"Dicodusport est l'encyclop\u00e9die de l'actualit\u00e9 sportive.\",\"email\":\"bonjour@dicodusport.fr\",\"legalName\":\"DICODUSPORT\",\"foundingDate\":\"2018-01-14\",\"vatID\":\"FR71834470973\",\"taxID\":\"83447097300043\",\"numberOfEmployees\":{\"@type\":\"QuantitativeValue\",\"minValue\":\"1\",\"maxValue\":\"10\"}},{\"@type\":\"Person\",\"@id\":\"https:\/\/dicodusport.fr\/blog\/#\/schema\/person\/627966a6cde45dbd8c5e36ac85d783da\",\"name\":\"S\u00e9bastien Gente\",\"image\":{\"@type\":\"ImageObject\",\"inLanguage\":\"fr-FR\",\"@id\":\"https:\/\/dicodusport.fr\/blog\/#\/schema\/person\/image\/\",\"url\":\"https:\/\/dicodusport.fr\/blog\/wp-content\/uploads\/2021\/09\/1510990_10205810251400683_4124423575079401707_n-150x150.jpg\",\"contentUrl\":\"https:\/\/dicodusport.fr\/blog\/wp-content\/uploads\/2021\/09\/1510990_10205810251400683_4124423575079401707_n-150x150.jpg\",\"caption\":\"S\u00e9bastien Gente\"},\"description\":\"John Stockton, Gianni Bugno, Zinedine Zidane, Steffi Graf, Frode Andresen, St\u00e9phane Stoecklin, Davis Kamoga, Primoz Peterka, Werner Schlager et Aur\u00e9lien Rougerie. Point commun entre ces sportifs? Ils m'ont fait r\u00eaver et ont berc\u00e9 mon adolescence. Je suis un fondu de sports et j'essaie de retranscrire ma passion \u00e0 travers mes articles. Originaire du P\u00e9rigord, ma passion pour les Girondins, les Jaunards et les Jazzmen transpire dans mes \u00e9crits. \u00c0 Dicodusport depuis 2021, je d\u00e9niche les sports m\u00e9connus dans lesquels la France brille, et il y en a !\",\"sameAs\":[\"https:\/\/www.facebook.com\/sebastien.gente\/\",\"https:\/\/www.instagram.com\/sebgente\/\",\"https:\/\/www.linkedin.com\/in\/sbastien-gente-a29583169\/\",\"https:\/\/x.com\/https:\/\/twitter.com\/globulo24\",\"SebastienGente\"],\"worksFor\":\"S\u00e9bastien GENTE\",\"url\":\"https:\/\/dicodusport.fr\/blog\/author\/sebastiengente\/\"}]}<\/script>\n<!-- \/ Yoast SEO Premium plugin. -->","yoast_head_json":{"title":"Jules Segers frappe d'entr\u00e9e en Coupe du monde de para ski alpin, quatre podiums pour les Bleus en Autriche","description":"COUPE DU MONDE DE PARA SKI ALPIN 2025\/2026 - Quatre podiums pour les Bleus, avec en point d'orgue la toute premi\u00e8re victoire de Jules Segers.","robots":{"index":"index","follow":"follow","max-snippet":"max-snippet:-1","max-image-preview":"max-image-preview:large","max-video-preview":"max-video-preview:-1"},"canonical":"https:\/\/dicodusport.fr\/blog\/jules-segers-frappe-dentree-en-coupe-du-monde-de-para-ski-alpin-quatre-podiums-pour-les-bleus-en-autriche\/","og_locale":"fr_FR","og_type":"article","og_title":"Jules Segers frappe d'entr\u00e9e en Coupe du monde de para ski alpin, quatre podiums pour les Bleus en Autriche","og_description":"COUPE DU MONDE DE PARA SKI ALPIN 2025\/2026 - Quatre podiums pour les Bleus, avec en point d'orgue la toute premi\u00e8re victoire de Jules Segers.","og_url":"https:\/\/dicodusport.fr\/blog\/jules-segers-frappe-dentree-en-coupe-du-monde-de-para-ski-alpin-quatre-podiums-pour-les-bleus-en-autriche\/","og_site_name":"Dicodusport","article_publisher":"https:\/\/www.facebook.com\/dicodusport","article_author":"https:\/\/www.facebook.com\/sebastien.gente\/","article_published_time":"2025-12-10T13:40:10+00:00","article_modified_time":"2026-03-09T09:39:12+00:00","og_image":[{"width":1200,"height":674,"url":"https:\/\/dicodusport.fr\/blog\/wp-content\/uploads\/2025\/12\/Jules-Segers-frappe-dentree-en-Coupe-du-monde-de-para-ski-alpin-quatre-podiums-pour-les-Bleus-en-Autriche.png","type":"image\/png"}],"author":"S\u00e9bastien Gente","twitter_card":"summary_large_image","twitter_title":"Jules Segers frappe d'entr\u00e9e en Coupe du monde de para ski alpin, quatre podiums pour les Bleus en Autriche","twitter_creator":"@https:\/\/twitter.com\/globulo24","twitter_site":"@dicodusport","schema":{"@context":"https:\/\/schema.org","@graph":[{"@type":"NewsArticle","@id":"https:\/\/dicodusport.fr\/blog\/jules-segers-frappe-dentree-en-coupe-du-monde-de-para-ski-alpin-quatre-podiums-pour-les-bleus-en-autriche\/#article","isPartOf":{"@id":"https:\/\/dicodusport.fr\/blog\/jules-segers-frappe-dentree-en-coupe-du-monde-de-para-ski-alpin-quatre-podiums-pour-les-bleus-en-autriche\/"},"author":{"name":"S\u00e9bastien Gente","@id":"https:\/\/dicodusport.fr\/blog\/#\/schema\/person\/627966a6cde45dbd8c5e36ac85d783da"},"headline":"Jules Segers frappe d&rsquo;entr\u00e9e en Coupe du monde de para ski alpin, quatre podiums pour les Bleus en Autriche","datePublished":"2025-12-10T13:40:10+00:00","dateModified":"2026-03-09T09:39:12+00:00","mainEntityOfPage":{"@id":"https:\/\/dicodusport.fr\/blog\/jules-segers-frappe-dentree-en-coupe-du-monde-de-para-ski-alpin-quatre-podiums-pour-les-bleus-en-autriche\/"},"wordCount":364,"commentCount":0,"publisher":{"@id":"https:\/\/dicodusport.fr\/blog\/#organization"},"image":{"@id":"https:\/\/dicodusport.fr\/blog\/jules-segers-frappe-dentree-en-coupe-du-monde-de-para-ski-alpin-quatre-podiums-pour-les-bleus-en-autriche\/#primaryimage"},"thumbnailUrl":"https:\/\/dicodusport.fr\/blog\/wp-content\/uploads\/2025\/12\/Jules-Segers-frappe-dentree-en-Coupe-du-monde-de-para-ski-alpin-quatre-podiums-pour-les-Bleus-en-Autriche.png","keywords":["br\u00e8ve","Coupe du monde de para ski alpin"],"articleSection":["Handisport","Ski"],"inLanguage":"fr-FR","potentialAction":[{"@type":"CommentAction","name":"Comment","target":["https:\/\/dicodusport.fr\/blog\/jules-segers-frappe-dentree-en-coupe-du-monde-de-para-ski-alpin-quatre-podiums-pour-les-bleus-en-autriche\/#respond"]}],"copyrightYear":"2025","copyrightHolder":{"@id":"https:\/\/dicodusport.fr\/blog\/#organization"}},{"@type":"WebPage","@id":"https:\/\/dicodusport.fr\/blog\/jules-segers-frappe-dentree-en-coupe-du-monde-de-para-ski-alpin-quatre-podiums-pour-les-bleus-en-autriche\/","url":"https:\/\/dicodusport.fr\/blog\/jules-segers-frappe-dentree-en-coupe-du-monde-de-para-ski-alpin-quatre-podiums-pour-les-bleus-en-autriche\/","name":"Jules Segers frappe d'entr\u00e9e en Coupe du monde de para ski alpin, quatre podiums pour les Bleus en Autriche","isPartOf":{"@id":"https:\/\/dicodusport.fr\/blog\/#website"},"primaryImageOfPage":{"@id":"https:\/\/dicodusport.fr\/blog\/jules-segers-frappe-dentree-en-coupe-du-monde-de-para-ski-alpin-quatre-podiums-pour-les-bleus-en-autriche\/#primaryimage"},"image":{"@id":"https:\/\/dicodusport.fr\/blog\/jules-segers-frappe-dentree-en-coupe-du-monde-de-para-ski-alpin-quatre-podiums-pour-les-bleus-en-autriche\/#primaryimage"},"thumbnailUrl":"https:\/\/dicodusport.fr\/blog\/wp-content\/uploads\/2025\/12\/Jules-Segers-frappe-dentree-en-Coupe-du-monde-de-para-ski-alpin-quatre-podiums-pour-les-Bleus-en-Autriche.png","datePublished":"2025-12-10T13:40:10+00:00","dateModified":"2026-03-09T09:39:12+00:00","description":"COUPE DU MONDE DE PARA SKI ALPIN 2025\/2026 - Quatre podiums pour les Bleus, avec en point d'orgue la toute premi\u00e8re victoire de Jules Segers.","breadcrumb":{"@id":"https:\/\/dicodusport.fr\/blog\/jules-segers-frappe-dentree-en-coupe-du-monde-de-para-ski-alpin-quatre-podiums-pour-les-bleus-en-autriche\/#breadcrumb"},"inLanguage":"fr-FR","potentialAction":[{"@type":"ReadAction","target":["https:\/\/dicodusport.fr\/blog\/jules-segers-frappe-dentree-en-coupe-du-monde-de-para-ski-alpin-quatre-podiums-pour-les-bleus-en-autriche\/"]}]},{"@type":"ImageObject","inLanguage":"fr-FR","@id":"https:\/\/dicodusport.fr\/blog\/jules-segers-frappe-dentree-en-coupe-du-monde-de-para-ski-alpin-quatre-podiums-pour-les-bleus-en-autriche\/#primaryimage","url":"https:\/\/dicodusport.fr\/blog\/wp-content\/uploads\/2025\/12\/Jules-Segers-frappe-dentree-en-Coupe-du-monde-de-para-ski-alpin-quatre-podiums-pour-les-Bleus-en-Autriche.png","contentUrl":"https:\/\/dicodusport.fr\/blog\/wp-content\/uploads\/2025\/12\/Jules-Segers-frappe-dentree-en-Coupe-du-monde-de-para-ski-alpin-quatre-podiums-pour-les-Bleus-en-Autriche.png","width":1200,"height":674,"caption":"Jules Segers frappe d'entr\u00e9e en Coupe du monde de para ski alpin, quatre podiums pour les Bleus en Autriche"},{"@type":"BreadcrumbList","@id":"https:\/\/dicodusport.fr\/blog\/jules-segers-frappe-dentree-en-coupe-du-monde-de-para-ski-alpin-quatre-podiums-pour-les-bleus-en-autriche\/#breadcrumb","itemListElement":[{"@type":"ListItem","position":1,"name":"Accueil","item":"https:\/\/dicodusport.fr\/blog\/"},{"@type":"ListItem","position":2,"name":"Jules Segers frappe d&rsquo;entr\u00e9e en Coupe du monde de para ski alpin, quatre podiums pour les Bleus en Autriche"}]},{"@type":"WebSite","@id":"https:\/\/dicodusport.fr\/blog\/#website","url":"https:\/\/dicodusport.fr\/blog\/","name":"Dicodusport","description":"L&#039;encyclop\u00e9die de l&#039;actualit\u00e9 sportive","publisher":{"@id":"https:\/\/dicodusport.fr\/blog\/#organization"},"potentialAction":[{"@type":"SearchAction","target":{"@type":"EntryPoint","urlTemplate":"https:\/\/dicodusport.fr\/blog\/?s={search_term_string}"},"query-input":{"@type":"PropertyValueSpecification","valueRequired":true,"valueName":"search_term_string"}}],"inLanguage":"fr-FR"},{"@type":"NewsMediaOrganization","@id":"https:\/\/dicodusport.fr\/blog\/#organization","name":"Dicodusport","url":"https:\/\/dicodusport.fr\/blog\/","logo":{"@type":"ImageObject","inLanguage":"fr-FR","@id":"https:\/\/dicodusport.fr\/blog\/#\/schema\/logo\/image\/","url":"https:\/\/dicodusport.fr\/blog\/wp-content\/uploads\/2020\/06\/cropped-LOGO-DICODUSPORT-2020-SANS-FOND-SANS-TEXTE.png","contentUrl":"https:\/\/dicodusport.fr\/blog\/wp-content\/uploads\/2020\/06\/cropped-LOGO-DICODUSPORT-2020-SANS-FOND-SANS-TEXTE.png","width":512,"height":512,"caption":"Dicodusport"},"image":{"@id":"https:\/\/dicodusport.fr\/blog\/#\/schema\/logo\/image\/"},"sameAs":["https:\/\/www.facebook.com\/dicodusport","https:\/\/x.com\/dicodusport","https:\/\/www.instagram.com\/dicodusport\/","https:\/\/www.youtube.com\/channel\/UC7V2KZ5sd3htJivAbA4ZG3w"],"description":"Dicodusport est l'encyclop\u00e9die de l'actualit\u00e9 sportive.","email":"bonjour@dicodusport.fr","legalName":"DICODUSPORT","foundingDate":"2018-01-14","vatID":"FR71834470973","taxID":"83447097300043","numberOfEmployees":{"@type":"QuantitativeValue","minValue":"1","maxValue":"10"}},{"@type":"Person","@id":"https:\/\/dicodusport.fr\/blog\/#\/schema\/person\/627966a6cde45dbd8c5e36ac85d783da","name":"S\u00e9bastien Gente","image":{"@type":"ImageObject","inLanguage":"fr-FR","@id":"https:\/\/dicodusport.fr\/blog\/#\/schema\/person\/image\/","url":"https:\/\/dicodusport.fr\/blog\/wp-content\/uploads\/2021\/09\/1510990_10205810251400683_4124423575079401707_n-150x150.jpg","contentUrl":"https:\/\/dicodusport.fr\/blog\/wp-content\/uploads\/2021\/09\/1510990_10205810251400683_4124423575079401707_n-150x150.jpg","caption":"S\u00e9bastien Gente"},"description":"John Stockton, Gianni Bugno, Zinedine Zidane, Steffi Graf, Frode Andresen, St\u00e9phane Stoecklin, Davis Kamoga, Primoz Peterka, Werner Schlager et Aur\u00e9lien Rougerie. Point commun entre ces sportifs? Ils m'ont fait r\u00eaver et ont berc\u00e9 mon adolescence. Je suis un fondu de sports et j'essaie de retranscrire ma passion \u00e0 travers mes articles. Originaire du P\u00e9rigord, ma passion pour les Girondins, les Jaunards et les Jazzmen transpire dans mes \u00e9crits. \u00c0 Dicodusport depuis 2021, je d\u00e9niche les sports m\u00e9connus dans lesquels la France brille, et il y en a !","sameAs":["https:\/\/www.facebook.com\/sebastien.gente\/","https:\/\/www.instagram.com\/sebgente\/","https:\/\/www.linkedin.com\/in\/sbastien-gente-a29583169\/","https:\/\/x.com\/https:\/\/twitter.com\/globulo24","SebastienGente"],"worksFor":"S\u00e9bastien GENTE","url":"https:\/\/dicodusport.fr\/blog\/author\/sebastiengente\/"}]}},"_links":{"self":[{"href":"https:\/\/dicodusport.fr\/blog\/wp-json\/wp\/v2\/posts\/631421","targetHints":{"allow":["GET"]}}],"collection":[{"href":"https:\/\/dicodusport.fr\/blog\/wp-json\/wp\/v2\/posts"}],"about":[{"href":"https:\/\/dicodusport.fr\/blog\/wp-json\/wp\/v2\/types\/post"}],"author":[{"embeddable":true,"href":"https:\/\/dicodusport.fr\/blog\/wp-json\/wp\/v2\/users\/59"}],"replies":[{"embeddable":true,"href":"https:\/\/dicodusport.fr\/blog\/wp-json\/wp\/v2\/comments?post=631421"}],"version-history":[{"count":2,"href":"https:\/\/dicodusport.fr\/blog\/wp-json\/wp\/v2\/posts\/631421\/revisions"}],"predecessor-version":[{"id":653979,"href":"https:\/\/dicodusport.fr\/blog\/wp-json\/wp\/v2\/posts\/631421\/revisions\/653979"}],"wp:featuredmedia":[{"embeddable":true,"href":"https:\/\/dicodusport.fr\/blog\/wp-json\/wp\/v2\/media\/631422"}],"wp:attachment":[{"href":"https:\/\/dicodusport.fr\/blog\/wp-json\/wp\/v2\/media?parent=631421"}],"wp:term":[{"taxonomy":"category","embeddable":true,"href":"https:\/\/dicodusport.fr\/blog\/wp-json\/wp\/v2\/categories?post=631421"},{"taxonomy":"post_tag","embeddable":true,"href":"https:\/\/dicodusport.fr\/blog\/wp-json\/wp\/v2\/tags?post=631421"}],"curies":[{"name":"wp","href":"https:\/\/api.w.org\/{rel}","templated":true}]}}