{"id":631523,"date":"2025-12-11T08:00:38","date_gmt":"2025-12-11T07:00:38","guid":{"rendered":"https:\/\/dicodusport.fr\/blog\/?p=631523&#038;preview=true&#038;preview_id=631523"},"modified":"2025-12-11T08:00:38","modified_gmt":"2025-12-11T07:00:38","slug":"jules-segers-ouvre-son-compteur-en-coupe-du-monde-ca-fait-du-bien-de-demarrer-la-saison-avec-une-victoire","status":"publish","type":"post","link":"https:\/\/dicodusport.fr\/blog\/jules-segers-ouvre-son-compteur-en-coupe-du-monde-ca-fait-du-bien-de-demarrer-la-saison-avec-une-victoire\/","title":{"rendered":"Jules Segers ouvre son compteur en Coupe du monde\u00a0: \u00ab\u00a0\u00c7a fait du bien de d\u00e9marrer la saison avec une victoire\u00a0\u00bb"},"content":{"rendered":"<p style=\"text-align: justify;\"><strong><em>COUPE DU MONDE DE PARA SKI ALPIN 2025-2026 \u2013 Vainqueur en Autriche mercredi, Jules Segers s\u2019est confi\u00e9 sur cette grande premi\u00e8re.<\/em><\/strong><\/p>\n<p style=\"text-align: justify;\">Ce mercredi, la<strong> Coupe du monde de para ski alpin<\/strong> a \u00e9tabli son camp de base, en Autriche, \u00e0 <strong>Steinach am Brenner<\/strong>. En cette ann\u00e9e paralympique, chaque \u00e9tape peut apporter son lot de surprises, certains skieurs ayant d\u00e9cid\u00e9 de faire des impasses. C\u2019est notamment le cas de la star de la discipline, le Fran\u00e7ais <strong>Arthur Bauchet<\/strong>, qui a d\u00e9cid\u00e9 de retarder le d\u00e9but de sa saison, apr\u00e8s s\u2019\u00eatre illustr\u00e9 cet \u00e9t\u00e9 en cyclisme sur route.<\/p>\n<div class=\"vlp-link-container vlp-layout-article\"><a href=\"https:\/\/dicodusport.fr\/blog\/jules-segers-frappe-dentree-en-coupe-du-monde-de-para-ski-alpin-quatre-podiums-pour-les-bleus-en-autriche\/\" class=\"vlp-link\" title=\"Jules Segers frappe d&#039;entr\u00e9e en Coupe du monde de para ski alpin, quatre podiums pour les Bleus en Autriche\"><\/a><div class=\"vlp-layout-zone-side\"><div class=\"vlp-block-4 vlp-link-image\"><img loading=\"lazy\" decoding=\"async\" style=\"max-width: 792px;\" width=\"792\" height=\"445\" src=\"https:\/\/dicodusport.fr\/blog\/wp-content\/uploads\/2025\/12\/Jules-Segers-frappe-dentree-en-Coupe-du-monde-de-para-ski-alpin-quatre-podiums-pour-les-Bleus-en-Autriche.png\" class=\"attachment-800x445 size-800x445\" alt=\"Jules Segers frappe d&#039;entr\u00e9e en Coupe du monde de para ski alpin, quatre podiums pour les Bleus en Autriche\" srcset=\"https:\/\/dicodusport.fr\/blog\/wp-content\/uploads\/2025\/12\/Jules-Segers-frappe-dentree-en-Coupe-du-monde-de-para-ski-alpin-quatre-podiums-pour-les-Bleus-en-Autriche.png 1200w, https:\/\/dicodusport.fr\/blog\/wp-content\/uploads\/2025\/12\/Jules-Segers-frappe-dentree-en-Coupe-du-monde-de-para-ski-alpin-quatre-podiums-pour-les-Bleus-en-Autriche-300x169.png 300w, https:\/\/dicodusport.fr\/blog\/wp-content\/uploads\/2025\/12\/Jules-Segers-frappe-dentree-en-Coupe-du-monde-de-para-ski-alpin-quatre-podiums-pour-les-Bleus-en-Autriche-1024x575.png 1024w, https:\/\/dicodusport.fr\/blog\/wp-content\/uploads\/2025\/12\/Jules-Segers-frappe-dentree-en-Coupe-du-monde-de-para-ski-alpin-quatre-podiums-pour-les-Bleus-en-Autriche-768x431.png 768w\" sizes=\"auto, (max-width: 792px) 100vw, 792px\" \/><\/div><\/div><div class=\"vlp-layout-zone-main\"><div class=\"vlp-block-0 vlp-link-title\">Jules Segers frappe d'entr\u00e9e en Coupe du monde de para ski alpin, quatre podiums pour les Bleus en Autriche<\/div><div class=\"vlp-block-1 vlp-link-summary\">COUPE DU MONDE DE PARA SKI ALPIN 2025\/2026 - Quatre podiums pour les Bleus, avec en point d'orgue la toute premi\u00e8re victoire de Jules Segers.<\/div><div class=\"vlp-block-2 vlp-link-button\">Lire l'article<\/div><div class=\"vlp-block-3 vlp-link-url\">dicodusport.fr<\/div><\/div><\/div>\n<h2 style=\"text-align: justify;\"><em>\u00ab\u00a0Je me sens plut\u00f4t bien sur les skis\u00a0\u00bb<\/em><\/h2>\n<p style=\"text-align: justify;\">Cette absence a permis \u00e0 l\u2019un de ses partenaires de s\u2019illustrer positivement puisqu\u2019\u00e0 23 ans,<strong> Jules Segers<\/strong> s\u2019est impos\u00e9 sur le combin\u00e9 propos\u00e9 hier. Solide sur le Super-G en premi\u00e8re manche, il a ensuite conserv\u00e9 le tr\u00f4ne de leader, en profitant notamment des abandons de ses deux premiers poursuivants. <strong>Ce succ\u00e8s est tout sauf anecdotique, puisqu\u2019il s\u2019agit de son premier en Coupe du monde<\/strong>. Lui qui \u00e9tait d\u00e9j\u00e0 mont\u00e9 sur la bo\u00eete \u00e0 cinq reprises a donc enfin trouv\u00e9 la faille pour ouvrir son compteur de victoires. Un \u00e9v\u00e8nement forc\u00e9ment particulier, qui confirme ses bonnes sensations, comme il nous l\u2019a confi\u00e9, quelques heures apr\u00e8s son triomphe\u00a0:<\/p>\n<blockquote>\n<p style=\"text-align: justify;\">\u00c7a fait du bien de d\u00e9marrer la saison avec une premi\u00e8re victoire, ce qui ne m\u2019\u00e9tait jamais arriv\u00e9. On sait qu\u2019il y a souvent beaucoup de sorties sur le slalom, la discipline est difficile techniquement, on peut vite enfourcher. Comme on dit dans le milieu, j\u2019ai fait du \u00ab b\u00e9ton \u00bb, j\u2019ai pas mis tout le ski que j\u2019avais pour arriver en bas sans faire de fautes. C\u2019est la premi\u00e8re journ\u00e9e de la saison, donc on se demande si on a fait du bon boulot pendant l\u2019\u00e9t\u00e9, si \u00e7a a \u00e9t\u00e9 b\u00e9n\u00e9fique. Au final il s\u2019av\u00e8re que je me sens plut\u00f4t bien sur les skis.<\/p>\n<\/blockquote>\n<h2 style=\"text-align: justify;\"><em>\u00ab\u00a0On a la chance d\u2019avoir une grosse \u00e9quipe de France\u00a0\u00bb<\/em><\/h2>\n<p style=\"text-align: justify;\">Comme cela est souvent le cas, le collectif tricolore s\u2019est illustr\u00e9 en multipliant les podiums lors de cette premi\u00e8re journ\u00e9e, prouvant une nouvelle fois la grosse densit\u00e9 de l\u2019\u00e9quipe. Un point sur lequel insiste <strong>Jules Segers<\/strong> :<\/p>\n<blockquote>\n<p style=\"text-align: justify;\">On a la chance d\u2019avoir une grosse \u00e9quipe de France. M\u00eame sans Arthur, on est tous dans les cinq premiers (Oscar Burnham et Jordan Broisin) en debout, Lou (Braz-Dagand) fait podium en assis, Hyacinthe (Delaplace) en malvoyant, Aur\u00e9lie (Richard) en debout&#8230; On se tire vers le haut \u00e0 l\u2019entra\u00eenement. Je savais que je skiais pas trop mal, je le voyais sur les chronos par rapport \u00e0 Arthur. Mais il y a toujours de l\u2019inconnu pour la reprise, les cartes sont rabattues, et il faut r\u00e9ussir \u00e0 \u00eatre bon. La saison va \u00eatre longue, il va donc falloir se pr\u00e9server pour les Jeux, qui restent l\u2019objectif principal. \u00bb<\/p>\n<\/blockquote>\n<p style=\"text-align: justify;\">Dans cette optique, <strong>Arthur Bauchet<\/strong> ne sera pas le seul \u00e0 effectuer une Coupe du monde \u00e0 la carte, comme le confirme le skieur tricolore :<\/p>\n<blockquote>\n<p style=\"text-align: justify;\">Je ne vais pas faire toutes les Coupes du monde. Je ne ferai pas les descentes de Santa Caterina, ni les \u00e9preuves de Feldberg. J\u2019irais peut-\u00eatre \u00e0 Veysonnaz aussi puisque c\u2019est proche de chez moi, mais \u00e7a d\u00e9pendra de mon \u00e9tat de forme.<\/p>\n<\/blockquote>\n<blockquote class=\"twitter-tweet\">\n<p dir=\"ltr\" lang=\"fr\">LA V1CTOIRE POUR JULES SEGERS \ud83e\udd47<\/p>\n<p>En ouverture de la Coupe du monde de para ski alpin, Jules Segers s&rsquo;est impos\u00e9 lors du combin\u00e9 alpin. Notre jeune skieur signe la premi\u00e8re victoire de sa carri\u00e8re \ud83d\udc4f<\/p>\n<p>\ud83d\udcf8 CPSF\/KMSP <a href=\"https:\/\/t.co\/NvSGEylBG2\">pic.twitter.com\/NvSGEylBG2<\/a><\/p>\n<p>\u2014 Equipe France (@EquipeFRA) <a href=\"https:\/\/twitter.com\/EquipeFRA\/status\/1998749597640896591?ref_src=twsrc%5Etfw\">December 10, 2025<\/a><\/p><\/blockquote>\n<p style=\"text-align: justify;\"><script async src=\"https:\/\/platform.twitter.com\/widgets.js\" charset=\"utf-8\"><\/script><\/p>\n<h2 style=\"text-align: justify;\">Pour Jules Segers, <em>\u00ab\u00a0les Jeux restent l\u2019objectif principal\u00a0\u00bb<\/em><\/h2>\n<p style=\"text-align: justify;\">Avec les d\u00e9sistements, <strong>la Coupe du monde 2025-2026 peut \u00eatre plus ouverte que jamais<\/strong>. Habitu\u00e9 \u00e0 vampiriser les globes, Arthur Bauchet va peut-\u00eatre laisser une chance \u00e0 ses rivaux, et par la m\u00eame occasion \u00e0 ses compatriotes, de lui en chiper un ou plusieurs. Si une m\u00e9daille paralympique repr\u00e9sente le Graal, cet honneur pourrait aussi devenir naturellement un objectif suppl\u00e9mentaire de fin de saison.<\/p>\n<blockquote>\n<p style=\"text-align: justify;\">Je n\u2019y pense pas du tout pour le moment mais \u00e7a peut devenir un objectif. Un globe ce n\u2019est pas rien, \u00e7a r\u00e9compense le travail de toute une saison, mais il faut quand m\u00eame se dire que dans le milieu il y a tr\u00e8s peu de visibilit\u00e9 sur les Coupes du monde, donc les Jeux restent l\u2019objectif principal. Mais en fin de saison, si la possibilit\u00e9 de grappiller un globe se pr\u00e9sente, ce sera une satisfaction suppl\u00e9mentaire.<\/p>\n<\/blockquote>\n<p style=\"text-align: justify;\">Dans cette optique, il faut donc prendre le maximum de points. En excellente forme, le skieur de 23 ans va avoir la possibilit\u00e9 de <strong>capitaliser \u00e0 fond sur sa condition en cette fin de semaine,<\/strong> puisque deux Super-G sont au programme, jeudi, et vendredi, dans la station autrichienne.<\/p>\n<div id=\"gtx-trans\" style=\"position: absolute; left: -14px; top: 40.9091px;\">\n<div class=\"gtx-trans-icon\" style=\"text-align: justify;\"><\/div>\n<\/div>\n","protected":false},"excerpt":{"rendered":"<p>COUPE DU MONDE DE PARA SKI ALPIN 2025-2026 \u2013 Vainqueur en Autriche mercredi, Jules Segers s\u2019est confi\u00e9 sur cette grande premi\u00e8re.<\/p>\n","protected":false},"author":55,"featured_media":631526,"comment_status":"open","ping_status":"closed","sticky":false,"template":"","format":"standard","meta":{"_acf_changed":false,"_daextam_enable_autolinks":"1","footnotes":""},"categories":[5753,9217],"tags":[16878,44964,22149],"class_list":["post-631523","post","type-post","status-publish","format-standard","has-post-thumbnail","hentry","category-handisport","category-ski","tag-breve","tag-coupe-du-monde-de-para-ski-alpin","tag-para-ski-alpin"],"acf":[],"yoast_head":"<!-- This site is optimized with the Yoast SEO Premium plugin v26.7 (Yoast SEO v26.7) - https:\/\/yoast.com\/wordpress\/plugins\/seo\/ -->\n<title>Jules Segers ouvre son compteur en Coupe du monde\u00a0: \u00ab\u00a0\u00c7a fait du bien de d\u00e9marrer la saison avec une victoire\u00a0\u00bb<\/title>\n<meta name=\"description\" content=\"COUPE DU MONDE DE PARA SKI ALPIN 2025-2026 \u2013 Vainqueur en Autriche mercredi, Jules Segers s\u2019est confi\u00e9 sur cette grande premi\u00e8re.\" \/>\n<meta name=\"robots\" content=\"index, follow, max-snippet:-1, max-image-preview:large, max-video-preview:-1\" \/>\n<link rel=\"canonical\" href=\"https:\/\/dicodusport.fr\/blog\/jules-segers-ouvre-son-compteur-en-coupe-du-monde-ca-fait-du-bien-de-demarrer-la-saison-avec-une-victoire\/\" \/>\n<meta property=\"og:locale\" content=\"fr_FR\" \/>\n<meta property=\"og:type\" content=\"article\" \/>\n<meta property=\"og:title\" content=\"Jules Segers ouvre son compteur en Coupe du monde\u00a0: \u00ab\u00a0\u00c7a fait du bien de d\u00e9marrer la saison avec une victoire\u00a0\u00bb\" \/>\n<meta property=\"og:description\" content=\"COUPE DU MONDE DE PARA SKI ALPIN 2025-2026 \u2013 Vainqueur en Autriche mercredi, Jules Segers s\u2019est confi\u00e9 sur cette grande premi\u00e8re.\" \/>\n<meta property=\"og:url\" content=\"https:\/\/dicodusport.fr\/blog\/jules-segers-ouvre-son-compteur-en-coupe-du-monde-ca-fait-du-bien-de-demarrer-la-saison-avec-une-victoire\/\" \/>\n<meta property=\"og:site_name\" content=\"Dicodusport\" \/>\n<meta property=\"article:publisher\" content=\"https:\/\/www.facebook.com\/dicodusport\" \/>\n<meta property=\"article:published_time\" content=\"2025-12-11T07:00:38+00:00\" \/>\n<meta property=\"og:image\" content=\"https:\/\/dicodusport.fr\/blog\/wp-content\/uploads\/2025\/12\/Jules-Segers-ouvre-son-compteur-en-Coupe-du-monde-Ca-fait-du-bien-de-demarrer-la-saison-avec-une-victoire-.png\" \/>\n\t<meta property=\"og:image:width\" content=\"1200\" \/>\n\t<meta property=\"og:image:height\" content=\"674\" \/>\n\t<meta property=\"og:image:type\" content=\"image\/png\" \/>\n<meta name=\"author\" content=\"Maxime Cazenave\" \/>\n<meta name=\"twitter:card\" content=\"summary_large_image\" \/>\n<meta name=\"twitter:title\" content=\"Jules Segers ouvre son compteur en Coupe du monde\u00a0: \u00ab\u00a0\u00c7a fait du bien de d\u00e9marrer la saison avec une victoire\u00a0\u00bb\" \/>\n<meta name=\"twitter:creator\" content=\"@https:\/\/twitter.com\/Maxime_Caze\" \/>\n<meta name=\"twitter:site\" content=\"@dicodusport\" \/>\n<script type=\"application\/ld+json\" class=\"yoast-schema-graph\">{\"@context\":\"https:\/\/schema.org\",\"@graph\":[{\"@type\":\"NewsArticle\",\"@id\":\"https:\/\/dicodusport.fr\/blog\/jules-segers-ouvre-son-compteur-en-coupe-du-monde-ca-fait-du-bien-de-demarrer-la-saison-avec-une-victoire\/#article\",\"isPartOf\":{\"@id\":\"https:\/\/dicodusport.fr\/blog\/jules-segers-ouvre-son-compteur-en-coupe-du-monde-ca-fait-du-bien-de-demarrer-la-saison-avec-une-victoire\/\"},\"author\":{\"name\":\"Maxime Cazenave\",\"@id\":\"https:\/\/dicodusport.fr\/blog\/#\/schema\/person\/37def232098a7a5cbab3974a3690abb0\"},\"headline\":\"Jules Segers ouvre son compteur en Coupe du monde\u00a0: \u00ab\u00a0\u00c7a fait du bien de d\u00e9marrer la saison avec une victoire\u00a0\u00bb\",\"datePublished\":\"2025-12-11T07:00:38+00:00\",\"mainEntityOfPage\":{\"@id\":\"https:\/\/dicodusport.fr\/blog\/jules-segers-ouvre-son-compteur-en-coupe-du-monde-ca-fait-du-bien-de-demarrer-la-saison-avec-une-victoire\/\"},\"wordCount\":945,\"commentCount\":0,\"publisher\":{\"@id\":\"https:\/\/dicodusport.fr\/blog\/#organization\"},\"image\":{\"@id\":\"https:\/\/dicodusport.fr\/blog\/jules-segers-ouvre-son-compteur-en-coupe-du-monde-ca-fait-du-bien-de-demarrer-la-saison-avec-une-victoire\/#primaryimage\"},\"thumbnailUrl\":\"https:\/\/dicodusport.fr\/blog\/wp-content\/uploads\/2025\/12\/Jules-Segers-ouvre-son-compteur-en-Coupe-du-monde-Ca-fait-du-bien-de-demarrer-la-saison-avec-une-victoire-.png\",\"keywords\":[\"br\u00e8ve\",\"Coupe du monde de para ski alpin\",\"Para ski alpin\"],\"articleSection\":[\"Handisport\",\"Ski\"],\"inLanguage\":\"fr-FR\",\"potentialAction\":[{\"@type\":\"CommentAction\",\"name\":\"Comment\",\"target\":[\"https:\/\/dicodusport.fr\/blog\/jules-segers-ouvre-son-compteur-en-coupe-du-monde-ca-fait-du-bien-de-demarrer-la-saison-avec-une-victoire\/#respond\"]}],\"copyrightYear\":\"2025\",\"copyrightHolder\":{\"@id\":\"https:\/\/dicodusport.fr\/blog\/#organization\"}},{\"@type\":\"WebPage\",\"@id\":\"https:\/\/dicodusport.fr\/blog\/jules-segers-ouvre-son-compteur-en-coupe-du-monde-ca-fait-du-bien-de-demarrer-la-saison-avec-une-victoire\/\",\"url\":\"https:\/\/dicodusport.fr\/blog\/jules-segers-ouvre-son-compteur-en-coupe-du-monde-ca-fait-du-bien-de-demarrer-la-saison-avec-une-victoire\/\",\"name\":\"Jules Segers ouvre son compteur en Coupe du monde\u00a0: \u00ab\u00a0\u00c7a fait du bien de d\u00e9marrer la saison avec une victoire\u00a0\u00bb\",\"isPartOf\":{\"@id\":\"https:\/\/dicodusport.fr\/blog\/#website\"},\"primaryImageOfPage\":{\"@id\":\"https:\/\/dicodusport.fr\/blog\/jules-segers-ouvre-son-compteur-en-coupe-du-monde-ca-fait-du-bien-de-demarrer-la-saison-avec-une-victoire\/#primaryimage\"},\"image\":{\"@id\":\"https:\/\/dicodusport.fr\/blog\/jules-segers-ouvre-son-compteur-en-coupe-du-monde-ca-fait-du-bien-de-demarrer-la-saison-avec-une-victoire\/#primaryimage\"},\"thumbnailUrl\":\"https:\/\/dicodusport.fr\/blog\/wp-content\/uploads\/2025\/12\/Jules-Segers-ouvre-son-compteur-en-Coupe-du-monde-Ca-fait-du-bien-de-demarrer-la-saison-avec-une-victoire-.png\",\"datePublished\":\"2025-12-11T07:00:38+00:00\",\"description\":\"COUPE DU MONDE DE PARA SKI ALPIN 2025-2026 \u2013 Vainqueur en Autriche mercredi, Jules Segers s\u2019est confi\u00e9 sur cette grande premi\u00e8re.\",\"breadcrumb\":{\"@id\":\"https:\/\/dicodusport.fr\/blog\/jules-segers-ouvre-son-compteur-en-coupe-du-monde-ca-fait-du-bien-de-demarrer-la-saison-avec-une-victoire\/#breadcrumb\"},\"inLanguage\":\"fr-FR\",\"potentialAction\":[{\"@type\":\"ReadAction\",\"target\":[\"https:\/\/dicodusport.fr\/blog\/jules-segers-ouvre-son-compteur-en-coupe-du-monde-ca-fait-du-bien-de-demarrer-la-saison-avec-une-victoire\/\"]}]},{\"@type\":\"ImageObject\",\"inLanguage\":\"fr-FR\",\"@id\":\"https:\/\/dicodusport.fr\/blog\/jules-segers-ouvre-son-compteur-en-coupe-du-monde-ca-fait-du-bien-de-demarrer-la-saison-avec-une-victoire\/#primaryimage\",\"url\":\"https:\/\/dicodusport.fr\/blog\/wp-content\/uploads\/2025\/12\/Jules-Segers-ouvre-son-compteur-en-Coupe-du-monde-Ca-fait-du-bien-de-demarrer-la-saison-avec-une-victoire-.png\",\"contentUrl\":\"https:\/\/dicodusport.fr\/blog\/wp-content\/uploads\/2025\/12\/Jules-Segers-ouvre-son-compteur-en-Coupe-du-monde-Ca-fait-du-bien-de-demarrer-la-saison-avec-une-victoire-.png\",\"width\":1200,\"height\":674,\"caption\":\"Jules Segers ouvre son compteur en Coupe du monde\u00a0: \u00ab\u00a0\u00c7a fait du bien de d\u00e9marrer la saison avec une victoire\u00a0\u00bb\"},{\"@type\":\"BreadcrumbList\",\"@id\":\"https:\/\/dicodusport.fr\/blog\/jules-segers-ouvre-son-compteur-en-coupe-du-monde-ca-fait-du-bien-de-demarrer-la-saison-avec-une-victoire\/#breadcrumb\",\"itemListElement\":[{\"@type\":\"ListItem\",\"position\":1,\"name\":\"Accueil\",\"item\":\"https:\/\/dicodusport.fr\/blog\/\"},{\"@type\":\"ListItem\",\"position\":2,\"name\":\"Jules Segers ouvre son compteur en Coupe du monde\u00a0: \u00ab\u00a0\u00c7a fait du bien de d\u00e9marrer la saison avec une victoire\u00a0\u00bb\"}]},{\"@type\":\"WebSite\",\"@id\":\"https:\/\/dicodusport.fr\/blog\/#website\",\"url\":\"https:\/\/dicodusport.fr\/blog\/\",\"name\":\"Dicodusport\",\"description\":\"L&#039;encyclop\u00e9die de l&#039;actualit\u00e9 sportive\",\"publisher\":{\"@id\":\"https:\/\/dicodusport.fr\/blog\/#organization\"},\"potentialAction\":[{\"@type\":\"SearchAction\",\"target\":{\"@type\":\"EntryPoint\",\"urlTemplate\":\"https:\/\/dicodusport.fr\/blog\/?s={search_term_string}\"},\"query-input\":{\"@type\":\"PropertyValueSpecification\",\"valueRequired\":true,\"valueName\":\"search_term_string\"}}],\"inLanguage\":\"fr-FR\"},{\"@type\":\"NewsMediaOrganization\",\"@id\":\"https:\/\/dicodusport.fr\/blog\/#organization\",\"name\":\"Dicodusport\",\"url\":\"https:\/\/dicodusport.fr\/blog\/\",\"logo\":{\"@type\":\"ImageObject\",\"inLanguage\":\"fr-FR\",\"@id\":\"https:\/\/dicodusport.fr\/blog\/#\/schema\/logo\/image\/\",\"url\":\"https:\/\/dicodusport.fr\/blog\/wp-content\/uploads\/2020\/06\/cropped-LOGO-DICODUSPORT-2020-SANS-FOND-SANS-TEXTE.png\",\"contentUrl\":\"https:\/\/dicodusport.fr\/blog\/wp-content\/uploads\/2020\/06\/cropped-LOGO-DICODUSPORT-2020-SANS-FOND-SANS-TEXTE.png\",\"width\":512,\"height\":512,\"caption\":\"Dicodusport\"},\"image\":{\"@id\":\"https:\/\/dicodusport.fr\/blog\/#\/schema\/logo\/image\/\"},\"sameAs\":[\"https:\/\/www.facebook.com\/dicodusport\",\"https:\/\/x.com\/dicodusport\",\"https:\/\/www.instagram.com\/dicodusport\/\",\"https:\/\/www.youtube.com\/channel\/UC7V2KZ5sd3htJivAbA4ZG3w\"],\"description\":\"Dicodusport est l'encyclop\u00e9die de l'actualit\u00e9 sportive.\",\"email\":\"bonjour@dicodusport.fr\",\"legalName\":\"DICODUSPORT\",\"foundingDate\":\"2018-01-14\",\"vatID\":\"FR71834470973\",\"taxID\":\"83447097300043\",\"numberOfEmployees\":{\"@type\":\"QuantitativeValue\",\"minValue\":\"1\",\"maxValue\":\"10\"}},{\"@type\":\"Person\",\"@id\":\"https:\/\/dicodusport.fr\/blog\/#\/schema\/person\/37def232098a7a5cbab3974a3690abb0\",\"name\":\"Maxime Cazenave\",\"image\":{\"@type\":\"ImageObject\",\"inLanguage\":\"fr-FR\",\"@id\":\"https:\/\/dicodusport.fr\/blog\/#\/schema\/person\/image\/\",\"url\":\"https:\/\/dicodusport.fr\/blog\/wp-content\/uploads\/2021\/05\/Maxime-Cazenave-150x150.jpg\",\"contentUrl\":\"https:\/\/dicodusport.fr\/blog\/wp-content\/uploads\/2021\/05\/Maxime-Cazenave-150x150.jpg\",\"caption\":\"Maxime Cazenave\"},\"description\":\"Journaliste\/R\u00e9dacteur depuis 2012 - Berc\u00e9 par l\u2019amour des Girondins de Bordeaux, les \u00e9checs de Christophe Moreau sur le Tour de France sous l'\u00e8re Lance Armstrong et le fade-away l\u00e9tal de Dirk Nowitzki, ma passion d\u00e9vorante pour le sport a toujours \u00e9t\u00e9 un pan incontournable de ma vie. Transmettre ma passion \u00e0 l\u2019\u00e9crit a \u00e9t\u00e9 une transition naturelle. Suiveur assidu de basket et de hockey sur glace, je garde toujours un peu de place pour suivre le cyclisme, le football et le maximum de performances fran\u00e7aises.\",\"sameAs\":[\"https:\/\/x.com\/https:\/\/twitter.com\/Maxime_Caze\"],\"url\":\"https:\/\/dicodusport.fr\/blog\/author\/maximec\/\"}]}<\/script>\n<!-- \/ Yoast SEO Premium plugin. -->","yoast_head_json":{"title":"Jules Segers ouvre son compteur en Coupe du monde\u00a0: \u00ab\u00a0\u00c7a fait du bien de d\u00e9marrer la saison avec une victoire\u00a0\u00bb","description":"COUPE DU MONDE DE PARA SKI ALPIN 2025-2026 \u2013 Vainqueur en Autriche mercredi, Jules Segers s\u2019est confi\u00e9 sur cette grande premi\u00e8re.","robots":{"index":"index","follow":"follow","max-snippet":"max-snippet:-1","max-image-preview":"max-image-preview:large","max-video-preview":"max-video-preview:-1"},"canonical":"https:\/\/dicodusport.fr\/blog\/jules-segers-ouvre-son-compteur-en-coupe-du-monde-ca-fait-du-bien-de-demarrer-la-saison-avec-une-victoire\/","og_locale":"fr_FR","og_type":"article","og_title":"Jules Segers ouvre son compteur en Coupe du monde\u00a0: \u00ab\u00a0\u00c7a fait du bien de d\u00e9marrer la saison avec une victoire\u00a0\u00bb","og_description":"COUPE DU MONDE DE PARA SKI ALPIN 2025-2026 \u2013 Vainqueur en Autriche mercredi, Jules Segers s\u2019est confi\u00e9 sur cette grande premi\u00e8re.","og_url":"https:\/\/dicodusport.fr\/blog\/jules-segers-ouvre-son-compteur-en-coupe-du-monde-ca-fait-du-bien-de-demarrer-la-saison-avec-une-victoire\/","og_site_name":"Dicodusport","article_publisher":"https:\/\/www.facebook.com\/dicodusport","article_published_time":"2025-12-11T07:00:38+00:00","og_image":[{"width":1200,"height":674,"url":"https:\/\/dicodusport.fr\/blog\/wp-content\/uploads\/2025\/12\/Jules-Segers-ouvre-son-compteur-en-Coupe-du-monde-Ca-fait-du-bien-de-demarrer-la-saison-avec-une-victoire-.png","type":"image\/png"}],"author":"Maxime Cazenave","twitter_card":"summary_large_image","twitter_title":"Jules Segers ouvre son compteur en Coupe du monde\u00a0: \u00ab\u00a0\u00c7a fait du bien de d\u00e9marrer la saison avec une victoire\u00a0\u00bb","twitter_creator":"@https:\/\/twitter.com\/Maxime_Caze","twitter_site":"@dicodusport","schema":{"@context":"https:\/\/schema.org","@graph":[{"@type":"NewsArticle","@id":"https:\/\/dicodusport.fr\/blog\/jules-segers-ouvre-son-compteur-en-coupe-du-monde-ca-fait-du-bien-de-demarrer-la-saison-avec-une-victoire\/#article","isPartOf":{"@id":"https:\/\/dicodusport.fr\/blog\/jules-segers-ouvre-son-compteur-en-coupe-du-monde-ca-fait-du-bien-de-demarrer-la-saison-avec-une-victoire\/"},"author":{"name":"Maxime Cazenave","@id":"https:\/\/dicodusport.fr\/blog\/#\/schema\/person\/37def232098a7a5cbab3974a3690abb0"},"headline":"Jules Segers ouvre son compteur en Coupe du monde\u00a0: \u00ab\u00a0\u00c7a fait du bien de d\u00e9marrer la saison avec une victoire\u00a0\u00bb","datePublished":"2025-12-11T07:00:38+00:00","mainEntityOfPage":{"@id":"https:\/\/dicodusport.fr\/blog\/jules-segers-ouvre-son-compteur-en-coupe-du-monde-ca-fait-du-bien-de-demarrer-la-saison-avec-une-victoire\/"},"wordCount":945,"commentCount":0,"publisher":{"@id":"https:\/\/dicodusport.fr\/blog\/#organization"},"image":{"@id":"https:\/\/dicodusport.fr\/blog\/jules-segers-ouvre-son-compteur-en-coupe-du-monde-ca-fait-du-bien-de-demarrer-la-saison-avec-une-victoire\/#primaryimage"},"thumbnailUrl":"https:\/\/dicodusport.fr\/blog\/wp-content\/uploads\/2025\/12\/Jules-Segers-ouvre-son-compteur-en-Coupe-du-monde-Ca-fait-du-bien-de-demarrer-la-saison-avec-une-victoire-.png","keywords":["br\u00e8ve","Coupe du monde de para ski alpin","Para ski alpin"],"articleSection":["Handisport","Ski"],"inLanguage":"fr-FR","potentialAction":[{"@type":"CommentAction","name":"Comment","target":["https:\/\/dicodusport.fr\/blog\/jules-segers-ouvre-son-compteur-en-coupe-du-monde-ca-fait-du-bien-de-demarrer-la-saison-avec-une-victoire\/#respond"]}],"copyrightYear":"2025","copyrightHolder":{"@id":"https:\/\/dicodusport.fr\/blog\/#organization"}},{"@type":"WebPage","@id":"https:\/\/dicodusport.fr\/blog\/jules-segers-ouvre-son-compteur-en-coupe-du-monde-ca-fait-du-bien-de-demarrer-la-saison-avec-une-victoire\/","url":"https:\/\/dicodusport.fr\/blog\/jules-segers-ouvre-son-compteur-en-coupe-du-monde-ca-fait-du-bien-de-demarrer-la-saison-avec-une-victoire\/","name":"Jules Segers ouvre son compteur en Coupe du monde\u00a0: \u00ab\u00a0\u00c7a fait du bien de d\u00e9marrer la saison avec une victoire\u00a0\u00bb","isPartOf":{"@id":"https:\/\/dicodusport.fr\/blog\/#website"},"primaryImageOfPage":{"@id":"https:\/\/dicodusport.fr\/blog\/jules-segers-ouvre-son-compteur-en-coupe-du-monde-ca-fait-du-bien-de-demarrer-la-saison-avec-une-victoire\/#primaryimage"},"image":{"@id":"https:\/\/dicodusport.fr\/blog\/jules-segers-ouvre-son-compteur-en-coupe-du-monde-ca-fait-du-bien-de-demarrer-la-saison-avec-une-victoire\/#primaryimage"},"thumbnailUrl":"https:\/\/dicodusport.fr\/blog\/wp-content\/uploads\/2025\/12\/Jules-Segers-ouvre-son-compteur-en-Coupe-du-monde-Ca-fait-du-bien-de-demarrer-la-saison-avec-une-victoire-.png","datePublished":"2025-12-11T07:00:38+00:00","description":"COUPE DU MONDE DE PARA SKI ALPIN 2025-2026 \u2013 Vainqueur en Autriche mercredi, Jules Segers s\u2019est confi\u00e9 sur cette grande premi\u00e8re.","breadcrumb":{"@id":"https:\/\/dicodusport.fr\/blog\/jules-segers-ouvre-son-compteur-en-coupe-du-monde-ca-fait-du-bien-de-demarrer-la-saison-avec-une-victoire\/#breadcrumb"},"inLanguage":"fr-FR","potentialAction":[{"@type":"ReadAction","target":["https:\/\/dicodusport.fr\/blog\/jules-segers-ouvre-son-compteur-en-coupe-du-monde-ca-fait-du-bien-de-demarrer-la-saison-avec-une-victoire\/"]}]},{"@type":"ImageObject","inLanguage":"fr-FR","@id":"https:\/\/dicodusport.fr\/blog\/jules-segers-ouvre-son-compteur-en-coupe-du-monde-ca-fait-du-bien-de-demarrer-la-saison-avec-une-victoire\/#primaryimage","url":"https:\/\/dicodusport.fr\/blog\/wp-content\/uploads\/2025\/12\/Jules-Segers-ouvre-son-compteur-en-Coupe-du-monde-Ca-fait-du-bien-de-demarrer-la-saison-avec-une-victoire-.png","contentUrl":"https:\/\/dicodusport.fr\/blog\/wp-content\/uploads\/2025\/12\/Jules-Segers-ouvre-son-compteur-en-Coupe-du-monde-Ca-fait-du-bien-de-demarrer-la-saison-avec-une-victoire-.png","width":1200,"height":674,"caption":"Jules Segers ouvre son compteur en Coupe du monde\u00a0: \u00ab\u00a0\u00c7a fait du bien de d\u00e9marrer la saison avec une victoire\u00a0\u00bb"},{"@type":"BreadcrumbList","@id":"https:\/\/dicodusport.fr\/blog\/jules-segers-ouvre-son-compteur-en-coupe-du-monde-ca-fait-du-bien-de-demarrer-la-saison-avec-une-victoire\/#breadcrumb","itemListElement":[{"@type":"ListItem","position":1,"name":"Accueil","item":"https:\/\/dicodusport.fr\/blog\/"},{"@type":"ListItem","position":2,"name":"Jules Segers ouvre son compteur en Coupe du monde\u00a0: \u00ab\u00a0\u00c7a fait du bien de d\u00e9marrer la saison avec une victoire\u00a0\u00bb"}]},{"@type":"WebSite","@id":"https:\/\/dicodusport.fr\/blog\/#website","url":"https:\/\/dicodusport.fr\/blog\/","name":"Dicodusport","description":"L&#039;encyclop\u00e9die de l&#039;actualit\u00e9 sportive","publisher":{"@id":"https:\/\/dicodusport.fr\/blog\/#organization"},"potentialAction":[{"@type":"SearchAction","target":{"@type":"EntryPoint","urlTemplate":"https:\/\/dicodusport.fr\/blog\/?s={search_term_string}"},"query-input":{"@type":"PropertyValueSpecification","valueRequired":true,"valueName":"search_term_string"}}],"inLanguage":"fr-FR"},{"@type":"NewsMediaOrganization","@id":"https:\/\/dicodusport.fr\/blog\/#organization","name":"Dicodusport","url":"https:\/\/dicodusport.fr\/blog\/","logo":{"@type":"ImageObject","inLanguage":"fr-FR","@id":"https:\/\/dicodusport.fr\/blog\/#\/schema\/logo\/image\/","url":"https:\/\/dicodusport.fr\/blog\/wp-content\/uploads\/2020\/06\/cropped-LOGO-DICODUSPORT-2020-SANS-FOND-SANS-TEXTE.png","contentUrl":"https:\/\/dicodusport.fr\/blog\/wp-content\/uploads\/2020\/06\/cropped-LOGO-DICODUSPORT-2020-SANS-FOND-SANS-TEXTE.png","width":512,"height":512,"caption":"Dicodusport"},"image":{"@id":"https:\/\/dicodusport.fr\/blog\/#\/schema\/logo\/image\/"},"sameAs":["https:\/\/www.facebook.com\/dicodusport","https:\/\/x.com\/dicodusport","https:\/\/www.instagram.com\/dicodusport\/","https:\/\/www.youtube.com\/channel\/UC7V2KZ5sd3htJivAbA4ZG3w"],"description":"Dicodusport est l'encyclop\u00e9die de l'actualit\u00e9 sportive.","email":"bonjour@dicodusport.fr","legalName":"DICODUSPORT","foundingDate":"2018-01-14","vatID":"FR71834470973","taxID":"83447097300043","numberOfEmployees":{"@type":"QuantitativeValue","minValue":"1","maxValue":"10"}},{"@type":"Person","@id":"https:\/\/dicodusport.fr\/blog\/#\/schema\/person\/37def232098a7a5cbab3974a3690abb0","name":"Maxime Cazenave","image":{"@type":"ImageObject","inLanguage":"fr-FR","@id":"https:\/\/dicodusport.fr\/blog\/#\/schema\/person\/image\/","url":"https:\/\/dicodusport.fr\/blog\/wp-content\/uploads\/2021\/05\/Maxime-Cazenave-150x150.jpg","contentUrl":"https:\/\/dicodusport.fr\/blog\/wp-content\/uploads\/2021\/05\/Maxime-Cazenave-150x150.jpg","caption":"Maxime Cazenave"},"description":"Journaliste\/R\u00e9dacteur depuis 2012 - Berc\u00e9 par l\u2019amour des Girondins de Bordeaux, les \u00e9checs de Christophe Moreau sur le Tour de France sous l'\u00e8re Lance Armstrong et le fade-away l\u00e9tal de Dirk Nowitzki, ma passion d\u00e9vorante pour le sport a toujours \u00e9t\u00e9 un pan incontournable de ma vie. Transmettre ma passion \u00e0 l\u2019\u00e9crit a \u00e9t\u00e9 une transition naturelle. Suiveur assidu de basket et de hockey sur glace, je garde toujours un peu de place pour suivre le cyclisme, le football et le maximum de performances fran\u00e7aises.","sameAs":["https:\/\/x.com\/https:\/\/twitter.com\/Maxime_Caze"],"url":"https:\/\/dicodusport.fr\/blog\/author\/maximec\/"}]}},"_links":{"self":[{"href":"https:\/\/dicodusport.fr\/blog\/wp-json\/wp\/v2\/posts\/631523","targetHints":{"allow":["GET"]}}],"collection":[{"href":"https:\/\/dicodusport.fr\/blog\/wp-json\/wp\/v2\/posts"}],"about":[{"href":"https:\/\/dicodusport.fr\/blog\/wp-json\/wp\/v2\/types\/post"}],"author":[{"embeddable":true,"href":"https:\/\/dicodusport.fr\/blog\/wp-json\/wp\/v2\/users\/55"}],"replies":[{"embeddable":true,"href":"https:\/\/dicodusport.fr\/blog\/wp-json\/wp\/v2\/comments?post=631523"}],"version-history":[{"count":3,"href":"https:\/\/dicodusport.fr\/blog\/wp-json\/wp\/v2\/posts\/631523\/revisions"}],"predecessor-version":[{"id":631550,"href":"https:\/\/dicodusport.fr\/blog\/wp-json\/wp\/v2\/posts\/631523\/revisions\/631550"}],"wp:featuredmedia":[{"embeddable":true,"href":"https:\/\/dicodusport.fr\/blog\/wp-json\/wp\/v2\/media\/631526"}],"wp:attachment":[{"href":"https:\/\/dicodusport.fr\/blog\/wp-json\/wp\/v2\/media?parent=631523"}],"wp:term":[{"taxonomy":"category","embeddable":true,"href":"https:\/\/dicodusport.fr\/blog\/wp-json\/wp\/v2\/categories?post=631523"},{"taxonomy":"post_tag","embeddable":true,"href":"https:\/\/dicodusport.fr\/blog\/wp-json\/wp\/v2\/tags?post=631523"}],"curies":[{"name":"wp","href":"https:\/\/api.w.org\/{rel}","templated":true}]}}