{"id":631564,"date":"2025-12-11T10:37:42","date_gmt":"2025-12-11T09:37:42","guid":{"rendered":"https:\/\/dicodusport.fr\/blog\/?p=631564&#038;preview=true&#038;preview_id=631564"},"modified":"2025-12-11T10:37:42","modified_gmt":"2025-12-11T09:37:42","slug":"nouveau-maillot-recrues-phares-paul-seixas-ce-quil-faut-retenir-de-la-presentation-de-decathlon-cma-cgm","status":"publish","type":"post","link":"https:\/\/dicodusport.fr\/blog\/nouveau-maillot-recrues-phares-paul-seixas-ce-quil-faut-retenir-de-la-presentation-de-decathlon-cma-cgm\/","title":{"rendered":"Nouveau maillot, recrues phares, Paul Seixas : ce qu&rsquo;il faut retenir de la pr\u00e9sentation de Decathlon CMA CGM"},"content":{"rendered":"<p style=\"text-align: justify;\"><strong><em>SAISON CYCLISTE 2026 &#8211; Tr\u00e8s attendue la saison prochaine, la formation Decathlon CMA CGM a pr\u00e9sent\u00e9 son maillot et ses objectifs ce matin.\u00a0<\/em><\/strong><\/p>\n<p style=\"text-align: justify;\">La formation Decathlon AG2R La Mondiale devient la <strong>Decathlon CMA CGM<\/strong>. Et les ambitions sont grandes pour celle qui est devenue la premi\u00e8re \u00e9quipe fran\u00e7aise de cyclisme sur route. Ce matin, \u00e0 Lille, la pr\u00e9sentation de la saison 2026 avait lieu, et les nouveaut\u00e9s sont nombreuses.<\/p>\n<h2 style=\"text-align: justify;\">Le changement dans la continuit\u00e9<\/h2>\n<p style=\"text-align: justify;\">La formation roulera comme la saison derni\u00e8re sur des v\u00e9los <strong>Van Rysel<\/strong>, dont la nouvelle gamme a \u00e9t\u00e9 d\u00e9voil\u00e9e. La marque nordiste a acquis une certaine r\u00e9putation, et puisqu&rsquo;elle est d\u00e9riv\u00e9e de D\u00e9cathlon, il est logique qu&rsquo;elle en soit partenaire.<\/p>\n<blockquote class=\"twitter-tweet\">\n<p dir=\"ltr\" lang=\"fr\">NOUVEAUX V\u00c9LOS DE DECATHLON CMA CGM TEAM 2026<\/p>\n<p>N\u00e9s du mouvement, sculpt\u00e9s par la vitesse.<br \/>\nChaque courbe, chaque choix d\u2019ing\u00e9nierie pousse plus loin l\u2019\u00e9lan, jusqu\u2019\u00e0 fr\u00f4ler le mouvement \u00e9ternel.<\/p>\n<p>&#8211;<\/p>\n<p>NEW BIKES OF THE DECATHLON CMA CGM TEAM 2026<\/p>\n<p>Born from motion, shaped by speed.\u2026 <a href=\"https:\/\/t.co\/zWgtvBsUKe\">pic.twitter.com\/zWgtvBsUKe<\/a><\/p>\n<p>\u2014 DECATHLON AG2R LA MONDIALE TEAM (@decathlonAG2RLM) <a href=\"https:\/\/twitter.com\/decathlonAG2RLM\/status\/1999042537193939087?ref_src=twsrc%5Etfw\">December 11, 2025<\/a><\/p><\/blockquote>\n<p style=\"text-align: justify;\"><script async src=\"https:\/\/platform.twitter.com\/widgets.js\" charset=\"utf-8\"><\/script><\/p>\n<p style=\"text-align: justify;\">Un nouveau maillot ensuite, puisque nouveau partenaire. CGA CGM fait arriver le rouge sur le maillot de l&rsquo;\u00e9quipe, ce qui le rendra \u00e0 coup s\u00fbr parfaitement reconnaissable au sein du peloton. On laissera toutefois les experts mode donner leur jugement.<\/p>\n<blockquote class=\"twitter-tweet\">\n<p dir=\"ltr\" lang=\"fr\">NOUVEAU MAILLOT DECATHLON CMA CGM TEAM 2026<br \/>\nLe changement s\u2019\u00e9crit avec du rouge. 2026 marque une nouvelle \u00e8re pour l\u2019\u00e9quipe : l\u2019arriv\u00e9e de CMA CGM comme partenaire majeur.<br \/>\nUn maillot qui incarne plus que jamais notre ambition, sign\u00e9 Van Rysel.<br \/>\nOn a d\u00e9j\u00e0 h\u00e2te de le voir sur les\u2026 <a href=\"https:\/\/t.co\/U4MdrSCktn\">pic.twitter.com\/U4MdrSCktn<\/a><\/p>\n<p>\u2014 DECATHLON AG2R LA MONDIALE TEAM (@decathlonAG2RLM) <a href=\"https:\/\/twitter.com\/decathlonAG2RLM\/status\/1999044156220440966?ref_src=twsrc%5Etfw\">December 11, 2025<\/a><\/p><\/blockquote>\n<p style=\"text-align: justify;\"><script async src=\"https:\/\/platform.twitter.com\/widgets.js\" charset=\"utf-8\"><\/script><br \/>\nPlace \u00e0 la pr\u00e9sentation de l&rsquo;\u00e9quipe, avec 28 coureurs jusqu&rsquo;ici. Et bien \u00e9videmment, les recrues phares ont \u00e9t\u00e9 mises en avant. <strong>Olav Kooij<\/strong> et <strong>Tiesj Benoot<\/strong> ont \u00e9t\u00e9 chaleureusement applaudis, tels d&rsquo;autres comme <strong>Matthew Riccitello<\/strong>. Mais bien \u00e9videmment, l&rsquo;assistance n&rsquo;avait d&rsquo;yeux que pour un seul homme : <strong>Paul Seixas<\/strong>, particuli\u00e8rement attendu la saison prochaine. Cependant, tel un vieux briscard, il a bott\u00e9 en touche quand la question de savoir s&rsquo;il participerait au prochain Tour de France est arriv\u00e9e.<\/p>\n<blockquote>\n<p style=\"text-align: justify;\">C&rsquo;est toujours la grande question. Mon r\u00eave est de participer au Tour de France un jour, on verra si c&rsquo;est cette ann\u00e9e ou la prochaine.<\/p>\n<\/blockquote>\n<p style=\"text-align: justify;\">Le point final d&rsquo;une pr\u00e9sentation enthousiaste. Reste \u00e0 savoir si la saison le sera tout autant\u2026<\/p>\n<h2 style=\"text-align: justify;\">La composition de l&rsquo;\u00e9quipe Decathlon CGA CGM Team 2026<\/h2>\n<p style=\"text-align: justify;\">Tobias Lund Andresen &#8211; Tiesj Benoot &#8211; L\u00e9o Bisiaux &#8211; Stefan Bissegger &#8211; Cees Bol &#8211; Oscar Chamberlain &#8211; Sander De Pestel &#8211; Stan Dewulf &#8211; Felix Gall &#8211; Pierre Gautherat &#8211; Robbe Ghys &#8211; Tord Gudmestad &#8211; Dan Hoole &#8211; Noa Isidore &#8211; Olav Kooij &#8211; Antoine L&rsquo;Hote &#8211; Jordan Labrosse &#8211; Paul Lapeira &#8211; Gregor M\u00fchlberger &#8211; Oliver Naesen &#8211; Aur\u00e9lien Paret-Peintre &#8211; Rasmus S\u00f8jberg Pedersen &#8211; Gianluca Pollefliet &#8211; Nicolas Prodhomme &#8211; Matthew Riccitello &#8211; Callum Scotson &#8211; Paul Seixas &#8211; Johannes Staune-Mittet<\/p>\n<h2 style=\"text-align: justify;\">La vid\u00e9o de pr\u00e9sentation de la formation Decathlon CGA CGM<\/h2>\n<p style=\"text-align: justify;\"><iframe loading=\"lazy\" title=\"YouTube video player\" src=\"https:\/\/www.youtube.com\/embed\/jn8HtPKbIDg?si=z37mt-lGgiFqi1Lq\" width=\"560\" height=\"315\" frameborder=\"0\" allowfullscreen=\"allowfullscreen\"><\/iframe><\/p>\n<h3 style=\"text-align: justify;\">\u00c0 lire aussi<\/h3>\n<div class=\"vlp-link-container vlp-layout-article\"><a href=\"https:\/\/dicodusport.fr\/blog\/cyclisme-mercato-2025-2026-le-tableau-des-transferts\/\" class=\"vlp-link\" title=\"Cyclisme Mercato 2025-2026 - Le tableau des transferts\"><\/a><div class=\"vlp-layout-zone-side\"><div class=\"vlp-block-4 vlp-link-image\"><img loading=\"lazy\" decoding=\"async\" style=\"max-width: 792px;\" width=\"792\" height=\"445\" src=\"https:\/\/dicodusport.fr\/blog\/wp-content\/uploads\/2025\/02\/Cyclisme-Mercato-2025-2026-Le-tableau-des-transferts.png\" class=\"attachment-800x445 size-800x445\" alt=\"Cyclisme Mercato 2025-2026 - Le tableau des transferts\" srcset=\"https:\/\/dicodusport.fr\/blog\/wp-content\/uploads\/2025\/02\/Cyclisme-Mercato-2025-2026-Le-tableau-des-transferts.png 1200w, https:\/\/dicodusport.fr\/blog\/wp-content\/uploads\/2025\/02\/Cyclisme-Mercato-2025-2026-Le-tableau-des-transferts-300x169.png 300w, https:\/\/dicodusport.fr\/blog\/wp-content\/uploads\/2025\/02\/Cyclisme-Mercato-2025-2026-Le-tableau-des-transferts-1024x575.png 1024w, https:\/\/dicodusport.fr\/blog\/wp-content\/uploads\/2025\/02\/Cyclisme-Mercato-2025-2026-Le-tableau-des-transferts-768x431.png 768w\" sizes=\"auto, (max-width: 792px) 100vw, 792px\" \/><\/div><\/div><div class=\"vlp-layout-zone-main\"><div class=\"vlp-block-0 vlp-link-title\">Cyclisme Mercato 2025-2026 - Le tableau des transferts<\/div><div class=\"vlp-block-1 vlp-link-summary\">MERCATO CYCLISME 2025-2026 - D\u00e9couvrez les transferts officiels et les rumeurs du mercato cycliste.<\/div><div class=\"vlp-block-2 vlp-link-button\">Lire l'article<\/div><div class=\"vlp-block-3 vlp-link-url\">dicodusport.fr<\/div><\/div><\/div>\n","protected":false},"excerpt":{"rendered":"<p>SAISON CYCLISTE 2026 &#8211; Tr\u00e8s attendue la saison prochaine, la formation Decathlon CMA CGM a pr\u00e9sent\u00e9 son maillot et ses objectifs ce matin.\u00a0<\/p>\n","protected":false},"author":59,"featured_media":631565,"comment_status":"open","ping_status":"closed","sticky":false,"template":"","format":"standard","meta":{"_acf_changed":false,"_daextam_enable_autolinks":"1","footnotes":""},"categories":[46994],"tags":[16878,11197,47353],"class_list":["post-631564","post","type-post","status-publish","format-standard","has-post-thumbnail","hentry","category-cyclisme-sur-route","tag-breve","tag-cyclisme-sur-route","tag-decathlon-cga-cgm"],"acf":[],"yoast_head":"<!-- This site is optimized with the Yoast SEO Premium plugin v26.7 (Yoast SEO v26.7) - https:\/\/yoast.com\/wordpress\/plugins\/seo\/ -->\n<title>Nouveau maillot, recrues phares, Paul Seixas : ce qu&#039;il faut retenir de la pr\u00e9sentation de Decathlon CMA CGM<\/title>\n<meta name=\"description\" content=\"SAISON CYCLISTE 2026 - Tr\u00e8s attendue la saison prochaine, la formation Decathlon CMA CGM a pr\u00e9sent\u00e9 son maillot et ses objectifs ce matin.\u00a0\" \/>\n<meta name=\"robots\" content=\"index, follow, max-snippet:-1, max-image-preview:large, max-video-preview:-1\" \/>\n<link rel=\"canonical\" href=\"https:\/\/dicodusport.fr\/blog\/nouveau-maillot-recrues-phares-paul-seixas-ce-quil-faut-retenir-de-la-presentation-de-decathlon-cma-cgm\/\" \/>\n<meta property=\"og:locale\" content=\"fr_FR\" \/>\n<meta property=\"og:type\" content=\"article\" \/>\n<meta property=\"og:title\" content=\"Nouveau maillot, recrues phares, Paul Seixas : ce qu&#039;il faut retenir de la pr\u00e9sentation de Decathlon CMA CGM\" \/>\n<meta property=\"og:description\" content=\"SAISON CYCLISTE 2026 - Tr\u00e8s attendue la saison prochaine, la formation Decathlon CMA CGM a pr\u00e9sent\u00e9 son maillot et ses objectifs ce matin.\u00a0\" \/>\n<meta property=\"og:url\" content=\"https:\/\/dicodusport.fr\/blog\/nouveau-maillot-recrues-phares-paul-seixas-ce-quil-faut-retenir-de-la-presentation-de-decathlon-cma-cgm\/\" \/>\n<meta property=\"og:site_name\" content=\"Dicodusport\" \/>\n<meta property=\"article:publisher\" content=\"https:\/\/www.facebook.com\/dicodusport\" \/>\n<meta property=\"article:author\" content=\"https:\/\/www.facebook.com\/sebastien.gente\/\" \/>\n<meta property=\"article:published_time\" content=\"2025-12-11T09:37:42+00:00\" \/>\n<meta property=\"og:image\" content=\"https:\/\/dicodusport.fr\/blog\/wp-content\/uploads\/2025\/12\/Nouveau-maillot-recrues-phares-Paul-Seixas-ce-quil-faut-retenir-de-la-presentation-de-Decathlon-CMA-CGM.png\" \/>\n\t<meta property=\"og:image:width\" content=\"1200\" \/>\n\t<meta property=\"og:image:height\" content=\"674\" \/>\n\t<meta property=\"og:image:type\" content=\"image\/png\" \/>\n<meta name=\"author\" content=\"S\u00e9bastien Gente\" \/>\n<meta name=\"twitter:card\" content=\"summary_large_image\" \/>\n<meta name=\"twitter:title\" content=\"Nouveau maillot, recrues phares, Paul Seixas : ce qu&#039;il faut retenir de la pr\u00e9sentation de Decathlon CMA CGM\" \/>\n<meta name=\"twitter:creator\" content=\"@https:\/\/twitter.com\/globulo24\" \/>\n<meta name=\"twitter:site\" content=\"@dicodusport\" \/>\n<script type=\"application\/ld+json\" class=\"yoast-schema-graph\">{\"@context\":\"https:\/\/schema.org\",\"@graph\":[{\"@type\":\"NewsArticle\",\"@id\":\"https:\/\/dicodusport.fr\/blog\/nouveau-maillot-recrues-phares-paul-seixas-ce-quil-faut-retenir-de-la-presentation-de-decathlon-cma-cgm\/#article\",\"isPartOf\":{\"@id\":\"https:\/\/dicodusport.fr\/blog\/nouveau-maillot-recrues-phares-paul-seixas-ce-quil-faut-retenir-de-la-presentation-de-decathlon-cma-cgm\/\"},\"author\":{\"name\":\"S\u00e9bastien Gente\",\"@id\":\"https:\/\/dicodusport.fr\/blog\/#\/schema\/person\/627966a6cde45dbd8c5e36ac85d783da\"},\"headline\":\"Nouveau maillot, recrues phares, Paul Seixas : ce qu&rsquo;il faut retenir de la pr\u00e9sentation de Decathlon CMA CGM\",\"datePublished\":\"2025-12-11T09:37:42+00:00\",\"mainEntityOfPage\":{\"@id\":\"https:\/\/dicodusport.fr\/blog\/nouveau-maillot-recrues-phares-paul-seixas-ce-quil-faut-retenir-de-la-presentation-de-decathlon-cma-cgm\/\"},\"wordCount\":644,\"commentCount\":0,\"publisher\":{\"@id\":\"https:\/\/dicodusport.fr\/blog\/#organization\"},\"image\":{\"@id\":\"https:\/\/dicodusport.fr\/blog\/nouveau-maillot-recrues-phares-paul-seixas-ce-quil-faut-retenir-de-la-presentation-de-decathlon-cma-cgm\/#primaryimage\"},\"thumbnailUrl\":\"https:\/\/dicodusport.fr\/blog\/wp-content\/uploads\/2025\/12\/Nouveau-maillot-recrues-phares-Paul-Seixas-ce-quil-faut-retenir-de-la-presentation-de-Decathlon-CMA-CGM.png\",\"keywords\":[\"br\u00e8ve\",\"Cyclisme sur route\",\"decathlon CGA CGM\"],\"articleSection\":[\"Cyclisme sur route\"],\"inLanguage\":\"fr-FR\",\"potentialAction\":[{\"@type\":\"CommentAction\",\"name\":\"Comment\",\"target\":[\"https:\/\/dicodusport.fr\/blog\/nouveau-maillot-recrues-phares-paul-seixas-ce-quil-faut-retenir-de-la-presentation-de-decathlon-cma-cgm\/#respond\"]}],\"copyrightYear\":\"2025\",\"copyrightHolder\":{\"@id\":\"https:\/\/dicodusport.fr\/blog\/#organization\"}},{\"@type\":\"WebPage\",\"@id\":\"https:\/\/dicodusport.fr\/blog\/nouveau-maillot-recrues-phares-paul-seixas-ce-quil-faut-retenir-de-la-presentation-de-decathlon-cma-cgm\/\",\"url\":\"https:\/\/dicodusport.fr\/blog\/nouveau-maillot-recrues-phares-paul-seixas-ce-quil-faut-retenir-de-la-presentation-de-decathlon-cma-cgm\/\",\"name\":\"Nouveau maillot, recrues phares, Paul Seixas : ce qu'il faut retenir de la pr\u00e9sentation de Decathlon CMA CGM\",\"isPartOf\":{\"@id\":\"https:\/\/dicodusport.fr\/blog\/#website\"},\"primaryImageOfPage\":{\"@id\":\"https:\/\/dicodusport.fr\/blog\/nouveau-maillot-recrues-phares-paul-seixas-ce-quil-faut-retenir-de-la-presentation-de-decathlon-cma-cgm\/#primaryimage\"},\"image\":{\"@id\":\"https:\/\/dicodusport.fr\/blog\/nouveau-maillot-recrues-phares-paul-seixas-ce-quil-faut-retenir-de-la-presentation-de-decathlon-cma-cgm\/#primaryimage\"},\"thumbnailUrl\":\"https:\/\/dicodusport.fr\/blog\/wp-content\/uploads\/2025\/12\/Nouveau-maillot-recrues-phares-Paul-Seixas-ce-quil-faut-retenir-de-la-presentation-de-Decathlon-CMA-CGM.png\",\"datePublished\":\"2025-12-11T09:37:42+00:00\",\"description\":\"SAISON CYCLISTE 2026 - Tr\u00e8s attendue la saison prochaine, la formation Decathlon CMA CGM a pr\u00e9sent\u00e9 son maillot et ses objectifs ce matin.\u00a0\",\"breadcrumb\":{\"@id\":\"https:\/\/dicodusport.fr\/blog\/nouveau-maillot-recrues-phares-paul-seixas-ce-quil-faut-retenir-de-la-presentation-de-decathlon-cma-cgm\/#breadcrumb\"},\"inLanguage\":\"fr-FR\",\"potentialAction\":[{\"@type\":\"ReadAction\",\"target\":[\"https:\/\/dicodusport.fr\/blog\/nouveau-maillot-recrues-phares-paul-seixas-ce-quil-faut-retenir-de-la-presentation-de-decathlon-cma-cgm\/\"]}]},{\"@type\":\"ImageObject\",\"inLanguage\":\"fr-FR\",\"@id\":\"https:\/\/dicodusport.fr\/blog\/nouveau-maillot-recrues-phares-paul-seixas-ce-quil-faut-retenir-de-la-presentation-de-decathlon-cma-cgm\/#primaryimage\",\"url\":\"https:\/\/dicodusport.fr\/blog\/wp-content\/uploads\/2025\/12\/Nouveau-maillot-recrues-phares-Paul-Seixas-ce-quil-faut-retenir-de-la-presentation-de-Decathlon-CMA-CGM.png\",\"contentUrl\":\"https:\/\/dicodusport.fr\/blog\/wp-content\/uploads\/2025\/12\/Nouveau-maillot-recrues-phares-Paul-Seixas-ce-quil-faut-retenir-de-la-presentation-de-Decathlon-CMA-CGM.png\",\"width\":1200,\"height\":674,\"caption\":\"Nouveau maillot, recrues phares, Paul Seixas ce qu'il faut retenir de la pr\u00e9sentation de Decathlon CMA CGM\"},{\"@type\":\"BreadcrumbList\",\"@id\":\"https:\/\/dicodusport.fr\/blog\/nouveau-maillot-recrues-phares-paul-seixas-ce-quil-faut-retenir-de-la-presentation-de-decathlon-cma-cgm\/#breadcrumb\",\"itemListElement\":[{\"@type\":\"ListItem\",\"position\":1,\"name\":\"Accueil\",\"item\":\"https:\/\/dicodusport.fr\/blog\/\"},{\"@type\":\"ListItem\",\"position\":2,\"name\":\"Nouveau maillot, recrues phares, Paul Seixas : ce qu&rsquo;il faut retenir de la pr\u00e9sentation de Decathlon CMA CGM\"}]},{\"@type\":\"WebSite\",\"@id\":\"https:\/\/dicodusport.fr\/blog\/#website\",\"url\":\"https:\/\/dicodusport.fr\/blog\/\",\"name\":\"Dicodusport\",\"description\":\"L&#039;encyclop\u00e9die de l&#039;actualit\u00e9 sportive\",\"publisher\":{\"@id\":\"https:\/\/dicodusport.fr\/blog\/#organization\"},\"potentialAction\":[{\"@type\":\"SearchAction\",\"target\":{\"@type\":\"EntryPoint\",\"urlTemplate\":\"https:\/\/dicodusport.fr\/blog\/?s={search_term_string}\"},\"query-input\":{\"@type\":\"PropertyValueSpecification\",\"valueRequired\":true,\"valueName\":\"search_term_string\"}}],\"inLanguage\":\"fr-FR\"},{\"@type\":\"NewsMediaOrganization\",\"@id\":\"https:\/\/dicodusport.fr\/blog\/#organization\",\"name\":\"Dicodusport\",\"url\":\"https:\/\/dicodusport.fr\/blog\/\",\"logo\":{\"@type\":\"ImageObject\",\"inLanguage\":\"fr-FR\",\"@id\":\"https:\/\/dicodusport.fr\/blog\/#\/schema\/logo\/image\/\",\"url\":\"https:\/\/dicodusport.fr\/blog\/wp-content\/uploads\/2020\/06\/cropped-LOGO-DICODUSPORT-2020-SANS-FOND-SANS-TEXTE.png\",\"contentUrl\":\"https:\/\/dicodusport.fr\/blog\/wp-content\/uploads\/2020\/06\/cropped-LOGO-DICODUSPORT-2020-SANS-FOND-SANS-TEXTE.png\",\"width\":512,\"height\":512,\"caption\":\"Dicodusport\"},\"image\":{\"@id\":\"https:\/\/dicodusport.fr\/blog\/#\/schema\/logo\/image\/\"},\"sameAs\":[\"https:\/\/www.facebook.com\/dicodusport\",\"https:\/\/x.com\/dicodusport\",\"https:\/\/www.instagram.com\/dicodusport\/\",\"https:\/\/www.youtube.com\/channel\/UC7V2KZ5sd3htJivAbA4ZG3w\"],\"description\":\"Dicodusport est l'encyclop\u00e9die de l'actualit\u00e9 sportive.\",\"email\":\"bonjour@dicodusport.fr\",\"legalName\":\"DICODUSPORT\",\"foundingDate\":\"2018-01-14\",\"vatID\":\"FR71834470973\",\"taxID\":\"83447097300043\",\"numberOfEmployees\":{\"@type\":\"QuantitativeValue\",\"minValue\":\"1\",\"maxValue\":\"10\"}},{\"@type\":\"Person\",\"@id\":\"https:\/\/dicodusport.fr\/blog\/#\/schema\/person\/627966a6cde45dbd8c5e36ac85d783da\",\"name\":\"S\u00e9bastien Gente\",\"image\":{\"@type\":\"ImageObject\",\"inLanguage\":\"fr-FR\",\"@id\":\"https:\/\/dicodusport.fr\/blog\/#\/schema\/person\/image\/\",\"url\":\"https:\/\/dicodusport.fr\/blog\/wp-content\/uploads\/2021\/09\/1510990_10205810251400683_4124423575079401707_n-150x150.jpg\",\"contentUrl\":\"https:\/\/dicodusport.fr\/blog\/wp-content\/uploads\/2021\/09\/1510990_10205810251400683_4124423575079401707_n-150x150.jpg\",\"caption\":\"S\u00e9bastien Gente\"},\"description\":\"John Stockton, Gianni Bugno, Zinedine Zidane, Steffi Graf, Frode Andresen, St\u00e9phane Stoecklin, Davis Kamoga, Primoz Peterka, Werner Schlager et Aur\u00e9lien Rougerie. Point commun entre ces sportifs? Ils m'ont fait r\u00eaver et ont berc\u00e9 mon adolescence. Je suis un fondu de sports et j'essaie de retranscrire ma passion \u00e0 travers mes articles. Originaire du P\u00e9rigord, ma passion pour les Girondins, les Jaunards et les Jazzmen transpire dans mes \u00e9crits. \u00c0 Dicodusport depuis 2021, je d\u00e9niche les sports m\u00e9connus dans lesquels la France brille, et il y en a !\",\"sameAs\":[\"https:\/\/www.facebook.com\/sebastien.gente\/\",\"https:\/\/www.instagram.com\/sebgente\/\",\"https:\/\/www.linkedin.com\/in\/sbastien-gente-a29583169\/\",\"https:\/\/x.com\/https:\/\/twitter.com\/globulo24\",\"SebastienGente\"],\"worksFor\":\"S\u00e9bastien GENTE\",\"url\":\"https:\/\/dicodusport.fr\/blog\/author\/sebastiengente\/\"}]}<\/script>\n<!-- \/ Yoast SEO Premium plugin. -->","yoast_head_json":{"title":"Nouveau maillot, recrues phares, Paul Seixas : ce qu'il faut retenir de la pr\u00e9sentation de Decathlon CMA CGM","description":"SAISON CYCLISTE 2026 - Tr\u00e8s attendue la saison prochaine, la formation Decathlon CMA CGM a pr\u00e9sent\u00e9 son maillot et ses objectifs ce matin.\u00a0","robots":{"index":"index","follow":"follow","max-snippet":"max-snippet:-1","max-image-preview":"max-image-preview:large","max-video-preview":"max-video-preview:-1"},"canonical":"https:\/\/dicodusport.fr\/blog\/nouveau-maillot-recrues-phares-paul-seixas-ce-quil-faut-retenir-de-la-presentation-de-decathlon-cma-cgm\/","og_locale":"fr_FR","og_type":"article","og_title":"Nouveau maillot, recrues phares, Paul Seixas : ce qu'il faut retenir de la pr\u00e9sentation de Decathlon CMA CGM","og_description":"SAISON CYCLISTE 2026 - Tr\u00e8s attendue la saison prochaine, la formation Decathlon CMA CGM a pr\u00e9sent\u00e9 son maillot et ses objectifs ce matin.\u00a0","og_url":"https:\/\/dicodusport.fr\/blog\/nouveau-maillot-recrues-phares-paul-seixas-ce-quil-faut-retenir-de-la-presentation-de-decathlon-cma-cgm\/","og_site_name":"Dicodusport","article_publisher":"https:\/\/www.facebook.com\/dicodusport","article_author":"https:\/\/www.facebook.com\/sebastien.gente\/","article_published_time":"2025-12-11T09:37:42+00:00","og_image":[{"width":1200,"height":674,"url":"https:\/\/dicodusport.fr\/blog\/wp-content\/uploads\/2025\/12\/Nouveau-maillot-recrues-phares-Paul-Seixas-ce-quil-faut-retenir-de-la-presentation-de-Decathlon-CMA-CGM.png","type":"image\/png"}],"author":"S\u00e9bastien Gente","twitter_card":"summary_large_image","twitter_title":"Nouveau maillot, recrues phares, Paul Seixas : ce qu'il faut retenir de la pr\u00e9sentation de Decathlon CMA CGM","twitter_creator":"@https:\/\/twitter.com\/globulo24","twitter_site":"@dicodusport","schema":{"@context":"https:\/\/schema.org","@graph":[{"@type":"NewsArticle","@id":"https:\/\/dicodusport.fr\/blog\/nouveau-maillot-recrues-phares-paul-seixas-ce-quil-faut-retenir-de-la-presentation-de-decathlon-cma-cgm\/#article","isPartOf":{"@id":"https:\/\/dicodusport.fr\/blog\/nouveau-maillot-recrues-phares-paul-seixas-ce-quil-faut-retenir-de-la-presentation-de-decathlon-cma-cgm\/"},"author":{"name":"S\u00e9bastien Gente","@id":"https:\/\/dicodusport.fr\/blog\/#\/schema\/person\/627966a6cde45dbd8c5e36ac85d783da"},"headline":"Nouveau maillot, recrues phares, Paul Seixas : ce qu&rsquo;il faut retenir de la pr\u00e9sentation de Decathlon CMA CGM","datePublished":"2025-12-11T09:37:42+00:00","mainEntityOfPage":{"@id":"https:\/\/dicodusport.fr\/blog\/nouveau-maillot-recrues-phares-paul-seixas-ce-quil-faut-retenir-de-la-presentation-de-decathlon-cma-cgm\/"},"wordCount":644,"commentCount":0,"publisher":{"@id":"https:\/\/dicodusport.fr\/blog\/#organization"},"image":{"@id":"https:\/\/dicodusport.fr\/blog\/nouveau-maillot-recrues-phares-paul-seixas-ce-quil-faut-retenir-de-la-presentation-de-decathlon-cma-cgm\/#primaryimage"},"thumbnailUrl":"https:\/\/dicodusport.fr\/blog\/wp-content\/uploads\/2025\/12\/Nouveau-maillot-recrues-phares-Paul-Seixas-ce-quil-faut-retenir-de-la-presentation-de-Decathlon-CMA-CGM.png","keywords":["br\u00e8ve","Cyclisme sur route","decathlon CGA CGM"],"articleSection":["Cyclisme sur route"],"inLanguage":"fr-FR","potentialAction":[{"@type":"CommentAction","name":"Comment","target":["https:\/\/dicodusport.fr\/blog\/nouveau-maillot-recrues-phares-paul-seixas-ce-quil-faut-retenir-de-la-presentation-de-decathlon-cma-cgm\/#respond"]}],"copyrightYear":"2025","copyrightHolder":{"@id":"https:\/\/dicodusport.fr\/blog\/#organization"}},{"@type":"WebPage","@id":"https:\/\/dicodusport.fr\/blog\/nouveau-maillot-recrues-phares-paul-seixas-ce-quil-faut-retenir-de-la-presentation-de-decathlon-cma-cgm\/","url":"https:\/\/dicodusport.fr\/blog\/nouveau-maillot-recrues-phares-paul-seixas-ce-quil-faut-retenir-de-la-presentation-de-decathlon-cma-cgm\/","name":"Nouveau maillot, recrues phares, Paul Seixas : ce qu'il faut retenir de la pr\u00e9sentation de Decathlon CMA CGM","isPartOf":{"@id":"https:\/\/dicodusport.fr\/blog\/#website"},"primaryImageOfPage":{"@id":"https:\/\/dicodusport.fr\/blog\/nouveau-maillot-recrues-phares-paul-seixas-ce-quil-faut-retenir-de-la-presentation-de-decathlon-cma-cgm\/#primaryimage"},"image":{"@id":"https:\/\/dicodusport.fr\/blog\/nouveau-maillot-recrues-phares-paul-seixas-ce-quil-faut-retenir-de-la-presentation-de-decathlon-cma-cgm\/#primaryimage"},"thumbnailUrl":"https:\/\/dicodusport.fr\/blog\/wp-content\/uploads\/2025\/12\/Nouveau-maillot-recrues-phares-Paul-Seixas-ce-quil-faut-retenir-de-la-presentation-de-Decathlon-CMA-CGM.png","datePublished":"2025-12-11T09:37:42+00:00","description":"SAISON CYCLISTE 2026 - Tr\u00e8s attendue la saison prochaine, la formation Decathlon CMA CGM a pr\u00e9sent\u00e9 son maillot et ses objectifs ce matin.\u00a0","breadcrumb":{"@id":"https:\/\/dicodusport.fr\/blog\/nouveau-maillot-recrues-phares-paul-seixas-ce-quil-faut-retenir-de-la-presentation-de-decathlon-cma-cgm\/#breadcrumb"},"inLanguage":"fr-FR","potentialAction":[{"@type":"ReadAction","target":["https:\/\/dicodusport.fr\/blog\/nouveau-maillot-recrues-phares-paul-seixas-ce-quil-faut-retenir-de-la-presentation-de-decathlon-cma-cgm\/"]}]},{"@type":"ImageObject","inLanguage":"fr-FR","@id":"https:\/\/dicodusport.fr\/blog\/nouveau-maillot-recrues-phares-paul-seixas-ce-quil-faut-retenir-de-la-presentation-de-decathlon-cma-cgm\/#primaryimage","url":"https:\/\/dicodusport.fr\/blog\/wp-content\/uploads\/2025\/12\/Nouveau-maillot-recrues-phares-Paul-Seixas-ce-quil-faut-retenir-de-la-presentation-de-Decathlon-CMA-CGM.png","contentUrl":"https:\/\/dicodusport.fr\/blog\/wp-content\/uploads\/2025\/12\/Nouveau-maillot-recrues-phares-Paul-Seixas-ce-quil-faut-retenir-de-la-presentation-de-Decathlon-CMA-CGM.png","width":1200,"height":674,"caption":"Nouveau maillot, recrues phares, Paul Seixas ce qu'il faut retenir de la pr\u00e9sentation de Decathlon CMA CGM"},{"@type":"BreadcrumbList","@id":"https:\/\/dicodusport.fr\/blog\/nouveau-maillot-recrues-phares-paul-seixas-ce-quil-faut-retenir-de-la-presentation-de-decathlon-cma-cgm\/#breadcrumb","itemListElement":[{"@type":"ListItem","position":1,"name":"Accueil","item":"https:\/\/dicodusport.fr\/blog\/"},{"@type":"ListItem","position":2,"name":"Nouveau maillot, recrues phares, Paul Seixas : ce qu&rsquo;il faut retenir de la pr\u00e9sentation de Decathlon CMA CGM"}]},{"@type":"WebSite","@id":"https:\/\/dicodusport.fr\/blog\/#website","url":"https:\/\/dicodusport.fr\/blog\/","name":"Dicodusport","description":"L&#039;encyclop\u00e9die de l&#039;actualit\u00e9 sportive","publisher":{"@id":"https:\/\/dicodusport.fr\/blog\/#organization"},"potentialAction":[{"@type":"SearchAction","target":{"@type":"EntryPoint","urlTemplate":"https:\/\/dicodusport.fr\/blog\/?s={search_term_string}"},"query-input":{"@type":"PropertyValueSpecification","valueRequired":true,"valueName":"search_term_string"}}],"inLanguage":"fr-FR"},{"@type":"NewsMediaOrganization","@id":"https:\/\/dicodusport.fr\/blog\/#organization","name":"Dicodusport","url":"https:\/\/dicodusport.fr\/blog\/","logo":{"@type":"ImageObject","inLanguage":"fr-FR","@id":"https:\/\/dicodusport.fr\/blog\/#\/schema\/logo\/image\/","url":"https:\/\/dicodusport.fr\/blog\/wp-content\/uploads\/2020\/06\/cropped-LOGO-DICODUSPORT-2020-SANS-FOND-SANS-TEXTE.png","contentUrl":"https:\/\/dicodusport.fr\/blog\/wp-content\/uploads\/2020\/06\/cropped-LOGO-DICODUSPORT-2020-SANS-FOND-SANS-TEXTE.png","width":512,"height":512,"caption":"Dicodusport"},"image":{"@id":"https:\/\/dicodusport.fr\/blog\/#\/schema\/logo\/image\/"},"sameAs":["https:\/\/www.facebook.com\/dicodusport","https:\/\/x.com\/dicodusport","https:\/\/www.instagram.com\/dicodusport\/","https:\/\/www.youtube.com\/channel\/UC7V2KZ5sd3htJivAbA4ZG3w"],"description":"Dicodusport est l'encyclop\u00e9die de l'actualit\u00e9 sportive.","email":"bonjour@dicodusport.fr","legalName":"DICODUSPORT","foundingDate":"2018-01-14","vatID":"FR71834470973","taxID":"83447097300043","numberOfEmployees":{"@type":"QuantitativeValue","minValue":"1","maxValue":"10"}},{"@type":"Person","@id":"https:\/\/dicodusport.fr\/blog\/#\/schema\/person\/627966a6cde45dbd8c5e36ac85d783da","name":"S\u00e9bastien Gente","image":{"@type":"ImageObject","inLanguage":"fr-FR","@id":"https:\/\/dicodusport.fr\/blog\/#\/schema\/person\/image\/","url":"https:\/\/dicodusport.fr\/blog\/wp-content\/uploads\/2021\/09\/1510990_10205810251400683_4124423575079401707_n-150x150.jpg","contentUrl":"https:\/\/dicodusport.fr\/blog\/wp-content\/uploads\/2021\/09\/1510990_10205810251400683_4124423575079401707_n-150x150.jpg","caption":"S\u00e9bastien Gente"},"description":"John Stockton, Gianni Bugno, Zinedine Zidane, Steffi Graf, Frode Andresen, St\u00e9phane Stoecklin, Davis Kamoga, Primoz Peterka, Werner Schlager et Aur\u00e9lien Rougerie. Point commun entre ces sportifs? Ils m'ont fait r\u00eaver et ont berc\u00e9 mon adolescence. Je suis un fondu de sports et j'essaie de retranscrire ma passion \u00e0 travers mes articles. Originaire du P\u00e9rigord, ma passion pour les Girondins, les Jaunards et les Jazzmen transpire dans mes \u00e9crits. \u00c0 Dicodusport depuis 2021, je d\u00e9niche les sports m\u00e9connus dans lesquels la France brille, et il y en a !","sameAs":["https:\/\/www.facebook.com\/sebastien.gente\/","https:\/\/www.instagram.com\/sebgente\/","https:\/\/www.linkedin.com\/in\/sbastien-gente-a29583169\/","https:\/\/x.com\/https:\/\/twitter.com\/globulo24","SebastienGente"],"worksFor":"S\u00e9bastien GENTE","url":"https:\/\/dicodusport.fr\/blog\/author\/sebastiengente\/"}]}},"_links":{"self":[{"href":"https:\/\/dicodusport.fr\/blog\/wp-json\/wp\/v2\/posts\/631564","targetHints":{"allow":["GET"]}}],"collection":[{"href":"https:\/\/dicodusport.fr\/blog\/wp-json\/wp\/v2\/posts"}],"about":[{"href":"https:\/\/dicodusport.fr\/blog\/wp-json\/wp\/v2\/types\/post"}],"author":[{"embeddable":true,"href":"https:\/\/dicodusport.fr\/blog\/wp-json\/wp\/v2\/users\/59"}],"replies":[{"embeddable":true,"href":"https:\/\/dicodusport.fr\/blog\/wp-json\/wp\/v2\/comments?post=631564"}],"version-history":[{"count":1,"href":"https:\/\/dicodusport.fr\/blog\/wp-json\/wp\/v2\/posts\/631564\/revisions"}],"predecessor-version":[{"id":631567,"href":"https:\/\/dicodusport.fr\/blog\/wp-json\/wp\/v2\/posts\/631564\/revisions\/631567"}],"wp:featuredmedia":[{"embeddable":true,"href":"https:\/\/dicodusport.fr\/blog\/wp-json\/wp\/v2\/media\/631565"}],"wp:attachment":[{"href":"https:\/\/dicodusport.fr\/blog\/wp-json\/wp\/v2\/media?parent=631564"}],"wp:term":[{"taxonomy":"category","embeddable":true,"href":"https:\/\/dicodusport.fr\/blog\/wp-json\/wp\/v2\/categories?post=631564"},{"taxonomy":"post_tag","embeddable":true,"href":"https:\/\/dicodusport.fr\/blog\/wp-json\/wp\/v2\/tags?post=631564"}],"curies":[{"name":"wp","href":"https:\/\/api.w.org\/{rel}","templated":true}]}}