{"id":631594,"date":"2025-12-13T14:06:05","date_gmt":"2025-12-13T13:06:05","guid":{"rendered":"https:\/\/dicodusport.fr\/blog\/?p=631594&#038;preview=true&#038;preview_id=631594"},"modified":"2025-12-13T15:16:06","modified_gmt":"2025-12-13T14:16:06","slug":"triple-suisse-sur-le-geant-de-val-disere-loic-meillard-simpose-en-costaud","status":"publish","type":"post","link":"https:\/\/dicodusport.fr\/blog\/triple-suisse-sur-le-geant-de-val-disere-loic-meillard-simpose-en-costaud\/","title":{"rendered":"Tripl\u00e9 suisse sur le g\u00e9ant de Val d&rsquo;Is\u00e8re : Lo\u00efc Meillard s&rsquo;impose en costaud"},"content":{"rendered":"<p style=\"text-align: justify;\"><strong><em>COUPE DU MONDE DE SKI ALPIN 2025\/2026 &#8211; Apr\u00e8s un d\u00e9but de saison compliqu\u00e9, Lo\u00efc Meillard se relance en remportant brillamment le g\u00e9ant de Val d&rsquo;Is\u00e8re, devant Aerni et Odermatt.<\/em><\/strong><\/p>\n<ul>\n<li><strong>\u00c0 ce sujet \u2014 <a href=\"https:\/\/dicodusport.fr\/blog\/ski-alpin-coupe-du-monde-2025-2026-le-calendrier-complet\/\">Ski alpin Coupe du monde 2025-2026 \u2013 Le calendrier complet<\/a><\/strong><\/li>\n<\/ul>\n<p style=\"text-align: justify;\">Nouveau g\u00e9ant pour les meilleurs skieurs de la plan\u00e8te, avec des Fran\u00e7ais qui avaient \u00e0 c\u0153ur de briller devant leur public \u00e0 <strong>Val d\u2019Is\u00e8re<\/strong>.<\/p>\n<h2 style=\"text-align: justify;\">Brennsteiner aux commandes, Pinturault en embuscade<\/h2>\n<p style=\"text-align: justify;\">Lors de la premi\u00e8re manche, c\u2019est l\u2019Autrichien <strong>Stefan Brennsteiner<\/strong> qui a \u00e9t\u00e9 le plus fort en r\u00e9alisant le meilleur temps, devant deux Norv\u00e9giens, <strong>Henrik Kristoffersen<\/strong> (+0.28) et <strong>Timon Haugan<\/strong> (+0.33). Leader de la discipline, <strong>Marco Odermatt<\/strong> est juste derri\u00e8re, 4\u00e8me \u00e0 +0.57. C\u00f4t\u00e9 tricolore, c\u2019est l\u2019inusable <strong>Alexis Pinturault<\/strong> qui s\u2019en sort le mieux avec une 9\u00e8me place \u00e0 +1.07. Deux autres Fran\u00e7ais se sont qualifi\u00e9s pour la deuxi\u00e8me manche : <strong>L\u00e9o Anguenot<\/strong> (15\u00e8me \u00e0 +1.53) et <strong>Thibaut Favrot<\/strong> (17\u00e8me \u00e0 +1.55).<\/p>\n<p style=\"text-align: justify;\">Dernier qualifi\u00e9, <strong>Eirik Solberg<\/strong> lance les hostilit\u00e9s. Les conditions sont parfaites sur la face de Bellevarde : le trac\u00e9 est tr\u00e8s exigeant et tout est r\u00e9uni pour offrir un beau spectacle. Apr\u00e8s douze dossards, c\u2019est l\u2019Am\u00e9ricain <strong>River Radamus<\/strong> qui m\u00e8ne la danse. Premier Fran\u00e7ais \u00e0 s\u2019\u00e9lancer, <strong>Thibaut Favrot<\/strong> ne trouve pas la solution sur ce trac\u00e9 et termine en derni\u00e8re position provisoire (+2.02). Tr\u00e8s bien parti, <strong>L\u00e9o Anguenot<\/strong> commet une faute d\u2019int\u00e9rieur, tout proche de la sortie, et termine \u00e0 81 centi\u00e8mes.<\/p>\n<div class=\"vlp-link-container vlp-layout-article\"><a href=\"https:\/\/dicodusport.fr\/blog\/geant-hommes-val-disere-2025-classement-et-resultats\/\" class=\"vlp-link\" title=\"G\u00e9ant hommes Val d&#039;Is\u00e8re 2025 - Classement et r\u00e9sultats\"><\/a><div class=\"vlp-layout-zone-side\"><div class=\"vlp-block-4 vlp-link-image\"><img loading=\"lazy\" decoding=\"async\" style=\"max-width: 792px;\" width=\"792\" height=\"445\" src=\"https:\/\/dicodusport.fr\/blog\/wp-content\/uploads\/2025\/12\/Geant-hommes-Val-dIsere-2025-Classement-et-resultats.png\" class=\"attachment-800x445 size-800x445\" alt=\"G\u00e9ant hommes Val d&#039;Is\u00e8re 2025 - Classement et r\u00e9sultats\" srcset=\"https:\/\/dicodusport.fr\/blog\/wp-content\/uploads\/2025\/12\/Geant-hommes-Val-dIsere-2025-Classement-et-resultats.png 1200w, https:\/\/dicodusport.fr\/blog\/wp-content\/uploads\/2025\/12\/Geant-hommes-Val-dIsere-2025-Classement-et-resultats-300x169.png 300w, https:\/\/dicodusport.fr\/blog\/wp-content\/uploads\/2025\/12\/Geant-hommes-Val-dIsere-2025-Classement-et-resultats-1024x575.png 1024w, https:\/\/dicodusport.fr\/blog\/wp-content\/uploads\/2025\/12\/Geant-hommes-Val-dIsere-2025-Classement-et-resultats-768x431.png 768w\" sizes=\"auto, (max-width: 792px) 100vw, 792px\" \/><\/div><\/div><div class=\"vlp-layout-zone-main\"><div class=\"vlp-block-0 vlp-link-title\">G\u00e9ant hommes Val d'Is\u00e8re 2025 - Classement et r\u00e9sultats<\/div><div class=\"vlp-block-1 vlp-link-summary\">D\u00e9couvrez les r\u00e9sultats complets et le classement du g\u00e9ant hommes de Val d'Is\u00e8re (France) de la Coupe du monde de ski alpin 2025-2026.<\/div><div class=\"vlp-block-2 vlp-link-button\">Lire l'article<\/div><div class=\"vlp-block-3 vlp-link-url\">dicodusport.fr<\/div><\/div><\/div>\n<h2 style=\"text-align: justify;\">Lo\u00efc Meillard renoue avec la victoire<\/h2>\n<p style=\"text-align: justify;\">Apr\u00e8s sept places remont\u00e9es, Radamus est d\u00e9log\u00e9 du si\u00e8ge de leader par le Suisse <strong>Luca Aerni<\/strong>. <strong>Alexis Pinturault<\/strong> s\u2019\u00e9lance \u00e0 son tour mais commet lui aussi une grosse faute dans la partie m\u00e9diane du trac\u00e9. Il termine loin (+1.65). Les skieurs s\u2019encha\u00eenent mais ne parviennent pas \u00e0 devancer <strong>Aerni<\/strong>, qui poursuit sa remont\u00e9e.<\/p>\n<p style=\"text-align: justify;\">C\u2019est finalement <strong>Lo\u00efc Meillard<\/strong>, pourtant en difficult\u00e9 depuis le d\u00e9but de la saison, qui sort une course de tr\u00e8s haut niveau. En avance sur le haut du trac\u00e9, le Suisse perd du temps sur le bas mais en conserve suffisamment pour prendre la t\u00eate (-0.18). \u00c0 l\u2019inverse, <strong>Marco Odermatt<\/strong> ne propose pas le niveau auquel il nous a habitu\u00e9s et ne jouera pas la victoire aujourd\u2019hui.<\/p>\n<p style=\"text-align: justify;\"><strong>Timon Haugan<\/strong> passe derri\u00e8re, tout comme <strong>Henrik Kristoffersen<\/strong>. Il ne reste plus que <strong>Stefan Brennsteiner<\/strong> dans le portillon, mais d\u00e8s le d\u00e9but de son run, l\u2019Autrichien encha\u00eene les petites fautes. Le retard s\u2019accumule et, malgr\u00e9 un tr\u00e8s bon finish, il termine hors du podium.<\/p>\n<p style=\"text-align: justify;\">Gr\u00e2ce \u00e0 ce succ\u00e8s, <strong>Lo\u00efc Meillard<\/strong> lance enfin sa saison. Il s\u2019impose devant <strong>Luca Aerni<\/strong>, 2\u00e8me, et <strong>Marco Odermatt<\/strong>, 3\u00e8me. Les Tricolores ont en revanche v\u00e9cu une course compliqu\u00e9e devant leur public : <strong>L\u00e9o Anguenot<\/strong> termine premier Fran\u00e7ais \u00e0 la 19\u00e8me place, <strong>Alexis Pinturault<\/strong> finit 22\u00e8me et <strong>Thibaut Favrot<\/strong> 27\u00e8me.<\/p>\n<blockquote class=\"twitter-tweet\">\n<p dir=\"ltr\" lang=\"fr\">\ud83c\udde8\ud83c\udded Tripl\u00e9 suisse \u00e0 Val d&rsquo;Is\u00e8re !<\/p>\n<p>Lo\u00efc Meillard remporte le g\u00e9ant, sa premi\u00e8re victoire de l&rsquo;hiver, devant Luca Aerni et Marco Odermatt. <a href=\"https:\/\/twitter.com\/hashtag\/lequipeSKI?src=hash&amp;ref_src=twsrc%5Etfw\">#lequipeSKI<\/a> <a href=\"https:\/\/t.co\/rr7CCbQ9sW\">pic.twitter.com\/rr7CCbQ9sW<\/a><\/p>\n<p>\u2014 la chaine L&rsquo;\u00c9quipe (@lachainelequipe) <a href=\"https:\/\/twitter.com\/lachainelequipe\/status\/1999827614832185612?ref_src=twsrc%5Etfw\">December 13, 2025<\/a><\/p><\/blockquote>\n<p><script async src=\"https:\/\/platform.twitter.com\/widgets.js\" charset=\"utf-8\"><\/script><\/p>\n<ul>\n<li style=\"text-align: justify;\"><strong>\u00c0 ce sujet \u2014\u00a0<a href=\"https:\/\/dicodusport.fr\/blog\/coupe-du-monde-ski-alpin-classement-general-hommes-mis-a-jour\/\">Coupe du monde Ski alpin : Classement g\u00e9n\u00e9ral hommes mis \u00e0 jour<\/a><\/strong><\/li>\n<\/ul>\n","protected":false},"excerpt":{"rendered":"<p>Apr\u00e8s un d\u00e9but de saison compliqu\u00e9, Lo\u00efc Meillard se relance en remportant brillamment le g\u00e9ant de Val d&rsquo;Is\u00e8re, devant Aerni et Odermatt.<\/p>\n","protected":false},"author":89,"featured_media":632119,"comment_status":"open","ping_status":"closed","sticky":false,"template":"","format":"standard","meta":{"_acf_changed":false,"_daextam_enable_autolinks":"1","footnotes":""},"categories":[47084],"tags":[32415,16878,12586,2233,9368],"class_list":["post-631594","post","type-post","status-publish","format-standard","has-post-thumbnail","hentry","category-coupe-du-monde-ski-alpin","tag-actu","tag-breve","tag-coupe-du-monde-de-ski-alpin","tag-ski-alpin","tag-val-disere"],"acf":[],"yoast_head":"<!-- This site is optimized with the Yoast SEO Premium plugin v26.7 (Yoast SEO v26.7) - https:\/\/yoast.com\/wordpress\/plugins\/seo\/ -->\n<title>Tripl\u00e9 suisse sur le g\u00e9ant de Val d&#039;Is\u00e8re : Lo\u00efc Meillard s&#039;impose en costaud<\/title>\n<meta name=\"description\" content=\"Apr\u00e8s un d\u00e9but de saison compliqu\u00e9, Lo\u00efc Meillard se relance en remportant brillamment le g\u00e9ant de Val d&#039;Is\u00e8re, devant Aerni et Odermatt.\" \/>\n<meta name=\"robots\" content=\"index, follow, max-snippet:-1, max-image-preview:large, max-video-preview:-1\" \/>\n<link rel=\"canonical\" href=\"https:\/\/dicodusport.fr\/blog\/triple-suisse-sur-le-geant-de-val-disere-loic-meillard-simpose-en-costaud\/\" \/>\n<meta property=\"og:locale\" content=\"fr_FR\" \/>\n<meta property=\"og:type\" content=\"article\" \/>\n<meta property=\"og:title\" content=\"Tripl\u00e9 suisse sur le g\u00e9ant de Val d&#039;Is\u00e8re : Lo\u00efc Meillard s&#039;impose en costaud\" \/>\n<meta property=\"og:description\" content=\"Apr\u00e8s un d\u00e9but de saison compliqu\u00e9, Lo\u00efc Meillard se relance en remportant brillamment le g\u00e9ant de Val d&#039;Is\u00e8re, devant Aerni et Odermatt.\" \/>\n<meta property=\"og:url\" content=\"https:\/\/dicodusport.fr\/blog\/triple-suisse-sur-le-geant-de-val-disere-loic-meillard-simpose-en-costaud\/\" \/>\n<meta property=\"og:site_name\" content=\"Dicodusport\" \/>\n<meta property=\"article:publisher\" content=\"https:\/\/www.facebook.com\/dicodusport\" \/>\n<meta property=\"article:published_time\" content=\"2025-12-13T13:06:05+00:00\" \/>\n<meta property=\"article:modified_time\" content=\"2025-12-13T14:16:06+00:00\" \/>\n<meta property=\"og:image\" content=\"https:\/\/dicodusport.fr\/blog\/wp-content\/uploads\/2025\/12\/Triple-suisse-sur-le-geant-de-Val-dIsere-Loic-Meillard-simpose-en-costaud-1.png\" \/>\n\t<meta property=\"og:image:width\" content=\"1200\" \/>\n\t<meta property=\"og:image:height\" content=\"674\" \/>\n\t<meta property=\"og:image:type\" content=\"image\/png\" \/>\n<meta name=\"author\" content=\"Louka Lesueur\" \/>\n<meta name=\"twitter:card\" content=\"summary_large_image\" \/>\n<meta name=\"twitter:title\" content=\"Tripl\u00e9 suisse sur le g\u00e9ant de Val d&#039;Is\u00e8re : Lo\u00efc Meillard s&#039;impose en costaud\" \/>\n<meta name=\"twitter:creator\" content=\"@https:\/\/twitter.com\/LNewsSF\" \/>\n<meta name=\"twitter:site\" content=\"@dicodusport\" \/>\n<script type=\"application\/ld+json\" class=\"yoast-schema-graph\">{\"@context\":\"https:\/\/schema.org\",\"@graph\":[{\"@type\":\"NewsArticle\",\"@id\":\"https:\/\/dicodusport.fr\/blog\/triple-suisse-sur-le-geant-de-val-disere-loic-meillard-simpose-en-costaud\/#article\",\"isPartOf\":{\"@id\":\"https:\/\/dicodusport.fr\/blog\/triple-suisse-sur-le-geant-de-val-disere-loic-meillard-simpose-en-costaud\/\"},\"author\":{\"name\":\"Louka Lesueur\",\"@id\":\"https:\/\/dicodusport.fr\/blog\/#\/schema\/person\/54b6cdccebdfcd5a1036c594aecffc2a\"},\"headline\":\"Tripl\u00e9 suisse sur le g\u00e9ant de Val d&rsquo;Is\u00e8re : Lo\u00efc Meillard s&rsquo;impose en costaud\",\"datePublished\":\"2025-12-13T13:06:05+00:00\",\"dateModified\":\"2025-12-13T14:16:06+00:00\",\"mainEntityOfPage\":{\"@id\":\"https:\/\/dicodusport.fr\/blog\/triple-suisse-sur-le-geant-de-val-disere-loic-meillard-simpose-en-costaud\/\"},\"wordCount\":641,\"commentCount\":0,\"publisher\":{\"@id\":\"https:\/\/dicodusport.fr\/blog\/#organization\"},\"image\":{\"@id\":\"https:\/\/dicodusport.fr\/blog\/triple-suisse-sur-le-geant-de-val-disere-loic-meillard-simpose-en-costaud\/#primaryimage\"},\"thumbnailUrl\":\"https:\/\/dicodusport.fr\/blog\/wp-content\/uploads\/2025\/12\/Triple-suisse-sur-le-geant-de-Val-dIsere-Loic-Meillard-simpose-en-costaud-1.png\",\"keywords\":[\"actu\",\"br\u00e8ve\",\"Coupe du monde de ski alpin\",\"Ski alpin\",\"Val d'Is\u00e8re\"],\"articleSection\":[\"Coupe du monde de ski alpin\"],\"inLanguage\":\"fr-FR\",\"potentialAction\":[{\"@type\":\"CommentAction\",\"name\":\"Comment\",\"target\":[\"https:\/\/dicodusport.fr\/blog\/triple-suisse-sur-le-geant-de-val-disere-loic-meillard-simpose-en-costaud\/#respond\"]}],\"copyrightYear\":\"2025\",\"copyrightHolder\":{\"@id\":\"https:\/\/dicodusport.fr\/blog\/#organization\"}},{\"@type\":\"WebPage\",\"@id\":\"https:\/\/dicodusport.fr\/blog\/triple-suisse-sur-le-geant-de-val-disere-loic-meillard-simpose-en-costaud\/\",\"url\":\"https:\/\/dicodusport.fr\/blog\/triple-suisse-sur-le-geant-de-val-disere-loic-meillard-simpose-en-costaud\/\",\"name\":\"Tripl\u00e9 suisse sur le g\u00e9ant de Val d'Is\u00e8re : Lo\u00efc Meillard s'impose en costaud\",\"isPartOf\":{\"@id\":\"https:\/\/dicodusport.fr\/blog\/#website\"},\"primaryImageOfPage\":{\"@id\":\"https:\/\/dicodusport.fr\/blog\/triple-suisse-sur-le-geant-de-val-disere-loic-meillard-simpose-en-costaud\/#primaryimage\"},\"image\":{\"@id\":\"https:\/\/dicodusport.fr\/blog\/triple-suisse-sur-le-geant-de-val-disere-loic-meillard-simpose-en-costaud\/#primaryimage\"},\"thumbnailUrl\":\"https:\/\/dicodusport.fr\/blog\/wp-content\/uploads\/2025\/12\/Triple-suisse-sur-le-geant-de-Val-dIsere-Loic-Meillard-simpose-en-costaud-1.png\",\"datePublished\":\"2025-12-13T13:06:05+00:00\",\"dateModified\":\"2025-12-13T14:16:06+00:00\",\"description\":\"Apr\u00e8s un d\u00e9but de saison compliqu\u00e9, Lo\u00efc Meillard se relance en remportant brillamment le g\u00e9ant de Val d'Is\u00e8re, devant Aerni et Odermatt.\",\"breadcrumb\":{\"@id\":\"https:\/\/dicodusport.fr\/blog\/triple-suisse-sur-le-geant-de-val-disere-loic-meillard-simpose-en-costaud\/#breadcrumb\"},\"inLanguage\":\"fr-FR\",\"potentialAction\":[{\"@type\":\"ReadAction\",\"target\":[\"https:\/\/dicodusport.fr\/blog\/triple-suisse-sur-le-geant-de-val-disere-loic-meillard-simpose-en-costaud\/\"]}]},{\"@type\":\"ImageObject\",\"inLanguage\":\"fr-FR\",\"@id\":\"https:\/\/dicodusport.fr\/blog\/triple-suisse-sur-le-geant-de-val-disere-loic-meillard-simpose-en-costaud\/#primaryimage\",\"url\":\"https:\/\/dicodusport.fr\/blog\/wp-content\/uploads\/2025\/12\/Triple-suisse-sur-le-geant-de-Val-dIsere-Loic-Meillard-simpose-en-costaud-1.png\",\"contentUrl\":\"https:\/\/dicodusport.fr\/blog\/wp-content\/uploads\/2025\/12\/Triple-suisse-sur-le-geant-de-Val-dIsere-Loic-Meillard-simpose-en-costaud-1.png\",\"width\":1200,\"height\":674,\"caption\":\"Tripl\u00e9 suisse sur le g\u00e9ant de Val d'Is\u00e8re Lo\u00efc Meillard s'impose en costaud (1)\"},{\"@type\":\"BreadcrumbList\",\"@id\":\"https:\/\/dicodusport.fr\/blog\/triple-suisse-sur-le-geant-de-val-disere-loic-meillard-simpose-en-costaud\/#breadcrumb\",\"itemListElement\":[{\"@type\":\"ListItem\",\"position\":1,\"name\":\"Accueil\",\"item\":\"https:\/\/dicodusport.fr\/blog\/\"},{\"@type\":\"ListItem\",\"position\":2,\"name\":\"Tripl\u00e9 suisse sur le g\u00e9ant de Val d&rsquo;Is\u00e8re : Lo\u00efc Meillard s&rsquo;impose en costaud\"}]},{\"@type\":\"WebSite\",\"@id\":\"https:\/\/dicodusport.fr\/blog\/#website\",\"url\":\"https:\/\/dicodusport.fr\/blog\/\",\"name\":\"Dicodusport\",\"description\":\"L&#039;encyclop\u00e9die de l&#039;actualit\u00e9 sportive\",\"publisher\":{\"@id\":\"https:\/\/dicodusport.fr\/blog\/#organization\"},\"potentialAction\":[{\"@type\":\"SearchAction\",\"target\":{\"@type\":\"EntryPoint\",\"urlTemplate\":\"https:\/\/dicodusport.fr\/blog\/?s={search_term_string}\"},\"query-input\":{\"@type\":\"PropertyValueSpecification\",\"valueRequired\":true,\"valueName\":\"search_term_string\"}}],\"inLanguage\":\"fr-FR\"},{\"@type\":\"NewsMediaOrganization\",\"@id\":\"https:\/\/dicodusport.fr\/blog\/#organization\",\"name\":\"Dicodusport\",\"url\":\"https:\/\/dicodusport.fr\/blog\/\",\"logo\":{\"@type\":\"ImageObject\",\"inLanguage\":\"fr-FR\",\"@id\":\"https:\/\/dicodusport.fr\/blog\/#\/schema\/logo\/image\/\",\"url\":\"https:\/\/dicodusport.fr\/blog\/wp-content\/uploads\/2020\/06\/cropped-LOGO-DICODUSPORT-2020-SANS-FOND-SANS-TEXTE.png\",\"contentUrl\":\"https:\/\/dicodusport.fr\/blog\/wp-content\/uploads\/2020\/06\/cropped-LOGO-DICODUSPORT-2020-SANS-FOND-SANS-TEXTE.png\",\"width\":512,\"height\":512,\"caption\":\"Dicodusport\"},\"image\":{\"@id\":\"https:\/\/dicodusport.fr\/blog\/#\/schema\/logo\/image\/\"},\"sameAs\":[\"https:\/\/www.facebook.com\/dicodusport\",\"https:\/\/x.com\/dicodusport\",\"https:\/\/www.instagram.com\/dicodusport\/\",\"https:\/\/www.youtube.com\/channel\/UC7V2KZ5sd3htJivAbA4ZG3w\"],\"description\":\"Dicodusport est l'encyclop\u00e9die de l'actualit\u00e9 sportive.\",\"email\":\"bonjour@dicodusport.fr\",\"legalName\":\"DICODUSPORT\",\"foundingDate\":\"2018-01-14\",\"vatID\":\"FR71834470973\",\"taxID\":\"83447097300043\",\"numberOfEmployees\":{\"@type\":\"QuantitativeValue\",\"minValue\":\"1\",\"maxValue\":\"10\"}},{\"@type\":\"Person\",\"@id\":\"https:\/\/dicodusport.fr\/blog\/#\/schema\/person\/54b6cdccebdfcd5a1036c594aecffc2a\",\"name\":\"Louka Lesueur\",\"image\":{\"@type\":\"ImageObject\",\"inLanguage\":\"fr-FR\",\"@id\":\"https:\/\/dicodusport.fr\/blog\/#\/schema\/person\/image\/\",\"url\":\"https:\/\/dicodusport.fr\/blog\/wp-content\/uploads\/2023\/09\/IMG_2783-150x150.jpeg\",\"contentUrl\":\"https:\/\/dicodusport.fr\/blog\/wp-content\/uploads\/2023\/09\/IMG_2783-150x150.jpeg\",\"caption\":\"Louka Lesueur\"},\"description\":\"Passionn\u00e9 depuis tout petit par les exploits de Bolt, Fourcade, Riner, Lavillenie, Wilkinson, Hirscher. Les \u00e9motions provoqu\u00e9es par le sport ont berc\u00e9 mon enfance et continuent de le faire aujourd'hui. C'est ainsi qu'il m'est arriv\u00e9 de pleurer devant la d\u00e9faite des Bleus face aux Blacks en 2011, ou encore devant le titre olympique de Florent Manaudou \u00e0 Londres. Bien loin de ce milieu professionnel, j'ai os\u00e9 tenter ma chance pour rejoindre l'\u00e9quipe de r\u00e9daction de Dicodusport, et depuis septembre 2023, je tente de retransmettre au mieux les exploits des athl\u00e8tes, tous sports confondus. Grand chauvin, c'est bel et bien sur les sportifs tricolores que je pr\u00e9f\u00e8re \u00e9crire.\",\"sameAs\":[\"https:\/\/x.com\/https:\/\/twitter.com\/LNewsSF\"],\"gender\":\"Homme\",\"worksFor\":\"Louka LESUEUR\",\"url\":\"https:\/\/dicodusport.fr\/blog\/author\/louka-lesueur\/\"}]}<\/script>\n<!-- \/ Yoast SEO Premium plugin. -->","yoast_head_json":{"title":"Tripl\u00e9 suisse sur le g\u00e9ant de Val d'Is\u00e8re : Lo\u00efc Meillard s'impose en costaud","description":"Apr\u00e8s un d\u00e9but de saison compliqu\u00e9, Lo\u00efc Meillard se relance en remportant brillamment le g\u00e9ant de Val d'Is\u00e8re, devant Aerni et Odermatt.","robots":{"index":"index","follow":"follow","max-snippet":"max-snippet:-1","max-image-preview":"max-image-preview:large","max-video-preview":"max-video-preview:-1"},"canonical":"https:\/\/dicodusport.fr\/blog\/triple-suisse-sur-le-geant-de-val-disere-loic-meillard-simpose-en-costaud\/","og_locale":"fr_FR","og_type":"article","og_title":"Tripl\u00e9 suisse sur le g\u00e9ant de Val d'Is\u00e8re : Lo\u00efc Meillard s'impose en costaud","og_description":"Apr\u00e8s un d\u00e9but de saison compliqu\u00e9, Lo\u00efc Meillard se relance en remportant brillamment le g\u00e9ant de Val d'Is\u00e8re, devant Aerni et Odermatt.","og_url":"https:\/\/dicodusport.fr\/blog\/triple-suisse-sur-le-geant-de-val-disere-loic-meillard-simpose-en-costaud\/","og_site_name":"Dicodusport","article_publisher":"https:\/\/www.facebook.com\/dicodusport","article_published_time":"2025-12-13T13:06:05+00:00","article_modified_time":"2025-12-13T14:16:06+00:00","og_image":[{"width":1200,"height":674,"url":"https:\/\/dicodusport.fr\/blog\/wp-content\/uploads\/2025\/12\/Triple-suisse-sur-le-geant-de-Val-dIsere-Loic-Meillard-simpose-en-costaud-1.png","type":"image\/png"}],"author":"Louka Lesueur","twitter_card":"summary_large_image","twitter_title":"Tripl\u00e9 suisse sur le g\u00e9ant de Val d'Is\u00e8re : Lo\u00efc Meillard s'impose en costaud","twitter_creator":"@https:\/\/twitter.com\/LNewsSF","twitter_site":"@dicodusport","schema":{"@context":"https:\/\/schema.org","@graph":[{"@type":"NewsArticle","@id":"https:\/\/dicodusport.fr\/blog\/triple-suisse-sur-le-geant-de-val-disere-loic-meillard-simpose-en-costaud\/#article","isPartOf":{"@id":"https:\/\/dicodusport.fr\/blog\/triple-suisse-sur-le-geant-de-val-disere-loic-meillard-simpose-en-costaud\/"},"author":{"name":"Louka Lesueur","@id":"https:\/\/dicodusport.fr\/blog\/#\/schema\/person\/54b6cdccebdfcd5a1036c594aecffc2a"},"headline":"Tripl\u00e9 suisse sur le g\u00e9ant de Val d&rsquo;Is\u00e8re : Lo\u00efc Meillard s&rsquo;impose en costaud","datePublished":"2025-12-13T13:06:05+00:00","dateModified":"2025-12-13T14:16:06+00:00","mainEntityOfPage":{"@id":"https:\/\/dicodusport.fr\/blog\/triple-suisse-sur-le-geant-de-val-disere-loic-meillard-simpose-en-costaud\/"},"wordCount":641,"commentCount":0,"publisher":{"@id":"https:\/\/dicodusport.fr\/blog\/#organization"},"image":{"@id":"https:\/\/dicodusport.fr\/blog\/triple-suisse-sur-le-geant-de-val-disere-loic-meillard-simpose-en-costaud\/#primaryimage"},"thumbnailUrl":"https:\/\/dicodusport.fr\/blog\/wp-content\/uploads\/2025\/12\/Triple-suisse-sur-le-geant-de-Val-dIsere-Loic-Meillard-simpose-en-costaud-1.png","keywords":["actu","br\u00e8ve","Coupe du monde de ski alpin","Ski alpin","Val d'Is\u00e8re"],"articleSection":["Coupe du monde de ski alpin"],"inLanguage":"fr-FR","potentialAction":[{"@type":"CommentAction","name":"Comment","target":["https:\/\/dicodusport.fr\/blog\/triple-suisse-sur-le-geant-de-val-disere-loic-meillard-simpose-en-costaud\/#respond"]}],"copyrightYear":"2025","copyrightHolder":{"@id":"https:\/\/dicodusport.fr\/blog\/#organization"}},{"@type":"WebPage","@id":"https:\/\/dicodusport.fr\/blog\/triple-suisse-sur-le-geant-de-val-disere-loic-meillard-simpose-en-costaud\/","url":"https:\/\/dicodusport.fr\/blog\/triple-suisse-sur-le-geant-de-val-disere-loic-meillard-simpose-en-costaud\/","name":"Tripl\u00e9 suisse sur le g\u00e9ant de Val d'Is\u00e8re : Lo\u00efc Meillard s'impose en costaud","isPartOf":{"@id":"https:\/\/dicodusport.fr\/blog\/#website"},"primaryImageOfPage":{"@id":"https:\/\/dicodusport.fr\/blog\/triple-suisse-sur-le-geant-de-val-disere-loic-meillard-simpose-en-costaud\/#primaryimage"},"image":{"@id":"https:\/\/dicodusport.fr\/blog\/triple-suisse-sur-le-geant-de-val-disere-loic-meillard-simpose-en-costaud\/#primaryimage"},"thumbnailUrl":"https:\/\/dicodusport.fr\/blog\/wp-content\/uploads\/2025\/12\/Triple-suisse-sur-le-geant-de-Val-dIsere-Loic-Meillard-simpose-en-costaud-1.png","datePublished":"2025-12-13T13:06:05+00:00","dateModified":"2025-12-13T14:16:06+00:00","description":"Apr\u00e8s un d\u00e9but de saison compliqu\u00e9, Lo\u00efc Meillard se relance en remportant brillamment le g\u00e9ant de Val d'Is\u00e8re, devant Aerni et Odermatt.","breadcrumb":{"@id":"https:\/\/dicodusport.fr\/blog\/triple-suisse-sur-le-geant-de-val-disere-loic-meillard-simpose-en-costaud\/#breadcrumb"},"inLanguage":"fr-FR","potentialAction":[{"@type":"ReadAction","target":["https:\/\/dicodusport.fr\/blog\/triple-suisse-sur-le-geant-de-val-disere-loic-meillard-simpose-en-costaud\/"]}]},{"@type":"ImageObject","inLanguage":"fr-FR","@id":"https:\/\/dicodusport.fr\/blog\/triple-suisse-sur-le-geant-de-val-disere-loic-meillard-simpose-en-costaud\/#primaryimage","url":"https:\/\/dicodusport.fr\/blog\/wp-content\/uploads\/2025\/12\/Triple-suisse-sur-le-geant-de-Val-dIsere-Loic-Meillard-simpose-en-costaud-1.png","contentUrl":"https:\/\/dicodusport.fr\/blog\/wp-content\/uploads\/2025\/12\/Triple-suisse-sur-le-geant-de-Val-dIsere-Loic-Meillard-simpose-en-costaud-1.png","width":1200,"height":674,"caption":"Tripl\u00e9 suisse sur le g\u00e9ant de Val d'Is\u00e8re Lo\u00efc Meillard s'impose en costaud (1)"},{"@type":"BreadcrumbList","@id":"https:\/\/dicodusport.fr\/blog\/triple-suisse-sur-le-geant-de-val-disere-loic-meillard-simpose-en-costaud\/#breadcrumb","itemListElement":[{"@type":"ListItem","position":1,"name":"Accueil","item":"https:\/\/dicodusport.fr\/blog\/"},{"@type":"ListItem","position":2,"name":"Tripl\u00e9 suisse sur le g\u00e9ant de Val d&rsquo;Is\u00e8re : Lo\u00efc Meillard s&rsquo;impose en costaud"}]},{"@type":"WebSite","@id":"https:\/\/dicodusport.fr\/blog\/#website","url":"https:\/\/dicodusport.fr\/blog\/","name":"Dicodusport","description":"L&#039;encyclop\u00e9die de l&#039;actualit\u00e9 sportive","publisher":{"@id":"https:\/\/dicodusport.fr\/blog\/#organization"},"potentialAction":[{"@type":"SearchAction","target":{"@type":"EntryPoint","urlTemplate":"https:\/\/dicodusport.fr\/blog\/?s={search_term_string}"},"query-input":{"@type":"PropertyValueSpecification","valueRequired":true,"valueName":"search_term_string"}}],"inLanguage":"fr-FR"},{"@type":"NewsMediaOrganization","@id":"https:\/\/dicodusport.fr\/blog\/#organization","name":"Dicodusport","url":"https:\/\/dicodusport.fr\/blog\/","logo":{"@type":"ImageObject","inLanguage":"fr-FR","@id":"https:\/\/dicodusport.fr\/blog\/#\/schema\/logo\/image\/","url":"https:\/\/dicodusport.fr\/blog\/wp-content\/uploads\/2020\/06\/cropped-LOGO-DICODUSPORT-2020-SANS-FOND-SANS-TEXTE.png","contentUrl":"https:\/\/dicodusport.fr\/blog\/wp-content\/uploads\/2020\/06\/cropped-LOGO-DICODUSPORT-2020-SANS-FOND-SANS-TEXTE.png","width":512,"height":512,"caption":"Dicodusport"},"image":{"@id":"https:\/\/dicodusport.fr\/blog\/#\/schema\/logo\/image\/"},"sameAs":["https:\/\/www.facebook.com\/dicodusport","https:\/\/x.com\/dicodusport","https:\/\/www.instagram.com\/dicodusport\/","https:\/\/www.youtube.com\/channel\/UC7V2KZ5sd3htJivAbA4ZG3w"],"description":"Dicodusport est l'encyclop\u00e9die de l'actualit\u00e9 sportive.","email":"bonjour@dicodusport.fr","legalName":"DICODUSPORT","foundingDate":"2018-01-14","vatID":"FR71834470973","taxID":"83447097300043","numberOfEmployees":{"@type":"QuantitativeValue","minValue":"1","maxValue":"10"}},{"@type":"Person","@id":"https:\/\/dicodusport.fr\/blog\/#\/schema\/person\/54b6cdccebdfcd5a1036c594aecffc2a","name":"Louka Lesueur","image":{"@type":"ImageObject","inLanguage":"fr-FR","@id":"https:\/\/dicodusport.fr\/blog\/#\/schema\/person\/image\/","url":"https:\/\/dicodusport.fr\/blog\/wp-content\/uploads\/2023\/09\/IMG_2783-150x150.jpeg","contentUrl":"https:\/\/dicodusport.fr\/blog\/wp-content\/uploads\/2023\/09\/IMG_2783-150x150.jpeg","caption":"Louka Lesueur"},"description":"Passionn\u00e9 depuis tout petit par les exploits de Bolt, Fourcade, Riner, Lavillenie, Wilkinson, Hirscher. Les \u00e9motions provoqu\u00e9es par le sport ont berc\u00e9 mon enfance et continuent de le faire aujourd'hui. C'est ainsi qu'il m'est arriv\u00e9 de pleurer devant la d\u00e9faite des Bleus face aux Blacks en 2011, ou encore devant le titre olympique de Florent Manaudou \u00e0 Londres. Bien loin de ce milieu professionnel, j'ai os\u00e9 tenter ma chance pour rejoindre l'\u00e9quipe de r\u00e9daction de Dicodusport, et depuis septembre 2023, je tente de retransmettre au mieux les exploits des athl\u00e8tes, tous sports confondus. Grand chauvin, c'est bel et bien sur les sportifs tricolores que je pr\u00e9f\u00e8re \u00e9crire.","sameAs":["https:\/\/x.com\/https:\/\/twitter.com\/LNewsSF"],"gender":"Homme","worksFor":"Louka LESUEUR","url":"https:\/\/dicodusport.fr\/blog\/author\/louka-lesueur\/"}]}},"_links":{"self":[{"href":"https:\/\/dicodusport.fr\/blog\/wp-json\/wp\/v2\/posts\/631594","targetHints":{"allow":["GET"]}}],"collection":[{"href":"https:\/\/dicodusport.fr\/blog\/wp-json\/wp\/v2\/posts"}],"about":[{"href":"https:\/\/dicodusport.fr\/blog\/wp-json\/wp\/v2\/types\/post"}],"author":[{"embeddable":true,"href":"https:\/\/dicodusport.fr\/blog\/wp-json\/wp\/v2\/users\/89"}],"replies":[{"embeddable":true,"href":"https:\/\/dicodusport.fr\/blog\/wp-json\/wp\/v2\/comments?post=631594"}],"version-history":[{"count":5,"href":"https:\/\/dicodusport.fr\/blog\/wp-json\/wp\/v2\/posts\/631594\/revisions"}],"predecessor-version":[{"id":632120,"href":"https:\/\/dicodusport.fr\/blog\/wp-json\/wp\/v2\/posts\/631594\/revisions\/632120"}],"wp:featuredmedia":[{"embeddable":true,"href":"https:\/\/dicodusport.fr\/blog\/wp-json\/wp\/v2\/media\/632119"}],"wp:attachment":[{"href":"https:\/\/dicodusport.fr\/blog\/wp-json\/wp\/v2\/media?parent=631594"}],"wp:term":[{"taxonomy":"category","embeddable":true,"href":"https:\/\/dicodusport.fr\/blog\/wp-json\/wp\/v2\/categories?post=631594"},{"taxonomy":"post_tag","embeddable":true,"href":"https:\/\/dicodusport.fr\/blog\/wp-json\/wp\/v2\/tags?post=631594"}],"curies":[{"name":"wp","href":"https:\/\/api.w.org\/{rel}","templated":true}]}}