{"id":631683,"date":"2025-12-11T22:56:53","date_gmt":"2025-12-11T21:56:53","guid":{"rendered":"https:\/\/dicodusport.fr\/blog\/?p=631683&#038;preview=true&#038;preview_id=631683"},"modified":"2025-12-11T23:08:42","modified_gmt":"2025-12-11T22:08:42","slug":"strasbourg-simpose-a-aberdeen-et-composte-son-billet-pour-les-8emes-de-ligue-conference","status":"publish","type":"post","link":"https:\/\/dicodusport.fr\/blog\/strasbourg-simpose-a-aberdeen-et-composte-son-billet-pour-les-8emes-de-ligue-conference\/","title":{"rendered":"Strasbourg s&rsquo;impose \u00e0 Aberdeen et composte son billet pour les 8\u00e8mes de Ligue Conf\u00e9rence"},"content":{"rendered":"<p style=\"text-align: justify;\"><strong><em>LIGUE CONF\u00c9RENCE 2025\/2026 &#8211; Gr\u00e2ce \u00e0 un but de Godo avant la mi-temps, Strasbourg a assur\u00e9 sa qualification directe pour les 8\u00e8mes de finale avec sa victoire 1-0 \u00e0 Aberdeen.<\/em><\/strong><\/p>\n<p style=\"text-align: justify;\">Apr\u00e8s leur victoire importante, deux semaines auparavant, face \u00e0 <strong>Crystal Palace<\/strong>, <strong>Strasbourg<\/strong> se d\u00e9pla\u00e7ait en <strong>\u00c9cosse<\/strong> sur la pelouse <strong>d\u2019Aberdeen<\/strong>. Dans un match avec l\u2019ambition de confirmer leur place dans le haut du top 8, les Alsaciens se pr\u00e9sentaient avec un turnover assez important. Surtout en attaque o\u00f9 ni <strong>Emegha<\/strong> ni <strong>Panichelli<\/strong> n\u2019\u00e9taient titulaires.<\/p>\n<p style=\"text-align: justify;\">Et le d\u00e9but de match du <strong>Racing<\/strong> a \u00e9t\u00e9 tr\u00e8s mitig\u00e9. D\u2019un c\u00f4t\u00e9, les hommes de <strong>Rosenior<\/strong> ont r\u00e9ussi \u00e0 jouer comme dans leurs habitudes. Avec un jeu de construction depuis <strong>Penders<\/strong> dans la s\u00e9r\u00e9nit\u00e9. Mais leur tranquillit\u00e9 leur fait perdre beaucoup de ballons. Ce qui fait qu&rsquo;<strong>Aberdeen<\/strong> s&rsquo;est montr\u00e9 beaucoup plus dangereux qu\u2019eux. Et apr\u00e8s la premi\u00e8re frappe des <strong>Strasbourgeois<\/strong> par <strong>Paez<\/strong> (13\u2019), les <strong>Ecossais<\/strong> pensaient ouvrir le score. Sur corner, <strong>Penders<\/strong> est g\u00ean\u00e9 et <strong>Knoester<\/strong> gagne son duel face \u00e0 <strong>Rafa<\/strong> <strong>Luis<\/strong> pour pousser le ballon au fond des filets. Apr\u00e8s visionnage de la VAR, le ballon avait touch\u00e9 le bras du d\u00e9fenseur <strong>d\u2019Aberdeen<\/strong> et le but a donc \u00e9t\u00e9 refus\u00e9 (14\u2019).<\/p>\n<h2 style=\"text-align: justify;\">Malgr\u00e9 de nombreuses difficult\u00e9s, Amo-Ameyaw dynamise l\u2019attaque strasbourgeoise<\/h2>\n<p style=\"text-align: justify;\">Alors que les occasions continuent \u00e0 \u00eatre cr\u00e9\u00e9es par <strong>Aberdeen<\/strong>, <strong>Amo-Ameyaw<\/strong> a \u00e9t\u00e9 \u00e0 l\u2019origine d\u2019une des seules occasions du <strong>Racing<\/strong> dans les 30 premi\u00e8res minutes de jeu. Gr\u00e2ce \u00e0 un magnifique travail du jeune anglais, <strong>Chilwell<\/strong> est servi en profondeur dans la surface. Malgr\u00e9 une solution au point de penalty, il choisit de la jouer tout seul et son tir est arr\u00eat\u00e9 (21\u2019). C\u2019est ensuite au tour <strong>d\u2019Aberdeen<\/strong> de se cr\u00e9er une grosse occasion avec la frappe <strong>d\u2019Adil Aouchiche<\/strong>, arr\u00eat\u00e9 par <strong>Penders<\/strong>.<\/p>\n<p style=\"text-align: justify;\">Et puis plusieurs minutes apr\u00e8s, le <strong>RCSA<\/strong> est parvenu \u00e0 varier son jeu et a davantage jou\u00e9 des ballons longs. Et les deux meilleurs joueurs offensifs de <strong>Strasbourg<\/strong>\u00a0ont \u00e9t\u00e9 \u00e0 l\u2019initiative du seul but de la premi\u00e8re p\u00e9riode. Le jeune <strong>Amo-Ameyaw<\/strong>, sur son c\u00f4t\u00e9 droit, a provoqu\u00e9 son adversaire et a d\u00e9livr\u00e9 une passe magnifique depuis la ligne m\u00e9diane. Son ballon long dans la course de <strong>Godo<\/strong>\u00a0perturbe <strong>Devlin<\/strong> qui rate le ballon. Cela a profit\u00e9 au jeune Ivoirien qui ajuste le gardien \u00e9cossais pour ouvrir le score \u00e0 10 minutes de la pause (<strong>0-1, 35\u2019<\/strong>). Un but qui a mis le <strong>RCSA<\/strong> dans une bonne dynamique jusqu\u2019\u00e0 la mi-temps, bien qu\u2019il n\u2019y ait pas eu de but suppl\u00e9mentaire.<\/p>\n<blockquote class=\"twitter-tweet\">\n<p dir=\"ltr\" lang=\"fr\">Le joli but de Strasbourg sign\u00e9 Martial Godo pour ouvrir le score face \u00e0 Aberdeen ! \ud83e\udd29<a href=\"https:\/\/twitter.com\/hashtag\/ABERCS?src=hash&amp;ref_src=twsrc%5Etfw\">#ABERCS<\/a> | <a href=\"https:\/\/twitter.com\/hashtag\/UECL?src=hash&amp;ref_src=twsrc%5Etfw\">#UECL<\/a> <a href=\"https:\/\/t.co\/qlnDz112s1\">pic.twitter.com\/qlnDz112s1<\/a><\/p>\n<p>\u2014 CANAL+ Foot (@CanalplusFoot) <a href=\"https:\/\/twitter.com\/CanalplusFoot\/status\/1999218958247899307?ref_src=twsrc%5Etfw\">December 11, 2025<\/a><\/p><\/blockquote>\n<p style=\"text-align: justify;\"><script async src=\"https:\/\/platform.twitter.com\/widgets.js\" charset=\"utf-8\"><\/script><\/p>\n<h2 style=\"text-align: justify;\">Strasbourg fait face \u00e0 un gros Mitov et assure la victoire<\/h2>\n<p style=\"text-align: justify;\">Au retour des vestiaires, le <strong>Racing Club de Strasbourg<\/strong> a poursuivi sa domination en variant entre construction fluide et long ballon devant. Et les occasions ont \u00e9t\u00e9 nombreuses pour les <strong>Strasbourgeois<\/strong>. \u00c0 la suite d\u2019un nouveau travail de <strong>Amo-Ameyaw<\/strong>, <strong>Dou\u00e9<\/strong> parvient \u00e0 centrer. Tout seul au point de penalty, <strong>Martial Godo<\/strong> se d\u00e9tend parfaitement pour frapper de la t\u00eate en lucarne, mais il fait face \u00e0 un tr\u00e8s bel arr\u00eat de <strong>Mitov<\/strong> (53\u2019). Quelques minutes apr\u00e8s, le portier a de nouveau permis \u00e0 son \u00e9quipe de rester dans le match face \u00e0 une nouvelle frappe de <strong>Godo<\/strong>. Contrairement \u00e0 de pr\u00e9c\u00e9dents matchs du <strong>Racing<\/strong> en Coupe d\u2019Europe, les hommes de <strong>Rosenior<\/strong> ont continu\u00e9 \u00e0 jouer afin de g\u00e9rer la seconde p\u00e9riode.<\/p>\n<p style=\"text-align: justify;\">Et juste avant de sortir, <strong>Martial Godo<\/strong> a encore fait des d\u00e9g\u00e2ts dans la d\u00e9fense d\u2019<strong>Aberdeen<\/strong>. Le buteur strasbourgeois a pris de vitesse <strong>Devlin<\/strong>, son vis-\u00e0-vis, pour provoquer un penalty. Juste apr\u00e8s cette action, l\u2019Ivoirien a donc laiss\u00e9 sa place \u00e0 <strong>Panichelli<\/strong>. Alors que l\u2019Argentin \u00e9tait cens\u00e9 tirer le penalty, <strong>Doukour\u00e9<\/strong>, d\u00e9j\u00e0 plac\u00e9, n\u2019a pas voulu lui c\u00e9der le ballon. Un penalty arr\u00eat\u00e9 par <strong>Mitov<\/strong> qui emp\u00eache le <strong>RCSA<\/strong> de faire le break (70\u2019).<\/p>\n<p style=\"text-align: justify;\">Malgr\u00e9 une s\u00e9r\u00e9nit\u00e9 montr\u00e9e pendant une grande partie de la seconde p\u00e9riode, <strong>Strasbourg<\/strong> s\u2019est fait peur en se recroquevillant autour de sa surface. <strong>Omobamidele<\/strong> et <strong>Penders<\/strong> ont poursuivi leur tr\u00e8s bonne performance du match pour permettre aux <strong>Strasbourgeois<\/strong> de s\u00e9curiser la victoire 1-0.<\/p>\n<blockquote class=\"twitter-tweet\">\n<p dir=\"ltr\" lang=\"fr\">\ud83e\udda2 C\u2019\u00e9tait juste, mais Strasbourg s\u2019impose en \u00c9cosse !<\/p>\n<p>Les hommes de Rosenior prennent seuls la t\u00eate de la saison r\u00e9guli\u00e8re de Ligue Conference et valident leur qualification directe en huiti\u00e8mes de finale \ud83e\udd29<a href=\"https:\/\/twitter.com\/hashtag\/ABERCS?src=hash&amp;ref_src=twsrc%5Etfw\">#ABERCS<\/a> | <a href=\"https:\/\/twitter.com\/hashtag\/UECL?src=hash&amp;ref_src=twsrc%5Etfw\">#UECL<\/a> <a href=\"https:\/\/t.co\/oGiINkl0WQ\">pic.twitter.com\/oGiINkl0WQ<\/a><\/p>\n<p>\u2014 CANAL+ Foot (@CanalplusFoot) <a href=\"https:\/\/twitter.com\/CanalplusFoot\/status\/1999237381598187904?ref_src=twsrc%5Etfw\">December 11, 2025<\/a><\/p><\/blockquote>\n<p style=\"text-align: justify;\"><script async src=\"https:\/\/platform.twitter.com\/widgets.js\" charset=\"utf-8\"><\/script><\/p>\n<p style=\"text-align: justify;\">Cette 4\u00e8me victoire en 5 matchs permet au\u00a0<strong>RCSA<\/strong>\u00a0de valider sa place dans le top 8 et donc sa qualification pour les\u00a0<strong>8\u00e8mes de finale de Ligue Europa Conf\u00e9rence<\/strong>. De plus, gr\u00e2ce \u00e0 la d\u00e9faite de\u00a0<strong>Samsunspor<\/strong>,\u00a0<strong>Strasbourg<\/strong>\u00a0r\u00e9cup\u00e8re la t\u00eate du classement.<\/p>\n<div id=\"gtx-trans\" style=\"position: absolute; left: -14px; top: 40.9091px;\">\n<div class=\"gtx-trans-icon\" style=\"text-align: justify;\"><\/div>\n<\/div>\n","protected":false},"excerpt":{"rendered":"<p>LIGUE CONF\u00c9RENCE 2025\/2026 &#8211; Gr\u00e2ce \u00e0 un but de Godo avant la mi-temps, Strasbourg a assur\u00e9 sa qualification directe pour les 8\u00e8mes de finale avec sa victoire 1-0 \u00e0 Aberdeen.<\/p>\n","protected":false},"author":110,"featured_media":631716,"comment_status":"open","ping_status":"closed","sticky":false,"template":"","format":"standard","meta":{"_acf_changed":false,"_daextam_enable_autolinks":"1","footnotes":""},"categories":[2301],"tags":[32415,16878,75,19580,2987],"class_list":["post-631683","post","type-post","status-publish","format-standard","has-post-thumbnail","hentry","category-football","tag-actu","tag-breve","tag-football","tag-ligue-europa-conference","tag-rc-strasbourg"],"acf":[],"yoast_head":"<!-- This site is optimized with the Yoast SEO Premium plugin v26.7 (Yoast SEO v26.7) - https:\/\/yoast.com\/wordpress\/plugins\/seo\/ -->\n<title>Strasbourg s&#039;impose \u00e0 Aberdeen et composte son billet pour les 8\u00e8mes de Ligue Conf\u00e9rence<\/title>\n<meta name=\"description\" content=\"LIGUE CONF\u00c9RENCE 2025\/2026 - Gr\u00e2ce \u00e0 un but de Godo avant la mi-temps, Strasbourg a assur\u00e9 sa qualification directe pour les 8\u00e8mes de finale avec sa victoire 1-0 \u00e0 Aberdeen.\" \/>\n<meta name=\"robots\" content=\"index, follow, max-snippet:-1, max-image-preview:large, max-video-preview:-1\" \/>\n<link rel=\"canonical\" href=\"https:\/\/dicodusport.fr\/blog\/strasbourg-simpose-a-aberdeen-et-composte-son-billet-pour-les-8emes-de-ligue-conference\/\" \/>\n<meta property=\"og:locale\" content=\"fr_FR\" \/>\n<meta property=\"og:type\" content=\"article\" \/>\n<meta property=\"og:title\" content=\"Strasbourg s&#039;impose \u00e0 Aberdeen et composte son billet pour les 8\u00e8mes de Ligue Conf\u00e9rence\" \/>\n<meta property=\"og:description\" content=\"LIGUE CONF\u00c9RENCE 2025\/2026 - Gr\u00e2ce \u00e0 un but de Godo avant la mi-temps, Strasbourg a assur\u00e9 sa qualification directe pour les 8\u00e8mes de finale avec sa victoire 1-0 \u00e0 Aberdeen.\" \/>\n<meta property=\"og:url\" content=\"https:\/\/dicodusport.fr\/blog\/strasbourg-simpose-a-aberdeen-et-composte-son-billet-pour-les-8emes-de-ligue-conference\/\" \/>\n<meta property=\"og:site_name\" content=\"Dicodusport\" \/>\n<meta property=\"article:publisher\" content=\"https:\/\/www.facebook.com\/dicodusport\" \/>\n<meta property=\"article:published_time\" content=\"2025-12-11T21:56:53+00:00\" \/>\n<meta property=\"article:modified_time\" content=\"2025-12-11T22:08:42+00:00\" \/>\n<meta property=\"og:image\" content=\"https:\/\/dicodusport.fr\/blog\/wp-content\/uploads\/2025\/12\/Strasbourg-simpose-a-Aberdeen-et-composte-son-billet-pour-les-8emes-de-Ligue-Conference.png\" \/>\n\t<meta property=\"og:image:width\" content=\"1200\" \/>\n\t<meta property=\"og:image:height\" content=\"674\" \/>\n\t<meta property=\"og:image:type\" content=\"image\/png\" \/>\n<meta name=\"author\" content=\"Malo Clement\" \/>\n<meta name=\"twitter:card\" content=\"summary_large_image\" \/>\n<meta name=\"twitter:title\" content=\"Strasbourg s&#039;impose \u00e0 Aberdeen et composte son billet pour les 8\u00e8mes de Ligue Conf\u00e9rence\" \/>\n<meta name=\"twitter:creator\" content=\"@dicodusport\" \/>\n<meta name=\"twitter:site\" content=\"@dicodusport\" \/>\n<script type=\"application\/ld+json\" class=\"yoast-schema-graph\">{\"@context\":\"https:\/\/schema.org\",\"@graph\":[{\"@type\":\"NewsArticle\",\"@id\":\"https:\/\/dicodusport.fr\/blog\/strasbourg-simpose-a-aberdeen-et-composte-son-billet-pour-les-8emes-de-ligue-conference\/#article\",\"isPartOf\":{\"@id\":\"https:\/\/dicodusport.fr\/blog\/strasbourg-simpose-a-aberdeen-et-composte-son-billet-pour-les-8emes-de-ligue-conference\/\"},\"author\":{\"name\":\"Malo Clement\",\"@id\":\"https:\/\/dicodusport.fr\/blog\/#\/schema\/person\/c28883329a45cc92814310316945b3ce\"},\"headline\":\"Strasbourg s&rsquo;impose \u00e0 Aberdeen et composte son billet pour les 8\u00e8mes de Ligue Conf\u00e9rence\",\"datePublished\":\"2025-12-11T21:56:53+00:00\",\"dateModified\":\"2025-12-11T22:08:42+00:00\",\"mainEntityOfPage\":{\"@id\":\"https:\/\/dicodusport.fr\/blog\/strasbourg-simpose-a-aberdeen-et-composte-son-billet-pour-les-8emes-de-ligue-conference\/\"},\"wordCount\":842,\"commentCount\":0,\"publisher\":{\"@id\":\"https:\/\/dicodusport.fr\/blog\/#organization\"},\"image\":{\"@id\":\"https:\/\/dicodusport.fr\/blog\/strasbourg-simpose-a-aberdeen-et-composte-son-billet-pour-les-8emes-de-ligue-conference\/#primaryimage\"},\"thumbnailUrl\":\"https:\/\/dicodusport.fr\/blog\/wp-content\/uploads\/2025\/12\/Strasbourg-simpose-a-Aberdeen-et-composte-son-billet-pour-les-8emes-de-Ligue-Conference.png\",\"keywords\":[\"actu\",\"br\u00e8ve\",\"Football\",\"Ligue Europa Conf\u00e9rence\",\"RC Strasbourg\"],\"articleSection\":[\"Football\"],\"inLanguage\":\"fr-FR\",\"potentialAction\":[{\"@type\":\"CommentAction\",\"name\":\"Comment\",\"target\":[\"https:\/\/dicodusport.fr\/blog\/strasbourg-simpose-a-aberdeen-et-composte-son-billet-pour-les-8emes-de-ligue-conference\/#respond\"]}],\"copyrightYear\":\"2025\",\"copyrightHolder\":{\"@id\":\"https:\/\/dicodusport.fr\/blog\/#organization\"}},{\"@type\":\"WebPage\",\"@id\":\"https:\/\/dicodusport.fr\/blog\/strasbourg-simpose-a-aberdeen-et-composte-son-billet-pour-les-8emes-de-ligue-conference\/\",\"url\":\"https:\/\/dicodusport.fr\/blog\/strasbourg-simpose-a-aberdeen-et-composte-son-billet-pour-les-8emes-de-ligue-conference\/\",\"name\":\"Strasbourg s'impose \u00e0 Aberdeen et composte son billet pour les 8\u00e8mes de Ligue Conf\u00e9rence\",\"isPartOf\":{\"@id\":\"https:\/\/dicodusport.fr\/blog\/#website\"},\"primaryImageOfPage\":{\"@id\":\"https:\/\/dicodusport.fr\/blog\/strasbourg-simpose-a-aberdeen-et-composte-son-billet-pour-les-8emes-de-ligue-conference\/#primaryimage\"},\"image\":{\"@id\":\"https:\/\/dicodusport.fr\/blog\/strasbourg-simpose-a-aberdeen-et-composte-son-billet-pour-les-8emes-de-ligue-conference\/#primaryimage\"},\"thumbnailUrl\":\"https:\/\/dicodusport.fr\/blog\/wp-content\/uploads\/2025\/12\/Strasbourg-simpose-a-Aberdeen-et-composte-son-billet-pour-les-8emes-de-Ligue-Conference.png\",\"datePublished\":\"2025-12-11T21:56:53+00:00\",\"dateModified\":\"2025-12-11T22:08:42+00:00\",\"description\":\"LIGUE CONF\u00c9RENCE 2025\/2026 - Gr\u00e2ce \u00e0 un but de Godo avant la mi-temps, Strasbourg a assur\u00e9 sa qualification directe pour les 8\u00e8mes de finale avec sa victoire 1-0 \u00e0 Aberdeen.\",\"breadcrumb\":{\"@id\":\"https:\/\/dicodusport.fr\/blog\/strasbourg-simpose-a-aberdeen-et-composte-son-billet-pour-les-8emes-de-ligue-conference\/#breadcrumb\"},\"inLanguage\":\"fr-FR\",\"potentialAction\":[{\"@type\":\"ReadAction\",\"target\":[\"https:\/\/dicodusport.fr\/blog\/strasbourg-simpose-a-aberdeen-et-composte-son-billet-pour-les-8emes-de-ligue-conference\/\"]}]},{\"@type\":\"ImageObject\",\"inLanguage\":\"fr-FR\",\"@id\":\"https:\/\/dicodusport.fr\/blog\/strasbourg-simpose-a-aberdeen-et-composte-son-billet-pour-les-8emes-de-ligue-conference\/#primaryimage\",\"url\":\"https:\/\/dicodusport.fr\/blog\/wp-content\/uploads\/2025\/12\/Strasbourg-simpose-a-Aberdeen-et-composte-son-billet-pour-les-8emes-de-Ligue-Conference.png\",\"contentUrl\":\"https:\/\/dicodusport.fr\/blog\/wp-content\/uploads\/2025\/12\/Strasbourg-simpose-a-Aberdeen-et-composte-son-billet-pour-les-8emes-de-Ligue-Conference.png\",\"width\":1200,\"height\":674,\"caption\":\"Strasbourg s'impose \u00e0 Aberdeen et composte son billet pour les 8\u00e8mes de Ligue Conf\u00e9rence\"},{\"@type\":\"BreadcrumbList\",\"@id\":\"https:\/\/dicodusport.fr\/blog\/strasbourg-simpose-a-aberdeen-et-composte-son-billet-pour-les-8emes-de-ligue-conference\/#breadcrumb\",\"itemListElement\":[{\"@type\":\"ListItem\",\"position\":1,\"name\":\"Accueil\",\"item\":\"https:\/\/dicodusport.fr\/blog\/\"},{\"@type\":\"ListItem\",\"position\":2,\"name\":\"Strasbourg s&rsquo;impose \u00e0 Aberdeen et composte son billet pour les 8\u00e8mes de Ligue Conf\u00e9rence\"}]},{\"@type\":\"WebSite\",\"@id\":\"https:\/\/dicodusport.fr\/blog\/#website\",\"url\":\"https:\/\/dicodusport.fr\/blog\/\",\"name\":\"Dicodusport\",\"description\":\"L&#039;encyclop\u00e9die de l&#039;actualit\u00e9 sportive\",\"publisher\":{\"@id\":\"https:\/\/dicodusport.fr\/blog\/#organization\"},\"potentialAction\":[{\"@type\":\"SearchAction\",\"target\":{\"@type\":\"EntryPoint\",\"urlTemplate\":\"https:\/\/dicodusport.fr\/blog\/?s={search_term_string}\"},\"query-input\":{\"@type\":\"PropertyValueSpecification\",\"valueRequired\":true,\"valueName\":\"search_term_string\"}}],\"inLanguage\":\"fr-FR\"},{\"@type\":\"NewsMediaOrganization\",\"@id\":\"https:\/\/dicodusport.fr\/blog\/#organization\",\"name\":\"Dicodusport\",\"url\":\"https:\/\/dicodusport.fr\/blog\/\",\"logo\":{\"@type\":\"ImageObject\",\"inLanguage\":\"fr-FR\",\"@id\":\"https:\/\/dicodusport.fr\/blog\/#\/schema\/logo\/image\/\",\"url\":\"https:\/\/dicodusport.fr\/blog\/wp-content\/uploads\/2020\/06\/cropped-LOGO-DICODUSPORT-2020-SANS-FOND-SANS-TEXTE.png\",\"contentUrl\":\"https:\/\/dicodusport.fr\/blog\/wp-content\/uploads\/2020\/06\/cropped-LOGO-DICODUSPORT-2020-SANS-FOND-SANS-TEXTE.png\",\"width\":512,\"height\":512,\"caption\":\"Dicodusport\"},\"image\":{\"@id\":\"https:\/\/dicodusport.fr\/blog\/#\/schema\/logo\/image\/\"},\"sameAs\":[\"https:\/\/www.facebook.com\/dicodusport\",\"https:\/\/x.com\/dicodusport\",\"https:\/\/www.instagram.com\/dicodusport\/\",\"https:\/\/www.youtube.com\/channel\/UC7V2KZ5sd3htJivAbA4ZG3w\"],\"description\":\"Dicodusport est l'encyclop\u00e9die de l'actualit\u00e9 sportive.\",\"email\":\"bonjour@dicodusport.fr\",\"legalName\":\"DICODUSPORT\",\"foundingDate\":\"2018-01-14\",\"vatID\":\"FR71834470973\",\"taxID\":\"83447097300043\",\"numberOfEmployees\":{\"@type\":\"QuantitativeValue\",\"minValue\":\"1\",\"maxValue\":\"10\"}},{\"@type\":\"Person\",\"@id\":\"https:\/\/dicodusport.fr\/blog\/#\/schema\/person\/c28883329a45cc92814310316945b3ce\",\"name\":\"Malo Clement\",\"image\":{\"@type\":\"ImageObject\",\"inLanguage\":\"fr-FR\",\"@id\":\"https:\/\/dicodusport.fr\/blog\/#\/schema\/person\/image\/\",\"url\":\"https:\/\/dicodusport.fr\/blog\/wp-content\/uploads\/2025\/02\/Maillot-Dicodusport-Malo-150x150.png\",\"contentUrl\":\"https:\/\/dicodusport.fr\/blog\/wp-content\/uploads\/2025\/02\/Maillot-Dicodusport-Malo-150x150.png\",\"caption\":\"Malo Clement\"},\"description\":\"Fan de sport depuis mes 10 ans, mes premiers souvenirs de stade sont le Racing M\u00e9tro 92 \u00e0 Yves du Manoir, le XV de France et le PSG de Nen\u00ea. Celui d\u2019Ibra, Lucas, Cavani et Verratti m\u2019ont d\u00e9finitivement emport\u00e9 dans le football, au d\u00e9sarroi de ma famille. Entre les finales perdues de Champions Cup et les m\u00e9saventures en Ligue des Champions, j\u2019ai eu le nez fin. Au-del\u00e0 de mes clubs franciliens, je m\u2019int\u00e9resse au sport en g\u00e9n\u00e9ral et principalement \u00e0 la d\u00e9couverte de jeunes sportifs. Cela a commenc\u00e9 par Football Manager et j'ai repris \u00e7a avec les sports automobiles. Depuis 2020, mes dimanches apr\u00e8s-midi sont occup\u00e9s par Julien F\u00e9breau et la Formule 1. L\u2019endurance, la F2, la F3 et les autres championnats compl\u00e8tent mes week-ends. J\u2019ai rejoint Dicodusport en novembre 2024 et je suis ravi d\u2019\u00eatre le cadet de la r\u00e9daction.\",\"url\":\"https:\/\/dicodusport.fr\/blog\/author\/clement-malo\/\"}]}<\/script>\n<!-- \/ Yoast SEO Premium plugin. -->","yoast_head_json":{"title":"Strasbourg s'impose \u00e0 Aberdeen et composte son billet pour les 8\u00e8mes de Ligue Conf\u00e9rence","description":"LIGUE CONF\u00c9RENCE 2025\/2026 - Gr\u00e2ce \u00e0 un but de Godo avant la mi-temps, Strasbourg a assur\u00e9 sa qualification directe pour les 8\u00e8mes de finale avec sa victoire 1-0 \u00e0 Aberdeen.","robots":{"index":"index","follow":"follow","max-snippet":"max-snippet:-1","max-image-preview":"max-image-preview:large","max-video-preview":"max-video-preview:-1"},"canonical":"https:\/\/dicodusport.fr\/blog\/strasbourg-simpose-a-aberdeen-et-composte-son-billet-pour-les-8emes-de-ligue-conference\/","og_locale":"fr_FR","og_type":"article","og_title":"Strasbourg s'impose \u00e0 Aberdeen et composte son billet pour les 8\u00e8mes de Ligue Conf\u00e9rence","og_description":"LIGUE CONF\u00c9RENCE 2025\/2026 - Gr\u00e2ce \u00e0 un but de Godo avant la mi-temps, Strasbourg a assur\u00e9 sa qualification directe pour les 8\u00e8mes de finale avec sa victoire 1-0 \u00e0 Aberdeen.","og_url":"https:\/\/dicodusport.fr\/blog\/strasbourg-simpose-a-aberdeen-et-composte-son-billet-pour-les-8emes-de-ligue-conference\/","og_site_name":"Dicodusport","article_publisher":"https:\/\/www.facebook.com\/dicodusport","article_published_time":"2025-12-11T21:56:53+00:00","article_modified_time":"2025-12-11T22:08:42+00:00","og_image":[{"width":1200,"height":674,"url":"https:\/\/dicodusport.fr\/blog\/wp-content\/uploads\/2025\/12\/Strasbourg-simpose-a-Aberdeen-et-composte-son-billet-pour-les-8emes-de-Ligue-Conference.png","type":"image\/png"}],"author":"Malo Clement","twitter_card":"summary_large_image","twitter_title":"Strasbourg s'impose \u00e0 Aberdeen et composte son billet pour les 8\u00e8mes de Ligue Conf\u00e9rence","twitter_creator":"@dicodusport","twitter_site":"@dicodusport","schema":{"@context":"https:\/\/schema.org","@graph":[{"@type":"NewsArticle","@id":"https:\/\/dicodusport.fr\/blog\/strasbourg-simpose-a-aberdeen-et-composte-son-billet-pour-les-8emes-de-ligue-conference\/#article","isPartOf":{"@id":"https:\/\/dicodusport.fr\/blog\/strasbourg-simpose-a-aberdeen-et-composte-son-billet-pour-les-8emes-de-ligue-conference\/"},"author":{"name":"Malo Clement","@id":"https:\/\/dicodusport.fr\/blog\/#\/schema\/person\/c28883329a45cc92814310316945b3ce"},"headline":"Strasbourg s&rsquo;impose \u00e0 Aberdeen et composte son billet pour les 8\u00e8mes de Ligue Conf\u00e9rence","datePublished":"2025-12-11T21:56:53+00:00","dateModified":"2025-12-11T22:08:42+00:00","mainEntityOfPage":{"@id":"https:\/\/dicodusport.fr\/blog\/strasbourg-simpose-a-aberdeen-et-composte-son-billet-pour-les-8emes-de-ligue-conference\/"},"wordCount":842,"commentCount":0,"publisher":{"@id":"https:\/\/dicodusport.fr\/blog\/#organization"},"image":{"@id":"https:\/\/dicodusport.fr\/blog\/strasbourg-simpose-a-aberdeen-et-composte-son-billet-pour-les-8emes-de-ligue-conference\/#primaryimage"},"thumbnailUrl":"https:\/\/dicodusport.fr\/blog\/wp-content\/uploads\/2025\/12\/Strasbourg-simpose-a-Aberdeen-et-composte-son-billet-pour-les-8emes-de-Ligue-Conference.png","keywords":["actu","br\u00e8ve","Football","Ligue Europa Conf\u00e9rence","RC Strasbourg"],"articleSection":["Football"],"inLanguage":"fr-FR","potentialAction":[{"@type":"CommentAction","name":"Comment","target":["https:\/\/dicodusport.fr\/blog\/strasbourg-simpose-a-aberdeen-et-composte-son-billet-pour-les-8emes-de-ligue-conference\/#respond"]}],"copyrightYear":"2025","copyrightHolder":{"@id":"https:\/\/dicodusport.fr\/blog\/#organization"}},{"@type":"WebPage","@id":"https:\/\/dicodusport.fr\/blog\/strasbourg-simpose-a-aberdeen-et-composte-son-billet-pour-les-8emes-de-ligue-conference\/","url":"https:\/\/dicodusport.fr\/blog\/strasbourg-simpose-a-aberdeen-et-composte-son-billet-pour-les-8emes-de-ligue-conference\/","name":"Strasbourg s'impose \u00e0 Aberdeen et composte son billet pour les 8\u00e8mes de Ligue Conf\u00e9rence","isPartOf":{"@id":"https:\/\/dicodusport.fr\/blog\/#website"},"primaryImageOfPage":{"@id":"https:\/\/dicodusport.fr\/blog\/strasbourg-simpose-a-aberdeen-et-composte-son-billet-pour-les-8emes-de-ligue-conference\/#primaryimage"},"image":{"@id":"https:\/\/dicodusport.fr\/blog\/strasbourg-simpose-a-aberdeen-et-composte-son-billet-pour-les-8emes-de-ligue-conference\/#primaryimage"},"thumbnailUrl":"https:\/\/dicodusport.fr\/blog\/wp-content\/uploads\/2025\/12\/Strasbourg-simpose-a-Aberdeen-et-composte-son-billet-pour-les-8emes-de-Ligue-Conference.png","datePublished":"2025-12-11T21:56:53+00:00","dateModified":"2025-12-11T22:08:42+00:00","description":"LIGUE CONF\u00c9RENCE 2025\/2026 - Gr\u00e2ce \u00e0 un but de Godo avant la mi-temps, Strasbourg a assur\u00e9 sa qualification directe pour les 8\u00e8mes de finale avec sa victoire 1-0 \u00e0 Aberdeen.","breadcrumb":{"@id":"https:\/\/dicodusport.fr\/blog\/strasbourg-simpose-a-aberdeen-et-composte-son-billet-pour-les-8emes-de-ligue-conference\/#breadcrumb"},"inLanguage":"fr-FR","potentialAction":[{"@type":"ReadAction","target":["https:\/\/dicodusport.fr\/blog\/strasbourg-simpose-a-aberdeen-et-composte-son-billet-pour-les-8emes-de-ligue-conference\/"]}]},{"@type":"ImageObject","inLanguage":"fr-FR","@id":"https:\/\/dicodusport.fr\/blog\/strasbourg-simpose-a-aberdeen-et-composte-son-billet-pour-les-8emes-de-ligue-conference\/#primaryimage","url":"https:\/\/dicodusport.fr\/blog\/wp-content\/uploads\/2025\/12\/Strasbourg-simpose-a-Aberdeen-et-composte-son-billet-pour-les-8emes-de-Ligue-Conference.png","contentUrl":"https:\/\/dicodusport.fr\/blog\/wp-content\/uploads\/2025\/12\/Strasbourg-simpose-a-Aberdeen-et-composte-son-billet-pour-les-8emes-de-Ligue-Conference.png","width":1200,"height":674,"caption":"Strasbourg s'impose \u00e0 Aberdeen et composte son billet pour les 8\u00e8mes de Ligue Conf\u00e9rence"},{"@type":"BreadcrumbList","@id":"https:\/\/dicodusport.fr\/blog\/strasbourg-simpose-a-aberdeen-et-composte-son-billet-pour-les-8emes-de-ligue-conference\/#breadcrumb","itemListElement":[{"@type":"ListItem","position":1,"name":"Accueil","item":"https:\/\/dicodusport.fr\/blog\/"},{"@type":"ListItem","position":2,"name":"Strasbourg s&rsquo;impose \u00e0 Aberdeen et composte son billet pour les 8\u00e8mes de Ligue Conf\u00e9rence"}]},{"@type":"WebSite","@id":"https:\/\/dicodusport.fr\/blog\/#website","url":"https:\/\/dicodusport.fr\/blog\/","name":"Dicodusport","description":"L&#039;encyclop\u00e9die de l&#039;actualit\u00e9 sportive","publisher":{"@id":"https:\/\/dicodusport.fr\/blog\/#organization"},"potentialAction":[{"@type":"SearchAction","target":{"@type":"EntryPoint","urlTemplate":"https:\/\/dicodusport.fr\/blog\/?s={search_term_string}"},"query-input":{"@type":"PropertyValueSpecification","valueRequired":true,"valueName":"search_term_string"}}],"inLanguage":"fr-FR"},{"@type":"NewsMediaOrganization","@id":"https:\/\/dicodusport.fr\/blog\/#organization","name":"Dicodusport","url":"https:\/\/dicodusport.fr\/blog\/","logo":{"@type":"ImageObject","inLanguage":"fr-FR","@id":"https:\/\/dicodusport.fr\/blog\/#\/schema\/logo\/image\/","url":"https:\/\/dicodusport.fr\/blog\/wp-content\/uploads\/2020\/06\/cropped-LOGO-DICODUSPORT-2020-SANS-FOND-SANS-TEXTE.png","contentUrl":"https:\/\/dicodusport.fr\/blog\/wp-content\/uploads\/2020\/06\/cropped-LOGO-DICODUSPORT-2020-SANS-FOND-SANS-TEXTE.png","width":512,"height":512,"caption":"Dicodusport"},"image":{"@id":"https:\/\/dicodusport.fr\/blog\/#\/schema\/logo\/image\/"},"sameAs":["https:\/\/www.facebook.com\/dicodusport","https:\/\/x.com\/dicodusport","https:\/\/www.instagram.com\/dicodusport\/","https:\/\/www.youtube.com\/channel\/UC7V2KZ5sd3htJivAbA4ZG3w"],"description":"Dicodusport est l'encyclop\u00e9die de l'actualit\u00e9 sportive.","email":"bonjour@dicodusport.fr","legalName":"DICODUSPORT","foundingDate":"2018-01-14","vatID":"FR71834470973","taxID":"83447097300043","numberOfEmployees":{"@type":"QuantitativeValue","minValue":"1","maxValue":"10"}},{"@type":"Person","@id":"https:\/\/dicodusport.fr\/blog\/#\/schema\/person\/c28883329a45cc92814310316945b3ce","name":"Malo Clement","image":{"@type":"ImageObject","inLanguage":"fr-FR","@id":"https:\/\/dicodusport.fr\/blog\/#\/schema\/person\/image\/","url":"https:\/\/dicodusport.fr\/blog\/wp-content\/uploads\/2025\/02\/Maillot-Dicodusport-Malo-150x150.png","contentUrl":"https:\/\/dicodusport.fr\/blog\/wp-content\/uploads\/2025\/02\/Maillot-Dicodusport-Malo-150x150.png","caption":"Malo Clement"},"description":"Fan de sport depuis mes 10 ans, mes premiers souvenirs de stade sont le Racing M\u00e9tro 92 \u00e0 Yves du Manoir, le XV de France et le PSG de Nen\u00ea. Celui d\u2019Ibra, Lucas, Cavani et Verratti m\u2019ont d\u00e9finitivement emport\u00e9 dans le football, au d\u00e9sarroi de ma famille. Entre les finales perdues de Champions Cup et les m\u00e9saventures en Ligue des Champions, j\u2019ai eu le nez fin. Au-del\u00e0 de mes clubs franciliens, je m\u2019int\u00e9resse au sport en g\u00e9n\u00e9ral et principalement \u00e0 la d\u00e9couverte de jeunes sportifs. Cela a commenc\u00e9 par Football Manager et j'ai repris \u00e7a avec les sports automobiles. Depuis 2020, mes dimanches apr\u00e8s-midi sont occup\u00e9s par Julien F\u00e9breau et la Formule 1. L\u2019endurance, la F2, la F3 et les autres championnats compl\u00e8tent mes week-ends. J\u2019ai rejoint Dicodusport en novembre 2024 et je suis ravi d\u2019\u00eatre le cadet de la r\u00e9daction.","url":"https:\/\/dicodusport.fr\/blog\/author\/clement-malo\/"}]}},"_links":{"self":[{"href":"https:\/\/dicodusport.fr\/blog\/wp-json\/wp\/v2\/posts\/631683","targetHints":{"allow":["GET"]}}],"collection":[{"href":"https:\/\/dicodusport.fr\/blog\/wp-json\/wp\/v2\/posts"}],"about":[{"href":"https:\/\/dicodusport.fr\/blog\/wp-json\/wp\/v2\/types\/post"}],"author":[{"embeddable":true,"href":"https:\/\/dicodusport.fr\/blog\/wp-json\/wp\/v2\/users\/110"}],"replies":[{"embeddable":true,"href":"https:\/\/dicodusport.fr\/blog\/wp-json\/wp\/v2\/comments?post=631683"}],"version-history":[{"count":5,"href":"https:\/\/dicodusport.fr\/blog\/wp-json\/wp\/v2\/posts\/631683\/revisions"}],"predecessor-version":[{"id":631730,"href":"https:\/\/dicodusport.fr\/blog\/wp-json\/wp\/v2\/posts\/631683\/revisions\/631730"}],"wp:featuredmedia":[{"embeddable":true,"href":"https:\/\/dicodusport.fr\/blog\/wp-json\/wp\/v2\/media\/631716"}],"wp:attachment":[{"href":"https:\/\/dicodusport.fr\/blog\/wp-json\/wp\/v2\/media?parent=631683"}],"wp:term":[{"taxonomy":"category","embeddable":true,"href":"https:\/\/dicodusport.fr\/blog\/wp-json\/wp\/v2\/categories?post=631683"},{"taxonomy":"post_tag","embeddable":true,"href":"https:\/\/dicodusport.fr\/blog\/wp-json\/wp\/v2\/tags?post=631683"}],"curies":[{"name":"wp","href":"https:\/\/api.w.org\/{rel}","templated":true}]}}