{"id":631757,"date":"2025-12-12T11:35:42","date_gmt":"2025-12-12T10:35:42","guid":{"rendered":"https:\/\/dicodusport.fr\/blog\/?p=631757&#038;preview=true&#038;preview_id=631757"},"modified":"2025-12-12T15:04:17","modified_gmt":"2025-12-12T14:04:17","slug":"lindsey-vonn-envoie-deja-un-message-fort-lamericaine-ecrase-la-premiere-descente-de-saint-moritz","status":"publish","type":"post","link":"https:\/\/dicodusport.fr\/blog\/lindsey-vonn-envoie-deja-un-message-fort-lamericaine-ecrase-la-premiere-descente-de-saint-moritz\/","title":{"rendered":"Lindsey Vonn envoie d\u00e9j\u00e0 un message fort : l&rsquo;Am\u00e9ricaine \u00e9crase la premi\u00e8re descente de Saint-Moritz"},"content":{"rendered":"<p style=\"text-align: justify;\"><strong><em>COUPE DU MONDE DE SKI ALPIN 2025-2026 &#8211; Lindsey Vonn a r\u00e9alis\u00e9 un v\u00e9ritable tour de force en remportant avec aisance la descente de Saint-Moritz ce vendredi.<\/em><\/strong><\/p>\n<ul>\n<li style=\"text-align: justify;\"><strong>\u00c0 ce sujet \u2013 <a href=\"https:\/\/dicodusport.fr\/blog\/descente-femmes-saint-moritz-2025-classement-et-resultats\/\">Descente femmes Saint-Moritz 2025 \u2013 Classement et r\u00e9sultats<\/a><\/strong><\/li>\n<\/ul>\n<p style=\"text-align: justify;\">Apr\u00e8s un d\u00e9but de saison r\u00e9serv\u00e9 aux slaloms et aux g\u00e9ants, la <strong>premi\u00e8re descente f\u00e9minine de l&rsquo;ann\u00e9e<\/strong> se d\u00e9roulait ce matin \u00e0 <strong>Saint-Moritz<\/strong> (Suisse). Pour l&rsquo;occasion, tous les regards \u00e9taient tourn\u00e9s vers le duel attendu entre la l\u00e9gende <strong>Lindsey Vonn<\/strong>, qui avait impressionn\u00e9 lors de la premi\u00e8re journ\u00e9e d&rsquo;entra\u00eenement du haut de ses 41 ans, et l&rsquo;une des deux rescap\u00e9es du Top 5 de la sp\u00e9cialit\u00e9 la saison pass\u00e9e (Brignone, Gut-Behrami et Macuga \u00e9tant bless\u00e9es), <strong>Sofia Goggia<\/strong>. Un sc\u00e9nario id\u00e9al, puisque les deux skieuses s\u2019\u00e9lan\u00e7aient l\u2019une derri\u00e8re l\u2019autre depuis le portillon de d\u00e9part.<\/p>\n<h2 style=\"text-align: justify;\">Lindsey Vonn donne une le\u00e7on<\/h2>\n<p style=\"text-align: justify;\">Auparavant, quatorze concurrentes s\u2019\u00e9taient d\u00e9j\u00e0 \u00e9lanc\u00e9es. Les premiers dossards ont confirm\u00e9 la grande homog\u00e9n\u00e9it\u00e9 attendue cette saison, puisque les six premi\u00e8res skieuses se tenaient en seulement quatre dixi\u00e8mes, avec l\u2019Allemande <strong>Kira Weidle-Winkelmann<\/strong> en t\u00eate.<\/p>\n<p style=\"text-align: justify;\">Cette premi\u00e8re partie de course a \u00e9galement permis d\u2019assister \u00e0 plusieurs retours \u00e9mouvants, \u00e0 l\u2019image de <strong>Nina Ortlieb<\/strong> et surtout de <strong>Jasmine Flury<\/strong>, qui n\u2019avait plus concouru depuis 22 mois. Si <strong>Laura Pirovano<\/strong> a ensuite \u00e9gal\u00e9 la marque de Weidle-Winkelmann, le niveau est encore mont\u00e9 d\u2019un cran lorsque <strong>Cornelia Huetter<\/strong> s\u2019est empar\u00e9e de la t\u00eate\u2026 avant d\u2019\u00eatre d\u00e9tr\u00f4n\u00e9e pour un centi\u00e8me par <strong>Emma Aicher<\/strong> dans la foul\u00e9e.<\/p>\n<ul style=\"text-align: justify;\">\n<li style=\"text-align: justify;\"><strong>\u00c0 ce sujet \u2013 <a href=\"https:\/\/dicodusport.fr\/blog\/ski-alpin-coupe-du-monde-classement-general-femmes-actualise\/\">Ski alpin Coupe du monde : Classement g\u00e9n\u00e9ral femmes actualis\u00e9<\/a><\/strong><\/li>\n<\/ul>\n<p style=\"text-align: justify;\">Puis, l\u2019Autrichienne <strong>Mirjam Puchner<\/strong> a parfaitement lanc\u00e9 les entr\u00e9es en piste de Goggia et Vonn en r\u00e9alisant un plat exceptionnel, devenant la premi\u00e8re skieuse \u00e0 passer sous la barre des 1\u201931\u2019\u201900. <strong>Sofia Goggia<\/strong> est parvenue \u00e0 descendre sous ce temps, mais l\u2019Italienne n\u2019a pas r\u00e9ussi \u00e0 combler les sept dixi\u00e8mes conc\u00e9d\u00e9s sur le haut du parcours malgr\u00e9 un excellent bas, \u00e9chouant finalement \u00e0 15 centi\u00e8mes de sa rivale.<\/p>\n<p style=\"text-align: justify;\">Malheureusement pour l\u2019Autrichienne, sa superbe performance n\u2019aura pas suffi \u00e0 inqui\u00e9ter une <strong>Lindsey Vonn<\/strong> tout simplement stratosph\u00e9rique.<\/p>\n<p style=\"text-align: justify;\">Rel\u00e9gu\u00e9e \u00e0 six dixi\u00e8mes \u00e0 l\u2019entr\u00e9e du mur, l\u2019Am\u00e9ricaine a litt\u00e9ralement d\u00e9coup\u00e9 cette section avec une facilit\u00e9 d\u00e9concertante, pour finalement rallier la ligne avec <strong>plus d\u2019une seconde d\u2019avance (+1.16)<\/strong>, un \u00e9cart impressionnant sur une portion aussi courte ! Personne ne parviendra \u00e0 s\u2019approcher de cette marque par la suite. R\u00e9sultat : <strong>\u00e0 41 ans, Lindsey Vonn<\/strong> envoie un message fort d\u00e8s la premi\u00e8re \u00e9tape de la saison.<\/p>\n<blockquote class=\"twitter-tweet\">\n<p dir=\"ltr\" lang=\"en\">Lindsey Vonn takes a HUGE lead after a stunning downhill run in St Moritz! \ud83e\udd29\ud83c\uddfa\ud83c\uddf8 <a href=\"https:\/\/t.co\/mXnfagePrQ\">pic.twitter.com\/mXnfagePrQ<\/a><\/p>\n<p>\u2014 TNT Sports (@tntsports) <a href=\"https:\/\/twitter.com\/tntsports\/status\/1999418038836228299?ref_src=twsrc%5Etfw\">December 12, 2025<\/a><\/p><\/blockquote>\n<p><script async src=\"https:\/\/platform.twitter.com\/widgets.js\" charset=\"utf-8\"><\/script><\/p>\n<h2 style=\"text-align: justify;\">Egger et Miradoli, les bonnes surprises du jour<\/h2>\n<p style=\"text-align: justify;\">Pour le podium en revanche, <strong>Sofia Goggia<\/strong> a \u00e9t\u00e9 \u00e9ject\u00e9e par la grande surprise du jour : <strong>Magdalena Egger<\/strong>. L\u2019Autrichienne a renvers\u00e9 la hi\u00e9rarchie en r\u00e9alisant la course de sa vie, devenant la seule skieuse \u00e0 terminer \u00e0 moins d\u2019une seconde de l\u2019OVNI Vonn (+0.98). Une performance spectaculaire qui lui permet de d\u00e9crocher son <strong>premier podium en carri\u00e8re<\/strong>, \u00e0 la deuxi\u00e8me place, juste devant Puchner.<\/p>\n<ul>\n<li style=\"text-align: justify;\"><strong>\u00c0 ce sujet \u2013 <a href=\"https:\/\/dicodusport.fr\/blog\/ski-alpin-coupe-du-monde-2025-2026-le-calendrier-complet\/\">Ski alpin Coupe du monde 2025-2026 \u2013 Le calendrier complet<\/a><\/strong><\/li>\n<\/ul>\n<p style=\"text-align: justify;\">C\u00f4t\u00e9 Fran\u00e7aises, <strong>Romane Miradoli<\/strong> a apport\u00e9 un magnifique rayon de soleil \u00e0 cette journ\u00e9e. Dossard 26 sur le dos, la Bonnevilloise a r\u00e9alis\u00e9 une descente solide de bout en bout pour signer une superbe <strong>6\u00e8me place<\/strong>. En revanche, <strong>Laura Gauch\u00e9<\/strong>, <strong>Camille Cerutti<\/strong> et <strong>Karen Cl\u00e9ment<\/strong> sont toutes trois pass\u00e9es \u00e0 c\u00f4t\u00e9 de leur course en terminant hors des points.<\/p>\n<div id=\"mvp-content-main\" class=\"left relative\">\n<blockquote class=\"twitter-tweet\">\n<p dir=\"ltr\" lang=\"fr\">5e avec le dossard 26, top performance de Romane Miradoli qui rate le podium pour 1 dixi\u00e8me ! La Haut-Savoyarde a r\u00e9ussi une grande course, parfait d\u00e9but de saison.<\/p>\n<p>Beaucoup aim\u00e9 la partie interm\u00e9diaire notamment. <a href=\"https:\/\/twitter.com\/hashtag\/fisalpine?src=hash&amp;ref_src=twsrc%5Etfw\">#fisalpine<\/a><\/p>\n<p>\u2014 Pierre Gorce (@pierregorce12) <a href=\"https:\/\/twitter.com\/pierregorce12\/status\/1999422880233455916?ref_src=twsrc%5Etfw\">December 12, 2025<\/a><\/p><\/blockquote>\n<p><script async src=\"https:\/\/platform.twitter.com\/widgets.js\" charset=\"utf-8\"><\/script><\/p>\n<\/div>\n","protected":false},"excerpt":{"rendered":"<p>COUPE DU MONDE DE SKI ALPIN 2025-2026 &#8211; Lindsey Vonn a r\u00e9alis\u00e9 un v\u00e9ritable tour de force en remportant largement la descente de Saint-Moritz ce vendredi.\u00a0<\/p>\n","protected":false},"author":55,"featured_media":631843,"comment_status":"open","ping_status":"closed","sticky":false,"template":"","format":"standard","meta":{"_acf_changed":false,"_daextam_enable_autolinks":"1","footnotes":""},"categories":[47084],"tags":[16878,12586,2233,24],"class_list":["post-631757","post","type-post","status-publish","format-standard","has-post-thumbnail","hentry","category-coupe-du-monde-ski-alpin","tag-breve","tag-coupe-du-monde-de-ski-alpin","tag-ski-alpin","tag-sport"],"acf":[],"yoast_head":"<!-- This site is optimized with the Yoast SEO Premium plugin v26.7 (Yoast SEO v26.7) - https:\/\/yoast.com\/wordpress\/plugins\/seo\/ -->\n<title>Lindsey Vonn envoie d\u00e9j\u00e0 un message fort : l&#039;Am\u00e9ricaine \u00e9crase la premi\u00e8re descente de Saint-Moritz<\/title>\n<meta name=\"description\" content=\"COUPE DU MONDE DE SKI ALPIN 2025-2026 - Lindsey Vonn a r\u00e9alis\u00e9 un v\u00e9ritable tour de force en \u00e9crasant la premi\u00e8re descente de Saint-Moritz.\u00a0\" \/>\n<meta name=\"robots\" content=\"index, follow, max-snippet:-1, max-image-preview:large, max-video-preview:-1\" \/>\n<link rel=\"canonical\" href=\"https:\/\/dicodusport.fr\/blog\/lindsey-vonn-envoie-deja-un-message-fort-lamericaine-ecrase-la-premiere-descente-de-saint-moritz\/\" \/>\n<meta property=\"og:locale\" content=\"fr_FR\" \/>\n<meta property=\"og:type\" content=\"article\" \/>\n<meta property=\"og:title\" content=\"Lindsey Vonn envoie d\u00e9j\u00e0 un message fort : l&#039;Am\u00e9ricaine \u00e9crase la premi\u00e8re descente de Saint-Moritz\" \/>\n<meta property=\"og:description\" content=\"COUPE DU MONDE DE SKI ALPIN 2025-2026 - Lindsey Vonn a r\u00e9alis\u00e9 un v\u00e9ritable tour de force en \u00e9crasant la premi\u00e8re descente de Saint-Moritz.\u00a0\" \/>\n<meta property=\"og:url\" content=\"https:\/\/dicodusport.fr\/blog\/lindsey-vonn-envoie-deja-un-message-fort-lamericaine-ecrase-la-premiere-descente-de-saint-moritz\/\" \/>\n<meta property=\"og:site_name\" content=\"Dicodusport\" \/>\n<meta property=\"article:publisher\" content=\"https:\/\/www.facebook.com\/dicodusport\" \/>\n<meta property=\"article:published_time\" content=\"2025-12-12T10:35:42+00:00\" \/>\n<meta property=\"article:modified_time\" content=\"2025-12-12T14:04:17+00:00\" \/>\n<meta property=\"og:image\" content=\"https:\/\/dicodusport.fr\/blog\/wp-content\/uploads\/2025\/12\/Lindsey-Vonn-envoie-deja-un-message-fort-lAmericaine-ecrase-la-premiere-descente-de-Saint-Moritz-1.png\" \/>\n\t<meta property=\"og:image:width\" content=\"1200\" \/>\n\t<meta property=\"og:image:height\" content=\"674\" \/>\n\t<meta property=\"og:image:type\" content=\"image\/png\" \/>\n<meta name=\"author\" content=\"Maxime Cazenave\" \/>\n<meta name=\"twitter:card\" content=\"summary_large_image\" \/>\n<meta name=\"twitter:title\" content=\"Lindsey Vonn envoie d\u00e9j\u00e0 un message fort : l&#039;Am\u00e9ricaine \u00e9crase la premi\u00e8re descente de Saint-Moritz\" \/>\n<meta name=\"twitter:creator\" content=\"@https:\/\/twitter.com\/Maxime_Caze\" \/>\n<meta name=\"twitter:site\" content=\"@dicodusport\" \/>\n<script type=\"application\/ld+json\" class=\"yoast-schema-graph\">{\"@context\":\"https:\/\/schema.org\",\"@graph\":[{\"@type\":\"NewsArticle\",\"@id\":\"https:\/\/dicodusport.fr\/blog\/lindsey-vonn-envoie-deja-un-message-fort-lamericaine-ecrase-la-premiere-descente-de-saint-moritz\/#article\",\"isPartOf\":{\"@id\":\"https:\/\/dicodusport.fr\/blog\/lindsey-vonn-envoie-deja-un-message-fort-lamericaine-ecrase-la-premiere-descente-de-saint-moritz\/\"},\"author\":{\"name\":\"Maxime Cazenave\",\"@id\":\"https:\/\/dicodusport.fr\/blog\/#\/schema\/person\/37def232098a7a5cbab3974a3690abb0\"},\"headline\":\"Lindsey Vonn envoie d\u00e9j\u00e0 un message fort : l&rsquo;Am\u00e9ricaine \u00e9crase la premi\u00e8re descente de Saint-Moritz\",\"datePublished\":\"2025-12-12T10:35:42+00:00\",\"dateModified\":\"2025-12-12T14:04:17+00:00\",\"mainEntityOfPage\":{\"@id\":\"https:\/\/dicodusport.fr\/blog\/lindsey-vonn-envoie-deja-un-message-fort-lamericaine-ecrase-la-premiere-descente-de-saint-moritz\/\"},\"wordCount\":697,\"commentCount\":0,\"publisher\":{\"@id\":\"https:\/\/dicodusport.fr\/blog\/#organization\"},\"image\":{\"@id\":\"https:\/\/dicodusport.fr\/blog\/lindsey-vonn-envoie-deja-un-message-fort-lamericaine-ecrase-la-premiere-descente-de-saint-moritz\/#primaryimage\"},\"thumbnailUrl\":\"https:\/\/dicodusport.fr\/blog\/wp-content\/uploads\/2025\/12\/Lindsey-Vonn-envoie-deja-un-message-fort-lAmericaine-ecrase-la-premiere-descente-de-Saint-Moritz-1.png\",\"keywords\":[\"br\u00e8ve\",\"Coupe du monde de ski alpin\",\"Ski alpin\",\"sport\"],\"articleSection\":[\"Coupe du monde de ski alpin\"],\"inLanguage\":\"fr-FR\",\"potentialAction\":[{\"@type\":\"CommentAction\",\"name\":\"Comment\",\"target\":[\"https:\/\/dicodusport.fr\/blog\/lindsey-vonn-envoie-deja-un-message-fort-lamericaine-ecrase-la-premiere-descente-de-saint-moritz\/#respond\"]}],\"copyrightYear\":\"2025\",\"copyrightHolder\":{\"@id\":\"https:\/\/dicodusport.fr\/blog\/#organization\"}},{\"@type\":\"WebPage\",\"@id\":\"https:\/\/dicodusport.fr\/blog\/lindsey-vonn-envoie-deja-un-message-fort-lamericaine-ecrase-la-premiere-descente-de-saint-moritz\/\",\"url\":\"https:\/\/dicodusport.fr\/blog\/lindsey-vonn-envoie-deja-un-message-fort-lamericaine-ecrase-la-premiere-descente-de-saint-moritz\/\",\"name\":\"Lindsey Vonn envoie d\u00e9j\u00e0 un message fort : l'Am\u00e9ricaine \u00e9crase la premi\u00e8re descente de Saint-Moritz\",\"isPartOf\":{\"@id\":\"https:\/\/dicodusport.fr\/blog\/#website\"},\"primaryImageOfPage\":{\"@id\":\"https:\/\/dicodusport.fr\/blog\/lindsey-vonn-envoie-deja-un-message-fort-lamericaine-ecrase-la-premiere-descente-de-saint-moritz\/#primaryimage\"},\"image\":{\"@id\":\"https:\/\/dicodusport.fr\/blog\/lindsey-vonn-envoie-deja-un-message-fort-lamericaine-ecrase-la-premiere-descente-de-saint-moritz\/#primaryimage\"},\"thumbnailUrl\":\"https:\/\/dicodusport.fr\/blog\/wp-content\/uploads\/2025\/12\/Lindsey-Vonn-envoie-deja-un-message-fort-lAmericaine-ecrase-la-premiere-descente-de-Saint-Moritz-1.png\",\"datePublished\":\"2025-12-12T10:35:42+00:00\",\"dateModified\":\"2025-12-12T14:04:17+00:00\",\"description\":\"COUPE DU MONDE DE SKI ALPIN 2025-2026 - Lindsey Vonn a r\u00e9alis\u00e9 un v\u00e9ritable tour de force en \u00e9crasant la premi\u00e8re descente de Saint-Moritz.\u00a0\",\"breadcrumb\":{\"@id\":\"https:\/\/dicodusport.fr\/blog\/lindsey-vonn-envoie-deja-un-message-fort-lamericaine-ecrase-la-premiere-descente-de-saint-moritz\/#breadcrumb\"},\"inLanguage\":\"fr-FR\",\"potentialAction\":[{\"@type\":\"ReadAction\",\"target\":[\"https:\/\/dicodusport.fr\/blog\/lindsey-vonn-envoie-deja-un-message-fort-lamericaine-ecrase-la-premiere-descente-de-saint-moritz\/\"]}]},{\"@type\":\"ImageObject\",\"inLanguage\":\"fr-FR\",\"@id\":\"https:\/\/dicodusport.fr\/blog\/lindsey-vonn-envoie-deja-un-message-fort-lamericaine-ecrase-la-premiere-descente-de-saint-moritz\/#primaryimage\",\"url\":\"https:\/\/dicodusport.fr\/blog\/wp-content\/uploads\/2025\/12\/Lindsey-Vonn-envoie-deja-un-message-fort-lAmericaine-ecrase-la-premiere-descente-de-Saint-Moritz-1.png\",\"contentUrl\":\"https:\/\/dicodusport.fr\/blog\/wp-content\/uploads\/2025\/12\/Lindsey-Vonn-envoie-deja-un-message-fort-lAmericaine-ecrase-la-premiere-descente-de-Saint-Moritz-1.png\",\"width\":1200,\"height\":674,\"caption\":\"Lindsey Vonn envoie d\u00e9j\u00e0 un message fort l'Am\u00e9ricaine \u00e9crase la premi\u00e8re descente de Saint-Moritz\"},{\"@type\":\"BreadcrumbList\",\"@id\":\"https:\/\/dicodusport.fr\/blog\/lindsey-vonn-envoie-deja-un-message-fort-lamericaine-ecrase-la-premiere-descente-de-saint-moritz\/#breadcrumb\",\"itemListElement\":[{\"@type\":\"ListItem\",\"position\":1,\"name\":\"Accueil\",\"item\":\"https:\/\/dicodusport.fr\/blog\/\"},{\"@type\":\"ListItem\",\"position\":2,\"name\":\"Lindsey Vonn envoie d\u00e9j\u00e0 un message fort : l&rsquo;Am\u00e9ricaine \u00e9crase la premi\u00e8re descente de Saint-Moritz\"}]},{\"@type\":\"WebSite\",\"@id\":\"https:\/\/dicodusport.fr\/blog\/#website\",\"url\":\"https:\/\/dicodusport.fr\/blog\/\",\"name\":\"Dicodusport\",\"description\":\"L&#039;encyclop\u00e9die de l&#039;actualit\u00e9 sportive\",\"publisher\":{\"@id\":\"https:\/\/dicodusport.fr\/blog\/#organization\"},\"potentialAction\":[{\"@type\":\"SearchAction\",\"target\":{\"@type\":\"EntryPoint\",\"urlTemplate\":\"https:\/\/dicodusport.fr\/blog\/?s={search_term_string}\"},\"query-input\":{\"@type\":\"PropertyValueSpecification\",\"valueRequired\":true,\"valueName\":\"search_term_string\"}}],\"inLanguage\":\"fr-FR\"},{\"@type\":\"NewsMediaOrganization\",\"@id\":\"https:\/\/dicodusport.fr\/blog\/#organization\",\"name\":\"Dicodusport\",\"url\":\"https:\/\/dicodusport.fr\/blog\/\",\"logo\":{\"@type\":\"ImageObject\",\"inLanguage\":\"fr-FR\",\"@id\":\"https:\/\/dicodusport.fr\/blog\/#\/schema\/logo\/image\/\",\"url\":\"https:\/\/dicodusport.fr\/blog\/wp-content\/uploads\/2020\/06\/cropped-LOGO-DICODUSPORT-2020-SANS-FOND-SANS-TEXTE.png\",\"contentUrl\":\"https:\/\/dicodusport.fr\/blog\/wp-content\/uploads\/2020\/06\/cropped-LOGO-DICODUSPORT-2020-SANS-FOND-SANS-TEXTE.png\",\"width\":512,\"height\":512,\"caption\":\"Dicodusport\"},\"image\":{\"@id\":\"https:\/\/dicodusport.fr\/blog\/#\/schema\/logo\/image\/\"},\"sameAs\":[\"https:\/\/www.facebook.com\/dicodusport\",\"https:\/\/x.com\/dicodusport\",\"https:\/\/www.instagram.com\/dicodusport\/\",\"https:\/\/www.youtube.com\/channel\/UC7V2KZ5sd3htJivAbA4ZG3w\"],\"description\":\"Dicodusport est l'encyclop\u00e9die de l'actualit\u00e9 sportive.\",\"email\":\"bonjour@dicodusport.fr\",\"legalName\":\"DICODUSPORT\",\"foundingDate\":\"2018-01-14\",\"vatID\":\"FR71834470973\",\"taxID\":\"83447097300043\",\"numberOfEmployees\":{\"@type\":\"QuantitativeValue\",\"minValue\":\"1\",\"maxValue\":\"10\"}},{\"@type\":\"Person\",\"@id\":\"https:\/\/dicodusport.fr\/blog\/#\/schema\/person\/37def232098a7a5cbab3974a3690abb0\",\"name\":\"Maxime Cazenave\",\"image\":{\"@type\":\"ImageObject\",\"inLanguage\":\"fr-FR\",\"@id\":\"https:\/\/dicodusport.fr\/blog\/#\/schema\/person\/image\/\",\"url\":\"https:\/\/dicodusport.fr\/blog\/wp-content\/uploads\/2021\/05\/Maxime-Cazenave-150x150.jpg\",\"contentUrl\":\"https:\/\/dicodusport.fr\/blog\/wp-content\/uploads\/2021\/05\/Maxime-Cazenave-150x150.jpg\",\"caption\":\"Maxime Cazenave\"},\"description\":\"Journaliste\/R\u00e9dacteur depuis 2012 - Berc\u00e9 par l\u2019amour des Girondins de Bordeaux, les \u00e9checs de Christophe Moreau sur le Tour de France sous l'\u00e8re Lance Armstrong et le fade-away l\u00e9tal de Dirk Nowitzki, ma passion d\u00e9vorante pour le sport a toujours \u00e9t\u00e9 un pan incontournable de ma vie. Transmettre ma passion \u00e0 l\u2019\u00e9crit a \u00e9t\u00e9 une transition naturelle. Suiveur assidu de basket et de hockey sur glace, je garde toujours un peu de place pour suivre le cyclisme, le football et le maximum de performances fran\u00e7aises.\",\"sameAs\":[\"https:\/\/x.com\/https:\/\/twitter.com\/Maxime_Caze\"],\"url\":\"https:\/\/dicodusport.fr\/blog\/author\/maximec\/\"}]}<\/script>\n<!-- \/ Yoast SEO Premium plugin. -->","yoast_head_json":{"title":"Lindsey Vonn envoie d\u00e9j\u00e0 un message fort : l'Am\u00e9ricaine \u00e9crase la premi\u00e8re descente de Saint-Moritz","description":"COUPE DU MONDE DE SKI ALPIN 2025-2026 - Lindsey Vonn a r\u00e9alis\u00e9 un v\u00e9ritable tour de force en \u00e9crasant la premi\u00e8re descente de Saint-Moritz.\u00a0","robots":{"index":"index","follow":"follow","max-snippet":"max-snippet:-1","max-image-preview":"max-image-preview:large","max-video-preview":"max-video-preview:-1"},"canonical":"https:\/\/dicodusport.fr\/blog\/lindsey-vonn-envoie-deja-un-message-fort-lamericaine-ecrase-la-premiere-descente-de-saint-moritz\/","og_locale":"fr_FR","og_type":"article","og_title":"Lindsey Vonn envoie d\u00e9j\u00e0 un message fort : l'Am\u00e9ricaine \u00e9crase la premi\u00e8re descente de Saint-Moritz","og_description":"COUPE DU MONDE DE SKI ALPIN 2025-2026 - Lindsey Vonn a r\u00e9alis\u00e9 un v\u00e9ritable tour de force en \u00e9crasant la premi\u00e8re descente de Saint-Moritz.\u00a0","og_url":"https:\/\/dicodusport.fr\/blog\/lindsey-vonn-envoie-deja-un-message-fort-lamericaine-ecrase-la-premiere-descente-de-saint-moritz\/","og_site_name":"Dicodusport","article_publisher":"https:\/\/www.facebook.com\/dicodusport","article_published_time":"2025-12-12T10:35:42+00:00","article_modified_time":"2025-12-12T14:04:17+00:00","og_image":[{"width":1200,"height":674,"url":"https:\/\/dicodusport.fr\/blog\/wp-content\/uploads\/2025\/12\/Lindsey-Vonn-envoie-deja-un-message-fort-lAmericaine-ecrase-la-premiere-descente-de-Saint-Moritz-1.png","type":"image\/png"}],"author":"Maxime Cazenave","twitter_card":"summary_large_image","twitter_title":"Lindsey Vonn envoie d\u00e9j\u00e0 un message fort : l'Am\u00e9ricaine \u00e9crase la premi\u00e8re descente de Saint-Moritz","twitter_creator":"@https:\/\/twitter.com\/Maxime_Caze","twitter_site":"@dicodusport","schema":{"@context":"https:\/\/schema.org","@graph":[{"@type":"NewsArticle","@id":"https:\/\/dicodusport.fr\/blog\/lindsey-vonn-envoie-deja-un-message-fort-lamericaine-ecrase-la-premiere-descente-de-saint-moritz\/#article","isPartOf":{"@id":"https:\/\/dicodusport.fr\/blog\/lindsey-vonn-envoie-deja-un-message-fort-lamericaine-ecrase-la-premiere-descente-de-saint-moritz\/"},"author":{"name":"Maxime Cazenave","@id":"https:\/\/dicodusport.fr\/blog\/#\/schema\/person\/37def232098a7a5cbab3974a3690abb0"},"headline":"Lindsey Vonn envoie d\u00e9j\u00e0 un message fort : l&rsquo;Am\u00e9ricaine \u00e9crase la premi\u00e8re descente de Saint-Moritz","datePublished":"2025-12-12T10:35:42+00:00","dateModified":"2025-12-12T14:04:17+00:00","mainEntityOfPage":{"@id":"https:\/\/dicodusport.fr\/blog\/lindsey-vonn-envoie-deja-un-message-fort-lamericaine-ecrase-la-premiere-descente-de-saint-moritz\/"},"wordCount":697,"commentCount":0,"publisher":{"@id":"https:\/\/dicodusport.fr\/blog\/#organization"},"image":{"@id":"https:\/\/dicodusport.fr\/blog\/lindsey-vonn-envoie-deja-un-message-fort-lamericaine-ecrase-la-premiere-descente-de-saint-moritz\/#primaryimage"},"thumbnailUrl":"https:\/\/dicodusport.fr\/blog\/wp-content\/uploads\/2025\/12\/Lindsey-Vonn-envoie-deja-un-message-fort-lAmericaine-ecrase-la-premiere-descente-de-Saint-Moritz-1.png","keywords":["br\u00e8ve","Coupe du monde de ski alpin","Ski alpin","sport"],"articleSection":["Coupe du monde de ski alpin"],"inLanguage":"fr-FR","potentialAction":[{"@type":"CommentAction","name":"Comment","target":["https:\/\/dicodusport.fr\/blog\/lindsey-vonn-envoie-deja-un-message-fort-lamericaine-ecrase-la-premiere-descente-de-saint-moritz\/#respond"]}],"copyrightYear":"2025","copyrightHolder":{"@id":"https:\/\/dicodusport.fr\/blog\/#organization"}},{"@type":"WebPage","@id":"https:\/\/dicodusport.fr\/blog\/lindsey-vonn-envoie-deja-un-message-fort-lamericaine-ecrase-la-premiere-descente-de-saint-moritz\/","url":"https:\/\/dicodusport.fr\/blog\/lindsey-vonn-envoie-deja-un-message-fort-lamericaine-ecrase-la-premiere-descente-de-saint-moritz\/","name":"Lindsey Vonn envoie d\u00e9j\u00e0 un message fort : l'Am\u00e9ricaine \u00e9crase la premi\u00e8re descente de Saint-Moritz","isPartOf":{"@id":"https:\/\/dicodusport.fr\/blog\/#website"},"primaryImageOfPage":{"@id":"https:\/\/dicodusport.fr\/blog\/lindsey-vonn-envoie-deja-un-message-fort-lamericaine-ecrase-la-premiere-descente-de-saint-moritz\/#primaryimage"},"image":{"@id":"https:\/\/dicodusport.fr\/blog\/lindsey-vonn-envoie-deja-un-message-fort-lamericaine-ecrase-la-premiere-descente-de-saint-moritz\/#primaryimage"},"thumbnailUrl":"https:\/\/dicodusport.fr\/blog\/wp-content\/uploads\/2025\/12\/Lindsey-Vonn-envoie-deja-un-message-fort-lAmericaine-ecrase-la-premiere-descente-de-Saint-Moritz-1.png","datePublished":"2025-12-12T10:35:42+00:00","dateModified":"2025-12-12T14:04:17+00:00","description":"COUPE DU MONDE DE SKI ALPIN 2025-2026 - Lindsey Vonn a r\u00e9alis\u00e9 un v\u00e9ritable tour de force en \u00e9crasant la premi\u00e8re descente de Saint-Moritz.\u00a0","breadcrumb":{"@id":"https:\/\/dicodusport.fr\/blog\/lindsey-vonn-envoie-deja-un-message-fort-lamericaine-ecrase-la-premiere-descente-de-saint-moritz\/#breadcrumb"},"inLanguage":"fr-FR","potentialAction":[{"@type":"ReadAction","target":["https:\/\/dicodusport.fr\/blog\/lindsey-vonn-envoie-deja-un-message-fort-lamericaine-ecrase-la-premiere-descente-de-saint-moritz\/"]}]},{"@type":"ImageObject","inLanguage":"fr-FR","@id":"https:\/\/dicodusport.fr\/blog\/lindsey-vonn-envoie-deja-un-message-fort-lamericaine-ecrase-la-premiere-descente-de-saint-moritz\/#primaryimage","url":"https:\/\/dicodusport.fr\/blog\/wp-content\/uploads\/2025\/12\/Lindsey-Vonn-envoie-deja-un-message-fort-lAmericaine-ecrase-la-premiere-descente-de-Saint-Moritz-1.png","contentUrl":"https:\/\/dicodusport.fr\/blog\/wp-content\/uploads\/2025\/12\/Lindsey-Vonn-envoie-deja-un-message-fort-lAmericaine-ecrase-la-premiere-descente-de-Saint-Moritz-1.png","width":1200,"height":674,"caption":"Lindsey Vonn envoie d\u00e9j\u00e0 un message fort l'Am\u00e9ricaine \u00e9crase la premi\u00e8re descente de Saint-Moritz"},{"@type":"BreadcrumbList","@id":"https:\/\/dicodusport.fr\/blog\/lindsey-vonn-envoie-deja-un-message-fort-lamericaine-ecrase-la-premiere-descente-de-saint-moritz\/#breadcrumb","itemListElement":[{"@type":"ListItem","position":1,"name":"Accueil","item":"https:\/\/dicodusport.fr\/blog\/"},{"@type":"ListItem","position":2,"name":"Lindsey Vonn envoie d\u00e9j\u00e0 un message fort : l&rsquo;Am\u00e9ricaine \u00e9crase la premi\u00e8re descente de Saint-Moritz"}]},{"@type":"WebSite","@id":"https:\/\/dicodusport.fr\/blog\/#website","url":"https:\/\/dicodusport.fr\/blog\/","name":"Dicodusport","description":"L&#039;encyclop\u00e9die de l&#039;actualit\u00e9 sportive","publisher":{"@id":"https:\/\/dicodusport.fr\/blog\/#organization"},"potentialAction":[{"@type":"SearchAction","target":{"@type":"EntryPoint","urlTemplate":"https:\/\/dicodusport.fr\/blog\/?s={search_term_string}"},"query-input":{"@type":"PropertyValueSpecification","valueRequired":true,"valueName":"search_term_string"}}],"inLanguage":"fr-FR"},{"@type":"NewsMediaOrganization","@id":"https:\/\/dicodusport.fr\/blog\/#organization","name":"Dicodusport","url":"https:\/\/dicodusport.fr\/blog\/","logo":{"@type":"ImageObject","inLanguage":"fr-FR","@id":"https:\/\/dicodusport.fr\/blog\/#\/schema\/logo\/image\/","url":"https:\/\/dicodusport.fr\/blog\/wp-content\/uploads\/2020\/06\/cropped-LOGO-DICODUSPORT-2020-SANS-FOND-SANS-TEXTE.png","contentUrl":"https:\/\/dicodusport.fr\/blog\/wp-content\/uploads\/2020\/06\/cropped-LOGO-DICODUSPORT-2020-SANS-FOND-SANS-TEXTE.png","width":512,"height":512,"caption":"Dicodusport"},"image":{"@id":"https:\/\/dicodusport.fr\/blog\/#\/schema\/logo\/image\/"},"sameAs":["https:\/\/www.facebook.com\/dicodusport","https:\/\/x.com\/dicodusport","https:\/\/www.instagram.com\/dicodusport\/","https:\/\/www.youtube.com\/channel\/UC7V2KZ5sd3htJivAbA4ZG3w"],"description":"Dicodusport est l'encyclop\u00e9die de l'actualit\u00e9 sportive.","email":"bonjour@dicodusport.fr","legalName":"DICODUSPORT","foundingDate":"2018-01-14","vatID":"FR71834470973","taxID":"83447097300043","numberOfEmployees":{"@type":"QuantitativeValue","minValue":"1","maxValue":"10"}},{"@type":"Person","@id":"https:\/\/dicodusport.fr\/blog\/#\/schema\/person\/37def232098a7a5cbab3974a3690abb0","name":"Maxime Cazenave","image":{"@type":"ImageObject","inLanguage":"fr-FR","@id":"https:\/\/dicodusport.fr\/blog\/#\/schema\/person\/image\/","url":"https:\/\/dicodusport.fr\/blog\/wp-content\/uploads\/2021\/05\/Maxime-Cazenave-150x150.jpg","contentUrl":"https:\/\/dicodusport.fr\/blog\/wp-content\/uploads\/2021\/05\/Maxime-Cazenave-150x150.jpg","caption":"Maxime Cazenave"},"description":"Journaliste\/R\u00e9dacteur depuis 2012 - Berc\u00e9 par l\u2019amour des Girondins de Bordeaux, les \u00e9checs de Christophe Moreau sur le Tour de France sous l'\u00e8re Lance Armstrong et le fade-away l\u00e9tal de Dirk Nowitzki, ma passion d\u00e9vorante pour le sport a toujours \u00e9t\u00e9 un pan incontournable de ma vie. Transmettre ma passion \u00e0 l\u2019\u00e9crit a \u00e9t\u00e9 une transition naturelle. Suiveur assidu de basket et de hockey sur glace, je garde toujours un peu de place pour suivre le cyclisme, le football et le maximum de performances fran\u00e7aises.","sameAs":["https:\/\/x.com\/https:\/\/twitter.com\/Maxime_Caze"],"url":"https:\/\/dicodusport.fr\/blog\/author\/maximec\/"}]}},"_links":{"self":[{"href":"https:\/\/dicodusport.fr\/blog\/wp-json\/wp\/v2\/posts\/631757","targetHints":{"allow":["GET"]}}],"collection":[{"href":"https:\/\/dicodusport.fr\/blog\/wp-json\/wp\/v2\/posts"}],"about":[{"href":"https:\/\/dicodusport.fr\/blog\/wp-json\/wp\/v2\/types\/post"}],"author":[{"embeddable":true,"href":"https:\/\/dicodusport.fr\/blog\/wp-json\/wp\/v2\/users\/55"}],"replies":[{"embeddable":true,"href":"https:\/\/dicodusport.fr\/blog\/wp-json\/wp\/v2\/comments?post=631757"}],"version-history":[{"count":5,"href":"https:\/\/dicodusport.fr\/blog\/wp-json\/wp\/v2\/posts\/631757\/revisions"}],"predecessor-version":[{"id":631808,"href":"https:\/\/dicodusport.fr\/blog\/wp-json\/wp\/v2\/posts\/631757\/revisions\/631808"}],"wp:featuredmedia":[{"embeddable":true,"href":"https:\/\/dicodusport.fr\/blog\/wp-json\/wp\/v2\/media\/631843"}],"wp:attachment":[{"href":"https:\/\/dicodusport.fr\/blog\/wp-json\/wp\/v2\/media?parent=631757"}],"wp:term":[{"taxonomy":"category","embeddable":true,"href":"https:\/\/dicodusport.fr\/blog\/wp-json\/wp\/v2\/categories?post=631757"},{"taxonomy":"post_tag","embeddable":true,"href":"https:\/\/dicodusport.fr\/blog\/wp-json\/wp\/v2\/tags?post=631757"}],"curies":[{"name":"wp","href":"https:\/\/api.w.org\/{rel}","templated":true}]}}