{"id":631804,"date":"2025-12-12T14:02:06","date_gmt":"2025-12-12T13:02:06","guid":{"rendered":"https:\/\/dicodusport.fr\/blog\/?p=631804&#038;preview=true&#038;preview_id=631804"},"modified":"2025-12-12T14:02:06","modified_gmt":"2025-12-12T13:02:06","slug":"marielle-berger-sabbatel-sauve-la-journee-des-bleus-du-skicross-avec-un-podium-a-val-thorens","status":"publish","type":"post","link":"https:\/\/dicodusport.fr\/blog\/marielle-berger-sabbatel-sauve-la-journee-des-bleus-du-skicross-avec-un-podium-a-val-thorens\/","title":{"rendered":"Marielle Berger Sabbatel sauve la journ\u00e9e des Bleus du skicross avec un podium \u00e0 Val-Thorens"},"content":{"rendered":"<p style=\"text-align: justify;\"><strong><em>COUPE DU MONDE DE SKICROSS 2025-2026 &#8211; Seule Bleue en finale, Marielle Berger Sabbatel a tenu son rang et s&rsquo;offre une magnifique deuxi\u00e8me place.\u00a0<\/em><\/strong><\/p>\n<p style=\"text-align: justify;\">L&rsquo;\u00e9quipe de France de skicross avait bien entam\u00e9 la saison de Coupe du monde \u00e0 domicile. Hier, pour la premi\u00e8re manche \u00e0 Val-Thorens, <strong>Myl\u00e8ne Ballet Baz<\/strong> et <strong>Youri Duplessis Kergomard<\/strong> avaient r\u00e9ussi \u00e0 monter sur la bo\u00eete. Mais la deuxi\u00e8me manche s&rsquo;annon\u00e7ait peut-\u00eatre moins riche, avec moins de Bleus qualifi\u00e9s, le deuxi\u00e8me nomm\u00e9 \u00e9tant par exemple out.<\/p>\n<div class=\"vlp-link-container vlp-layout-article\"><a href=\"https:\/\/dicodusport.fr\/blog\/les-bleus-du-skicross-demarrent-fort-a-val-thorens-mylene-ballet-baz-et-youri-kergomard-duplessis-sur-le-podium\/\" class=\"vlp-link\" title=\"Les Bleus du skicross d\u00e9marrent fort \u00e0 Val-Thorens : Myl\u00e8ne Ballet Baz et Youri Kergomard Duplessis sur le podium\"><\/a><div class=\"vlp-layout-zone-side\"><div class=\"vlp-block-4 vlp-link-image\"><img loading=\"lazy\" decoding=\"async\" style=\"max-width: 792px;\" width=\"792\" height=\"445\" src=\"https:\/\/dicodusport.fr\/blog\/wp-content\/uploads\/2025\/12\/Les-Bleus-du-skicross-demarrent-fort-a-Val-Thorens-Mylene-Ballet-Baz-et-Youri-Kergomard-Duplessis-sur-le-podium.png\" class=\"attachment-800x445 size-800x445\" alt=\"Les Bleus du skicross d\u00e9marrent fort \u00e0 Val-Thorens : Mylene Ballet Baz et Youri Kergomard Duplessis sur le podium\" srcset=\"https:\/\/dicodusport.fr\/blog\/wp-content\/uploads\/2025\/12\/Les-Bleus-du-skicross-demarrent-fort-a-Val-Thorens-Mylene-Ballet-Baz-et-Youri-Kergomard-Duplessis-sur-le-podium.png 1200w, https:\/\/dicodusport.fr\/blog\/wp-content\/uploads\/2025\/12\/Les-Bleus-du-skicross-demarrent-fort-a-Val-Thorens-Mylene-Ballet-Baz-et-Youri-Kergomard-Duplessis-sur-le-podium-300x169.png 300w, https:\/\/dicodusport.fr\/blog\/wp-content\/uploads\/2025\/12\/Les-Bleus-du-skicross-demarrent-fort-a-Val-Thorens-Mylene-Ballet-Baz-et-Youri-Kergomard-Duplessis-sur-le-podium-1024x575.png 1024w, https:\/\/dicodusport.fr\/blog\/wp-content\/uploads\/2025\/12\/Les-Bleus-du-skicross-demarrent-fort-a-Val-Thorens-Mylene-Ballet-Baz-et-Youri-Kergomard-Duplessis-sur-le-podium-768x431.png 768w\" sizes=\"auto, (max-width: 792px) 100vw, 792px\" \/><\/div><\/div><div class=\"vlp-layout-zone-main\"><div class=\"vlp-block-0 vlp-link-title\">Les Bleus du skicross d\u00e9marrent fort \u00e0 Val-Thorens : Myl\u00e8ne Ballet Baz et Youri Kergomard Duplessis sur le podium<\/div><div class=\"vlp-block-1 vlp-link-summary\">COUPE DU MONDE DE SKICROSS 2025-2026 - Mylene Ballet Baz et Youri Kergomard Duplessis se sont hiss\u00e9s sur le podium de la premi\u00e8re manche disput\u00e9e \u00e0 Val-Thorens.\u00a0<\/div><div class=\"vlp-block-2 vlp-link-button\">Lire l'article<\/div><div class=\"vlp-block-3 vlp-link-url\">dicodusport.fr<\/div><\/div><\/div>\n<h2 style=\"text-align: justify;\">Z\u00e9ro point\u00e9 pour les Bleus<\/h2>\n<p style=\"text-align: justify;\">Ils n&rsquo;\u00e9taient que quatre hommes \u00e0 se lancer en 8\u00e8me de finale, dont trois dans la m\u00eame s\u00e9rie ! Mais le pire sc\u00e9nario avait lieu, puisque seul <strong>Melvin Tchiknavorian<\/strong> franchissait le cap, <strong>Nicolas Raffort<\/strong> et <strong>Terence Tchiknavorian<\/strong> restant \u00e0 quai, tout comme le dernier Bleu, <strong>Evan Klufts<\/strong>, qui a chut\u00e9 pour avoir \u00e9t\u00e9 trop imp\u00e9tueux alors que la qualification semblait \u00e0 sa port\u00e9e. Seul Bleu en quarts, <strong>Melvin Tchiknavorian<\/strong> sortait alors le grand jeu avec une s\u00e9rie limpide pour rejoindre le dernier carr\u00e9.<\/p>\n<p style=\"text-align: justify;\">Mais il n&rsquo;allait pas aller plus loin, la faute \u00e0 une sortie de piste alors qu&rsquo;il tentait le tout pour le tout apr\u00e8s un d\u00e9part rat\u00e9. Chou blanc pour les Bleus, et septi\u00e8me place finale pour <strong>Melvin Tchiknavorian<\/strong>. La victoire, elle est pour <strong>Kevin Drury<\/strong>, qui a fr\u00f4l\u00e9 la chute en finale, mais qui a retrouv\u00e9 de la vitesse pour venir coiffer les favoris au poteau !<\/p>\n<h2 style=\"text-align: justify;\">Marielle Berger Sabbatel encore et toujours<\/h2>\n<p style=\"text-align: justify;\">Chez les femmes, le trio magique fran\u00e7ais \u00e9tait en piste, mais <strong>Jade Grillet Aubert<\/strong>, plac\u00e9e dans une s\u00e9rie difficile, n&rsquo;a pu tirer son \u00e9pingle du jeu. <strong>Myl\u00e8ne Ballet Baz<\/strong> et <strong>Marielle Berger Sabbatel<\/strong> \u00e9taient elles dans le m\u00eame quart de finale, mais seule la deuxi\u00e8me, plus solide, allait se hisser dans le dernier carr\u00e9, avec pour objectif de faire mieux que la veille et d&rsquo;entrer en finale. Objectif atteint, dans la douleur, apr\u00e8s une demie dans laquelle elle a \u00e9merg\u00e9 dans les derniers virages pour subtiliser la deuxi\u00e8me place.<\/p>\n<blockquote class=\"twitter-tweet\">\n<p dir=\"ltr\" lang=\"fr\">Marielle Berger Sabbatel lance sa saison par un podium !<\/p>\n<p>La Fran\u00e7aise est deuxi\u00e8me \u00e0 Val Thorens, derri\u00e8re la Su\u00e9doise Sandra Naeslund. <a href=\"https:\/\/twitter.com\/hashtag\/lequipeSKI?src=hash&amp;ref_src=twsrc%5Etfw\">#lequipeSKI<\/a> <a href=\"https:\/\/t.co\/nIzSaX1DUn\">pic.twitter.com\/nIzSaX1DUn<\/a><\/p>\n<p>\u2014 la chaine L&rsquo;\u00c9quipe (@lachainelequipe) <a href=\"https:\/\/twitter.com\/lachainelequipe\/status\/1999462473036898414?ref_src=twsrc%5Etfw\">December 12, 2025<\/a><\/p><\/blockquote>\n<p><script async src=\"https:\/\/platform.twitter.com\/widgets.js\" charset=\"utf-8\"><\/script><\/p>\n<p style=\"text-align: justify;\">Face \u00e0 elle, que du lourd : <strong>Jole Galli<\/strong>, la championne du monde <strong>Fanny Smith<\/strong> et la l\u00e9gende<strong> Sandra Naeslund<\/strong>. Imp\u00e9riale, la Su\u00e9doise n&rsquo;allait laisser aucune chance \u00e0 la concurrence, menant de bout en bout pour un 42\u00e8me succ\u00e8s en carri\u00e8re, mais derri\u00e8re, <strong>Marielle Berger Sabbatel<\/strong> sortait victorieuse d&rsquo;une belle empoignade avec<strong> Fanny Smith<\/strong>, et s&rsquo;en allait chercher la deuxi\u00e8me place. Un \u00e9ni\u00e8me podium pour elle, et une saison enfin lanc\u00e9e !<\/p>\n","protected":false},"excerpt":{"rendered":"<p>COUPE DU MONDE DE SKICROSS 2025-2026 &#8211; Seule Bleue en finale, Marielle Berger Sabbatel a tenu son rang et s&rsquo;offre une magnifique deuxi\u00e8me place.\u00a0<\/p>\n","protected":false},"author":59,"featured_media":631825,"comment_status":"open","ping_status":"closed","sticky":false,"template":"","format":"standard","meta":{"_acf_changed":false,"_daextam_enable_autolinks":"1","footnotes":""},"categories":[9217],"tags":[16878,29753,2947,3127],"class_list":["post-631804","post","type-post","status-publish","format-standard","has-post-thumbnail","hentry","category-ski","tag-breve","tag-coupe-du-monde-de-skicross","tag-skicross","tag-val-thorens"],"acf":[],"yoast_head":"<!-- This site is optimized with the Yoast SEO Premium plugin v26.7 (Yoast SEO v26.7) - https:\/\/yoast.com\/wordpress\/plugins\/seo\/ -->\n<title>Marielle Berger Sabbatel sauve la journ\u00e9e des Bleus du skicross avec un podium \u00e0 Val-Thorens<\/title>\n<meta name=\"description\" content=\"COUPE DU MONDE DE SKICROSS 2025-2026 - Seule Bleue en finale, Marielle Berger Sabbatel a tenu son rang et s&#039;offre une magnifique deuxi\u00e8me place.\u00a0\" \/>\n<meta name=\"robots\" content=\"index, follow, max-snippet:-1, max-image-preview:large, max-video-preview:-1\" \/>\n<link rel=\"canonical\" href=\"https:\/\/dicodusport.fr\/blog\/marielle-berger-sabbatel-sauve-la-journee-des-bleus-du-skicross-avec-un-podium-a-val-thorens\/\" \/>\n<meta property=\"og:locale\" content=\"fr_FR\" \/>\n<meta property=\"og:type\" content=\"article\" \/>\n<meta property=\"og:title\" content=\"Marielle Berger Sabbatel sauve la journ\u00e9e des Bleus du skicross avec un podium \u00e0 Val-Thorens\" \/>\n<meta property=\"og:description\" content=\"COUPE DU MONDE DE SKICROSS 2025-2026 - Seule Bleue en finale, Marielle Berger Sabbatel a tenu son rang et s&#039;offre une magnifique deuxi\u00e8me place.\u00a0\" \/>\n<meta property=\"og:url\" content=\"https:\/\/dicodusport.fr\/blog\/marielle-berger-sabbatel-sauve-la-journee-des-bleus-du-skicross-avec-un-podium-a-val-thorens\/\" \/>\n<meta property=\"og:site_name\" content=\"Dicodusport\" \/>\n<meta property=\"article:publisher\" content=\"https:\/\/www.facebook.com\/dicodusport\" \/>\n<meta property=\"article:author\" content=\"https:\/\/www.facebook.com\/sebastien.gente\/\" \/>\n<meta property=\"article:published_time\" content=\"2025-12-12T13:02:06+00:00\" \/>\n<meta property=\"og:image\" content=\"https:\/\/dicodusport.fr\/blog\/wp-content\/uploads\/2025\/12\/Marielle-Berger-Sabbatel-sauve-la-journee-des-Bleus-du-skicross-avec-un-podium-a-Val-Thorens.png\" \/>\n\t<meta property=\"og:image:width\" content=\"1200\" \/>\n\t<meta property=\"og:image:height\" content=\"674\" \/>\n\t<meta property=\"og:image:type\" content=\"image\/png\" \/>\n<meta name=\"author\" content=\"S\u00e9bastien Gente\" \/>\n<meta name=\"twitter:card\" content=\"summary_large_image\" \/>\n<meta name=\"twitter:title\" content=\"Marielle Berger Sabbatel sauve la journ\u00e9e des Bleus du skicross avec un podium \u00e0 Val-Thorens\" \/>\n<meta name=\"twitter:creator\" content=\"@https:\/\/twitter.com\/globulo24\" \/>\n<meta name=\"twitter:site\" content=\"@dicodusport\" \/>\n<script type=\"application\/ld+json\" class=\"yoast-schema-graph\">{\"@context\":\"https:\/\/schema.org\",\"@graph\":[{\"@type\":\"NewsArticle\",\"@id\":\"https:\/\/dicodusport.fr\/blog\/marielle-berger-sabbatel-sauve-la-journee-des-bleus-du-skicross-avec-un-podium-a-val-thorens\/#article\",\"isPartOf\":{\"@id\":\"https:\/\/dicodusport.fr\/blog\/marielle-berger-sabbatel-sauve-la-journee-des-bleus-du-skicross-avec-un-podium-a-val-thorens\/\"},\"author\":{\"name\":\"S\u00e9bastien Gente\",\"@id\":\"https:\/\/dicodusport.fr\/blog\/#\/schema\/person\/627966a6cde45dbd8c5e36ac85d783da\"},\"headline\":\"Marielle Berger Sabbatel sauve la journ\u00e9e des Bleus du skicross avec un podium \u00e0 Val-Thorens\",\"datePublished\":\"2025-12-12T13:02:06+00:00\",\"mainEntityOfPage\":{\"@id\":\"https:\/\/dicodusport.fr\/blog\/marielle-berger-sabbatel-sauve-la-journee-des-bleus-du-skicross-avec-un-podium-a-val-thorens\/\"},\"wordCount\":596,\"commentCount\":0,\"publisher\":{\"@id\":\"https:\/\/dicodusport.fr\/blog\/#organization\"},\"image\":{\"@id\":\"https:\/\/dicodusport.fr\/blog\/marielle-berger-sabbatel-sauve-la-journee-des-bleus-du-skicross-avec-un-podium-a-val-thorens\/#primaryimage\"},\"thumbnailUrl\":\"https:\/\/dicodusport.fr\/blog\/wp-content\/uploads\/2025\/12\/Marielle-Berger-Sabbatel-sauve-la-journee-des-Bleus-du-skicross-avec-un-podium-a-Val-Thorens.png\",\"keywords\":[\"br\u00e8ve\",\"Coupe du monde de skicross\",\"skicross\",\"Val Thorens\"],\"articleSection\":[\"Ski\"],\"inLanguage\":\"fr-FR\",\"potentialAction\":[{\"@type\":\"CommentAction\",\"name\":\"Comment\",\"target\":[\"https:\/\/dicodusport.fr\/blog\/marielle-berger-sabbatel-sauve-la-journee-des-bleus-du-skicross-avec-un-podium-a-val-thorens\/#respond\"]}],\"copyrightYear\":\"2025\",\"copyrightHolder\":{\"@id\":\"https:\/\/dicodusport.fr\/blog\/#organization\"}},{\"@type\":\"WebPage\",\"@id\":\"https:\/\/dicodusport.fr\/blog\/marielle-berger-sabbatel-sauve-la-journee-des-bleus-du-skicross-avec-un-podium-a-val-thorens\/\",\"url\":\"https:\/\/dicodusport.fr\/blog\/marielle-berger-sabbatel-sauve-la-journee-des-bleus-du-skicross-avec-un-podium-a-val-thorens\/\",\"name\":\"Marielle Berger Sabbatel sauve la journ\u00e9e des Bleus du skicross avec un podium \u00e0 Val-Thorens\",\"isPartOf\":{\"@id\":\"https:\/\/dicodusport.fr\/blog\/#website\"},\"primaryImageOfPage\":{\"@id\":\"https:\/\/dicodusport.fr\/blog\/marielle-berger-sabbatel-sauve-la-journee-des-bleus-du-skicross-avec-un-podium-a-val-thorens\/#primaryimage\"},\"image\":{\"@id\":\"https:\/\/dicodusport.fr\/blog\/marielle-berger-sabbatel-sauve-la-journee-des-bleus-du-skicross-avec-un-podium-a-val-thorens\/#primaryimage\"},\"thumbnailUrl\":\"https:\/\/dicodusport.fr\/blog\/wp-content\/uploads\/2025\/12\/Marielle-Berger-Sabbatel-sauve-la-journee-des-Bleus-du-skicross-avec-un-podium-a-Val-Thorens.png\",\"datePublished\":\"2025-12-12T13:02:06+00:00\",\"description\":\"COUPE DU MONDE DE SKICROSS 2025-2026 - Seule Bleue en finale, Marielle Berger Sabbatel a tenu son rang et s'offre une magnifique deuxi\u00e8me place.\u00a0\",\"breadcrumb\":{\"@id\":\"https:\/\/dicodusport.fr\/blog\/marielle-berger-sabbatel-sauve-la-journee-des-bleus-du-skicross-avec-un-podium-a-val-thorens\/#breadcrumb\"},\"inLanguage\":\"fr-FR\",\"potentialAction\":[{\"@type\":\"ReadAction\",\"target\":[\"https:\/\/dicodusport.fr\/blog\/marielle-berger-sabbatel-sauve-la-journee-des-bleus-du-skicross-avec-un-podium-a-val-thorens\/\"]}]},{\"@type\":\"ImageObject\",\"inLanguage\":\"fr-FR\",\"@id\":\"https:\/\/dicodusport.fr\/blog\/marielle-berger-sabbatel-sauve-la-journee-des-bleus-du-skicross-avec-un-podium-a-val-thorens\/#primaryimage\",\"url\":\"https:\/\/dicodusport.fr\/blog\/wp-content\/uploads\/2025\/12\/Marielle-Berger-Sabbatel-sauve-la-journee-des-Bleus-du-skicross-avec-un-podium-a-Val-Thorens.png\",\"contentUrl\":\"https:\/\/dicodusport.fr\/blog\/wp-content\/uploads\/2025\/12\/Marielle-Berger-Sabbatel-sauve-la-journee-des-Bleus-du-skicross-avec-un-podium-a-Val-Thorens.png\",\"width\":1200,\"height\":674,\"caption\":\"Marielle Berger Sabbatel sauve la journ\u00e9e des Bleus du skicross avec un podium \u00e0 Val-Thorens\"},{\"@type\":\"BreadcrumbList\",\"@id\":\"https:\/\/dicodusport.fr\/blog\/marielle-berger-sabbatel-sauve-la-journee-des-bleus-du-skicross-avec-un-podium-a-val-thorens\/#breadcrumb\",\"itemListElement\":[{\"@type\":\"ListItem\",\"position\":1,\"name\":\"Accueil\",\"item\":\"https:\/\/dicodusport.fr\/blog\/\"},{\"@type\":\"ListItem\",\"position\":2,\"name\":\"Marielle Berger Sabbatel sauve la journ\u00e9e des Bleus du skicross avec un podium \u00e0 Val-Thorens\"}]},{\"@type\":\"WebSite\",\"@id\":\"https:\/\/dicodusport.fr\/blog\/#website\",\"url\":\"https:\/\/dicodusport.fr\/blog\/\",\"name\":\"Dicodusport\",\"description\":\"L&#039;encyclop\u00e9die de l&#039;actualit\u00e9 sportive\",\"publisher\":{\"@id\":\"https:\/\/dicodusport.fr\/blog\/#organization\"},\"potentialAction\":[{\"@type\":\"SearchAction\",\"target\":{\"@type\":\"EntryPoint\",\"urlTemplate\":\"https:\/\/dicodusport.fr\/blog\/?s={search_term_string}\"},\"query-input\":{\"@type\":\"PropertyValueSpecification\",\"valueRequired\":true,\"valueName\":\"search_term_string\"}}],\"inLanguage\":\"fr-FR\"},{\"@type\":\"NewsMediaOrganization\",\"@id\":\"https:\/\/dicodusport.fr\/blog\/#organization\",\"name\":\"Dicodusport\",\"url\":\"https:\/\/dicodusport.fr\/blog\/\",\"logo\":{\"@type\":\"ImageObject\",\"inLanguage\":\"fr-FR\",\"@id\":\"https:\/\/dicodusport.fr\/blog\/#\/schema\/logo\/image\/\",\"url\":\"https:\/\/dicodusport.fr\/blog\/wp-content\/uploads\/2020\/06\/cropped-LOGO-DICODUSPORT-2020-SANS-FOND-SANS-TEXTE.png\",\"contentUrl\":\"https:\/\/dicodusport.fr\/blog\/wp-content\/uploads\/2020\/06\/cropped-LOGO-DICODUSPORT-2020-SANS-FOND-SANS-TEXTE.png\",\"width\":512,\"height\":512,\"caption\":\"Dicodusport\"},\"image\":{\"@id\":\"https:\/\/dicodusport.fr\/blog\/#\/schema\/logo\/image\/\"},\"sameAs\":[\"https:\/\/www.facebook.com\/dicodusport\",\"https:\/\/x.com\/dicodusport\",\"https:\/\/www.instagram.com\/dicodusport\/\",\"https:\/\/www.youtube.com\/channel\/UC7V2KZ5sd3htJivAbA4ZG3w\"],\"description\":\"Dicodusport est l'encyclop\u00e9die de l'actualit\u00e9 sportive.\",\"email\":\"bonjour@dicodusport.fr\",\"legalName\":\"DICODUSPORT\",\"foundingDate\":\"2018-01-14\",\"vatID\":\"FR71834470973\",\"taxID\":\"83447097300043\",\"numberOfEmployees\":{\"@type\":\"QuantitativeValue\",\"minValue\":\"1\",\"maxValue\":\"10\"}},{\"@type\":\"Person\",\"@id\":\"https:\/\/dicodusport.fr\/blog\/#\/schema\/person\/627966a6cde45dbd8c5e36ac85d783da\",\"name\":\"S\u00e9bastien Gente\",\"image\":{\"@type\":\"ImageObject\",\"inLanguage\":\"fr-FR\",\"@id\":\"https:\/\/dicodusport.fr\/blog\/#\/schema\/person\/image\/\",\"url\":\"https:\/\/dicodusport.fr\/blog\/wp-content\/uploads\/2021\/09\/1510990_10205810251400683_4124423575079401707_n-150x150.jpg\",\"contentUrl\":\"https:\/\/dicodusport.fr\/blog\/wp-content\/uploads\/2021\/09\/1510990_10205810251400683_4124423575079401707_n-150x150.jpg\",\"caption\":\"S\u00e9bastien Gente\"},\"description\":\"John Stockton, Gianni Bugno, Zinedine Zidane, Steffi Graf, Frode Andresen, St\u00e9phane Stoecklin, Davis Kamoga, Primoz Peterka, Werner Schlager et Aur\u00e9lien Rougerie. Point commun entre ces sportifs? Ils m'ont fait r\u00eaver et ont berc\u00e9 mon adolescence. Je suis un fondu de sports et j'essaie de retranscrire ma passion \u00e0 travers mes articles. Originaire du P\u00e9rigord, ma passion pour les Girondins, les Jaunards et les Jazzmen transpire dans mes \u00e9crits. \u00c0 Dicodusport depuis 2021, je d\u00e9niche les sports m\u00e9connus dans lesquels la France brille, et il y en a !\",\"sameAs\":[\"https:\/\/www.facebook.com\/sebastien.gente\/\",\"https:\/\/www.instagram.com\/sebgente\/\",\"https:\/\/www.linkedin.com\/in\/sbastien-gente-a29583169\/\",\"https:\/\/x.com\/https:\/\/twitter.com\/globulo24\",\"SebastienGente\"],\"worksFor\":\"S\u00e9bastien GENTE\",\"url\":\"https:\/\/dicodusport.fr\/blog\/author\/sebastiengente\/\"}]}<\/script>\n<!-- \/ Yoast SEO Premium plugin. -->","yoast_head_json":{"title":"Marielle Berger Sabbatel sauve la journ\u00e9e des Bleus du skicross avec un podium \u00e0 Val-Thorens","description":"COUPE DU MONDE DE SKICROSS 2025-2026 - Seule Bleue en finale, Marielle Berger Sabbatel a tenu son rang et s'offre une magnifique deuxi\u00e8me place.\u00a0","robots":{"index":"index","follow":"follow","max-snippet":"max-snippet:-1","max-image-preview":"max-image-preview:large","max-video-preview":"max-video-preview:-1"},"canonical":"https:\/\/dicodusport.fr\/blog\/marielle-berger-sabbatel-sauve-la-journee-des-bleus-du-skicross-avec-un-podium-a-val-thorens\/","og_locale":"fr_FR","og_type":"article","og_title":"Marielle Berger Sabbatel sauve la journ\u00e9e des Bleus du skicross avec un podium \u00e0 Val-Thorens","og_description":"COUPE DU MONDE DE SKICROSS 2025-2026 - Seule Bleue en finale, Marielle Berger Sabbatel a tenu son rang et s'offre une magnifique deuxi\u00e8me place.\u00a0","og_url":"https:\/\/dicodusport.fr\/blog\/marielle-berger-sabbatel-sauve-la-journee-des-bleus-du-skicross-avec-un-podium-a-val-thorens\/","og_site_name":"Dicodusport","article_publisher":"https:\/\/www.facebook.com\/dicodusport","article_author":"https:\/\/www.facebook.com\/sebastien.gente\/","article_published_time":"2025-12-12T13:02:06+00:00","og_image":[{"width":1200,"height":674,"url":"https:\/\/dicodusport.fr\/blog\/wp-content\/uploads\/2025\/12\/Marielle-Berger-Sabbatel-sauve-la-journee-des-Bleus-du-skicross-avec-un-podium-a-Val-Thorens.png","type":"image\/png"}],"author":"S\u00e9bastien Gente","twitter_card":"summary_large_image","twitter_title":"Marielle Berger Sabbatel sauve la journ\u00e9e des Bleus du skicross avec un podium \u00e0 Val-Thorens","twitter_creator":"@https:\/\/twitter.com\/globulo24","twitter_site":"@dicodusport","schema":{"@context":"https:\/\/schema.org","@graph":[{"@type":"NewsArticle","@id":"https:\/\/dicodusport.fr\/blog\/marielle-berger-sabbatel-sauve-la-journee-des-bleus-du-skicross-avec-un-podium-a-val-thorens\/#article","isPartOf":{"@id":"https:\/\/dicodusport.fr\/blog\/marielle-berger-sabbatel-sauve-la-journee-des-bleus-du-skicross-avec-un-podium-a-val-thorens\/"},"author":{"name":"S\u00e9bastien Gente","@id":"https:\/\/dicodusport.fr\/blog\/#\/schema\/person\/627966a6cde45dbd8c5e36ac85d783da"},"headline":"Marielle Berger Sabbatel sauve la journ\u00e9e des Bleus du skicross avec un podium \u00e0 Val-Thorens","datePublished":"2025-12-12T13:02:06+00:00","mainEntityOfPage":{"@id":"https:\/\/dicodusport.fr\/blog\/marielle-berger-sabbatel-sauve-la-journee-des-bleus-du-skicross-avec-un-podium-a-val-thorens\/"},"wordCount":596,"commentCount":0,"publisher":{"@id":"https:\/\/dicodusport.fr\/blog\/#organization"},"image":{"@id":"https:\/\/dicodusport.fr\/blog\/marielle-berger-sabbatel-sauve-la-journee-des-bleus-du-skicross-avec-un-podium-a-val-thorens\/#primaryimage"},"thumbnailUrl":"https:\/\/dicodusport.fr\/blog\/wp-content\/uploads\/2025\/12\/Marielle-Berger-Sabbatel-sauve-la-journee-des-Bleus-du-skicross-avec-un-podium-a-Val-Thorens.png","keywords":["br\u00e8ve","Coupe du monde de skicross","skicross","Val Thorens"],"articleSection":["Ski"],"inLanguage":"fr-FR","potentialAction":[{"@type":"CommentAction","name":"Comment","target":["https:\/\/dicodusport.fr\/blog\/marielle-berger-sabbatel-sauve-la-journee-des-bleus-du-skicross-avec-un-podium-a-val-thorens\/#respond"]}],"copyrightYear":"2025","copyrightHolder":{"@id":"https:\/\/dicodusport.fr\/blog\/#organization"}},{"@type":"WebPage","@id":"https:\/\/dicodusport.fr\/blog\/marielle-berger-sabbatel-sauve-la-journee-des-bleus-du-skicross-avec-un-podium-a-val-thorens\/","url":"https:\/\/dicodusport.fr\/blog\/marielle-berger-sabbatel-sauve-la-journee-des-bleus-du-skicross-avec-un-podium-a-val-thorens\/","name":"Marielle Berger Sabbatel sauve la journ\u00e9e des Bleus du skicross avec un podium \u00e0 Val-Thorens","isPartOf":{"@id":"https:\/\/dicodusport.fr\/blog\/#website"},"primaryImageOfPage":{"@id":"https:\/\/dicodusport.fr\/blog\/marielle-berger-sabbatel-sauve-la-journee-des-bleus-du-skicross-avec-un-podium-a-val-thorens\/#primaryimage"},"image":{"@id":"https:\/\/dicodusport.fr\/blog\/marielle-berger-sabbatel-sauve-la-journee-des-bleus-du-skicross-avec-un-podium-a-val-thorens\/#primaryimage"},"thumbnailUrl":"https:\/\/dicodusport.fr\/blog\/wp-content\/uploads\/2025\/12\/Marielle-Berger-Sabbatel-sauve-la-journee-des-Bleus-du-skicross-avec-un-podium-a-Val-Thorens.png","datePublished":"2025-12-12T13:02:06+00:00","description":"COUPE DU MONDE DE SKICROSS 2025-2026 - Seule Bleue en finale, Marielle Berger Sabbatel a tenu son rang et s'offre une magnifique deuxi\u00e8me place.\u00a0","breadcrumb":{"@id":"https:\/\/dicodusport.fr\/blog\/marielle-berger-sabbatel-sauve-la-journee-des-bleus-du-skicross-avec-un-podium-a-val-thorens\/#breadcrumb"},"inLanguage":"fr-FR","potentialAction":[{"@type":"ReadAction","target":["https:\/\/dicodusport.fr\/blog\/marielle-berger-sabbatel-sauve-la-journee-des-bleus-du-skicross-avec-un-podium-a-val-thorens\/"]}]},{"@type":"ImageObject","inLanguage":"fr-FR","@id":"https:\/\/dicodusport.fr\/blog\/marielle-berger-sabbatel-sauve-la-journee-des-bleus-du-skicross-avec-un-podium-a-val-thorens\/#primaryimage","url":"https:\/\/dicodusport.fr\/blog\/wp-content\/uploads\/2025\/12\/Marielle-Berger-Sabbatel-sauve-la-journee-des-Bleus-du-skicross-avec-un-podium-a-Val-Thorens.png","contentUrl":"https:\/\/dicodusport.fr\/blog\/wp-content\/uploads\/2025\/12\/Marielle-Berger-Sabbatel-sauve-la-journee-des-Bleus-du-skicross-avec-un-podium-a-Val-Thorens.png","width":1200,"height":674,"caption":"Marielle Berger Sabbatel sauve la journ\u00e9e des Bleus du skicross avec un podium \u00e0 Val-Thorens"},{"@type":"BreadcrumbList","@id":"https:\/\/dicodusport.fr\/blog\/marielle-berger-sabbatel-sauve-la-journee-des-bleus-du-skicross-avec-un-podium-a-val-thorens\/#breadcrumb","itemListElement":[{"@type":"ListItem","position":1,"name":"Accueil","item":"https:\/\/dicodusport.fr\/blog\/"},{"@type":"ListItem","position":2,"name":"Marielle Berger Sabbatel sauve la journ\u00e9e des Bleus du skicross avec un podium \u00e0 Val-Thorens"}]},{"@type":"WebSite","@id":"https:\/\/dicodusport.fr\/blog\/#website","url":"https:\/\/dicodusport.fr\/blog\/","name":"Dicodusport","description":"L&#039;encyclop\u00e9die de l&#039;actualit\u00e9 sportive","publisher":{"@id":"https:\/\/dicodusport.fr\/blog\/#organization"},"potentialAction":[{"@type":"SearchAction","target":{"@type":"EntryPoint","urlTemplate":"https:\/\/dicodusport.fr\/blog\/?s={search_term_string}"},"query-input":{"@type":"PropertyValueSpecification","valueRequired":true,"valueName":"search_term_string"}}],"inLanguage":"fr-FR"},{"@type":"NewsMediaOrganization","@id":"https:\/\/dicodusport.fr\/blog\/#organization","name":"Dicodusport","url":"https:\/\/dicodusport.fr\/blog\/","logo":{"@type":"ImageObject","inLanguage":"fr-FR","@id":"https:\/\/dicodusport.fr\/blog\/#\/schema\/logo\/image\/","url":"https:\/\/dicodusport.fr\/blog\/wp-content\/uploads\/2020\/06\/cropped-LOGO-DICODUSPORT-2020-SANS-FOND-SANS-TEXTE.png","contentUrl":"https:\/\/dicodusport.fr\/blog\/wp-content\/uploads\/2020\/06\/cropped-LOGO-DICODUSPORT-2020-SANS-FOND-SANS-TEXTE.png","width":512,"height":512,"caption":"Dicodusport"},"image":{"@id":"https:\/\/dicodusport.fr\/blog\/#\/schema\/logo\/image\/"},"sameAs":["https:\/\/www.facebook.com\/dicodusport","https:\/\/x.com\/dicodusport","https:\/\/www.instagram.com\/dicodusport\/","https:\/\/www.youtube.com\/channel\/UC7V2KZ5sd3htJivAbA4ZG3w"],"description":"Dicodusport est l'encyclop\u00e9die de l'actualit\u00e9 sportive.","email":"bonjour@dicodusport.fr","legalName":"DICODUSPORT","foundingDate":"2018-01-14","vatID":"FR71834470973","taxID":"83447097300043","numberOfEmployees":{"@type":"QuantitativeValue","minValue":"1","maxValue":"10"}},{"@type":"Person","@id":"https:\/\/dicodusport.fr\/blog\/#\/schema\/person\/627966a6cde45dbd8c5e36ac85d783da","name":"S\u00e9bastien Gente","image":{"@type":"ImageObject","inLanguage":"fr-FR","@id":"https:\/\/dicodusport.fr\/blog\/#\/schema\/person\/image\/","url":"https:\/\/dicodusport.fr\/blog\/wp-content\/uploads\/2021\/09\/1510990_10205810251400683_4124423575079401707_n-150x150.jpg","contentUrl":"https:\/\/dicodusport.fr\/blog\/wp-content\/uploads\/2021\/09\/1510990_10205810251400683_4124423575079401707_n-150x150.jpg","caption":"S\u00e9bastien Gente"},"description":"John Stockton, Gianni Bugno, Zinedine Zidane, Steffi Graf, Frode Andresen, St\u00e9phane Stoecklin, Davis Kamoga, Primoz Peterka, Werner Schlager et Aur\u00e9lien Rougerie. Point commun entre ces sportifs? Ils m'ont fait r\u00eaver et ont berc\u00e9 mon adolescence. Je suis un fondu de sports et j'essaie de retranscrire ma passion \u00e0 travers mes articles. Originaire du P\u00e9rigord, ma passion pour les Girondins, les Jaunards et les Jazzmen transpire dans mes \u00e9crits. \u00c0 Dicodusport depuis 2021, je d\u00e9niche les sports m\u00e9connus dans lesquels la France brille, et il y en a !","sameAs":["https:\/\/www.facebook.com\/sebastien.gente\/","https:\/\/www.instagram.com\/sebgente\/","https:\/\/www.linkedin.com\/in\/sbastien-gente-a29583169\/","https:\/\/x.com\/https:\/\/twitter.com\/globulo24","SebastienGente"],"worksFor":"S\u00e9bastien GENTE","url":"https:\/\/dicodusport.fr\/blog\/author\/sebastiengente\/"}]}},"_links":{"self":[{"href":"https:\/\/dicodusport.fr\/blog\/wp-json\/wp\/v2\/posts\/631804","targetHints":{"allow":["GET"]}}],"collection":[{"href":"https:\/\/dicodusport.fr\/blog\/wp-json\/wp\/v2\/posts"}],"about":[{"href":"https:\/\/dicodusport.fr\/blog\/wp-json\/wp\/v2\/types\/post"}],"author":[{"embeddable":true,"href":"https:\/\/dicodusport.fr\/blog\/wp-json\/wp\/v2\/users\/59"}],"replies":[{"embeddable":true,"href":"https:\/\/dicodusport.fr\/blog\/wp-json\/wp\/v2\/comments?post=631804"}],"version-history":[{"count":1,"href":"https:\/\/dicodusport.fr\/blog\/wp-json\/wp\/v2\/posts\/631804\/revisions"}],"predecessor-version":[{"id":631826,"href":"https:\/\/dicodusport.fr\/blog\/wp-json\/wp\/v2\/posts\/631804\/revisions\/631826"}],"wp:featuredmedia":[{"embeddable":true,"href":"https:\/\/dicodusport.fr\/blog\/wp-json\/wp\/v2\/media\/631825"}],"wp:attachment":[{"href":"https:\/\/dicodusport.fr\/blog\/wp-json\/wp\/v2\/media?parent=631804"}],"wp:term":[{"taxonomy":"category","embeddable":true,"href":"https:\/\/dicodusport.fr\/blog\/wp-json\/wp\/v2\/categories?post=631804"},{"taxonomy":"post_tag","embeddable":true,"href":"https:\/\/dicodusport.fr\/blog\/wp-json\/wp\/v2\/tags?post=631804"}],"curies":[{"name":"wp","href":"https:\/\/api.w.org\/{rel}","templated":true}]}}