{"id":631998,"date":"2025-12-13T11:56:16","date_gmt":"2025-12-13T10:56:16","guid":{"rendered":"https:\/\/dicodusport.fr\/blog\/?p=631998&#038;preview=true&#038;preview_id=631998"},"modified":"2025-12-13T12:19:04","modified_gmt":"2025-12-13T11:19:04","slug":"emma-aicher-devance-lindsey-vonn-lors-de-la-seconde-descente-de-saint-moritz","status":"publish","type":"post","link":"https:\/\/dicodusport.fr\/blog\/emma-aicher-devance-lindsey-vonn-lors-de-la-seconde-descente-de-saint-moritz\/","title":{"rendered":"Emma Aicher devance Lindsey Vonn lors de la seconde descente de Saint-Moritz"},"content":{"rendered":"<p style=\"text-align: justify;\"><strong><em>COUPE DU MONDE DE SKI ALPIN 2025-2026 &#8211; Emma Aicher est cette fois all\u00e9e plus vite que Lindsey Vonn, victorieuse de la premi\u00e8re descente, ici \u00e0 Saint-Moritz.<\/em><\/strong><\/p>\n<ul>\n<li style=\"text-align: justify;\"><strong>\u00c0 ce sujet &#8211; <a href=\"https:\/\/dicodusport.fr\/blog\/classement-et-resultats-descente-femmes-saint-moritz-2025-13-decembre-2025\/\">Classement et r\u00e9sultats Descente femmes Saint-Moritz 2025 (13 d\u00e9cembre 2025)<\/a><\/strong><\/li>\n<\/ul>\n<p style=\"text-align: justify;\">Cette fois, la jeunesse a prim\u00e9 sur l\u2019exp\u00e9rience. Cela devait arriver lorsque <strong>Lindsey Vonn<\/strong> a repris le chemin de la comp\u00e9tition : l\u2019Am\u00e9ricaine a \u00e9t\u00e9 battue par une skieuse qui n\u2019\u00e9tait pas n\u00e9e lorsqu\u2019elle a d\u00e9but\u00e9 en Coupe du monde. Cinqui\u00e8me vendredi, <strong>Emma Aicher<\/strong> a \u00e9t\u00e9 plus juste que la revenante de 41 ans. L\u2019Allemande remporte la descente de Saint-Moritz avec <strong>24 centi\u00e8mes d\u2019avance<\/strong> sur <strong>Vonn<\/strong>. Malgr\u00e9 de nombreuses erreurs de lignes, <strong>Sofia Goggia<\/strong> monte sur la bo\u00eete sous le soleil suisse (+0.29).<\/p>\n<blockquote class=\"twitter-tweet\">\n<p dir=\"ltr\" lang=\"fr\">Lindsey Vonn confirme : elle n&rsquo;est pas revenue pour plaisanter <a href=\"https:\/\/twitter.com\/hashtag\/ChaletClub?src=hash&amp;ref_src=twsrc%5Etfw\">#ChaletClub<\/a> <a href=\"https:\/\/t.co\/uHH2Xlxtth\">pic.twitter.com\/uHH2Xlxtth<\/a><\/p>\n<p>\u2014 Eurosport France (@Eurosport_FR) <a href=\"https:\/\/twitter.com\/Eurosport_FR\/status\/1999793036578943463?ref_src=twsrc%5Etfw\">December 13, 2025<\/a><\/p><\/blockquote>\n<p><script async src=\"https:\/\/platform.twitter.com\/widgets.js\" charset=\"utf-8\"><\/script><\/p>\n<h2 style=\"text-align: justify;\">Aicher a fait le mur id\u00e9al<\/h2>\n<p style=\"text-align: justify;\"><strong>Emma Aicher<\/strong> a sans doute gagn\u00e9 cette course dans les parties les plus raides. Directe, bien sur la ligne, elle a su se montrer solide pour conserver sa vitesse et gratter quelques pr\u00e9cieux centi\u00e8mes. Juste derri\u00e8re la skieuse la plus polyvalente du circuit, <strong>Lindsey Vonn<\/strong> et <strong>Sofia Goggia<\/strong> ont fait jeu \u00e9gal tout au long au niveau du chrono. La Transalpine a toutefois commis plusieurs fautes, ce qui l\u2019a \u00e9loign\u00e9e de la premi\u00e8re place. Cinq centi\u00e8mes seulement s\u00e9parent finalement les deux grandes descendeuses.<\/p>\n<ul>\n<li style=\"text-align: justify;\"><strong>\u00c0 ce sujet \u2013\u00a0<a href=\"https:\/\/dicodusport.fr\/blog\/ski-alpin-coupe-du-monde-2025-2026-le-calendrier-complet\/\">Ski alpin Coupe du monde 2025-2026 \u2013 Le calendrier complet<\/a><\/strong><\/li>\n<\/ul>\n<p style=\"text-align: justify;\"><strong>Breezy Johnson<\/strong> fut la seule \u00e0 v\u00e9ritablement concurrencer ce trio. Elle a finalement \u00e9chou\u00e9 au pied du podium : la double championne du monde de Saalbach est rest\u00e9e \u00e0 quatre dixi\u00e8mes de la victoire. Surprenante deuxi\u00e8me de la premi\u00e8re descente, <strong>Magdalena Egger<\/strong> termine cette fois \u00e0 la septi\u00e8me place.<\/p>\n<p style=\"text-align: justify;\">Concernant l\u2019\u00e9quipe de France, <strong>Romane Miradoli<\/strong> n\u2019a pas fait mieux que lors de sa descente de vendredi. Gr\u00e2ce \u00e0 sa sixi\u00e8me place acquise la veille, la skieuse de Flaine est entr\u00e9e dans le top 20 mondial. Ce samedi, il y a eu beaucoup de belles choses, mais une faute dans le d\u00e9vers lui a fait perdre la ligne, de la vitesse et de pr\u00e9cieux dixi\u00e8mes. Elle se classe finalement <strong>15\u00e8me<\/strong>. <strong>Laura Gauch\u00e9<\/strong> a, de son c\u00f4t\u00e9, l\u00e2ch\u00e9 un peu trop de temps en haut, sur le plat, pour obtenir une place plus int\u00e9ressante. Avec une <strong>26\u00e8me position<\/strong>, le super-G dominical devrait mieux lui convenir.<\/p>\n<p><strong>Camille Cerutti\u00a0<\/strong>a \u00e9t\u00e9 excellente dans le mur avec le 3e temps de la journ\u00e9e mais les plats n&rsquo;ont pas \u00e9t\u00e9 au m\u00eame niveau. Il y a des points au final, avec cette\u00a0<strong>29\u00e8me position. <\/strong><strong>Karen Cl\u00e9ment\u00a0<\/strong>a \u00e9t\u00e9 tr\u00e8s gentille dans son engagement et s&rsquo;est retrouv\u00e9e \u00e0 pr\u00e8s de deux secondes des points.<\/p>\n<ul>\n<li style=\"text-align: justify;\"><strong>\u00c0 ce sujet \u2013\u00a0<a href=\"https:\/\/dicodusport.fr\/blog\/ski-alpin-coupe-du-monde-classement-general-femmes-actualise\/\">Ski alpin Coupe du monde : Classement g\u00e9n\u00e9ral femmes actualis\u00e9<\/a><\/strong><\/li>\n<\/ul>\n","protected":false},"excerpt":{"rendered":"<p>Emma Aicher est cette fois all\u00e9e plus vite que Lindsey Vonn, victorieuse de la premi\u00e8re descente, ici, \u00e0 Saint-Moritz.<\/p>\n","protected":false},"author":61,"featured_media":632030,"comment_status":"open","ping_status":"closed","sticky":false,"template":"","format":"standard","meta":{"_acf_changed":false,"_daextam_enable_autolinks":"1","footnotes":""},"categories":[47084],"tags":[32415,16878,12586,7161,2233],"class_list":["post-631998","post","type-post","status-publish","format-standard","has-post-thumbnail","hentry","category-coupe-du-monde-ski-alpin","tag-actu","tag-breve","tag-coupe-du-monde-de-ski-alpin","tag-descente","tag-ski-alpin"],"acf":[],"yoast_head":"<!-- This site is optimized with the Yoast SEO Premium plugin v26.7 (Yoast SEO v26.7) - https:\/\/yoast.com\/wordpress\/plugins\/seo\/ -->\n<title>Emma Aicher devance Lindsey Vonn lors de la seconde descente de Saint-Moritz<\/title>\n<meta name=\"description\" content=\"Emma Aicher est cette fois all\u00e9e plus vite que Lindsey Vonn, victorieuse de la premi\u00e8re descente, ici, \u00e0 Saint-Moritz.\" \/>\n<meta name=\"robots\" content=\"index, follow, max-snippet:-1, max-image-preview:large, max-video-preview:-1\" \/>\n<link rel=\"canonical\" href=\"https:\/\/dicodusport.fr\/blog\/emma-aicher-devance-lindsey-vonn-lors-de-la-seconde-descente-de-saint-moritz\/\" \/>\n<meta property=\"og:locale\" content=\"fr_FR\" \/>\n<meta property=\"og:type\" content=\"article\" \/>\n<meta property=\"og:title\" content=\"Emma Aicher devance Lindsey Vonn lors de la seconde descente de Saint-Moritz\" \/>\n<meta property=\"og:description\" content=\"Emma Aicher est cette fois all\u00e9e plus vite que Lindsey Vonn, victorieuse de la premi\u00e8re descente, ici, \u00e0 Saint-Moritz.\" \/>\n<meta property=\"og:url\" content=\"https:\/\/dicodusport.fr\/blog\/emma-aicher-devance-lindsey-vonn-lors-de-la-seconde-descente-de-saint-moritz\/\" \/>\n<meta property=\"og:site_name\" content=\"Dicodusport\" \/>\n<meta property=\"article:publisher\" content=\"https:\/\/www.facebook.com\/dicodusport\" \/>\n<meta property=\"article:published_time\" content=\"2025-12-13T10:56:16+00:00\" \/>\n<meta property=\"article:modified_time\" content=\"2025-12-13T11:19:04+00:00\" \/>\n<meta property=\"og:image\" content=\"https:\/\/dicodusport.fr\/blog\/wp-content\/uploads\/2025\/12\/Emma-Aicher-devance-Lindsey-Vonn-lors-de-la-seconde-descente-de-Saint-Moritz.png\" \/>\n\t<meta property=\"og:image:width\" content=\"1200\" \/>\n\t<meta property=\"og:image:height\" content=\"674\" \/>\n\t<meta property=\"og:image:type\" content=\"image\/png\" \/>\n<meta name=\"author\" content=\"Pierre Gorce\" \/>\n<meta name=\"twitter:card\" content=\"summary_large_image\" \/>\n<meta name=\"twitter:title\" content=\"Emma Aicher devance Lindsey Vonn lors de la seconde descente de Saint-Moritz\" \/>\n<meta name=\"twitter:creator\" content=\"@https:\/\/twitter.com\/pierregorce12\" \/>\n<meta name=\"twitter:site\" content=\"@dicodusport\" \/>\n<script type=\"application\/ld+json\" class=\"yoast-schema-graph\">{\"@context\":\"https:\/\/schema.org\",\"@graph\":[{\"@type\":\"NewsArticle\",\"@id\":\"https:\/\/dicodusport.fr\/blog\/emma-aicher-devance-lindsey-vonn-lors-de-la-seconde-descente-de-saint-moritz\/#article\",\"isPartOf\":{\"@id\":\"https:\/\/dicodusport.fr\/blog\/emma-aicher-devance-lindsey-vonn-lors-de-la-seconde-descente-de-saint-moritz\/\"},\"author\":{\"name\":\"Pierre Gorce\",\"@id\":\"https:\/\/dicodusport.fr\/blog\/#\/schema\/person\/0eaf70b33d703a1a66b1155ac1bda018\"},\"headline\":\"Emma Aicher devance Lindsey Vonn lors de la seconde descente de Saint-Moritz\",\"datePublished\":\"2025-12-13T10:56:16+00:00\",\"dateModified\":\"2025-12-13T11:19:04+00:00\",\"mainEntityOfPage\":{\"@id\":\"https:\/\/dicodusport.fr\/blog\/emma-aicher-devance-lindsey-vonn-lors-de-la-seconde-descente-de-saint-moritz\/\"},\"wordCount\":513,\"commentCount\":0,\"publisher\":{\"@id\":\"https:\/\/dicodusport.fr\/blog\/#organization\"},\"image\":{\"@id\":\"https:\/\/dicodusport.fr\/blog\/emma-aicher-devance-lindsey-vonn-lors-de-la-seconde-descente-de-saint-moritz\/#primaryimage\"},\"thumbnailUrl\":\"https:\/\/dicodusport.fr\/blog\/wp-content\/uploads\/2025\/12\/Emma-Aicher-devance-Lindsey-Vonn-lors-de-la-seconde-descente-de-Saint-Moritz.png\",\"keywords\":[\"actu\",\"br\u00e8ve\",\"Coupe du monde de ski alpin\",\"Descente\",\"Ski alpin\"],\"articleSection\":[\"Coupe du monde de ski alpin\"],\"inLanguage\":\"fr-FR\",\"potentialAction\":[{\"@type\":\"CommentAction\",\"name\":\"Comment\",\"target\":[\"https:\/\/dicodusport.fr\/blog\/emma-aicher-devance-lindsey-vonn-lors-de-la-seconde-descente-de-saint-moritz\/#respond\"]}],\"copyrightYear\":\"2025\",\"copyrightHolder\":{\"@id\":\"https:\/\/dicodusport.fr\/blog\/#organization\"}},{\"@type\":\"WebPage\",\"@id\":\"https:\/\/dicodusport.fr\/blog\/emma-aicher-devance-lindsey-vonn-lors-de-la-seconde-descente-de-saint-moritz\/\",\"url\":\"https:\/\/dicodusport.fr\/blog\/emma-aicher-devance-lindsey-vonn-lors-de-la-seconde-descente-de-saint-moritz\/\",\"name\":\"Emma Aicher devance Lindsey Vonn lors de la seconde descente de Saint-Moritz\",\"isPartOf\":{\"@id\":\"https:\/\/dicodusport.fr\/blog\/#website\"},\"primaryImageOfPage\":{\"@id\":\"https:\/\/dicodusport.fr\/blog\/emma-aicher-devance-lindsey-vonn-lors-de-la-seconde-descente-de-saint-moritz\/#primaryimage\"},\"image\":{\"@id\":\"https:\/\/dicodusport.fr\/blog\/emma-aicher-devance-lindsey-vonn-lors-de-la-seconde-descente-de-saint-moritz\/#primaryimage\"},\"thumbnailUrl\":\"https:\/\/dicodusport.fr\/blog\/wp-content\/uploads\/2025\/12\/Emma-Aicher-devance-Lindsey-Vonn-lors-de-la-seconde-descente-de-Saint-Moritz.png\",\"datePublished\":\"2025-12-13T10:56:16+00:00\",\"dateModified\":\"2025-12-13T11:19:04+00:00\",\"description\":\"Emma Aicher est cette fois all\u00e9e plus vite que Lindsey Vonn, victorieuse de la premi\u00e8re descente, ici, \u00e0 Saint-Moritz.\",\"breadcrumb\":{\"@id\":\"https:\/\/dicodusport.fr\/blog\/emma-aicher-devance-lindsey-vonn-lors-de-la-seconde-descente-de-saint-moritz\/#breadcrumb\"},\"inLanguage\":\"fr-FR\",\"potentialAction\":[{\"@type\":\"ReadAction\",\"target\":[\"https:\/\/dicodusport.fr\/blog\/emma-aicher-devance-lindsey-vonn-lors-de-la-seconde-descente-de-saint-moritz\/\"]}]},{\"@type\":\"ImageObject\",\"inLanguage\":\"fr-FR\",\"@id\":\"https:\/\/dicodusport.fr\/blog\/emma-aicher-devance-lindsey-vonn-lors-de-la-seconde-descente-de-saint-moritz\/#primaryimage\",\"url\":\"https:\/\/dicodusport.fr\/blog\/wp-content\/uploads\/2025\/12\/Emma-Aicher-devance-Lindsey-Vonn-lors-de-la-seconde-descente-de-Saint-Moritz.png\",\"contentUrl\":\"https:\/\/dicodusport.fr\/blog\/wp-content\/uploads\/2025\/12\/Emma-Aicher-devance-Lindsey-Vonn-lors-de-la-seconde-descente-de-Saint-Moritz.png\",\"width\":1200,\"height\":674,\"caption\":\"Emma Aicher survole le premier Super-G de Soldeu, d\u00e9ception pour Romane Miradoli\"},{\"@type\":\"BreadcrumbList\",\"@id\":\"https:\/\/dicodusport.fr\/blog\/emma-aicher-devance-lindsey-vonn-lors-de-la-seconde-descente-de-saint-moritz\/#breadcrumb\",\"itemListElement\":[{\"@type\":\"ListItem\",\"position\":1,\"name\":\"Accueil\",\"item\":\"https:\/\/dicodusport.fr\/blog\/\"},{\"@type\":\"ListItem\",\"position\":2,\"name\":\"Emma Aicher devance Lindsey Vonn lors de la seconde descente de Saint-Moritz\"}]},{\"@type\":\"WebSite\",\"@id\":\"https:\/\/dicodusport.fr\/blog\/#website\",\"url\":\"https:\/\/dicodusport.fr\/blog\/\",\"name\":\"Dicodusport\",\"description\":\"L&#039;encyclop\u00e9die de l&#039;actualit\u00e9 sportive\",\"publisher\":{\"@id\":\"https:\/\/dicodusport.fr\/blog\/#organization\"},\"potentialAction\":[{\"@type\":\"SearchAction\",\"target\":{\"@type\":\"EntryPoint\",\"urlTemplate\":\"https:\/\/dicodusport.fr\/blog\/?s={search_term_string}\"},\"query-input\":{\"@type\":\"PropertyValueSpecification\",\"valueRequired\":true,\"valueName\":\"search_term_string\"}}],\"inLanguage\":\"fr-FR\"},{\"@type\":\"NewsMediaOrganization\",\"@id\":\"https:\/\/dicodusport.fr\/blog\/#organization\",\"name\":\"Dicodusport\",\"url\":\"https:\/\/dicodusport.fr\/blog\/\",\"logo\":{\"@type\":\"ImageObject\",\"inLanguage\":\"fr-FR\",\"@id\":\"https:\/\/dicodusport.fr\/blog\/#\/schema\/logo\/image\/\",\"url\":\"https:\/\/dicodusport.fr\/blog\/wp-content\/uploads\/2020\/06\/cropped-LOGO-DICODUSPORT-2020-SANS-FOND-SANS-TEXTE.png\",\"contentUrl\":\"https:\/\/dicodusport.fr\/blog\/wp-content\/uploads\/2020\/06\/cropped-LOGO-DICODUSPORT-2020-SANS-FOND-SANS-TEXTE.png\",\"width\":512,\"height\":512,\"caption\":\"Dicodusport\"},\"image\":{\"@id\":\"https:\/\/dicodusport.fr\/blog\/#\/schema\/logo\/image\/\"},\"sameAs\":[\"https:\/\/www.facebook.com\/dicodusport\",\"https:\/\/x.com\/dicodusport\",\"https:\/\/www.instagram.com\/dicodusport\/\",\"https:\/\/www.youtube.com\/channel\/UC7V2KZ5sd3htJivAbA4ZG3w\"],\"description\":\"Dicodusport est l'encyclop\u00e9die de l'actualit\u00e9 sportive.\",\"email\":\"bonjour@dicodusport.fr\",\"legalName\":\"DICODUSPORT\",\"foundingDate\":\"2018-01-14\",\"vatID\":\"FR71834470973\",\"taxID\":\"83447097300043\",\"numberOfEmployees\":{\"@type\":\"QuantitativeValue\",\"minValue\":\"1\",\"maxValue\":\"10\"}},{\"@type\":\"Person\",\"@id\":\"https:\/\/dicodusport.fr\/blog\/#\/schema\/person\/0eaf70b33d703a1a66b1155ac1bda018\",\"name\":\"Pierre Gorce\",\"image\":{\"@type\":\"ImageObject\",\"inLanguage\":\"fr-FR\",\"@id\":\"https:\/\/dicodusport.fr\/blog\/#\/schema\/person\/image\/\",\"url\":\"https:\/\/dicodusport.fr\/blog\/wp-content\/uploads\/2022\/03\/IMG_20211214_233053_722-150x150.jpg\",\"contentUrl\":\"https:\/\/dicodusport.fr\/blog\/wp-content\/uploads\/2022\/03\/IMG_20211214_233053_722-150x150.jpg\",\"caption\":\"Pierre Gorce\"},\"description\":\"Couteau suisse venant tout droit de Haute-Savoie. Habitu\u00e9 \u00e0 regarder du sport depuis petit, j'en ai maintenant fait mon m\u00e9tier. Des sports d'hiver au surf, en passant par le tennis, la F1, le handball et l'athl\u00e9tisme, j'essaie d'avoir mes yeux sur l'enti\u00e8ret\u00e9 de l'actualit\u00e9. Jeune homme berc\u00e9 par les exploits de Jean-Baptiste Grange, Sebastian Vettel et des Experts. Membre de la g\u00e9n\u00e9ration 1999 comme Luka Doncic, Sydney McLaughlin, Lando Norris et Loana Lecomte, mais avec beaucoup moins de talent qu'eux.\",\"sameAs\":[\"https:\/\/x.com\/https:\/\/twitter.com\/pierregorce12\"],\"birthDate\":\"1999-08-29\",\"url\":\"https:\/\/dicodusport.fr\/blog\/author\/pierreg\/\"}]}<\/script>\n<!-- \/ Yoast SEO Premium plugin. -->","yoast_head_json":{"title":"Emma Aicher devance Lindsey Vonn lors de la seconde descente de Saint-Moritz","description":"Emma Aicher est cette fois all\u00e9e plus vite que Lindsey Vonn, victorieuse de la premi\u00e8re descente, ici, \u00e0 Saint-Moritz.","robots":{"index":"index","follow":"follow","max-snippet":"max-snippet:-1","max-image-preview":"max-image-preview:large","max-video-preview":"max-video-preview:-1"},"canonical":"https:\/\/dicodusport.fr\/blog\/emma-aicher-devance-lindsey-vonn-lors-de-la-seconde-descente-de-saint-moritz\/","og_locale":"fr_FR","og_type":"article","og_title":"Emma Aicher devance Lindsey Vonn lors de la seconde descente de Saint-Moritz","og_description":"Emma Aicher est cette fois all\u00e9e plus vite que Lindsey Vonn, victorieuse de la premi\u00e8re descente, ici, \u00e0 Saint-Moritz.","og_url":"https:\/\/dicodusport.fr\/blog\/emma-aicher-devance-lindsey-vonn-lors-de-la-seconde-descente-de-saint-moritz\/","og_site_name":"Dicodusport","article_publisher":"https:\/\/www.facebook.com\/dicodusport","article_published_time":"2025-12-13T10:56:16+00:00","article_modified_time":"2025-12-13T11:19:04+00:00","og_image":[{"width":1200,"height":674,"url":"https:\/\/dicodusport.fr\/blog\/wp-content\/uploads\/2025\/12\/Emma-Aicher-devance-Lindsey-Vonn-lors-de-la-seconde-descente-de-Saint-Moritz.png","type":"image\/png"}],"author":"Pierre Gorce","twitter_card":"summary_large_image","twitter_title":"Emma Aicher devance Lindsey Vonn lors de la seconde descente de Saint-Moritz","twitter_creator":"@https:\/\/twitter.com\/pierregorce12","twitter_site":"@dicodusport","schema":{"@context":"https:\/\/schema.org","@graph":[{"@type":"NewsArticle","@id":"https:\/\/dicodusport.fr\/blog\/emma-aicher-devance-lindsey-vonn-lors-de-la-seconde-descente-de-saint-moritz\/#article","isPartOf":{"@id":"https:\/\/dicodusport.fr\/blog\/emma-aicher-devance-lindsey-vonn-lors-de-la-seconde-descente-de-saint-moritz\/"},"author":{"name":"Pierre Gorce","@id":"https:\/\/dicodusport.fr\/blog\/#\/schema\/person\/0eaf70b33d703a1a66b1155ac1bda018"},"headline":"Emma Aicher devance Lindsey Vonn lors de la seconde descente de Saint-Moritz","datePublished":"2025-12-13T10:56:16+00:00","dateModified":"2025-12-13T11:19:04+00:00","mainEntityOfPage":{"@id":"https:\/\/dicodusport.fr\/blog\/emma-aicher-devance-lindsey-vonn-lors-de-la-seconde-descente-de-saint-moritz\/"},"wordCount":513,"commentCount":0,"publisher":{"@id":"https:\/\/dicodusport.fr\/blog\/#organization"},"image":{"@id":"https:\/\/dicodusport.fr\/blog\/emma-aicher-devance-lindsey-vonn-lors-de-la-seconde-descente-de-saint-moritz\/#primaryimage"},"thumbnailUrl":"https:\/\/dicodusport.fr\/blog\/wp-content\/uploads\/2025\/12\/Emma-Aicher-devance-Lindsey-Vonn-lors-de-la-seconde-descente-de-Saint-Moritz.png","keywords":["actu","br\u00e8ve","Coupe du monde de ski alpin","Descente","Ski alpin"],"articleSection":["Coupe du monde de ski alpin"],"inLanguage":"fr-FR","potentialAction":[{"@type":"CommentAction","name":"Comment","target":["https:\/\/dicodusport.fr\/blog\/emma-aicher-devance-lindsey-vonn-lors-de-la-seconde-descente-de-saint-moritz\/#respond"]}],"copyrightYear":"2025","copyrightHolder":{"@id":"https:\/\/dicodusport.fr\/blog\/#organization"}},{"@type":"WebPage","@id":"https:\/\/dicodusport.fr\/blog\/emma-aicher-devance-lindsey-vonn-lors-de-la-seconde-descente-de-saint-moritz\/","url":"https:\/\/dicodusport.fr\/blog\/emma-aicher-devance-lindsey-vonn-lors-de-la-seconde-descente-de-saint-moritz\/","name":"Emma Aicher devance Lindsey Vonn lors de la seconde descente de Saint-Moritz","isPartOf":{"@id":"https:\/\/dicodusport.fr\/blog\/#website"},"primaryImageOfPage":{"@id":"https:\/\/dicodusport.fr\/blog\/emma-aicher-devance-lindsey-vonn-lors-de-la-seconde-descente-de-saint-moritz\/#primaryimage"},"image":{"@id":"https:\/\/dicodusport.fr\/blog\/emma-aicher-devance-lindsey-vonn-lors-de-la-seconde-descente-de-saint-moritz\/#primaryimage"},"thumbnailUrl":"https:\/\/dicodusport.fr\/blog\/wp-content\/uploads\/2025\/12\/Emma-Aicher-devance-Lindsey-Vonn-lors-de-la-seconde-descente-de-Saint-Moritz.png","datePublished":"2025-12-13T10:56:16+00:00","dateModified":"2025-12-13T11:19:04+00:00","description":"Emma Aicher est cette fois all\u00e9e plus vite que Lindsey Vonn, victorieuse de la premi\u00e8re descente, ici, \u00e0 Saint-Moritz.","breadcrumb":{"@id":"https:\/\/dicodusport.fr\/blog\/emma-aicher-devance-lindsey-vonn-lors-de-la-seconde-descente-de-saint-moritz\/#breadcrumb"},"inLanguage":"fr-FR","potentialAction":[{"@type":"ReadAction","target":["https:\/\/dicodusport.fr\/blog\/emma-aicher-devance-lindsey-vonn-lors-de-la-seconde-descente-de-saint-moritz\/"]}]},{"@type":"ImageObject","inLanguage":"fr-FR","@id":"https:\/\/dicodusport.fr\/blog\/emma-aicher-devance-lindsey-vonn-lors-de-la-seconde-descente-de-saint-moritz\/#primaryimage","url":"https:\/\/dicodusport.fr\/blog\/wp-content\/uploads\/2025\/12\/Emma-Aicher-devance-Lindsey-Vonn-lors-de-la-seconde-descente-de-Saint-Moritz.png","contentUrl":"https:\/\/dicodusport.fr\/blog\/wp-content\/uploads\/2025\/12\/Emma-Aicher-devance-Lindsey-Vonn-lors-de-la-seconde-descente-de-Saint-Moritz.png","width":1200,"height":674,"caption":"Emma Aicher survole le premier Super-G de Soldeu, d\u00e9ception pour Romane Miradoli"},{"@type":"BreadcrumbList","@id":"https:\/\/dicodusport.fr\/blog\/emma-aicher-devance-lindsey-vonn-lors-de-la-seconde-descente-de-saint-moritz\/#breadcrumb","itemListElement":[{"@type":"ListItem","position":1,"name":"Accueil","item":"https:\/\/dicodusport.fr\/blog\/"},{"@type":"ListItem","position":2,"name":"Emma Aicher devance Lindsey Vonn lors de la seconde descente de Saint-Moritz"}]},{"@type":"WebSite","@id":"https:\/\/dicodusport.fr\/blog\/#website","url":"https:\/\/dicodusport.fr\/blog\/","name":"Dicodusport","description":"L&#039;encyclop\u00e9die de l&#039;actualit\u00e9 sportive","publisher":{"@id":"https:\/\/dicodusport.fr\/blog\/#organization"},"potentialAction":[{"@type":"SearchAction","target":{"@type":"EntryPoint","urlTemplate":"https:\/\/dicodusport.fr\/blog\/?s={search_term_string}"},"query-input":{"@type":"PropertyValueSpecification","valueRequired":true,"valueName":"search_term_string"}}],"inLanguage":"fr-FR"},{"@type":"NewsMediaOrganization","@id":"https:\/\/dicodusport.fr\/blog\/#organization","name":"Dicodusport","url":"https:\/\/dicodusport.fr\/blog\/","logo":{"@type":"ImageObject","inLanguage":"fr-FR","@id":"https:\/\/dicodusport.fr\/blog\/#\/schema\/logo\/image\/","url":"https:\/\/dicodusport.fr\/blog\/wp-content\/uploads\/2020\/06\/cropped-LOGO-DICODUSPORT-2020-SANS-FOND-SANS-TEXTE.png","contentUrl":"https:\/\/dicodusport.fr\/blog\/wp-content\/uploads\/2020\/06\/cropped-LOGO-DICODUSPORT-2020-SANS-FOND-SANS-TEXTE.png","width":512,"height":512,"caption":"Dicodusport"},"image":{"@id":"https:\/\/dicodusport.fr\/blog\/#\/schema\/logo\/image\/"},"sameAs":["https:\/\/www.facebook.com\/dicodusport","https:\/\/x.com\/dicodusport","https:\/\/www.instagram.com\/dicodusport\/","https:\/\/www.youtube.com\/channel\/UC7V2KZ5sd3htJivAbA4ZG3w"],"description":"Dicodusport est l'encyclop\u00e9die de l'actualit\u00e9 sportive.","email":"bonjour@dicodusport.fr","legalName":"DICODUSPORT","foundingDate":"2018-01-14","vatID":"FR71834470973","taxID":"83447097300043","numberOfEmployees":{"@type":"QuantitativeValue","minValue":"1","maxValue":"10"}},{"@type":"Person","@id":"https:\/\/dicodusport.fr\/blog\/#\/schema\/person\/0eaf70b33d703a1a66b1155ac1bda018","name":"Pierre Gorce","image":{"@type":"ImageObject","inLanguage":"fr-FR","@id":"https:\/\/dicodusport.fr\/blog\/#\/schema\/person\/image\/","url":"https:\/\/dicodusport.fr\/blog\/wp-content\/uploads\/2022\/03\/IMG_20211214_233053_722-150x150.jpg","contentUrl":"https:\/\/dicodusport.fr\/blog\/wp-content\/uploads\/2022\/03\/IMG_20211214_233053_722-150x150.jpg","caption":"Pierre Gorce"},"description":"Couteau suisse venant tout droit de Haute-Savoie. Habitu\u00e9 \u00e0 regarder du sport depuis petit, j'en ai maintenant fait mon m\u00e9tier. Des sports d'hiver au surf, en passant par le tennis, la F1, le handball et l'athl\u00e9tisme, j'essaie d'avoir mes yeux sur l'enti\u00e8ret\u00e9 de l'actualit\u00e9. Jeune homme berc\u00e9 par les exploits de Jean-Baptiste Grange, Sebastian Vettel et des Experts. Membre de la g\u00e9n\u00e9ration 1999 comme Luka Doncic, Sydney McLaughlin, Lando Norris et Loana Lecomte, mais avec beaucoup moins de talent qu'eux.","sameAs":["https:\/\/x.com\/https:\/\/twitter.com\/pierregorce12"],"birthDate":"1999-08-29","url":"https:\/\/dicodusport.fr\/blog\/author\/pierreg\/"}]}},"_links":{"self":[{"href":"https:\/\/dicodusport.fr\/blog\/wp-json\/wp\/v2\/posts\/631998","targetHints":{"allow":["GET"]}}],"collection":[{"href":"https:\/\/dicodusport.fr\/blog\/wp-json\/wp\/v2\/posts"}],"about":[{"href":"https:\/\/dicodusport.fr\/blog\/wp-json\/wp\/v2\/types\/post"}],"author":[{"embeddable":true,"href":"https:\/\/dicodusport.fr\/blog\/wp-json\/wp\/v2\/users\/61"}],"replies":[{"embeddable":true,"href":"https:\/\/dicodusport.fr\/blog\/wp-json\/wp\/v2\/comments?post=631998"}],"version-history":[{"count":5,"href":"https:\/\/dicodusport.fr\/blog\/wp-json\/wp\/v2\/posts\/631998\/revisions"}],"predecessor-version":[{"id":632043,"href":"https:\/\/dicodusport.fr\/blog\/wp-json\/wp\/v2\/posts\/631998\/revisions\/632043"}],"wp:featuredmedia":[{"embeddable":true,"href":"https:\/\/dicodusport.fr\/blog\/wp-json\/wp\/v2\/media\/632030"}],"wp:attachment":[{"href":"https:\/\/dicodusport.fr\/blog\/wp-json\/wp\/v2\/media?parent=631998"}],"wp:term":[{"taxonomy":"category","embeddable":true,"href":"https:\/\/dicodusport.fr\/blog\/wp-json\/wp\/v2\/categories?post=631998"},{"taxonomy":"post_tag","embeddable":true,"href":"https:\/\/dicodusport.fr\/blog\/wp-json\/wp\/v2\/tags?post=631998"}],"curies":[{"name":"wp","href":"https:\/\/api.w.org\/{rel}","templated":true}]}}