{"id":632169,"date":"2025-12-13T18:03:29","date_gmt":"2025-12-13T17:03:29","guid":{"rendered":"https:\/\/dicodusport.fr\/blog\/?p=632169&#038;preview=true&#038;preview_id=632169"},"modified":"2025-12-13T19:49:41","modified_gmt":"2025-12-13T18:49:41","slug":"les-specialistes-de-la-vertical-race-axelle-gachet-mollaret-et-samuel-equy-sacres-champions-de-france","status":"publish","type":"post","link":"https:\/\/dicodusport.fr\/blog\/les-specialistes-de-la-vertical-race-axelle-gachet-mollaret-et-samuel-equy-sacres-champions-de-france\/","title":{"rendered":"Les sp\u00e9cialistes de la vertical race Axelle Gachet-Mollaret et Samuel Equy sacr\u00e9s champions de France"},"content":{"rendered":"<p style=\"text-align: justify;\"><em><strong>SKI ALPINISME &#8211; Ce samedi, Samuel Equy et Axelle Gachet-Mollaret ont remport\u00e9 les titres de champions de France de la vertical race.<\/strong><\/em><\/p>\n<p style=\"text-align: justify;\">Une semaine apr\u00e8s la reprise de la Coupe du monde aux \u00c9tats-Unis, les skieurs alpinistes fran\u00e7ais se sont donn\u00e9 rendez-vous \u00e0 <strong>M\u00e9ribel-Mottaret<\/strong> dans le cadre des <strong>championnats de France<\/strong>. En amont des sprints, qui seront disput\u00e9s dimanche, la <strong>vertical race<\/strong> \u00e9tait au programme ce samedi.<\/p>\n<div class=\"vlp-link-container vlp-layout-article\"><a href=\"https:\/\/dicodusport.fr\/blog\/margot-ravinel-ecrase-le-sprint-de-solitude-et-remporte-avec-brio-son-premier-succes-en-coupe-du-monde\/\" class=\"vlp-link\" title=\"Margot Ravinel \u00e9crase le sprint de Solitude, et remporte avec brio son premier succ\u00e8s en Coupe du monde\"><\/a><div class=\"vlp-layout-zone-side\"><div class=\"vlp-block-4 vlp-link-image\"><img loading=\"lazy\" decoding=\"async\" style=\"max-width: 792px;\" width=\"792\" height=\"445\" src=\"https:\/\/dicodusport.fr\/blog\/wp-content\/uploads\/2025\/12\/Margot-Ravinel-ecrase-le-sprint-de-Solitude-et-remporte-avec-brio-son-premier-succes-en-Coupe-du-monde.png\" class=\"attachment-800x445 size-800x445\" alt=\"Margot Ravinel \u00e9crase le sprint de Solitude, et remporte avec brio son premier succ\u00e8s en Coupe du monde\" srcset=\"https:\/\/dicodusport.fr\/blog\/wp-content\/uploads\/2025\/12\/Margot-Ravinel-ecrase-le-sprint-de-Solitude-et-remporte-avec-brio-son-premier-succes-en-Coupe-du-monde.png 1200w, https:\/\/dicodusport.fr\/blog\/wp-content\/uploads\/2025\/12\/Margot-Ravinel-ecrase-le-sprint-de-Solitude-et-remporte-avec-brio-son-premier-succes-en-Coupe-du-monde-300x169.png 300w, https:\/\/dicodusport.fr\/blog\/wp-content\/uploads\/2025\/12\/Margot-Ravinel-ecrase-le-sprint-de-Solitude-et-remporte-avec-brio-son-premier-succes-en-Coupe-du-monde-1024x575.png 1024w, https:\/\/dicodusport.fr\/blog\/wp-content\/uploads\/2025\/12\/Margot-Ravinel-ecrase-le-sprint-de-Solitude-et-remporte-avec-brio-son-premier-succes-en-Coupe-du-monde-768x431.png 768w\" sizes=\"auto, (max-width: 792px) 100vw, 792px\" \/><\/div><\/div><div class=\"vlp-layout-zone-main\"><div class=\"vlp-block-0 vlp-link-title\">Margot Ravinel \u00e9crase le sprint de Solitude, et remporte avec brio son premier succ\u00e8s en Coupe du monde<\/div><div class=\"vlp-block-1 vlp-link-summary\">COUPE DU MONDE DE SKI ALPINISME 2025-2026 - Margot Ravinel a d\u00e9croch\u00e9 la premi\u00e8re victoire de sa carri\u00e8re sur le circuit en dominant le sprint de Solitude.<\/div><div class=\"vlp-block-2 vlp-link-button\">Lire l'article<\/div><div class=\"vlp-block-3 vlp-link-url\">dicodusport.fr<\/div><\/div><\/div>\n<h2>Gachet-Mollaret toujours imbattable, le doubl\u00e9 pour Equy<\/h2>\n<p style=\"text-align: justify;\">Pour l&rsquo;occasion, seuls quelques rares \u00e9l\u00e9ments forts de l&rsquo;\u00e9quipe de France manquaient \u00e0 l&rsquo;appel (<strong>Margot Ravinel<\/strong>, <strong>Robin Galindo<\/strong>, <strong>Pablo Giner<\/strong>&#8230;). En revanche, les vainqueurs des gros globes de cristal masculins et f\u00e9minins \u00e9taient bien pr\u00e9sents pour effectuer leur grande rentr\u00e9e.<\/p>\n<p style=\"text-align: justify;\">Sur l&rsquo;\u00e9preuve f\u00e9minine, <strong>Emily Harrop<\/strong> a effectu\u00e9 une reprise prometteuse en allant chercher une belle m\u00e9daille d&rsquo;argent. N\u00e9anmoins, comme c&rsquo;est tr\u00e8s souvent le cas, la premi\u00e8re place a \u00e9t\u00e9 accapar\u00e9e par l&rsquo;incontournable <strong>Axelle Gachet-Mollaret<\/strong>.<\/p>\n<p style=\"text-align: justify;\">D\u00e9j\u00e0 en grande forme, comme l&rsquo;a prouv\u00e9 sa <a href=\"https:\/\/dicodusport.fr\/blog\/trail-axelle-gachet-mollaret-explose-le-record-du-monde-du-kilometre-vertical\/\">performance hors norme sur le kilom\u00e8tre vertical de Fully en octobre<\/a>, la reine de l&rsquo;effort vertical n&rsquo;a pas d\u00e9rog\u00e9 \u00e0 son statut en s&rsquo;imposant avec 40 secondes d&rsquo;avance sur sa principale rivale. Un succ\u00e8s qui lui permet d&rsquo;accrocher son 10\u00e8me titre national.<\/p>\n<p style=\"text-align: justify;\">Depuis 2015, seule <strong>Emily Harrop<\/strong> s&rsquo;est empar\u00e9e de l&rsquo;unique titre (en 2023) laiss\u00e9 par la l\u00e9gende de la sp\u00e9cialit\u00e9. En pleine bataille pour d\u00e9crocher un ticket olympique, <strong>C\u00e9lia Perillat-Pessey<\/strong> compl\u00e8te un podium identique \u00e0 celui de 2024.<\/p>\n<p style=\"text-align: justify;\">Chez les hommes, le titre n&rsquo;a pas chang\u00e9 de main puisque <strong>Samuel Equy<\/strong> a conserv\u00e9 son bien, accrochant au passage sa troisi\u00e8me couronne nationale. Le repr\u00e9sentant du <strong>Team Is\u00e8re Montagne<\/strong> est parvenu \u00e0 prendre le dessus pour seulement six secondes sur <strong>Anselme Damevin<\/strong>, auteur d&rsquo;une belle m\u00e9daille d&rsquo;argent.<\/p>\n<p style=\"text-align: justify;\">Plus en retrait, l&rsquo;ancien double champion de France de la sp\u00e9cialit\u00e9, <strong>Thibault Anselmet<\/strong>, a r\u00e9alis\u00e9 une rentr\u00e9e honn\u00eate en allant chercher la derni\u00e8re place sur le podium, devant <strong>Eliott Robin-Saje<\/strong> et <strong>Paul Jay<\/strong>. \u00c0 noter que <strong>Robin-Saje<\/strong> s&#8217;empare par la m\u00eame occasion du titre U23, remport\u00e9 par <strong>Loane Roussillon<\/strong> chez les femmes.<\/p>\n<h2 style=\"text-align: justify;\">Le palmar\u00e8s des championnats de France de la vertical race<\/h2>\n<p style=\"text-align: justify;\"><strong><em>Senior H<\/em><\/strong> : 1. Samuel EQUY \/ 2. Anselme DAMEVIN \/ 3. Thibault ANSELMET<\/p>\n<p style=\"text-align: justify;\"><strong><em>Senior F<\/em><\/strong> : 1. Axelle GACHET-MOLLARET \/ 2. Emily HARROP \/ 3. C\u00e9lia PERILLAT-PESSEY<\/p>\n<p style=\"text-align: justify;\"><strong><em>U23 H<\/em><\/strong> : 1. Eliott ROBIN-SAJE \/ 2. Jules RAYBAUD \/ 3. Cl\u00e9ment GENOT<\/p>\n<p style=\"text-align: justify;\"><strong><em>U23 F<\/em><\/strong> : 1. Loane ROUSSILLON \/ 2. Lili BECK \/ 3 No\u00e9lie GAUTIER<\/p>\n<p style=\"text-align: justify;\"><strong><em>U20 H<\/em><\/strong> : 1. Thibaut SIBILLE \/ 2. Gabriel MAURIN \/ 3. Jules ODILE<\/p>\n<p style=\"text-align: justify;\"><strong><em>U20 F<\/em> <\/strong>: 1. Lili ROSSET-MARTIN<\/p>\n<p style=\"text-align: justify;\"><strong><em>U18 H<\/em><\/strong> : 1. Paul SUPLICE \/ 2. Victor JOUSSELIN \/ 3. Antonin KAIRE<\/p>\n<p style=\"text-align: justify;\"><strong><em>U18 F<\/em><\/strong> : 1. Mathilde GILLET \/ 2. Charline CARTIER-MOULIN \/ 3. Lou PORTES<\/p>\n<p style=\"text-align: justify;\"><strong><em>U16 H<\/em><\/strong> : Cyril FONTEYRAUD POITEVINEAU \/ 2. Sam PREMAT \/ 3. Diego BECK<\/p>\n<p style=\"text-align: justify;\"><strong><em>U16 F<\/em><\/strong> : 1. Anna DUBOUSQUET \/ 2. Anouck VANPE<\/p>\n","protected":false},"excerpt":{"rendered":"<p>SKI ALPINISME &#8211; Ce samedi, Samuel Equy et Axelle Gachet-Mollaret ont remport\u00e9 les titres de champions de France de la vertical race.\u00a0<\/p>\n","protected":false},"author":55,"featured_media":632173,"comment_status":"open","ping_status":"closed","sticky":false,"template":"","format":"standard","meta":{"_acf_changed":false,"_daextam_enable_autolinks":"1","footnotes":""},"categories":[45757],"tags":[22883,16878,4230],"class_list":["post-632169","post","type-post","status-publish","format-standard","has-post-thumbnail","hentry","category-ski-alpinisme","tag-axelle-gachet-mollaret","tag-breve","tag-ski-alpinisme"],"acf":[],"yoast_head":"<!-- This site is optimized with the Yoast SEO Premium plugin v26.7 (Yoast SEO v26.7) - https:\/\/yoast.com\/wordpress\/plugins\/seo\/ -->\n<title>Les sp\u00e9cialistes de la vertical race Axelle Gachet-Mollaret et Samuel Equy sacr\u00e9s champions de France<\/title>\n<meta name=\"description\" content=\"SKI ALPINISME - Ce samedi, Samuel Equy et Axelle Gachet-Mollaret ont remport\u00e9 les titres de champions de France de la vertical race.\u00a0\" \/>\n<meta name=\"robots\" content=\"index, follow, max-snippet:-1, max-image-preview:large, max-video-preview:-1\" \/>\n<link rel=\"canonical\" href=\"https:\/\/dicodusport.fr\/blog\/les-specialistes-de-la-vertical-race-axelle-gachet-mollaret-et-samuel-equy-sacres-champions-de-france\/\" \/>\n<meta property=\"og:locale\" content=\"fr_FR\" \/>\n<meta property=\"og:type\" content=\"article\" \/>\n<meta property=\"og:title\" content=\"Les sp\u00e9cialistes de la vertical race Axelle Gachet-Mollaret et Samuel Equy sacr\u00e9s champions de France\" \/>\n<meta property=\"og:description\" content=\"SKI ALPINISME - Ce samedi, Samuel Equy et Axelle Gachet-Mollaret ont remport\u00e9 les titres de champions de France de la vertical race.\u00a0\" \/>\n<meta property=\"og:url\" content=\"https:\/\/dicodusport.fr\/blog\/les-specialistes-de-la-vertical-race-axelle-gachet-mollaret-et-samuel-equy-sacres-champions-de-france\/\" \/>\n<meta property=\"og:site_name\" content=\"Dicodusport\" \/>\n<meta property=\"article:publisher\" content=\"https:\/\/www.facebook.com\/dicodusport\" \/>\n<meta property=\"article:published_time\" content=\"2025-12-13T17:03:29+00:00\" \/>\n<meta property=\"article:modified_time\" content=\"2025-12-13T18:49:41+00:00\" \/>\n<meta property=\"og:image\" content=\"https:\/\/dicodusport.fr\/blog\/wp-content\/uploads\/2025\/12\/Les-specialistes-de-la-vertical-race-Axelle-Gachet-Mollaret-et-Samuel-Equy-sacres-champions-de-France.png\" \/>\n\t<meta property=\"og:image:width\" content=\"1200\" \/>\n\t<meta property=\"og:image:height\" content=\"674\" \/>\n\t<meta property=\"og:image:type\" content=\"image\/png\" \/>\n<meta name=\"author\" content=\"Maxime Cazenave\" \/>\n<meta name=\"twitter:card\" content=\"summary_large_image\" \/>\n<meta name=\"twitter:title\" content=\"Les sp\u00e9cialistes de la vertical race Axelle Gachet-Mollaret et Samuel Equy sacr\u00e9s champions de France\" \/>\n<meta name=\"twitter:creator\" content=\"@https:\/\/twitter.com\/Maxime_Caze\" \/>\n<meta name=\"twitter:site\" content=\"@dicodusport\" \/>\n<script type=\"application\/ld+json\" class=\"yoast-schema-graph\">{\"@context\":\"https:\/\/schema.org\",\"@graph\":[{\"@type\":\"NewsArticle\",\"@id\":\"https:\/\/dicodusport.fr\/blog\/les-specialistes-de-la-vertical-race-axelle-gachet-mollaret-et-samuel-equy-sacres-champions-de-france\/#article\",\"isPartOf\":{\"@id\":\"https:\/\/dicodusport.fr\/blog\/les-specialistes-de-la-vertical-race-axelle-gachet-mollaret-et-samuel-equy-sacres-champions-de-france\/\"},\"author\":{\"name\":\"Maxime Cazenave\",\"@id\":\"https:\/\/dicodusport.fr\/blog\/#\/schema\/person\/37def232098a7a5cbab3974a3690abb0\"},\"headline\":\"Les sp\u00e9cialistes de la vertical race Axelle Gachet-Mollaret et Samuel Equy sacr\u00e9s champions de France\",\"datePublished\":\"2025-12-13T17:03:29+00:00\",\"dateModified\":\"2025-12-13T18:49:41+00:00\",\"mainEntityOfPage\":{\"@id\":\"https:\/\/dicodusport.fr\/blog\/les-specialistes-de-la-vertical-race-axelle-gachet-mollaret-et-samuel-equy-sacres-champions-de-france\/\"},\"wordCount\":582,\"commentCount\":0,\"publisher\":{\"@id\":\"https:\/\/dicodusport.fr\/blog\/#organization\"},\"image\":{\"@id\":\"https:\/\/dicodusport.fr\/blog\/les-specialistes-de-la-vertical-race-axelle-gachet-mollaret-et-samuel-equy-sacres-champions-de-france\/#primaryimage\"},\"thumbnailUrl\":\"https:\/\/dicodusport.fr\/blog\/wp-content\/uploads\/2025\/12\/Les-specialistes-de-la-vertical-race-Axelle-Gachet-Mollaret-et-Samuel-Equy-sacres-champions-de-France.png\",\"keywords\":[\"Axelle Gachet-Mollaret\",\"br\u00e8ve\",\"Ski alpinisme\"],\"articleSection\":[\"Ski alpinisme\"],\"inLanguage\":\"fr-FR\",\"potentialAction\":[{\"@type\":\"CommentAction\",\"name\":\"Comment\",\"target\":[\"https:\/\/dicodusport.fr\/blog\/les-specialistes-de-la-vertical-race-axelle-gachet-mollaret-et-samuel-equy-sacres-champions-de-france\/#respond\"]}],\"copyrightYear\":\"2025\",\"copyrightHolder\":{\"@id\":\"https:\/\/dicodusport.fr\/blog\/#organization\"}},{\"@type\":\"WebPage\",\"@id\":\"https:\/\/dicodusport.fr\/blog\/les-specialistes-de-la-vertical-race-axelle-gachet-mollaret-et-samuel-equy-sacres-champions-de-france\/\",\"url\":\"https:\/\/dicodusport.fr\/blog\/les-specialistes-de-la-vertical-race-axelle-gachet-mollaret-et-samuel-equy-sacres-champions-de-france\/\",\"name\":\"Les sp\u00e9cialistes de la vertical race Axelle Gachet-Mollaret et Samuel Equy sacr\u00e9s champions de France\",\"isPartOf\":{\"@id\":\"https:\/\/dicodusport.fr\/blog\/#website\"},\"primaryImageOfPage\":{\"@id\":\"https:\/\/dicodusport.fr\/blog\/les-specialistes-de-la-vertical-race-axelle-gachet-mollaret-et-samuel-equy-sacres-champions-de-france\/#primaryimage\"},\"image\":{\"@id\":\"https:\/\/dicodusport.fr\/blog\/les-specialistes-de-la-vertical-race-axelle-gachet-mollaret-et-samuel-equy-sacres-champions-de-france\/#primaryimage\"},\"thumbnailUrl\":\"https:\/\/dicodusport.fr\/blog\/wp-content\/uploads\/2025\/12\/Les-specialistes-de-la-vertical-race-Axelle-Gachet-Mollaret-et-Samuel-Equy-sacres-champions-de-France.png\",\"datePublished\":\"2025-12-13T17:03:29+00:00\",\"dateModified\":\"2025-12-13T18:49:41+00:00\",\"description\":\"SKI ALPINISME - Ce samedi, Samuel Equy et Axelle Gachet-Mollaret ont remport\u00e9 les titres de champions de France de la vertical race.\u00a0\",\"breadcrumb\":{\"@id\":\"https:\/\/dicodusport.fr\/blog\/les-specialistes-de-la-vertical-race-axelle-gachet-mollaret-et-samuel-equy-sacres-champions-de-france\/#breadcrumb\"},\"inLanguage\":\"fr-FR\",\"potentialAction\":[{\"@type\":\"ReadAction\",\"target\":[\"https:\/\/dicodusport.fr\/blog\/les-specialistes-de-la-vertical-race-axelle-gachet-mollaret-et-samuel-equy-sacres-champions-de-france\/\"]}]},{\"@type\":\"ImageObject\",\"inLanguage\":\"fr-FR\",\"@id\":\"https:\/\/dicodusport.fr\/blog\/les-specialistes-de-la-vertical-race-axelle-gachet-mollaret-et-samuel-equy-sacres-champions-de-france\/#primaryimage\",\"url\":\"https:\/\/dicodusport.fr\/blog\/wp-content\/uploads\/2025\/12\/Les-specialistes-de-la-vertical-race-Axelle-Gachet-Mollaret-et-Samuel-Equy-sacres-champions-de-France.png\",\"contentUrl\":\"https:\/\/dicodusport.fr\/blog\/wp-content\/uploads\/2025\/12\/Les-specialistes-de-la-vertical-race-Axelle-Gachet-Mollaret-et-Samuel-Equy-sacres-champions-de-France.png\",\"width\":1200,\"height\":674,\"caption\":\"Les sp\u00e9cialistes de la vertical race Axelle Gachet-Mollaret et Samuel Equy sacr\u00e9s champions de France\"},{\"@type\":\"BreadcrumbList\",\"@id\":\"https:\/\/dicodusport.fr\/blog\/les-specialistes-de-la-vertical-race-axelle-gachet-mollaret-et-samuel-equy-sacres-champions-de-france\/#breadcrumb\",\"itemListElement\":[{\"@type\":\"ListItem\",\"position\":1,\"name\":\"Accueil\",\"item\":\"https:\/\/dicodusport.fr\/blog\/\"},{\"@type\":\"ListItem\",\"position\":2,\"name\":\"Les sp\u00e9cialistes de la vertical race Axelle Gachet-Mollaret et Samuel Equy sacr\u00e9s champions de France\"}]},{\"@type\":\"WebSite\",\"@id\":\"https:\/\/dicodusport.fr\/blog\/#website\",\"url\":\"https:\/\/dicodusport.fr\/blog\/\",\"name\":\"Dicodusport\",\"description\":\"L&#039;encyclop\u00e9die de l&#039;actualit\u00e9 sportive\",\"publisher\":{\"@id\":\"https:\/\/dicodusport.fr\/blog\/#organization\"},\"potentialAction\":[{\"@type\":\"SearchAction\",\"target\":{\"@type\":\"EntryPoint\",\"urlTemplate\":\"https:\/\/dicodusport.fr\/blog\/?s={search_term_string}\"},\"query-input\":{\"@type\":\"PropertyValueSpecification\",\"valueRequired\":true,\"valueName\":\"search_term_string\"}}],\"inLanguage\":\"fr-FR\"},{\"@type\":\"NewsMediaOrganization\",\"@id\":\"https:\/\/dicodusport.fr\/blog\/#organization\",\"name\":\"Dicodusport\",\"url\":\"https:\/\/dicodusport.fr\/blog\/\",\"logo\":{\"@type\":\"ImageObject\",\"inLanguage\":\"fr-FR\",\"@id\":\"https:\/\/dicodusport.fr\/blog\/#\/schema\/logo\/image\/\",\"url\":\"https:\/\/dicodusport.fr\/blog\/wp-content\/uploads\/2020\/06\/cropped-LOGO-DICODUSPORT-2020-SANS-FOND-SANS-TEXTE.png\",\"contentUrl\":\"https:\/\/dicodusport.fr\/blog\/wp-content\/uploads\/2020\/06\/cropped-LOGO-DICODUSPORT-2020-SANS-FOND-SANS-TEXTE.png\",\"width\":512,\"height\":512,\"caption\":\"Dicodusport\"},\"image\":{\"@id\":\"https:\/\/dicodusport.fr\/blog\/#\/schema\/logo\/image\/\"},\"sameAs\":[\"https:\/\/www.facebook.com\/dicodusport\",\"https:\/\/x.com\/dicodusport\",\"https:\/\/www.instagram.com\/dicodusport\/\",\"https:\/\/www.youtube.com\/channel\/UC7V2KZ5sd3htJivAbA4ZG3w\"],\"description\":\"Dicodusport est l'encyclop\u00e9die de l'actualit\u00e9 sportive.\",\"email\":\"bonjour@dicodusport.fr\",\"legalName\":\"DICODUSPORT\",\"foundingDate\":\"2018-01-14\",\"vatID\":\"FR71834470973\",\"taxID\":\"83447097300043\",\"numberOfEmployees\":{\"@type\":\"QuantitativeValue\",\"minValue\":\"1\",\"maxValue\":\"10\"}},{\"@type\":\"Person\",\"@id\":\"https:\/\/dicodusport.fr\/blog\/#\/schema\/person\/37def232098a7a5cbab3974a3690abb0\",\"name\":\"Maxime Cazenave\",\"image\":{\"@type\":\"ImageObject\",\"inLanguage\":\"fr-FR\",\"@id\":\"https:\/\/dicodusport.fr\/blog\/#\/schema\/person\/image\/\",\"url\":\"https:\/\/dicodusport.fr\/blog\/wp-content\/uploads\/2021\/05\/Maxime-Cazenave-150x150.jpg\",\"contentUrl\":\"https:\/\/dicodusport.fr\/blog\/wp-content\/uploads\/2021\/05\/Maxime-Cazenave-150x150.jpg\",\"caption\":\"Maxime Cazenave\"},\"description\":\"Journaliste\/R\u00e9dacteur depuis 2012 - Berc\u00e9 par l\u2019amour des Girondins de Bordeaux, les \u00e9checs de Christophe Moreau sur le Tour de France sous l'\u00e8re Lance Armstrong et le fade-away l\u00e9tal de Dirk Nowitzki, ma passion d\u00e9vorante pour le sport a toujours \u00e9t\u00e9 un pan incontournable de ma vie. Transmettre ma passion \u00e0 l\u2019\u00e9crit a \u00e9t\u00e9 une transition naturelle. Suiveur assidu de basket et de hockey sur glace, je garde toujours un peu de place pour suivre le cyclisme, le football et le maximum de performances fran\u00e7aises.\",\"sameAs\":[\"https:\/\/x.com\/https:\/\/twitter.com\/Maxime_Caze\"],\"url\":\"https:\/\/dicodusport.fr\/blog\/author\/maximec\/\"}]}<\/script>\n<!-- \/ Yoast SEO Premium plugin. -->","yoast_head_json":{"title":"Les sp\u00e9cialistes de la vertical race Axelle Gachet-Mollaret et Samuel Equy sacr\u00e9s champions de France","description":"SKI ALPINISME - Ce samedi, Samuel Equy et Axelle Gachet-Mollaret ont remport\u00e9 les titres de champions de France de la vertical race.\u00a0","robots":{"index":"index","follow":"follow","max-snippet":"max-snippet:-1","max-image-preview":"max-image-preview:large","max-video-preview":"max-video-preview:-1"},"canonical":"https:\/\/dicodusport.fr\/blog\/les-specialistes-de-la-vertical-race-axelle-gachet-mollaret-et-samuel-equy-sacres-champions-de-france\/","og_locale":"fr_FR","og_type":"article","og_title":"Les sp\u00e9cialistes de la vertical race Axelle Gachet-Mollaret et Samuel Equy sacr\u00e9s champions de France","og_description":"SKI ALPINISME - Ce samedi, Samuel Equy et Axelle Gachet-Mollaret ont remport\u00e9 les titres de champions de France de la vertical race.\u00a0","og_url":"https:\/\/dicodusport.fr\/blog\/les-specialistes-de-la-vertical-race-axelle-gachet-mollaret-et-samuel-equy-sacres-champions-de-france\/","og_site_name":"Dicodusport","article_publisher":"https:\/\/www.facebook.com\/dicodusport","article_published_time":"2025-12-13T17:03:29+00:00","article_modified_time":"2025-12-13T18:49:41+00:00","og_image":[{"width":1200,"height":674,"url":"https:\/\/dicodusport.fr\/blog\/wp-content\/uploads\/2025\/12\/Les-specialistes-de-la-vertical-race-Axelle-Gachet-Mollaret-et-Samuel-Equy-sacres-champions-de-France.png","type":"image\/png"}],"author":"Maxime Cazenave","twitter_card":"summary_large_image","twitter_title":"Les sp\u00e9cialistes de la vertical race Axelle Gachet-Mollaret et Samuel Equy sacr\u00e9s champions de France","twitter_creator":"@https:\/\/twitter.com\/Maxime_Caze","twitter_site":"@dicodusport","schema":{"@context":"https:\/\/schema.org","@graph":[{"@type":"NewsArticle","@id":"https:\/\/dicodusport.fr\/blog\/les-specialistes-de-la-vertical-race-axelle-gachet-mollaret-et-samuel-equy-sacres-champions-de-france\/#article","isPartOf":{"@id":"https:\/\/dicodusport.fr\/blog\/les-specialistes-de-la-vertical-race-axelle-gachet-mollaret-et-samuel-equy-sacres-champions-de-france\/"},"author":{"name":"Maxime Cazenave","@id":"https:\/\/dicodusport.fr\/blog\/#\/schema\/person\/37def232098a7a5cbab3974a3690abb0"},"headline":"Les sp\u00e9cialistes de la vertical race Axelle Gachet-Mollaret et Samuel Equy sacr\u00e9s champions de France","datePublished":"2025-12-13T17:03:29+00:00","dateModified":"2025-12-13T18:49:41+00:00","mainEntityOfPage":{"@id":"https:\/\/dicodusport.fr\/blog\/les-specialistes-de-la-vertical-race-axelle-gachet-mollaret-et-samuel-equy-sacres-champions-de-france\/"},"wordCount":582,"commentCount":0,"publisher":{"@id":"https:\/\/dicodusport.fr\/blog\/#organization"},"image":{"@id":"https:\/\/dicodusport.fr\/blog\/les-specialistes-de-la-vertical-race-axelle-gachet-mollaret-et-samuel-equy-sacres-champions-de-france\/#primaryimage"},"thumbnailUrl":"https:\/\/dicodusport.fr\/blog\/wp-content\/uploads\/2025\/12\/Les-specialistes-de-la-vertical-race-Axelle-Gachet-Mollaret-et-Samuel-Equy-sacres-champions-de-France.png","keywords":["Axelle Gachet-Mollaret","br\u00e8ve","Ski alpinisme"],"articleSection":["Ski alpinisme"],"inLanguage":"fr-FR","potentialAction":[{"@type":"CommentAction","name":"Comment","target":["https:\/\/dicodusport.fr\/blog\/les-specialistes-de-la-vertical-race-axelle-gachet-mollaret-et-samuel-equy-sacres-champions-de-france\/#respond"]}],"copyrightYear":"2025","copyrightHolder":{"@id":"https:\/\/dicodusport.fr\/blog\/#organization"}},{"@type":"WebPage","@id":"https:\/\/dicodusport.fr\/blog\/les-specialistes-de-la-vertical-race-axelle-gachet-mollaret-et-samuel-equy-sacres-champions-de-france\/","url":"https:\/\/dicodusport.fr\/blog\/les-specialistes-de-la-vertical-race-axelle-gachet-mollaret-et-samuel-equy-sacres-champions-de-france\/","name":"Les sp\u00e9cialistes de la vertical race Axelle Gachet-Mollaret et Samuel Equy sacr\u00e9s champions de France","isPartOf":{"@id":"https:\/\/dicodusport.fr\/blog\/#website"},"primaryImageOfPage":{"@id":"https:\/\/dicodusport.fr\/blog\/les-specialistes-de-la-vertical-race-axelle-gachet-mollaret-et-samuel-equy-sacres-champions-de-france\/#primaryimage"},"image":{"@id":"https:\/\/dicodusport.fr\/blog\/les-specialistes-de-la-vertical-race-axelle-gachet-mollaret-et-samuel-equy-sacres-champions-de-france\/#primaryimage"},"thumbnailUrl":"https:\/\/dicodusport.fr\/blog\/wp-content\/uploads\/2025\/12\/Les-specialistes-de-la-vertical-race-Axelle-Gachet-Mollaret-et-Samuel-Equy-sacres-champions-de-France.png","datePublished":"2025-12-13T17:03:29+00:00","dateModified":"2025-12-13T18:49:41+00:00","description":"SKI ALPINISME - Ce samedi, Samuel Equy et Axelle Gachet-Mollaret ont remport\u00e9 les titres de champions de France de la vertical race.\u00a0","breadcrumb":{"@id":"https:\/\/dicodusport.fr\/blog\/les-specialistes-de-la-vertical-race-axelle-gachet-mollaret-et-samuel-equy-sacres-champions-de-france\/#breadcrumb"},"inLanguage":"fr-FR","potentialAction":[{"@type":"ReadAction","target":["https:\/\/dicodusport.fr\/blog\/les-specialistes-de-la-vertical-race-axelle-gachet-mollaret-et-samuel-equy-sacres-champions-de-france\/"]}]},{"@type":"ImageObject","inLanguage":"fr-FR","@id":"https:\/\/dicodusport.fr\/blog\/les-specialistes-de-la-vertical-race-axelle-gachet-mollaret-et-samuel-equy-sacres-champions-de-france\/#primaryimage","url":"https:\/\/dicodusport.fr\/blog\/wp-content\/uploads\/2025\/12\/Les-specialistes-de-la-vertical-race-Axelle-Gachet-Mollaret-et-Samuel-Equy-sacres-champions-de-France.png","contentUrl":"https:\/\/dicodusport.fr\/blog\/wp-content\/uploads\/2025\/12\/Les-specialistes-de-la-vertical-race-Axelle-Gachet-Mollaret-et-Samuel-Equy-sacres-champions-de-France.png","width":1200,"height":674,"caption":"Les sp\u00e9cialistes de la vertical race Axelle Gachet-Mollaret et Samuel Equy sacr\u00e9s champions de France"},{"@type":"BreadcrumbList","@id":"https:\/\/dicodusport.fr\/blog\/les-specialistes-de-la-vertical-race-axelle-gachet-mollaret-et-samuel-equy-sacres-champions-de-france\/#breadcrumb","itemListElement":[{"@type":"ListItem","position":1,"name":"Accueil","item":"https:\/\/dicodusport.fr\/blog\/"},{"@type":"ListItem","position":2,"name":"Les sp\u00e9cialistes de la vertical race Axelle Gachet-Mollaret et Samuel Equy sacr\u00e9s champions de France"}]},{"@type":"WebSite","@id":"https:\/\/dicodusport.fr\/blog\/#website","url":"https:\/\/dicodusport.fr\/blog\/","name":"Dicodusport","description":"L&#039;encyclop\u00e9die de l&#039;actualit\u00e9 sportive","publisher":{"@id":"https:\/\/dicodusport.fr\/blog\/#organization"},"potentialAction":[{"@type":"SearchAction","target":{"@type":"EntryPoint","urlTemplate":"https:\/\/dicodusport.fr\/blog\/?s={search_term_string}"},"query-input":{"@type":"PropertyValueSpecification","valueRequired":true,"valueName":"search_term_string"}}],"inLanguage":"fr-FR"},{"@type":"NewsMediaOrganization","@id":"https:\/\/dicodusport.fr\/blog\/#organization","name":"Dicodusport","url":"https:\/\/dicodusport.fr\/blog\/","logo":{"@type":"ImageObject","inLanguage":"fr-FR","@id":"https:\/\/dicodusport.fr\/blog\/#\/schema\/logo\/image\/","url":"https:\/\/dicodusport.fr\/blog\/wp-content\/uploads\/2020\/06\/cropped-LOGO-DICODUSPORT-2020-SANS-FOND-SANS-TEXTE.png","contentUrl":"https:\/\/dicodusport.fr\/blog\/wp-content\/uploads\/2020\/06\/cropped-LOGO-DICODUSPORT-2020-SANS-FOND-SANS-TEXTE.png","width":512,"height":512,"caption":"Dicodusport"},"image":{"@id":"https:\/\/dicodusport.fr\/blog\/#\/schema\/logo\/image\/"},"sameAs":["https:\/\/www.facebook.com\/dicodusport","https:\/\/x.com\/dicodusport","https:\/\/www.instagram.com\/dicodusport\/","https:\/\/www.youtube.com\/channel\/UC7V2KZ5sd3htJivAbA4ZG3w"],"description":"Dicodusport est l'encyclop\u00e9die de l'actualit\u00e9 sportive.","email":"bonjour@dicodusport.fr","legalName":"DICODUSPORT","foundingDate":"2018-01-14","vatID":"FR71834470973","taxID":"83447097300043","numberOfEmployees":{"@type":"QuantitativeValue","minValue":"1","maxValue":"10"}},{"@type":"Person","@id":"https:\/\/dicodusport.fr\/blog\/#\/schema\/person\/37def232098a7a5cbab3974a3690abb0","name":"Maxime Cazenave","image":{"@type":"ImageObject","inLanguage":"fr-FR","@id":"https:\/\/dicodusport.fr\/blog\/#\/schema\/person\/image\/","url":"https:\/\/dicodusport.fr\/blog\/wp-content\/uploads\/2021\/05\/Maxime-Cazenave-150x150.jpg","contentUrl":"https:\/\/dicodusport.fr\/blog\/wp-content\/uploads\/2021\/05\/Maxime-Cazenave-150x150.jpg","caption":"Maxime Cazenave"},"description":"Journaliste\/R\u00e9dacteur depuis 2012 - Berc\u00e9 par l\u2019amour des Girondins de Bordeaux, les \u00e9checs de Christophe Moreau sur le Tour de France sous l'\u00e8re Lance Armstrong et le fade-away l\u00e9tal de Dirk Nowitzki, ma passion d\u00e9vorante pour le sport a toujours \u00e9t\u00e9 un pan incontournable de ma vie. Transmettre ma passion \u00e0 l\u2019\u00e9crit a \u00e9t\u00e9 une transition naturelle. Suiveur assidu de basket et de hockey sur glace, je garde toujours un peu de place pour suivre le cyclisme, le football et le maximum de performances fran\u00e7aises.","sameAs":["https:\/\/x.com\/https:\/\/twitter.com\/Maxime_Caze"],"url":"https:\/\/dicodusport.fr\/blog\/author\/maximec\/"}]}},"_links":{"self":[{"href":"https:\/\/dicodusport.fr\/blog\/wp-json\/wp\/v2\/posts\/632169","targetHints":{"allow":["GET"]}}],"collection":[{"href":"https:\/\/dicodusport.fr\/blog\/wp-json\/wp\/v2\/posts"}],"about":[{"href":"https:\/\/dicodusport.fr\/blog\/wp-json\/wp\/v2\/types\/post"}],"author":[{"embeddable":true,"href":"https:\/\/dicodusport.fr\/blog\/wp-json\/wp\/v2\/users\/55"}],"replies":[{"embeddable":true,"href":"https:\/\/dicodusport.fr\/blog\/wp-json\/wp\/v2\/comments?post=632169"}],"version-history":[{"count":3,"href":"https:\/\/dicodusport.fr\/blog\/wp-json\/wp\/v2\/posts\/632169\/revisions"}],"predecessor-version":[{"id":632205,"href":"https:\/\/dicodusport.fr\/blog\/wp-json\/wp\/v2\/posts\/632169\/revisions\/632205"}],"wp:featuredmedia":[{"embeddable":true,"href":"https:\/\/dicodusport.fr\/blog\/wp-json\/wp\/v2\/media\/632173"}],"wp:attachment":[{"href":"https:\/\/dicodusport.fr\/blog\/wp-json\/wp\/v2\/media?parent=632169"}],"wp:term":[{"taxonomy":"category","embeddable":true,"href":"https:\/\/dicodusport.fr\/blog\/wp-json\/wp\/v2\/categories?post=632169"},{"taxonomy":"post_tag","embeddable":true,"href":"https:\/\/dicodusport.fr\/blog\/wp-json\/wp\/v2\/tags?post=632169"}],"curies":[{"name":"wp","href":"https:\/\/api.w.org\/{rel}","templated":true}]}}