{"id":632249,"date":"2025-12-14T16:11:49","date_gmt":"2025-12-14T15:11:49","guid":{"rendered":"https:\/\/dicodusport.fr\/blog\/?p=632249&#038;preview=true&#038;preview_id=632249"},"modified":"2025-12-14T16:11:06","modified_gmt":"2025-12-14T15:11:06","slug":"cyclo-cross-namur-2025-classement-et-resultats-course-hommes","status":"publish","type":"post","link":"https:\/\/dicodusport.fr\/blog\/cyclo-cross-namur-2025-classement-et-resultats-course-hommes\/","title":{"rendered":"Cyclo-cross Namur 2025 : Classement et r\u00e9sultats course hommes"},"content":{"rendered":"<p style=\"text-align: justify;\"><em><strong>Retrouvez les r\u00e9sultats complets et le classement de la course hommes \u00e0 Namur (Belgique), quatri\u00e8me manche de la Coupe du monde de cyclo-cross 2025-2026.<\/strong><\/em><\/p>\n<ul>\n<li style=\"text-align: justify;\"><strong>\u00c0 ce sujet &#8211; <a href=\"https:\/\/dicodusport.fr\/blog\/cyclo-cross-coupe-du-monde-2025-2026-calendrier-complet-dates-et-horaires\/\">Cyclo-cross Coupe du monde 2025-2026 \u2013 Calendrier complet, dates et horaires<\/a><\/strong><\/li>\n<\/ul>\n<p style=\"text-align: justify;\">La <strong>Coupe du monde de cyclo-cross<\/strong> fait halte ce <strong>dimanche 14 d\u00e9cembre 2025<\/strong> \u00e0 <strong>Namur<\/strong> (Belgique) pour l\u2019une des courses les plus spectaculaires et exigeantes de la saison. Sur le trac\u00e9 mythique de la <strong>Citadelle<\/strong>, la course hommes s\u2019annonce comme un temps fort de l\u2019hiver, marqu\u00e9e par le retour \u00e0 la comp\u00e9tition de <a href=\"https:\/\/dicodusport.fr\/blog\/tag\/mathieu-van-der-poel\/\"><strong>Mathieu van der Poel<\/strong><\/a>, absent des premi\u00e8res manches du calendrier.<\/p>\n<p style=\"text-align: justify;\">R\u00e9f\u00e9rence absolue de la discipline, le N\u00e9erlandais, <a href=\"https:\/\/dicodusport.fr\/blog\/mondiaux-cyclo-cross-2025-le-septieme-sacre-de-mathieu-van-der-poel\/\">champion du monde en titre<\/a>, retrouve un circuit qui correspond parfaitement \u00e0 son profil explosif et puissant, dans un d\u00e9cor taill\u00e9 pour les coureurs capables de dominer les pentes raides et les encha\u00eenements techniques.<\/p>\n<h2 style=\"text-align: justify;\">La Citadelle, juge impitoyable<\/h2>\n<p style=\"text-align: justify;\">\u00c0 <strong>Namur<\/strong>, le parcours ne laisse aucun r\u00e9pit. Les coureurs encha\u00eenent mont\u00e9es extr\u00eamement raides, portages r\u00e9p\u00e9t\u00e9s, descentes pi\u00e9geuses et d\u00e9vers exigeants, souvent sur un terrain lourd et changeant. La s\u00e9lection se fait naturellement par l\u2019intensit\u00e9 de l\u2019effort et la capacit\u00e9 \u00e0 encaisser la difficult\u00e9 sur la dur\u00e9e.<\/p>\n<p style=\"text-align: justify;\">Sur ce circuit, la puissance brute, la ma\u00eetrise technique et la gestion de l\u2019effort priment largement sur la vitesse pure. Les \u00e9carts se creusent tour apr\u00e8s tour, et les erreurs se paient imm\u00e9diatement.<\/p>\n<h2 style=\"text-align: justify;\">Le retour de Mathieu van der Poel, attraction majeure<\/h2>\n<p style=\"text-align: justify;\">Absent du d\u00e9but de saison hivernale, <strong>Mathieu van der Poel<\/strong> effectue \u00e0 <strong>Namur<\/strong> son retour en Coupe du monde, suscitant une attention particuli\u00e8re. Sa capacit\u00e9 \u00e0 s\u2019adapter rapidement, son explosivit\u00e9 dans les pentes et sa ma\u00eetrise du portage font de lui un acteur majeur d\u00e8s sa reprise, m\u00eame sans rep\u00e8res comp\u00e9titifs r\u00e9cents.<\/p>\n<p style=\"text-align: justify;\">Sa pr\u00e9sence change in\u00e9vitablement la physionomie de la course. Elle impose un rythme plus \u00e9lev\u00e9 et une pression suppl\u00e9mentaire sur ses adversaires, contraints de hausser leur niveau sur l\u2019un des circuits les plus durs du calendrier.<\/p>\n<h2 style=\"text-align: justify;\">Une course toujours spectaculaire<\/h2>\n<p style=\"text-align: justify;\">\u00c0 <strong>Namur<\/strong>, la course hommes est rarement serr\u00e9e jusqu\u2019au bout. Le terrain se charge souvent de faire la s\u00e9lection, laissant place \u00e0 une lutte \u00e0 l\u2019usure o\u00f9 seuls les coureurs les plus complets r\u00e9sistent. L\u2019ambiance, port\u00e9e par un public belge passionn\u00e9, accentue encore l\u2019intensit\u00e9 de l\u2019\u00e9preuve.<\/p>\n<p style=\"text-align: justify;\">Avec le retour de l\u2019un des plus grands champions de la discipline sur un parcours aussi embl\u00e9matique, cette manche de Coupe du monde promet un spectacle total, fid\u00e8le \u00e0 l\u2019ADN du cyclo-cross.<\/p>\n<div class=\"vlp-link-container vlp-layout-article\"><a href=\"https:\/\/dicodusport.fr\/blog\/classement-general-actualise-de-la-coupe-du-monde-cyclo-cross-hommes-2025-2026\/\" class=\"vlp-link\" title=\"Classement g\u00e9n\u00e9ral actualis\u00e9 de la Coupe du monde cyclo-cross hommes 2025-2026\"><\/a><div class=\"vlp-layout-zone-side\"><div class=\"vlp-block-4 vlp-link-image\"><img loading=\"lazy\" decoding=\"async\" style=\"max-width: 792px;\" width=\"792\" height=\"445\" src=\"https:\/\/dicodusport.fr\/blog\/wp-content\/uploads\/2025\/11\/Classement-general-actualise-de-la-Coupe-du-monde-cyclo-cross-hommes-2025-2026.png\" class=\"attachment-800x445 size-800x445\" alt=\"Classement g\u00e9n\u00e9ral actualis\u00e9 de la Coupe du monde cyclo-cross hommes 2025-2026\" srcset=\"https:\/\/dicodusport.fr\/blog\/wp-content\/uploads\/2025\/11\/Classement-general-actualise-de-la-Coupe-du-monde-cyclo-cross-hommes-2025-2026.png 1200w, https:\/\/dicodusport.fr\/blog\/wp-content\/uploads\/2025\/11\/Classement-general-actualise-de-la-Coupe-du-monde-cyclo-cross-hommes-2025-2026-300x169.png 300w, https:\/\/dicodusport.fr\/blog\/wp-content\/uploads\/2025\/11\/Classement-general-actualise-de-la-Coupe-du-monde-cyclo-cross-hommes-2025-2026-1024x575.png 1024w, https:\/\/dicodusport.fr\/blog\/wp-content\/uploads\/2025\/11\/Classement-general-actualise-de-la-Coupe-du-monde-cyclo-cross-hommes-2025-2026-768x431.png 768w\" sizes=\"auto, (max-width: 792px) 100vw, 792px\" \/><\/div><\/div><div class=\"vlp-layout-zone-main\"><div class=\"vlp-block-0 vlp-link-title\">Classement g\u00e9n\u00e9ral actualis\u00e9 de la Coupe du monde cyclo-cross hommes 2025-2026<\/div><div class=\"vlp-block-1 vlp-link-summary\">Retrouvez le classement g\u00e9n\u00e9ral de la Coupe du monde hommes de cyclo-cross 2025-2026, mis \u00e0 jour apr\u00e8s chaque manche disput\u00e9e.<\/div><div class=\"vlp-block-2 vlp-link-button\">Lire l'article<\/div><div class=\"vlp-block-3 vlp-link-url\">dicodusport.fr<\/div><\/div><\/div>\n<h2 style=\"text-align: justify;\">Coupe du monde de cyclo-cross \u00e0 Namur &#8211; Classement et r\u00e9sultats course femmes<\/h2>\n<p style=\"text-align: justify;\"><span style=\"font-size: 14px;\"><strong><em>Classement officiel mis \u00e0 jour \u00e0 l&rsquo;issue de la course.<\/em><\/strong><\/span><\/p>\n<div class=\"su-table su-table-alternate\">\n<table style=\"width: 800px;border-collapse: collapse\" border=\"1\">\n<tbody>\n<tr style=\"height: 24px\">\n<td style=\"border-color: #ebebeb;height: 24px;text-align: center;width: 80px;vertical-align: middle\">\ud83c\udfc6<\/td>\n<td style=\"border-color: #ebebeb;height: 24px;text-align: center;width: 500px;vertical-align: middle\"><span style=\"font-size: 0.9em\"><strong>COUREURS<\/strong><\/span><\/td>\n<td style=\"border-color: #ebebeb;height: 24px;text-align: center;width: 220px;vertical-align: middle\"><span style=\"font-size: 0.9em\"><strong>TEMPS \/ \u00c9CART<\/strong><\/span><\/td>\n<\/tr>\n<tr style=\"height: 24px\">\n<td style=\"border-color: #ebebeb;height: 24px;text-align: center;width: 80px;vertical-align: middle\"><strong><span class=\"su-label su-label-type-warning\">1.<\/span><\/strong><\/td>\n<td style=\"border-color: #ebebeb;text-align: center;width: 500px;vertical-align: middle\"><span style=\"font-size: 0.9em\"><strong>\ud83c\uddf3\ud83c\uddf1 MATHIEU VAN DER POEL<br \/>\n<\/strong><span style=\"font-size: 0.8em\">ALPECIN &#8211; DECEUNINCK<\/span><\/span><\/td>\n<td style=\"border-color: #ebebeb;text-align: center;width: 220px;vertical-align: middle\"><span style=\"font-size: 0.9em\"><strong>58m29s<\/strong><\/span><\/td>\n<\/tr>\n<tr>\n<td style=\"border-color: #ebebeb;text-align: center;width: 80px;vertical-align: middle\"><strong><span class=\"su-label su-label-type-default\">2.<\/span><\/strong><\/td>\n<td style=\"border-color: #ebebeb;text-align: center;width: 500px;vertical-align: middle\"><span style=\"font-size: 0.9em\"><strong>\ud83c\udde7\ud83c\uddea THIBAU NYS<br \/>\n<\/strong><span style=\"font-size: 0.8em\">BALOISE GLOWI LIONS<\/span><\/span><\/td>\n<td style=\"border-color: #ebebeb;text-align: center;width: 220px;vertical-align: middle\"><span style=\"font-size: 0.9em\"><strong>\u00e0 9s<\/strong><\/span><\/td>\n<\/tr>\n<tr>\n<td style=\"border-color: #ebebeb;text-align: center;width: 80px;vertical-align: middle\"><strong><span class=\"su-label su-label-type-important\">3.<\/span><\/strong><\/td>\n<td style=\"border-color: #ebebeb;text-align: center;width: 500px;vertical-align: middle\"><span style=\"font-size: 0.9em\"><strong>\ud83c\udde7\ud83c\uddea MICHAEL VANTHOURENHOUT<br \/>\n<\/strong><span style=\"font-size: 0.8em\">PAUWELS SAUZEN &#8211; ALTEZ INDUSTRIEBOUW<\/span><\/span><\/td>\n<td style=\"border-color: #ebebeb;text-align: center;width: 220px;vertical-align: middle\"><span style=\"font-size: 0.9em\"><strong>\u00e0 11s<\/strong><\/span><\/td>\n<\/tr>\n<tr>\n<td style=\"border-color: #ebebeb;text-align: center;width: 80px;vertical-align: middle\"><span style=\"font-size: 0.9em\">4.<\/span><\/td>\n<td style=\"border-color: #ebebeb;text-align: center;width: 500px;vertical-align: middle\"><span style=\"font-size: 0.9em\"><strong>\ud83c\uddf3\ud83c\uddf1 LARS VAN DER HAAR<br \/>\n<\/strong><span style=\"font-size: 0.8em\">BALOISE GLOWI LIONS<\/span><\/span><\/td>\n<td style=\"border-color: #ebebeb;text-align: center;width: 220px;vertical-align: middle\"><span style=\"font-size: 0.9em\"><strong>\u00e0 12s<\/strong><\/span><\/td>\n<\/tr>\n<tr>\n<td style=\"border-color: #ebebeb;text-align: center;width: 80px;vertical-align: middle\"><span style=\"font-size: 0.9em\">5.<\/span><\/td>\n<td style=\"border-color: #ebebeb;text-align: center;width: 500px;vertical-align: middle\"><span style=\"font-size: 0.9em\"><strong>\ud83c\udde7\ud83c\uddea EMIEL VERSTRYNGE<br \/>\n<\/strong><span style=\"font-size: 0.8em\">CRELAN &#8211; CORENDON<\/span><\/span><\/td>\n<td style=\"border-color: #ebebeb;text-align: center;width: 220px;vertical-align: middle\"><span style=\"font-size: 0.9em\"><strong>\u00e0 42s<\/strong><\/span><\/td>\n<\/tr>\n<tr>\n<td style=\"border-color: #ebebeb;text-align: center;width: 80px;vertical-align: middle\"><span style=\"font-size: 0.9em\">6.<\/span><\/td>\n<td style=\"border-color: #ebebeb;text-align: center;width: 500px;vertical-align: middle\"><span style=\"font-size: 0.9em\"><strong>\ud83c\udde7\ud83c\uddea NIELS VANDEPUTTE<br \/>\n<\/strong><span style=\"font-size: 0.8em\">ALPECIN &#8211; DECEUNINCK<\/span><\/span><\/td>\n<td style=\"border-color: #ebebeb;text-align: center;width: 220px;vertical-align: middle\"><span style=\"font-size: 0.9em\"><strong>\u00e0 53s<\/strong><\/span><\/td>\n<\/tr>\n<tr>\n<td style=\"border-color: #ebebeb;text-align: center;width: 80px;vertical-align: middle\"><span style=\"font-size: 0.9em\">7.<\/span><\/td>\n<td style=\"border-color: #ebebeb;text-align: center;width: 500px;vertical-align: middle\"><span style=\"font-size: 0.9em\"><strong>\ud83c\uddf3\ud83c\uddf1 PIM RONHAAR<br \/>\n<\/strong><span style=\"font-size: 0.8em\">BALOISE GLOWI LIONS<\/span><\/span><\/td>\n<td style=\"border-color: #ebebeb;text-align: center;width: 220px;vertical-align: middle\"><span style=\"font-size: 0.9em\"><strong>\u00e0 55s<\/strong><\/span><\/td>\n<\/tr>\n<tr>\n<td style=\"border-color: #ebebeb;text-align: center;width: 80px;vertical-align: middle\"><span style=\"font-size: 0.9em\">8.<\/span><\/td>\n<td style=\"border-color: #ebebeb;text-align: center;width: 500px;vertical-align: middle\"><span style=\"font-size: 0.9em\"><strong>\ud83c\uddf3\ud83c\uddf1 JORIS NIEUWENHUIS<br \/>\n<\/strong><span style=\"font-size: 0.8em\">RIDLEY RACING TEAM<\/span><\/span><\/td>\n<td style=\"border-color: #ebebeb;text-align: center;width: 220px;vertical-align: middle\"><span style=\"font-size: 0.9em\"><strong>\u00e0 57s<\/strong><\/span><\/td>\n<\/tr>\n<tr>\n<td style=\"border-color: #ebebeb;text-align: center;width: 80px;vertical-align: middle\"><span style=\"font-size: 0.9em\">9.<\/span><\/td>\n<td style=\"border-color: #ebebeb;text-align: center;width: 500px;vertical-align: middle\"><span style=\"font-size: 0.9em\"><strong>\ud83c\udde7\ud83c\uddea WITSE MEEUSSEN<br \/>\n<\/strong><span style=\"font-size: 0.8em\">CRELAN &#8211; CORENDON<\/span><\/span><\/td>\n<td style=\"border-color: #ebebeb;text-align: center;width: 220px;vertical-align: middle\"><span style=\"font-size: 0.9em\"><strong>\u00e0 1m14s<\/strong><\/span><\/td>\n<\/tr>\n<tr>\n<td style=\"border-color: #ebebeb;text-align: center;width: 80px;vertical-align: middle\"><span style=\"font-size: 0.9em\">10.<\/span><\/td>\n<td style=\"border-color: #ebebeb;text-align: center;width: 500px;vertical-align: middle\"><span style=\"font-size: 0.9em\"><strong>\ud83c\udde7\ud83c\uddea TOON VANDEBOSCH<br \/>\n<\/strong><span style=\"font-size: 0.8em\">CRELAN &#8211; CORENDON<\/span><\/span><\/td>\n<td style=\"border-color: #ebebeb;text-align: center;width: 220px;vertical-align: middle\"><span style=\"font-size: 0.9em\"><strong>\u00e0 1m29s<\/strong><\/span><\/td>\n<\/tr>\n<\/tbody>\n<\/table>\n<\/div>\n<ul>\n<li style=\"text-align: justify;\"><a href=\"https:\/\/cyclocross24.com\/fr\/race\/17905\/\"><strong>Le classement complet de la course<\/strong><\/a><\/li>\n<\/ul>\n","protected":false},"excerpt":{"rendered":"<p>Retrouvez les r\u00e9sultats complets et le classement de la course hommes \u00e0 Namur (Belgique), quatri\u00e8me manche de la Coupe du monde de cyclo-cross 2025-2026.<\/p>\n","protected":false},"author":4,"featured_media":632255,"comment_status":"open","ping_status":"closed","sticky":false,"template":"","format":"standard","meta":{"_acf_changed":false,"_daextam_enable_autolinks":"1","footnotes":""},"categories":[9611],"tags":[16878,20902,6666],"class_list":["post-632249","post","type-post","status-publish","format-standard","has-post-thumbnail","hentry","category-cyclo-cross","tag-breve","tag-coupe-du-monde-de-cyclo-cross","tag-cyclo-cross"],"acf":[],"yoast_head":"<!-- This site is optimized with the Yoast SEO Premium plugin v26.7 (Yoast SEO v26.7) - https:\/\/yoast.com\/wordpress\/plugins\/seo\/ -->\n<title>Cyclo-cross Namur 2025 : Classement et r\u00e9sultats course hommes<\/title>\n<meta name=\"description\" content=\"Retrouvez les r\u00e9sultats complets et le classement de la course hommes \u00e0 Namur (Belgique), quatri\u00e8me manche de la Coupe du monde de cyclo-cross 2025-2026.\" \/>\n<meta name=\"robots\" content=\"index, follow, max-snippet:-1, max-image-preview:large, max-video-preview:-1\" \/>\n<link rel=\"canonical\" href=\"https:\/\/dicodusport.fr\/blog\/cyclo-cross-namur-2025-classement-et-resultats-course-hommes\/\" \/>\n<meta property=\"og:locale\" content=\"fr_FR\" \/>\n<meta property=\"og:type\" content=\"article\" \/>\n<meta property=\"og:title\" content=\"Cyclo-cross Namur 2025 : Classement et r\u00e9sultats course hommes\" \/>\n<meta property=\"og:description\" content=\"Retrouvez les r\u00e9sultats complets et le classement de la course hommes \u00e0 Namur (Belgique), quatri\u00e8me manche de la Coupe du monde de cyclo-cross 2025-2026.\" \/>\n<meta property=\"og:url\" content=\"https:\/\/dicodusport.fr\/blog\/cyclo-cross-namur-2025-classement-et-resultats-course-hommes\/\" \/>\n<meta property=\"og:site_name\" content=\"Dicodusport\" \/>\n<meta property=\"article:publisher\" content=\"https:\/\/www.facebook.com\/dicodusport\" \/>\n<meta property=\"article:author\" content=\"https:\/\/www.facebook.com\/florent.ostermann\" \/>\n<meta property=\"article:published_time\" content=\"2025-12-14T15:11:49+00:00\" \/>\n<meta property=\"og:image\" content=\"https:\/\/dicodusport.fr\/blog\/wp-content\/uploads\/2025\/12\/Cyclo-cross-Namur-2025-Classement-et-resultats-course-hommes.png\" \/>\n\t<meta property=\"og:image:width\" content=\"1200\" \/>\n\t<meta property=\"og:image:height\" content=\"674\" \/>\n\t<meta property=\"og:image:type\" content=\"image\/png\" \/>\n<meta name=\"author\" content=\"Flo Ostermann\" \/>\n<meta name=\"twitter:card\" content=\"summary_large_image\" \/>\n<meta name=\"twitter:creator\" content=\"@https:\/\/twitter.com\/FlOstermann\" \/>\n<meta name=\"twitter:site\" content=\"@dicodusport\" \/>\n<script type=\"application\/ld+json\" class=\"yoast-schema-graph\">{\"@context\":\"https:\/\/schema.org\",\"@graph\":[{\"@type\":\"NewsArticle\",\"@id\":\"https:\/\/dicodusport.fr\/blog\/cyclo-cross-namur-2025-classement-et-resultats-course-hommes\/#article\",\"isPartOf\":{\"@id\":\"https:\/\/dicodusport.fr\/blog\/cyclo-cross-namur-2025-classement-et-resultats-course-hommes\/\"},\"author\":{\"name\":\"Flo Ostermann\",\"@id\":\"https:\/\/dicodusport.fr\/blog\/#\/schema\/person\/cb02af4c173ce4a653b55e9baf388d4a\"},\"headline\":\"Cyclo-cross Namur 2025 : Classement et r\u00e9sultats course hommes\",\"datePublished\":\"2025-12-14T15:11:49+00:00\",\"mainEntityOfPage\":{\"@id\":\"https:\/\/dicodusport.fr\/blog\/cyclo-cross-namur-2025-classement-et-resultats-course-hommes\/\"},\"wordCount\":673,\"commentCount\":0,\"publisher\":{\"@id\":\"https:\/\/dicodusport.fr\/blog\/#organization\"},\"image\":{\"@id\":\"https:\/\/dicodusport.fr\/blog\/cyclo-cross-namur-2025-classement-et-resultats-course-hommes\/#primaryimage\"},\"thumbnailUrl\":\"https:\/\/dicodusport.fr\/blog\/wp-content\/uploads\/2025\/12\/Cyclo-cross-Namur-2025-Classement-et-resultats-course-hommes.png\",\"keywords\":[\"br\u00e8ve\",\"Coupe du monde de cyclo-cross\",\"Cyclo-cross\"],\"articleSection\":[\"Cyclo-cross\"],\"inLanguage\":\"fr-FR\",\"potentialAction\":[{\"@type\":\"CommentAction\",\"name\":\"Comment\",\"target\":[\"https:\/\/dicodusport.fr\/blog\/cyclo-cross-namur-2025-classement-et-resultats-course-hommes\/#respond\"]}],\"copyrightYear\":\"2025\",\"copyrightHolder\":{\"@id\":\"https:\/\/dicodusport.fr\/blog\/#organization\"}},{\"@type\":\"WebPage\",\"@id\":\"https:\/\/dicodusport.fr\/blog\/cyclo-cross-namur-2025-classement-et-resultats-course-hommes\/\",\"url\":\"https:\/\/dicodusport.fr\/blog\/cyclo-cross-namur-2025-classement-et-resultats-course-hommes\/\",\"name\":\"Cyclo-cross Namur 2025 : Classement et r\u00e9sultats course hommes\",\"isPartOf\":{\"@id\":\"https:\/\/dicodusport.fr\/blog\/#website\"},\"primaryImageOfPage\":{\"@id\":\"https:\/\/dicodusport.fr\/blog\/cyclo-cross-namur-2025-classement-et-resultats-course-hommes\/#primaryimage\"},\"image\":{\"@id\":\"https:\/\/dicodusport.fr\/blog\/cyclo-cross-namur-2025-classement-et-resultats-course-hommes\/#primaryimage\"},\"thumbnailUrl\":\"https:\/\/dicodusport.fr\/blog\/wp-content\/uploads\/2025\/12\/Cyclo-cross-Namur-2025-Classement-et-resultats-course-hommes.png\",\"datePublished\":\"2025-12-14T15:11:49+00:00\",\"description\":\"Retrouvez les r\u00e9sultats complets et le classement de la course hommes \u00e0 Namur (Belgique), quatri\u00e8me manche de la Coupe du monde de cyclo-cross 2025-2026.\",\"breadcrumb\":{\"@id\":\"https:\/\/dicodusport.fr\/blog\/cyclo-cross-namur-2025-classement-et-resultats-course-hommes\/#breadcrumb\"},\"inLanguage\":\"fr-FR\",\"potentialAction\":[{\"@type\":\"ReadAction\",\"target\":[\"https:\/\/dicodusport.fr\/blog\/cyclo-cross-namur-2025-classement-et-resultats-course-hommes\/\"]}]},{\"@type\":\"ImageObject\",\"inLanguage\":\"fr-FR\",\"@id\":\"https:\/\/dicodusport.fr\/blog\/cyclo-cross-namur-2025-classement-et-resultats-course-hommes\/#primaryimage\",\"url\":\"https:\/\/dicodusport.fr\/blog\/wp-content\/uploads\/2025\/12\/Cyclo-cross-Namur-2025-Classement-et-resultats-course-hommes.png\",\"contentUrl\":\"https:\/\/dicodusport.fr\/blog\/wp-content\/uploads\/2025\/12\/Cyclo-cross-Namur-2025-Classement-et-resultats-course-hommes.png\",\"width\":1200,\"height\":674,\"caption\":\"Cyclo-cross Namur 2025 Classement et r\u00e9sultats course hommes\"},{\"@type\":\"BreadcrumbList\",\"@id\":\"https:\/\/dicodusport.fr\/blog\/cyclo-cross-namur-2025-classement-et-resultats-course-hommes\/#breadcrumb\",\"itemListElement\":[{\"@type\":\"ListItem\",\"position\":1,\"name\":\"Accueil\",\"item\":\"https:\/\/dicodusport.fr\/blog\/\"},{\"@type\":\"ListItem\",\"position\":2,\"name\":\"Cyclo-cross Namur 2025 : Classement et r\u00e9sultats course hommes\"}]},{\"@type\":\"WebSite\",\"@id\":\"https:\/\/dicodusport.fr\/blog\/#website\",\"url\":\"https:\/\/dicodusport.fr\/blog\/\",\"name\":\"Dicodusport\",\"description\":\"L&#039;encyclop\u00e9die de l&#039;actualit\u00e9 sportive\",\"publisher\":{\"@id\":\"https:\/\/dicodusport.fr\/blog\/#organization\"},\"potentialAction\":[{\"@type\":\"SearchAction\",\"target\":{\"@type\":\"EntryPoint\",\"urlTemplate\":\"https:\/\/dicodusport.fr\/blog\/?s={search_term_string}\"},\"query-input\":{\"@type\":\"PropertyValueSpecification\",\"valueRequired\":true,\"valueName\":\"search_term_string\"}}],\"inLanguage\":\"fr-FR\"},{\"@type\":\"NewsMediaOrganization\",\"@id\":\"https:\/\/dicodusport.fr\/blog\/#organization\",\"name\":\"Dicodusport\",\"url\":\"https:\/\/dicodusport.fr\/blog\/\",\"logo\":{\"@type\":\"ImageObject\",\"inLanguage\":\"fr-FR\",\"@id\":\"https:\/\/dicodusport.fr\/blog\/#\/schema\/logo\/image\/\",\"url\":\"https:\/\/dicodusport.fr\/blog\/wp-content\/uploads\/2020\/06\/cropped-LOGO-DICODUSPORT-2020-SANS-FOND-SANS-TEXTE.png\",\"contentUrl\":\"https:\/\/dicodusport.fr\/blog\/wp-content\/uploads\/2020\/06\/cropped-LOGO-DICODUSPORT-2020-SANS-FOND-SANS-TEXTE.png\",\"width\":512,\"height\":512,\"caption\":\"Dicodusport\"},\"image\":{\"@id\":\"https:\/\/dicodusport.fr\/blog\/#\/schema\/logo\/image\/\"},\"sameAs\":[\"https:\/\/www.facebook.com\/dicodusport\",\"https:\/\/x.com\/dicodusport\",\"https:\/\/www.instagram.com\/dicodusport\/\",\"https:\/\/www.youtube.com\/channel\/UC7V2KZ5sd3htJivAbA4ZG3w\"],\"description\":\"Dicodusport est l'encyclop\u00e9die de l'actualit\u00e9 sportive.\",\"email\":\"bonjour@dicodusport.fr\",\"legalName\":\"DICODUSPORT\",\"foundingDate\":\"2018-01-14\",\"vatID\":\"FR71834470973\",\"taxID\":\"83447097300043\",\"numberOfEmployees\":{\"@type\":\"QuantitativeValue\",\"minValue\":\"1\",\"maxValue\":\"10\"}},{\"@type\":\"Person\",\"@id\":\"https:\/\/dicodusport.fr\/blog\/#\/schema\/person\/cb02af4c173ce4a653b55e9baf388d4a\",\"name\":\"Flo Ostermann\",\"image\":{\"@type\":\"ImageObject\",\"inLanguage\":\"fr-FR\",\"@id\":\"https:\/\/dicodusport.fr\/blog\/#\/schema\/person\/image\/\",\"url\":\"https:\/\/dicodusport.fr\/blog\/wp-content\/uploads\/2021\/05\/Flo-Ostermann-150x150.jpg\",\"contentUrl\":\"https:\/\/dicodusport.fr\/blog\/wp-content\/uploads\/2021\/05\/Flo-Ostermann-150x150.jpg\",\"caption\":\"Flo Ostermann\"},\"description\":\"Journaliste\/R\u00e9dacteur depuis septembre 2015 - Mes premiers souvenirs dans le sport ? Les envol\u00e9es du Stade Toulousain et les duels Villeneuve-Schumacher et H\u00e4kkinen-Schumacher \u00e0 la fin des ann\u00e9es 90, la Coupe du monde de football en 1998, l\u2019exploit du XV de France face aux All Blacks en 1999, mais aussi Richard C\u0153ur de Lion qui vole sur les montagnes du Tour de France. Bien parti pour devenir professeur d\u2019EPS, les \u00e9v\u00e9nements de la vie (et la flemme d\u2019animer des s\u00e9ances de 3x500 m\u00e8tres toute ma vie) m\u2019ont conduit \u00e0 revoir mes plans. Me voil\u00e0 depuis fin 2017 sur Dicodusport, m\u00e9dia gr\u00e2ce (et pour) lequel je partage ma passion : le sport dans tous ses \u00e9tats. Le tout accompagn\u00e9 par les fous furieux et folles furieuses cit\u00e9s sur cette page !\",\"sameAs\":[\"https:\/\/www.facebook.com\/florent.ostermann\",\"https:\/\/x.com\/https:\/\/twitter.com\/FlOstermann\",\"admin\"],\"url\":\"https:\/\/dicodusport.fr\/blog\/author\/flo\/\"}]}<\/script>\n<!-- \/ Yoast SEO Premium plugin. -->","yoast_head_json":{"title":"Cyclo-cross Namur 2025 : Classement et r\u00e9sultats course hommes","description":"Retrouvez les r\u00e9sultats complets et le classement de la course hommes \u00e0 Namur (Belgique), quatri\u00e8me manche de la Coupe du monde de cyclo-cross 2025-2026.","robots":{"index":"index","follow":"follow","max-snippet":"max-snippet:-1","max-image-preview":"max-image-preview:large","max-video-preview":"max-video-preview:-1"},"canonical":"https:\/\/dicodusport.fr\/blog\/cyclo-cross-namur-2025-classement-et-resultats-course-hommes\/","og_locale":"fr_FR","og_type":"article","og_title":"Cyclo-cross Namur 2025 : Classement et r\u00e9sultats course hommes","og_description":"Retrouvez les r\u00e9sultats complets et le classement de la course hommes \u00e0 Namur (Belgique), quatri\u00e8me manche de la Coupe du monde de cyclo-cross 2025-2026.","og_url":"https:\/\/dicodusport.fr\/blog\/cyclo-cross-namur-2025-classement-et-resultats-course-hommes\/","og_site_name":"Dicodusport","article_publisher":"https:\/\/www.facebook.com\/dicodusport","article_author":"https:\/\/www.facebook.com\/florent.ostermann","article_published_time":"2025-12-14T15:11:49+00:00","og_image":[{"width":1200,"height":674,"url":"https:\/\/dicodusport.fr\/blog\/wp-content\/uploads\/2025\/12\/Cyclo-cross-Namur-2025-Classement-et-resultats-course-hommes.png","type":"image\/png"}],"author":"Flo Ostermann","twitter_card":"summary_large_image","twitter_creator":"@https:\/\/twitter.com\/FlOstermann","twitter_site":"@dicodusport","schema":{"@context":"https:\/\/schema.org","@graph":[{"@type":"NewsArticle","@id":"https:\/\/dicodusport.fr\/blog\/cyclo-cross-namur-2025-classement-et-resultats-course-hommes\/#article","isPartOf":{"@id":"https:\/\/dicodusport.fr\/blog\/cyclo-cross-namur-2025-classement-et-resultats-course-hommes\/"},"author":{"name":"Flo Ostermann","@id":"https:\/\/dicodusport.fr\/blog\/#\/schema\/person\/cb02af4c173ce4a653b55e9baf388d4a"},"headline":"Cyclo-cross Namur 2025 : Classement et r\u00e9sultats course hommes","datePublished":"2025-12-14T15:11:49+00:00","mainEntityOfPage":{"@id":"https:\/\/dicodusport.fr\/blog\/cyclo-cross-namur-2025-classement-et-resultats-course-hommes\/"},"wordCount":673,"commentCount":0,"publisher":{"@id":"https:\/\/dicodusport.fr\/blog\/#organization"},"image":{"@id":"https:\/\/dicodusport.fr\/blog\/cyclo-cross-namur-2025-classement-et-resultats-course-hommes\/#primaryimage"},"thumbnailUrl":"https:\/\/dicodusport.fr\/blog\/wp-content\/uploads\/2025\/12\/Cyclo-cross-Namur-2025-Classement-et-resultats-course-hommes.png","keywords":["br\u00e8ve","Coupe du monde de cyclo-cross","Cyclo-cross"],"articleSection":["Cyclo-cross"],"inLanguage":"fr-FR","potentialAction":[{"@type":"CommentAction","name":"Comment","target":["https:\/\/dicodusport.fr\/blog\/cyclo-cross-namur-2025-classement-et-resultats-course-hommes\/#respond"]}],"copyrightYear":"2025","copyrightHolder":{"@id":"https:\/\/dicodusport.fr\/blog\/#organization"}},{"@type":"WebPage","@id":"https:\/\/dicodusport.fr\/blog\/cyclo-cross-namur-2025-classement-et-resultats-course-hommes\/","url":"https:\/\/dicodusport.fr\/blog\/cyclo-cross-namur-2025-classement-et-resultats-course-hommes\/","name":"Cyclo-cross Namur 2025 : Classement et r\u00e9sultats course hommes","isPartOf":{"@id":"https:\/\/dicodusport.fr\/blog\/#website"},"primaryImageOfPage":{"@id":"https:\/\/dicodusport.fr\/blog\/cyclo-cross-namur-2025-classement-et-resultats-course-hommes\/#primaryimage"},"image":{"@id":"https:\/\/dicodusport.fr\/blog\/cyclo-cross-namur-2025-classement-et-resultats-course-hommes\/#primaryimage"},"thumbnailUrl":"https:\/\/dicodusport.fr\/blog\/wp-content\/uploads\/2025\/12\/Cyclo-cross-Namur-2025-Classement-et-resultats-course-hommes.png","datePublished":"2025-12-14T15:11:49+00:00","description":"Retrouvez les r\u00e9sultats complets et le classement de la course hommes \u00e0 Namur (Belgique), quatri\u00e8me manche de la Coupe du monde de cyclo-cross 2025-2026.","breadcrumb":{"@id":"https:\/\/dicodusport.fr\/blog\/cyclo-cross-namur-2025-classement-et-resultats-course-hommes\/#breadcrumb"},"inLanguage":"fr-FR","potentialAction":[{"@type":"ReadAction","target":["https:\/\/dicodusport.fr\/blog\/cyclo-cross-namur-2025-classement-et-resultats-course-hommes\/"]}]},{"@type":"ImageObject","inLanguage":"fr-FR","@id":"https:\/\/dicodusport.fr\/blog\/cyclo-cross-namur-2025-classement-et-resultats-course-hommes\/#primaryimage","url":"https:\/\/dicodusport.fr\/blog\/wp-content\/uploads\/2025\/12\/Cyclo-cross-Namur-2025-Classement-et-resultats-course-hommes.png","contentUrl":"https:\/\/dicodusport.fr\/blog\/wp-content\/uploads\/2025\/12\/Cyclo-cross-Namur-2025-Classement-et-resultats-course-hommes.png","width":1200,"height":674,"caption":"Cyclo-cross Namur 2025 Classement et r\u00e9sultats course hommes"},{"@type":"BreadcrumbList","@id":"https:\/\/dicodusport.fr\/blog\/cyclo-cross-namur-2025-classement-et-resultats-course-hommes\/#breadcrumb","itemListElement":[{"@type":"ListItem","position":1,"name":"Accueil","item":"https:\/\/dicodusport.fr\/blog\/"},{"@type":"ListItem","position":2,"name":"Cyclo-cross Namur 2025 : Classement et r\u00e9sultats course hommes"}]},{"@type":"WebSite","@id":"https:\/\/dicodusport.fr\/blog\/#website","url":"https:\/\/dicodusport.fr\/blog\/","name":"Dicodusport","description":"L&#039;encyclop\u00e9die de l&#039;actualit\u00e9 sportive","publisher":{"@id":"https:\/\/dicodusport.fr\/blog\/#organization"},"potentialAction":[{"@type":"SearchAction","target":{"@type":"EntryPoint","urlTemplate":"https:\/\/dicodusport.fr\/blog\/?s={search_term_string}"},"query-input":{"@type":"PropertyValueSpecification","valueRequired":true,"valueName":"search_term_string"}}],"inLanguage":"fr-FR"},{"@type":"NewsMediaOrganization","@id":"https:\/\/dicodusport.fr\/blog\/#organization","name":"Dicodusport","url":"https:\/\/dicodusport.fr\/blog\/","logo":{"@type":"ImageObject","inLanguage":"fr-FR","@id":"https:\/\/dicodusport.fr\/blog\/#\/schema\/logo\/image\/","url":"https:\/\/dicodusport.fr\/blog\/wp-content\/uploads\/2020\/06\/cropped-LOGO-DICODUSPORT-2020-SANS-FOND-SANS-TEXTE.png","contentUrl":"https:\/\/dicodusport.fr\/blog\/wp-content\/uploads\/2020\/06\/cropped-LOGO-DICODUSPORT-2020-SANS-FOND-SANS-TEXTE.png","width":512,"height":512,"caption":"Dicodusport"},"image":{"@id":"https:\/\/dicodusport.fr\/blog\/#\/schema\/logo\/image\/"},"sameAs":["https:\/\/www.facebook.com\/dicodusport","https:\/\/x.com\/dicodusport","https:\/\/www.instagram.com\/dicodusport\/","https:\/\/www.youtube.com\/channel\/UC7V2KZ5sd3htJivAbA4ZG3w"],"description":"Dicodusport est l'encyclop\u00e9die de l'actualit\u00e9 sportive.","email":"bonjour@dicodusport.fr","legalName":"DICODUSPORT","foundingDate":"2018-01-14","vatID":"FR71834470973","taxID":"83447097300043","numberOfEmployees":{"@type":"QuantitativeValue","minValue":"1","maxValue":"10"}},{"@type":"Person","@id":"https:\/\/dicodusport.fr\/blog\/#\/schema\/person\/cb02af4c173ce4a653b55e9baf388d4a","name":"Flo Ostermann","image":{"@type":"ImageObject","inLanguage":"fr-FR","@id":"https:\/\/dicodusport.fr\/blog\/#\/schema\/person\/image\/","url":"https:\/\/dicodusport.fr\/blog\/wp-content\/uploads\/2021\/05\/Flo-Ostermann-150x150.jpg","contentUrl":"https:\/\/dicodusport.fr\/blog\/wp-content\/uploads\/2021\/05\/Flo-Ostermann-150x150.jpg","caption":"Flo Ostermann"},"description":"Journaliste\/R\u00e9dacteur depuis septembre 2015 - Mes premiers souvenirs dans le sport ? Les envol\u00e9es du Stade Toulousain et les duels Villeneuve-Schumacher et H\u00e4kkinen-Schumacher \u00e0 la fin des ann\u00e9es 90, la Coupe du monde de football en 1998, l\u2019exploit du XV de France face aux All Blacks en 1999, mais aussi Richard C\u0153ur de Lion qui vole sur les montagnes du Tour de France. Bien parti pour devenir professeur d\u2019EPS, les \u00e9v\u00e9nements de la vie (et la flemme d\u2019animer des s\u00e9ances de 3x500 m\u00e8tres toute ma vie) m\u2019ont conduit \u00e0 revoir mes plans. Me voil\u00e0 depuis fin 2017 sur Dicodusport, m\u00e9dia gr\u00e2ce (et pour) lequel je partage ma passion : le sport dans tous ses \u00e9tats. Le tout accompagn\u00e9 par les fous furieux et folles furieuses cit\u00e9s sur cette page !","sameAs":["https:\/\/www.facebook.com\/florent.ostermann","https:\/\/x.com\/https:\/\/twitter.com\/FlOstermann","admin"],"url":"https:\/\/dicodusport.fr\/blog\/author\/flo\/"}]}},"_links":{"self":[{"href":"https:\/\/dicodusport.fr\/blog\/wp-json\/wp\/v2\/posts\/632249","targetHints":{"allow":["GET"]}}],"collection":[{"href":"https:\/\/dicodusport.fr\/blog\/wp-json\/wp\/v2\/posts"}],"about":[{"href":"https:\/\/dicodusport.fr\/blog\/wp-json\/wp\/v2\/types\/post"}],"author":[{"embeddable":true,"href":"https:\/\/dicodusport.fr\/blog\/wp-json\/wp\/v2\/users\/4"}],"replies":[{"embeddable":true,"href":"https:\/\/dicodusport.fr\/blog\/wp-json\/wp\/v2\/comments?post=632249"}],"version-history":[{"count":4,"href":"https:\/\/dicodusport.fr\/blog\/wp-json\/wp\/v2\/posts\/632249\/revisions"}],"predecessor-version":[{"id":632502,"href":"https:\/\/dicodusport.fr\/blog\/wp-json\/wp\/v2\/posts\/632249\/revisions\/632502"}],"wp:featuredmedia":[{"embeddable":true,"href":"https:\/\/dicodusport.fr\/blog\/wp-json\/wp\/v2\/media\/632255"}],"wp:attachment":[{"href":"https:\/\/dicodusport.fr\/blog\/wp-json\/wp\/v2\/media?parent=632249"}],"wp:term":[{"taxonomy":"category","embeddable":true,"href":"https:\/\/dicodusport.fr\/blog\/wp-json\/wp\/v2\/categories?post=632249"},{"taxonomy":"post_tag","embeddable":true,"href":"https:\/\/dicodusport.fr\/blog\/wp-json\/wp\/v2\/tags?post=632249"}],"curies":[{"name":"wp","href":"https:\/\/api.w.org\/{rel}","templated":true}]}}