{"id":632370,"date":"2025-12-14T15:49:33","date_gmt":"2025-12-14T14:49:33","guid":{"rendered":"https:\/\/dicodusport.fr\/blog\/?p=632370&#038;preview=true&#038;preview_id=632370"},"modified":"2025-12-14T15:49:33","modified_gmt":"2025-12-14T14:49:33","slug":"bayonne-rentre-les-valises-pleines-de-son-deplacement-chez-les-harlequins-en-champions-cup","status":"publish","type":"post","link":"https:\/\/dicodusport.fr\/blog\/bayonne-rentre-les-valises-pleines-de-son-deplacement-chez-les-harlequins-en-champions-cup\/","title":{"rendered":"Bayonne rentre les valises pleines de son d\u00e9placement chez les Harlequins en Champions Cup"},"content":{"rendered":"<p style=\"text-align: justify;\"><strong><em>CHAMPIONS CUP 2025-2026 &#8211; L&rsquo;Aviron Bayonnais reste \u00e0 l&rsquo;arr\u00eat apr\u00e8s une lourde d\u00e9faite \u00e0 z\u00e9ro point conc\u00e9d\u00e9e chez les Harlequins.\u00a0<\/em><\/strong><\/p>\n<ul style=\"text-align: justify;\">\n<li style=\"text-align: justify;\"><strong>\u00c0 ce sujet \u2014 <a href=\"https:\/\/dicodusport.fr\/blog\/champions-cup-2025-2026-calendrier-et-resultats-des-clubs-francais\/\">Champions Cup 2025-2026 : calendrier et r\u00e9sultats des clubs fran\u00e7ais<\/a><\/strong><\/li>\n<\/ul>\n<p style=\"text-align: justify;\">D\u00e8s son entr\u00e9e en piste en Rugby Champions Cup, l&rsquo;<strong>Aviron Bayonnais<\/strong> avait chut\u00e9, et pire, c&rsquo;\u00e9tait sur sa pelouse, contre les Stormers. Les chances de qualification \u00e9taient donc d\u00e9j\u00e0 \u00e9corn\u00e9es, et elles allaient quasiment \u00eatre an\u00e9anties sur les coups de 16 heures, si les Basques ne parvenaient pas \u00e0 ramener quelque chose de leur d\u00e9placement chez les Harlequins.<\/p>\n<div class=\"vlp-link-container vlp-layout-article\"><a href=\"https:\/\/dicodusport.fr\/blog\/les-stormers-douchent-jean-dauger-laviron-bayonnais-debute-la-champions-cup-par-une-defaite\/\" class=\"vlp-link\" title=\"Les Stormers douchent Jean-Dauger : l&#039;Aviron Bayonnais d\u00e9bute la Champions Cup par une d\u00e9faite\"><\/a><div class=\"vlp-layout-zone-side\"><div class=\"vlp-block-4 vlp-link-image\"><img loading=\"lazy\" decoding=\"async\" style=\"max-width: 792px;\" width=\"792\" height=\"445\" src=\"https:\/\/dicodusport.fr\/blog\/wp-content\/uploads\/2025\/12\/Les-Stormers-douchent-Jean-Dauger-lAviron-Bayonnais-debute-la-Champions-Cup-par-une-defaite.png\" class=\"attachment-800x445 size-800x445\" alt=\"Les Stormers douchent Jean-Dauger : l&#039;Aviron Bayonnais d\u00e9bute la Champions Cup par une d\u00e9faite\" srcset=\"https:\/\/dicodusport.fr\/blog\/wp-content\/uploads\/2025\/12\/Les-Stormers-douchent-Jean-Dauger-lAviron-Bayonnais-debute-la-Champions-Cup-par-une-defaite.png 1200w, https:\/\/dicodusport.fr\/blog\/wp-content\/uploads\/2025\/12\/Les-Stormers-douchent-Jean-Dauger-lAviron-Bayonnais-debute-la-Champions-Cup-par-une-defaite-300x169.png 300w, https:\/\/dicodusport.fr\/blog\/wp-content\/uploads\/2025\/12\/Les-Stormers-douchent-Jean-Dauger-lAviron-Bayonnais-debute-la-Champions-Cup-par-une-defaite-1024x575.png 1024w, https:\/\/dicodusport.fr\/blog\/wp-content\/uploads\/2025\/12\/Les-Stormers-douchent-Jean-Dauger-lAviron-Bayonnais-debute-la-Champions-Cup-par-une-defaite-768x431.png 768w\" sizes=\"auto, (max-width: 792px) 100vw, 792px\" \/><\/div><\/div><div class=\"vlp-layout-zone-main\"><div class=\"vlp-block-0 vlp-link-title\">Les Stormers douchent Jean-Dauger : l'Aviron Bayonnais d\u00e9bute la Champions Cup par une d\u00e9faite<\/div><div class=\"vlp-block-1 vlp-link-summary\">CHAMPIONS CUP 2025-2026 - L'Aviron Bayonnais s'est inclin\u00e9 \u00e0 domicile face aux Stormers (26-17), et a \u00e9t\u00e9 priv\u00e9 de bonus d\u00e9fensif \u00e0 la derni\u00e8re seconde.<\/div><div class=\"vlp-block-2 vlp-link-button\">Lire l'article<\/div><div class=\"vlp-block-3 vlp-link-url\">dicodusport.fr<\/div><\/div><\/div>\n<h2 style=\"text-align: justify;\">Rien \u00e0 faire<\/h2>\n<p style=\"text-align: justify;\">\u00c0 la pause, l&rsquo;affaire \u00e9tait d\u00e9j\u00e0 quasiment pli\u00e9e. Pendant plus de 20 minutes, pourtant, les Bayonnais ont tenu le choc, et repouss\u00e9 les innombrables attaques anglaises, men\u00e9es par un <strong>Marcus Smith<\/strong> qui alternait au maximum. Et puis, la digue a c\u00e9d\u00e9. Et quand elle a c\u00e9d\u00e9, c&rsquo;\u00e9tait pour de bon. Quatre essais en moins de 20 minutes, quand les Harlequins ont pass\u00e9 la seconde, les Basques n&rsquo;ont pas pu suivre. N\u00e9anmoins, ils avaient sauv\u00e9 l&rsquo;honneur via un essai de <strong>Lucas Paulos<\/strong>. De quoi r\u00eaver d&rsquo;un comeback ?<\/p>\n<blockquote class=\"twitter-tweet\">\n<p dir=\"ltr\" lang=\"fr\">PAULOSSS ouvre le compteur des Bayonnais \ud83d\udcaa<\/p>\n<p>Suivez notre direct \ud83d\udc49 <a href=\"https:\/\/t.co\/rH84CsjgpN\">https:\/\/t.co\/rH84CsjgpN<\/a><a href=\"https:\/\/twitter.com\/hashtag\/InvestecChampionsCup?src=hash&amp;ref_src=twsrc%5Etfw\">#InvestecChampionsCup<\/a> <a href=\"https:\/\/t.co\/eQhv3HkKa6\">pic.twitter.com\/eQhv3HkKa6<\/a><\/p>\n<p>\u2014 Investec Champions Cup France (@ChampionsCup_FR) <a href=\"https:\/\/twitter.com\/ChampionsCup_FR\/status\/2000200041592402122?ref_src=twsrc%5Etfw\">December 14, 2025<\/a><\/p><\/blockquote>\n<p style=\"text-align: justify;\"><script async src=\"https:\/\/platform.twitter.com\/widgets.js\" charset=\"utf-8\"><\/script><\/p>\n<p style=\"text-align: justify;\">Un essai de<strong> Will Porter<\/strong> en moins de trois minutes au retour des vestiaires mettait fin \u00e0 cette th\u00e9orie. Le pr\u00e9lude d&rsquo;une explosion des Basques, qui tentaient alors de se concentrer sur le point de bonus offensif, une strat\u00e9gie bien risqu\u00e9e, et finalement perdante. Certes, <strong>Tom Spring <\/strong>allait bien rajouter un essai, mais en \u00e9change, les Bayonnais allaient recevoir une avalanche d&rsquo;essais, avec notamment un <strong>Sam Riley<\/strong> qui allait signer un doubl\u00e9 en quatre minutes pour saler la note. <strong>68-14<\/strong>, deux matchs, z\u00e9ro point : Bayonne est bien mal parti pour voir le printemps europ\u00e9en\u2026<\/p>\n","protected":false},"excerpt":{"rendered":"<p>CHAMPIONS CUP 2025-2026 &#8211; L&rsquo;Aviron Bayonnais reste \u00e0 l&rsquo;arr\u00eat apr\u00e8s une lourde d\u00e9faite \u00e0 z\u00e9ro point conc\u00e9d\u00e9e chez les Harlequins.\u00a0<\/p>\n","protected":false},"author":59,"featured_media":632481,"comment_status":"open","ping_status":"closed","sticky":false,"template":"","format":"standard","meta":{"_acf_changed":false,"_daextam_enable_autolinks":"1","footnotes":""},"categories":[47051],"tags":[8158,16878,2823],"class_list":["post-632370","post","type-post","status-publish","format-standard","has-post-thumbnail","hentry","category-champions-cup","tag-aviron-bayonnais","tag-breve","tag-champions-cup"],"acf":[],"yoast_head":"<!-- This site is optimized with the Yoast SEO Premium plugin v26.7 (Yoast SEO v26.7) - https:\/\/yoast.com\/wordpress\/plugins\/seo\/ -->\n<title>Bayonne rentre les valises pleines de son d\u00e9placement chez les Harlequins en Champions Cup<\/title>\n<meta name=\"description\" content=\"CHAMPIONS CUP 2025-2026 - L&#039;Aviron Bayonnais reste \u00e0 l&#039;arr\u00eat apr\u00e8s une lourde d\u00e9faite \u00e0 z\u00e9ro point conc\u00e9d\u00e9e chez les Harlequins.\u00a0\" \/>\n<meta name=\"robots\" content=\"index, follow, max-snippet:-1, max-image-preview:large, max-video-preview:-1\" \/>\n<link rel=\"canonical\" href=\"https:\/\/dicodusport.fr\/blog\/bayonne-rentre-les-valises-pleines-de-son-deplacement-chez-les-harlequins-en-champions-cup\/\" \/>\n<meta property=\"og:locale\" content=\"fr_FR\" \/>\n<meta property=\"og:type\" content=\"article\" \/>\n<meta property=\"og:title\" content=\"Bayonne rentre les valises pleines de son d\u00e9placement chez les Harlequins en Champions Cup\" \/>\n<meta property=\"og:description\" content=\"CHAMPIONS CUP 2025-2026 - L&#039;Aviron Bayonnais reste \u00e0 l&#039;arr\u00eat apr\u00e8s une lourde d\u00e9faite \u00e0 z\u00e9ro point conc\u00e9d\u00e9e chez les Harlequins.\u00a0\" \/>\n<meta property=\"og:url\" content=\"https:\/\/dicodusport.fr\/blog\/bayonne-rentre-les-valises-pleines-de-son-deplacement-chez-les-harlequins-en-champions-cup\/\" \/>\n<meta property=\"og:site_name\" content=\"Dicodusport\" \/>\n<meta property=\"article:publisher\" content=\"https:\/\/www.facebook.com\/dicodusport\" \/>\n<meta property=\"article:author\" content=\"https:\/\/www.facebook.com\/sebastien.gente\/\" \/>\n<meta property=\"article:published_time\" content=\"2025-12-14T14:49:33+00:00\" \/>\n<meta property=\"og:image\" content=\"https:\/\/dicodusport.fr\/blog\/wp-content\/uploads\/2025\/12\/Bayonne-rentre-les-valises-pleines-de-son-deplacement-chez-les-Harlequins-en-Champions-Cup.png\" \/>\n\t<meta property=\"og:image:width\" content=\"1200\" \/>\n\t<meta property=\"og:image:height\" content=\"674\" \/>\n\t<meta property=\"og:image:type\" content=\"image\/png\" \/>\n<meta name=\"author\" content=\"S\u00e9bastien Gente\" \/>\n<meta name=\"twitter:card\" content=\"summary_large_image\" \/>\n<meta name=\"twitter:title\" content=\"Bayonne rentre les valises pleines de son d\u00e9placement chez les Harlequins en Champions Cup\" \/>\n<meta name=\"twitter:creator\" content=\"@https:\/\/twitter.com\/globulo24\" \/>\n<meta name=\"twitter:site\" content=\"@dicodusport\" \/>\n<script type=\"application\/ld+json\" class=\"yoast-schema-graph\">{\"@context\":\"https:\/\/schema.org\",\"@graph\":[{\"@type\":\"NewsArticle\",\"@id\":\"https:\/\/dicodusport.fr\/blog\/bayonne-rentre-les-valises-pleines-de-son-deplacement-chez-les-harlequins-en-champions-cup\/#article\",\"isPartOf\":{\"@id\":\"https:\/\/dicodusport.fr\/blog\/bayonne-rentre-les-valises-pleines-de-son-deplacement-chez-les-harlequins-en-champions-cup\/\"},\"author\":{\"name\":\"S\u00e9bastien Gente\",\"@id\":\"https:\/\/dicodusport.fr\/blog\/#\/schema\/person\/627966a6cde45dbd8c5e36ac85d783da\"},\"headline\":\"Bayonne rentre les valises pleines de son d\u00e9placement chez les Harlequins en Champions Cup\",\"datePublished\":\"2025-12-14T14:49:33+00:00\",\"mainEntityOfPage\":{\"@id\":\"https:\/\/dicodusport.fr\/blog\/bayonne-rentre-les-valises-pleines-de-son-deplacement-chez-les-harlequins-en-champions-cup\/\"},\"wordCount\":445,\"commentCount\":0,\"publisher\":{\"@id\":\"https:\/\/dicodusport.fr\/blog\/#organization\"},\"image\":{\"@id\":\"https:\/\/dicodusport.fr\/blog\/bayonne-rentre-les-valises-pleines-de-son-deplacement-chez-les-harlequins-en-champions-cup\/#primaryimage\"},\"thumbnailUrl\":\"https:\/\/dicodusport.fr\/blog\/wp-content\/uploads\/2025\/12\/Bayonne-rentre-les-valises-pleines-de-son-deplacement-chez-les-Harlequins-en-Champions-Cup.png\",\"keywords\":[\"Aviron Bayonnais\",\"br\u00e8ve\",\"Champions Cup\"],\"articleSection\":[\"Champions Cup\"],\"inLanguage\":\"fr-FR\",\"potentialAction\":[{\"@type\":\"CommentAction\",\"name\":\"Comment\",\"target\":[\"https:\/\/dicodusport.fr\/blog\/bayonne-rentre-les-valises-pleines-de-son-deplacement-chez-les-harlequins-en-champions-cup\/#respond\"]}],\"copyrightYear\":\"2025\",\"copyrightHolder\":{\"@id\":\"https:\/\/dicodusport.fr\/blog\/#organization\"}},{\"@type\":\"WebPage\",\"@id\":\"https:\/\/dicodusport.fr\/blog\/bayonne-rentre-les-valises-pleines-de-son-deplacement-chez-les-harlequins-en-champions-cup\/\",\"url\":\"https:\/\/dicodusport.fr\/blog\/bayonne-rentre-les-valises-pleines-de-son-deplacement-chez-les-harlequins-en-champions-cup\/\",\"name\":\"Bayonne rentre les valises pleines de son d\u00e9placement chez les Harlequins en Champions Cup\",\"isPartOf\":{\"@id\":\"https:\/\/dicodusport.fr\/blog\/#website\"},\"primaryImageOfPage\":{\"@id\":\"https:\/\/dicodusport.fr\/blog\/bayonne-rentre-les-valises-pleines-de-son-deplacement-chez-les-harlequins-en-champions-cup\/#primaryimage\"},\"image\":{\"@id\":\"https:\/\/dicodusport.fr\/blog\/bayonne-rentre-les-valises-pleines-de-son-deplacement-chez-les-harlequins-en-champions-cup\/#primaryimage\"},\"thumbnailUrl\":\"https:\/\/dicodusport.fr\/blog\/wp-content\/uploads\/2025\/12\/Bayonne-rentre-les-valises-pleines-de-son-deplacement-chez-les-Harlequins-en-Champions-Cup.png\",\"datePublished\":\"2025-12-14T14:49:33+00:00\",\"description\":\"CHAMPIONS CUP 2025-2026 - L'Aviron Bayonnais reste \u00e0 l'arr\u00eat apr\u00e8s une lourde d\u00e9faite \u00e0 z\u00e9ro point conc\u00e9d\u00e9e chez les Harlequins.\u00a0\",\"breadcrumb\":{\"@id\":\"https:\/\/dicodusport.fr\/blog\/bayonne-rentre-les-valises-pleines-de-son-deplacement-chez-les-harlequins-en-champions-cup\/#breadcrumb\"},\"inLanguage\":\"fr-FR\",\"potentialAction\":[{\"@type\":\"ReadAction\",\"target\":[\"https:\/\/dicodusport.fr\/blog\/bayonne-rentre-les-valises-pleines-de-son-deplacement-chez-les-harlequins-en-champions-cup\/\"]}]},{\"@type\":\"ImageObject\",\"inLanguage\":\"fr-FR\",\"@id\":\"https:\/\/dicodusport.fr\/blog\/bayonne-rentre-les-valises-pleines-de-son-deplacement-chez-les-harlequins-en-champions-cup\/#primaryimage\",\"url\":\"https:\/\/dicodusport.fr\/blog\/wp-content\/uploads\/2025\/12\/Bayonne-rentre-les-valises-pleines-de-son-deplacement-chez-les-Harlequins-en-Champions-Cup.png\",\"contentUrl\":\"https:\/\/dicodusport.fr\/blog\/wp-content\/uploads\/2025\/12\/Bayonne-rentre-les-valises-pleines-de-son-deplacement-chez-les-Harlequins-en-Champions-Cup.png\",\"width\":1200,\"height\":674,\"caption\":\"Bayonne rentre les valises pleines de son d\u00e9placement chez les Harlequins en Champions Cup\"},{\"@type\":\"BreadcrumbList\",\"@id\":\"https:\/\/dicodusport.fr\/blog\/bayonne-rentre-les-valises-pleines-de-son-deplacement-chez-les-harlequins-en-champions-cup\/#breadcrumb\",\"itemListElement\":[{\"@type\":\"ListItem\",\"position\":1,\"name\":\"Accueil\",\"item\":\"https:\/\/dicodusport.fr\/blog\/\"},{\"@type\":\"ListItem\",\"position\":2,\"name\":\"Bayonne rentre les valises pleines de son d\u00e9placement chez les Harlequins en Champions Cup\"}]},{\"@type\":\"WebSite\",\"@id\":\"https:\/\/dicodusport.fr\/blog\/#website\",\"url\":\"https:\/\/dicodusport.fr\/blog\/\",\"name\":\"Dicodusport\",\"description\":\"L&#039;encyclop\u00e9die de l&#039;actualit\u00e9 sportive\",\"publisher\":{\"@id\":\"https:\/\/dicodusport.fr\/blog\/#organization\"},\"potentialAction\":[{\"@type\":\"SearchAction\",\"target\":{\"@type\":\"EntryPoint\",\"urlTemplate\":\"https:\/\/dicodusport.fr\/blog\/?s={search_term_string}\"},\"query-input\":{\"@type\":\"PropertyValueSpecification\",\"valueRequired\":true,\"valueName\":\"search_term_string\"}}],\"inLanguage\":\"fr-FR\"},{\"@type\":\"NewsMediaOrganization\",\"@id\":\"https:\/\/dicodusport.fr\/blog\/#organization\",\"name\":\"Dicodusport\",\"url\":\"https:\/\/dicodusport.fr\/blog\/\",\"logo\":{\"@type\":\"ImageObject\",\"inLanguage\":\"fr-FR\",\"@id\":\"https:\/\/dicodusport.fr\/blog\/#\/schema\/logo\/image\/\",\"url\":\"https:\/\/dicodusport.fr\/blog\/wp-content\/uploads\/2020\/06\/cropped-LOGO-DICODUSPORT-2020-SANS-FOND-SANS-TEXTE.png\",\"contentUrl\":\"https:\/\/dicodusport.fr\/blog\/wp-content\/uploads\/2020\/06\/cropped-LOGO-DICODUSPORT-2020-SANS-FOND-SANS-TEXTE.png\",\"width\":512,\"height\":512,\"caption\":\"Dicodusport\"},\"image\":{\"@id\":\"https:\/\/dicodusport.fr\/blog\/#\/schema\/logo\/image\/\"},\"sameAs\":[\"https:\/\/www.facebook.com\/dicodusport\",\"https:\/\/x.com\/dicodusport\",\"https:\/\/www.instagram.com\/dicodusport\/\",\"https:\/\/www.youtube.com\/channel\/UC7V2KZ5sd3htJivAbA4ZG3w\"],\"description\":\"Dicodusport est l'encyclop\u00e9die de l'actualit\u00e9 sportive.\",\"email\":\"bonjour@dicodusport.fr\",\"legalName\":\"DICODUSPORT\",\"foundingDate\":\"2018-01-14\",\"vatID\":\"FR71834470973\",\"taxID\":\"83447097300043\",\"numberOfEmployees\":{\"@type\":\"QuantitativeValue\",\"minValue\":\"1\",\"maxValue\":\"10\"}},{\"@type\":\"Person\",\"@id\":\"https:\/\/dicodusport.fr\/blog\/#\/schema\/person\/627966a6cde45dbd8c5e36ac85d783da\",\"name\":\"S\u00e9bastien Gente\",\"image\":{\"@type\":\"ImageObject\",\"inLanguage\":\"fr-FR\",\"@id\":\"https:\/\/dicodusport.fr\/blog\/#\/schema\/person\/image\/\",\"url\":\"https:\/\/dicodusport.fr\/blog\/wp-content\/uploads\/2021\/09\/1510990_10205810251400683_4124423575079401707_n-150x150.jpg\",\"contentUrl\":\"https:\/\/dicodusport.fr\/blog\/wp-content\/uploads\/2021\/09\/1510990_10205810251400683_4124423575079401707_n-150x150.jpg\",\"caption\":\"S\u00e9bastien Gente\"},\"description\":\"John Stockton, Gianni Bugno, Zinedine Zidane, Steffi Graf, Frode Andresen, St\u00e9phane Stoecklin, Davis Kamoga, Primoz Peterka, Werner Schlager et Aur\u00e9lien Rougerie. Point commun entre ces sportifs? Ils m'ont fait r\u00eaver et ont berc\u00e9 mon adolescence. Je suis un fondu de sports et j'essaie de retranscrire ma passion \u00e0 travers mes articles. Originaire du P\u00e9rigord, ma passion pour les Girondins, les Jaunards et les Jazzmen transpire dans mes \u00e9crits. \u00c0 Dicodusport depuis 2021, je d\u00e9niche les sports m\u00e9connus dans lesquels la France brille, et il y en a !\",\"sameAs\":[\"https:\/\/www.facebook.com\/sebastien.gente\/\",\"https:\/\/www.instagram.com\/sebgente\/\",\"https:\/\/www.linkedin.com\/in\/sbastien-gente-a29583169\/\",\"https:\/\/x.com\/https:\/\/twitter.com\/globulo24\",\"SebastienGente\"],\"worksFor\":\"S\u00e9bastien GENTE\",\"url\":\"https:\/\/dicodusport.fr\/blog\/author\/sebastiengente\/\"}]}<\/script>\n<!-- \/ Yoast SEO Premium plugin. -->","yoast_head_json":{"title":"Bayonne rentre les valises pleines de son d\u00e9placement chez les Harlequins en Champions Cup","description":"CHAMPIONS CUP 2025-2026 - L'Aviron Bayonnais reste \u00e0 l'arr\u00eat apr\u00e8s une lourde d\u00e9faite \u00e0 z\u00e9ro point conc\u00e9d\u00e9e chez les Harlequins.\u00a0","robots":{"index":"index","follow":"follow","max-snippet":"max-snippet:-1","max-image-preview":"max-image-preview:large","max-video-preview":"max-video-preview:-1"},"canonical":"https:\/\/dicodusport.fr\/blog\/bayonne-rentre-les-valises-pleines-de-son-deplacement-chez-les-harlequins-en-champions-cup\/","og_locale":"fr_FR","og_type":"article","og_title":"Bayonne rentre les valises pleines de son d\u00e9placement chez les Harlequins en Champions Cup","og_description":"CHAMPIONS CUP 2025-2026 - L'Aviron Bayonnais reste \u00e0 l'arr\u00eat apr\u00e8s une lourde d\u00e9faite \u00e0 z\u00e9ro point conc\u00e9d\u00e9e chez les Harlequins.\u00a0","og_url":"https:\/\/dicodusport.fr\/blog\/bayonne-rentre-les-valises-pleines-de-son-deplacement-chez-les-harlequins-en-champions-cup\/","og_site_name":"Dicodusport","article_publisher":"https:\/\/www.facebook.com\/dicodusport","article_author":"https:\/\/www.facebook.com\/sebastien.gente\/","article_published_time":"2025-12-14T14:49:33+00:00","og_image":[{"width":1200,"height":674,"url":"https:\/\/dicodusport.fr\/blog\/wp-content\/uploads\/2025\/12\/Bayonne-rentre-les-valises-pleines-de-son-deplacement-chez-les-Harlequins-en-Champions-Cup.png","type":"image\/png"}],"author":"S\u00e9bastien Gente","twitter_card":"summary_large_image","twitter_title":"Bayonne rentre les valises pleines de son d\u00e9placement chez les Harlequins en Champions Cup","twitter_creator":"@https:\/\/twitter.com\/globulo24","twitter_site":"@dicodusport","schema":{"@context":"https:\/\/schema.org","@graph":[{"@type":"NewsArticle","@id":"https:\/\/dicodusport.fr\/blog\/bayonne-rentre-les-valises-pleines-de-son-deplacement-chez-les-harlequins-en-champions-cup\/#article","isPartOf":{"@id":"https:\/\/dicodusport.fr\/blog\/bayonne-rentre-les-valises-pleines-de-son-deplacement-chez-les-harlequins-en-champions-cup\/"},"author":{"name":"S\u00e9bastien Gente","@id":"https:\/\/dicodusport.fr\/blog\/#\/schema\/person\/627966a6cde45dbd8c5e36ac85d783da"},"headline":"Bayonne rentre les valises pleines de son d\u00e9placement chez les Harlequins en Champions Cup","datePublished":"2025-12-14T14:49:33+00:00","mainEntityOfPage":{"@id":"https:\/\/dicodusport.fr\/blog\/bayonne-rentre-les-valises-pleines-de-son-deplacement-chez-les-harlequins-en-champions-cup\/"},"wordCount":445,"commentCount":0,"publisher":{"@id":"https:\/\/dicodusport.fr\/blog\/#organization"},"image":{"@id":"https:\/\/dicodusport.fr\/blog\/bayonne-rentre-les-valises-pleines-de-son-deplacement-chez-les-harlequins-en-champions-cup\/#primaryimage"},"thumbnailUrl":"https:\/\/dicodusport.fr\/blog\/wp-content\/uploads\/2025\/12\/Bayonne-rentre-les-valises-pleines-de-son-deplacement-chez-les-Harlequins-en-Champions-Cup.png","keywords":["Aviron Bayonnais","br\u00e8ve","Champions Cup"],"articleSection":["Champions Cup"],"inLanguage":"fr-FR","potentialAction":[{"@type":"CommentAction","name":"Comment","target":["https:\/\/dicodusport.fr\/blog\/bayonne-rentre-les-valises-pleines-de-son-deplacement-chez-les-harlequins-en-champions-cup\/#respond"]}],"copyrightYear":"2025","copyrightHolder":{"@id":"https:\/\/dicodusport.fr\/blog\/#organization"}},{"@type":"WebPage","@id":"https:\/\/dicodusport.fr\/blog\/bayonne-rentre-les-valises-pleines-de-son-deplacement-chez-les-harlequins-en-champions-cup\/","url":"https:\/\/dicodusport.fr\/blog\/bayonne-rentre-les-valises-pleines-de-son-deplacement-chez-les-harlequins-en-champions-cup\/","name":"Bayonne rentre les valises pleines de son d\u00e9placement chez les Harlequins en Champions Cup","isPartOf":{"@id":"https:\/\/dicodusport.fr\/blog\/#website"},"primaryImageOfPage":{"@id":"https:\/\/dicodusport.fr\/blog\/bayonne-rentre-les-valises-pleines-de-son-deplacement-chez-les-harlequins-en-champions-cup\/#primaryimage"},"image":{"@id":"https:\/\/dicodusport.fr\/blog\/bayonne-rentre-les-valises-pleines-de-son-deplacement-chez-les-harlequins-en-champions-cup\/#primaryimage"},"thumbnailUrl":"https:\/\/dicodusport.fr\/blog\/wp-content\/uploads\/2025\/12\/Bayonne-rentre-les-valises-pleines-de-son-deplacement-chez-les-Harlequins-en-Champions-Cup.png","datePublished":"2025-12-14T14:49:33+00:00","description":"CHAMPIONS CUP 2025-2026 - L'Aviron Bayonnais reste \u00e0 l'arr\u00eat apr\u00e8s une lourde d\u00e9faite \u00e0 z\u00e9ro point conc\u00e9d\u00e9e chez les Harlequins.\u00a0","breadcrumb":{"@id":"https:\/\/dicodusport.fr\/blog\/bayonne-rentre-les-valises-pleines-de-son-deplacement-chez-les-harlequins-en-champions-cup\/#breadcrumb"},"inLanguage":"fr-FR","potentialAction":[{"@type":"ReadAction","target":["https:\/\/dicodusport.fr\/blog\/bayonne-rentre-les-valises-pleines-de-son-deplacement-chez-les-harlequins-en-champions-cup\/"]}]},{"@type":"ImageObject","inLanguage":"fr-FR","@id":"https:\/\/dicodusport.fr\/blog\/bayonne-rentre-les-valises-pleines-de-son-deplacement-chez-les-harlequins-en-champions-cup\/#primaryimage","url":"https:\/\/dicodusport.fr\/blog\/wp-content\/uploads\/2025\/12\/Bayonne-rentre-les-valises-pleines-de-son-deplacement-chez-les-Harlequins-en-Champions-Cup.png","contentUrl":"https:\/\/dicodusport.fr\/blog\/wp-content\/uploads\/2025\/12\/Bayonne-rentre-les-valises-pleines-de-son-deplacement-chez-les-Harlequins-en-Champions-Cup.png","width":1200,"height":674,"caption":"Bayonne rentre les valises pleines de son d\u00e9placement chez les Harlequins en Champions Cup"},{"@type":"BreadcrumbList","@id":"https:\/\/dicodusport.fr\/blog\/bayonne-rentre-les-valises-pleines-de-son-deplacement-chez-les-harlequins-en-champions-cup\/#breadcrumb","itemListElement":[{"@type":"ListItem","position":1,"name":"Accueil","item":"https:\/\/dicodusport.fr\/blog\/"},{"@type":"ListItem","position":2,"name":"Bayonne rentre les valises pleines de son d\u00e9placement chez les Harlequins en Champions Cup"}]},{"@type":"WebSite","@id":"https:\/\/dicodusport.fr\/blog\/#website","url":"https:\/\/dicodusport.fr\/blog\/","name":"Dicodusport","description":"L&#039;encyclop\u00e9die de l&#039;actualit\u00e9 sportive","publisher":{"@id":"https:\/\/dicodusport.fr\/blog\/#organization"},"potentialAction":[{"@type":"SearchAction","target":{"@type":"EntryPoint","urlTemplate":"https:\/\/dicodusport.fr\/blog\/?s={search_term_string}"},"query-input":{"@type":"PropertyValueSpecification","valueRequired":true,"valueName":"search_term_string"}}],"inLanguage":"fr-FR"},{"@type":"NewsMediaOrganization","@id":"https:\/\/dicodusport.fr\/blog\/#organization","name":"Dicodusport","url":"https:\/\/dicodusport.fr\/blog\/","logo":{"@type":"ImageObject","inLanguage":"fr-FR","@id":"https:\/\/dicodusport.fr\/blog\/#\/schema\/logo\/image\/","url":"https:\/\/dicodusport.fr\/blog\/wp-content\/uploads\/2020\/06\/cropped-LOGO-DICODUSPORT-2020-SANS-FOND-SANS-TEXTE.png","contentUrl":"https:\/\/dicodusport.fr\/blog\/wp-content\/uploads\/2020\/06\/cropped-LOGO-DICODUSPORT-2020-SANS-FOND-SANS-TEXTE.png","width":512,"height":512,"caption":"Dicodusport"},"image":{"@id":"https:\/\/dicodusport.fr\/blog\/#\/schema\/logo\/image\/"},"sameAs":["https:\/\/www.facebook.com\/dicodusport","https:\/\/x.com\/dicodusport","https:\/\/www.instagram.com\/dicodusport\/","https:\/\/www.youtube.com\/channel\/UC7V2KZ5sd3htJivAbA4ZG3w"],"description":"Dicodusport est l'encyclop\u00e9die de l'actualit\u00e9 sportive.","email":"bonjour@dicodusport.fr","legalName":"DICODUSPORT","foundingDate":"2018-01-14","vatID":"FR71834470973","taxID":"83447097300043","numberOfEmployees":{"@type":"QuantitativeValue","minValue":"1","maxValue":"10"}},{"@type":"Person","@id":"https:\/\/dicodusport.fr\/blog\/#\/schema\/person\/627966a6cde45dbd8c5e36ac85d783da","name":"S\u00e9bastien Gente","image":{"@type":"ImageObject","inLanguage":"fr-FR","@id":"https:\/\/dicodusport.fr\/blog\/#\/schema\/person\/image\/","url":"https:\/\/dicodusport.fr\/blog\/wp-content\/uploads\/2021\/09\/1510990_10205810251400683_4124423575079401707_n-150x150.jpg","contentUrl":"https:\/\/dicodusport.fr\/blog\/wp-content\/uploads\/2021\/09\/1510990_10205810251400683_4124423575079401707_n-150x150.jpg","caption":"S\u00e9bastien Gente"},"description":"John Stockton, Gianni Bugno, Zinedine Zidane, Steffi Graf, Frode Andresen, St\u00e9phane Stoecklin, Davis Kamoga, Primoz Peterka, Werner Schlager et Aur\u00e9lien Rougerie. Point commun entre ces sportifs? Ils m'ont fait r\u00eaver et ont berc\u00e9 mon adolescence. Je suis un fondu de sports et j'essaie de retranscrire ma passion \u00e0 travers mes articles. Originaire du P\u00e9rigord, ma passion pour les Girondins, les Jaunards et les Jazzmen transpire dans mes \u00e9crits. \u00c0 Dicodusport depuis 2021, je d\u00e9niche les sports m\u00e9connus dans lesquels la France brille, et il y en a !","sameAs":["https:\/\/www.facebook.com\/sebastien.gente\/","https:\/\/www.instagram.com\/sebgente\/","https:\/\/www.linkedin.com\/in\/sbastien-gente-a29583169\/","https:\/\/x.com\/https:\/\/twitter.com\/globulo24","SebastienGente"],"worksFor":"S\u00e9bastien GENTE","url":"https:\/\/dicodusport.fr\/blog\/author\/sebastiengente\/"}]}},"_links":{"self":[{"href":"https:\/\/dicodusport.fr\/blog\/wp-json\/wp\/v2\/posts\/632370","targetHints":{"allow":["GET"]}}],"collection":[{"href":"https:\/\/dicodusport.fr\/blog\/wp-json\/wp\/v2\/posts"}],"about":[{"href":"https:\/\/dicodusport.fr\/blog\/wp-json\/wp\/v2\/types\/post"}],"author":[{"embeddable":true,"href":"https:\/\/dicodusport.fr\/blog\/wp-json\/wp\/v2\/users\/59"}],"replies":[{"embeddable":true,"href":"https:\/\/dicodusport.fr\/blog\/wp-json\/wp\/v2\/comments?post=632370"}],"version-history":[{"count":1,"href":"https:\/\/dicodusport.fr\/blog\/wp-json\/wp\/v2\/posts\/632370\/revisions"}],"predecessor-version":[{"id":632487,"href":"https:\/\/dicodusport.fr\/blog\/wp-json\/wp\/v2\/posts\/632370\/revisions\/632487"}],"wp:featuredmedia":[{"embeddable":true,"href":"https:\/\/dicodusport.fr\/blog\/wp-json\/wp\/v2\/media\/632481"}],"wp:attachment":[{"href":"https:\/\/dicodusport.fr\/blog\/wp-json\/wp\/v2\/media?parent=632370"}],"wp:term":[{"taxonomy":"category","embeddable":true,"href":"https:\/\/dicodusport.fr\/blog\/wp-json\/wp\/v2\/categories?post=632370"},{"taxonomy":"post_tag","embeddable":true,"href":"https:\/\/dicodusport.fr\/blog\/wp-json\/wp\/v2\/tags?post=632370"}],"curies":[{"name":"wp","href":"https:\/\/api.w.org\/{rel}","templated":true}]}}