{"id":632429,"date":"2025-12-14T16:15:13","date_gmt":"2025-12-14T15:15:13","guid":{"rendered":"https:\/\/dicodusport.fr\/blog\/?p=632429&#038;preview=true&#038;preview_id=632429"},"modified":"2025-12-14T19:10:12","modified_gmt":"2025-12-14T18:10:12","slug":"pour-sa-rentree-en-cyclo-cross-mathieu-van-der-poel-triomphe-a-namur-devant-thibau-nys","status":"publish","type":"post","link":"https:\/\/dicodusport.fr\/blog\/pour-sa-rentree-en-cyclo-cross-mathieu-van-der-poel-triomphe-a-namur-devant-thibau-nys\/","title":{"rendered":"Pour sa rentr\u00e9e en cyclo-cross, Mathieu van der Poel triomphe \u00e0 Namur devant Thibau Nys"},"content":{"rendered":"<p style=\"text-align: justify;\"><em><strong>COUPE DU MONDE DE CYCLO-CROSS 2025-2026 &#8211; Au terme d&rsquo;une course disput\u00e9e, <span dir=\"auto\">Mathieu van der Poel <\/span>a rafl\u00e9 la mise \u00e0 Namur devant <span dir=\"auto\">Thibau Nys<\/span>.<\/strong><\/em><\/p>\n<ul style=\"text-align: justify;\">\n<li style=\"text-align: justify;\"><strong>\u00c0 ce sujet &#8211; <a href=\"https:\/\/dicodusport.fr\/blog\/cyclo-cross-coupe-du-monde-2025-2026-calendrier-complet-dates-et-horaires\/\">Cyclo-cross Coupe du monde 2025-2026 \u2013 Calendrier complet, dates et horaires<\/a><\/strong><\/li>\n<\/ul>\n<p style=\"text-align: justify;\">La <strong>Coupe du monde de cyclo-cross<\/strong> s&rsquo;est arr\u00eat\u00e9e ce <strong>dimanche 14 d\u00e9cembre 2025<\/strong> \u00e0 <strong>Namur<\/strong> en Belgique pour l\u2019une des courses les plus spectaculaires et exigeantes de la saison avec son trac\u00e9 mythique de la <strong>Citadelle <\/strong>avec l&rsquo;enchainement de mont\u00e9es extr\u00eamement raides dont une avec des pav\u00e9s, portages r\u00e9p\u00e9t\u00e9s, descentes pi\u00e9geuses ainsi que des d\u00e9vers exigeants sur un terrain lourd. <strong><span dir=\"auto\">Mathieu van der Poel<\/span><\/strong><span dir=\"auto\"> a lanc\u00e9 sa saison de cyclo-cross cet apr\u00e8s-midi.<\/span><\/p>\n<ul style=\"text-align: justify;\">\n<li><strong>\u00c0 ce sujet \u2013\u00a0<a href=\"https:\/\/dicodusport.fr\/blog\/classement-general-actualise-de-la-coupe-du-monde-cyclo-cross-hommes-2025-2026\/\">Classement g\u00e9n\u00e9ral actualis\u00e9 de la Coupe du monde cyclo-cross hommes 2025-2026<\/a><\/strong><\/li>\n<\/ul>\n<p style=\"text-align: justify;\"><span dir=\"auto\">Le N\u00e9erlandais s&rsquo;y est d\u00e9j\u00e0 impos\u00e9 \u00e0 six reprises en neuf participations, mais sa derni\u00e8re participation remontait \u00e0 2020. Le leader de la Coupe du monde <strong>Thibau Nys<\/strong>, absent en Sardaigne la semaine derni\u00e8re, est invaincu lors de ses trois derni\u00e8res courses et pourrait bien \u00eatre le principal adversaire de <strong>van der Poel<\/strong>. <strong>Joris Nieuwenhuis<\/strong>, <strong>Laurens Sweeck, <\/strong>le champion d&rsquo;Europe<strong> Toon Aerts<\/strong> et\u00a0<strong>Michael Vanthourenhout \u00e9<\/strong>taient \u00e9galement des pr\u00e9tendants s\u00e9rieux. Le champion des Pays-Bas\u00a0<strong>Tibor Del Grosso\u00a0<\/strong>a fait \u00e9galement son retour \u00e0 la comp\u00e9tition apr\u00e8s une longue saison sur route.\u00a0<\/span><\/p>\n<p style=\"text-align: justify;\">Parti en troisi\u00e8me ligne, <strong>Mathieu van der Poel<\/strong> a d&rsquo;abord mis cinq minutes pour rejoindre les avant-postes de la course alors que<strong> Toon Vandebosch<\/strong> avait pris un excellent d\u00e9part. MVDP a ensuite pris les devants dans la seconde moiti\u00e9 du premier tour pour \u00e9tirer le peloton tandis que <span dir=\"auto\"><strong>Thibau Nys<\/strong><\/span> a gliss\u00e9 au pied d&rsquo;un mur de terre.<\/p>\n<h2 style=\"text-align: justify;\">VDP a d\u00fb s&#8217;employer<\/h2>\n<p style=\"text-align: justify;\">Dans le deuxi\u00e8me tour, <span dir=\"auto\"><strong>Thibau Nys<\/strong><\/span> a attaqu\u00e9 une premi\u00e8re fois dans le long d\u00e9vers mais les autres concurrents ont r\u00e9agi. <strong>Mathieu van der Poel<\/strong> est rest\u00e9, quant \u00e0 lui, un peu en retrait. La grande s\u00e9lection s&rsquo;est faute dans le troisi\u00e8me tour \u00e0 l&rsquo;initiative de <strong>Lars van der Haar<\/strong> pour constituer un groupe de quatre en t\u00eate de la course avec <span dir=\"auto\"><strong>Thibau Nys<\/strong><\/span>, <span dir=\"auto\"><strong>Michael Vanthourenhout<\/strong><\/span> et <strong>Mathieu van der Poel<\/strong>. Derri\u00e8re, <strong>Emiel Verstrynge<\/strong> n&rsquo;a jamais pu revenir sur le groupe de t\u00eate.<\/p>\n<p style=\"text-align: justify;\">Par la suite, <strong>Mathieu van der Poel<\/strong> a chut\u00e9 dans une descente. Cette chute l&rsquo;a oblig\u00e9 \u00e0 un petit effort pour revenir sur le trio de t\u00eate. Dans le cinqui\u00e8me tour, <span dir=\"auto\"><strong>Thibau Nys<\/strong><\/span> a port\u00e9 une deuxi\u00e8me attaque dans le cinqui\u00e8me tour alors que Lars van der Haar a laiss\u00e9 un trou. Seul, MV a suivi le champion de Belgique. Mais, Mathieu van der Poel a bouch\u00e9 le trou progressivement, mettant un peu en difficult\u00e9 son compatriote. <span dir=\"auto\"><strong>Thibau Nys <\/strong><\/span>a tent\u00e9 en vain \u00e0 nouveau sa chance dans le septi\u00e8me tour mais <strong>Mathieu van der Poel <\/strong>est rest\u00e9 dans le sillage du leader de la Coupe du monde. Tr\u00e8s attendu aujourd&rsquo;hui, <strong>Cameron Mason<\/strong> a abandonn\u00e9.<\/p>\n<blockquote class=\"twitter-tweet\">\n<p dir=\"ltr\" lang=\"fr\">Et \u00e0 la fin&#8230; c&rsquo;est Van der Poel qui gagne ! Nouveau succ\u00e8s \u00e0 Namur pour son grand retour <a href=\"https:\/\/twitter.com\/hashtag\/CXWorldCup?src=hash&amp;ref_src=twsrc%5Etfw\">#CXWorldCup<\/a> <a href=\"https:\/\/twitter.com\/hashtag\/HomeOfCycling?src=hash&amp;ref_src=twsrc%5Etfw\">#HomeOfCycling<\/a> <a href=\"https:\/\/t.co\/aglK1taVlr\">pic.twitter.com\/aglK1taVlr<\/a><\/p>\n<p>\u2014 Eurosport France (@Eurosport_FR) <a href=\"https:\/\/twitter.com\/Eurosport_FR\/status\/2000224122924671080?ref_src=twsrc%5Etfw\">December 14, 2025<\/a><\/p><\/blockquote>\n<p><script async src=\"https:\/\/platform.twitter.com\/widgets.js\" charset=\"utf-8\"><\/script><\/p>\n<p style=\"text-align: justify;\">Finalement, <span dir=\"auto\"><strong>Thibau Nys<\/strong><\/span> a commis une faute dans un demi-tour, laissant l&rsquo;ouverture \u00e0 <strong>Mathieu van der Poel.<\/strong> Ce dernier a profit\u00e9 des deux portions montantes pour faire le trou d\u00e9finitivement pour s&rsquo;imposer avec 9 secondes d&rsquo;avance sur <span dir=\"auto\"><strong>Thibau Nys <\/strong><\/span>et 11 secondes sur <span dir=\"auto\"><strong>Michael Vanthourenhout<\/strong><\/span>. Lars van der Haar a termin\u00e9 quatri\u00e8me \u00e0 12 secondes.<\/p>\n<ul>\n<li style=\"text-align: justify;\"><strong>\u00c0 ce sujet &#8211; <a href=\"https:\/\/dicodusport.fr\/blog\/cyclo-cross-namur-2025-classement-et-resultats-course-hommes\/\">Cyclo-cross Namur 2025 : Classement et r\u00e9sultats course hommes<\/a><\/strong><\/li>\n<\/ul>\n","protected":false},"excerpt":{"rendered":"<p>COUPE DU MONDE DE CYCLO-CROSS 2025-2026 &#8211; Au terme d&rsquo;une course disput\u00e9e, Mathieu van der Poel a rafl\u00e9 la mise \u00e0 Namur devant Thibau Nys.<\/p>\n","protected":false},"author":48,"featured_media":632579,"comment_status":"open","ping_status":"closed","sticky":false,"template":"","format":"standard","meta":{"_acf_changed":false,"_daextam_enable_autolinks":"1","footnotes":""},"categories":[9611],"tags":[16878,20902,6666],"class_list":["post-632429","post","type-post","status-publish","format-standard","has-post-thumbnail","hentry","category-cyclo-cross","tag-breve","tag-coupe-du-monde-de-cyclo-cross","tag-cyclo-cross"],"acf":[],"yoast_head":"<!-- This site is optimized with the Yoast SEO Premium plugin v26.7 (Yoast SEO v26.7) - https:\/\/yoast.com\/wordpress\/plugins\/seo\/ -->\n<title>Pour sa rentr\u00e9e en cyclo-cross, Mathieu van der Poel triomphe \u00e0 Namur devant Thibau Nys<\/title>\n<meta name=\"description\" content=\"COUPE DU MONDE DE CYCLO-CROSS 2025-2026 - Au terme d&#039;une course disput\u00e9e, Mathieu van der Poel a rafl\u00e9 la mise \u00e0 Namur devant Thibau Nys.\" \/>\n<meta name=\"robots\" content=\"index, follow, max-snippet:-1, max-image-preview:large, max-video-preview:-1\" \/>\n<link rel=\"canonical\" href=\"https:\/\/dicodusport.fr\/blog\/pour-sa-rentree-en-cyclo-cross-mathieu-van-der-poel-triomphe-a-namur-devant-thibau-nys\/\" \/>\n<meta property=\"og:locale\" content=\"fr_FR\" \/>\n<meta property=\"og:type\" content=\"article\" \/>\n<meta property=\"og:title\" content=\"Pour sa rentr\u00e9e en cyclo-cross, Mathieu van der Poel triomphe \u00e0 Namur devant Thibau Nys\" \/>\n<meta property=\"og:description\" content=\"COUPE DU MONDE DE CYCLO-CROSS 2025-2026 - Au terme d&#039;une course disput\u00e9e, Mathieu van der Poel a rafl\u00e9 la mise \u00e0 Namur devant Thibau Nys.\" \/>\n<meta property=\"og:url\" content=\"https:\/\/dicodusport.fr\/blog\/pour-sa-rentree-en-cyclo-cross-mathieu-van-der-poel-triomphe-a-namur-devant-thibau-nys\/\" \/>\n<meta property=\"og:site_name\" content=\"Dicodusport\" \/>\n<meta property=\"article:publisher\" content=\"https:\/\/www.facebook.com\/dicodusport\" \/>\n<meta property=\"article:author\" content=\"https:\/\/www.facebook.com\/groups\/LesRoisDuPeloton\" \/>\n<meta property=\"article:published_time\" content=\"2025-12-14T15:15:13+00:00\" \/>\n<meta property=\"article:modified_time\" content=\"2025-12-14T18:10:12+00:00\" \/>\n<meta property=\"og:image\" content=\"https:\/\/dicodusport.fr\/blog\/wp-content\/uploads\/2025\/12\/Pour-sa-rentree-en-cyclo-cross-Mathieu-van-der-Poel-triomphe-a-Namur-devant-Thibau-Nys-1.png\" \/>\n\t<meta property=\"og:image:width\" content=\"1200\" \/>\n\t<meta property=\"og:image:height\" content=\"674\" \/>\n\t<meta property=\"og:image:type\" content=\"image\/png\" \/>\n<meta name=\"author\" content=\"Emilien Descampiaux\" \/>\n<meta name=\"twitter:card\" content=\"summary_large_image\" \/>\n<meta name=\"twitter:creator\" content=\"@https:\/\/twitter.com\/LRoisDuPeloton\" \/>\n<meta name=\"twitter:site\" content=\"@dicodusport\" \/>\n<script type=\"application\/ld+json\" class=\"yoast-schema-graph\">{\"@context\":\"https:\/\/schema.org\",\"@graph\":[{\"@type\":\"NewsArticle\",\"@id\":\"https:\/\/dicodusport.fr\/blog\/pour-sa-rentree-en-cyclo-cross-mathieu-van-der-poel-triomphe-a-namur-devant-thibau-nys\/#article\",\"isPartOf\":{\"@id\":\"https:\/\/dicodusport.fr\/blog\/pour-sa-rentree-en-cyclo-cross-mathieu-van-der-poel-triomphe-a-namur-devant-thibau-nys\/\"},\"author\":{\"name\":\"Emilien Descampiaux\",\"@id\":\"https:\/\/dicodusport.fr\/blog\/#\/schema\/person\/6db4bae06b171592211be385b32876a7\"},\"headline\":\"Pour sa rentr\u00e9e en cyclo-cross, Mathieu van der Poel triomphe \u00e0 Namur devant Thibau Nys\",\"datePublished\":\"2025-12-14T15:15:13+00:00\",\"dateModified\":\"2025-12-14T18:10:12+00:00\",\"mainEntityOfPage\":{\"@id\":\"https:\/\/dicodusport.fr\/blog\/pour-sa-rentree-en-cyclo-cross-mathieu-van-der-poel-triomphe-a-namur-devant-thibau-nys\/\"},\"wordCount\":628,\"commentCount\":0,\"publisher\":{\"@id\":\"https:\/\/dicodusport.fr\/blog\/#organization\"},\"image\":{\"@id\":\"https:\/\/dicodusport.fr\/blog\/pour-sa-rentree-en-cyclo-cross-mathieu-van-der-poel-triomphe-a-namur-devant-thibau-nys\/#primaryimage\"},\"thumbnailUrl\":\"https:\/\/dicodusport.fr\/blog\/wp-content\/uploads\/2025\/12\/Pour-sa-rentree-en-cyclo-cross-Mathieu-van-der-Poel-triomphe-a-Namur-devant-Thibau-Nys-1.png\",\"keywords\":[\"br\u00e8ve\",\"Coupe du monde de cyclo-cross\",\"Cyclo-cross\"],\"articleSection\":[\"Cyclo-cross\"],\"inLanguage\":\"fr-FR\",\"potentialAction\":[{\"@type\":\"CommentAction\",\"name\":\"Comment\",\"target\":[\"https:\/\/dicodusport.fr\/blog\/pour-sa-rentree-en-cyclo-cross-mathieu-van-der-poel-triomphe-a-namur-devant-thibau-nys\/#respond\"]}],\"copyrightYear\":\"2025\",\"copyrightHolder\":{\"@id\":\"https:\/\/dicodusport.fr\/blog\/#organization\"}},{\"@type\":\"WebPage\",\"@id\":\"https:\/\/dicodusport.fr\/blog\/pour-sa-rentree-en-cyclo-cross-mathieu-van-der-poel-triomphe-a-namur-devant-thibau-nys\/\",\"url\":\"https:\/\/dicodusport.fr\/blog\/pour-sa-rentree-en-cyclo-cross-mathieu-van-der-poel-triomphe-a-namur-devant-thibau-nys\/\",\"name\":\"Pour sa rentr\u00e9e en cyclo-cross, Mathieu van der Poel triomphe \u00e0 Namur devant Thibau Nys\",\"isPartOf\":{\"@id\":\"https:\/\/dicodusport.fr\/blog\/#website\"},\"primaryImageOfPage\":{\"@id\":\"https:\/\/dicodusport.fr\/blog\/pour-sa-rentree-en-cyclo-cross-mathieu-van-der-poel-triomphe-a-namur-devant-thibau-nys\/#primaryimage\"},\"image\":{\"@id\":\"https:\/\/dicodusport.fr\/blog\/pour-sa-rentree-en-cyclo-cross-mathieu-van-der-poel-triomphe-a-namur-devant-thibau-nys\/#primaryimage\"},\"thumbnailUrl\":\"https:\/\/dicodusport.fr\/blog\/wp-content\/uploads\/2025\/12\/Pour-sa-rentree-en-cyclo-cross-Mathieu-van-der-Poel-triomphe-a-Namur-devant-Thibau-Nys-1.png\",\"datePublished\":\"2025-12-14T15:15:13+00:00\",\"dateModified\":\"2025-12-14T18:10:12+00:00\",\"description\":\"COUPE DU MONDE DE CYCLO-CROSS 2025-2026 - Au terme d'une course disput\u00e9e, Mathieu van der Poel a rafl\u00e9 la mise \u00e0 Namur devant Thibau Nys.\",\"breadcrumb\":{\"@id\":\"https:\/\/dicodusport.fr\/blog\/pour-sa-rentree-en-cyclo-cross-mathieu-van-der-poel-triomphe-a-namur-devant-thibau-nys\/#breadcrumb\"},\"inLanguage\":\"fr-FR\",\"potentialAction\":[{\"@type\":\"ReadAction\",\"target\":[\"https:\/\/dicodusport.fr\/blog\/pour-sa-rentree-en-cyclo-cross-mathieu-van-der-poel-triomphe-a-namur-devant-thibau-nys\/\"]}]},{\"@type\":\"ImageObject\",\"inLanguage\":\"fr-FR\",\"@id\":\"https:\/\/dicodusport.fr\/blog\/pour-sa-rentree-en-cyclo-cross-mathieu-van-der-poel-triomphe-a-namur-devant-thibau-nys\/#primaryimage\",\"url\":\"https:\/\/dicodusport.fr\/blog\/wp-content\/uploads\/2025\/12\/Pour-sa-rentree-en-cyclo-cross-Mathieu-van-der-Poel-triomphe-a-Namur-devant-Thibau-Nys-1.png\",\"contentUrl\":\"https:\/\/dicodusport.fr\/blog\/wp-content\/uploads\/2025\/12\/Pour-sa-rentree-en-cyclo-cross-Mathieu-van-der-Poel-triomphe-a-Namur-devant-Thibau-Nys-1.png\",\"width\":1200,\"height\":674,\"caption\":\"Pour sa rentr\u00e9e en cyclo-cross, Mathieu van der Poel triomphe \u00e0 Namur devant Thibau Nys\"},{\"@type\":\"BreadcrumbList\",\"@id\":\"https:\/\/dicodusport.fr\/blog\/pour-sa-rentree-en-cyclo-cross-mathieu-van-der-poel-triomphe-a-namur-devant-thibau-nys\/#breadcrumb\",\"itemListElement\":[{\"@type\":\"ListItem\",\"position\":1,\"name\":\"Accueil\",\"item\":\"https:\/\/dicodusport.fr\/blog\/\"},{\"@type\":\"ListItem\",\"position\":2,\"name\":\"Pour sa rentr\u00e9e en cyclo-cross, Mathieu van der Poel triomphe \u00e0 Namur devant Thibau Nys\"}]},{\"@type\":\"WebSite\",\"@id\":\"https:\/\/dicodusport.fr\/blog\/#website\",\"url\":\"https:\/\/dicodusport.fr\/blog\/\",\"name\":\"Dicodusport\",\"description\":\"L&#039;encyclop\u00e9die de l&#039;actualit\u00e9 sportive\",\"publisher\":{\"@id\":\"https:\/\/dicodusport.fr\/blog\/#organization\"},\"potentialAction\":[{\"@type\":\"SearchAction\",\"target\":{\"@type\":\"EntryPoint\",\"urlTemplate\":\"https:\/\/dicodusport.fr\/blog\/?s={search_term_string}\"},\"query-input\":{\"@type\":\"PropertyValueSpecification\",\"valueRequired\":true,\"valueName\":\"search_term_string\"}}],\"inLanguage\":\"fr-FR\"},{\"@type\":\"NewsMediaOrganization\",\"@id\":\"https:\/\/dicodusport.fr\/blog\/#organization\",\"name\":\"Dicodusport\",\"url\":\"https:\/\/dicodusport.fr\/blog\/\",\"logo\":{\"@type\":\"ImageObject\",\"inLanguage\":\"fr-FR\",\"@id\":\"https:\/\/dicodusport.fr\/blog\/#\/schema\/logo\/image\/\",\"url\":\"https:\/\/dicodusport.fr\/blog\/wp-content\/uploads\/2020\/06\/cropped-LOGO-DICODUSPORT-2020-SANS-FOND-SANS-TEXTE.png\",\"contentUrl\":\"https:\/\/dicodusport.fr\/blog\/wp-content\/uploads\/2020\/06\/cropped-LOGO-DICODUSPORT-2020-SANS-FOND-SANS-TEXTE.png\",\"width\":512,\"height\":512,\"caption\":\"Dicodusport\"},\"image\":{\"@id\":\"https:\/\/dicodusport.fr\/blog\/#\/schema\/logo\/image\/\"},\"sameAs\":[\"https:\/\/www.facebook.com\/dicodusport\",\"https:\/\/x.com\/dicodusport\",\"https:\/\/www.instagram.com\/dicodusport\/\",\"https:\/\/www.youtube.com\/channel\/UC7V2KZ5sd3htJivAbA4ZG3w\"],\"description\":\"Dicodusport est l'encyclop\u00e9die de l'actualit\u00e9 sportive.\",\"email\":\"bonjour@dicodusport.fr\",\"legalName\":\"DICODUSPORT\",\"foundingDate\":\"2018-01-14\",\"vatID\":\"FR71834470973\",\"taxID\":\"83447097300043\",\"numberOfEmployees\":{\"@type\":\"QuantitativeValue\",\"minValue\":\"1\",\"maxValue\":\"10\"}},{\"@type\":\"Person\",\"@id\":\"https:\/\/dicodusport.fr\/blog\/#\/schema\/person\/6db4bae06b171592211be385b32876a7\",\"name\":\"Emilien Descampiaux\",\"image\":{\"@type\":\"ImageObject\",\"inLanguage\":\"fr-FR\",\"@id\":\"https:\/\/dicodusport.fr\/blog\/#\/schema\/person\/image\/\",\"url\":\"https:\/\/dicodusport.fr\/blog\/wp-content\/uploads\/2021\/05\/Emilien-Descampiaux-150x150.jpg\",\"contentUrl\":\"https:\/\/dicodusport.fr\/blog\/wp-content\/uploads\/2021\/05\/Emilien-Descampiaux-150x150.jpg\",\"caption\":\"Emilien Descampiaux\"},\"description\":\"Journaliste\/r\u00e9dacteur depuis 2014 - Fan de la classe de Frank Vandenbroucke, je vis cyclisme (et de ses paysages) depuis plus de 20 ans. Je suis tr\u00e8s impliqu\u00e9 sur mes diff\u00e9rents r\u00e9seaux sociaux pour partager ma passion sur le monde et l'Histoire de la bicyclette avec ma voix sur les images en noir et blanc du succ\u00e8s de Rik Van Steenbergen lors du Ronde sur le V\u00e9lodrome de Gand.\",\"sameAs\":[\"https:\/\/www.facebook.com\/groups\/LesRoisDuPeloton\",\"https:\/\/x.com\/https:\/\/twitter.com\/LRoisDuPeloton\"],\"url\":\"https:\/\/dicodusport.fr\/blog\/author\/emiliend\/\"}]}<\/script>\n<!-- \/ Yoast SEO Premium plugin. -->","yoast_head_json":{"title":"Pour sa rentr\u00e9e en cyclo-cross, Mathieu van der Poel triomphe \u00e0 Namur devant Thibau Nys","description":"COUPE DU MONDE DE CYCLO-CROSS 2025-2026 - Au terme d'une course disput\u00e9e, Mathieu van der Poel a rafl\u00e9 la mise \u00e0 Namur devant Thibau Nys.","robots":{"index":"index","follow":"follow","max-snippet":"max-snippet:-1","max-image-preview":"max-image-preview:large","max-video-preview":"max-video-preview:-1"},"canonical":"https:\/\/dicodusport.fr\/blog\/pour-sa-rentree-en-cyclo-cross-mathieu-van-der-poel-triomphe-a-namur-devant-thibau-nys\/","og_locale":"fr_FR","og_type":"article","og_title":"Pour sa rentr\u00e9e en cyclo-cross, Mathieu van der Poel triomphe \u00e0 Namur devant Thibau Nys","og_description":"COUPE DU MONDE DE CYCLO-CROSS 2025-2026 - Au terme d'une course disput\u00e9e, Mathieu van der Poel a rafl\u00e9 la mise \u00e0 Namur devant Thibau Nys.","og_url":"https:\/\/dicodusport.fr\/blog\/pour-sa-rentree-en-cyclo-cross-mathieu-van-der-poel-triomphe-a-namur-devant-thibau-nys\/","og_site_name":"Dicodusport","article_publisher":"https:\/\/www.facebook.com\/dicodusport","article_author":"https:\/\/www.facebook.com\/groups\/LesRoisDuPeloton","article_published_time":"2025-12-14T15:15:13+00:00","article_modified_time":"2025-12-14T18:10:12+00:00","og_image":[{"width":1200,"height":674,"url":"https:\/\/dicodusport.fr\/blog\/wp-content\/uploads\/2025\/12\/Pour-sa-rentree-en-cyclo-cross-Mathieu-van-der-Poel-triomphe-a-Namur-devant-Thibau-Nys-1.png","type":"image\/png"}],"author":"Emilien Descampiaux","twitter_card":"summary_large_image","twitter_creator":"@https:\/\/twitter.com\/LRoisDuPeloton","twitter_site":"@dicodusport","schema":{"@context":"https:\/\/schema.org","@graph":[{"@type":"NewsArticle","@id":"https:\/\/dicodusport.fr\/blog\/pour-sa-rentree-en-cyclo-cross-mathieu-van-der-poel-triomphe-a-namur-devant-thibau-nys\/#article","isPartOf":{"@id":"https:\/\/dicodusport.fr\/blog\/pour-sa-rentree-en-cyclo-cross-mathieu-van-der-poel-triomphe-a-namur-devant-thibau-nys\/"},"author":{"name":"Emilien Descampiaux","@id":"https:\/\/dicodusport.fr\/blog\/#\/schema\/person\/6db4bae06b171592211be385b32876a7"},"headline":"Pour sa rentr\u00e9e en cyclo-cross, Mathieu van der Poel triomphe \u00e0 Namur devant Thibau Nys","datePublished":"2025-12-14T15:15:13+00:00","dateModified":"2025-12-14T18:10:12+00:00","mainEntityOfPage":{"@id":"https:\/\/dicodusport.fr\/blog\/pour-sa-rentree-en-cyclo-cross-mathieu-van-der-poel-triomphe-a-namur-devant-thibau-nys\/"},"wordCount":628,"commentCount":0,"publisher":{"@id":"https:\/\/dicodusport.fr\/blog\/#organization"},"image":{"@id":"https:\/\/dicodusport.fr\/blog\/pour-sa-rentree-en-cyclo-cross-mathieu-van-der-poel-triomphe-a-namur-devant-thibau-nys\/#primaryimage"},"thumbnailUrl":"https:\/\/dicodusport.fr\/blog\/wp-content\/uploads\/2025\/12\/Pour-sa-rentree-en-cyclo-cross-Mathieu-van-der-Poel-triomphe-a-Namur-devant-Thibau-Nys-1.png","keywords":["br\u00e8ve","Coupe du monde de cyclo-cross","Cyclo-cross"],"articleSection":["Cyclo-cross"],"inLanguage":"fr-FR","potentialAction":[{"@type":"CommentAction","name":"Comment","target":["https:\/\/dicodusport.fr\/blog\/pour-sa-rentree-en-cyclo-cross-mathieu-van-der-poel-triomphe-a-namur-devant-thibau-nys\/#respond"]}],"copyrightYear":"2025","copyrightHolder":{"@id":"https:\/\/dicodusport.fr\/blog\/#organization"}},{"@type":"WebPage","@id":"https:\/\/dicodusport.fr\/blog\/pour-sa-rentree-en-cyclo-cross-mathieu-van-der-poel-triomphe-a-namur-devant-thibau-nys\/","url":"https:\/\/dicodusport.fr\/blog\/pour-sa-rentree-en-cyclo-cross-mathieu-van-der-poel-triomphe-a-namur-devant-thibau-nys\/","name":"Pour sa rentr\u00e9e en cyclo-cross, Mathieu van der Poel triomphe \u00e0 Namur devant Thibau Nys","isPartOf":{"@id":"https:\/\/dicodusport.fr\/blog\/#website"},"primaryImageOfPage":{"@id":"https:\/\/dicodusport.fr\/blog\/pour-sa-rentree-en-cyclo-cross-mathieu-van-der-poel-triomphe-a-namur-devant-thibau-nys\/#primaryimage"},"image":{"@id":"https:\/\/dicodusport.fr\/blog\/pour-sa-rentree-en-cyclo-cross-mathieu-van-der-poel-triomphe-a-namur-devant-thibau-nys\/#primaryimage"},"thumbnailUrl":"https:\/\/dicodusport.fr\/blog\/wp-content\/uploads\/2025\/12\/Pour-sa-rentree-en-cyclo-cross-Mathieu-van-der-Poel-triomphe-a-Namur-devant-Thibau-Nys-1.png","datePublished":"2025-12-14T15:15:13+00:00","dateModified":"2025-12-14T18:10:12+00:00","description":"COUPE DU MONDE DE CYCLO-CROSS 2025-2026 - Au terme d'une course disput\u00e9e, Mathieu van der Poel a rafl\u00e9 la mise \u00e0 Namur devant Thibau Nys.","breadcrumb":{"@id":"https:\/\/dicodusport.fr\/blog\/pour-sa-rentree-en-cyclo-cross-mathieu-van-der-poel-triomphe-a-namur-devant-thibau-nys\/#breadcrumb"},"inLanguage":"fr-FR","potentialAction":[{"@type":"ReadAction","target":["https:\/\/dicodusport.fr\/blog\/pour-sa-rentree-en-cyclo-cross-mathieu-van-der-poel-triomphe-a-namur-devant-thibau-nys\/"]}]},{"@type":"ImageObject","inLanguage":"fr-FR","@id":"https:\/\/dicodusport.fr\/blog\/pour-sa-rentree-en-cyclo-cross-mathieu-van-der-poel-triomphe-a-namur-devant-thibau-nys\/#primaryimage","url":"https:\/\/dicodusport.fr\/blog\/wp-content\/uploads\/2025\/12\/Pour-sa-rentree-en-cyclo-cross-Mathieu-van-der-Poel-triomphe-a-Namur-devant-Thibau-Nys-1.png","contentUrl":"https:\/\/dicodusport.fr\/blog\/wp-content\/uploads\/2025\/12\/Pour-sa-rentree-en-cyclo-cross-Mathieu-van-der-Poel-triomphe-a-Namur-devant-Thibau-Nys-1.png","width":1200,"height":674,"caption":"Pour sa rentr\u00e9e en cyclo-cross, Mathieu van der Poel triomphe \u00e0 Namur devant Thibau Nys"},{"@type":"BreadcrumbList","@id":"https:\/\/dicodusport.fr\/blog\/pour-sa-rentree-en-cyclo-cross-mathieu-van-der-poel-triomphe-a-namur-devant-thibau-nys\/#breadcrumb","itemListElement":[{"@type":"ListItem","position":1,"name":"Accueil","item":"https:\/\/dicodusport.fr\/blog\/"},{"@type":"ListItem","position":2,"name":"Pour sa rentr\u00e9e en cyclo-cross, Mathieu van der Poel triomphe \u00e0 Namur devant Thibau Nys"}]},{"@type":"WebSite","@id":"https:\/\/dicodusport.fr\/blog\/#website","url":"https:\/\/dicodusport.fr\/blog\/","name":"Dicodusport","description":"L&#039;encyclop\u00e9die de l&#039;actualit\u00e9 sportive","publisher":{"@id":"https:\/\/dicodusport.fr\/blog\/#organization"},"potentialAction":[{"@type":"SearchAction","target":{"@type":"EntryPoint","urlTemplate":"https:\/\/dicodusport.fr\/blog\/?s={search_term_string}"},"query-input":{"@type":"PropertyValueSpecification","valueRequired":true,"valueName":"search_term_string"}}],"inLanguage":"fr-FR"},{"@type":"NewsMediaOrganization","@id":"https:\/\/dicodusport.fr\/blog\/#organization","name":"Dicodusport","url":"https:\/\/dicodusport.fr\/blog\/","logo":{"@type":"ImageObject","inLanguage":"fr-FR","@id":"https:\/\/dicodusport.fr\/blog\/#\/schema\/logo\/image\/","url":"https:\/\/dicodusport.fr\/blog\/wp-content\/uploads\/2020\/06\/cropped-LOGO-DICODUSPORT-2020-SANS-FOND-SANS-TEXTE.png","contentUrl":"https:\/\/dicodusport.fr\/blog\/wp-content\/uploads\/2020\/06\/cropped-LOGO-DICODUSPORT-2020-SANS-FOND-SANS-TEXTE.png","width":512,"height":512,"caption":"Dicodusport"},"image":{"@id":"https:\/\/dicodusport.fr\/blog\/#\/schema\/logo\/image\/"},"sameAs":["https:\/\/www.facebook.com\/dicodusport","https:\/\/x.com\/dicodusport","https:\/\/www.instagram.com\/dicodusport\/","https:\/\/www.youtube.com\/channel\/UC7V2KZ5sd3htJivAbA4ZG3w"],"description":"Dicodusport est l'encyclop\u00e9die de l'actualit\u00e9 sportive.","email":"bonjour@dicodusport.fr","legalName":"DICODUSPORT","foundingDate":"2018-01-14","vatID":"FR71834470973","taxID":"83447097300043","numberOfEmployees":{"@type":"QuantitativeValue","minValue":"1","maxValue":"10"}},{"@type":"Person","@id":"https:\/\/dicodusport.fr\/blog\/#\/schema\/person\/6db4bae06b171592211be385b32876a7","name":"Emilien Descampiaux","image":{"@type":"ImageObject","inLanguage":"fr-FR","@id":"https:\/\/dicodusport.fr\/blog\/#\/schema\/person\/image\/","url":"https:\/\/dicodusport.fr\/blog\/wp-content\/uploads\/2021\/05\/Emilien-Descampiaux-150x150.jpg","contentUrl":"https:\/\/dicodusport.fr\/blog\/wp-content\/uploads\/2021\/05\/Emilien-Descampiaux-150x150.jpg","caption":"Emilien Descampiaux"},"description":"Journaliste\/r\u00e9dacteur depuis 2014 - Fan de la classe de Frank Vandenbroucke, je vis cyclisme (et de ses paysages) depuis plus de 20 ans. Je suis tr\u00e8s impliqu\u00e9 sur mes diff\u00e9rents r\u00e9seaux sociaux pour partager ma passion sur le monde et l'Histoire de la bicyclette avec ma voix sur les images en noir et blanc du succ\u00e8s de Rik Van Steenbergen lors du Ronde sur le V\u00e9lodrome de Gand.","sameAs":["https:\/\/www.facebook.com\/groups\/LesRoisDuPeloton","https:\/\/x.com\/https:\/\/twitter.com\/LRoisDuPeloton"],"url":"https:\/\/dicodusport.fr\/blog\/author\/emiliend\/"}]}},"_links":{"self":[{"href":"https:\/\/dicodusport.fr\/blog\/wp-json\/wp\/v2\/posts\/632429","targetHints":{"allow":["GET"]}}],"collection":[{"href":"https:\/\/dicodusport.fr\/blog\/wp-json\/wp\/v2\/posts"}],"about":[{"href":"https:\/\/dicodusport.fr\/blog\/wp-json\/wp\/v2\/types\/post"}],"author":[{"embeddable":true,"href":"https:\/\/dicodusport.fr\/blog\/wp-json\/wp\/v2\/users\/48"}],"replies":[{"embeddable":true,"href":"https:\/\/dicodusport.fr\/blog\/wp-json\/wp\/v2\/comments?post=632429"}],"version-history":[{"count":5,"href":"https:\/\/dicodusport.fr\/blog\/wp-json\/wp\/v2\/posts\/632429\/revisions"}],"predecessor-version":[{"id":632519,"href":"https:\/\/dicodusport.fr\/blog\/wp-json\/wp\/v2\/posts\/632429\/revisions\/632519"}],"wp:featuredmedia":[{"embeddable":true,"href":"https:\/\/dicodusport.fr\/blog\/wp-json\/wp\/v2\/media\/632579"}],"wp:attachment":[{"href":"https:\/\/dicodusport.fr\/blog\/wp-json\/wp\/v2\/media?parent=632429"}],"wp:term":[{"taxonomy":"category","embeddable":true,"href":"https:\/\/dicodusport.fr\/blog\/wp-json\/wp\/v2\/categories?post=632429"},{"taxonomy":"post_tag","embeddable":true,"href":"https:\/\/dicodusport.fr\/blog\/wp-json\/wp\/v2\/tags?post=632429"}],"curies":[{"name":"wp","href":"https:\/\/api.w.org\/{rel}","templated":true}]}}