{"id":632545,"date":"2025-12-14T18:45:29","date_gmt":"2025-12-14T17:45:29","guid":{"rendered":"https:\/\/dicodusport.fr\/blog\/?p=632545&#038;preview=true&#038;preview_id=632545"},"modified":"2025-12-14T18:45:29","modified_gmt":"2025-12-14T17:45:29","slug":"les-championnats-de-france-de-sprint-en-ski-alpinisme-ont-rendu-leur-verdict-emily-harrop-et-robin-galindo-sacres","status":"publish","type":"post","link":"https:\/\/dicodusport.fr\/blog\/les-championnats-de-france-de-sprint-en-ski-alpinisme-ont-rendu-leur-verdict-emily-harrop-et-robin-galindo-sacres\/","title":{"rendered":"Les championnats de France de sprint en ski alpinisme ont rendu leur verdict\u00a0: Emily Harrop et\u00a0Robin Galindo sacr\u00e9s"},"content":{"rendered":"<p style=\"text-align: justify;\"><strong><em>SKI ALPINISME \u2013 Ce dimanche, Emily Harrop et Robin Galindo ont tous deux d\u00e9croch\u00e9 le titre de champion de France du sprint.<\/em><\/strong><\/p>\n<p style=\"text-align: justify;\">Au lendemain des vertical race, le week-end de <strong>championnats de France<\/strong> a suivi son cours \u00e0 <strong>M\u00e9ribel-Mottaret<\/strong> avec l\u2019\u00e9preuve olympique du <strong>sprint<\/strong>. Pour l\u2019occasion, les regards \u00e9taient naturellement tourn\u00e9s vers l\u2019\u00e9pouvantail de la sp\u00e9cialit\u00e9, <strong>Emily Harrop<\/strong>.<\/p>\n<div class=\"vlp-link-container vlp-layout-article\"><a href=\"https:\/\/dicodusport.fr\/blog\/les-specialistes-de-la-vertical-race-axelle-gachet-mollaret-et-samuel-equy-sacres-champions-de-france\/\" class=\"vlp-link\" title=\"Les sp\u00e9cialistes de la vertical race Axelle Gachet-Mollaret et Samuel Equy sacr\u00e9s champions de France\"><\/a><div class=\"vlp-layout-zone-side\"><div class=\"vlp-block-4 vlp-link-image\"><img loading=\"lazy\" decoding=\"async\" style=\"max-width: 792px;\" width=\"792\" height=\"445\" src=\"https:\/\/dicodusport.fr\/blog\/wp-content\/uploads\/2025\/12\/Les-specialistes-de-la-vertical-race-Axelle-Gachet-Mollaret-et-Samuel-Equy-sacres-champions-de-France.png\" class=\"attachment-800x445 size-800x445\" alt=\"Les sp\u00e9cialistes de la vertical race Axelle Gachet-Mollaret et Samuel Equy sacr\u00e9s champions de France\" srcset=\"https:\/\/dicodusport.fr\/blog\/wp-content\/uploads\/2025\/12\/Les-specialistes-de-la-vertical-race-Axelle-Gachet-Mollaret-et-Samuel-Equy-sacres-champions-de-France.png 1200w, https:\/\/dicodusport.fr\/blog\/wp-content\/uploads\/2025\/12\/Les-specialistes-de-la-vertical-race-Axelle-Gachet-Mollaret-et-Samuel-Equy-sacres-champions-de-France-300x169.png 300w, https:\/\/dicodusport.fr\/blog\/wp-content\/uploads\/2025\/12\/Les-specialistes-de-la-vertical-race-Axelle-Gachet-Mollaret-et-Samuel-Equy-sacres-champions-de-France-1024x575.png 1024w, https:\/\/dicodusport.fr\/blog\/wp-content\/uploads\/2025\/12\/Les-specialistes-de-la-vertical-race-Axelle-Gachet-Mollaret-et-Samuel-Equy-sacres-champions-de-France-768x431.png 768w\" sizes=\"auto, (max-width: 792px) 100vw, 792px\" \/><\/div><\/div><div class=\"vlp-layout-zone-main\"><div class=\"vlp-block-0 vlp-link-title\">Les sp\u00e9cialistes de la vertical race Axelle Gachet-Mollaret et Samuel Equy sacr\u00e9s champions de France<\/div><div class=\"vlp-block-1 vlp-link-summary\">SKI ALPINISME - Ce samedi, Samuel Equy et Axelle Gachet-Mollaret ont remport\u00e9 les titres de champions de France de la vertical race.\u00a0<\/div><div class=\"vlp-block-2 vlp-link-button\">Lire l'article<\/div><div class=\"vlp-block-3 vlp-link-url\">dicodusport.fr<\/div><\/div><\/div>\n<h2 style=\"text-align: justify;\">Emily Harrop conserve son titre sans trembler<\/h2>\n<p style=\"text-align: justify;\">Auteure d\u2019un retour convaincant \u00e0 la comp\u00e9tition samedi avec sa m\u00e9daille d\u2019argent obtenue derri\u00e8re Axelle Gachet-Mollaret, la multiple vainqueure du gros globe a montr\u00e9 que les sensations \u00e9taient bien l\u00e0 en s\u2019adjugeant un nouveau titre dans la sp\u00e9cialit\u00e9. <strong>Invaincue sur le format dans l&rsquo;hexagone depuis sa premi\u00e8re victoire en 2022<\/strong>, elle a confirm\u00e9 sa souverainet\u00e9 dans une \u00e9preuve o\u00f9 sa suppos\u00e9e principale concurrente, Margot Ravinel, n&rsquo;\u00e9tait pas pr\u00e9sente.<\/p>\n<p style=\"text-align: justify;\">Derri\u00e8re l&rsquo;intouchable Harrop, qui a trust\u00e9 la 1\u00e8re place des qualifications \u00e0 la finale, l&rsquo;ancienne double championne de France de la sp\u00e9cialit\u00e9, L\u00e9na Bonnel, s&rsquo;est empar\u00e9e de l&rsquo;argent. Elle devance sur la bo\u00eete une autre habitu\u00e9e des podiums nationaux et mondiaux, <strong>C\u00e9lia Perillat-Pessey.<\/strong><\/p>\n<p>\u00a0<iframe loading=\"lazy\" style=\"border: none; overflow: hidden;\" src=\"https:\/\/www.facebook.com\/plugins\/post.php?href=https%3A%2F%2Fwww.facebook.com%2FRadioCourchevel%2Fposts%2Fpfbid0dA5bBMEwpydnAgKndgDF84c8NTTBFDfAesEeFzwyeuayx6PmAo8KehK1PeeNFwu2l&amp;show_text=true&amp;width=500\" width=\"500\" height=\"563\" frameborder=\"0\" scrolling=\"no\" allowfullscreen=\"allowfullscreen\"><\/iframe><\/p>\n<h2 style=\"text-align: justify;\">Robin Galindo d\u00e9tr\u00f4ne Thibault Anselmet<\/h2>\n<p style=\"text-align: justify;\">Dans une \u00e9preuve masculine plus ouverte, un duel \u00e9tait toutefois particuli\u00e8rement attendu. Entre le vainqueur sortant du gros globe <strong>Thibault Anselmet<\/strong>, et un <strong>Robin Galindo<\/strong>\u00a0<a href=\"https:\/\/dicodusport.fr\/blog\/margot-ravinel-ecrase-le-sprint-de-solitude-et-remporte-avec-brio-son-premier-succes-en-coupe-du-monde\/\">au pied du podium de la Coupe du monde de Solitude<\/a> le week-end dernier.<\/p>\n<p style=\"text-align: justify;\">Si les deux hommes ont pass\u00e9 les premiers pr\u00e9c\u00e9dents sans r\u00e9elles encombres, ils se sont tir\u00e9s la bourre dans une finale explosive, o\u00f9 le meilleur temps r\u00e9alis\u00e9 plus t\u00f4t dans la journ\u00e9e a \u00e9t\u00e9 pulv\u00e9ris\u00e9 (2:28 contre 2:38). Et un v\u00e9ritable \u00e9v\u00e8nement s&rsquo;est produit puisqu&rsquo;apr\u00e8s avoir rafl\u00e9 tous les titres depuis sa premi\u00e8re conqu\u00eate en 2019, Anselmet a d\u00fb s&rsquo;incliner, laissant <strong>Robin Galindo d\u00e9crocher son premier titre national<\/strong>.<\/p>\n<p style=\"text-align: justify;\">Derri\u00e8re ce duel, une bataille \u00e0 trois s&rsquo;est dessin\u00e9e pour l&rsquo;ultime place sur le podium. Au terme d&rsquo;un sprint, resserr\u00e9, <strong>Baptiste Ellmnereich<\/strong>\u00a0s&rsquo;est empar\u00e9 du pr\u00e9cieux s\u00e9same pour se parer de bronze. Initialement 5\u00e8me, <strong>Pablo Giner Dalmasso<\/strong> se hisse au 4\u00e8me rang suite \u00e0 la p\u00e9nalit\u00e9 conc\u00e9d\u00e9e par <strong>Florian Sautel<\/strong>.<\/p>\n<h2>Le palmar\u00e8s des championnats de France du sprint<\/h2>\n<p><strong><em>Senior H<\/em><\/strong> : 1. Robin GALINDO \/ 2.Thibault ANSELMET \/ 3. Baptiste ELLMENREICH<\/p>\n<p><strong><em>Senior F<\/em><\/strong> : 1. Emily HARROP \/ 2. L\u00e9na BONNEL \/ 3. C\u00e9lia PERILLAT-PESSEY<\/p>\n<p><strong><em>U20 H<\/em><\/strong> : 1. Gabriel MAURIN \/ 2. C\u00e9lestin GUILLON \/ 3. Jules ODILE<\/p>\n<p><strong><em>U18 H<\/em><\/strong> : 1. Victor JOUSSELIN \/ 2. Paul SUPLICE \/ 3. Antonin KAIRE<\/p>\n<p><strong><em>U18 F<\/em><\/strong> : 1. Mathilde GILLET \/ 2. Coline VERNEY \/ 3. Lou PORTES<\/p>\n<p><strong><em>U16 H<\/em><\/strong> : 1. Sam PREMAT \/ 2. Diego BECK \/ 3. Cyril FONTEYRAUD POITEVINEAU<\/p>\n<p><strong><em>U16 F<\/em><\/strong>\u00a0: 1. Anna DUBOUSQUET \/ 2. Anouck VANPE<\/p>\n","protected":false},"excerpt":{"rendered":"<p>SKI ALPINISME \u2013 Ce dimanche, Emily Harrop et Robin Galindo ont chacun d\u00e9croch\u00e9 le titre de champion de France du sprint.<\/p>\n","protected":false},"author":55,"featured_media":632547,"comment_status":"open","ping_status":"closed","sticky":false,"template":"","format":"standard","meta":{"_acf_changed":false,"_daextam_enable_autolinks":"1","footnotes":""},"categories":[45757],"tags":[16878,22884,4230],"class_list":["post-632545","post","type-post","status-publish","format-standard","has-post-thumbnail","hentry","category-ski-alpinisme","tag-breve","tag-emily-harrop","tag-ski-alpinisme"],"acf":[],"yoast_head":"<!-- This site is optimized with the Yoast SEO Premium plugin v26.7 (Yoast SEO v26.7) - https:\/\/yoast.com\/wordpress\/plugins\/seo\/ -->\n<title>Les championnats de France de sprint en ski alpinisme ont rendu leur verdict\u00a0: Emily Harrop et\u00a0Robin Galindo sacr\u00e9s<\/title>\n<meta name=\"description\" content=\"SKI ALPINISME \u2013 Ce dimanche, Emily Harrop et Robin Galindo ont chacun d\u00e9croch\u00e9 le titre de champion de France du sprint.\" \/>\n<meta name=\"robots\" content=\"index, follow, max-snippet:-1, max-image-preview:large, max-video-preview:-1\" \/>\n<link rel=\"canonical\" href=\"https:\/\/dicodusport.fr\/blog\/les-championnats-de-france-de-sprint-en-ski-alpinisme-ont-rendu-leur-verdict-emily-harrop-et-robin-galindo-sacres\/\" \/>\n<meta property=\"og:locale\" content=\"fr_FR\" \/>\n<meta property=\"og:type\" content=\"article\" \/>\n<meta property=\"og:title\" content=\"Les championnats de France de sprint en ski alpinisme ont rendu leur verdict\u00a0: Emily Harrop et\u00a0Robin Galindo sacr\u00e9s\" \/>\n<meta property=\"og:description\" content=\"SKI ALPINISME \u2013 Ce dimanche, Emily Harrop et Robin Galindo ont chacun d\u00e9croch\u00e9 le titre de champion de France du sprint.\" \/>\n<meta property=\"og:url\" content=\"https:\/\/dicodusport.fr\/blog\/les-championnats-de-france-de-sprint-en-ski-alpinisme-ont-rendu-leur-verdict-emily-harrop-et-robin-galindo-sacres\/\" \/>\n<meta property=\"og:site_name\" content=\"Dicodusport\" \/>\n<meta property=\"article:publisher\" content=\"https:\/\/www.facebook.com\/dicodusport\" \/>\n<meta property=\"article:published_time\" content=\"2025-12-14T17:45:29+00:00\" \/>\n<meta property=\"og:image\" content=\"https:\/\/dicodusport.fr\/blog\/wp-content\/uploads\/2025\/12\/Les-championnats-de-France-de-sprint-en-ski-alpinisme-ont-rendu-leur-verdict-Emily-Harrop-et-Robin-Galindo-sacres.png\" \/>\n\t<meta property=\"og:image:width\" content=\"1200\" \/>\n\t<meta property=\"og:image:height\" content=\"674\" \/>\n\t<meta property=\"og:image:type\" content=\"image\/png\" \/>\n<meta name=\"author\" content=\"Maxime Cazenave\" \/>\n<meta name=\"twitter:card\" content=\"summary_large_image\" \/>\n<meta name=\"twitter:title\" content=\"Les championnats de France de sprint en ski alpinisme ont rendu leur verdict\u00a0: Emily Harrop et\u00a0Robin Galindo sacr\u00e9s\" \/>\n<meta name=\"twitter:creator\" content=\"@https:\/\/twitter.com\/Maxime_Caze\" \/>\n<meta name=\"twitter:site\" content=\"@dicodusport\" \/>\n<script type=\"application\/ld+json\" class=\"yoast-schema-graph\">{\"@context\":\"https:\/\/schema.org\",\"@graph\":[{\"@type\":\"NewsArticle\",\"@id\":\"https:\/\/dicodusport.fr\/blog\/les-championnats-de-france-de-sprint-en-ski-alpinisme-ont-rendu-leur-verdict-emily-harrop-et-robin-galindo-sacres\/#article\",\"isPartOf\":{\"@id\":\"https:\/\/dicodusport.fr\/blog\/les-championnats-de-france-de-sprint-en-ski-alpinisme-ont-rendu-leur-verdict-emily-harrop-et-robin-galindo-sacres\/\"},\"author\":{\"name\":\"Maxime Cazenave\",\"@id\":\"https:\/\/dicodusport.fr\/blog\/#\/schema\/person\/37def232098a7a5cbab3974a3690abb0\"},\"headline\":\"Les championnats de France de sprint en ski alpinisme ont rendu leur verdict\u00a0: Emily Harrop et\u00a0Robin Galindo sacr\u00e9s\",\"datePublished\":\"2025-12-14T17:45:29+00:00\",\"mainEntityOfPage\":{\"@id\":\"https:\/\/dicodusport.fr\/blog\/les-championnats-de-france-de-sprint-en-ski-alpinisme-ont-rendu-leur-verdict-emily-harrop-et-robin-galindo-sacres\/\"},\"wordCount\":557,\"commentCount\":0,\"publisher\":{\"@id\":\"https:\/\/dicodusport.fr\/blog\/#organization\"},\"image\":{\"@id\":\"https:\/\/dicodusport.fr\/blog\/les-championnats-de-france-de-sprint-en-ski-alpinisme-ont-rendu-leur-verdict-emily-harrop-et-robin-galindo-sacres\/#primaryimage\"},\"thumbnailUrl\":\"https:\/\/dicodusport.fr\/blog\/wp-content\/uploads\/2025\/12\/Les-championnats-de-France-de-sprint-en-ski-alpinisme-ont-rendu-leur-verdict-Emily-Harrop-et-Robin-Galindo-sacres.png\",\"keywords\":[\"br\u00e8ve\",\"Emily Harrop\",\"Ski alpinisme\"],\"articleSection\":[\"Ski alpinisme\"],\"inLanguage\":\"fr-FR\",\"potentialAction\":[{\"@type\":\"CommentAction\",\"name\":\"Comment\",\"target\":[\"https:\/\/dicodusport.fr\/blog\/les-championnats-de-france-de-sprint-en-ski-alpinisme-ont-rendu-leur-verdict-emily-harrop-et-robin-galindo-sacres\/#respond\"]}],\"copyrightYear\":\"2025\",\"copyrightHolder\":{\"@id\":\"https:\/\/dicodusport.fr\/blog\/#organization\"}},{\"@type\":\"WebPage\",\"@id\":\"https:\/\/dicodusport.fr\/blog\/les-championnats-de-france-de-sprint-en-ski-alpinisme-ont-rendu-leur-verdict-emily-harrop-et-robin-galindo-sacres\/\",\"url\":\"https:\/\/dicodusport.fr\/blog\/les-championnats-de-france-de-sprint-en-ski-alpinisme-ont-rendu-leur-verdict-emily-harrop-et-robin-galindo-sacres\/\",\"name\":\"Les championnats de France de sprint en ski alpinisme ont rendu leur verdict\u00a0: Emily Harrop et\u00a0Robin Galindo sacr\u00e9s\",\"isPartOf\":{\"@id\":\"https:\/\/dicodusport.fr\/blog\/#website\"},\"primaryImageOfPage\":{\"@id\":\"https:\/\/dicodusport.fr\/blog\/les-championnats-de-france-de-sprint-en-ski-alpinisme-ont-rendu-leur-verdict-emily-harrop-et-robin-galindo-sacres\/#primaryimage\"},\"image\":{\"@id\":\"https:\/\/dicodusport.fr\/blog\/les-championnats-de-france-de-sprint-en-ski-alpinisme-ont-rendu-leur-verdict-emily-harrop-et-robin-galindo-sacres\/#primaryimage\"},\"thumbnailUrl\":\"https:\/\/dicodusport.fr\/blog\/wp-content\/uploads\/2025\/12\/Les-championnats-de-France-de-sprint-en-ski-alpinisme-ont-rendu-leur-verdict-Emily-Harrop-et-Robin-Galindo-sacres.png\",\"datePublished\":\"2025-12-14T17:45:29+00:00\",\"description\":\"SKI ALPINISME \u2013 Ce dimanche, Emily Harrop et Robin Galindo ont chacun d\u00e9croch\u00e9 le titre de champion de France du sprint.\",\"breadcrumb\":{\"@id\":\"https:\/\/dicodusport.fr\/blog\/les-championnats-de-france-de-sprint-en-ski-alpinisme-ont-rendu-leur-verdict-emily-harrop-et-robin-galindo-sacres\/#breadcrumb\"},\"inLanguage\":\"fr-FR\",\"potentialAction\":[{\"@type\":\"ReadAction\",\"target\":[\"https:\/\/dicodusport.fr\/blog\/les-championnats-de-france-de-sprint-en-ski-alpinisme-ont-rendu-leur-verdict-emily-harrop-et-robin-galindo-sacres\/\"]}]},{\"@type\":\"ImageObject\",\"inLanguage\":\"fr-FR\",\"@id\":\"https:\/\/dicodusport.fr\/blog\/les-championnats-de-france-de-sprint-en-ski-alpinisme-ont-rendu-leur-verdict-emily-harrop-et-robin-galindo-sacres\/#primaryimage\",\"url\":\"https:\/\/dicodusport.fr\/blog\/wp-content\/uploads\/2025\/12\/Les-championnats-de-France-de-sprint-en-ski-alpinisme-ont-rendu-leur-verdict-Emily-Harrop-et-Robin-Galindo-sacres.png\",\"contentUrl\":\"https:\/\/dicodusport.fr\/blog\/wp-content\/uploads\/2025\/12\/Les-championnats-de-France-de-sprint-en-ski-alpinisme-ont-rendu-leur-verdict-Emily-Harrop-et-Robin-Galindo-sacres.png\",\"width\":1200,\"height\":674,\"caption\":\"Les championnats de France de sprint en ski alpinisme ont rendu leur verdict\u00a0: Emily Harrop et\u00a0Robin Galindo sacr\u00e9s\"},{\"@type\":\"BreadcrumbList\",\"@id\":\"https:\/\/dicodusport.fr\/blog\/les-championnats-de-france-de-sprint-en-ski-alpinisme-ont-rendu-leur-verdict-emily-harrop-et-robin-galindo-sacres\/#breadcrumb\",\"itemListElement\":[{\"@type\":\"ListItem\",\"position\":1,\"name\":\"Accueil\",\"item\":\"https:\/\/dicodusport.fr\/blog\/\"},{\"@type\":\"ListItem\",\"position\":2,\"name\":\"Les championnats de France de sprint en ski alpinisme ont rendu leur verdict\u00a0: Emily Harrop et\u00a0Robin Galindo sacr\u00e9s\"}]},{\"@type\":\"WebSite\",\"@id\":\"https:\/\/dicodusport.fr\/blog\/#website\",\"url\":\"https:\/\/dicodusport.fr\/blog\/\",\"name\":\"Dicodusport\",\"description\":\"L&#039;encyclop\u00e9die de l&#039;actualit\u00e9 sportive\",\"publisher\":{\"@id\":\"https:\/\/dicodusport.fr\/blog\/#organization\"},\"potentialAction\":[{\"@type\":\"SearchAction\",\"target\":{\"@type\":\"EntryPoint\",\"urlTemplate\":\"https:\/\/dicodusport.fr\/blog\/?s={search_term_string}\"},\"query-input\":{\"@type\":\"PropertyValueSpecification\",\"valueRequired\":true,\"valueName\":\"search_term_string\"}}],\"inLanguage\":\"fr-FR\"},{\"@type\":\"NewsMediaOrganization\",\"@id\":\"https:\/\/dicodusport.fr\/blog\/#organization\",\"name\":\"Dicodusport\",\"url\":\"https:\/\/dicodusport.fr\/blog\/\",\"logo\":{\"@type\":\"ImageObject\",\"inLanguage\":\"fr-FR\",\"@id\":\"https:\/\/dicodusport.fr\/blog\/#\/schema\/logo\/image\/\",\"url\":\"https:\/\/dicodusport.fr\/blog\/wp-content\/uploads\/2020\/06\/cropped-LOGO-DICODUSPORT-2020-SANS-FOND-SANS-TEXTE.png\",\"contentUrl\":\"https:\/\/dicodusport.fr\/blog\/wp-content\/uploads\/2020\/06\/cropped-LOGO-DICODUSPORT-2020-SANS-FOND-SANS-TEXTE.png\",\"width\":512,\"height\":512,\"caption\":\"Dicodusport\"},\"image\":{\"@id\":\"https:\/\/dicodusport.fr\/blog\/#\/schema\/logo\/image\/\"},\"sameAs\":[\"https:\/\/www.facebook.com\/dicodusport\",\"https:\/\/x.com\/dicodusport\",\"https:\/\/www.instagram.com\/dicodusport\/\",\"https:\/\/www.youtube.com\/channel\/UC7V2KZ5sd3htJivAbA4ZG3w\"],\"description\":\"Dicodusport est l'encyclop\u00e9die de l'actualit\u00e9 sportive.\",\"email\":\"bonjour@dicodusport.fr\",\"legalName\":\"DICODUSPORT\",\"foundingDate\":\"2018-01-14\",\"vatID\":\"FR71834470973\",\"taxID\":\"83447097300043\",\"numberOfEmployees\":{\"@type\":\"QuantitativeValue\",\"minValue\":\"1\",\"maxValue\":\"10\"}},{\"@type\":\"Person\",\"@id\":\"https:\/\/dicodusport.fr\/blog\/#\/schema\/person\/37def232098a7a5cbab3974a3690abb0\",\"name\":\"Maxime Cazenave\",\"image\":{\"@type\":\"ImageObject\",\"inLanguage\":\"fr-FR\",\"@id\":\"https:\/\/dicodusport.fr\/blog\/#\/schema\/person\/image\/\",\"url\":\"https:\/\/dicodusport.fr\/blog\/wp-content\/uploads\/2021\/05\/Maxime-Cazenave-150x150.jpg\",\"contentUrl\":\"https:\/\/dicodusport.fr\/blog\/wp-content\/uploads\/2021\/05\/Maxime-Cazenave-150x150.jpg\",\"caption\":\"Maxime Cazenave\"},\"description\":\"Journaliste\/R\u00e9dacteur depuis 2012 - Berc\u00e9 par l\u2019amour des Girondins de Bordeaux, les \u00e9checs de Christophe Moreau sur le Tour de France sous l'\u00e8re Lance Armstrong et le fade-away l\u00e9tal de Dirk Nowitzki, ma passion d\u00e9vorante pour le sport a toujours \u00e9t\u00e9 un pan incontournable de ma vie. Transmettre ma passion \u00e0 l\u2019\u00e9crit a \u00e9t\u00e9 une transition naturelle. Suiveur assidu de basket et de hockey sur glace, je garde toujours un peu de place pour suivre le cyclisme, le football et le maximum de performances fran\u00e7aises.\",\"sameAs\":[\"https:\/\/x.com\/https:\/\/twitter.com\/Maxime_Caze\"],\"url\":\"https:\/\/dicodusport.fr\/blog\/author\/maximec\/\"}]}<\/script>\n<!-- \/ Yoast SEO Premium plugin. -->","yoast_head_json":{"title":"Les championnats de France de sprint en ski alpinisme ont rendu leur verdict\u00a0: Emily Harrop et\u00a0Robin Galindo sacr\u00e9s","description":"SKI ALPINISME \u2013 Ce dimanche, Emily Harrop et Robin Galindo ont chacun d\u00e9croch\u00e9 le titre de champion de France du sprint.","robots":{"index":"index","follow":"follow","max-snippet":"max-snippet:-1","max-image-preview":"max-image-preview:large","max-video-preview":"max-video-preview:-1"},"canonical":"https:\/\/dicodusport.fr\/blog\/les-championnats-de-france-de-sprint-en-ski-alpinisme-ont-rendu-leur-verdict-emily-harrop-et-robin-galindo-sacres\/","og_locale":"fr_FR","og_type":"article","og_title":"Les championnats de France de sprint en ski alpinisme ont rendu leur verdict\u00a0: Emily Harrop et\u00a0Robin Galindo sacr\u00e9s","og_description":"SKI ALPINISME \u2013 Ce dimanche, Emily Harrop et Robin Galindo ont chacun d\u00e9croch\u00e9 le titre de champion de France du sprint.","og_url":"https:\/\/dicodusport.fr\/blog\/les-championnats-de-france-de-sprint-en-ski-alpinisme-ont-rendu-leur-verdict-emily-harrop-et-robin-galindo-sacres\/","og_site_name":"Dicodusport","article_publisher":"https:\/\/www.facebook.com\/dicodusport","article_published_time":"2025-12-14T17:45:29+00:00","og_image":[{"width":1200,"height":674,"url":"https:\/\/dicodusport.fr\/blog\/wp-content\/uploads\/2025\/12\/Les-championnats-de-France-de-sprint-en-ski-alpinisme-ont-rendu-leur-verdict-Emily-Harrop-et-Robin-Galindo-sacres.png","type":"image\/png"}],"author":"Maxime Cazenave","twitter_card":"summary_large_image","twitter_title":"Les championnats de France de sprint en ski alpinisme ont rendu leur verdict\u00a0: Emily Harrop et\u00a0Robin Galindo sacr\u00e9s","twitter_creator":"@https:\/\/twitter.com\/Maxime_Caze","twitter_site":"@dicodusport","schema":{"@context":"https:\/\/schema.org","@graph":[{"@type":"NewsArticle","@id":"https:\/\/dicodusport.fr\/blog\/les-championnats-de-france-de-sprint-en-ski-alpinisme-ont-rendu-leur-verdict-emily-harrop-et-robin-galindo-sacres\/#article","isPartOf":{"@id":"https:\/\/dicodusport.fr\/blog\/les-championnats-de-france-de-sprint-en-ski-alpinisme-ont-rendu-leur-verdict-emily-harrop-et-robin-galindo-sacres\/"},"author":{"name":"Maxime Cazenave","@id":"https:\/\/dicodusport.fr\/blog\/#\/schema\/person\/37def232098a7a5cbab3974a3690abb0"},"headline":"Les championnats de France de sprint en ski alpinisme ont rendu leur verdict\u00a0: Emily Harrop et\u00a0Robin Galindo sacr\u00e9s","datePublished":"2025-12-14T17:45:29+00:00","mainEntityOfPage":{"@id":"https:\/\/dicodusport.fr\/blog\/les-championnats-de-france-de-sprint-en-ski-alpinisme-ont-rendu-leur-verdict-emily-harrop-et-robin-galindo-sacres\/"},"wordCount":557,"commentCount":0,"publisher":{"@id":"https:\/\/dicodusport.fr\/blog\/#organization"},"image":{"@id":"https:\/\/dicodusport.fr\/blog\/les-championnats-de-france-de-sprint-en-ski-alpinisme-ont-rendu-leur-verdict-emily-harrop-et-robin-galindo-sacres\/#primaryimage"},"thumbnailUrl":"https:\/\/dicodusport.fr\/blog\/wp-content\/uploads\/2025\/12\/Les-championnats-de-France-de-sprint-en-ski-alpinisme-ont-rendu-leur-verdict-Emily-Harrop-et-Robin-Galindo-sacres.png","keywords":["br\u00e8ve","Emily Harrop","Ski alpinisme"],"articleSection":["Ski alpinisme"],"inLanguage":"fr-FR","potentialAction":[{"@type":"CommentAction","name":"Comment","target":["https:\/\/dicodusport.fr\/blog\/les-championnats-de-france-de-sprint-en-ski-alpinisme-ont-rendu-leur-verdict-emily-harrop-et-robin-galindo-sacres\/#respond"]}],"copyrightYear":"2025","copyrightHolder":{"@id":"https:\/\/dicodusport.fr\/blog\/#organization"}},{"@type":"WebPage","@id":"https:\/\/dicodusport.fr\/blog\/les-championnats-de-france-de-sprint-en-ski-alpinisme-ont-rendu-leur-verdict-emily-harrop-et-robin-galindo-sacres\/","url":"https:\/\/dicodusport.fr\/blog\/les-championnats-de-france-de-sprint-en-ski-alpinisme-ont-rendu-leur-verdict-emily-harrop-et-robin-galindo-sacres\/","name":"Les championnats de France de sprint en ski alpinisme ont rendu leur verdict\u00a0: Emily Harrop et\u00a0Robin Galindo sacr\u00e9s","isPartOf":{"@id":"https:\/\/dicodusport.fr\/blog\/#website"},"primaryImageOfPage":{"@id":"https:\/\/dicodusport.fr\/blog\/les-championnats-de-france-de-sprint-en-ski-alpinisme-ont-rendu-leur-verdict-emily-harrop-et-robin-galindo-sacres\/#primaryimage"},"image":{"@id":"https:\/\/dicodusport.fr\/blog\/les-championnats-de-france-de-sprint-en-ski-alpinisme-ont-rendu-leur-verdict-emily-harrop-et-robin-galindo-sacres\/#primaryimage"},"thumbnailUrl":"https:\/\/dicodusport.fr\/blog\/wp-content\/uploads\/2025\/12\/Les-championnats-de-France-de-sprint-en-ski-alpinisme-ont-rendu-leur-verdict-Emily-Harrop-et-Robin-Galindo-sacres.png","datePublished":"2025-12-14T17:45:29+00:00","description":"SKI ALPINISME \u2013 Ce dimanche, Emily Harrop et Robin Galindo ont chacun d\u00e9croch\u00e9 le titre de champion de France du sprint.","breadcrumb":{"@id":"https:\/\/dicodusport.fr\/blog\/les-championnats-de-france-de-sprint-en-ski-alpinisme-ont-rendu-leur-verdict-emily-harrop-et-robin-galindo-sacres\/#breadcrumb"},"inLanguage":"fr-FR","potentialAction":[{"@type":"ReadAction","target":["https:\/\/dicodusport.fr\/blog\/les-championnats-de-france-de-sprint-en-ski-alpinisme-ont-rendu-leur-verdict-emily-harrop-et-robin-galindo-sacres\/"]}]},{"@type":"ImageObject","inLanguage":"fr-FR","@id":"https:\/\/dicodusport.fr\/blog\/les-championnats-de-france-de-sprint-en-ski-alpinisme-ont-rendu-leur-verdict-emily-harrop-et-robin-galindo-sacres\/#primaryimage","url":"https:\/\/dicodusport.fr\/blog\/wp-content\/uploads\/2025\/12\/Les-championnats-de-France-de-sprint-en-ski-alpinisme-ont-rendu-leur-verdict-Emily-Harrop-et-Robin-Galindo-sacres.png","contentUrl":"https:\/\/dicodusport.fr\/blog\/wp-content\/uploads\/2025\/12\/Les-championnats-de-France-de-sprint-en-ski-alpinisme-ont-rendu-leur-verdict-Emily-Harrop-et-Robin-Galindo-sacres.png","width":1200,"height":674,"caption":"Les championnats de France de sprint en ski alpinisme ont rendu leur verdict\u00a0: Emily Harrop et\u00a0Robin Galindo sacr\u00e9s"},{"@type":"BreadcrumbList","@id":"https:\/\/dicodusport.fr\/blog\/les-championnats-de-france-de-sprint-en-ski-alpinisme-ont-rendu-leur-verdict-emily-harrop-et-robin-galindo-sacres\/#breadcrumb","itemListElement":[{"@type":"ListItem","position":1,"name":"Accueil","item":"https:\/\/dicodusport.fr\/blog\/"},{"@type":"ListItem","position":2,"name":"Les championnats de France de sprint en ski alpinisme ont rendu leur verdict\u00a0: Emily Harrop et\u00a0Robin Galindo sacr\u00e9s"}]},{"@type":"WebSite","@id":"https:\/\/dicodusport.fr\/blog\/#website","url":"https:\/\/dicodusport.fr\/blog\/","name":"Dicodusport","description":"L&#039;encyclop\u00e9die de l&#039;actualit\u00e9 sportive","publisher":{"@id":"https:\/\/dicodusport.fr\/blog\/#organization"},"potentialAction":[{"@type":"SearchAction","target":{"@type":"EntryPoint","urlTemplate":"https:\/\/dicodusport.fr\/blog\/?s={search_term_string}"},"query-input":{"@type":"PropertyValueSpecification","valueRequired":true,"valueName":"search_term_string"}}],"inLanguage":"fr-FR"},{"@type":"NewsMediaOrganization","@id":"https:\/\/dicodusport.fr\/blog\/#organization","name":"Dicodusport","url":"https:\/\/dicodusport.fr\/blog\/","logo":{"@type":"ImageObject","inLanguage":"fr-FR","@id":"https:\/\/dicodusport.fr\/blog\/#\/schema\/logo\/image\/","url":"https:\/\/dicodusport.fr\/blog\/wp-content\/uploads\/2020\/06\/cropped-LOGO-DICODUSPORT-2020-SANS-FOND-SANS-TEXTE.png","contentUrl":"https:\/\/dicodusport.fr\/blog\/wp-content\/uploads\/2020\/06\/cropped-LOGO-DICODUSPORT-2020-SANS-FOND-SANS-TEXTE.png","width":512,"height":512,"caption":"Dicodusport"},"image":{"@id":"https:\/\/dicodusport.fr\/blog\/#\/schema\/logo\/image\/"},"sameAs":["https:\/\/www.facebook.com\/dicodusport","https:\/\/x.com\/dicodusport","https:\/\/www.instagram.com\/dicodusport\/","https:\/\/www.youtube.com\/channel\/UC7V2KZ5sd3htJivAbA4ZG3w"],"description":"Dicodusport est l'encyclop\u00e9die de l'actualit\u00e9 sportive.","email":"bonjour@dicodusport.fr","legalName":"DICODUSPORT","foundingDate":"2018-01-14","vatID":"FR71834470973","taxID":"83447097300043","numberOfEmployees":{"@type":"QuantitativeValue","minValue":"1","maxValue":"10"}},{"@type":"Person","@id":"https:\/\/dicodusport.fr\/blog\/#\/schema\/person\/37def232098a7a5cbab3974a3690abb0","name":"Maxime Cazenave","image":{"@type":"ImageObject","inLanguage":"fr-FR","@id":"https:\/\/dicodusport.fr\/blog\/#\/schema\/person\/image\/","url":"https:\/\/dicodusport.fr\/blog\/wp-content\/uploads\/2021\/05\/Maxime-Cazenave-150x150.jpg","contentUrl":"https:\/\/dicodusport.fr\/blog\/wp-content\/uploads\/2021\/05\/Maxime-Cazenave-150x150.jpg","caption":"Maxime Cazenave"},"description":"Journaliste\/R\u00e9dacteur depuis 2012 - Berc\u00e9 par l\u2019amour des Girondins de Bordeaux, les \u00e9checs de Christophe Moreau sur le Tour de France sous l'\u00e8re Lance Armstrong et le fade-away l\u00e9tal de Dirk Nowitzki, ma passion d\u00e9vorante pour le sport a toujours \u00e9t\u00e9 un pan incontournable de ma vie. Transmettre ma passion \u00e0 l\u2019\u00e9crit a \u00e9t\u00e9 une transition naturelle. Suiveur assidu de basket et de hockey sur glace, je garde toujours un peu de place pour suivre le cyclisme, le football et le maximum de performances fran\u00e7aises.","sameAs":["https:\/\/x.com\/https:\/\/twitter.com\/Maxime_Caze"],"url":"https:\/\/dicodusport.fr\/blog\/author\/maximec\/"}]}},"_links":{"self":[{"href":"https:\/\/dicodusport.fr\/blog\/wp-json\/wp\/v2\/posts\/632545","targetHints":{"allow":["GET"]}}],"collection":[{"href":"https:\/\/dicodusport.fr\/blog\/wp-json\/wp\/v2\/posts"}],"about":[{"href":"https:\/\/dicodusport.fr\/blog\/wp-json\/wp\/v2\/types\/post"}],"author":[{"embeddable":true,"href":"https:\/\/dicodusport.fr\/blog\/wp-json\/wp\/v2\/users\/55"}],"replies":[{"embeddable":true,"href":"https:\/\/dicodusport.fr\/blog\/wp-json\/wp\/v2\/comments?post=632545"}],"version-history":[{"count":5,"href":"https:\/\/dicodusport.fr\/blog\/wp-json\/wp\/v2\/posts\/632545\/revisions"}],"predecessor-version":[{"id":632566,"href":"https:\/\/dicodusport.fr\/blog\/wp-json\/wp\/v2\/posts\/632545\/revisions\/632566"}],"wp:featuredmedia":[{"embeddable":true,"href":"https:\/\/dicodusport.fr\/blog\/wp-json\/wp\/v2\/media\/632547"}],"wp:attachment":[{"href":"https:\/\/dicodusport.fr\/blog\/wp-json\/wp\/v2\/media?parent=632545"}],"wp:term":[{"taxonomy":"category","embeddable":true,"href":"https:\/\/dicodusport.fr\/blog\/wp-json\/wp\/v2\/categories?post=632545"},{"taxonomy":"post_tag","embeddable":true,"href":"https:\/\/dicodusport.fr\/blog\/wp-json\/wp\/v2\/tags?post=632545"}],"curies":[{"name":"wp","href":"https:\/\/api.w.org\/{rel}","templated":true}]}}