{"id":632578,"date":"2025-12-15T07:45:32","date_gmt":"2025-12-15T06:45:32","guid":{"rendered":"https:\/\/dicodusport.fr\/blog\/?p=632578&#038;preview=true&#038;preview_id=632578"},"modified":"2025-12-15T07:50:14","modified_gmt":"2025-12-15T06:50:14","slug":"perrot-en-patron-bened-confirme-richard-decoit-les-tops-et-flops-des-bleus-a-hochfilzen","status":"publish","type":"post","link":"https:\/\/dicodusport.fr\/blog\/perrot-en-patron-bened-confirme-richard-decoit-les-tops-et-flops-des-bleus-a-hochfilzen\/","title":{"rendered":"Perrot en patron, Bened confirme, Richard d\u00e9\u00e7oit : les Tops et Flops des Bleus \u00e0 Hochfilzen"},"content":{"rendered":"<p style=\"text-align: justify;\"><strong><em>COUPE DU MONDE DE BIATHLON 2025\/2026 &#8211; Retour sur les performances des Bleus \u00e0 la suite de la deuxi\u00e8me \u00e9tape de la saison \u00e0 Hochfilzen.<\/em><\/strong><\/p>\n<ul>\n<li style=\"text-align: justify;\"><strong>\u00c0 ce sujet \u2013 <a href=\"https:\/\/dicodusport.fr\/blog\/biathlon-hochfilzen-2025-programme-horaires-et-resultats\/\">Biathlon Hochfilzen 2025 : Les r\u00e9sultats complets<\/a><\/strong><\/li>\n<\/ul>\n<p style=\"text-align: justify;\">Avec deux victoires fran\u00e7aises et deux 2<sup>\u00e8mes<\/sup> places, la semaine des Bleus \u00e0 Hochfilzen se termine sur une note globalement positive, malgr\u00e9 quelques d\u00e9ceptions. Elle a \u00e9galement permis de faire \u00e9merger plusieurs motifs d\u2019espoir pour certains biathl\u00e8tes. On fait le point avant d\u2019aborder les quatre jours de comp\u00e9tition au Grand-Bornand, du 18 au 21 d\u00e9cembre prochain.<\/p>\n<ul style=\"text-align: justify;\">\n<li><strong>\u00c0 ce sujet \u2014 <a href=\"https:\/\/dicodusport.fr\/blog\/biathlon-coupe-du-monde-2025-2026-le-calendrier-complet\/\">Biathlon Coupe du monde 2025-2026 : Le calendrier complet<\/a><\/strong><\/li>\n<\/ul>\n<h2 style=\"text-align: justify;\">Les tops<\/h2>\n<h3 style=\"text-align: justify;\">\u00c9ric Perrot active le mode patron<\/h3>\n<p style=\"text-align: justify;\">Alors que l\u2019on se demandait en d\u00e9but de saison <a title=\"Laegreid en valeur s\u00fbre, la confirmation Perrot : nos favoris pour le gros globe masculin en Coupe du monde de biathlon\" href=\"https:\/\/dicodusport.fr\/blog\/laegreid-en-valeur-sure-la-confirmation-perrot-nos-favoris-pour-le-gros-globe-masculin-en-coupe-du-monde-de-biathlon\/\">qui serait le favori pour le gros globe de cristal masculin<\/a>, <strong>\u00c9ric Perrot<\/strong> a livr\u00e9 des r\u00e9ponses tr\u00e8s concr\u00e8tes ce week-end. Deux courses individuelles, aucune faute sur le pas de tir et deux podiums : une <a href=\"https:\/\/dicodusport.fr\/blog\/eric-perrot-sur-le-podium-dun-sprint-fou-a-hochfilzen-victoire-de-tommaso-giacomel\/\">2<sup>\u00e8me<\/sup> place sur le sprint<\/a>, \u00e0 seulement quatre secondes de <strong>Tommaso Giacomel<\/strong>, puis une d\u00e9monstration sur la poursuite, remport\u00e9e devant l\u2019Italien.<\/p>\n<p style=\"text-align: justify;\">Sur le relais hommes, le Fran\u00e7ais a ensuite tent\u00e9 un pari offensif pour combler le retard, avec un gros tir couch\u00e9 et un dernier debout plus audacieux. Sans r\u00e9ussite cette fois (trois pioches), mais la 2<sup>\u00e8me<\/sup> place \u00e9tait d\u00e9j\u00e0 assur\u00e9e et ce choix illustre parfaitement sa confiance actuelle.<\/p>\n<p style=\"text-align: justify;\"><strong>\u00c9ric Perrot<\/strong> remonte ainsi \u00e0 la 3<sup>\u00e8me<\/sup> place du classement g\u00e9n\u00e9ral de la Coupe du monde, apr\u00e8s une premi\u00e8re \u00e9tape su\u00e9doise contrast\u00e9e (10<sup>\u00e8me<\/sup>, 9<sup>\u00e8me<\/sup> et 5<sup>\u00e8me<\/sup>). Avec 90 % de r\u00e9ussite au tir depuis le d\u00e9but de saison et des temps de ski situ\u00e9s dans le top 5 mondial, il est difficile d\u2019imaginer ne pas le revoir tr\u00e8s r\u00e9guli\u00e8rement sur les podiums si cette dynamique se confirme au Grand-Bornand.<\/p>\n<div class=\"vlp-link-container vlp-layout-article\"><a href=\"https:\/\/dicodusport.fr\/blog\/le-20-20-et-une-fantastique-victoire-pour-eric-perrot-sur-la-poursuite-dhochfilzen\/\" class=\"vlp-link\" title=\"Le 20\/20 et une fantastique victoire pour \u00c9ric Perrot sur la poursuite d&#039;Hochfilzen\"><\/a><div class=\"vlp-layout-zone-side\"><div class=\"vlp-block-4 vlp-link-image\"><img loading=\"lazy\" decoding=\"async\" style=\"max-width: 792px;\" width=\"792\" height=\"445\" src=\"https:\/\/dicodusport.fr\/blog\/wp-content\/uploads\/2025\/12\/Le-20-sur-20-et-une-fantastique-victoire-pour-Eric-Perrot-sur-la-poursuite-dHochfilzen-1.png\" class=\"attachment-800x445 size-800x445\" alt=\"Le 20 sur 20 et une fantastique victoire pour \u00c9ric Perrot sur la poursuite d&#039;Hochfilzen (1)\" srcset=\"https:\/\/dicodusport.fr\/blog\/wp-content\/uploads\/2025\/12\/Le-20-sur-20-et-une-fantastique-victoire-pour-Eric-Perrot-sur-la-poursuite-dHochfilzen-1.png 1200w, https:\/\/dicodusport.fr\/blog\/wp-content\/uploads\/2025\/12\/Le-20-sur-20-et-une-fantastique-victoire-pour-Eric-Perrot-sur-la-poursuite-dHochfilzen-1-300x169.png 300w, https:\/\/dicodusport.fr\/blog\/wp-content\/uploads\/2025\/12\/Le-20-sur-20-et-une-fantastique-victoire-pour-Eric-Perrot-sur-la-poursuite-dHochfilzen-1-1024x575.png 1024w, https:\/\/dicodusport.fr\/blog\/wp-content\/uploads\/2025\/12\/Le-20-sur-20-et-une-fantastique-victoire-pour-Eric-Perrot-sur-la-poursuite-dHochfilzen-1-768x431.png 768w\" sizes=\"auto, (max-width: 792px) 100vw, 792px\" \/><\/div><\/div><div class=\"vlp-layout-zone-main\"><div class=\"vlp-block-0 vlp-link-title\">Le 20\/20 et une fantastique victoire pour \u00c9ric Perrot sur la poursuite d'Hochfilzen<\/div><div class=\"vlp-block-1 vlp-link-summary\">Rapide sur les skis et impeccable derri\u00e8re la carabine (20\/20), \u00c9ric Perrot s'offre une magnifique victoire sur la poursuite d'Hochfilzen.\u00a0<\/div><div class=\"vlp-block-2 vlp-link-button\">Lire l'article<\/div><div class=\"vlp-block-3 vlp-link-url\">dicodusport.fr<\/div><\/div><\/div>\n<h3 style=\"text-align: justify;\">Camille Bened confirme<\/h3>\n<p style=\"text-align: justify;\">Apr\u00e8s une premi\u00e8re \u00e9tape tr\u00e8s prometteuse \u00e0 Ostersund, marqu\u00e9e notamment par un podium sur l\u2019individuel, <strong>Camille Bened<\/strong> a confirm\u00e9 \u00e0 Hochfilzen. La Fran\u00e7aise a particip\u00e9 \u00e0 deux reprises \u00e0 la traditionnelle c\u00e9r\u00e9monie des fleurs, r\u00e9serv\u00e9e aux six premi\u00e8res, gr\u00e2ce \u00e0 deux 6<sup>\u00e8mes<\/sup> places sur le sprint et la poursuite, compl\u00e9t\u00e9es par un relais solide (deux pioches seulement).<\/p>\n<p style=\"text-align: justify;\">Sur ce d\u00e9but de saison, elle s\u2019affirme comme la deuxi\u00e8me meilleure biathl\u00e8te fran\u00e7aise derri\u00e8re <strong>Lou Jeanmonnot<\/strong>. Ses statistiques au tir sont particuli\u00e8rement impressionnantes, avec une seule cible manqu\u00e9e sur ses courses individuelles et un total de 109\/115 sur l\u2019ensemble de ses passages, soit 95 % de r\u00e9ussite. Elle est ainsi la 2<sup>\u00e8me<\/sup> biathl\u00e8te la plus adroite du circuit, derri\u00e8re la Belge <strong>Marisa Emonts<\/strong>, qui affiche toutefois un volume de tir bien moindre.<\/p>\n<p style=\"text-align: justify;\">Sans \u00eatre exceptionnelle, sa vitesse \u00e0 skis reste tout \u00e0 fait correcte, comparable \u00e0 celle de biathl\u00e8tes comme <strong>Lucie Charvatova<\/strong> ou <strong>Ella Halvarsson<\/strong>. Une marge de progression existe encore, notamment pour viser plus r\u00e9guli\u00e8rement les podiums, mais Camille Bened s\u2019impose d\u00e9j\u00e0 comme l\u2019une des belles r\u00e9v\u00e9lations de ce d\u00e9but de saison.<\/p>\n<ul style=\"text-align: justify;\">\n<li style=\"text-align: justify;\"><strong>\u00c0 ce sujet \u2013 <a href=\"https:\/\/dicodusport.fr\/blog\/biathlon-2025-2026-classement-general-femmes-de-la-coupe-du-monde-actualise\/\">Biathlon 2025-2026 : Classement G\u00e9n\u00e9ral Femmes de la Coupe du monde mis \u00e0 jour<\/a><\/strong><\/li>\n<\/ul>\n<h3 style=\"text-align: justify;\">Lou Jeanmonnot victorieuse mais pas dominatrice<\/h3>\n<p style=\"text-align: justify;\">Gr\u00e2ce \u00e0 sa nette victoire sur le sprint, <strong>Lou Jeanmonnot<\/strong> figure logiquement parmi les satisfactions de cette semaine autrichienne. Sa 7<sup>\u00e8me<\/sup> place sur la poursuite laisse toutefois un l\u00e9ger go\u00fbt d\u2019inachev\u00e9, notamment en raison de ses deux balles manqu\u00e9es sur le dernier tir debout.<\/p>\n<p style=\"text-align: justify;\">La Fran\u00e7aise reste n\u00e9anmoins en progression par rapport \u00e0 Ostersund (4<sup>\u00e8me<\/sup>, 11<sup>\u00e8me<\/sup> et 16<sup>\u00e8me<\/sup>) et demeure solidement plac\u00e9e au classement g\u00e9n\u00e9ral de la Coupe du monde. Si <strong>Anna Magnusson<\/strong> a pris une certaine avance, la Doubiste conserve une belle 3<sup>\u00e8me<\/sup> place, derri\u00e8re <strong>Maren Kirkeeide<\/strong> et devant <strong>Camille Bened<\/strong> et <strong>Dorothea Wierer<\/strong>.<\/p>\n<p style=\"text-align: justify;\">\u00c0 domicile, au Grand-Bornand, <strong>Lou Jeanmonnot<\/strong> aura une excellente opportunit\u00e9 de poursuivre sa mont\u00e9e en puissance, tant dans l\u2019optique du gros globe de cristal que dans celle des Jeux Olympiques \u00e0 venir.<\/p>\n<div class=\"vlp-link-container vlp-layout-article\"><a href=\"https:\/\/dicodusport.fr\/blog\/lou-jeanmonnot-survole-le-sprint-a-hochfilzen-premiere-victoire-individuelle-de-la-saison-pour-la-francaise\/\" class=\"vlp-link\" title=\"Lou Jeanmonnot survole le sprint \u00e0 Hochfilzen : premi\u00e8re victoire individuelle de la saison pour la Fran\u00e7aise !\"><\/a><div class=\"vlp-layout-zone-side\"><div class=\"vlp-block-4 vlp-link-image\"><img loading=\"lazy\" decoding=\"async\" style=\"max-width: 792px;\" width=\"792\" height=\"445\" src=\"https:\/\/dicodusport.fr\/blog\/wp-content\/uploads\/2025\/12\/Lou-Jeanmonnot-survole-le-sprint-a-Hochfilzen-premiere-victoire-individuelle-de-la-saison-pour-la-Francaise-2.png\" class=\"attachment-800x445 size-800x445\" alt=\"Lou Jeanmonnot survole le sprint \u00e0 Hochfilzen premi\u00e8re victoire individuelle de la saison pour la Fran\u00e7aise ! (2)\" srcset=\"https:\/\/dicodusport.fr\/blog\/wp-content\/uploads\/2025\/12\/Lou-Jeanmonnot-survole-le-sprint-a-Hochfilzen-premiere-victoire-individuelle-de-la-saison-pour-la-Francaise-2.png 1200w, https:\/\/dicodusport.fr\/blog\/wp-content\/uploads\/2025\/12\/Lou-Jeanmonnot-survole-le-sprint-a-Hochfilzen-premiere-victoire-individuelle-de-la-saison-pour-la-Francaise-2-300x169.png 300w, https:\/\/dicodusport.fr\/blog\/wp-content\/uploads\/2025\/12\/Lou-Jeanmonnot-survole-le-sprint-a-Hochfilzen-premiere-victoire-individuelle-de-la-saison-pour-la-Francaise-2-1024x575.png 1024w, https:\/\/dicodusport.fr\/blog\/wp-content\/uploads\/2025\/12\/Lou-Jeanmonnot-survole-le-sprint-a-Hochfilzen-premiere-victoire-individuelle-de-la-saison-pour-la-Francaise-2-768x431.png 768w\" sizes=\"auto, (max-width: 792px) 100vw, 792px\" \/><\/div><\/div><div class=\"vlp-layout-zone-main\"><div class=\"vlp-block-0 vlp-link-title\">Lou Jeanmonnot survole le sprint \u00e0 Hochfilzen : premi\u00e8re victoire individuelle de la saison pour la Fran\u00e7aise !<\/div><div class=\"vlp-block-1 vlp-link-summary\">Lou Jeanmonnot, impeccable sur les skis et au tir, s\u2019impose sur le sprint de Hochfilzen (Autriche), tuant tout suspense rapidement !<\/div><div class=\"vlp-block-2 vlp-link-button\">Lire l'article<\/div><div class=\"vlp-block-3 vlp-link-url\">dicodusport.fr<\/div><\/div><\/div>\n<h2 style=\"text-align: justify;\">Ils ont rassur\u00e9<\/h2>\n<h3 style=\"text-align: justify;\">\u00c9milien Jacquelin, des temps \u00e0 skis supersoniques et un tir qui se pr\u00e9cise ?<\/h3>\n<p style=\"text-align: justify;\">Apr\u00e8s un d\u00e9but de saison contrast\u00e9, marqu\u00e9 par une 11<sup>\u00e8me<\/sup> place sur l\u2019individuel puis un v\u00e9ritable calvaire \u00e0 Ostersund (42<sup>\u00e8me<\/sup> du sprint et 21<sup>\u00e8me<\/sup> de la poursuite), <strong>\u00c9milien Jacquelin<\/strong> a montr\u00e9 des signes encourageants \u00e0 Hochfilzen. Malgr\u00e9 une 14<sup>\u00e8me<\/sup> place sur le sprint avec trois fautes, ses temps de ski ont confirm\u00e9 une tr\u00e8s grande forme sur la piste.<\/p>\n<p style=\"text-align: justify;\">La poursuite est venue confirmer cette impression, avec une 7<sup>\u00e8me<\/sup> place malgr\u00e9, l\u00e0 encore, trois erreurs au tir. Un top 10 qui t\u00e9moigne d\u2019une progression, notamment sur le plan mental.<\/p>\n<div class=\"vlp-link-container vlp-layout-article\"><a href=\"https:\/\/dicodusport.fr\/blog\/les-bleus-prennent-la-2eme-place-du-relais-hommes-dhochfilzen-derriere-les-intouchables-norvegiens\/\" class=\"vlp-link\" title=\"Les Bleus prennent la 2\u00e8me place du relais hommes d&#039;Hochfilzen, derri\u00e8re les intouchables Norv\u00e9giens\"><\/a><div class=\"vlp-layout-zone-side\"><div class=\"vlp-block-4 vlp-link-image\"><img loading=\"lazy\" decoding=\"async\" style=\"max-width: 792px;\" width=\"792\" height=\"445\" src=\"https:\/\/dicodusport.fr\/blog\/wp-content\/uploads\/2025\/12\/Les-Bleus-prennent-la-2eme-place-du-relais-hommes-dHochfilzen-derriere-les-intouchables-Norvegiens-1.png\" class=\"attachment-800x445 size-800x445\" alt=\"Les Bleus prennent la 2\u00e8me place du relais hommes d&#039;Hochfilzen, derri\u00e8re les intouchables Norv\u00e9giens\" srcset=\"https:\/\/dicodusport.fr\/blog\/wp-content\/uploads\/2025\/12\/Les-Bleus-prennent-la-2eme-place-du-relais-hommes-dHochfilzen-derriere-les-intouchables-Norvegiens-1.png 1200w, https:\/\/dicodusport.fr\/blog\/wp-content\/uploads\/2025\/12\/Les-Bleus-prennent-la-2eme-place-du-relais-hommes-dHochfilzen-derriere-les-intouchables-Norvegiens-1-300x169.png 300w, https:\/\/dicodusport.fr\/blog\/wp-content\/uploads\/2025\/12\/Les-Bleus-prennent-la-2eme-place-du-relais-hommes-dHochfilzen-derriere-les-intouchables-Norvegiens-1-1024x575.png 1024w, https:\/\/dicodusport.fr\/blog\/wp-content\/uploads\/2025\/12\/Les-Bleus-prennent-la-2eme-place-du-relais-hommes-dHochfilzen-derriere-les-intouchables-Norvegiens-1-768x431.png 768w\" sizes=\"auto, (max-width: 792px) 100vw, 792px\" \/><\/div><\/div><div class=\"vlp-layout-zone-main\"><div class=\"vlp-block-0 vlp-link-title\">Les Bleus prennent la 2\u00e8me place du relais hommes d'Hochfilzen, derri\u00e8re les intouchables Norv\u00e9giens<\/div><div class=\"vlp-block-1 vlp-link-summary\">COUPE DU MONDE DE BIATHLON 2025\/2026 \u2013 La Norv\u00e8ge remporte le relais hommes apr\u00e8s une belle bataille face \u00e0 la France, qui prend la 2\u00e8me place devant la Su\u00e8de.<\/div><div class=\"vlp-block-2 vlp-link-button\">Lire l'article<\/div><div class=\"vlp-block-3 vlp-link-url\">dicodusport.fr<\/div><\/div><\/div>\n<p style=\"text-align: justify;\">Sur le relais hommes, <strong>\u00c9milien Jacquelin<\/strong> a pleinement rassur\u00e9, signant une prestation solide avec d\u2019excellents temps de ski et seulement deux pioches au tir. Suffisant pour faire taire, au moins temporairement, ses d\u00e9tracteurs. Reste \u00e0 savoir s\u2019il s\u2019agit d\u2019un v\u00e9ritable tournant ou d\u2019une simple \u00e9claircie : r\u00e9ponse d\u00e8s cette semaine au Grand-Bornand.<\/p>\n<h3 style=\"text-align: justify;\">Justine Braisaz-Bouchet, des temps \u00e0 skis supersoniques et un tir qui se pr\u00e9cise ?<\/h3>\n<p style=\"text-align: justify;\">La r\u00e9p\u00e9tition est volontaire tant la trajectoire est similaire. Apr\u00e8s une premi\u00e8re manche cauchemardesque \u00e0 Ostersund (63<sup>\u00e8me<\/sup> de l\u2019individuel, 47<sup>\u00e8me<\/sup> du sprint et 13<sup>\u00e8me<\/sup> de la poursuite), <strong>Justine Braisaz-Bouchet<\/strong> a montr\u00e9 un tout autre visage \u00e0 Hochfilzen. Elle termine 15<sup>\u00e8me<\/sup> du sprint avant de r\u00e9ussir une superbe remont\u00e9e conclue \u00e0 la 4<sup>\u00e8me<\/sup> place sur la poursuite.<\/p>\n<div class=\"vlp-link-container vlp-layout-article\"><a href=\"https:\/\/dicodusport.fr\/blog\/lisa-vittozzi-retrouve-la-victoire-sur-la-poursuite-dhochfilzen-justine-braisaz-bouchet-au-pied-du-podium\/\" class=\"vlp-link\" title=\"Lisa Vittozzi retrouve la victoire sur la poursuite d&#039;Hochfilzen, Justine Braisaz-Bouchet au pied du podium\"><\/a><div class=\"vlp-layout-zone-side\"><div class=\"vlp-block-4 vlp-link-image\"><img loading=\"lazy\" decoding=\"async\" style=\"max-width: 792px;\" width=\"792\" height=\"445\" src=\"https:\/\/dicodusport.fr\/blog\/wp-content\/uploads\/2025\/12\/Lisa-Vittozzi-retrouve-la-victoire-sur-la-poursuite-dHochfilzen-Justine-Braisaz-Bouchet-au-pied-du-podium-1.png\" class=\"attachment-800x445 size-800x445\" alt=\"Lisa Vittozzi retrouve la victoire sur la poursuite d&#039;Hochfilzen, Justine Braisaz-Bouchet au pied du podium\" srcset=\"https:\/\/dicodusport.fr\/blog\/wp-content\/uploads\/2025\/12\/Lisa-Vittozzi-retrouve-la-victoire-sur-la-poursuite-dHochfilzen-Justine-Braisaz-Bouchet-au-pied-du-podium-1.png 1200w, https:\/\/dicodusport.fr\/blog\/wp-content\/uploads\/2025\/12\/Lisa-Vittozzi-retrouve-la-victoire-sur-la-poursuite-dHochfilzen-Justine-Braisaz-Bouchet-au-pied-du-podium-1-300x169.png 300w, https:\/\/dicodusport.fr\/blog\/wp-content\/uploads\/2025\/12\/Lisa-Vittozzi-retrouve-la-victoire-sur-la-poursuite-dHochfilzen-Justine-Braisaz-Bouchet-au-pied-du-podium-1-1024x575.png 1024w, https:\/\/dicodusport.fr\/blog\/wp-content\/uploads\/2025\/12\/Lisa-Vittozzi-retrouve-la-victoire-sur-la-poursuite-dHochfilzen-Justine-Braisaz-Bouchet-au-pied-du-podium-1-768x431.png 768w\" sizes=\"auto, (max-width: 792px) 100vw, 792px\" \/><\/div><\/div><div class=\"vlp-layout-zone-main\"><div class=\"vlp-block-0 vlp-link-title\">Lisa Vittozzi retrouve la victoire sur la poursuite d'Hochfilzen, Justine Braisaz-Bouchet au pied du podium<\/div><div class=\"vlp-block-1 vlp-link-summary\">COUPE DU MONDE DE BIATHLON 2025-2026 - Gr\u00e2ce \u00e0 un parfait 20\/20, Lisa Vittozzi remporte la poursuite d\u2019Hochfilzen devant Anna Magnusson.\u00a0<\/div><div class=\"vlp-block-2 vlp-link-button\">Lire l'article<\/div><div class=\"vlp-block-3 vlp-link-url\">dicodusport.fr<\/div><\/div><\/div>\n<p style=\"text-align: justify;\">La Fran\u00e7aise confirme par ailleurs son statut de biathl\u00e8te la plus rapide du circuit, tr\u00e8s largement devant les s\u0153urs Oeberg. Son relais a \u00e9t\u00e9 un peu plus d\u00e9licat (trois pioches), dans un contexte de course peu favorable. Comme pour Jacquelin, les signaux sont encourageants, \u00e0 condition que le mental tienne lorsque la pression monte.<\/p>\n<h3 style=\"text-align: justify;\">Fabien Claude en meilleure forme<\/h3>\n<p style=\"text-align: justify;\">Sans encore signer de top 10 cette saison, <strong>Fabien Claude<\/strong> s\u2019en est rapproch\u00e9 \u00e0 Hochfilzen avec une 11<sup>\u00e8me<\/sup> place sur le sprint et une 13<sup>\u00e8me<\/sup> sur la poursuite. Malgr\u00e9 deux puis trois fautes au tir, il compense par une excellente forme sur les skis, comparable \u00e0 celle d\u2019<strong>\u00c9ric Perrot<\/strong> ou de <strong>Tommaso Giacomel<\/strong>.<\/p>\n<p style=\"text-align: justify;\">Sur le relais hommes, il a parfaitement lanc\u00e9 la course des Bleus avec une seule pioche, transmettant dans les skis de la Norv\u00e8ge. Un signe suppl\u00e9mentaire d\u2019une dynamique clairement positive.<\/p>\n<h2 style=\"text-align: justify;\">Les d\u00e9ceptions<\/h2>\n<h3 style=\"text-align: justify;\">Quentin Fillon Maillet semblait fatigu\u00e9 \u00e0 Hochfilzen<\/h3>\n<p style=\"text-align: justify;\">Malgr\u00e9 une magnifique victoire sur la poursuite d\u2019Ostersund et une 3<sup>\u00e8me<\/sup> place sur le sprint, <strong>Quentin Fillon Maillet<\/strong> n\u2019a pas sembl\u00e9 dans son assiette en Autriche. Il termine 10<sup>\u00e8me<\/sup> du sprint puis 11<sup>\u00e8me<\/sup> de la poursuite, avec des temps de ski inhabituels pour lui (12<sup>\u00e8me<\/sup> puis 22<sup>\u00e8me<\/sup>).<\/p>\n<p style=\"text-align: justify;\">Le point noir restera sa prestation sur le relais hommes, o\u00f9 il conc\u00e8de 39 secondes \u00e0 <strong>Sturla Laegreid<\/strong> sur la piste, avec deux pioches au tir. Le relais transmis \u00e0 <strong>\u00c9ric Perrot<\/strong> avec 53 secondes de retard \u00e9tait impossible \u00e0 sauver. Sans tirer de conclusions h\u00e2tives, son \u00e9tat physique devra \u00eatre surveill\u00e9 dans les prochaines semaines.<\/p>\n<ul style=\"text-align: justify;\">\n<li style=\"text-align: justify;\"><strong>\u00c0 ce sujet \u2013 <a href=\"https:\/\/dicodusport.fr\/blog\/biathlon-2025-2026-classement-general-hommes-de-la-coupe-du-monde-mis-a-jour\/\">Biathlon 2025-2026 : Classement G\u00e9n\u00e9ral Hommes de la Coupe du monde mis \u00e0 jour<\/a><\/strong><\/li>\n<\/ul>\n<h3 style=\"text-align: justify;\">Oc\u00e9ane Michelon et Jeanne Richard d\u00e9cevantes, Julia Simon invisible<\/h3>\n<p style=\"text-align: justify;\">Les destins ont \u00e9t\u00e9 contrast\u00e9s pour les Tricolores, mais le bilan reste globalement d\u00e9cevant. <strong>Oc\u00e9ane Michelon<\/strong> sauve partiellement sa semaine gr\u00e2ce \u00e0 une belle remont\u00e9e sur la poursuite (12<sup>\u00e8me<\/sup> avec un 19\/20), apr\u00e8s un sprint totalement manqu\u00e9 conclu \u00e0 la 34<sup>\u00e8me<\/sup> place.<\/p>\n<p style=\"text-align: justify;\">Elle c\u00e8de ensuite sa place sur le relais femmes, une course qui bascule lors du passage de <strong>Jeanne Richard<\/strong>, p\u00e9nalis\u00e9e par une erreur sur le tir debout et un passage sur l\u2019anneau de p\u00e9nalit\u00e9. Ses r\u00e9sultats individuels restent en de\u00e7\u00e0 des attentes (16<sup>\u00e8me<\/sup> du sprint, 22<sup>\u00e8me<\/sup> de la poursuite).<\/p>\n<p style=\"text-align: justify;\">Enfin, le retour de <strong>Julia Simon<\/strong> apr\u00e8s les affaires extra-sportives a \u00e9t\u00e9 tr\u00e8s discret. Avec une 19<sup>\u00e8me<\/sup> place sur le sprint (9\/10) et une 21<sup>\u00e8me<\/sup> sur la poursuite (17\/20), elle a peu fait parler d\u2019elle. Un retour sans \u00e9clat, mais peut-\u00eatre n\u00e9cessaire pour repartir sur de meilleures bases.<\/p>\n<h2>Dicodusport vous conseille<\/h2>\n<ul>\n<li style=\"text-align: justify;\"><strong><a title=\"\u00ab J\u2019aurais aim\u00e9 aller en \u00e9quipe de France entre copines \u00bb : La phrase de Lou Jeanmonnot qui en dit long sur l\u2019ambiance chez les Bleues\" href=\"https:\/\/dicodusport.fr\/blog\/jaurais-aime-aller-en-equipe-de-france-entre-copines-la-phrase-de-lou-jeanmonnot-qui-en-dit-long-sur-lambiance-chez-les-bleues\/\" rel=\"\">\u00ab J\u2019aurais aim\u00e9 aller en \u00e9quipe de France entre copines \u00bb : La phrase de Lou Jeanmonnot qui en dit long sur l\u2019ambiance chez les Bleues<\/a><\/strong><\/li>\n<li style=\"text-align: justify;\"><strong><a href=\"https:\/\/dicodusport.fr\/blog\/crise-chez-les-bleues-du-biathlon-quentin-fillon-maillet-sort-du-silence\/\">Crise chez les Bleues du biathlon : Quentin Fillon Maillet sort du silence<\/a><\/strong><\/li>\n<\/ul>\n","protected":false},"excerpt":{"rendered":"<p>Retour sur les performances des Bleus \u00e0 la suite de la deuxi\u00e8me \u00e9tape de la saison \u00e0 Hochfilzen.<\/p>\n","protected":false},"author":21,"featured_media":632629,"comment_status":"open","ping_status":"closed","sticky":false,"template":"","format":"standard","meta":{"_acf_changed":false,"_daextam_enable_autolinks":"1","footnotes":""},"categories":[47040],"tags":[2427,12890,16878,2695,6898,24],"class_list":["post-632578","post","type-post","status-publish","format-standard","has-post-thumbnail","hentry","category-coupe-du-monde-de-biathlon","tag-biathlon","tag-biathlon-hochfilzen","tag-breve","tag-coupe-du-monde-de-biathlon","tag-hochfilzen","tag-sport"],"acf":[],"yoast_head":"<!-- This site is optimized with the Yoast SEO Premium plugin v26.7 (Yoast SEO v26.7) - https:\/\/yoast.com\/wordpress\/plugins\/seo\/ -->\n<title>Perrot en patron, Bened confirme, Richard d\u00e9\u00e7oit : les Tops et Flops des Bleus \u00e0 Hochfilzen<\/title>\n<meta name=\"description\" content=\"COUPE DU MONDE DE BIATHLON 2025\/2026 - Retour sur les performances des Bleus \u00e0 la suite de la deuxi\u00e8me \u00e9tape de la saison \u00e0 Hochfilzen.\" \/>\n<meta name=\"robots\" content=\"index, follow, max-snippet:-1, max-image-preview:large, max-video-preview:-1\" \/>\n<link rel=\"canonical\" href=\"https:\/\/dicodusport.fr\/blog\/perrot-en-patron-bened-confirme-richard-decoit-les-tops-et-flops-des-bleus-a-hochfilzen\/\" \/>\n<meta property=\"og:locale\" content=\"fr_FR\" \/>\n<meta property=\"og:type\" content=\"article\" \/>\n<meta property=\"og:title\" content=\"Perrot en patron, Bened confirme, Richard d\u00e9\u00e7oit : les Tops et Flops des Bleus \u00e0 Hochfilzen\" \/>\n<meta property=\"og:description\" content=\"COUPE DU MONDE DE BIATHLON 2025\/2026 - Retour sur les performances des Bleus \u00e0 la suite de la deuxi\u00e8me \u00e9tape de la saison \u00e0 Hochfilzen.\" \/>\n<meta property=\"og:url\" content=\"https:\/\/dicodusport.fr\/blog\/perrot-en-patron-bened-confirme-richard-decoit-les-tops-et-flops-des-bleus-a-hochfilzen\/\" \/>\n<meta property=\"og:site_name\" content=\"Dicodusport\" \/>\n<meta property=\"article:publisher\" content=\"https:\/\/www.facebook.com\/dicodusport\" \/>\n<meta property=\"article:published_time\" content=\"2025-12-15T06:45:32+00:00\" \/>\n<meta property=\"article:modified_time\" content=\"2025-12-15T06:50:14+00:00\" \/>\n<meta property=\"og:image\" content=\"https:\/\/dicodusport.fr\/blog\/wp-content\/uploads\/2025\/12\/Perrot-en-patron-Bened-confirme-Richard-decoit-les-Tops-et-Flops-des-Bleus-a-Hochfilzen.png\" \/>\n\t<meta property=\"og:image:width\" content=\"1200\" \/>\n\t<meta property=\"og:image:height\" content=\"674\" \/>\n\t<meta property=\"og:image:type\" content=\"image\/png\" \/>\n<meta name=\"author\" content=\"Mathieu Veillon\" \/>\n<meta name=\"twitter:card\" content=\"summary_large_image\" \/>\n<meta name=\"twitter:title\" content=\"Perrot en patron, Bened confirme, Richard d\u00e9\u00e7oit : les Tops et Flops des Bleus \u00e0 Hochfilzen\" \/>\n<meta name=\"twitter:creator\" content=\"@https:\/\/twitter.com\/MathieuVeillon\" \/>\n<meta name=\"twitter:site\" content=\"@dicodusport\" \/>\n<script type=\"application\/ld+json\" class=\"yoast-schema-graph\">{\"@context\":\"https:\/\/schema.org\",\"@graph\":[{\"@type\":\"NewsArticle\",\"@id\":\"https:\/\/dicodusport.fr\/blog\/perrot-en-patron-bened-confirme-richard-decoit-les-tops-et-flops-des-bleus-a-hochfilzen\/#article\",\"isPartOf\":{\"@id\":\"https:\/\/dicodusport.fr\/blog\/perrot-en-patron-bened-confirme-richard-decoit-les-tops-et-flops-des-bleus-a-hochfilzen\/\"},\"author\":{\"name\":\"Mathieu Veillon\",\"@id\":\"https:\/\/dicodusport.fr\/blog\/#\/schema\/person\/9731cdc747db1ceb457a2bfa9180a806\"},\"headline\":\"Perrot en patron, Bened confirme, Richard d\u00e9\u00e7oit : les Tops et Flops des Bleus \u00e0 Hochfilzen\",\"datePublished\":\"2025-12-15T06:45:32+00:00\",\"dateModified\":\"2025-12-15T06:50:14+00:00\",\"mainEntityOfPage\":{\"@id\":\"https:\/\/dicodusport.fr\/blog\/perrot-en-patron-bened-confirme-richard-decoit-les-tops-et-flops-des-bleus-a-hochfilzen\/\"},\"wordCount\":1783,\"commentCount\":0,\"publisher\":{\"@id\":\"https:\/\/dicodusport.fr\/blog\/#organization\"},\"image\":{\"@id\":\"https:\/\/dicodusport.fr\/blog\/perrot-en-patron-bened-confirme-richard-decoit-les-tops-et-flops-des-bleus-a-hochfilzen\/#primaryimage\"},\"thumbnailUrl\":\"https:\/\/dicodusport.fr\/blog\/wp-content\/uploads\/2025\/12\/Perrot-en-patron-Bened-confirme-Richard-decoit-les-Tops-et-Flops-des-Bleus-a-Hochfilzen.png\",\"keywords\":[\"Biathlon\",\"Biathlon Hochfilzen\",\"br\u00e8ve\",\"Coupe du monde de Biathlon\",\"Hochfilzen\",\"sport\"],\"articleSection\":[\"Coupe du monde de biathlon\"],\"inLanguage\":\"fr-FR\",\"potentialAction\":[{\"@type\":\"CommentAction\",\"name\":\"Comment\",\"target\":[\"https:\/\/dicodusport.fr\/blog\/perrot-en-patron-bened-confirme-richard-decoit-les-tops-et-flops-des-bleus-a-hochfilzen\/#respond\"]}],\"copyrightYear\":\"2025\",\"copyrightHolder\":{\"@id\":\"https:\/\/dicodusport.fr\/blog\/#organization\"}},{\"@type\":\"WebPage\",\"@id\":\"https:\/\/dicodusport.fr\/blog\/perrot-en-patron-bened-confirme-richard-decoit-les-tops-et-flops-des-bleus-a-hochfilzen\/\",\"url\":\"https:\/\/dicodusport.fr\/blog\/perrot-en-patron-bened-confirme-richard-decoit-les-tops-et-flops-des-bleus-a-hochfilzen\/\",\"name\":\"Perrot en patron, Bened confirme, Richard d\u00e9\u00e7oit : les Tops et Flops des Bleus \u00e0 Hochfilzen\",\"isPartOf\":{\"@id\":\"https:\/\/dicodusport.fr\/blog\/#website\"},\"primaryImageOfPage\":{\"@id\":\"https:\/\/dicodusport.fr\/blog\/perrot-en-patron-bened-confirme-richard-decoit-les-tops-et-flops-des-bleus-a-hochfilzen\/#primaryimage\"},\"image\":{\"@id\":\"https:\/\/dicodusport.fr\/blog\/perrot-en-patron-bened-confirme-richard-decoit-les-tops-et-flops-des-bleus-a-hochfilzen\/#primaryimage\"},\"thumbnailUrl\":\"https:\/\/dicodusport.fr\/blog\/wp-content\/uploads\/2025\/12\/Perrot-en-patron-Bened-confirme-Richard-decoit-les-Tops-et-Flops-des-Bleus-a-Hochfilzen.png\",\"datePublished\":\"2025-12-15T06:45:32+00:00\",\"dateModified\":\"2025-12-15T06:50:14+00:00\",\"description\":\"COUPE DU MONDE DE BIATHLON 2025\/2026 - Retour sur les performances des Bleus \u00e0 la suite de la deuxi\u00e8me \u00e9tape de la saison \u00e0 Hochfilzen.\",\"breadcrumb\":{\"@id\":\"https:\/\/dicodusport.fr\/blog\/perrot-en-patron-bened-confirme-richard-decoit-les-tops-et-flops-des-bleus-a-hochfilzen\/#breadcrumb\"},\"inLanguage\":\"fr-FR\",\"potentialAction\":[{\"@type\":\"ReadAction\",\"target\":[\"https:\/\/dicodusport.fr\/blog\/perrot-en-patron-bened-confirme-richard-decoit-les-tops-et-flops-des-bleus-a-hochfilzen\/\"]}]},{\"@type\":\"ImageObject\",\"inLanguage\":\"fr-FR\",\"@id\":\"https:\/\/dicodusport.fr\/blog\/perrot-en-patron-bened-confirme-richard-decoit-les-tops-et-flops-des-bleus-a-hochfilzen\/#primaryimage\",\"url\":\"https:\/\/dicodusport.fr\/blog\/wp-content\/uploads\/2025\/12\/Perrot-en-patron-Bened-confirme-Richard-decoit-les-Tops-et-Flops-des-Bleus-a-Hochfilzen.png\",\"contentUrl\":\"https:\/\/dicodusport.fr\/blog\/wp-content\/uploads\/2025\/12\/Perrot-en-patron-Bened-confirme-Richard-decoit-les-Tops-et-Flops-des-Bleus-a-Hochfilzen.png\",\"width\":1200,\"height\":674,\"caption\":\"Perrot en patron, Bened confirme, Richard d\u00e9\u00e7oit les Tops et Flops des Bleus \u00e0 Hochfilzen\"},{\"@type\":\"BreadcrumbList\",\"@id\":\"https:\/\/dicodusport.fr\/blog\/perrot-en-patron-bened-confirme-richard-decoit-les-tops-et-flops-des-bleus-a-hochfilzen\/#breadcrumb\",\"itemListElement\":[{\"@type\":\"ListItem\",\"position\":1,\"name\":\"Accueil\",\"item\":\"https:\/\/dicodusport.fr\/blog\/\"},{\"@type\":\"ListItem\",\"position\":2,\"name\":\"Perrot en patron, Bened confirme, Richard d\u00e9\u00e7oit : les Tops et Flops des Bleus \u00e0 Hochfilzen\"}]},{\"@type\":\"WebSite\",\"@id\":\"https:\/\/dicodusport.fr\/blog\/#website\",\"url\":\"https:\/\/dicodusport.fr\/blog\/\",\"name\":\"Dicodusport\",\"description\":\"L&#039;encyclop\u00e9die de l&#039;actualit\u00e9 sportive\",\"publisher\":{\"@id\":\"https:\/\/dicodusport.fr\/blog\/#organization\"},\"potentialAction\":[{\"@type\":\"SearchAction\",\"target\":{\"@type\":\"EntryPoint\",\"urlTemplate\":\"https:\/\/dicodusport.fr\/blog\/?s={search_term_string}\"},\"query-input\":{\"@type\":\"PropertyValueSpecification\",\"valueRequired\":true,\"valueName\":\"search_term_string\"}}],\"inLanguage\":\"fr-FR\"},{\"@type\":\"NewsMediaOrganization\",\"@id\":\"https:\/\/dicodusport.fr\/blog\/#organization\",\"name\":\"Dicodusport\",\"url\":\"https:\/\/dicodusport.fr\/blog\/\",\"logo\":{\"@type\":\"ImageObject\",\"inLanguage\":\"fr-FR\",\"@id\":\"https:\/\/dicodusport.fr\/blog\/#\/schema\/logo\/image\/\",\"url\":\"https:\/\/dicodusport.fr\/blog\/wp-content\/uploads\/2020\/06\/cropped-LOGO-DICODUSPORT-2020-SANS-FOND-SANS-TEXTE.png\",\"contentUrl\":\"https:\/\/dicodusport.fr\/blog\/wp-content\/uploads\/2020\/06\/cropped-LOGO-DICODUSPORT-2020-SANS-FOND-SANS-TEXTE.png\",\"width\":512,\"height\":512,\"caption\":\"Dicodusport\"},\"image\":{\"@id\":\"https:\/\/dicodusport.fr\/blog\/#\/schema\/logo\/image\/\"},\"sameAs\":[\"https:\/\/www.facebook.com\/dicodusport\",\"https:\/\/x.com\/dicodusport\",\"https:\/\/www.instagram.com\/dicodusport\/\",\"https:\/\/www.youtube.com\/channel\/UC7V2KZ5sd3htJivAbA4ZG3w\"],\"description\":\"Dicodusport est l'encyclop\u00e9die de l'actualit\u00e9 sportive.\",\"email\":\"bonjour@dicodusport.fr\",\"legalName\":\"DICODUSPORT\",\"foundingDate\":\"2018-01-14\",\"vatID\":\"FR71834470973\",\"taxID\":\"83447097300043\",\"numberOfEmployees\":{\"@type\":\"QuantitativeValue\",\"minValue\":\"1\",\"maxValue\":\"10\"}},{\"@type\":\"Person\",\"@id\":\"https:\/\/dicodusport.fr\/blog\/#\/schema\/person\/9731cdc747db1ceb457a2bfa9180a806\",\"name\":\"Mathieu Veillon\",\"image\":{\"@type\":\"ImageObject\",\"inLanguage\":\"fr-FR\",\"@id\":\"https:\/\/dicodusport.fr\/blog\/#\/schema\/person\/image\/\",\"url\":\"https:\/\/dicodusport.fr\/blog\/wp-content\/uploads\/2021\/05\/Mathieu-Veillon-150x150.jpg\",\"contentUrl\":\"https:\/\/dicodusport.fr\/blog\/wp-content\/uploads\/2021\/05\/Mathieu-Veillon-150x150.jpg\",\"caption\":\"Mathieu Veillon\"},\"description\":\"Journaliste\/r\u00e9dacteur depuis septembre 2015 - Ma d\u00e9finition du bonheur ? Une galette-saucisse au Roazhon Park ou un caf\u00e9 devant un Lakers\/Celtics au petit matin. Fid\u00e8le membre de la team insomniaque de la r\u00e9dac, j\u2019ai le pouvoir de rester \u00e9veill\u00e9 jusqu\u2019\u00e0 l\u2019aube pour faire vivre aux lecteurs ma passion du sport. Ainsi, j\u2019\u00e9cris principalement sur la NBA, le biathlon, le cyclisme ou encore la F1. Comptez dans mes exploits sportifs le fait d\u2019avoir fait gagner le Tour de France 2018 \u00e0 Tony Gallopin sur Pro Cycling Manager, ou encore d\u2019avoir men\u00e9 l\u2019\u00e9quipe nationale de Bretagne en finale de Coupe du monde sur Football Manager.\",\"sameAs\":[\"https:\/\/x.com\/https:\/\/twitter.com\/MathieuVeillon\"],\"url\":\"https:\/\/dicodusport.fr\/blog\/author\/mathieu\/\"}]}<\/script>\n<!-- \/ Yoast SEO Premium plugin. -->","yoast_head_json":{"title":"Perrot en patron, Bened confirme, Richard d\u00e9\u00e7oit : les Tops et Flops des Bleus \u00e0 Hochfilzen","description":"COUPE DU MONDE DE BIATHLON 2025\/2026 - Retour sur les performances des Bleus \u00e0 la suite de la deuxi\u00e8me \u00e9tape de la saison \u00e0 Hochfilzen.","robots":{"index":"index","follow":"follow","max-snippet":"max-snippet:-1","max-image-preview":"max-image-preview:large","max-video-preview":"max-video-preview:-1"},"canonical":"https:\/\/dicodusport.fr\/blog\/perrot-en-patron-bened-confirme-richard-decoit-les-tops-et-flops-des-bleus-a-hochfilzen\/","og_locale":"fr_FR","og_type":"article","og_title":"Perrot en patron, Bened confirme, Richard d\u00e9\u00e7oit : les Tops et Flops des Bleus \u00e0 Hochfilzen","og_description":"COUPE DU MONDE DE BIATHLON 2025\/2026 - Retour sur les performances des Bleus \u00e0 la suite de la deuxi\u00e8me \u00e9tape de la saison \u00e0 Hochfilzen.","og_url":"https:\/\/dicodusport.fr\/blog\/perrot-en-patron-bened-confirme-richard-decoit-les-tops-et-flops-des-bleus-a-hochfilzen\/","og_site_name":"Dicodusport","article_publisher":"https:\/\/www.facebook.com\/dicodusport","article_published_time":"2025-12-15T06:45:32+00:00","article_modified_time":"2025-12-15T06:50:14+00:00","og_image":[{"width":1200,"height":674,"url":"https:\/\/dicodusport.fr\/blog\/wp-content\/uploads\/2025\/12\/Perrot-en-patron-Bened-confirme-Richard-decoit-les-Tops-et-Flops-des-Bleus-a-Hochfilzen.png","type":"image\/png"}],"author":"Mathieu Veillon","twitter_card":"summary_large_image","twitter_title":"Perrot en patron, Bened confirme, Richard d\u00e9\u00e7oit : les Tops et Flops des Bleus \u00e0 Hochfilzen","twitter_creator":"@https:\/\/twitter.com\/MathieuVeillon","twitter_site":"@dicodusport","schema":{"@context":"https:\/\/schema.org","@graph":[{"@type":"NewsArticle","@id":"https:\/\/dicodusport.fr\/blog\/perrot-en-patron-bened-confirme-richard-decoit-les-tops-et-flops-des-bleus-a-hochfilzen\/#article","isPartOf":{"@id":"https:\/\/dicodusport.fr\/blog\/perrot-en-patron-bened-confirme-richard-decoit-les-tops-et-flops-des-bleus-a-hochfilzen\/"},"author":{"name":"Mathieu Veillon","@id":"https:\/\/dicodusport.fr\/blog\/#\/schema\/person\/9731cdc747db1ceb457a2bfa9180a806"},"headline":"Perrot en patron, Bened confirme, Richard d\u00e9\u00e7oit : les Tops et Flops des Bleus \u00e0 Hochfilzen","datePublished":"2025-12-15T06:45:32+00:00","dateModified":"2025-12-15T06:50:14+00:00","mainEntityOfPage":{"@id":"https:\/\/dicodusport.fr\/blog\/perrot-en-patron-bened-confirme-richard-decoit-les-tops-et-flops-des-bleus-a-hochfilzen\/"},"wordCount":1783,"commentCount":0,"publisher":{"@id":"https:\/\/dicodusport.fr\/blog\/#organization"},"image":{"@id":"https:\/\/dicodusport.fr\/blog\/perrot-en-patron-bened-confirme-richard-decoit-les-tops-et-flops-des-bleus-a-hochfilzen\/#primaryimage"},"thumbnailUrl":"https:\/\/dicodusport.fr\/blog\/wp-content\/uploads\/2025\/12\/Perrot-en-patron-Bened-confirme-Richard-decoit-les-Tops-et-Flops-des-Bleus-a-Hochfilzen.png","keywords":["Biathlon","Biathlon Hochfilzen","br\u00e8ve","Coupe du monde de Biathlon","Hochfilzen","sport"],"articleSection":["Coupe du monde de biathlon"],"inLanguage":"fr-FR","potentialAction":[{"@type":"CommentAction","name":"Comment","target":["https:\/\/dicodusport.fr\/blog\/perrot-en-patron-bened-confirme-richard-decoit-les-tops-et-flops-des-bleus-a-hochfilzen\/#respond"]}],"copyrightYear":"2025","copyrightHolder":{"@id":"https:\/\/dicodusport.fr\/blog\/#organization"}},{"@type":"WebPage","@id":"https:\/\/dicodusport.fr\/blog\/perrot-en-patron-bened-confirme-richard-decoit-les-tops-et-flops-des-bleus-a-hochfilzen\/","url":"https:\/\/dicodusport.fr\/blog\/perrot-en-patron-bened-confirme-richard-decoit-les-tops-et-flops-des-bleus-a-hochfilzen\/","name":"Perrot en patron, Bened confirme, Richard d\u00e9\u00e7oit : les Tops et Flops des Bleus \u00e0 Hochfilzen","isPartOf":{"@id":"https:\/\/dicodusport.fr\/blog\/#website"},"primaryImageOfPage":{"@id":"https:\/\/dicodusport.fr\/blog\/perrot-en-patron-bened-confirme-richard-decoit-les-tops-et-flops-des-bleus-a-hochfilzen\/#primaryimage"},"image":{"@id":"https:\/\/dicodusport.fr\/blog\/perrot-en-patron-bened-confirme-richard-decoit-les-tops-et-flops-des-bleus-a-hochfilzen\/#primaryimage"},"thumbnailUrl":"https:\/\/dicodusport.fr\/blog\/wp-content\/uploads\/2025\/12\/Perrot-en-patron-Bened-confirme-Richard-decoit-les-Tops-et-Flops-des-Bleus-a-Hochfilzen.png","datePublished":"2025-12-15T06:45:32+00:00","dateModified":"2025-12-15T06:50:14+00:00","description":"COUPE DU MONDE DE BIATHLON 2025\/2026 - Retour sur les performances des Bleus \u00e0 la suite de la deuxi\u00e8me \u00e9tape de la saison \u00e0 Hochfilzen.","breadcrumb":{"@id":"https:\/\/dicodusport.fr\/blog\/perrot-en-patron-bened-confirme-richard-decoit-les-tops-et-flops-des-bleus-a-hochfilzen\/#breadcrumb"},"inLanguage":"fr-FR","potentialAction":[{"@type":"ReadAction","target":["https:\/\/dicodusport.fr\/blog\/perrot-en-patron-bened-confirme-richard-decoit-les-tops-et-flops-des-bleus-a-hochfilzen\/"]}]},{"@type":"ImageObject","inLanguage":"fr-FR","@id":"https:\/\/dicodusport.fr\/blog\/perrot-en-patron-bened-confirme-richard-decoit-les-tops-et-flops-des-bleus-a-hochfilzen\/#primaryimage","url":"https:\/\/dicodusport.fr\/blog\/wp-content\/uploads\/2025\/12\/Perrot-en-patron-Bened-confirme-Richard-decoit-les-Tops-et-Flops-des-Bleus-a-Hochfilzen.png","contentUrl":"https:\/\/dicodusport.fr\/blog\/wp-content\/uploads\/2025\/12\/Perrot-en-patron-Bened-confirme-Richard-decoit-les-Tops-et-Flops-des-Bleus-a-Hochfilzen.png","width":1200,"height":674,"caption":"Perrot en patron, Bened confirme, Richard d\u00e9\u00e7oit les Tops et Flops des Bleus \u00e0 Hochfilzen"},{"@type":"BreadcrumbList","@id":"https:\/\/dicodusport.fr\/blog\/perrot-en-patron-bened-confirme-richard-decoit-les-tops-et-flops-des-bleus-a-hochfilzen\/#breadcrumb","itemListElement":[{"@type":"ListItem","position":1,"name":"Accueil","item":"https:\/\/dicodusport.fr\/blog\/"},{"@type":"ListItem","position":2,"name":"Perrot en patron, Bened confirme, Richard d\u00e9\u00e7oit : les Tops et Flops des Bleus \u00e0 Hochfilzen"}]},{"@type":"WebSite","@id":"https:\/\/dicodusport.fr\/blog\/#website","url":"https:\/\/dicodusport.fr\/blog\/","name":"Dicodusport","description":"L&#039;encyclop\u00e9die de l&#039;actualit\u00e9 sportive","publisher":{"@id":"https:\/\/dicodusport.fr\/blog\/#organization"},"potentialAction":[{"@type":"SearchAction","target":{"@type":"EntryPoint","urlTemplate":"https:\/\/dicodusport.fr\/blog\/?s={search_term_string}"},"query-input":{"@type":"PropertyValueSpecification","valueRequired":true,"valueName":"search_term_string"}}],"inLanguage":"fr-FR"},{"@type":"NewsMediaOrganization","@id":"https:\/\/dicodusport.fr\/blog\/#organization","name":"Dicodusport","url":"https:\/\/dicodusport.fr\/blog\/","logo":{"@type":"ImageObject","inLanguage":"fr-FR","@id":"https:\/\/dicodusport.fr\/blog\/#\/schema\/logo\/image\/","url":"https:\/\/dicodusport.fr\/blog\/wp-content\/uploads\/2020\/06\/cropped-LOGO-DICODUSPORT-2020-SANS-FOND-SANS-TEXTE.png","contentUrl":"https:\/\/dicodusport.fr\/blog\/wp-content\/uploads\/2020\/06\/cropped-LOGO-DICODUSPORT-2020-SANS-FOND-SANS-TEXTE.png","width":512,"height":512,"caption":"Dicodusport"},"image":{"@id":"https:\/\/dicodusport.fr\/blog\/#\/schema\/logo\/image\/"},"sameAs":["https:\/\/www.facebook.com\/dicodusport","https:\/\/x.com\/dicodusport","https:\/\/www.instagram.com\/dicodusport\/","https:\/\/www.youtube.com\/channel\/UC7V2KZ5sd3htJivAbA4ZG3w"],"description":"Dicodusport est l'encyclop\u00e9die de l'actualit\u00e9 sportive.","email":"bonjour@dicodusport.fr","legalName":"DICODUSPORT","foundingDate":"2018-01-14","vatID":"FR71834470973","taxID":"83447097300043","numberOfEmployees":{"@type":"QuantitativeValue","minValue":"1","maxValue":"10"}},{"@type":"Person","@id":"https:\/\/dicodusport.fr\/blog\/#\/schema\/person\/9731cdc747db1ceb457a2bfa9180a806","name":"Mathieu Veillon","image":{"@type":"ImageObject","inLanguage":"fr-FR","@id":"https:\/\/dicodusport.fr\/blog\/#\/schema\/person\/image\/","url":"https:\/\/dicodusport.fr\/blog\/wp-content\/uploads\/2021\/05\/Mathieu-Veillon-150x150.jpg","contentUrl":"https:\/\/dicodusport.fr\/blog\/wp-content\/uploads\/2021\/05\/Mathieu-Veillon-150x150.jpg","caption":"Mathieu Veillon"},"description":"Journaliste\/r\u00e9dacteur depuis septembre 2015 - Ma d\u00e9finition du bonheur ? Une galette-saucisse au Roazhon Park ou un caf\u00e9 devant un Lakers\/Celtics au petit matin. Fid\u00e8le membre de la team insomniaque de la r\u00e9dac, j\u2019ai le pouvoir de rester \u00e9veill\u00e9 jusqu\u2019\u00e0 l\u2019aube pour faire vivre aux lecteurs ma passion du sport. Ainsi, j\u2019\u00e9cris principalement sur la NBA, le biathlon, le cyclisme ou encore la F1. Comptez dans mes exploits sportifs le fait d\u2019avoir fait gagner le Tour de France 2018 \u00e0 Tony Gallopin sur Pro Cycling Manager, ou encore d\u2019avoir men\u00e9 l\u2019\u00e9quipe nationale de Bretagne en finale de Coupe du monde sur Football Manager.","sameAs":["https:\/\/x.com\/https:\/\/twitter.com\/MathieuVeillon"],"url":"https:\/\/dicodusport.fr\/blog\/author\/mathieu\/"}]}},"_links":{"self":[{"href":"https:\/\/dicodusport.fr\/blog\/wp-json\/wp\/v2\/posts\/632578","targetHints":{"allow":["GET"]}}],"collection":[{"href":"https:\/\/dicodusport.fr\/blog\/wp-json\/wp\/v2\/posts"}],"about":[{"href":"https:\/\/dicodusport.fr\/blog\/wp-json\/wp\/v2\/types\/post"}],"author":[{"embeddable":true,"href":"https:\/\/dicodusport.fr\/blog\/wp-json\/wp\/v2\/users\/21"}],"replies":[{"embeddable":true,"href":"https:\/\/dicodusport.fr\/blog\/wp-json\/wp\/v2\/comments?post=632578"}],"version-history":[{"count":6,"href":"https:\/\/dicodusport.fr\/blog\/wp-json\/wp\/v2\/posts\/632578\/revisions"}],"predecessor-version":[{"id":632631,"href":"https:\/\/dicodusport.fr\/blog\/wp-json\/wp\/v2\/posts\/632578\/revisions\/632631"}],"wp:featuredmedia":[{"embeddable":true,"href":"https:\/\/dicodusport.fr\/blog\/wp-json\/wp\/v2\/media\/632629"}],"wp:attachment":[{"href":"https:\/\/dicodusport.fr\/blog\/wp-json\/wp\/v2\/media?parent=632578"}],"wp:term":[{"taxonomy":"category","embeddable":true,"href":"https:\/\/dicodusport.fr\/blog\/wp-json\/wp\/v2\/categories?post=632578"},{"taxonomy":"post_tag","embeddable":true,"href":"https:\/\/dicodusport.fr\/blog\/wp-json\/wp\/v2\/tags?post=632578"}],"curies":[{"name":"wp","href":"https:\/\/api.w.org\/{rel}","templated":true}]}}