{"id":6327,"date":"2017-11-03T09:56:04","date_gmt":"2017-11-03T08:56:04","guid":{"rendered":"http:\/\/dicodusport.fr\/blog\/?p=6327"},"modified":"2021-04-13T23:16:10","modified_gmt":"2021-04-13T21:16:10","slug":"vincent-alessi-travailler-atteindre-objectifs","status":"publish","type":"post","link":"https:\/\/dicodusport.fr\/blog\/vincent-alessi-travailler-atteindre-objectifs\/","title":{"rendered":"Vincent Alessi, travailler pour atteindre mes objectifs"},"content":{"rendered":"<p style=\"text-align: justify;\"><em><strong>Rencontre avec Vincent Alessi, trois-quarts aile du <span style=\"color: #0000ff;\"><a style=\"color: #0000ff;\" href=\"http:\/\/dicodusport.fr\/blog\/fc-grenoble-rugby-espoirs\/\">FC Grenoble<\/a>,<\/span> qui veut r\u00e9aliser de belles choses avec les espoirs pour pr\u00e9tendre\u00a0\u00e0 une place\u00a0en \u00e9quipe premi\u00e8re.\u00a0<\/strong><\/em><\/p>\n<h5 style=\"text-align: justify;\">Vincent, peux-tu te pr\u00e9senter en quelques mots ?<\/h5>\n<p style=\"text-align: justify;\">Je suis Vincent Alessi, j\u2019ai 20 ans et c\u2019est ma 8\u00e8me saison au FCG. Avant cela, je jouais \u00e0 Vizille.<\/p>\n<h5 style=\"text-align: justify;\">Comment as-tu commenc\u00e9 le rugby ? As-tu pratiqu\u00e9 d\u2019autres sports ?<\/h5>\n<p style=\"text-align: justify;\">Je jouais au foot quand j\u2019\u00e9tais tout petit mais tous mes amis jouaient au rugby donc je me retrouvais un peu seul au foot. Ils m\u2019ont propos\u00e9 de m\u2019entra\u00eener avec eux, j\u2019ai essay\u00e9 et j\u2019ai tout de suite\u00a0accroch\u00e9. Je joue donc au rugby depuis que j\u2019ai 8 ans et j\u2019ai aussi fait une ann\u00e9e de handball entre le football et le rugby.<\/p>\n<h5 style=\"text-align: justify;\">Comment juges-tu tes ann\u00e9es de formation \u00e0 Grenoble ?<\/h5>\n<p style=\"text-align: justify;\">Forcement, le changement entre mon petit club amateur et le FCG a \u00e9t\u00e9 radical. Tout est beaucoup plus structur\u00e9 ici et on est vraiment baign\u00e9 dans la comp\u00e9tition. Je suis vraiment content de ma formation car nous avons eu un vrai suivi, ann\u00e9e par ann\u00e9e. On nous donne toutes les cartes pour pouvoir acc\u00e9der au plus haut niveau.<\/p>\n<h5 style=\"text-align: justify;\">Tu es pr\u00e9parateur physique de Vizille, ton premier club, est-ce important pour toi de garder ce contact avec\u00a0tes origines ?<\/h5>\n<p style=\"text-align: justify;\">C\u2019est tr\u00e8s important pour moi de garder ce lien avec mon premier club. M\u00eame quand je suis parti jouer \u00e0 Grenoble, j\u2019ai continu\u00e9 \u00e0 aller voir jouer l\u2019\u00e9quipe premi\u00e8re. Aujourd\u2019hui, le r\u00f4le de pr\u00e9parateur physique est un moyen pour moi de leur rendre la pareille et de les remercier pour ce qu\u2019ils m\u2019ont apport\u00e9.<\/p>\n<h5 style=\"text-align: justify;\">Quel type de joueur es-tu ?<\/h5>\n<p style=\"text-align: justify;\">Je suis un ailier qui joue sur la vitesse, les appuis et l\u2019\u00e9vitement car je n\u2019ai pas un gros gabarit. Je suis comme on dit un \u00ab ailier de poche \u00bb.<\/p>\n<h5 style=\"text-align: justify;\">Quels sont les domaines o\u00f9 tu penses devoir progresser pour franchir un cap ?<\/h5>\n<p style=\"text-align: justify;\">Je dois travailler mon jeu au pied car c\u2019est indispensable pour un ailier d\u2019avoir cet aspect dans son bagage technique. J\u2019aimerais aussi travailler ma lecture du jeu pour \u00eatre le plus souvent possible au bon endroit et dans le bon timing.<\/p>\n<div id=\"attachment_6358\" style=\"width: 2058px\" class=\"wp-caption aligncenter\"><img loading=\"lazy\" decoding=\"async\" aria-describedby=\"caption-attachment-6358\" class=\"wp-image-6358 size-full\" src=\"http:\/\/dicodusport.fr\/blog\/wp-content\/uploads\/2017\/11\/Vincent-Alessi-2-.jpg\" alt=\"Vincent Alessi 2\" width=\"2048\" height=\"1362\" srcset=\"https:\/\/dicodusport.fr\/blog\/wp-content\/uploads\/2017\/11\/Vincent-Alessi-2-.jpg 2048w, https:\/\/dicodusport.fr\/blog\/wp-content\/uploads\/2017\/11\/Vincent-Alessi-2--300x200.jpg 300w, https:\/\/dicodusport.fr\/blog\/wp-content\/uploads\/2017\/11\/Vincent-Alessi-2--768x511.jpg 768w, https:\/\/dicodusport.fr\/blog\/wp-content\/uploads\/2017\/11\/Vincent-Alessi-2--1024x681.jpg 1024w\" sizes=\"auto, (max-width: 2048px) 100vw, 2048px\" \/><p id=\"caption-attachment-6358\" class=\"wp-caption-text\"><span style=\"font-size: 12px;\">Vincent Alessi qui aplatit contre le Stade Toulousain ! <\/span><\/p><\/div>\n<h5 style=\"text-align: justify;\">Tu as jou\u00e9 en amical avec l\u2019\u00e9quipe pro, est-ce ton prochain objectif de jouer un match officiel avec eux ?<\/h5>\n<p style=\"text-align: justify;\">Oui c\u2019est mon objectif et je pense m\u00eame que c\u2019est un objectif pour tous les joueurs qui jouent avec les espoirs. Nous avons tous envie de go\u00fbter au plus haut niveau, mais mon objectif principal est d\u2019\u00eatre le plus performant possible avec les espoirs. Jouer avec les professionnels devrait \u00eatre la suite logique si mes performances sont bonnes.<\/p>\n<h5 style=\"text-align: justify;\">C&rsquo;est la premi\u00e8re tr\u00eave pour les espoirs, comment analyses-tu votre entame de championnat ? Vous gagnez 2 fois \u00e0 l\u2019ext\u00e9rieur et perdez 2 fois \u00e0 la maison, c\u2019est un peu dommage non ?<\/h5>\n<p style=\"text-align: justify;\">Au d\u00e9but de la saison, comme c\u2019\u00e9tait notre premi\u00e8re ann\u00e9e \u00e0 ce niveau, nous ne savions pas vraiment \u00e0 quoi nous attendre m\u00eame si nous imaginions bien que chaque match serait dur \u00e0 gagner. Nous avons tr\u00e8s bien d\u00e9marr\u00e9 la saison en gagnant \u00e0 domicile contre Toulouse puis \u00e0 Castres, nous \u00e9tions sur une bonne dynamique. Malheureusement, nous encha\u00eenons avec deux d\u00e9faites \u00e0 domicile, des matchs que nous pouvions gagner, surtout celui contre Mont-de-Marsan. C\u2019est vraiment dommage de perdre ces matchs alors que nous avions tout en mains pour les gagner. Nous avons \u00e9t\u00e9 piqu\u00e9s au vif par ces d\u00e9faites et c\u2019est ce qui nous a permis de relever la t\u00eate en allant gagner au LOU. Cette victoire nous permet d\u2019avoir, malgr\u00e9 tout, un bilan positif avec 3 victoires en 5 matchs et une 4\u00e8me place au classement.<\/p>\n<h5 style=\"text-align: justify;\">Quel est ton avis sur la qualit\u00e9 globale du groupe espoirs ? Jusqu\u2019o\u00f9 pouvez-vous aller ?<\/h5>\n<p style=\"text-align: justify;\">Nous avons un groupe de qualit\u00e9 avec beaucoup de jeunes joueurs qui sont tr\u00e8s performants. Nous avons la chance de tous nous conna\u00eetre et cela nous permet d\u2019\u00eatre soud\u00e9s. Notre objectif est d&rsquo;aller le plus loin possible dans la poule et de nous qualifier pour les phases finales. Nous verrons bien ce que la suite nous r\u00e9serve, mais si nous continuons \u00e0 mettre tous les bons ingr\u00e9dients, je pense vraiment que l\u2019on peut y arriver.<\/p>\n<h5 style=\"text-align: justify;\">Si tu pouvais passer 30 minutes avec le sportif de ton choix ?<\/h5>\n<p style=\"text-align: justify;\">Je vais choisir Rafael Nadal car je partage les m\u00eames valeurs de combat\u00a0et de travail. Comme lui, je ne l\u00e2che jamais rien. M\u00eame quand il a \u00e9t\u00e9 bless\u00e9, il a su en tirer le positif et travailler plus fort pour revenir au top et c\u2019est vraiment ma vision du sport. C\u2019est mon idole !<\/p>\n<h5 style=\"text-align: justify;\">C\u2019est le moment o\u00f9 il faut balancer, quels sont les mecs qui mangent le plus souvent au mcdo ?\u00a0\ud83d\ude42<\/h5>\n<p style=\"text-align: justify;\">Alors je dirais Edgar, Iges et Steven !\u00a0\ud83d\ude42<\/p>\n<p style=\"text-align: justify;\"><em><strong>Nicolas Jacquemard<\/strong><br \/>\n<\/em><a style=\"color: #000000;\" href=\"https:\/\/twitter.com\/Nico_Jacquemard\" target=\"_blank\" rel=\"noopener noreferrer\"><img loading=\"lazy\" decoding=\"async\" class=\"alignnone wp-image-2908\" src=\"http:\/\/dicodusport.fr\/blog\/wp-content\/uploads\/2017\/07\/logo-twitter-150x150.png\" alt=\"\" width=\"39\" height=\"39\" \/><\/a><a style=\"color: #000000;\" href=\"https:\/\/www.facebook.com\/dicodusport\/\" target=\"_blank\" rel=\"noopener noreferrer\"><img loading=\"lazy\" decoding=\"async\" class=\"alignnone wp-image-2909\" src=\"http:\/\/dicodusport.fr\/blog\/wp-content\/uploads\/2017\/07\/logo-facebook-150x150.png\" alt=\"\" width=\"40\" height=\"40\" \/><\/a><\/p>\n","protected":false},"excerpt":{"rendered":"<p>Rencontre avec Vincent Alessi, trois-quarts aile du FC Grenoble, qui veut r\u00e9aliser de belles choses avec les espoirs pour pr\u00e9tendre\u00a0\u00e0 une place\u00a0en \u00e9quipe premi\u00e8re.\u00a0 Vincent, peux-tu te pr\u00e9senter en quelques mots ? Je suis Vincent Alessi, j\u2019ai 20 ans et c\u2019est ma 8\u00e8me saison au FCG. Avant cela, je jouais \u00e0 Vizille. Comment as-tu commenc\u00e9 [&hellip;]<\/p>\n","protected":false},"author":1,"featured_media":6361,"comment_status":"open","ping_status":"closed","sticky":false,"template":"","format":"standard","meta":{"_acf_changed":false,"_daextam_enable_autolinks":"","footnotes":""},"categories":[4],"tags":[2185,2073,1947,13],"class_list":["post-6327","post","type-post","status-publish","format-standard","has-post-thumbnail","hentry","category-portraits","tag-fc-grenoble-rugby","tag-fcg","tag-grenoble-rugby","tag-rugby"],"acf":[],"yoast_head":"<!-- This site is optimized with the Yoast SEO Premium plugin v26.7 (Yoast SEO v26.7) - https:\/\/yoast.com\/wordpress\/plugins\/seo\/ -->\n<title>Vincent Alessi, travailler pour atteindre mes objectifs<\/title>\n<meta name=\"description\" content=\"Rencontre avec Vincent Alessi, ailier du FC Grenoble, qui veut r\u00e9aliser de belles choses avec les espoirs pour pr\u00e9tendre \u00e0 une place avec l&#039;\u00e9quipe premi\u00e8re.\" \/>\n<meta name=\"robots\" content=\"index, follow, max-snippet:-1, max-image-preview:large, max-video-preview:-1\" \/>\n<link rel=\"canonical\" href=\"https:\/\/dicodusport.fr\/blog\/vincent-alessi-travailler-atteindre-objectifs\/\" \/>\n<meta property=\"og:locale\" content=\"fr_FR\" \/>\n<meta property=\"og:type\" content=\"article\" \/>\n<meta property=\"og:title\" content=\"Vincent Alessi, travailler pour atteindre mes objectifs\" \/>\n<meta property=\"og:description\" content=\"Rencontre avec Vincent Alessi, ailier du FC Grenoble, qui veut r\u00e9aliser de belles choses avec les espoirs pour pr\u00e9tendre \u00e0 une place avec l&#039;\u00e9quipe premi\u00e8re.\" \/>\n<meta property=\"og:url\" content=\"https:\/\/dicodusport.fr\/blog\/vincent-alessi-travailler-atteindre-objectifs\/\" \/>\n<meta property=\"og:site_name\" content=\"Dicodusport\" \/>\n<meta property=\"article:publisher\" content=\"https:\/\/www.facebook.com\/dicodusport\" \/>\n<meta property=\"article:author\" content=\"https:\/\/www.facebook.com\/dicodusport\" \/>\n<meta property=\"article:published_time\" content=\"2017-11-03T08:56:04+00:00\" \/>\n<meta property=\"article:modified_time\" content=\"2021-04-13T21:16:10+00:00\" \/>\n<meta property=\"og:image\" content=\"https:\/\/dicodusport.fr\/blog\/wp-content\/uploads\/2017\/11\/Vincent-Alessi.png\" \/>\n\t<meta property=\"og:image:width\" content=\"1200\" \/>\n\t<meta property=\"og:image:height\" content=\"670\" \/>\n\t<meta property=\"og:image:type\" content=\"image\/png\" \/>\n<meta name=\"author\" content=\"Nicolas Jacquemard\" \/>\n<meta name=\"twitter:card\" content=\"summary_large_image\" \/>\n<meta name=\"twitter:creator\" content=\"@https:\/\/twitter.com\/Nico_Jacquemard\" \/>\n<meta name=\"twitter:site\" content=\"@dicodusport\" \/>\n<script type=\"application\/ld+json\" class=\"yoast-schema-graph\">{\"@context\":\"https:\/\/schema.org\",\"@graph\":[{\"@type\":\"NewsArticle\",\"@id\":\"https:\/\/dicodusport.fr\/blog\/vincent-alessi-travailler-atteindre-objectifs\/#article\",\"isPartOf\":{\"@id\":\"https:\/\/dicodusport.fr\/blog\/vincent-alessi-travailler-atteindre-objectifs\/\"},\"author\":{\"name\":\"Nicolas Jacquemard\",\"@id\":\"https:\/\/dicodusport.fr\/blog\/#\/schema\/person\/55dcb50ad410894e431ed812bbb70191\"},\"headline\":\"Vincent Alessi, travailler pour atteindre mes objectifs\",\"datePublished\":\"2017-11-03T08:56:04+00:00\",\"dateModified\":\"2021-04-13T21:16:10+00:00\",\"mainEntityOfPage\":{\"@id\":\"https:\/\/dicodusport.fr\/blog\/vincent-alessi-travailler-atteindre-objectifs\/\"},\"wordCount\":862,\"commentCount\":0,\"publisher\":{\"@id\":\"https:\/\/dicodusport.fr\/blog\/#organization\"},\"image\":{\"@id\":\"https:\/\/dicodusport.fr\/blog\/vincent-alessi-travailler-atteindre-objectifs\/#primaryimage\"},\"thumbnailUrl\":\"https:\/\/dicodusport.fr\/blog\/wp-content\/uploads\/2017\/11\/Vincent-Alessi.png\",\"keywords\":[\"FC Grenoble Rugby\",\"FCG\",\"grenoble rugby\",\"Rugby\"],\"articleSection\":[\"Portraits\"],\"inLanguage\":\"fr-FR\",\"potentialAction\":[{\"@type\":\"CommentAction\",\"name\":\"Comment\",\"target\":[\"https:\/\/dicodusport.fr\/blog\/vincent-alessi-travailler-atteindre-objectifs\/#respond\"]}],\"copyrightYear\":\"2017\",\"copyrightHolder\":{\"@id\":\"https:\/\/dicodusport.fr\/blog\/#organization\"}},{\"@type\":\"WebPage\",\"@id\":\"https:\/\/dicodusport.fr\/blog\/vincent-alessi-travailler-atteindre-objectifs\/\",\"url\":\"https:\/\/dicodusport.fr\/blog\/vincent-alessi-travailler-atteindre-objectifs\/\",\"name\":\"Vincent Alessi, travailler pour atteindre mes objectifs\",\"isPartOf\":{\"@id\":\"https:\/\/dicodusport.fr\/blog\/#website\"},\"primaryImageOfPage\":{\"@id\":\"https:\/\/dicodusport.fr\/blog\/vincent-alessi-travailler-atteindre-objectifs\/#primaryimage\"},\"image\":{\"@id\":\"https:\/\/dicodusport.fr\/blog\/vincent-alessi-travailler-atteindre-objectifs\/#primaryimage\"},\"thumbnailUrl\":\"https:\/\/dicodusport.fr\/blog\/wp-content\/uploads\/2017\/11\/Vincent-Alessi.png\",\"datePublished\":\"2017-11-03T08:56:04+00:00\",\"dateModified\":\"2021-04-13T21:16:10+00:00\",\"description\":\"Rencontre avec Vincent Alessi, ailier du FC Grenoble, qui veut r\u00e9aliser de belles choses avec les espoirs pour pr\u00e9tendre \u00e0 une place avec l'\u00e9quipe premi\u00e8re.\",\"breadcrumb\":{\"@id\":\"https:\/\/dicodusport.fr\/blog\/vincent-alessi-travailler-atteindre-objectifs\/#breadcrumb\"},\"inLanguage\":\"fr-FR\",\"potentialAction\":[{\"@type\":\"ReadAction\",\"target\":[\"https:\/\/dicodusport.fr\/blog\/vincent-alessi-travailler-atteindre-objectifs\/\"]}]},{\"@type\":\"ImageObject\",\"inLanguage\":\"fr-FR\",\"@id\":\"https:\/\/dicodusport.fr\/blog\/vincent-alessi-travailler-atteindre-objectifs\/#primaryimage\",\"url\":\"https:\/\/dicodusport.fr\/blog\/wp-content\/uploads\/2017\/11\/Vincent-Alessi.png\",\"contentUrl\":\"https:\/\/dicodusport.fr\/blog\/wp-content\/uploads\/2017\/11\/Vincent-Alessi.png\",\"width\":1200,\"height\":670,\"caption\":\"Vincent Alessi\"},{\"@type\":\"BreadcrumbList\",\"@id\":\"https:\/\/dicodusport.fr\/blog\/vincent-alessi-travailler-atteindre-objectifs\/#breadcrumb\",\"itemListElement\":[{\"@type\":\"ListItem\",\"position\":1,\"name\":\"Accueil\",\"item\":\"https:\/\/dicodusport.fr\/blog\/\"},{\"@type\":\"ListItem\",\"position\":2,\"name\":\"Vincent Alessi, travailler pour atteindre mes objectifs\"}]},{\"@type\":\"WebSite\",\"@id\":\"https:\/\/dicodusport.fr\/blog\/#website\",\"url\":\"https:\/\/dicodusport.fr\/blog\/\",\"name\":\"Dicodusport\",\"description\":\"L&#039;encyclop\u00e9die de l&#039;actualit\u00e9 sportive\",\"publisher\":{\"@id\":\"https:\/\/dicodusport.fr\/blog\/#organization\"},\"potentialAction\":[{\"@type\":\"SearchAction\",\"target\":{\"@type\":\"EntryPoint\",\"urlTemplate\":\"https:\/\/dicodusport.fr\/blog\/?s={search_term_string}\"},\"query-input\":{\"@type\":\"PropertyValueSpecification\",\"valueRequired\":true,\"valueName\":\"search_term_string\"}}],\"inLanguage\":\"fr-FR\"},{\"@type\":\"NewsMediaOrganization\",\"@id\":\"https:\/\/dicodusport.fr\/blog\/#organization\",\"name\":\"Dicodusport\",\"url\":\"https:\/\/dicodusport.fr\/blog\/\",\"logo\":{\"@type\":\"ImageObject\",\"inLanguage\":\"fr-FR\",\"@id\":\"https:\/\/dicodusport.fr\/blog\/#\/schema\/logo\/image\/\",\"url\":\"https:\/\/dicodusport.fr\/blog\/wp-content\/uploads\/2020\/06\/cropped-LOGO-DICODUSPORT-2020-SANS-FOND-SANS-TEXTE.png\",\"contentUrl\":\"https:\/\/dicodusport.fr\/blog\/wp-content\/uploads\/2020\/06\/cropped-LOGO-DICODUSPORT-2020-SANS-FOND-SANS-TEXTE.png\",\"width\":512,\"height\":512,\"caption\":\"Dicodusport\"},\"image\":{\"@id\":\"https:\/\/dicodusport.fr\/blog\/#\/schema\/logo\/image\/\"},\"sameAs\":[\"https:\/\/www.facebook.com\/dicodusport\",\"https:\/\/x.com\/dicodusport\",\"https:\/\/www.instagram.com\/dicodusport\/\",\"https:\/\/www.youtube.com\/channel\/UC7V2KZ5sd3htJivAbA4ZG3w\"],\"description\":\"Dicodusport est l'encyclop\u00e9die de l'actualit\u00e9 sportive.\",\"email\":\"bonjour@dicodusport.fr\",\"legalName\":\"DICODUSPORT\",\"foundingDate\":\"2018-01-14\",\"vatID\":\"FR71834470973\",\"taxID\":\"83447097300043\",\"numberOfEmployees\":{\"@type\":\"QuantitativeValue\",\"minValue\":\"1\",\"maxValue\":\"10\"}},{\"@type\":\"Person\",\"@id\":\"https:\/\/dicodusport.fr\/blog\/#\/schema\/person\/55dcb50ad410894e431ed812bbb70191\",\"name\":\"Nicolas Jacquemard\",\"image\":{\"@type\":\"ImageObject\",\"inLanguage\":\"fr-FR\",\"@id\":\"https:\/\/dicodusport.fr\/blog\/#\/schema\/person\/image\/\",\"url\":\"https:\/\/dicodusport.fr\/blog\/wp-content\/uploads\/2021\/05\/Nicolas-Jacquemard-150x150.jpeg\",\"contentUrl\":\"https:\/\/dicodusport.fr\/blog\/wp-content\/uploads\/2021\/05\/Nicolas-Jacquemard-150x150.jpeg\",\"caption\":\"Nicolas Jacquemard\"},\"description\":\"Passionn\u00e9 de sport et entrepreneur depuis mes 18 ans, la cr\u00e9ation de Dicodusport m'a sembl\u00e9 \u00e9vidente pour participer \u00e0 la m\u00e9diatisation d'un plus grand nombre de sports. Le chemin est long mais avec une \u00e9quipe des plus motiv\u00e9es et les Jeux Olympiques de Paris 2024 en point de mire, nous y arriverons ! Journaliste dans le monde du sport depuis plus de 5 ans, je traite aussi bien de football, de rugby, de biathlon que de cyclisme.\",\"sameAs\":[\"https:\/\/www.facebook.com\/dicodusport\",\"https:\/\/x.com\/https:\/\/twitter.com\/Nico_Jacquemard\"],\"url\":\"https:\/\/dicodusport.fr\/blog\/author\/dicodusport\/\"}]}<\/script>\n<!-- \/ Yoast SEO Premium plugin. -->","yoast_head_json":{"title":"Vincent Alessi, travailler pour atteindre mes objectifs","description":"Rencontre avec Vincent Alessi, ailier du FC Grenoble, qui veut r\u00e9aliser de belles choses avec les espoirs pour pr\u00e9tendre \u00e0 une place avec l'\u00e9quipe premi\u00e8re.","robots":{"index":"index","follow":"follow","max-snippet":"max-snippet:-1","max-image-preview":"max-image-preview:large","max-video-preview":"max-video-preview:-1"},"canonical":"https:\/\/dicodusport.fr\/blog\/vincent-alessi-travailler-atteindre-objectifs\/","og_locale":"fr_FR","og_type":"article","og_title":"Vincent Alessi, travailler pour atteindre mes objectifs","og_description":"Rencontre avec Vincent Alessi, ailier du FC Grenoble, qui veut r\u00e9aliser de belles choses avec les espoirs pour pr\u00e9tendre \u00e0 une place avec l'\u00e9quipe premi\u00e8re.","og_url":"https:\/\/dicodusport.fr\/blog\/vincent-alessi-travailler-atteindre-objectifs\/","og_site_name":"Dicodusport","article_publisher":"https:\/\/www.facebook.com\/dicodusport","article_author":"https:\/\/www.facebook.com\/dicodusport","article_published_time":"2017-11-03T08:56:04+00:00","article_modified_time":"2021-04-13T21:16:10+00:00","og_image":[{"width":1200,"height":670,"url":"https:\/\/dicodusport.fr\/blog\/wp-content\/uploads\/2017\/11\/Vincent-Alessi.png","type":"image\/png"}],"author":"Nicolas Jacquemard","twitter_card":"summary_large_image","twitter_creator":"@https:\/\/twitter.com\/Nico_Jacquemard","twitter_site":"@dicodusport","schema":{"@context":"https:\/\/schema.org","@graph":[{"@type":"NewsArticle","@id":"https:\/\/dicodusport.fr\/blog\/vincent-alessi-travailler-atteindre-objectifs\/#article","isPartOf":{"@id":"https:\/\/dicodusport.fr\/blog\/vincent-alessi-travailler-atteindre-objectifs\/"},"author":{"name":"Nicolas Jacquemard","@id":"https:\/\/dicodusport.fr\/blog\/#\/schema\/person\/55dcb50ad410894e431ed812bbb70191"},"headline":"Vincent Alessi, travailler pour atteindre mes objectifs","datePublished":"2017-11-03T08:56:04+00:00","dateModified":"2021-04-13T21:16:10+00:00","mainEntityOfPage":{"@id":"https:\/\/dicodusport.fr\/blog\/vincent-alessi-travailler-atteindre-objectifs\/"},"wordCount":862,"commentCount":0,"publisher":{"@id":"https:\/\/dicodusport.fr\/blog\/#organization"},"image":{"@id":"https:\/\/dicodusport.fr\/blog\/vincent-alessi-travailler-atteindre-objectifs\/#primaryimage"},"thumbnailUrl":"https:\/\/dicodusport.fr\/blog\/wp-content\/uploads\/2017\/11\/Vincent-Alessi.png","keywords":["FC Grenoble Rugby","FCG","grenoble rugby","Rugby"],"articleSection":["Portraits"],"inLanguage":"fr-FR","potentialAction":[{"@type":"CommentAction","name":"Comment","target":["https:\/\/dicodusport.fr\/blog\/vincent-alessi-travailler-atteindre-objectifs\/#respond"]}],"copyrightYear":"2017","copyrightHolder":{"@id":"https:\/\/dicodusport.fr\/blog\/#organization"}},{"@type":"WebPage","@id":"https:\/\/dicodusport.fr\/blog\/vincent-alessi-travailler-atteindre-objectifs\/","url":"https:\/\/dicodusport.fr\/blog\/vincent-alessi-travailler-atteindre-objectifs\/","name":"Vincent Alessi, travailler pour atteindre mes objectifs","isPartOf":{"@id":"https:\/\/dicodusport.fr\/blog\/#website"},"primaryImageOfPage":{"@id":"https:\/\/dicodusport.fr\/blog\/vincent-alessi-travailler-atteindre-objectifs\/#primaryimage"},"image":{"@id":"https:\/\/dicodusport.fr\/blog\/vincent-alessi-travailler-atteindre-objectifs\/#primaryimage"},"thumbnailUrl":"https:\/\/dicodusport.fr\/blog\/wp-content\/uploads\/2017\/11\/Vincent-Alessi.png","datePublished":"2017-11-03T08:56:04+00:00","dateModified":"2021-04-13T21:16:10+00:00","description":"Rencontre avec Vincent Alessi, ailier du FC Grenoble, qui veut r\u00e9aliser de belles choses avec les espoirs pour pr\u00e9tendre \u00e0 une place avec l'\u00e9quipe premi\u00e8re.","breadcrumb":{"@id":"https:\/\/dicodusport.fr\/blog\/vincent-alessi-travailler-atteindre-objectifs\/#breadcrumb"},"inLanguage":"fr-FR","potentialAction":[{"@type":"ReadAction","target":["https:\/\/dicodusport.fr\/blog\/vincent-alessi-travailler-atteindre-objectifs\/"]}]},{"@type":"ImageObject","inLanguage":"fr-FR","@id":"https:\/\/dicodusport.fr\/blog\/vincent-alessi-travailler-atteindre-objectifs\/#primaryimage","url":"https:\/\/dicodusport.fr\/blog\/wp-content\/uploads\/2017\/11\/Vincent-Alessi.png","contentUrl":"https:\/\/dicodusport.fr\/blog\/wp-content\/uploads\/2017\/11\/Vincent-Alessi.png","width":1200,"height":670,"caption":"Vincent Alessi"},{"@type":"BreadcrumbList","@id":"https:\/\/dicodusport.fr\/blog\/vincent-alessi-travailler-atteindre-objectifs\/#breadcrumb","itemListElement":[{"@type":"ListItem","position":1,"name":"Accueil","item":"https:\/\/dicodusport.fr\/blog\/"},{"@type":"ListItem","position":2,"name":"Vincent Alessi, travailler pour atteindre mes objectifs"}]},{"@type":"WebSite","@id":"https:\/\/dicodusport.fr\/blog\/#website","url":"https:\/\/dicodusport.fr\/blog\/","name":"Dicodusport","description":"L&#039;encyclop\u00e9die de l&#039;actualit\u00e9 sportive","publisher":{"@id":"https:\/\/dicodusport.fr\/blog\/#organization"},"potentialAction":[{"@type":"SearchAction","target":{"@type":"EntryPoint","urlTemplate":"https:\/\/dicodusport.fr\/blog\/?s={search_term_string}"},"query-input":{"@type":"PropertyValueSpecification","valueRequired":true,"valueName":"search_term_string"}}],"inLanguage":"fr-FR"},{"@type":"NewsMediaOrganization","@id":"https:\/\/dicodusport.fr\/blog\/#organization","name":"Dicodusport","url":"https:\/\/dicodusport.fr\/blog\/","logo":{"@type":"ImageObject","inLanguage":"fr-FR","@id":"https:\/\/dicodusport.fr\/blog\/#\/schema\/logo\/image\/","url":"https:\/\/dicodusport.fr\/blog\/wp-content\/uploads\/2020\/06\/cropped-LOGO-DICODUSPORT-2020-SANS-FOND-SANS-TEXTE.png","contentUrl":"https:\/\/dicodusport.fr\/blog\/wp-content\/uploads\/2020\/06\/cropped-LOGO-DICODUSPORT-2020-SANS-FOND-SANS-TEXTE.png","width":512,"height":512,"caption":"Dicodusport"},"image":{"@id":"https:\/\/dicodusport.fr\/blog\/#\/schema\/logo\/image\/"},"sameAs":["https:\/\/www.facebook.com\/dicodusport","https:\/\/x.com\/dicodusport","https:\/\/www.instagram.com\/dicodusport\/","https:\/\/www.youtube.com\/channel\/UC7V2KZ5sd3htJivAbA4ZG3w"],"description":"Dicodusport est l'encyclop\u00e9die de l'actualit\u00e9 sportive.","email":"bonjour@dicodusport.fr","legalName":"DICODUSPORT","foundingDate":"2018-01-14","vatID":"FR71834470973","taxID":"83447097300043","numberOfEmployees":{"@type":"QuantitativeValue","minValue":"1","maxValue":"10"}},{"@type":"Person","@id":"https:\/\/dicodusport.fr\/blog\/#\/schema\/person\/55dcb50ad410894e431ed812bbb70191","name":"Nicolas Jacquemard","image":{"@type":"ImageObject","inLanguage":"fr-FR","@id":"https:\/\/dicodusport.fr\/blog\/#\/schema\/person\/image\/","url":"https:\/\/dicodusport.fr\/blog\/wp-content\/uploads\/2021\/05\/Nicolas-Jacquemard-150x150.jpeg","contentUrl":"https:\/\/dicodusport.fr\/blog\/wp-content\/uploads\/2021\/05\/Nicolas-Jacquemard-150x150.jpeg","caption":"Nicolas Jacquemard"},"description":"Passionn\u00e9 de sport et entrepreneur depuis mes 18 ans, la cr\u00e9ation de Dicodusport m'a sembl\u00e9 \u00e9vidente pour participer \u00e0 la m\u00e9diatisation d'un plus grand nombre de sports. Le chemin est long mais avec une \u00e9quipe des plus motiv\u00e9es et les Jeux Olympiques de Paris 2024 en point de mire, nous y arriverons ! Journaliste dans le monde du sport depuis plus de 5 ans, je traite aussi bien de football, de rugby, de biathlon que de cyclisme.","sameAs":["https:\/\/www.facebook.com\/dicodusport","https:\/\/x.com\/https:\/\/twitter.com\/Nico_Jacquemard"],"url":"https:\/\/dicodusport.fr\/blog\/author\/dicodusport\/"}]}},"_links":{"self":[{"href":"https:\/\/dicodusport.fr\/blog\/wp-json\/wp\/v2\/posts\/6327","targetHints":{"allow":["GET"]}}],"collection":[{"href":"https:\/\/dicodusport.fr\/blog\/wp-json\/wp\/v2\/posts"}],"about":[{"href":"https:\/\/dicodusport.fr\/blog\/wp-json\/wp\/v2\/types\/post"}],"author":[{"embeddable":true,"href":"https:\/\/dicodusport.fr\/blog\/wp-json\/wp\/v2\/users\/1"}],"replies":[{"embeddable":true,"href":"https:\/\/dicodusport.fr\/blog\/wp-json\/wp\/v2\/comments?post=6327"}],"version-history":[{"count":0,"href":"https:\/\/dicodusport.fr\/blog\/wp-json\/wp\/v2\/posts\/6327\/revisions"}],"wp:featuredmedia":[{"embeddable":true,"href":"https:\/\/dicodusport.fr\/blog\/wp-json\/wp\/v2\/media\/6361"}],"wp:attachment":[{"href":"https:\/\/dicodusport.fr\/blog\/wp-json\/wp\/v2\/media?parent=6327"}],"wp:term":[{"taxonomy":"category","embeddable":true,"href":"https:\/\/dicodusport.fr\/blog\/wp-json\/wp\/v2\/categories?post=6327"},{"taxonomy":"post_tag","embeddable":true,"href":"https:\/\/dicodusport.fr\/blog\/wp-json\/wp\/v2\/tags?post=6327"}],"curies":[{"name":"wp","href":"https:\/\/api.w.org\/{rel}","templated":true}]}}