{"id":63275,"date":"2020-03-15T08:34:58","date_gmt":"2020-03-15T07:34:58","guid":{"rendered":"http:\/\/dicodusport.fr\/blog\/?p=63275&#038;preview=true&#038;preview_id=63275"},"modified":"2020-05-05T10:34:18","modified_gmt":"2020-05-05T08:34:18","slug":"cristiano-ronaldo-met-hotels-disposition-victimes-coronavirus","status":"publish","type":"post","link":"https:\/\/dicodusport.fr\/blog\/cristiano-ronaldo-met-hotels-disposition-victimes-coronavirus\/","title":{"rendered":"Cristiano Ronaldo met ses h\u00f4tels \u00e0 disposition des victimes du Coronavirus"},"content":{"rendered":"<p style=\"text-align: justify;\"><strong><em>CORONAVIRUS &#8211; Actuellement en quarantaine chez lui, \u00e0 Mad\u00e8re (Portugal), Cristiano Ronaldo a annonc\u00e9 qu&rsquo;il allait mettre ses h\u00f4tels \u00e0 disposition des malades du Coronavirus.<\/em><\/strong><\/p>\n<p style=\"text-align: justify;\">Selon <em>Marca<\/em>, <strong>Cristiano Ronaldo<\/strong> a annonc\u00e9 qu&rsquo;il allait mettre \u00e0 disposition ses h\u00f4tels \u00e0 disposition des malades du <strong>Coronavirus<\/strong>. Ses \u00e9tablissements sont ainsi transform\u00e9s en h\u00f4pitaux. Les services et l&rsquo;h\u00e9bergement seront gratuits et <strong>CR7<\/strong> prendra en charge les salaires de tout le personnel impliqu\u00e9. Pour rappel, le Portugais est en quarantaine \u00e0 Mad\u00e8re depuis que son co\u00e9quipier de la Juve, <strong>Daniele Rugani<\/strong>, ait \u00e9t\u00e9 test\u00e9 positif au <strong>Covid-19<\/strong>.<\/p>\n<blockquote class=\"twitter-tweet\">\n<p dir=\"ltr\" lang=\"fr\">Cristiano Ronaldo a d\u00e9cid\u00e9 de transformer ses h\u00f4tels au Portugal pour accueillir des personnes atteintes du coronavirus afin qu\u2019ils puissent \u00eatre soign\u00e9es gratuitement.<\/p>\n<p>Les m\u00e9decins et le personnel hospitalier seront pay\u00e9s de sa poche.<\/p>\n<p>Grand respect monsieur ! &#x1f44f;<\/p>\n<p>(<a href=\"https:\/\/twitter.com\/marca?ref_src=twsrc%5Etfw\">@marca<\/a>) <a href=\"https:\/\/t.co\/Ezx6IphGK6\">pic.twitter.com\/Ezx6IphGK6<\/a><\/p>\n<p>\u2014 Actu Foot (@ActuFoot_) <a href=\"https:\/\/twitter.com\/ActuFoot_\/status\/1238980536095440905?ref_src=twsrc%5Etfw\">March 15, 2020<\/a><\/p><\/blockquote>\n<p><script async src=\"https:\/\/platform.twitter.com\/widgets.js\" charset=\"utf-8\"><\/script><\/p>\n<p><strong><em>Dicodusport<br \/>\n<a href=\"https:\/\/www.facebook.com\/dicodusport\/\" target=\"_blank\" rel=\"noopener noreferrer\"><img loading=\"lazy\" decoding=\"async\" class=\"alignnone wp-image-2909\" src=\"http:\/\/dicodusport.fr\/blog\/wp-content\/uploads\/2017\/07\/logo-facebook-150x150.png\" alt=\"\" width=\"40\" height=\"40\" \/><\/a><a href=\"https:\/\/twitter.com\/dicodusport\" target=\"_blank\" rel=\"noopener noreferrer\"><img loading=\"lazy\" decoding=\"async\" class=\"alignnone wp-image-2908\" src=\"http:\/\/dicodusport.fr\/blog\/wp-content\/uploads\/2017\/07\/logo-twitter-150x150.png\" alt=\"\" width=\"39\" height=\"39\" \/><\/a><\/em><\/strong><\/p>\n","protected":false},"excerpt":{"rendered":"<p>CORONAVIRUS &#8211; Actuellement en quarantaine chez lui, \u00e0 Mad\u00e8re (Portugal), Cristiano Ronaldo a annonc\u00e9 qu&rsquo;il allait mettre ses h\u00f4tels \u00e0 disposition des malades du Coronavirus.<\/p>\n","protected":false},"author":4,"featured_media":63277,"comment_status":"open","ping_status":"closed","sticky":false,"template":"","format":"standard","meta":{"_acf_changed":false,"_daextam_enable_autolinks":"","footnotes":""},"categories":[10646,2301],"tags":[9827,386,75],"class_list":["post-63275","post","type-post","status-publish","format-standard","has-post-thumbnail","hentry","category-coronavirus","category-football","tag-coronavirus","tag-cristiano-ronaldo","tag-football"],"acf":[],"yoast_head":"<!-- This site is optimized with the Yoast SEO Premium plugin v26.7 (Yoast SEO v26.7) - https:\/\/yoast.com\/wordpress\/plugins\/seo\/ -->\n<title>Cristiano Ronaldo met ses h\u00f4tels \u00e0 disposition des victimes du Coronavirus<\/title>\n<meta name=\"description\" content=\"CORONAVIRUS - Actuellement en quarantaine chez lui, \u00e0 Mad\u00e8re (Portugal), Cristiano Ronaldo a annonc\u00e9 qu&#039;il allait mettre ses h\u00f4tels \u00e0 disposition des malades du Coronavirus.\" \/>\n<meta name=\"robots\" content=\"index, follow, max-snippet:-1, max-image-preview:large, max-video-preview:-1\" \/>\n<link rel=\"canonical\" href=\"https:\/\/dicodusport.fr\/blog\/cristiano-ronaldo-met-hotels-disposition-victimes-coronavirus\/\" \/>\n<meta property=\"og:locale\" content=\"fr_FR\" \/>\n<meta property=\"og:type\" content=\"article\" \/>\n<meta property=\"og:title\" content=\"Cristiano Ronaldo met ses h\u00f4tels \u00e0 disposition des victimes du Coronavirus\" \/>\n<meta property=\"og:description\" content=\"CORONAVIRUS - Actuellement en quarantaine chez lui, \u00e0 Mad\u00e8re (Portugal), Cristiano Ronaldo a annonc\u00e9 qu&#039;il allait mettre ses h\u00f4tels \u00e0 disposition des malades du Coronavirus.\" \/>\n<meta property=\"og:url\" content=\"https:\/\/dicodusport.fr\/blog\/cristiano-ronaldo-met-hotels-disposition-victimes-coronavirus\/\" \/>\n<meta property=\"og:site_name\" content=\"Dicodusport\" \/>\n<meta property=\"article:publisher\" content=\"https:\/\/www.facebook.com\/dicodusport\" \/>\n<meta property=\"article:author\" content=\"https:\/\/www.facebook.com\/florent.ostermann\" \/>\n<meta property=\"article:published_time\" content=\"2020-03-15T07:34:58+00:00\" \/>\n<meta property=\"article:modified_time\" content=\"2020-05-05T08:34:18+00:00\" \/>\n<meta property=\"og:image\" content=\"https:\/\/dicodusport.fr\/blog\/wp-content\/uploads\/2020\/03\/Cristiano-Ronaldo-met-ses-h\u00f4tels-\u00e0-disposition-des-victimes-du-Coronavirus.png\" \/>\n\t<meta property=\"og:image:width\" content=\"800\" \/>\n\t<meta property=\"og:image:height\" content=\"445\" \/>\n\t<meta property=\"og:image:type\" content=\"image\/png\" \/>\n<meta name=\"author\" content=\"Flo Ostermann\" \/>\n<meta name=\"twitter:card\" content=\"summary_large_image\" \/>\n<meta name=\"twitter:title\" content=\"Cristiano Ronaldo met ses h\u00f4tels \u00e0 disposition des victimes du Coronavirus\" \/>\n<meta name=\"twitter:creator\" content=\"@https:\/\/twitter.com\/FlOstermann\" \/>\n<meta name=\"twitter:site\" content=\"@dicodusport\" \/>\n<script type=\"application\/ld+json\" class=\"yoast-schema-graph\">{\"@context\":\"https:\/\/schema.org\",\"@graph\":[{\"@type\":\"NewsArticle\",\"@id\":\"https:\/\/dicodusport.fr\/blog\/cristiano-ronaldo-met-hotels-disposition-victimes-coronavirus\/#article\",\"isPartOf\":{\"@id\":\"https:\/\/dicodusport.fr\/blog\/cristiano-ronaldo-met-hotels-disposition-victimes-coronavirus\/\"},\"author\":{\"name\":\"Flo Ostermann\",\"@id\":\"https:\/\/dicodusport.fr\/blog\/#\/schema\/person\/cb02af4c173ce4a653b55e9baf388d4a\"},\"headline\":\"Cristiano Ronaldo met ses h\u00f4tels \u00e0 disposition des victimes du Coronavirus\",\"datePublished\":\"2020-03-15T07:34:58+00:00\",\"dateModified\":\"2020-05-05T08:34:18+00:00\",\"mainEntityOfPage\":{\"@id\":\"https:\/\/dicodusport.fr\/blog\/cristiano-ronaldo-met-hotels-disposition-victimes-coronavirus\/\"},\"wordCount\":167,\"commentCount\":0,\"publisher\":{\"@id\":\"https:\/\/dicodusport.fr\/blog\/#organization\"},\"image\":{\"@id\":\"https:\/\/dicodusport.fr\/blog\/cristiano-ronaldo-met-hotels-disposition-victimes-coronavirus\/#primaryimage\"},\"thumbnailUrl\":\"https:\/\/dicodusport.fr\/blog\/wp-content\/uploads\/2020\/03\/Cristiano-Ronaldo-met-ses-h\u00f4tels-\u00e0-disposition-des-victimes-du-Coronavirus.png\",\"keywords\":[\"Coronavirus\",\"Cristiano Ronaldo\",\"Football\"],\"articleSection\":[\"Coronavirus\",\"Football\"],\"inLanguage\":\"fr-FR\",\"potentialAction\":[{\"@type\":\"CommentAction\",\"name\":\"Comment\",\"target\":[\"https:\/\/dicodusport.fr\/blog\/cristiano-ronaldo-met-hotels-disposition-victimes-coronavirus\/#respond\"]}],\"copyrightYear\":\"2020\",\"copyrightHolder\":{\"@id\":\"https:\/\/dicodusport.fr\/blog\/#organization\"}},{\"@type\":\"WebPage\",\"@id\":\"https:\/\/dicodusport.fr\/blog\/cristiano-ronaldo-met-hotels-disposition-victimes-coronavirus\/\",\"url\":\"https:\/\/dicodusport.fr\/blog\/cristiano-ronaldo-met-hotels-disposition-victimes-coronavirus\/\",\"name\":\"Cristiano Ronaldo met ses h\u00f4tels \u00e0 disposition des victimes du Coronavirus\",\"isPartOf\":{\"@id\":\"https:\/\/dicodusport.fr\/blog\/#website\"},\"primaryImageOfPage\":{\"@id\":\"https:\/\/dicodusport.fr\/blog\/cristiano-ronaldo-met-hotels-disposition-victimes-coronavirus\/#primaryimage\"},\"image\":{\"@id\":\"https:\/\/dicodusport.fr\/blog\/cristiano-ronaldo-met-hotels-disposition-victimes-coronavirus\/#primaryimage\"},\"thumbnailUrl\":\"https:\/\/dicodusport.fr\/blog\/wp-content\/uploads\/2020\/03\/Cristiano-Ronaldo-met-ses-h\u00f4tels-\u00e0-disposition-des-victimes-du-Coronavirus.png\",\"datePublished\":\"2020-03-15T07:34:58+00:00\",\"dateModified\":\"2020-05-05T08:34:18+00:00\",\"description\":\"CORONAVIRUS - Actuellement en quarantaine chez lui, \u00e0 Mad\u00e8re (Portugal), Cristiano Ronaldo a annonc\u00e9 qu'il allait mettre ses h\u00f4tels \u00e0 disposition des malades du Coronavirus.\",\"breadcrumb\":{\"@id\":\"https:\/\/dicodusport.fr\/blog\/cristiano-ronaldo-met-hotels-disposition-victimes-coronavirus\/#breadcrumb\"},\"inLanguage\":\"fr-FR\",\"potentialAction\":[{\"@type\":\"ReadAction\",\"target\":[\"https:\/\/dicodusport.fr\/blog\/cristiano-ronaldo-met-hotels-disposition-victimes-coronavirus\/\"]}]},{\"@type\":\"ImageObject\",\"inLanguage\":\"fr-FR\",\"@id\":\"https:\/\/dicodusport.fr\/blog\/cristiano-ronaldo-met-hotels-disposition-victimes-coronavirus\/#primaryimage\",\"url\":\"https:\/\/dicodusport.fr\/blog\/wp-content\/uploads\/2020\/03\/Cristiano-Ronaldo-met-ses-h\u00f4tels-\u00e0-disposition-des-victimes-du-Coronavirus.png\",\"contentUrl\":\"https:\/\/dicodusport.fr\/blog\/wp-content\/uploads\/2020\/03\/Cristiano-Ronaldo-met-ses-h\u00f4tels-\u00e0-disposition-des-victimes-du-Coronavirus.png\",\"width\":800,\"height\":445,\"caption\":\"Cristiano Ronaldo met ses h\u00f4tels \u00e0 disposition des victimes du Coronavirus\"},{\"@type\":\"BreadcrumbList\",\"@id\":\"https:\/\/dicodusport.fr\/blog\/cristiano-ronaldo-met-hotels-disposition-victimes-coronavirus\/#breadcrumb\",\"itemListElement\":[{\"@type\":\"ListItem\",\"position\":1,\"name\":\"Accueil\",\"item\":\"https:\/\/dicodusport.fr\/blog\/\"},{\"@type\":\"ListItem\",\"position\":2,\"name\":\"Cristiano Ronaldo met ses h\u00f4tels \u00e0 disposition des victimes du Coronavirus\"}]},{\"@type\":\"WebSite\",\"@id\":\"https:\/\/dicodusport.fr\/blog\/#website\",\"url\":\"https:\/\/dicodusport.fr\/blog\/\",\"name\":\"Dicodusport\",\"description\":\"L&#039;encyclop\u00e9die de l&#039;actualit\u00e9 sportive\",\"publisher\":{\"@id\":\"https:\/\/dicodusport.fr\/blog\/#organization\"},\"potentialAction\":[{\"@type\":\"SearchAction\",\"target\":{\"@type\":\"EntryPoint\",\"urlTemplate\":\"https:\/\/dicodusport.fr\/blog\/?s={search_term_string}\"},\"query-input\":{\"@type\":\"PropertyValueSpecification\",\"valueRequired\":true,\"valueName\":\"search_term_string\"}}],\"inLanguage\":\"fr-FR\"},{\"@type\":\"NewsMediaOrganization\",\"@id\":\"https:\/\/dicodusport.fr\/blog\/#organization\",\"name\":\"Dicodusport\",\"url\":\"https:\/\/dicodusport.fr\/blog\/\",\"logo\":{\"@type\":\"ImageObject\",\"inLanguage\":\"fr-FR\",\"@id\":\"https:\/\/dicodusport.fr\/blog\/#\/schema\/logo\/image\/\",\"url\":\"https:\/\/dicodusport.fr\/blog\/wp-content\/uploads\/2020\/06\/cropped-LOGO-DICODUSPORT-2020-SANS-FOND-SANS-TEXTE.png\",\"contentUrl\":\"https:\/\/dicodusport.fr\/blog\/wp-content\/uploads\/2020\/06\/cropped-LOGO-DICODUSPORT-2020-SANS-FOND-SANS-TEXTE.png\",\"width\":512,\"height\":512,\"caption\":\"Dicodusport\"},\"image\":{\"@id\":\"https:\/\/dicodusport.fr\/blog\/#\/schema\/logo\/image\/\"},\"sameAs\":[\"https:\/\/www.facebook.com\/dicodusport\",\"https:\/\/x.com\/dicodusport\",\"https:\/\/www.instagram.com\/dicodusport\/\",\"https:\/\/www.youtube.com\/channel\/UC7V2KZ5sd3htJivAbA4ZG3w\"],\"description\":\"Dicodusport est l'encyclop\u00e9die de l'actualit\u00e9 sportive.\",\"email\":\"bonjour@dicodusport.fr\",\"legalName\":\"DICODUSPORT\",\"foundingDate\":\"2018-01-14\",\"vatID\":\"FR71834470973\",\"taxID\":\"83447097300043\",\"numberOfEmployees\":{\"@type\":\"QuantitativeValue\",\"minValue\":\"1\",\"maxValue\":\"10\"}},{\"@type\":\"Person\",\"@id\":\"https:\/\/dicodusport.fr\/blog\/#\/schema\/person\/cb02af4c173ce4a653b55e9baf388d4a\",\"name\":\"Flo Ostermann\",\"image\":{\"@type\":\"ImageObject\",\"inLanguage\":\"fr-FR\",\"@id\":\"https:\/\/dicodusport.fr\/blog\/#\/schema\/person\/image\/\",\"url\":\"https:\/\/dicodusport.fr\/blog\/wp-content\/uploads\/2021\/05\/Flo-Ostermann-150x150.jpg\",\"contentUrl\":\"https:\/\/dicodusport.fr\/blog\/wp-content\/uploads\/2021\/05\/Flo-Ostermann-150x150.jpg\",\"caption\":\"Flo Ostermann\"},\"description\":\"Journaliste\/R\u00e9dacteur depuis septembre 2015 - Mes premiers souvenirs dans le sport ? Les envol\u00e9es du Stade Toulousain et les duels Villeneuve-Schumacher et H\u00e4kkinen-Schumacher \u00e0 la fin des ann\u00e9es 90, la Coupe du monde de football en 1998, l\u2019exploit du XV de France face aux All Blacks en 1999, mais aussi Richard C\u0153ur de Lion qui vole sur les montagnes du Tour de France. Bien parti pour devenir professeur d\u2019EPS, les \u00e9v\u00e9nements de la vie (et la flemme d\u2019animer des s\u00e9ances de 3x500 m\u00e8tres toute ma vie) m\u2019ont conduit \u00e0 revoir mes plans. Me voil\u00e0 depuis fin 2017 sur Dicodusport, m\u00e9dia gr\u00e2ce (et pour) lequel je partage ma passion : le sport dans tous ses \u00e9tats. Le tout accompagn\u00e9 par les fous furieux et folles furieuses cit\u00e9s sur cette page !\",\"sameAs\":[\"https:\/\/www.facebook.com\/florent.ostermann\",\"https:\/\/x.com\/https:\/\/twitter.com\/FlOstermann\",\"admin\"],\"url\":\"https:\/\/dicodusport.fr\/blog\/author\/flo\/\"}]}<\/script>\n<!-- \/ Yoast SEO Premium plugin. -->","yoast_head_json":{"title":"Cristiano Ronaldo met ses h\u00f4tels \u00e0 disposition des victimes du Coronavirus","description":"CORONAVIRUS - Actuellement en quarantaine chez lui, \u00e0 Mad\u00e8re (Portugal), Cristiano Ronaldo a annonc\u00e9 qu'il allait mettre ses h\u00f4tels \u00e0 disposition des malades du Coronavirus.","robots":{"index":"index","follow":"follow","max-snippet":"max-snippet:-1","max-image-preview":"max-image-preview:large","max-video-preview":"max-video-preview:-1"},"canonical":"https:\/\/dicodusport.fr\/blog\/cristiano-ronaldo-met-hotels-disposition-victimes-coronavirus\/","og_locale":"fr_FR","og_type":"article","og_title":"Cristiano Ronaldo met ses h\u00f4tels \u00e0 disposition des victimes du Coronavirus","og_description":"CORONAVIRUS - Actuellement en quarantaine chez lui, \u00e0 Mad\u00e8re (Portugal), Cristiano Ronaldo a annonc\u00e9 qu'il allait mettre ses h\u00f4tels \u00e0 disposition des malades du Coronavirus.","og_url":"https:\/\/dicodusport.fr\/blog\/cristiano-ronaldo-met-hotels-disposition-victimes-coronavirus\/","og_site_name":"Dicodusport","article_publisher":"https:\/\/www.facebook.com\/dicodusport","article_author":"https:\/\/www.facebook.com\/florent.ostermann","article_published_time":"2020-03-15T07:34:58+00:00","article_modified_time":"2020-05-05T08:34:18+00:00","og_image":[{"width":800,"height":445,"url":"https:\/\/dicodusport.fr\/blog\/wp-content\/uploads\/2020\/03\/Cristiano-Ronaldo-met-ses-h\u00f4tels-\u00e0-disposition-des-victimes-du-Coronavirus.png","type":"image\/png"}],"author":"Flo Ostermann","twitter_card":"summary_large_image","twitter_title":"Cristiano Ronaldo met ses h\u00f4tels \u00e0 disposition des victimes du Coronavirus","twitter_creator":"@https:\/\/twitter.com\/FlOstermann","twitter_site":"@dicodusport","schema":{"@context":"https:\/\/schema.org","@graph":[{"@type":"NewsArticle","@id":"https:\/\/dicodusport.fr\/blog\/cristiano-ronaldo-met-hotels-disposition-victimes-coronavirus\/#article","isPartOf":{"@id":"https:\/\/dicodusport.fr\/blog\/cristiano-ronaldo-met-hotels-disposition-victimes-coronavirus\/"},"author":{"name":"Flo Ostermann","@id":"https:\/\/dicodusport.fr\/blog\/#\/schema\/person\/cb02af4c173ce4a653b55e9baf388d4a"},"headline":"Cristiano Ronaldo met ses h\u00f4tels \u00e0 disposition des victimes du Coronavirus","datePublished":"2020-03-15T07:34:58+00:00","dateModified":"2020-05-05T08:34:18+00:00","mainEntityOfPage":{"@id":"https:\/\/dicodusport.fr\/blog\/cristiano-ronaldo-met-hotels-disposition-victimes-coronavirus\/"},"wordCount":167,"commentCount":0,"publisher":{"@id":"https:\/\/dicodusport.fr\/blog\/#organization"},"image":{"@id":"https:\/\/dicodusport.fr\/blog\/cristiano-ronaldo-met-hotels-disposition-victimes-coronavirus\/#primaryimage"},"thumbnailUrl":"https:\/\/dicodusport.fr\/blog\/wp-content\/uploads\/2020\/03\/Cristiano-Ronaldo-met-ses-h\u00f4tels-\u00e0-disposition-des-victimes-du-Coronavirus.png","keywords":["Coronavirus","Cristiano Ronaldo","Football"],"articleSection":["Coronavirus","Football"],"inLanguage":"fr-FR","potentialAction":[{"@type":"CommentAction","name":"Comment","target":["https:\/\/dicodusport.fr\/blog\/cristiano-ronaldo-met-hotels-disposition-victimes-coronavirus\/#respond"]}],"copyrightYear":"2020","copyrightHolder":{"@id":"https:\/\/dicodusport.fr\/blog\/#organization"}},{"@type":"WebPage","@id":"https:\/\/dicodusport.fr\/blog\/cristiano-ronaldo-met-hotels-disposition-victimes-coronavirus\/","url":"https:\/\/dicodusport.fr\/blog\/cristiano-ronaldo-met-hotels-disposition-victimes-coronavirus\/","name":"Cristiano Ronaldo met ses h\u00f4tels \u00e0 disposition des victimes du Coronavirus","isPartOf":{"@id":"https:\/\/dicodusport.fr\/blog\/#website"},"primaryImageOfPage":{"@id":"https:\/\/dicodusport.fr\/blog\/cristiano-ronaldo-met-hotels-disposition-victimes-coronavirus\/#primaryimage"},"image":{"@id":"https:\/\/dicodusport.fr\/blog\/cristiano-ronaldo-met-hotels-disposition-victimes-coronavirus\/#primaryimage"},"thumbnailUrl":"https:\/\/dicodusport.fr\/blog\/wp-content\/uploads\/2020\/03\/Cristiano-Ronaldo-met-ses-h\u00f4tels-\u00e0-disposition-des-victimes-du-Coronavirus.png","datePublished":"2020-03-15T07:34:58+00:00","dateModified":"2020-05-05T08:34:18+00:00","description":"CORONAVIRUS - Actuellement en quarantaine chez lui, \u00e0 Mad\u00e8re (Portugal), Cristiano Ronaldo a annonc\u00e9 qu'il allait mettre ses h\u00f4tels \u00e0 disposition des malades du Coronavirus.","breadcrumb":{"@id":"https:\/\/dicodusport.fr\/blog\/cristiano-ronaldo-met-hotels-disposition-victimes-coronavirus\/#breadcrumb"},"inLanguage":"fr-FR","potentialAction":[{"@type":"ReadAction","target":["https:\/\/dicodusport.fr\/blog\/cristiano-ronaldo-met-hotels-disposition-victimes-coronavirus\/"]}]},{"@type":"ImageObject","inLanguage":"fr-FR","@id":"https:\/\/dicodusport.fr\/blog\/cristiano-ronaldo-met-hotels-disposition-victimes-coronavirus\/#primaryimage","url":"https:\/\/dicodusport.fr\/blog\/wp-content\/uploads\/2020\/03\/Cristiano-Ronaldo-met-ses-h\u00f4tels-\u00e0-disposition-des-victimes-du-Coronavirus.png","contentUrl":"https:\/\/dicodusport.fr\/blog\/wp-content\/uploads\/2020\/03\/Cristiano-Ronaldo-met-ses-h\u00f4tels-\u00e0-disposition-des-victimes-du-Coronavirus.png","width":800,"height":445,"caption":"Cristiano Ronaldo met ses h\u00f4tels \u00e0 disposition des victimes du Coronavirus"},{"@type":"BreadcrumbList","@id":"https:\/\/dicodusport.fr\/blog\/cristiano-ronaldo-met-hotels-disposition-victimes-coronavirus\/#breadcrumb","itemListElement":[{"@type":"ListItem","position":1,"name":"Accueil","item":"https:\/\/dicodusport.fr\/blog\/"},{"@type":"ListItem","position":2,"name":"Cristiano Ronaldo met ses h\u00f4tels \u00e0 disposition des victimes du Coronavirus"}]},{"@type":"WebSite","@id":"https:\/\/dicodusport.fr\/blog\/#website","url":"https:\/\/dicodusport.fr\/blog\/","name":"Dicodusport","description":"L&#039;encyclop\u00e9die de l&#039;actualit\u00e9 sportive","publisher":{"@id":"https:\/\/dicodusport.fr\/blog\/#organization"},"potentialAction":[{"@type":"SearchAction","target":{"@type":"EntryPoint","urlTemplate":"https:\/\/dicodusport.fr\/blog\/?s={search_term_string}"},"query-input":{"@type":"PropertyValueSpecification","valueRequired":true,"valueName":"search_term_string"}}],"inLanguage":"fr-FR"},{"@type":"NewsMediaOrganization","@id":"https:\/\/dicodusport.fr\/blog\/#organization","name":"Dicodusport","url":"https:\/\/dicodusport.fr\/blog\/","logo":{"@type":"ImageObject","inLanguage":"fr-FR","@id":"https:\/\/dicodusport.fr\/blog\/#\/schema\/logo\/image\/","url":"https:\/\/dicodusport.fr\/blog\/wp-content\/uploads\/2020\/06\/cropped-LOGO-DICODUSPORT-2020-SANS-FOND-SANS-TEXTE.png","contentUrl":"https:\/\/dicodusport.fr\/blog\/wp-content\/uploads\/2020\/06\/cropped-LOGO-DICODUSPORT-2020-SANS-FOND-SANS-TEXTE.png","width":512,"height":512,"caption":"Dicodusport"},"image":{"@id":"https:\/\/dicodusport.fr\/blog\/#\/schema\/logo\/image\/"},"sameAs":["https:\/\/www.facebook.com\/dicodusport","https:\/\/x.com\/dicodusport","https:\/\/www.instagram.com\/dicodusport\/","https:\/\/www.youtube.com\/channel\/UC7V2KZ5sd3htJivAbA4ZG3w"],"description":"Dicodusport est l'encyclop\u00e9die de l'actualit\u00e9 sportive.","email":"bonjour@dicodusport.fr","legalName":"DICODUSPORT","foundingDate":"2018-01-14","vatID":"FR71834470973","taxID":"83447097300043","numberOfEmployees":{"@type":"QuantitativeValue","minValue":"1","maxValue":"10"}},{"@type":"Person","@id":"https:\/\/dicodusport.fr\/blog\/#\/schema\/person\/cb02af4c173ce4a653b55e9baf388d4a","name":"Flo Ostermann","image":{"@type":"ImageObject","inLanguage":"fr-FR","@id":"https:\/\/dicodusport.fr\/blog\/#\/schema\/person\/image\/","url":"https:\/\/dicodusport.fr\/blog\/wp-content\/uploads\/2021\/05\/Flo-Ostermann-150x150.jpg","contentUrl":"https:\/\/dicodusport.fr\/blog\/wp-content\/uploads\/2021\/05\/Flo-Ostermann-150x150.jpg","caption":"Flo Ostermann"},"description":"Journaliste\/R\u00e9dacteur depuis septembre 2015 - Mes premiers souvenirs dans le sport ? Les envol\u00e9es du Stade Toulousain et les duels Villeneuve-Schumacher et H\u00e4kkinen-Schumacher \u00e0 la fin des ann\u00e9es 90, la Coupe du monde de football en 1998, l\u2019exploit du XV de France face aux All Blacks en 1999, mais aussi Richard C\u0153ur de Lion qui vole sur les montagnes du Tour de France. Bien parti pour devenir professeur d\u2019EPS, les \u00e9v\u00e9nements de la vie (et la flemme d\u2019animer des s\u00e9ances de 3x500 m\u00e8tres toute ma vie) m\u2019ont conduit \u00e0 revoir mes plans. Me voil\u00e0 depuis fin 2017 sur Dicodusport, m\u00e9dia gr\u00e2ce (et pour) lequel je partage ma passion : le sport dans tous ses \u00e9tats. Le tout accompagn\u00e9 par les fous furieux et folles furieuses cit\u00e9s sur cette page !","sameAs":["https:\/\/www.facebook.com\/florent.ostermann","https:\/\/x.com\/https:\/\/twitter.com\/FlOstermann","admin"],"url":"https:\/\/dicodusport.fr\/blog\/author\/flo\/"}]}},"_links":{"self":[{"href":"https:\/\/dicodusport.fr\/blog\/wp-json\/wp\/v2\/posts\/63275","targetHints":{"allow":["GET"]}}],"collection":[{"href":"https:\/\/dicodusport.fr\/blog\/wp-json\/wp\/v2\/posts"}],"about":[{"href":"https:\/\/dicodusport.fr\/blog\/wp-json\/wp\/v2\/types\/post"}],"author":[{"embeddable":true,"href":"https:\/\/dicodusport.fr\/blog\/wp-json\/wp\/v2\/users\/4"}],"replies":[{"embeddable":true,"href":"https:\/\/dicodusport.fr\/blog\/wp-json\/wp\/v2\/comments?post=63275"}],"version-history":[{"count":0,"href":"https:\/\/dicodusport.fr\/blog\/wp-json\/wp\/v2\/posts\/63275\/revisions"}],"wp:featuredmedia":[{"embeddable":true,"href":"https:\/\/dicodusport.fr\/blog\/wp-json\/wp\/v2\/media\/63277"}],"wp:attachment":[{"href":"https:\/\/dicodusport.fr\/blog\/wp-json\/wp\/v2\/media?parent=63275"}],"wp:term":[{"taxonomy":"category","embeddable":true,"href":"https:\/\/dicodusport.fr\/blog\/wp-json\/wp\/v2\/categories?post=63275"},{"taxonomy":"post_tag","embeddable":true,"href":"https:\/\/dicodusport.fr\/blog\/wp-json\/wp\/v2\/tags?post=63275"}],"curies":[{"name":"wp","href":"https:\/\/api.w.org\/{rel}","templated":true}]}}