{"id":632960,"date":"2025-12-17T19:00:10","date_gmt":"2025-12-17T18:00:10","guid":{"rendered":"https:\/\/dicodusport.fr\/blog\/?p=632960&#038;preview=true&#038;preview_id=632960"},"modified":"2025-12-17T18:22:03","modified_gmt":"2025-12-17T17:22:03","slug":"transferts-rugby-jesse-kriel-kyle-sinckler-bayonne-les-infos-du-mercredi-17-decembre","status":"publish","type":"post","link":"https:\/\/dicodusport.fr\/blog\/transferts-rugby-jesse-kriel-kyle-sinckler-bayonne-les-infos-du-mercredi-17-decembre\/","title":{"rendered":"Transferts Rugby : Jesse Kriel, Kyle Sinckler, Bayonne, les infos du mercredi 17 d\u00e9cembre"},"content":{"rendered":"<p style=\"text-align: justify;\" align=\"justify\"><strong><em>TRANSFERTS RUGBY &#8211; Jesse Kriel convoit\u00e9 par un Top 14 que pourrait quitter Kyle Sinckler, Bayonne acte deux prolongations : les infos de ce mercredi 17 d\u00e9cembre.<\/em><\/strong><\/p>\n<h2 style=\"text-align: justify;\">Jesse Kriel : le Top 14 est sur le coup, mais pas que&#8230;<\/h2>\n<p style=\"text-align: justify;\">De fa\u00e7on finalement assez surprenante, et alors que le Top 14 est souvent pr\u00e9sent\u00e9 comme le plus grand championnat du monde, aucun des champions du monde sud-africains n&rsquo;y \u00e9volue, depuis que <a href=\"https:\/\/dicodusport.fr\/blog\/racing-92-le-depart-de-siya-kolisi-officialise\/\"><strong>Siya Kolisi<\/strong><\/a> a quitt\u00e9 le navire Racing 92 avec pertes et fracas. Quelques noms ont bien \u00e9t\u00e9 murmur\u00e9s pour le rejoindre, comme <a href=\"https:\/\/dicodusport.fr\/blog\/toulouse-et-lubb-ont-de-la-concurrence-un-troisieme-club-sur-le-dossier-jean-kleyn\/\"><strong>Jean Kleyn<\/strong><\/a>, mais le compteur reste pour l&rsquo;instant \u00e0 z\u00e9ro.<\/p>\n<p style=\"text-align: justify;\">Un nouveau nom est toutefois annonc\u00e9 comme possiblement en partance pour la France : celui de<strong> Jesse Kriel<\/strong>. Le centre fait partie de ceux qui ont particip\u00e9 aux deux titres mondiaux des Springboks, mais son passage au Japon s&rsquo;ach\u00e8ve, et plusieurs clubs fran\u00e7ais sont sur le coup. Probl\u00e8me, il a aussi des courtisans en Premiership&#8230;<\/p>\n<p style=\"text-align: justify;\"><em><strong>L&rsquo;avis de Dicodusport<\/strong> : comment un joueur aussi c\u00f4t\u00e9 peut-il \u00e9voluer dans un championnat si confidentiel ? On imagine beaucoup plus de clubs se pencher sur le dossier&#8230;\u00a0<\/em><\/p>\n<ul style=\"text-align: justify;\">\n<li style=\"text-align: justify;\"><strong>\u00c0 ce sujet &#8211; <a href=\"https:\/\/dicodusport.fr\/blog\/le-springbok-jesse-kriel-affole-le-marche-des-transferts-le-top-14-et-la-premiership-a-la-lutte\/\">Le Springbok Jesse Kriel affole le march\u00e9 des transferts : le Top 14 et la Premiership \u00e0 la lutte<\/a><\/strong><\/li>\n<\/ul>\n<h2 style=\"text-align: justify;\">Toulon : Kyle Sinckler sur le d\u00e9part<\/h2>\n<p style=\"text-align: justify;\">Troisi\u00e8me en Top 14, dans le coup en Champions Cup apr\u00e8s sa victoire sur Bath dimanche, le <a href=\"https:\/\/dicodusport.fr\/blog\/transferts-rc-toulon-2026-recrues-departs-et-prolongations\/\"><strong>RC Toulon<\/strong><\/a> a globalement r\u00e9ussi son d\u00e9but de Toulon. Et en mati\u00e8re de transferts, le club varois est sur de nombreux dossiers. Il a d&rsquo;ailleurs ent\u00e9rin\u00e9 la venue d&rsquo;ici quelques jours de <strong>Tom\u00e1s Albornoz<\/strong>, qui va remplacer <strong>Paolo Garbisi<\/strong> \u00e0 l&rsquo;ouverture.<\/p>\n<p style=\"text-align: justify;\">Mais dans le sens des d\u00e9parts, cela commence \u00e0 chauffer \u00e9galement. Au c\u0153ur de sa deuxi\u00e8me saison dans le Var, <strong>Kyle Sinckler<\/strong> a \u00e9mis le souhait de prendre l&rsquo;Eurostar dans l&rsquo;autre sens. Avec, pour but non voil\u00e9 de retrouver le XV de la Rose en vue de la Coupe du monde 2027, puisqu&rsquo;il faut absolument \u00e9voluer en <em>Premiership<\/em> pour ce faire. Logique au vu de ses 68 s\u00e9lections, mais le hic, c&rsquo;est qu&rsquo;il est sous contrat jusqu&rsquo;en 2027.<\/p>\n<p style=\"text-align: justify;\"><em><strong>L&rsquo;avis de Dicodusport<\/strong> : Apr\u00e8s tout, Kyle Sinckler ne sera pas le premier (ni le dernier) \u00e0 croire qu&rsquo;il pouvait vivre sans son \u00e9quipe nationale&#8230; Peut-\u00eatre qu&rsquo;il faudrait r\u00e9fl\u00e9chir \u00e0 ce genre de recrutement \u00e0 l&rsquo;avenir pour les clubs fran\u00e7ais.<\/em><\/p>\n<ul style=\"text-align: justify;\">\n<li><strong>\u00c0 ce sujet &#8211; <a href=\"https:\/\/dicodusport.fr\/blog\/coup-dur-a-venir-pour-toulon-kyle-sinckler-souhaite-revenir-en-angleterre\/\">Coup dur \u00e0 venir pour Toulon : Kyle Sinckler souhaite revenir en Angleterre<\/a><\/strong><\/li>\n<\/ul>\n<h2 style=\"text-align: justify;\">Bayonne : Tilloles et Fraser rempilent<\/h2>\n<p style=\"text-align: justify;\">L&rsquo;<a href=\"https:\/\/dicodusport.fr\/blog\/transferts-aviron-bayonnais-2026-recrues-departs-et-prolongations\/\"><strong>Aviron Bayonnais<\/strong><\/a> a frapp\u00e9 avant m\u00eame le d\u00e9but de la saison sur le march\u00e9 des transferts, signant d&rsquo;abord <strong>L\u00e9o Coly<\/strong> pour le prochain exercice, puis <strong>Rob du Preez<\/strong>. Mais parfois, recruter, c&rsquo;est aussi conserver ses meilleurs \u00e9l\u00e9ments. Ainsi, comme murmur\u00e9 depuis quelques jours, <strong>Baptiste Tilloles<\/strong> va rester dans le Pays basque jusqu&rsquo;en 2029.<\/p>\n<p style=\"text-align: justify;\">Mais le recrutement ne se fait pas que sur le terrain. Apr\u00e8s quelques tumultes dans le staff, l&rsquo;Aviron a fait le choix de la continuit\u00e9. Pr\u00e9sent dans le staff bayonnais depuis 2022, <strong>Gerard Fraser<\/strong> va rester sur le long terme, puisqu&rsquo;il a re-sign\u00e9 jusqu&rsquo;en 2030.<\/p>\n<p style=\"text-align: justify;\"><em><strong>L&rsquo;avis de Dicodusport<\/strong> : pierre apr\u00e8s pierre, Bayonne construit son \u00e9quipe pour le futur. Des choix qui semblent faire l&rsquo;unanimit\u00e9&#8230;\u00a0<\/em><\/p>\n","protected":false},"excerpt":{"rendered":"<p>TRANSFERTS RUGBY &#8211; Jesse Kriel convoit\u00e9 par un Top 14 que pourrait quitter Kyle Sinckler, Bayonne acte deux prolongations : les infos de ce mercredi 17 d\u00e9cembre.<\/p>\n","protected":false},"author":59,"featured_media":632965,"comment_status":"open","ping_status":"closed","sticky":false,"template":"","format":"standard","meta":{"_acf_changed":false,"_daextam_enable_autolinks":"1","footnotes":""},"categories":[9129,47050],"tags":[16878,29105],"class_list":["post-632960","post","type-post","status-publish","format-standard","has-post-thumbnail","hentry","category-rugby-a-xv","category-top-14","tag-breve","tag-transferts-rugby"],"acf":[],"yoast_head":"<!-- This site is optimized with the Yoast SEO Premium plugin v26.7 (Yoast SEO v26.7) - https:\/\/yoast.com\/wordpress\/plugins\/seo\/ -->\n<title>Transferts Rugby : Jesse Kriel, Kyle Sinckler, Bayonne, les infos du mercredi 17 d\u00e9cembre<\/title>\n<meta name=\"description\" content=\"TRANSFERTS RUGBY - Jesse Kriel convoit\u00e9 par un Top 14 que pourrait quitter Kyle Sinckler, Bayonne acte deux prolongations : les infos de ce mercredi 17 d\u00e9cembre.\" \/>\n<meta name=\"robots\" content=\"index, follow, max-snippet:-1, max-image-preview:large, max-video-preview:-1\" \/>\n<link rel=\"canonical\" href=\"https:\/\/dicodusport.fr\/blog\/transferts-rugby-jesse-kriel-kyle-sinckler-bayonne-les-infos-du-mercredi-17-decembre\/\" \/>\n<meta property=\"og:locale\" content=\"fr_FR\" \/>\n<meta property=\"og:type\" content=\"article\" \/>\n<meta property=\"og:title\" content=\"Transferts Rugby : Jesse Kriel, Kyle Sinckler, Bayonne, les infos du mercredi 17 d\u00e9cembre\" \/>\n<meta property=\"og:description\" content=\"TRANSFERTS RUGBY - Jesse Kriel convoit\u00e9 par un Top 14 que pourrait quitter Kyle Sinckler, Bayonne acte deux prolongations : les infos de ce mercredi 17 d\u00e9cembre.\" \/>\n<meta property=\"og:url\" content=\"https:\/\/dicodusport.fr\/blog\/transferts-rugby-jesse-kriel-kyle-sinckler-bayonne-les-infos-du-mercredi-17-decembre\/\" \/>\n<meta property=\"og:site_name\" content=\"Dicodusport\" \/>\n<meta property=\"article:publisher\" content=\"https:\/\/www.facebook.com\/dicodusport\" \/>\n<meta property=\"article:author\" content=\"https:\/\/www.facebook.com\/sebastien.gente\/\" \/>\n<meta property=\"article:published_time\" content=\"2025-12-17T18:00:10+00:00\" \/>\n<meta property=\"og:image\" content=\"https:\/\/dicodusport.fr\/blog\/wp-content\/uploads\/2025\/12\/Transferts-Rugby-Jesse-Kriel-Kyle-Sinckler-Bayonne-les-infos-du-mercredi-17-decembre.png\" \/>\n\t<meta property=\"og:image:width\" content=\"1200\" \/>\n\t<meta property=\"og:image:height\" content=\"674\" \/>\n\t<meta property=\"og:image:type\" content=\"image\/png\" \/>\n<meta name=\"author\" content=\"S\u00e9bastien Gente\" \/>\n<meta name=\"twitter:card\" content=\"summary_large_image\" \/>\n<meta name=\"twitter:title\" content=\"Transferts Rugby : Jesse Kriel, Kyle Sinckler, Bayonne, les infos du mercredi 17 d\u00e9cembre\" \/>\n<meta name=\"twitter:creator\" content=\"@https:\/\/twitter.com\/globulo24\" \/>\n<meta name=\"twitter:site\" content=\"@dicodusport\" \/>\n<script type=\"application\/ld+json\" class=\"yoast-schema-graph\">{\"@context\":\"https:\/\/schema.org\",\"@graph\":[{\"@type\":\"NewsArticle\",\"@id\":\"https:\/\/dicodusport.fr\/blog\/transferts-rugby-jesse-kriel-kyle-sinckler-bayonne-les-infos-du-mercredi-17-decembre\/#article\",\"isPartOf\":{\"@id\":\"https:\/\/dicodusport.fr\/blog\/transferts-rugby-jesse-kriel-kyle-sinckler-bayonne-les-infos-du-mercredi-17-decembre\/\"},\"author\":{\"name\":\"S\u00e9bastien Gente\",\"@id\":\"https:\/\/dicodusport.fr\/blog\/#\/schema\/person\/627966a6cde45dbd8c5e36ac85d783da\"},\"headline\":\"Transferts Rugby : Jesse Kriel, Kyle Sinckler, Bayonne, les infos du mercredi 17 d\u00e9cembre\",\"datePublished\":\"2025-12-17T18:00:10+00:00\",\"mainEntityOfPage\":{\"@id\":\"https:\/\/dicodusport.fr\/blog\/transferts-rugby-jesse-kriel-kyle-sinckler-bayonne-les-infos-du-mercredi-17-decembre\/\"},\"wordCount\":571,\"commentCount\":0,\"publisher\":{\"@id\":\"https:\/\/dicodusport.fr\/blog\/#organization\"},\"image\":{\"@id\":\"https:\/\/dicodusport.fr\/blog\/transferts-rugby-jesse-kriel-kyle-sinckler-bayonne-les-infos-du-mercredi-17-decembre\/#primaryimage\"},\"thumbnailUrl\":\"https:\/\/dicodusport.fr\/blog\/wp-content\/uploads\/2025\/12\/Transferts-Rugby-Jesse-Kriel-Kyle-Sinckler-Bayonne-les-infos-du-mercredi-17-decembre.png\",\"keywords\":[\"br\u00e8ve\",\"Transferts rugby\"],\"articleSection\":[\"Rugby \u00e0 XV\",\"Top 14\"],\"inLanguage\":\"fr-FR\",\"potentialAction\":[{\"@type\":\"CommentAction\",\"name\":\"Comment\",\"target\":[\"https:\/\/dicodusport.fr\/blog\/transferts-rugby-jesse-kriel-kyle-sinckler-bayonne-les-infos-du-mercredi-17-decembre\/#respond\"]}],\"copyrightYear\":\"2025\",\"copyrightHolder\":{\"@id\":\"https:\/\/dicodusport.fr\/blog\/#organization\"}},{\"@type\":\"WebPage\",\"@id\":\"https:\/\/dicodusport.fr\/blog\/transferts-rugby-jesse-kriel-kyle-sinckler-bayonne-les-infos-du-mercredi-17-decembre\/\",\"url\":\"https:\/\/dicodusport.fr\/blog\/transferts-rugby-jesse-kriel-kyle-sinckler-bayonne-les-infos-du-mercredi-17-decembre\/\",\"name\":\"Transferts Rugby : Jesse Kriel, Kyle Sinckler, Bayonne, les infos du mercredi 17 d\u00e9cembre\",\"isPartOf\":{\"@id\":\"https:\/\/dicodusport.fr\/blog\/#website\"},\"primaryImageOfPage\":{\"@id\":\"https:\/\/dicodusport.fr\/blog\/transferts-rugby-jesse-kriel-kyle-sinckler-bayonne-les-infos-du-mercredi-17-decembre\/#primaryimage\"},\"image\":{\"@id\":\"https:\/\/dicodusport.fr\/blog\/transferts-rugby-jesse-kriel-kyle-sinckler-bayonne-les-infos-du-mercredi-17-decembre\/#primaryimage\"},\"thumbnailUrl\":\"https:\/\/dicodusport.fr\/blog\/wp-content\/uploads\/2025\/12\/Transferts-Rugby-Jesse-Kriel-Kyle-Sinckler-Bayonne-les-infos-du-mercredi-17-decembre.png\",\"datePublished\":\"2025-12-17T18:00:10+00:00\",\"description\":\"TRANSFERTS RUGBY - Jesse Kriel convoit\u00e9 par un Top 14 que pourrait quitter Kyle Sinckler, Bayonne acte deux prolongations : les infos de ce mercredi 17 d\u00e9cembre.\",\"breadcrumb\":{\"@id\":\"https:\/\/dicodusport.fr\/blog\/transferts-rugby-jesse-kriel-kyle-sinckler-bayonne-les-infos-du-mercredi-17-decembre\/#breadcrumb\"},\"inLanguage\":\"fr-FR\",\"potentialAction\":[{\"@type\":\"ReadAction\",\"target\":[\"https:\/\/dicodusport.fr\/blog\/transferts-rugby-jesse-kriel-kyle-sinckler-bayonne-les-infos-du-mercredi-17-decembre\/\"]}]},{\"@type\":\"ImageObject\",\"inLanguage\":\"fr-FR\",\"@id\":\"https:\/\/dicodusport.fr\/blog\/transferts-rugby-jesse-kriel-kyle-sinckler-bayonne-les-infos-du-mercredi-17-decembre\/#primaryimage\",\"url\":\"https:\/\/dicodusport.fr\/blog\/wp-content\/uploads\/2025\/12\/Transferts-Rugby-Jesse-Kriel-Kyle-Sinckler-Bayonne-les-infos-du-mercredi-17-decembre.png\",\"contentUrl\":\"https:\/\/dicodusport.fr\/blog\/wp-content\/uploads\/2025\/12\/Transferts-Rugby-Jesse-Kriel-Kyle-Sinckler-Bayonne-les-infos-du-mercredi-17-decembre.png\",\"width\":1200,\"height\":674,\"caption\":\"Transferts Rugby Jesse Kriel, Kyle Sinckler, Bayonne, les infos du mercredi 17 d\u00e9cembre\"},{\"@type\":\"BreadcrumbList\",\"@id\":\"https:\/\/dicodusport.fr\/blog\/transferts-rugby-jesse-kriel-kyle-sinckler-bayonne-les-infos-du-mercredi-17-decembre\/#breadcrumb\",\"itemListElement\":[{\"@type\":\"ListItem\",\"position\":1,\"name\":\"Accueil\",\"item\":\"https:\/\/dicodusport.fr\/blog\/\"},{\"@type\":\"ListItem\",\"position\":2,\"name\":\"Transferts Rugby : Jesse Kriel, Kyle Sinckler, Bayonne, les infos du mercredi 17 d\u00e9cembre\"}]},{\"@type\":\"WebSite\",\"@id\":\"https:\/\/dicodusport.fr\/blog\/#website\",\"url\":\"https:\/\/dicodusport.fr\/blog\/\",\"name\":\"Dicodusport\",\"description\":\"L&#039;encyclop\u00e9die de l&#039;actualit\u00e9 sportive\",\"publisher\":{\"@id\":\"https:\/\/dicodusport.fr\/blog\/#organization\"},\"potentialAction\":[{\"@type\":\"SearchAction\",\"target\":{\"@type\":\"EntryPoint\",\"urlTemplate\":\"https:\/\/dicodusport.fr\/blog\/?s={search_term_string}\"},\"query-input\":{\"@type\":\"PropertyValueSpecification\",\"valueRequired\":true,\"valueName\":\"search_term_string\"}}],\"inLanguage\":\"fr-FR\"},{\"@type\":\"NewsMediaOrganization\",\"@id\":\"https:\/\/dicodusport.fr\/blog\/#organization\",\"name\":\"Dicodusport\",\"url\":\"https:\/\/dicodusport.fr\/blog\/\",\"logo\":{\"@type\":\"ImageObject\",\"inLanguage\":\"fr-FR\",\"@id\":\"https:\/\/dicodusport.fr\/blog\/#\/schema\/logo\/image\/\",\"url\":\"https:\/\/dicodusport.fr\/blog\/wp-content\/uploads\/2020\/06\/cropped-LOGO-DICODUSPORT-2020-SANS-FOND-SANS-TEXTE.png\",\"contentUrl\":\"https:\/\/dicodusport.fr\/blog\/wp-content\/uploads\/2020\/06\/cropped-LOGO-DICODUSPORT-2020-SANS-FOND-SANS-TEXTE.png\",\"width\":512,\"height\":512,\"caption\":\"Dicodusport\"},\"image\":{\"@id\":\"https:\/\/dicodusport.fr\/blog\/#\/schema\/logo\/image\/\"},\"sameAs\":[\"https:\/\/www.facebook.com\/dicodusport\",\"https:\/\/x.com\/dicodusport\",\"https:\/\/www.instagram.com\/dicodusport\/\",\"https:\/\/www.youtube.com\/channel\/UC7V2KZ5sd3htJivAbA4ZG3w\"],\"description\":\"Dicodusport est l'encyclop\u00e9die de l'actualit\u00e9 sportive.\",\"email\":\"bonjour@dicodusport.fr\",\"legalName\":\"DICODUSPORT\",\"foundingDate\":\"2018-01-14\",\"vatID\":\"FR71834470973\",\"taxID\":\"83447097300043\",\"numberOfEmployees\":{\"@type\":\"QuantitativeValue\",\"minValue\":\"1\",\"maxValue\":\"10\"}},{\"@type\":\"Person\",\"@id\":\"https:\/\/dicodusport.fr\/blog\/#\/schema\/person\/627966a6cde45dbd8c5e36ac85d783da\",\"name\":\"S\u00e9bastien Gente\",\"image\":{\"@type\":\"ImageObject\",\"inLanguage\":\"fr-FR\",\"@id\":\"https:\/\/dicodusport.fr\/blog\/#\/schema\/person\/image\/\",\"url\":\"https:\/\/dicodusport.fr\/blog\/wp-content\/uploads\/2021\/09\/1510990_10205810251400683_4124423575079401707_n-150x150.jpg\",\"contentUrl\":\"https:\/\/dicodusport.fr\/blog\/wp-content\/uploads\/2021\/09\/1510990_10205810251400683_4124423575079401707_n-150x150.jpg\",\"caption\":\"S\u00e9bastien Gente\"},\"description\":\"John Stockton, Gianni Bugno, Zinedine Zidane, Steffi Graf, Frode Andresen, St\u00e9phane Stoecklin, Davis Kamoga, Primoz Peterka, Werner Schlager et Aur\u00e9lien Rougerie. Point commun entre ces sportifs? Ils m'ont fait r\u00eaver et ont berc\u00e9 mon adolescence. Je suis un fondu de sports et j'essaie de retranscrire ma passion \u00e0 travers mes articles. Originaire du P\u00e9rigord, ma passion pour les Girondins, les Jaunards et les Jazzmen transpire dans mes \u00e9crits. \u00c0 Dicodusport depuis 2021, je d\u00e9niche les sports m\u00e9connus dans lesquels la France brille, et il y en a !\",\"sameAs\":[\"https:\/\/www.facebook.com\/sebastien.gente\/\",\"https:\/\/www.instagram.com\/sebgente\/\",\"https:\/\/www.linkedin.com\/in\/sbastien-gente-a29583169\/\",\"https:\/\/x.com\/https:\/\/twitter.com\/globulo24\",\"SebastienGente\"],\"worksFor\":\"S\u00e9bastien GENTE\",\"url\":\"https:\/\/dicodusport.fr\/blog\/author\/sebastiengente\/\"}]}<\/script>\n<!-- \/ Yoast SEO Premium plugin. -->","yoast_head_json":{"title":"Transferts Rugby : Jesse Kriel, Kyle Sinckler, Bayonne, les infos du mercredi 17 d\u00e9cembre","description":"TRANSFERTS RUGBY - Jesse Kriel convoit\u00e9 par un Top 14 que pourrait quitter Kyle Sinckler, Bayonne acte deux prolongations : les infos de ce mercredi 17 d\u00e9cembre.","robots":{"index":"index","follow":"follow","max-snippet":"max-snippet:-1","max-image-preview":"max-image-preview:large","max-video-preview":"max-video-preview:-1"},"canonical":"https:\/\/dicodusport.fr\/blog\/transferts-rugby-jesse-kriel-kyle-sinckler-bayonne-les-infos-du-mercredi-17-decembre\/","og_locale":"fr_FR","og_type":"article","og_title":"Transferts Rugby : Jesse Kriel, Kyle Sinckler, Bayonne, les infos du mercredi 17 d\u00e9cembre","og_description":"TRANSFERTS RUGBY - Jesse Kriel convoit\u00e9 par un Top 14 que pourrait quitter Kyle Sinckler, Bayonne acte deux prolongations : les infos de ce mercredi 17 d\u00e9cembre.","og_url":"https:\/\/dicodusport.fr\/blog\/transferts-rugby-jesse-kriel-kyle-sinckler-bayonne-les-infos-du-mercredi-17-decembre\/","og_site_name":"Dicodusport","article_publisher":"https:\/\/www.facebook.com\/dicodusport","article_author":"https:\/\/www.facebook.com\/sebastien.gente\/","article_published_time":"2025-12-17T18:00:10+00:00","og_image":[{"width":1200,"height":674,"url":"https:\/\/dicodusport.fr\/blog\/wp-content\/uploads\/2025\/12\/Transferts-Rugby-Jesse-Kriel-Kyle-Sinckler-Bayonne-les-infos-du-mercredi-17-decembre.png","type":"image\/png"}],"author":"S\u00e9bastien Gente","twitter_card":"summary_large_image","twitter_title":"Transferts Rugby : Jesse Kriel, Kyle Sinckler, Bayonne, les infos du mercredi 17 d\u00e9cembre","twitter_creator":"@https:\/\/twitter.com\/globulo24","twitter_site":"@dicodusport","schema":{"@context":"https:\/\/schema.org","@graph":[{"@type":"NewsArticle","@id":"https:\/\/dicodusport.fr\/blog\/transferts-rugby-jesse-kriel-kyle-sinckler-bayonne-les-infos-du-mercredi-17-decembre\/#article","isPartOf":{"@id":"https:\/\/dicodusport.fr\/blog\/transferts-rugby-jesse-kriel-kyle-sinckler-bayonne-les-infos-du-mercredi-17-decembre\/"},"author":{"name":"S\u00e9bastien Gente","@id":"https:\/\/dicodusport.fr\/blog\/#\/schema\/person\/627966a6cde45dbd8c5e36ac85d783da"},"headline":"Transferts Rugby : Jesse Kriel, Kyle Sinckler, Bayonne, les infos du mercredi 17 d\u00e9cembre","datePublished":"2025-12-17T18:00:10+00:00","mainEntityOfPage":{"@id":"https:\/\/dicodusport.fr\/blog\/transferts-rugby-jesse-kriel-kyle-sinckler-bayonne-les-infos-du-mercredi-17-decembre\/"},"wordCount":571,"commentCount":0,"publisher":{"@id":"https:\/\/dicodusport.fr\/blog\/#organization"},"image":{"@id":"https:\/\/dicodusport.fr\/blog\/transferts-rugby-jesse-kriel-kyle-sinckler-bayonne-les-infos-du-mercredi-17-decembre\/#primaryimage"},"thumbnailUrl":"https:\/\/dicodusport.fr\/blog\/wp-content\/uploads\/2025\/12\/Transferts-Rugby-Jesse-Kriel-Kyle-Sinckler-Bayonne-les-infos-du-mercredi-17-decembre.png","keywords":["br\u00e8ve","Transferts rugby"],"articleSection":["Rugby \u00e0 XV","Top 14"],"inLanguage":"fr-FR","potentialAction":[{"@type":"CommentAction","name":"Comment","target":["https:\/\/dicodusport.fr\/blog\/transferts-rugby-jesse-kriel-kyle-sinckler-bayonne-les-infos-du-mercredi-17-decembre\/#respond"]}],"copyrightYear":"2025","copyrightHolder":{"@id":"https:\/\/dicodusport.fr\/blog\/#organization"}},{"@type":"WebPage","@id":"https:\/\/dicodusport.fr\/blog\/transferts-rugby-jesse-kriel-kyle-sinckler-bayonne-les-infos-du-mercredi-17-decembre\/","url":"https:\/\/dicodusport.fr\/blog\/transferts-rugby-jesse-kriel-kyle-sinckler-bayonne-les-infos-du-mercredi-17-decembre\/","name":"Transferts Rugby : Jesse Kriel, Kyle Sinckler, Bayonne, les infos du mercredi 17 d\u00e9cembre","isPartOf":{"@id":"https:\/\/dicodusport.fr\/blog\/#website"},"primaryImageOfPage":{"@id":"https:\/\/dicodusport.fr\/blog\/transferts-rugby-jesse-kriel-kyle-sinckler-bayonne-les-infos-du-mercredi-17-decembre\/#primaryimage"},"image":{"@id":"https:\/\/dicodusport.fr\/blog\/transferts-rugby-jesse-kriel-kyle-sinckler-bayonne-les-infos-du-mercredi-17-decembre\/#primaryimage"},"thumbnailUrl":"https:\/\/dicodusport.fr\/blog\/wp-content\/uploads\/2025\/12\/Transferts-Rugby-Jesse-Kriel-Kyle-Sinckler-Bayonne-les-infos-du-mercredi-17-decembre.png","datePublished":"2025-12-17T18:00:10+00:00","description":"TRANSFERTS RUGBY - Jesse Kriel convoit\u00e9 par un Top 14 que pourrait quitter Kyle Sinckler, Bayonne acte deux prolongations : les infos de ce mercredi 17 d\u00e9cembre.","breadcrumb":{"@id":"https:\/\/dicodusport.fr\/blog\/transferts-rugby-jesse-kriel-kyle-sinckler-bayonne-les-infos-du-mercredi-17-decembre\/#breadcrumb"},"inLanguage":"fr-FR","potentialAction":[{"@type":"ReadAction","target":["https:\/\/dicodusport.fr\/blog\/transferts-rugby-jesse-kriel-kyle-sinckler-bayonne-les-infos-du-mercredi-17-decembre\/"]}]},{"@type":"ImageObject","inLanguage":"fr-FR","@id":"https:\/\/dicodusport.fr\/blog\/transferts-rugby-jesse-kriel-kyle-sinckler-bayonne-les-infos-du-mercredi-17-decembre\/#primaryimage","url":"https:\/\/dicodusport.fr\/blog\/wp-content\/uploads\/2025\/12\/Transferts-Rugby-Jesse-Kriel-Kyle-Sinckler-Bayonne-les-infos-du-mercredi-17-decembre.png","contentUrl":"https:\/\/dicodusport.fr\/blog\/wp-content\/uploads\/2025\/12\/Transferts-Rugby-Jesse-Kriel-Kyle-Sinckler-Bayonne-les-infos-du-mercredi-17-decembre.png","width":1200,"height":674,"caption":"Transferts Rugby Jesse Kriel, Kyle Sinckler, Bayonne, les infos du mercredi 17 d\u00e9cembre"},{"@type":"BreadcrumbList","@id":"https:\/\/dicodusport.fr\/blog\/transferts-rugby-jesse-kriel-kyle-sinckler-bayonne-les-infos-du-mercredi-17-decembre\/#breadcrumb","itemListElement":[{"@type":"ListItem","position":1,"name":"Accueil","item":"https:\/\/dicodusport.fr\/blog\/"},{"@type":"ListItem","position":2,"name":"Transferts Rugby : Jesse Kriel, Kyle Sinckler, Bayonne, les infos du mercredi 17 d\u00e9cembre"}]},{"@type":"WebSite","@id":"https:\/\/dicodusport.fr\/blog\/#website","url":"https:\/\/dicodusport.fr\/blog\/","name":"Dicodusport","description":"L&#039;encyclop\u00e9die de l&#039;actualit\u00e9 sportive","publisher":{"@id":"https:\/\/dicodusport.fr\/blog\/#organization"},"potentialAction":[{"@type":"SearchAction","target":{"@type":"EntryPoint","urlTemplate":"https:\/\/dicodusport.fr\/blog\/?s={search_term_string}"},"query-input":{"@type":"PropertyValueSpecification","valueRequired":true,"valueName":"search_term_string"}}],"inLanguage":"fr-FR"},{"@type":"NewsMediaOrganization","@id":"https:\/\/dicodusport.fr\/blog\/#organization","name":"Dicodusport","url":"https:\/\/dicodusport.fr\/blog\/","logo":{"@type":"ImageObject","inLanguage":"fr-FR","@id":"https:\/\/dicodusport.fr\/blog\/#\/schema\/logo\/image\/","url":"https:\/\/dicodusport.fr\/blog\/wp-content\/uploads\/2020\/06\/cropped-LOGO-DICODUSPORT-2020-SANS-FOND-SANS-TEXTE.png","contentUrl":"https:\/\/dicodusport.fr\/blog\/wp-content\/uploads\/2020\/06\/cropped-LOGO-DICODUSPORT-2020-SANS-FOND-SANS-TEXTE.png","width":512,"height":512,"caption":"Dicodusport"},"image":{"@id":"https:\/\/dicodusport.fr\/blog\/#\/schema\/logo\/image\/"},"sameAs":["https:\/\/www.facebook.com\/dicodusport","https:\/\/x.com\/dicodusport","https:\/\/www.instagram.com\/dicodusport\/","https:\/\/www.youtube.com\/channel\/UC7V2KZ5sd3htJivAbA4ZG3w"],"description":"Dicodusport est l'encyclop\u00e9die de l'actualit\u00e9 sportive.","email":"bonjour@dicodusport.fr","legalName":"DICODUSPORT","foundingDate":"2018-01-14","vatID":"FR71834470973","taxID":"83447097300043","numberOfEmployees":{"@type":"QuantitativeValue","minValue":"1","maxValue":"10"}},{"@type":"Person","@id":"https:\/\/dicodusport.fr\/blog\/#\/schema\/person\/627966a6cde45dbd8c5e36ac85d783da","name":"S\u00e9bastien Gente","image":{"@type":"ImageObject","inLanguage":"fr-FR","@id":"https:\/\/dicodusport.fr\/blog\/#\/schema\/person\/image\/","url":"https:\/\/dicodusport.fr\/blog\/wp-content\/uploads\/2021\/09\/1510990_10205810251400683_4124423575079401707_n-150x150.jpg","contentUrl":"https:\/\/dicodusport.fr\/blog\/wp-content\/uploads\/2021\/09\/1510990_10205810251400683_4124423575079401707_n-150x150.jpg","caption":"S\u00e9bastien Gente"},"description":"John Stockton, Gianni Bugno, Zinedine Zidane, Steffi Graf, Frode Andresen, St\u00e9phane Stoecklin, Davis Kamoga, Primoz Peterka, Werner Schlager et Aur\u00e9lien Rougerie. Point commun entre ces sportifs? Ils m'ont fait r\u00eaver et ont berc\u00e9 mon adolescence. Je suis un fondu de sports et j'essaie de retranscrire ma passion \u00e0 travers mes articles. Originaire du P\u00e9rigord, ma passion pour les Girondins, les Jaunards et les Jazzmen transpire dans mes \u00e9crits. \u00c0 Dicodusport depuis 2021, je d\u00e9niche les sports m\u00e9connus dans lesquels la France brille, et il y en a !","sameAs":["https:\/\/www.facebook.com\/sebastien.gente\/","https:\/\/www.instagram.com\/sebgente\/","https:\/\/www.linkedin.com\/in\/sbastien-gente-a29583169\/","https:\/\/x.com\/https:\/\/twitter.com\/globulo24","SebastienGente"],"worksFor":"S\u00e9bastien GENTE","url":"https:\/\/dicodusport.fr\/blog\/author\/sebastiengente\/"}]}},"_links":{"self":[{"href":"https:\/\/dicodusport.fr\/blog\/wp-json\/wp\/v2\/posts\/632960","targetHints":{"allow":["GET"]}}],"collection":[{"href":"https:\/\/dicodusport.fr\/blog\/wp-json\/wp\/v2\/posts"}],"about":[{"href":"https:\/\/dicodusport.fr\/blog\/wp-json\/wp\/v2\/types\/post"}],"author":[{"embeddable":true,"href":"https:\/\/dicodusport.fr\/blog\/wp-json\/wp\/v2\/users\/59"}],"replies":[{"embeddable":true,"href":"https:\/\/dicodusport.fr\/blog\/wp-json\/wp\/v2\/comments?post=632960"}],"version-history":[{"count":1,"href":"https:\/\/dicodusport.fr\/blog\/wp-json\/wp\/v2\/posts\/632960\/revisions"}],"predecessor-version":[{"id":632982,"href":"https:\/\/dicodusport.fr\/blog\/wp-json\/wp\/v2\/posts\/632960\/revisions\/632982"}],"wp:featuredmedia":[{"embeddable":true,"href":"https:\/\/dicodusport.fr\/blog\/wp-json\/wp\/v2\/media\/632965"}],"wp:attachment":[{"href":"https:\/\/dicodusport.fr\/blog\/wp-json\/wp\/v2\/media?parent=632960"}],"wp:term":[{"taxonomy":"category","embeddable":true,"href":"https:\/\/dicodusport.fr\/blog\/wp-json\/wp\/v2\/categories?post=632960"},{"taxonomy":"post_tag","embeddable":true,"href":"https:\/\/dicodusport.fr\/blog\/wp-json\/wp\/v2\/tags?post=632960"}],"curies":[{"name":"wp","href":"https:\/\/api.w.org\/{rel}","templated":true}]}}