{"id":633085,"date":"2025-12-18T14:41:23","date_gmt":"2025-12-18T13:41:23","guid":{"rendered":"https:\/\/dicodusport.fr\/blog\/?p=633085&#038;preview=true&#038;preview_id=633085"},"modified":"2025-12-19T17:53:25","modified_gmt":"2025-12-19T16:53:25","slug":"surpuissant-marco-odermatt-remporte-sa-50eme-victoire-en-carriere-sur-la-descente-de-val-gardena","status":"publish","type":"post","link":"https:\/\/dicodusport.fr\/blog\/surpuissant-marco-odermatt-remporte-sa-50eme-victoire-en-carriere-sur-la-descente-de-val-gardena\/","title":{"rendered":"Surpuissant, Marco Odermatt remporte sa 50\u00e8me victoire en carri\u00e8re sur la descente de Val Gardena"},"content":{"rendered":"<p style=\"text-align: justify;\"><strong><em>COUPE DU MONDE DE SKI ALPIN 2025\/2026 &#8211; Dans des conditions al\u00e9atoires, Marco Odermatt a rafl\u00e9, avec maestria, sa 50\u00e8me victoire en Coupe du monde.<\/em><\/strong><\/p>\n<ul style=\"text-align: justify;\">\n<li><strong>\u00c0 ce sujet \u2014\u00a0<a href=\"https:\/\/dicodusport.fr\/blog\/ski-alpin-coupe-du-monde-2025-2026-le-calendrier-complet\/\">Ski alpin Coupe du monde 2025-2026 \u2013 Le calendrier complet<\/a><\/strong><\/li>\n<\/ul>\n<p style=\"text-align: justify;\">Quelques jours seulement apr\u00e8s l&rsquo;\u00e9tape de Val d&rsquo;Is\u00e8re, la Coupe du monde de ski alpin posait ses valises \u00e0 <strong>Val Gardena<\/strong> pour un programme copieux. Ce jeudi, une premi\u00e8re descente pr\u00e9c\u00e9dait le Super-G de vendredi, et une deuxi\u00e8me descente samedi. Sur une piste aussi mythique que dangereuse, comme l&rsquo;a prouv\u00e9 la chute et la blessure de <strong>Stefan Eichberger<\/strong> \u00e0 l&rsquo;entra\u00eenement, une lutte acharn\u00e9e \u00e9tait attendue entre les cadors de la vitesse.<\/p>\n<h2 style=\"text-align: justify;\">Le plus fort, c&rsquo;est Odermatt<\/h2>\n<p style=\"text-align: justify;\">Mais la m\u00e9t\u00e9o n&rsquo;\u00e9tait pas du c\u00f4t\u00e9 des descendeurs. Un d\u00e9part pr\u00e9vu pour 11h45, mais une nappe de brouillard qui ne voulait pas s&rsquo;en aller, et qui a caus\u00e9 un report \u00e0 13h00. <strong>Mattia Casse<\/strong> \u00e9tait le premier \u00e0 se lancer, mais son chrono semblait bon, et tout le monde s&rsquo;y cassait les dents, jusqu&rsquo;\u00e0 <strong>Franjo von Allmen<\/strong>, qui livrait une prestation majestueuse dans le Ciaslat et prenait la t\u00eate avec plus d&rsquo;une demi-seconde d&rsquo;avance.<\/p>\n<ul style=\"text-align: justify;\">\n<li><strong>\u00c0 lire aussi &#8211; <a href=\"https:\/\/dicodusport.fr\/blog\/descente-hommes-val-gardena-2025-classement-et-resultats\/\">Descente hommes Val Gardena 2025 \u2013 Classement et r\u00e9sultats<\/a><\/strong><\/li>\n<\/ul>\n<p style=\"text-align: justify;\">C&rsquo;est alors que le brouillard refaisait son apparition dans le Camel, provoquant une micro-interruption. Des conditions chancelantes selon les dossards, et c&rsquo;est <strong>Dominik Paris<\/strong> qui manquait de cr\u00e9er la surprise, \u00e9chouant pour 4 centi\u00e8mes apr\u00e8s une faute dans le Ciaslat. On attendait alors <strong>Marco Odermatt<\/strong>, qui voyait le soleil sortir quand il s&rsquo;\u00e9lan\u00e7ait. Un magnifique mano a mano, mais une prise de risque maximale et la meilleure vitesse sur le bas de parcours, pour venir devancer son compatriote de 14 centi\u00e8mes !<\/p>\n<blockquote class=\"twitter-tweet\">\n<p dir=\"ltr\" lang=\"fr\">Odermatt en patron sur la descente de Val Gardena ! Le Suisse se dirige vers une 50e victoire et devrait revenir \u00e0 hauteur de la l\u00e9gende Alberto Tomba \ud83d\udc51<\/p>\n<p>Suivez le meilleur du ski alpin sur Eurosport et HBO Max <a href=\"https:\/\/t.co\/nntj67BdZI\">pic.twitter.com\/nntj67BdZI<\/a><\/p>\n<p>\u2014 Eurosport France (@Eurosport_FR) <a href=\"https:\/\/twitter.com\/Eurosport_FR\/status\/2001634925913440720?ref_src=twsrc%5Etfw\">December 18, 2025<\/a><\/p><\/blockquote>\n<p style=\"text-align: justify;\"><script async src=\"https:\/\/platform.twitter.com\/widgets.js\" charset=\"utf-8\"><\/script><br \/>\nLa course semblait jou\u00e9e, restait \u00e0 savoir qui accompagnerait le Roi actuel du ski sur le podium. <strong>Nils All\u00e8gre<\/strong> s&rsquo;y essayait avec une course solide, mais \u00e9chouait \u00e0 4 centi\u00e8mes du podium. C&rsquo;est alors que le brouillard faisait son retour de fa\u00e7on plus virulente, interrompant la course apr\u00e8s le dossard 22, et jetant le trouble pour la suite. Une trentaine de minutes plus tard, <strong>Adrien Th\u00e9aux<\/strong> lan\u00e7ait une nouvelle vague de d\u00e9parts, avec une constante : tout le monde tenait le coup jusqu&rsquo;au Ciaslat. Pour exploser ensuite.<\/p>\n<div id=\"mvp-content-main\" class=\"left relative\" style=\"text-align: justify;\">\n<ul>\n<li><strong>\u00c0 ce sujet \u2014\u00a0<a href=\"https:\/\/dicodusport.fr\/blog\/coupe-du-monde-ski-alpin-classement-general-hommes-mis-a-jour\/\">Coupe du monde Ski alpin : Classement g\u00e9n\u00e9ral hommes mis \u00e0 jour<\/a><\/strong><\/li>\n<\/ul>\n<p>Victoire de <strong>Marco Odermatt<\/strong> donc, tout simplement sa 50\u00e8me en Coupe du monde. Des conditions compliqu\u00e9es, mais toujours le m\u00eame au-dessus du lot. Le Suisse int\u00e8gre un club tr\u00e8s ferm\u00e9 (<strong>Ingemar Stenmark<\/strong>, <strong>Hermann Maier<\/strong>, <strong>Marcel Hirscher<\/strong> et <strong>Alberto Tomba<\/strong>), et confirme, s&rsquo;il en \u00e9tait encore besoin, qu&rsquo;il reste le meilleur skieur du monde. C\u00f4t\u00e9 fran\u00e7ais, <strong>Nils Alphand<\/strong>, avec le dossard 47, est all\u00e9 chercher une magnifique 5\u00e8me place, juste derri\u00e8re <strong>Nils All\u00e8gre<\/strong> donc.<\/p>\n<\/div>\n<div id=\"gtx-trans\" style=\"position: absolute; left: -14px; top: 40.9091px;\">\n<div class=\"gtx-trans-icon\" style=\"text-align: justify;\"><\/div>\n<\/div>\n","protected":false},"excerpt":{"rendered":"<p>COUPE DU MONDE DE SKI ALPIN 2025\/2026 &#8211; Dans des conditions al\u00e9atoires, Marco Odermatt a rafl\u00e9, avec maestria, sa 50\u00e8me victoire en Coupe du monde.<\/p>\n","protected":false},"author":59,"featured_media":633126,"comment_status":"open","ping_status":"closed","sticky":false,"template":"","format":"standard","meta":{"_acf_changed":false,"_daextam_enable_autolinks":"1","footnotes":""},"categories":[47084],"tags":[16878,12586,2233,24],"class_list":["post-633085","post","type-post","status-publish","format-standard","has-post-thumbnail","hentry","category-coupe-du-monde-ski-alpin","tag-breve","tag-coupe-du-monde-de-ski-alpin","tag-ski-alpin","tag-sport"],"acf":[],"yoast_head":"<!-- This site is optimized with the Yoast SEO Premium plugin v26.7 (Yoast SEO v26.7) - https:\/\/yoast.com\/wordpress\/plugins\/seo\/ -->\n<title>Surpuissant, Marco Odermatt remporte sa 50\u00e8me victoire en carri\u00e8re sur la descente de Val Gardena<\/title>\n<meta name=\"description\" content=\"COUPE DU MONDE DE SKI ALPIN 2025\/2026 - Dans des conditions al\u00e9atoires, Marco Odermatt a rafl\u00e9, avec maestria, sa 50\u00e8me victoire en Coupe du monde.\" \/>\n<meta name=\"robots\" content=\"index, follow, max-snippet:-1, max-image-preview:large, max-video-preview:-1\" \/>\n<link rel=\"canonical\" href=\"https:\/\/dicodusport.fr\/blog\/surpuissant-marco-odermatt-remporte-sa-50eme-victoire-en-carriere-sur-la-descente-de-val-gardena\/\" \/>\n<meta property=\"og:locale\" content=\"fr_FR\" \/>\n<meta property=\"og:type\" content=\"article\" \/>\n<meta property=\"og:title\" content=\"Surpuissant, Marco Odermatt remporte sa 50\u00e8me victoire en carri\u00e8re sur la descente de Val Gardena\" \/>\n<meta property=\"og:description\" content=\"COUPE DU MONDE DE SKI ALPIN 2025\/2026 - Dans des conditions al\u00e9atoires, Marco Odermatt a rafl\u00e9, avec maestria, sa 50\u00e8me victoire en Coupe du monde.\" \/>\n<meta property=\"og:url\" content=\"https:\/\/dicodusport.fr\/blog\/surpuissant-marco-odermatt-remporte-sa-50eme-victoire-en-carriere-sur-la-descente-de-val-gardena\/\" \/>\n<meta property=\"og:site_name\" content=\"Dicodusport\" \/>\n<meta property=\"article:publisher\" content=\"https:\/\/www.facebook.com\/dicodusport\" \/>\n<meta property=\"article:author\" content=\"https:\/\/www.facebook.com\/sebastien.gente\/\" \/>\n<meta property=\"article:published_time\" content=\"2025-12-18T13:41:23+00:00\" \/>\n<meta property=\"article:modified_time\" content=\"2025-12-19T16:53:25+00:00\" \/>\n<meta property=\"og:image\" content=\"https:\/\/dicodusport.fr\/blog\/wp-content\/uploads\/2025\/12\/Surpuissant-Marco-Odermatt-remporte-sa-50eme-victoire-en-carriere-sur-la-descente-de-Val-Gardena.png\" \/>\n\t<meta property=\"og:image:width\" content=\"1200\" \/>\n\t<meta property=\"og:image:height\" content=\"674\" \/>\n\t<meta property=\"og:image:type\" content=\"image\/png\" \/>\n<meta name=\"author\" content=\"S\u00e9bastien Gente\" \/>\n<meta name=\"twitter:card\" content=\"summary_large_image\" \/>\n<meta name=\"twitter:title\" content=\"Surpuissant, Marco Odermatt remporte sa 50\u00e8me victoire en carri\u00e8re sur la descente de Val Gardena\" \/>\n<meta name=\"twitter:creator\" content=\"@https:\/\/twitter.com\/globulo24\" \/>\n<meta name=\"twitter:site\" content=\"@dicodusport\" \/>\n<script type=\"application\/ld+json\" class=\"yoast-schema-graph\">{\"@context\":\"https:\/\/schema.org\",\"@graph\":[{\"@type\":\"NewsArticle\",\"@id\":\"https:\/\/dicodusport.fr\/blog\/surpuissant-marco-odermatt-remporte-sa-50eme-victoire-en-carriere-sur-la-descente-de-val-gardena\/#article\",\"isPartOf\":{\"@id\":\"https:\/\/dicodusport.fr\/blog\/surpuissant-marco-odermatt-remporte-sa-50eme-victoire-en-carriere-sur-la-descente-de-val-gardena\/\"},\"author\":{\"name\":\"S\u00e9bastien Gente\",\"@id\":\"https:\/\/dicodusport.fr\/blog\/#\/schema\/person\/627966a6cde45dbd8c5e36ac85d783da\"},\"headline\":\"Surpuissant, Marco Odermatt remporte sa 50\u00e8me victoire en carri\u00e8re sur la descente de Val Gardena\",\"datePublished\":\"2025-12-18T13:41:23+00:00\",\"dateModified\":\"2025-12-19T16:53:25+00:00\",\"mainEntityOfPage\":{\"@id\":\"https:\/\/dicodusport.fr\/blog\/surpuissant-marco-odermatt-remporte-sa-50eme-victoire-en-carriere-sur-la-descente-de-val-gardena\/\"},\"wordCount\":558,\"commentCount\":0,\"publisher\":{\"@id\":\"https:\/\/dicodusport.fr\/blog\/#organization\"},\"image\":{\"@id\":\"https:\/\/dicodusport.fr\/blog\/surpuissant-marco-odermatt-remporte-sa-50eme-victoire-en-carriere-sur-la-descente-de-val-gardena\/#primaryimage\"},\"thumbnailUrl\":\"https:\/\/dicodusport.fr\/blog\/wp-content\/uploads\/2025\/12\/Surpuissant-Marco-Odermatt-remporte-sa-50eme-victoire-en-carriere-sur-la-descente-de-Val-Gardena.png\",\"keywords\":[\"br\u00e8ve\",\"Coupe du monde de ski alpin\",\"Ski alpin\",\"sport\"],\"articleSection\":[\"Coupe du monde de ski alpin\"],\"inLanguage\":\"fr-FR\",\"potentialAction\":[{\"@type\":\"CommentAction\",\"name\":\"Comment\",\"target\":[\"https:\/\/dicodusport.fr\/blog\/surpuissant-marco-odermatt-remporte-sa-50eme-victoire-en-carriere-sur-la-descente-de-val-gardena\/#respond\"]}],\"copyrightYear\":\"2025\",\"copyrightHolder\":{\"@id\":\"https:\/\/dicodusport.fr\/blog\/#organization\"}},{\"@type\":\"WebPage\",\"@id\":\"https:\/\/dicodusport.fr\/blog\/surpuissant-marco-odermatt-remporte-sa-50eme-victoire-en-carriere-sur-la-descente-de-val-gardena\/\",\"url\":\"https:\/\/dicodusport.fr\/blog\/surpuissant-marco-odermatt-remporte-sa-50eme-victoire-en-carriere-sur-la-descente-de-val-gardena\/\",\"name\":\"Surpuissant, Marco Odermatt remporte sa 50\u00e8me victoire en carri\u00e8re sur la descente de Val Gardena\",\"isPartOf\":{\"@id\":\"https:\/\/dicodusport.fr\/blog\/#website\"},\"primaryImageOfPage\":{\"@id\":\"https:\/\/dicodusport.fr\/blog\/surpuissant-marco-odermatt-remporte-sa-50eme-victoire-en-carriere-sur-la-descente-de-val-gardena\/#primaryimage\"},\"image\":{\"@id\":\"https:\/\/dicodusport.fr\/blog\/surpuissant-marco-odermatt-remporte-sa-50eme-victoire-en-carriere-sur-la-descente-de-val-gardena\/#primaryimage\"},\"thumbnailUrl\":\"https:\/\/dicodusport.fr\/blog\/wp-content\/uploads\/2025\/12\/Surpuissant-Marco-Odermatt-remporte-sa-50eme-victoire-en-carriere-sur-la-descente-de-Val-Gardena.png\",\"datePublished\":\"2025-12-18T13:41:23+00:00\",\"dateModified\":\"2025-12-19T16:53:25+00:00\",\"description\":\"COUPE DU MONDE DE SKI ALPIN 2025\/2026 - Dans des conditions al\u00e9atoires, Marco Odermatt a rafl\u00e9, avec maestria, sa 50\u00e8me victoire en Coupe du monde.\",\"breadcrumb\":{\"@id\":\"https:\/\/dicodusport.fr\/blog\/surpuissant-marco-odermatt-remporte-sa-50eme-victoire-en-carriere-sur-la-descente-de-val-gardena\/#breadcrumb\"},\"inLanguage\":\"fr-FR\",\"potentialAction\":[{\"@type\":\"ReadAction\",\"target\":[\"https:\/\/dicodusport.fr\/blog\/surpuissant-marco-odermatt-remporte-sa-50eme-victoire-en-carriere-sur-la-descente-de-val-gardena\/\"]}]},{\"@type\":\"ImageObject\",\"inLanguage\":\"fr-FR\",\"@id\":\"https:\/\/dicodusport.fr\/blog\/surpuissant-marco-odermatt-remporte-sa-50eme-victoire-en-carriere-sur-la-descente-de-val-gardena\/#primaryimage\",\"url\":\"https:\/\/dicodusport.fr\/blog\/wp-content\/uploads\/2025\/12\/Surpuissant-Marco-Odermatt-remporte-sa-50eme-victoire-en-carriere-sur-la-descente-de-Val-Gardena.png\",\"contentUrl\":\"https:\/\/dicodusport.fr\/blog\/wp-content\/uploads\/2025\/12\/Surpuissant-Marco-Odermatt-remporte-sa-50eme-victoire-en-carriere-sur-la-descente-de-Val-Gardena.png\",\"width\":1200,\"height\":674,\"caption\":\"Surpuissant, Marco Odermatt remporte sa 50\u00e8me victoire en carri\u00e8re sur la descente de Val-Gardena\"},{\"@type\":\"BreadcrumbList\",\"@id\":\"https:\/\/dicodusport.fr\/blog\/surpuissant-marco-odermatt-remporte-sa-50eme-victoire-en-carriere-sur-la-descente-de-val-gardena\/#breadcrumb\",\"itemListElement\":[{\"@type\":\"ListItem\",\"position\":1,\"name\":\"Accueil\",\"item\":\"https:\/\/dicodusport.fr\/blog\/\"},{\"@type\":\"ListItem\",\"position\":2,\"name\":\"Surpuissant, Marco Odermatt remporte sa 50\u00e8me victoire en carri\u00e8re sur la descente de Val Gardena\"}]},{\"@type\":\"WebSite\",\"@id\":\"https:\/\/dicodusport.fr\/blog\/#website\",\"url\":\"https:\/\/dicodusport.fr\/blog\/\",\"name\":\"Dicodusport\",\"description\":\"L&#039;encyclop\u00e9die de l&#039;actualit\u00e9 sportive\",\"publisher\":{\"@id\":\"https:\/\/dicodusport.fr\/blog\/#organization\"},\"potentialAction\":[{\"@type\":\"SearchAction\",\"target\":{\"@type\":\"EntryPoint\",\"urlTemplate\":\"https:\/\/dicodusport.fr\/blog\/?s={search_term_string}\"},\"query-input\":{\"@type\":\"PropertyValueSpecification\",\"valueRequired\":true,\"valueName\":\"search_term_string\"}}],\"inLanguage\":\"fr-FR\"},{\"@type\":\"NewsMediaOrganization\",\"@id\":\"https:\/\/dicodusport.fr\/blog\/#organization\",\"name\":\"Dicodusport\",\"url\":\"https:\/\/dicodusport.fr\/blog\/\",\"logo\":{\"@type\":\"ImageObject\",\"inLanguage\":\"fr-FR\",\"@id\":\"https:\/\/dicodusport.fr\/blog\/#\/schema\/logo\/image\/\",\"url\":\"https:\/\/dicodusport.fr\/blog\/wp-content\/uploads\/2020\/06\/cropped-LOGO-DICODUSPORT-2020-SANS-FOND-SANS-TEXTE.png\",\"contentUrl\":\"https:\/\/dicodusport.fr\/blog\/wp-content\/uploads\/2020\/06\/cropped-LOGO-DICODUSPORT-2020-SANS-FOND-SANS-TEXTE.png\",\"width\":512,\"height\":512,\"caption\":\"Dicodusport\"},\"image\":{\"@id\":\"https:\/\/dicodusport.fr\/blog\/#\/schema\/logo\/image\/\"},\"sameAs\":[\"https:\/\/www.facebook.com\/dicodusport\",\"https:\/\/x.com\/dicodusport\",\"https:\/\/www.instagram.com\/dicodusport\/\",\"https:\/\/www.youtube.com\/channel\/UC7V2KZ5sd3htJivAbA4ZG3w\"],\"description\":\"Dicodusport est l'encyclop\u00e9die de l'actualit\u00e9 sportive.\",\"email\":\"bonjour@dicodusport.fr\",\"legalName\":\"DICODUSPORT\",\"foundingDate\":\"2018-01-14\",\"vatID\":\"FR71834470973\",\"taxID\":\"83447097300043\",\"numberOfEmployees\":{\"@type\":\"QuantitativeValue\",\"minValue\":\"1\",\"maxValue\":\"10\"}},{\"@type\":\"Person\",\"@id\":\"https:\/\/dicodusport.fr\/blog\/#\/schema\/person\/627966a6cde45dbd8c5e36ac85d783da\",\"name\":\"S\u00e9bastien Gente\",\"image\":{\"@type\":\"ImageObject\",\"inLanguage\":\"fr-FR\",\"@id\":\"https:\/\/dicodusport.fr\/blog\/#\/schema\/person\/image\/\",\"url\":\"https:\/\/dicodusport.fr\/blog\/wp-content\/uploads\/2021\/09\/1510990_10205810251400683_4124423575079401707_n-150x150.jpg\",\"contentUrl\":\"https:\/\/dicodusport.fr\/blog\/wp-content\/uploads\/2021\/09\/1510990_10205810251400683_4124423575079401707_n-150x150.jpg\",\"caption\":\"S\u00e9bastien Gente\"},\"description\":\"John Stockton, Gianni Bugno, Zinedine Zidane, Steffi Graf, Frode Andresen, St\u00e9phane Stoecklin, Davis Kamoga, Primoz Peterka, Werner Schlager et Aur\u00e9lien Rougerie. Point commun entre ces sportifs? Ils m'ont fait r\u00eaver et ont berc\u00e9 mon adolescence. Je suis un fondu de sports et j'essaie de retranscrire ma passion \u00e0 travers mes articles. Originaire du P\u00e9rigord, ma passion pour les Girondins, les Jaunards et les Jazzmen transpire dans mes \u00e9crits. \u00c0 Dicodusport depuis 2021, je d\u00e9niche les sports m\u00e9connus dans lesquels la France brille, et il y en a !\",\"sameAs\":[\"https:\/\/www.facebook.com\/sebastien.gente\/\",\"https:\/\/www.instagram.com\/sebgente\/\",\"https:\/\/www.linkedin.com\/in\/sbastien-gente-a29583169\/\",\"https:\/\/x.com\/https:\/\/twitter.com\/globulo24\",\"SebastienGente\"],\"worksFor\":\"S\u00e9bastien GENTE\",\"url\":\"https:\/\/dicodusport.fr\/blog\/author\/sebastiengente\/\"}]}<\/script>\n<!-- \/ Yoast SEO Premium plugin. -->","yoast_head_json":{"title":"Surpuissant, Marco Odermatt remporte sa 50\u00e8me victoire en carri\u00e8re sur la descente de Val Gardena","description":"COUPE DU MONDE DE SKI ALPIN 2025\/2026 - Dans des conditions al\u00e9atoires, Marco Odermatt a rafl\u00e9, avec maestria, sa 50\u00e8me victoire en Coupe du monde.","robots":{"index":"index","follow":"follow","max-snippet":"max-snippet:-1","max-image-preview":"max-image-preview:large","max-video-preview":"max-video-preview:-1"},"canonical":"https:\/\/dicodusport.fr\/blog\/surpuissant-marco-odermatt-remporte-sa-50eme-victoire-en-carriere-sur-la-descente-de-val-gardena\/","og_locale":"fr_FR","og_type":"article","og_title":"Surpuissant, Marco Odermatt remporte sa 50\u00e8me victoire en carri\u00e8re sur la descente de Val Gardena","og_description":"COUPE DU MONDE DE SKI ALPIN 2025\/2026 - Dans des conditions al\u00e9atoires, Marco Odermatt a rafl\u00e9, avec maestria, sa 50\u00e8me victoire en Coupe du monde.","og_url":"https:\/\/dicodusport.fr\/blog\/surpuissant-marco-odermatt-remporte-sa-50eme-victoire-en-carriere-sur-la-descente-de-val-gardena\/","og_site_name":"Dicodusport","article_publisher":"https:\/\/www.facebook.com\/dicodusport","article_author":"https:\/\/www.facebook.com\/sebastien.gente\/","article_published_time":"2025-12-18T13:41:23+00:00","article_modified_time":"2025-12-19T16:53:25+00:00","og_image":[{"width":1200,"height":674,"url":"https:\/\/dicodusport.fr\/blog\/wp-content\/uploads\/2025\/12\/Surpuissant-Marco-Odermatt-remporte-sa-50eme-victoire-en-carriere-sur-la-descente-de-Val-Gardena.png","type":"image\/png"}],"author":"S\u00e9bastien Gente","twitter_card":"summary_large_image","twitter_title":"Surpuissant, Marco Odermatt remporte sa 50\u00e8me victoire en carri\u00e8re sur la descente de Val Gardena","twitter_creator":"@https:\/\/twitter.com\/globulo24","twitter_site":"@dicodusport","schema":{"@context":"https:\/\/schema.org","@graph":[{"@type":"NewsArticle","@id":"https:\/\/dicodusport.fr\/blog\/surpuissant-marco-odermatt-remporte-sa-50eme-victoire-en-carriere-sur-la-descente-de-val-gardena\/#article","isPartOf":{"@id":"https:\/\/dicodusport.fr\/blog\/surpuissant-marco-odermatt-remporte-sa-50eme-victoire-en-carriere-sur-la-descente-de-val-gardena\/"},"author":{"name":"S\u00e9bastien Gente","@id":"https:\/\/dicodusport.fr\/blog\/#\/schema\/person\/627966a6cde45dbd8c5e36ac85d783da"},"headline":"Surpuissant, Marco Odermatt remporte sa 50\u00e8me victoire en carri\u00e8re sur la descente de Val Gardena","datePublished":"2025-12-18T13:41:23+00:00","dateModified":"2025-12-19T16:53:25+00:00","mainEntityOfPage":{"@id":"https:\/\/dicodusport.fr\/blog\/surpuissant-marco-odermatt-remporte-sa-50eme-victoire-en-carriere-sur-la-descente-de-val-gardena\/"},"wordCount":558,"commentCount":0,"publisher":{"@id":"https:\/\/dicodusport.fr\/blog\/#organization"},"image":{"@id":"https:\/\/dicodusport.fr\/blog\/surpuissant-marco-odermatt-remporte-sa-50eme-victoire-en-carriere-sur-la-descente-de-val-gardena\/#primaryimage"},"thumbnailUrl":"https:\/\/dicodusport.fr\/blog\/wp-content\/uploads\/2025\/12\/Surpuissant-Marco-Odermatt-remporte-sa-50eme-victoire-en-carriere-sur-la-descente-de-Val-Gardena.png","keywords":["br\u00e8ve","Coupe du monde de ski alpin","Ski alpin","sport"],"articleSection":["Coupe du monde de ski alpin"],"inLanguage":"fr-FR","potentialAction":[{"@type":"CommentAction","name":"Comment","target":["https:\/\/dicodusport.fr\/blog\/surpuissant-marco-odermatt-remporte-sa-50eme-victoire-en-carriere-sur-la-descente-de-val-gardena\/#respond"]}],"copyrightYear":"2025","copyrightHolder":{"@id":"https:\/\/dicodusport.fr\/blog\/#organization"}},{"@type":"WebPage","@id":"https:\/\/dicodusport.fr\/blog\/surpuissant-marco-odermatt-remporte-sa-50eme-victoire-en-carriere-sur-la-descente-de-val-gardena\/","url":"https:\/\/dicodusport.fr\/blog\/surpuissant-marco-odermatt-remporte-sa-50eme-victoire-en-carriere-sur-la-descente-de-val-gardena\/","name":"Surpuissant, Marco Odermatt remporte sa 50\u00e8me victoire en carri\u00e8re sur la descente de Val Gardena","isPartOf":{"@id":"https:\/\/dicodusport.fr\/blog\/#website"},"primaryImageOfPage":{"@id":"https:\/\/dicodusport.fr\/blog\/surpuissant-marco-odermatt-remporte-sa-50eme-victoire-en-carriere-sur-la-descente-de-val-gardena\/#primaryimage"},"image":{"@id":"https:\/\/dicodusport.fr\/blog\/surpuissant-marco-odermatt-remporte-sa-50eme-victoire-en-carriere-sur-la-descente-de-val-gardena\/#primaryimage"},"thumbnailUrl":"https:\/\/dicodusport.fr\/blog\/wp-content\/uploads\/2025\/12\/Surpuissant-Marco-Odermatt-remporte-sa-50eme-victoire-en-carriere-sur-la-descente-de-Val-Gardena.png","datePublished":"2025-12-18T13:41:23+00:00","dateModified":"2025-12-19T16:53:25+00:00","description":"COUPE DU MONDE DE SKI ALPIN 2025\/2026 - Dans des conditions al\u00e9atoires, Marco Odermatt a rafl\u00e9, avec maestria, sa 50\u00e8me victoire en Coupe du monde.","breadcrumb":{"@id":"https:\/\/dicodusport.fr\/blog\/surpuissant-marco-odermatt-remporte-sa-50eme-victoire-en-carriere-sur-la-descente-de-val-gardena\/#breadcrumb"},"inLanguage":"fr-FR","potentialAction":[{"@type":"ReadAction","target":["https:\/\/dicodusport.fr\/blog\/surpuissant-marco-odermatt-remporte-sa-50eme-victoire-en-carriere-sur-la-descente-de-val-gardena\/"]}]},{"@type":"ImageObject","inLanguage":"fr-FR","@id":"https:\/\/dicodusport.fr\/blog\/surpuissant-marco-odermatt-remporte-sa-50eme-victoire-en-carriere-sur-la-descente-de-val-gardena\/#primaryimage","url":"https:\/\/dicodusport.fr\/blog\/wp-content\/uploads\/2025\/12\/Surpuissant-Marco-Odermatt-remporte-sa-50eme-victoire-en-carriere-sur-la-descente-de-Val-Gardena.png","contentUrl":"https:\/\/dicodusport.fr\/blog\/wp-content\/uploads\/2025\/12\/Surpuissant-Marco-Odermatt-remporte-sa-50eme-victoire-en-carriere-sur-la-descente-de-Val-Gardena.png","width":1200,"height":674,"caption":"Surpuissant, Marco Odermatt remporte sa 50\u00e8me victoire en carri\u00e8re sur la descente de Val-Gardena"},{"@type":"BreadcrumbList","@id":"https:\/\/dicodusport.fr\/blog\/surpuissant-marco-odermatt-remporte-sa-50eme-victoire-en-carriere-sur-la-descente-de-val-gardena\/#breadcrumb","itemListElement":[{"@type":"ListItem","position":1,"name":"Accueil","item":"https:\/\/dicodusport.fr\/blog\/"},{"@type":"ListItem","position":2,"name":"Surpuissant, Marco Odermatt remporte sa 50\u00e8me victoire en carri\u00e8re sur la descente de Val Gardena"}]},{"@type":"WebSite","@id":"https:\/\/dicodusport.fr\/blog\/#website","url":"https:\/\/dicodusport.fr\/blog\/","name":"Dicodusport","description":"L&#039;encyclop\u00e9die de l&#039;actualit\u00e9 sportive","publisher":{"@id":"https:\/\/dicodusport.fr\/blog\/#organization"},"potentialAction":[{"@type":"SearchAction","target":{"@type":"EntryPoint","urlTemplate":"https:\/\/dicodusport.fr\/blog\/?s={search_term_string}"},"query-input":{"@type":"PropertyValueSpecification","valueRequired":true,"valueName":"search_term_string"}}],"inLanguage":"fr-FR"},{"@type":"NewsMediaOrganization","@id":"https:\/\/dicodusport.fr\/blog\/#organization","name":"Dicodusport","url":"https:\/\/dicodusport.fr\/blog\/","logo":{"@type":"ImageObject","inLanguage":"fr-FR","@id":"https:\/\/dicodusport.fr\/blog\/#\/schema\/logo\/image\/","url":"https:\/\/dicodusport.fr\/blog\/wp-content\/uploads\/2020\/06\/cropped-LOGO-DICODUSPORT-2020-SANS-FOND-SANS-TEXTE.png","contentUrl":"https:\/\/dicodusport.fr\/blog\/wp-content\/uploads\/2020\/06\/cropped-LOGO-DICODUSPORT-2020-SANS-FOND-SANS-TEXTE.png","width":512,"height":512,"caption":"Dicodusport"},"image":{"@id":"https:\/\/dicodusport.fr\/blog\/#\/schema\/logo\/image\/"},"sameAs":["https:\/\/www.facebook.com\/dicodusport","https:\/\/x.com\/dicodusport","https:\/\/www.instagram.com\/dicodusport\/","https:\/\/www.youtube.com\/channel\/UC7V2KZ5sd3htJivAbA4ZG3w"],"description":"Dicodusport est l'encyclop\u00e9die de l'actualit\u00e9 sportive.","email":"bonjour@dicodusport.fr","legalName":"DICODUSPORT","foundingDate":"2018-01-14","vatID":"FR71834470973","taxID":"83447097300043","numberOfEmployees":{"@type":"QuantitativeValue","minValue":"1","maxValue":"10"}},{"@type":"Person","@id":"https:\/\/dicodusport.fr\/blog\/#\/schema\/person\/627966a6cde45dbd8c5e36ac85d783da","name":"S\u00e9bastien Gente","image":{"@type":"ImageObject","inLanguage":"fr-FR","@id":"https:\/\/dicodusport.fr\/blog\/#\/schema\/person\/image\/","url":"https:\/\/dicodusport.fr\/blog\/wp-content\/uploads\/2021\/09\/1510990_10205810251400683_4124423575079401707_n-150x150.jpg","contentUrl":"https:\/\/dicodusport.fr\/blog\/wp-content\/uploads\/2021\/09\/1510990_10205810251400683_4124423575079401707_n-150x150.jpg","caption":"S\u00e9bastien Gente"},"description":"John Stockton, Gianni Bugno, Zinedine Zidane, Steffi Graf, Frode Andresen, St\u00e9phane Stoecklin, Davis Kamoga, Primoz Peterka, Werner Schlager et Aur\u00e9lien Rougerie. Point commun entre ces sportifs? Ils m'ont fait r\u00eaver et ont berc\u00e9 mon adolescence. Je suis un fondu de sports et j'essaie de retranscrire ma passion \u00e0 travers mes articles. Originaire du P\u00e9rigord, ma passion pour les Girondins, les Jaunards et les Jazzmen transpire dans mes \u00e9crits. \u00c0 Dicodusport depuis 2021, je d\u00e9niche les sports m\u00e9connus dans lesquels la France brille, et il y en a !","sameAs":["https:\/\/www.facebook.com\/sebastien.gente\/","https:\/\/www.instagram.com\/sebgente\/","https:\/\/www.linkedin.com\/in\/sbastien-gente-a29583169\/","https:\/\/x.com\/https:\/\/twitter.com\/globulo24","SebastienGente"],"worksFor":"S\u00e9bastien GENTE","url":"https:\/\/dicodusport.fr\/blog\/author\/sebastiengente\/"}]}},"_links":{"self":[{"href":"https:\/\/dicodusport.fr\/blog\/wp-json\/wp\/v2\/posts\/633085","targetHints":{"allow":["GET"]}}],"collection":[{"href":"https:\/\/dicodusport.fr\/blog\/wp-json\/wp\/v2\/posts"}],"about":[{"href":"https:\/\/dicodusport.fr\/blog\/wp-json\/wp\/v2\/types\/post"}],"author":[{"embeddable":true,"href":"https:\/\/dicodusport.fr\/blog\/wp-json\/wp\/v2\/users\/59"}],"replies":[{"embeddable":true,"href":"https:\/\/dicodusport.fr\/blog\/wp-json\/wp\/v2\/comments?post=633085"}],"version-history":[{"count":5,"href":"https:\/\/dicodusport.fr\/blog\/wp-json\/wp\/v2\/posts\/633085\/revisions"}],"predecessor-version":[{"id":633191,"href":"https:\/\/dicodusport.fr\/blog\/wp-json\/wp\/v2\/posts\/633085\/revisions\/633191"}],"wp:featuredmedia":[{"embeddable":true,"href":"https:\/\/dicodusport.fr\/blog\/wp-json\/wp\/v2\/media\/633126"}],"wp:attachment":[{"href":"https:\/\/dicodusport.fr\/blog\/wp-json\/wp\/v2\/media?parent=633085"}],"wp:term":[{"taxonomy":"category","embeddable":true,"href":"https:\/\/dicodusport.fr\/blog\/wp-json\/wp\/v2\/categories?post=633085"},{"taxonomy":"post_tag","embeddable":true,"href":"https:\/\/dicodusport.fr\/blog\/wp-json\/wp\/v2\/tags?post=633085"}],"curies":[{"name":"wp","href":"https:\/\/api.w.org\/{rel}","templated":true}]}}