{"id":633278,"date":"2025-12-19T10:26:02","date_gmt":"2025-12-19T09:26:02","guid":{"rendered":"https:\/\/dicodusport.fr\/blog\/?p=633278&#038;preview=true&#038;preview_id=633278"},"modified":"2025-12-19T19:43:12","modified_gmt":"2025-12-19T18:43:12","slug":"stade-toulousain-lavenir-de-matthis-lebel-un-dossier-qui-avance","status":"publish","type":"post","link":"https:\/\/dicodusport.fr\/blog\/stade-toulousain-lavenir-de-matthis-lebel-un-dossier-qui-avance\/","title":{"rendered":"Stade Toulousain : l\u2019avenir de Matthis Lebel, un dossier qui avance"},"content":{"rendered":"<p style=\"text-align: justify;\"><strong><em>TRANSFERTS RUGBY &#8211; Selon le Midi Olympique, Matthis Lebel pourrait prolonger avec son club actuel, le Stade Toulousain.<\/em><\/strong><\/p>\n<ul>\n<li style=\"text-align: justify;\"><strong>\u00c0 ce sujet &#8211; <a href=\"https:\/\/dicodusport.fr\/blog\/transferts-stade-toulousain-2026-recrues-departs-et-prolongations\/\">Transferts Stade Toulousain 2026 : Recrues, d\u00e9parts et prolongations<\/a><\/strong><\/li>\n<\/ul>\n<p style=\"text-align: justify;\"><strong>Matthis Lebel<\/strong> vers une prolongation au <strong>Stade Toulousain<\/strong> ? L\u2019ailier de 26 ans, tr\u00e8s convoit\u00e9 par plusieurs clubs de <strong>Top 14<\/strong>, pourrait finalement poursuivre l\u2019aventure au sein de son club formateur. <a href=\"https:\/\/dicodusport.fr\/blog\/matthis-lebel-a-le-choix-un-cador-du-top-14-veut-lailier-du-stade-toulousain\/\">Convoit\u00e9 notamment par le RC Toulon<\/a>, son avenir semble d\u00e9sormais s\u2019\u00e9claircir du c\u00f4t\u00e9 de la Ville rose. Selon les informations de nos confr\u00e8res du <a href=\"https:\/\/www.rugbyrama.fr\/2025\/12\/18\/transferts-top-14-toulon-attend-taccola-et-reste-a-laffut-pour-dimitri-delibes-qui-na-pas-encore-arrete-son-choix-13118770.php?fbclid=IwY2xjawOx7-dleHRuA2FlbQIxMABicmlkETBnaFBUV3ZlRXVMMldBQlBXc3J0YwZhcHBfaWQQMjIyMDM5MTc4ODIwMDg5MgABHrkQrFSM3kQUULArfuECMy-W3b4pccdrLgOYg10-m5wZnEieCAP23-o24GJy_aem_IbXE8AlVwuBEfmjgF6aXIQ\"><em>Midi Olympique<\/em><\/a>, un accord entre les deux parties serait m\u00eame proche d\u2019aboutir.<\/p>\n<h2>Matthis Lebel, meilleur marqueur d\u2019essais en Top 14 cette saison<\/h2>\n<p style=\"text-align: justify;\">Auteur d\u2019un excellent d\u00e9but de saison sous les couleurs toulousaines, <strong>Matthis Lebel<\/strong> a d\u00e9j\u00e0 inscrit <strong>8 essais en 9 matchs de Top 14<\/strong> disput\u00e9s. Il figure ainsi en t\u00eate du classement des meilleurs marqueurs, avec une r\u00e9alisation d\u2019avance sur <strong>Louis Bielle-Biarrey<\/strong> et <strong>Jiuta Wainiqolo<\/strong>, dont trois doubl\u00e9s face \u00e0 <strong>Castres<\/strong>, <strong>Montauban<\/strong> et le <strong>Racing 92<\/strong>.<\/p>\n<ul>\n<li style=\"text-align: justify;\"><strong>\u00c0 ce sujet &#8211; <a href=\"https:\/\/dicodusport.fr\/blog\/toulouse-toulon-ou-bayonne-ou-jouera-dimitri-delibes-la-saison-prochaine\/\">Toulouse, Toulon ou Bayonne : o\u00f9 jouera Dimitri Delibes la saison prochaine ?<\/a>\u00a0<\/strong><\/li>\n<\/ul>\n<p style=\"text-align: justify;\">Lanc\u00e9 en <strong>Top 14<\/strong> lors de la saison <strong>2018-2019<\/strong>, \u00e0 seulement 19 ans, l\u2019ailier a progressivement franchi les paliers pour s\u2019imposer comme un \u00e9l\u00e9ment majeur du <strong>Stade Toulousain<\/strong>. Et ce, malgr\u00e9 une concurrence f\u00e9roce au sein de l\u2019un des meilleurs clubs europ\u00e9ens. Des performances de haut niveau qui expliquent naturellement l\u2019int\u00e9r\u00eat suscit\u00e9 par son profil sur le march\u00e9.<\/p>\n<ul>\n<li style=\"text-align: justify;\"><strong>\u00c0 ce sujet &#8211; <a href=\"https:\/\/dicodusport.fr\/blog\/transferts-rugby-dimitri-delibes-matthis-lebel-robin-taccola-les-infos-du-vendredi-19-decembre\/\">Transferts Rugby : Dimitri Delibes, Matthis Lebel, Robin Taccola, les infos du vendredi 19 d\u00e9cembre<\/a><\/strong><\/li>\n<\/ul>\n<h3 style=\"text-align: justify;\">Dicodusport vous conseille<\/h3>\n<ul>\n<li style=\"text-align: justify;\"><a href=\"https:\/\/dicodusport.fr\/blog\/sondage-que-pensez-vous-de-la-sanction-infligee-au-stade-toulousain\/\"><strong>Sondage : Que pensez-vous de la sanction inflig\u00e9e au Stade Toulousain ?<\/strong><\/a><\/li>\n<li style=\"text-align: justify;\"><strong><a href=\"https:\/\/dicodusport.fr\/blog\/edito-le-stade-toulousain-mon-club-de-coeur-et-pourtant-difficile-de-fermer-les-yeux-sur-ce-hors-jeu-financier\/\">\u00c9dito : Le Stade Toulousain, mon club de c\u0153ur\u2026 et pourtant, difficile de fermer les yeux sur ce hors-jeu financier<\/a><\/strong><\/li>\n<\/ul>\n<p>&nbsp;<\/p>\n","protected":false},"excerpt":{"rendered":"<p>Selon le Midi Olympique, Matthis Lebel pourrait prolonger avec son club actuel, le Stade Toulousain.<\/p>\n","protected":false},"author":83,"featured_media":633282,"comment_status":"open","ping_status":"closed","sticky":false,"template":"","format":"standard","meta":{"_acf_changed":false,"_daextam_enable_autolinks":"1","footnotes":""},"categories":[47050],"tags":[16878,9397,4008,29105],"class_list":["post-633278","post","type-post","status-publish","format-standard","has-post-thumbnail","hentry","category-top-14","tag-breve","tag-matthis-lebel","tag-stade-toulousain","tag-transferts-rugby"],"acf":[],"yoast_head":"<!-- This site is optimized with the Yoast SEO Premium plugin v26.7 (Yoast SEO v26.7) - https:\/\/yoast.com\/wordpress\/plugins\/seo\/ -->\n<title>Stade Toulousain : l\u2019avenir de Matthis Lebel, un dossier qui avance<\/title>\n<meta name=\"description\" content=\"Selon le Midi Olympique, le trois-quarts Matthis Lebel pourrait prolonger avec son club actuel, le Stade Toulousain.\" \/>\n<meta name=\"robots\" content=\"index, follow, max-snippet:-1, max-image-preview:large, max-video-preview:-1\" \/>\n<link rel=\"canonical\" href=\"https:\/\/dicodusport.fr\/blog\/stade-toulousain-lavenir-de-matthis-lebel-un-dossier-qui-avance\/\" \/>\n<meta property=\"og:locale\" content=\"fr_FR\" \/>\n<meta property=\"og:type\" content=\"article\" \/>\n<meta property=\"og:title\" content=\"Stade Toulousain : l\u2019avenir de Matthis Lebel, un dossier qui avance\" \/>\n<meta property=\"og:description\" content=\"Selon le Midi Olympique, le trois-quarts Matthis Lebel pourrait prolonger avec son club actuel, le Stade Toulousain.\" \/>\n<meta property=\"og:url\" content=\"https:\/\/dicodusport.fr\/blog\/stade-toulousain-lavenir-de-matthis-lebel-un-dossier-qui-avance\/\" \/>\n<meta property=\"og:site_name\" content=\"Dicodusport\" \/>\n<meta property=\"article:publisher\" content=\"https:\/\/www.facebook.com\/dicodusport\" \/>\n<meta property=\"article:published_time\" content=\"2025-12-19T09:26:02+00:00\" \/>\n<meta property=\"article:modified_time\" content=\"2025-12-19T18:43:12+00:00\" \/>\n<meta property=\"og:image\" content=\"https:\/\/dicodusport.fr\/blog\/wp-content\/uploads\/2025\/12\/Stade-Toulousain-lavenir-de-Matthis-Lebel-un-dossier-qui-avance.png\" \/>\n\t<meta property=\"og:image:width\" content=\"1200\" \/>\n\t<meta property=\"og:image:height\" content=\"674\" \/>\n\t<meta property=\"og:image:type\" content=\"image\/png\" \/>\n<meta name=\"author\" content=\"Etienne Goursaud\" \/>\n<meta name=\"twitter:card\" content=\"summary_large_image\" \/>\n<meta name=\"twitter:title\" content=\"Stade Toulousain : l\u2019avenir de Matthis Lebel, un dossier qui avance\" \/>\n<meta name=\"twitter:creator\" content=\"@dicodusport\" \/>\n<meta name=\"twitter:site\" content=\"@dicodusport\" \/>\n<script type=\"application\/ld+json\" class=\"yoast-schema-graph\">{\"@context\":\"https:\/\/schema.org\",\"@graph\":[{\"@type\":\"NewsArticle\",\"@id\":\"https:\/\/dicodusport.fr\/blog\/stade-toulousain-lavenir-de-matthis-lebel-un-dossier-qui-avance\/#article\",\"isPartOf\":{\"@id\":\"https:\/\/dicodusport.fr\/blog\/stade-toulousain-lavenir-de-matthis-lebel-un-dossier-qui-avance\/\"},\"author\":{\"name\":\"Etienne Goursaud\",\"@id\":\"https:\/\/dicodusport.fr\/blog\/#\/schema\/person\/d603dd7da31fb2b46c82b9835a77ec13\"},\"headline\":\"Stade Toulousain : l\u2019avenir de Matthis Lebel, un dossier qui avance\",\"datePublished\":\"2025-12-19T09:26:02+00:00\",\"dateModified\":\"2025-12-19T18:43:12+00:00\",\"mainEntityOfPage\":{\"@id\":\"https:\/\/dicodusport.fr\/blog\/stade-toulousain-lavenir-de-matthis-lebel-un-dossier-qui-avance\/\"},\"wordCount\":311,\"commentCount\":0,\"publisher\":{\"@id\":\"https:\/\/dicodusport.fr\/blog\/#organization\"},\"image\":{\"@id\":\"https:\/\/dicodusport.fr\/blog\/stade-toulousain-lavenir-de-matthis-lebel-un-dossier-qui-avance\/#primaryimage\"},\"thumbnailUrl\":\"https:\/\/dicodusport.fr\/blog\/wp-content\/uploads\/2025\/12\/Stade-Toulousain-lavenir-de-Matthis-Lebel-un-dossier-qui-avance.png\",\"keywords\":[\"br\u00e8ve\",\"Matthis Lebel\",\"Stade Toulousain\",\"Transferts rugby\"],\"articleSection\":[\"Top 14\"],\"inLanguage\":\"fr-FR\",\"potentialAction\":[{\"@type\":\"CommentAction\",\"name\":\"Comment\",\"target\":[\"https:\/\/dicodusport.fr\/blog\/stade-toulousain-lavenir-de-matthis-lebel-un-dossier-qui-avance\/#respond\"]}],\"copyrightYear\":\"2025\",\"copyrightHolder\":{\"@id\":\"https:\/\/dicodusport.fr\/blog\/#organization\"}},{\"@type\":\"WebPage\",\"@id\":\"https:\/\/dicodusport.fr\/blog\/stade-toulousain-lavenir-de-matthis-lebel-un-dossier-qui-avance\/\",\"url\":\"https:\/\/dicodusport.fr\/blog\/stade-toulousain-lavenir-de-matthis-lebel-un-dossier-qui-avance\/\",\"name\":\"Stade Toulousain : l\u2019avenir de Matthis Lebel, un dossier qui avance\",\"isPartOf\":{\"@id\":\"https:\/\/dicodusport.fr\/blog\/#website\"},\"primaryImageOfPage\":{\"@id\":\"https:\/\/dicodusport.fr\/blog\/stade-toulousain-lavenir-de-matthis-lebel-un-dossier-qui-avance\/#primaryimage\"},\"image\":{\"@id\":\"https:\/\/dicodusport.fr\/blog\/stade-toulousain-lavenir-de-matthis-lebel-un-dossier-qui-avance\/#primaryimage\"},\"thumbnailUrl\":\"https:\/\/dicodusport.fr\/blog\/wp-content\/uploads\/2025\/12\/Stade-Toulousain-lavenir-de-Matthis-Lebel-un-dossier-qui-avance.png\",\"datePublished\":\"2025-12-19T09:26:02+00:00\",\"dateModified\":\"2025-12-19T18:43:12+00:00\",\"description\":\"Selon le Midi Olympique, le trois-quarts Matthis Lebel pourrait prolonger avec son club actuel, le Stade Toulousain.\",\"breadcrumb\":{\"@id\":\"https:\/\/dicodusport.fr\/blog\/stade-toulousain-lavenir-de-matthis-lebel-un-dossier-qui-avance\/#breadcrumb\"},\"inLanguage\":\"fr-FR\",\"potentialAction\":[{\"@type\":\"ReadAction\",\"target\":[\"https:\/\/dicodusport.fr\/blog\/stade-toulousain-lavenir-de-matthis-lebel-un-dossier-qui-avance\/\"]}]},{\"@type\":\"ImageObject\",\"inLanguage\":\"fr-FR\",\"@id\":\"https:\/\/dicodusport.fr\/blog\/stade-toulousain-lavenir-de-matthis-lebel-un-dossier-qui-avance\/#primaryimage\",\"url\":\"https:\/\/dicodusport.fr\/blog\/wp-content\/uploads\/2025\/12\/Stade-Toulousain-lavenir-de-Matthis-Lebel-un-dossier-qui-avance.png\",\"contentUrl\":\"https:\/\/dicodusport.fr\/blog\/wp-content\/uploads\/2025\/12\/Stade-Toulousain-lavenir-de-Matthis-Lebel-un-dossier-qui-avance.png\",\"width\":1200,\"height\":674,\"caption\":\"Stade Toulousain : l\u2019avenir de Matthis Lebel, un dossier qui avance\"},{\"@type\":\"BreadcrumbList\",\"@id\":\"https:\/\/dicodusport.fr\/blog\/stade-toulousain-lavenir-de-matthis-lebel-un-dossier-qui-avance\/#breadcrumb\",\"itemListElement\":[{\"@type\":\"ListItem\",\"position\":1,\"name\":\"Accueil\",\"item\":\"https:\/\/dicodusport.fr\/blog\/\"},{\"@type\":\"ListItem\",\"position\":2,\"name\":\"Stade Toulousain : l\u2019avenir de Matthis Lebel, un dossier qui avance\"}]},{\"@type\":\"WebSite\",\"@id\":\"https:\/\/dicodusport.fr\/blog\/#website\",\"url\":\"https:\/\/dicodusport.fr\/blog\/\",\"name\":\"Dicodusport\",\"description\":\"L&#039;encyclop\u00e9die de l&#039;actualit\u00e9 sportive\",\"publisher\":{\"@id\":\"https:\/\/dicodusport.fr\/blog\/#organization\"},\"potentialAction\":[{\"@type\":\"SearchAction\",\"target\":{\"@type\":\"EntryPoint\",\"urlTemplate\":\"https:\/\/dicodusport.fr\/blog\/?s={search_term_string}\"},\"query-input\":{\"@type\":\"PropertyValueSpecification\",\"valueRequired\":true,\"valueName\":\"search_term_string\"}}],\"inLanguage\":\"fr-FR\"},{\"@type\":\"NewsMediaOrganization\",\"@id\":\"https:\/\/dicodusport.fr\/blog\/#organization\",\"name\":\"Dicodusport\",\"url\":\"https:\/\/dicodusport.fr\/blog\/\",\"logo\":{\"@type\":\"ImageObject\",\"inLanguage\":\"fr-FR\",\"@id\":\"https:\/\/dicodusport.fr\/blog\/#\/schema\/logo\/image\/\",\"url\":\"https:\/\/dicodusport.fr\/blog\/wp-content\/uploads\/2020\/06\/cropped-LOGO-DICODUSPORT-2020-SANS-FOND-SANS-TEXTE.png\",\"contentUrl\":\"https:\/\/dicodusport.fr\/blog\/wp-content\/uploads\/2020\/06\/cropped-LOGO-DICODUSPORT-2020-SANS-FOND-SANS-TEXTE.png\",\"width\":512,\"height\":512,\"caption\":\"Dicodusport\"},\"image\":{\"@id\":\"https:\/\/dicodusport.fr\/blog\/#\/schema\/logo\/image\/\"},\"sameAs\":[\"https:\/\/www.facebook.com\/dicodusport\",\"https:\/\/x.com\/dicodusport\",\"https:\/\/www.instagram.com\/dicodusport\/\",\"https:\/\/www.youtube.com\/channel\/UC7V2KZ5sd3htJivAbA4ZG3w\"],\"description\":\"Dicodusport est l'encyclop\u00e9die de l'actualit\u00e9 sportive.\",\"email\":\"bonjour@dicodusport.fr\",\"legalName\":\"DICODUSPORT\",\"foundingDate\":\"2018-01-14\",\"vatID\":\"FR71834470973\",\"taxID\":\"83447097300043\",\"numberOfEmployees\":{\"@type\":\"QuantitativeValue\",\"minValue\":\"1\",\"maxValue\":\"10\"}},{\"@type\":\"Person\",\"@id\":\"https:\/\/dicodusport.fr\/blog\/#\/schema\/person\/d603dd7da31fb2b46c82b9835a77ec13\",\"name\":\"Etienne Goursaud\",\"image\":{\"@type\":\"ImageObject\",\"inLanguage\":\"fr-FR\",\"@id\":\"https:\/\/dicodusport.fr\/blog\/#\/schema\/person\/image\/\",\"url\":\"https:\/\/dicodusport.fr\/blog\/wp-content\/uploads\/2023\/12\/410122264_10231602061736049_5565839791558026645_n-150x150.jpg\",\"contentUrl\":\"https:\/\/dicodusport.fr\/blog\/wp-content\/uploads\/2023\/12\/410122264_10231602061736049_5565839791558026645_n-150x150.jpg\",\"caption\":\"Etienne Goursaud\"},\"description\":\"Journaliste et amoureux de sport. Ancien footballeur reconverti athl\u00e8te quand ses muscles le laissent tranquille. \u00c9lev\u00e9 \u00e0 la sauce des exploits de Thomas Voeckler en 2004, du dernier essai de l\u00e9gende de Eunice Barber \u00e0 la longueur lors des championnats du monde d'athl\u00e9tisme de 2003 mais aussi Zidane, Omeyer et Titou Lamaison.\",\"url\":\"https:\/\/dicodusport.fr\/blog\/author\/etienne-goursaud\/\"}]}<\/script>\n<!-- \/ Yoast SEO Premium plugin. -->","yoast_head_json":{"title":"Stade Toulousain : l\u2019avenir de Matthis Lebel, un dossier qui avance","description":"Selon le Midi Olympique, le trois-quarts Matthis Lebel pourrait prolonger avec son club actuel, le Stade Toulousain.","robots":{"index":"index","follow":"follow","max-snippet":"max-snippet:-1","max-image-preview":"max-image-preview:large","max-video-preview":"max-video-preview:-1"},"canonical":"https:\/\/dicodusport.fr\/blog\/stade-toulousain-lavenir-de-matthis-lebel-un-dossier-qui-avance\/","og_locale":"fr_FR","og_type":"article","og_title":"Stade Toulousain : l\u2019avenir de Matthis Lebel, un dossier qui avance","og_description":"Selon le Midi Olympique, le trois-quarts Matthis Lebel pourrait prolonger avec son club actuel, le Stade Toulousain.","og_url":"https:\/\/dicodusport.fr\/blog\/stade-toulousain-lavenir-de-matthis-lebel-un-dossier-qui-avance\/","og_site_name":"Dicodusport","article_publisher":"https:\/\/www.facebook.com\/dicodusport","article_published_time":"2025-12-19T09:26:02+00:00","article_modified_time":"2025-12-19T18:43:12+00:00","og_image":[{"width":1200,"height":674,"url":"https:\/\/dicodusport.fr\/blog\/wp-content\/uploads\/2025\/12\/Stade-Toulousain-lavenir-de-Matthis-Lebel-un-dossier-qui-avance.png","type":"image\/png"}],"author":"Etienne Goursaud","twitter_card":"summary_large_image","twitter_title":"Stade Toulousain : l\u2019avenir de Matthis Lebel, un dossier qui avance","twitter_creator":"@dicodusport","twitter_site":"@dicodusport","schema":{"@context":"https:\/\/schema.org","@graph":[{"@type":"NewsArticle","@id":"https:\/\/dicodusport.fr\/blog\/stade-toulousain-lavenir-de-matthis-lebel-un-dossier-qui-avance\/#article","isPartOf":{"@id":"https:\/\/dicodusport.fr\/blog\/stade-toulousain-lavenir-de-matthis-lebel-un-dossier-qui-avance\/"},"author":{"name":"Etienne Goursaud","@id":"https:\/\/dicodusport.fr\/blog\/#\/schema\/person\/d603dd7da31fb2b46c82b9835a77ec13"},"headline":"Stade Toulousain : l\u2019avenir de Matthis Lebel, un dossier qui avance","datePublished":"2025-12-19T09:26:02+00:00","dateModified":"2025-12-19T18:43:12+00:00","mainEntityOfPage":{"@id":"https:\/\/dicodusport.fr\/blog\/stade-toulousain-lavenir-de-matthis-lebel-un-dossier-qui-avance\/"},"wordCount":311,"commentCount":0,"publisher":{"@id":"https:\/\/dicodusport.fr\/blog\/#organization"},"image":{"@id":"https:\/\/dicodusport.fr\/blog\/stade-toulousain-lavenir-de-matthis-lebel-un-dossier-qui-avance\/#primaryimage"},"thumbnailUrl":"https:\/\/dicodusport.fr\/blog\/wp-content\/uploads\/2025\/12\/Stade-Toulousain-lavenir-de-Matthis-Lebel-un-dossier-qui-avance.png","keywords":["br\u00e8ve","Matthis Lebel","Stade Toulousain","Transferts rugby"],"articleSection":["Top 14"],"inLanguage":"fr-FR","potentialAction":[{"@type":"CommentAction","name":"Comment","target":["https:\/\/dicodusport.fr\/blog\/stade-toulousain-lavenir-de-matthis-lebel-un-dossier-qui-avance\/#respond"]}],"copyrightYear":"2025","copyrightHolder":{"@id":"https:\/\/dicodusport.fr\/blog\/#organization"}},{"@type":"WebPage","@id":"https:\/\/dicodusport.fr\/blog\/stade-toulousain-lavenir-de-matthis-lebel-un-dossier-qui-avance\/","url":"https:\/\/dicodusport.fr\/blog\/stade-toulousain-lavenir-de-matthis-lebel-un-dossier-qui-avance\/","name":"Stade Toulousain : l\u2019avenir de Matthis Lebel, un dossier qui avance","isPartOf":{"@id":"https:\/\/dicodusport.fr\/blog\/#website"},"primaryImageOfPage":{"@id":"https:\/\/dicodusport.fr\/blog\/stade-toulousain-lavenir-de-matthis-lebel-un-dossier-qui-avance\/#primaryimage"},"image":{"@id":"https:\/\/dicodusport.fr\/blog\/stade-toulousain-lavenir-de-matthis-lebel-un-dossier-qui-avance\/#primaryimage"},"thumbnailUrl":"https:\/\/dicodusport.fr\/blog\/wp-content\/uploads\/2025\/12\/Stade-Toulousain-lavenir-de-Matthis-Lebel-un-dossier-qui-avance.png","datePublished":"2025-12-19T09:26:02+00:00","dateModified":"2025-12-19T18:43:12+00:00","description":"Selon le Midi Olympique, le trois-quarts Matthis Lebel pourrait prolonger avec son club actuel, le Stade Toulousain.","breadcrumb":{"@id":"https:\/\/dicodusport.fr\/blog\/stade-toulousain-lavenir-de-matthis-lebel-un-dossier-qui-avance\/#breadcrumb"},"inLanguage":"fr-FR","potentialAction":[{"@type":"ReadAction","target":["https:\/\/dicodusport.fr\/blog\/stade-toulousain-lavenir-de-matthis-lebel-un-dossier-qui-avance\/"]}]},{"@type":"ImageObject","inLanguage":"fr-FR","@id":"https:\/\/dicodusport.fr\/blog\/stade-toulousain-lavenir-de-matthis-lebel-un-dossier-qui-avance\/#primaryimage","url":"https:\/\/dicodusport.fr\/blog\/wp-content\/uploads\/2025\/12\/Stade-Toulousain-lavenir-de-Matthis-Lebel-un-dossier-qui-avance.png","contentUrl":"https:\/\/dicodusport.fr\/blog\/wp-content\/uploads\/2025\/12\/Stade-Toulousain-lavenir-de-Matthis-Lebel-un-dossier-qui-avance.png","width":1200,"height":674,"caption":"Stade Toulousain : l\u2019avenir de Matthis Lebel, un dossier qui avance"},{"@type":"BreadcrumbList","@id":"https:\/\/dicodusport.fr\/blog\/stade-toulousain-lavenir-de-matthis-lebel-un-dossier-qui-avance\/#breadcrumb","itemListElement":[{"@type":"ListItem","position":1,"name":"Accueil","item":"https:\/\/dicodusport.fr\/blog\/"},{"@type":"ListItem","position":2,"name":"Stade Toulousain : l\u2019avenir de Matthis Lebel, un dossier qui avance"}]},{"@type":"WebSite","@id":"https:\/\/dicodusport.fr\/blog\/#website","url":"https:\/\/dicodusport.fr\/blog\/","name":"Dicodusport","description":"L&#039;encyclop\u00e9die de l&#039;actualit\u00e9 sportive","publisher":{"@id":"https:\/\/dicodusport.fr\/blog\/#organization"},"potentialAction":[{"@type":"SearchAction","target":{"@type":"EntryPoint","urlTemplate":"https:\/\/dicodusport.fr\/blog\/?s={search_term_string}"},"query-input":{"@type":"PropertyValueSpecification","valueRequired":true,"valueName":"search_term_string"}}],"inLanguage":"fr-FR"},{"@type":"NewsMediaOrganization","@id":"https:\/\/dicodusport.fr\/blog\/#organization","name":"Dicodusport","url":"https:\/\/dicodusport.fr\/blog\/","logo":{"@type":"ImageObject","inLanguage":"fr-FR","@id":"https:\/\/dicodusport.fr\/blog\/#\/schema\/logo\/image\/","url":"https:\/\/dicodusport.fr\/blog\/wp-content\/uploads\/2020\/06\/cropped-LOGO-DICODUSPORT-2020-SANS-FOND-SANS-TEXTE.png","contentUrl":"https:\/\/dicodusport.fr\/blog\/wp-content\/uploads\/2020\/06\/cropped-LOGO-DICODUSPORT-2020-SANS-FOND-SANS-TEXTE.png","width":512,"height":512,"caption":"Dicodusport"},"image":{"@id":"https:\/\/dicodusport.fr\/blog\/#\/schema\/logo\/image\/"},"sameAs":["https:\/\/www.facebook.com\/dicodusport","https:\/\/x.com\/dicodusport","https:\/\/www.instagram.com\/dicodusport\/","https:\/\/www.youtube.com\/channel\/UC7V2KZ5sd3htJivAbA4ZG3w"],"description":"Dicodusport est l'encyclop\u00e9die de l'actualit\u00e9 sportive.","email":"bonjour@dicodusport.fr","legalName":"DICODUSPORT","foundingDate":"2018-01-14","vatID":"FR71834470973","taxID":"83447097300043","numberOfEmployees":{"@type":"QuantitativeValue","minValue":"1","maxValue":"10"}},{"@type":"Person","@id":"https:\/\/dicodusport.fr\/blog\/#\/schema\/person\/d603dd7da31fb2b46c82b9835a77ec13","name":"Etienne Goursaud","image":{"@type":"ImageObject","inLanguage":"fr-FR","@id":"https:\/\/dicodusport.fr\/blog\/#\/schema\/person\/image\/","url":"https:\/\/dicodusport.fr\/blog\/wp-content\/uploads\/2023\/12\/410122264_10231602061736049_5565839791558026645_n-150x150.jpg","contentUrl":"https:\/\/dicodusport.fr\/blog\/wp-content\/uploads\/2023\/12\/410122264_10231602061736049_5565839791558026645_n-150x150.jpg","caption":"Etienne Goursaud"},"description":"Journaliste et amoureux de sport. Ancien footballeur reconverti athl\u00e8te quand ses muscles le laissent tranquille. \u00c9lev\u00e9 \u00e0 la sauce des exploits de Thomas Voeckler en 2004, du dernier essai de l\u00e9gende de Eunice Barber \u00e0 la longueur lors des championnats du monde d'athl\u00e9tisme de 2003 mais aussi Zidane, Omeyer et Titou Lamaison.","url":"https:\/\/dicodusport.fr\/blog\/author\/etienne-goursaud\/"}]}},"_links":{"self":[{"href":"https:\/\/dicodusport.fr\/blog\/wp-json\/wp\/v2\/posts\/633278","targetHints":{"allow":["GET"]}}],"collection":[{"href":"https:\/\/dicodusport.fr\/blog\/wp-json\/wp\/v2\/posts"}],"about":[{"href":"https:\/\/dicodusport.fr\/blog\/wp-json\/wp\/v2\/types\/post"}],"author":[{"embeddable":true,"href":"https:\/\/dicodusport.fr\/blog\/wp-json\/wp\/v2\/users\/83"}],"replies":[{"embeddable":true,"href":"https:\/\/dicodusport.fr\/blog\/wp-json\/wp\/v2\/comments?post=633278"}],"version-history":[{"count":4,"href":"https:\/\/dicodusport.fr\/blog\/wp-json\/wp\/v2\/posts\/633278\/revisions"}],"predecessor-version":[{"id":633443,"href":"https:\/\/dicodusport.fr\/blog\/wp-json\/wp\/v2\/posts\/633278\/revisions\/633443"}],"wp:featuredmedia":[{"embeddable":true,"href":"https:\/\/dicodusport.fr\/blog\/wp-json\/wp\/v2\/media\/633282"}],"wp:attachment":[{"href":"https:\/\/dicodusport.fr\/blog\/wp-json\/wp\/v2\/media?parent=633278"}],"wp:term":[{"taxonomy":"category","embeddable":true,"href":"https:\/\/dicodusport.fr\/blog\/wp-json\/wp\/v2\/categories?post=633278"},{"taxonomy":"post_tag","embeddable":true,"href":"https:\/\/dicodusport.fr\/blog\/wp-json\/wp\/v2\/tags?post=633278"}],"curies":[{"name":"wp","href":"https:\/\/api.w.org\/{rel}","templated":true}]}}