{"id":633316,"date":"2025-12-19T13:20:22","date_gmt":"2025-12-19T12:20:22","guid":{"rendered":"https:\/\/dicodusport.fr\/blog\/?p=633316&#038;preview=true&#038;preview_id=633316"},"modified":"2025-12-19T13:59:23","modified_gmt":"2025-12-19T12:59:23","slug":"historique-jan-zabystran-vainqueur-du-super-g-de-val-gardena-devant-marco-odermatt","status":"publish","type":"post","link":"https:\/\/dicodusport.fr\/blog\/historique-jan-zabystran-vainqueur-du-super-g-de-val-gardena-devant-marco-odermatt\/","title":{"rendered":"Historique Jan Zabystran, vainqueur du Super-G de Val Gardena devant Marco Odermatt"},"content":{"rendered":"<p style=\"text-align: justify;\"><em><strong>COUPE DU MONDE DE SKI ALPIN 2025\/2026 &#8211; Incroyable Jan Zabystran ! Le Tch\u00e8que a surpris tout le monde et notamment Marco Odermatt pour s\u2019imposer sur le Super-G italien.<\/strong><\/em><\/p>\n<ul style=\"text-align: justify;\">\n<li><strong>\u00c0 ce sujet \u2014\u00a0<a href=\"https:\/\/dicodusport.fr\/blog\/ski-alpin-coupe-du-monde-2025-2026-le-calendrier-complet\/\">Ski alpin Coupe du monde 2025-2026 \u2013 Le calendrier complet<\/a><\/strong><\/li>\n<\/ul>\n<p style=\"text-align: justify;\"><strong>Marco Odermatt<\/strong> a bien cru tenir sa 6<sup>\u00e8me<\/sup> victoire cet hiver et <strong>Nils All\u00e8gre<\/strong> un premier podium cette saison. C\u2019\u00e9tait sans compter l\u2019\u00e9norme performance de <strong>Jan Zabystran<\/strong>. Le Tch\u00e8que a rel\u00e9gu\u00e9 le Suisse au deuxi\u00e8me rang et le Fran\u00e7ais au pied de la bo\u00eete au terme d\u2019un Super-G un peu fou mais surtout historique.<\/p>\n<ul>\n<li><strong>\u00c0 ce sujet &#8211; <a href=\"https:\/\/dicodusport.fr\/blog\/super-g-hommes-val-gardena-2025-classement-et-resultats\/\">Classement et r\u00e9sultats Super-G hommes Val Gardena<\/a><\/strong><\/li>\n<\/ul>\n<h2 style=\"text-align: justify;\">Marco Odermatt plante le d\u00e9cor<\/h2>\n<p style=\"text-align: justify;\">La prudence avait raison du premier dossard. <strong>James Crawford<\/strong> laissait vite le lead et celui-ci allait changer de mains trois fois encore pour atterrir dans celles de <strong>Marco Odermatt<\/strong>. Ce dernier ne le l\u00e2chera plus. Tr\u00e8s engag\u00e9, parfois \u00e0 la limite, le Suisse imprimait un rythme effr\u00e9n\u00e9, affichant du vert \u00e0 chaque interm\u00e9diaire. Des prises de risque payantes puisqu\u2019il coupait la ligne en 1\u00a0:25.08 avec plus d\u2019une seconde d\u2019avance sur son compatriote <strong>Justin Murisier<\/strong>.<\/p>\n<p style=\"text-align: justify;\">Dans le portillon de d\u00e9part, il n\u2019y avait pas de calcul \u00e0 faire pour les partants suivants. Il fallait rester au contact sur le haut du trac\u00e9 afin de b\u00e9n\u00e9ficier d\u2019une l\u00e9g\u00e8re embellie sur le bas. C\u2019est ce que parvenait \u00e0 faire l\u2019Italien <strong>Giovanni Franzoni<\/strong> avec plus de 3 dixi\u00e8mes repris en fin de course. Mais il manquait encore 15 petits centi\u00e8mes au moment de couper la ligne pour devancer le leader. Comptez-en 22 seulement pour un <strong>Nils All\u00e8gre<\/strong> tr\u00e8s engag\u00e9, qui grignotait aussi sur les derniers m\u00e8tres mais pas suffisamment pour supplanter <strong>Odermatt<\/strong>.<\/p>\n<blockquote class=\"twitter-tweet\">\n<p dir=\"ltr\" lang=\"fr\">Marco Odermatt est trop fort ! Une prise de risques maximale r\u00e9compens\u00e9e et le Suisse \u00e9crase le Super-G de Val Gardena <a href=\"https:\/\/twitter.com\/hashtag\/ChaletClub?src=hash&amp;ref_src=twsrc%5Etfw\">#ChaletClub<\/a> <a href=\"https:\/\/t.co\/JXLpQSxJJ9\">pic.twitter.com\/JXLpQSxJJ9<\/a><\/p>\n<p>\u2014 Eurosport France (@Eurosport_FR) <a href=\"https:\/\/twitter.com\/Eurosport_FR\/status\/2001972797464056231?ref_src=twsrc%5Etfw\">December 19, 2025<\/a><\/p><\/blockquote>\n<p><script async src=\"https:\/\/platform.twitter.com\/widgets.js\" charset=\"utf-8\"><\/script><\/p>\n<h2 style=\"text-align: justify;\">Historique Jan Zabystran, Nils All\u00e8gre encore 4<sup>\u00e8me<\/sup><\/h2>\n<p style=\"text-align: justify;\">Parti pour effacer <a href=\"https:\/\/dicodusport.fr\/blog\/surpuissant-marco-odermatt-remporte-sa-50eme-victoire-en-carriere-sur-la-descente-de-val-gardena\/\">la d\u00e9ception de la descente de la veille<\/a>, o\u00f9 il avait \u00e9chou\u00e9 \u00e0 4 centi\u00e8mes du podium, le Fran\u00e7ais voyait pourtant l\u2019histoire se r\u00e9p\u00e9ter. Pour 7 centi\u00e8mes cette fois. Une vingtaine de dossards apr\u00e8s Odermatt, alors toujours leader provisoire, <strong>Jan Zabystran <\/strong>tenait la drag\u00e9e haute au Suisse au d\u00e9part puis dans le Ciaslat, l\u00e0 o\u00f9 la plupart des skieurs avaient perdu un temps fou. Avalant les portes vitesse grand V, il cr\u00e9ait la sensation en affichant un nouveau temps r\u00e9f\u00e9rence (1 :24.86).<\/p>\n<p style=\"text-align: justify;\">Il n\u2019y aura pas d\u2019autres surprises que cette premi\u00e8re victoire tch\u00e8que sur le circuit masculin de Coupe du monde mais de belles prestations. Notamment celle de <strong>Matthieu Bailet<\/strong>. Dossard 43, le Fran\u00e7ais en terminait juste derri\u00e8re All\u00e8gre, \u00e0 un dixi\u00e8me du podium.<\/p>\n<ul style=\"text-align: justify;\">\n<li><strong>\u00c0 ce sujet \u2014\u00a0<a href=\"https:\/\/dicodusport.fr\/blog\/coupe-du-monde-ski-alpin-classement-general-hommes-mis-a-jour\/\">Coupe du monde Ski alpin : Classement g\u00e9n\u00e9ral hommes mis \u00e0 jour<\/a><\/strong><\/li>\n<\/ul>\n<blockquote class=\"twitter-tweet\">\n<p dir=\"ltr\" lang=\"fr\">[Jour de surprise] C&rsquo;est la sensation du jour : \u00e0 Val Gardena, Jan Zabystran et son dossard 29 vient de d\u00e9loger Marco Odermatt du fauteuil de leader du Super-G !<br \/>\nNils All\u00e8gre 4e et Matthieu Bailet 5e provisoire <a href=\"https:\/\/t.co\/CsvHP5UaTq\">pic.twitter.com\/CsvHP5UaTq<\/a><\/p>\n<p>\u2014 Top Ski News \u26f7 (@Top_Ski_News) <a href=\"https:\/\/twitter.com\/Top_Ski_News\/status\/2001989221591261481?ref_src=twsrc%5Etfw\">December 19, 2025<\/a><\/p><\/blockquote>\n<p><script async src=\"https:\/\/platform.twitter.com\/widgets.js\" charset=\"utf-8\"><\/script><\/p>\n<div id=\"gtx-trans\" style=\"position: absolute; left: -14px; top: 40.9091px;\">\n<div class=\"gtx-trans-icon\" style=\"text-align: justify;\"><\/div>\n<\/div>\n","protected":false},"excerpt":{"rendered":"<p>COUPE DU MONDE DE SKI ALPIN 2025\/2026 &#8211; Incroyable Jan Zabystran\u00a0! Le Tch\u00e8que a surpris tout son monde et notamment Marco Odermatt pour s\u2019imposer sur le Super-G italien.<\/p>\n","protected":false},"author":18,"featured_media":633352,"comment_status":"open","ping_status":"closed","sticky":false,"template":"","format":"standard","meta":{"_acf_changed":false,"_daextam_enable_autolinks":"1","footnotes":""},"categories":[47084],"tags":[16878,2233,24,47361],"class_list":["post-633316","post","type-post","status-publish","format-standard","has-post-thumbnail","hentry","category-coupe-du-monde-ski-alpin","tag-breve","tag-ski-alpin","tag-sport","tag-super-g-val-gardena"],"acf":[],"yoast_head":"<!-- This site is optimized with the Yoast SEO Premium plugin v26.7 (Yoast SEO v26.7) - https:\/\/yoast.com\/wordpress\/plugins\/seo\/ -->\n<title>Historique Jan Zabystran, vainqueur du Super-G de Val Gardena devant Marco Odermatt<\/title>\n<meta name=\"description\" content=\"COUPE DU MONDE DE SKI ALPIN 2025\/2026 - Jan Zabystran a surpris tout le monde et notamment Marco Odermatt et s&#039;impose sur le Super-G italien.\" \/>\n<meta name=\"robots\" content=\"index, follow, max-snippet:-1, max-image-preview:large, max-video-preview:-1\" \/>\n<link rel=\"canonical\" href=\"https:\/\/dicodusport.fr\/blog\/historique-jan-zabystran-vainqueur-du-super-g-de-val-gardena-devant-marco-odermatt\/\" \/>\n<meta property=\"og:locale\" content=\"fr_FR\" \/>\n<meta property=\"og:type\" content=\"article\" \/>\n<meta property=\"og:title\" content=\"Historique Jan Zabystran, vainqueur du Super-G de Val Gardena devant Marco Odermatt\" \/>\n<meta property=\"og:description\" content=\"COUPE DU MONDE DE SKI ALPIN 2025\/2026 - Jan Zabystran a surpris tout le monde et notamment Marco Odermatt et s&#039;impose sur le Super-G italien.\" \/>\n<meta property=\"og:url\" content=\"https:\/\/dicodusport.fr\/blog\/historique-jan-zabystran-vainqueur-du-super-g-de-val-gardena-devant-marco-odermatt\/\" \/>\n<meta property=\"og:site_name\" content=\"Dicodusport\" \/>\n<meta property=\"article:publisher\" content=\"https:\/\/www.facebook.com\/dicodusport\" \/>\n<meta property=\"article:author\" content=\"https:\/\/www.facebook.com\/soocube\" \/>\n<meta property=\"article:published_time\" content=\"2025-12-19T12:20:22+00:00\" \/>\n<meta property=\"article:modified_time\" content=\"2025-12-19T12:59:23+00:00\" \/>\n<meta property=\"og:image\" content=\"https:\/\/dicodusport.fr\/blog\/wp-content\/uploads\/2025\/12\/Historique-Jan-Zabystran-vainqueur-du-Super-G-de-Val-Gardena-devant-Marco-Odermatt-1.png\" \/>\n\t<meta property=\"og:image:width\" content=\"1200\" \/>\n\t<meta property=\"og:image:height\" content=\"674\" \/>\n\t<meta property=\"og:image:type\" content=\"image\/png\" \/>\n<meta name=\"author\" content=\"Sophie Clapier\" \/>\n<meta name=\"twitter:card\" content=\"summary_large_image\" \/>\n<meta name=\"twitter:title\" content=\"Historique Jan Zabystran, vainqueur du Super-G de Val Gardena devant Marco Odermatt\" \/>\n<meta name=\"twitter:creator\" content=\"@https:\/\/twitter.com\/soocube\" \/>\n<meta name=\"twitter:site\" content=\"@dicodusport\" \/>\n<script type=\"application\/ld+json\" class=\"yoast-schema-graph\">{\"@context\":\"https:\/\/schema.org\",\"@graph\":[{\"@type\":\"NewsArticle\",\"@id\":\"https:\/\/dicodusport.fr\/blog\/historique-jan-zabystran-vainqueur-du-super-g-de-val-gardena-devant-marco-odermatt\/#article\",\"isPartOf\":{\"@id\":\"https:\/\/dicodusport.fr\/blog\/historique-jan-zabystran-vainqueur-du-super-g-de-val-gardena-devant-marco-odermatt\/\"},\"author\":{\"name\":\"Sophie Clapier\",\"@id\":\"https:\/\/dicodusport.fr\/blog\/#\/schema\/person\/416c975648aca9da8839bdfe333a21c9\"},\"headline\":\"Historique Jan Zabystran, vainqueur du Super-G de Val Gardena devant Marco Odermatt\",\"datePublished\":\"2025-12-19T12:20:22+00:00\",\"dateModified\":\"2025-12-19T12:59:23+00:00\",\"mainEntityOfPage\":{\"@id\":\"https:\/\/dicodusport.fr\/blog\/historique-jan-zabystran-vainqueur-du-super-g-de-val-gardena-devant-marco-odermatt\/\"},\"wordCount\":557,\"commentCount\":0,\"publisher\":{\"@id\":\"https:\/\/dicodusport.fr\/blog\/#organization\"},\"image\":{\"@id\":\"https:\/\/dicodusport.fr\/blog\/historique-jan-zabystran-vainqueur-du-super-g-de-val-gardena-devant-marco-odermatt\/#primaryimage\"},\"thumbnailUrl\":\"https:\/\/dicodusport.fr\/blog\/wp-content\/uploads\/2025\/12\/Historique-Jan-Zabystran-vainqueur-du-Super-G-de-Val-Gardena-devant-Marco-Odermatt-1.png\",\"keywords\":[\"br\u00e8ve\",\"Ski alpin\",\"sport\",\"Super-G Val Gardena\"],\"articleSection\":[\"Coupe du monde de ski alpin\"],\"inLanguage\":\"fr-FR\",\"potentialAction\":[{\"@type\":\"CommentAction\",\"name\":\"Comment\",\"target\":[\"https:\/\/dicodusport.fr\/blog\/historique-jan-zabystran-vainqueur-du-super-g-de-val-gardena-devant-marco-odermatt\/#respond\"]}],\"copyrightYear\":\"2025\",\"copyrightHolder\":{\"@id\":\"https:\/\/dicodusport.fr\/blog\/#organization\"}},{\"@type\":\"WebPage\",\"@id\":\"https:\/\/dicodusport.fr\/blog\/historique-jan-zabystran-vainqueur-du-super-g-de-val-gardena-devant-marco-odermatt\/\",\"url\":\"https:\/\/dicodusport.fr\/blog\/historique-jan-zabystran-vainqueur-du-super-g-de-val-gardena-devant-marco-odermatt\/\",\"name\":\"Historique Jan Zabystran, vainqueur du Super-G de Val Gardena devant Marco Odermatt\",\"isPartOf\":{\"@id\":\"https:\/\/dicodusport.fr\/blog\/#website\"},\"primaryImageOfPage\":{\"@id\":\"https:\/\/dicodusport.fr\/blog\/historique-jan-zabystran-vainqueur-du-super-g-de-val-gardena-devant-marco-odermatt\/#primaryimage\"},\"image\":{\"@id\":\"https:\/\/dicodusport.fr\/blog\/historique-jan-zabystran-vainqueur-du-super-g-de-val-gardena-devant-marco-odermatt\/#primaryimage\"},\"thumbnailUrl\":\"https:\/\/dicodusport.fr\/blog\/wp-content\/uploads\/2025\/12\/Historique-Jan-Zabystran-vainqueur-du-Super-G-de-Val-Gardena-devant-Marco-Odermatt-1.png\",\"datePublished\":\"2025-12-19T12:20:22+00:00\",\"dateModified\":\"2025-12-19T12:59:23+00:00\",\"description\":\"COUPE DU MONDE DE SKI ALPIN 2025\/2026 - Jan Zabystran a surpris tout le monde et notamment Marco Odermatt et s'impose sur le Super-G italien.\",\"breadcrumb\":{\"@id\":\"https:\/\/dicodusport.fr\/blog\/historique-jan-zabystran-vainqueur-du-super-g-de-val-gardena-devant-marco-odermatt\/#breadcrumb\"},\"inLanguage\":\"fr-FR\",\"potentialAction\":[{\"@type\":\"ReadAction\",\"target\":[\"https:\/\/dicodusport.fr\/blog\/historique-jan-zabystran-vainqueur-du-super-g-de-val-gardena-devant-marco-odermatt\/\"]}]},{\"@type\":\"ImageObject\",\"inLanguage\":\"fr-FR\",\"@id\":\"https:\/\/dicodusport.fr\/blog\/historique-jan-zabystran-vainqueur-du-super-g-de-val-gardena-devant-marco-odermatt\/#primaryimage\",\"url\":\"https:\/\/dicodusport.fr\/blog\/wp-content\/uploads\/2025\/12\/Historique-Jan-Zabystran-vainqueur-du-Super-G-de-Val-Gardena-devant-Marco-Odermatt-1.png\",\"contentUrl\":\"https:\/\/dicodusport.fr\/blog\/wp-content\/uploads\/2025\/12\/Historique-Jan-Zabystran-vainqueur-du-Super-G-de-Val-Gardena-devant-Marco-Odermatt-1.png\",\"width\":1200,\"height\":674,\"caption\":\"Historique Jan Zabystran, vainqueur du Super-G de Val Gardena devant Marco Odermatt\"},{\"@type\":\"BreadcrumbList\",\"@id\":\"https:\/\/dicodusport.fr\/blog\/historique-jan-zabystran-vainqueur-du-super-g-de-val-gardena-devant-marco-odermatt\/#breadcrumb\",\"itemListElement\":[{\"@type\":\"ListItem\",\"position\":1,\"name\":\"Accueil\",\"item\":\"https:\/\/dicodusport.fr\/blog\/\"},{\"@type\":\"ListItem\",\"position\":2,\"name\":\"Historique Jan Zabystran, vainqueur du Super-G de Val Gardena devant Marco Odermatt\"}]},{\"@type\":\"WebSite\",\"@id\":\"https:\/\/dicodusport.fr\/blog\/#website\",\"url\":\"https:\/\/dicodusport.fr\/blog\/\",\"name\":\"Dicodusport\",\"description\":\"L&#039;encyclop\u00e9die de l&#039;actualit\u00e9 sportive\",\"publisher\":{\"@id\":\"https:\/\/dicodusport.fr\/blog\/#organization\"},\"potentialAction\":[{\"@type\":\"SearchAction\",\"target\":{\"@type\":\"EntryPoint\",\"urlTemplate\":\"https:\/\/dicodusport.fr\/blog\/?s={search_term_string}\"},\"query-input\":{\"@type\":\"PropertyValueSpecification\",\"valueRequired\":true,\"valueName\":\"search_term_string\"}}],\"inLanguage\":\"fr-FR\"},{\"@type\":\"NewsMediaOrganization\",\"@id\":\"https:\/\/dicodusport.fr\/blog\/#organization\",\"name\":\"Dicodusport\",\"url\":\"https:\/\/dicodusport.fr\/blog\/\",\"logo\":{\"@type\":\"ImageObject\",\"inLanguage\":\"fr-FR\",\"@id\":\"https:\/\/dicodusport.fr\/blog\/#\/schema\/logo\/image\/\",\"url\":\"https:\/\/dicodusport.fr\/blog\/wp-content\/uploads\/2020\/06\/cropped-LOGO-DICODUSPORT-2020-SANS-FOND-SANS-TEXTE.png\",\"contentUrl\":\"https:\/\/dicodusport.fr\/blog\/wp-content\/uploads\/2020\/06\/cropped-LOGO-DICODUSPORT-2020-SANS-FOND-SANS-TEXTE.png\",\"width\":512,\"height\":512,\"caption\":\"Dicodusport\"},\"image\":{\"@id\":\"https:\/\/dicodusport.fr\/blog\/#\/schema\/logo\/image\/\"},\"sameAs\":[\"https:\/\/www.facebook.com\/dicodusport\",\"https:\/\/x.com\/dicodusport\",\"https:\/\/www.instagram.com\/dicodusport\/\",\"https:\/\/www.youtube.com\/channel\/UC7V2KZ5sd3htJivAbA4ZG3w\"],\"description\":\"Dicodusport est l'encyclop\u00e9die de l'actualit\u00e9 sportive.\",\"email\":\"bonjour@dicodusport.fr\",\"legalName\":\"DICODUSPORT\",\"foundingDate\":\"2018-01-14\",\"vatID\":\"FR71834470973\",\"taxID\":\"83447097300043\",\"numberOfEmployees\":{\"@type\":\"QuantitativeValue\",\"minValue\":\"1\",\"maxValue\":\"10\"}},{\"@type\":\"Person\",\"@id\":\"https:\/\/dicodusport.fr\/blog\/#\/schema\/person\/416c975648aca9da8839bdfe333a21c9\",\"name\":\"Sophie Clapier\",\"image\":{\"@type\":\"ImageObject\",\"inLanguage\":\"fr-FR\",\"@id\":\"https:\/\/dicodusport.fr\/blog\/#\/schema\/person\/image\/\",\"url\":\"https:\/\/dicodusport.fr\/blog\/wp-content\/uploads\/2021\/05\/Sophie-Clapier-150x150.jpg\",\"contentUrl\":\"https:\/\/dicodusport.fr\/blog\/wp-content\/uploads\/2021\/05\/Sophie-Clapier-150x150.jpg\",\"caption\":\"Sophie Clapier\"},\"description\":\"Journaliste\/r\u00e9dactrice depuis janvier 2016 - Passionn\u00e9e de sport depuis toujours, j\u2019en ai pratiqu\u00e9 quelques-uns. Judo, football, handball ou encore tennis, je n\u2019ai jamais pu me mettre d\u2019accord sur un en particulier. Mais \u00e7a, c\u2019\u00e9tait avant de d\u00e9couvrir le basket, devenu mon sport de pr\u00e9dilection. Les actions NBA, le All-Star Week-end, la fureur des Game 7 pendant les playoffs ou mieux, lors des Finals, this is why we play. Team Spurs T.P, je m\u2019accroche encore \u00e0 Gregg Popovich (don\u2019t leave !). Team chef Curry, je souhaite qu\u2019il finisse aux Warriors (staaaay !). Non, il n\u2019y a pas qu\u2019eux, des petits nouveaux -et des petites nouvelles \u00e9videmment- arrivent chaque jour dans toutes les disciplines et cr\u00e9ent de nouveaux exploits. Alors pour les grands \u00e9v\u00e9nements et comp\u00e9titions internationales, vive les pulsations 240\/minutes et le d\u00e9fibrillateur pas loin, et allez les Bleu(e)s ! C\u2019est s\u00fbr, j\u2019aurai plus vu ma vie sur un terrain de sport, mais \u00e0 d\u00e9faut d\u2019en faire en haut niveau, je le partage avec vous.\",\"sameAs\":[\"https:\/\/www.facebook.com\/soocube\",\"https:\/\/x.com\/https:\/\/twitter.com\/soocube\",\"admin\"],\"url\":\"https:\/\/dicodusport.fr\/blog\/author\/sophie\/\"}]}<\/script>\n<!-- \/ Yoast SEO Premium plugin. -->","yoast_head_json":{"title":"Historique Jan Zabystran, vainqueur du Super-G de Val Gardena devant Marco Odermatt","description":"COUPE DU MONDE DE SKI ALPIN 2025\/2026 - Jan Zabystran a surpris tout le monde et notamment Marco Odermatt et s'impose sur le Super-G italien.","robots":{"index":"index","follow":"follow","max-snippet":"max-snippet:-1","max-image-preview":"max-image-preview:large","max-video-preview":"max-video-preview:-1"},"canonical":"https:\/\/dicodusport.fr\/blog\/historique-jan-zabystran-vainqueur-du-super-g-de-val-gardena-devant-marco-odermatt\/","og_locale":"fr_FR","og_type":"article","og_title":"Historique Jan Zabystran, vainqueur du Super-G de Val Gardena devant Marco Odermatt","og_description":"COUPE DU MONDE DE SKI ALPIN 2025\/2026 - Jan Zabystran a surpris tout le monde et notamment Marco Odermatt et s'impose sur le Super-G italien.","og_url":"https:\/\/dicodusport.fr\/blog\/historique-jan-zabystran-vainqueur-du-super-g-de-val-gardena-devant-marco-odermatt\/","og_site_name":"Dicodusport","article_publisher":"https:\/\/www.facebook.com\/dicodusport","article_author":"https:\/\/www.facebook.com\/soocube","article_published_time":"2025-12-19T12:20:22+00:00","article_modified_time":"2025-12-19T12:59:23+00:00","og_image":[{"width":1200,"height":674,"url":"https:\/\/dicodusport.fr\/blog\/wp-content\/uploads\/2025\/12\/Historique-Jan-Zabystran-vainqueur-du-Super-G-de-Val-Gardena-devant-Marco-Odermatt-1.png","type":"image\/png"}],"author":"Sophie Clapier","twitter_card":"summary_large_image","twitter_title":"Historique Jan Zabystran, vainqueur du Super-G de Val Gardena devant Marco Odermatt","twitter_creator":"@https:\/\/twitter.com\/soocube","twitter_site":"@dicodusport","schema":{"@context":"https:\/\/schema.org","@graph":[{"@type":"NewsArticle","@id":"https:\/\/dicodusport.fr\/blog\/historique-jan-zabystran-vainqueur-du-super-g-de-val-gardena-devant-marco-odermatt\/#article","isPartOf":{"@id":"https:\/\/dicodusport.fr\/blog\/historique-jan-zabystran-vainqueur-du-super-g-de-val-gardena-devant-marco-odermatt\/"},"author":{"name":"Sophie Clapier","@id":"https:\/\/dicodusport.fr\/blog\/#\/schema\/person\/416c975648aca9da8839bdfe333a21c9"},"headline":"Historique Jan Zabystran, vainqueur du Super-G de Val Gardena devant Marco Odermatt","datePublished":"2025-12-19T12:20:22+00:00","dateModified":"2025-12-19T12:59:23+00:00","mainEntityOfPage":{"@id":"https:\/\/dicodusport.fr\/blog\/historique-jan-zabystran-vainqueur-du-super-g-de-val-gardena-devant-marco-odermatt\/"},"wordCount":557,"commentCount":0,"publisher":{"@id":"https:\/\/dicodusport.fr\/blog\/#organization"},"image":{"@id":"https:\/\/dicodusport.fr\/blog\/historique-jan-zabystran-vainqueur-du-super-g-de-val-gardena-devant-marco-odermatt\/#primaryimage"},"thumbnailUrl":"https:\/\/dicodusport.fr\/blog\/wp-content\/uploads\/2025\/12\/Historique-Jan-Zabystran-vainqueur-du-Super-G-de-Val-Gardena-devant-Marco-Odermatt-1.png","keywords":["br\u00e8ve","Ski alpin","sport","Super-G Val Gardena"],"articleSection":["Coupe du monde de ski alpin"],"inLanguage":"fr-FR","potentialAction":[{"@type":"CommentAction","name":"Comment","target":["https:\/\/dicodusport.fr\/blog\/historique-jan-zabystran-vainqueur-du-super-g-de-val-gardena-devant-marco-odermatt\/#respond"]}],"copyrightYear":"2025","copyrightHolder":{"@id":"https:\/\/dicodusport.fr\/blog\/#organization"}},{"@type":"WebPage","@id":"https:\/\/dicodusport.fr\/blog\/historique-jan-zabystran-vainqueur-du-super-g-de-val-gardena-devant-marco-odermatt\/","url":"https:\/\/dicodusport.fr\/blog\/historique-jan-zabystran-vainqueur-du-super-g-de-val-gardena-devant-marco-odermatt\/","name":"Historique Jan Zabystran, vainqueur du Super-G de Val Gardena devant Marco Odermatt","isPartOf":{"@id":"https:\/\/dicodusport.fr\/blog\/#website"},"primaryImageOfPage":{"@id":"https:\/\/dicodusport.fr\/blog\/historique-jan-zabystran-vainqueur-du-super-g-de-val-gardena-devant-marco-odermatt\/#primaryimage"},"image":{"@id":"https:\/\/dicodusport.fr\/blog\/historique-jan-zabystran-vainqueur-du-super-g-de-val-gardena-devant-marco-odermatt\/#primaryimage"},"thumbnailUrl":"https:\/\/dicodusport.fr\/blog\/wp-content\/uploads\/2025\/12\/Historique-Jan-Zabystran-vainqueur-du-Super-G-de-Val-Gardena-devant-Marco-Odermatt-1.png","datePublished":"2025-12-19T12:20:22+00:00","dateModified":"2025-12-19T12:59:23+00:00","description":"COUPE DU MONDE DE SKI ALPIN 2025\/2026 - Jan Zabystran a surpris tout le monde et notamment Marco Odermatt et s'impose sur le Super-G italien.","breadcrumb":{"@id":"https:\/\/dicodusport.fr\/blog\/historique-jan-zabystran-vainqueur-du-super-g-de-val-gardena-devant-marco-odermatt\/#breadcrumb"},"inLanguage":"fr-FR","potentialAction":[{"@type":"ReadAction","target":["https:\/\/dicodusport.fr\/blog\/historique-jan-zabystran-vainqueur-du-super-g-de-val-gardena-devant-marco-odermatt\/"]}]},{"@type":"ImageObject","inLanguage":"fr-FR","@id":"https:\/\/dicodusport.fr\/blog\/historique-jan-zabystran-vainqueur-du-super-g-de-val-gardena-devant-marco-odermatt\/#primaryimage","url":"https:\/\/dicodusport.fr\/blog\/wp-content\/uploads\/2025\/12\/Historique-Jan-Zabystran-vainqueur-du-Super-G-de-Val-Gardena-devant-Marco-Odermatt-1.png","contentUrl":"https:\/\/dicodusport.fr\/blog\/wp-content\/uploads\/2025\/12\/Historique-Jan-Zabystran-vainqueur-du-Super-G-de-Val-Gardena-devant-Marco-Odermatt-1.png","width":1200,"height":674,"caption":"Historique Jan Zabystran, vainqueur du Super-G de Val Gardena devant Marco Odermatt"},{"@type":"BreadcrumbList","@id":"https:\/\/dicodusport.fr\/blog\/historique-jan-zabystran-vainqueur-du-super-g-de-val-gardena-devant-marco-odermatt\/#breadcrumb","itemListElement":[{"@type":"ListItem","position":1,"name":"Accueil","item":"https:\/\/dicodusport.fr\/blog\/"},{"@type":"ListItem","position":2,"name":"Historique Jan Zabystran, vainqueur du Super-G de Val Gardena devant Marco Odermatt"}]},{"@type":"WebSite","@id":"https:\/\/dicodusport.fr\/blog\/#website","url":"https:\/\/dicodusport.fr\/blog\/","name":"Dicodusport","description":"L&#039;encyclop\u00e9die de l&#039;actualit\u00e9 sportive","publisher":{"@id":"https:\/\/dicodusport.fr\/blog\/#organization"},"potentialAction":[{"@type":"SearchAction","target":{"@type":"EntryPoint","urlTemplate":"https:\/\/dicodusport.fr\/blog\/?s={search_term_string}"},"query-input":{"@type":"PropertyValueSpecification","valueRequired":true,"valueName":"search_term_string"}}],"inLanguage":"fr-FR"},{"@type":"NewsMediaOrganization","@id":"https:\/\/dicodusport.fr\/blog\/#organization","name":"Dicodusport","url":"https:\/\/dicodusport.fr\/blog\/","logo":{"@type":"ImageObject","inLanguage":"fr-FR","@id":"https:\/\/dicodusport.fr\/blog\/#\/schema\/logo\/image\/","url":"https:\/\/dicodusport.fr\/blog\/wp-content\/uploads\/2020\/06\/cropped-LOGO-DICODUSPORT-2020-SANS-FOND-SANS-TEXTE.png","contentUrl":"https:\/\/dicodusport.fr\/blog\/wp-content\/uploads\/2020\/06\/cropped-LOGO-DICODUSPORT-2020-SANS-FOND-SANS-TEXTE.png","width":512,"height":512,"caption":"Dicodusport"},"image":{"@id":"https:\/\/dicodusport.fr\/blog\/#\/schema\/logo\/image\/"},"sameAs":["https:\/\/www.facebook.com\/dicodusport","https:\/\/x.com\/dicodusport","https:\/\/www.instagram.com\/dicodusport\/","https:\/\/www.youtube.com\/channel\/UC7V2KZ5sd3htJivAbA4ZG3w"],"description":"Dicodusport est l'encyclop\u00e9die de l'actualit\u00e9 sportive.","email":"bonjour@dicodusport.fr","legalName":"DICODUSPORT","foundingDate":"2018-01-14","vatID":"FR71834470973","taxID":"83447097300043","numberOfEmployees":{"@type":"QuantitativeValue","minValue":"1","maxValue":"10"}},{"@type":"Person","@id":"https:\/\/dicodusport.fr\/blog\/#\/schema\/person\/416c975648aca9da8839bdfe333a21c9","name":"Sophie Clapier","image":{"@type":"ImageObject","inLanguage":"fr-FR","@id":"https:\/\/dicodusport.fr\/blog\/#\/schema\/person\/image\/","url":"https:\/\/dicodusport.fr\/blog\/wp-content\/uploads\/2021\/05\/Sophie-Clapier-150x150.jpg","contentUrl":"https:\/\/dicodusport.fr\/blog\/wp-content\/uploads\/2021\/05\/Sophie-Clapier-150x150.jpg","caption":"Sophie Clapier"},"description":"Journaliste\/r\u00e9dactrice depuis janvier 2016 - Passionn\u00e9e de sport depuis toujours, j\u2019en ai pratiqu\u00e9 quelques-uns. Judo, football, handball ou encore tennis, je n\u2019ai jamais pu me mettre d\u2019accord sur un en particulier. Mais \u00e7a, c\u2019\u00e9tait avant de d\u00e9couvrir le basket, devenu mon sport de pr\u00e9dilection. Les actions NBA, le All-Star Week-end, la fureur des Game 7 pendant les playoffs ou mieux, lors des Finals, this is why we play. Team Spurs T.P, je m\u2019accroche encore \u00e0 Gregg Popovich (don\u2019t leave !). Team chef Curry, je souhaite qu\u2019il finisse aux Warriors (staaaay !). Non, il n\u2019y a pas qu\u2019eux, des petits nouveaux -et des petites nouvelles \u00e9videmment- arrivent chaque jour dans toutes les disciplines et cr\u00e9ent de nouveaux exploits. Alors pour les grands \u00e9v\u00e9nements et comp\u00e9titions internationales, vive les pulsations 240\/minutes et le d\u00e9fibrillateur pas loin, et allez les Bleu(e)s ! C\u2019est s\u00fbr, j\u2019aurai plus vu ma vie sur un terrain de sport, mais \u00e0 d\u00e9faut d\u2019en faire en haut niveau, je le partage avec vous.","sameAs":["https:\/\/www.facebook.com\/soocube","https:\/\/x.com\/https:\/\/twitter.com\/soocube","admin"],"url":"https:\/\/dicodusport.fr\/blog\/author\/sophie\/"}]}},"_links":{"self":[{"href":"https:\/\/dicodusport.fr\/blog\/wp-json\/wp\/v2\/posts\/633316","targetHints":{"allow":["GET"]}}],"collection":[{"href":"https:\/\/dicodusport.fr\/blog\/wp-json\/wp\/v2\/posts"}],"about":[{"href":"https:\/\/dicodusport.fr\/blog\/wp-json\/wp\/v2\/types\/post"}],"author":[{"embeddable":true,"href":"https:\/\/dicodusport.fr\/blog\/wp-json\/wp\/v2\/users\/18"}],"replies":[{"embeddable":true,"href":"https:\/\/dicodusport.fr\/blog\/wp-json\/wp\/v2\/comments?post=633316"}],"version-history":[{"count":5,"href":"https:\/\/dicodusport.fr\/blog\/wp-json\/wp\/v2\/posts\/633316\/revisions"}],"predecessor-version":[{"id":633347,"href":"https:\/\/dicodusport.fr\/blog\/wp-json\/wp\/v2\/posts\/633316\/revisions\/633347"}],"wp:featuredmedia":[{"embeddable":true,"href":"https:\/\/dicodusport.fr\/blog\/wp-json\/wp\/v2\/media\/633352"}],"wp:attachment":[{"href":"https:\/\/dicodusport.fr\/blog\/wp-json\/wp\/v2\/media?parent=633316"}],"wp:term":[{"taxonomy":"category","embeddable":true,"href":"https:\/\/dicodusport.fr\/blog\/wp-json\/wp\/v2\/categories?post=633316"},{"taxonomy":"post_tag","embeddable":true,"href":"https:\/\/dicodusport.fr\/blog\/wp-json\/wp\/v2\/tags?post=633316"}],"curies":[{"name":"wp","href":"https:\/\/api.w.org\/{rel}","templated":true}]}}