{"id":633317,"date":"2025-12-19T12:45:54","date_gmt":"2025-12-19T11:45:54","guid":{"rendered":"https:\/\/dicodusport.fr\/blog\/?p=633317&#038;preview=true&#038;preview_id=633317"},"modified":"2025-12-19T13:29:53","modified_gmt":"2025-12-19T12:29:53","slug":"carriere-en-suspens-pour-la-neerlandaise-fem-van-empel","status":"publish","type":"post","link":"https:\/\/dicodusport.fr\/blog\/carriere-en-suspens-pour-la-neerlandaise-fem-van-empel\/","title":{"rendered":"Carri\u00e8re en suspens pour la N\u00e9erlandaise Fem van Empel"},"content":{"rendered":"<p style=\"text-align: justify;\"><em><strong>CYCLISME F\u00c9MININ &#8211; L\u2019\u00e9quipe Visma Lease a Bike a annonc\u00e9 ce vendredi midi que Fem van Empel mettait sa carri\u00e8re cycliste entre parenth\u00e8ses et quittait la structure n\u00e9erlandaise.<\/strong><\/em><\/p>\n<p style=\"text-align: justify;\"><strong>Fem van Empel<\/strong> a d\u00e9cid\u00e9 de mettre sa carri\u00e8re cycliste professionnelle en pause pour une dur\u00e9e ind\u00e9termin\u00e9e, apr\u00e8s de longues discussions et une m\u00fbre r\u00e9flexion, \u00e0 23 ans. Il a \u00e9galement \u00e9t\u00e9 convenu que van Empel quitterait l&rsquo;\u00e9quipe WorldTeam Visma Lease a Bike, \u00e0 compter du 1er janvier 2026. Son contrat courait jusqu&rsquo;en 2027.<\/p>\n<h2>Fem van Empel dit stop pour une dur\u00e9e ind\u00e9termin\u00e9e<\/h2>\n<p style=\"text-align: justify;\">Le silence r\u00e9gnait autour de la cycliste n\u00e9erlandaise ces derni\u00e8res semaines, suite \u00e0 son abandon sur le <a href=\"https:\/\/dicodusport.fr\/blog\/koppenbergcross-2025-aubin-sparfel-remporte-la-course-espoirs-celia-gery-2eme-sur-lepreuve-feminine\/\">Koppenbergcross<\/a>. Cet abandon a suscit\u00e9 de nombreuses interrogations. Apr\u00e8s ce retrait, elle avait dit au m\u00e9dia : <em>\u00ab Pendant cette course, mon corps et mon esprit m&rsquo;ont envoy\u00e9 un message tr\u00e8s clair. Je ne suis pas du genre \u00e0 abandonner facilement, mais inconsciemment, une d\u00e9cision avait d\u00e9j\u00e0 \u00e9t\u00e9 prise. C&rsquo;est le bon choix pour moi \u00e0 pr\u00e9sent \u00bb.<\/em><\/p>\n<p style=\"text-align: justify;\"><strong>Fem van Empel<\/strong> a conclu qu&rsquo;il \u00e9tait pr\u00e9f\u00e9rable pour elle de donner une nouvelle orientation \u00e0 sa vie professionnelle pour le moment. Cela implique donc une suspension temporaire des comp\u00e9titions et une r\u00e9siliation \u00e0 l&rsquo;amiable de son contrat avec Visma | Lease a Bike .<em> \u00ab C&rsquo;est une d\u00e9cision m\u00fbrement r\u00e9fl\u00e9chie et que j&rsquo;assume pleinement. Actuellement, je ne retrouve plus le m\u00eame motivation ni le m\u00eame plaisir que j&rsquo;ai \u00e9prouv\u00e9s en faisant du v\u00e9lo pendant des ann\u00e9es. Je voulais \u00e9galement \u00eatre honn\u00eate et juste envers l&rsquo;\u00e9quipe \u00e0 ce sujet. Pour l&rsquo;instant, c&rsquo;est la meilleure solution. J\u2019ai le sentiment que le moment est venu d\u2019ouvrir un nouveau chapitre. Je suis tr\u00e8s reconnaissant pour tout le soutien que j\u2019ai re\u00e7u de l\u2019\u00e9quipe, de ma famille et des fans, et j\u2019ai h\u00e2te de voir ce que l\u2019avenir me r\u00e9serve. \u00bb<\/em>, explique van Empel.<\/p>\n<blockquote class=\"twitter-tweet\">\n<p dir=\"ltr\" lang=\"fr\">Fem van Empel, l&rsquo;actuelle championne du monde de cyclo-cross, met sa carri\u00e8re en pause pour une dur\u00e9e ind\u00e9termin\u00e9e. Elle n&rsquo;est plus apparue en comp\u00e9tition depuis le 1er novembre.<\/p>\n<p>La N\u00e9erlandaise (23 ans) quittera \u00e9galement la Visma-Lease a Bike \u00e0 l&rsquo;issue de l&rsquo;ann\u00e9e civile. <a href=\"https:\/\/t.co\/pWDEHUgvMZ\">pic.twitter.com\/pWDEHUgvMZ<\/a><\/p>\n<p>\u2014 Le Gruppetto (@LeGruppetto) <a href=\"https:\/\/twitter.com\/LeGruppetto\/status\/2001976101795496274?ref_src=twsrc%5Etfw\">December 19, 2025<\/a><\/p><\/blockquote>\n<p><script async src=\"https:\/\/platform.twitter.com\/widgets.js\" charset=\"utf-8\"><\/script><\/p>\n<p style=\"text-align: justify;\">Pour rappel, en mars dernier, elle a fait le choix d\u00e9lib\u00e9r\u00e9 de se retirer de la saison sur route pour se concentrer sur son bien-\u00eatre mental et physique. Apr\u00e8s cette pause, elle avait d\u00e9cid\u00e9 de ne plus se consacrer au cyclisme sur route et de pr\u00e9parer son retour au cyclocross pour le d\u00e9but de la saison. Ce choix s&rsquo;est d&rsquo;abord av\u00e9r\u00e9 payant avec des victoires \u00e0 Woerden et Heerde, avant le tournant d\u00e9cisif au Koppenbergcross.<\/p>\n<p style=\"text-align: justify;\">Ces derni\u00e8res ann\u00e9es, <strong>Fem van Empel<\/strong>\u00a0s&rsquo;est impos\u00e9e comme la meilleure cyclocrosswoman de sa g\u00e9n\u00e9ration. Elle a remport\u00e9 cinquante courses de cyclocross durant cette p\u00e9riode, dont trois titres mondiaux et europ\u00e9ens cons\u00e9cutifs.<\/p>\n<p style=\"text-align: justify;\">\n","protected":false},"excerpt":{"rendered":"<p>L\u2019\u00e9quipe Visma Lease a Bike a annonc\u00e9 ce vendredi midi que Fem van Empel mettait sa carri\u00e8re cycliste entre parenth\u00e8ses et quittait la structure n\u00e9erlandaise.<\/p>\n","protected":false},"author":48,"featured_media":633323,"comment_status":"open","ping_status":"closed","sticky":false,"template":"","format":"standard","meta":{"_acf_changed":false,"_daextam_enable_autolinks":"1","footnotes":""},"categories":[9611],"tags":[32415,16878,6666,37233],"class_list":["post-633317","post","type-post","status-publish","format-standard","has-post-thumbnail","hentry","category-cyclo-cross","tag-actu","tag-breve","tag-cyclo-cross","tag-fem-van-empel"],"acf":[],"yoast_head":"<!-- This site is optimized with the Yoast SEO Premium plugin v26.7 (Yoast SEO v26.7) - https:\/\/yoast.com\/wordpress\/plugins\/seo\/ -->\n<title>Carri\u00e8re en suspens pour la N\u00e9erlandaise Fem van Empel<\/title>\n<meta name=\"description\" content=\"L\u2019\u00e9quipe Visma Lease a Bike a annonc\u00e9 ce vendredi midi que Fem van Empel mettait sa carri\u00e8re cycliste entre parenth\u00e8ses et quittait la structure n\u00e9erlandaise.\" \/>\n<meta name=\"robots\" content=\"index, follow, max-snippet:-1, max-image-preview:large, max-video-preview:-1\" \/>\n<link rel=\"canonical\" href=\"https:\/\/dicodusport.fr\/blog\/carriere-en-suspens-pour-la-neerlandaise-fem-van-empel\/\" \/>\n<meta property=\"og:locale\" content=\"fr_FR\" \/>\n<meta property=\"og:type\" content=\"article\" \/>\n<meta property=\"og:title\" content=\"Carri\u00e8re en suspens pour la N\u00e9erlandaise Fem van Empel\" \/>\n<meta property=\"og:description\" content=\"L\u2019\u00e9quipe Visma Lease a Bike a annonc\u00e9 ce vendredi midi que Fem van Empel mettait sa carri\u00e8re cycliste entre parenth\u00e8ses et quittait la structure n\u00e9erlandaise.\" \/>\n<meta property=\"og:url\" content=\"https:\/\/dicodusport.fr\/blog\/carriere-en-suspens-pour-la-neerlandaise-fem-van-empel\/\" \/>\n<meta property=\"og:site_name\" content=\"Dicodusport\" \/>\n<meta property=\"article:publisher\" content=\"https:\/\/www.facebook.com\/dicodusport\" \/>\n<meta property=\"article:author\" content=\"https:\/\/www.facebook.com\/groups\/LesRoisDuPeloton\" \/>\n<meta property=\"article:published_time\" content=\"2025-12-19T11:45:54+00:00\" \/>\n<meta property=\"article:modified_time\" content=\"2025-12-19T12:29:53+00:00\" \/>\n<meta property=\"og:image\" content=\"https:\/\/dicodusport.fr\/blog\/wp-content\/uploads\/2025\/12\/Carriere-en-suspens-pour-la-Neerlandaise-Fem-van-Empel.png\" \/>\n\t<meta property=\"og:image:width\" content=\"1200\" \/>\n\t<meta property=\"og:image:height\" content=\"674\" \/>\n\t<meta property=\"og:image:type\" content=\"image\/png\" \/>\n<meta name=\"author\" content=\"Emilien Descampiaux\" \/>\n<meta name=\"twitter:card\" content=\"summary_large_image\" \/>\n<meta name=\"twitter:creator\" content=\"@https:\/\/twitter.com\/LRoisDuPeloton\" \/>\n<meta name=\"twitter:site\" content=\"@dicodusport\" \/>\n<script type=\"application\/ld+json\" class=\"yoast-schema-graph\">{\"@context\":\"https:\/\/schema.org\",\"@graph\":[{\"@type\":\"NewsArticle\",\"@id\":\"https:\/\/dicodusport.fr\/blog\/carriere-en-suspens-pour-la-neerlandaise-fem-van-empel\/#article\",\"isPartOf\":{\"@id\":\"https:\/\/dicodusport.fr\/blog\/carriere-en-suspens-pour-la-neerlandaise-fem-van-empel\/\"},\"author\":{\"name\":\"Emilien Descampiaux\",\"@id\":\"https:\/\/dicodusport.fr\/blog\/#\/schema\/person\/6db4bae06b171592211be385b32876a7\"},\"headline\":\"Carri\u00e8re en suspens pour la N\u00e9erlandaise Fem van Empel\",\"datePublished\":\"2025-12-19T11:45:54+00:00\",\"dateModified\":\"2025-12-19T12:29:53+00:00\",\"mainEntityOfPage\":{\"@id\":\"https:\/\/dicodusport.fr\/blog\/carriere-en-suspens-pour-la-neerlandaise-fem-van-empel\/\"},\"wordCount\":546,\"commentCount\":0,\"publisher\":{\"@id\":\"https:\/\/dicodusport.fr\/blog\/#organization\"},\"image\":{\"@id\":\"https:\/\/dicodusport.fr\/blog\/carriere-en-suspens-pour-la-neerlandaise-fem-van-empel\/#primaryimage\"},\"thumbnailUrl\":\"https:\/\/dicodusport.fr\/blog\/wp-content\/uploads\/2025\/12\/Carriere-en-suspens-pour-la-Neerlandaise-Fem-van-Empel.png\",\"keywords\":[\"actu\",\"br\u00e8ve\",\"Cyclo-cross\",\"Fem Van Empel\"],\"articleSection\":[\"Cyclo-cross\"],\"inLanguage\":\"fr-FR\",\"potentialAction\":[{\"@type\":\"CommentAction\",\"name\":\"Comment\",\"target\":[\"https:\/\/dicodusport.fr\/blog\/carriere-en-suspens-pour-la-neerlandaise-fem-van-empel\/#respond\"]}],\"copyrightYear\":\"2025\",\"copyrightHolder\":{\"@id\":\"https:\/\/dicodusport.fr\/blog\/#organization\"}},{\"@type\":\"WebPage\",\"@id\":\"https:\/\/dicodusport.fr\/blog\/carriere-en-suspens-pour-la-neerlandaise-fem-van-empel\/\",\"url\":\"https:\/\/dicodusport.fr\/blog\/carriere-en-suspens-pour-la-neerlandaise-fem-van-empel\/\",\"name\":\"Carri\u00e8re en suspens pour la N\u00e9erlandaise Fem van Empel\",\"isPartOf\":{\"@id\":\"https:\/\/dicodusport.fr\/blog\/#website\"},\"primaryImageOfPage\":{\"@id\":\"https:\/\/dicodusport.fr\/blog\/carriere-en-suspens-pour-la-neerlandaise-fem-van-empel\/#primaryimage\"},\"image\":{\"@id\":\"https:\/\/dicodusport.fr\/blog\/carriere-en-suspens-pour-la-neerlandaise-fem-van-empel\/#primaryimage\"},\"thumbnailUrl\":\"https:\/\/dicodusport.fr\/blog\/wp-content\/uploads\/2025\/12\/Carriere-en-suspens-pour-la-Neerlandaise-Fem-van-Empel.png\",\"datePublished\":\"2025-12-19T11:45:54+00:00\",\"dateModified\":\"2025-12-19T12:29:53+00:00\",\"description\":\"L\u2019\u00e9quipe Visma Lease a Bike a annonc\u00e9 ce vendredi midi que Fem van Empel mettait sa carri\u00e8re cycliste entre parenth\u00e8ses et quittait la structure n\u00e9erlandaise.\",\"breadcrumb\":{\"@id\":\"https:\/\/dicodusport.fr\/blog\/carriere-en-suspens-pour-la-neerlandaise-fem-van-empel\/#breadcrumb\"},\"inLanguage\":\"fr-FR\",\"potentialAction\":[{\"@type\":\"ReadAction\",\"target\":[\"https:\/\/dicodusport.fr\/blog\/carriere-en-suspens-pour-la-neerlandaise-fem-van-empel\/\"]}]},{\"@type\":\"ImageObject\",\"inLanguage\":\"fr-FR\",\"@id\":\"https:\/\/dicodusport.fr\/blog\/carriere-en-suspens-pour-la-neerlandaise-fem-van-empel\/#primaryimage\",\"url\":\"https:\/\/dicodusport.fr\/blog\/wp-content\/uploads\/2025\/12\/Carriere-en-suspens-pour-la-Neerlandaise-Fem-van-Empel.png\",\"contentUrl\":\"https:\/\/dicodusport.fr\/blog\/wp-content\/uploads\/2025\/12\/Carriere-en-suspens-pour-la-Neerlandaise-Fem-van-Empel.png\",\"width\":1200,\"height\":674,\"caption\":\"Carri\u00e8re en suspens pour la N\u00e9erlandaise Fem van Empel\"},{\"@type\":\"BreadcrumbList\",\"@id\":\"https:\/\/dicodusport.fr\/blog\/carriere-en-suspens-pour-la-neerlandaise-fem-van-empel\/#breadcrumb\",\"itemListElement\":[{\"@type\":\"ListItem\",\"position\":1,\"name\":\"Accueil\",\"item\":\"https:\/\/dicodusport.fr\/blog\/\"},{\"@type\":\"ListItem\",\"position\":2,\"name\":\"Carri\u00e8re en suspens pour la N\u00e9erlandaise Fem van Empel\"}]},{\"@type\":\"WebSite\",\"@id\":\"https:\/\/dicodusport.fr\/blog\/#website\",\"url\":\"https:\/\/dicodusport.fr\/blog\/\",\"name\":\"Dicodusport\",\"description\":\"L&#039;encyclop\u00e9die de l&#039;actualit\u00e9 sportive\",\"publisher\":{\"@id\":\"https:\/\/dicodusport.fr\/blog\/#organization\"},\"potentialAction\":[{\"@type\":\"SearchAction\",\"target\":{\"@type\":\"EntryPoint\",\"urlTemplate\":\"https:\/\/dicodusport.fr\/blog\/?s={search_term_string}\"},\"query-input\":{\"@type\":\"PropertyValueSpecification\",\"valueRequired\":true,\"valueName\":\"search_term_string\"}}],\"inLanguage\":\"fr-FR\"},{\"@type\":\"NewsMediaOrganization\",\"@id\":\"https:\/\/dicodusport.fr\/blog\/#organization\",\"name\":\"Dicodusport\",\"url\":\"https:\/\/dicodusport.fr\/blog\/\",\"logo\":{\"@type\":\"ImageObject\",\"inLanguage\":\"fr-FR\",\"@id\":\"https:\/\/dicodusport.fr\/blog\/#\/schema\/logo\/image\/\",\"url\":\"https:\/\/dicodusport.fr\/blog\/wp-content\/uploads\/2020\/06\/cropped-LOGO-DICODUSPORT-2020-SANS-FOND-SANS-TEXTE.png\",\"contentUrl\":\"https:\/\/dicodusport.fr\/blog\/wp-content\/uploads\/2020\/06\/cropped-LOGO-DICODUSPORT-2020-SANS-FOND-SANS-TEXTE.png\",\"width\":512,\"height\":512,\"caption\":\"Dicodusport\"},\"image\":{\"@id\":\"https:\/\/dicodusport.fr\/blog\/#\/schema\/logo\/image\/\"},\"sameAs\":[\"https:\/\/www.facebook.com\/dicodusport\",\"https:\/\/x.com\/dicodusport\",\"https:\/\/www.instagram.com\/dicodusport\/\",\"https:\/\/www.youtube.com\/channel\/UC7V2KZ5sd3htJivAbA4ZG3w\"],\"description\":\"Dicodusport est l'encyclop\u00e9die de l'actualit\u00e9 sportive.\",\"email\":\"bonjour@dicodusport.fr\",\"legalName\":\"DICODUSPORT\",\"foundingDate\":\"2018-01-14\",\"vatID\":\"FR71834470973\",\"taxID\":\"83447097300043\",\"numberOfEmployees\":{\"@type\":\"QuantitativeValue\",\"minValue\":\"1\",\"maxValue\":\"10\"}},{\"@type\":\"Person\",\"@id\":\"https:\/\/dicodusport.fr\/blog\/#\/schema\/person\/6db4bae06b171592211be385b32876a7\",\"name\":\"Emilien Descampiaux\",\"image\":{\"@type\":\"ImageObject\",\"inLanguage\":\"fr-FR\",\"@id\":\"https:\/\/dicodusport.fr\/blog\/#\/schema\/person\/image\/\",\"url\":\"https:\/\/dicodusport.fr\/blog\/wp-content\/uploads\/2021\/05\/Emilien-Descampiaux-150x150.jpg\",\"contentUrl\":\"https:\/\/dicodusport.fr\/blog\/wp-content\/uploads\/2021\/05\/Emilien-Descampiaux-150x150.jpg\",\"caption\":\"Emilien Descampiaux\"},\"description\":\"Journaliste\/r\u00e9dacteur depuis 2014 - Fan de la classe de Frank Vandenbroucke, je vis cyclisme (et de ses paysages) depuis plus de 20 ans. Je suis tr\u00e8s impliqu\u00e9 sur mes diff\u00e9rents r\u00e9seaux sociaux pour partager ma passion sur le monde et l'Histoire de la bicyclette avec ma voix sur les images en noir et blanc du succ\u00e8s de Rik Van Steenbergen lors du Ronde sur le V\u00e9lodrome de Gand.\",\"sameAs\":[\"https:\/\/www.facebook.com\/groups\/LesRoisDuPeloton\",\"https:\/\/x.com\/https:\/\/twitter.com\/LRoisDuPeloton\"],\"url\":\"https:\/\/dicodusport.fr\/blog\/author\/emiliend\/\"}]}<\/script>\n<!-- \/ Yoast SEO Premium plugin. -->","yoast_head_json":{"title":"Carri\u00e8re en suspens pour la N\u00e9erlandaise Fem van Empel","description":"L\u2019\u00e9quipe Visma Lease a Bike a annonc\u00e9 ce vendredi midi que Fem van Empel mettait sa carri\u00e8re cycliste entre parenth\u00e8ses et quittait la structure n\u00e9erlandaise.","robots":{"index":"index","follow":"follow","max-snippet":"max-snippet:-1","max-image-preview":"max-image-preview:large","max-video-preview":"max-video-preview:-1"},"canonical":"https:\/\/dicodusport.fr\/blog\/carriere-en-suspens-pour-la-neerlandaise-fem-van-empel\/","og_locale":"fr_FR","og_type":"article","og_title":"Carri\u00e8re en suspens pour la N\u00e9erlandaise Fem van Empel","og_description":"L\u2019\u00e9quipe Visma Lease a Bike a annonc\u00e9 ce vendredi midi que Fem van Empel mettait sa carri\u00e8re cycliste entre parenth\u00e8ses et quittait la structure n\u00e9erlandaise.","og_url":"https:\/\/dicodusport.fr\/blog\/carriere-en-suspens-pour-la-neerlandaise-fem-van-empel\/","og_site_name":"Dicodusport","article_publisher":"https:\/\/www.facebook.com\/dicodusport","article_author":"https:\/\/www.facebook.com\/groups\/LesRoisDuPeloton","article_published_time":"2025-12-19T11:45:54+00:00","article_modified_time":"2025-12-19T12:29:53+00:00","og_image":[{"width":1200,"height":674,"url":"https:\/\/dicodusport.fr\/blog\/wp-content\/uploads\/2025\/12\/Carriere-en-suspens-pour-la-Neerlandaise-Fem-van-Empel.png","type":"image\/png"}],"author":"Emilien Descampiaux","twitter_card":"summary_large_image","twitter_creator":"@https:\/\/twitter.com\/LRoisDuPeloton","twitter_site":"@dicodusport","schema":{"@context":"https:\/\/schema.org","@graph":[{"@type":"NewsArticle","@id":"https:\/\/dicodusport.fr\/blog\/carriere-en-suspens-pour-la-neerlandaise-fem-van-empel\/#article","isPartOf":{"@id":"https:\/\/dicodusport.fr\/blog\/carriere-en-suspens-pour-la-neerlandaise-fem-van-empel\/"},"author":{"name":"Emilien Descampiaux","@id":"https:\/\/dicodusport.fr\/blog\/#\/schema\/person\/6db4bae06b171592211be385b32876a7"},"headline":"Carri\u00e8re en suspens pour la N\u00e9erlandaise Fem van Empel","datePublished":"2025-12-19T11:45:54+00:00","dateModified":"2025-12-19T12:29:53+00:00","mainEntityOfPage":{"@id":"https:\/\/dicodusport.fr\/blog\/carriere-en-suspens-pour-la-neerlandaise-fem-van-empel\/"},"wordCount":546,"commentCount":0,"publisher":{"@id":"https:\/\/dicodusport.fr\/blog\/#organization"},"image":{"@id":"https:\/\/dicodusport.fr\/blog\/carriere-en-suspens-pour-la-neerlandaise-fem-van-empel\/#primaryimage"},"thumbnailUrl":"https:\/\/dicodusport.fr\/blog\/wp-content\/uploads\/2025\/12\/Carriere-en-suspens-pour-la-Neerlandaise-Fem-van-Empel.png","keywords":["actu","br\u00e8ve","Cyclo-cross","Fem Van Empel"],"articleSection":["Cyclo-cross"],"inLanguage":"fr-FR","potentialAction":[{"@type":"CommentAction","name":"Comment","target":["https:\/\/dicodusport.fr\/blog\/carriere-en-suspens-pour-la-neerlandaise-fem-van-empel\/#respond"]}],"copyrightYear":"2025","copyrightHolder":{"@id":"https:\/\/dicodusport.fr\/blog\/#organization"}},{"@type":"WebPage","@id":"https:\/\/dicodusport.fr\/blog\/carriere-en-suspens-pour-la-neerlandaise-fem-van-empel\/","url":"https:\/\/dicodusport.fr\/blog\/carriere-en-suspens-pour-la-neerlandaise-fem-van-empel\/","name":"Carri\u00e8re en suspens pour la N\u00e9erlandaise Fem van Empel","isPartOf":{"@id":"https:\/\/dicodusport.fr\/blog\/#website"},"primaryImageOfPage":{"@id":"https:\/\/dicodusport.fr\/blog\/carriere-en-suspens-pour-la-neerlandaise-fem-van-empel\/#primaryimage"},"image":{"@id":"https:\/\/dicodusport.fr\/blog\/carriere-en-suspens-pour-la-neerlandaise-fem-van-empel\/#primaryimage"},"thumbnailUrl":"https:\/\/dicodusport.fr\/blog\/wp-content\/uploads\/2025\/12\/Carriere-en-suspens-pour-la-Neerlandaise-Fem-van-Empel.png","datePublished":"2025-12-19T11:45:54+00:00","dateModified":"2025-12-19T12:29:53+00:00","description":"L\u2019\u00e9quipe Visma Lease a Bike a annonc\u00e9 ce vendredi midi que Fem van Empel mettait sa carri\u00e8re cycliste entre parenth\u00e8ses et quittait la structure n\u00e9erlandaise.","breadcrumb":{"@id":"https:\/\/dicodusport.fr\/blog\/carriere-en-suspens-pour-la-neerlandaise-fem-van-empel\/#breadcrumb"},"inLanguage":"fr-FR","potentialAction":[{"@type":"ReadAction","target":["https:\/\/dicodusport.fr\/blog\/carriere-en-suspens-pour-la-neerlandaise-fem-van-empel\/"]}]},{"@type":"ImageObject","inLanguage":"fr-FR","@id":"https:\/\/dicodusport.fr\/blog\/carriere-en-suspens-pour-la-neerlandaise-fem-van-empel\/#primaryimage","url":"https:\/\/dicodusport.fr\/blog\/wp-content\/uploads\/2025\/12\/Carriere-en-suspens-pour-la-Neerlandaise-Fem-van-Empel.png","contentUrl":"https:\/\/dicodusport.fr\/blog\/wp-content\/uploads\/2025\/12\/Carriere-en-suspens-pour-la-Neerlandaise-Fem-van-Empel.png","width":1200,"height":674,"caption":"Carri\u00e8re en suspens pour la N\u00e9erlandaise Fem van Empel"},{"@type":"BreadcrumbList","@id":"https:\/\/dicodusport.fr\/blog\/carriere-en-suspens-pour-la-neerlandaise-fem-van-empel\/#breadcrumb","itemListElement":[{"@type":"ListItem","position":1,"name":"Accueil","item":"https:\/\/dicodusport.fr\/blog\/"},{"@type":"ListItem","position":2,"name":"Carri\u00e8re en suspens pour la N\u00e9erlandaise Fem van Empel"}]},{"@type":"WebSite","@id":"https:\/\/dicodusport.fr\/blog\/#website","url":"https:\/\/dicodusport.fr\/blog\/","name":"Dicodusport","description":"L&#039;encyclop\u00e9die de l&#039;actualit\u00e9 sportive","publisher":{"@id":"https:\/\/dicodusport.fr\/blog\/#organization"},"potentialAction":[{"@type":"SearchAction","target":{"@type":"EntryPoint","urlTemplate":"https:\/\/dicodusport.fr\/blog\/?s={search_term_string}"},"query-input":{"@type":"PropertyValueSpecification","valueRequired":true,"valueName":"search_term_string"}}],"inLanguage":"fr-FR"},{"@type":"NewsMediaOrganization","@id":"https:\/\/dicodusport.fr\/blog\/#organization","name":"Dicodusport","url":"https:\/\/dicodusport.fr\/blog\/","logo":{"@type":"ImageObject","inLanguage":"fr-FR","@id":"https:\/\/dicodusport.fr\/blog\/#\/schema\/logo\/image\/","url":"https:\/\/dicodusport.fr\/blog\/wp-content\/uploads\/2020\/06\/cropped-LOGO-DICODUSPORT-2020-SANS-FOND-SANS-TEXTE.png","contentUrl":"https:\/\/dicodusport.fr\/blog\/wp-content\/uploads\/2020\/06\/cropped-LOGO-DICODUSPORT-2020-SANS-FOND-SANS-TEXTE.png","width":512,"height":512,"caption":"Dicodusport"},"image":{"@id":"https:\/\/dicodusport.fr\/blog\/#\/schema\/logo\/image\/"},"sameAs":["https:\/\/www.facebook.com\/dicodusport","https:\/\/x.com\/dicodusport","https:\/\/www.instagram.com\/dicodusport\/","https:\/\/www.youtube.com\/channel\/UC7V2KZ5sd3htJivAbA4ZG3w"],"description":"Dicodusport est l'encyclop\u00e9die de l'actualit\u00e9 sportive.","email":"bonjour@dicodusport.fr","legalName":"DICODUSPORT","foundingDate":"2018-01-14","vatID":"FR71834470973","taxID":"83447097300043","numberOfEmployees":{"@type":"QuantitativeValue","minValue":"1","maxValue":"10"}},{"@type":"Person","@id":"https:\/\/dicodusport.fr\/blog\/#\/schema\/person\/6db4bae06b171592211be385b32876a7","name":"Emilien Descampiaux","image":{"@type":"ImageObject","inLanguage":"fr-FR","@id":"https:\/\/dicodusport.fr\/blog\/#\/schema\/person\/image\/","url":"https:\/\/dicodusport.fr\/blog\/wp-content\/uploads\/2021\/05\/Emilien-Descampiaux-150x150.jpg","contentUrl":"https:\/\/dicodusport.fr\/blog\/wp-content\/uploads\/2021\/05\/Emilien-Descampiaux-150x150.jpg","caption":"Emilien Descampiaux"},"description":"Journaliste\/r\u00e9dacteur depuis 2014 - Fan de la classe de Frank Vandenbroucke, je vis cyclisme (et de ses paysages) depuis plus de 20 ans. Je suis tr\u00e8s impliqu\u00e9 sur mes diff\u00e9rents r\u00e9seaux sociaux pour partager ma passion sur le monde et l'Histoire de la bicyclette avec ma voix sur les images en noir et blanc du succ\u00e8s de Rik Van Steenbergen lors du Ronde sur le V\u00e9lodrome de Gand.","sameAs":["https:\/\/www.facebook.com\/groups\/LesRoisDuPeloton","https:\/\/x.com\/https:\/\/twitter.com\/LRoisDuPeloton"],"url":"https:\/\/dicodusport.fr\/blog\/author\/emiliend\/"}]}},"_links":{"self":[{"href":"https:\/\/dicodusport.fr\/blog\/wp-json\/wp\/v2\/posts\/633317","targetHints":{"allow":["GET"]}}],"collection":[{"href":"https:\/\/dicodusport.fr\/blog\/wp-json\/wp\/v2\/posts"}],"about":[{"href":"https:\/\/dicodusport.fr\/blog\/wp-json\/wp\/v2\/types\/post"}],"author":[{"embeddable":true,"href":"https:\/\/dicodusport.fr\/blog\/wp-json\/wp\/v2\/users\/48"}],"replies":[{"embeddable":true,"href":"https:\/\/dicodusport.fr\/blog\/wp-json\/wp\/v2\/comments?post=633317"}],"version-history":[{"count":5,"href":"https:\/\/dicodusport.fr\/blog\/wp-json\/wp\/v2\/posts\/633317\/revisions"}],"predecessor-version":[{"id":633340,"href":"https:\/\/dicodusport.fr\/blog\/wp-json\/wp\/v2\/posts\/633317\/revisions\/633340"}],"wp:featuredmedia":[{"embeddable":true,"href":"https:\/\/dicodusport.fr\/blog\/wp-json\/wp\/v2\/media\/633323"}],"wp:attachment":[{"href":"https:\/\/dicodusport.fr\/blog\/wp-json\/wp\/v2\/media?parent=633317"}],"wp:term":[{"taxonomy":"category","embeddable":true,"href":"https:\/\/dicodusport.fr\/blog\/wp-json\/wp\/v2\/categories?post=633317"},{"taxonomy":"post_tag","embeddable":true,"href":"https:\/\/dicodusport.fr\/blog\/wp-json\/wp\/v2\/tags?post=633317"}],"curies":[{"name":"wp","href":"https:\/\/api.w.org\/{rel}","templated":true}]}}