{"id":633521,"date":"2025-12-20T07:42:59","date_gmt":"2025-12-20T06:42:59","guid":{"rendered":"https:\/\/dicodusport.fr\/blog\/?p=633521&#038;preview=true&#038;preview_id=633521"},"modified":"2025-12-20T07:42:59","modified_gmt":"2025-12-20T06:42:59","slug":"changement-de-taille-a-la-groupama-fdj-marc-madiot-ne-sera-plus-manager-mais-reste-dans-la-structure","status":"publish","type":"post","link":"https:\/\/dicodusport.fr\/blog\/changement-de-taille-a-la-groupama-fdj-marc-madiot-ne-sera-plus-manager-mais-reste-dans-la-structure\/","title":{"rendered":"Changement de taille \u00e0 la Groupama-FDJ : Marc Madiot ne sera plus manager, mais reste dans la structure"},"content":{"rendered":"<p style=\"text-align: justify;\"><strong><em>SAISON CYCLISTE 2026 &#8211; Cr\u00e9ateur de la formation Groupama-FDJ, Marc Madiot quitte son r\u00f4le de directeur sportif pour embrasser celui de pr\u00e9sident.<\/em><\/strong><\/p>\n<p style=\"text-align: justify;\">La formation<strong> Groupama-FDJ<\/strong> a \u00e9t\u00e9 lanc\u00e9e en 1997, sous le simple nom \u00ab\u00a0La Fran\u00e7aise des Jeux\u00a0\u00bb. Depuis pr\u00e8s de 30 ans, elle subsiste en World Tour, et a vu passer des grands noms du cyclisme. Aux origines, il y avait <strong>Marc Madiot<\/strong>, l&rsquo;ancien double vainqueur de l&rsquo;\u00e9quipe, manager de l&rsquo;\u00e9quipe depuis sa cr\u00e9ation. Mais apr\u00e8s 28 ans de r\u00e8gne, le changement se pr\u00e9pare.<\/p>\n<h2 style=\"text-align: justify;\">Passage de t\u00e9moin<\/h2>\n<p style=\"text-align: justify;\">Dans un entretien \u00e0 <a href=\"https:\/\/www.lequipe.fr\/Cyclisme-sur-route\/Article\/Marc-madiot-cede-sa-place-de-manager-general-de-groupama-fdj-a-thierry-cornec-mon-ambition-est-que-l-equipe-me-survive\/1628221\"><strong>L&rsquo;\u00c9quipe<\/strong><\/a>, <strong>Marc Madiot<\/strong> a expliqu\u00e9 que le moment \u00e9tait venu de passer la main en tant que manager de la formation cycliste. Il va en devenir le pr\u00e9sident, une suite logique pour lui. Avec d&rsquo;abord un regard lucide sur l&rsquo;\u00e9volution de son \u00e9quipe.<\/p>\n<blockquote>\n<p style=\"text-align: justify;\">Quand j&rsquo;ai d\u00e9marr\u00e9 il y a trente ans, on \u00e9tait une petite \u00e9picerie, je l&rsquo;ai souvent r\u00e9p\u00e9t\u00e9, mais c&rsquo;est la r\u00e9alit\u00e9. On avait 18 coureurs, 12 membres de l&rsquo;encadrement, je connaissais tout le monde, j&rsquo;avais travaill\u00e9 avec tout le monde. On \u00e9tait dans une filiation de ce que j&rsquo;avais connu chez Renault avec (Cyrille) Guimard, \u00e7a m&rsquo;avait servi de base de r\u00e9flexion pour la cr\u00e9ation de l&rsquo;\u00e9quipe. Aujourd&rsquo;hui, on est 120 personnes. Comme dans beaucoup d&rsquo;entreprises, je signe des contrats avec des gens que je ne connais pas, que j&#8217;embauche sur un CV. Le r\u00f4le de dirigeant d&rsquo;\u00e9quipe est aussi de s&rsquo;adapter au monde moderne tel qu&rsquo;il se pr\u00e9sente aujourd&rsquo;hui. On a 30 coureurs dans le World Tour, une douzaine dans la \u00ab\u00a0Conti\u00a0\u00bb, les juniors, on est entr\u00e9s dans une autre \u00e8re. Sans vouloir tout casser ou chambouler, il faut \u00e9voluer.<\/p>\n<\/blockquote>\n<p style=\"text-align: justify;\">Son rempla\u00e7ant sera <strong>Thierry Cornec<\/strong>, qui \u00e9tait jusque-l\u00e0 directeur g\u00e9n\u00e9ral adjoint. Un choix \u00e9vident pour Marc Madiot, qui le pr\u00e9sente comme un homme <em>\u00ab\u00a0honn\u00eate, correct, avec le sens du devoir dans une entreprise\u00a0\u00bb<\/em>. Une transition en douceur donc.<\/p>\n<p style=\"text-align: justify;\">Sous sa direction, Groupama-FDJ aura remport\u00e9 trois Monuments, Paris-Roubaix 1997 avec <strong>Fr\u00e9d\u00e9ric Guesdon<\/strong>, Milan &#8211; San Remo avec <strong>Arnaud D\u00e9mare<\/strong> et le Tour de Lombardie 2018 avec <strong>Thibaut Pinot<\/strong>. Sans compter d&rsquo;innombrables succ\u00e8s, dont 39 victoires d&rsquo;\u00e9tape sur les Grands Tours. Mais pour <strong>Marc Madiot<\/strong>, l&rsquo;heure est venue, et comme il l&rsquo;explique, <em>\u00ab\u00a0sur le plan sportif pur, j&rsquo;ai fait le tour de la question\u00a0\u00bb<\/em>. Alors que l&rsquo;\u00e9quipe sera encore en World Tour pour les trois ans \u00e0 venir, reste \u00e0 savoir comment elle dig\u00e8rera cette nouvelle d&rsquo;importance.<\/p>\n<h3 style=\"text-align: justify;\">\u00c0 lire aussi<\/h3>\n<div class=\"vlp-link-container vlp-layout-article\"><a href=\"https:\/\/dicodusport.fr\/blog\/cyclisme-mercato-2025-2026-le-tableau-des-transferts\/\" class=\"vlp-link\" title=\"Cyclisme Mercato 2025-2026 - Le tableau des transferts\"><\/a><div class=\"vlp-layout-zone-side\"><div class=\"vlp-block-4 vlp-link-image\"><img loading=\"lazy\" decoding=\"async\" style=\"max-width: 792px;\" width=\"792\" height=\"445\" src=\"https:\/\/dicodusport.fr\/blog\/wp-content\/uploads\/2025\/02\/Cyclisme-Mercato-2025-2026-Le-tableau-des-transferts.png\" class=\"attachment-800x445 size-800x445\" alt=\"Cyclisme Mercato 2025-2026 - Le tableau des transferts\" srcset=\"https:\/\/dicodusport.fr\/blog\/wp-content\/uploads\/2025\/02\/Cyclisme-Mercato-2025-2026-Le-tableau-des-transferts.png 1200w, https:\/\/dicodusport.fr\/blog\/wp-content\/uploads\/2025\/02\/Cyclisme-Mercato-2025-2026-Le-tableau-des-transferts-300x169.png 300w, https:\/\/dicodusport.fr\/blog\/wp-content\/uploads\/2025\/02\/Cyclisme-Mercato-2025-2026-Le-tableau-des-transferts-1024x575.png 1024w, https:\/\/dicodusport.fr\/blog\/wp-content\/uploads\/2025\/02\/Cyclisme-Mercato-2025-2026-Le-tableau-des-transferts-768x431.png 768w\" sizes=\"auto, (max-width: 792px) 100vw, 792px\" \/><\/div><\/div><div class=\"vlp-layout-zone-main\"><div class=\"vlp-block-0 vlp-link-title\">Cyclisme Mercato 2025-2026 - Le tableau des transferts<\/div><div class=\"vlp-block-1 vlp-link-summary\">MERCATO CYCLISME 2025-2026 - D\u00e9couvrez les transferts officiels et les rumeurs du mercato cycliste.<\/div><div class=\"vlp-block-2 vlp-link-button\">Lire l'article<\/div><div class=\"vlp-block-3 vlp-link-url\">dicodusport.fr<\/div><\/div><\/div>\n","protected":false},"excerpt":{"rendered":"<p>SAISON CYCLISTE 2026 &#8211; Cr\u00e9ateur de la formation Groupama-FDJ, Marc Madiot quitte son r\u00f4le de directeur sportif pour embrasser celui de pr\u00e9sident.<\/p>\n","protected":false},"author":59,"featured_media":633522,"comment_status":"open","ping_status":"closed","sticky":false,"template":"","format":"standard","meta":{"_acf_changed":false,"_daextam_enable_autolinks":"1","footnotes":""},"categories":[46994],"tags":[16878,3279,10446],"class_list":["post-633521","post","type-post","status-publish","format-standard","has-post-thumbnail","hentry","category-cyclisme-sur-route","tag-breve","tag-groupama-fdj","tag-marc-madiot"],"acf":[],"yoast_head":"<!-- This site is optimized with the Yoast SEO Premium plugin v26.7 (Yoast SEO v26.7) - https:\/\/yoast.com\/wordpress\/plugins\/seo\/ -->\n<title>Changement de taille \u00e0 la Groupama-FDJ : Marc Madiot ne sera plus manager, mais reste dans la structure<\/title>\n<meta name=\"description\" content=\"SAISON CYCLISTE 2026 - Cr\u00e9ateur de la formation Groupama-FDJ, Marc Madiot quitte son r\u00f4le de directeur sportif pour embrasser celui de pr\u00e9sident.\" \/>\n<meta name=\"robots\" content=\"index, follow, max-snippet:-1, max-image-preview:large, max-video-preview:-1\" \/>\n<link rel=\"canonical\" href=\"https:\/\/dicodusport.fr\/blog\/changement-de-taille-a-la-groupama-fdj-marc-madiot-ne-sera-plus-manager-mais-reste-dans-la-structure\/\" \/>\n<meta property=\"og:locale\" content=\"fr_FR\" \/>\n<meta property=\"og:type\" content=\"article\" \/>\n<meta property=\"og:title\" content=\"Changement de taille \u00e0 la Groupama-FDJ : Marc Madiot ne sera plus manager, mais reste dans la structure\" \/>\n<meta property=\"og:description\" content=\"SAISON CYCLISTE 2026 - Cr\u00e9ateur de la formation Groupama-FDJ, Marc Madiot quitte son r\u00f4le de directeur sportif pour embrasser celui de pr\u00e9sident.\" \/>\n<meta property=\"og:url\" content=\"https:\/\/dicodusport.fr\/blog\/changement-de-taille-a-la-groupama-fdj-marc-madiot-ne-sera-plus-manager-mais-reste-dans-la-structure\/\" \/>\n<meta property=\"og:site_name\" content=\"Dicodusport\" \/>\n<meta property=\"article:publisher\" content=\"https:\/\/www.facebook.com\/dicodusport\" \/>\n<meta property=\"article:author\" content=\"https:\/\/www.facebook.com\/sebastien.gente\/\" \/>\n<meta property=\"article:published_time\" content=\"2025-12-20T06:42:59+00:00\" \/>\n<meta property=\"og:image\" content=\"https:\/\/dicodusport.fr\/blog\/wp-content\/uploads\/2025\/12\/Changement-de-taille-a-la-Groupama-FDJ-Marc-Madiot-ne-sera-plus-manager-mais-reste-dans-la-structure.png\" \/>\n\t<meta property=\"og:image:width\" content=\"1200\" \/>\n\t<meta property=\"og:image:height\" content=\"674\" \/>\n\t<meta property=\"og:image:type\" content=\"image\/png\" \/>\n<meta name=\"author\" content=\"S\u00e9bastien Gente\" \/>\n<meta name=\"twitter:card\" content=\"summary_large_image\" \/>\n<meta name=\"twitter:title\" content=\"Changement de taille \u00e0 la Groupama-FDJ : Marc Madiot ne sera plus manager, mais reste dans la structure\" \/>\n<meta name=\"twitter:creator\" content=\"@https:\/\/twitter.com\/globulo24\" \/>\n<meta name=\"twitter:site\" content=\"@dicodusport\" \/>\n<script type=\"application\/ld+json\" class=\"yoast-schema-graph\">{\"@context\":\"https:\/\/schema.org\",\"@graph\":[{\"@type\":\"NewsArticle\",\"@id\":\"https:\/\/dicodusport.fr\/blog\/changement-de-taille-a-la-groupama-fdj-marc-madiot-ne-sera-plus-manager-mais-reste-dans-la-structure\/#article\",\"isPartOf\":{\"@id\":\"https:\/\/dicodusport.fr\/blog\/changement-de-taille-a-la-groupama-fdj-marc-madiot-ne-sera-plus-manager-mais-reste-dans-la-structure\/\"},\"author\":{\"name\":\"S\u00e9bastien Gente\",\"@id\":\"https:\/\/dicodusport.fr\/blog\/#\/schema\/person\/627966a6cde45dbd8c5e36ac85d783da\"},\"headline\":\"Changement de taille \u00e0 la Groupama-FDJ : Marc Madiot ne sera plus manager, mais reste dans la structure\",\"datePublished\":\"2025-12-20T06:42:59+00:00\",\"mainEntityOfPage\":{\"@id\":\"https:\/\/dicodusport.fr\/blog\/changement-de-taille-a-la-groupama-fdj-marc-madiot-ne-sera-plus-manager-mais-reste-dans-la-structure\/\"},\"wordCount\":546,\"commentCount\":0,\"publisher\":{\"@id\":\"https:\/\/dicodusport.fr\/blog\/#organization\"},\"image\":{\"@id\":\"https:\/\/dicodusport.fr\/blog\/changement-de-taille-a-la-groupama-fdj-marc-madiot-ne-sera-plus-manager-mais-reste-dans-la-structure\/#primaryimage\"},\"thumbnailUrl\":\"https:\/\/dicodusport.fr\/blog\/wp-content\/uploads\/2025\/12\/Changement-de-taille-a-la-Groupama-FDJ-Marc-Madiot-ne-sera-plus-manager-mais-reste-dans-la-structure.png\",\"keywords\":[\"br\u00e8ve\",\"Groupama FDJ\",\"Marc Madiot\"],\"articleSection\":[\"Cyclisme sur route\"],\"inLanguage\":\"fr-FR\",\"potentialAction\":[{\"@type\":\"CommentAction\",\"name\":\"Comment\",\"target\":[\"https:\/\/dicodusport.fr\/blog\/changement-de-taille-a-la-groupama-fdj-marc-madiot-ne-sera-plus-manager-mais-reste-dans-la-structure\/#respond\"]}],\"copyrightYear\":\"2025\",\"copyrightHolder\":{\"@id\":\"https:\/\/dicodusport.fr\/blog\/#organization\"}},{\"@type\":\"WebPage\",\"@id\":\"https:\/\/dicodusport.fr\/blog\/changement-de-taille-a-la-groupama-fdj-marc-madiot-ne-sera-plus-manager-mais-reste-dans-la-structure\/\",\"url\":\"https:\/\/dicodusport.fr\/blog\/changement-de-taille-a-la-groupama-fdj-marc-madiot-ne-sera-plus-manager-mais-reste-dans-la-structure\/\",\"name\":\"Changement de taille \u00e0 la Groupama-FDJ : Marc Madiot ne sera plus manager, mais reste dans la structure\",\"isPartOf\":{\"@id\":\"https:\/\/dicodusport.fr\/blog\/#website\"},\"primaryImageOfPage\":{\"@id\":\"https:\/\/dicodusport.fr\/blog\/changement-de-taille-a-la-groupama-fdj-marc-madiot-ne-sera-plus-manager-mais-reste-dans-la-structure\/#primaryimage\"},\"image\":{\"@id\":\"https:\/\/dicodusport.fr\/blog\/changement-de-taille-a-la-groupama-fdj-marc-madiot-ne-sera-plus-manager-mais-reste-dans-la-structure\/#primaryimage\"},\"thumbnailUrl\":\"https:\/\/dicodusport.fr\/blog\/wp-content\/uploads\/2025\/12\/Changement-de-taille-a-la-Groupama-FDJ-Marc-Madiot-ne-sera-plus-manager-mais-reste-dans-la-structure.png\",\"datePublished\":\"2025-12-20T06:42:59+00:00\",\"description\":\"SAISON CYCLISTE 2026 - Cr\u00e9ateur de la formation Groupama-FDJ, Marc Madiot quitte son r\u00f4le de directeur sportif pour embrasser celui de pr\u00e9sident.\",\"breadcrumb\":{\"@id\":\"https:\/\/dicodusport.fr\/blog\/changement-de-taille-a-la-groupama-fdj-marc-madiot-ne-sera-plus-manager-mais-reste-dans-la-structure\/#breadcrumb\"},\"inLanguage\":\"fr-FR\",\"potentialAction\":[{\"@type\":\"ReadAction\",\"target\":[\"https:\/\/dicodusport.fr\/blog\/changement-de-taille-a-la-groupama-fdj-marc-madiot-ne-sera-plus-manager-mais-reste-dans-la-structure\/\"]}]},{\"@type\":\"ImageObject\",\"inLanguage\":\"fr-FR\",\"@id\":\"https:\/\/dicodusport.fr\/blog\/changement-de-taille-a-la-groupama-fdj-marc-madiot-ne-sera-plus-manager-mais-reste-dans-la-structure\/#primaryimage\",\"url\":\"https:\/\/dicodusport.fr\/blog\/wp-content\/uploads\/2025\/12\/Changement-de-taille-a-la-Groupama-FDJ-Marc-Madiot-ne-sera-plus-manager-mais-reste-dans-la-structure.png\",\"contentUrl\":\"https:\/\/dicodusport.fr\/blog\/wp-content\/uploads\/2025\/12\/Changement-de-taille-a-la-Groupama-FDJ-Marc-Madiot-ne-sera-plus-manager-mais-reste-dans-la-structure.png\",\"width\":1200,\"height\":674,\"caption\":\"Changement de taille \u00e0 la Groupama-FDJ Marc Madiot ne sera plus manager, mais reste dans la structure\"},{\"@type\":\"BreadcrumbList\",\"@id\":\"https:\/\/dicodusport.fr\/blog\/changement-de-taille-a-la-groupama-fdj-marc-madiot-ne-sera-plus-manager-mais-reste-dans-la-structure\/#breadcrumb\",\"itemListElement\":[{\"@type\":\"ListItem\",\"position\":1,\"name\":\"Accueil\",\"item\":\"https:\/\/dicodusport.fr\/blog\/\"},{\"@type\":\"ListItem\",\"position\":2,\"name\":\"Changement de taille \u00e0 la Groupama-FDJ : Marc Madiot ne sera plus manager, mais reste dans la structure\"}]},{\"@type\":\"WebSite\",\"@id\":\"https:\/\/dicodusport.fr\/blog\/#website\",\"url\":\"https:\/\/dicodusport.fr\/blog\/\",\"name\":\"Dicodusport\",\"description\":\"L&#039;encyclop\u00e9die de l&#039;actualit\u00e9 sportive\",\"publisher\":{\"@id\":\"https:\/\/dicodusport.fr\/blog\/#organization\"},\"potentialAction\":[{\"@type\":\"SearchAction\",\"target\":{\"@type\":\"EntryPoint\",\"urlTemplate\":\"https:\/\/dicodusport.fr\/blog\/?s={search_term_string}\"},\"query-input\":{\"@type\":\"PropertyValueSpecification\",\"valueRequired\":true,\"valueName\":\"search_term_string\"}}],\"inLanguage\":\"fr-FR\"},{\"@type\":\"NewsMediaOrganization\",\"@id\":\"https:\/\/dicodusport.fr\/blog\/#organization\",\"name\":\"Dicodusport\",\"url\":\"https:\/\/dicodusport.fr\/blog\/\",\"logo\":{\"@type\":\"ImageObject\",\"inLanguage\":\"fr-FR\",\"@id\":\"https:\/\/dicodusport.fr\/blog\/#\/schema\/logo\/image\/\",\"url\":\"https:\/\/dicodusport.fr\/blog\/wp-content\/uploads\/2020\/06\/cropped-LOGO-DICODUSPORT-2020-SANS-FOND-SANS-TEXTE.png\",\"contentUrl\":\"https:\/\/dicodusport.fr\/blog\/wp-content\/uploads\/2020\/06\/cropped-LOGO-DICODUSPORT-2020-SANS-FOND-SANS-TEXTE.png\",\"width\":512,\"height\":512,\"caption\":\"Dicodusport\"},\"image\":{\"@id\":\"https:\/\/dicodusport.fr\/blog\/#\/schema\/logo\/image\/\"},\"sameAs\":[\"https:\/\/www.facebook.com\/dicodusport\",\"https:\/\/x.com\/dicodusport\",\"https:\/\/www.instagram.com\/dicodusport\/\",\"https:\/\/www.youtube.com\/channel\/UC7V2KZ5sd3htJivAbA4ZG3w\"],\"description\":\"Dicodusport est l'encyclop\u00e9die de l'actualit\u00e9 sportive.\",\"email\":\"bonjour@dicodusport.fr\",\"legalName\":\"DICODUSPORT\",\"foundingDate\":\"2018-01-14\",\"vatID\":\"FR71834470973\",\"taxID\":\"83447097300043\",\"numberOfEmployees\":{\"@type\":\"QuantitativeValue\",\"minValue\":\"1\",\"maxValue\":\"10\"}},{\"@type\":\"Person\",\"@id\":\"https:\/\/dicodusport.fr\/blog\/#\/schema\/person\/627966a6cde45dbd8c5e36ac85d783da\",\"name\":\"S\u00e9bastien Gente\",\"image\":{\"@type\":\"ImageObject\",\"inLanguage\":\"fr-FR\",\"@id\":\"https:\/\/dicodusport.fr\/blog\/#\/schema\/person\/image\/\",\"url\":\"https:\/\/dicodusport.fr\/blog\/wp-content\/uploads\/2021\/09\/1510990_10205810251400683_4124423575079401707_n-150x150.jpg\",\"contentUrl\":\"https:\/\/dicodusport.fr\/blog\/wp-content\/uploads\/2021\/09\/1510990_10205810251400683_4124423575079401707_n-150x150.jpg\",\"caption\":\"S\u00e9bastien Gente\"},\"description\":\"John Stockton, Gianni Bugno, Zinedine Zidane, Steffi Graf, Frode Andresen, St\u00e9phane Stoecklin, Davis Kamoga, Primoz Peterka, Werner Schlager et Aur\u00e9lien Rougerie. Point commun entre ces sportifs? Ils m'ont fait r\u00eaver et ont berc\u00e9 mon adolescence. Je suis un fondu de sports et j'essaie de retranscrire ma passion \u00e0 travers mes articles. Originaire du P\u00e9rigord, ma passion pour les Girondins, les Jaunards et les Jazzmen transpire dans mes \u00e9crits. \u00c0 Dicodusport depuis 2021, je d\u00e9niche les sports m\u00e9connus dans lesquels la France brille, et il y en a !\",\"sameAs\":[\"https:\/\/www.facebook.com\/sebastien.gente\/\",\"https:\/\/www.instagram.com\/sebgente\/\",\"https:\/\/www.linkedin.com\/in\/sbastien-gente-a29583169\/\",\"https:\/\/x.com\/https:\/\/twitter.com\/globulo24\",\"SebastienGente\"],\"worksFor\":\"S\u00e9bastien GENTE\",\"url\":\"https:\/\/dicodusport.fr\/blog\/author\/sebastiengente\/\"}]}<\/script>\n<!-- \/ Yoast SEO Premium plugin. -->","yoast_head_json":{"title":"Changement de taille \u00e0 la Groupama-FDJ : Marc Madiot ne sera plus manager, mais reste dans la structure","description":"SAISON CYCLISTE 2026 - Cr\u00e9ateur de la formation Groupama-FDJ, Marc Madiot quitte son r\u00f4le de directeur sportif pour embrasser celui de pr\u00e9sident.","robots":{"index":"index","follow":"follow","max-snippet":"max-snippet:-1","max-image-preview":"max-image-preview:large","max-video-preview":"max-video-preview:-1"},"canonical":"https:\/\/dicodusport.fr\/blog\/changement-de-taille-a-la-groupama-fdj-marc-madiot-ne-sera-plus-manager-mais-reste-dans-la-structure\/","og_locale":"fr_FR","og_type":"article","og_title":"Changement de taille \u00e0 la Groupama-FDJ : Marc Madiot ne sera plus manager, mais reste dans la structure","og_description":"SAISON CYCLISTE 2026 - Cr\u00e9ateur de la formation Groupama-FDJ, Marc Madiot quitte son r\u00f4le de directeur sportif pour embrasser celui de pr\u00e9sident.","og_url":"https:\/\/dicodusport.fr\/blog\/changement-de-taille-a-la-groupama-fdj-marc-madiot-ne-sera-plus-manager-mais-reste-dans-la-structure\/","og_site_name":"Dicodusport","article_publisher":"https:\/\/www.facebook.com\/dicodusport","article_author":"https:\/\/www.facebook.com\/sebastien.gente\/","article_published_time":"2025-12-20T06:42:59+00:00","og_image":[{"width":1200,"height":674,"url":"https:\/\/dicodusport.fr\/blog\/wp-content\/uploads\/2025\/12\/Changement-de-taille-a-la-Groupama-FDJ-Marc-Madiot-ne-sera-plus-manager-mais-reste-dans-la-structure.png","type":"image\/png"}],"author":"S\u00e9bastien Gente","twitter_card":"summary_large_image","twitter_title":"Changement de taille \u00e0 la Groupama-FDJ : Marc Madiot ne sera plus manager, mais reste dans la structure","twitter_creator":"@https:\/\/twitter.com\/globulo24","twitter_site":"@dicodusport","schema":{"@context":"https:\/\/schema.org","@graph":[{"@type":"NewsArticle","@id":"https:\/\/dicodusport.fr\/blog\/changement-de-taille-a-la-groupama-fdj-marc-madiot-ne-sera-plus-manager-mais-reste-dans-la-structure\/#article","isPartOf":{"@id":"https:\/\/dicodusport.fr\/blog\/changement-de-taille-a-la-groupama-fdj-marc-madiot-ne-sera-plus-manager-mais-reste-dans-la-structure\/"},"author":{"name":"S\u00e9bastien Gente","@id":"https:\/\/dicodusport.fr\/blog\/#\/schema\/person\/627966a6cde45dbd8c5e36ac85d783da"},"headline":"Changement de taille \u00e0 la Groupama-FDJ : Marc Madiot ne sera plus manager, mais reste dans la structure","datePublished":"2025-12-20T06:42:59+00:00","mainEntityOfPage":{"@id":"https:\/\/dicodusport.fr\/blog\/changement-de-taille-a-la-groupama-fdj-marc-madiot-ne-sera-plus-manager-mais-reste-dans-la-structure\/"},"wordCount":546,"commentCount":0,"publisher":{"@id":"https:\/\/dicodusport.fr\/blog\/#organization"},"image":{"@id":"https:\/\/dicodusport.fr\/blog\/changement-de-taille-a-la-groupama-fdj-marc-madiot-ne-sera-plus-manager-mais-reste-dans-la-structure\/#primaryimage"},"thumbnailUrl":"https:\/\/dicodusport.fr\/blog\/wp-content\/uploads\/2025\/12\/Changement-de-taille-a-la-Groupama-FDJ-Marc-Madiot-ne-sera-plus-manager-mais-reste-dans-la-structure.png","keywords":["br\u00e8ve","Groupama FDJ","Marc Madiot"],"articleSection":["Cyclisme sur route"],"inLanguage":"fr-FR","potentialAction":[{"@type":"CommentAction","name":"Comment","target":["https:\/\/dicodusport.fr\/blog\/changement-de-taille-a-la-groupama-fdj-marc-madiot-ne-sera-plus-manager-mais-reste-dans-la-structure\/#respond"]}],"copyrightYear":"2025","copyrightHolder":{"@id":"https:\/\/dicodusport.fr\/blog\/#organization"}},{"@type":"WebPage","@id":"https:\/\/dicodusport.fr\/blog\/changement-de-taille-a-la-groupama-fdj-marc-madiot-ne-sera-plus-manager-mais-reste-dans-la-structure\/","url":"https:\/\/dicodusport.fr\/blog\/changement-de-taille-a-la-groupama-fdj-marc-madiot-ne-sera-plus-manager-mais-reste-dans-la-structure\/","name":"Changement de taille \u00e0 la Groupama-FDJ : Marc Madiot ne sera plus manager, mais reste dans la structure","isPartOf":{"@id":"https:\/\/dicodusport.fr\/blog\/#website"},"primaryImageOfPage":{"@id":"https:\/\/dicodusport.fr\/blog\/changement-de-taille-a-la-groupama-fdj-marc-madiot-ne-sera-plus-manager-mais-reste-dans-la-structure\/#primaryimage"},"image":{"@id":"https:\/\/dicodusport.fr\/blog\/changement-de-taille-a-la-groupama-fdj-marc-madiot-ne-sera-plus-manager-mais-reste-dans-la-structure\/#primaryimage"},"thumbnailUrl":"https:\/\/dicodusport.fr\/blog\/wp-content\/uploads\/2025\/12\/Changement-de-taille-a-la-Groupama-FDJ-Marc-Madiot-ne-sera-plus-manager-mais-reste-dans-la-structure.png","datePublished":"2025-12-20T06:42:59+00:00","description":"SAISON CYCLISTE 2026 - Cr\u00e9ateur de la formation Groupama-FDJ, Marc Madiot quitte son r\u00f4le de directeur sportif pour embrasser celui de pr\u00e9sident.","breadcrumb":{"@id":"https:\/\/dicodusport.fr\/blog\/changement-de-taille-a-la-groupama-fdj-marc-madiot-ne-sera-plus-manager-mais-reste-dans-la-structure\/#breadcrumb"},"inLanguage":"fr-FR","potentialAction":[{"@type":"ReadAction","target":["https:\/\/dicodusport.fr\/blog\/changement-de-taille-a-la-groupama-fdj-marc-madiot-ne-sera-plus-manager-mais-reste-dans-la-structure\/"]}]},{"@type":"ImageObject","inLanguage":"fr-FR","@id":"https:\/\/dicodusport.fr\/blog\/changement-de-taille-a-la-groupama-fdj-marc-madiot-ne-sera-plus-manager-mais-reste-dans-la-structure\/#primaryimage","url":"https:\/\/dicodusport.fr\/blog\/wp-content\/uploads\/2025\/12\/Changement-de-taille-a-la-Groupama-FDJ-Marc-Madiot-ne-sera-plus-manager-mais-reste-dans-la-structure.png","contentUrl":"https:\/\/dicodusport.fr\/blog\/wp-content\/uploads\/2025\/12\/Changement-de-taille-a-la-Groupama-FDJ-Marc-Madiot-ne-sera-plus-manager-mais-reste-dans-la-structure.png","width":1200,"height":674,"caption":"Changement de taille \u00e0 la Groupama-FDJ Marc Madiot ne sera plus manager, mais reste dans la structure"},{"@type":"BreadcrumbList","@id":"https:\/\/dicodusport.fr\/blog\/changement-de-taille-a-la-groupama-fdj-marc-madiot-ne-sera-plus-manager-mais-reste-dans-la-structure\/#breadcrumb","itemListElement":[{"@type":"ListItem","position":1,"name":"Accueil","item":"https:\/\/dicodusport.fr\/blog\/"},{"@type":"ListItem","position":2,"name":"Changement de taille \u00e0 la Groupama-FDJ : Marc Madiot ne sera plus manager, mais reste dans la structure"}]},{"@type":"WebSite","@id":"https:\/\/dicodusport.fr\/blog\/#website","url":"https:\/\/dicodusport.fr\/blog\/","name":"Dicodusport","description":"L&#039;encyclop\u00e9die de l&#039;actualit\u00e9 sportive","publisher":{"@id":"https:\/\/dicodusport.fr\/blog\/#organization"},"potentialAction":[{"@type":"SearchAction","target":{"@type":"EntryPoint","urlTemplate":"https:\/\/dicodusport.fr\/blog\/?s={search_term_string}"},"query-input":{"@type":"PropertyValueSpecification","valueRequired":true,"valueName":"search_term_string"}}],"inLanguage":"fr-FR"},{"@type":"NewsMediaOrganization","@id":"https:\/\/dicodusport.fr\/blog\/#organization","name":"Dicodusport","url":"https:\/\/dicodusport.fr\/blog\/","logo":{"@type":"ImageObject","inLanguage":"fr-FR","@id":"https:\/\/dicodusport.fr\/blog\/#\/schema\/logo\/image\/","url":"https:\/\/dicodusport.fr\/blog\/wp-content\/uploads\/2020\/06\/cropped-LOGO-DICODUSPORT-2020-SANS-FOND-SANS-TEXTE.png","contentUrl":"https:\/\/dicodusport.fr\/blog\/wp-content\/uploads\/2020\/06\/cropped-LOGO-DICODUSPORT-2020-SANS-FOND-SANS-TEXTE.png","width":512,"height":512,"caption":"Dicodusport"},"image":{"@id":"https:\/\/dicodusport.fr\/blog\/#\/schema\/logo\/image\/"},"sameAs":["https:\/\/www.facebook.com\/dicodusport","https:\/\/x.com\/dicodusport","https:\/\/www.instagram.com\/dicodusport\/","https:\/\/www.youtube.com\/channel\/UC7V2KZ5sd3htJivAbA4ZG3w"],"description":"Dicodusport est l'encyclop\u00e9die de l'actualit\u00e9 sportive.","email":"bonjour@dicodusport.fr","legalName":"DICODUSPORT","foundingDate":"2018-01-14","vatID":"FR71834470973","taxID":"83447097300043","numberOfEmployees":{"@type":"QuantitativeValue","minValue":"1","maxValue":"10"}},{"@type":"Person","@id":"https:\/\/dicodusport.fr\/blog\/#\/schema\/person\/627966a6cde45dbd8c5e36ac85d783da","name":"S\u00e9bastien Gente","image":{"@type":"ImageObject","inLanguage":"fr-FR","@id":"https:\/\/dicodusport.fr\/blog\/#\/schema\/person\/image\/","url":"https:\/\/dicodusport.fr\/blog\/wp-content\/uploads\/2021\/09\/1510990_10205810251400683_4124423575079401707_n-150x150.jpg","contentUrl":"https:\/\/dicodusport.fr\/blog\/wp-content\/uploads\/2021\/09\/1510990_10205810251400683_4124423575079401707_n-150x150.jpg","caption":"S\u00e9bastien Gente"},"description":"John Stockton, Gianni Bugno, Zinedine Zidane, Steffi Graf, Frode Andresen, St\u00e9phane Stoecklin, Davis Kamoga, Primoz Peterka, Werner Schlager et Aur\u00e9lien Rougerie. Point commun entre ces sportifs? Ils m'ont fait r\u00eaver et ont berc\u00e9 mon adolescence. Je suis un fondu de sports et j'essaie de retranscrire ma passion \u00e0 travers mes articles. Originaire du P\u00e9rigord, ma passion pour les Girondins, les Jaunards et les Jazzmen transpire dans mes \u00e9crits. \u00c0 Dicodusport depuis 2021, je d\u00e9niche les sports m\u00e9connus dans lesquels la France brille, et il y en a !","sameAs":["https:\/\/www.facebook.com\/sebastien.gente\/","https:\/\/www.instagram.com\/sebgente\/","https:\/\/www.linkedin.com\/in\/sbastien-gente-a29583169\/","https:\/\/x.com\/https:\/\/twitter.com\/globulo24","SebastienGente"],"worksFor":"S\u00e9bastien GENTE","url":"https:\/\/dicodusport.fr\/blog\/author\/sebastiengente\/"}]}},"_links":{"self":[{"href":"https:\/\/dicodusport.fr\/blog\/wp-json\/wp\/v2\/posts\/633521","targetHints":{"allow":["GET"]}}],"collection":[{"href":"https:\/\/dicodusport.fr\/blog\/wp-json\/wp\/v2\/posts"}],"about":[{"href":"https:\/\/dicodusport.fr\/blog\/wp-json\/wp\/v2\/types\/post"}],"author":[{"embeddable":true,"href":"https:\/\/dicodusport.fr\/blog\/wp-json\/wp\/v2\/users\/59"}],"replies":[{"embeddable":true,"href":"https:\/\/dicodusport.fr\/blog\/wp-json\/wp\/v2\/comments?post=633521"}],"version-history":[{"count":1,"href":"https:\/\/dicodusport.fr\/blog\/wp-json\/wp\/v2\/posts\/633521\/revisions"}],"predecessor-version":[{"id":633523,"href":"https:\/\/dicodusport.fr\/blog\/wp-json\/wp\/v2\/posts\/633521\/revisions\/633523"}],"wp:featuredmedia":[{"embeddable":true,"href":"https:\/\/dicodusport.fr\/blog\/wp-json\/wp\/v2\/media\/633522"}],"wp:attachment":[{"href":"https:\/\/dicodusport.fr\/blog\/wp-json\/wp\/v2\/media?parent=633521"}],"wp:term":[{"taxonomy":"category","embeddable":true,"href":"https:\/\/dicodusport.fr\/blog\/wp-json\/wp\/v2\/categories?post=633521"},{"taxonomy":"post_tag","embeddable":true,"href":"https:\/\/dicodusport.fr\/blog\/wp-json\/wp\/v2\/tags?post=633521"}],"curies":[{"name":"wp","href":"https:\/\/api.w.org\/{rel}","templated":true}]}}