{"id":633543,"date":"2025-12-20T13:10:53","date_gmt":"2025-12-20T12:10:53","guid":{"rendered":"https:\/\/dicodusport.fr\/blog\/?p=633543&#038;preview=true&#038;preview_id=633543"},"modified":"2025-12-20T13:39:19","modified_gmt":"2025-12-20T12:39:19","slug":"franjo-von-allmen-mate-marco-odermatt-sur-la-deuxieme-descente-de-val-gardena-nils-alphand-frole-le-podium","status":"publish","type":"post","link":"https:\/\/dicodusport.fr\/blog\/franjo-von-allmen-mate-marco-odermatt-sur-la-deuxieme-descente-de-val-gardena-nils-alphand-frole-le-podium\/","title":{"rendered":"Franjo von Allmen mate Marco Odermatt sur la deuxi\u00e8me descente de Val Gardena, Nils Alphand fr\u00f4le le podium"},"content":{"rendered":"<p style=\"text-align: justify;\"><strong><em>COUPE DU MONDE DE SKI ALPIN 2025\/2026 &#8211; Franjo von Allmen a surpass\u00e9 Marco Odermatt ce samedi lors de la deuxi\u00e8me descente de Val Gardena.<\/em><\/strong><\/p>\n<ul style=\"text-align: justify;\">\n<li><strong>\u00c0 ce sujet \u2014\u00a0<a href=\"https:\/\/dicodusport.fr\/blog\/ski-alpin-coupe-du-monde-2025-2026-le-calendrier-complet\/\">Ski alpin Coupe du monde 2025-2026 \u2013 Le calendrier complet<\/a><\/strong><\/li>\n<\/ul>\n<p style=\"text-align: justify;\">Suite \u00e0 une <a href=\"https:\/\/dicodusport.fr\/blog\/surpuissant-marco-odermatt-remporte-sa-50eme-victoire-en-carriere-sur-la-descente-de-val-gardena\/\">premi\u00e8re descente interminable jeudi<\/a>, et un<a href=\"https:\/\/dicodusport.fr\/blog\/historique-jan-zabystran-vainqueur-du-super-g-de-val-gardena-devant-marco-odermatt\/\"> Super-G surprenant vendredi<\/a>, la rocambolesque \u00e9tape de <strong>Val Gardena<\/strong> prenait fin ce samedi avec une nouvelle <strong>descente<\/strong>. Les conditions climatiques \u00e9tant cette fois cl\u00e9mentes, une belle bataille \u00e9tait attendue sur la <strong>Saslong<\/strong>.<\/p>\n<h2 style=\"text-align: justify;\">Franjo von Allmen supersonique, Odermatt s&rsquo;incline<\/h2>\n<p style=\"text-align: justify;\">Entre changements de direction serr\u00e9s, haute vitesse, et effort extr\u00eamement long (environ deux minutes), la descente \u00e9tait intense, ce qui a rapidement entra\u00een\u00e9 des \u00e9carts cons\u00e9quents entre les premiers skieurs \u00e0 ouvrir la piste. Parti avec le dossard 2, <strong>Niels Hintermann<\/strong> a ainsi tenu le temps de r\u00e9f\u00e9rence jusqu&rsquo;\u00e0 l&rsquo;arriv\u00e9e du patron, <strong>Marco Odermatt<\/strong>. Deux jours apr\u00e8s avoir conquis sa 50\u00e8me victoire en Coupe du monde, le leader du classement g\u00e9n\u00e9ral a d\u00e9livr\u00e9 une nouvelle prestation solide. Malgr\u00e9 une erreur sur le Ciaslat, cela ne l&rsquo;a pas emp\u00each\u00e9 de coller plus de huit dixi\u00e8mes \u00e0 son compatriote en \u00e9tablissant un chrono en 1:58.97.<\/p>\n<ul style=\"text-align: justify;\">\n<li><strong>\u00c0 lire aussi &#8211; <a href=\"https:\/\/dicodusport.fr\/blog\/classement-et-resultats-descente-de-val-gardena-2025-samedi-20-decembre\/\">Classement et r\u00e9sultats Descente de Val Gardena 2025 (samedi 20 d\u00e9cembre)<\/a><\/strong><\/li>\n<\/ul>\n<p style=\"text-align: justify;\">Cependant, cette marque n&rsquo;aura tenu que deux minutes, le temps pour <strong>Franjo von Allmen<\/strong> de l&rsquo;effacer. Impressionnant sur le haut, ce dernier a ensuite tenu son avance pour rafler sa 4\u00e8me victoire en carri\u00e8re en am\u00e9liorant le chrono d&rsquo;Odermatt de trois dixi\u00e8mes. Derri\u00e8re ce duo, personne n&rsquo;a \u00e9t\u00e9 en capacit\u00e9 de venir s&rsquo;intercaler, laissant la Suisse s&rsquo;offrir un nouveau magnifique doubl\u00e9. En revanche, la derni\u00e8re marche sur le podium a sembl\u00e9 plus ouverte que jamais. Un \u00e0 un, les candidats se sont fait pi\u00e9ger, <strong>Alexis Monney<\/strong> et <strong>Ryan Cochran-Siegle<\/strong> partant \u00e0 la faute, tandis que<strong> Stefan Rogentin<\/strong> ou<strong> James Crawford<\/strong> n&rsquo;ont jamais \u00e9t\u00e9 dans le coup.<\/p>\n<blockquote class=\"twitter-tweet\">\n<p dir=\"ltr\" lang=\"es\">\ud83d\ude28\ud83c\udfc6 Von Allmen, \ud835\udc94\ud835\udc96\ud835\udc86\ud835\udc93\ud835\udc90 \ud835\udc90 \ud835\udc84\ud835\udc89\ud835\udc82\ud835\udc8e\ud835\udc91\ud835\udc82\u0301\ud835\udc8f<\/p>\n<p>Tras su ca\u00edda el viernes en el Super-G, Franjo bate a todo un Marco Odermatt en el Descenso de Val Gardena \ud83c\uddee\ud83c\uddf9 jug\u00e1ndosela a tope \ud83d\udca3<\/p>\n<p>\ud83c\udf99\ufe0f La narraci\u00f3n de <a href=\"https:\/\/twitter.com\/ptrapla?ref_src=twsrc%5Etfw\">@ptrapla<\/a> <a href=\"https:\/\/twitter.com\/MiguelinGalindo?ref_src=twsrc%5Etfw\">@MiguelinGalindo<\/a> y Jaime Gil <a href=\"https:\/\/twitter.com\/rfedinv?ref_src=twsrc%5Etfw\">@rfedinv<\/a> \u2935\ufe0f<a href=\"https:\/\/twitter.com\/hashtag\/FISalpine?src=hash&amp;ref_src=twsrc%5Etfw\">#FISalpine<\/a> <a href=\"https:\/\/t.co\/3PA7ZbGdUM\">pic.twitter.com\/3PA7ZbGdUM<\/a><\/p>\n<p>\u2014 Eurosport.es (@Eurosport_ES) <a href=\"https:\/\/twitter.com\/Eurosport_ES\/status\/2002346612740206872?ref_src=twsrc%5Etfw\">December 20, 2025<\/a><\/p><\/blockquote>\n<p style=\"text-align: justify;\"><script async src=\"https:\/\/platform.twitter.com\/widgets.js\" charset=\"utf-8\"><\/script><\/p>\n<h2 style=\"text-align: justify;\">Nils Alphand \u00e0 deux centi\u00e8mes de la bo\u00eete !<\/h2>\n<p style=\"text-align: justify;\">Si <strong>Dominik Paris<\/strong> s&rsquo;est empar\u00e9 du spot en surpassant <strong>Hintermann<\/strong> d&rsquo;un minuscule centi\u00e8me, c&rsquo;est son compatriote <strong>Florian Schieder<\/strong> qui l&rsquo;en a d\u00e9log\u00e9 en \u00e9tant le seul autre homme \u00e0 se positionner sous la seconde (+0.98). Ainsi, l&rsquo;Italien d\u00e9croche son 3\u00e8me podium en carri\u00e8re, deux ans apr\u00e8s le dernier. Et pourtant, l&rsquo;Italien est pass\u00e9 proche de se faire couper l&rsquo;herbe sous le pied.<\/p>\n<p style=\"text-align: justify;\">Auteur de son meilleur r\u00e9sultat jeudi (5\u00e8me), <strong>Nils Alphand<\/strong> a fait encore mieux en \u00e9chouant \u00e0 deux petits centi\u00e8mes de Schieder, et \u00e0 une seconde de <strong>von Allmen<\/strong>. Pour un rien, le Fran\u00e7ais termine donc \u00e0 la 4\u00e8me place. Un position frustrante, mais qui confirme sa folle semaine en Italie.<\/p>\n<p style=\"text-align: justify;\">4\u00e8me jeudi et vendredi, <strong>Nils All\u00e8gre<\/strong> n&rsquo;a pas connu la m\u00eame r\u00e9ussite ce samedi. Dans le rythme pour une potentielle bo\u00eete, il a perdu tout espoir \u00e0 l&rsquo;entr\u00e9e du Ciaslat, et s&rsquo;est retrouv\u00e9 \u00e9ject\u00e9 du Top 10, juste devant <strong>Maxence Muzaton<\/strong>, qui a termin\u00e9 15 centi\u00e8mes derri\u00e8re lui. Les Fran\u00e7ais \u00e9taient d&rsquo;ailleurs globalement inspir\u00e9s.<strong> Adrien Th\u00e9aux<\/strong> a ainsi r\u00e9alis\u00e9 l&rsquo;une des meilleures performances de ces derni\u00e8res ann\u00e9es en se hissant dans le Top 10. De son c\u00f4t\u00e9, <strong>Blaise Giezendanner<\/strong> est venu se positionner juste devant All\u00e8gre, pour valider un magnifique tir group\u00e9 en premi\u00e8re partie du classement pour les Bleus (5 Fran\u00e7ais dans le Top 20\u00b0.<\/p>\n<blockquote class=\"twitter-tweet\">\n<p dir=\"ltr\" lang=\"fr\">ON EST MAUDITS<\/p>\n<p>Si tu t&rsquo;appelles Nils, tu es Fran\u00e7ais de Serre-Chevalier, tu termines 4e \u00e0 Val Gardena cette semaine.<\/p>\n<p>Nils Alphand \u00e0 deux centi\u00e8mes du podium, course exceptionnelle de sa part, du tr\u00e8s grand ski <a href=\"https:\/\/twitter.com\/hashtag\/fisalpine?src=hash&amp;ref_src=twsrc%5Etfw\">#fisalpine<\/a><\/p>\n<p>\u2014 Pierre Gorce (@pierregorce12) <a href=\"https:\/\/twitter.com\/pierregorce12\/status\/2002344642906337457?ref_src=twsrc%5Etfw\">December 20, 2025<\/a><\/p><\/blockquote>\n<p style=\"text-align: justify;\"><script async src=\"https:\/\/platform.twitter.com\/widgets.js\" charset=\"utf-8\"><\/script><\/p>\n<ul>\n<li><strong>\u00c0 ce sujet \u2014\u00a0<a href=\"https:\/\/dicodusport.fr\/blog\/coupe-du-monde-ski-alpin-classement-general-hommes-mis-a-jour\/\">Coupe du monde Ski alpin : Classement g\u00e9n\u00e9ral hommes mis \u00e0 jour<\/a><\/strong><\/li>\n<\/ul>\n<div id=\"gtx-trans\" style=\"position: absolute; left: -14px; top: 40.9091px;\">\n<div class=\"gtx-trans-icon\" style=\"text-align: justify;\"><\/div>\n<\/div>\n","protected":false},"excerpt":{"rendered":"<p>COUPE DU MONDE DE SKI ALPIN 2025\/2026 &#8211; Franjo von Allmen a surpass\u00e9 Marco Odermatt ce samedi lors de la deuxi\u00e8me descente de Val Gardena.<\/p>\n","protected":false},"author":55,"featured_media":633585,"comment_status":"open","ping_status":"closed","sticky":false,"template":"","format":"standard","meta":{"_acf_changed":false,"_daextam_enable_autolinks":"1","footnotes":""},"categories":[9217],"tags":[16878,12586,676],"class_list":["post-633543","post","type-post","status-publish","format-standard","has-post-thumbnail","hentry","category-ski","tag-breve","tag-coupe-du-monde-de-ski-alpin","tag-ski"],"acf":[],"yoast_head":"<!-- This site is optimized with the Yoast SEO Premium plugin v26.7 (Yoast SEO v26.7) - https:\/\/yoast.com\/wordpress\/plugins\/seo\/ -->\n<title>Franjo von Allmen mate Marco Odermatt sur la deuxi\u00e8me descente de Val Gardena, Nils Alphand fr\u00f4le le podium<\/title>\n<meta name=\"description\" content=\"COUPE DU MONDE DE SKI ALPIN 2025\/2026 - Franjo von Allmen a surpass\u00e9 Marco Odermatt ce samedi lors de la deuxi\u00e8me descente de Val Gardena.\" \/>\n<meta name=\"robots\" content=\"index, follow, max-snippet:-1, max-image-preview:large, max-video-preview:-1\" \/>\n<link rel=\"canonical\" href=\"https:\/\/dicodusport.fr\/blog\/franjo-von-allmen-mate-marco-odermatt-sur-la-deuxieme-descente-de-val-gardena-nils-alphand-frole-le-podium\/\" \/>\n<meta property=\"og:locale\" content=\"fr_FR\" \/>\n<meta property=\"og:type\" content=\"article\" \/>\n<meta property=\"og:title\" content=\"Franjo von Allmen mate Marco Odermatt sur la deuxi\u00e8me descente de Val Gardena, Nils Alphand fr\u00f4le le podium\" \/>\n<meta property=\"og:description\" content=\"COUPE DU MONDE DE SKI ALPIN 2025\/2026 - Franjo von Allmen a surpass\u00e9 Marco Odermatt ce samedi lors de la deuxi\u00e8me descente de Val Gardena.\" \/>\n<meta property=\"og:url\" content=\"https:\/\/dicodusport.fr\/blog\/franjo-von-allmen-mate-marco-odermatt-sur-la-deuxieme-descente-de-val-gardena-nils-alphand-frole-le-podium\/\" \/>\n<meta property=\"og:site_name\" content=\"Dicodusport\" \/>\n<meta property=\"article:publisher\" content=\"https:\/\/www.facebook.com\/dicodusport\" \/>\n<meta property=\"article:published_time\" content=\"2025-12-20T12:10:53+00:00\" \/>\n<meta property=\"article:modified_time\" content=\"2025-12-20T12:39:19+00:00\" \/>\n<meta property=\"og:image\" content=\"https:\/\/dicodusport.fr\/blog\/wp-content\/uploads\/2025\/12\/Franjo-von-Allmen-mate-Marco-Odermatt-sur-la-deuxieme-descente-de-Val-Gardena-Nils-Alphand-frole-le-podium.png\" \/>\n\t<meta property=\"og:image:width\" content=\"1200\" \/>\n\t<meta property=\"og:image:height\" content=\"674\" \/>\n\t<meta property=\"og:image:type\" content=\"image\/png\" \/>\n<meta name=\"author\" content=\"Maxime Cazenave\" \/>\n<meta name=\"twitter:card\" content=\"summary_large_image\" \/>\n<meta name=\"twitter:title\" content=\"Franjo von Allmen mate Marco Odermatt sur la deuxi\u00e8me descente de Val Gardena, Nils Alphand fr\u00f4le le podium\" \/>\n<meta name=\"twitter:creator\" content=\"@https:\/\/twitter.com\/Maxime_Caze\" \/>\n<meta name=\"twitter:site\" content=\"@dicodusport\" \/>\n<script type=\"application\/ld+json\" class=\"yoast-schema-graph\">{\"@context\":\"https:\/\/schema.org\",\"@graph\":[{\"@type\":\"NewsArticle\",\"@id\":\"https:\/\/dicodusport.fr\/blog\/franjo-von-allmen-mate-marco-odermatt-sur-la-deuxieme-descente-de-val-gardena-nils-alphand-frole-le-podium\/#article\",\"isPartOf\":{\"@id\":\"https:\/\/dicodusport.fr\/blog\/franjo-von-allmen-mate-marco-odermatt-sur-la-deuxieme-descente-de-val-gardena-nils-alphand-frole-le-podium\/\"},\"author\":{\"name\":\"Maxime Cazenave\",\"@id\":\"https:\/\/dicodusport.fr\/blog\/#\/schema\/person\/37def232098a7a5cbab3974a3690abb0\"},\"headline\":\"Franjo von Allmen mate Marco Odermatt sur la deuxi\u00e8me descente de Val Gardena, Nils Alphand fr\u00f4le le podium\",\"datePublished\":\"2025-12-20T12:10:53+00:00\",\"dateModified\":\"2025-12-20T12:39:19+00:00\",\"mainEntityOfPage\":{\"@id\":\"https:\/\/dicodusport.fr\/blog\/franjo-von-allmen-mate-marco-odermatt-sur-la-deuxieme-descente-de-val-gardena-nils-alphand-frole-le-podium\/\"},\"wordCount\":709,\"commentCount\":0,\"publisher\":{\"@id\":\"https:\/\/dicodusport.fr\/blog\/#organization\"},\"image\":{\"@id\":\"https:\/\/dicodusport.fr\/blog\/franjo-von-allmen-mate-marco-odermatt-sur-la-deuxieme-descente-de-val-gardena-nils-alphand-frole-le-podium\/#primaryimage\"},\"thumbnailUrl\":\"https:\/\/dicodusport.fr\/blog\/wp-content\/uploads\/2025\/12\/Franjo-von-Allmen-mate-Marco-Odermatt-sur-la-deuxieme-descente-de-Val-Gardena-Nils-Alphand-frole-le-podium.png\",\"keywords\":[\"br\u00e8ve\",\"Coupe du monde de ski alpin\",\"ski\"],\"articleSection\":[\"Ski\"],\"inLanguage\":\"fr-FR\",\"potentialAction\":[{\"@type\":\"CommentAction\",\"name\":\"Comment\",\"target\":[\"https:\/\/dicodusport.fr\/blog\/franjo-von-allmen-mate-marco-odermatt-sur-la-deuxieme-descente-de-val-gardena-nils-alphand-frole-le-podium\/#respond\"]}],\"copyrightYear\":\"2025\",\"copyrightHolder\":{\"@id\":\"https:\/\/dicodusport.fr\/blog\/#organization\"}},{\"@type\":\"WebPage\",\"@id\":\"https:\/\/dicodusport.fr\/blog\/franjo-von-allmen-mate-marco-odermatt-sur-la-deuxieme-descente-de-val-gardena-nils-alphand-frole-le-podium\/\",\"url\":\"https:\/\/dicodusport.fr\/blog\/franjo-von-allmen-mate-marco-odermatt-sur-la-deuxieme-descente-de-val-gardena-nils-alphand-frole-le-podium\/\",\"name\":\"Franjo von Allmen mate Marco Odermatt sur la deuxi\u00e8me descente de Val Gardena, Nils Alphand fr\u00f4le le podium\",\"isPartOf\":{\"@id\":\"https:\/\/dicodusport.fr\/blog\/#website\"},\"primaryImageOfPage\":{\"@id\":\"https:\/\/dicodusport.fr\/blog\/franjo-von-allmen-mate-marco-odermatt-sur-la-deuxieme-descente-de-val-gardena-nils-alphand-frole-le-podium\/#primaryimage\"},\"image\":{\"@id\":\"https:\/\/dicodusport.fr\/blog\/franjo-von-allmen-mate-marco-odermatt-sur-la-deuxieme-descente-de-val-gardena-nils-alphand-frole-le-podium\/#primaryimage\"},\"thumbnailUrl\":\"https:\/\/dicodusport.fr\/blog\/wp-content\/uploads\/2025\/12\/Franjo-von-Allmen-mate-Marco-Odermatt-sur-la-deuxieme-descente-de-Val-Gardena-Nils-Alphand-frole-le-podium.png\",\"datePublished\":\"2025-12-20T12:10:53+00:00\",\"dateModified\":\"2025-12-20T12:39:19+00:00\",\"description\":\"COUPE DU MONDE DE SKI ALPIN 2025\/2026 - Franjo von Allmen a surpass\u00e9 Marco Odermatt ce samedi lors de la deuxi\u00e8me descente de Val Gardena.\",\"breadcrumb\":{\"@id\":\"https:\/\/dicodusport.fr\/blog\/franjo-von-allmen-mate-marco-odermatt-sur-la-deuxieme-descente-de-val-gardena-nils-alphand-frole-le-podium\/#breadcrumb\"},\"inLanguage\":\"fr-FR\",\"potentialAction\":[{\"@type\":\"ReadAction\",\"target\":[\"https:\/\/dicodusport.fr\/blog\/franjo-von-allmen-mate-marco-odermatt-sur-la-deuxieme-descente-de-val-gardena-nils-alphand-frole-le-podium\/\"]}]},{\"@type\":\"ImageObject\",\"inLanguage\":\"fr-FR\",\"@id\":\"https:\/\/dicodusport.fr\/blog\/franjo-von-allmen-mate-marco-odermatt-sur-la-deuxieme-descente-de-val-gardena-nils-alphand-frole-le-podium\/#primaryimage\",\"url\":\"https:\/\/dicodusport.fr\/blog\/wp-content\/uploads\/2025\/12\/Franjo-von-Allmen-mate-Marco-Odermatt-sur-la-deuxieme-descente-de-Val-Gardena-Nils-Alphand-frole-le-podium.png\",\"contentUrl\":\"https:\/\/dicodusport.fr\/blog\/wp-content\/uploads\/2025\/12\/Franjo-von-Allmen-mate-Marco-Odermatt-sur-la-deuxieme-descente-de-Val-Gardena-Nils-Alphand-frole-le-podium.png\",\"width\":1200,\"height\":674,\"caption\":\"Franjo von Allmen mate Marco Odermatt sur la deuxi\u00e8me descente de Val Gardena, Nils Alphand fr\u00f4le le podium\"},{\"@type\":\"BreadcrumbList\",\"@id\":\"https:\/\/dicodusport.fr\/blog\/franjo-von-allmen-mate-marco-odermatt-sur-la-deuxieme-descente-de-val-gardena-nils-alphand-frole-le-podium\/#breadcrumb\",\"itemListElement\":[{\"@type\":\"ListItem\",\"position\":1,\"name\":\"Accueil\",\"item\":\"https:\/\/dicodusport.fr\/blog\/\"},{\"@type\":\"ListItem\",\"position\":2,\"name\":\"Franjo von Allmen mate Marco Odermatt sur la deuxi\u00e8me descente de Val Gardena, Nils Alphand fr\u00f4le le podium\"}]},{\"@type\":\"WebSite\",\"@id\":\"https:\/\/dicodusport.fr\/blog\/#website\",\"url\":\"https:\/\/dicodusport.fr\/blog\/\",\"name\":\"Dicodusport\",\"description\":\"L&#039;encyclop\u00e9die de l&#039;actualit\u00e9 sportive\",\"publisher\":{\"@id\":\"https:\/\/dicodusport.fr\/blog\/#organization\"},\"potentialAction\":[{\"@type\":\"SearchAction\",\"target\":{\"@type\":\"EntryPoint\",\"urlTemplate\":\"https:\/\/dicodusport.fr\/blog\/?s={search_term_string}\"},\"query-input\":{\"@type\":\"PropertyValueSpecification\",\"valueRequired\":true,\"valueName\":\"search_term_string\"}}],\"inLanguage\":\"fr-FR\"},{\"@type\":\"NewsMediaOrganization\",\"@id\":\"https:\/\/dicodusport.fr\/blog\/#organization\",\"name\":\"Dicodusport\",\"url\":\"https:\/\/dicodusport.fr\/blog\/\",\"logo\":{\"@type\":\"ImageObject\",\"inLanguage\":\"fr-FR\",\"@id\":\"https:\/\/dicodusport.fr\/blog\/#\/schema\/logo\/image\/\",\"url\":\"https:\/\/dicodusport.fr\/blog\/wp-content\/uploads\/2020\/06\/cropped-LOGO-DICODUSPORT-2020-SANS-FOND-SANS-TEXTE.png\",\"contentUrl\":\"https:\/\/dicodusport.fr\/blog\/wp-content\/uploads\/2020\/06\/cropped-LOGO-DICODUSPORT-2020-SANS-FOND-SANS-TEXTE.png\",\"width\":512,\"height\":512,\"caption\":\"Dicodusport\"},\"image\":{\"@id\":\"https:\/\/dicodusport.fr\/blog\/#\/schema\/logo\/image\/\"},\"sameAs\":[\"https:\/\/www.facebook.com\/dicodusport\",\"https:\/\/x.com\/dicodusport\",\"https:\/\/www.instagram.com\/dicodusport\/\",\"https:\/\/www.youtube.com\/channel\/UC7V2KZ5sd3htJivAbA4ZG3w\"],\"description\":\"Dicodusport est l'encyclop\u00e9die de l'actualit\u00e9 sportive.\",\"email\":\"bonjour@dicodusport.fr\",\"legalName\":\"DICODUSPORT\",\"foundingDate\":\"2018-01-14\",\"vatID\":\"FR71834470973\",\"taxID\":\"83447097300043\",\"numberOfEmployees\":{\"@type\":\"QuantitativeValue\",\"minValue\":\"1\",\"maxValue\":\"10\"}},{\"@type\":\"Person\",\"@id\":\"https:\/\/dicodusport.fr\/blog\/#\/schema\/person\/37def232098a7a5cbab3974a3690abb0\",\"name\":\"Maxime Cazenave\",\"image\":{\"@type\":\"ImageObject\",\"inLanguage\":\"fr-FR\",\"@id\":\"https:\/\/dicodusport.fr\/blog\/#\/schema\/person\/image\/\",\"url\":\"https:\/\/dicodusport.fr\/blog\/wp-content\/uploads\/2021\/05\/Maxime-Cazenave-150x150.jpg\",\"contentUrl\":\"https:\/\/dicodusport.fr\/blog\/wp-content\/uploads\/2021\/05\/Maxime-Cazenave-150x150.jpg\",\"caption\":\"Maxime Cazenave\"},\"description\":\"Journaliste\/R\u00e9dacteur depuis 2012 - Berc\u00e9 par l\u2019amour des Girondins de Bordeaux, les \u00e9checs de Christophe Moreau sur le Tour de France sous l'\u00e8re Lance Armstrong et le fade-away l\u00e9tal de Dirk Nowitzki, ma passion d\u00e9vorante pour le sport a toujours \u00e9t\u00e9 un pan incontournable de ma vie. Transmettre ma passion \u00e0 l\u2019\u00e9crit a \u00e9t\u00e9 une transition naturelle. Suiveur assidu de basket et de hockey sur glace, je garde toujours un peu de place pour suivre le cyclisme, le football et le maximum de performances fran\u00e7aises.\",\"sameAs\":[\"https:\/\/x.com\/https:\/\/twitter.com\/Maxime_Caze\"],\"url\":\"https:\/\/dicodusport.fr\/blog\/author\/maximec\/\"}]}<\/script>\n<!-- \/ Yoast SEO Premium plugin. -->","yoast_head_json":{"title":"Franjo von Allmen mate Marco Odermatt sur la deuxi\u00e8me descente de Val Gardena, Nils Alphand fr\u00f4le le podium","description":"COUPE DU MONDE DE SKI ALPIN 2025\/2026 - Franjo von Allmen a surpass\u00e9 Marco Odermatt ce samedi lors de la deuxi\u00e8me descente de Val Gardena.","robots":{"index":"index","follow":"follow","max-snippet":"max-snippet:-1","max-image-preview":"max-image-preview:large","max-video-preview":"max-video-preview:-1"},"canonical":"https:\/\/dicodusport.fr\/blog\/franjo-von-allmen-mate-marco-odermatt-sur-la-deuxieme-descente-de-val-gardena-nils-alphand-frole-le-podium\/","og_locale":"fr_FR","og_type":"article","og_title":"Franjo von Allmen mate Marco Odermatt sur la deuxi\u00e8me descente de Val Gardena, Nils Alphand fr\u00f4le le podium","og_description":"COUPE DU MONDE DE SKI ALPIN 2025\/2026 - Franjo von Allmen a surpass\u00e9 Marco Odermatt ce samedi lors de la deuxi\u00e8me descente de Val Gardena.","og_url":"https:\/\/dicodusport.fr\/blog\/franjo-von-allmen-mate-marco-odermatt-sur-la-deuxieme-descente-de-val-gardena-nils-alphand-frole-le-podium\/","og_site_name":"Dicodusport","article_publisher":"https:\/\/www.facebook.com\/dicodusport","article_published_time":"2025-12-20T12:10:53+00:00","article_modified_time":"2025-12-20T12:39:19+00:00","og_image":[{"width":1200,"height":674,"url":"https:\/\/dicodusport.fr\/blog\/wp-content\/uploads\/2025\/12\/Franjo-von-Allmen-mate-Marco-Odermatt-sur-la-deuxieme-descente-de-Val-Gardena-Nils-Alphand-frole-le-podium.png","type":"image\/png"}],"author":"Maxime Cazenave","twitter_card":"summary_large_image","twitter_title":"Franjo von Allmen mate Marco Odermatt sur la deuxi\u00e8me descente de Val Gardena, Nils Alphand fr\u00f4le le podium","twitter_creator":"@https:\/\/twitter.com\/Maxime_Caze","twitter_site":"@dicodusport","schema":{"@context":"https:\/\/schema.org","@graph":[{"@type":"NewsArticle","@id":"https:\/\/dicodusport.fr\/blog\/franjo-von-allmen-mate-marco-odermatt-sur-la-deuxieme-descente-de-val-gardena-nils-alphand-frole-le-podium\/#article","isPartOf":{"@id":"https:\/\/dicodusport.fr\/blog\/franjo-von-allmen-mate-marco-odermatt-sur-la-deuxieme-descente-de-val-gardena-nils-alphand-frole-le-podium\/"},"author":{"name":"Maxime Cazenave","@id":"https:\/\/dicodusport.fr\/blog\/#\/schema\/person\/37def232098a7a5cbab3974a3690abb0"},"headline":"Franjo von Allmen mate Marco Odermatt sur la deuxi\u00e8me descente de Val Gardena, Nils Alphand fr\u00f4le le podium","datePublished":"2025-12-20T12:10:53+00:00","dateModified":"2025-12-20T12:39:19+00:00","mainEntityOfPage":{"@id":"https:\/\/dicodusport.fr\/blog\/franjo-von-allmen-mate-marco-odermatt-sur-la-deuxieme-descente-de-val-gardena-nils-alphand-frole-le-podium\/"},"wordCount":709,"commentCount":0,"publisher":{"@id":"https:\/\/dicodusport.fr\/blog\/#organization"},"image":{"@id":"https:\/\/dicodusport.fr\/blog\/franjo-von-allmen-mate-marco-odermatt-sur-la-deuxieme-descente-de-val-gardena-nils-alphand-frole-le-podium\/#primaryimage"},"thumbnailUrl":"https:\/\/dicodusport.fr\/blog\/wp-content\/uploads\/2025\/12\/Franjo-von-Allmen-mate-Marco-Odermatt-sur-la-deuxieme-descente-de-Val-Gardena-Nils-Alphand-frole-le-podium.png","keywords":["br\u00e8ve","Coupe du monde de ski alpin","ski"],"articleSection":["Ski"],"inLanguage":"fr-FR","potentialAction":[{"@type":"CommentAction","name":"Comment","target":["https:\/\/dicodusport.fr\/blog\/franjo-von-allmen-mate-marco-odermatt-sur-la-deuxieme-descente-de-val-gardena-nils-alphand-frole-le-podium\/#respond"]}],"copyrightYear":"2025","copyrightHolder":{"@id":"https:\/\/dicodusport.fr\/blog\/#organization"}},{"@type":"WebPage","@id":"https:\/\/dicodusport.fr\/blog\/franjo-von-allmen-mate-marco-odermatt-sur-la-deuxieme-descente-de-val-gardena-nils-alphand-frole-le-podium\/","url":"https:\/\/dicodusport.fr\/blog\/franjo-von-allmen-mate-marco-odermatt-sur-la-deuxieme-descente-de-val-gardena-nils-alphand-frole-le-podium\/","name":"Franjo von Allmen mate Marco Odermatt sur la deuxi\u00e8me descente de Val Gardena, Nils Alphand fr\u00f4le le podium","isPartOf":{"@id":"https:\/\/dicodusport.fr\/blog\/#website"},"primaryImageOfPage":{"@id":"https:\/\/dicodusport.fr\/blog\/franjo-von-allmen-mate-marco-odermatt-sur-la-deuxieme-descente-de-val-gardena-nils-alphand-frole-le-podium\/#primaryimage"},"image":{"@id":"https:\/\/dicodusport.fr\/blog\/franjo-von-allmen-mate-marco-odermatt-sur-la-deuxieme-descente-de-val-gardena-nils-alphand-frole-le-podium\/#primaryimage"},"thumbnailUrl":"https:\/\/dicodusport.fr\/blog\/wp-content\/uploads\/2025\/12\/Franjo-von-Allmen-mate-Marco-Odermatt-sur-la-deuxieme-descente-de-Val-Gardena-Nils-Alphand-frole-le-podium.png","datePublished":"2025-12-20T12:10:53+00:00","dateModified":"2025-12-20T12:39:19+00:00","description":"COUPE DU MONDE DE SKI ALPIN 2025\/2026 - Franjo von Allmen a surpass\u00e9 Marco Odermatt ce samedi lors de la deuxi\u00e8me descente de Val Gardena.","breadcrumb":{"@id":"https:\/\/dicodusport.fr\/blog\/franjo-von-allmen-mate-marco-odermatt-sur-la-deuxieme-descente-de-val-gardena-nils-alphand-frole-le-podium\/#breadcrumb"},"inLanguage":"fr-FR","potentialAction":[{"@type":"ReadAction","target":["https:\/\/dicodusport.fr\/blog\/franjo-von-allmen-mate-marco-odermatt-sur-la-deuxieme-descente-de-val-gardena-nils-alphand-frole-le-podium\/"]}]},{"@type":"ImageObject","inLanguage":"fr-FR","@id":"https:\/\/dicodusport.fr\/blog\/franjo-von-allmen-mate-marco-odermatt-sur-la-deuxieme-descente-de-val-gardena-nils-alphand-frole-le-podium\/#primaryimage","url":"https:\/\/dicodusport.fr\/blog\/wp-content\/uploads\/2025\/12\/Franjo-von-Allmen-mate-Marco-Odermatt-sur-la-deuxieme-descente-de-Val-Gardena-Nils-Alphand-frole-le-podium.png","contentUrl":"https:\/\/dicodusport.fr\/blog\/wp-content\/uploads\/2025\/12\/Franjo-von-Allmen-mate-Marco-Odermatt-sur-la-deuxieme-descente-de-Val-Gardena-Nils-Alphand-frole-le-podium.png","width":1200,"height":674,"caption":"Franjo von Allmen mate Marco Odermatt sur la deuxi\u00e8me descente de Val Gardena, Nils Alphand fr\u00f4le le podium"},{"@type":"BreadcrumbList","@id":"https:\/\/dicodusport.fr\/blog\/franjo-von-allmen-mate-marco-odermatt-sur-la-deuxieme-descente-de-val-gardena-nils-alphand-frole-le-podium\/#breadcrumb","itemListElement":[{"@type":"ListItem","position":1,"name":"Accueil","item":"https:\/\/dicodusport.fr\/blog\/"},{"@type":"ListItem","position":2,"name":"Franjo von Allmen mate Marco Odermatt sur la deuxi\u00e8me descente de Val Gardena, Nils Alphand fr\u00f4le le podium"}]},{"@type":"WebSite","@id":"https:\/\/dicodusport.fr\/blog\/#website","url":"https:\/\/dicodusport.fr\/blog\/","name":"Dicodusport","description":"L&#039;encyclop\u00e9die de l&#039;actualit\u00e9 sportive","publisher":{"@id":"https:\/\/dicodusport.fr\/blog\/#organization"},"potentialAction":[{"@type":"SearchAction","target":{"@type":"EntryPoint","urlTemplate":"https:\/\/dicodusport.fr\/blog\/?s={search_term_string}"},"query-input":{"@type":"PropertyValueSpecification","valueRequired":true,"valueName":"search_term_string"}}],"inLanguage":"fr-FR"},{"@type":"NewsMediaOrganization","@id":"https:\/\/dicodusport.fr\/blog\/#organization","name":"Dicodusport","url":"https:\/\/dicodusport.fr\/blog\/","logo":{"@type":"ImageObject","inLanguage":"fr-FR","@id":"https:\/\/dicodusport.fr\/blog\/#\/schema\/logo\/image\/","url":"https:\/\/dicodusport.fr\/blog\/wp-content\/uploads\/2020\/06\/cropped-LOGO-DICODUSPORT-2020-SANS-FOND-SANS-TEXTE.png","contentUrl":"https:\/\/dicodusport.fr\/blog\/wp-content\/uploads\/2020\/06\/cropped-LOGO-DICODUSPORT-2020-SANS-FOND-SANS-TEXTE.png","width":512,"height":512,"caption":"Dicodusport"},"image":{"@id":"https:\/\/dicodusport.fr\/blog\/#\/schema\/logo\/image\/"},"sameAs":["https:\/\/www.facebook.com\/dicodusport","https:\/\/x.com\/dicodusport","https:\/\/www.instagram.com\/dicodusport\/","https:\/\/www.youtube.com\/channel\/UC7V2KZ5sd3htJivAbA4ZG3w"],"description":"Dicodusport est l'encyclop\u00e9die de l'actualit\u00e9 sportive.","email":"bonjour@dicodusport.fr","legalName":"DICODUSPORT","foundingDate":"2018-01-14","vatID":"FR71834470973","taxID":"83447097300043","numberOfEmployees":{"@type":"QuantitativeValue","minValue":"1","maxValue":"10"}},{"@type":"Person","@id":"https:\/\/dicodusport.fr\/blog\/#\/schema\/person\/37def232098a7a5cbab3974a3690abb0","name":"Maxime Cazenave","image":{"@type":"ImageObject","inLanguage":"fr-FR","@id":"https:\/\/dicodusport.fr\/blog\/#\/schema\/person\/image\/","url":"https:\/\/dicodusport.fr\/blog\/wp-content\/uploads\/2021\/05\/Maxime-Cazenave-150x150.jpg","contentUrl":"https:\/\/dicodusport.fr\/blog\/wp-content\/uploads\/2021\/05\/Maxime-Cazenave-150x150.jpg","caption":"Maxime Cazenave"},"description":"Journaliste\/R\u00e9dacteur depuis 2012 - Berc\u00e9 par l\u2019amour des Girondins de Bordeaux, les \u00e9checs de Christophe Moreau sur le Tour de France sous l'\u00e8re Lance Armstrong et le fade-away l\u00e9tal de Dirk Nowitzki, ma passion d\u00e9vorante pour le sport a toujours \u00e9t\u00e9 un pan incontournable de ma vie. Transmettre ma passion \u00e0 l\u2019\u00e9crit a \u00e9t\u00e9 une transition naturelle. Suiveur assidu de basket et de hockey sur glace, je garde toujours un peu de place pour suivre le cyclisme, le football et le maximum de performances fran\u00e7aises.","sameAs":["https:\/\/x.com\/https:\/\/twitter.com\/Maxime_Caze"],"url":"https:\/\/dicodusport.fr\/blog\/author\/maximec\/"}]}},"_links":{"self":[{"href":"https:\/\/dicodusport.fr\/blog\/wp-json\/wp\/v2\/posts\/633543","targetHints":{"allow":["GET"]}}],"collection":[{"href":"https:\/\/dicodusport.fr\/blog\/wp-json\/wp\/v2\/posts"}],"about":[{"href":"https:\/\/dicodusport.fr\/blog\/wp-json\/wp\/v2\/types\/post"}],"author":[{"embeddable":true,"href":"https:\/\/dicodusport.fr\/blog\/wp-json\/wp\/v2\/users\/55"}],"replies":[{"embeddable":true,"href":"https:\/\/dicodusport.fr\/blog\/wp-json\/wp\/v2\/comments?post=633543"}],"version-history":[{"count":5,"href":"https:\/\/dicodusport.fr\/blog\/wp-json\/wp\/v2\/posts\/633543\/revisions"}],"predecessor-version":[{"id":633619,"href":"https:\/\/dicodusport.fr\/blog\/wp-json\/wp\/v2\/posts\/633543\/revisions\/633619"}],"wp:featuredmedia":[{"embeddable":true,"href":"https:\/\/dicodusport.fr\/blog\/wp-json\/wp\/v2\/media\/633585"}],"wp:attachment":[{"href":"https:\/\/dicodusport.fr\/blog\/wp-json\/wp\/v2\/media?parent=633543"}],"wp:term":[{"taxonomy":"category","embeddable":true,"href":"https:\/\/dicodusport.fr\/blog\/wp-json\/wp\/v2\/categories?post=633543"},{"taxonomy":"post_tag","embeddable":true,"href":"https:\/\/dicodusport.fr\/blog\/wp-json\/wp\/v2\/tags?post=633543"}],"curies":[{"name":"wp","href":"https:\/\/api.w.org\/{rel}","templated":true}]}}