{"id":63381,"date":"2020-03-17T09:18:14","date_gmt":"2020-03-17T08:18:14","guid":{"rendered":"http:\/\/dicodusport.fr\/blog\/?p=63381&#038;preview=true&#038;preview_id=63381"},"modified":"2020-05-05T10:43:39","modified_gmt":"2020-05-05T08:43:39","slug":"tours-pays-basque-alpes-romandie-annules","status":"publish","type":"post","link":"https:\/\/dicodusport.fr\/blog\/tours-pays-basque-alpes-romandie-annules\/","title":{"rendered":"Les Tours du Pays Basque, des Alpes et de Romandie annul\u00e9s"},"content":{"rendered":"<p style=\"text-align: justify;\"><strong><em><a href=\"https:\/\/dicodusport.fr\/blog\/tag\/coronavirus\/\" target=\"_blank\" rel=\"noopener noreferrer\">CORONAVIRUS<\/a> &#8211; Les \u00e9preuves du mois d&rsquo;avril tombent les unes apr\u00e8s les autres. Les Tours du Pays Basque, des Alpes et de Romandie sont en effet annul\u00e9s.<\/em><\/strong><\/p>\n<p style=\"text-align: justify;\">L&rsquo;\u00e9dition 2020 du <strong>Tour du Pays Basque<\/strong> n&rsquo;aura pas lieu. Pr\u00e9vue du 6 au 11 avril, l&rsquo;\u00e9preuve qui pr\u00e9pare g\u00e9n\u00e9ralement les Ardennaises a officiellement \u00e9t\u00e9 annul\u00e9e par les organisateurs. Dans un communiqu\u00e9 de presse, ces derniers ont d\u00e9clar\u00e9 : <em>\u00ab En raison de la situation d&rsquo;urgence sanitaire d\u00e9cr\u00e9t\u00e9e et conform\u00e9ment aux directives des autorit\u00e9s du Pays basque, le Tour du Pays basque 2020 ne pourra pas avoir lieu aux dates pr\u00e9vues. La course a \u00e9t\u00e9 report\u00e9e \u00e0 une date ult\u00e9rieure. L&rsquo;organisation a d\u00e9j\u00e0 contact\u00e9 l&rsquo;UCI dans le but de d\u00e9placer les dates de la course. \u00bb\u00a0<\/em><\/p>\n<p style=\"text-align: justify;\">N\u00e9anmoins, replacer la course basque dans le calendrier devrait s&rsquo;apparenter \u00e0 un vrai casse-t\u00eate.<\/p>\n<h2 style=\"text-align: justify;\">Le Tour des Alpes \u00e0 la trappe&#8230;<\/h2>\n<p style=\"text-align: justify;\">L&rsquo;\u00e9preuve alpine, pr\u00e9vue du 20 au 24 avril en pr\u00e9paration du <strong>Giro<\/strong>, a \u00e9galement \u00e9t\u00e9 annul\u00e9e. <strong>Giacomo Santini<\/strong>, organisateur de l&rsquo;<strong>ex Tour du Trentin<\/strong>, a justifi\u00e9 cette d\u00e9cision : <em>\u00ab La r\u00e9duction du risque pour les populations et le retour \u00e0 la normalit\u00e9 d\u00e8s que possible seront consid\u00e9r\u00e9s comme des priorit\u00e9s par rapport \u00e0 tout le reste. Lorsque, esp\u00e9rons-le bient\u00f4t, les \u00e9v\u00e9nements sportifs seront autoris\u00e9s \u00e0 reprendre, nous v\u00e9rifierons avec l&rsquo;UCI si les conditions sont r\u00e9unies pour que l&rsquo;\u00e9v\u00e9nement se d\u00e9roule \u00e0 de nouvelles dates, en fonction de son statut technique et de toutes les mesures de s\u00e9curit\u00e9 n\u00e9cessaires. \u00bb<\/em><\/p>\n<blockquote class=\"twitter-tweet\">\n<p dir=\"ltr\" lang=\"en\">As a consequence of the situation concerning the COVID-19 outbreak, and the measures adopted by the UCI on March 15th, GS Alto Garda acknowledges the impossibility for the 44th edition of the Tour of the Alps to be held from April 20th to 24th.<\/p>\n<p>More: <a href=\"https:\/\/t.co\/utMIL15iDP\">https:\/\/t.co\/utMIL15iDP<\/a> <a href=\"https:\/\/t.co\/KdK19XXCCt\">pic.twitter.com\/KdK19XXCCt<\/a><\/p>\n<p>\u2014 Tour of The Alps (@Tourof_TheAlps) <a href=\"https:\/\/twitter.com\/Tourof_TheAlps\/status\/1239546214036561920?ref_src=twsrc%5Etfw\">March 16, 2020<\/a><\/p><\/blockquote>\n<p><script async src=\"https:\/\/platform.twitter.com\/widgets.js\" charset=\"utf-8\"><\/script><\/p>\n<h2 style=\"text-align: justify;\">&#8230; le Tour de Romandie aussi<\/h2>\n<p style=\"text-align: justify;\">Pr\u00e9vu du 28 avril au 3 mai, le <strong>Tour de Romandie<\/strong>, \u00e0 l&rsquo;accoutum\u00e9e derni\u00e8re r\u00e9p\u00e9tition g\u00e9n\u00e9rale avant le Giro, a \u00e9t\u00e9 annul\u00e9, sans demande de report cette fois-ci. Les organisateurs de l&rsquo;\u00e9preuve helv\u00e8te ont suivi \u00e0 la lettre <em>\u00ab les mesures prises contre le coronavirus par le Conseil f\u00e9d\u00e9ral et de la suspension par l\u2019Union Cycliste Internationale de toutes les \u00e9preuves cyclistes, dans les territoires identifi\u00e9s \u00e0 risque par l\u2019Organisation Mondiale de la Sant\u00e9. \u00bb<\/em><\/p>\n<p style=\"text-align: justify;\">La course suisse sera de retour du 27 avril au 2 mai 2021, avec les m\u00eames \u00e9tapes pr\u00e9vues en 2020.<\/p>\n<p><strong><em>Dicodusport<br \/>\n<a href=\"https:\/\/www.facebook.com\/dicodusport\/\" target=\"_blank\" rel=\"noopener noreferrer\"><img loading=\"lazy\" decoding=\"async\" class=\"alignnone wp-image-2909\" src=\"http:\/\/dicodusport.fr\/blog\/wp-content\/uploads\/2017\/07\/logo-facebook-150x150.png\" alt=\"\" width=\"40\" height=\"40\" \/><\/a><a href=\"https:\/\/twitter.com\/dicodusport\" target=\"_blank\" rel=\"noopener noreferrer\"><img loading=\"lazy\" decoding=\"async\" class=\"alignnone wp-image-2908\" src=\"http:\/\/dicodusport.fr\/blog\/wp-content\/uploads\/2017\/07\/logo-twitter-150x150.png\" alt=\"\" width=\"39\" height=\"39\" \/><\/a><\/em><\/strong><\/p>\n","protected":false},"excerpt":{"rendered":"<p>CORONAVIRUS &#8211; Les \u00e9preuves du mois d&rsquo;avril tombent les unes apr\u00e8s les autres. Les Tours du Pays Basque, des Alpes et de Romandie sont en effet annul\u00e9s.<\/p>\n","protected":false},"author":4,"featured_media":63382,"comment_status":"open","ping_status":"closed","sticky":false,"template":"","format":"standard","meta":{"_acf_changed":false,"_daextam_enable_autolinks":"","footnotes":""},"categories":[10646,2307],"tags":[9827,574,7747,7669,7583],"class_list":["post-63381","post","type-post","status-publish","format-standard","has-post-thumbnail","hentry","category-coronavirus","category-cyclisme","tag-coronavirus","tag-cyclisme","tag-tour-de-romandie","tag-tour-des-alpes","tag-tour-du-pays-basque"],"acf":[],"yoast_head":"<!-- This site is optimized with the Yoast SEO Premium plugin v26.7 (Yoast SEO v26.7) - https:\/\/yoast.com\/wordpress\/plugins\/seo\/ -->\n<title>Les Tours du Pays Basque, des Alpes et de Romandie annul\u00e9s<\/title>\n<meta name=\"description\" content=\"CORONAVIRUS - Les \u00e9preuves du mois d&#039;avril tombent les unes apr\u00e8s les autres. Les Tours du Pays Basque, des Alpes et de Romandie sont en effet annul\u00e9s.\" \/>\n<meta name=\"robots\" content=\"index, follow, max-snippet:-1, max-image-preview:large, max-video-preview:-1\" \/>\n<link rel=\"canonical\" href=\"https:\/\/dicodusport.fr\/blog\/tours-pays-basque-alpes-romandie-annules\/\" \/>\n<meta property=\"og:locale\" content=\"fr_FR\" \/>\n<meta property=\"og:type\" content=\"article\" \/>\n<meta property=\"og:title\" content=\"Cyclisme : Trois nouvelles \u00e9preuves du mois d&#039;avril annul\u00e9es\" \/>\n<meta property=\"og:description\" content=\"CORONAVIRUS - Les \u00e9preuves du mois d&#039;avril tombent les unes apr\u00e8s les autres. Les Tours du Pays Basque, des Alpes et de Romandie sont en effet annul\u00e9s.\" \/>\n<meta property=\"og:url\" content=\"https:\/\/dicodusport.fr\/blog\/tours-pays-basque-alpes-romandie-annules\/\" \/>\n<meta property=\"og:site_name\" content=\"Dicodusport\" \/>\n<meta property=\"article:publisher\" content=\"https:\/\/www.facebook.com\/dicodusport\" \/>\n<meta property=\"article:author\" content=\"https:\/\/www.facebook.com\/florent.ostermann\" \/>\n<meta property=\"article:published_time\" content=\"2020-03-17T08:18:14+00:00\" \/>\n<meta property=\"article:modified_time\" content=\"2020-05-05T08:43:39+00:00\" \/>\n<meta property=\"og:image\" content=\"https:\/\/dicodusport.fr\/blog\/wp-content\/uploads\/2020\/03\/Les-Tours-du-Pays-Basque-des-Alpes-et-de-Romandie-annul\u00e9s.png\" \/>\n\t<meta property=\"og:image:width\" content=\"800\" \/>\n\t<meta property=\"og:image:height\" content=\"445\" \/>\n\t<meta property=\"og:image:type\" content=\"image\/png\" \/>\n<meta name=\"author\" content=\"Flo Ostermann\" \/>\n<meta name=\"twitter:card\" content=\"summary_large_image\" \/>\n<meta name=\"twitter:title\" content=\"Cyclisme : Trois nouvelles \u00e9preuves du mois d&#039;avril annul\u00e9es\" \/>\n<meta name=\"twitter:creator\" content=\"@https:\/\/twitter.com\/FlOstermann\" \/>\n<meta name=\"twitter:site\" content=\"@dicodusport\" \/>\n<script type=\"application\/ld+json\" class=\"yoast-schema-graph\">{\"@context\":\"https:\/\/schema.org\",\"@graph\":[{\"@type\":\"NewsArticle\",\"@id\":\"https:\/\/dicodusport.fr\/blog\/tours-pays-basque-alpes-romandie-annules\/#article\",\"isPartOf\":{\"@id\":\"https:\/\/dicodusport.fr\/blog\/tours-pays-basque-alpes-romandie-annules\/\"},\"author\":{\"name\":\"Flo Ostermann\",\"@id\":\"https:\/\/dicodusport.fr\/blog\/#\/schema\/person\/cb02af4c173ce4a653b55e9baf388d4a\"},\"headline\":\"Les Tours du Pays Basque, des Alpes et de Romandie annul\u00e9s\",\"datePublished\":\"2020-03-17T08:18:14+00:00\",\"dateModified\":\"2020-05-05T08:43:39+00:00\",\"mainEntityOfPage\":{\"@id\":\"https:\/\/dicodusport.fr\/blog\/tours-pays-basque-alpes-romandie-annules\/\"},\"wordCount\":457,\"commentCount\":0,\"publisher\":{\"@id\":\"https:\/\/dicodusport.fr\/blog\/#organization\"},\"image\":{\"@id\":\"https:\/\/dicodusport.fr\/blog\/tours-pays-basque-alpes-romandie-annules\/#primaryimage\"},\"thumbnailUrl\":\"https:\/\/dicodusport.fr\/blog\/wp-content\/uploads\/2020\/03\/Les-Tours-du-Pays-Basque-des-Alpes-et-de-Romandie-annul\u00e9s.png\",\"keywords\":[\"Coronavirus\",\"Cyclisme\",\"Tour de Romandie\",\"Tour des Alpes\",\"Tour du Pays Basque\"],\"articleSection\":[\"Coronavirus\",\"Cyclisme\"],\"inLanguage\":\"fr-FR\",\"potentialAction\":[{\"@type\":\"CommentAction\",\"name\":\"Comment\",\"target\":[\"https:\/\/dicodusport.fr\/blog\/tours-pays-basque-alpes-romandie-annules\/#respond\"]}],\"copyrightYear\":\"2020\",\"copyrightHolder\":{\"@id\":\"https:\/\/dicodusport.fr\/blog\/#organization\"}},{\"@type\":\"WebPage\",\"@id\":\"https:\/\/dicodusport.fr\/blog\/tours-pays-basque-alpes-romandie-annules\/\",\"url\":\"https:\/\/dicodusport.fr\/blog\/tours-pays-basque-alpes-romandie-annules\/\",\"name\":\"Les Tours du Pays Basque, des Alpes et de Romandie annul\u00e9s\",\"isPartOf\":{\"@id\":\"https:\/\/dicodusport.fr\/blog\/#website\"},\"primaryImageOfPage\":{\"@id\":\"https:\/\/dicodusport.fr\/blog\/tours-pays-basque-alpes-romandie-annules\/#primaryimage\"},\"image\":{\"@id\":\"https:\/\/dicodusport.fr\/blog\/tours-pays-basque-alpes-romandie-annules\/#primaryimage\"},\"thumbnailUrl\":\"https:\/\/dicodusport.fr\/blog\/wp-content\/uploads\/2020\/03\/Les-Tours-du-Pays-Basque-des-Alpes-et-de-Romandie-annul\u00e9s.png\",\"datePublished\":\"2020-03-17T08:18:14+00:00\",\"dateModified\":\"2020-05-05T08:43:39+00:00\",\"description\":\"CORONAVIRUS - Les \u00e9preuves du mois d'avril tombent les unes apr\u00e8s les autres. Les Tours du Pays Basque, des Alpes et de Romandie sont en effet annul\u00e9s.\",\"breadcrumb\":{\"@id\":\"https:\/\/dicodusport.fr\/blog\/tours-pays-basque-alpes-romandie-annules\/#breadcrumb\"},\"inLanguage\":\"fr-FR\",\"potentialAction\":[{\"@type\":\"ReadAction\",\"target\":[\"https:\/\/dicodusport.fr\/blog\/tours-pays-basque-alpes-romandie-annules\/\"]}]},{\"@type\":\"ImageObject\",\"inLanguage\":\"fr-FR\",\"@id\":\"https:\/\/dicodusport.fr\/blog\/tours-pays-basque-alpes-romandie-annules\/#primaryimage\",\"url\":\"https:\/\/dicodusport.fr\/blog\/wp-content\/uploads\/2020\/03\/Les-Tours-du-Pays-Basque-des-Alpes-et-de-Romandie-annul\u00e9s.png\",\"contentUrl\":\"https:\/\/dicodusport.fr\/blog\/wp-content\/uploads\/2020\/03\/Les-Tours-du-Pays-Basque-des-Alpes-et-de-Romandie-annul\u00e9s.png\",\"width\":800,\"height\":445,\"caption\":\"Les Tours du Pays Basque, des Alpes et de Romandie annul\u00e9s\"},{\"@type\":\"BreadcrumbList\",\"@id\":\"https:\/\/dicodusport.fr\/blog\/tours-pays-basque-alpes-romandie-annules\/#breadcrumb\",\"itemListElement\":[{\"@type\":\"ListItem\",\"position\":1,\"name\":\"Accueil\",\"item\":\"https:\/\/dicodusport.fr\/blog\/\"},{\"@type\":\"ListItem\",\"position\":2,\"name\":\"Les Tours du Pays Basque, des Alpes et de Romandie annul\u00e9s\"}]},{\"@type\":\"WebSite\",\"@id\":\"https:\/\/dicodusport.fr\/blog\/#website\",\"url\":\"https:\/\/dicodusport.fr\/blog\/\",\"name\":\"Dicodusport\",\"description\":\"L&#039;encyclop\u00e9die de l&#039;actualit\u00e9 sportive\",\"publisher\":{\"@id\":\"https:\/\/dicodusport.fr\/blog\/#organization\"},\"potentialAction\":[{\"@type\":\"SearchAction\",\"target\":{\"@type\":\"EntryPoint\",\"urlTemplate\":\"https:\/\/dicodusport.fr\/blog\/?s={search_term_string}\"},\"query-input\":{\"@type\":\"PropertyValueSpecification\",\"valueRequired\":true,\"valueName\":\"search_term_string\"}}],\"inLanguage\":\"fr-FR\"},{\"@type\":\"NewsMediaOrganization\",\"@id\":\"https:\/\/dicodusport.fr\/blog\/#organization\",\"name\":\"Dicodusport\",\"url\":\"https:\/\/dicodusport.fr\/blog\/\",\"logo\":{\"@type\":\"ImageObject\",\"inLanguage\":\"fr-FR\",\"@id\":\"https:\/\/dicodusport.fr\/blog\/#\/schema\/logo\/image\/\",\"url\":\"https:\/\/dicodusport.fr\/blog\/wp-content\/uploads\/2020\/06\/cropped-LOGO-DICODUSPORT-2020-SANS-FOND-SANS-TEXTE.png\",\"contentUrl\":\"https:\/\/dicodusport.fr\/blog\/wp-content\/uploads\/2020\/06\/cropped-LOGO-DICODUSPORT-2020-SANS-FOND-SANS-TEXTE.png\",\"width\":512,\"height\":512,\"caption\":\"Dicodusport\"},\"image\":{\"@id\":\"https:\/\/dicodusport.fr\/blog\/#\/schema\/logo\/image\/\"},\"sameAs\":[\"https:\/\/www.facebook.com\/dicodusport\",\"https:\/\/x.com\/dicodusport\",\"https:\/\/www.instagram.com\/dicodusport\/\",\"https:\/\/www.youtube.com\/channel\/UC7V2KZ5sd3htJivAbA4ZG3w\"],\"description\":\"Dicodusport est l'encyclop\u00e9die de l'actualit\u00e9 sportive.\",\"email\":\"bonjour@dicodusport.fr\",\"legalName\":\"DICODUSPORT\",\"foundingDate\":\"2018-01-14\",\"vatID\":\"FR71834470973\",\"taxID\":\"83447097300043\",\"numberOfEmployees\":{\"@type\":\"QuantitativeValue\",\"minValue\":\"1\",\"maxValue\":\"10\"}},{\"@type\":\"Person\",\"@id\":\"https:\/\/dicodusport.fr\/blog\/#\/schema\/person\/cb02af4c173ce4a653b55e9baf388d4a\",\"name\":\"Flo Ostermann\",\"image\":{\"@type\":\"ImageObject\",\"inLanguage\":\"fr-FR\",\"@id\":\"https:\/\/dicodusport.fr\/blog\/#\/schema\/person\/image\/\",\"url\":\"https:\/\/dicodusport.fr\/blog\/wp-content\/uploads\/2021\/05\/Flo-Ostermann-150x150.jpg\",\"contentUrl\":\"https:\/\/dicodusport.fr\/blog\/wp-content\/uploads\/2021\/05\/Flo-Ostermann-150x150.jpg\",\"caption\":\"Flo Ostermann\"},\"description\":\"Journaliste\/R\u00e9dacteur depuis septembre 2015 - Mes premiers souvenirs dans le sport ? Les envol\u00e9es du Stade Toulousain et les duels Villeneuve-Schumacher et H\u00e4kkinen-Schumacher \u00e0 la fin des ann\u00e9es 90, la Coupe du monde de football en 1998, l\u2019exploit du XV de France face aux All Blacks en 1999, mais aussi Richard C\u0153ur de Lion qui vole sur les montagnes du Tour de France. Bien parti pour devenir professeur d\u2019EPS, les \u00e9v\u00e9nements de la vie (et la flemme d\u2019animer des s\u00e9ances de 3x500 m\u00e8tres toute ma vie) m\u2019ont conduit \u00e0 revoir mes plans. Me voil\u00e0 depuis fin 2017 sur Dicodusport, m\u00e9dia gr\u00e2ce (et pour) lequel je partage ma passion : le sport dans tous ses \u00e9tats. Le tout accompagn\u00e9 par les fous furieux et folles furieuses cit\u00e9s sur cette page !\",\"sameAs\":[\"https:\/\/www.facebook.com\/florent.ostermann\",\"https:\/\/x.com\/https:\/\/twitter.com\/FlOstermann\",\"admin\"],\"url\":\"https:\/\/dicodusport.fr\/blog\/author\/flo\/\"}]}<\/script>\n<!-- \/ Yoast SEO Premium plugin. -->","yoast_head_json":{"title":"Les Tours du Pays Basque, des Alpes et de Romandie annul\u00e9s","description":"CORONAVIRUS - Les \u00e9preuves du mois d'avril tombent les unes apr\u00e8s les autres. Les Tours du Pays Basque, des Alpes et de Romandie sont en effet annul\u00e9s.","robots":{"index":"index","follow":"follow","max-snippet":"max-snippet:-1","max-image-preview":"max-image-preview:large","max-video-preview":"max-video-preview:-1"},"canonical":"https:\/\/dicodusport.fr\/blog\/tours-pays-basque-alpes-romandie-annules\/","og_locale":"fr_FR","og_type":"article","og_title":"Cyclisme : Trois nouvelles \u00e9preuves du mois d'avril annul\u00e9es","og_description":"CORONAVIRUS - Les \u00e9preuves du mois d'avril tombent les unes apr\u00e8s les autres. Les Tours du Pays Basque, des Alpes et de Romandie sont en effet annul\u00e9s.","og_url":"https:\/\/dicodusport.fr\/blog\/tours-pays-basque-alpes-romandie-annules\/","og_site_name":"Dicodusport","article_publisher":"https:\/\/www.facebook.com\/dicodusport","article_author":"https:\/\/www.facebook.com\/florent.ostermann","article_published_time":"2020-03-17T08:18:14+00:00","article_modified_time":"2020-05-05T08:43:39+00:00","og_image":[{"width":800,"height":445,"url":"https:\/\/dicodusport.fr\/blog\/wp-content\/uploads\/2020\/03\/Les-Tours-du-Pays-Basque-des-Alpes-et-de-Romandie-annul\u00e9s.png","type":"image\/png"}],"author":"Flo Ostermann","twitter_card":"summary_large_image","twitter_title":"Cyclisme : Trois nouvelles \u00e9preuves du mois d'avril annul\u00e9es","twitter_creator":"@https:\/\/twitter.com\/FlOstermann","twitter_site":"@dicodusport","schema":{"@context":"https:\/\/schema.org","@graph":[{"@type":"NewsArticle","@id":"https:\/\/dicodusport.fr\/blog\/tours-pays-basque-alpes-romandie-annules\/#article","isPartOf":{"@id":"https:\/\/dicodusport.fr\/blog\/tours-pays-basque-alpes-romandie-annules\/"},"author":{"name":"Flo Ostermann","@id":"https:\/\/dicodusport.fr\/blog\/#\/schema\/person\/cb02af4c173ce4a653b55e9baf388d4a"},"headline":"Les Tours du Pays Basque, des Alpes et de Romandie annul\u00e9s","datePublished":"2020-03-17T08:18:14+00:00","dateModified":"2020-05-05T08:43:39+00:00","mainEntityOfPage":{"@id":"https:\/\/dicodusport.fr\/blog\/tours-pays-basque-alpes-romandie-annules\/"},"wordCount":457,"commentCount":0,"publisher":{"@id":"https:\/\/dicodusport.fr\/blog\/#organization"},"image":{"@id":"https:\/\/dicodusport.fr\/blog\/tours-pays-basque-alpes-romandie-annules\/#primaryimage"},"thumbnailUrl":"https:\/\/dicodusport.fr\/blog\/wp-content\/uploads\/2020\/03\/Les-Tours-du-Pays-Basque-des-Alpes-et-de-Romandie-annul\u00e9s.png","keywords":["Coronavirus","Cyclisme","Tour de Romandie","Tour des Alpes","Tour du Pays Basque"],"articleSection":["Coronavirus","Cyclisme"],"inLanguage":"fr-FR","potentialAction":[{"@type":"CommentAction","name":"Comment","target":["https:\/\/dicodusport.fr\/blog\/tours-pays-basque-alpes-romandie-annules\/#respond"]}],"copyrightYear":"2020","copyrightHolder":{"@id":"https:\/\/dicodusport.fr\/blog\/#organization"}},{"@type":"WebPage","@id":"https:\/\/dicodusport.fr\/blog\/tours-pays-basque-alpes-romandie-annules\/","url":"https:\/\/dicodusport.fr\/blog\/tours-pays-basque-alpes-romandie-annules\/","name":"Les Tours du Pays Basque, des Alpes et de Romandie annul\u00e9s","isPartOf":{"@id":"https:\/\/dicodusport.fr\/blog\/#website"},"primaryImageOfPage":{"@id":"https:\/\/dicodusport.fr\/blog\/tours-pays-basque-alpes-romandie-annules\/#primaryimage"},"image":{"@id":"https:\/\/dicodusport.fr\/blog\/tours-pays-basque-alpes-romandie-annules\/#primaryimage"},"thumbnailUrl":"https:\/\/dicodusport.fr\/blog\/wp-content\/uploads\/2020\/03\/Les-Tours-du-Pays-Basque-des-Alpes-et-de-Romandie-annul\u00e9s.png","datePublished":"2020-03-17T08:18:14+00:00","dateModified":"2020-05-05T08:43:39+00:00","description":"CORONAVIRUS - Les \u00e9preuves du mois d'avril tombent les unes apr\u00e8s les autres. Les Tours du Pays Basque, des Alpes et de Romandie sont en effet annul\u00e9s.","breadcrumb":{"@id":"https:\/\/dicodusport.fr\/blog\/tours-pays-basque-alpes-romandie-annules\/#breadcrumb"},"inLanguage":"fr-FR","potentialAction":[{"@type":"ReadAction","target":["https:\/\/dicodusport.fr\/blog\/tours-pays-basque-alpes-romandie-annules\/"]}]},{"@type":"ImageObject","inLanguage":"fr-FR","@id":"https:\/\/dicodusport.fr\/blog\/tours-pays-basque-alpes-romandie-annules\/#primaryimage","url":"https:\/\/dicodusport.fr\/blog\/wp-content\/uploads\/2020\/03\/Les-Tours-du-Pays-Basque-des-Alpes-et-de-Romandie-annul\u00e9s.png","contentUrl":"https:\/\/dicodusport.fr\/blog\/wp-content\/uploads\/2020\/03\/Les-Tours-du-Pays-Basque-des-Alpes-et-de-Romandie-annul\u00e9s.png","width":800,"height":445,"caption":"Les Tours du Pays Basque, des Alpes et de Romandie annul\u00e9s"},{"@type":"BreadcrumbList","@id":"https:\/\/dicodusport.fr\/blog\/tours-pays-basque-alpes-romandie-annules\/#breadcrumb","itemListElement":[{"@type":"ListItem","position":1,"name":"Accueil","item":"https:\/\/dicodusport.fr\/blog\/"},{"@type":"ListItem","position":2,"name":"Les Tours du Pays Basque, des Alpes et de Romandie annul\u00e9s"}]},{"@type":"WebSite","@id":"https:\/\/dicodusport.fr\/blog\/#website","url":"https:\/\/dicodusport.fr\/blog\/","name":"Dicodusport","description":"L&#039;encyclop\u00e9die de l&#039;actualit\u00e9 sportive","publisher":{"@id":"https:\/\/dicodusport.fr\/blog\/#organization"},"potentialAction":[{"@type":"SearchAction","target":{"@type":"EntryPoint","urlTemplate":"https:\/\/dicodusport.fr\/blog\/?s={search_term_string}"},"query-input":{"@type":"PropertyValueSpecification","valueRequired":true,"valueName":"search_term_string"}}],"inLanguage":"fr-FR"},{"@type":"NewsMediaOrganization","@id":"https:\/\/dicodusport.fr\/blog\/#organization","name":"Dicodusport","url":"https:\/\/dicodusport.fr\/blog\/","logo":{"@type":"ImageObject","inLanguage":"fr-FR","@id":"https:\/\/dicodusport.fr\/blog\/#\/schema\/logo\/image\/","url":"https:\/\/dicodusport.fr\/blog\/wp-content\/uploads\/2020\/06\/cropped-LOGO-DICODUSPORT-2020-SANS-FOND-SANS-TEXTE.png","contentUrl":"https:\/\/dicodusport.fr\/blog\/wp-content\/uploads\/2020\/06\/cropped-LOGO-DICODUSPORT-2020-SANS-FOND-SANS-TEXTE.png","width":512,"height":512,"caption":"Dicodusport"},"image":{"@id":"https:\/\/dicodusport.fr\/blog\/#\/schema\/logo\/image\/"},"sameAs":["https:\/\/www.facebook.com\/dicodusport","https:\/\/x.com\/dicodusport","https:\/\/www.instagram.com\/dicodusport\/","https:\/\/www.youtube.com\/channel\/UC7V2KZ5sd3htJivAbA4ZG3w"],"description":"Dicodusport est l'encyclop\u00e9die de l'actualit\u00e9 sportive.","email":"bonjour@dicodusport.fr","legalName":"DICODUSPORT","foundingDate":"2018-01-14","vatID":"FR71834470973","taxID":"83447097300043","numberOfEmployees":{"@type":"QuantitativeValue","minValue":"1","maxValue":"10"}},{"@type":"Person","@id":"https:\/\/dicodusport.fr\/blog\/#\/schema\/person\/cb02af4c173ce4a653b55e9baf388d4a","name":"Flo Ostermann","image":{"@type":"ImageObject","inLanguage":"fr-FR","@id":"https:\/\/dicodusport.fr\/blog\/#\/schema\/person\/image\/","url":"https:\/\/dicodusport.fr\/blog\/wp-content\/uploads\/2021\/05\/Flo-Ostermann-150x150.jpg","contentUrl":"https:\/\/dicodusport.fr\/blog\/wp-content\/uploads\/2021\/05\/Flo-Ostermann-150x150.jpg","caption":"Flo Ostermann"},"description":"Journaliste\/R\u00e9dacteur depuis septembre 2015 - Mes premiers souvenirs dans le sport ? Les envol\u00e9es du Stade Toulousain et les duels Villeneuve-Schumacher et H\u00e4kkinen-Schumacher \u00e0 la fin des ann\u00e9es 90, la Coupe du monde de football en 1998, l\u2019exploit du XV de France face aux All Blacks en 1999, mais aussi Richard C\u0153ur de Lion qui vole sur les montagnes du Tour de France. Bien parti pour devenir professeur d\u2019EPS, les \u00e9v\u00e9nements de la vie (et la flemme d\u2019animer des s\u00e9ances de 3x500 m\u00e8tres toute ma vie) m\u2019ont conduit \u00e0 revoir mes plans. Me voil\u00e0 depuis fin 2017 sur Dicodusport, m\u00e9dia gr\u00e2ce (et pour) lequel je partage ma passion : le sport dans tous ses \u00e9tats. Le tout accompagn\u00e9 par les fous furieux et folles furieuses cit\u00e9s sur cette page !","sameAs":["https:\/\/www.facebook.com\/florent.ostermann","https:\/\/x.com\/https:\/\/twitter.com\/FlOstermann","admin"],"url":"https:\/\/dicodusport.fr\/blog\/author\/flo\/"}]}},"_links":{"self":[{"href":"https:\/\/dicodusport.fr\/blog\/wp-json\/wp\/v2\/posts\/63381","targetHints":{"allow":["GET"]}}],"collection":[{"href":"https:\/\/dicodusport.fr\/blog\/wp-json\/wp\/v2\/posts"}],"about":[{"href":"https:\/\/dicodusport.fr\/blog\/wp-json\/wp\/v2\/types\/post"}],"author":[{"embeddable":true,"href":"https:\/\/dicodusport.fr\/blog\/wp-json\/wp\/v2\/users\/4"}],"replies":[{"embeddable":true,"href":"https:\/\/dicodusport.fr\/blog\/wp-json\/wp\/v2\/comments?post=63381"}],"version-history":[{"count":0,"href":"https:\/\/dicodusport.fr\/blog\/wp-json\/wp\/v2\/posts\/63381\/revisions"}],"wp:featuredmedia":[{"embeddable":true,"href":"https:\/\/dicodusport.fr\/blog\/wp-json\/wp\/v2\/media\/63382"}],"wp:attachment":[{"href":"https:\/\/dicodusport.fr\/blog\/wp-json\/wp\/v2\/media?parent=63381"}],"wp:term":[{"taxonomy":"category","embeddable":true,"href":"https:\/\/dicodusport.fr\/blog\/wp-json\/wp\/v2\/categories?post=63381"},{"taxonomy":"post_tag","embeddable":true,"href":"https:\/\/dicodusport.fr\/blog\/wp-json\/wp\/v2\/tags?post=63381"}],"curies":[{"name":"wp","href":"https:\/\/api.w.org\/{rel}","templated":true}]}}