{"id":633811,"date":"2025-12-21T16:06:48","date_gmt":"2025-12-21T15:06:48","guid":{"rendered":"https:\/\/dicodusport.fr\/blog\/?p=633811&#038;preview=true&#038;preview_id=633811"},"modified":"2025-12-21T18:35:22","modified_gmt":"2025-12-21T17:35:22","slug":"les-bleuets-en-demonstration-sur-le-relais-de-val-martello-en-junior-cup-les-francaises-3emes","status":"publish","type":"post","link":"https:\/\/dicodusport.fr\/blog\/les-bleuets-en-demonstration-sur-le-relais-de-val-martello-en-junior-cup-les-francaises-3emes\/","title":{"rendered":"Les Bleuets en d\u00e9monstration sur le relais de Val Martello en Junior Cup, les Fran\u00e7aises 3\u00e8mes"},"content":{"rendered":"<p style=\"text-align: justify;\"><strong><em>IBU JUNIOR CUP 2025-2026 \u2013 Victoire royale des Bleuets sur le relais \u00e0 Val Martello (Italie). Le relais f\u00e9minin tricolore d\u00e9croche une inesp\u00e9r\u00e9e troisi\u00e8me place.<\/em><\/strong><\/p>\n<ul style=\"text-align: justify;\">\n<li><strong>\u00c0 lire aussi &#8211; <a href=\"https:\/\/dicodusport.fr\/blog\/nouvelle-victoire-pour-camille-grataloup-manissolle-et-trois-podiums-francais-sur-la-junior-cup-de-biathlon\/\">Nouvelle victoire pour Camille Grataloup-Manissolle et trois podiums fran\u00e7ais sur la Junior Cup de biathlon<\/a><\/strong><\/li>\n<\/ul>\n<h2 style=\"text-align: justify;\">Les Bleuets au-dessus du lot sur le relais hommes<\/h2>\n<p style=\"text-align: justify;\"><strong>Camille Grataloup-Manissolle<\/strong> a parfaitement lanc\u00e9 le relais fran\u00e7ais, en bouclant son passage avec <strong>plus de 20 secondes d\u2019avance<\/strong> sur ses concurrents. Le jeune Tricolore, d\u00e9j\u00e0 en vue en ce d\u00e9but de saison, n\u2019a conc\u00e9d\u00e9 qu\u2019<strong>une seule balle de pioche<\/strong>. Dans sa foul\u00e9e, <strong>Judica\u00ebl Perrillat-Bottonet<\/strong> a confirm\u00e9 l\u2019excellente dynamique fran\u00e7aise, lui aussi tr\u00e8s propre sur le pas de tir avec une seule pioche.<\/p>\n<p style=\"text-align: justify;\">\u00c0 l\u2019issue de ce deuxi\u00e8me relais, les \u00e9carts se sont d\u00e9j\u00e0 creus\u00e9s, tous les poursuivants \u00e9tant rel\u00e9gu\u00e9s \u00e0 <strong>plus d\u2019une minute<\/strong>. La France se distinguait alors comme la nation la plus efficace au tir, avec le plus faible nombre de pioches.<\/p>\n<p style=\"text-align: justify;\"><strong>Enzo Bouillet<\/strong> a ensuite d\u00fb effectuer un <strong>tour de p\u00e9nalit\u00e9<\/strong> sur son tir debout, mais il a su parfaitement limiter les d\u00e9g\u00e2ts et profiter des erreurs adverses pour conforter l\u2019avance fran\u00e7aise. Il transmet ainsi le relais avec <strong>1\u201921 d\u2019avance<\/strong>.<\/p>\n<p style=\"text-align: justify;\">Avec <strong>L\u00e9o Carlier<\/strong> en dernier relayeur, la s\u00e9r\u00e9nit\u00e9 \u00e9tait totale. Vainqueur du sprint la veille, le Fran\u00e7ais a commis une petite erreur sur son premier tir couch\u00e9, sans cons\u00e9quence. Au contraire, il ressort du pas de tir avec <strong>pr\u00e8s de deux minutes d\u2019avance<\/strong>, permettant aux Bleuets de filer vers une victoire nette, sans jamais trembler.<\/p>\n<h2 style=\"text-align: justify;\">Lou-Anne Dupont Ballet Baz h\u00e9ro\u00efque et sauve le podium f\u00e9minin<\/h2>\n<p style=\"text-align: justify;\">Les Bleues peuvent remercier <strong>Lou-Anne Dupont Ballet Baz<\/strong>. D\u00e9j\u00e0 impressionnante la veille lors de sa victoire sur le sprint, la Fran\u00e7aise a r\u00e9alis\u00e9 un <strong>exploit retentissant<\/strong> sur le relais. Derni\u00e8re relayeuse, elle s\u2019est \u00e9lanc\u00e9e avec pr\u00e8s de <strong>1:40 de retard<\/strong> sur le podium, cons\u00e9quence de passages d\u00e9licats de <strong>Ma\u00ebla Correia<\/strong> et surtout de <strong>Louise Roguet<\/strong>, p\u00e9nalis\u00e9e par <strong>quatre tours de p\u00e9nalit\u00e9<\/strong> alors qu\u2019elle avait pris le relais en troisi\u00e8me position.<\/p>\n<p style=\"text-align: justify;\">La jeune biathl\u00e8te en grande forme a alors pris ses responsabilit\u00e9s. Un <strong>premier tir parfait<\/strong> pour se relancer, deux pioches sur le tir debout, puis un <strong>dernier tour totalement exceptionnel<\/strong>.<\/p>\n<p style=\"text-align: justify;\">Repartie du pas de tir avec <strong>16 secondes de retard<\/strong> sur la Slov\u00e9nie, <strong>Lou-Anne Dupont Ballet Baz<\/strong> a ski\u00e9 <strong>1\u201910 plus vite<\/strong> que son adversaire direct pour s\u2019offrir un podium incontestable. Elle a m\u00eame fr\u00f4l\u00e9 l\u2019exploit ultime en revenant sur l\u2019<strong>Ukraine<\/strong>, malgr\u00e9 50 secondes de retard \u00e0 l\u2019issue du huiti\u00e8me tir, \u00e9chouant \u00e0 seulement <strong>1,2 seconde<\/strong>.<\/p>\n<p style=\"text-align: justify;\">La Tricolore a sign\u00e9 le meilleur temps du dernier tour, avec 30,7 secondes d\u2019avance sur l\u2019Allemande. Une performance absolument hallucinante, qui permet \u00e0 la France de sauver son relais f\u00e9minin gr\u00e2ce \u00e0 une sup\u00e9riorit\u00e9 nette sur les skis. Au total, les Bleues affichent le meilleur temps de ski, avec 1:14 d\u2019avance sur l\u2019Allemagne. \u00c0 noter \u00e9galement le solide deuxi\u00e8me relais de <strong>Juliette Oliva<\/strong>.<\/p>\n<h3 style=\"text-align: justify;\">\u00c0 lire aussi<\/h3>\n<div class=\"vlp-link-container vlp-layout-article\"><a href=\"https:\/\/dicodusport.fr\/blog\/lou-anne-dupont-ballet-baz-et-leo-carlier-regnent-en-junior-cup-sur-les-sprints-de-val-martello\/\" class=\"vlp-link\" title=\"Lou-Anne Dupont Ballet Baz et L\u00e9o Carlier r\u00e8gnent en Junior Cup sur les sprints de Val Martello\"><\/a><div class=\"vlp-layout-zone-side\"><div class=\"vlp-block-4 vlp-link-image\"><img loading=\"lazy\" decoding=\"async\" style=\"max-width: 792px;\" width=\"792\" height=\"445\" src=\"https:\/\/dicodusport.fr\/blog\/wp-content\/uploads\/2025\/12\/Lou-Anne-Dupont-Ballet-Baz-simpose-quatre-podiums-francais-les-Bleuets-du-biathlon-brillent-pour-leur-reprise-en-Junior-Cup.png\" class=\"attachment-800x445 size-800x445\" alt=\"Lou-Anne Dupont Ballet Baz et L\u00e9o Carlier r\u00e8gnent en Junior Cup sur les sprints de Val Martello\" srcset=\"https:\/\/dicodusport.fr\/blog\/wp-content\/uploads\/2025\/12\/Lou-Anne-Dupont-Ballet-Baz-simpose-quatre-podiums-francais-les-Bleuets-du-biathlon-brillent-pour-leur-reprise-en-Junior-Cup.png 1200w, https:\/\/dicodusport.fr\/blog\/wp-content\/uploads\/2025\/12\/Lou-Anne-Dupont-Ballet-Baz-simpose-quatre-podiums-francais-les-Bleuets-du-biathlon-brillent-pour-leur-reprise-en-Junior-Cup-300x169.png 300w, https:\/\/dicodusport.fr\/blog\/wp-content\/uploads\/2025\/12\/Lou-Anne-Dupont-Ballet-Baz-simpose-quatre-podiums-francais-les-Bleuets-du-biathlon-brillent-pour-leur-reprise-en-Junior-Cup-1024x575.png 1024w, https:\/\/dicodusport.fr\/blog\/wp-content\/uploads\/2025\/12\/Lou-Anne-Dupont-Ballet-Baz-simpose-quatre-podiums-francais-les-Bleuets-du-biathlon-brillent-pour-leur-reprise-en-Junior-Cup-768x431.png 768w\" sizes=\"auto, (max-width: 792px) 100vw, 792px\" \/><\/div><\/div><div class=\"vlp-layout-zone-main\"><div class=\"vlp-block-0 vlp-link-title\">Lou-Anne Dupont Ballet Baz et L\u00e9o Carlier r\u00e8gnent en Junior Cup sur les sprints de Val Martello<\/div><div class=\"vlp-block-1 vlp-link-summary\">IBU JUNIOR CUP 2025-2026 - Lou-Anne Dupont Ballet Baz et L\u00e9o Carlier ont domin\u00e9 tous deux les sprints de Val Martello.<\/div><div class=\"vlp-block-2 vlp-link-button\">Lire l'article<\/div><div class=\"vlp-block-3 vlp-link-url\">dicodusport.fr<\/div><\/div><\/div>\n<div id=\"gtx-trans\" style=\"position: absolute; left: -14px; top: 40.9091px;\">\n<div class=\"gtx-trans-icon\" style=\"text-align: justify;\"><\/div>\n<\/div>\n","protected":false},"excerpt":{"rendered":"<p>Victoire royale des Bleus sur le relais \u00e0 Val Martello (Italie). Le relais f\u00e9minin tricolore prend une inesp\u00e9r\u00e9e 3\u00e8me place.<\/p>\n","protected":false},"author":83,"featured_media":633999,"comment_status":"open","ping_status":"closed","sticky":false,"template":"","format":"standard","meta":{"_acf_changed":false,"_daextam_enable_autolinks":"1","footnotes":""},"categories":[2426],"tags":[32415,2427,16878,43459],"class_list":["post-633811","post","type-post","status-publish","format-standard","has-post-thumbnail","hentry","category-biathlon","tag-actu","tag-biathlon","tag-breve","tag-ibu-junior-cup"],"acf":[],"yoast_head":"<!-- This site is optimized with the Yoast SEO Premium plugin v26.7 (Yoast SEO v26.7) - https:\/\/yoast.com\/wordpress\/plugins\/seo\/ -->\n<title>Les Bleuets en d\u00e9monstration sur le relais de Val Martello en Junior Cup, les Fran\u00e7aises 3\u00e8mes<\/title>\n<meta name=\"description\" content=\"IBU JUNIOR CUP 2025-2026 \u2013 Victoire royale des Bleus sur le relais \u00e0 Val Martello (Italie). Le relais f\u00e9minin tricolore prend une inesp\u00e9r\u00e9e 3\u00e8me place.\" \/>\n<meta name=\"robots\" content=\"index, follow, max-snippet:-1, max-image-preview:large, max-video-preview:-1\" \/>\n<link rel=\"canonical\" href=\"https:\/\/dicodusport.fr\/blog\/les-bleuets-en-demonstration-sur-le-relais-de-val-martello-en-junior-cup-les-francaises-3emes\/\" \/>\n<meta property=\"og:locale\" content=\"fr_FR\" \/>\n<meta property=\"og:type\" content=\"article\" \/>\n<meta property=\"og:title\" content=\"Les Bleuets en d\u00e9monstration sur le relais de Val Martello en Junior Cup, les Fran\u00e7aises 3\u00e8mes\" \/>\n<meta property=\"og:description\" content=\"IBU JUNIOR CUP 2025-2026 \u2013 Victoire royale des Bleus sur le relais \u00e0 Val Martello (Italie). Le relais f\u00e9minin tricolore prend une inesp\u00e9r\u00e9e 3\u00e8me place.\" \/>\n<meta property=\"og:url\" content=\"https:\/\/dicodusport.fr\/blog\/les-bleuets-en-demonstration-sur-le-relais-de-val-martello-en-junior-cup-les-francaises-3emes\/\" \/>\n<meta property=\"og:site_name\" content=\"Dicodusport\" \/>\n<meta property=\"article:publisher\" content=\"https:\/\/www.facebook.com\/dicodusport\" \/>\n<meta property=\"article:published_time\" content=\"2025-12-21T15:06:48+00:00\" \/>\n<meta property=\"article:modified_time\" content=\"2025-12-21T17:35:22+00:00\" \/>\n<meta property=\"og:image\" content=\"https:\/\/dicodusport.fr\/blog\/wp-content\/uploads\/2025\/12\/Les-Bleuets-en-demonstration-sur-le-relais-de-Val-Martello-en-Junior-Cup-les-Francaises-3emes-1.png\" \/>\n\t<meta property=\"og:image:width\" content=\"1200\" \/>\n\t<meta property=\"og:image:height\" content=\"674\" \/>\n\t<meta property=\"og:image:type\" content=\"image\/png\" \/>\n<meta name=\"author\" content=\"Etienne Goursaud\" \/>\n<meta name=\"twitter:card\" content=\"summary_large_image\" \/>\n<meta name=\"twitter:title\" content=\"Les Bleuets en d\u00e9monstration sur le relais de Val Martello en Junior Cup, les Fran\u00e7aises 3\u00e8mes\" \/>\n<meta name=\"twitter:creator\" content=\"@dicodusport\" \/>\n<meta name=\"twitter:site\" content=\"@dicodusport\" \/>\n<script type=\"application\/ld+json\" class=\"yoast-schema-graph\">{\"@context\":\"https:\/\/schema.org\",\"@graph\":[{\"@type\":\"NewsArticle\",\"@id\":\"https:\/\/dicodusport.fr\/blog\/les-bleuets-en-demonstration-sur-le-relais-de-val-martello-en-junior-cup-les-francaises-3emes\/#article\",\"isPartOf\":{\"@id\":\"https:\/\/dicodusport.fr\/blog\/les-bleuets-en-demonstration-sur-le-relais-de-val-martello-en-junior-cup-les-francaises-3emes\/\"},\"author\":{\"name\":\"Etienne Goursaud\",\"@id\":\"https:\/\/dicodusport.fr\/blog\/#\/schema\/person\/d603dd7da31fb2b46c82b9835a77ec13\"},\"headline\":\"Les Bleuets en d\u00e9monstration sur le relais de Val Martello en Junior Cup, les Fran\u00e7aises 3\u00e8mes\",\"datePublished\":\"2025-12-21T15:06:48+00:00\",\"dateModified\":\"2025-12-21T17:35:22+00:00\",\"mainEntityOfPage\":{\"@id\":\"https:\/\/dicodusport.fr\/blog\/les-bleuets-en-demonstration-sur-le-relais-de-val-martello-en-junior-cup-les-francaises-3emes\/\"},\"wordCount\":650,\"commentCount\":0,\"publisher\":{\"@id\":\"https:\/\/dicodusport.fr\/blog\/#organization\"},\"image\":{\"@id\":\"https:\/\/dicodusport.fr\/blog\/les-bleuets-en-demonstration-sur-le-relais-de-val-martello-en-junior-cup-les-francaises-3emes\/#primaryimage\"},\"thumbnailUrl\":\"https:\/\/dicodusport.fr\/blog\/wp-content\/uploads\/2025\/12\/Les-Bleuets-en-demonstration-sur-le-relais-de-Val-Martello-en-Junior-Cup-les-Francaises-3emes-1.png\",\"keywords\":[\"actu\",\"Biathlon\",\"br\u00e8ve\",\"IBU Junior Cup\"],\"articleSection\":[\"Biathlon\"],\"inLanguage\":\"fr-FR\",\"potentialAction\":[{\"@type\":\"CommentAction\",\"name\":\"Comment\",\"target\":[\"https:\/\/dicodusport.fr\/blog\/les-bleuets-en-demonstration-sur-le-relais-de-val-martello-en-junior-cup-les-francaises-3emes\/#respond\"]}],\"copyrightYear\":\"2025\",\"copyrightHolder\":{\"@id\":\"https:\/\/dicodusport.fr\/blog\/#organization\"}},{\"@type\":\"WebPage\",\"@id\":\"https:\/\/dicodusport.fr\/blog\/les-bleuets-en-demonstration-sur-le-relais-de-val-martello-en-junior-cup-les-francaises-3emes\/\",\"url\":\"https:\/\/dicodusport.fr\/blog\/les-bleuets-en-demonstration-sur-le-relais-de-val-martello-en-junior-cup-les-francaises-3emes\/\",\"name\":\"Les Bleuets en d\u00e9monstration sur le relais de Val Martello en Junior Cup, les Fran\u00e7aises 3\u00e8mes\",\"isPartOf\":{\"@id\":\"https:\/\/dicodusport.fr\/blog\/#website\"},\"primaryImageOfPage\":{\"@id\":\"https:\/\/dicodusport.fr\/blog\/les-bleuets-en-demonstration-sur-le-relais-de-val-martello-en-junior-cup-les-francaises-3emes\/#primaryimage\"},\"image\":{\"@id\":\"https:\/\/dicodusport.fr\/blog\/les-bleuets-en-demonstration-sur-le-relais-de-val-martello-en-junior-cup-les-francaises-3emes\/#primaryimage\"},\"thumbnailUrl\":\"https:\/\/dicodusport.fr\/blog\/wp-content\/uploads\/2025\/12\/Les-Bleuets-en-demonstration-sur-le-relais-de-Val-Martello-en-Junior-Cup-les-Francaises-3emes-1.png\",\"datePublished\":\"2025-12-21T15:06:48+00:00\",\"dateModified\":\"2025-12-21T17:35:22+00:00\",\"description\":\"IBU JUNIOR CUP 2025-2026 \u2013 Victoire royale des Bleus sur le relais \u00e0 Val Martello (Italie). Le relais f\u00e9minin tricolore prend une inesp\u00e9r\u00e9e 3\u00e8me place.\",\"breadcrumb\":{\"@id\":\"https:\/\/dicodusport.fr\/blog\/les-bleuets-en-demonstration-sur-le-relais-de-val-martello-en-junior-cup-les-francaises-3emes\/#breadcrumb\"},\"inLanguage\":\"fr-FR\",\"potentialAction\":[{\"@type\":\"ReadAction\",\"target\":[\"https:\/\/dicodusport.fr\/blog\/les-bleuets-en-demonstration-sur-le-relais-de-val-martello-en-junior-cup-les-francaises-3emes\/\"]}]},{\"@type\":\"ImageObject\",\"inLanguage\":\"fr-FR\",\"@id\":\"https:\/\/dicodusport.fr\/blog\/les-bleuets-en-demonstration-sur-le-relais-de-val-martello-en-junior-cup-les-francaises-3emes\/#primaryimage\",\"url\":\"https:\/\/dicodusport.fr\/blog\/wp-content\/uploads\/2025\/12\/Les-Bleuets-en-demonstration-sur-le-relais-de-Val-Martello-en-Junior-Cup-les-Francaises-3emes-1.png\",\"contentUrl\":\"https:\/\/dicodusport.fr\/blog\/wp-content\/uploads\/2025\/12\/Les-Bleuets-en-demonstration-sur-le-relais-de-Val-Martello-en-Junior-Cup-les-Francaises-3emes-1.png\",\"width\":1200,\"height\":674,\"caption\":\"Les Bleuets en d\u00e9monstration sur le relais de Val Martello en Junior Cup, les Fran\u00e7aises 3\u00e8mes (1)\"},{\"@type\":\"BreadcrumbList\",\"@id\":\"https:\/\/dicodusport.fr\/blog\/les-bleuets-en-demonstration-sur-le-relais-de-val-martello-en-junior-cup-les-francaises-3emes\/#breadcrumb\",\"itemListElement\":[{\"@type\":\"ListItem\",\"position\":1,\"name\":\"Accueil\",\"item\":\"https:\/\/dicodusport.fr\/blog\/\"},{\"@type\":\"ListItem\",\"position\":2,\"name\":\"Les Bleuets en d\u00e9monstration sur le relais de Val Martello en Junior Cup, les Fran\u00e7aises 3\u00e8mes\"}]},{\"@type\":\"WebSite\",\"@id\":\"https:\/\/dicodusport.fr\/blog\/#website\",\"url\":\"https:\/\/dicodusport.fr\/blog\/\",\"name\":\"Dicodusport\",\"description\":\"L&#039;encyclop\u00e9die de l&#039;actualit\u00e9 sportive\",\"publisher\":{\"@id\":\"https:\/\/dicodusport.fr\/blog\/#organization\"},\"potentialAction\":[{\"@type\":\"SearchAction\",\"target\":{\"@type\":\"EntryPoint\",\"urlTemplate\":\"https:\/\/dicodusport.fr\/blog\/?s={search_term_string}\"},\"query-input\":{\"@type\":\"PropertyValueSpecification\",\"valueRequired\":true,\"valueName\":\"search_term_string\"}}],\"inLanguage\":\"fr-FR\"},{\"@type\":\"NewsMediaOrganization\",\"@id\":\"https:\/\/dicodusport.fr\/blog\/#organization\",\"name\":\"Dicodusport\",\"url\":\"https:\/\/dicodusport.fr\/blog\/\",\"logo\":{\"@type\":\"ImageObject\",\"inLanguage\":\"fr-FR\",\"@id\":\"https:\/\/dicodusport.fr\/blog\/#\/schema\/logo\/image\/\",\"url\":\"https:\/\/dicodusport.fr\/blog\/wp-content\/uploads\/2020\/06\/cropped-LOGO-DICODUSPORT-2020-SANS-FOND-SANS-TEXTE.png\",\"contentUrl\":\"https:\/\/dicodusport.fr\/blog\/wp-content\/uploads\/2020\/06\/cropped-LOGO-DICODUSPORT-2020-SANS-FOND-SANS-TEXTE.png\",\"width\":512,\"height\":512,\"caption\":\"Dicodusport\"},\"image\":{\"@id\":\"https:\/\/dicodusport.fr\/blog\/#\/schema\/logo\/image\/\"},\"sameAs\":[\"https:\/\/www.facebook.com\/dicodusport\",\"https:\/\/x.com\/dicodusport\",\"https:\/\/www.instagram.com\/dicodusport\/\",\"https:\/\/www.youtube.com\/channel\/UC7V2KZ5sd3htJivAbA4ZG3w\"],\"description\":\"Dicodusport est l'encyclop\u00e9die de l'actualit\u00e9 sportive.\",\"email\":\"bonjour@dicodusport.fr\",\"legalName\":\"DICODUSPORT\",\"foundingDate\":\"2018-01-14\",\"vatID\":\"FR71834470973\",\"taxID\":\"83447097300043\",\"numberOfEmployees\":{\"@type\":\"QuantitativeValue\",\"minValue\":\"1\",\"maxValue\":\"10\"}},{\"@type\":\"Person\",\"@id\":\"https:\/\/dicodusport.fr\/blog\/#\/schema\/person\/d603dd7da31fb2b46c82b9835a77ec13\",\"name\":\"Etienne Goursaud\",\"image\":{\"@type\":\"ImageObject\",\"inLanguage\":\"fr-FR\",\"@id\":\"https:\/\/dicodusport.fr\/blog\/#\/schema\/person\/image\/\",\"url\":\"https:\/\/dicodusport.fr\/blog\/wp-content\/uploads\/2023\/12\/410122264_10231602061736049_5565839791558026645_n-150x150.jpg\",\"contentUrl\":\"https:\/\/dicodusport.fr\/blog\/wp-content\/uploads\/2023\/12\/410122264_10231602061736049_5565839791558026645_n-150x150.jpg\",\"caption\":\"Etienne Goursaud\"},\"description\":\"Journaliste et amoureux de sport. Ancien footballeur reconverti athl\u00e8te quand ses muscles le laissent tranquille. \u00c9lev\u00e9 \u00e0 la sauce des exploits de Thomas Voeckler en 2004, du dernier essai de l\u00e9gende de Eunice Barber \u00e0 la longueur lors des championnats du monde d'athl\u00e9tisme de 2003 mais aussi Zidane, Omeyer et Titou Lamaison.\",\"url\":\"https:\/\/dicodusport.fr\/blog\/author\/etienne-goursaud\/\"}]}<\/script>\n<!-- \/ Yoast SEO Premium plugin. -->","yoast_head_json":{"title":"Les Bleuets en d\u00e9monstration sur le relais de Val Martello en Junior Cup, les Fran\u00e7aises 3\u00e8mes","description":"IBU JUNIOR CUP 2025-2026 \u2013 Victoire royale des Bleus sur le relais \u00e0 Val Martello (Italie). Le relais f\u00e9minin tricolore prend une inesp\u00e9r\u00e9e 3\u00e8me place.","robots":{"index":"index","follow":"follow","max-snippet":"max-snippet:-1","max-image-preview":"max-image-preview:large","max-video-preview":"max-video-preview:-1"},"canonical":"https:\/\/dicodusport.fr\/blog\/les-bleuets-en-demonstration-sur-le-relais-de-val-martello-en-junior-cup-les-francaises-3emes\/","og_locale":"fr_FR","og_type":"article","og_title":"Les Bleuets en d\u00e9monstration sur le relais de Val Martello en Junior Cup, les Fran\u00e7aises 3\u00e8mes","og_description":"IBU JUNIOR CUP 2025-2026 \u2013 Victoire royale des Bleus sur le relais \u00e0 Val Martello (Italie). Le relais f\u00e9minin tricolore prend une inesp\u00e9r\u00e9e 3\u00e8me place.","og_url":"https:\/\/dicodusport.fr\/blog\/les-bleuets-en-demonstration-sur-le-relais-de-val-martello-en-junior-cup-les-francaises-3emes\/","og_site_name":"Dicodusport","article_publisher":"https:\/\/www.facebook.com\/dicodusport","article_published_time":"2025-12-21T15:06:48+00:00","article_modified_time":"2025-12-21T17:35:22+00:00","og_image":[{"width":1200,"height":674,"url":"https:\/\/dicodusport.fr\/blog\/wp-content\/uploads\/2025\/12\/Les-Bleuets-en-demonstration-sur-le-relais-de-Val-Martello-en-Junior-Cup-les-Francaises-3emes-1.png","type":"image\/png"}],"author":"Etienne Goursaud","twitter_card":"summary_large_image","twitter_title":"Les Bleuets en d\u00e9monstration sur le relais de Val Martello en Junior Cup, les Fran\u00e7aises 3\u00e8mes","twitter_creator":"@dicodusport","twitter_site":"@dicodusport","schema":{"@context":"https:\/\/schema.org","@graph":[{"@type":"NewsArticle","@id":"https:\/\/dicodusport.fr\/blog\/les-bleuets-en-demonstration-sur-le-relais-de-val-martello-en-junior-cup-les-francaises-3emes\/#article","isPartOf":{"@id":"https:\/\/dicodusport.fr\/blog\/les-bleuets-en-demonstration-sur-le-relais-de-val-martello-en-junior-cup-les-francaises-3emes\/"},"author":{"name":"Etienne Goursaud","@id":"https:\/\/dicodusport.fr\/blog\/#\/schema\/person\/d603dd7da31fb2b46c82b9835a77ec13"},"headline":"Les Bleuets en d\u00e9monstration sur le relais de Val Martello en Junior Cup, les Fran\u00e7aises 3\u00e8mes","datePublished":"2025-12-21T15:06:48+00:00","dateModified":"2025-12-21T17:35:22+00:00","mainEntityOfPage":{"@id":"https:\/\/dicodusport.fr\/blog\/les-bleuets-en-demonstration-sur-le-relais-de-val-martello-en-junior-cup-les-francaises-3emes\/"},"wordCount":650,"commentCount":0,"publisher":{"@id":"https:\/\/dicodusport.fr\/blog\/#organization"},"image":{"@id":"https:\/\/dicodusport.fr\/blog\/les-bleuets-en-demonstration-sur-le-relais-de-val-martello-en-junior-cup-les-francaises-3emes\/#primaryimage"},"thumbnailUrl":"https:\/\/dicodusport.fr\/blog\/wp-content\/uploads\/2025\/12\/Les-Bleuets-en-demonstration-sur-le-relais-de-Val-Martello-en-Junior-Cup-les-Francaises-3emes-1.png","keywords":["actu","Biathlon","br\u00e8ve","IBU Junior Cup"],"articleSection":["Biathlon"],"inLanguage":"fr-FR","potentialAction":[{"@type":"CommentAction","name":"Comment","target":["https:\/\/dicodusport.fr\/blog\/les-bleuets-en-demonstration-sur-le-relais-de-val-martello-en-junior-cup-les-francaises-3emes\/#respond"]}],"copyrightYear":"2025","copyrightHolder":{"@id":"https:\/\/dicodusport.fr\/blog\/#organization"}},{"@type":"WebPage","@id":"https:\/\/dicodusport.fr\/blog\/les-bleuets-en-demonstration-sur-le-relais-de-val-martello-en-junior-cup-les-francaises-3emes\/","url":"https:\/\/dicodusport.fr\/blog\/les-bleuets-en-demonstration-sur-le-relais-de-val-martello-en-junior-cup-les-francaises-3emes\/","name":"Les Bleuets en d\u00e9monstration sur le relais de Val Martello en Junior Cup, les Fran\u00e7aises 3\u00e8mes","isPartOf":{"@id":"https:\/\/dicodusport.fr\/blog\/#website"},"primaryImageOfPage":{"@id":"https:\/\/dicodusport.fr\/blog\/les-bleuets-en-demonstration-sur-le-relais-de-val-martello-en-junior-cup-les-francaises-3emes\/#primaryimage"},"image":{"@id":"https:\/\/dicodusport.fr\/blog\/les-bleuets-en-demonstration-sur-le-relais-de-val-martello-en-junior-cup-les-francaises-3emes\/#primaryimage"},"thumbnailUrl":"https:\/\/dicodusport.fr\/blog\/wp-content\/uploads\/2025\/12\/Les-Bleuets-en-demonstration-sur-le-relais-de-Val-Martello-en-Junior-Cup-les-Francaises-3emes-1.png","datePublished":"2025-12-21T15:06:48+00:00","dateModified":"2025-12-21T17:35:22+00:00","description":"IBU JUNIOR CUP 2025-2026 \u2013 Victoire royale des Bleus sur le relais \u00e0 Val Martello (Italie). Le relais f\u00e9minin tricolore prend une inesp\u00e9r\u00e9e 3\u00e8me place.","breadcrumb":{"@id":"https:\/\/dicodusport.fr\/blog\/les-bleuets-en-demonstration-sur-le-relais-de-val-martello-en-junior-cup-les-francaises-3emes\/#breadcrumb"},"inLanguage":"fr-FR","potentialAction":[{"@type":"ReadAction","target":["https:\/\/dicodusport.fr\/blog\/les-bleuets-en-demonstration-sur-le-relais-de-val-martello-en-junior-cup-les-francaises-3emes\/"]}]},{"@type":"ImageObject","inLanguage":"fr-FR","@id":"https:\/\/dicodusport.fr\/blog\/les-bleuets-en-demonstration-sur-le-relais-de-val-martello-en-junior-cup-les-francaises-3emes\/#primaryimage","url":"https:\/\/dicodusport.fr\/blog\/wp-content\/uploads\/2025\/12\/Les-Bleuets-en-demonstration-sur-le-relais-de-Val-Martello-en-Junior-Cup-les-Francaises-3emes-1.png","contentUrl":"https:\/\/dicodusport.fr\/blog\/wp-content\/uploads\/2025\/12\/Les-Bleuets-en-demonstration-sur-le-relais-de-Val-Martello-en-Junior-Cup-les-Francaises-3emes-1.png","width":1200,"height":674,"caption":"Les Bleuets en d\u00e9monstration sur le relais de Val Martello en Junior Cup, les Fran\u00e7aises 3\u00e8mes (1)"},{"@type":"BreadcrumbList","@id":"https:\/\/dicodusport.fr\/blog\/les-bleuets-en-demonstration-sur-le-relais-de-val-martello-en-junior-cup-les-francaises-3emes\/#breadcrumb","itemListElement":[{"@type":"ListItem","position":1,"name":"Accueil","item":"https:\/\/dicodusport.fr\/blog\/"},{"@type":"ListItem","position":2,"name":"Les Bleuets en d\u00e9monstration sur le relais de Val Martello en Junior Cup, les Fran\u00e7aises 3\u00e8mes"}]},{"@type":"WebSite","@id":"https:\/\/dicodusport.fr\/blog\/#website","url":"https:\/\/dicodusport.fr\/blog\/","name":"Dicodusport","description":"L&#039;encyclop\u00e9die de l&#039;actualit\u00e9 sportive","publisher":{"@id":"https:\/\/dicodusport.fr\/blog\/#organization"},"potentialAction":[{"@type":"SearchAction","target":{"@type":"EntryPoint","urlTemplate":"https:\/\/dicodusport.fr\/blog\/?s={search_term_string}"},"query-input":{"@type":"PropertyValueSpecification","valueRequired":true,"valueName":"search_term_string"}}],"inLanguage":"fr-FR"},{"@type":"NewsMediaOrganization","@id":"https:\/\/dicodusport.fr\/blog\/#organization","name":"Dicodusport","url":"https:\/\/dicodusport.fr\/blog\/","logo":{"@type":"ImageObject","inLanguage":"fr-FR","@id":"https:\/\/dicodusport.fr\/blog\/#\/schema\/logo\/image\/","url":"https:\/\/dicodusport.fr\/blog\/wp-content\/uploads\/2020\/06\/cropped-LOGO-DICODUSPORT-2020-SANS-FOND-SANS-TEXTE.png","contentUrl":"https:\/\/dicodusport.fr\/blog\/wp-content\/uploads\/2020\/06\/cropped-LOGO-DICODUSPORT-2020-SANS-FOND-SANS-TEXTE.png","width":512,"height":512,"caption":"Dicodusport"},"image":{"@id":"https:\/\/dicodusport.fr\/blog\/#\/schema\/logo\/image\/"},"sameAs":["https:\/\/www.facebook.com\/dicodusport","https:\/\/x.com\/dicodusport","https:\/\/www.instagram.com\/dicodusport\/","https:\/\/www.youtube.com\/channel\/UC7V2KZ5sd3htJivAbA4ZG3w"],"description":"Dicodusport est l'encyclop\u00e9die de l'actualit\u00e9 sportive.","email":"bonjour@dicodusport.fr","legalName":"DICODUSPORT","foundingDate":"2018-01-14","vatID":"FR71834470973","taxID":"83447097300043","numberOfEmployees":{"@type":"QuantitativeValue","minValue":"1","maxValue":"10"}},{"@type":"Person","@id":"https:\/\/dicodusport.fr\/blog\/#\/schema\/person\/d603dd7da31fb2b46c82b9835a77ec13","name":"Etienne Goursaud","image":{"@type":"ImageObject","inLanguage":"fr-FR","@id":"https:\/\/dicodusport.fr\/blog\/#\/schema\/person\/image\/","url":"https:\/\/dicodusport.fr\/blog\/wp-content\/uploads\/2023\/12\/410122264_10231602061736049_5565839791558026645_n-150x150.jpg","contentUrl":"https:\/\/dicodusport.fr\/blog\/wp-content\/uploads\/2023\/12\/410122264_10231602061736049_5565839791558026645_n-150x150.jpg","caption":"Etienne Goursaud"},"description":"Journaliste et amoureux de sport. Ancien footballeur reconverti athl\u00e8te quand ses muscles le laissent tranquille. \u00c9lev\u00e9 \u00e0 la sauce des exploits de Thomas Voeckler en 2004, du dernier essai de l\u00e9gende de Eunice Barber \u00e0 la longueur lors des championnats du monde d'athl\u00e9tisme de 2003 mais aussi Zidane, Omeyer et Titou Lamaison.","url":"https:\/\/dicodusport.fr\/blog\/author\/etienne-goursaud\/"}]}},"_links":{"self":[{"href":"https:\/\/dicodusport.fr\/blog\/wp-json\/wp\/v2\/posts\/633811","targetHints":{"allow":["GET"]}}],"collection":[{"href":"https:\/\/dicodusport.fr\/blog\/wp-json\/wp\/v2\/posts"}],"about":[{"href":"https:\/\/dicodusport.fr\/blog\/wp-json\/wp\/v2\/types\/post"}],"author":[{"embeddable":true,"href":"https:\/\/dicodusport.fr\/blog\/wp-json\/wp\/v2\/users\/83"}],"replies":[{"embeddable":true,"href":"https:\/\/dicodusport.fr\/blog\/wp-json\/wp\/v2\/comments?post=633811"}],"version-history":[{"count":5,"href":"https:\/\/dicodusport.fr\/blog\/wp-json\/wp\/v2\/posts\/633811\/revisions"}],"predecessor-version":[{"id":633970,"href":"https:\/\/dicodusport.fr\/blog\/wp-json\/wp\/v2\/posts\/633811\/revisions\/633970"}],"wp:featuredmedia":[{"embeddable":true,"href":"https:\/\/dicodusport.fr\/blog\/wp-json\/wp\/v2\/media\/633999"}],"wp:attachment":[{"href":"https:\/\/dicodusport.fr\/blog\/wp-json\/wp\/v2\/media?parent=633811"}],"wp:term":[{"taxonomy":"category","embeddable":true,"href":"https:\/\/dicodusport.fr\/blog\/wp-json\/wp\/v2\/categories?post=633811"},{"taxonomy":"post_tag","embeddable":true,"href":"https:\/\/dicodusport.fr\/blog\/wp-json\/wp\/v2\/tags?post=633811"}],"curies":[{"name":"wp","href":"https:\/\/api.w.org\/{rel}","templated":true}]}}