{"id":633872,"date":"2025-12-22T07:45:06","date_gmt":"2025-12-22T06:45:06","guid":{"rendered":"https:\/\/dicodusport.fr\/blog\/?p=633872&#038;preview=true&#038;preview_id=633872"},"modified":"2025-12-21T18:25:28","modified_gmt":"2025-12-21T17:25:28","slug":"jeanmonnot-passera-noel-en-jaune-jacquelin-samuse-fillon-maillet-decoit-les-tops-et-flops-des-bleus-au-grand-bornand","status":"publish","type":"post","link":"https:\/\/dicodusport.fr\/blog\/jeanmonnot-passera-noel-en-jaune-jacquelin-samuse-fillon-maillet-decoit-les-tops-et-flops-des-bleus-au-grand-bornand\/","title":{"rendered":"Jeanmonnot passera No\u00ebl en jaune, Jacquelin s&rsquo;amuse, Fillon Maillet d\u00e9\u00e7oit : les Tops et Flops des Bleus au Grand-Bornand"},"content":{"rendered":"<p style=\"text-align: justify;\"><strong><em>COUPE DU MONDE DE BIATHLON 2025\/2026 &#8211; Retour sur les performances des Bleus \u00e0 la suite de la troisi\u00e8me \u00e9tape de la saison au Grand-Bornand.<\/em><\/strong><\/p>\n<ul>\n<li style=\"text-align: justify;\"><strong>\u00c0 ce sujet \u2013 <a href=\"https:\/\/dicodusport.fr\/blog\/biathlon-le-grand-bornand-2025-programme-horaires-et-resultats\/\">Biathlon Grand-Bornand 2025 : Les r\u00e9sultats complets<\/a><\/strong><\/li>\n<li style=\"text-align: justify;\"><strong>\u00c0 ce sujet \u2013 <a href=\"https:\/\/dicodusport.fr\/blog\/biathlon-coupe-du-monde-2025-2026-le-calendrier-complet\/\">Biathlon Coupe du monde 2025-2026 : Le calendrier complet<\/a><\/strong><\/li>\n<\/ul>\n<p style=\"text-align: justify;\">Six podiums en six courses, c\u2019est le r\u00e9sultat d\u2019ensemble de la d\u00e9l\u00e9gation fran\u00e7aise \u00e0 l\u2019issue de la troisi\u00e8me \u00e9tape de la Coupe du monde. Avant deux semaines de repos bien m\u00e9rit\u00e9es pour les biathl\u00e8tes tricolores, Dicodusport dresse la liste des tops et des flops \u00e0 l\u2019issue de ces trois jours au <strong>Grand-Bornand<\/strong>. Entre grandes satisfactions, retours en forme et promesses pour 2026, le week-end a \u00e9t\u00e9 riche en enseignements.<\/p>\n<h2 style=\"text-align: justify;\">Les tops<\/h2>\n<h3 style=\"text-align: justify;\">Lou Jeanmonnot, la vie en jaune<\/h3>\n<p style=\"text-align: justify;\">Apr\u00e8s avoir pris ses marques \u00e0 <a href=\"https:\/\/dicodusport.fr\/blog\/biathlon-ostersund-2025-resultats-et-classements-des-courses\/\"><strong>Ostersund<\/strong><\/a>, puis acc\u00e9l\u00e9r\u00e9 \u00e0 <a href=\"https:\/\/dicodusport.fr\/blog\/biathlon-hochfilzen-2025-programme-horaires-et-resultats\/\"><strong>Hochfilzen<\/strong><\/a>, <strong>Lou Jeanmonnot<\/strong> a activ\u00e9 le mode patronne ce week-end au <strong>Grand-Bornand<\/strong>. Dominatrice sur les skis, comme en attestent ses deuxi\u00e8me et troisi\u00e8me temps de ski sur la mass start et sur le sprint, pr\u00e9cise au tir \u00e0 l\u2019image de ses 96 % de r\u00e9ussite sur le week-end, <strong>Lou Jeanmonnot<\/strong> a pris les r\u00eanes du classement g\u00e9n\u00e9ral de la Coupe du monde \u00e0 l\u2019issue de la poursuite. Elle conclut ce week-end avec <a href=\"https:\/\/dicodusport.fr\/blog\/victoire-sur-la-poursuite-et-dossard-jaune-lou-jeanmonnot-en-demonstration-au-grand-bornand\/\">un remarquable bilan d\u2019une victoire \u2014 sur la poursuite justement<\/a> \u2014 et deux deuxi\u00e8mes places sur le sprint vendredi et la mass start ce dimanche.<\/p>\n<blockquote class=\"twitter-tweet\">\n<p dir=\"ltr\" lang=\"fr\">\ud83d\udc9b Le jaune lui va si bien : Lou Jeanmonnot est la nouvelle leader du classement g\u00e9n\u00e9ral de la Coupe du monde de biathlon apr\u00e8s sa victoire sur la poursuite au Grand-Bornand <a href=\"https:\/\/twitter.com\/hashtag\/ChaletClub?src=hash&amp;ref_src=twsrc%5Etfw\">#ChaletClub<\/a> <a href=\"https:\/\/t.co\/O136XgEB0l\">pic.twitter.com\/O136XgEB0l<\/a><\/p>\n<p>\u2014 Eurosport France (@Eurosport_FR) <a href=\"https:\/\/twitter.com\/Eurosport_FR\/status\/2002363408855732422?ref_src=twsrc%5Etfw\">December 20, 2025<\/a><\/p><\/blockquote>\n<p><script async src=\"https:\/\/platform.twitter.com\/widgets.js\" charset=\"utf-8\"><\/script><\/p>\n<p style=\"text-align: justify;\">Et tr\u00e8s honn\u00eatement, on a du mal \u00e0 voir qui sera en mesure de venir rivaliser avec elle pour le compte du gros globe de cristal. Apr\u00e8s trois \u00e9tapes, soit un tiers de la saison de Coupe du monde, la Fran\u00e7aise compte d\u00e9j\u00e0 68 points d\u2019avance sur la Norv\u00e9gienne <strong>Maren Kirkeeide<\/strong>. Un matelas d\u00e9j\u00e0 confortable qui lui permettra sans doute de passer des f\u00eates rel\u00e2ch\u00e9es avant de remettre le couvert en pr\u00e9vision de la Coupe du monde d\u2019<strong>Oberhof<\/strong>, qui d\u00e9butera le 5 janvier.<\/p>\n<ul>\n<li style=\"text-align: justify;\"><strong>\u00c0 ce sujet \u2013 <a href=\"https:\/\/dicodusport.fr\/blog\/biathlon-2025-2026-classement-general-femmes-de-la-coupe-du-monde-actualise\/\">Biathlon 2025-2026 : Classement G\u00e9n\u00e9ral Femmes de la Coupe du monde mis \u00e0 jour<\/a><\/strong><\/li>\n<\/ul>\n<h3 style=\"text-align: justify;\">\u00c9milien Jacquelin, ici pour jouer<\/h3>\n<p style=\"text-align: justify;\">Quel plaisir de revoir <strong>\u00c9milien Jacquelin<\/strong> s\u2019amuser et lutter pour monter sur le podium. Vendredi d\u00e9j\u00e0, le trentenaire a fait vibrer de nombreux spectateurs sur place tant <a href=\"https:\/\/dicodusport.fr\/blog\/sprint-fou-au-grand-bornand-podium-pour-emilien-jacquelin-succes-de-vetle-christiansen\/\">il a longtemps sembl\u00e9 en position de s\u2019imposer sur le sprint<\/a>. Finalement troisi\u00e8me, il s\u2019\u00e9lan\u00e7ait avec la meute pour la poursuite dans un exercice qu\u2019il affectionne, puisqu\u2019il est double champion du monde de la discipline (2020 et 2021). Et cela lui a r\u00e9ussi puisque, malgr\u00e9 trois fautes au tir, <a href=\"https:\/\/dicodusport.fr\/blog\/emilien-jacquelin-deuxieme-de-la-poursuite-au-grand-bornand-johan-olav-botn-simpose-en-patron\/\"><strong>Jacquelin<\/strong> s\u2019est distingu\u00e9 par une deuxi\u00e8me place<\/a>, son meilleur r\u00e9sultat de la saison.<\/p>\n<p style=\"text-align: justify;\">S\u2019il a termin\u00e9 plus loin sur la mass start, neuvi\u00e8me, son week-end reste n\u00e9anmoins tr\u00e8s r\u00e9ussi. Bien que son tir soit encore perfectible, on ne peut pas lui reprocher de s\u2019engager. Quand cela bascule du bon c\u00f4t\u00e9, c\u2019est l\u00e0 qu\u2019il est le plus redoutable, d\u2019autant plus avec le niveau de ski qu\u2019il affiche actuellement.<\/p>\n<h3 style=\"text-align: justify;\">Justine Braisaz-Bouchet, un podium pour No\u00ebl<\/h3>\n<p style=\"text-align: justify;\"><strong>Justine Braisaz-Bouchet<\/strong> peut se rassurer. Elle qui voyait se profiler le spectre d\u2019un d\u00e9but de saison sans podium avant les f\u00eates \u2014 une situation qui ne lui est pas arriv\u00e9e depuis la saison 2020-2021 \u2014 a conjur\u00e9 le sort gr\u00e2ce \u00e0 <a href=\"https:\/\/dicodusport.fr\/blog\/lou-jeanmonnot-et-justine-braisaz-bouchet-sur-le-podium-de-la-mass-start-du-grand-bornand-maren-kirkeeide-simpose\/\">sa troisi\u00e8me place acquise sur la mass start dimanche<\/a>. Au-del\u00e0 de cette simple statistique, un autre indicateur est tr\u00e8s positif : la Fran\u00e7aise a retrouv\u00e9 de la vitesse sur les skis en signant le meilleur temps sur les deux derni\u00e8res courses du week-end.<\/p>\n<blockquote class=\"twitter-tweet\">\n<p dir=\"ltr\" lang=\"fr\">Lou Jeanmonnot et Justine Braisaz-Bouchet sur le podium \ud83d\udd25<\/p>\n<p>Quelle mass start, quelle course au Grand-Bornand \ud83c\uddeb\ud83c\uddf7<br \/>\n<a href=\"https:\/\/t.co\/9W7fAjjcEX\">pic.twitter.com\/9W7fAjjcEX<\/a><\/p>\n<p>\u2014 Equipe France (@EquipeFRA) <a href=\"https:\/\/twitter.com\/EquipeFRA\/status\/2002713366729818253?ref_src=twsrc%5Etfw\">December 21, 2025<\/a><\/p><\/blockquote>\n<p><script async src=\"https:\/\/platform.twitter.com\/widgets.js\" charset=\"utf-8\"><\/script><\/p>\n<p style=\"text-align: justify;\">\u00c0 l\u2019issue de la premi\u00e8re semaine de course, elle conc\u00e9dait en moyenne 1,9 seconde au kilom\u00e8tre \u00e0 la Slov\u00e8ne <strong>Anamarija Lampi\u010d<\/strong>. M\u00eame si cette derni\u00e8re revenait de maladie ce week-end, la Fran\u00e7aise ne conc\u00e8de plus qu\u2019une demi-seconde par kilom\u00e8tre apr\u00e8s trois \u00e9tapes, soit quatre dixi\u00e8mes de moins que la saison derni\u00e8re.<\/p>\n<p style=\"text-align: justify;\">Mais son tir reste largement perfectible. Si elle s\u2019en est sortie avec un honorable 9\/10 sur le sprint et un solide 19\/20 sur la mass start, elle est tout de m\u00eame pass\u00e9e quatre fois par l\u2019anneau sur la poursuite. De plus, <strong>Justine Braisaz-Bouchet<\/strong> a encore rencontr\u00e9 des difficult\u00e9s sur la vitesse d\u2019ex\u00e9cution, se classant 73e au temps de tir sur le sprint, puis 28e et 39e sur la mass start et la poursuite. Un axe de progression \u00e9vident.<\/p>\n<h2 style=\"text-align: justify;\">Ils promettent pour 2026<\/h2>\n<h3 style=\"text-align: justify;\">\u00c9ric Perrot, solidement install\u00e9 sur le podium du g\u00e9n\u00e9ral<\/h3>\n<p style=\"text-align: justify;\"><a href=\"https:\/\/dicodusport.fr\/blog\/eric-perrot-deuxieme-de-la-mass-start-du-grand-bornand-la-victoire-pour-tommaso-giacomel\/\">S\u2019il a d\u00fb attendre la mass start pour d\u00e9crocher un podium (2e)<\/a> devant les supporters venus nombreux, <strong>\u00c9ric Perrot<\/strong> a de nouveau sign\u00e9 un week-end convaincant. Battu de peu sur la poursuite en raison du retour supersonique de <strong>Johannes Dale<\/strong>, le Fran\u00e7ais a engrang\u00e9 de pr\u00e9cieux points, auxquels s\u2019ajoute sa huiti\u00e8me place sur le sprint.<\/p>\n<p style=\"text-align: justify;\">Dimanche soir, il accusait 113 points de retard au g\u00e9n\u00e9ral sur <strong>Johan-Olav Botn<\/strong>, leader solide, et 16 points de plus que <strong>Tommaso Giacomel<\/strong>, vainqueur du jour. Au micro de <em>L\u2019\u00c9quipe<\/em>, <strong>Perrot<\/strong> \u00e9voquait \u00ab un lot de satisfactions et de frustrations \u00bb, mais \u00ab de quoi partir sereinement f\u00eater No\u00ebl \u00bb. Au tiers de la saison, il est sans contestation possible le biathl\u00e8te fran\u00e7ais le plus r\u00e9gulier chez les hommes.<\/p>\n<h3 style=\"text-align: justify;\">Julia Simon et Camille Bened, attention \u00e0 elles<\/h3>\n<p style=\"text-align: justify;\">Pas de podium pour l\u2019une comme pour l\u2019autre, mais des signaux encourageants. Apr\u00e8s avoir manqu\u00e9 la premi\u00e8re \u00e9tape de la saison, <strong>Julia Simon<\/strong> monte progressivement en puissance : 14e du sprint, 21e de la mass start apr\u00e8s quatre tours de p\u00e9nalit\u00e9, et surtout une quatri\u00e8me place sur la poursuite, \u00e0 un mois et demi de <strong>Milan-Cortina<\/strong>.<\/p>\n<p style=\"text-align: justify;\">De son c\u00f4t\u00e9, <strong>Camille Bened<\/strong> a dissip\u00e9 les doutes sur son \u00e9tat physique apr\u00e8s <strong>Hochfilzen<\/strong>. Sa quatri\u00e8me place sur la mass start, o\u00f9 elle est sortie en t\u00eate du dernier tir, montre sa capacit\u00e9 \u00e0 jouer les premiers r\u00f4les malgr\u00e9 une fin de course plus d\u00e9licate. Un signal tr\u00e8s encourageant pour 2026.<\/p>\n<h2 style=\"text-align: justify;\">Les d\u00e9ceptions<\/h2>\n<h3 style=\"text-align: justify;\">Oc\u00e9ane Michelon et Jeanne Richard en retrait<\/h3>\n<p style=\"text-align: justify;\">Cinqui\u00e8me et sixi\u00e8me du g\u00e9n\u00e9ral l\u2019hiver dernier, les deux jeunes femmes connaissent un d\u00e9but de saison plus compliqu\u00e9. D\u00e9j\u00e0 point\u00e9es du doigt lors de l\u2019\u00e9tape pr\u00e9c\u00e9dente, elles n\u2019ont pas r\u00e9ussi \u00e0 inverser la tendance. <strong>Oc\u00e9ane Michelon<\/strong> n\u2019a pas fait mieux qu\u2019une quinzi\u00e8me place sur la mass start, tandis que <strong>Jeanne Richard<\/strong> a termin\u00e9 23e pour sa seule course du week-end.<\/p>\n<p style=\"text-align: justify;\">Pas retenue pour les deux premi\u00e8res courses, <strong>Richard<\/strong> voit les Jeux Olympiques s\u2019\u00e9loigner l\u00e9g\u00e8rement. Sixi\u00e8me dans la hi\u00e9rarchie fran\u00e7aise, elle devra d\u00e9sormais composer avec la concurrence de <strong>Paula Botet<\/strong> et des biathl\u00e8tes issues de l\u2019IBU Cup, \u00e0 commencer par la leader <strong>Voldiya Galmace Paulin<\/strong>. En parall\u00e8le, <strong>Oc\u00e9ane Michelon<\/strong> voit la pression monter avec le retour en force de <strong>Camille Bened<\/strong>. Les deux devraient \u00eatre pr\u00e9sentes aux Jeux, mais la concurrence sera rude, la France ne pouvant engager que quatre femmes par \u00e9preuve hors mass start.<\/p>\n<h3 style=\"text-align: justify;\">Quentin Fillon Maillet dans le dur<\/h3>\n<p style=\"text-align: justify;\">Difficile de voir un champion du calibre de <strong>Quentin Fillon Maillet<\/strong> se battre pour des points au c\u0153ur du peloton. Pourtant, le Fran\u00e7ais traverse une p\u00e9riode plus compliqu\u00e9e depuis sa tr\u00e8s belle semaine d\u2019ouverture \u00e0 <strong>\u00d6stersund<\/strong>. Avec une 14e place sur la poursuite, une 20e sur le sprint et une 26e sur la mass start, il reste n\u00e9anmoins septi\u00e8me du classement g\u00e9n\u00e9ral. Ce n\u2019est sans doute pas la mani\u00e8re dont \u00ab QFM \u00bb esp\u00e9rait conclure son passage en Haute-Savoie, mais la pause arrive \u00e0 point nomm\u00e9 pour repartir sur de meilleures bases en 2026.<\/p>\n<ul>\n<li style=\"text-align: justify;\"><strong>\u00c0 ce sujet \u2013 <a href=\"https:\/\/dicodusport.fr\/blog\/biathlon-2025-2026-classement-general-hommes-de-la-coupe-du-monde-mis-a-jour\/\">Biathlon 2025-2026 : Classement G\u00e9n\u00e9ral Hommes de la Coupe du monde mis \u00e0 jour<\/a><\/strong><\/li>\n<\/ul>\n","protected":false},"excerpt":{"rendered":"<p>Retour sur les performances des Bleus \u00e0 la suite de la troisi\u00e8me \u00e9tape de la saison au Grand-Bornand.<\/p>\n","protected":false},"author":91,"featured_media":633997,"comment_status":"open","ping_status":"closed","sticky":false,"template":"","format":"standard","meta":{"_acf_changed":false,"_daextam_enable_autolinks":"1","footnotes":""},"categories":[47040],"tags":[2427,2902,16878,2695,24],"class_list":["post-633872","post","type-post","status-publish","format-standard","has-post-thumbnail","hentry","category-coupe-du-monde-de-biathlon","tag-biathlon","tag-biathlon-grand-bornand","tag-breve","tag-coupe-du-monde-de-biathlon","tag-sport"],"acf":[],"yoast_head":"<!-- This site is optimized with the Yoast SEO Premium plugin v26.7 (Yoast SEO v26.7) - https:\/\/yoast.com\/wordpress\/plugins\/seo\/ -->\n<title>Jeanmonnot passera No\u00ebl en jaune, Jacquelin s&#039;amuse, Fillon Maillet d\u00e9\u00e7oit : les Tops et Flops des Bleus au Grand-Bornand<\/title>\n<meta name=\"description\" content=\"COUPE DU MONDE DE BIATHLON 2025\/2026 - Retour sur les performances des Bleus \u00e0 la suite de la troisi\u00e8me \u00e9tape de la saison au Grand-Bornand.\" \/>\n<meta name=\"robots\" content=\"index, follow, max-snippet:-1, max-image-preview:large, max-video-preview:-1\" \/>\n<link rel=\"canonical\" href=\"https:\/\/dicodusport.fr\/blog\/jeanmonnot-passera-noel-en-jaune-jacquelin-samuse-fillon-maillet-decoit-les-tops-et-flops-des-bleus-au-grand-bornand\/\" \/>\n<meta property=\"og:locale\" content=\"fr_FR\" \/>\n<meta property=\"og:type\" content=\"article\" \/>\n<meta property=\"og:title\" content=\"Jeanmonnot passera No\u00ebl en jaune, Jacquelin s&#039;amuse, Fillon Maillet d\u00e9\u00e7oit : les Tops et Flops des Bleus au Grand-Bornand\" \/>\n<meta property=\"og:description\" content=\"COUPE DU MONDE DE BIATHLON 2025\/2026 - Retour sur les performances des Bleus \u00e0 la suite de la troisi\u00e8me \u00e9tape de la saison au Grand-Bornand.\" \/>\n<meta property=\"og:url\" content=\"https:\/\/dicodusport.fr\/blog\/jeanmonnot-passera-noel-en-jaune-jacquelin-samuse-fillon-maillet-decoit-les-tops-et-flops-des-bleus-au-grand-bornand\/\" \/>\n<meta property=\"og:site_name\" content=\"Dicodusport\" \/>\n<meta property=\"article:publisher\" content=\"https:\/\/www.facebook.com\/dicodusport\" \/>\n<meta property=\"article:published_time\" content=\"2025-12-22T06:45:06+00:00\" \/>\n<meta property=\"og:image\" content=\"https:\/\/dicodusport.fr\/blog\/wp-content\/uploads\/2025\/12\/Jeanmonnot-passera-Noel-en-jaune-Jacquelin-samuse-Fillon-Maillet-decoit-les-Tops-et-Flops-des-Bleus-au-Grand-Bornand.png\" \/>\n\t<meta property=\"og:image:width\" content=\"1200\" \/>\n\t<meta property=\"og:image:height\" content=\"674\" \/>\n\t<meta property=\"og:image:type\" content=\"image\/png\" \/>\n<meta name=\"author\" content=\"Victor Clot-Amiot\" \/>\n<meta name=\"twitter:card\" content=\"summary_large_image\" \/>\n<meta name=\"twitter:title\" content=\"Jeanmonnot passera No\u00ebl en jaune, Jacquelin s&#039;amuse, Fillon Maillet d\u00e9\u00e7oit : les Tops et Flops des Bleus au Grand-Bornand\" \/>\n<meta name=\"twitter:creator\" content=\"@https:\/\/x.com\/VictorClotAmiot\" \/>\n<meta name=\"twitter:site\" content=\"@dicodusport\" \/>\n<script type=\"application\/ld+json\" class=\"yoast-schema-graph\">{\"@context\":\"https:\/\/schema.org\",\"@graph\":[{\"@type\":\"NewsArticle\",\"@id\":\"https:\/\/dicodusport.fr\/blog\/jeanmonnot-passera-noel-en-jaune-jacquelin-samuse-fillon-maillet-decoit-les-tops-et-flops-des-bleus-au-grand-bornand\/#article\",\"isPartOf\":{\"@id\":\"https:\/\/dicodusport.fr\/blog\/jeanmonnot-passera-noel-en-jaune-jacquelin-samuse-fillon-maillet-decoit-les-tops-et-flops-des-bleus-au-grand-bornand\/\"},\"author\":{\"name\":\"Victor Clot-Amiot\",\"@id\":\"https:\/\/dicodusport.fr\/blog\/#\/schema\/person\/b623199cba9ba90fe84a3d16e9282360\"},\"headline\":\"Jeanmonnot passera No\u00ebl en jaune, Jacquelin s&rsquo;amuse, Fillon Maillet d\u00e9\u00e7oit : les Tops et Flops des Bleus au Grand-Bornand\",\"datePublished\":\"2025-12-22T06:45:06+00:00\",\"mainEntityOfPage\":{\"@id\":\"https:\/\/dicodusport.fr\/blog\/jeanmonnot-passera-noel-en-jaune-jacquelin-samuse-fillon-maillet-decoit-les-tops-et-flops-des-bleus-au-grand-bornand\/\"},\"wordCount\":1430,\"commentCount\":0,\"publisher\":{\"@id\":\"https:\/\/dicodusport.fr\/blog\/#organization\"},\"image\":{\"@id\":\"https:\/\/dicodusport.fr\/blog\/jeanmonnot-passera-noel-en-jaune-jacquelin-samuse-fillon-maillet-decoit-les-tops-et-flops-des-bleus-au-grand-bornand\/#primaryimage\"},\"thumbnailUrl\":\"https:\/\/dicodusport.fr\/blog\/wp-content\/uploads\/2025\/12\/Jeanmonnot-passera-Noel-en-jaune-Jacquelin-samuse-Fillon-Maillet-decoit-les-Tops-et-Flops-des-Bleus-au-Grand-Bornand.png\",\"keywords\":[\"Biathlon\",\"Biathlon Grand Bornand\",\"br\u00e8ve\",\"Coupe du monde de Biathlon\",\"sport\"],\"articleSection\":[\"Coupe du monde de biathlon\"],\"inLanguage\":\"fr-FR\",\"potentialAction\":[{\"@type\":\"CommentAction\",\"name\":\"Comment\",\"target\":[\"https:\/\/dicodusport.fr\/blog\/jeanmonnot-passera-noel-en-jaune-jacquelin-samuse-fillon-maillet-decoit-les-tops-et-flops-des-bleus-au-grand-bornand\/#respond\"]}],\"copyrightYear\":\"2025\",\"copyrightHolder\":{\"@id\":\"https:\/\/dicodusport.fr\/blog\/#organization\"}},{\"@type\":\"WebPage\",\"@id\":\"https:\/\/dicodusport.fr\/blog\/jeanmonnot-passera-noel-en-jaune-jacquelin-samuse-fillon-maillet-decoit-les-tops-et-flops-des-bleus-au-grand-bornand\/\",\"url\":\"https:\/\/dicodusport.fr\/blog\/jeanmonnot-passera-noel-en-jaune-jacquelin-samuse-fillon-maillet-decoit-les-tops-et-flops-des-bleus-au-grand-bornand\/\",\"name\":\"Jeanmonnot passera No\u00ebl en jaune, Jacquelin s'amuse, Fillon Maillet d\u00e9\u00e7oit : les Tops et Flops des Bleus au Grand-Bornand\",\"isPartOf\":{\"@id\":\"https:\/\/dicodusport.fr\/blog\/#website\"},\"primaryImageOfPage\":{\"@id\":\"https:\/\/dicodusport.fr\/blog\/jeanmonnot-passera-noel-en-jaune-jacquelin-samuse-fillon-maillet-decoit-les-tops-et-flops-des-bleus-au-grand-bornand\/#primaryimage\"},\"image\":{\"@id\":\"https:\/\/dicodusport.fr\/blog\/jeanmonnot-passera-noel-en-jaune-jacquelin-samuse-fillon-maillet-decoit-les-tops-et-flops-des-bleus-au-grand-bornand\/#primaryimage\"},\"thumbnailUrl\":\"https:\/\/dicodusport.fr\/blog\/wp-content\/uploads\/2025\/12\/Jeanmonnot-passera-Noel-en-jaune-Jacquelin-samuse-Fillon-Maillet-decoit-les-Tops-et-Flops-des-Bleus-au-Grand-Bornand.png\",\"datePublished\":\"2025-12-22T06:45:06+00:00\",\"description\":\"COUPE DU MONDE DE BIATHLON 2025\/2026 - Retour sur les performances des Bleus \u00e0 la suite de la troisi\u00e8me \u00e9tape de la saison au Grand-Bornand.\",\"breadcrumb\":{\"@id\":\"https:\/\/dicodusport.fr\/blog\/jeanmonnot-passera-noel-en-jaune-jacquelin-samuse-fillon-maillet-decoit-les-tops-et-flops-des-bleus-au-grand-bornand\/#breadcrumb\"},\"inLanguage\":\"fr-FR\",\"potentialAction\":[{\"@type\":\"ReadAction\",\"target\":[\"https:\/\/dicodusport.fr\/blog\/jeanmonnot-passera-noel-en-jaune-jacquelin-samuse-fillon-maillet-decoit-les-tops-et-flops-des-bleus-au-grand-bornand\/\"]}]},{\"@type\":\"ImageObject\",\"inLanguage\":\"fr-FR\",\"@id\":\"https:\/\/dicodusport.fr\/blog\/jeanmonnot-passera-noel-en-jaune-jacquelin-samuse-fillon-maillet-decoit-les-tops-et-flops-des-bleus-au-grand-bornand\/#primaryimage\",\"url\":\"https:\/\/dicodusport.fr\/blog\/wp-content\/uploads\/2025\/12\/Jeanmonnot-passera-Noel-en-jaune-Jacquelin-samuse-Fillon-Maillet-decoit-les-Tops-et-Flops-des-Bleus-au-Grand-Bornand.png\",\"contentUrl\":\"https:\/\/dicodusport.fr\/blog\/wp-content\/uploads\/2025\/12\/Jeanmonnot-passera-Noel-en-jaune-Jacquelin-samuse-Fillon-Maillet-decoit-les-Tops-et-Flops-des-Bleus-au-Grand-Bornand.png\",\"width\":1200,\"height\":674,\"caption\":\"Jeanmonnot passera No\u00ebl en jaune, Jacquelin s'amuse, Fillon Maillet d\u00e9\u00e7oit les Tops et Flops des Bleus au Grand-Bornand\"},{\"@type\":\"BreadcrumbList\",\"@id\":\"https:\/\/dicodusport.fr\/blog\/jeanmonnot-passera-noel-en-jaune-jacquelin-samuse-fillon-maillet-decoit-les-tops-et-flops-des-bleus-au-grand-bornand\/#breadcrumb\",\"itemListElement\":[{\"@type\":\"ListItem\",\"position\":1,\"name\":\"Accueil\",\"item\":\"https:\/\/dicodusport.fr\/blog\/\"},{\"@type\":\"ListItem\",\"position\":2,\"name\":\"Jeanmonnot passera No\u00ebl en jaune, Jacquelin s&rsquo;amuse, Fillon Maillet d\u00e9\u00e7oit : les Tops et Flops des Bleus au Grand-Bornand\"}]},{\"@type\":\"WebSite\",\"@id\":\"https:\/\/dicodusport.fr\/blog\/#website\",\"url\":\"https:\/\/dicodusport.fr\/blog\/\",\"name\":\"Dicodusport\",\"description\":\"L&#039;encyclop\u00e9die de l&#039;actualit\u00e9 sportive\",\"publisher\":{\"@id\":\"https:\/\/dicodusport.fr\/blog\/#organization\"},\"potentialAction\":[{\"@type\":\"SearchAction\",\"target\":{\"@type\":\"EntryPoint\",\"urlTemplate\":\"https:\/\/dicodusport.fr\/blog\/?s={search_term_string}\"},\"query-input\":{\"@type\":\"PropertyValueSpecification\",\"valueRequired\":true,\"valueName\":\"search_term_string\"}}],\"inLanguage\":\"fr-FR\"},{\"@type\":\"NewsMediaOrganization\",\"@id\":\"https:\/\/dicodusport.fr\/blog\/#organization\",\"name\":\"Dicodusport\",\"url\":\"https:\/\/dicodusport.fr\/blog\/\",\"logo\":{\"@type\":\"ImageObject\",\"inLanguage\":\"fr-FR\",\"@id\":\"https:\/\/dicodusport.fr\/blog\/#\/schema\/logo\/image\/\",\"url\":\"https:\/\/dicodusport.fr\/blog\/wp-content\/uploads\/2020\/06\/cropped-LOGO-DICODUSPORT-2020-SANS-FOND-SANS-TEXTE.png\",\"contentUrl\":\"https:\/\/dicodusport.fr\/blog\/wp-content\/uploads\/2020\/06\/cropped-LOGO-DICODUSPORT-2020-SANS-FOND-SANS-TEXTE.png\",\"width\":512,\"height\":512,\"caption\":\"Dicodusport\"},\"image\":{\"@id\":\"https:\/\/dicodusport.fr\/blog\/#\/schema\/logo\/image\/\"},\"sameAs\":[\"https:\/\/www.facebook.com\/dicodusport\",\"https:\/\/x.com\/dicodusport\",\"https:\/\/www.instagram.com\/dicodusport\/\",\"https:\/\/www.youtube.com\/channel\/UC7V2KZ5sd3htJivAbA4ZG3w\"],\"description\":\"Dicodusport est l'encyclop\u00e9die de l'actualit\u00e9 sportive.\",\"email\":\"bonjour@dicodusport.fr\",\"legalName\":\"DICODUSPORT\",\"foundingDate\":\"2018-01-14\",\"vatID\":\"FR71834470973\",\"taxID\":\"83447097300043\",\"numberOfEmployees\":{\"@type\":\"QuantitativeValue\",\"minValue\":\"1\",\"maxValue\":\"10\"}},{\"@type\":\"Person\",\"@id\":\"https:\/\/dicodusport.fr\/blog\/#\/schema\/person\/b623199cba9ba90fe84a3d16e9282360\",\"name\":\"Victor Clot-Amiot\",\"image\":{\"@type\":\"ImageObject\",\"inLanguage\":\"fr-FR\",\"@id\":\"https:\/\/dicodusport.fr\/blog\/#\/schema\/person\/image\/\",\"url\":\"https:\/\/dicodusport.fr\/blog\/wp-content\/uploads\/2023\/09\/IMG_20190826_114722-150x150.jpg\",\"contentUrl\":\"https:\/\/dicodusport.fr\/blog\/wp-content\/uploads\/2023\/09\/IMG_20190826_114722-150x150.jpg\",\"caption\":\"Victor Clot-Amiot\"},\"description\":\"Passionn\u00e9 de sport depuis toujours, un jour \u00e0 l'adolescence mes parents m'ont dit : \\\"quitte \u00e0 passer ton temps \u00e0 regarder du sport, au moins va le voir en vrai\\\" ! Depuis, cette remarque ne m'a plus quitt\u00e9 et je passe une grande partie de mon temps libre \u00e0 assister \u00e0 des comp\u00e9titions de tous sports. Je m\u00eale d'ailleurs mes deux passions, le sport et les voyages afin de faire une pierre deux coups ! Outre l'US Open ou l'Euro 2021 par exemple, j'ai assist\u00e9 cet \u00e9t\u00e9 aux Mondiaux d'athl\u00e9tisme \u00e0 Budapest. Mon plus gros coup dur est et restera les JO 2020-2021 pour lesquels j'avais r\u00e9serv\u00e9 17 \u00e9preuves. La suite, vous la connaissez...\",\"sameAs\":[\"https:\/\/x.com\/https:\/\/x.com\/VictorClotAmiot\"],\"url\":\"https:\/\/dicodusport.fr\/blog\/author\/victor-clot-amiot\/\"}]}<\/script>\n<!-- \/ Yoast SEO Premium plugin. -->","yoast_head_json":{"title":"Jeanmonnot passera No\u00ebl en jaune, Jacquelin s'amuse, Fillon Maillet d\u00e9\u00e7oit : les Tops et Flops des Bleus au Grand-Bornand","description":"COUPE DU MONDE DE BIATHLON 2025\/2026 - Retour sur les performances des Bleus \u00e0 la suite de la troisi\u00e8me \u00e9tape de la saison au Grand-Bornand.","robots":{"index":"index","follow":"follow","max-snippet":"max-snippet:-1","max-image-preview":"max-image-preview:large","max-video-preview":"max-video-preview:-1"},"canonical":"https:\/\/dicodusport.fr\/blog\/jeanmonnot-passera-noel-en-jaune-jacquelin-samuse-fillon-maillet-decoit-les-tops-et-flops-des-bleus-au-grand-bornand\/","og_locale":"fr_FR","og_type":"article","og_title":"Jeanmonnot passera No\u00ebl en jaune, Jacquelin s'amuse, Fillon Maillet d\u00e9\u00e7oit : les Tops et Flops des Bleus au Grand-Bornand","og_description":"COUPE DU MONDE DE BIATHLON 2025\/2026 - Retour sur les performances des Bleus \u00e0 la suite de la troisi\u00e8me \u00e9tape de la saison au Grand-Bornand.","og_url":"https:\/\/dicodusport.fr\/blog\/jeanmonnot-passera-noel-en-jaune-jacquelin-samuse-fillon-maillet-decoit-les-tops-et-flops-des-bleus-au-grand-bornand\/","og_site_name":"Dicodusport","article_publisher":"https:\/\/www.facebook.com\/dicodusport","article_published_time":"2025-12-22T06:45:06+00:00","og_image":[{"width":1200,"height":674,"url":"https:\/\/dicodusport.fr\/blog\/wp-content\/uploads\/2025\/12\/Jeanmonnot-passera-Noel-en-jaune-Jacquelin-samuse-Fillon-Maillet-decoit-les-Tops-et-Flops-des-Bleus-au-Grand-Bornand.png","type":"image\/png"}],"author":"Victor Clot-Amiot","twitter_card":"summary_large_image","twitter_title":"Jeanmonnot passera No\u00ebl en jaune, Jacquelin s'amuse, Fillon Maillet d\u00e9\u00e7oit : les Tops et Flops des Bleus au Grand-Bornand","twitter_creator":"@https:\/\/x.com\/VictorClotAmiot","twitter_site":"@dicodusport","schema":{"@context":"https:\/\/schema.org","@graph":[{"@type":"NewsArticle","@id":"https:\/\/dicodusport.fr\/blog\/jeanmonnot-passera-noel-en-jaune-jacquelin-samuse-fillon-maillet-decoit-les-tops-et-flops-des-bleus-au-grand-bornand\/#article","isPartOf":{"@id":"https:\/\/dicodusport.fr\/blog\/jeanmonnot-passera-noel-en-jaune-jacquelin-samuse-fillon-maillet-decoit-les-tops-et-flops-des-bleus-au-grand-bornand\/"},"author":{"name":"Victor Clot-Amiot","@id":"https:\/\/dicodusport.fr\/blog\/#\/schema\/person\/b623199cba9ba90fe84a3d16e9282360"},"headline":"Jeanmonnot passera No\u00ebl en jaune, Jacquelin s&rsquo;amuse, Fillon Maillet d\u00e9\u00e7oit : les Tops et Flops des Bleus au Grand-Bornand","datePublished":"2025-12-22T06:45:06+00:00","mainEntityOfPage":{"@id":"https:\/\/dicodusport.fr\/blog\/jeanmonnot-passera-noel-en-jaune-jacquelin-samuse-fillon-maillet-decoit-les-tops-et-flops-des-bleus-au-grand-bornand\/"},"wordCount":1430,"commentCount":0,"publisher":{"@id":"https:\/\/dicodusport.fr\/blog\/#organization"},"image":{"@id":"https:\/\/dicodusport.fr\/blog\/jeanmonnot-passera-noel-en-jaune-jacquelin-samuse-fillon-maillet-decoit-les-tops-et-flops-des-bleus-au-grand-bornand\/#primaryimage"},"thumbnailUrl":"https:\/\/dicodusport.fr\/blog\/wp-content\/uploads\/2025\/12\/Jeanmonnot-passera-Noel-en-jaune-Jacquelin-samuse-Fillon-Maillet-decoit-les-Tops-et-Flops-des-Bleus-au-Grand-Bornand.png","keywords":["Biathlon","Biathlon Grand Bornand","br\u00e8ve","Coupe du monde de Biathlon","sport"],"articleSection":["Coupe du monde de biathlon"],"inLanguage":"fr-FR","potentialAction":[{"@type":"CommentAction","name":"Comment","target":["https:\/\/dicodusport.fr\/blog\/jeanmonnot-passera-noel-en-jaune-jacquelin-samuse-fillon-maillet-decoit-les-tops-et-flops-des-bleus-au-grand-bornand\/#respond"]}],"copyrightYear":"2025","copyrightHolder":{"@id":"https:\/\/dicodusport.fr\/blog\/#organization"}},{"@type":"WebPage","@id":"https:\/\/dicodusport.fr\/blog\/jeanmonnot-passera-noel-en-jaune-jacquelin-samuse-fillon-maillet-decoit-les-tops-et-flops-des-bleus-au-grand-bornand\/","url":"https:\/\/dicodusport.fr\/blog\/jeanmonnot-passera-noel-en-jaune-jacquelin-samuse-fillon-maillet-decoit-les-tops-et-flops-des-bleus-au-grand-bornand\/","name":"Jeanmonnot passera No\u00ebl en jaune, Jacquelin s'amuse, Fillon Maillet d\u00e9\u00e7oit : les Tops et Flops des Bleus au Grand-Bornand","isPartOf":{"@id":"https:\/\/dicodusport.fr\/blog\/#website"},"primaryImageOfPage":{"@id":"https:\/\/dicodusport.fr\/blog\/jeanmonnot-passera-noel-en-jaune-jacquelin-samuse-fillon-maillet-decoit-les-tops-et-flops-des-bleus-au-grand-bornand\/#primaryimage"},"image":{"@id":"https:\/\/dicodusport.fr\/blog\/jeanmonnot-passera-noel-en-jaune-jacquelin-samuse-fillon-maillet-decoit-les-tops-et-flops-des-bleus-au-grand-bornand\/#primaryimage"},"thumbnailUrl":"https:\/\/dicodusport.fr\/blog\/wp-content\/uploads\/2025\/12\/Jeanmonnot-passera-Noel-en-jaune-Jacquelin-samuse-Fillon-Maillet-decoit-les-Tops-et-Flops-des-Bleus-au-Grand-Bornand.png","datePublished":"2025-12-22T06:45:06+00:00","description":"COUPE DU MONDE DE BIATHLON 2025\/2026 - Retour sur les performances des Bleus \u00e0 la suite de la troisi\u00e8me \u00e9tape de la saison au Grand-Bornand.","breadcrumb":{"@id":"https:\/\/dicodusport.fr\/blog\/jeanmonnot-passera-noel-en-jaune-jacquelin-samuse-fillon-maillet-decoit-les-tops-et-flops-des-bleus-au-grand-bornand\/#breadcrumb"},"inLanguage":"fr-FR","potentialAction":[{"@type":"ReadAction","target":["https:\/\/dicodusport.fr\/blog\/jeanmonnot-passera-noel-en-jaune-jacquelin-samuse-fillon-maillet-decoit-les-tops-et-flops-des-bleus-au-grand-bornand\/"]}]},{"@type":"ImageObject","inLanguage":"fr-FR","@id":"https:\/\/dicodusport.fr\/blog\/jeanmonnot-passera-noel-en-jaune-jacquelin-samuse-fillon-maillet-decoit-les-tops-et-flops-des-bleus-au-grand-bornand\/#primaryimage","url":"https:\/\/dicodusport.fr\/blog\/wp-content\/uploads\/2025\/12\/Jeanmonnot-passera-Noel-en-jaune-Jacquelin-samuse-Fillon-Maillet-decoit-les-Tops-et-Flops-des-Bleus-au-Grand-Bornand.png","contentUrl":"https:\/\/dicodusport.fr\/blog\/wp-content\/uploads\/2025\/12\/Jeanmonnot-passera-Noel-en-jaune-Jacquelin-samuse-Fillon-Maillet-decoit-les-Tops-et-Flops-des-Bleus-au-Grand-Bornand.png","width":1200,"height":674,"caption":"Jeanmonnot passera No\u00ebl en jaune, Jacquelin s'amuse, Fillon Maillet d\u00e9\u00e7oit les Tops et Flops des Bleus au Grand-Bornand"},{"@type":"BreadcrumbList","@id":"https:\/\/dicodusport.fr\/blog\/jeanmonnot-passera-noel-en-jaune-jacquelin-samuse-fillon-maillet-decoit-les-tops-et-flops-des-bleus-au-grand-bornand\/#breadcrumb","itemListElement":[{"@type":"ListItem","position":1,"name":"Accueil","item":"https:\/\/dicodusport.fr\/blog\/"},{"@type":"ListItem","position":2,"name":"Jeanmonnot passera No\u00ebl en jaune, Jacquelin s&rsquo;amuse, Fillon Maillet d\u00e9\u00e7oit : les Tops et Flops des Bleus au Grand-Bornand"}]},{"@type":"WebSite","@id":"https:\/\/dicodusport.fr\/blog\/#website","url":"https:\/\/dicodusport.fr\/blog\/","name":"Dicodusport","description":"L&#039;encyclop\u00e9die de l&#039;actualit\u00e9 sportive","publisher":{"@id":"https:\/\/dicodusport.fr\/blog\/#organization"},"potentialAction":[{"@type":"SearchAction","target":{"@type":"EntryPoint","urlTemplate":"https:\/\/dicodusport.fr\/blog\/?s={search_term_string}"},"query-input":{"@type":"PropertyValueSpecification","valueRequired":true,"valueName":"search_term_string"}}],"inLanguage":"fr-FR"},{"@type":"NewsMediaOrganization","@id":"https:\/\/dicodusport.fr\/blog\/#organization","name":"Dicodusport","url":"https:\/\/dicodusport.fr\/blog\/","logo":{"@type":"ImageObject","inLanguage":"fr-FR","@id":"https:\/\/dicodusport.fr\/blog\/#\/schema\/logo\/image\/","url":"https:\/\/dicodusport.fr\/blog\/wp-content\/uploads\/2020\/06\/cropped-LOGO-DICODUSPORT-2020-SANS-FOND-SANS-TEXTE.png","contentUrl":"https:\/\/dicodusport.fr\/blog\/wp-content\/uploads\/2020\/06\/cropped-LOGO-DICODUSPORT-2020-SANS-FOND-SANS-TEXTE.png","width":512,"height":512,"caption":"Dicodusport"},"image":{"@id":"https:\/\/dicodusport.fr\/blog\/#\/schema\/logo\/image\/"},"sameAs":["https:\/\/www.facebook.com\/dicodusport","https:\/\/x.com\/dicodusport","https:\/\/www.instagram.com\/dicodusport\/","https:\/\/www.youtube.com\/channel\/UC7V2KZ5sd3htJivAbA4ZG3w"],"description":"Dicodusport est l'encyclop\u00e9die de l'actualit\u00e9 sportive.","email":"bonjour@dicodusport.fr","legalName":"DICODUSPORT","foundingDate":"2018-01-14","vatID":"FR71834470973","taxID":"83447097300043","numberOfEmployees":{"@type":"QuantitativeValue","minValue":"1","maxValue":"10"}},{"@type":"Person","@id":"https:\/\/dicodusport.fr\/blog\/#\/schema\/person\/b623199cba9ba90fe84a3d16e9282360","name":"Victor Clot-Amiot","image":{"@type":"ImageObject","inLanguage":"fr-FR","@id":"https:\/\/dicodusport.fr\/blog\/#\/schema\/person\/image\/","url":"https:\/\/dicodusport.fr\/blog\/wp-content\/uploads\/2023\/09\/IMG_20190826_114722-150x150.jpg","contentUrl":"https:\/\/dicodusport.fr\/blog\/wp-content\/uploads\/2023\/09\/IMG_20190826_114722-150x150.jpg","caption":"Victor Clot-Amiot"},"description":"Passionn\u00e9 de sport depuis toujours, un jour \u00e0 l'adolescence mes parents m'ont dit : \"quitte \u00e0 passer ton temps \u00e0 regarder du sport, au moins va le voir en vrai\" ! Depuis, cette remarque ne m'a plus quitt\u00e9 et je passe une grande partie de mon temps libre \u00e0 assister \u00e0 des comp\u00e9titions de tous sports. Je m\u00eale d'ailleurs mes deux passions, le sport et les voyages afin de faire une pierre deux coups ! Outre l'US Open ou l'Euro 2021 par exemple, j'ai assist\u00e9 cet \u00e9t\u00e9 aux Mondiaux d'athl\u00e9tisme \u00e0 Budapest. Mon plus gros coup dur est et restera les JO 2020-2021 pour lesquels j'avais r\u00e9serv\u00e9 17 \u00e9preuves. La suite, vous la connaissez...","sameAs":["https:\/\/x.com\/https:\/\/x.com\/VictorClotAmiot"],"url":"https:\/\/dicodusport.fr\/blog\/author\/victor-clot-amiot\/"}]}},"_links":{"self":[{"href":"https:\/\/dicodusport.fr\/blog\/wp-json\/wp\/v2\/posts\/633872","targetHints":{"allow":["GET"]}}],"collection":[{"href":"https:\/\/dicodusport.fr\/blog\/wp-json\/wp\/v2\/posts"}],"about":[{"href":"https:\/\/dicodusport.fr\/blog\/wp-json\/wp\/v2\/types\/post"}],"author":[{"embeddable":true,"href":"https:\/\/dicodusport.fr\/blog\/wp-json\/wp\/v2\/users\/91"}],"replies":[{"embeddable":true,"href":"https:\/\/dicodusport.fr\/blog\/wp-json\/wp\/v2\/comments?post=633872"}],"version-history":[{"count":5,"href":"https:\/\/dicodusport.fr\/blog\/wp-json\/wp\/v2\/posts\/633872\/revisions"}],"predecessor-version":[{"id":633998,"href":"https:\/\/dicodusport.fr\/blog\/wp-json\/wp\/v2\/posts\/633872\/revisions\/633998"}],"wp:featuredmedia":[{"embeddable":true,"href":"https:\/\/dicodusport.fr\/blog\/wp-json\/wp\/v2\/media\/633997"}],"wp:attachment":[{"href":"https:\/\/dicodusport.fr\/blog\/wp-json\/wp\/v2\/media?parent=633872"}],"wp:term":[{"taxonomy":"category","embeddable":true,"href":"https:\/\/dicodusport.fr\/blog\/wp-json\/wp\/v2\/categories?post=633872"},{"taxonomy":"post_tag","embeddable":true,"href":"https:\/\/dicodusport.fr\/blog\/wp-json\/wp\/v2\/tags?post=633872"}],"curies":[{"name":"wp","href":"https:\/\/api.w.org\/{rel}","templated":true}]}}