{"id":633917,"date":"2025-12-21T16:07:25","date_gmt":"2025-12-21T15:07:25","guid":{"rendered":"https:\/\/dicodusport.fr\/blog\/?p=633917&#038;preview=true&#038;preview_id=633917"},"modified":"2025-12-21T16:33:36","modified_gmt":"2025-12-21T15:33:36","slug":"mathieu-van-der-poel-ecrase-encore-la-concurrence-dans-le-sable-de-koksijde","status":"publish","type":"post","link":"https:\/\/dicodusport.fr\/blog\/mathieu-van-der-poel-ecrase-encore-la-concurrence-dans-le-sable-de-koksijde\/","title":{"rendered":"Mathieu van der Poel \u00e9crase (encore) la concurrence dans le sable de Koksijde"},"content":{"rendered":"<p style=\"text-align: justify;\"><strong><em>COUPE DU MONDE DE CYCLO-CROSS &#8211; Encore une fois seul au monde, Mathieu van der Poel (Alpecin-Deceuninck) a survol\u00e9 les d\u00e9bats lors de la Coupe du monde de Koksijde (Belgique).<\/em><\/strong><\/p>\n<ul style=\"text-align: justify;\">\n<li><strong>\u00c0 ce sujet &#8211; <a href=\"https:\/\/dicodusport.fr\/blog\/cyclo-cross-coupe-du-monde-2025-2026-calendrier-complet-dates-et-horaires\/\">Cyclo-cross Coupe du monde 2025-2026 \u2013 Calendrier complet, dates et horaires<\/a><\/strong><\/li>\n<\/ul>\n<p style=\"text-align: justify;\">Il n\u2019aura encore rien laiss\u00e9 aux autres. <a href=\"https:\/\/dicodusport.fr\/blog\/trop-fort-dans-le-sable-mathieu-van-der-poel-soffre-une-promenade-de-sante-a-anvers\/\">Comme la veille \u00e0 <strong>Anvers<\/strong><\/a>, <strong>Mathieu van der Poel<\/strong> a \u00e9cras\u00e9 la course \u00e0 <strong>Koksijde<\/strong>, dans le sable de la station baln\u00e9aire situ\u00e9e sur les bords de la mer du Nord. Le septuple champion du monde \u00e9lite remporte ainsi son troisi\u00e8me cyclo-cross en trois courses depuis son retour victorieux \u00e0 <strong>Namur<\/strong>, le week-end dernier.<\/p>\n<ul style=\"text-align: justify;\">\n<li><strong>\u00c0 ce sujet &#8211; <a href=\"https:\/\/dicodusport.fr\/blog\/cyclo-cross-koksijde-2025-classement-et-resultats-course-hommes\/\">Cyclo-cross Koksijde 2025 : Classement et r\u00e9sultats course hommes<\/a><\/strong><\/li>\n<\/ul>\n<h2 style=\"text-align: justify;\">Mathieu van der Poel \u00e0 l\u2019usure<\/h2>\n<p style=\"text-align: justify;\">Contrairement \u00e0 samedi, o\u00f9 il s\u2019\u00e9tait tr\u00e8s vite d\u00e9tach\u00e9, <strong>Mathieu van der Poel<\/strong> a cette fois attendu la quatri\u00e8me des sept boucles pour faire la diff\u00e9rence. Il a notamment l\u00e2ch\u00e9 ses deux co\u00e9quipiers de la formation <strong>Alpecin-Deceuninck<\/strong>, <strong>Tibor Del Grosso<\/strong> et <strong>Niels Vandeputte<\/strong>. Le N\u00e9erlandais, qui chassera un huiti\u00e8me sacre mondial \u00e0 <strong>Hulst<\/strong> (<strong>Pays-Bas<\/strong>) en f\u00e9vrier prochain, ne sera ensuite plus jamais revu.<\/p>\n<blockquote class=\"twitter-tweet\">\n<p dir=\"ltr\" lang=\"nl\">Saturday &#8211; Antwerpen \ud83e\udd47<br \/>\nSunday &#8211; Koksijde \ud83e\udd47<\/p>\n<p>Mathieu Van der Poel on fire in the <a href=\"https:\/\/twitter.com\/hashtag\/CXWorldCup?src=hash&amp;ref_src=twsrc%5Etfw\">#CXWorldCup<\/a> <a href=\"https:\/\/t.co\/pFf4Idli5x\">pic.twitter.com\/pFf4Idli5x<\/a><\/p>\n<p>\u2014 UCI Cyclocross (@UCI_CX) <a href=\"https:\/\/twitter.com\/UCI_CX\/status\/2002761201982566401?ref_src=twsrc%5Etfw\">December 21, 2025<\/a><\/p><\/blockquote>\n<p><script async src=\"https:\/\/platform.twitter.com\/widgets.js\" charset=\"utf-8\"><\/script><\/p>\n<p style=\"text-align: justify;\">Sur la ligne, il devance de quelques secondes le leader du classement g\u00e9n\u00e9ral de la Coupe du monde, <strong>Laurens Sweeck<\/strong> (<strong>Crelan-Corendon<\/strong>), <strong>Niels Vandeputte<\/strong> compl\u00e9tant le podium. Un \u00e9cart \u00e0 l\u2019arriv\u00e9e qui ne refl\u00e8te toutefois pas totalement la physionomie de la course, tant le N\u00e9erlandais a rel\u00e2ch\u00e9 son effort dans le dernier tour.<\/p>\n<ul style=\"text-align: justify;\">\n<li><strong>\u00c0 ce sujet &#8211; <a href=\"https:\/\/dicodusport.fr\/blog\/classement-general-actualise-de-la-coupe-du-monde-cyclo-cross-hommes-2025-2026\/\">Classement g\u00e9n\u00e9ral actualis\u00e9 de la Coupe du monde de cyclo-cross hommes 2025-2026<\/a><\/strong><\/li>\n<\/ul>\n<p style=\"text-align: justify;\">Avec ce nouveau succ\u00e8s, <strong>Mathieu van der Poel<\/strong> poursuit sa folle s\u00e9rie, avec 14 victoires lors de ses 14 derniers cyclo-cross disput\u00e9s. La derni\u00e8re fois qu\u2019il n\u2019a pas gagn\u00e9 apr\u00e8s avoir pris le d\u00e9part d\u2019une course remonte \u00e0 la Coupe du monde de <strong>Benidorm<\/strong>, en <strong>Espagne<\/strong>, le 21 janvier 2024. Une \u00e9ternit\u00e9 \u00e0 ce niveau.<\/p>\n<div id=\"gtx-trans\" style=\"position: absolute; left: -14px; top: 40.9091px;\">\n<div class=\"gtx-trans-icon\" style=\"text-align: justify;\"><\/div>\n<\/div>\n","protected":false},"excerpt":{"rendered":"<p>Encore une fois seul au monde, Mathieu van der Poel (Alpecin-Deceuninck) a survol\u00e9 les d\u00e9bats sur la Coupe du monde de Koksijde (Belgique).<\/p>\n","protected":false},"author":4,"featured_media":633983,"comment_status":"open","ping_status":"closed","sticky":false,"template":"","format":"standard","meta":{"_acf_changed":false,"_daextam_enable_autolinks":"1","footnotes":""},"categories":[9611],"tags":[32415,16878,20902,6666],"class_list":["post-633917","post","type-post","status-publish","format-standard","has-post-thumbnail","hentry","category-cyclo-cross","tag-actu","tag-breve","tag-coupe-du-monde-de-cyclo-cross","tag-cyclo-cross"],"acf":[],"yoast_head":"<!-- This site is optimized with the Yoast SEO Premium plugin v26.7 (Yoast SEO v26.7) - https:\/\/yoast.com\/wordpress\/plugins\/seo\/ -->\n<title>Mathieu van der Poel \u00e9crase (encore) la concurrence dans le sable de Koksijde<\/title>\n<meta name=\"description\" content=\"Encore une fois seul au monde, Mathieu van der Poel (Alpecin-Deceuninck) a survol\u00e9 les d\u00e9bats sur la Coupe du monde de Koksijde (Belgique).\" \/>\n<meta name=\"robots\" content=\"index, follow, max-snippet:-1, max-image-preview:large, max-video-preview:-1\" \/>\n<link rel=\"canonical\" href=\"https:\/\/dicodusport.fr\/blog\/mathieu-van-der-poel-ecrase-encore-la-concurrence-dans-le-sable-de-koksijde\/\" \/>\n<meta property=\"og:locale\" content=\"fr_FR\" \/>\n<meta property=\"og:type\" content=\"article\" \/>\n<meta property=\"og:title\" content=\"Mathieu van der Poel \u00e9crase (encore) la concurrence dans le sable de Koksijde\" \/>\n<meta property=\"og:description\" content=\"Encore une fois seul au monde, Mathieu van der Poel (Alpecin-Deceuninck) a survol\u00e9 les d\u00e9bats sur la Coupe du monde de Koksijde (Belgique).\" \/>\n<meta property=\"og:url\" content=\"https:\/\/dicodusport.fr\/blog\/mathieu-van-der-poel-ecrase-encore-la-concurrence-dans-le-sable-de-koksijde\/\" \/>\n<meta property=\"og:site_name\" content=\"Dicodusport\" \/>\n<meta property=\"article:publisher\" content=\"https:\/\/www.facebook.com\/dicodusport\" \/>\n<meta property=\"article:author\" content=\"https:\/\/www.facebook.com\/florent.ostermann\" \/>\n<meta property=\"article:published_time\" content=\"2025-12-21T15:07:25+00:00\" \/>\n<meta property=\"article:modified_time\" content=\"2025-12-21T15:33:36+00:00\" \/>\n<meta property=\"og:image\" content=\"https:\/\/dicodusport.fr\/blog\/wp-content\/uploads\/2025\/12\/Mathieu-van-der-Poel-ecrase-encore-la-concurrence-dans-le-sable-de-Koksijde-1.png\" \/>\n\t<meta property=\"og:image:width\" content=\"1200\" \/>\n\t<meta property=\"og:image:height\" content=\"674\" \/>\n\t<meta property=\"og:image:type\" content=\"image\/png\" \/>\n<meta name=\"author\" content=\"Flo Ostermann\" \/>\n<meta name=\"twitter:card\" content=\"summary_large_image\" \/>\n<meta name=\"twitter:title\" content=\"Mathieu van der Poel \u00e9crase (encore) la concurrence dans le sable de Koksijde\" \/>\n<meta name=\"twitter:creator\" content=\"@https:\/\/twitter.com\/FlOstermann\" \/>\n<meta name=\"twitter:site\" content=\"@dicodusport\" \/>\n<script type=\"application\/ld+json\" class=\"yoast-schema-graph\">{\"@context\":\"https:\/\/schema.org\",\"@graph\":[{\"@type\":\"NewsArticle\",\"@id\":\"https:\/\/dicodusport.fr\/blog\/mathieu-van-der-poel-ecrase-encore-la-concurrence-dans-le-sable-de-koksijde\/#article\",\"isPartOf\":{\"@id\":\"https:\/\/dicodusport.fr\/blog\/mathieu-van-der-poel-ecrase-encore-la-concurrence-dans-le-sable-de-koksijde\/\"},\"author\":{\"name\":\"Flo Ostermann\",\"@id\":\"https:\/\/dicodusport.fr\/blog\/#\/schema\/person\/cb02af4c173ce4a653b55e9baf388d4a\"},\"headline\":\"Mathieu van der Poel \u00e9crase (encore) la concurrence dans le sable de Koksijde\",\"datePublished\":\"2025-12-21T15:07:25+00:00\",\"dateModified\":\"2025-12-21T15:33:36+00:00\",\"mainEntityOfPage\":{\"@id\":\"https:\/\/dicodusport.fr\/blog\/mathieu-van-der-poel-ecrase-encore-la-concurrence-dans-le-sable-de-koksijde\/\"},\"wordCount\":367,\"commentCount\":0,\"publisher\":{\"@id\":\"https:\/\/dicodusport.fr\/blog\/#organization\"},\"image\":{\"@id\":\"https:\/\/dicodusport.fr\/blog\/mathieu-van-der-poel-ecrase-encore-la-concurrence-dans-le-sable-de-koksijde\/#primaryimage\"},\"thumbnailUrl\":\"https:\/\/dicodusport.fr\/blog\/wp-content\/uploads\/2025\/12\/Mathieu-van-der-Poel-ecrase-encore-la-concurrence-dans-le-sable-de-Koksijde-1.png\",\"keywords\":[\"actu\",\"br\u00e8ve\",\"Coupe du monde de cyclo-cross\",\"Cyclo-cross\"],\"articleSection\":[\"Cyclo-cross\"],\"inLanguage\":\"fr-FR\",\"potentialAction\":[{\"@type\":\"CommentAction\",\"name\":\"Comment\",\"target\":[\"https:\/\/dicodusport.fr\/blog\/mathieu-van-der-poel-ecrase-encore-la-concurrence-dans-le-sable-de-koksijde\/#respond\"]}],\"copyrightYear\":\"2025\",\"copyrightHolder\":{\"@id\":\"https:\/\/dicodusport.fr\/blog\/#organization\"}},{\"@type\":\"WebPage\",\"@id\":\"https:\/\/dicodusport.fr\/blog\/mathieu-van-der-poel-ecrase-encore-la-concurrence-dans-le-sable-de-koksijde\/\",\"url\":\"https:\/\/dicodusport.fr\/blog\/mathieu-van-der-poel-ecrase-encore-la-concurrence-dans-le-sable-de-koksijde\/\",\"name\":\"Mathieu van der Poel \u00e9crase (encore) la concurrence dans le sable de Koksijde\",\"isPartOf\":{\"@id\":\"https:\/\/dicodusport.fr\/blog\/#website\"},\"primaryImageOfPage\":{\"@id\":\"https:\/\/dicodusport.fr\/blog\/mathieu-van-der-poel-ecrase-encore-la-concurrence-dans-le-sable-de-koksijde\/#primaryimage\"},\"image\":{\"@id\":\"https:\/\/dicodusport.fr\/blog\/mathieu-van-der-poel-ecrase-encore-la-concurrence-dans-le-sable-de-koksijde\/#primaryimage\"},\"thumbnailUrl\":\"https:\/\/dicodusport.fr\/blog\/wp-content\/uploads\/2025\/12\/Mathieu-van-der-Poel-ecrase-encore-la-concurrence-dans-le-sable-de-Koksijde-1.png\",\"datePublished\":\"2025-12-21T15:07:25+00:00\",\"dateModified\":\"2025-12-21T15:33:36+00:00\",\"description\":\"Encore une fois seul au monde, Mathieu van der Poel (Alpecin-Deceuninck) a survol\u00e9 les d\u00e9bats sur la Coupe du monde de Koksijde (Belgique).\",\"breadcrumb\":{\"@id\":\"https:\/\/dicodusport.fr\/blog\/mathieu-van-der-poel-ecrase-encore-la-concurrence-dans-le-sable-de-koksijde\/#breadcrumb\"},\"inLanguage\":\"fr-FR\",\"potentialAction\":[{\"@type\":\"ReadAction\",\"target\":[\"https:\/\/dicodusport.fr\/blog\/mathieu-van-der-poel-ecrase-encore-la-concurrence-dans-le-sable-de-koksijde\/\"]}]},{\"@type\":\"ImageObject\",\"inLanguage\":\"fr-FR\",\"@id\":\"https:\/\/dicodusport.fr\/blog\/mathieu-van-der-poel-ecrase-encore-la-concurrence-dans-le-sable-de-koksijde\/#primaryimage\",\"url\":\"https:\/\/dicodusport.fr\/blog\/wp-content\/uploads\/2025\/12\/Mathieu-van-der-Poel-ecrase-encore-la-concurrence-dans-le-sable-de-Koksijde-1.png\",\"contentUrl\":\"https:\/\/dicodusport.fr\/blog\/wp-content\/uploads\/2025\/12\/Mathieu-van-der-Poel-ecrase-encore-la-concurrence-dans-le-sable-de-Koksijde-1.png\",\"width\":1200,\"height\":674,\"caption\":\"Mathieu van der Poel \u00e9crase (encore) la concurrence dans le sable de Koksijde (1)\"},{\"@type\":\"BreadcrumbList\",\"@id\":\"https:\/\/dicodusport.fr\/blog\/mathieu-van-der-poel-ecrase-encore-la-concurrence-dans-le-sable-de-koksijde\/#breadcrumb\",\"itemListElement\":[{\"@type\":\"ListItem\",\"position\":1,\"name\":\"Accueil\",\"item\":\"https:\/\/dicodusport.fr\/blog\/\"},{\"@type\":\"ListItem\",\"position\":2,\"name\":\"Mathieu van der Poel \u00e9crase (encore) la concurrence dans le sable de Koksijde\"}]},{\"@type\":\"WebSite\",\"@id\":\"https:\/\/dicodusport.fr\/blog\/#website\",\"url\":\"https:\/\/dicodusport.fr\/blog\/\",\"name\":\"Dicodusport\",\"description\":\"L&#039;encyclop\u00e9die de l&#039;actualit\u00e9 sportive\",\"publisher\":{\"@id\":\"https:\/\/dicodusport.fr\/blog\/#organization\"},\"potentialAction\":[{\"@type\":\"SearchAction\",\"target\":{\"@type\":\"EntryPoint\",\"urlTemplate\":\"https:\/\/dicodusport.fr\/blog\/?s={search_term_string}\"},\"query-input\":{\"@type\":\"PropertyValueSpecification\",\"valueRequired\":true,\"valueName\":\"search_term_string\"}}],\"inLanguage\":\"fr-FR\"},{\"@type\":\"NewsMediaOrganization\",\"@id\":\"https:\/\/dicodusport.fr\/blog\/#organization\",\"name\":\"Dicodusport\",\"url\":\"https:\/\/dicodusport.fr\/blog\/\",\"logo\":{\"@type\":\"ImageObject\",\"inLanguage\":\"fr-FR\",\"@id\":\"https:\/\/dicodusport.fr\/blog\/#\/schema\/logo\/image\/\",\"url\":\"https:\/\/dicodusport.fr\/blog\/wp-content\/uploads\/2020\/06\/cropped-LOGO-DICODUSPORT-2020-SANS-FOND-SANS-TEXTE.png\",\"contentUrl\":\"https:\/\/dicodusport.fr\/blog\/wp-content\/uploads\/2020\/06\/cropped-LOGO-DICODUSPORT-2020-SANS-FOND-SANS-TEXTE.png\",\"width\":512,\"height\":512,\"caption\":\"Dicodusport\"},\"image\":{\"@id\":\"https:\/\/dicodusport.fr\/blog\/#\/schema\/logo\/image\/\"},\"sameAs\":[\"https:\/\/www.facebook.com\/dicodusport\",\"https:\/\/x.com\/dicodusport\",\"https:\/\/www.instagram.com\/dicodusport\/\",\"https:\/\/www.youtube.com\/channel\/UC7V2KZ5sd3htJivAbA4ZG3w\"],\"description\":\"Dicodusport est l'encyclop\u00e9die de l'actualit\u00e9 sportive.\",\"email\":\"bonjour@dicodusport.fr\",\"legalName\":\"DICODUSPORT\",\"foundingDate\":\"2018-01-14\",\"vatID\":\"FR71834470973\",\"taxID\":\"83447097300043\",\"numberOfEmployees\":{\"@type\":\"QuantitativeValue\",\"minValue\":\"1\",\"maxValue\":\"10\"}},{\"@type\":\"Person\",\"@id\":\"https:\/\/dicodusport.fr\/blog\/#\/schema\/person\/cb02af4c173ce4a653b55e9baf388d4a\",\"name\":\"Flo Ostermann\",\"image\":{\"@type\":\"ImageObject\",\"inLanguage\":\"fr-FR\",\"@id\":\"https:\/\/dicodusport.fr\/blog\/#\/schema\/person\/image\/\",\"url\":\"https:\/\/dicodusport.fr\/blog\/wp-content\/uploads\/2021\/05\/Flo-Ostermann-150x150.jpg\",\"contentUrl\":\"https:\/\/dicodusport.fr\/blog\/wp-content\/uploads\/2021\/05\/Flo-Ostermann-150x150.jpg\",\"caption\":\"Flo Ostermann\"},\"description\":\"Journaliste\/R\u00e9dacteur depuis septembre 2015 - Mes premiers souvenirs dans le sport ? Les envol\u00e9es du Stade Toulousain et les duels Villeneuve-Schumacher et H\u00e4kkinen-Schumacher \u00e0 la fin des ann\u00e9es 90, la Coupe du monde de football en 1998, l\u2019exploit du XV de France face aux All Blacks en 1999, mais aussi Richard C\u0153ur de Lion qui vole sur les montagnes du Tour de France. Bien parti pour devenir professeur d\u2019EPS, les \u00e9v\u00e9nements de la vie (et la flemme d\u2019animer des s\u00e9ances de 3x500 m\u00e8tres toute ma vie) m\u2019ont conduit \u00e0 revoir mes plans. Me voil\u00e0 depuis fin 2017 sur Dicodusport, m\u00e9dia gr\u00e2ce (et pour) lequel je partage ma passion : le sport dans tous ses \u00e9tats. Le tout accompagn\u00e9 par les fous furieux et folles furieuses cit\u00e9s sur cette page !\",\"sameAs\":[\"https:\/\/www.facebook.com\/florent.ostermann\",\"https:\/\/x.com\/https:\/\/twitter.com\/FlOstermann\",\"admin\"],\"url\":\"https:\/\/dicodusport.fr\/blog\/author\/flo\/\"}]}<\/script>\n<!-- \/ Yoast SEO Premium plugin. -->","yoast_head_json":{"title":"Mathieu van der Poel \u00e9crase (encore) la concurrence dans le sable de Koksijde","description":"Encore une fois seul au monde, Mathieu van der Poel (Alpecin-Deceuninck) a survol\u00e9 les d\u00e9bats sur la Coupe du monde de Koksijde (Belgique).","robots":{"index":"index","follow":"follow","max-snippet":"max-snippet:-1","max-image-preview":"max-image-preview:large","max-video-preview":"max-video-preview:-1"},"canonical":"https:\/\/dicodusport.fr\/blog\/mathieu-van-der-poel-ecrase-encore-la-concurrence-dans-le-sable-de-koksijde\/","og_locale":"fr_FR","og_type":"article","og_title":"Mathieu van der Poel \u00e9crase (encore) la concurrence dans le sable de Koksijde","og_description":"Encore une fois seul au monde, Mathieu van der Poel (Alpecin-Deceuninck) a survol\u00e9 les d\u00e9bats sur la Coupe du monde de Koksijde (Belgique).","og_url":"https:\/\/dicodusport.fr\/blog\/mathieu-van-der-poel-ecrase-encore-la-concurrence-dans-le-sable-de-koksijde\/","og_site_name":"Dicodusport","article_publisher":"https:\/\/www.facebook.com\/dicodusport","article_author":"https:\/\/www.facebook.com\/florent.ostermann","article_published_time":"2025-12-21T15:07:25+00:00","article_modified_time":"2025-12-21T15:33:36+00:00","og_image":[{"width":1200,"height":674,"url":"https:\/\/dicodusport.fr\/blog\/wp-content\/uploads\/2025\/12\/Mathieu-van-der-Poel-ecrase-encore-la-concurrence-dans-le-sable-de-Koksijde-1.png","type":"image\/png"}],"author":"Flo Ostermann","twitter_card":"summary_large_image","twitter_title":"Mathieu van der Poel \u00e9crase (encore) la concurrence dans le sable de Koksijde","twitter_creator":"@https:\/\/twitter.com\/FlOstermann","twitter_site":"@dicodusport","schema":{"@context":"https:\/\/schema.org","@graph":[{"@type":"NewsArticle","@id":"https:\/\/dicodusport.fr\/blog\/mathieu-van-der-poel-ecrase-encore-la-concurrence-dans-le-sable-de-koksijde\/#article","isPartOf":{"@id":"https:\/\/dicodusport.fr\/blog\/mathieu-van-der-poel-ecrase-encore-la-concurrence-dans-le-sable-de-koksijde\/"},"author":{"name":"Flo Ostermann","@id":"https:\/\/dicodusport.fr\/blog\/#\/schema\/person\/cb02af4c173ce4a653b55e9baf388d4a"},"headline":"Mathieu van der Poel \u00e9crase (encore) la concurrence dans le sable de Koksijde","datePublished":"2025-12-21T15:07:25+00:00","dateModified":"2025-12-21T15:33:36+00:00","mainEntityOfPage":{"@id":"https:\/\/dicodusport.fr\/blog\/mathieu-van-der-poel-ecrase-encore-la-concurrence-dans-le-sable-de-koksijde\/"},"wordCount":367,"commentCount":0,"publisher":{"@id":"https:\/\/dicodusport.fr\/blog\/#organization"},"image":{"@id":"https:\/\/dicodusport.fr\/blog\/mathieu-van-der-poel-ecrase-encore-la-concurrence-dans-le-sable-de-koksijde\/#primaryimage"},"thumbnailUrl":"https:\/\/dicodusport.fr\/blog\/wp-content\/uploads\/2025\/12\/Mathieu-van-der-Poel-ecrase-encore-la-concurrence-dans-le-sable-de-Koksijde-1.png","keywords":["actu","br\u00e8ve","Coupe du monde de cyclo-cross","Cyclo-cross"],"articleSection":["Cyclo-cross"],"inLanguage":"fr-FR","potentialAction":[{"@type":"CommentAction","name":"Comment","target":["https:\/\/dicodusport.fr\/blog\/mathieu-van-der-poel-ecrase-encore-la-concurrence-dans-le-sable-de-koksijde\/#respond"]}],"copyrightYear":"2025","copyrightHolder":{"@id":"https:\/\/dicodusport.fr\/blog\/#organization"}},{"@type":"WebPage","@id":"https:\/\/dicodusport.fr\/blog\/mathieu-van-der-poel-ecrase-encore-la-concurrence-dans-le-sable-de-koksijde\/","url":"https:\/\/dicodusport.fr\/blog\/mathieu-van-der-poel-ecrase-encore-la-concurrence-dans-le-sable-de-koksijde\/","name":"Mathieu van der Poel \u00e9crase (encore) la concurrence dans le sable de Koksijde","isPartOf":{"@id":"https:\/\/dicodusport.fr\/blog\/#website"},"primaryImageOfPage":{"@id":"https:\/\/dicodusport.fr\/blog\/mathieu-van-der-poel-ecrase-encore-la-concurrence-dans-le-sable-de-koksijde\/#primaryimage"},"image":{"@id":"https:\/\/dicodusport.fr\/blog\/mathieu-van-der-poel-ecrase-encore-la-concurrence-dans-le-sable-de-koksijde\/#primaryimage"},"thumbnailUrl":"https:\/\/dicodusport.fr\/blog\/wp-content\/uploads\/2025\/12\/Mathieu-van-der-Poel-ecrase-encore-la-concurrence-dans-le-sable-de-Koksijde-1.png","datePublished":"2025-12-21T15:07:25+00:00","dateModified":"2025-12-21T15:33:36+00:00","description":"Encore une fois seul au monde, Mathieu van der Poel (Alpecin-Deceuninck) a survol\u00e9 les d\u00e9bats sur la Coupe du monde de Koksijde (Belgique).","breadcrumb":{"@id":"https:\/\/dicodusport.fr\/blog\/mathieu-van-der-poel-ecrase-encore-la-concurrence-dans-le-sable-de-koksijde\/#breadcrumb"},"inLanguage":"fr-FR","potentialAction":[{"@type":"ReadAction","target":["https:\/\/dicodusport.fr\/blog\/mathieu-van-der-poel-ecrase-encore-la-concurrence-dans-le-sable-de-koksijde\/"]}]},{"@type":"ImageObject","inLanguage":"fr-FR","@id":"https:\/\/dicodusport.fr\/blog\/mathieu-van-der-poel-ecrase-encore-la-concurrence-dans-le-sable-de-koksijde\/#primaryimage","url":"https:\/\/dicodusport.fr\/blog\/wp-content\/uploads\/2025\/12\/Mathieu-van-der-Poel-ecrase-encore-la-concurrence-dans-le-sable-de-Koksijde-1.png","contentUrl":"https:\/\/dicodusport.fr\/blog\/wp-content\/uploads\/2025\/12\/Mathieu-van-der-Poel-ecrase-encore-la-concurrence-dans-le-sable-de-Koksijde-1.png","width":1200,"height":674,"caption":"Mathieu van der Poel \u00e9crase (encore) la concurrence dans le sable de Koksijde (1)"},{"@type":"BreadcrumbList","@id":"https:\/\/dicodusport.fr\/blog\/mathieu-van-der-poel-ecrase-encore-la-concurrence-dans-le-sable-de-koksijde\/#breadcrumb","itemListElement":[{"@type":"ListItem","position":1,"name":"Accueil","item":"https:\/\/dicodusport.fr\/blog\/"},{"@type":"ListItem","position":2,"name":"Mathieu van der Poel \u00e9crase (encore) la concurrence dans le sable de Koksijde"}]},{"@type":"WebSite","@id":"https:\/\/dicodusport.fr\/blog\/#website","url":"https:\/\/dicodusport.fr\/blog\/","name":"Dicodusport","description":"L&#039;encyclop\u00e9die de l&#039;actualit\u00e9 sportive","publisher":{"@id":"https:\/\/dicodusport.fr\/blog\/#organization"},"potentialAction":[{"@type":"SearchAction","target":{"@type":"EntryPoint","urlTemplate":"https:\/\/dicodusport.fr\/blog\/?s={search_term_string}"},"query-input":{"@type":"PropertyValueSpecification","valueRequired":true,"valueName":"search_term_string"}}],"inLanguage":"fr-FR"},{"@type":"NewsMediaOrganization","@id":"https:\/\/dicodusport.fr\/blog\/#organization","name":"Dicodusport","url":"https:\/\/dicodusport.fr\/blog\/","logo":{"@type":"ImageObject","inLanguage":"fr-FR","@id":"https:\/\/dicodusport.fr\/blog\/#\/schema\/logo\/image\/","url":"https:\/\/dicodusport.fr\/blog\/wp-content\/uploads\/2020\/06\/cropped-LOGO-DICODUSPORT-2020-SANS-FOND-SANS-TEXTE.png","contentUrl":"https:\/\/dicodusport.fr\/blog\/wp-content\/uploads\/2020\/06\/cropped-LOGO-DICODUSPORT-2020-SANS-FOND-SANS-TEXTE.png","width":512,"height":512,"caption":"Dicodusport"},"image":{"@id":"https:\/\/dicodusport.fr\/blog\/#\/schema\/logo\/image\/"},"sameAs":["https:\/\/www.facebook.com\/dicodusport","https:\/\/x.com\/dicodusport","https:\/\/www.instagram.com\/dicodusport\/","https:\/\/www.youtube.com\/channel\/UC7V2KZ5sd3htJivAbA4ZG3w"],"description":"Dicodusport est l'encyclop\u00e9die de l'actualit\u00e9 sportive.","email":"bonjour@dicodusport.fr","legalName":"DICODUSPORT","foundingDate":"2018-01-14","vatID":"FR71834470973","taxID":"83447097300043","numberOfEmployees":{"@type":"QuantitativeValue","minValue":"1","maxValue":"10"}},{"@type":"Person","@id":"https:\/\/dicodusport.fr\/blog\/#\/schema\/person\/cb02af4c173ce4a653b55e9baf388d4a","name":"Flo Ostermann","image":{"@type":"ImageObject","inLanguage":"fr-FR","@id":"https:\/\/dicodusport.fr\/blog\/#\/schema\/person\/image\/","url":"https:\/\/dicodusport.fr\/blog\/wp-content\/uploads\/2021\/05\/Flo-Ostermann-150x150.jpg","contentUrl":"https:\/\/dicodusport.fr\/blog\/wp-content\/uploads\/2021\/05\/Flo-Ostermann-150x150.jpg","caption":"Flo Ostermann"},"description":"Journaliste\/R\u00e9dacteur depuis septembre 2015 - Mes premiers souvenirs dans le sport ? Les envol\u00e9es du Stade Toulousain et les duels Villeneuve-Schumacher et H\u00e4kkinen-Schumacher \u00e0 la fin des ann\u00e9es 90, la Coupe du monde de football en 1998, l\u2019exploit du XV de France face aux All Blacks en 1999, mais aussi Richard C\u0153ur de Lion qui vole sur les montagnes du Tour de France. Bien parti pour devenir professeur d\u2019EPS, les \u00e9v\u00e9nements de la vie (et la flemme d\u2019animer des s\u00e9ances de 3x500 m\u00e8tres toute ma vie) m\u2019ont conduit \u00e0 revoir mes plans. Me voil\u00e0 depuis fin 2017 sur Dicodusport, m\u00e9dia gr\u00e2ce (et pour) lequel je partage ma passion : le sport dans tous ses \u00e9tats. Le tout accompagn\u00e9 par les fous furieux et folles furieuses cit\u00e9s sur cette page !","sameAs":["https:\/\/www.facebook.com\/florent.ostermann","https:\/\/x.com\/https:\/\/twitter.com\/FlOstermann","admin"],"url":"https:\/\/dicodusport.fr\/blog\/author\/flo\/"}]}},"_links":{"self":[{"href":"https:\/\/dicodusport.fr\/blog\/wp-json\/wp\/v2\/posts\/633917","targetHints":{"allow":["GET"]}}],"collection":[{"href":"https:\/\/dicodusport.fr\/blog\/wp-json\/wp\/v2\/posts"}],"about":[{"href":"https:\/\/dicodusport.fr\/blog\/wp-json\/wp\/v2\/types\/post"}],"author":[{"embeddable":true,"href":"https:\/\/dicodusport.fr\/blog\/wp-json\/wp\/v2\/users\/4"}],"replies":[{"embeddable":true,"href":"https:\/\/dicodusport.fr\/blog\/wp-json\/wp\/v2\/comments?post=633917"}],"version-history":[{"count":5,"href":"https:\/\/dicodusport.fr\/blog\/wp-json\/wp\/v2\/posts\/633917\/revisions"}],"predecessor-version":[{"id":633984,"href":"https:\/\/dicodusport.fr\/blog\/wp-json\/wp\/v2\/posts\/633917\/revisions\/633984"}],"wp:featuredmedia":[{"embeddable":true,"href":"https:\/\/dicodusport.fr\/blog\/wp-json\/wp\/v2\/media\/633983"}],"wp:attachment":[{"href":"https:\/\/dicodusport.fr\/blog\/wp-json\/wp\/v2\/media?parent=633917"}],"wp:term":[{"taxonomy":"category","embeddable":true,"href":"https:\/\/dicodusport.fr\/blog\/wp-json\/wp\/v2\/categories?post=633917"},{"taxonomy":"post_tag","embeddable":true,"href":"https:\/\/dicodusport.fr\/blog\/wp-json\/wp\/v2\/tags?post=633917"}],"curies":[{"name":"wp","href":"https:\/\/api.w.org\/{rel}","templated":true}]}}