{"id":634242,"date":"2026-01-07T12:00:30","date_gmt":"2026-01-07T11:00:30","guid":{"rendered":"https:\/\/dicodusport.fr\/blog\/?p=634242&#038;preview=true&#038;preview_id=634242"},"modified":"2026-01-07T08:07:36","modified_gmt":"2026-01-07T07:07:36","slug":"roche-ollivier-mingeon-notre-enquete-sur-ces-jeunes-francais-qui-visent-les-jo-2030-entre-espoirs-et-difficultes","status":"publish","type":"post","link":"https:\/\/dicodusport.fr\/blog\/roche-ollivier-mingeon-notre-enquete-sur-ces-jeunes-francais-qui-visent-les-jo-2030-entre-espoirs-et-difficultes\/","title":{"rendered":"Roche, Ollivier, Mingeon&#8230; Notre enqu\u00eate sur ces jeunes Fran\u00e7ais qui visent les JO 2030 entre espoirs et difficult\u00e9s"},"content":{"rendered":"<p style=\"text-align: justify;\"><strong><em>JO 2030 &#8211; \u00c0 quatre ans des Jeux Olympiques dans les Alpes fran\u00e7aises, Dicodusport est parti \u00e0 la rencontre de ces jeunes Fran\u00e7ais qui esp\u00e8rent y briller et vous raconte leur quotidien, entre espoirs et difficult\u00e9s.<\/em><\/strong><\/p>\n<p style=\"text-align: justify;\">Ils s\u2019appellent <strong>Matias Roche<\/strong>, <strong>Jessica Duc<\/strong>, <strong>Maxime Mingeon<\/strong>, <strong>Margot Tirloy<\/strong> et <strong>Clo\u00e9 Ollivier<\/strong> et aspirent tous \u00e0 participer aux Jeux Olympiques en 2030. Ils pratiquent respectivement le ski freestyle, le bobsleigh, le skeleton, le ski de fond et le short-track, ont entre 20 et 22 ans, et sont annonc\u00e9s comme capables d\u2019atteindre leur pic de performance \u00e0 l\u2019horizon 2030.<\/p>\n<p style=\"text-align: justify;\">N\u00e9anmoins, ils ont un point commun\u00a0: \u00e9voluer dans des disciplines qui p\u00e2tissent d\u2019une faible m\u00e9diatisation en dehors des saisons olympiques. Nous les avons donc interrog\u00e9s afin de mieux comprendre leur quotidien, fait de d\u00e9couverte du plus haut niveau, d\u2019espoirs, mais aussi d\u2019obstacles li\u00e9s au manque d\u2019infrastructures en France ou aux difficult\u00e9s de financement de leurs saisons.<\/p>\n<ul style=\"text-align: justify;\">\n<li style=\"text-align: justify;\"><strong>\u00c0 lire \u00e9galement : <a class=\"row-title\" href=\"https:\/\/dicodusport.fr\/blog\/jo-dhiver-2026-modes-de-qualification-et-francais-qualifies-sport-par-sport\/\" aria-label=\"\u00ab JO d\u2019hiver 2026 : Modes de qualification et Fran\u00e7ais qualifi\u00e9s, sport par sport \u00bb (Modifier)\">JO d\u2019hiver 2026 : Modes de qualification et Fran\u00e7ais qualifi\u00e9s, sport par sport<\/a><\/strong><\/li>\n<\/ul>\n<h2 style=\"text-align: justify;\">En route vers les sommets<\/h2>\n<p style=\"text-align: justify;\">S\u2019ils ont en commun leur jeune \u00e2ge, tous n\u2019en sont pas au m\u00eame point dans leur carri\u00e8re. Certains, comme <strong>Matias Roche<\/strong> ou <strong>Clo\u00e9 Ollivier<\/strong>, ont d\u00e9j\u00e0 approch\u00e9 le podium en Coupe du monde. Le premier a encha\u00een\u00e9 les finales en Big Air en ce d\u00e9but d\u2019hiver, tandis que la seconde a \u00e9t\u00e9 la seule Tricolore \u00e0 entrer en finale A d\u2019une \u00e9preuve du World Tour cette saison.<\/p>\n<p style=\"text-align: justify;\">Ainsi, m\u00eame s\u2019ils devraient arriver \u00e0 maturit\u00e9 pour les Jeux de 2030, il serait \u00e9tonnant de ne pas les voir figurer dans la liste des Fran\u00e7ais susceptibles de disputer les Jeux Olympiques de Milan-Cortina en f\u00e9vrier. <strong>Margot Tirloy<\/strong> et <strong>Maxime Mingeon<\/strong> ont, quant \u00e0 eux, d\u00e9couvert la Coupe du monde cette saison. \u00ab <em>J\u2019avais l\u2019objectif de monter en Coupe du monde cette saison, mais pas forc\u00e9ment aussi t\u00f4t<\/em> \u00bb, nous confie la premi\u00e8re. Engag\u00e9e sur le Tour de Ski, elle se dit n\u00e9anmoins \u00ab <em>ambitieuse sur<\/em> [ses] <em>objectifs<\/em> \u00bb, tout en conc\u00e9dant qu\u2019elle doit encore faire ses preuves si elle veut \u00eatre du voyage en Italie.<\/p>\n<p style=\"text-align: justify;\"><strong>Maxime Mingeon<\/strong> a, lui, profit\u00e9 de l\u2019absence de <strong>Lucas Defayet<\/strong> \u00e0 Cortina lors de la premi\u00e8re Coupe du monde de skeleton de la saison pour engranger de l\u2019exp\u00e9rience. De retour en Coupe d\u2019Europe, il aspire d\u00e9sormais \u00e0 disputer l\u2019int\u00e9gralit\u00e9 de la saison de Coupe du monde l\u2019an prochain.<\/p>\n<p style=\"text-align: justify;\">Enfin, <strong>Jessica Duc<\/strong> n\u2019a pas encore fait ses d\u00e9buts \u00e0 cet \u00e9chelon. Pour l\u2019heure, elle peaufine ses comp\u00e9tences sur le circuit de Coupe d\u2019Europe et pourrait d\u00e9couvrir la Coupe du monde l\u2019an prochain en cas de gros r\u00e9sultat aux Championnats du monde U23 de bobsleigh.<\/p>\n<h2 style=\"text-align: justify;\">Financer sa saison, un d\u00e9fi du quotidien<\/h2>\n<p style=\"text-align: justify;\">De fait, leur pratique du haut niveau est d\u2019abord conditionn\u00e9e par l\u2019obtention de financements. Il s\u2019agit d\u2019une condition <em>sine qua non<\/em> \u00e0 la performance. Cette probl\u00e9matique n\u2019est pas propre aux sports d\u2019hiver\u00a0: on se souvient des nombreuses cagnottes ouvertes par des athl\u00e8tes qui ambitionnaient de participer aux Jeux Olympiques de Paris. Elle demeure toutefois particuli\u00e8rement pr\u00e9gnante dans ces disciplines. Avant de pr\u00e9tendre \u00e0 des aides f\u00e9d\u00e9rales, le premier cercle de soutien financier reste souvent la famille.<\/p>\n<ul style=\"text-align: justify;\">\n<li style=\"text-align: justify;\"><strong>\u00c0 lire \u00e9galement : <a class=\"row-title\" href=\"https:\/\/dicodusport.fr\/blog\/a-deux-mois-des-jo-de-milan-cortina-cloe-ollivier-raconte-son-reve-olympique-en-short-track\/\" aria-label=\"\u00ab \u00c0 deux mois des JO de Milan-Cortina, Clo\u00e9 Ollivier raconte son r\u00eave olympique en short-track \u00bb (Modifier)\">\u00c0 deux mois des JO de Milan-Cortina, Clo\u00e9 Ollivier raconte son r\u00eave olympique en short-track<\/a><\/strong><\/li>\n<\/ul>\n<p style=\"text-align: justify;\">Une aide pr\u00e9cieuse pour <strong>Clo\u00e9 Ollivier<\/strong>, qui t\u00e9moigne de sa reconnaissance envers ses parents, lesquels la soutiennent financi\u00e8rement et lui permettent de progresser avec davantage de s\u00e9r\u00e9nit\u00e9\u00a0: \u00ab <em>Je n\u2019ai jamais dout\u00e9 gr\u00e2ce \u00e0 ma famille. Elle m\u2019a toujours incroyablement soutenue. Tout du long, ils ne m\u2019ont jamais demand\u00e9 d\u2019arr\u00eater pour une quelconque raison. M\u00eame dans les moments compliqu\u00e9s, ils ont toujours \u00e9t\u00e9 l\u00e0 avec moi et je suis donc vraiment dans une optique o\u00f9 je me dis que je ne perds pas mon temps, et encore moins avec les r\u00e9sultats qui viennent progressivement<\/em> \u00bb. Seulement, la charge financi\u00e8re est parfois telle que les parents ne peuvent plus subvenir \u00e0 l\u2019ensemble des d\u00e9penses n\u00e9cessaires pour mener une saison \u00e0 bien.<\/p>\n<h3 style=\"text-align: justify;\">\u00ab Je ressortais de l\u2019hiver avec z\u00e9ro \u00bb<\/h3>\n<p style=\"text-align: justify;\">Une situation qu\u2019a connue <strong>Matias Roche<\/strong> lorsqu\u2019il \u00e9tait au lyc\u00e9e\u00a0: \u00ab <em>J\u2019avais toujours l\u2019objectif de faire un podium en Coupe d\u2019Europe pour avoir le statut de haut niveau et pouvoir passer un dipl\u00f4me d\u2019\u00c9tat. Cela me donnait une raison pour continuer la comp\u00e9tition. Sauf qu\u2019en finissant le lyc\u00e9e, je n\u2019avais pas atteint cet objectif, donc mes parents m\u2019ont dit qu\u2019ils allaient arr\u00eater de payer car cela co\u00fbtait hyper cher, donc j\u2019ai d\u00fb travailler<\/em> \u00bb.<\/p>\n<p style=\"text-align: justify;\">Il d\u00e9veloppe\u00a0: \u00ab <em>Par chance, mes parents sont moniteurs de parapente et ils ont pu me transmettre leur passion, donc j\u2019ai pu rapidement passer le dipl\u00f4me. De fait, j\u2019ai rapidement gagn\u00e9 de l\u2019argent et je mettais tout dans le ski. J\u2019ai fait deux saisons comme \u00e7a, \u00e0 tout payer, en ressortant de l\u2019hiver avec z\u00e9ro, mais \u00e7a me permettait de m\u2019entra\u00eener. Et l\u2019ann\u00e9e derni\u00e8re, \u00e7a a march\u00e9\u00a0: j\u2019ai fait un podium en Coupe d\u2019Europe<\/em> \u00bb.<\/p>\n<p style=\"text-align: justify;\">Contraint de travailler l\u2019\u00e9t\u00e9 pour financer ses hivers, le jeune homme nous confie les doutes et la pression li\u00e9s \u00e0 cette situation, notamment lorsqu\u2019il se comparait \u00e0 son fr\u00e8re, qui commen\u00e7ait \u00e0 investir dans l\u2019immobilier pendant que lui achevait sa saison apr\u00e8s avoir d\u00e9pens\u00e9 l\u2019int\u00e9gralit\u00e9 de l\u2019argent gagn\u00e9 quelques mois plus t\u00f4t.<\/p>\n<ul style=\"text-align: justify;\">\n<li style=\"text-align: justify;\"><strong>\u00c0 lire \u00e9galement : <a class=\"row-title\" href=\"https:\/\/dicodusport.fr\/blog\/matias-roche-ski-freestyle-a-la-veille-de-sa-finale-en-coupe-du-monde-si-on-peut-aller-chercher-une-medaille-on-y-va\/\" aria-label=\"\u00ab Matias Roche (ski freestyle) \u00e0 la veille de sa finale en Coupe du monde : \u00ab Si on peut aller chercher une m\u00e9daille, on y va \u00bb ! \u00bb (Modifier)\">Matias Roche (ski freestyle) : \u00ab Si on peut aller chercher une m\u00e9daille, on y va \u00bb !<\/a><\/strong><\/li>\n<\/ul>\n<p style=\"text-align: justify;\">Mais cela a fini par payer pour celui qui fonctionne par paliers et ne veut pas \u00ab <em>faire l\u2019\u00e9toile filante<\/em> \u00bb\u00a0: une performance, puis plus rien. Victorieux en Coupe d\u2019Europe en f\u00e9vrier dernier, <strong>Matias Roche<\/strong> a ainsi d\u00e9croch\u00e9 sa place aux Mondiaux.<\/p>\n<p style=\"text-align: justify;\">Une s\u00e9lection accompagn\u00e9e d\u2019une anecdote qu\u2019il raconte avec d\u00e9contraction\u00a0: \u00ab <em>En arrivant, je n\u2019avais m\u00eame pas capt\u00e9 que c\u2019\u00e9tait les Mondiaux. Je croyais que c\u2019\u00e9tait une Coupe du monde comme les autres, je ne savais pas que c\u2019\u00e9tait les Mondiaux. Je suis quand m\u00eame hyper \u00e0 l\u2019arrache, je m\u2019en suis rendu compte sur le chemin<\/em> \u00bb.<\/p>\n<p style=\"text-align: justify;\">S\u2019il confie avoir ressenti le syndrome de l\u2019imposteur au moment d\u2019affronter les meilleurs, ses performances (8e en Big Air, 23e en slopestyle) lui ont permis de d\u00e9crocher une place sur la Coupe du monde cette saison. Toutefois, si cela lui a offert la possibilit\u00e9 de s\u2019entra\u00eener en Australie durant l\u2019intersaison, <strong>Matias Roche<\/strong> a d\u00fb, de nouveau, travailler dans le parapente pour assurer ses arri\u00e8res cet hiver.<\/p>\n<div class=\"vlp-link-container vlp-layout-article\"><a href=\"https:\/\/dicodusport.fr\/blog\/qui-sont-les-candidats-pour-les-porte-drapeaux-des-jeux-olympiques-et-paralympiques-de-milan-cortina-2026\/\" class=\"vlp-link\" title=\"Qui sont les candidats pour les porte-drapeaux des Jeux Olympiques et Paralympiques de Milan-Cortina 2026 ?\"><\/a><div class=\"vlp-layout-zone-side\"><div class=\"vlp-block-4 vlp-link-image\"><img loading=\"lazy\" decoding=\"async\" style=\"max-width: 792px;\" width=\"792\" height=\"445\" src=\"https:\/\/dicodusport.fr\/blog\/wp-content\/uploads\/2026\/01\/Qui-sont-les-candidats-pour-les-porte-drapeaux-des-Jeux-Olympiques-et-Paralympiques-de-Milan-Cortina-2026-.png\" class=\"attachment-800x445 size-800x445\" alt=\"Qui sont les candidats pour les porte-drapeaux des Jeux Olympiques et Paralympiques de Milan-Cortina 2026\" srcset=\"https:\/\/dicodusport.fr\/blog\/wp-content\/uploads\/2026\/01\/Qui-sont-les-candidats-pour-les-porte-drapeaux-des-Jeux-Olympiques-et-Paralympiques-de-Milan-Cortina-2026-.png 1200w, https:\/\/dicodusport.fr\/blog\/wp-content\/uploads\/2026\/01\/Qui-sont-les-candidats-pour-les-porte-drapeaux-des-Jeux-Olympiques-et-Paralympiques-de-Milan-Cortina-2026--300x169.png 300w, https:\/\/dicodusport.fr\/blog\/wp-content\/uploads\/2026\/01\/Qui-sont-les-candidats-pour-les-porte-drapeaux-des-Jeux-Olympiques-et-Paralympiques-de-Milan-Cortina-2026--1024x575.png 1024w, https:\/\/dicodusport.fr\/blog\/wp-content\/uploads\/2026\/01\/Qui-sont-les-candidats-pour-les-porte-drapeaux-des-Jeux-Olympiques-et-Paralympiques-de-Milan-Cortina-2026--768x431.png 768w\" sizes=\"auto, (max-width: 792px) 100vw, 792px\" \/><\/div><\/div><div class=\"vlp-layout-zone-main\"><div class=\"vlp-block-0 vlp-link-title\">Qui sont les candidats pour les porte-drapeaux des Jeux Olympiques et Paralympiques de Milan-Cortina 2026 ?<\/div><div class=\"vlp-block-1 vlp-link-summary\">Le CNOSF vient de d\u00e9voiler le nom des 11 candidats et candidates pour devenir porte-drapeaux lors des Jeux Olympiques et Paralympiques de Milan-Cortina.\u00a0<\/div><div class=\"vlp-block-2 vlp-link-button\">Lire l'article<\/div><div class=\"vlp-block-3 vlp-link-url\">dicodusport.fr<\/div><\/div><\/div>\n<h3 style=\"text-align: justify;\">\u00ab On a cr\u00e9\u00e9 une association qui a pour but de r\u00e9colter des fonds pour nous aider \u00e0 financer nos saisons \u00bb<\/h3>\n<p style=\"text-align: justify;\">Une n\u00e9cessit\u00e9, car les frais li\u00e9s aux d\u00e9placements sont avanc\u00e9s par la <strong>F\u00e9d\u00e9ration fran\u00e7aise de ski<\/strong>, qui refacture ensuite 50 % aux athl\u00e8tes. Pour <strong>Jessica Duc<\/strong>, la situation est encore diff\u00e9rente puisque la <strong>F\u00e9d\u00e9ration fran\u00e7aise des sports de glace<\/strong> n\u2019aide ses athl\u00e8tes que sur le circuit de Coupe du monde.<\/p>\n<p style=\"text-align: justify;\">Elle parvient cependant \u00e0 s\u2019en sortir autrement, gr\u00e2ce \u00e0 plusieurs soutiens\u00a0: \u00ab <em>Pour m\u2019aider, j\u2019ai mon club, le <strong>CBLS<\/strong> situ\u00e9 \u00e0 <strong>La Plagne<\/strong>, qui m\u2019aide financi\u00e8rement en payant une tr\u00e8s grosse partie de la saison. J\u2019ai aussi la station de <strong>La Plagne<\/strong> avec laquelle j\u2019ai un contrat athl\u00e8te qui me permet d\u2019avoir une aide aux d\u00e9placements<\/em> \u00bb.<\/p>\n<p style=\"text-align: justify;\">Au-del\u00e0 des f\u00e9d\u00e9rations, des clubs ou des collectivit\u00e9s, l\u2019action des sponsors est d\u00e9cisive pour de nombreux sportifs de haut niveau. Ainsi, c\u2019est gr\u00e2ce \u00e0 eux que <strong>Matias Roche<\/strong> a pu partir s\u2019entra\u00eener en Australie cet \u00e9t\u00e9. <strong>Clo\u00e9 Ollivier<\/strong> explique, elle, qu\u2019il est difficile d\u2019attirer des sponsors dans des disciplines aussi peu m\u00e9diatis\u00e9es que le short-track, et qu\u2019il est donc plus simple d\u2019obtenir des partenariats locaux, issus des territoires des patineurs.<\/p>\n<p style=\"text-align: justify;\">Une difficult\u00e9 que confirme <strong>Margot Tirloy<\/strong>, <a href=\"https:\/\/www.soutienstonsportif.fr\/project\/margot-tirloy-ski-de-fond\">contrainte d\u2019ouvrir une cagnotte pour financer son hiver<\/a>\u00a0: \u00ab <em>Mon emploi du temps se r\u00e9sume \u00e0 m\u2019entra\u00eener et \u00e0 focaliser toute mon \u00e9nergie sur mon sport. Je n\u2019ai donc pas le temps de travailler \u00e0 c\u00f4t\u00e9, et c\u2019est pour cela que j\u2019ai ouvert ma cagnotte, si des sponsors acceptent de m\u2019aider. J\u2019ai mon club qui m\u2019aide \u00e0 financer mon projet et une grande partie de la saison, dont la cotisation de la f\u00e9d\u00e9ration et certains \u00e0-c\u00f4t\u00e9s. La cagnotte m\u2019aide aussi, mais c\u2019est difficile d\u2019attirer des marques. En g\u00e9n\u00e9ral, elles donnent du mat\u00e9riel, mais si on n\u2019est pas au niveau de la Coupe du monde, c\u2019est compliqu\u00e9 d\u2019avoir des financements. Je n\u2019ai aucun sponsor qui y a particip\u00e9, seulement des gens de ma famille et des personnes que je connais. Des sponsors, j\u2019en ai sollicit\u00e9 plein\u2026<\/em> \u00bb.<\/p>\n<p style=\"text-align: justify;\">Cela vaut \u00e9galement pour <strong>Jessica Duc<\/strong> et <strong>Maxime Mingeon<\/strong>, qui ont adopt\u00e9 une d\u00e9marche proactive en cr\u00e9ant une association \u2014 avec le bobeur <strong>Martin Diouf<\/strong> et la lugeuse de 16 ans <strong>Thim\u00e9a Ginet<\/strong>, tous deux \u00e9galement licenci\u00e9s au <strong>CBLS<\/strong> \u2014 que la bobeuse nous pr\u00e9sente\u00a0: \u00ab <em>On a cr\u00e9\u00e9 une association qui s\u2019appelle la<\/em> New Generation French Sliding<em> et qui a pour but de r\u00e9colter des fonds pour nous aider \u00e0 financer nos saisons. On a entre 10 et 15 sponsors qui sont tous situ\u00e9s dans la vall\u00e9e, car cela nous tient \u00e0 c\u0153ur, en vue des Jeux de 2030, de repr\u00e9senter des entreprises locales. Ce sont presque tous des sponsors financiers, mais on a aussi un sponsor \u00e9quipementier qui nous permet d\u2019avoir des vestes, polaires et autres pour la saison. On a aussi un sponsor sp\u00e9cialis\u00e9 dans la fabrication de mat\u00e9riaux qui nous aide \u00e9norm\u00e9ment dans la fabrication de pi\u00e8ces dans le bob, notamment des pi\u00e8ces sur mesure<\/em> \u00bb.<\/p>\n<h3 style=\"text-align: justify;\">\u00ab Mes patins co\u00fbtent aussi cher que ma voiture \u00bb<\/h3>\n<p style=\"text-align: justify;\">Un atout non n\u00e9gligeable dans des disciplines o\u00f9 le mat\u00e9riel co\u00fbte tr\u00e8s cher, comme l\u2019explique <strong>Maxime Mingeon<\/strong>, qui vient d\u2019acqu\u00e9rir son propre skeleton. Le jeune homme estime ainsi la valeur d\u2019un skeleton entre <strong>8 000 et 10 000 \u20ac<\/strong>, auxquels il faut ajouter environ <strong>1 000 \u20ac<\/strong> pour la paire de patins. Pour un bob \u00e0 deux, il situe le prix d\u2019achat autour de <strong>50 000 \u20ac<\/strong>, ce qui explique d\u2019ailleurs pourquoi <strong>Jessica Duc<\/strong> partage le sien avec <strong>Martin Diouf<\/strong>.<\/p>\n<p style=\"text-align: justify;\">Cette r\u00e9alit\u00e9 vaut aussi pour le short-track, puisqu\u2019il faut compter \u00ab <em>3 400 \u20ac pour la paire de chaussons qui enrobe le pied et 300 \u20ac pour les lames<\/em> \u00bb selon <strong>Clo\u00e9 Ollivier<\/strong>, qui pr\u00e9cise par ailleurs qu\u2019il lui faut \u00ab <em>trois \u00e0 quatre paires de lames et que tout est \u00e0<\/em> [ses] <em>frais, m\u00eame si on peut avoir quelques pourcentages aupr\u00e8s des marques<\/em> \u00bb, avant de conclure\u00a0: ses patins lui co\u00fbtent aussi cher que sa voiture.<\/p>\n<p style=\"text-align: justify;\">Le mat\u00e9riel est un crit\u00e8re indissociable de la performance, mais il ne suffit pas \u00e0 faire la diff\u00e9rence \u00e0 lui seul. Pour <strong>Maxime Mingeon<\/strong>, c\u2019est l\u2019une des raisons qui explique le retard du skeleton fran\u00e7ais par rapport aux nations de r\u00e9f\u00e9rence\u00a0: \u00ab <em>Le facteur mat\u00e9riel est aussi tr\u00e8s important, c\u2019est plus de 50 % de la performance. Et l\u00e0 o\u00f9 on est en retard, c\u2019est qu\u2019on n\u2019a pas de m\u00e9cano et qu\u2019on n\u2019a pas le constructeur du skeleton avec nous tout le temps, donc on teste comme on peut. J\u2019ai un nouveau skeleton qui fonctionne bien quand le constructeur est avec moi, mais comme il n\u2019est jamais avec moi, je ne sais pas quels r\u00e9glages utiliser en fonction de la piste, ou s\u2019il fait froid par exemple\u2026 De fait, je descends et je vois si cela fonctionne. Sauf que j\u2019ai trop peu de descentes avant la course pour r\u00e9aliser de vrais tests et on est trop peu d\u2019athl\u00e8tes pour tester le mat\u00e9riel. Pour 2030, il nous faudrait un m\u00e9cano et un constructeur pour que l\u2019aspect mat\u00e9riel ne repose pas sur nos \u00e9paules et qu\u2019on puisse se concentrer sur le pilotage<\/em> \u00bb.<\/p>\n<h3 style=\"text-align: justify;\">\u00ab En Allemagne, le bob est bien plus d\u00e9mocratis\u00e9, donc cela leur permet de toucher de gros sponsors \u00bb<\/h3>\n<p style=\"text-align: justify;\">Lucide, le jeune homme souligne le r\u00f4le des pr\u00e9curseurs du skeleton fran\u00e7ais, <strong>Agathe Bessard<\/strong> et <strong>Lucas Defayet<\/strong>\u00a0: \u00ab <em>Ma chance, c\u2019est qu\u2019avant, il y avait Lucas et Agathe Bessard, qui sont arriv\u00e9s avant moi et se sont battus pour d\u00e9mocratiser le skeleton et montrer que c\u2019est une discipline tr\u00e8s diff\u00e9rente du bob. Gr\u00e2ce \u00e0 eux, la F\u00e9d\u00e9ration comprend maintenant, on commence \u00e0 avoir plus d\u2019aides \u00e9galement<\/em> \u00bb.<\/p>\n<p style=\"text-align: justify;\">C\u2019est aussi le cas de <strong>Jessica Duc<\/strong>, qui salue l\u2019apport de <strong>Margot Boch<\/strong> dans la d\u00e9mocratisation de la discipline, alors que le bob fran\u00e7ais p\u00e2tit encore d\u2019un retard important sur des nations comme l\u2019Allemagne\u00a0: \u00ab <em>Ils ont une \u00e9norme avance sur le mat\u00e9riel, leur propre ing\u00e9nieur et \u00e9galement un tr\u00e8s gros recrutement, avec des athl\u00e8tes tri\u00e9s pour ne garder que les meilleurs. L\u2019\u00e9cart d\u00e9pend aussi du budget. En Allemagne, le bob est bien plus d\u00e9mocratis\u00e9, donc cela leur permet de toucher de gros sponsors, que ce soit la F\u00e9d\u00e9ration ou les athl\u00e8tes eux-m\u00eames. C\u2019est plus compliqu\u00e9 \u00e0 notre \u00e9chelle, mais on arrive tout de m\u00eame \u00e0 trouver deux ou trois moyens pour grapiller des centi\u00e8mes<\/em> \u00bb.<\/p>\n<div class=\"vlp-link-container vlp-layout-article\"><a href=\"https:\/\/dicodusport.fr\/blog\/jo-dhiver-2030-edgar-grospiron-nomme-a-la-tete-du-cojop\/\" class=\"vlp-link\" title=\"JO d&#039;hiver 2030 : Edgar Grospiron nomm\u00e9 \u00e0 la t\u00eate du COJOP\"><\/a><div class=\"vlp-layout-zone-side\"><div class=\"vlp-block-4 vlp-link-image\"><img loading=\"lazy\" decoding=\"async\" style=\"max-width: 792px;\" width=\"792\" height=\"445\" src=\"https:\/\/dicodusport.fr\/blog\/wp-content\/uploads\/2025\/02\/JO-dhiver-2030-Edgar-Grospiron-nomme-a-la-tete-du-COJOP.png\" class=\"attachment-800x445 size-800x445\" alt=\"JO d&#039;hiver 2030 Edgar Grospiron nomm\u00e9 \u00e0 la t\u00eate du COJOP\" srcset=\"https:\/\/dicodusport.fr\/blog\/wp-content\/uploads\/2025\/02\/JO-dhiver-2030-Edgar-Grospiron-nomme-a-la-tete-du-COJOP.png 1200w, https:\/\/dicodusport.fr\/blog\/wp-content\/uploads\/2025\/02\/JO-dhiver-2030-Edgar-Grospiron-nomme-a-la-tete-du-COJOP-300x169.png 300w, https:\/\/dicodusport.fr\/blog\/wp-content\/uploads\/2025\/02\/JO-dhiver-2030-Edgar-Grospiron-nomme-a-la-tete-du-COJOP-1024x575.png 1024w, https:\/\/dicodusport.fr\/blog\/wp-content\/uploads\/2025\/02\/JO-dhiver-2030-Edgar-Grospiron-nomme-a-la-tete-du-COJOP-768x431.png 768w\" sizes=\"auto, (max-width: 792px) 100vw, 792px\" \/><\/div><\/div><div class=\"vlp-layout-zone-main\"><div class=\"vlp-block-0 vlp-link-title\">JO d'hiver 2030 : Edgar Grospiron nomm\u00e9 \u00e0 la t\u00eate du COJOP<\/div><div class=\"vlp-block-1 vlp-link-summary\">JO D'HIVER 2030 - Edgar Grospiron va \u00eatre d\u00e9sign\u00e9 comme pr\u00e9sident du comit\u00e9 d'organisation des Jeux olympiques d'Hiver de 2030. Le m\u00e9daill\u00e9 d'or d'Albertville en 1992 \u00e9tait le grand favori depuis le retrait de Martin Fourcade.<\/div><div class=\"vlp-block-2 vlp-link-button\">Lire l'article<\/div><div class=\"vlp-block-3 vlp-link-url\">dicodusport.fr<\/div><\/div><\/div>\n<h2 style=\"text-align: justify;\">S\u2019exiler pour progresser : la dure r\u00e9alit\u00e9 du manque d\u2019infrastructures en France<\/h2>\n<p style=\"text-align: justify;\">Combin\u00e9 \u00e0 la difficult\u00e9 de financer une saison, le manque d\u2019infrastructures en France contraint certains athl\u00e8tes \u00e0 s\u2019entra\u00eener \u00e0 l\u2019\u00e9tranger. Si <strong>Clo\u00e9 Ollivier<\/strong> estime que la France n\u2019a pas de retard, mais beaucoup de potentiel, la jeune femme a n\u00e9anmoins d\u00fb quitter la patinoire de <strong>Font-Romeu<\/strong>, station des Pyr\u00e9n\u00e9es, o\u00f9 elle est arriv\u00e9e en classe de troisi\u00e8me, pour s\u2019installer \u00e0 <strong>Bormio<\/strong>, en Italie.<\/p>\n<p style=\"text-align: justify;\">\u00ab <em>Je suis rest\u00e9e \u00e0 Font-Romeu jusqu\u2019\u00e0 ma Licence 2. C\u2019\u00e9tait tr\u00e8s bien, on avait le CREPS et on \u00e9tait entour\u00e9s de beaucoup de personnes, mais il y a eu des travaux pour enlever les barri\u00e8res de la patinoire. Cela fait vraiment une diff\u00e9rence dans le haut niveau du short-track car cela nous permet de ne plus avoir cette peur, m\u00eame si quand on prend le d\u00e9part, on n\u2019y pense plus. La chute, c\u2019est une peur qui est assez forte. Donc c\u2019\u00e9tait des travaux n\u00e9cessaires \u00e0 mon sens<\/em> \u00bb.<\/p>\n<p style=\"text-align: justify;\">De fait, le groupe France a pris le chemin de l\u2019Italie, o\u00f9 il s\u2019entra\u00eene avec les Transalpins pour une dur\u00e9e ind\u00e9termin\u00e9e\u00a0: \u00ab <em>\u00c7a se passe super bien, l\u2019intensit\u00e9 est \u00e9norme ! On commence \u00e0 \u00eatre une grosse \u00e9quipe ! \u00c0 ce jour, on s\u2019entra\u00eene toujours avec eux \u00e0 Bormio, jusqu\u2019\u00e0 la fin de saison. Pour la suite, je ne sais pas<\/em> \u00bb.<\/p>\n<p style=\"text-align: justify;\">Un exil relativement facile \u00e0 vivre pour <strong>Clo\u00e9 Ollivier<\/strong>, qui avait d\u00e9j\u00e0 quitt\u00e9 le cocon familial adolescente pour int\u00e9grer l\u2019internat \u00e0 <strong>Font-Romeu<\/strong> et estime, \u00e0 ce titre, n\u2019avoir pas renonc\u00e9 \u00e0 autant de choses que d\u2019autres patineurs.<\/p>\n<h3 style=\"text-align: justify;\">\u00ab Les Suisses vont sauter les Coupes d\u2019Europe en France car les snowparks sont dangereux \u00bb<\/h3>\n<p style=\"text-align: justify;\">Pour d\u2019autres, la situation est plus complexe. Le manque d\u2019infrastructures, <strong>Matias Roche<\/strong> y a \u00e9t\u00e9 confront\u00e9 d\u00e8s ses d\u00e9buts\u00a0: \u00ab <em>On n\u2019avait pas de snowpark \u00e0 Val Cenis, donc on taillait des kicks dans la poudreuse et, de temps en temps, on allait en bus en Italie pour s\u2019entra\u00eener<\/em> \u00bb, avant de s\u2019inscrire finalement au club de <strong>Valloire<\/strong>, qui disposait d\u2019un snowpark.<\/p>\n<p style=\"text-align: justify;\">Le Fran\u00e7ais ne m\u00e2che toutefois pas ses mots lorsqu\u2019il compare les infrastructures fran\u00e7aises \u00e0 celles de nos voisins\u00a0: \u00ab <em>On n\u2019existe pas ! C\u2019est m\u00e9chant mais ce n\u2019est pas pour rien qu\u2019on ne s\u2019entra\u00eene pas en France. Pour commencer, petit, c\u2019est bien. J\u2019ai discut\u00e9 avec les Suisses. Ils m\u2019ont confi\u00e9 qu\u2019il y avait plein de Coupes d\u2019Europe en France qu\u2019ils allaient sauter car les snowparks sont dangereux et ne sont pas au niveau<\/em> \u00bb. De fait, l\u2019hiver, le skieur se retrouve \u00e0 \u00ab <em>bouger un peu partout, de snowpark en snowpark, en vivant chez<\/em> [ses] <em>parents, chez<\/em> [ses] <em>copains et chez<\/em> [sa] <em>copine<\/em> \u00bb.<\/p>\n<p style=\"text-align: justify;\">La probl\u00e9matique vaut aussi pour le bobsleigh et le skeleton, puisque la France ne dispose que d\u2019une seule piste, \u00e0 <strong>La Plagne<\/strong>. Pour <strong>Jessica Duc<\/strong>, \u00ab <em>c\u2019est un honneur et un \u00e9norme avantage pour nous, athl\u00e8tes habitant la vall\u00e9e, d\u2019avoir cette piste<\/em> \u00bb. Toutefois, \u00ab <em>ce n\u2019est pas suffisant : on a besoin de se d\u00e9placer \u00e0 l\u2019\u00e9tranger car on doit apprendre le plus de pistes possible, puisque chaque saison, les circuits et le choix des pistes inscrites au programme ne seront pas les m\u00eames. On se doit donc d\u2019en conna\u00eetre le maximum. Si on prend l\u2019exemple d\u2019une saison compl\u00e8te, on passe presque toute la saison \u00e0 l\u2019\u00e9tranger. Il nous reste peu de temps pour nous entra\u00eener \u00e0 La Plagne, mais on essaye d\u2019y descendre d\u00e8s qu\u2019on peut car on n\u2019oublie pas que c\u2019est la piste des Jeux<\/em> \u00bb.<\/p>\n<p style=\"text-align: justify;\"><strong>Maxime Mingeon<\/strong> pr\u00e9cise\u00a0: \u00ab <em>La piste de La Plagne n\u2019ouvre que tr\u00e8s tard, en d\u00e9cembre. Or la pr\u00e9-saison est en octobre. Donc quand on veut pratiquer, on va souvent en Norv\u00e8ge, \u00e0 Lillehammer. Et souvent, on fait une \u00e0 trois pistes diff\u00e9rentes en pr\u00e9-saison, l\u00e0 o\u00f9 \u00e7a ouvre le plus t\u00f4t possible, donc \u00e0 Sigulda en Lettonie par exemple. Le probl\u00e8me de La Plagne, c\u2019est aussi qu\u2019il y a peu de cr\u00e9neaux pour descendre. Normalement, \u00e7a devrait s\u2019am\u00e9liorer pour 2030<\/em> \u00bb.<\/p>\n<p style=\"text-align: justify;\">Ces voyages se multiplient, et la situation n\u2019est pas toujours facile \u00e0 vivre pour <strong>Jessica Duc<\/strong>, car \u00ab <em>les longs d\u00e9placements fr\u00e9quents font qu\u2019on est loin de nos proches<\/em> \u00bb. Elle ajoute toutefois que \u00ab <em>ce sont des choix et des sacrifices : on sait pourquoi on les fait, dans l\u2019espoir de performer<\/em> \u00bb.<\/p>\n<h3 style=\"text-align: justify;\">\u00ab Il n\u2019y a pas de staff France en Coupe d\u2019Europe \u00bb<\/h3>\n<p style=\"text-align: justify;\"><strong>Maxime Mingeon<\/strong> illustre parfaitement la r\u00e9alit\u00e9 d\u2019un athl\u00e8te qui doit composer avec le manque de moyens. Le Fran\u00e7ais est entr\u00e9 en coop\u00e9ration avec l\u2019\u00e9quipe autrichienne\u00a0: \u00ab <em>Je suis entr\u00e9 en coop\u00e9ration car sinon, en Coupe d\u2019Europe, je suis tout seul : il n\u2019y a pas de staff France. Je travaille avec l\u2019Autriche car Agathe Bessard en est la coach officielle en Coupe d\u2019Europe et elle est fran\u00e7aise. C\u2019est un dispositif payant, pris en charge en partie par la f\u00e9d\u00e9ration et en partie par ce que je re\u00e7ois de La Plagne<\/em> \u00bb.<\/p>\n<p style=\"text-align: justify;\">Si cette coop\u00e9ration est cruciale, elle ne compense pas l\u2019absence d\u2019un m\u00e9canicien\u00a0: \u00ab <em>Agathe Bessard arrive vraiment \u00e0 m\u2019aider sur le pilotage. Sur le mat\u00e9riel, elle n\u2019est pas m\u00e9cano et j\u2019ai un skeleton qu\u2019elle n\u2019a jamais eu, donc sur ce point-l\u00e0 on est bloqu\u00e9s. Mais sur le pilotage, en tout cas, je progresse gr\u00e2ce \u00e0 elle<\/em> \u00bb.<\/p>\n<h2 style=\"text-align: justify;\">Une carri\u00e8re faite d\u2019espoirs et de doutes<\/h2>\n<p style=\"text-align: justify;\">L\u2019ensemble de ces probl\u00e9matiques permet de mesurer la pression qui p\u00e8se sur les \u00e9paules de ces athl\u00e8tes. Bien s\u00fbr, elle est d\u2019abord sportive\u00a0: il faut r\u00e9pondre aux exigences des f\u00e9d\u00e9rations afin de se frayer un chemin en Coupe du monde, par exemple.<\/p>\n<p style=\"text-align: justify;\">Mais se pose aussi la question des listes minist\u00e9rielles, qui recensent les sportifs de haut niveau. \u00c0 ce titre, <strong>Matias Roche<\/strong> et <strong>Clo\u00e9 Ollivier<\/strong> y figurent en cat\u00e9gorie \u00ab \u00c9lite \u00bb, tandis que <strong>Margot Tirloy<\/strong> et <strong>Maxime Mingeon<\/strong> sont inscrits en cat\u00e9gorie \u00ab Rel\u00e8ve \u00bb. Ces listes peuvent ouvrir droit \u00e0 des am\u00e9nagements universitaires ou \u00e0 une protection sociale, et, dans certains cas, permettre l\u2019obtention d\u2019une bourse ou d\u2019une aide financi\u00e8re.<\/p>\n<ul style=\"text-align: justify;\">\n<li style=\"text-align: justify;\"><strong>\u00c0 lire \u00e9galement : <a class=\"row-title\" href=\"https:\/\/dicodusport.fr\/blog\/skeleton-maxime-mingeon-se-livre-sur-ses-debuts-express-en-coupe-du-monde\/\" aria-label=\"\u00ab Skeleton : Maxime Mingeon se livre sur ses d\u00e9buts express en Coupe du monde \u00bb (Modifier)\">Skeleton : Maxime Mingeon se livre sur ses d\u00e9buts express en Coupe du monde<\/a><\/strong><\/li>\n<\/ul>\n<p style=\"text-align: justify;\">Lorsqu\u2019on lui demande s\u2019il est confiant quant \u00e0 sa capacit\u00e9 \u00e0 poursuivre jusqu\u2019en 2030, ou si le financement d\u2019une saison reste une source de stress, <strong>Maxime Mingeon<\/strong> r\u00e9pond\u00a0: \u00ab <em>J\u2019ai la chance d\u2019avoir fait des r\u00e9sultats chez les juniors qui me permettent d\u2019\u00eatre en \u00e9quipe de France et d\u2019\u00eatre sur liste minist\u00e9rielle, ce qui me donne acc\u00e8s \u00e0 quelques aides. Je ne mets donc pas de ma poche entre \u00e7a, le club, la station et l\u2019association. Mais pour y rester, il faut \u00eatre performant, d\u2019abord sur des courses juniors et, \u00e0 terme, sur des courses seniors. Tant que je reste sur cette liste, cela me permet de faire une saison \u2014 pas d\u2019avoir un m\u00e9cano, ce qui manque pour \u00eatre performant \u2014 mais au moins de me d\u00e9placer<\/em> \u00bb.<\/p>\n<p style=\"text-align: justify;\">Une s\u00e9r\u00e9nit\u00e9 relative que ne partage pas <strong>Jessica Duc<\/strong>, mais qui fait de ses difficult\u00e9s un moteur\u00a0: \u00ab <em>J\u2019ai connu des doutes, et encore aujourd\u2019hui. Du stress, par exemple, de ne pas avoir assez de fonds pour r\u00e9aliser mes saisons. Cela fait partie du sport, c\u2019est normal d\u2019avoir des doutes, mais encore plus quand on rencontre des probl\u00e8mes de financement, d\u2019encadrement sur les courses car on se retrouve seule, ou des soucis de logistique. Ce n\u2019est pas forc\u00e9ment facile, mais j\u2019arrive davantage \u00e0 relativiser maintenant. Malgr\u00e9 tout, j\u2019ai commenc\u00e9 ce sport en sachant dans quoi je m\u2019engageais\u00a0: c\u2019\u00e9tait compliqu\u00e9, mais cela donne encore plus l\u2019envie de r\u00e9ussir<\/em> \u00bb.<\/p>\n<h3 style=\"text-align: justify;\">\u00ab J\u2019ai vite compris que la sant\u00e9 mentale \u00e9tait primordiale dans la performance \u00bb<\/h3>\n<p style=\"text-align: justify;\"><strong>Jessica Duc<\/strong> dit avoir franchi un cap depuis qu\u2019elle a d\u00e9cid\u00e9 de travailler avec un pr\u00e9parateur mental\u00a0: \u00ab <em>Depuis un an, je travaille aussi avec un pr\u00e9parateur mental. Cela a \u00e9t\u00e9 un gros changement car, \u00e0 mes d\u00e9buts, je pensais ne jamais en avoir besoin, mais grosse erreur ! J\u2019ai vite compris que la sant\u00e9 mentale \u00e9tait primordiale dans la performance. Je m\u2019en suis rendue compte l\u2019ann\u00e9e derni\u00e8re lors d\u2019un stage en d\u00e9but de saison o\u00f9 j\u2019ai fini par l\u2019arr\u00eater et rentrer chez moi<\/em> \u00bb.<\/p>\n<p style=\"text-align: justify;\">Si ce soutien lui est pr\u00e9cieux au moment de s\u2019\u00e9lancer du haut d\u2019une piste, cette d\u00e9claration met surtout en lumi\u00e8re les questions li\u00e9es \u00e0 la sant\u00e9 mentale, th\u00e9matique souvent tue et incomprise, mais \u00e9rig\u00e9e en Grande cause nationale en 2025.<\/p>\n<p style=\"text-align: justify;\">Malgr\u00e9 tout, tous restent anim\u00e9s par l\u2019espoir de disputer les Jeux Olympiques. Si <strong>Matias Roche<\/strong> aurait pr\u00e9f\u00e9r\u00e9 qu\u2019ils aient lieu dans les Alpes du Nord, il imagine n\u00e9anmoins \u00ab <em>une grande f\u00eate<\/em> \u00bb. <strong>Clo\u00e9 Ollivier<\/strong>, elle, exprime sa h\u00e2te et la n\u00e9cessit\u00e9 de \u00ab <em>se tuer \u00e0 l\u2019entra\u00eenement pour y \u00eatre<\/em> \u00bb.<\/p>\n<p style=\"text-align: justify;\">La patineuse a les Jeux dans les veines. N\u00e9e au Canada, elle se souvient des Jeux Olympiques de 2010, alors qu\u2019elle n\u2019avait que six ans\u00a0: \u00ab <em>Les m\u00e9daill\u00e9s canadiens \u00e9taient ensuite venus dans le centre \u00e0 Montr\u00e9al, donc j\u2019\u00e9tais all\u00e9e les voir. On avait pris des photos, notamment avec <strong>Fran\u00e7ois Hamelin<\/strong> et <strong>Marianne St-Gelais<\/strong><\/em> \u00bb. Un \u00ab <em>bon souvenir<\/em> \u00bb qui l\u2019avait m\u00eame amen\u00e9e \u00e0 organiser son anniversaire l\u2019hiver suivant sur le th\u00e8me des Jeux Olympiques de Vancouver.<\/p>\n<p style=\"text-align: justify;\"><strong>Jessica Duc<\/strong> parle, elle, de 2030 avec des \u00e9toiles dans les yeux\u00a0: \u00ab <em>D\u00e9j\u00e0, pouvoir y participer, ce serait incroyable. Mais le fait qu\u2019ils se d\u00e9roulent chez moi, \u00e0 la maison, l\u00e0 o\u00f9 j\u2019ai grandi, c\u2019est bien plus qu\u2019un r\u00eave. Si je devais faire les Jeux une fois dans ma vie, je ne pourrais pas r\u00eaver mieux que de les faire chez moi, entour\u00e9e de mes proches<\/em> \u00bb.<\/p>\n<p style=\"text-align: justify;\">Enfin, <strong>Margot Tirloy<\/strong> y voit \u00ab <em>une chance pour tous les Fran\u00e7ais<\/em> \u00bb, y compris pour elle, l\u00e0 o\u00f9 elle a appris \u00e0 skier. Elle ajoute\u00a0: \u00ab <i>On sent que cela vient petit \u00e0 petit dans le village. Ce n\u2019est pas encore trop l\u00e0, m\u00eame si on a eu quelques r\u00e9unions. Mais dans les deux ans qui arrivent, cela risque de prendre une toute autre ampleur<\/i> \u00bb.<\/p>\n<h3 style=\"text-align: justify;\">\u00ab Si je peux faire les Jeux de 2026, ce serait une d\u00e9couverte et pour les prochains l\u2019id\u00e9e sera de viser le plus haut \u00bb<\/h3>\n<p style=\"text-align: justify;\">Tous savent n\u00e9anmoins raison garder et mesurent le chemin qui les s\u00e9pare encore de 2030. \u00ab <em>J\u2019ai du mal \u00e0 me projeter sur ceux de 2026. 2030, \u00e7a me ferait 26 ans. Si tout se passe bien, je serai encore dans le game. En vrai, ce serait ouf. Si j\u2019arrive \u00e0 aller jusque-l\u00e0, \u00e7a voudrait dire que je serais rest\u00e9 au haut niveau et que j\u2019aurais acquis une grosse exp\u00e9rience qui me permettrait d\u2019\u00eatre hyper confiant. Si je peux faire ceux de 2026, ce serait une d\u00e9couverte et pour les prochains, l\u2019id\u00e9e sera de viser le plus haut, je le vois comme cela<\/em> \u00bb, nous confie <strong>Matias Roche<\/strong>.<\/p>\n<p style=\"text-align: justify;\">Se maintenir au haut niveau est compliqu\u00e9, et y rester pendant quatre ans l\u2019est encore davantage. C\u2019est pourquoi <strong>Margot Tirloy<\/strong> souligne l\u2019importance d\u2019avancer \u00e9tape par \u00e9tape\u00a0: \u00ab <em>Mes objectifs dans les deux ou trois ann\u00e9es qui arrivent sont de m\u2019installer durablement en Coupe du monde, avant de rentrer petit \u00e0 petit dans le top 30, puis dans le top 20, ce qui m\u2019aiderait \u00e0 m\u2019installer dans la perspective des Jeux<\/em> \u00bb.<\/p>\n<p style=\"text-align: justify;\"><strong>Maxime Mingeon<\/strong>, lui, mesure la difficult\u00e9 de se qualifier en skeleton et se montre m\u00e9thodique\u00a0: \u00ab <em>Il n\u2019y a pas eu de Fran\u00e7ais depuis 2010 chez les hommes aux Jeux. M\u00eame <strong>Lucas Defayet<\/strong>, qui est performant, a manqu\u00e9 les qualifications en 2018 et 2022. Donc je me concentre surtout sur ma progression dans les trois facteurs du skeleton\u00a0: la pouss\u00e9e, le pilotage et le mat\u00e9riel. Je pense que c\u2019est en progressant chaque ann\u00e9e que je vais monter en puissance, et en 2030, on verra ce qu\u2019il se passera. L\u2019objectif est de faire, d\u00e8s l\u2019ann\u00e9e prochaine, toutes les courses en Coupe du monde et d\u2019essayer d\u2019am\u00e9liorer mon temps \u00e0 La Plagne. Jusqu\u2019\u00e0 maintenant, je regarde les meilleures descentes \u00e0 La Plagne et je compare, ce qui fait que chaque ann\u00e9e je progresse beaucoup, que ce soit \u00e0 la pouss\u00e9e ou en bas. En termes de performances, l\u2019id\u00e9e est d\u2019essayer, d\u2019ici deux ans, de faire des deuxi\u00e8mes manches en Coupe du monde et d\u2019\u00eatre le plus r\u00e9gulier possible<\/em> \u00bb.<\/p>\n<p style=\"text-align: justify;\">\u00c0 noter toutefois que, traditionnellement, le pays h\u00f4te obtient un quota automatique\u00a0: la France aura donc a minima un repr\u00e9sentant en 2030.<\/p>\n<h2 style=\"text-align: justify;\">S\u2019affirmer malgr\u00e9 la concurrence<\/h2>\n<p style=\"text-align: justify;\">Pour esp\u00e9rer int\u00e9grer la d\u00e9l\u00e9gation dans quatre ans, l\u2019un des principaux d\u00e9fis pour ces cinq jeunes athl\u00e8tes sera de s\u2019imposer au sein d\u2019une \u00e9quipe de France o\u00f9 tous, jeunes et moins jeunes, partagent le m\u00eame objectif. En skeleton et en bobsleigh, la situation est quelque peu diff\u00e9rente, puisque le vivier est plus r\u00e9duit\u00a0: il n\u2019existe qu\u2019une seule piste en France. <strong>Maxime Mingeon<\/strong> \u00e9voque ainsi une dizaine de pratiquants de skeleton au <strong>CBLS<\/strong>, mais seulement deux \u2014 bient\u00f4t trois \u2014 r\u00e9ellement engag\u00e9s en comp\u00e9tition.<\/p>\n<p style=\"text-align: justify;\">En revanche, dans d\u2019autres disciplines, la concurrence est bien plus dense. C\u2019est notamment le cas du ski de fond. Engag\u00e9e sur le Tour de Ski avec d\u2019autres jeunes qui d\u00e9couvrent la Coupe du monde cette saison, <strong>Margot Tirloy<\/strong> recense\u00a0: \u00ab <em>Toutes les athl\u00e8tes f\u00e9d\u00e9ral A et B avec qui je me suis entra\u00een\u00e9e tout l\u2019\u00e9t\u00e9, et les filles des comit\u00e9s<\/em> \u00bb.<\/p>\n<p style=\"text-align: justify;\">Elle mentionne notamment <strong>Annette Coupat<\/strong>, toujours junior, et avec laquelle elle s\u2019est illustr\u00e9e aux Championnats du monde juniors l\u2019hiver dernier, en terminant notamment <a href=\"https:\/\/dicodusport.fr\/blog\/ski-de-fond-le-relais-francais-sacre-vice-champion-du-monde-juniors\/\">deuxi\u00e8mes du relais mixte<\/a>. Une situation b\u00e9n\u00e9fique pour le fond f\u00e9minin, qui, malgr\u00e9 <strong>Delphine Claudel<\/strong>, peine encore \u00e0 briller sur la sc\u00e8ne internationale, mais un d\u00e9fi suppl\u00e9mentaire pour <strong>Margot Tirloy<\/strong>.<\/p>\n<h3 style=\"text-align: justify;\">\u00ab On est tout le temps en train de se battre et cela nous forge \u00bb<\/h3>\n<p style=\"text-align: justify;\">La concurrence, <strong>Matias Roche<\/strong> la voit comme une pression positive\u00a0: \u00ab <em>Quand tu fais des entra\u00eenements et que tu sais que derri\u00e8re il y a des s\u00e9lections, tu sais que tu dois te donner \u00e0 100 %, je trouve cela positif. Ce n\u2019est pas comme si tu \u00e9tais s\u00fbr d\u2019aller \u00e0 toutes les comp\u00e9titions et que tu te reposes sur tes acquis. Cela nous permet de rester dans le game par rapport aux concurrents qui, eux, ont acc\u00e8s \u00e0 des snowparks de qualit\u00e9, peuvent \u00eatre financ\u00e9s, voire r\u00e9mun\u00e9r\u00e9s par leur f\u00e9d\u00e9ration. Eux ont peut-\u00eatre un peu moins de rage que nous. Nous, on est tout le temps en train de se battre et cela nous forge<\/em> \u00bb.<\/p>\n<p style=\"text-align: justify;\">Une \u00e9mulation qui revient souvent dans ces \u00e9changes et qui prend un caract\u00e8re plus intime en bobsleigh pour <strong>Jessica Duc<\/strong>, qui conna\u00eet <strong>Margot Boch<\/strong> depuis l\u2019enfance et a d\u00e9but\u00e9 gr\u00e2ce \u00e0 elle. Il en va de m\u00eame en short-track\u00a0: pour <strong>Clo\u00e9 Ollivier<\/strong>, \u00ab <em>on est tous de la m\u00eame g\u00e9n\u00e9ration donc \u00e7a nous tire vers le haut. On arrive plus facilement \u00e0 se dire les choses, dans le bon comme dans le mauvais<\/em> \u00bb.<\/p>\n<h2 style=\"text-align: justify;\">Viser 2030 sans n\u00e9gliger l\u2019apr\u00e8s-carri\u00e8re<\/h2>\n<p style=\"text-align: justify;\">Toute la difficult\u00e9 du haut niveau r\u00e9side dans l\u2019\u00e9quilibre \u00e0 trouver entre la qu\u00eate de performance et l\u2019anticipation de l\u2019apr\u00e8s-carri\u00e8re. Si <strong>Margot Tirloy<\/strong> assure ne pas avoir encore adapt\u00e9 ses routines en vue de 2030, <strong>Jessica Duc<\/strong> b\u00e9n\u00e9ficie d\u00e9sormais d\u2019un suivi pour l\u2019accompagner vers cette \u00e9ch\u00e9ance dans les meilleures conditions.<\/p>\n<ul style=\"text-align: justify;\">\n<li style=\"text-align: justify;\"><strong>\u00c0 lire \u00e9galement : <a class=\"row-title\" href=\"https:\/\/dicodusport.fr\/blog\/pour-jessica-duc-bobsleigh-lobjectif-est-dentrer-en-coupe-du-monde-lannee-prochaine\/\" aria-label=\"\u00ab Pour Jessica Duc (bobsleigh), l\u2019objectif est \u00ab d\u2019entrer en Coupe du monde l\u2019ann\u00e9e prochaine \u00bb \u00bb (Modifier)\">Pour Jessica Duc (bobsleigh), l\u2019objectif est \u00ab d\u2019entrer en Coupe du monde l\u2019ann\u00e9e prochaine \u00bb<\/a><\/strong><\/li>\n<\/ul>\n<p style=\"text-align: justify;\">Elle \u00e9voque un contrat avec <strong>Quentin Bouillard<\/strong>, ancien kin\u00e9sith\u00e9rapeute de l\u2019\u00e9quipe de France de biathlon, d\u00e9sormais sp\u00e9cialis\u00e9 dans le handball\u00a0: \u00ab <em>\u00c0 chaque d\u00e9but de pr\u00e9paration, on va \u00e9tablir un bilan physique avec plusieurs tests, et cela nous permet ensuite de travailler nos points faibles, d\u2019adapter la pr\u00e9paration, de pr\u00e9venir les blessures et de se r\u00e9athl\u00e9tiser quand il y a blessure. Ce suivi est tr\u00e8s important pour moi. Par exemple, cet \u00e9t\u00e9, je me suis fractur\u00e9e une vert\u00e8bre et, sans lui, je n\u2019aurais sans doute pas \u00e9t\u00e9 pr\u00eate pour ce d\u00e9but de saison<\/em> \u00bb.<\/p>\n<p style=\"text-align: justify;\">Un accompagnement essentiel, compl\u00e9t\u00e9 par une pr\u00e9paration physique adapt\u00e9e\u00a0: \u00ab <em>J\u2019ai travaill\u00e9 pendant un an avec un coach pour la pr\u00e9paration physique, et maintenant je travaille avec une autre athl\u00e8te du bob qui, \u00e0 c\u00f4t\u00e9, est pr\u00e9paratrice physique. Cela marche tr\u00e8s bien. On matche tr\u00e8s bien sur le plan sportif et elle me permet de progresser et de comprendre beaucoup de choses sur moi et sur ma pr\u00e9paration<\/em> \u00bb.<\/p>\n<h3 style=\"text-align: justify;\">\u00ab C\u2019est souvent pendant mes partiels que je r\u00e9ussis le mieux mes entra\u00eenements \u00bb<\/h3>\n<p style=\"text-align: justify;\">Si elle n\u2019est \u00e2g\u00e9e que de 21 ans, <strong>Jessica Duc<\/strong> mesure d\u00e9j\u00e0 le caract\u00e8re \u00e9ph\u00e9m\u00e8re d\u2019une carri\u00e8re de sportive de haut niveau. Dans cette optique, elle suit en parall\u00e8le une licence STAPS \u00e0 l\u2019<strong>universit\u00e9 Grenoble Alpes<\/strong>. Un cursus que suit \u00e9galement <strong>Margot Tirloy<\/strong>, dans la m\u00eame facult\u00e9\u00a0: \u00ab <em>L\u2019universit\u00e9 permet \u00e0 des skieurs de haut niveau comme moi de suivre des \u00e9tudes \u00e0 distance, avec des cours en visioconf\u00e9rence pendant une grande partie de l\u2019ann\u00e9e, entre septembre et avril. Seule la fin de l\u2019ann\u00e9e se fait en pr\u00e9sentiel. Ce syst\u00e8me me permet de m\u2019entra\u00eener la journ\u00e9e et d\u2019\u00e9tudier quand j\u2019ai du temps libre, peu importe l\u2019endroit o\u00f9 je me trouve. L\u2019hiver, les cours sont d\u2019ailleurs tr\u00e8s all\u00e9g\u00e9s, ce qui me permet de me concentrer pleinement sur mon ski<\/em> \u00bb.<\/p>\n<p style=\"text-align: justify;\">Des am\u00e9nagements \u00e9galement salu\u00e9s par <strong>Jessica Duc<\/strong>\u00a0: \u00ab <em>Pour l\u2019instant, j\u2019arrive \u00e0 g\u00e9rer ma carri\u00e8re et les cours, car c\u2019est une universit\u00e9 qui s\u2019adapte \u00e9norm\u00e9ment\u00a0: si j\u2019ai des impr\u00e9vus sportifs, par exemple, je peux modifier mes cours<\/em> \u00bb.<\/p>\n<ul style=\"text-align: justify;\">\n<li style=\"text-align: justify;\"><strong>\u00c0 lire \u00e9galement : <a class=\"row-title\" href=\"https:\/\/dicodusport.fr\/blog\/debuts-en-coupe-du-monde-et-premier-tour-de-ski-margot-tirloy-ski-de-fond-revient-sur-son-ascension-fulgurante-en-ce-debut-dhiver\/\" aria-label=\"\u00ab D\u00e9buts en Coupe du monde et premier Tour de Ski : Margot Tirloy (ski de fond) revient sur son ascension fulgurante en ce d\u00e9but d\u2019hiver \u00bb (Modifier)\">D\u00e9buts en Coupe du monde et premier Tour de Ski : Margot Tirloy (ski de fond) revient sur son ascension fulgurante en ce d\u00e9but d\u2019hiver<\/a><\/strong><\/li>\n<\/ul>\n<p style=\"text-align: justify;\">\u00c9galement \u00e9tudiante en STAPS, <strong>Clo\u00e9 Ollivier<\/strong> d\u00e9crit les bienfaits que lui procurent ses \u00e9tudes\u00a0: \u00ab <em>Je suis en derni\u00e8re ann\u00e9e. J\u2019ai fait la moiti\u00e9 de ma L3 l\u2019ann\u00e9e derni\u00e8re et je la termine cette ann\u00e9e. C\u2019est adapt\u00e9. J\u2019avais fait ma premi\u00e8re et ma deuxi\u00e8me ann\u00e9e en une fois, ce qui a \u00e9t\u00e9 assez compliqu\u00e9, mais cela restait faisable en \u00e9tant \u00e0 Font-Romeu. J\u2019\u00e9tais sportive de haut niveau sur liste minist\u00e9rielle, donc j\u2019avais des adaptations sur certaines mati\u00e8res. Les \u00e9tudes sont tr\u00e8s importantes pour moi et tr\u00e8s b\u00e9n\u00e9fiques, car elles me permettent d\u2019avoir la t\u00eate \u00e0 autre chose pendant certains moments. C\u2019est fou car c\u2019est souvent pendant mes partiels que je r\u00e9ussis le mieux mes entra\u00eenements. Bien s\u00fbr, toute l\u2019ann\u00e9e, je ne pourrais pas le faire, car cela reste une charge mentale importante, mais cela me permet d\u2019avoir des p\u00e9riodes o\u00f9 je rel\u00e2che un peu et o\u00f9 je me repose un peu plus. Cela me change du quotidien<\/em> \u00bb.<\/p>\n<p style=\"text-align: justify;\">La patineuse se projette d\u00e9j\u00e0\u00a0: \u00ab <em>Je vais continuer sur un master apr\u00e8s ma licence, d\u2019ailleurs. J\u2019avais aussi fait une LAS [Licence Acc\u00e8s Sant\u00e9, ndlr] et donc, pourquoi pas, continuer vers kin\u00e9sith\u00e9rapie une fois que le sport sera derri\u00e8re moi<\/em> \u00bb.<\/p>\n<p style=\"text-align: justify;\">On l\u2019aura compris, les athl\u00e8tes estampill\u00e9s \u00ab G\u00e9n\u00e9ration Alpes 2030 \u00bb gardent la t\u00eate sur les \u00e9paules, conscients du chemin qu\u2019il leur reste pour atteindre leur ambition olympique. Leur quotidien ressemble parfois \u00e0 un v\u00e9ritable parcours du combattant pour mener de front plusieurs objectifs. Loin de la vie de luxe de certaines disciplines, <strong>Clo\u00e9 Ollivier<\/strong>, <strong>Matias Roche<\/strong>, <strong>Jessica Duc<\/strong>, <strong>Margot Tirloy<\/strong> et <strong>Maxime Mingeon<\/strong> consentent chaque jour \u00e0 des efforts invisibles pour que, peut-\u00eatre, l\u2019un d\u2019entre eux fasse retentir <em>La Marseillaise<\/em> dans quatre ans.<\/p>\n<div id=\"gtx-trans\" style=\"position: absolute; left: -14px; top: 40.9091px;\">\n<div class=\"gtx-trans-icon\" style=\"text-align: justify;\"><\/div>\n<\/div>\n","protected":false},"excerpt":{"rendered":"<p>\u00c0 quatre ans des Jeux Olympiques dans les Alpes fran\u00e7aises, Dicodusport est parti \u00e0 la rencontre de ces jeunes Fran\u00e7ais qui esp\u00e8rent y briller et vous raconte leur quotidien, entre espoirs et difficult\u00e9s.<\/p>\n","protected":false},"author":91,"featured_media":636244,"comment_status":"open","ping_status":"closed","sticky":false,"template":"","format":"standard","meta":{"_acf_changed":false,"_daextam_enable_autolinks":"1","footnotes":""},"categories":[42624,2313],"tags":[16878,3621,24],"class_list":["post-634242","post","type-post","status-publish","format-standard","has-post-thumbnail","hentry","category-jo-hiver-2030","category-sports-dhiver","tag-breve","tag-jeux-olympiques-dhiver","tag-sport"],"acf":[],"yoast_head":"<!-- This site is optimized with the Yoast SEO Premium plugin v26.7 (Yoast SEO v26.7) - https:\/\/yoast.com\/wordpress\/plugins\/seo\/ -->\n<title>Roche, Ollivier, Mingeon... Notre enqu\u00eate sur ces jeunes Fran\u00e7ais qui visent les JO 2030 entre espoirs et difficult\u00e9s<\/title>\n<meta name=\"description\" content=\"\u00c0 quatre ans des Jeux Olympiques dans les Alpes fran\u00e7aises, Dicodusport est parti \u00e0 la rencontre de ces jeunes Fran\u00e7ais qui esp\u00e8rent y briller et vous raconte leur quotidien, entre espoirs et difficult\u00e9s.\" \/>\n<meta name=\"robots\" content=\"index, follow, max-snippet:-1, max-image-preview:large, max-video-preview:-1\" \/>\n<link rel=\"canonical\" href=\"https:\/\/dicodusport.fr\/blog\/roche-ollivier-mingeon-notre-enquete-sur-ces-jeunes-francais-qui-visent-les-jo-2030-entre-espoirs-et-difficultes\/\" \/>\n<meta property=\"og:locale\" content=\"fr_FR\" \/>\n<meta property=\"og:type\" content=\"article\" \/>\n<meta property=\"og:title\" content=\"Roche, Ollivier, Mingeon... Notre enqu\u00eate sur ces jeunes Fran\u00e7ais qui visent les JO 2030 entre espoirs et difficult\u00e9s\" \/>\n<meta property=\"og:description\" content=\"\u00c0 quatre ans des Jeux Olympiques dans les Alpes fran\u00e7aises, Dicodusport est parti \u00e0 la rencontre de ces jeunes Fran\u00e7ais qui esp\u00e8rent y briller et vous raconte leur quotidien, entre espoirs et difficult\u00e9s.\" \/>\n<meta property=\"og:url\" content=\"https:\/\/dicodusport.fr\/blog\/roche-ollivier-mingeon-notre-enquete-sur-ces-jeunes-francais-qui-visent-les-jo-2030-entre-espoirs-et-difficultes\/\" \/>\n<meta property=\"og:site_name\" content=\"Dicodusport\" \/>\n<meta property=\"article:publisher\" content=\"https:\/\/www.facebook.com\/dicodusport\" \/>\n<meta property=\"article:published_time\" content=\"2026-01-07T11:00:30+00:00\" \/>\n<meta property=\"og:image\" content=\"https:\/\/dicodusport.fr\/blog\/wp-content\/uploads\/2026\/01\/Roche-Ollivier-Mingeon.-Notre-enquete-sur-ces-jeunes-Francais-qui-visent-les-JO-2030-entre-espoirs-et-difficultes.png\" \/>\n\t<meta property=\"og:image:width\" content=\"1200\" \/>\n\t<meta property=\"og:image:height\" content=\"674\" \/>\n\t<meta property=\"og:image:type\" content=\"image\/png\" \/>\n<meta name=\"author\" content=\"Victor Clot-Amiot\" \/>\n<meta name=\"twitter:card\" content=\"summary_large_image\" \/>\n<meta name=\"twitter:title\" content=\"Roche, Ollivier, Mingeon... Notre enqu\u00eate sur ces jeunes Fran\u00e7ais qui visent les JO 2030 entre espoirs et difficult\u00e9s\" \/>\n<meta name=\"twitter:creator\" content=\"@https:\/\/x.com\/VictorClotAmiot\" \/>\n<meta name=\"twitter:site\" content=\"@dicodusport\" \/>\n<script type=\"application\/ld+json\" class=\"yoast-schema-graph\">{\"@context\":\"https:\/\/schema.org\",\"@graph\":[{\"@type\":\"NewsArticle\",\"@id\":\"https:\/\/dicodusport.fr\/blog\/roche-ollivier-mingeon-notre-enquete-sur-ces-jeunes-francais-qui-visent-les-jo-2030-entre-espoirs-et-difficultes\/#article\",\"isPartOf\":{\"@id\":\"https:\/\/dicodusport.fr\/blog\/roche-ollivier-mingeon-notre-enquete-sur-ces-jeunes-francais-qui-visent-les-jo-2030-entre-espoirs-et-difficultes\/\"},\"author\":{\"name\":\"Victor Clot-Amiot\",\"@id\":\"https:\/\/dicodusport.fr\/blog\/#\/schema\/person\/b623199cba9ba90fe84a3d16e9282360\"},\"headline\":\"Roche, Ollivier, Mingeon&#8230; Notre enqu\u00eate sur ces jeunes Fran\u00e7ais qui visent les JO 2030 entre espoirs et difficult\u00e9s\",\"datePublished\":\"2026-01-07T11:00:30+00:00\",\"mainEntityOfPage\":{\"@id\":\"https:\/\/dicodusport.fr\/blog\/roche-ollivier-mingeon-notre-enquete-sur-ces-jeunes-francais-qui-visent-les-jo-2030-entre-espoirs-et-difficultes\/\"},\"wordCount\":6048,\"commentCount\":0,\"publisher\":{\"@id\":\"https:\/\/dicodusport.fr\/blog\/#organization\"},\"image\":{\"@id\":\"https:\/\/dicodusport.fr\/blog\/roche-ollivier-mingeon-notre-enquete-sur-ces-jeunes-francais-qui-visent-les-jo-2030-entre-espoirs-et-difficultes\/#primaryimage\"},\"thumbnailUrl\":\"https:\/\/dicodusport.fr\/blog\/wp-content\/uploads\/2026\/01\/Roche-Ollivier-Mingeon.-Notre-enquete-sur-ces-jeunes-Francais-qui-visent-les-JO-2030-entre-espoirs-et-difficultes.png\",\"keywords\":[\"br\u00e8ve\",\"Jeux olympiques d'hiver\",\"sport\"],\"articleSection\":[\"JO d'hiver 2030\",\"Sports d'hiver\"],\"inLanguage\":\"fr-FR\",\"potentialAction\":[{\"@type\":\"CommentAction\",\"name\":\"Comment\",\"target\":[\"https:\/\/dicodusport.fr\/blog\/roche-ollivier-mingeon-notre-enquete-sur-ces-jeunes-francais-qui-visent-les-jo-2030-entre-espoirs-et-difficultes\/#respond\"]}],\"copyrightYear\":\"2026\",\"copyrightHolder\":{\"@id\":\"https:\/\/dicodusport.fr\/blog\/#organization\"}},{\"@type\":\"WebPage\",\"@id\":\"https:\/\/dicodusport.fr\/blog\/roche-ollivier-mingeon-notre-enquete-sur-ces-jeunes-francais-qui-visent-les-jo-2030-entre-espoirs-et-difficultes\/\",\"url\":\"https:\/\/dicodusport.fr\/blog\/roche-ollivier-mingeon-notre-enquete-sur-ces-jeunes-francais-qui-visent-les-jo-2030-entre-espoirs-et-difficultes\/\",\"name\":\"Roche, Ollivier, Mingeon... Notre enqu\u00eate sur ces jeunes Fran\u00e7ais qui visent les JO 2030 entre espoirs et difficult\u00e9s\",\"isPartOf\":{\"@id\":\"https:\/\/dicodusport.fr\/blog\/#website\"},\"primaryImageOfPage\":{\"@id\":\"https:\/\/dicodusport.fr\/blog\/roche-ollivier-mingeon-notre-enquete-sur-ces-jeunes-francais-qui-visent-les-jo-2030-entre-espoirs-et-difficultes\/#primaryimage\"},\"image\":{\"@id\":\"https:\/\/dicodusport.fr\/blog\/roche-ollivier-mingeon-notre-enquete-sur-ces-jeunes-francais-qui-visent-les-jo-2030-entre-espoirs-et-difficultes\/#primaryimage\"},\"thumbnailUrl\":\"https:\/\/dicodusport.fr\/blog\/wp-content\/uploads\/2026\/01\/Roche-Ollivier-Mingeon.-Notre-enquete-sur-ces-jeunes-Francais-qui-visent-les-JO-2030-entre-espoirs-et-difficultes.png\",\"datePublished\":\"2026-01-07T11:00:30+00:00\",\"description\":\"\u00c0 quatre ans des Jeux Olympiques dans les Alpes fran\u00e7aises, Dicodusport est parti \u00e0 la rencontre de ces jeunes Fran\u00e7ais qui esp\u00e8rent y briller et vous raconte leur quotidien, entre espoirs et difficult\u00e9s.\",\"breadcrumb\":{\"@id\":\"https:\/\/dicodusport.fr\/blog\/roche-ollivier-mingeon-notre-enquete-sur-ces-jeunes-francais-qui-visent-les-jo-2030-entre-espoirs-et-difficultes\/#breadcrumb\"},\"inLanguage\":\"fr-FR\",\"potentialAction\":[{\"@type\":\"ReadAction\",\"target\":[\"https:\/\/dicodusport.fr\/blog\/roche-ollivier-mingeon-notre-enquete-sur-ces-jeunes-francais-qui-visent-les-jo-2030-entre-espoirs-et-difficultes\/\"]}]},{\"@type\":\"ImageObject\",\"inLanguage\":\"fr-FR\",\"@id\":\"https:\/\/dicodusport.fr\/blog\/roche-ollivier-mingeon-notre-enquete-sur-ces-jeunes-francais-qui-visent-les-jo-2030-entre-espoirs-et-difficultes\/#primaryimage\",\"url\":\"https:\/\/dicodusport.fr\/blog\/wp-content\/uploads\/2026\/01\/Roche-Ollivier-Mingeon.-Notre-enquete-sur-ces-jeunes-Francais-qui-visent-les-JO-2030-entre-espoirs-et-difficultes.png\",\"contentUrl\":\"https:\/\/dicodusport.fr\/blog\/wp-content\/uploads\/2026\/01\/Roche-Ollivier-Mingeon.-Notre-enquete-sur-ces-jeunes-Francais-qui-visent-les-JO-2030-entre-espoirs-et-difficultes.png\",\"width\":1200,\"height\":674,\"caption\":\"Roche, Ollivier, Mingeon... Notre enqu\u00eate sur ces jeunes Fran\u00e7ais qui visent les JO 2030 entre espoirs et difficult\u00e9s\"},{\"@type\":\"BreadcrumbList\",\"@id\":\"https:\/\/dicodusport.fr\/blog\/roche-ollivier-mingeon-notre-enquete-sur-ces-jeunes-francais-qui-visent-les-jo-2030-entre-espoirs-et-difficultes\/#breadcrumb\",\"itemListElement\":[{\"@type\":\"ListItem\",\"position\":1,\"name\":\"Accueil\",\"item\":\"https:\/\/dicodusport.fr\/blog\/\"},{\"@type\":\"ListItem\",\"position\":2,\"name\":\"Roche, Ollivier, Mingeon&#8230; Notre enqu\u00eate sur ces jeunes Fran\u00e7ais qui visent les JO 2030 entre espoirs et difficult\u00e9s\"}]},{\"@type\":\"WebSite\",\"@id\":\"https:\/\/dicodusport.fr\/blog\/#website\",\"url\":\"https:\/\/dicodusport.fr\/blog\/\",\"name\":\"Dicodusport\",\"description\":\"L&#039;encyclop\u00e9die de l&#039;actualit\u00e9 sportive\",\"publisher\":{\"@id\":\"https:\/\/dicodusport.fr\/blog\/#organization\"},\"potentialAction\":[{\"@type\":\"SearchAction\",\"target\":{\"@type\":\"EntryPoint\",\"urlTemplate\":\"https:\/\/dicodusport.fr\/blog\/?s={search_term_string}\"},\"query-input\":{\"@type\":\"PropertyValueSpecification\",\"valueRequired\":true,\"valueName\":\"search_term_string\"}}],\"inLanguage\":\"fr-FR\"},{\"@type\":\"NewsMediaOrganization\",\"@id\":\"https:\/\/dicodusport.fr\/blog\/#organization\",\"name\":\"Dicodusport\",\"url\":\"https:\/\/dicodusport.fr\/blog\/\",\"logo\":{\"@type\":\"ImageObject\",\"inLanguage\":\"fr-FR\",\"@id\":\"https:\/\/dicodusport.fr\/blog\/#\/schema\/logo\/image\/\",\"url\":\"https:\/\/dicodusport.fr\/blog\/wp-content\/uploads\/2020\/06\/cropped-LOGO-DICODUSPORT-2020-SANS-FOND-SANS-TEXTE.png\",\"contentUrl\":\"https:\/\/dicodusport.fr\/blog\/wp-content\/uploads\/2020\/06\/cropped-LOGO-DICODUSPORT-2020-SANS-FOND-SANS-TEXTE.png\",\"width\":512,\"height\":512,\"caption\":\"Dicodusport\"},\"image\":{\"@id\":\"https:\/\/dicodusport.fr\/blog\/#\/schema\/logo\/image\/\"},\"sameAs\":[\"https:\/\/www.facebook.com\/dicodusport\",\"https:\/\/x.com\/dicodusport\",\"https:\/\/www.instagram.com\/dicodusport\/\",\"https:\/\/www.youtube.com\/channel\/UC7V2KZ5sd3htJivAbA4ZG3w\"],\"description\":\"Dicodusport est l'encyclop\u00e9die de l'actualit\u00e9 sportive.\",\"email\":\"bonjour@dicodusport.fr\",\"legalName\":\"DICODUSPORT\",\"foundingDate\":\"2018-01-14\",\"vatID\":\"FR71834470973\",\"taxID\":\"83447097300043\",\"numberOfEmployees\":{\"@type\":\"QuantitativeValue\",\"minValue\":\"1\",\"maxValue\":\"10\"}},{\"@type\":\"Person\",\"@id\":\"https:\/\/dicodusport.fr\/blog\/#\/schema\/person\/b623199cba9ba90fe84a3d16e9282360\",\"name\":\"Victor Clot-Amiot\",\"image\":{\"@type\":\"ImageObject\",\"inLanguage\":\"fr-FR\",\"@id\":\"https:\/\/dicodusport.fr\/blog\/#\/schema\/person\/image\/\",\"url\":\"https:\/\/dicodusport.fr\/blog\/wp-content\/uploads\/2023\/09\/IMG_20190826_114722-150x150.jpg\",\"contentUrl\":\"https:\/\/dicodusport.fr\/blog\/wp-content\/uploads\/2023\/09\/IMG_20190826_114722-150x150.jpg\",\"caption\":\"Victor Clot-Amiot\"},\"description\":\"Passionn\u00e9 de sport depuis toujours, un jour \u00e0 l'adolescence mes parents m'ont dit : \\\"quitte \u00e0 passer ton temps \u00e0 regarder du sport, au moins va le voir en vrai\\\" ! Depuis, cette remarque ne m'a plus quitt\u00e9 et je passe une grande partie de mon temps libre \u00e0 assister \u00e0 des comp\u00e9titions de tous sports. Je m\u00eale d'ailleurs mes deux passions, le sport et les voyages afin de faire une pierre deux coups ! Outre l'US Open ou l'Euro 2021 par exemple, j'ai assist\u00e9 cet \u00e9t\u00e9 aux Mondiaux d'athl\u00e9tisme \u00e0 Budapest. Mon plus gros coup dur est et restera les JO 2020-2021 pour lesquels j'avais r\u00e9serv\u00e9 17 \u00e9preuves. La suite, vous la connaissez...\",\"sameAs\":[\"https:\/\/x.com\/https:\/\/x.com\/VictorClotAmiot\"],\"url\":\"https:\/\/dicodusport.fr\/blog\/author\/victor-clot-amiot\/\"}]}<\/script>\n<!-- \/ Yoast SEO Premium plugin. -->","yoast_head_json":{"title":"Roche, Ollivier, Mingeon... Notre enqu\u00eate sur ces jeunes Fran\u00e7ais qui visent les JO 2030 entre espoirs et difficult\u00e9s","description":"\u00c0 quatre ans des Jeux Olympiques dans les Alpes fran\u00e7aises, Dicodusport est parti \u00e0 la rencontre de ces jeunes Fran\u00e7ais qui esp\u00e8rent y briller et vous raconte leur quotidien, entre espoirs et difficult\u00e9s.","robots":{"index":"index","follow":"follow","max-snippet":"max-snippet:-1","max-image-preview":"max-image-preview:large","max-video-preview":"max-video-preview:-1"},"canonical":"https:\/\/dicodusport.fr\/blog\/roche-ollivier-mingeon-notre-enquete-sur-ces-jeunes-francais-qui-visent-les-jo-2030-entre-espoirs-et-difficultes\/","og_locale":"fr_FR","og_type":"article","og_title":"Roche, Ollivier, Mingeon... Notre enqu\u00eate sur ces jeunes Fran\u00e7ais qui visent les JO 2030 entre espoirs et difficult\u00e9s","og_description":"\u00c0 quatre ans des Jeux Olympiques dans les Alpes fran\u00e7aises, Dicodusport est parti \u00e0 la rencontre de ces jeunes Fran\u00e7ais qui esp\u00e8rent y briller et vous raconte leur quotidien, entre espoirs et difficult\u00e9s.","og_url":"https:\/\/dicodusport.fr\/blog\/roche-ollivier-mingeon-notre-enquete-sur-ces-jeunes-francais-qui-visent-les-jo-2030-entre-espoirs-et-difficultes\/","og_site_name":"Dicodusport","article_publisher":"https:\/\/www.facebook.com\/dicodusport","article_published_time":"2026-01-07T11:00:30+00:00","og_image":[{"width":1200,"height":674,"url":"https:\/\/dicodusport.fr\/blog\/wp-content\/uploads\/2026\/01\/Roche-Ollivier-Mingeon.-Notre-enquete-sur-ces-jeunes-Francais-qui-visent-les-JO-2030-entre-espoirs-et-difficultes.png","type":"image\/png"}],"author":"Victor Clot-Amiot","twitter_card":"summary_large_image","twitter_title":"Roche, Ollivier, Mingeon... Notre enqu\u00eate sur ces jeunes Fran\u00e7ais qui visent les JO 2030 entre espoirs et difficult\u00e9s","twitter_creator":"@https:\/\/x.com\/VictorClotAmiot","twitter_site":"@dicodusport","schema":{"@context":"https:\/\/schema.org","@graph":[{"@type":"NewsArticle","@id":"https:\/\/dicodusport.fr\/blog\/roche-ollivier-mingeon-notre-enquete-sur-ces-jeunes-francais-qui-visent-les-jo-2030-entre-espoirs-et-difficultes\/#article","isPartOf":{"@id":"https:\/\/dicodusport.fr\/blog\/roche-ollivier-mingeon-notre-enquete-sur-ces-jeunes-francais-qui-visent-les-jo-2030-entre-espoirs-et-difficultes\/"},"author":{"name":"Victor Clot-Amiot","@id":"https:\/\/dicodusport.fr\/blog\/#\/schema\/person\/b623199cba9ba90fe84a3d16e9282360"},"headline":"Roche, Ollivier, Mingeon&#8230; Notre enqu\u00eate sur ces jeunes Fran\u00e7ais qui visent les JO 2030 entre espoirs et difficult\u00e9s","datePublished":"2026-01-07T11:00:30+00:00","mainEntityOfPage":{"@id":"https:\/\/dicodusport.fr\/blog\/roche-ollivier-mingeon-notre-enquete-sur-ces-jeunes-francais-qui-visent-les-jo-2030-entre-espoirs-et-difficultes\/"},"wordCount":6048,"commentCount":0,"publisher":{"@id":"https:\/\/dicodusport.fr\/blog\/#organization"},"image":{"@id":"https:\/\/dicodusport.fr\/blog\/roche-ollivier-mingeon-notre-enquete-sur-ces-jeunes-francais-qui-visent-les-jo-2030-entre-espoirs-et-difficultes\/#primaryimage"},"thumbnailUrl":"https:\/\/dicodusport.fr\/blog\/wp-content\/uploads\/2026\/01\/Roche-Ollivier-Mingeon.-Notre-enquete-sur-ces-jeunes-Francais-qui-visent-les-JO-2030-entre-espoirs-et-difficultes.png","keywords":["br\u00e8ve","Jeux olympiques d'hiver","sport"],"articleSection":["JO d'hiver 2030","Sports d'hiver"],"inLanguage":"fr-FR","potentialAction":[{"@type":"CommentAction","name":"Comment","target":["https:\/\/dicodusport.fr\/blog\/roche-ollivier-mingeon-notre-enquete-sur-ces-jeunes-francais-qui-visent-les-jo-2030-entre-espoirs-et-difficultes\/#respond"]}],"copyrightYear":"2026","copyrightHolder":{"@id":"https:\/\/dicodusport.fr\/blog\/#organization"}},{"@type":"WebPage","@id":"https:\/\/dicodusport.fr\/blog\/roche-ollivier-mingeon-notre-enquete-sur-ces-jeunes-francais-qui-visent-les-jo-2030-entre-espoirs-et-difficultes\/","url":"https:\/\/dicodusport.fr\/blog\/roche-ollivier-mingeon-notre-enquete-sur-ces-jeunes-francais-qui-visent-les-jo-2030-entre-espoirs-et-difficultes\/","name":"Roche, Ollivier, Mingeon... Notre enqu\u00eate sur ces jeunes Fran\u00e7ais qui visent les JO 2030 entre espoirs et difficult\u00e9s","isPartOf":{"@id":"https:\/\/dicodusport.fr\/blog\/#website"},"primaryImageOfPage":{"@id":"https:\/\/dicodusport.fr\/blog\/roche-ollivier-mingeon-notre-enquete-sur-ces-jeunes-francais-qui-visent-les-jo-2030-entre-espoirs-et-difficultes\/#primaryimage"},"image":{"@id":"https:\/\/dicodusport.fr\/blog\/roche-ollivier-mingeon-notre-enquete-sur-ces-jeunes-francais-qui-visent-les-jo-2030-entre-espoirs-et-difficultes\/#primaryimage"},"thumbnailUrl":"https:\/\/dicodusport.fr\/blog\/wp-content\/uploads\/2026\/01\/Roche-Ollivier-Mingeon.-Notre-enquete-sur-ces-jeunes-Francais-qui-visent-les-JO-2030-entre-espoirs-et-difficultes.png","datePublished":"2026-01-07T11:00:30+00:00","description":"\u00c0 quatre ans des Jeux Olympiques dans les Alpes fran\u00e7aises, Dicodusport est parti \u00e0 la rencontre de ces jeunes Fran\u00e7ais qui esp\u00e8rent y briller et vous raconte leur quotidien, entre espoirs et difficult\u00e9s.","breadcrumb":{"@id":"https:\/\/dicodusport.fr\/blog\/roche-ollivier-mingeon-notre-enquete-sur-ces-jeunes-francais-qui-visent-les-jo-2030-entre-espoirs-et-difficultes\/#breadcrumb"},"inLanguage":"fr-FR","potentialAction":[{"@type":"ReadAction","target":["https:\/\/dicodusport.fr\/blog\/roche-ollivier-mingeon-notre-enquete-sur-ces-jeunes-francais-qui-visent-les-jo-2030-entre-espoirs-et-difficultes\/"]}]},{"@type":"ImageObject","inLanguage":"fr-FR","@id":"https:\/\/dicodusport.fr\/blog\/roche-ollivier-mingeon-notre-enquete-sur-ces-jeunes-francais-qui-visent-les-jo-2030-entre-espoirs-et-difficultes\/#primaryimage","url":"https:\/\/dicodusport.fr\/blog\/wp-content\/uploads\/2026\/01\/Roche-Ollivier-Mingeon.-Notre-enquete-sur-ces-jeunes-Francais-qui-visent-les-JO-2030-entre-espoirs-et-difficultes.png","contentUrl":"https:\/\/dicodusport.fr\/blog\/wp-content\/uploads\/2026\/01\/Roche-Ollivier-Mingeon.-Notre-enquete-sur-ces-jeunes-Francais-qui-visent-les-JO-2030-entre-espoirs-et-difficultes.png","width":1200,"height":674,"caption":"Roche, Ollivier, Mingeon... Notre enqu\u00eate sur ces jeunes Fran\u00e7ais qui visent les JO 2030 entre espoirs et difficult\u00e9s"},{"@type":"BreadcrumbList","@id":"https:\/\/dicodusport.fr\/blog\/roche-ollivier-mingeon-notre-enquete-sur-ces-jeunes-francais-qui-visent-les-jo-2030-entre-espoirs-et-difficultes\/#breadcrumb","itemListElement":[{"@type":"ListItem","position":1,"name":"Accueil","item":"https:\/\/dicodusport.fr\/blog\/"},{"@type":"ListItem","position":2,"name":"Roche, Ollivier, Mingeon&#8230; Notre enqu\u00eate sur ces jeunes Fran\u00e7ais qui visent les JO 2030 entre espoirs et difficult\u00e9s"}]},{"@type":"WebSite","@id":"https:\/\/dicodusport.fr\/blog\/#website","url":"https:\/\/dicodusport.fr\/blog\/","name":"Dicodusport","description":"L&#039;encyclop\u00e9die de l&#039;actualit\u00e9 sportive","publisher":{"@id":"https:\/\/dicodusport.fr\/blog\/#organization"},"potentialAction":[{"@type":"SearchAction","target":{"@type":"EntryPoint","urlTemplate":"https:\/\/dicodusport.fr\/blog\/?s={search_term_string}"},"query-input":{"@type":"PropertyValueSpecification","valueRequired":true,"valueName":"search_term_string"}}],"inLanguage":"fr-FR"},{"@type":"NewsMediaOrganization","@id":"https:\/\/dicodusport.fr\/blog\/#organization","name":"Dicodusport","url":"https:\/\/dicodusport.fr\/blog\/","logo":{"@type":"ImageObject","inLanguage":"fr-FR","@id":"https:\/\/dicodusport.fr\/blog\/#\/schema\/logo\/image\/","url":"https:\/\/dicodusport.fr\/blog\/wp-content\/uploads\/2020\/06\/cropped-LOGO-DICODUSPORT-2020-SANS-FOND-SANS-TEXTE.png","contentUrl":"https:\/\/dicodusport.fr\/blog\/wp-content\/uploads\/2020\/06\/cropped-LOGO-DICODUSPORT-2020-SANS-FOND-SANS-TEXTE.png","width":512,"height":512,"caption":"Dicodusport"},"image":{"@id":"https:\/\/dicodusport.fr\/blog\/#\/schema\/logo\/image\/"},"sameAs":["https:\/\/www.facebook.com\/dicodusport","https:\/\/x.com\/dicodusport","https:\/\/www.instagram.com\/dicodusport\/","https:\/\/www.youtube.com\/channel\/UC7V2KZ5sd3htJivAbA4ZG3w"],"description":"Dicodusport est l'encyclop\u00e9die de l'actualit\u00e9 sportive.","email":"bonjour@dicodusport.fr","legalName":"DICODUSPORT","foundingDate":"2018-01-14","vatID":"FR71834470973","taxID":"83447097300043","numberOfEmployees":{"@type":"QuantitativeValue","minValue":"1","maxValue":"10"}},{"@type":"Person","@id":"https:\/\/dicodusport.fr\/blog\/#\/schema\/person\/b623199cba9ba90fe84a3d16e9282360","name":"Victor Clot-Amiot","image":{"@type":"ImageObject","inLanguage":"fr-FR","@id":"https:\/\/dicodusport.fr\/blog\/#\/schema\/person\/image\/","url":"https:\/\/dicodusport.fr\/blog\/wp-content\/uploads\/2023\/09\/IMG_20190826_114722-150x150.jpg","contentUrl":"https:\/\/dicodusport.fr\/blog\/wp-content\/uploads\/2023\/09\/IMG_20190826_114722-150x150.jpg","caption":"Victor Clot-Amiot"},"description":"Passionn\u00e9 de sport depuis toujours, un jour \u00e0 l'adolescence mes parents m'ont dit : \"quitte \u00e0 passer ton temps \u00e0 regarder du sport, au moins va le voir en vrai\" ! Depuis, cette remarque ne m'a plus quitt\u00e9 et je passe une grande partie de mon temps libre \u00e0 assister \u00e0 des comp\u00e9titions de tous sports. Je m\u00eale d'ailleurs mes deux passions, le sport et les voyages afin de faire une pierre deux coups ! Outre l'US Open ou l'Euro 2021 par exemple, j'ai assist\u00e9 cet \u00e9t\u00e9 aux Mondiaux d'athl\u00e9tisme \u00e0 Budapest. Mon plus gros coup dur est et restera les JO 2020-2021 pour lesquels j'avais r\u00e9serv\u00e9 17 \u00e9preuves. La suite, vous la connaissez...","sameAs":["https:\/\/x.com\/https:\/\/x.com\/VictorClotAmiot"],"url":"https:\/\/dicodusport.fr\/blog\/author\/victor-clot-amiot\/"}]}},"_links":{"self":[{"href":"https:\/\/dicodusport.fr\/blog\/wp-json\/wp\/v2\/posts\/634242","targetHints":{"allow":["GET"]}}],"collection":[{"href":"https:\/\/dicodusport.fr\/blog\/wp-json\/wp\/v2\/posts"}],"about":[{"href":"https:\/\/dicodusport.fr\/blog\/wp-json\/wp\/v2\/types\/post"}],"author":[{"embeddable":true,"href":"https:\/\/dicodusport.fr\/blog\/wp-json\/wp\/v2\/users\/91"}],"replies":[{"embeddable":true,"href":"https:\/\/dicodusport.fr\/blog\/wp-json\/wp\/v2\/comments?post=634242"}],"version-history":[{"count":5,"href":"https:\/\/dicodusport.fr\/blog\/wp-json\/wp\/v2\/posts\/634242\/revisions"}],"predecessor-version":[{"id":636267,"href":"https:\/\/dicodusport.fr\/blog\/wp-json\/wp\/v2\/posts\/634242\/revisions\/636267"}],"wp:featuredmedia":[{"embeddable":true,"href":"https:\/\/dicodusport.fr\/blog\/wp-json\/wp\/v2\/media\/636244"}],"wp:attachment":[{"href":"https:\/\/dicodusport.fr\/blog\/wp-json\/wp\/v2\/media?parent=634242"}],"wp:term":[{"taxonomy":"category","embeddable":true,"href":"https:\/\/dicodusport.fr\/blog\/wp-json\/wp\/v2\/categories?post=634242"},{"taxonomy":"post_tag","embeddable":true,"href":"https:\/\/dicodusport.fr\/blog\/wp-json\/wp\/v2\/tags?post=634242"}],"curies":[{"name":"wp","href":"https:\/\/api.w.org\/{rel}","templated":true}]}}