{"id":63425,"date":"2020-03-18T08:47:37","date_gmt":"2020-03-18T07:47:37","guid":{"rendered":"http:\/\/dicodusport.fr\/blog\/?p=63425&#038;preview=true&#038;preview_id=63425"},"modified":"2020-03-18T12:04:43","modified_gmt":"2020-03-18T11:04:43","slug":"edito-martin-fourcade-quand-champion-rime-avec-dimension","status":"publish","type":"post","link":"https:\/\/dicodusport.fr\/blog\/edito-martin-fourcade-quand-champion-rime-avec-dimension\/","title":{"rendered":"Edito : Martin Fourcade, quand champion rime avec dimension"},"content":{"rendered":"<p style=\"text-align: justify;\"><strong><em>Il y a champion et champion, deux notions bien distinctes qui n&rsquo;ont rien \u00e0 voir l&rsquo;une et l&rsquo;autre. Martin Fourcade est un champion mais aussi un champion. Vous ne comprenez rien ? Rien de grave, on est l\u00e0 pour vous expliquer.\u00a0<\/em><\/strong><\/p>\n<p style=\"text-align: justify;\">Il existe deux sortes de champions, enfin s\u00fbrement plus. Enfin, on rel\u00e8ve deux grandes familles de champions. Dans la premi\u00e8re, on peut mettre tous les sportifs qui ont marqu\u00e9 leur sport, gagn\u00e9 des troph\u00e9es \u00e0 r\u00e9p\u00e9tition et plus globalement, domin\u00e9 leur sport. Si <a href=\"https:\/\/dicodusport.fr\/blog\/tag\/martin-fourcade\/\" target=\"_blank\" rel=\"noopener noreferrer\"><strong>Martin Fourcade<\/strong><\/a> entre dans celle-ci comme un nombre incalculable de sportifs, il a aussi toute sa place dans la deuxi\u00e8me, celle o\u00f9 champion rime avec dimension. Seuls quelques sportifs ont r\u00e9ussi \u00e0 faire changer leur sport de braquet, pour les amoureux du cyclisme. Le Catalan, lui, y est parvenu haut la main.<\/p>\n<p style=\"text-align: justify;\">Il ne sera pas l&rsquo;athl\u00e8te le plus titr\u00e9 du biathlon. <strong>Ole Einar Bj\u00f8rndalen<\/strong> le restera un moment, mais le Fran\u00e7ais sera \u00e0 jamais l&rsquo;athl\u00e8te qui a permis \u00e0 son sport de changer de dimension, comme <strong>Michael Jordan<\/strong> a pu le faire pour le basket, <strong>Roger Federer<\/strong> pour le tennis ou <strong>Usain Bolt<\/strong> pour l&rsquo;athl\u00e9tisme. Je n&rsquo;oublie pas le champion norv\u00e9gien\u00a0<strong>Bj\u00f8rndalen<\/strong> ni Raphael Poir\u00e9e, sans qui <strong>Martin Fourcade<\/strong> n&rsquo;aurait peut-\u00eatre pas exist\u00e9. En tout cas, s\u00fbrement pas celui qu&rsquo;on connait aujourd&rsquo;hui. Comme pour les autres qui l&rsquo;accompagnent dans cette cat\u00e9gorie, il a eu des \u00e9l\u00e9ments favorables, mais qui n&rsquo;enl\u00e8vent rien \u00e0 ce qu&rsquo;il a pu accomplir car les r\u00e9seaux sociaux sont \u00e0 disposition de tous les sportifs.\u00a0<em><br \/>\n<\/em><\/p>\n<div id=\"attachment_63434\" style=\"width: 810px\" class=\"wp-caption aligncenter\"><a href=\"http:\/\/dicodusport.fr\/blog\/wp-content\/uploads\/2020\/03\/Martin-Fourcade-et-son-digne-h\u00e9ritier-lIs\u00e9rois-\u00c9milien-Jacquelin.png\"><img loading=\"lazy\" decoding=\"async\" aria-describedby=\"caption-attachment-63434\" class=\"size-full wp-image-63434\" src=\"http:\/\/dicodusport.fr\/blog\/wp-content\/uploads\/2020\/03\/Martin-Fourcade-et-son-digne-h\u00e9ritier-lIs\u00e9rois-\u00c9milien-Jacquelin.png\" alt=\"\" width=\"800\" height=\"445\" srcset=\"https:\/\/dicodusport.fr\/blog\/wp-content\/uploads\/2020\/03\/Martin-Fourcade-et-son-digne-h\u00e9ritier-lIs\u00e9rois-\u00c9milien-Jacquelin.png 800w, https:\/\/dicodusport.fr\/blog\/wp-content\/uploads\/2020\/03\/Martin-Fourcade-et-son-digne-h\u00e9ritier-lIs\u00e9rois-\u00c9milien-Jacquelin-300x167.png 300w, https:\/\/dicodusport.fr\/blog\/wp-content\/uploads\/2020\/03\/Martin-Fourcade-et-son-digne-h\u00e9ritier-lIs\u00e9rois-\u00c9milien-Jacquelin-768x427.png 768w\" sizes=\"auto, (max-width: 800px) 100vw, 800px\" \/><\/a><p id=\"caption-attachment-63434\" class=\"wp-caption-text\">Martin Fourcade et \u00e0 gauche, son digne h\u00e9ritier, l&rsquo;Is\u00e9rois \u00c9milien Jacquelin &#8211; AFP<\/p><\/div>\n<h2 style=\"text-align: justify;\">Un autre exploit<\/h2>\n<p style=\"text-align: justify;\">Dans un pays o\u00f9 il est difficile de sortir du triptyque football, rugby et tennis, si ce n&rsquo;est pour les Jeux Olympiques, il a r\u00e9ussi \u00e0 faire entrer un m\u00e9lange savant de ski de fond et de tir \u00e0 la carabine dans de nombreux m\u00e9nages. Un exploit majuscule. Ses performances stratosph\u00e9riques, coupl\u00e9es \u00e0 son aura naturelle et \u00e0 ses engagements divers, ont fait de lui un des sportif capable de changer la destin\u00e9e de son sport dans son pays. Cela ne s&rsquo;arr\u00eate \u00e9videmment pas aux fronti\u00e8res de la France. \u00c0 travers le monde, il a aussi ouvert des vocations, avec de plus en plus de nations qui pratiquent aujourd&rsquo;hui le biathlon.<\/p>\n<p style=\"text-align: justify;\">Parti au sommet, apr\u00e8s <a href=\"https:\/\/dicodusport.fr\/blog\/kontiolahti-martin-fourcade-termine-beaute-poursuite\/\" target=\"_blank\" rel=\"noopener noreferrer\">une victoire \u00e9clatante sur la <strong>poursuite de Kontiolahti<\/strong><\/a>, l\u00e0 o\u00f9 il avait d\u00e9but\u00e9 son ascension 10 ans plus t\u00f4t, mais surtout avec le sentiment du devoir plus qu&rsquo;accompli quand on voit cette \u00e9quipe de France, dense comme jamais et le nombre de fans de biathlon qui ne cesse de grandir. <strong>Martin Fourcade<\/strong> est donc un champion, mais aussi un champion, les deux quoi, tout en \u00e9tant plus un champion qu&rsquo;un champion. Mais maintenant, c&rsquo;est plus clair non ?<\/p>\n<p style=\"text-align: justify;\"><strong><em>Dicodusport<br \/>\n<a href=\"https:\/\/www.facebook.com\/dicodusport\/\" target=\"_blank\" rel=\"noopener noreferrer\"><img loading=\"lazy\" decoding=\"async\" class=\"alignnone wp-image-2909\" src=\"http:\/\/dicodusport.fr\/blog\/wp-content\/uploads\/2017\/07\/logo-facebook-150x150.png\" alt=\"\" width=\"40\" height=\"40\" \/><\/a><a href=\"https:\/\/twitter.com\/dicodusport\" target=\"_blank\" rel=\"noopener noreferrer\"><img loading=\"lazy\" decoding=\"async\" class=\"alignnone wp-image-2908\" src=\"http:\/\/dicodusport.fr\/blog\/wp-content\/uploads\/2017\/07\/logo-twitter-150x150.png\" alt=\"\" width=\"39\" height=\"39\" \/><\/a><\/em><\/strong><\/p>\n","protected":false},"excerpt":{"rendered":"<p>Il y a champion et champion, deux notions bien distinctes qui n&rsquo;ont rien \u00e0 voir l&rsquo;une et l&rsquo;autre. Martin Fourcade est un champion mais aussi un champion. Vous ne comprenez rien ? Rien de grave, on est l\u00e0 pour vous expliquer.\u00a0<\/p>\n","protected":false},"author":1,"featured_media":63435,"comment_status":"open","ping_status":"closed","sticky":false,"template":"","format":"standard","meta":{"_acf_changed":false,"_daextam_enable_autolinks":"","footnotes":""},"categories":[2426,4940],"tags":[2427,2198,2429,24],"class_list":["post-63425","post","type-post","status-publish","format-standard","has-post-thumbnail","hentry","category-biathlon","category-edito","tag-biathlon","tag-fourcade","tag-martin-fourcade","tag-sport"],"acf":[],"yoast_head":"<!-- This site is optimized with the Yoast SEO Premium plugin v26.7 (Yoast SEO v26.7) - https:\/\/yoast.com\/wordpress\/plugins\/seo\/ -->\n<title>Edito : Martin Fourcade, quand champion rime avec dimension<\/title>\n<meta name=\"description\" content=\"Il y a champion et champion, deux notions bien distinctes qui n&#039;ont rien \u00e0 voir l&#039;une et l&#039;autre. Martin Fourcade est un champion mais aussi un champion. Vous ne comprenez rien ? Rien de grave, on est l\u00e0 pour vous expliquer.\u00a0\" \/>\n<meta name=\"robots\" content=\"index, follow, max-snippet:-1, max-image-preview:large, max-video-preview:-1\" \/>\n<link rel=\"canonical\" href=\"https:\/\/dicodusport.fr\/blog\/edito-martin-fourcade-quand-champion-rime-avec-dimension\/\" \/>\n<meta property=\"og:locale\" content=\"fr_FR\" \/>\n<meta property=\"og:type\" content=\"article\" \/>\n<meta property=\"og:title\" content=\"Edito : Martin Fourcade, quand champion rime avec dimension\" \/>\n<meta property=\"og:description\" content=\"Il y a champion et champion, deux notions bien distinctes qui n&#039;ont rien \u00e0 voir l&#039;une et l&#039;autre. Martin Fourcade est un champion mais aussi un champion. Vous ne comprenez rien ? Rien de grave, on est l\u00e0 pour vous expliquer.\u00a0\" \/>\n<meta property=\"og:url\" content=\"https:\/\/dicodusport.fr\/blog\/edito-martin-fourcade-quand-champion-rime-avec-dimension\/\" \/>\n<meta property=\"og:site_name\" content=\"Dicodusport\" \/>\n<meta property=\"article:publisher\" content=\"https:\/\/www.facebook.com\/dicodusport\" \/>\n<meta property=\"article:author\" content=\"https:\/\/www.facebook.com\/dicodusport\" \/>\n<meta property=\"article:published_time\" content=\"2020-03-18T07:47:37+00:00\" \/>\n<meta property=\"article:modified_time\" content=\"2020-03-18T11:04:43+00:00\" \/>\n<meta property=\"og:image\" content=\"https:\/\/dicodusport.fr\/blog\/wp-content\/uploads\/2020\/03\/Edito-Martin-Fourcade-quand-champion-rime-avec-dimension.png\" \/>\n\t<meta property=\"og:image:width\" content=\"800\" \/>\n\t<meta property=\"og:image:height\" content=\"445\" \/>\n\t<meta property=\"og:image:type\" content=\"image\/png\" \/>\n<meta name=\"author\" content=\"Nicolas Jacquemard\" \/>\n<meta name=\"twitter:card\" content=\"summary_large_image\" \/>\n<meta name=\"twitter:title\" content=\"Edito : Martin Fourcade, quand champion rime avec dimension\" \/>\n<meta name=\"twitter:creator\" content=\"@https:\/\/twitter.com\/Nico_Jacquemard\" \/>\n<meta name=\"twitter:site\" content=\"@dicodusport\" \/>\n<script type=\"application\/ld+json\" class=\"yoast-schema-graph\">{\"@context\":\"https:\/\/schema.org\",\"@graph\":[{\"@type\":\"NewsArticle\",\"@id\":\"https:\/\/dicodusport.fr\/blog\/edito-martin-fourcade-quand-champion-rime-avec-dimension\/#article\",\"isPartOf\":{\"@id\":\"https:\/\/dicodusport.fr\/blog\/edito-martin-fourcade-quand-champion-rime-avec-dimension\/\"},\"author\":{\"name\":\"Nicolas Jacquemard\",\"@id\":\"https:\/\/dicodusport.fr\/blog\/#\/schema\/person\/55dcb50ad410894e431ed812bbb70191\"},\"headline\":\"Edito : Martin Fourcade, quand champion rime avec dimension\",\"datePublished\":\"2020-03-18T07:47:37+00:00\",\"dateModified\":\"2020-03-18T11:04:43+00:00\",\"mainEntityOfPage\":{\"@id\":\"https:\/\/dicodusport.fr\/blog\/edito-martin-fourcade-quand-champion-rime-avec-dimension\/\"},\"wordCount\":517,\"commentCount\":0,\"publisher\":{\"@id\":\"https:\/\/dicodusport.fr\/blog\/#organization\"},\"image\":{\"@id\":\"https:\/\/dicodusport.fr\/blog\/edito-martin-fourcade-quand-champion-rime-avec-dimension\/#primaryimage\"},\"thumbnailUrl\":\"https:\/\/dicodusport.fr\/blog\/wp-content\/uploads\/2020\/03\/Edito-Martin-Fourcade-quand-champion-rime-avec-dimension.png\",\"keywords\":[\"Biathlon\",\"Fourcade\",\"Martin Fourcade\",\"sport\"],\"articleSection\":[\"Biathlon\",\"Edito\"],\"inLanguage\":\"fr-FR\",\"potentialAction\":[{\"@type\":\"CommentAction\",\"name\":\"Comment\",\"target\":[\"https:\/\/dicodusport.fr\/blog\/edito-martin-fourcade-quand-champion-rime-avec-dimension\/#respond\"]}],\"copyrightYear\":\"2020\",\"copyrightHolder\":{\"@id\":\"https:\/\/dicodusport.fr\/blog\/#organization\"}},{\"@type\":\"WebPage\",\"@id\":\"https:\/\/dicodusport.fr\/blog\/edito-martin-fourcade-quand-champion-rime-avec-dimension\/\",\"url\":\"https:\/\/dicodusport.fr\/blog\/edito-martin-fourcade-quand-champion-rime-avec-dimension\/\",\"name\":\"Edito : Martin Fourcade, quand champion rime avec dimension\",\"isPartOf\":{\"@id\":\"https:\/\/dicodusport.fr\/blog\/#website\"},\"primaryImageOfPage\":{\"@id\":\"https:\/\/dicodusport.fr\/blog\/edito-martin-fourcade-quand-champion-rime-avec-dimension\/#primaryimage\"},\"image\":{\"@id\":\"https:\/\/dicodusport.fr\/blog\/edito-martin-fourcade-quand-champion-rime-avec-dimension\/#primaryimage\"},\"thumbnailUrl\":\"https:\/\/dicodusport.fr\/blog\/wp-content\/uploads\/2020\/03\/Edito-Martin-Fourcade-quand-champion-rime-avec-dimension.png\",\"datePublished\":\"2020-03-18T07:47:37+00:00\",\"dateModified\":\"2020-03-18T11:04:43+00:00\",\"description\":\"Il y a champion et champion, deux notions bien distinctes qui n'ont rien \u00e0 voir l'une et l'autre. Martin Fourcade est un champion mais aussi un champion. Vous ne comprenez rien ? Rien de grave, on est l\u00e0 pour vous expliquer.\u00a0\",\"breadcrumb\":{\"@id\":\"https:\/\/dicodusport.fr\/blog\/edito-martin-fourcade-quand-champion-rime-avec-dimension\/#breadcrumb\"},\"inLanguage\":\"fr-FR\",\"potentialAction\":[{\"@type\":\"ReadAction\",\"target\":[\"https:\/\/dicodusport.fr\/blog\/edito-martin-fourcade-quand-champion-rime-avec-dimension\/\"]}]},{\"@type\":\"ImageObject\",\"inLanguage\":\"fr-FR\",\"@id\":\"https:\/\/dicodusport.fr\/blog\/edito-martin-fourcade-quand-champion-rime-avec-dimension\/#primaryimage\",\"url\":\"https:\/\/dicodusport.fr\/blog\/wp-content\/uploads\/2020\/03\/Edito-Martin-Fourcade-quand-champion-rime-avec-dimension.png\",\"contentUrl\":\"https:\/\/dicodusport.fr\/blog\/wp-content\/uploads\/2020\/03\/Edito-Martin-Fourcade-quand-champion-rime-avec-dimension.png\",\"width\":800,\"height\":445,\"caption\":\"Edito - Martin Fourcade, quand champion rime avec dimension\"},{\"@type\":\"BreadcrumbList\",\"@id\":\"https:\/\/dicodusport.fr\/blog\/edito-martin-fourcade-quand-champion-rime-avec-dimension\/#breadcrumb\",\"itemListElement\":[{\"@type\":\"ListItem\",\"position\":1,\"name\":\"Accueil\",\"item\":\"https:\/\/dicodusport.fr\/blog\/\"},{\"@type\":\"ListItem\",\"position\":2,\"name\":\"Edito : Martin Fourcade, quand champion rime avec dimension\"}]},{\"@type\":\"WebSite\",\"@id\":\"https:\/\/dicodusport.fr\/blog\/#website\",\"url\":\"https:\/\/dicodusport.fr\/blog\/\",\"name\":\"Dicodusport\",\"description\":\"L&#039;encyclop\u00e9die de l&#039;actualit\u00e9 sportive\",\"publisher\":{\"@id\":\"https:\/\/dicodusport.fr\/blog\/#organization\"},\"potentialAction\":[{\"@type\":\"SearchAction\",\"target\":{\"@type\":\"EntryPoint\",\"urlTemplate\":\"https:\/\/dicodusport.fr\/blog\/?s={search_term_string}\"},\"query-input\":{\"@type\":\"PropertyValueSpecification\",\"valueRequired\":true,\"valueName\":\"search_term_string\"}}],\"inLanguage\":\"fr-FR\"},{\"@type\":\"NewsMediaOrganization\",\"@id\":\"https:\/\/dicodusport.fr\/blog\/#organization\",\"name\":\"Dicodusport\",\"url\":\"https:\/\/dicodusport.fr\/blog\/\",\"logo\":{\"@type\":\"ImageObject\",\"inLanguage\":\"fr-FR\",\"@id\":\"https:\/\/dicodusport.fr\/blog\/#\/schema\/logo\/image\/\",\"url\":\"https:\/\/dicodusport.fr\/blog\/wp-content\/uploads\/2020\/06\/cropped-LOGO-DICODUSPORT-2020-SANS-FOND-SANS-TEXTE.png\",\"contentUrl\":\"https:\/\/dicodusport.fr\/blog\/wp-content\/uploads\/2020\/06\/cropped-LOGO-DICODUSPORT-2020-SANS-FOND-SANS-TEXTE.png\",\"width\":512,\"height\":512,\"caption\":\"Dicodusport\"},\"image\":{\"@id\":\"https:\/\/dicodusport.fr\/blog\/#\/schema\/logo\/image\/\"},\"sameAs\":[\"https:\/\/www.facebook.com\/dicodusport\",\"https:\/\/x.com\/dicodusport\",\"https:\/\/www.instagram.com\/dicodusport\/\",\"https:\/\/www.youtube.com\/channel\/UC7V2KZ5sd3htJivAbA4ZG3w\"],\"description\":\"Dicodusport est l'encyclop\u00e9die de l'actualit\u00e9 sportive.\",\"email\":\"bonjour@dicodusport.fr\",\"legalName\":\"DICODUSPORT\",\"foundingDate\":\"2018-01-14\",\"vatID\":\"FR71834470973\",\"taxID\":\"83447097300043\",\"numberOfEmployees\":{\"@type\":\"QuantitativeValue\",\"minValue\":\"1\",\"maxValue\":\"10\"}},{\"@type\":\"Person\",\"@id\":\"https:\/\/dicodusport.fr\/blog\/#\/schema\/person\/55dcb50ad410894e431ed812bbb70191\",\"name\":\"Nicolas Jacquemard\",\"image\":{\"@type\":\"ImageObject\",\"inLanguage\":\"fr-FR\",\"@id\":\"https:\/\/dicodusport.fr\/blog\/#\/schema\/person\/image\/\",\"url\":\"https:\/\/dicodusport.fr\/blog\/wp-content\/uploads\/2021\/05\/Nicolas-Jacquemard-150x150.jpeg\",\"contentUrl\":\"https:\/\/dicodusport.fr\/blog\/wp-content\/uploads\/2021\/05\/Nicolas-Jacquemard-150x150.jpeg\",\"caption\":\"Nicolas Jacquemard\"},\"description\":\"Passionn\u00e9 de sport et entrepreneur depuis mes 18 ans, la cr\u00e9ation de Dicodusport m'a sembl\u00e9 \u00e9vidente pour participer \u00e0 la m\u00e9diatisation d'un plus grand nombre de sports. Le chemin est long mais avec une \u00e9quipe des plus motiv\u00e9es et les Jeux Olympiques de Paris 2024 en point de mire, nous y arriverons ! Journaliste dans le monde du sport depuis plus de 5 ans, je traite aussi bien de football, de rugby, de biathlon que de cyclisme.\",\"sameAs\":[\"https:\/\/www.facebook.com\/dicodusport\",\"https:\/\/x.com\/https:\/\/twitter.com\/Nico_Jacquemard\"],\"url\":\"https:\/\/dicodusport.fr\/blog\/author\/dicodusport\/\"}]}<\/script>\n<!-- \/ Yoast SEO Premium plugin. -->","yoast_head_json":{"title":"Edito : Martin Fourcade, quand champion rime avec dimension","description":"Il y a champion et champion, deux notions bien distinctes qui n'ont rien \u00e0 voir l'une et l'autre. Martin Fourcade est un champion mais aussi un champion. Vous ne comprenez rien ? Rien de grave, on est l\u00e0 pour vous expliquer.\u00a0","robots":{"index":"index","follow":"follow","max-snippet":"max-snippet:-1","max-image-preview":"max-image-preview:large","max-video-preview":"max-video-preview:-1"},"canonical":"https:\/\/dicodusport.fr\/blog\/edito-martin-fourcade-quand-champion-rime-avec-dimension\/","og_locale":"fr_FR","og_type":"article","og_title":"Edito : Martin Fourcade, quand champion rime avec dimension","og_description":"Il y a champion et champion, deux notions bien distinctes qui n'ont rien \u00e0 voir l'une et l'autre. Martin Fourcade est un champion mais aussi un champion. Vous ne comprenez rien ? Rien de grave, on est l\u00e0 pour vous expliquer.\u00a0","og_url":"https:\/\/dicodusport.fr\/blog\/edito-martin-fourcade-quand-champion-rime-avec-dimension\/","og_site_name":"Dicodusport","article_publisher":"https:\/\/www.facebook.com\/dicodusport","article_author":"https:\/\/www.facebook.com\/dicodusport","article_published_time":"2020-03-18T07:47:37+00:00","article_modified_time":"2020-03-18T11:04:43+00:00","og_image":[{"width":800,"height":445,"url":"https:\/\/dicodusport.fr\/blog\/wp-content\/uploads\/2020\/03\/Edito-Martin-Fourcade-quand-champion-rime-avec-dimension.png","type":"image\/png"}],"author":"Nicolas Jacquemard","twitter_card":"summary_large_image","twitter_title":"Edito : Martin Fourcade, quand champion rime avec dimension","twitter_creator":"@https:\/\/twitter.com\/Nico_Jacquemard","twitter_site":"@dicodusport","schema":{"@context":"https:\/\/schema.org","@graph":[{"@type":"NewsArticle","@id":"https:\/\/dicodusport.fr\/blog\/edito-martin-fourcade-quand-champion-rime-avec-dimension\/#article","isPartOf":{"@id":"https:\/\/dicodusport.fr\/blog\/edito-martin-fourcade-quand-champion-rime-avec-dimension\/"},"author":{"name":"Nicolas Jacquemard","@id":"https:\/\/dicodusport.fr\/blog\/#\/schema\/person\/55dcb50ad410894e431ed812bbb70191"},"headline":"Edito : Martin Fourcade, quand champion rime avec dimension","datePublished":"2020-03-18T07:47:37+00:00","dateModified":"2020-03-18T11:04:43+00:00","mainEntityOfPage":{"@id":"https:\/\/dicodusport.fr\/blog\/edito-martin-fourcade-quand-champion-rime-avec-dimension\/"},"wordCount":517,"commentCount":0,"publisher":{"@id":"https:\/\/dicodusport.fr\/blog\/#organization"},"image":{"@id":"https:\/\/dicodusport.fr\/blog\/edito-martin-fourcade-quand-champion-rime-avec-dimension\/#primaryimage"},"thumbnailUrl":"https:\/\/dicodusport.fr\/blog\/wp-content\/uploads\/2020\/03\/Edito-Martin-Fourcade-quand-champion-rime-avec-dimension.png","keywords":["Biathlon","Fourcade","Martin Fourcade","sport"],"articleSection":["Biathlon","Edito"],"inLanguage":"fr-FR","potentialAction":[{"@type":"CommentAction","name":"Comment","target":["https:\/\/dicodusport.fr\/blog\/edito-martin-fourcade-quand-champion-rime-avec-dimension\/#respond"]}],"copyrightYear":"2020","copyrightHolder":{"@id":"https:\/\/dicodusport.fr\/blog\/#organization"}},{"@type":"WebPage","@id":"https:\/\/dicodusport.fr\/blog\/edito-martin-fourcade-quand-champion-rime-avec-dimension\/","url":"https:\/\/dicodusport.fr\/blog\/edito-martin-fourcade-quand-champion-rime-avec-dimension\/","name":"Edito : Martin Fourcade, quand champion rime avec dimension","isPartOf":{"@id":"https:\/\/dicodusport.fr\/blog\/#website"},"primaryImageOfPage":{"@id":"https:\/\/dicodusport.fr\/blog\/edito-martin-fourcade-quand-champion-rime-avec-dimension\/#primaryimage"},"image":{"@id":"https:\/\/dicodusport.fr\/blog\/edito-martin-fourcade-quand-champion-rime-avec-dimension\/#primaryimage"},"thumbnailUrl":"https:\/\/dicodusport.fr\/blog\/wp-content\/uploads\/2020\/03\/Edito-Martin-Fourcade-quand-champion-rime-avec-dimension.png","datePublished":"2020-03-18T07:47:37+00:00","dateModified":"2020-03-18T11:04:43+00:00","description":"Il y a champion et champion, deux notions bien distinctes qui n'ont rien \u00e0 voir l'une et l'autre. Martin Fourcade est un champion mais aussi un champion. Vous ne comprenez rien ? Rien de grave, on est l\u00e0 pour vous expliquer.\u00a0","breadcrumb":{"@id":"https:\/\/dicodusport.fr\/blog\/edito-martin-fourcade-quand-champion-rime-avec-dimension\/#breadcrumb"},"inLanguage":"fr-FR","potentialAction":[{"@type":"ReadAction","target":["https:\/\/dicodusport.fr\/blog\/edito-martin-fourcade-quand-champion-rime-avec-dimension\/"]}]},{"@type":"ImageObject","inLanguage":"fr-FR","@id":"https:\/\/dicodusport.fr\/blog\/edito-martin-fourcade-quand-champion-rime-avec-dimension\/#primaryimage","url":"https:\/\/dicodusport.fr\/blog\/wp-content\/uploads\/2020\/03\/Edito-Martin-Fourcade-quand-champion-rime-avec-dimension.png","contentUrl":"https:\/\/dicodusport.fr\/blog\/wp-content\/uploads\/2020\/03\/Edito-Martin-Fourcade-quand-champion-rime-avec-dimension.png","width":800,"height":445,"caption":"Edito - Martin Fourcade, quand champion rime avec dimension"},{"@type":"BreadcrumbList","@id":"https:\/\/dicodusport.fr\/blog\/edito-martin-fourcade-quand-champion-rime-avec-dimension\/#breadcrumb","itemListElement":[{"@type":"ListItem","position":1,"name":"Accueil","item":"https:\/\/dicodusport.fr\/blog\/"},{"@type":"ListItem","position":2,"name":"Edito : Martin Fourcade, quand champion rime avec dimension"}]},{"@type":"WebSite","@id":"https:\/\/dicodusport.fr\/blog\/#website","url":"https:\/\/dicodusport.fr\/blog\/","name":"Dicodusport","description":"L&#039;encyclop\u00e9die de l&#039;actualit\u00e9 sportive","publisher":{"@id":"https:\/\/dicodusport.fr\/blog\/#organization"},"potentialAction":[{"@type":"SearchAction","target":{"@type":"EntryPoint","urlTemplate":"https:\/\/dicodusport.fr\/blog\/?s={search_term_string}"},"query-input":{"@type":"PropertyValueSpecification","valueRequired":true,"valueName":"search_term_string"}}],"inLanguage":"fr-FR"},{"@type":"NewsMediaOrganization","@id":"https:\/\/dicodusport.fr\/blog\/#organization","name":"Dicodusport","url":"https:\/\/dicodusport.fr\/blog\/","logo":{"@type":"ImageObject","inLanguage":"fr-FR","@id":"https:\/\/dicodusport.fr\/blog\/#\/schema\/logo\/image\/","url":"https:\/\/dicodusport.fr\/blog\/wp-content\/uploads\/2020\/06\/cropped-LOGO-DICODUSPORT-2020-SANS-FOND-SANS-TEXTE.png","contentUrl":"https:\/\/dicodusport.fr\/blog\/wp-content\/uploads\/2020\/06\/cropped-LOGO-DICODUSPORT-2020-SANS-FOND-SANS-TEXTE.png","width":512,"height":512,"caption":"Dicodusport"},"image":{"@id":"https:\/\/dicodusport.fr\/blog\/#\/schema\/logo\/image\/"},"sameAs":["https:\/\/www.facebook.com\/dicodusport","https:\/\/x.com\/dicodusport","https:\/\/www.instagram.com\/dicodusport\/","https:\/\/www.youtube.com\/channel\/UC7V2KZ5sd3htJivAbA4ZG3w"],"description":"Dicodusport est l'encyclop\u00e9die de l'actualit\u00e9 sportive.","email":"bonjour@dicodusport.fr","legalName":"DICODUSPORT","foundingDate":"2018-01-14","vatID":"FR71834470973","taxID":"83447097300043","numberOfEmployees":{"@type":"QuantitativeValue","minValue":"1","maxValue":"10"}},{"@type":"Person","@id":"https:\/\/dicodusport.fr\/blog\/#\/schema\/person\/55dcb50ad410894e431ed812bbb70191","name":"Nicolas Jacquemard","image":{"@type":"ImageObject","inLanguage":"fr-FR","@id":"https:\/\/dicodusport.fr\/blog\/#\/schema\/person\/image\/","url":"https:\/\/dicodusport.fr\/blog\/wp-content\/uploads\/2021\/05\/Nicolas-Jacquemard-150x150.jpeg","contentUrl":"https:\/\/dicodusport.fr\/blog\/wp-content\/uploads\/2021\/05\/Nicolas-Jacquemard-150x150.jpeg","caption":"Nicolas Jacquemard"},"description":"Passionn\u00e9 de sport et entrepreneur depuis mes 18 ans, la cr\u00e9ation de Dicodusport m'a sembl\u00e9 \u00e9vidente pour participer \u00e0 la m\u00e9diatisation d'un plus grand nombre de sports. Le chemin est long mais avec une \u00e9quipe des plus motiv\u00e9es et les Jeux Olympiques de Paris 2024 en point de mire, nous y arriverons ! Journaliste dans le monde du sport depuis plus de 5 ans, je traite aussi bien de football, de rugby, de biathlon que de cyclisme.","sameAs":["https:\/\/www.facebook.com\/dicodusport","https:\/\/x.com\/https:\/\/twitter.com\/Nico_Jacquemard"],"url":"https:\/\/dicodusport.fr\/blog\/author\/dicodusport\/"}]}},"_links":{"self":[{"href":"https:\/\/dicodusport.fr\/blog\/wp-json\/wp\/v2\/posts\/63425","targetHints":{"allow":["GET"]}}],"collection":[{"href":"https:\/\/dicodusport.fr\/blog\/wp-json\/wp\/v2\/posts"}],"about":[{"href":"https:\/\/dicodusport.fr\/blog\/wp-json\/wp\/v2\/types\/post"}],"author":[{"embeddable":true,"href":"https:\/\/dicodusport.fr\/blog\/wp-json\/wp\/v2\/users\/1"}],"replies":[{"embeddable":true,"href":"https:\/\/dicodusport.fr\/blog\/wp-json\/wp\/v2\/comments?post=63425"}],"version-history":[{"count":0,"href":"https:\/\/dicodusport.fr\/blog\/wp-json\/wp\/v2\/posts\/63425\/revisions"}],"wp:featuredmedia":[{"embeddable":true,"href":"https:\/\/dicodusport.fr\/blog\/wp-json\/wp\/v2\/media\/63435"}],"wp:attachment":[{"href":"https:\/\/dicodusport.fr\/blog\/wp-json\/wp\/v2\/media?parent=63425"}],"wp:term":[{"taxonomy":"category","embeddable":true,"href":"https:\/\/dicodusport.fr\/blog\/wp-json\/wp\/v2\/categories?post=63425"},{"taxonomy":"post_tag","embeddable":true,"href":"https:\/\/dicodusport.fr\/blog\/wp-json\/wp\/v2\/tags?post=63425"}],"curies":[{"name":"wp","href":"https:\/\/api.w.org\/{rel}","templated":true}]}}