{"id":63426,"date":"2020-03-17T18:33:20","date_gmt":"2020-03-17T17:33:20","guid":{"rendered":"http:\/\/dicodusport.fr\/blog\/?p=63426&#038;preview=true&#038;preview_id=63426"},"modified":"2020-05-05T10:43:38","modified_gmt":"2020-05-05T08:43:38","slug":"rugby-coupe-du-monde-u20-annulee","status":"publish","type":"post","link":"https:\/\/dicodusport.fr\/blog\/rugby-coupe-du-monde-u20-annulee\/","title":{"rendered":"La Coupe du monde U20 annul\u00e9e"},"content":{"rendered":"<p style=\"text-align: justify;\"><strong><em>RUGBY &#8211; Nouveau coup dur pour le monde de l&rsquo;ovalie. Le championnat du monde U20 2020, pr\u00e9vu en Italie, a \u00e9t\u00e9 annul\u00e9 en raison de l&rsquo;\u00e9pid\u00e9mie de <a href=\"https:\/\/dicodusport.fr\/blog\/tag\/coronavirus\/\" target=\"_blank\" rel=\"noopener noreferrer\">Coronavirus<\/a>.\u00a0<\/em><\/strong><\/p>\n<p style=\"text-align: justify;\">La 13\u00e8me \u00e9dition du <strong>Mondial U20<\/strong>, pr\u00e9vue en Italie du 28 juin au 18 juillet, n&rsquo;aura pas lieu. C&rsquo;est le pr\u00e9sident de la <strong>F\u00e9d\u00e9ration Fran\u00e7aise de Rugby<\/strong>, <strong>Bernard Laporte<\/strong>, qui l&rsquo;a annonc\u00e9 dans les colonnes de <em><a href=\"https:\/\/www.sudouest.fr\/2020\/03\/17\/bernard-laporte-la-tournee-en-argentine-me-semble-compromise-7337777-773.php\" target=\"_blank\" rel=\"noopener noreferrer\">Sud-Ouest<\/a><\/em>. Doubles champions du monde en titre, les Bleuets ne pourront donc pas d\u00e9fendre leur titre.<\/p>\n<h3>La tourn\u00e9e en Argentine fortement menac\u00e9e<\/h3>\n<p style=\"text-align: justify;\">Par ailleurs, <strong>Bernard Laporte<\/strong> a \u00e9galement \u00e9voqu\u00e9 la tourn\u00e9e du <a href=\"https:\/\/dicodusport.fr\/blog\/tag\/xv-de-france\/\" target=\"_blank\" rel=\"noopener noreferrer\"><strong>XV de France<\/strong><\/a> en Argentine. Celle-ci est de plus en plus menac\u00e9e, mais l&rsquo;homme fort de la F\u00e9d\u00e9ration n&rsquo;a pas cach\u00e9 son pessimisme : <em>\u00ab La tourn\u00e9e me semble tr\u00e8s compromise. L\u2019annulation des tourn\u00e9es a \u00e9t\u00e9 envisag\u00e9e. Les f\u00e9d\u00e9rations de l\u2019h\u00e9misph\u00e8re sud commencent \u00e0 regarder avec leurs assurances le co\u00fbt des annulations. \u00bb\u00a0<\/em>Les Bleus doivent affronter les Pumas \u00e0 deux reprises cet \u00e9t\u00e9, les 4 et 11 juillet.<\/p>\n<p><strong><em>Dicodusport<br \/>\n<a href=\"https:\/\/www.facebook.com\/dicodusport\/\" target=\"_blank\" rel=\"noopener noreferrer\"><img loading=\"lazy\" decoding=\"async\" class=\"alignnone wp-image-2909\" src=\"http:\/\/dicodusport.fr\/blog\/wp-content\/uploads\/2017\/07\/logo-facebook-150x150.png\" alt=\"\" width=\"40\" height=\"40\" \/><\/a><a href=\"https:\/\/twitter.com\/dicodusport\" target=\"_blank\" rel=\"noopener noreferrer\"><img loading=\"lazy\" decoding=\"async\" class=\"alignnone wp-image-2908\" src=\"http:\/\/dicodusport.fr\/blog\/wp-content\/uploads\/2017\/07\/logo-twitter-150x150.png\" alt=\"\" width=\"39\" height=\"39\" \/><\/a><\/em><\/strong><\/p>\n","protected":false},"excerpt":{"rendered":"<p>RUGBY &#8211; Nouveau coup dur pour le monde de l&rsquo;ovalie. Le championnat du monde U20 2020, pr\u00e9vu en Italie, a \u00e9t\u00e9 annul\u00e9.<\/p>\n","protected":false},"author":4,"featured_media":63427,"comment_status":"open","ping_status":"closed","sticky":false,"template":"","format":"standard","meta":{"_acf_changed":false,"_daextam_enable_autolinks":"","footnotes":""},"categories":[10646,9129],"tags":[9827,5202,13],"class_list":["post-63426","post","type-post","status-publish","format-standard","has-post-thumbnail","hentry","category-coronavirus","category-rugby-a-xv","tag-coronavirus","tag-coupe-du-monde-u20","tag-rugby"],"acf":[],"yoast_head":"<!-- This site is optimized with the Yoast SEO Premium plugin v26.7 (Yoast SEO v26.7) - https:\/\/yoast.com\/wordpress\/plugins\/seo\/ -->\n<title>La Coupe du monde U20 annul\u00e9e<\/title>\n<meta name=\"description\" content=\"RUGBY - Nouveau coup dur pour le monde de l&#039;ovalie. Le championnat du monde U20 2020, pr\u00e9vu en Italie, a \u00e9t\u00e9 annul\u00e9 ce mardi.\" \/>\n<meta name=\"robots\" content=\"index, follow, max-snippet:-1, max-image-preview:large, max-video-preview:-1\" \/>\n<link rel=\"canonical\" href=\"https:\/\/dicodusport.fr\/blog\/rugby-coupe-du-monde-u20-annulee\/\" \/>\n<meta property=\"og:locale\" content=\"fr_FR\" \/>\n<meta property=\"og:type\" content=\"article\" \/>\n<meta property=\"og:title\" content=\"Rugby : la Coupe du monde U20 annul\u00e9e\" \/>\n<meta property=\"og:description\" content=\"RUGBY - Nouveau coup dur pour le monde de l&#039;ovalie. Le championnat du monde U20 2020, pr\u00e9vu en Italie, a \u00e9t\u00e9 annul\u00e9 ce mardi.\" \/>\n<meta property=\"og:url\" content=\"https:\/\/dicodusport.fr\/blog\/rugby-coupe-du-monde-u20-annulee\/\" \/>\n<meta property=\"og:site_name\" content=\"Dicodusport\" \/>\n<meta property=\"article:publisher\" content=\"https:\/\/www.facebook.com\/dicodusport\" \/>\n<meta property=\"article:author\" content=\"https:\/\/www.facebook.com\/florent.ostermann\" \/>\n<meta property=\"article:published_time\" content=\"2020-03-17T17:33:20+00:00\" \/>\n<meta property=\"article:modified_time\" content=\"2020-05-05T08:43:38+00:00\" \/>\n<meta property=\"og:image\" content=\"https:\/\/dicodusport.fr\/blog\/wp-content\/uploads\/2020\/03\/La-Coupe-du-monde-U20-annul\u00e9e.png\" \/>\n\t<meta property=\"og:image:width\" content=\"800\" \/>\n\t<meta property=\"og:image:height\" content=\"445\" \/>\n\t<meta property=\"og:image:type\" content=\"image\/png\" \/>\n<meta name=\"author\" content=\"Flo Ostermann\" \/>\n<meta name=\"twitter:card\" content=\"summary_large_image\" \/>\n<meta name=\"twitter:title\" content=\"Rugby : la Coupe du monde U20 annul\u00e9e\" \/>\n<meta name=\"twitter:creator\" content=\"@https:\/\/twitter.com\/FlOstermann\" \/>\n<meta name=\"twitter:site\" content=\"@dicodusport\" \/>\n<script type=\"application\/ld+json\" class=\"yoast-schema-graph\">{\"@context\":\"https:\/\/schema.org\",\"@graph\":[{\"@type\":\"NewsArticle\",\"@id\":\"https:\/\/dicodusport.fr\/blog\/rugby-coupe-du-monde-u20-annulee\/#article\",\"isPartOf\":{\"@id\":\"https:\/\/dicodusport.fr\/blog\/rugby-coupe-du-monde-u20-annulee\/\"},\"author\":{\"name\":\"Flo Ostermann\",\"@id\":\"https:\/\/dicodusport.fr\/blog\/#\/schema\/person\/cb02af4c173ce4a653b55e9baf388d4a\"},\"headline\":\"La Coupe du monde U20 annul\u00e9e\",\"datePublished\":\"2020-03-17T17:33:20+00:00\",\"dateModified\":\"2020-05-05T08:43:38+00:00\",\"mainEntityOfPage\":{\"@id\":\"https:\/\/dicodusport.fr\/blog\/rugby-coupe-du-monde-u20-annulee\/\"},\"wordCount\":195,\"commentCount\":0,\"publisher\":{\"@id\":\"https:\/\/dicodusport.fr\/blog\/#organization\"},\"image\":{\"@id\":\"https:\/\/dicodusport.fr\/blog\/rugby-coupe-du-monde-u20-annulee\/#primaryimage\"},\"thumbnailUrl\":\"https:\/\/dicodusport.fr\/blog\/wp-content\/uploads\/2020\/03\/La-Coupe-du-monde-U20-annul\u00e9e.png\",\"keywords\":[\"Coronavirus\",\"Coupe du monde U20\",\"Rugby\"],\"articleSection\":[\"Coronavirus\",\"Rugby \u00e0 XV\"],\"inLanguage\":\"fr-FR\",\"potentialAction\":[{\"@type\":\"CommentAction\",\"name\":\"Comment\",\"target\":[\"https:\/\/dicodusport.fr\/blog\/rugby-coupe-du-monde-u20-annulee\/#respond\"]}],\"copyrightYear\":\"2020\",\"copyrightHolder\":{\"@id\":\"https:\/\/dicodusport.fr\/blog\/#organization\"}},{\"@type\":\"WebPage\",\"@id\":\"https:\/\/dicodusport.fr\/blog\/rugby-coupe-du-monde-u20-annulee\/\",\"url\":\"https:\/\/dicodusport.fr\/blog\/rugby-coupe-du-monde-u20-annulee\/\",\"name\":\"La Coupe du monde U20 annul\u00e9e\",\"isPartOf\":{\"@id\":\"https:\/\/dicodusport.fr\/blog\/#website\"},\"primaryImageOfPage\":{\"@id\":\"https:\/\/dicodusport.fr\/blog\/rugby-coupe-du-monde-u20-annulee\/#primaryimage\"},\"image\":{\"@id\":\"https:\/\/dicodusport.fr\/blog\/rugby-coupe-du-monde-u20-annulee\/#primaryimage\"},\"thumbnailUrl\":\"https:\/\/dicodusport.fr\/blog\/wp-content\/uploads\/2020\/03\/La-Coupe-du-monde-U20-annul\u00e9e.png\",\"datePublished\":\"2020-03-17T17:33:20+00:00\",\"dateModified\":\"2020-05-05T08:43:38+00:00\",\"description\":\"RUGBY - Nouveau coup dur pour le monde de l'ovalie. Le championnat du monde U20 2020, pr\u00e9vu en Italie, a \u00e9t\u00e9 annul\u00e9 ce mardi.\",\"breadcrumb\":{\"@id\":\"https:\/\/dicodusport.fr\/blog\/rugby-coupe-du-monde-u20-annulee\/#breadcrumb\"},\"inLanguage\":\"fr-FR\",\"potentialAction\":[{\"@type\":\"ReadAction\",\"target\":[\"https:\/\/dicodusport.fr\/blog\/rugby-coupe-du-monde-u20-annulee\/\"]}]},{\"@type\":\"ImageObject\",\"inLanguage\":\"fr-FR\",\"@id\":\"https:\/\/dicodusport.fr\/blog\/rugby-coupe-du-monde-u20-annulee\/#primaryimage\",\"url\":\"https:\/\/dicodusport.fr\/blog\/wp-content\/uploads\/2020\/03\/La-Coupe-du-monde-U20-annul\u00e9e.png\",\"contentUrl\":\"https:\/\/dicodusport.fr\/blog\/wp-content\/uploads\/2020\/03\/La-Coupe-du-monde-U20-annul\u00e9e.png\",\"width\":800,\"height\":445,\"caption\":\"La Coupe du monde U20 annul\u00e9e\"},{\"@type\":\"BreadcrumbList\",\"@id\":\"https:\/\/dicodusport.fr\/blog\/rugby-coupe-du-monde-u20-annulee\/#breadcrumb\",\"itemListElement\":[{\"@type\":\"ListItem\",\"position\":1,\"name\":\"Accueil\",\"item\":\"https:\/\/dicodusport.fr\/blog\/\"},{\"@type\":\"ListItem\",\"position\":2,\"name\":\"La Coupe du monde U20 annul\u00e9e\"}]},{\"@type\":\"WebSite\",\"@id\":\"https:\/\/dicodusport.fr\/blog\/#website\",\"url\":\"https:\/\/dicodusport.fr\/blog\/\",\"name\":\"Dicodusport\",\"description\":\"L&#039;encyclop\u00e9die de l&#039;actualit\u00e9 sportive\",\"publisher\":{\"@id\":\"https:\/\/dicodusport.fr\/blog\/#organization\"},\"potentialAction\":[{\"@type\":\"SearchAction\",\"target\":{\"@type\":\"EntryPoint\",\"urlTemplate\":\"https:\/\/dicodusport.fr\/blog\/?s={search_term_string}\"},\"query-input\":{\"@type\":\"PropertyValueSpecification\",\"valueRequired\":true,\"valueName\":\"search_term_string\"}}],\"inLanguage\":\"fr-FR\"},{\"@type\":\"NewsMediaOrganization\",\"@id\":\"https:\/\/dicodusport.fr\/blog\/#organization\",\"name\":\"Dicodusport\",\"url\":\"https:\/\/dicodusport.fr\/blog\/\",\"logo\":{\"@type\":\"ImageObject\",\"inLanguage\":\"fr-FR\",\"@id\":\"https:\/\/dicodusport.fr\/blog\/#\/schema\/logo\/image\/\",\"url\":\"https:\/\/dicodusport.fr\/blog\/wp-content\/uploads\/2020\/06\/cropped-LOGO-DICODUSPORT-2020-SANS-FOND-SANS-TEXTE.png\",\"contentUrl\":\"https:\/\/dicodusport.fr\/blog\/wp-content\/uploads\/2020\/06\/cropped-LOGO-DICODUSPORT-2020-SANS-FOND-SANS-TEXTE.png\",\"width\":512,\"height\":512,\"caption\":\"Dicodusport\"},\"image\":{\"@id\":\"https:\/\/dicodusport.fr\/blog\/#\/schema\/logo\/image\/\"},\"sameAs\":[\"https:\/\/www.facebook.com\/dicodusport\",\"https:\/\/x.com\/dicodusport\",\"https:\/\/www.instagram.com\/dicodusport\/\",\"https:\/\/www.youtube.com\/channel\/UC7V2KZ5sd3htJivAbA4ZG3w\"],\"description\":\"Dicodusport est l'encyclop\u00e9die de l'actualit\u00e9 sportive.\",\"email\":\"bonjour@dicodusport.fr\",\"legalName\":\"DICODUSPORT\",\"foundingDate\":\"2018-01-14\",\"vatID\":\"FR71834470973\",\"taxID\":\"83447097300043\",\"numberOfEmployees\":{\"@type\":\"QuantitativeValue\",\"minValue\":\"1\",\"maxValue\":\"10\"}},{\"@type\":\"Person\",\"@id\":\"https:\/\/dicodusport.fr\/blog\/#\/schema\/person\/cb02af4c173ce4a653b55e9baf388d4a\",\"name\":\"Flo Ostermann\",\"image\":{\"@type\":\"ImageObject\",\"inLanguage\":\"fr-FR\",\"@id\":\"https:\/\/dicodusport.fr\/blog\/#\/schema\/person\/image\/\",\"url\":\"https:\/\/dicodusport.fr\/blog\/wp-content\/uploads\/2021\/05\/Flo-Ostermann-150x150.jpg\",\"contentUrl\":\"https:\/\/dicodusport.fr\/blog\/wp-content\/uploads\/2021\/05\/Flo-Ostermann-150x150.jpg\",\"caption\":\"Flo Ostermann\"},\"description\":\"Journaliste\/R\u00e9dacteur depuis septembre 2015 - Mes premiers souvenirs dans le sport ? Les envol\u00e9es du Stade Toulousain et les duels Villeneuve-Schumacher et H\u00e4kkinen-Schumacher \u00e0 la fin des ann\u00e9es 90, la Coupe du monde de football en 1998, l\u2019exploit du XV de France face aux All Blacks en 1999, mais aussi Richard C\u0153ur de Lion qui vole sur les montagnes du Tour de France. Bien parti pour devenir professeur d\u2019EPS, les \u00e9v\u00e9nements de la vie (et la flemme d\u2019animer des s\u00e9ances de 3x500 m\u00e8tres toute ma vie) m\u2019ont conduit \u00e0 revoir mes plans. Me voil\u00e0 depuis fin 2017 sur Dicodusport, m\u00e9dia gr\u00e2ce (et pour) lequel je partage ma passion : le sport dans tous ses \u00e9tats. Le tout accompagn\u00e9 par les fous furieux et folles furieuses cit\u00e9s sur cette page !\",\"sameAs\":[\"https:\/\/www.facebook.com\/florent.ostermann\",\"https:\/\/x.com\/https:\/\/twitter.com\/FlOstermann\",\"admin\"],\"url\":\"https:\/\/dicodusport.fr\/blog\/author\/flo\/\"}]}<\/script>\n<!-- \/ Yoast SEO Premium plugin. -->","yoast_head_json":{"title":"La Coupe du monde U20 annul\u00e9e","description":"RUGBY - Nouveau coup dur pour le monde de l'ovalie. Le championnat du monde U20 2020, pr\u00e9vu en Italie, a \u00e9t\u00e9 annul\u00e9 ce mardi.","robots":{"index":"index","follow":"follow","max-snippet":"max-snippet:-1","max-image-preview":"max-image-preview:large","max-video-preview":"max-video-preview:-1"},"canonical":"https:\/\/dicodusport.fr\/blog\/rugby-coupe-du-monde-u20-annulee\/","og_locale":"fr_FR","og_type":"article","og_title":"Rugby : la Coupe du monde U20 annul\u00e9e","og_description":"RUGBY - Nouveau coup dur pour le monde de l'ovalie. Le championnat du monde U20 2020, pr\u00e9vu en Italie, a \u00e9t\u00e9 annul\u00e9 ce mardi.","og_url":"https:\/\/dicodusport.fr\/blog\/rugby-coupe-du-monde-u20-annulee\/","og_site_name":"Dicodusport","article_publisher":"https:\/\/www.facebook.com\/dicodusport","article_author":"https:\/\/www.facebook.com\/florent.ostermann","article_published_time":"2020-03-17T17:33:20+00:00","article_modified_time":"2020-05-05T08:43:38+00:00","og_image":[{"width":800,"height":445,"url":"https:\/\/dicodusport.fr\/blog\/wp-content\/uploads\/2020\/03\/La-Coupe-du-monde-U20-annul\u00e9e.png","type":"image\/png"}],"author":"Flo Ostermann","twitter_card":"summary_large_image","twitter_title":"Rugby : la Coupe du monde U20 annul\u00e9e","twitter_creator":"@https:\/\/twitter.com\/FlOstermann","twitter_site":"@dicodusport","schema":{"@context":"https:\/\/schema.org","@graph":[{"@type":"NewsArticle","@id":"https:\/\/dicodusport.fr\/blog\/rugby-coupe-du-monde-u20-annulee\/#article","isPartOf":{"@id":"https:\/\/dicodusport.fr\/blog\/rugby-coupe-du-monde-u20-annulee\/"},"author":{"name":"Flo Ostermann","@id":"https:\/\/dicodusport.fr\/blog\/#\/schema\/person\/cb02af4c173ce4a653b55e9baf388d4a"},"headline":"La Coupe du monde U20 annul\u00e9e","datePublished":"2020-03-17T17:33:20+00:00","dateModified":"2020-05-05T08:43:38+00:00","mainEntityOfPage":{"@id":"https:\/\/dicodusport.fr\/blog\/rugby-coupe-du-monde-u20-annulee\/"},"wordCount":195,"commentCount":0,"publisher":{"@id":"https:\/\/dicodusport.fr\/blog\/#organization"},"image":{"@id":"https:\/\/dicodusport.fr\/blog\/rugby-coupe-du-monde-u20-annulee\/#primaryimage"},"thumbnailUrl":"https:\/\/dicodusport.fr\/blog\/wp-content\/uploads\/2020\/03\/La-Coupe-du-monde-U20-annul\u00e9e.png","keywords":["Coronavirus","Coupe du monde U20","Rugby"],"articleSection":["Coronavirus","Rugby \u00e0 XV"],"inLanguage":"fr-FR","potentialAction":[{"@type":"CommentAction","name":"Comment","target":["https:\/\/dicodusport.fr\/blog\/rugby-coupe-du-monde-u20-annulee\/#respond"]}],"copyrightYear":"2020","copyrightHolder":{"@id":"https:\/\/dicodusport.fr\/blog\/#organization"}},{"@type":"WebPage","@id":"https:\/\/dicodusport.fr\/blog\/rugby-coupe-du-monde-u20-annulee\/","url":"https:\/\/dicodusport.fr\/blog\/rugby-coupe-du-monde-u20-annulee\/","name":"La Coupe du monde U20 annul\u00e9e","isPartOf":{"@id":"https:\/\/dicodusport.fr\/blog\/#website"},"primaryImageOfPage":{"@id":"https:\/\/dicodusport.fr\/blog\/rugby-coupe-du-monde-u20-annulee\/#primaryimage"},"image":{"@id":"https:\/\/dicodusport.fr\/blog\/rugby-coupe-du-monde-u20-annulee\/#primaryimage"},"thumbnailUrl":"https:\/\/dicodusport.fr\/blog\/wp-content\/uploads\/2020\/03\/La-Coupe-du-monde-U20-annul\u00e9e.png","datePublished":"2020-03-17T17:33:20+00:00","dateModified":"2020-05-05T08:43:38+00:00","description":"RUGBY - Nouveau coup dur pour le monde de l'ovalie. Le championnat du monde U20 2020, pr\u00e9vu en Italie, a \u00e9t\u00e9 annul\u00e9 ce mardi.","breadcrumb":{"@id":"https:\/\/dicodusport.fr\/blog\/rugby-coupe-du-monde-u20-annulee\/#breadcrumb"},"inLanguage":"fr-FR","potentialAction":[{"@type":"ReadAction","target":["https:\/\/dicodusport.fr\/blog\/rugby-coupe-du-monde-u20-annulee\/"]}]},{"@type":"ImageObject","inLanguage":"fr-FR","@id":"https:\/\/dicodusport.fr\/blog\/rugby-coupe-du-monde-u20-annulee\/#primaryimage","url":"https:\/\/dicodusport.fr\/blog\/wp-content\/uploads\/2020\/03\/La-Coupe-du-monde-U20-annul\u00e9e.png","contentUrl":"https:\/\/dicodusport.fr\/blog\/wp-content\/uploads\/2020\/03\/La-Coupe-du-monde-U20-annul\u00e9e.png","width":800,"height":445,"caption":"La Coupe du monde U20 annul\u00e9e"},{"@type":"BreadcrumbList","@id":"https:\/\/dicodusport.fr\/blog\/rugby-coupe-du-monde-u20-annulee\/#breadcrumb","itemListElement":[{"@type":"ListItem","position":1,"name":"Accueil","item":"https:\/\/dicodusport.fr\/blog\/"},{"@type":"ListItem","position":2,"name":"La Coupe du monde U20 annul\u00e9e"}]},{"@type":"WebSite","@id":"https:\/\/dicodusport.fr\/blog\/#website","url":"https:\/\/dicodusport.fr\/blog\/","name":"Dicodusport","description":"L&#039;encyclop\u00e9die de l&#039;actualit\u00e9 sportive","publisher":{"@id":"https:\/\/dicodusport.fr\/blog\/#organization"},"potentialAction":[{"@type":"SearchAction","target":{"@type":"EntryPoint","urlTemplate":"https:\/\/dicodusport.fr\/blog\/?s={search_term_string}"},"query-input":{"@type":"PropertyValueSpecification","valueRequired":true,"valueName":"search_term_string"}}],"inLanguage":"fr-FR"},{"@type":"NewsMediaOrganization","@id":"https:\/\/dicodusport.fr\/blog\/#organization","name":"Dicodusport","url":"https:\/\/dicodusport.fr\/blog\/","logo":{"@type":"ImageObject","inLanguage":"fr-FR","@id":"https:\/\/dicodusport.fr\/blog\/#\/schema\/logo\/image\/","url":"https:\/\/dicodusport.fr\/blog\/wp-content\/uploads\/2020\/06\/cropped-LOGO-DICODUSPORT-2020-SANS-FOND-SANS-TEXTE.png","contentUrl":"https:\/\/dicodusport.fr\/blog\/wp-content\/uploads\/2020\/06\/cropped-LOGO-DICODUSPORT-2020-SANS-FOND-SANS-TEXTE.png","width":512,"height":512,"caption":"Dicodusport"},"image":{"@id":"https:\/\/dicodusport.fr\/blog\/#\/schema\/logo\/image\/"},"sameAs":["https:\/\/www.facebook.com\/dicodusport","https:\/\/x.com\/dicodusport","https:\/\/www.instagram.com\/dicodusport\/","https:\/\/www.youtube.com\/channel\/UC7V2KZ5sd3htJivAbA4ZG3w"],"description":"Dicodusport est l'encyclop\u00e9die de l'actualit\u00e9 sportive.","email":"bonjour@dicodusport.fr","legalName":"DICODUSPORT","foundingDate":"2018-01-14","vatID":"FR71834470973","taxID":"83447097300043","numberOfEmployees":{"@type":"QuantitativeValue","minValue":"1","maxValue":"10"}},{"@type":"Person","@id":"https:\/\/dicodusport.fr\/blog\/#\/schema\/person\/cb02af4c173ce4a653b55e9baf388d4a","name":"Flo Ostermann","image":{"@type":"ImageObject","inLanguage":"fr-FR","@id":"https:\/\/dicodusport.fr\/blog\/#\/schema\/person\/image\/","url":"https:\/\/dicodusport.fr\/blog\/wp-content\/uploads\/2021\/05\/Flo-Ostermann-150x150.jpg","contentUrl":"https:\/\/dicodusport.fr\/blog\/wp-content\/uploads\/2021\/05\/Flo-Ostermann-150x150.jpg","caption":"Flo Ostermann"},"description":"Journaliste\/R\u00e9dacteur depuis septembre 2015 - Mes premiers souvenirs dans le sport ? Les envol\u00e9es du Stade Toulousain et les duels Villeneuve-Schumacher et H\u00e4kkinen-Schumacher \u00e0 la fin des ann\u00e9es 90, la Coupe du monde de football en 1998, l\u2019exploit du XV de France face aux All Blacks en 1999, mais aussi Richard C\u0153ur de Lion qui vole sur les montagnes du Tour de France. Bien parti pour devenir professeur d\u2019EPS, les \u00e9v\u00e9nements de la vie (et la flemme d\u2019animer des s\u00e9ances de 3x500 m\u00e8tres toute ma vie) m\u2019ont conduit \u00e0 revoir mes plans. Me voil\u00e0 depuis fin 2017 sur Dicodusport, m\u00e9dia gr\u00e2ce (et pour) lequel je partage ma passion : le sport dans tous ses \u00e9tats. Le tout accompagn\u00e9 par les fous furieux et folles furieuses cit\u00e9s sur cette page !","sameAs":["https:\/\/www.facebook.com\/florent.ostermann","https:\/\/x.com\/https:\/\/twitter.com\/FlOstermann","admin"],"url":"https:\/\/dicodusport.fr\/blog\/author\/flo\/"}]}},"_links":{"self":[{"href":"https:\/\/dicodusport.fr\/blog\/wp-json\/wp\/v2\/posts\/63426","targetHints":{"allow":["GET"]}}],"collection":[{"href":"https:\/\/dicodusport.fr\/blog\/wp-json\/wp\/v2\/posts"}],"about":[{"href":"https:\/\/dicodusport.fr\/blog\/wp-json\/wp\/v2\/types\/post"}],"author":[{"embeddable":true,"href":"https:\/\/dicodusport.fr\/blog\/wp-json\/wp\/v2\/users\/4"}],"replies":[{"embeddable":true,"href":"https:\/\/dicodusport.fr\/blog\/wp-json\/wp\/v2\/comments?post=63426"}],"version-history":[{"count":0,"href":"https:\/\/dicodusport.fr\/blog\/wp-json\/wp\/v2\/posts\/63426\/revisions"}],"wp:featuredmedia":[{"embeddable":true,"href":"https:\/\/dicodusport.fr\/blog\/wp-json\/wp\/v2\/media\/63427"}],"wp:attachment":[{"href":"https:\/\/dicodusport.fr\/blog\/wp-json\/wp\/v2\/media?parent=63426"}],"wp:term":[{"taxonomy":"category","embeddable":true,"href":"https:\/\/dicodusport.fr\/blog\/wp-json\/wp\/v2\/categories?post=63426"},{"taxonomy":"post_tag","embeddable":true,"href":"https:\/\/dicodusport.fr\/blog\/wp-json\/wp\/v2\/tags?post=63426"}],"curies":[{"name":"wp","href":"https:\/\/api.w.org\/{rel}","templated":true}]}}