{"id":634268,"date":"2025-12-23T15:15:19","date_gmt":"2025-12-23T14:15:19","guid":{"rendered":"https:\/\/dicodusport.fr\/blog\/?p=634268&#038;preview=true&#038;preview_id=634268"},"modified":"2025-12-23T15:15:19","modified_gmt":"2025-12-23T14:15:19","slug":"amandine-fouquenet-simpose-pour-la-premiere-fois-en-superprestige-a-heusden-zolder","status":"publish","type":"post","link":"https:\/\/dicodusport.fr\/blog\/amandine-fouquenet-simpose-pour-la-premiere-fois-en-superprestige-a-heusden-zolder\/","title":{"rendered":"Amandine Fouquenet s&rsquo;impose pour la premi\u00e8re fois en Superprestige \u00e0 Heusden-Zolder !"},"content":{"rendered":"<p style=\"text-align: justify;\"><strong><em>SUPERPRESTIGE 2025\/2026 &#8211; Amandine Fouquenet a remport\u00e9 sa plus grande victoire en cyclo-cross en s&rsquo;imposant \u00e0 <span class=\"css-1jxf684 r-bcqeeo r-1ttztb7 r-qvutc0 r-poiln3\">Heusden-Zolder.<\/span><\/em><\/strong><\/p>\n<p style=\"text-align: justify;\"><strong>Amandine Fouquenet<\/strong> a franchi un cap cette saison. R\u00e9cemment, elle est devenue la premi\u00e8re Fran\u00e7aise \u00e0 monter sur le podium d&rsquo;une manche de Coupe du monde de cyclo-cross depuis une certaine <strong>Pauline Ferrand-Pr\u00e9vot<\/strong>, lors de la manche de Flamanville. Une performance qu&rsquo;elle a depuis r\u00e9it\u00e9r\u00e9e <a href=\"https:\/\/dicodusport.fr\/blog\/nouveau-podium-pour-amandine-fouquenet-a-namur-lucinda-brand-sur-une-autre-planete\/\">\u00e0 Namur<\/a>.<\/p>\n<div class=\"vlp-link-container vlp-layout-article\"><a href=\"https:\/\/dicodusport.fr\/blog\/sensation-a-flamanville-amandine-fouquenet-sur-le-podium-le-premier-pour-une-francaise-en-coupe-du-monde-de-cyclo-cross-depuis-2018\/\" class=\"vlp-link\" title=\"Sensation \u00e0 Flamanville : Amandine Fouquenet sur le podium, le premier pour une Fran\u00e7aise en Coupe du monde de cyclo-cross depuis 2018 !\"><\/a><div class=\"vlp-layout-zone-side\"><div class=\"vlp-block-4 vlp-link-image\"><img loading=\"lazy\" decoding=\"async\" style=\"max-width: 792px;\" width=\"792\" height=\"445\" src=\"https:\/\/dicodusport.fr\/blog\/wp-content\/uploads\/2025\/11\/Sensation-a-Flamanville-Amandine-Fouquenet-sur-le-podium-le-premier-pour-une-Francaise-en-Coupe-du-monde-de-cyclo-cross-depuis-2018-1.png\" class=\"attachment-800x445 size-800x445\" alt=\"Sensation \u00e0 Flamanville Amandine Fouquenet sur le podium, le premier pour une Fran\u00e7aise en Coupe du monde de cyclo-cross depuis 2018 ! (1)\" srcset=\"https:\/\/dicodusport.fr\/blog\/wp-content\/uploads\/2025\/11\/Sensation-a-Flamanville-Amandine-Fouquenet-sur-le-podium-le-premier-pour-une-Francaise-en-Coupe-du-monde-de-cyclo-cross-depuis-2018-1.png 1200w, https:\/\/dicodusport.fr\/blog\/wp-content\/uploads\/2025\/11\/Sensation-a-Flamanville-Amandine-Fouquenet-sur-le-podium-le-premier-pour-une-Francaise-en-Coupe-du-monde-de-cyclo-cross-depuis-2018-1-300x169.png 300w, https:\/\/dicodusport.fr\/blog\/wp-content\/uploads\/2025\/11\/Sensation-a-Flamanville-Amandine-Fouquenet-sur-le-podium-le-premier-pour-une-Francaise-en-Coupe-du-monde-de-cyclo-cross-depuis-2018-1-1024x575.png 1024w, https:\/\/dicodusport.fr\/blog\/wp-content\/uploads\/2025\/11\/Sensation-a-Flamanville-Amandine-Fouquenet-sur-le-podium-le-premier-pour-une-Francaise-en-Coupe-du-monde-de-cyclo-cross-depuis-2018-1-768x431.png 768w\" sizes=\"auto, (max-width: 792px) 100vw, 792px\" \/><\/div><\/div><div class=\"vlp-layout-zone-main\"><div class=\"vlp-block-0 vlp-link-title\">Sensation \u00e0 Flamanville : Amandine Fouquenet sur le podium, le premier pour une Fran\u00e7aise en Coupe du monde de cyclo-cross depuis 2018 !<\/div><div class=\"vlp-block-1 vlp-link-summary\">Lors de la deuxi\u00e8me manche de la Coupe du monde, Amandine Fouquenet signe un magnifique podium \u00e0 domicile, juste derri\u00e8re l'intouchable N\u00e9erlandaise Aniek van Alphen (Seven Racing).<\/div><div class=\"vlp-block-2 vlp-link-button\">Lire l'article<\/div><div class=\"vlp-block-3 vlp-link-url\">dicodusport.fr<\/div><\/div><\/div>\n<h2 style=\"text-align: justify;\">Grande premi\u00e8re pour Fouquenet<\/h2>\n<p style=\"text-align: justify;\">Une magnifique forme qui devait d\u00e9boucher sur une victoire. Difficile de s&rsquo;imposer en Coupe du monde, avec une concurrence ac\u00e9r\u00e9e, et une<strong> Lucinda Brand<\/strong> tr\u00e8s difficile \u00e0 man\u0153uvrer. Mais sur le tr\u00e8s c\u00f4t\u00e9 Superprestige, en l&rsquo;absence de la N\u00e9erlandaise, elle avait une carte \u00e0 jouer, malgr\u00e9 la pr\u00e9sence de quelques clientes comme la championne d&rsquo;Europe<strong> Inge van der Heijden<\/strong>, ou encore <strong>Marion Norbert Riberolle<\/strong>.<\/p>\n<blockquote class=\"twitter-tweet\">\n<p dir=\"ltr\" lang=\"fr\">\ud83e\udd2f LA VICTOIRE D&rsquo;AMANDINE FOUQUENET \u00c0 ZOLDER ! La championne de France remporte le premi\u00e8re \u00e9preuve Superprestige de sa carri\u00e8re ! <a href=\"https:\/\/t.co\/361YB8M87v\">pic.twitter.com\/361YB8M87v<\/a><\/p>\n<p>\u2014 Eurosport France (@Eurosport_FR) <a href=\"https:\/\/twitter.com\/Eurosport_FR\/status\/2003465137466790162?ref_src=twsrc%5Etfw\">December 23, 2025<\/a><\/p><\/blockquote>\n<p style=\"text-align: justify;\"><script async src=\"https:\/\/platform.twitter.com\/widgets.js\" charset=\"utf-8\"><\/script><br \/>\nMais la Fran\u00e7aise a fini par trouver l&rsquo;ouverture. \u00c0 la lutte avec <strong>Blanka Vas<\/strong> et <strong>Aniek van Alphen<\/strong>, elle a fini par l\u00e2cher en fin de course ses deux rivales, et s&rsquo;est impos\u00e9e avec 8 secondes d&rsquo;avance sur la Hongroise et la N\u00e9erlandaise. Une victoire qui vient r\u00e9compenser la progression d&rsquo;<strong>Amandine Fouquenet<\/strong>, qui s&rsquo;impose pour la premi\u00e8re fois de sa carri\u00e8re sur une \u00e9preuve de niveau international. Et qui vient succ\u00e9der encore une fois \u00e0&#8230; <strong>Pauline Ferrand-Pr\u00e9vot<\/strong>, seule Fran\u00e7aise laur\u00e9ate \u00e0 ce niveau en 2017. De quoi enfin lui assurer un contrat pour 2026 ?<\/p>\n","protected":false},"excerpt":{"rendered":"<p>SUPERPRESTIGE 2025\/2026 &#8211; Amandine Fouquenet a remport\u00e9 sa plus grande victoire en cyclo-cross en s&rsquo;imposant \u00e0 Heusden-Zolder.<\/p>\n","protected":false},"author":59,"featured_media":634270,"comment_status":"open","ping_status":"closed","sticky":false,"template":"","format":"standard","meta":{"_acf_changed":false,"_daextam_enable_autolinks":"1","footnotes":""},"categories":[9611],"tags":[16878,6666],"class_list":["post-634268","post","type-post","status-publish","format-standard","has-post-thumbnail","hentry","category-cyclo-cross","tag-breve","tag-cyclo-cross"],"acf":[],"yoast_head":"<!-- This site is optimized with the Yoast SEO Premium plugin v26.7 (Yoast SEO v26.7) - https:\/\/yoast.com\/wordpress\/plugins\/seo\/ -->\n<title>Amandine Fouquenet s&#039;impose pour la premi\u00e8re fois en Superprestige \u00e0 Heusden-Zolder !<\/title>\n<meta name=\"description\" content=\"SUPERPRESTIGE 2025\/2026 - Amandine Fouquenet a remport\u00e9 sa plus grande victoire en cyclo-cross en s&#039;imposant \u00e0 Heusden-Zolder.\" \/>\n<meta name=\"robots\" content=\"index, follow, max-snippet:-1, max-image-preview:large, max-video-preview:-1\" \/>\n<link rel=\"canonical\" href=\"https:\/\/dicodusport.fr\/blog\/amandine-fouquenet-simpose-pour-la-premiere-fois-en-superprestige-a-heusden-zolder\/\" \/>\n<meta property=\"og:locale\" content=\"fr_FR\" \/>\n<meta property=\"og:type\" content=\"article\" \/>\n<meta property=\"og:title\" content=\"Amandine Fouquenet s&#039;impose pour la premi\u00e8re fois en Superprestige \u00e0 Heusden-Zolder !\" \/>\n<meta property=\"og:description\" content=\"SUPERPRESTIGE 2025\/2026 - Amandine Fouquenet a remport\u00e9 sa plus grande victoire en cyclo-cross en s&#039;imposant \u00e0 Heusden-Zolder.\" \/>\n<meta property=\"og:url\" content=\"https:\/\/dicodusport.fr\/blog\/amandine-fouquenet-simpose-pour-la-premiere-fois-en-superprestige-a-heusden-zolder\/\" \/>\n<meta property=\"og:site_name\" content=\"Dicodusport\" \/>\n<meta property=\"article:publisher\" content=\"https:\/\/www.facebook.com\/dicodusport\" \/>\n<meta property=\"article:author\" content=\"https:\/\/www.facebook.com\/sebastien.gente\/\" \/>\n<meta property=\"article:published_time\" content=\"2025-12-23T14:15:19+00:00\" \/>\n<meta property=\"og:image\" content=\"https:\/\/dicodusport.fr\/blog\/wp-content\/uploads\/2025\/12\/Amandine-Fouquenet-simpose-pour-la-premiere-fois-en-Superprestige-a-Heusden-Zolder-.png\" \/>\n\t<meta property=\"og:image:width\" content=\"1200\" \/>\n\t<meta property=\"og:image:height\" content=\"674\" \/>\n\t<meta property=\"og:image:type\" content=\"image\/png\" \/>\n<meta name=\"author\" content=\"S\u00e9bastien Gente\" \/>\n<meta name=\"twitter:card\" content=\"summary_large_image\" \/>\n<meta name=\"twitter:title\" content=\"Amandine Fouquenet s&#039;impose pour la premi\u00e8re fois en Superprestige \u00e0 Heusden-Zolder !\" \/>\n<meta name=\"twitter:creator\" content=\"@https:\/\/twitter.com\/globulo24\" \/>\n<meta name=\"twitter:site\" content=\"@dicodusport\" \/>\n<script type=\"application\/ld+json\" class=\"yoast-schema-graph\">{\"@context\":\"https:\/\/schema.org\",\"@graph\":[{\"@type\":\"NewsArticle\",\"@id\":\"https:\/\/dicodusport.fr\/blog\/amandine-fouquenet-simpose-pour-la-premiere-fois-en-superprestige-a-heusden-zolder\/#article\",\"isPartOf\":{\"@id\":\"https:\/\/dicodusport.fr\/blog\/amandine-fouquenet-simpose-pour-la-premiere-fois-en-superprestige-a-heusden-zolder\/\"},\"author\":{\"name\":\"S\u00e9bastien Gente\",\"@id\":\"https:\/\/dicodusport.fr\/blog\/#\/schema\/person\/627966a6cde45dbd8c5e36ac85d783da\"},\"headline\":\"Amandine Fouquenet s&rsquo;impose pour la premi\u00e8re fois en Superprestige \u00e0 Heusden-Zolder !\",\"datePublished\":\"2025-12-23T14:15:19+00:00\",\"mainEntityOfPage\":{\"@id\":\"https:\/\/dicodusport.fr\/blog\/amandine-fouquenet-simpose-pour-la-premiere-fois-en-superprestige-a-heusden-zolder\/\"},\"wordCount\":412,\"commentCount\":0,\"publisher\":{\"@id\":\"https:\/\/dicodusport.fr\/blog\/#organization\"},\"image\":{\"@id\":\"https:\/\/dicodusport.fr\/blog\/amandine-fouquenet-simpose-pour-la-premiere-fois-en-superprestige-a-heusden-zolder\/#primaryimage\"},\"thumbnailUrl\":\"https:\/\/dicodusport.fr\/blog\/wp-content\/uploads\/2025\/12\/Amandine-Fouquenet-simpose-pour-la-premiere-fois-en-Superprestige-a-Heusden-Zolder-.png\",\"keywords\":[\"br\u00e8ve\",\"Cyclo-cross\"],\"articleSection\":[\"Cyclo-cross\"],\"inLanguage\":\"fr-FR\",\"potentialAction\":[{\"@type\":\"CommentAction\",\"name\":\"Comment\",\"target\":[\"https:\/\/dicodusport.fr\/blog\/amandine-fouquenet-simpose-pour-la-premiere-fois-en-superprestige-a-heusden-zolder\/#respond\"]}],\"copyrightYear\":\"2025\",\"copyrightHolder\":{\"@id\":\"https:\/\/dicodusport.fr\/blog\/#organization\"}},{\"@type\":\"WebPage\",\"@id\":\"https:\/\/dicodusport.fr\/blog\/amandine-fouquenet-simpose-pour-la-premiere-fois-en-superprestige-a-heusden-zolder\/\",\"url\":\"https:\/\/dicodusport.fr\/blog\/amandine-fouquenet-simpose-pour-la-premiere-fois-en-superprestige-a-heusden-zolder\/\",\"name\":\"Amandine Fouquenet s'impose pour la premi\u00e8re fois en Superprestige \u00e0 Heusden-Zolder !\",\"isPartOf\":{\"@id\":\"https:\/\/dicodusport.fr\/blog\/#website\"},\"primaryImageOfPage\":{\"@id\":\"https:\/\/dicodusport.fr\/blog\/amandine-fouquenet-simpose-pour-la-premiere-fois-en-superprestige-a-heusden-zolder\/#primaryimage\"},\"image\":{\"@id\":\"https:\/\/dicodusport.fr\/blog\/amandine-fouquenet-simpose-pour-la-premiere-fois-en-superprestige-a-heusden-zolder\/#primaryimage\"},\"thumbnailUrl\":\"https:\/\/dicodusport.fr\/blog\/wp-content\/uploads\/2025\/12\/Amandine-Fouquenet-simpose-pour-la-premiere-fois-en-Superprestige-a-Heusden-Zolder-.png\",\"datePublished\":\"2025-12-23T14:15:19+00:00\",\"description\":\"SUPERPRESTIGE 2025\/2026 - Amandine Fouquenet a remport\u00e9 sa plus grande victoire en cyclo-cross en s'imposant \u00e0 Heusden-Zolder.\",\"breadcrumb\":{\"@id\":\"https:\/\/dicodusport.fr\/blog\/amandine-fouquenet-simpose-pour-la-premiere-fois-en-superprestige-a-heusden-zolder\/#breadcrumb\"},\"inLanguage\":\"fr-FR\",\"potentialAction\":[{\"@type\":\"ReadAction\",\"target\":[\"https:\/\/dicodusport.fr\/blog\/amandine-fouquenet-simpose-pour-la-premiere-fois-en-superprestige-a-heusden-zolder\/\"]}]},{\"@type\":\"ImageObject\",\"inLanguage\":\"fr-FR\",\"@id\":\"https:\/\/dicodusport.fr\/blog\/amandine-fouquenet-simpose-pour-la-premiere-fois-en-superprestige-a-heusden-zolder\/#primaryimage\",\"url\":\"https:\/\/dicodusport.fr\/blog\/wp-content\/uploads\/2025\/12\/Amandine-Fouquenet-simpose-pour-la-premiere-fois-en-Superprestige-a-Heusden-Zolder-.png\",\"contentUrl\":\"https:\/\/dicodusport.fr\/blog\/wp-content\/uploads\/2025\/12\/Amandine-Fouquenet-simpose-pour-la-premiere-fois-en-Superprestige-a-Heusden-Zolder-.png\",\"width\":1200,\"height\":674,\"caption\":\"Amandine Fouquenet s'impose pour la premi\u00e8re fois en Superprestige \u00e0 Heusden-Zolder !\"},{\"@type\":\"BreadcrumbList\",\"@id\":\"https:\/\/dicodusport.fr\/blog\/amandine-fouquenet-simpose-pour-la-premiere-fois-en-superprestige-a-heusden-zolder\/#breadcrumb\",\"itemListElement\":[{\"@type\":\"ListItem\",\"position\":1,\"name\":\"Accueil\",\"item\":\"https:\/\/dicodusport.fr\/blog\/\"},{\"@type\":\"ListItem\",\"position\":2,\"name\":\"Amandine Fouquenet s&rsquo;impose pour la premi\u00e8re fois en Superprestige \u00e0 Heusden-Zolder !\"}]},{\"@type\":\"WebSite\",\"@id\":\"https:\/\/dicodusport.fr\/blog\/#website\",\"url\":\"https:\/\/dicodusport.fr\/blog\/\",\"name\":\"Dicodusport\",\"description\":\"L&#039;encyclop\u00e9die de l&#039;actualit\u00e9 sportive\",\"publisher\":{\"@id\":\"https:\/\/dicodusport.fr\/blog\/#organization\"},\"potentialAction\":[{\"@type\":\"SearchAction\",\"target\":{\"@type\":\"EntryPoint\",\"urlTemplate\":\"https:\/\/dicodusport.fr\/blog\/?s={search_term_string}\"},\"query-input\":{\"@type\":\"PropertyValueSpecification\",\"valueRequired\":true,\"valueName\":\"search_term_string\"}}],\"inLanguage\":\"fr-FR\"},{\"@type\":\"NewsMediaOrganization\",\"@id\":\"https:\/\/dicodusport.fr\/blog\/#organization\",\"name\":\"Dicodusport\",\"url\":\"https:\/\/dicodusport.fr\/blog\/\",\"logo\":{\"@type\":\"ImageObject\",\"inLanguage\":\"fr-FR\",\"@id\":\"https:\/\/dicodusport.fr\/blog\/#\/schema\/logo\/image\/\",\"url\":\"https:\/\/dicodusport.fr\/blog\/wp-content\/uploads\/2020\/06\/cropped-LOGO-DICODUSPORT-2020-SANS-FOND-SANS-TEXTE.png\",\"contentUrl\":\"https:\/\/dicodusport.fr\/blog\/wp-content\/uploads\/2020\/06\/cropped-LOGO-DICODUSPORT-2020-SANS-FOND-SANS-TEXTE.png\",\"width\":512,\"height\":512,\"caption\":\"Dicodusport\"},\"image\":{\"@id\":\"https:\/\/dicodusport.fr\/blog\/#\/schema\/logo\/image\/\"},\"sameAs\":[\"https:\/\/www.facebook.com\/dicodusport\",\"https:\/\/x.com\/dicodusport\",\"https:\/\/www.instagram.com\/dicodusport\/\",\"https:\/\/www.youtube.com\/channel\/UC7V2KZ5sd3htJivAbA4ZG3w\"],\"description\":\"Dicodusport est l'encyclop\u00e9die de l'actualit\u00e9 sportive.\",\"email\":\"bonjour@dicodusport.fr\",\"legalName\":\"DICODUSPORT\",\"foundingDate\":\"2018-01-14\",\"vatID\":\"FR71834470973\",\"taxID\":\"83447097300043\",\"numberOfEmployees\":{\"@type\":\"QuantitativeValue\",\"minValue\":\"1\",\"maxValue\":\"10\"}},{\"@type\":\"Person\",\"@id\":\"https:\/\/dicodusport.fr\/blog\/#\/schema\/person\/627966a6cde45dbd8c5e36ac85d783da\",\"name\":\"S\u00e9bastien Gente\",\"image\":{\"@type\":\"ImageObject\",\"inLanguage\":\"fr-FR\",\"@id\":\"https:\/\/dicodusport.fr\/blog\/#\/schema\/person\/image\/\",\"url\":\"https:\/\/dicodusport.fr\/blog\/wp-content\/uploads\/2021\/09\/1510990_10205810251400683_4124423575079401707_n-150x150.jpg\",\"contentUrl\":\"https:\/\/dicodusport.fr\/blog\/wp-content\/uploads\/2021\/09\/1510990_10205810251400683_4124423575079401707_n-150x150.jpg\",\"caption\":\"S\u00e9bastien Gente\"},\"description\":\"John Stockton, Gianni Bugno, Zinedine Zidane, Steffi Graf, Frode Andresen, St\u00e9phane Stoecklin, Davis Kamoga, Primoz Peterka, Werner Schlager et Aur\u00e9lien Rougerie. Point commun entre ces sportifs? Ils m'ont fait r\u00eaver et ont berc\u00e9 mon adolescence. Je suis un fondu de sports et j'essaie de retranscrire ma passion \u00e0 travers mes articles. Originaire du P\u00e9rigord, ma passion pour les Girondins, les Jaunards et les Jazzmen transpire dans mes \u00e9crits. \u00c0 Dicodusport depuis 2021, je d\u00e9niche les sports m\u00e9connus dans lesquels la France brille, et il y en a !\",\"sameAs\":[\"https:\/\/www.facebook.com\/sebastien.gente\/\",\"https:\/\/www.instagram.com\/sebgente\/\",\"https:\/\/www.linkedin.com\/in\/sbastien-gente-a29583169\/\",\"https:\/\/x.com\/https:\/\/twitter.com\/globulo24\",\"SebastienGente\"],\"worksFor\":\"S\u00e9bastien GENTE\",\"url\":\"https:\/\/dicodusport.fr\/blog\/author\/sebastiengente\/\"}]}<\/script>\n<!-- \/ Yoast SEO Premium plugin. -->","yoast_head_json":{"title":"Amandine Fouquenet s'impose pour la premi\u00e8re fois en Superprestige \u00e0 Heusden-Zolder !","description":"SUPERPRESTIGE 2025\/2026 - Amandine Fouquenet a remport\u00e9 sa plus grande victoire en cyclo-cross en s'imposant \u00e0 Heusden-Zolder.","robots":{"index":"index","follow":"follow","max-snippet":"max-snippet:-1","max-image-preview":"max-image-preview:large","max-video-preview":"max-video-preview:-1"},"canonical":"https:\/\/dicodusport.fr\/blog\/amandine-fouquenet-simpose-pour-la-premiere-fois-en-superprestige-a-heusden-zolder\/","og_locale":"fr_FR","og_type":"article","og_title":"Amandine Fouquenet s'impose pour la premi\u00e8re fois en Superprestige \u00e0 Heusden-Zolder !","og_description":"SUPERPRESTIGE 2025\/2026 - Amandine Fouquenet a remport\u00e9 sa plus grande victoire en cyclo-cross en s'imposant \u00e0 Heusden-Zolder.","og_url":"https:\/\/dicodusport.fr\/blog\/amandine-fouquenet-simpose-pour-la-premiere-fois-en-superprestige-a-heusden-zolder\/","og_site_name":"Dicodusport","article_publisher":"https:\/\/www.facebook.com\/dicodusport","article_author":"https:\/\/www.facebook.com\/sebastien.gente\/","article_published_time":"2025-12-23T14:15:19+00:00","og_image":[{"width":1200,"height":674,"url":"https:\/\/dicodusport.fr\/blog\/wp-content\/uploads\/2025\/12\/Amandine-Fouquenet-simpose-pour-la-premiere-fois-en-Superprestige-a-Heusden-Zolder-.png","type":"image\/png"}],"author":"S\u00e9bastien Gente","twitter_card":"summary_large_image","twitter_title":"Amandine Fouquenet s'impose pour la premi\u00e8re fois en Superprestige \u00e0 Heusden-Zolder !","twitter_creator":"@https:\/\/twitter.com\/globulo24","twitter_site":"@dicodusport","schema":{"@context":"https:\/\/schema.org","@graph":[{"@type":"NewsArticle","@id":"https:\/\/dicodusport.fr\/blog\/amandine-fouquenet-simpose-pour-la-premiere-fois-en-superprestige-a-heusden-zolder\/#article","isPartOf":{"@id":"https:\/\/dicodusport.fr\/blog\/amandine-fouquenet-simpose-pour-la-premiere-fois-en-superprestige-a-heusden-zolder\/"},"author":{"name":"S\u00e9bastien Gente","@id":"https:\/\/dicodusport.fr\/blog\/#\/schema\/person\/627966a6cde45dbd8c5e36ac85d783da"},"headline":"Amandine Fouquenet s&rsquo;impose pour la premi\u00e8re fois en Superprestige \u00e0 Heusden-Zolder !","datePublished":"2025-12-23T14:15:19+00:00","mainEntityOfPage":{"@id":"https:\/\/dicodusport.fr\/blog\/amandine-fouquenet-simpose-pour-la-premiere-fois-en-superprestige-a-heusden-zolder\/"},"wordCount":412,"commentCount":0,"publisher":{"@id":"https:\/\/dicodusport.fr\/blog\/#organization"},"image":{"@id":"https:\/\/dicodusport.fr\/blog\/amandine-fouquenet-simpose-pour-la-premiere-fois-en-superprestige-a-heusden-zolder\/#primaryimage"},"thumbnailUrl":"https:\/\/dicodusport.fr\/blog\/wp-content\/uploads\/2025\/12\/Amandine-Fouquenet-simpose-pour-la-premiere-fois-en-Superprestige-a-Heusden-Zolder-.png","keywords":["br\u00e8ve","Cyclo-cross"],"articleSection":["Cyclo-cross"],"inLanguage":"fr-FR","potentialAction":[{"@type":"CommentAction","name":"Comment","target":["https:\/\/dicodusport.fr\/blog\/amandine-fouquenet-simpose-pour-la-premiere-fois-en-superprestige-a-heusden-zolder\/#respond"]}],"copyrightYear":"2025","copyrightHolder":{"@id":"https:\/\/dicodusport.fr\/blog\/#organization"}},{"@type":"WebPage","@id":"https:\/\/dicodusport.fr\/blog\/amandine-fouquenet-simpose-pour-la-premiere-fois-en-superprestige-a-heusden-zolder\/","url":"https:\/\/dicodusport.fr\/blog\/amandine-fouquenet-simpose-pour-la-premiere-fois-en-superprestige-a-heusden-zolder\/","name":"Amandine Fouquenet s'impose pour la premi\u00e8re fois en Superprestige \u00e0 Heusden-Zolder !","isPartOf":{"@id":"https:\/\/dicodusport.fr\/blog\/#website"},"primaryImageOfPage":{"@id":"https:\/\/dicodusport.fr\/blog\/amandine-fouquenet-simpose-pour-la-premiere-fois-en-superprestige-a-heusden-zolder\/#primaryimage"},"image":{"@id":"https:\/\/dicodusport.fr\/blog\/amandine-fouquenet-simpose-pour-la-premiere-fois-en-superprestige-a-heusden-zolder\/#primaryimage"},"thumbnailUrl":"https:\/\/dicodusport.fr\/blog\/wp-content\/uploads\/2025\/12\/Amandine-Fouquenet-simpose-pour-la-premiere-fois-en-Superprestige-a-Heusden-Zolder-.png","datePublished":"2025-12-23T14:15:19+00:00","description":"SUPERPRESTIGE 2025\/2026 - Amandine Fouquenet a remport\u00e9 sa plus grande victoire en cyclo-cross en s'imposant \u00e0 Heusden-Zolder.","breadcrumb":{"@id":"https:\/\/dicodusport.fr\/blog\/amandine-fouquenet-simpose-pour-la-premiere-fois-en-superprestige-a-heusden-zolder\/#breadcrumb"},"inLanguage":"fr-FR","potentialAction":[{"@type":"ReadAction","target":["https:\/\/dicodusport.fr\/blog\/amandine-fouquenet-simpose-pour-la-premiere-fois-en-superprestige-a-heusden-zolder\/"]}]},{"@type":"ImageObject","inLanguage":"fr-FR","@id":"https:\/\/dicodusport.fr\/blog\/amandine-fouquenet-simpose-pour-la-premiere-fois-en-superprestige-a-heusden-zolder\/#primaryimage","url":"https:\/\/dicodusport.fr\/blog\/wp-content\/uploads\/2025\/12\/Amandine-Fouquenet-simpose-pour-la-premiere-fois-en-Superprestige-a-Heusden-Zolder-.png","contentUrl":"https:\/\/dicodusport.fr\/blog\/wp-content\/uploads\/2025\/12\/Amandine-Fouquenet-simpose-pour-la-premiere-fois-en-Superprestige-a-Heusden-Zolder-.png","width":1200,"height":674,"caption":"Amandine Fouquenet s'impose pour la premi\u00e8re fois en Superprestige \u00e0 Heusden-Zolder !"},{"@type":"BreadcrumbList","@id":"https:\/\/dicodusport.fr\/blog\/amandine-fouquenet-simpose-pour-la-premiere-fois-en-superprestige-a-heusden-zolder\/#breadcrumb","itemListElement":[{"@type":"ListItem","position":1,"name":"Accueil","item":"https:\/\/dicodusport.fr\/blog\/"},{"@type":"ListItem","position":2,"name":"Amandine Fouquenet s&rsquo;impose pour la premi\u00e8re fois en Superprestige \u00e0 Heusden-Zolder !"}]},{"@type":"WebSite","@id":"https:\/\/dicodusport.fr\/blog\/#website","url":"https:\/\/dicodusport.fr\/blog\/","name":"Dicodusport","description":"L&#039;encyclop\u00e9die de l&#039;actualit\u00e9 sportive","publisher":{"@id":"https:\/\/dicodusport.fr\/blog\/#organization"},"potentialAction":[{"@type":"SearchAction","target":{"@type":"EntryPoint","urlTemplate":"https:\/\/dicodusport.fr\/blog\/?s={search_term_string}"},"query-input":{"@type":"PropertyValueSpecification","valueRequired":true,"valueName":"search_term_string"}}],"inLanguage":"fr-FR"},{"@type":"NewsMediaOrganization","@id":"https:\/\/dicodusport.fr\/blog\/#organization","name":"Dicodusport","url":"https:\/\/dicodusport.fr\/blog\/","logo":{"@type":"ImageObject","inLanguage":"fr-FR","@id":"https:\/\/dicodusport.fr\/blog\/#\/schema\/logo\/image\/","url":"https:\/\/dicodusport.fr\/blog\/wp-content\/uploads\/2020\/06\/cropped-LOGO-DICODUSPORT-2020-SANS-FOND-SANS-TEXTE.png","contentUrl":"https:\/\/dicodusport.fr\/blog\/wp-content\/uploads\/2020\/06\/cropped-LOGO-DICODUSPORT-2020-SANS-FOND-SANS-TEXTE.png","width":512,"height":512,"caption":"Dicodusport"},"image":{"@id":"https:\/\/dicodusport.fr\/blog\/#\/schema\/logo\/image\/"},"sameAs":["https:\/\/www.facebook.com\/dicodusport","https:\/\/x.com\/dicodusport","https:\/\/www.instagram.com\/dicodusport\/","https:\/\/www.youtube.com\/channel\/UC7V2KZ5sd3htJivAbA4ZG3w"],"description":"Dicodusport est l'encyclop\u00e9die de l'actualit\u00e9 sportive.","email":"bonjour@dicodusport.fr","legalName":"DICODUSPORT","foundingDate":"2018-01-14","vatID":"FR71834470973","taxID":"83447097300043","numberOfEmployees":{"@type":"QuantitativeValue","minValue":"1","maxValue":"10"}},{"@type":"Person","@id":"https:\/\/dicodusport.fr\/blog\/#\/schema\/person\/627966a6cde45dbd8c5e36ac85d783da","name":"S\u00e9bastien Gente","image":{"@type":"ImageObject","inLanguage":"fr-FR","@id":"https:\/\/dicodusport.fr\/blog\/#\/schema\/person\/image\/","url":"https:\/\/dicodusport.fr\/blog\/wp-content\/uploads\/2021\/09\/1510990_10205810251400683_4124423575079401707_n-150x150.jpg","contentUrl":"https:\/\/dicodusport.fr\/blog\/wp-content\/uploads\/2021\/09\/1510990_10205810251400683_4124423575079401707_n-150x150.jpg","caption":"S\u00e9bastien Gente"},"description":"John Stockton, Gianni Bugno, Zinedine Zidane, Steffi Graf, Frode Andresen, St\u00e9phane Stoecklin, Davis Kamoga, Primoz Peterka, Werner Schlager et Aur\u00e9lien Rougerie. Point commun entre ces sportifs? Ils m'ont fait r\u00eaver et ont berc\u00e9 mon adolescence. Je suis un fondu de sports et j'essaie de retranscrire ma passion \u00e0 travers mes articles. Originaire du P\u00e9rigord, ma passion pour les Girondins, les Jaunards et les Jazzmen transpire dans mes \u00e9crits. \u00c0 Dicodusport depuis 2021, je d\u00e9niche les sports m\u00e9connus dans lesquels la France brille, et il y en a !","sameAs":["https:\/\/www.facebook.com\/sebastien.gente\/","https:\/\/www.instagram.com\/sebgente\/","https:\/\/www.linkedin.com\/in\/sbastien-gente-a29583169\/","https:\/\/x.com\/https:\/\/twitter.com\/globulo24","SebastienGente"],"worksFor":"S\u00e9bastien GENTE","url":"https:\/\/dicodusport.fr\/blog\/author\/sebastiengente\/"}]}},"_links":{"self":[{"href":"https:\/\/dicodusport.fr\/blog\/wp-json\/wp\/v2\/posts\/634268","targetHints":{"allow":["GET"]}}],"collection":[{"href":"https:\/\/dicodusport.fr\/blog\/wp-json\/wp\/v2\/posts"}],"about":[{"href":"https:\/\/dicodusport.fr\/blog\/wp-json\/wp\/v2\/types\/post"}],"author":[{"embeddable":true,"href":"https:\/\/dicodusport.fr\/blog\/wp-json\/wp\/v2\/users\/59"}],"replies":[{"embeddable":true,"href":"https:\/\/dicodusport.fr\/blog\/wp-json\/wp\/v2\/comments?post=634268"}],"version-history":[{"count":1,"href":"https:\/\/dicodusport.fr\/blog\/wp-json\/wp\/v2\/posts\/634268\/revisions"}],"predecessor-version":[{"id":634271,"href":"https:\/\/dicodusport.fr\/blog\/wp-json\/wp\/v2\/posts\/634268\/revisions\/634271"}],"wp:featuredmedia":[{"embeddable":true,"href":"https:\/\/dicodusport.fr\/blog\/wp-json\/wp\/v2\/media\/634270"}],"wp:attachment":[{"href":"https:\/\/dicodusport.fr\/blog\/wp-json\/wp\/v2\/media?parent=634268"}],"wp:term":[{"taxonomy":"category","embeddable":true,"href":"https:\/\/dicodusport.fr\/blog\/wp-json\/wp\/v2\/categories?post=634268"},{"taxonomy":"post_tag","embeddable":true,"href":"https:\/\/dicodusport.fr\/blog\/wp-json\/wp\/v2\/tags?post=634268"}],"curies":[{"name":"wp","href":"https:\/\/api.w.org\/{rel}","templated":true}]}}