{"id":634408,"date":"2025-12-26T14:30:43","date_gmt":"2025-12-26T13:30:43","guid":{"rendered":"https:\/\/dicodusport.fr\/blog\/?p=634408&#038;preview=true&#038;preview_id=634408"},"modified":"2025-12-26T17:47:30","modified_gmt":"2025-12-26T16:47:30","slug":"troisieme-podium-de-la-saison-pour-amandine-fouquenet-a-gavere-lucinda-brand-simpose-en-patronne","status":"publish","type":"post","link":"https:\/\/dicodusport.fr\/blog\/troisieme-podium-de-la-saison-pour-amandine-fouquenet-a-gavere-lucinda-brand-simpose-en-patronne\/","title":{"rendered":"Troisi\u00e8me podium de la saison pour Amandine Fouquenet \u00e0 Gavere, Lucinda Brand s\u2019impose en patronne"},"content":{"rendered":"<p style=\"text-align: justify;\"><em><strong>COUPE DU MONDE DE CYCLO-CROSS &#8211; Amandine Fouquenet s\u2019offre un troisi\u00e8me podium cette saison avec une deuxi\u00e8me place \u00e0 Gavere. La Fran\u00e7aise termine derri\u00e8re l\u2019intouchable Lucinda Brand et devant une autre N\u00e9erlandaise, Puck Pieterse.<\/strong><\/em><\/p>\n<ul style=\"text-align: justify;\">\n<li><strong>\u00c0 ce sujet &#8211; <a href=\"https:\/\/dicodusport.fr\/blog\/cyclo-cross-coupe-du-monde-2025-2026-calendrier-complet-dates-et-horaires\/\">Calendrier complet, dates et horaires de la Coupe du monde de cyclo-cross 2025\/2026<\/a><\/strong><\/li>\n<li><strong>\u00c0 ce sujet &#8211; <a href=\"https:\/\/dicodusport.fr\/blog\/cyclo-cross-gavere-2025-classement-et-resultats-course-femmes\/\">Classement et r\u00e9sultats course femmes Gavere 2025<\/a><\/strong><\/li>\n<\/ul>\n<p style=\"text-align: justify;\">Intouchable, <strong>Lucinda Brand<\/strong> a une nouvelle fois mis tout le monde d\u2019accord sur le circuit belge de Gavere. Apr\u00e8s un d\u00e9but de course assez dense, la N\u00e9erlandaise a profit\u00e9 de quelques erreurs de ses compatriotes pour couper la ligne en t\u00eate. Les Bleues n\u2019ont pas \u00e0 rougir, <strong>Amandine Fouquenet<\/strong> jouant notamment dans la cour des grandes avec une deuxi\u00e8me place.<\/p>\n<blockquote class=\"twitter-tweet\">\n<p dir=\"ltr\" lang=\"fr\">Nouveau podium pour Amandine Fouquenet \ud83c\uddeb\ud83c\uddf7, la Fran\u00e7aise prend la 2e place sous le soleil de Gavere derri\u00e8re l&rsquo;intouchable Lucinda Brand ! <a href=\"https:\/\/twitter.com\/hashtag\/CXWorldCup?src=hash&amp;ref_src=twsrc%5Etfw\">#CXWorldCup<\/a> <a href=\"https:\/\/t.co\/llytWDMSBE\">pic.twitter.com\/llytWDMSBE<\/a><\/p>\n<p>\u2014 Eurosport France (@Eurosport_FR) <a href=\"https:\/\/twitter.com\/Eurosport_FR\/status\/2004547236999410097?ref_src=twsrc%5Etfw\">December 26, 2025<\/a><\/p><\/blockquote>\n<p><script async src=\"https:\/\/platform.twitter.com\/widgets.js\" charset=\"utf-8\"><\/script><\/p>\n<h2 style=\"text-align: justify;\">Les Fran\u00e7aises \u00e0 la f\u00eate, Brand intouchable<\/h2>\n<p style=\"text-align: justify;\">Le terrain, en cours de d\u00e9givrage \u00e0 certains endroits, a pi\u00e9g\u00e9 nombre de coureuses. \u00c7a a notamment \u00e9t\u00e9 le cas de <strong>Shirin van Anrooij<\/strong> et <strong>Puck Pieterse<\/strong>, toutes deux un temps aux commandes avant de chuter. De quoi faire les affaires de <strong>Lucinda Brand<\/strong>, qui s\u2019est \u00e9chapp\u00e9e aux devants d\u2019un duo fran\u00e7ais compos\u00e9 d\u2019<strong>Amandine Fouquenet <\/strong>et <strong>C\u00e9lia Gery<\/strong>, vite repris par Pieterse. Seule \u00e0 partir \u00e0 la poursuite de Brand, la championne de France a laiss\u00e9 derri\u00e8re elle sa compatriote, qui a progressivement perdu du jus et d\u00e9laiss\u00e9 ses espoirs de podium. C\u00e9lia Gery en finit n\u00e9anmoins \u00e0 une belle 6<sup>\u00e8me<\/sup> place.<\/p>\n<p style=\"text-align: justify;\">Toujours d\u2019actualit\u00e9 pour <strong>Amandine Fouquenet<\/strong> \u00e0 deux tours de la fin, le podium n\u2019\u00e9tait toutefois pas assur\u00e9 pour la Fran\u00e7aise. Devant elle, <strong>Lucinda Brand<\/strong> semblait intouchable et derri\u00e8re elle, <strong>Puck Pieterse<\/strong> avait fait les efforts pour recoller tandis qu\u2019<strong>Aniek van Alphen<\/strong> essayait de combler la vingtaine de secondes qui l\u2019\u00e9loignait de la bo\u00eete. En vain, Fouquenet remettait un petit coup d\u2019acc\u00e9l\u00e9rateur et se donnait m\u00eame un peu d\u2019air sur Pieterse afin de couper la ligne en deuxi\u00e8me position et s\u2019offrir un troisi\u00e8me podium cette saison apr\u00e8s \u00eatre mont\u00e9e sur celui de Flamanville et de Namur. En patronne, Lucinda Brand conforte quant \u00e0 elle son statut de leader avec un 6<sup>\u00e8me<\/sup> succ\u00e8s en 7 courses.<\/p>\n<blockquote class=\"twitter-tweet\">\n<p dir=\"ltr\" lang=\"en\">Plenty of time to embrace the fans \ud83d\udd25<\/p>\n<p>Lucinda Brand \ud83c\uddf3\ud83c\uddf1 secures a 26th <a href=\"https:\/\/twitter.com\/hashtag\/CXWorldCup?src=hash&amp;ref_src=twsrc%5Etfw\">#CXWorldCup<\/a> victory of her career in Gavere. <a href=\"https:\/\/t.co\/Dzg1fiCuPL\">pic.twitter.com\/Dzg1fiCuPL<\/a><\/p>\n<p>\u2014 UCI Cyclocross (@UCI_CX) <a href=\"https:\/\/twitter.com\/UCI_CX\/status\/2004546843687243812?ref_src=twsrc%5Etfw\">December 26, 2025<\/a><\/p><\/blockquote>\n<p><script async src=\"https:\/\/platform.twitter.com\/widgets.js\" charset=\"utf-8\"><\/script><\/p>\n<div id=\"gtx-trans\" style=\"position: absolute; left: -14px; top: 40.9091px;\">\n<div class=\"gtx-trans-icon\" style=\"text-align: justify;\"><\/div>\n<\/div>\n","protected":false},"excerpt":{"rendered":"<p>COUPE DU MONDE DE CYCLO-CROSS &#8211; Amandine Fouquenet s\u2019offre un troisi\u00e8me podium cette saison avec une deuxi\u00e8me place \u00e0 Gavere. La Fran\u00e7aise termine derri\u00e8re l\u2019intouchable Lucinda Brand et devant une autre N\u00e9erlandaise, Puck Pieterse.<\/p>\n","protected":false},"author":18,"featured_media":634413,"comment_status":"open","ping_status":"closed","sticky":false,"template":"","format":"standard","meta":{"_acf_changed":false,"_daextam_enable_autolinks":"1","footnotes":""},"categories":[9611],"tags":[16878,28605],"class_list":["post-634408","post","type-post","status-publish","format-standard","has-post-thumbnail","hentry","category-cyclo-cross","tag-breve","tag-cyclo-cross-gavere"],"acf":[],"yoast_head":"<!-- This site is optimized with the Yoast SEO Premium plugin v26.7 (Yoast SEO v26.7) - https:\/\/yoast.com\/wordpress\/plugins\/seo\/ -->\n<title>Troisi\u00e8me podium de la saison pour Amandine Fouquenet \u00e0 Gavere, Lucinda Brand s\u2019impose en patronne<\/title>\n<meta name=\"description\" content=\"COUPE DU MONDE DE CYCLO-CROSS - Amandine Fouquenet termine 2\u00e8me \u00e0 Gavere derri\u00e8re l\u2019intouchable Lucinda Brand.\" \/>\n<meta name=\"robots\" content=\"index, follow, max-snippet:-1, max-image-preview:large, max-video-preview:-1\" \/>\n<link rel=\"canonical\" href=\"https:\/\/dicodusport.fr\/blog\/troisieme-podium-de-la-saison-pour-amandine-fouquenet-a-gavere-lucinda-brand-simpose-en-patronne\/\" \/>\n<meta property=\"og:locale\" content=\"fr_FR\" \/>\n<meta property=\"og:type\" content=\"article\" \/>\n<meta property=\"og:title\" content=\"Troisi\u00e8me podium de la saison pour Amandine Fouquenet \u00e0 Gavere, Lucinda Brand s\u2019impose en patronne\" \/>\n<meta property=\"og:description\" content=\"COUPE DU MONDE DE CYCLO-CROSS - Amandine Fouquenet termine 2\u00e8me \u00e0 Gavere derri\u00e8re l\u2019intouchable Lucinda Brand.\" \/>\n<meta property=\"og:url\" content=\"https:\/\/dicodusport.fr\/blog\/troisieme-podium-de-la-saison-pour-amandine-fouquenet-a-gavere-lucinda-brand-simpose-en-patronne\/\" \/>\n<meta property=\"og:site_name\" content=\"Dicodusport\" \/>\n<meta property=\"article:publisher\" content=\"https:\/\/www.facebook.com\/dicodusport\" \/>\n<meta property=\"article:author\" content=\"https:\/\/www.facebook.com\/soocube\" \/>\n<meta property=\"article:published_time\" content=\"2025-12-26T13:30:43+00:00\" \/>\n<meta property=\"article:modified_time\" content=\"2025-12-26T16:47:30+00:00\" \/>\n<meta property=\"og:image\" content=\"https:\/\/dicodusport.fr\/blog\/wp-content\/uploads\/2025\/12\/Troisieme-podium-de-la-saison-pour-Amandine-Fouquenet-a-Gavere-Lucinda-Brand-simpose-en-patronne.png\" \/>\n\t<meta property=\"og:image:width\" content=\"1200\" \/>\n\t<meta property=\"og:image:height\" content=\"674\" \/>\n\t<meta property=\"og:image:type\" content=\"image\/png\" \/>\n<meta name=\"author\" content=\"Sophie Clapier\" \/>\n<meta name=\"twitter:card\" content=\"summary_large_image\" \/>\n<meta name=\"twitter:title\" content=\"Troisi\u00e8me podium de la saison pour Amandine Fouquenet \u00e0 Gavere, Lucinda Brand s\u2019impose en patronne\" \/>\n<meta name=\"twitter:creator\" content=\"@https:\/\/twitter.com\/soocube\" \/>\n<meta name=\"twitter:site\" content=\"@dicodusport\" \/>\n<script type=\"application\/ld+json\" class=\"yoast-schema-graph\">{\"@context\":\"https:\/\/schema.org\",\"@graph\":[{\"@type\":\"NewsArticle\",\"@id\":\"https:\/\/dicodusport.fr\/blog\/troisieme-podium-de-la-saison-pour-amandine-fouquenet-a-gavere-lucinda-brand-simpose-en-patronne\/#article\",\"isPartOf\":{\"@id\":\"https:\/\/dicodusport.fr\/blog\/troisieme-podium-de-la-saison-pour-amandine-fouquenet-a-gavere-lucinda-brand-simpose-en-patronne\/\"},\"author\":{\"name\":\"Sophie Clapier\",\"@id\":\"https:\/\/dicodusport.fr\/blog\/#\/schema\/person\/416c975648aca9da8839bdfe333a21c9\"},\"headline\":\"Troisi\u00e8me podium de la saison pour Amandine Fouquenet \u00e0 Gavere, Lucinda Brand s\u2019impose en patronne\",\"datePublished\":\"2025-12-26T13:30:43+00:00\",\"dateModified\":\"2025-12-26T16:47:30+00:00\",\"mainEntityOfPage\":{\"@id\":\"https:\/\/dicodusport.fr\/blog\/troisieme-podium-de-la-saison-pour-amandine-fouquenet-a-gavere-lucinda-brand-simpose-en-patronne\/\"},\"wordCount\":456,\"commentCount\":0,\"publisher\":{\"@id\":\"https:\/\/dicodusport.fr\/blog\/#organization\"},\"image\":{\"@id\":\"https:\/\/dicodusport.fr\/blog\/troisieme-podium-de-la-saison-pour-amandine-fouquenet-a-gavere-lucinda-brand-simpose-en-patronne\/#primaryimage\"},\"thumbnailUrl\":\"https:\/\/dicodusport.fr\/blog\/wp-content\/uploads\/2025\/12\/Troisieme-podium-de-la-saison-pour-Amandine-Fouquenet-a-Gavere-Lucinda-Brand-simpose-en-patronne.png\",\"keywords\":[\"br\u00e8ve\",\"Cyclo-cross Gavere\"],\"articleSection\":[\"Cyclo-cross\"],\"inLanguage\":\"fr-FR\",\"potentialAction\":[{\"@type\":\"CommentAction\",\"name\":\"Comment\",\"target\":[\"https:\/\/dicodusport.fr\/blog\/troisieme-podium-de-la-saison-pour-amandine-fouquenet-a-gavere-lucinda-brand-simpose-en-patronne\/#respond\"]}],\"copyrightYear\":\"2025\",\"copyrightHolder\":{\"@id\":\"https:\/\/dicodusport.fr\/blog\/#organization\"}},{\"@type\":\"WebPage\",\"@id\":\"https:\/\/dicodusport.fr\/blog\/troisieme-podium-de-la-saison-pour-amandine-fouquenet-a-gavere-lucinda-brand-simpose-en-patronne\/\",\"url\":\"https:\/\/dicodusport.fr\/blog\/troisieme-podium-de-la-saison-pour-amandine-fouquenet-a-gavere-lucinda-brand-simpose-en-patronne\/\",\"name\":\"Troisi\u00e8me podium de la saison pour Amandine Fouquenet \u00e0 Gavere, Lucinda Brand s\u2019impose en patronne\",\"isPartOf\":{\"@id\":\"https:\/\/dicodusport.fr\/blog\/#website\"},\"primaryImageOfPage\":{\"@id\":\"https:\/\/dicodusport.fr\/blog\/troisieme-podium-de-la-saison-pour-amandine-fouquenet-a-gavere-lucinda-brand-simpose-en-patronne\/#primaryimage\"},\"image\":{\"@id\":\"https:\/\/dicodusport.fr\/blog\/troisieme-podium-de-la-saison-pour-amandine-fouquenet-a-gavere-lucinda-brand-simpose-en-patronne\/#primaryimage\"},\"thumbnailUrl\":\"https:\/\/dicodusport.fr\/blog\/wp-content\/uploads\/2025\/12\/Troisieme-podium-de-la-saison-pour-Amandine-Fouquenet-a-Gavere-Lucinda-Brand-simpose-en-patronne.png\",\"datePublished\":\"2025-12-26T13:30:43+00:00\",\"dateModified\":\"2025-12-26T16:47:30+00:00\",\"description\":\"COUPE DU MONDE DE CYCLO-CROSS - Amandine Fouquenet termine 2\u00e8me \u00e0 Gavere derri\u00e8re l\u2019intouchable Lucinda Brand.\",\"breadcrumb\":{\"@id\":\"https:\/\/dicodusport.fr\/blog\/troisieme-podium-de-la-saison-pour-amandine-fouquenet-a-gavere-lucinda-brand-simpose-en-patronne\/#breadcrumb\"},\"inLanguage\":\"fr-FR\",\"potentialAction\":[{\"@type\":\"ReadAction\",\"target\":[\"https:\/\/dicodusport.fr\/blog\/troisieme-podium-de-la-saison-pour-amandine-fouquenet-a-gavere-lucinda-brand-simpose-en-patronne\/\"]}]},{\"@type\":\"ImageObject\",\"inLanguage\":\"fr-FR\",\"@id\":\"https:\/\/dicodusport.fr\/blog\/troisieme-podium-de-la-saison-pour-amandine-fouquenet-a-gavere-lucinda-brand-simpose-en-patronne\/#primaryimage\",\"url\":\"https:\/\/dicodusport.fr\/blog\/wp-content\/uploads\/2025\/12\/Troisieme-podium-de-la-saison-pour-Amandine-Fouquenet-a-Gavere-Lucinda-Brand-simpose-en-patronne.png\",\"contentUrl\":\"https:\/\/dicodusport.fr\/blog\/wp-content\/uploads\/2025\/12\/Troisieme-podium-de-la-saison-pour-Amandine-Fouquenet-a-Gavere-Lucinda-Brand-simpose-en-patronne.png\",\"width\":1200,\"height\":674,\"caption\":\"Troisi\u00e8me podium de la saison pour Amandine Fouquenet \u00e0 Gavere, Lucinda Brand s\u2019impose en patronne\"},{\"@type\":\"BreadcrumbList\",\"@id\":\"https:\/\/dicodusport.fr\/blog\/troisieme-podium-de-la-saison-pour-amandine-fouquenet-a-gavere-lucinda-brand-simpose-en-patronne\/#breadcrumb\",\"itemListElement\":[{\"@type\":\"ListItem\",\"position\":1,\"name\":\"Accueil\",\"item\":\"https:\/\/dicodusport.fr\/blog\/\"},{\"@type\":\"ListItem\",\"position\":2,\"name\":\"Troisi\u00e8me podium de la saison pour Amandine Fouquenet \u00e0 Gavere, Lucinda Brand s\u2019impose en patronne\"}]},{\"@type\":\"WebSite\",\"@id\":\"https:\/\/dicodusport.fr\/blog\/#website\",\"url\":\"https:\/\/dicodusport.fr\/blog\/\",\"name\":\"Dicodusport\",\"description\":\"L&#039;encyclop\u00e9die de l&#039;actualit\u00e9 sportive\",\"publisher\":{\"@id\":\"https:\/\/dicodusport.fr\/blog\/#organization\"},\"potentialAction\":[{\"@type\":\"SearchAction\",\"target\":{\"@type\":\"EntryPoint\",\"urlTemplate\":\"https:\/\/dicodusport.fr\/blog\/?s={search_term_string}\"},\"query-input\":{\"@type\":\"PropertyValueSpecification\",\"valueRequired\":true,\"valueName\":\"search_term_string\"}}],\"inLanguage\":\"fr-FR\"},{\"@type\":\"NewsMediaOrganization\",\"@id\":\"https:\/\/dicodusport.fr\/blog\/#organization\",\"name\":\"Dicodusport\",\"url\":\"https:\/\/dicodusport.fr\/blog\/\",\"logo\":{\"@type\":\"ImageObject\",\"inLanguage\":\"fr-FR\",\"@id\":\"https:\/\/dicodusport.fr\/blog\/#\/schema\/logo\/image\/\",\"url\":\"https:\/\/dicodusport.fr\/blog\/wp-content\/uploads\/2020\/06\/cropped-LOGO-DICODUSPORT-2020-SANS-FOND-SANS-TEXTE.png\",\"contentUrl\":\"https:\/\/dicodusport.fr\/blog\/wp-content\/uploads\/2020\/06\/cropped-LOGO-DICODUSPORT-2020-SANS-FOND-SANS-TEXTE.png\",\"width\":512,\"height\":512,\"caption\":\"Dicodusport\"},\"image\":{\"@id\":\"https:\/\/dicodusport.fr\/blog\/#\/schema\/logo\/image\/\"},\"sameAs\":[\"https:\/\/www.facebook.com\/dicodusport\",\"https:\/\/x.com\/dicodusport\",\"https:\/\/www.instagram.com\/dicodusport\/\",\"https:\/\/www.youtube.com\/channel\/UC7V2KZ5sd3htJivAbA4ZG3w\"],\"description\":\"Dicodusport est l'encyclop\u00e9die de l'actualit\u00e9 sportive.\",\"email\":\"bonjour@dicodusport.fr\",\"legalName\":\"DICODUSPORT\",\"foundingDate\":\"2018-01-14\",\"vatID\":\"FR71834470973\",\"taxID\":\"83447097300043\",\"numberOfEmployees\":{\"@type\":\"QuantitativeValue\",\"minValue\":\"1\",\"maxValue\":\"10\"}},{\"@type\":\"Person\",\"@id\":\"https:\/\/dicodusport.fr\/blog\/#\/schema\/person\/416c975648aca9da8839bdfe333a21c9\",\"name\":\"Sophie Clapier\",\"image\":{\"@type\":\"ImageObject\",\"inLanguage\":\"fr-FR\",\"@id\":\"https:\/\/dicodusport.fr\/blog\/#\/schema\/person\/image\/\",\"url\":\"https:\/\/dicodusport.fr\/blog\/wp-content\/uploads\/2021\/05\/Sophie-Clapier-150x150.jpg\",\"contentUrl\":\"https:\/\/dicodusport.fr\/blog\/wp-content\/uploads\/2021\/05\/Sophie-Clapier-150x150.jpg\",\"caption\":\"Sophie Clapier\"},\"description\":\"Journaliste\/r\u00e9dactrice depuis janvier 2016 - Passionn\u00e9e de sport depuis toujours, j\u2019en ai pratiqu\u00e9 quelques-uns. Judo, football, handball ou encore tennis, je n\u2019ai jamais pu me mettre d\u2019accord sur un en particulier. Mais \u00e7a, c\u2019\u00e9tait avant de d\u00e9couvrir le basket, devenu mon sport de pr\u00e9dilection. Les actions NBA, le All-Star Week-end, la fureur des Game 7 pendant les playoffs ou mieux, lors des Finals, this is why we play. Team Spurs T.P, je m\u2019accroche encore \u00e0 Gregg Popovich (don\u2019t leave !). Team chef Curry, je souhaite qu\u2019il finisse aux Warriors (staaaay !). Non, il n\u2019y a pas qu\u2019eux, des petits nouveaux -et des petites nouvelles \u00e9videmment- arrivent chaque jour dans toutes les disciplines et cr\u00e9ent de nouveaux exploits. Alors pour les grands \u00e9v\u00e9nements et comp\u00e9titions internationales, vive les pulsations 240\/minutes et le d\u00e9fibrillateur pas loin, et allez les Bleu(e)s ! C\u2019est s\u00fbr, j\u2019aurai plus vu ma vie sur un terrain de sport, mais \u00e0 d\u00e9faut d\u2019en faire en haut niveau, je le partage avec vous.\",\"sameAs\":[\"https:\/\/www.facebook.com\/soocube\",\"https:\/\/x.com\/https:\/\/twitter.com\/soocube\",\"admin\"],\"url\":\"https:\/\/dicodusport.fr\/blog\/author\/sophie\/\"}]}<\/script>\n<!-- \/ Yoast SEO Premium plugin. -->","yoast_head_json":{"title":"Troisi\u00e8me podium de la saison pour Amandine Fouquenet \u00e0 Gavere, Lucinda Brand s\u2019impose en patronne","description":"COUPE DU MONDE DE CYCLO-CROSS - Amandine Fouquenet termine 2\u00e8me \u00e0 Gavere derri\u00e8re l\u2019intouchable Lucinda Brand.","robots":{"index":"index","follow":"follow","max-snippet":"max-snippet:-1","max-image-preview":"max-image-preview:large","max-video-preview":"max-video-preview:-1"},"canonical":"https:\/\/dicodusport.fr\/blog\/troisieme-podium-de-la-saison-pour-amandine-fouquenet-a-gavere-lucinda-brand-simpose-en-patronne\/","og_locale":"fr_FR","og_type":"article","og_title":"Troisi\u00e8me podium de la saison pour Amandine Fouquenet \u00e0 Gavere, Lucinda Brand s\u2019impose en patronne","og_description":"COUPE DU MONDE DE CYCLO-CROSS - Amandine Fouquenet termine 2\u00e8me \u00e0 Gavere derri\u00e8re l\u2019intouchable Lucinda Brand.","og_url":"https:\/\/dicodusport.fr\/blog\/troisieme-podium-de-la-saison-pour-amandine-fouquenet-a-gavere-lucinda-brand-simpose-en-patronne\/","og_site_name":"Dicodusport","article_publisher":"https:\/\/www.facebook.com\/dicodusport","article_author":"https:\/\/www.facebook.com\/soocube","article_published_time":"2025-12-26T13:30:43+00:00","article_modified_time":"2025-12-26T16:47:30+00:00","og_image":[{"width":1200,"height":674,"url":"https:\/\/dicodusport.fr\/blog\/wp-content\/uploads\/2025\/12\/Troisieme-podium-de-la-saison-pour-Amandine-Fouquenet-a-Gavere-Lucinda-Brand-simpose-en-patronne.png","type":"image\/png"}],"author":"Sophie Clapier","twitter_card":"summary_large_image","twitter_title":"Troisi\u00e8me podium de la saison pour Amandine Fouquenet \u00e0 Gavere, Lucinda Brand s\u2019impose en patronne","twitter_creator":"@https:\/\/twitter.com\/soocube","twitter_site":"@dicodusport","schema":{"@context":"https:\/\/schema.org","@graph":[{"@type":"NewsArticle","@id":"https:\/\/dicodusport.fr\/blog\/troisieme-podium-de-la-saison-pour-amandine-fouquenet-a-gavere-lucinda-brand-simpose-en-patronne\/#article","isPartOf":{"@id":"https:\/\/dicodusport.fr\/blog\/troisieme-podium-de-la-saison-pour-amandine-fouquenet-a-gavere-lucinda-brand-simpose-en-patronne\/"},"author":{"name":"Sophie Clapier","@id":"https:\/\/dicodusport.fr\/blog\/#\/schema\/person\/416c975648aca9da8839bdfe333a21c9"},"headline":"Troisi\u00e8me podium de la saison pour Amandine Fouquenet \u00e0 Gavere, Lucinda Brand s\u2019impose en patronne","datePublished":"2025-12-26T13:30:43+00:00","dateModified":"2025-12-26T16:47:30+00:00","mainEntityOfPage":{"@id":"https:\/\/dicodusport.fr\/blog\/troisieme-podium-de-la-saison-pour-amandine-fouquenet-a-gavere-lucinda-brand-simpose-en-patronne\/"},"wordCount":456,"commentCount":0,"publisher":{"@id":"https:\/\/dicodusport.fr\/blog\/#organization"},"image":{"@id":"https:\/\/dicodusport.fr\/blog\/troisieme-podium-de-la-saison-pour-amandine-fouquenet-a-gavere-lucinda-brand-simpose-en-patronne\/#primaryimage"},"thumbnailUrl":"https:\/\/dicodusport.fr\/blog\/wp-content\/uploads\/2025\/12\/Troisieme-podium-de-la-saison-pour-Amandine-Fouquenet-a-Gavere-Lucinda-Brand-simpose-en-patronne.png","keywords":["br\u00e8ve","Cyclo-cross Gavere"],"articleSection":["Cyclo-cross"],"inLanguage":"fr-FR","potentialAction":[{"@type":"CommentAction","name":"Comment","target":["https:\/\/dicodusport.fr\/blog\/troisieme-podium-de-la-saison-pour-amandine-fouquenet-a-gavere-lucinda-brand-simpose-en-patronne\/#respond"]}],"copyrightYear":"2025","copyrightHolder":{"@id":"https:\/\/dicodusport.fr\/blog\/#organization"}},{"@type":"WebPage","@id":"https:\/\/dicodusport.fr\/blog\/troisieme-podium-de-la-saison-pour-amandine-fouquenet-a-gavere-lucinda-brand-simpose-en-patronne\/","url":"https:\/\/dicodusport.fr\/blog\/troisieme-podium-de-la-saison-pour-amandine-fouquenet-a-gavere-lucinda-brand-simpose-en-patronne\/","name":"Troisi\u00e8me podium de la saison pour Amandine Fouquenet \u00e0 Gavere, Lucinda Brand s\u2019impose en patronne","isPartOf":{"@id":"https:\/\/dicodusport.fr\/blog\/#website"},"primaryImageOfPage":{"@id":"https:\/\/dicodusport.fr\/blog\/troisieme-podium-de-la-saison-pour-amandine-fouquenet-a-gavere-lucinda-brand-simpose-en-patronne\/#primaryimage"},"image":{"@id":"https:\/\/dicodusport.fr\/blog\/troisieme-podium-de-la-saison-pour-amandine-fouquenet-a-gavere-lucinda-brand-simpose-en-patronne\/#primaryimage"},"thumbnailUrl":"https:\/\/dicodusport.fr\/blog\/wp-content\/uploads\/2025\/12\/Troisieme-podium-de-la-saison-pour-Amandine-Fouquenet-a-Gavere-Lucinda-Brand-simpose-en-patronne.png","datePublished":"2025-12-26T13:30:43+00:00","dateModified":"2025-12-26T16:47:30+00:00","description":"COUPE DU MONDE DE CYCLO-CROSS - Amandine Fouquenet termine 2\u00e8me \u00e0 Gavere derri\u00e8re l\u2019intouchable Lucinda Brand.","breadcrumb":{"@id":"https:\/\/dicodusport.fr\/blog\/troisieme-podium-de-la-saison-pour-amandine-fouquenet-a-gavere-lucinda-brand-simpose-en-patronne\/#breadcrumb"},"inLanguage":"fr-FR","potentialAction":[{"@type":"ReadAction","target":["https:\/\/dicodusport.fr\/blog\/troisieme-podium-de-la-saison-pour-amandine-fouquenet-a-gavere-lucinda-brand-simpose-en-patronne\/"]}]},{"@type":"ImageObject","inLanguage":"fr-FR","@id":"https:\/\/dicodusport.fr\/blog\/troisieme-podium-de-la-saison-pour-amandine-fouquenet-a-gavere-lucinda-brand-simpose-en-patronne\/#primaryimage","url":"https:\/\/dicodusport.fr\/blog\/wp-content\/uploads\/2025\/12\/Troisieme-podium-de-la-saison-pour-Amandine-Fouquenet-a-Gavere-Lucinda-Brand-simpose-en-patronne.png","contentUrl":"https:\/\/dicodusport.fr\/blog\/wp-content\/uploads\/2025\/12\/Troisieme-podium-de-la-saison-pour-Amandine-Fouquenet-a-Gavere-Lucinda-Brand-simpose-en-patronne.png","width":1200,"height":674,"caption":"Troisi\u00e8me podium de la saison pour Amandine Fouquenet \u00e0 Gavere, Lucinda Brand s\u2019impose en patronne"},{"@type":"BreadcrumbList","@id":"https:\/\/dicodusport.fr\/blog\/troisieme-podium-de-la-saison-pour-amandine-fouquenet-a-gavere-lucinda-brand-simpose-en-patronne\/#breadcrumb","itemListElement":[{"@type":"ListItem","position":1,"name":"Accueil","item":"https:\/\/dicodusport.fr\/blog\/"},{"@type":"ListItem","position":2,"name":"Troisi\u00e8me podium de la saison pour Amandine Fouquenet \u00e0 Gavere, Lucinda Brand s\u2019impose en patronne"}]},{"@type":"WebSite","@id":"https:\/\/dicodusport.fr\/blog\/#website","url":"https:\/\/dicodusport.fr\/blog\/","name":"Dicodusport","description":"L&#039;encyclop\u00e9die de l&#039;actualit\u00e9 sportive","publisher":{"@id":"https:\/\/dicodusport.fr\/blog\/#organization"},"potentialAction":[{"@type":"SearchAction","target":{"@type":"EntryPoint","urlTemplate":"https:\/\/dicodusport.fr\/blog\/?s={search_term_string}"},"query-input":{"@type":"PropertyValueSpecification","valueRequired":true,"valueName":"search_term_string"}}],"inLanguage":"fr-FR"},{"@type":"NewsMediaOrganization","@id":"https:\/\/dicodusport.fr\/blog\/#organization","name":"Dicodusport","url":"https:\/\/dicodusport.fr\/blog\/","logo":{"@type":"ImageObject","inLanguage":"fr-FR","@id":"https:\/\/dicodusport.fr\/blog\/#\/schema\/logo\/image\/","url":"https:\/\/dicodusport.fr\/blog\/wp-content\/uploads\/2020\/06\/cropped-LOGO-DICODUSPORT-2020-SANS-FOND-SANS-TEXTE.png","contentUrl":"https:\/\/dicodusport.fr\/blog\/wp-content\/uploads\/2020\/06\/cropped-LOGO-DICODUSPORT-2020-SANS-FOND-SANS-TEXTE.png","width":512,"height":512,"caption":"Dicodusport"},"image":{"@id":"https:\/\/dicodusport.fr\/blog\/#\/schema\/logo\/image\/"},"sameAs":["https:\/\/www.facebook.com\/dicodusport","https:\/\/x.com\/dicodusport","https:\/\/www.instagram.com\/dicodusport\/","https:\/\/www.youtube.com\/channel\/UC7V2KZ5sd3htJivAbA4ZG3w"],"description":"Dicodusport est l'encyclop\u00e9die de l'actualit\u00e9 sportive.","email":"bonjour@dicodusport.fr","legalName":"DICODUSPORT","foundingDate":"2018-01-14","vatID":"FR71834470973","taxID":"83447097300043","numberOfEmployees":{"@type":"QuantitativeValue","minValue":"1","maxValue":"10"}},{"@type":"Person","@id":"https:\/\/dicodusport.fr\/blog\/#\/schema\/person\/416c975648aca9da8839bdfe333a21c9","name":"Sophie Clapier","image":{"@type":"ImageObject","inLanguage":"fr-FR","@id":"https:\/\/dicodusport.fr\/blog\/#\/schema\/person\/image\/","url":"https:\/\/dicodusport.fr\/blog\/wp-content\/uploads\/2021\/05\/Sophie-Clapier-150x150.jpg","contentUrl":"https:\/\/dicodusport.fr\/blog\/wp-content\/uploads\/2021\/05\/Sophie-Clapier-150x150.jpg","caption":"Sophie Clapier"},"description":"Journaliste\/r\u00e9dactrice depuis janvier 2016 - Passionn\u00e9e de sport depuis toujours, j\u2019en ai pratiqu\u00e9 quelques-uns. Judo, football, handball ou encore tennis, je n\u2019ai jamais pu me mettre d\u2019accord sur un en particulier. Mais \u00e7a, c\u2019\u00e9tait avant de d\u00e9couvrir le basket, devenu mon sport de pr\u00e9dilection. Les actions NBA, le All-Star Week-end, la fureur des Game 7 pendant les playoffs ou mieux, lors des Finals, this is why we play. Team Spurs T.P, je m\u2019accroche encore \u00e0 Gregg Popovich (don\u2019t leave !). Team chef Curry, je souhaite qu\u2019il finisse aux Warriors (staaaay !). Non, il n\u2019y a pas qu\u2019eux, des petits nouveaux -et des petites nouvelles \u00e9videmment- arrivent chaque jour dans toutes les disciplines et cr\u00e9ent de nouveaux exploits. Alors pour les grands \u00e9v\u00e9nements et comp\u00e9titions internationales, vive les pulsations 240\/minutes et le d\u00e9fibrillateur pas loin, et allez les Bleu(e)s ! C\u2019est s\u00fbr, j\u2019aurai plus vu ma vie sur un terrain de sport, mais \u00e0 d\u00e9faut d\u2019en faire en haut niveau, je le partage avec vous.","sameAs":["https:\/\/www.facebook.com\/soocube","https:\/\/x.com\/https:\/\/twitter.com\/soocube","admin"],"url":"https:\/\/dicodusport.fr\/blog\/author\/sophie\/"}]}},"_links":{"self":[{"href":"https:\/\/dicodusport.fr\/blog\/wp-json\/wp\/v2\/posts\/634408","targetHints":{"allow":["GET"]}}],"collection":[{"href":"https:\/\/dicodusport.fr\/blog\/wp-json\/wp\/v2\/posts"}],"about":[{"href":"https:\/\/dicodusport.fr\/blog\/wp-json\/wp\/v2\/types\/post"}],"author":[{"embeddable":true,"href":"https:\/\/dicodusport.fr\/blog\/wp-json\/wp\/v2\/users\/18"}],"replies":[{"embeddable":true,"href":"https:\/\/dicodusport.fr\/blog\/wp-json\/wp\/v2\/comments?post=634408"}],"version-history":[{"count":5,"href":"https:\/\/dicodusport.fr\/blog\/wp-json\/wp\/v2\/posts\/634408\/revisions"}],"predecessor-version":[{"id":634418,"href":"https:\/\/dicodusport.fr\/blog\/wp-json\/wp\/v2\/posts\/634408\/revisions\/634418"}],"wp:featuredmedia":[{"embeddable":true,"href":"https:\/\/dicodusport.fr\/blog\/wp-json\/wp\/v2\/media\/634413"}],"wp:attachment":[{"href":"https:\/\/dicodusport.fr\/blog\/wp-json\/wp\/v2\/media?parent=634408"}],"wp:term":[{"taxonomy":"category","embeddable":true,"href":"https:\/\/dicodusport.fr\/blog\/wp-json\/wp\/v2\/categories?post=634408"},{"taxonomy":"post_tag","embeddable":true,"href":"https:\/\/dicodusport.fr\/blog\/wp-json\/wp\/v2\/tags?post=634408"}],"curies":[{"name":"wp","href":"https:\/\/api.w.org\/{rel}","templated":true}]}}