{"id":634646,"date":"2025-12-28T16:19:44","date_gmt":"2025-12-28T15:19:44","guid":{"rendered":"https:\/\/dicodusport.fr\/blog\/?p=634646&#038;preview=true&#038;preview_id=634646"},"modified":"2025-12-28T16:19:58","modified_gmt":"2025-12-28T15:19:58","slug":"cyclo-cross-dendermonde-2025-classement-et-resultats-course-hommes","status":"publish","type":"post","link":"https:\/\/dicodusport.fr\/blog\/cyclo-cross-dendermonde-2025-classement-et-resultats-course-hommes\/","title":{"rendered":"Cyclo-cross Dendermonde 2025 : Classement et r\u00e9sultats course hommes"},"content":{"rendered":"<p style=\"text-align: justify;\"><em><strong>Retrouvez les r\u00e9sultats complets et le classement de la course hommes \u00e0 Dendermonde (Belgique), huiti\u00e8me manche de la Coupe du monde de cyclo-cross 2025-2026.<\/strong><\/em><\/p>\n<ul>\n<li style=\"text-align: justify;\"><strong>\u00c0 ce sujet &#8211; <a href=\"https:\/\/dicodusport.fr\/blog\/cyclo-cross-coupe-du-monde-2025-2026-calendrier-complet-dates-et-horaires\/\">Cyclo-cross Coupe du monde 2025-2026 \u2013 Calendrier complet, dates et horaires<\/a><\/strong><\/li>\n<\/ul>\n<p style=\"text-align: justify;\">La manche de <strong>Coupe du monde de cyclo-cross<\/strong> de <strong>Dendermonde<\/strong> propose ce <strong>dimanche 28 d\u00e9cembre<\/strong> une course hommes \u00e9lite qui s\u2019annonce particuli\u00e8rement ouverte. En l\u2019absence de <a href=\"https:\/\/dicodusport.fr\/blog\/tag\/mathieu-van-der-poel\/\"><strong>Mathieu van der Poel<\/strong><\/a>, la lutte pour la victoire promet un sc\u00e9nario diff\u00e9rent, o\u00f9 la r\u00e9sistance, la r\u00e9gularit\u00e9 et la capacit\u00e9 \u00e0 dompter un terrain exigeant seront plus que jamais d\u00e9terminantes.<\/p>\n<h2>Parcours et favoris<\/h2>\n<p style=\"text-align: justify;\">Le parcours de <strong>Dendermonde<\/strong>, install\u00e9 sur un terrain plat mais expos\u00e9, est r\u00e9put\u00e9 pour devenir extr\u00eamement s\u00e9lectif lorsque la boue s\u2019en m\u00eale. Les longues lignes droites balay\u00e9es par le vent, les zones collantes o\u00f9 le v\u00e9lo semble se figer et les relances incessantes mettent les organismes \u00e0 rude \u00e9preuve. Ici, la course se construit souvent sur la dur\u00e9e, avec des \u00e9carts qui se creusent progressivement \u00e0 mesure que la fatigue s\u2019installe.<\/p>\n<p style=\"text-align: justify;\">Dans ce contexte, <a href=\"https:\/\/dicodusport.fr\/blog\/tag\/wout-van-aert\/\"><strong>Wout Van Aert<\/strong><\/a> fait figure de principal favori s\u2019il est bien au d\u00e9part. Le Belge poss\u00e8de toutes les qualit\u00e9s requises pour briller \u00e0 Dendermonde : puissance, endurance et aisance dans les conditions lourdes. Sur un circuit qui r\u00e9compense la capacit\u00e9 \u00e0 maintenir un effort \u00e9lev\u00e9 sur la dur\u00e9e, il constitue une r\u00e9f\u00e9rence naturelle.<\/p>\n<p style=\"text-align: justify;\">Derri\u00e8re lui, la lutte s\u2019annonce intense entre plusieurs sp\u00e9cialistes du cyclo-cross. <strong>Michael Vanthourenhout<\/strong>, tr\u00e8s r\u00e9gulier depuis le d\u00e9but de la saison, appr\u00e9cie les trac\u00e9s exigeants o\u00f9 la constance prime sur l\u2019explosivit\u00e9 pure. Son sens de la course et sa solidit\u00e9 peuvent lui permettre de jouer la victoire ou, \u00e0 tout le moins, le podium. Son compatriote <strong>Joran Wyseure<\/strong> est \u00e9galement \u00e0 surveiller : en nette progression, il se montre de plus en plus performant sur les terrains lourds et pourrait profiter d\u2019un sc\u00e9nario d\u2019usure.<\/p>\n<p style=\"text-align: justify;\">Le N\u00e9erlandais <strong>Lars van der Haar<\/strong> et le Belge <strong>Thibau Nys<\/strong> figurent eux aussi parmi les hommes \u00e0 suivre. Le premier, exp\u00e9riment\u00e9, excelle lorsque la course devient tactique et difficile, tandis que le second, plus explosif, cherchera \u00e0 faire la diff\u00e9rence dans les phases rapides du circuit, \u00e0 condition de bien g\u00e9rer la longueur de l\u2019effort.<\/p>\n<div class=\"vlp-link-container vlp-layout-article\"><a href=\"https:\/\/dicodusport.fr\/blog\/classement-general-actualise-de-la-coupe-du-monde-cyclo-cross-hommes-2025-2026\/\" class=\"vlp-link\" title=\"Classement g\u00e9n\u00e9ral actualis\u00e9 de la Coupe du monde cyclo-cross hommes 2025-2026\"><\/a><div class=\"vlp-layout-zone-side\"><div class=\"vlp-block-4 vlp-link-image\"><img loading=\"lazy\" decoding=\"async\" style=\"max-width: 792px;\" width=\"792\" height=\"445\" src=\"https:\/\/dicodusport.fr\/blog\/wp-content\/uploads\/2025\/11\/Classement-general-actualise-de-la-Coupe-du-monde-cyclo-cross-hommes-2025-2026.png\" class=\"attachment-800x445 size-800x445\" alt=\"Classement g\u00e9n\u00e9ral actualis\u00e9 de la Coupe du monde cyclo-cross hommes 2025-2026\" srcset=\"https:\/\/dicodusport.fr\/blog\/wp-content\/uploads\/2025\/11\/Classement-general-actualise-de-la-Coupe-du-monde-cyclo-cross-hommes-2025-2026.png 1200w, https:\/\/dicodusport.fr\/blog\/wp-content\/uploads\/2025\/11\/Classement-general-actualise-de-la-Coupe-du-monde-cyclo-cross-hommes-2025-2026-300x169.png 300w, https:\/\/dicodusport.fr\/blog\/wp-content\/uploads\/2025\/11\/Classement-general-actualise-de-la-Coupe-du-monde-cyclo-cross-hommes-2025-2026-1024x575.png 1024w, https:\/\/dicodusport.fr\/blog\/wp-content\/uploads\/2025\/11\/Classement-general-actualise-de-la-Coupe-du-monde-cyclo-cross-hommes-2025-2026-768x431.png 768w\" sizes=\"auto, (max-width: 792px) 100vw, 792px\" \/><\/div><\/div><div class=\"vlp-layout-zone-main\"><div class=\"vlp-block-0 vlp-link-title\">Classement g\u00e9n\u00e9ral actualis\u00e9 de la Coupe du monde cyclo-cross hommes 2025-2026<\/div><div class=\"vlp-block-1 vlp-link-summary\">Retrouvez le classement g\u00e9n\u00e9ral de la Coupe du monde hommes de cyclo-cross 2025-2026, mis \u00e0 jour apr\u00e8s chaque manche disput\u00e9e.<\/div><div class=\"vlp-block-2 vlp-link-button\">Lire l'article<\/div><div class=\"vlp-block-3 vlp-link-url\">dicodusport.fr<\/div><\/div><\/div>\n<h2 style=\"text-align: justify;\">Coupe du monde de cyclo-cross \u00e0 Dendermonde &#8211; Classement et r\u00e9sultats course hommes<\/h2>\n<p style=\"text-align: justify;\"><span style=\"font-size: 14px;\"><strong><em>Classement officiel mis \u00e0 jour \u00e0 l&rsquo;issue de la course.<\/em><\/strong><\/span><\/p>\n<div class=\"su-table su-table-alternate\">\n<table style=\"width: 800px;border-collapse: collapse\" border=\"1\">\n<tbody>\n<tr style=\"height: 24px\">\n<td style=\"border-color: #ebebeb;height: 24px;text-align: center;width: 80px;vertical-align: middle\">\ud83c\udfc6<\/td>\n<td style=\"border-color: #ebebeb;height: 24px;text-align: center;width: 500px;vertical-align: middle\"><span style=\"font-size: 0.9em\"><strong>COUREUSES<\/strong><\/span><\/td>\n<td style=\"border-color: #ebebeb;height: 24px;text-align: center;width: 220px;vertical-align: middle\"><span style=\"font-size: 0.9em\"><strong>TEMPS \/ \u00c9CART<\/strong><\/span><\/td>\n<\/tr>\n<tr style=\"height: 24px\">\n<td style=\"border-color: #ebebeb;height: 24px;text-align: center;width: 80px;vertical-align: middle\"><strong><span class=\"su-label su-label-type-warning\">1.<\/span><\/strong><\/td>\n<td style=\"border-color: #ebebeb;text-align: center;width: 500px;vertical-align: middle\"><span style=\"font-size: 0.9em\"><strong>\ud83c\udde7\ud83c\uddea THIBAU NYS<br \/>\n<\/strong><span style=\"font-size: 0.8em\">BALOISE GLOWI LIONS<\/span><\/span><\/td>\n<td style=\"border-color: #ebebeb;text-align: center;width: 220px;vertical-align: middle\"><span style=\"font-size: 0.9em\"><strong>1h01m29s<\/strong><\/span><\/td>\n<\/tr>\n<tr>\n<td style=\"border-color: #ebebeb;text-align: center;width: 80px;vertical-align: middle\"><strong><span class=\"su-label su-label-type-default\">2.<\/span><\/strong><\/td>\n<td style=\"border-color: #ebebeb;text-align: center;width: 500px;vertical-align: middle\"><span style=\"font-size: 0.9em\"><strong>\ud83c\uddf3\ud83c\uddf1 TIBOR DEL GROSSO<br \/>\n<\/strong><span style=\"font-size: 0.8em\">ALPECIN &#8211; DECEUNINCK<\/span><\/span><\/td>\n<td style=\"border-color: #ebebeb;text-align: center;width: 220px;vertical-align: middle\"><span style=\"font-size: 0.9em\"><strong>\u00e0 2s<\/strong><\/span><\/td>\n<\/tr>\n<tr>\n<td style=\"border-color: #ebebeb;text-align: center;width: 80px;vertical-align: middle\"><strong><span class=\"su-label su-label-type-important\">3.<\/span><\/strong><\/td>\n<td style=\"border-color: #ebebeb;text-align: center;width: 500px;vertical-align: middle\"><span style=\"font-size: 0.9em\"><strong>\ud83c\udde7\ud83c\uddea LAURENS SWEECK<br \/>\n<\/strong><span style=\"font-size: 0.8em\">CRELAN &#8211; CORENDON<\/span><\/span><\/td>\n<td style=\"border-color: #ebebeb;text-align: center;width: 220px;vertical-align: middle\"><span style=\"font-size: 0.9em\"><strong>\u00e0 5s<\/strong><\/span><\/td>\n<\/tr>\n<tr>\n<td style=\"border-color: #ebebeb;text-align: center;width: 80px;vertical-align: middle\"><span style=\"font-size: 0.9em\">4.<\/span><\/td>\n<td style=\"border-color: #ebebeb;text-align: center;width: 500px;vertical-align: middle\"><span style=\"font-size: 0.9em\"><strong>\ud83c\udde7\ud83c\uddea EMIEL VERSTRYNGE<br \/>\n<\/strong><span style=\"font-size: 0.8em\">CRELAN &#8211; CORENDON<\/span><\/span><\/td>\n<td style=\"border-color: #ebebeb;text-align: center;width: 220px;vertical-align: middle\"><span style=\"font-size: 0.9em\"><strong>\u00e0 6s<\/strong><\/span><\/td>\n<\/tr>\n<tr>\n<td style=\"border-color: #ebebeb;text-align: center;width: 80px;vertical-align: middle\"><span style=\"font-size: 0.9em\">5.<\/span><\/td>\n<td style=\"border-color: #ebebeb;text-align: center;width: 500px;vertical-align: middle\"><span style=\"font-size: 0.9em\"><strong>\ud83c\udde7\ud83c\uddea NIELS VANDEPUTTE<br \/>\n<\/strong><span style=\"font-size: 0.8em\">ALPECIN &#8211; DECEUNINCK<\/span><\/span><\/td>\n<td style=\"border-color: #ebebeb;text-align: center;width: 220px;vertical-align: middle\"><span style=\"font-size: 0.9em\"><strong>\u00e0 8s<\/strong><\/span><\/td>\n<\/tr>\n<tr>\n<td style=\"border-color: #ebebeb;text-align: center;width: 80px;vertical-align: middle\"><span style=\"font-size: 0.9em\">6.<\/span><\/td>\n<td style=\"border-color: #ebebeb;text-align: center;width: 500px;vertical-align: middle\"><span style=\"font-size: 0.9em\"><strong>\ud83c\uddf3\ud83c\uddf1 WOUT VAN AERT<br \/>\n<\/strong><span style=\"font-size: 0.8em\">TEAM VISMA | LEASE A BIKE<\/span><\/span><\/td>\n<td style=\"border-color: #ebebeb;text-align: center;width: 220px;vertical-align: middle\"><span style=\"font-size: 0.9em\"><strong>\u00e0 8s<\/strong><\/span><\/td>\n<\/tr>\n<tr>\n<td style=\"border-color: #ebebeb;text-align: center;width: 80px;vertical-align: middle\"><span style=\"font-size: 0.9em\">7.<\/span><\/td>\n<td style=\"border-color: #ebebeb;text-align: center;width: 500px;vertical-align: middle\"><span style=\"font-size: 0.9em\"><strong>\ud83c\udde7\ud83c\uddea MICHAEL VANTHOURENHOUT<br \/>\n<\/strong><span style=\"font-size: 0.8em\">PAUWELS SAUZEN &#8211; ALTEZ INDUSTRIEBOUW<\/span><\/span><\/td>\n<td style=\"border-color: #ebebeb;text-align: center;width: 220px;vertical-align: middle\"><span style=\"font-size: 0.9em\"><strong>\u00e0 12s<\/strong><\/span><\/td>\n<\/tr>\n<tr>\n<td style=\"border-color: #ebebeb;text-align: center;width: 80px;vertical-align: middle\"><span style=\"font-size: 0.9em\">8.<\/span><\/td>\n<td style=\"border-color: #ebebeb;text-align: center;width: 500px;vertical-align: middle\"><span style=\"font-size: 0.9em\"><strong>\ud83c\uddea\ud83c\uddf8 FELIPE ORTS LLORET<br \/>\n<\/strong><span style=\"font-size: 0.8em\">RIDLEY RACING TEAM<\/span><\/span><\/td>\n<td style=\"border-color: #ebebeb;text-align: center;width: 220px;vertical-align: middle\"><span style=\"font-size: 0.9em\"><strong>\u00e0 15s<\/strong><\/span><\/td>\n<\/tr>\n<tr>\n<td style=\"border-color: #ebebeb;text-align: center;width: 80px;vertical-align: middle\"><span style=\"font-size: 0.9em\">9.<\/span><\/td>\n<td style=\"border-color: #ebebeb;text-align: center;width: 500px;vertical-align: middle\"><span style=\"font-size: 0.9em\"><strong>\ud83c\uddf3\ud83c\uddf1 MEES HENDRIKX<br \/>\n<\/strong><span style=\"font-size: 0.8em\">HEIZOMAT &#8211; CUBE<\/span><\/span><\/td>\n<td style=\"border-color: #ebebeb;text-align: center;width: 220px;vertical-align: middle\"><span style=\"font-size: 0.9em\"><strong>\u00e0 25s<\/strong><\/span><\/td>\n<\/tr>\n<tr>\n<td style=\"border-color: #ebebeb;text-align: center;width: 80px;vertical-align: middle\"><span style=\"font-size: 0.9em\">10.<\/span><\/td>\n<td style=\"border-color: #ebebeb;text-align: center;width: 500px;vertical-align: middle\"><span style=\"font-size: 0.9em\"><strong>\ud83c\udde7\ud83c\uddea TOON AERTS<br \/>\n<\/strong><span style=\"font-size: 0.8em\">DESCHACHT &#8211; HENS CX TEAM<\/span><\/span><\/td>\n<td style=\"border-color: #ebebeb;text-align: center;width: 220px;vertical-align: middle\"><span style=\"font-size: 0.9em\"><strong>\u00e0 34s<\/strong><\/span><\/td>\n<\/tr>\n<\/tbody>\n<\/table>\n<\/div>\n<ul>\n<li style=\"text-align: justify;\"><a href=\"https:\/\/cyclocross24.com\/fr\/race\/17939\/\"><strong>Le classement complet de la course<\/strong><\/a><\/li>\n<\/ul>\n","protected":false},"excerpt":{"rendered":"<p>Retrouvez les r\u00e9sultats complets et le classement de la course hommes \u00e0 Dendermonde (Belgique), huiti\u00e8me manche de la Coupe du monde de cyclo-cross 2025-2026.<\/p>\n","protected":false},"author":4,"featured_media":634649,"comment_status":"open","ping_status":"closed","sticky":false,"template":"","format":"standard","meta":{"_acf_changed":false,"_daextam_enable_autolinks":"1","footnotes":""},"categories":[9611],"tags":[16878,20902,6666],"class_list":["post-634646","post","type-post","status-publish","format-standard","has-post-thumbnail","hentry","category-cyclo-cross","tag-breve","tag-coupe-du-monde-de-cyclo-cross","tag-cyclo-cross"],"acf":[],"yoast_head":"<!-- This site is optimized with the Yoast SEO Premium plugin v26.7 (Yoast SEO v26.7) - https:\/\/yoast.com\/wordpress\/plugins\/seo\/ -->\n<title>Cyclo-cross Dendermonde 2025 : Classement et r\u00e9sultats course hommes<\/title>\n<meta name=\"description\" content=\"Retrouvez les r\u00e9sultats complets et le classement de la course hommes \u00e0 Dendermonde (Belgique), huiti\u00e8me manche de la Coupe du monde de cyclo-cross 2025-2026.\" \/>\n<meta name=\"robots\" content=\"index, follow, max-snippet:-1, max-image-preview:large, max-video-preview:-1\" \/>\n<link rel=\"canonical\" href=\"https:\/\/dicodusport.fr\/blog\/cyclo-cross-dendermonde-2025-classement-et-resultats-course-hommes\/\" \/>\n<meta property=\"og:locale\" content=\"fr_FR\" \/>\n<meta property=\"og:type\" content=\"article\" \/>\n<meta property=\"og:title\" content=\"Cyclo-cross Dendermonde 2025 : Classement et r\u00e9sultats course hommes\" \/>\n<meta property=\"og:description\" content=\"Retrouvez les r\u00e9sultats complets et le classement de la course hommes \u00e0 Dendermonde (Belgique), huiti\u00e8me manche de la Coupe du monde de cyclo-cross 2025-2026.\" \/>\n<meta property=\"og:url\" content=\"https:\/\/dicodusport.fr\/blog\/cyclo-cross-dendermonde-2025-classement-et-resultats-course-hommes\/\" \/>\n<meta property=\"og:site_name\" content=\"Dicodusport\" \/>\n<meta property=\"article:publisher\" content=\"https:\/\/www.facebook.com\/dicodusport\" \/>\n<meta property=\"article:author\" content=\"https:\/\/www.facebook.com\/florent.ostermann\" \/>\n<meta property=\"article:published_time\" content=\"2025-12-28T15:19:44+00:00\" \/>\n<meta property=\"article:modified_time\" content=\"2025-12-28T15:19:58+00:00\" \/>\n<meta property=\"og:image\" content=\"https:\/\/dicodusport.fr\/blog\/wp-content\/uploads\/2025\/12\/Cyclo-cross-Dendermonde-2025-Classement-et-resultats-course-hommes.png\" \/>\n\t<meta property=\"og:image:width\" content=\"1200\" \/>\n\t<meta property=\"og:image:height\" content=\"674\" \/>\n\t<meta property=\"og:image:type\" content=\"image\/png\" \/>\n<meta name=\"author\" content=\"Flo Ostermann\" \/>\n<meta name=\"twitter:card\" content=\"summary_large_image\" \/>\n<meta name=\"twitter:creator\" content=\"@https:\/\/twitter.com\/FlOstermann\" \/>\n<meta name=\"twitter:site\" content=\"@dicodusport\" \/>\n<script type=\"application\/ld+json\" class=\"yoast-schema-graph\">{\"@context\":\"https:\/\/schema.org\",\"@graph\":[{\"@type\":\"NewsArticle\",\"@id\":\"https:\/\/dicodusport.fr\/blog\/cyclo-cross-dendermonde-2025-classement-et-resultats-course-hommes\/#article\",\"isPartOf\":{\"@id\":\"https:\/\/dicodusport.fr\/blog\/cyclo-cross-dendermonde-2025-classement-et-resultats-course-hommes\/\"},\"author\":{\"name\":\"Flo Ostermann\",\"@id\":\"https:\/\/dicodusport.fr\/blog\/#\/schema\/person\/cb02af4c173ce4a653b55e9baf388d4a\"},\"headline\":\"Cyclo-cross Dendermonde 2025 : Classement et r\u00e9sultats course hommes\",\"datePublished\":\"2025-12-28T15:19:44+00:00\",\"dateModified\":\"2025-12-28T15:19:58+00:00\",\"mainEntityOfPage\":{\"@id\":\"https:\/\/dicodusport.fr\/blog\/cyclo-cross-dendermonde-2025-classement-et-resultats-course-hommes\/\"},\"wordCount\":623,\"commentCount\":0,\"publisher\":{\"@id\":\"https:\/\/dicodusport.fr\/blog\/#organization\"},\"image\":{\"@id\":\"https:\/\/dicodusport.fr\/blog\/cyclo-cross-dendermonde-2025-classement-et-resultats-course-hommes\/#primaryimage\"},\"thumbnailUrl\":\"https:\/\/dicodusport.fr\/blog\/wp-content\/uploads\/2025\/12\/Cyclo-cross-Dendermonde-2025-Classement-et-resultats-course-hommes.png\",\"keywords\":[\"br\u00e8ve\",\"Coupe du monde de cyclo-cross\",\"Cyclo-cross\"],\"articleSection\":[\"Cyclo-cross\"],\"inLanguage\":\"fr-FR\",\"potentialAction\":[{\"@type\":\"CommentAction\",\"name\":\"Comment\",\"target\":[\"https:\/\/dicodusport.fr\/blog\/cyclo-cross-dendermonde-2025-classement-et-resultats-course-hommes\/#respond\"]}],\"copyrightYear\":\"2025\",\"copyrightHolder\":{\"@id\":\"https:\/\/dicodusport.fr\/blog\/#organization\"}},{\"@type\":\"WebPage\",\"@id\":\"https:\/\/dicodusport.fr\/blog\/cyclo-cross-dendermonde-2025-classement-et-resultats-course-hommes\/\",\"url\":\"https:\/\/dicodusport.fr\/blog\/cyclo-cross-dendermonde-2025-classement-et-resultats-course-hommes\/\",\"name\":\"Cyclo-cross Dendermonde 2025 : Classement et r\u00e9sultats course hommes\",\"isPartOf\":{\"@id\":\"https:\/\/dicodusport.fr\/blog\/#website\"},\"primaryImageOfPage\":{\"@id\":\"https:\/\/dicodusport.fr\/blog\/cyclo-cross-dendermonde-2025-classement-et-resultats-course-hommes\/#primaryimage\"},\"image\":{\"@id\":\"https:\/\/dicodusport.fr\/blog\/cyclo-cross-dendermonde-2025-classement-et-resultats-course-hommes\/#primaryimage\"},\"thumbnailUrl\":\"https:\/\/dicodusport.fr\/blog\/wp-content\/uploads\/2025\/12\/Cyclo-cross-Dendermonde-2025-Classement-et-resultats-course-hommes.png\",\"datePublished\":\"2025-12-28T15:19:44+00:00\",\"dateModified\":\"2025-12-28T15:19:58+00:00\",\"description\":\"Retrouvez les r\u00e9sultats complets et le classement de la course hommes \u00e0 Dendermonde (Belgique), huiti\u00e8me manche de la Coupe du monde de cyclo-cross 2025-2026.\",\"breadcrumb\":{\"@id\":\"https:\/\/dicodusport.fr\/blog\/cyclo-cross-dendermonde-2025-classement-et-resultats-course-hommes\/#breadcrumb\"},\"inLanguage\":\"fr-FR\",\"potentialAction\":[{\"@type\":\"ReadAction\",\"target\":[\"https:\/\/dicodusport.fr\/blog\/cyclo-cross-dendermonde-2025-classement-et-resultats-course-hommes\/\"]}]},{\"@type\":\"ImageObject\",\"inLanguage\":\"fr-FR\",\"@id\":\"https:\/\/dicodusport.fr\/blog\/cyclo-cross-dendermonde-2025-classement-et-resultats-course-hommes\/#primaryimage\",\"url\":\"https:\/\/dicodusport.fr\/blog\/wp-content\/uploads\/2025\/12\/Cyclo-cross-Dendermonde-2025-Classement-et-resultats-course-hommes.png\",\"contentUrl\":\"https:\/\/dicodusport.fr\/blog\/wp-content\/uploads\/2025\/12\/Cyclo-cross-Dendermonde-2025-Classement-et-resultats-course-hommes.png\",\"width\":1200,\"height\":674,\"caption\":\"Cyclo-cross Dendermonde 2025 Classement et r\u00e9sultats course hommes\"},{\"@type\":\"BreadcrumbList\",\"@id\":\"https:\/\/dicodusport.fr\/blog\/cyclo-cross-dendermonde-2025-classement-et-resultats-course-hommes\/#breadcrumb\",\"itemListElement\":[{\"@type\":\"ListItem\",\"position\":1,\"name\":\"Accueil\",\"item\":\"https:\/\/dicodusport.fr\/blog\/\"},{\"@type\":\"ListItem\",\"position\":2,\"name\":\"Cyclo-cross Dendermonde 2025 : Classement et r\u00e9sultats course hommes\"}]},{\"@type\":\"WebSite\",\"@id\":\"https:\/\/dicodusport.fr\/blog\/#website\",\"url\":\"https:\/\/dicodusport.fr\/blog\/\",\"name\":\"Dicodusport\",\"description\":\"L&#039;encyclop\u00e9die de l&#039;actualit\u00e9 sportive\",\"publisher\":{\"@id\":\"https:\/\/dicodusport.fr\/blog\/#organization\"},\"potentialAction\":[{\"@type\":\"SearchAction\",\"target\":{\"@type\":\"EntryPoint\",\"urlTemplate\":\"https:\/\/dicodusport.fr\/blog\/?s={search_term_string}\"},\"query-input\":{\"@type\":\"PropertyValueSpecification\",\"valueRequired\":true,\"valueName\":\"search_term_string\"}}],\"inLanguage\":\"fr-FR\"},{\"@type\":\"NewsMediaOrganization\",\"@id\":\"https:\/\/dicodusport.fr\/blog\/#organization\",\"name\":\"Dicodusport\",\"url\":\"https:\/\/dicodusport.fr\/blog\/\",\"logo\":{\"@type\":\"ImageObject\",\"inLanguage\":\"fr-FR\",\"@id\":\"https:\/\/dicodusport.fr\/blog\/#\/schema\/logo\/image\/\",\"url\":\"https:\/\/dicodusport.fr\/blog\/wp-content\/uploads\/2020\/06\/cropped-LOGO-DICODUSPORT-2020-SANS-FOND-SANS-TEXTE.png\",\"contentUrl\":\"https:\/\/dicodusport.fr\/blog\/wp-content\/uploads\/2020\/06\/cropped-LOGO-DICODUSPORT-2020-SANS-FOND-SANS-TEXTE.png\",\"width\":512,\"height\":512,\"caption\":\"Dicodusport\"},\"image\":{\"@id\":\"https:\/\/dicodusport.fr\/blog\/#\/schema\/logo\/image\/\"},\"sameAs\":[\"https:\/\/www.facebook.com\/dicodusport\",\"https:\/\/x.com\/dicodusport\",\"https:\/\/www.instagram.com\/dicodusport\/\",\"https:\/\/www.youtube.com\/channel\/UC7V2KZ5sd3htJivAbA4ZG3w\"],\"description\":\"Dicodusport est l'encyclop\u00e9die de l'actualit\u00e9 sportive.\",\"email\":\"bonjour@dicodusport.fr\",\"legalName\":\"DICODUSPORT\",\"foundingDate\":\"2018-01-14\",\"vatID\":\"FR71834470973\",\"taxID\":\"83447097300043\",\"numberOfEmployees\":{\"@type\":\"QuantitativeValue\",\"minValue\":\"1\",\"maxValue\":\"10\"}},{\"@type\":\"Person\",\"@id\":\"https:\/\/dicodusport.fr\/blog\/#\/schema\/person\/cb02af4c173ce4a653b55e9baf388d4a\",\"name\":\"Flo Ostermann\",\"image\":{\"@type\":\"ImageObject\",\"inLanguage\":\"fr-FR\",\"@id\":\"https:\/\/dicodusport.fr\/blog\/#\/schema\/person\/image\/\",\"url\":\"https:\/\/dicodusport.fr\/blog\/wp-content\/uploads\/2021\/05\/Flo-Ostermann-150x150.jpg\",\"contentUrl\":\"https:\/\/dicodusport.fr\/blog\/wp-content\/uploads\/2021\/05\/Flo-Ostermann-150x150.jpg\",\"caption\":\"Flo Ostermann\"},\"description\":\"Journaliste\/R\u00e9dacteur depuis septembre 2015 - Mes premiers souvenirs dans le sport ? Les envol\u00e9es du Stade Toulousain et les duels Villeneuve-Schumacher et H\u00e4kkinen-Schumacher \u00e0 la fin des ann\u00e9es 90, la Coupe du monde de football en 1998, l\u2019exploit du XV de France face aux All Blacks en 1999, mais aussi Richard C\u0153ur de Lion qui vole sur les montagnes du Tour de France. Bien parti pour devenir professeur d\u2019EPS, les \u00e9v\u00e9nements de la vie (et la flemme d\u2019animer des s\u00e9ances de 3x500 m\u00e8tres toute ma vie) m\u2019ont conduit \u00e0 revoir mes plans. Me voil\u00e0 depuis fin 2017 sur Dicodusport, m\u00e9dia gr\u00e2ce (et pour) lequel je partage ma passion : le sport dans tous ses \u00e9tats. Le tout accompagn\u00e9 par les fous furieux et folles furieuses cit\u00e9s sur cette page !\",\"sameAs\":[\"https:\/\/www.facebook.com\/florent.ostermann\",\"https:\/\/x.com\/https:\/\/twitter.com\/FlOstermann\",\"admin\"],\"url\":\"https:\/\/dicodusport.fr\/blog\/author\/flo\/\"}]}<\/script>\n<!-- \/ Yoast SEO Premium plugin. -->","yoast_head_json":{"title":"Cyclo-cross Dendermonde 2025 : Classement et r\u00e9sultats course hommes","description":"Retrouvez les r\u00e9sultats complets et le classement de la course hommes \u00e0 Dendermonde (Belgique), huiti\u00e8me manche de la Coupe du monde de cyclo-cross 2025-2026.","robots":{"index":"index","follow":"follow","max-snippet":"max-snippet:-1","max-image-preview":"max-image-preview:large","max-video-preview":"max-video-preview:-1"},"canonical":"https:\/\/dicodusport.fr\/blog\/cyclo-cross-dendermonde-2025-classement-et-resultats-course-hommes\/","og_locale":"fr_FR","og_type":"article","og_title":"Cyclo-cross Dendermonde 2025 : Classement et r\u00e9sultats course hommes","og_description":"Retrouvez les r\u00e9sultats complets et le classement de la course hommes \u00e0 Dendermonde (Belgique), huiti\u00e8me manche de la Coupe du monde de cyclo-cross 2025-2026.","og_url":"https:\/\/dicodusport.fr\/blog\/cyclo-cross-dendermonde-2025-classement-et-resultats-course-hommes\/","og_site_name":"Dicodusport","article_publisher":"https:\/\/www.facebook.com\/dicodusport","article_author":"https:\/\/www.facebook.com\/florent.ostermann","article_published_time":"2025-12-28T15:19:44+00:00","article_modified_time":"2025-12-28T15:19:58+00:00","og_image":[{"width":1200,"height":674,"url":"https:\/\/dicodusport.fr\/blog\/wp-content\/uploads\/2025\/12\/Cyclo-cross-Dendermonde-2025-Classement-et-resultats-course-hommes.png","type":"image\/png"}],"author":"Flo Ostermann","twitter_card":"summary_large_image","twitter_creator":"@https:\/\/twitter.com\/FlOstermann","twitter_site":"@dicodusport","schema":{"@context":"https:\/\/schema.org","@graph":[{"@type":"NewsArticle","@id":"https:\/\/dicodusport.fr\/blog\/cyclo-cross-dendermonde-2025-classement-et-resultats-course-hommes\/#article","isPartOf":{"@id":"https:\/\/dicodusport.fr\/blog\/cyclo-cross-dendermonde-2025-classement-et-resultats-course-hommes\/"},"author":{"name":"Flo Ostermann","@id":"https:\/\/dicodusport.fr\/blog\/#\/schema\/person\/cb02af4c173ce4a653b55e9baf388d4a"},"headline":"Cyclo-cross Dendermonde 2025 : Classement et r\u00e9sultats course hommes","datePublished":"2025-12-28T15:19:44+00:00","dateModified":"2025-12-28T15:19:58+00:00","mainEntityOfPage":{"@id":"https:\/\/dicodusport.fr\/blog\/cyclo-cross-dendermonde-2025-classement-et-resultats-course-hommes\/"},"wordCount":623,"commentCount":0,"publisher":{"@id":"https:\/\/dicodusport.fr\/blog\/#organization"},"image":{"@id":"https:\/\/dicodusport.fr\/blog\/cyclo-cross-dendermonde-2025-classement-et-resultats-course-hommes\/#primaryimage"},"thumbnailUrl":"https:\/\/dicodusport.fr\/blog\/wp-content\/uploads\/2025\/12\/Cyclo-cross-Dendermonde-2025-Classement-et-resultats-course-hommes.png","keywords":["br\u00e8ve","Coupe du monde de cyclo-cross","Cyclo-cross"],"articleSection":["Cyclo-cross"],"inLanguage":"fr-FR","potentialAction":[{"@type":"CommentAction","name":"Comment","target":["https:\/\/dicodusport.fr\/blog\/cyclo-cross-dendermonde-2025-classement-et-resultats-course-hommes\/#respond"]}],"copyrightYear":"2025","copyrightHolder":{"@id":"https:\/\/dicodusport.fr\/blog\/#organization"}},{"@type":"WebPage","@id":"https:\/\/dicodusport.fr\/blog\/cyclo-cross-dendermonde-2025-classement-et-resultats-course-hommes\/","url":"https:\/\/dicodusport.fr\/blog\/cyclo-cross-dendermonde-2025-classement-et-resultats-course-hommes\/","name":"Cyclo-cross Dendermonde 2025 : Classement et r\u00e9sultats course hommes","isPartOf":{"@id":"https:\/\/dicodusport.fr\/blog\/#website"},"primaryImageOfPage":{"@id":"https:\/\/dicodusport.fr\/blog\/cyclo-cross-dendermonde-2025-classement-et-resultats-course-hommes\/#primaryimage"},"image":{"@id":"https:\/\/dicodusport.fr\/blog\/cyclo-cross-dendermonde-2025-classement-et-resultats-course-hommes\/#primaryimage"},"thumbnailUrl":"https:\/\/dicodusport.fr\/blog\/wp-content\/uploads\/2025\/12\/Cyclo-cross-Dendermonde-2025-Classement-et-resultats-course-hommes.png","datePublished":"2025-12-28T15:19:44+00:00","dateModified":"2025-12-28T15:19:58+00:00","description":"Retrouvez les r\u00e9sultats complets et le classement de la course hommes \u00e0 Dendermonde (Belgique), huiti\u00e8me manche de la Coupe du monde de cyclo-cross 2025-2026.","breadcrumb":{"@id":"https:\/\/dicodusport.fr\/blog\/cyclo-cross-dendermonde-2025-classement-et-resultats-course-hommes\/#breadcrumb"},"inLanguage":"fr-FR","potentialAction":[{"@type":"ReadAction","target":["https:\/\/dicodusport.fr\/blog\/cyclo-cross-dendermonde-2025-classement-et-resultats-course-hommes\/"]}]},{"@type":"ImageObject","inLanguage":"fr-FR","@id":"https:\/\/dicodusport.fr\/blog\/cyclo-cross-dendermonde-2025-classement-et-resultats-course-hommes\/#primaryimage","url":"https:\/\/dicodusport.fr\/blog\/wp-content\/uploads\/2025\/12\/Cyclo-cross-Dendermonde-2025-Classement-et-resultats-course-hommes.png","contentUrl":"https:\/\/dicodusport.fr\/blog\/wp-content\/uploads\/2025\/12\/Cyclo-cross-Dendermonde-2025-Classement-et-resultats-course-hommes.png","width":1200,"height":674,"caption":"Cyclo-cross Dendermonde 2025 Classement et r\u00e9sultats course hommes"},{"@type":"BreadcrumbList","@id":"https:\/\/dicodusport.fr\/blog\/cyclo-cross-dendermonde-2025-classement-et-resultats-course-hommes\/#breadcrumb","itemListElement":[{"@type":"ListItem","position":1,"name":"Accueil","item":"https:\/\/dicodusport.fr\/blog\/"},{"@type":"ListItem","position":2,"name":"Cyclo-cross Dendermonde 2025 : Classement et r\u00e9sultats course hommes"}]},{"@type":"WebSite","@id":"https:\/\/dicodusport.fr\/blog\/#website","url":"https:\/\/dicodusport.fr\/blog\/","name":"Dicodusport","description":"L&#039;encyclop\u00e9die de l&#039;actualit\u00e9 sportive","publisher":{"@id":"https:\/\/dicodusport.fr\/blog\/#organization"},"potentialAction":[{"@type":"SearchAction","target":{"@type":"EntryPoint","urlTemplate":"https:\/\/dicodusport.fr\/blog\/?s={search_term_string}"},"query-input":{"@type":"PropertyValueSpecification","valueRequired":true,"valueName":"search_term_string"}}],"inLanguage":"fr-FR"},{"@type":"NewsMediaOrganization","@id":"https:\/\/dicodusport.fr\/blog\/#organization","name":"Dicodusport","url":"https:\/\/dicodusport.fr\/blog\/","logo":{"@type":"ImageObject","inLanguage":"fr-FR","@id":"https:\/\/dicodusport.fr\/blog\/#\/schema\/logo\/image\/","url":"https:\/\/dicodusport.fr\/blog\/wp-content\/uploads\/2020\/06\/cropped-LOGO-DICODUSPORT-2020-SANS-FOND-SANS-TEXTE.png","contentUrl":"https:\/\/dicodusport.fr\/blog\/wp-content\/uploads\/2020\/06\/cropped-LOGO-DICODUSPORT-2020-SANS-FOND-SANS-TEXTE.png","width":512,"height":512,"caption":"Dicodusport"},"image":{"@id":"https:\/\/dicodusport.fr\/blog\/#\/schema\/logo\/image\/"},"sameAs":["https:\/\/www.facebook.com\/dicodusport","https:\/\/x.com\/dicodusport","https:\/\/www.instagram.com\/dicodusport\/","https:\/\/www.youtube.com\/channel\/UC7V2KZ5sd3htJivAbA4ZG3w"],"description":"Dicodusport est l'encyclop\u00e9die de l'actualit\u00e9 sportive.","email":"bonjour@dicodusport.fr","legalName":"DICODUSPORT","foundingDate":"2018-01-14","vatID":"FR71834470973","taxID":"83447097300043","numberOfEmployees":{"@type":"QuantitativeValue","minValue":"1","maxValue":"10"}},{"@type":"Person","@id":"https:\/\/dicodusport.fr\/blog\/#\/schema\/person\/cb02af4c173ce4a653b55e9baf388d4a","name":"Flo Ostermann","image":{"@type":"ImageObject","inLanguage":"fr-FR","@id":"https:\/\/dicodusport.fr\/blog\/#\/schema\/person\/image\/","url":"https:\/\/dicodusport.fr\/blog\/wp-content\/uploads\/2021\/05\/Flo-Ostermann-150x150.jpg","contentUrl":"https:\/\/dicodusport.fr\/blog\/wp-content\/uploads\/2021\/05\/Flo-Ostermann-150x150.jpg","caption":"Flo Ostermann"},"description":"Journaliste\/R\u00e9dacteur depuis septembre 2015 - Mes premiers souvenirs dans le sport ? Les envol\u00e9es du Stade Toulousain et les duels Villeneuve-Schumacher et H\u00e4kkinen-Schumacher \u00e0 la fin des ann\u00e9es 90, la Coupe du monde de football en 1998, l\u2019exploit du XV de France face aux All Blacks en 1999, mais aussi Richard C\u0153ur de Lion qui vole sur les montagnes du Tour de France. Bien parti pour devenir professeur d\u2019EPS, les \u00e9v\u00e9nements de la vie (et la flemme d\u2019animer des s\u00e9ances de 3x500 m\u00e8tres toute ma vie) m\u2019ont conduit \u00e0 revoir mes plans. Me voil\u00e0 depuis fin 2017 sur Dicodusport, m\u00e9dia gr\u00e2ce (et pour) lequel je partage ma passion : le sport dans tous ses \u00e9tats. Le tout accompagn\u00e9 par les fous furieux et folles furieuses cit\u00e9s sur cette page !","sameAs":["https:\/\/www.facebook.com\/florent.ostermann","https:\/\/x.com\/https:\/\/twitter.com\/FlOstermann","admin"],"url":"https:\/\/dicodusport.fr\/blog\/author\/flo\/"}]}},"_links":{"self":[{"href":"https:\/\/dicodusport.fr\/blog\/wp-json\/wp\/v2\/posts\/634646","targetHints":{"allow":["GET"]}}],"collection":[{"href":"https:\/\/dicodusport.fr\/blog\/wp-json\/wp\/v2\/posts"}],"about":[{"href":"https:\/\/dicodusport.fr\/blog\/wp-json\/wp\/v2\/types\/post"}],"author":[{"embeddable":true,"href":"https:\/\/dicodusport.fr\/blog\/wp-json\/wp\/v2\/users\/4"}],"replies":[{"embeddable":true,"href":"https:\/\/dicodusport.fr\/blog\/wp-json\/wp\/v2\/comments?post=634646"}],"version-history":[{"count":4,"href":"https:\/\/dicodusport.fr\/blog\/wp-json\/wp\/v2\/posts\/634646\/revisions"}],"predecessor-version":[{"id":634748,"href":"https:\/\/dicodusport.fr\/blog\/wp-json\/wp\/v2\/posts\/634646\/revisions\/634748"}],"wp:featuredmedia":[{"embeddable":true,"href":"https:\/\/dicodusport.fr\/blog\/wp-json\/wp\/v2\/media\/634649"}],"wp:attachment":[{"href":"https:\/\/dicodusport.fr\/blog\/wp-json\/wp\/v2\/media?parent=634646"}],"wp:term":[{"taxonomy":"category","embeddable":true,"href":"https:\/\/dicodusport.fr\/blog\/wp-json\/wp\/v2\/categories?post=634646"},{"taxonomy":"post_tag","embeddable":true,"href":"https:\/\/dicodusport.fr\/blog\/wp-json\/wp\/v2\/tags?post=634646"}],"curies":[{"name":"wp","href":"https:\/\/api.w.org\/{rel}","templated":true}]}}