{"id":634693,"date":"2025-12-28T14:32:06","date_gmt":"2025-12-28T13:32:06","guid":{"rendered":"https:\/\/dicodusport.fr\/blog\/?p=634693&#038;preview=true&#038;preview_id=634693"},"modified":"2025-12-28T16:08:30","modified_gmt":"2025-12-28T15:08:30","slug":"lucinda-brand-encore-intouchable-a-dendermonde-amandine-fouquenet-collectionne-les-podiums","status":"publish","type":"post","link":"https:\/\/dicodusport.fr\/blog\/lucinda-brand-encore-intouchable-a-dendermonde-amandine-fouquenet-collectionne-les-podiums\/","title":{"rendered":"Lucinda Brand encore intouchable \u00e0 Dendermonde, Amandine Fouquenet collectionne les podiums"},"content":{"rendered":"<p style=\"text-align: justify;\"><strong><em>COUPE DU MONDE DE CYCLO-CROSS 2025\/2026 &#8211; Tout le monde, y compris Amandine Fouquenet, a d\u00fb s&rsquo;incliner \u00e0 Dendermonde devant la sup\u00e9riorit\u00e9 de Lucinda Brand.\u00a0<\/em><\/strong><\/p>\n<ul style=\"text-align: justify;\">\n<li><strong>\u00c0 ce sujet \u2013\u00a0<a href=\"https:\/\/dicodusport.fr\/blog\/cyclo-cross-coupe-du-monde-2025-2026-calendrier-complet-dates-et-horaires\/\">Cyclo-cross Coupe du monde 2025-2026 \u2013 Calendrier complet, dates et horaires<\/a><\/strong><\/li>\n<\/ul>\n<p style=\"text-align: justify;\">Laur\u00e9ate de six des sept manches de la Coupe du monde cette saison, dont la derni\u00e8re pas plus tard que vendredi, <strong>Lucinda Brand<\/strong> (Baloise Glowi Lions) \u00e9tait comme toujours la grande favorite du jour \u00e0 Dendermonde. C\u00f4t\u00e9 fran\u00e7ais, on attendait bien \u00e9videmment <strong>Amandine Fouquenet<\/strong> (Ark\u00e9a &#8211; B&amp;B Hotels Women), trois fois sur le podium cette saison, pour sa derni\u00e8re \u00e9preuve de Coupe du monde sous ses couleurs actuelles.<\/p>\n<div class=\"vlp-link-container vlp-layout-article\"><a href=\"https:\/\/dicodusport.fr\/blog\/troisieme-podium-de-la-saison-pour-amandine-fouquenet-a-gavere-lucinda-brand-simpose-en-patronne\/\" class=\"vlp-link\" title=\"Troisi\u00e8me podium de la saison pour Amandine Fouquenet \u00e0 Gavere, Lucinda Brand s\u2019impose en patronne\"><\/a><div class=\"vlp-layout-zone-side\"><div class=\"vlp-block-4 vlp-link-image\"><img loading=\"lazy\" decoding=\"async\" style=\"max-width: 792px;\" width=\"792\" height=\"445\" src=\"https:\/\/dicodusport.fr\/blog\/wp-content\/uploads\/2025\/12\/Troisieme-podium-de-la-saison-pour-Amandine-Fouquenet-a-Gavere-Lucinda-Brand-simpose-en-patronne.png\" class=\"attachment-800x445 size-800x445\" alt=\"Troisi\u00e8me podium de la saison pour Amandine Fouquenet \u00e0 Gavere, Lucinda Brand s\u2019impose en patronne\" srcset=\"https:\/\/dicodusport.fr\/blog\/wp-content\/uploads\/2025\/12\/Troisieme-podium-de-la-saison-pour-Amandine-Fouquenet-a-Gavere-Lucinda-Brand-simpose-en-patronne.png 1200w, https:\/\/dicodusport.fr\/blog\/wp-content\/uploads\/2025\/12\/Troisieme-podium-de-la-saison-pour-Amandine-Fouquenet-a-Gavere-Lucinda-Brand-simpose-en-patronne-300x169.png 300w, https:\/\/dicodusport.fr\/blog\/wp-content\/uploads\/2025\/12\/Troisieme-podium-de-la-saison-pour-Amandine-Fouquenet-a-Gavere-Lucinda-Brand-simpose-en-patronne-1024x575.png 1024w, https:\/\/dicodusport.fr\/blog\/wp-content\/uploads\/2025\/12\/Troisieme-podium-de-la-saison-pour-Amandine-Fouquenet-a-Gavere-Lucinda-Brand-simpose-en-patronne-768x431.png 768w\" sizes=\"auto, (max-width: 792px) 100vw, 792px\" \/><\/div><\/div><div class=\"vlp-layout-zone-main\"><div class=\"vlp-block-0 vlp-link-title\">Troisi\u00e8me podium de la saison pour Amandine Fouquenet \u00e0 Gavere, Lucinda Brand s\u2019impose en patronne<\/div><div class=\"vlp-block-1 vlp-link-summary\">COUPE DU MONDE DE CYCLO-CROSS - Amandine Fouquenet s\u2019offre un troisi\u00e8me podium cette saison avec une deuxi\u00e8me place \u00e0 Gavere. La Fran\u00e7aise termine derri\u00e8re l\u2019intouchable Lucinda Brand et devant une autre N\u00e9erlandaise, Puck Pieterse.<\/div><div class=\"vlp-block-2 vlp-link-button\">Lire l'article<\/div><div class=\"vlp-block-3 vlp-link-url\">dicodusport.fr<\/div><\/div><\/div>\n<h2 style=\"text-align: justify;\">Les Bleues devant<\/h2>\n<p style=\"text-align: justify;\"><strong>Fouquenet<\/strong> signait d&rsquo;ailleurs le meilleur d\u00e9part, flanqu\u00e9e d&rsquo;une autre Fran\u00e7aise, <strong>C\u00e9lia Gery<\/strong> (AS Bike Racing \/ France Literie). Dans le premier bac \u00e0 sable, <strong>Leonie Bentveld<\/strong> (Pauwels Sauzen &#8211; Altez Industriebouw Cycling Team) gratifiait le public d&rsquo;un magnifique soleil, heureusement sans gravit\u00e9. Ce qui faisait alors que seule <strong>Brand<\/strong> se lan\u00e7ait \u00e0 la poursuite des deux Tricolores. Ce trio franco-n\u00e9erlandais avait d\u00e9j\u00e0 15 secondes d&rsquo;avance \u00e0 la fin du premier tour !<\/p>\n<blockquote class=\"twitter-tweet\">\n<p dir=\"ltr\" lang=\"en\">What a sight \ud83d\ude0d<\/p>\n<p>Fouquenet \ud83c\uddeb\ud83c\uddf7 strings out the field once again into lap one here in Dendermonde \ud83c\udde7\ud83c\uddea<a href=\"https:\/\/twitter.com\/hashtag\/CXWorldCup?src=hash&amp;ref_src=twsrc%5Etfw\">#CXWorldCup<\/a> <a href=\"https:\/\/t.co\/uwROHyOmNy\">pic.twitter.com\/uwROHyOmNy<\/a><\/p>\n<p>\u2014 UCI Cyclocross (@UCI_CX) <a href=\"https:\/\/twitter.com\/UCI_CX\/status\/2005258665612464179?ref_src=twsrc%5Etfw\">December 28, 2025<\/a><\/p><\/blockquote>\n<p style=\"text-align: justify;\"><script async src=\"https:\/\/platform.twitter.com\/widgets.js\" charset=\"utf-8\"><\/script><br \/>\nLa poursuite \u00e9tait men\u00e9e par<strong> Puck Pieterse<\/strong> (Fenix-Deceuninck), suivie par sa co\u00e9quipi\u00e8re <strong>Ceylin del Carmen Alvarado<\/strong>. D\u00e8s le d\u00e9but du troisi\u00e8me des neuf tours, <strong>Brand<\/strong> pla\u00e7ait une grosse banderille, et seule <strong>Fouquenet<\/strong> parvenait \u00e0 suivre, pendant que <strong>Pieterse<\/strong> croquait une <strong>C\u00e9lia G\u00e9ry<\/strong> proche de la surchauffe. Surpuissante, <strong>Brand<\/strong> faisait la diff\u00e9rence et s&rsquo;installait seule en t\u00eate, <strong>Fouquenet<\/strong> faisant \u00e9quipe avec <strong>Pieterse<\/strong> alors que <strong>G\u00e9ry<\/strong> voyait revenir <strong>Alvarado<\/strong> : les positions semblaient fig\u00e9es au tiers de course.<\/p>\n<ul style=\"text-align: justify;\">\n<li><strong>\u00c0 ce sujet \u2013\u00a0<a href=\"https:\/\/dicodusport.fr\/blog\/cyclo-cross-dendermonde-2025-classement-et-resultats-course-femmes\/\">Cyclo-cross Dendermonde 2025 : Classement et r\u00e9sultats course femmes<\/a><\/strong><\/li>\n<\/ul>\n<h2 style=\"text-align: justify;\">Brand trop forte<\/h2>\n<p style=\"text-align: justify;\">N\u00e9anmoins, les jambes de <strong>Pieterse<\/strong> fonctionnaient de mieux en mieux, et la N\u00e9erlandaise l\u00e2chait <strong>Fouquenet<\/strong> pour tenter de revenir seule sur sa compatriote en t\u00eate. <strong>G\u00e9ry<\/strong> devait, elle, laisser partir <strong>Alvarado<\/strong>, et tentait de r\u00e9sister au retour d&rsquo;un groupe de contre copieux. La lutte pour la deuxi\u00e8me place \u00e9tait n\u00e9anmoins savoureuse car <strong>Fouquenet<\/strong> refusait de l\u00e2cher et restait \u00e0 port\u00e9e de tir de <strong>Pieterse<\/strong>, reprenant la roue de sa rivale aux deux tiers de la course.<\/p>\n<blockquote class=\"twitter-tweet\">\n<p dir=\"ltr\" lang=\"en\">Over halfway through and this is what our provisional podium looks like \ud83d\udcca<\/p>\n<p>1\ufe0f\u20e3 Brand \ud83c\uddf3\ud83c\uddf1<br \/>\n+ 17secs<br \/>\n2\ufe0f\u20e3 Pieterse \ud83c\uddf3\ud83c\uddf1<br \/>\n+ 3 secs<br \/>\n3\ufe0f\u20e3 Fouquenet \ud83c\uddeb\ud83c\uddf7<\/p>\n<p>The battle for that second place is \ud83d\udd1b<a href=\"https:\/\/twitter.com\/hashtag\/CXWorldCup?src=hash&amp;ref_src=twsrc%5Etfw\">#CXWorldCup<\/a> <a href=\"https:\/\/t.co\/Ac7tRUwnxf\">pic.twitter.com\/Ac7tRUwnxf<\/a><\/p>\n<p>\u2014 UCI Cyclocross (@UCI_CX) <a href=\"https:\/\/twitter.com\/UCI_CX\/status\/2005264950785355822?ref_src=twsrc%5Etfw\">December 28, 2025<\/a><\/p><\/blockquote>\n<p style=\"text-align: justify;\"><script async src=\"https:\/\/platform.twitter.com\/widgets.js\" charset=\"utf-8\"><\/script><\/p>\n<p style=\"text-align: justify;\">La Fran\u00e7aise livrait une nouvelle belle course, et tentait de d\u00e9crocher sa rivale. Devant,<strong> Lucinda Brand<\/strong> d\u00e9roulait, g\u00e9rait parfaitement son avance, et allait une nouvelle fois s&rsquo;imposer, sans coup f\u00e9rir. La N\u00e9erlandaise, comme souvent trop forte pour la concurrence, fonce \u00e0 grande vitesse vers un sacre au classement g\u00e9n\u00e9ral. <strong>Puck Pieterse<\/strong> allait finalement porter l&rsquo;estocade dans le dernier tour, d\u00e9cramponnant une <strong>Amandine Fouquenet<\/strong> qui signe toutefois un nouveau podium, preuve de son incroyable constance cet hiver. En esp\u00e9rant que cela suffise \u00e0 retrouver une \u00e9quipe\u2026 Avec en prime la 10\u00e8me place de <strong>C\u00e9lia G\u00e9ry<\/strong>, le cyclo-cross f\u00e9minin fran\u00e7ais continue son bel hiver.<\/p>\n<ul>\n<li style=\"text-align: justify;\"><strong>\u00c0 ce sujet \u2013\u00a0<a href=\"https:\/\/dicodusport.fr\/blog\/classement-general-mis-a-jour-de-la-coupe-du-monde-cyclo-cross-femmes-2025-2026\/\">Classement g\u00e9n\u00e9ral mis \u00e0 jour de la Coupe du monde cyclo-cross femmes 2025-2026<\/a><\/strong><\/li>\n<\/ul>\n","protected":false},"excerpt":{"rendered":"<p>COUPE DU MONDE DE CYCLO-CROSS 2025\/2026 &#8211; Tout le monde, y compris Amandine Fouquenet, a d\u00fb s&rsquo;incliner \u00e0 Dendermonde devant la sup\u00e9riorit\u00e9 de Lucinda Brand.\u00a0<\/p>\n","protected":false},"author":59,"featured_media":634735,"comment_status":"open","ping_status":"closed","sticky":false,"template":"","format":"standard","meta":{"_acf_changed":false,"_daextam_enable_autolinks":"1","footnotes":""},"categories":[9611],"tags":[16878,20902],"class_list":["post-634693","post","type-post","status-publish","format-standard","has-post-thumbnail","hentry","category-cyclo-cross","tag-breve","tag-coupe-du-monde-de-cyclo-cross"],"acf":[],"yoast_head":"<!-- This site is optimized with the Yoast SEO Premium plugin v26.7 (Yoast SEO v26.7) - https:\/\/yoast.com\/wordpress\/plugins\/seo\/ -->\n<title>Lucinda Brand encore intouchable \u00e0 Dendermonde, Amandine Fouquenet collectionne les podiums<\/title>\n<meta name=\"description\" content=\"COUPE DU MONDE DE CYCLO-CROSS 2025\/2026 - Tout le monde, y compris Amandine Fouquenet, a d\u00fb s&#039;incliner \u00e0 Dendermonde devant la sup\u00e9riorit\u00e9 de Lucinda Brand.\u00a0\" \/>\n<meta name=\"robots\" content=\"index, follow, max-snippet:-1, max-image-preview:large, max-video-preview:-1\" \/>\n<link rel=\"canonical\" href=\"https:\/\/dicodusport.fr\/blog\/lucinda-brand-encore-intouchable-a-dendermonde-amandine-fouquenet-collectionne-les-podiums\/\" \/>\n<meta property=\"og:locale\" content=\"fr_FR\" \/>\n<meta property=\"og:type\" content=\"article\" \/>\n<meta property=\"og:title\" content=\"Lucinda Brand encore intouchable \u00e0 Dendermonde, Amandine Fouquenet collectionne les podiums\" \/>\n<meta property=\"og:description\" content=\"COUPE DU MONDE DE CYCLO-CROSS 2025\/2026 - Tout le monde, y compris Amandine Fouquenet, a d\u00fb s&#039;incliner \u00e0 Dendermonde devant la sup\u00e9riorit\u00e9 de Lucinda Brand.\u00a0\" \/>\n<meta property=\"og:url\" content=\"https:\/\/dicodusport.fr\/blog\/lucinda-brand-encore-intouchable-a-dendermonde-amandine-fouquenet-collectionne-les-podiums\/\" \/>\n<meta property=\"og:site_name\" content=\"Dicodusport\" \/>\n<meta property=\"article:publisher\" content=\"https:\/\/www.facebook.com\/dicodusport\" \/>\n<meta property=\"article:author\" content=\"https:\/\/www.facebook.com\/sebastien.gente\/\" \/>\n<meta property=\"article:published_time\" content=\"2025-12-28T13:32:06+00:00\" \/>\n<meta property=\"article:modified_time\" content=\"2025-12-28T15:08:30+00:00\" \/>\n<meta property=\"og:image\" content=\"https:\/\/dicodusport.fr\/blog\/wp-content\/uploads\/2025\/12\/Lucinda-Brand-encore-intouchable-a-Dendermonde-Amandine-Fouquenet-collectionne-les-podiums.png\" \/>\n\t<meta property=\"og:image:width\" content=\"1200\" \/>\n\t<meta property=\"og:image:height\" content=\"674\" \/>\n\t<meta property=\"og:image:type\" content=\"image\/png\" \/>\n<meta name=\"author\" content=\"S\u00e9bastien Gente\" \/>\n<meta name=\"twitter:card\" content=\"summary_large_image\" \/>\n<meta name=\"twitter:title\" content=\"Lucinda Brand encore intouchable \u00e0 Dendermonde, Amandine Fouquenet collectionne les podiums\" \/>\n<meta name=\"twitter:creator\" content=\"@https:\/\/twitter.com\/globulo24\" \/>\n<meta name=\"twitter:site\" content=\"@dicodusport\" \/>\n<script type=\"application\/ld+json\" class=\"yoast-schema-graph\">{\"@context\":\"https:\/\/schema.org\",\"@graph\":[{\"@type\":\"NewsArticle\",\"@id\":\"https:\/\/dicodusport.fr\/blog\/lucinda-brand-encore-intouchable-a-dendermonde-amandine-fouquenet-collectionne-les-podiums\/#article\",\"isPartOf\":{\"@id\":\"https:\/\/dicodusport.fr\/blog\/lucinda-brand-encore-intouchable-a-dendermonde-amandine-fouquenet-collectionne-les-podiums\/\"},\"author\":{\"name\":\"S\u00e9bastien Gente\",\"@id\":\"https:\/\/dicodusport.fr\/blog\/#\/schema\/person\/627966a6cde45dbd8c5e36ac85d783da\"},\"headline\":\"Lucinda Brand encore intouchable \u00e0 Dendermonde, Amandine Fouquenet collectionne les podiums\",\"datePublished\":\"2025-12-28T13:32:06+00:00\",\"dateModified\":\"2025-12-28T15:08:30+00:00\",\"mainEntityOfPage\":{\"@id\":\"https:\/\/dicodusport.fr\/blog\/lucinda-brand-encore-intouchable-a-dendermonde-amandine-fouquenet-collectionne-les-podiums\/\"},\"wordCount\":696,\"commentCount\":0,\"publisher\":{\"@id\":\"https:\/\/dicodusport.fr\/blog\/#organization\"},\"image\":{\"@id\":\"https:\/\/dicodusport.fr\/blog\/lucinda-brand-encore-intouchable-a-dendermonde-amandine-fouquenet-collectionne-les-podiums\/#primaryimage\"},\"thumbnailUrl\":\"https:\/\/dicodusport.fr\/blog\/wp-content\/uploads\/2025\/12\/Lucinda-Brand-encore-intouchable-a-Dendermonde-Amandine-Fouquenet-collectionne-les-podiums.png\",\"keywords\":[\"br\u00e8ve\",\"Coupe du monde de cyclo-cross\"],\"articleSection\":[\"Cyclo-cross\"],\"inLanguage\":\"fr-FR\",\"potentialAction\":[{\"@type\":\"CommentAction\",\"name\":\"Comment\",\"target\":[\"https:\/\/dicodusport.fr\/blog\/lucinda-brand-encore-intouchable-a-dendermonde-amandine-fouquenet-collectionne-les-podiums\/#respond\"]}],\"copyrightYear\":\"2025\",\"copyrightHolder\":{\"@id\":\"https:\/\/dicodusport.fr\/blog\/#organization\"}},{\"@type\":\"WebPage\",\"@id\":\"https:\/\/dicodusport.fr\/blog\/lucinda-brand-encore-intouchable-a-dendermonde-amandine-fouquenet-collectionne-les-podiums\/\",\"url\":\"https:\/\/dicodusport.fr\/blog\/lucinda-brand-encore-intouchable-a-dendermonde-amandine-fouquenet-collectionne-les-podiums\/\",\"name\":\"Lucinda Brand encore intouchable \u00e0 Dendermonde, Amandine Fouquenet collectionne les podiums\",\"isPartOf\":{\"@id\":\"https:\/\/dicodusport.fr\/blog\/#website\"},\"primaryImageOfPage\":{\"@id\":\"https:\/\/dicodusport.fr\/blog\/lucinda-brand-encore-intouchable-a-dendermonde-amandine-fouquenet-collectionne-les-podiums\/#primaryimage\"},\"image\":{\"@id\":\"https:\/\/dicodusport.fr\/blog\/lucinda-brand-encore-intouchable-a-dendermonde-amandine-fouquenet-collectionne-les-podiums\/#primaryimage\"},\"thumbnailUrl\":\"https:\/\/dicodusport.fr\/blog\/wp-content\/uploads\/2025\/12\/Lucinda-Brand-encore-intouchable-a-Dendermonde-Amandine-Fouquenet-collectionne-les-podiums.png\",\"datePublished\":\"2025-12-28T13:32:06+00:00\",\"dateModified\":\"2025-12-28T15:08:30+00:00\",\"description\":\"COUPE DU MONDE DE CYCLO-CROSS 2025\/2026 - Tout le monde, y compris Amandine Fouquenet, a d\u00fb s'incliner \u00e0 Dendermonde devant la sup\u00e9riorit\u00e9 de Lucinda Brand.\u00a0\",\"breadcrumb\":{\"@id\":\"https:\/\/dicodusport.fr\/blog\/lucinda-brand-encore-intouchable-a-dendermonde-amandine-fouquenet-collectionne-les-podiums\/#breadcrumb\"},\"inLanguage\":\"fr-FR\",\"potentialAction\":[{\"@type\":\"ReadAction\",\"target\":[\"https:\/\/dicodusport.fr\/blog\/lucinda-brand-encore-intouchable-a-dendermonde-amandine-fouquenet-collectionne-les-podiums\/\"]}]},{\"@type\":\"ImageObject\",\"inLanguage\":\"fr-FR\",\"@id\":\"https:\/\/dicodusport.fr\/blog\/lucinda-brand-encore-intouchable-a-dendermonde-amandine-fouquenet-collectionne-les-podiums\/#primaryimage\",\"url\":\"https:\/\/dicodusport.fr\/blog\/wp-content\/uploads\/2025\/12\/Lucinda-Brand-encore-intouchable-a-Dendermonde-Amandine-Fouquenet-collectionne-les-podiums.png\",\"contentUrl\":\"https:\/\/dicodusport.fr\/blog\/wp-content\/uploads\/2025\/12\/Lucinda-Brand-encore-intouchable-a-Dendermonde-Amandine-Fouquenet-collectionne-les-podiums.png\",\"width\":1200,\"height\":674,\"caption\":\"Lucinda Brand encore intouchable \u00e0 Dendermonde, Amandine Fouquenet collectionne les podiums\"},{\"@type\":\"BreadcrumbList\",\"@id\":\"https:\/\/dicodusport.fr\/blog\/lucinda-brand-encore-intouchable-a-dendermonde-amandine-fouquenet-collectionne-les-podiums\/#breadcrumb\",\"itemListElement\":[{\"@type\":\"ListItem\",\"position\":1,\"name\":\"Accueil\",\"item\":\"https:\/\/dicodusport.fr\/blog\/\"},{\"@type\":\"ListItem\",\"position\":2,\"name\":\"Lucinda Brand encore intouchable \u00e0 Dendermonde, Amandine Fouquenet collectionne les podiums\"}]},{\"@type\":\"WebSite\",\"@id\":\"https:\/\/dicodusport.fr\/blog\/#website\",\"url\":\"https:\/\/dicodusport.fr\/blog\/\",\"name\":\"Dicodusport\",\"description\":\"L&#039;encyclop\u00e9die de l&#039;actualit\u00e9 sportive\",\"publisher\":{\"@id\":\"https:\/\/dicodusport.fr\/blog\/#organization\"},\"potentialAction\":[{\"@type\":\"SearchAction\",\"target\":{\"@type\":\"EntryPoint\",\"urlTemplate\":\"https:\/\/dicodusport.fr\/blog\/?s={search_term_string}\"},\"query-input\":{\"@type\":\"PropertyValueSpecification\",\"valueRequired\":true,\"valueName\":\"search_term_string\"}}],\"inLanguage\":\"fr-FR\"},{\"@type\":\"NewsMediaOrganization\",\"@id\":\"https:\/\/dicodusport.fr\/blog\/#organization\",\"name\":\"Dicodusport\",\"url\":\"https:\/\/dicodusport.fr\/blog\/\",\"logo\":{\"@type\":\"ImageObject\",\"inLanguage\":\"fr-FR\",\"@id\":\"https:\/\/dicodusport.fr\/blog\/#\/schema\/logo\/image\/\",\"url\":\"https:\/\/dicodusport.fr\/blog\/wp-content\/uploads\/2020\/06\/cropped-LOGO-DICODUSPORT-2020-SANS-FOND-SANS-TEXTE.png\",\"contentUrl\":\"https:\/\/dicodusport.fr\/blog\/wp-content\/uploads\/2020\/06\/cropped-LOGO-DICODUSPORT-2020-SANS-FOND-SANS-TEXTE.png\",\"width\":512,\"height\":512,\"caption\":\"Dicodusport\"},\"image\":{\"@id\":\"https:\/\/dicodusport.fr\/blog\/#\/schema\/logo\/image\/\"},\"sameAs\":[\"https:\/\/www.facebook.com\/dicodusport\",\"https:\/\/x.com\/dicodusport\",\"https:\/\/www.instagram.com\/dicodusport\/\",\"https:\/\/www.youtube.com\/channel\/UC7V2KZ5sd3htJivAbA4ZG3w\"],\"description\":\"Dicodusport est l'encyclop\u00e9die de l'actualit\u00e9 sportive.\",\"email\":\"bonjour@dicodusport.fr\",\"legalName\":\"DICODUSPORT\",\"foundingDate\":\"2018-01-14\",\"vatID\":\"FR71834470973\",\"taxID\":\"83447097300043\",\"numberOfEmployees\":{\"@type\":\"QuantitativeValue\",\"minValue\":\"1\",\"maxValue\":\"10\"}},{\"@type\":\"Person\",\"@id\":\"https:\/\/dicodusport.fr\/blog\/#\/schema\/person\/627966a6cde45dbd8c5e36ac85d783da\",\"name\":\"S\u00e9bastien Gente\",\"image\":{\"@type\":\"ImageObject\",\"inLanguage\":\"fr-FR\",\"@id\":\"https:\/\/dicodusport.fr\/blog\/#\/schema\/person\/image\/\",\"url\":\"https:\/\/dicodusport.fr\/blog\/wp-content\/uploads\/2021\/09\/1510990_10205810251400683_4124423575079401707_n-150x150.jpg\",\"contentUrl\":\"https:\/\/dicodusport.fr\/blog\/wp-content\/uploads\/2021\/09\/1510990_10205810251400683_4124423575079401707_n-150x150.jpg\",\"caption\":\"S\u00e9bastien Gente\"},\"description\":\"John Stockton, Gianni Bugno, Zinedine Zidane, Steffi Graf, Frode Andresen, St\u00e9phane Stoecklin, Davis Kamoga, Primoz Peterka, Werner Schlager et Aur\u00e9lien Rougerie. Point commun entre ces sportifs? Ils m'ont fait r\u00eaver et ont berc\u00e9 mon adolescence. Je suis un fondu de sports et j'essaie de retranscrire ma passion \u00e0 travers mes articles. Originaire du P\u00e9rigord, ma passion pour les Girondins, les Jaunards et les Jazzmen transpire dans mes \u00e9crits. \u00c0 Dicodusport depuis 2021, je d\u00e9niche les sports m\u00e9connus dans lesquels la France brille, et il y en a !\",\"sameAs\":[\"https:\/\/www.facebook.com\/sebastien.gente\/\",\"https:\/\/www.instagram.com\/sebgente\/\",\"https:\/\/www.linkedin.com\/in\/sbastien-gente-a29583169\/\",\"https:\/\/x.com\/https:\/\/twitter.com\/globulo24\",\"SebastienGente\"],\"worksFor\":\"S\u00e9bastien GENTE\",\"url\":\"https:\/\/dicodusport.fr\/blog\/author\/sebastiengente\/\"}]}<\/script>\n<!-- \/ Yoast SEO Premium plugin. -->","yoast_head_json":{"title":"Lucinda Brand encore intouchable \u00e0 Dendermonde, Amandine Fouquenet collectionne les podiums","description":"COUPE DU MONDE DE CYCLO-CROSS 2025\/2026 - Tout le monde, y compris Amandine Fouquenet, a d\u00fb s'incliner \u00e0 Dendermonde devant la sup\u00e9riorit\u00e9 de Lucinda Brand.\u00a0","robots":{"index":"index","follow":"follow","max-snippet":"max-snippet:-1","max-image-preview":"max-image-preview:large","max-video-preview":"max-video-preview:-1"},"canonical":"https:\/\/dicodusport.fr\/blog\/lucinda-brand-encore-intouchable-a-dendermonde-amandine-fouquenet-collectionne-les-podiums\/","og_locale":"fr_FR","og_type":"article","og_title":"Lucinda Brand encore intouchable \u00e0 Dendermonde, Amandine Fouquenet collectionne les podiums","og_description":"COUPE DU MONDE DE CYCLO-CROSS 2025\/2026 - Tout le monde, y compris Amandine Fouquenet, a d\u00fb s'incliner \u00e0 Dendermonde devant la sup\u00e9riorit\u00e9 de Lucinda Brand.\u00a0","og_url":"https:\/\/dicodusport.fr\/blog\/lucinda-brand-encore-intouchable-a-dendermonde-amandine-fouquenet-collectionne-les-podiums\/","og_site_name":"Dicodusport","article_publisher":"https:\/\/www.facebook.com\/dicodusport","article_author":"https:\/\/www.facebook.com\/sebastien.gente\/","article_published_time":"2025-12-28T13:32:06+00:00","article_modified_time":"2025-12-28T15:08:30+00:00","og_image":[{"width":1200,"height":674,"url":"https:\/\/dicodusport.fr\/blog\/wp-content\/uploads\/2025\/12\/Lucinda-Brand-encore-intouchable-a-Dendermonde-Amandine-Fouquenet-collectionne-les-podiums.png","type":"image\/png"}],"author":"S\u00e9bastien Gente","twitter_card":"summary_large_image","twitter_title":"Lucinda Brand encore intouchable \u00e0 Dendermonde, Amandine Fouquenet collectionne les podiums","twitter_creator":"@https:\/\/twitter.com\/globulo24","twitter_site":"@dicodusport","schema":{"@context":"https:\/\/schema.org","@graph":[{"@type":"NewsArticle","@id":"https:\/\/dicodusport.fr\/blog\/lucinda-brand-encore-intouchable-a-dendermonde-amandine-fouquenet-collectionne-les-podiums\/#article","isPartOf":{"@id":"https:\/\/dicodusport.fr\/blog\/lucinda-brand-encore-intouchable-a-dendermonde-amandine-fouquenet-collectionne-les-podiums\/"},"author":{"name":"S\u00e9bastien Gente","@id":"https:\/\/dicodusport.fr\/blog\/#\/schema\/person\/627966a6cde45dbd8c5e36ac85d783da"},"headline":"Lucinda Brand encore intouchable \u00e0 Dendermonde, Amandine Fouquenet collectionne les podiums","datePublished":"2025-12-28T13:32:06+00:00","dateModified":"2025-12-28T15:08:30+00:00","mainEntityOfPage":{"@id":"https:\/\/dicodusport.fr\/blog\/lucinda-brand-encore-intouchable-a-dendermonde-amandine-fouquenet-collectionne-les-podiums\/"},"wordCount":696,"commentCount":0,"publisher":{"@id":"https:\/\/dicodusport.fr\/blog\/#organization"},"image":{"@id":"https:\/\/dicodusport.fr\/blog\/lucinda-brand-encore-intouchable-a-dendermonde-amandine-fouquenet-collectionne-les-podiums\/#primaryimage"},"thumbnailUrl":"https:\/\/dicodusport.fr\/blog\/wp-content\/uploads\/2025\/12\/Lucinda-Brand-encore-intouchable-a-Dendermonde-Amandine-Fouquenet-collectionne-les-podiums.png","keywords":["br\u00e8ve","Coupe du monde de cyclo-cross"],"articleSection":["Cyclo-cross"],"inLanguage":"fr-FR","potentialAction":[{"@type":"CommentAction","name":"Comment","target":["https:\/\/dicodusport.fr\/blog\/lucinda-brand-encore-intouchable-a-dendermonde-amandine-fouquenet-collectionne-les-podiums\/#respond"]}],"copyrightYear":"2025","copyrightHolder":{"@id":"https:\/\/dicodusport.fr\/blog\/#organization"}},{"@type":"WebPage","@id":"https:\/\/dicodusport.fr\/blog\/lucinda-brand-encore-intouchable-a-dendermonde-amandine-fouquenet-collectionne-les-podiums\/","url":"https:\/\/dicodusport.fr\/blog\/lucinda-brand-encore-intouchable-a-dendermonde-amandine-fouquenet-collectionne-les-podiums\/","name":"Lucinda Brand encore intouchable \u00e0 Dendermonde, Amandine Fouquenet collectionne les podiums","isPartOf":{"@id":"https:\/\/dicodusport.fr\/blog\/#website"},"primaryImageOfPage":{"@id":"https:\/\/dicodusport.fr\/blog\/lucinda-brand-encore-intouchable-a-dendermonde-amandine-fouquenet-collectionne-les-podiums\/#primaryimage"},"image":{"@id":"https:\/\/dicodusport.fr\/blog\/lucinda-brand-encore-intouchable-a-dendermonde-amandine-fouquenet-collectionne-les-podiums\/#primaryimage"},"thumbnailUrl":"https:\/\/dicodusport.fr\/blog\/wp-content\/uploads\/2025\/12\/Lucinda-Brand-encore-intouchable-a-Dendermonde-Amandine-Fouquenet-collectionne-les-podiums.png","datePublished":"2025-12-28T13:32:06+00:00","dateModified":"2025-12-28T15:08:30+00:00","description":"COUPE DU MONDE DE CYCLO-CROSS 2025\/2026 - Tout le monde, y compris Amandine Fouquenet, a d\u00fb s'incliner \u00e0 Dendermonde devant la sup\u00e9riorit\u00e9 de Lucinda Brand.\u00a0","breadcrumb":{"@id":"https:\/\/dicodusport.fr\/blog\/lucinda-brand-encore-intouchable-a-dendermonde-amandine-fouquenet-collectionne-les-podiums\/#breadcrumb"},"inLanguage":"fr-FR","potentialAction":[{"@type":"ReadAction","target":["https:\/\/dicodusport.fr\/blog\/lucinda-brand-encore-intouchable-a-dendermonde-amandine-fouquenet-collectionne-les-podiums\/"]}]},{"@type":"ImageObject","inLanguage":"fr-FR","@id":"https:\/\/dicodusport.fr\/blog\/lucinda-brand-encore-intouchable-a-dendermonde-amandine-fouquenet-collectionne-les-podiums\/#primaryimage","url":"https:\/\/dicodusport.fr\/blog\/wp-content\/uploads\/2025\/12\/Lucinda-Brand-encore-intouchable-a-Dendermonde-Amandine-Fouquenet-collectionne-les-podiums.png","contentUrl":"https:\/\/dicodusport.fr\/blog\/wp-content\/uploads\/2025\/12\/Lucinda-Brand-encore-intouchable-a-Dendermonde-Amandine-Fouquenet-collectionne-les-podiums.png","width":1200,"height":674,"caption":"Lucinda Brand encore intouchable \u00e0 Dendermonde, Amandine Fouquenet collectionne les podiums"},{"@type":"BreadcrumbList","@id":"https:\/\/dicodusport.fr\/blog\/lucinda-brand-encore-intouchable-a-dendermonde-amandine-fouquenet-collectionne-les-podiums\/#breadcrumb","itemListElement":[{"@type":"ListItem","position":1,"name":"Accueil","item":"https:\/\/dicodusport.fr\/blog\/"},{"@type":"ListItem","position":2,"name":"Lucinda Brand encore intouchable \u00e0 Dendermonde, Amandine Fouquenet collectionne les podiums"}]},{"@type":"WebSite","@id":"https:\/\/dicodusport.fr\/blog\/#website","url":"https:\/\/dicodusport.fr\/blog\/","name":"Dicodusport","description":"L&#039;encyclop\u00e9die de l&#039;actualit\u00e9 sportive","publisher":{"@id":"https:\/\/dicodusport.fr\/blog\/#organization"},"potentialAction":[{"@type":"SearchAction","target":{"@type":"EntryPoint","urlTemplate":"https:\/\/dicodusport.fr\/blog\/?s={search_term_string}"},"query-input":{"@type":"PropertyValueSpecification","valueRequired":true,"valueName":"search_term_string"}}],"inLanguage":"fr-FR"},{"@type":"NewsMediaOrganization","@id":"https:\/\/dicodusport.fr\/blog\/#organization","name":"Dicodusport","url":"https:\/\/dicodusport.fr\/blog\/","logo":{"@type":"ImageObject","inLanguage":"fr-FR","@id":"https:\/\/dicodusport.fr\/blog\/#\/schema\/logo\/image\/","url":"https:\/\/dicodusport.fr\/blog\/wp-content\/uploads\/2020\/06\/cropped-LOGO-DICODUSPORT-2020-SANS-FOND-SANS-TEXTE.png","contentUrl":"https:\/\/dicodusport.fr\/blog\/wp-content\/uploads\/2020\/06\/cropped-LOGO-DICODUSPORT-2020-SANS-FOND-SANS-TEXTE.png","width":512,"height":512,"caption":"Dicodusport"},"image":{"@id":"https:\/\/dicodusport.fr\/blog\/#\/schema\/logo\/image\/"},"sameAs":["https:\/\/www.facebook.com\/dicodusport","https:\/\/x.com\/dicodusport","https:\/\/www.instagram.com\/dicodusport\/","https:\/\/www.youtube.com\/channel\/UC7V2KZ5sd3htJivAbA4ZG3w"],"description":"Dicodusport est l'encyclop\u00e9die de l'actualit\u00e9 sportive.","email":"bonjour@dicodusport.fr","legalName":"DICODUSPORT","foundingDate":"2018-01-14","vatID":"FR71834470973","taxID":"83447097300043","numberOfEmployees":{"@type":"QuantitativeValue","minValue":"1","maxValue":"10"}},{"@type":"Person","@id":"https:\/\/dicodusport.fr\/blog\/#\/schema\/person\/627966a6cde45dbd8c5e36ac85d783da","name":"S\u00e9bastien Gente","image":{"@type":"ImageObject","inLanguage":"fr-FR","@id":"https:\/\/dicodusport.fr\/blog\/#\/schema\/person\/image\/","url":"https:\/\/dicodusport.fr\/blog\/wp-content\/uploads\/2021\/09\/1510990_10205810251400683_4124423575079401707_n-150x150.jpg","contentUrl":"https:\/\/dicodusport.fr\/blog\/wp-content\/uploads\/2021\/09\/1510990_10205810251400683_4124423575079401707_n-150x150.jpg","caption":"S\u00e9bastien Gente"},"description":"John Stockton, Gianni Bugno, Zinedine Zidane, Steffi Graf, Frode Andresen, St\u00e9phane Stoecklin, Davis Kamoga, Primoz Peterka, Werner Schlager et Aur\u00e9lien Rougerie. Point commun entre ces sportifs? Ils m'ont fait r\u00eaver et ont berc\u00e9 mon adolescence. Je suis un fondu de sports et j'essaie de retranscrire ma passion \u00e0 travers mes articles. Originaire du P\u00e9rigord, ma passion pour les Girondins, les Jaunards et les Jazzmen transpire dans mes \u00e9crits. \u00c0 Dicodusport depuis 2021, je d\u00e9niche les sports m\u00e9connus dans lesquels la France brille, et il y en a !","sameAs":["https:\/\/www.facebook.com\/sebastien.gente\/","https:\/\/www.instagram.com\/sebgente\/","https:\/\/www.linkedin.com\/in\/sbastien-gente-a29583169\/","https:\/\/x.com\/https:\/\/twitter.com\/globulo24","SebastienGente"],"worksFor":"S\u00e9bastien GENTE","url":"https:\/\/dicodusport.fr\/blog\/author\/sebastiengente\/"}]}},"_links":{"self":[{"href":"https:\/\/dicodusport.fr\/blog\/wp-json\/wp\/v2\/posts\/634693","targetHints":{"allow":["GET"]}}],"collection":[{"href":"https:\/\/dicodusport.fr\/blog\/wp-json\/wp\/v2\/posts"}],"about":[{"href":"https:\/\/dicodusport.fr\/blog\/wp-json\/wp\/v2\/types\/post"}],"author":[{"embeddable":true,"href":"https:\/\/dicodusport.fr\/blog\/wp-json\/wp\/v2\/users\/59"}],"replies":[{"embeddable":true,"href":"https:\/\/dicodusport.fr\/blog\/wp-json\/wp\/v2\/comments?post=634693"}],"version-history":[{"count":2,"href":"https:\/\/dicodusport.fr\/blog\/wp-json\/wp\/v2\/posts\/634693\/revisions"}],"predecessor-version":[{"id":634700,"href":"https:\/\/dicodusport.fr\/blog\/wp-json\/wp\/v2\/posts\/634693\/revisions\/634700"}],"wp:featuredmedia":[{"embeddable":true,"href":"https:\/\/dicodusport.fr\/blog\/wp-json\/wp\/v2\/media\/634735"}],"wp:attachment":[{"href":"https:\/\/dicodusport.fr\/blog\/wp-json\/wp\/v2\/media?parent=634693"}],"wp:term":[{"taxonomy":"category","embeddable":true,"href":"https:\/\/dicodusport.fr\/blog\/wp-json\/wp\/v2\/categories?post=634693"},{"taxonomy":"post_tag","embeddable":true,"href":"https:\/\/dicodusport.fr\/blog\/wp-json\/wp\/v2\/tags?post=634693"}],"curies":[{"name":"wp","href":"https:\/\/api.w.org\/{rel}","templated":true}]}}