{"id":634721,"date":"2025-12-28T15:25:36","date_gmt":"2025-12-28T14:25:36","guid":{"rendered":"https:\/\/dicodusport.fr\/blog\/?p=634721&#038;preview=true&#038;preview_id=634721"},"modified":"2025-12-28T15:25:36","modified_gmt":"2025-12-28T14:25:36","slug":"amandine-fouquenet-recompensee-la-championne-de-france-de-cyclo-cross-retrouve-une-equipe-au-buzzer","status":"publish","type":"post","link":"https:\/\/dicodusport.fr\/blog\/amandine-fouquenet-recompensee-la-championne-de-france-de-cyclo-cross-retrouve-une-equipe-au-buzzer\/","title":{"rendered":"Amandine Fouquenet r\u00e9compens\u00e9e : la championne de France de cyclo-cross retrouve une \u00e9quipe au buzzer"},"content":{"rendered":"<p style=\"text-align: justify;\"><strong><em>CYCLO-CROSS &#8211; Au c\u0153ur de sa meilleure saison en carri\u00e8re, Amandine Fouquenet a fini par retrouver une \u00e9quipe, la Pauwels Sauzen-Altez Industriebouw.<\/em><\/strong><\/p>\n<ul style=\"text-align: justify;\">\n<li><strong>\u00c0 ce sujet \u2013\u00a0<a href=\"https:\/\/dicodusport.fr\/blog\/cyclo-cross-coupe-du-monde-2025-2026-calendrier-complet-dates-et-horaires\/\">Cyclo-cross Coupe du monde 2025-2026 \u2013 Calendrier complet, dates et horaires<\/a><\/strong><\/li>\n<\/ul>\n<p style=\"text-align: justify;\">La saison d&rsquo;<strong>Amandine Fouquenet<\/strong> (Ark\u00e9a \u2013 B&amp;B Hotels Women) est de grande qualit\u00e9. En novembre, \u00e0 Flamanville, elle a mis fin \u00e0 une longue attente pour voir une Fran\u00e7aise sur le podium en Coupe du monde de cyclo-cross. Une performance qu&rsquo;elle a reproduite \u00e0 trois reprises depuis, la derni\u00e8re pas plus tard qu&rsquo;aujourd&rsquo;hui lors de la manche de Dendermonde.<\/p>\n<div class=\"vlp-link-container vlp-layout-article\"><a href=\"https:\/\/dicodusport.fr\/blog\/lucinda-brand-encore-intouchable-a-dendermonde-amandine-fouquenet-collectionne-les-podiums\/\" class=\"vlp-link\" title=\"Lucinda Brand encore intouchable \u00e0 Dendermonde, Amandine Fouquenet collectionne les podiums\"><\/a><div class=\"vlp-layout-zone-side\"><div class=\"vlp-block-4 vlp-link-image\"><img loading=\"lazy\" decoding=\"async\" style=\"max-width: 792px;\" width=\"792\" height=\"445\" src=\"https:\/\/dicodusport.fr\/blog\/wp-content\/uploads\/2025\/12\/Nouveau-podium-pour-Amandine-Fouquenet-a-Namur-Lucinda-Brand-sur-une-autre-planete.png\" class=\"attachment-800x445 size-800x445\" alt=\"Lucinda Brand encore intouchable \u00e0 Dendermonde, Amandine Fouquenet collectionne les podiums\" srcset=\"https:\/\/dicodusport.fr\/blog\/wp-content\/uploads\/2025\/12\/Nouveau-podium-pour-Amandine-Fouquenet-a-Namur-Lucinda-Brand-sur-une-autre-planete.png 1200w, https:\/\/dicodusport.fr\/blog\/wp-content\/uploads\/2025\/12\/Nouveau-podium-pour-Amandine-Fouquenet-a-Namur-Lucinda-Brand-sur-une-autre-planete-300x169.png 300w, https:\/\/dicodusport.fr\/blog\/wp-content\/uploads\/2025\/12\/Nouveau-podium-pour-Amandine-Fouquenet-a-Namur-Lucinda-Brand-sur-une-autre-planete-1024x575.png 1024w, https:\/\/dicodusport.fr\/blog\/wp-content\/uploads\/2025\/12\/Nouveau-podium-pour-Amandine-Fouquenet-a-Namur-Lucinda-Brand-sur-une-autre-planete-768x431.png 768w\" sizes=\"auto, (max-width: 792px) 100vw, 792px\" \/><\/div><\/div><div class=\"vlp-layout-zone-main\"><div class=\"vlp-block-0 vlp-link-title\">Lucinda Brand encore intouchable \u00e0 Dendermonde, Amandine Fouquenet collectionne les podiums<\/div><div class=\"vlp-block-1 vlp-link-summary\">COUPE DU MONDE DE CYCLO-CROSS 2025\/2026 - Tout le monde, y compris Amandine Fouquenet, a d\u00fb s'incliner \u00e0 Dendermonde devant la sup\u00e9riorit\u00e9 de Lucinda Brand.\u00a0<\/div><div class=\"vlp-block-2 vlp-link-button\">Lire l'article<\/div><div class=\"vlp-block-3 vlp-link-url\">dicodusport.fr<\/div><\/div><\/div>\n<h2 style=\"text-align: justify;\">Amandine Fouquenet rebondit<\/h2>\n<p style=\"text-align: justify;\">N\u00e9anmoins, la championne de France de cyclo-cross \u00e9tait toujours dans l&rsquo;expectative. Du fait de <a href=\"https:\/\/dicodusport.fr\/blog\/fin-de-lequipe-arkea-bb-hotels-quel-sort-pour-les-coureurs\/\">l&rsquo;arr\u00eat de sa formation<\/a>, maintes fois \u00e9voqu\u00e9, elle faisait partie des coureuses qui n&rsquo;avaient toujours pas de contrat pour la saison prochaine. Une bizarrerie, tant elle \u00e9tait performante r\u00e9cemment, et ces r\u00e9sultats de haut niveau ont fini par lui assurer une place, tout du moins en cyclo-cross. En effet, le site Cyclocross24.com rapporte qu&rsquo;elle va s&rsquo;engager au 1er janvier pour la formation <strong>Pauwels Sauzen-Altez Industriebouw<\/strong>, et ce pour deux saisons.<\/p>\n<blockquote class=\"twitter-tweet\">\n<p dir=\"ltr\" lang=\"en\">\ud83d\udd8b\ufe0f Transfer news: \ud83c\uddeb\ud83c\uddf7 Amandine Fouquenet will join \ud83c\udde7\ud83c\uddea Pauwels Sauzen-Altez Industriebouw from 1 January until the end of 2027. Her road team is not decided yet but could be AG Insurance (just like Leonie Bentveld) or a French team says Mettepenningen on Sporza. <a href=\"https:\/\/t.co\/tZDoQYBaMH\">pic.twitter.com\/tZDoQYBaMH<\/a><\/p>\n<p>\u2014 Cyclocross24.com (@cyclocross24) <a href=\"https:\/\/twitter.com\/cyclocross24\/status\/2005277296064942316?ref_src=twsrc%5Etfw\">December 28, 2025<\/a><\/p><\/blockquote>\n<p style=\"text-align: justify;\"><script async src=\"https:\/\/platform.twitter.com\/widgets.js\" charset=\"utf-8\"><\/script><br \/>\nL&rsquo;\u00e9quipe belge est assez importante dans le milieu du cyclo-cross, puisqu&rsquo;elle poss\u00e8de notamment <strong>Michael Vanthourenhout<\/strong> et <strong>Eli Iserbyt<\/strong>, mais chez les femmes, hormis <strong>Leonie Bentveld<\/strong>, c&rsquo;est assez maigre. <strong>Amandine Fouquenet<\/strong> va donc densifier la formation et m\u00eame en \u00eatre la leader au vu de sa magnifique saison. Reste \u00e0 savoir quel sera son futur pour la route, mais selon la m\u00eame source, elle pourrait atterrir dans l&rsquo;\u00e9quipe AG Insurance &#8211; Soudal Team, celle de<strong> Kimberley Le Court<\/strong>. Ce pourrait donc \u00eatre un d\u00e9nouement heureux pour la Fran\u00e7aise, qui va tenter de conserver sa place sur le podium du classement g\u00e9n\u00e9ral de la Coupe du monde sous les couleurs de la nouvelle \u00e9quipe, et pourquoi pas lever les bras, comme lors du Superprestige d&rsquo;Heusden-Zolder.<\/p>\n<div id=\"mvp-content-main\" class=\"left relative\" style=\"text-align: justify;\">\n<ul>\n<li><strong>\u00c0 ce sujet \u2013\u00a0<a href=\"https:\/\/dicodusport.fr\/blog\/classement-general-mis-a-jour-de-la-coupe-du-monde-cyclo-cross-femmes-2025-2026\/\">Classement g\u00e9n\u00e9ral mis \u00e0 jour de la Coupe du monde cyclo-cross femmes 2025-2026<\/a><\/strong><\/li>\n<\/ul>\n<\/div>\n<h3 style=\"text-align: justify;\">\u00c0 ce sujet<\/h3>\n<div class=\"vlp-link-container vlp-layout-article\"><a href=\"https:\/\/dicodusport.fr\/blog\/amandine-fouquenet-simpose-pour-la-premiere-fois-en-superprestige-a-heusden-zolder\/\" class=\"vlp-link\" title=\"Amandine Fouquenet s&#039;impose pour la premi\u00e8re fois en Superprestige \u00e0 Heusden-Zolder !\"><\/a><div class=\"vlp-layout-zone-side\"><div class=\"vlp-block-4 vlp-link-image\"><img loading=\"lazy\" decoding=\"async\" style=\"max-width: 792px;\" width=\"792\" height=\"445\" src=\"https:\/\/dicodusport.fr\/blog\/wp-content\/uploads\/2025\/12\/Amandine-Fouquenet-simpose-pour-la-premiere-fois-en-Superprestige-a-Heusden-Zolder-.png\" class=\"attachment-800x445 size-800x445\" alt=\"Amandine Fouquenet s&#039;impose pour la premi\u00e8re fois en Superprestige \u00e0 Heusden-Zolder !\" srcset=\"https:\/\/dicodusport.fr\/blog\/wp-content\/uploads\/2025\/12\/Amandine-Fouquenet-simpose-pour-la-premiere-fois-en-Superprestige-a-Heusden-Zolder-.png 1200w, https:\/\/dicodusport.fr\/blog\/wp-content\/uploads\/2025\/12\/Amandine-Fouquenet-simpose-pour-la-premiere-fois-en-Superprestige-a-Heusden-Zolder--300x169.png 300w, https:\/\/dicodusport.fr\/blog\/wp-content\/uploads\/2025\/12\/Amandine-Fouquenet-simpose-pour-la-premiere-fois-en-Superprestige-a-Heusden-Zolder--1024x575.png 1024w, https:\/\/dicodusport.fr\/blog\/wp-content\/uploads\/2025\/12\/Amandine-Fouquenet-simpose-pour-la-premiere-fois-en-Superprestige-a-Heusden-Zolder--768x431.png 768w\" sizes=\"auto, (max-width: 792px) 100vw, 792px\" \/><\/div><\/div><div class=\"vlp-layout-zone-main\"><div class=\"vlp-block-0 vlp-link-title\">Amandine Fouquenet s'impose pour la premi\u00e8re fois en Superprestige \u00e0 Heusden-Zolder !<\/div><div class=\"vlp-block-1 vlp-link-summary\">SUPERPRESTIGE 2025\/2026 - Amandine Fouquenet a remport\u00e9 sa plus grande victoire en cyclo-cross en s'imposant \u00e0 Heusden-Zolder.<\/div><div class=\"vlp-block-2 vlp-link-button\">Lire l'article<\/div><div class=\"vlp-block-3 vlp-link-url\">dicodusport.fr<\/div><\/div><\/div>\n","protected":false},"excerpt":{"rendered":"<p>CYCLO-CROSS &#8211; Au c\u0153ur de sa meilleure saison en carri\u00e8re, Amandine Fouquenet a fini par retrouver une \u00e9quipe, la Pauwels Sauzen-Altez Industriebouw.\u00a0<\/p>\n","protected":false},"author":59,"featured_media":634727,"comment_status":"open","ping_status":"closed","sticky":false,"template":"","format":"standard","meta":{"_acf_changed":false,"_daextam_enable_autolinks":"1","footnotes":""},"categories":[9611],"tags":[16878,6666],"class_list":["post-634721","post","type-post","status-publish","format-standard","has-post-thumbnail","hentry","category-cyclo-cross","tag-breve","tag-cyclo-cross"],"acf":[],"yoast_head":"<!-- This site is optimized with the Yoast SEO Premium plugin v26.7 (Yoast SEO v26.7) - https:\/\/yoast.com\/wordpress\/plugins\/seo\/ -->\n<title>Amandine Fouquenet r\u00e9compens\u00e9e : la championne de France de cyclo-cross retrouve une \u00e9quipe au buzzer<\/title>\n<meta name=\"description\" content=\"CYCLO-CROSS - Au c\u0153ur de sa meilleure saison en carri\u00e8re, Amandine Fouquenet a fini par retrouver une \u00e9quipe, la Pauwels Sauzen-Altez Industriebouw.\u00a0\" \/>\n<meta name=\"robots\" content=\"index, follow, max-snippet:-1, max-image-preview:large, max-video-preview:-1\" \/>\n<link rel=\"canonical\" href=\"https:\/\/dicodusport.fr\/blog\/amandine-fouquenet-recompensee-la-championne-de-france-de-cyclo-cross-retrouve-une-equipe-au-buzzer\/\" \/>\n<meta property=\"og:locale\" content=\"fr_FR\" \/>\n<meta property=\"og:type\" content=\"article\" \/>\n<meta property=\"og:title\" content=\"Amandine Fouquenet r\u00e9compens\u00e9e : la championne de France de cyclo-cross retrouve une \u00e9quipe au buzzer\" \/>\n<meta property=\"og:description\" content=\"CYCLO-CROSS - Au c\u0153ur de sa meilleure saison en carri\u00e8re, Amandine Fouquenet a fini par retrouver une \u00e9quipe, la Pauwels Sauzen-Altez Industriebouw.\u00a0\" \/>\n<meta property=\"og:url\" content=\"https:\/\/dicodusport.fr\/blog\/amandine-fouquenet-recompensee-la-championne-de-france-de-cyclo-cross-retrouve-une-equipe-au-buzzer\/\" \/>\n<meta property=\"og:site_name\" content=\"Dicodusport\" \/>\n<meta property=\"article:publisher\" content=\"https:\/\/www.facebook.com\/dicodusport\" \/>\n<meta property=\"article:author\" content=\"https:\/\/www.facebook.com\/sebastien.gente\/\" \/>\n<meta property=\"article:published_time\" content=\"2025-12-28T14:25:36+00:00\" \/>\n<meta property=\"og:image\" content=\"https:\/\/dicodusport.fr\/blog\/wp-content\/uploads\/2025\/12\/Amandine-Fouquenet-recompensee-la-championne-de-France-de-cyclo-cross-retrouve-une-equipe-au-buzzer.png\" \/>\n\t<meta property=\"og:image:width\" content=\"1200\" \/>\n\t<meta property=\"og:image:height\" content=\"674\" \/>\n\t<meta property=\"og:image:type\" content=\"image\/png\" \/>\n<meta name=\"author\" content=\"S\u00e9bastien Gente\" \/>\n<meta name=\"twitter:card\" content=\"summary_large_image\" \/>\n<meta name=\"twitter:title\" content=\"Amandine Fouquenet r\u00e9compens\u00e9e : la championne de France de cyclo-cross retrouve une \u00e9quipe au buzzer\" \/>\n<meta name=\"twitter:creator\" content=\"@https:\/\/twitter.com\/globulo24\" \/>\n<meta name=\"twitter:site\" content=\"@dicodusport\" \/>\n<script type=\"application\/ld+json\" class=\"yoast-schema-graph\">{\"@context\":\"https:\/\/schema.org\",\"@graph\":[{\"@type\":\"NewsArticle\",\"@id\":\"https:\/\/dicodusport.fr\/blog\/amandine-fouquenet-recompensee-la-championne-de-france-de-cyclo-cross-retrouve-une-equipe-au-buzzer\/#article\",\"isPartOf\":{\"@id\":\"https:\/\/dicodusport.fr\/blog\/amandine-fouquenet-recompensee-la-championne-de-france-de-cyclo-cross-retrouve-une-equipe-au-buzzer\/\"},\"author\":{\"name\":\"S\u00e9bastien Gente\",\"@id\":\"https:\/\/dicodusport.fr\/blog\/#\/schema\/person\/627966a6cde45dbd8c5e36ac85d783da\"},\"headline\":\"Amandine Fouquenet r\u00e9compens\u00e9e : la championne de France de cyclo-cross retrouve une \u00e9quipe au buzzer\",\"datePublished\":\"2025-12-28T14:25:36+00:00\",\"mainEntityOfPage\":{\"@id\":\"https:\/\/dicodusport.fr\/blog\/amandine-fouquenet-recompensee-la-championne-de-france-de-cyclo-cross-retrouve-une-equipe-au-buzzer\/\"},\"wordCount\":609,\"commentCount\":0,\"publisher\":{\"@id\":\"https:\/\/dicodusport.fr\/blog\/#organization\"},\"image\":{\"@id\":\"https:\/\/dicodusport.fr\/blog\/amandine-fouquenet-recompensee-la-championne-de-france-de-cyclo-cross-retrouve-une-equipe-au-buzzer\/#primaryimage\"},\"thumbnailUrl\":\"https:\/\/dicodusport.fr\/blog\/wp-content\/uploads\/2025\/12\/Amandine-Fouquenet-recompensee-la-championne-de-France-de-cyclo-cross-retrouve-une-equipe-au-buzzer.png\",\"keywords\":[\"br\u00e8ve\",\"Cyclo-cross\"],\"articleSection\":[\"Cyclo-cross\"],\"inLanguage\":\"fr-FR\",\"potentialAction\":[{\"@type\":\"CommentAction\",\"name\":\"Comment\",\"target\":[\"https:\/\/dicodusport.fr\/blog\/amandine-fouquenet-recompensee-la-championne-de-france-de-cyclo-cross-retrouve-une-equipe-au-buzzer\/#respond\"]}],\"copyrightYear\":\"2025\",\"copyrightHolder\":{\"@id\":\"https:\/\/dicodusport.fr\/blog\/#organization\"}},{\"@type\":\"WebPage\",\"@id\":\"https:\/\/dicodusport.fr\/blog\/amandine-fouquenet-recompensee-la-championne-de-france-de-cyclo-cross-retrouve-une-equipe-au-buzzer\/\",\"url\":\"https:\/\/dicodusport.fr\/blog\/amandine-fouquenet-recompensee-la-championne-de-france-de-cyclo-cross-retrouve-une-equipe-au-buzzer\/\",\"name\":\"Amandine Fouquenet r\u00e9compens\u00e9e : la championne de France de cyclo-cross retrouve une \u00e9quipe au buzzer\",\"isPartOf\":{\"@id\":\"https:\/\/dicodusport.fr\/blog\/#website\"},\"primaryImageOfPage\":{\"@id\":\"https:\/\/dicodusport.fr\/blog\/amandine-fouquenet-recompensee-la-championne-de-france-de-cyclo-cross-retrouve-une-equipe-au-buzzer\/#primaryimage\"},\"image\":{\"@id\":\"https:\/\/dicodusport.fr\/blog\/amandine-fouquenet-recompensee-la-championne-de-france-de-cyclo-cross-retrouve-une-equipe-au-buzzer\/#primaryimage\"},\"thumbnailUrl\":\"https:\/\/dicodusport.fr\/blog\/wp-content\/uploads\/2025\/12\/Amandine-Fouquenet-recompensee-la-championne-de-France-de-cyclo-cross-retrouve-une-equipe-au-buzzer.png\",\"datePublished\":\"2025-12-28T14:25:36+00:00\",\"description\":\"CYCLO-CROSS - Au c\u0153ur de sa meilleure saison en carri\u00e8re, Amandine Fouquenet a fini par retrouver une \u00e9quipe, la Pauwels Sauzen-Altez Industriebouw.\u00a0\",\"breadcrumb\":{\"@id\":\"https:\/\/dicodusport.fr\/blog\/amandine-fouquenet-recompensee-la-championne-de-france-de-cyclo-cross-retrouve-une-equipe-au-buzzer\/#breadcrumb\"},\"inLanguage\":\"fr-FR\",\"potentialAction\":[{\"@type\":\"ReadAction\",\"target\":[\"https:\/\/dicodusport.fr\/blog\/amandine-fouquenet-recompensee-la-championne-de-france-de-cyclo-cross-retrouve-une-equipe-au-buzzer\/\"]}]},{\"@type\":\"ImageObject\",\"inLanguage\":\"fr-FR\",\"@id\":\"https:\/\/dicodusport.fr\/blog\/amandine-fouquenet-recompensee-la-championne-de-france-de-cyclo-cross-retrouve-une-equipe-au-buzzer\/#primaryimage\",\"url\":\"https:\/\/dicodusport.fr\/blog\/wp-content\/uploads\/2025\/12\/Amandine-Fouquenet-recompensee-la-championne-de-France-de-cyclo-cross-retrouve-une-equipe-au-buzzer.png\",\"contentUrl\":\"https:\/\/dicodusport.fr\/blog\/wp-content\/uploads\/2025\/12\/Amandine-Fouquenet-recompensee-la-championne-de-France-de-cyclo-cross-retrouve-une-equipe-au-buzzer.png\",\"width\":1200,\"height\":674,\"caption\":\"Amandine Fouquenet r\u00e9compens\u00e9e la championne de France de cyclo-cross retrouve une \u00e9quipe au buzzer\"},{\"@type\":\"BreadcrumbList\",\"@id\":\"https:\/\/dicodusport.fr\/blog\/amandine-fouquenet-recompensee-la-championne-de-france-de-cyclo-cross-retrouve-une-equipe-au-buzzer\/#breadcrumb\",\"itemListElement\":[{\"@type\":\"ListItem\",\"position\":1,\"name\":\"Accueil\",\"item\":\"https:\/\/dicodusport.fr\/blog\/\"},{\"@type\":\"ListItem\",\"position\":2,\"name\":\"Amandine Fouquenet r\u00e9compens\u00e9e : la championne de France de cyclo-cross retrouve une \u00e9quipe au buzzer\"}]},{\"@type\":\"WebSite\",\"@id\":\"https:\/\/dicodusport.fr\/blog\/#website\",\"url\":\"https:\/\/dicodusport.fr\/blog\/\",\"name\":\"Dicodusport\",\"description\":\"L&#039;encyclop\u00e9die de l&#039;actualit\u00e9 sportive\",\"publisher\":{\"@id\":\"https:\/\/dicodusport.fr\/blog\/#organization\"},\"potentialAction\":[{\"@type\":\"SearchAction\",\"target\":{\"@type\":\"EntryPoint\",\"urlTemplate\":\"https:\/\/dicodusport.fr\/blog\/?s={search_term_string}\"},\"query-input\":{\"@type\":\"PropertyValueSpecification\",\"valueRequired\":true,\"valueName\":\"search_term_string\"}}],\"inLanguage\":\"fr-FR\"},{\"@type\":\"NewsMediaOrganization\",\"@id\":\"https:\/\/dicodusport.fr\/blog\/#organization\",\"name\":\"Dicodusport\",\"url\":\"https:\/\/dicodusport.fr\/blog\/\",\"logo\":{\"@type\":\"ImageObject\",\"inLanguage\":\"fr-FR\",\"@id\":\"https:\/\/dicodusport.fr\/blog\/#\/schema\/logo\/image\/\",\"url\":\"https:\/\/dicodusport.fr\/blog\/wp-content\/uploads\/2020\/06\/cropped-LOGO-DICODUSPORT-2020-SANS-FOND-SANS-TEXTE.png\",\"contentUrl\":\"https:\/\/dicodusport.fr\/blog\/wp-content\/uploads\/2020\/06\/cropped-LOGO-DICODUSPORT-2020-SANS-FOND-SANS-TEXTE.png\",\"width\":512,\"height\":512,\"caption\":\"Dicodusport\"},\"image\":{\"@id\":\"https:\/\/dicodusport.fr\/blog\/#\/schema\/logo\/image\/\"},\"sameAs\":[\"https:\/\/www.facebook.com\/dicodusport\",\"https:\/\/x.com\/dicodusport\",\"https:\/\/www.instagram.com\/dicodusport\/\",\"https:\/\/www.youtube.com\/channel\/UC7V2KZ5sd3htJivAbA4ZG3w\"],\"description\":\"Dicodusport est l'encyclop\u00e9die de l'actualit\u00e9 sportive.\",\"email\":\"bonjour@dicodusport.fr\",\"legalName\":\"DICODUSPORT\",\"foundingDate\":\"2018-01-14\",\"vatID\":\"FR71834470973\",\"taxID\":\"83447097300043\",\"numberOfEmployees\":{\"@type\":\"QuantitativeValue\",\"minValue\":\"1\",\"maxValue\":\"10\"}},{\"@type\":\"Person\",\"@id\":\"https:\/\/dicodusport.fr\/blog\/#\/schema\/person\/627966a6cde45dbd8c5e36ac85d783da\",\"name\":\"S\u00e9bastien Gente\",\"image\":{\"@type\":\"ImageObject\",\"inLanguage\":\"fr-FR\",\"@id\":\"https:\/\/dicodusport.fr\/blog\/#\/schema\/person\/image\/\",\"url\":\"https:\/\/dicodusport.fr\/blog\/wp-content\/uploads\/2021\/09\/1510990_10205810251400683_4124423575079401707_n-150x150.jpg\",\"contentUrl\":\"https:\/\/dicodusport.fr\/blog\/wp-content\/uploads\/2021\/09\/1510990_10205810251400683_4124423575079401707_n-150x150.jpg\",\"caption\":\"S\u00e9bastien Gente\"},\"description\":\"John Stockton, Gianni Bugno, Zinedine Zidane, Steffi Graf, Frode Andresen, St\u00e9phane Stoecklin, Davis Kamoga, Primoz Peterka, Werner Schlager et Aur\u00e9lien Rougerie. Point commun entre ces sportifs? Ils m'ont fait r\u00eaver et ont berc\u00e9 mon adolescence. Je suis un fondu de sports et j'essaie de retranscrire ma passion \u00e0 travers mes articles. Originaire du P\u00e9rigord, ma passion pour les Girondins, les Jaunards et les Jazzmen transpire dans mes \u00e9crits. \u00c0 Dicodusport depuis 2021, je d\u00e9niche les sports m\u00e9connus dans lesquels la France brille, et il y en a !\",\"sameAs\":[\"https:\/\/www.facebook.com\/sebastien.gente\/\",\"https:\/\/www.instagram.com\/sebgente\/\",\"https:\/\/www.linkedin.com\/in\/sbastien-gente-a29583169\/\",\"https:\/\/x.com\/https:\/\/twitter.com\/globulo24\",\"SebastienGente\"],\"worksFor\":\"S\u00e9bastien GENTE\",\"url\":\"https:\/\/dicodusport.fr\/blog\/author\/sebastiengente\/\"}]}<\/script>\n<!-- \/ Yoast SEO Premium plugin. -->","yoast_head_json":{"title":"Amandine Fouquenet r\u00e9compens\u00e9e : la championne de France de cyclo-cross retrouve une \u00e9quipe au buzzer","description":"CYCLO-CROSS - Au c\u0153ur de sa meilleure saison en carri\u00e8re, Amandine Fouquenet a fini par retrouver une \u00e9quipe, la Pauwels Sauzen-Altez Industriebouw.\u00a0","robots":{"index":"index","follow":"follow","max-snippet":"max-snippet:-1","max-image-preview":"max-image-preview:large","max-video-preview":"max-video-preview:-1"},"canonical":"https:\/\/dicodusport.fr\/blog\/amandine-fouquenet-recompensee-la-championne-de-france-de-cyclo-cross-retrouve-une-equipe-au-buzzer\/","og_locale":"fr_FR","og_type":"article","og_title":"Amandine Fouquenet r\u00e9compens\u00e9e : la championne de France de cyclo-cross retrouve une \u00e9quipe au buzzer","og_description":"CYCLO-CROSS - Au c\u0153ur de sa meilleure saison en carri\u00e8re, Amandine Fouquenet a fini par retrouver une \u00e9quipe, la Pauwels Sauzen-Altez Industriebouw.\u00a0","og_url":"https:\/\/dicodusport.fr\/blog\/amandine-fouquenet-recompensee-la-championne-de-france-de-cyclo-cross-retrouve-une-equipe-au-buzzer\/","og_site_name":"Dicodusport","article_publisher":"https:\/\/www.facebook.com\/dicodusport","article_author":"https:\/\/www.facebook.com\/sebastien.gente\/","article_published_time":"2025-12-28T14:25:36+00:00","og_image":[{"width":1200,"height":674,"url":"https:\/\/dicodusport.fr\/blog\/wp-content\/uploads\/2025\/12\/Amandine-Fouquenet-recompensee-la-championne-de-France-de-cyclo-cross-retrouve-une-equipe-au-buzzer.png","type":"image\/png"}],"author":"S\u00e9bastien Gente","twitter_card":"summary_large_image","twitter_title":"Amandine Fouquenet r\u00e9compens\u00e9e : la championne de France de cyclo-cross retrouve une \u00e9quipe au buzzer","twitter_creator":"@https:\/\/twitter.com\/globulo24","twitter_site":"@dicodusport","schema":{"@context":"https:\/\/schema.org","@graph":[{"@type":"NewsArticle","@id":"https:\/\/dicodusport.fr\/blog\/amandine-fouquenet-recompensee-la-championne-de-france-de-cyclo-cross-retrouve-une-equipe-au-buzzer\/#article","isPartOf":{"@id":"https:\/\/dicodusport.fr\/blog\/amandine-fouquenet-recompensee-la-championne-de-france-de-cyclo-cross-retrouve-une-equipe-au-buzzer\/"},"author":{"name":"S\u00e9bastien Gente","@id":"https:\/\/dicodusport.fr\/blog\/#\/schema\/person\/627966a6cde45dbd8c5e36ac85d783da"},"headline":"Amandine Fouquenet r\u00e9compens\u00e9e : la championne de France de cyclo-cross retrouve une \u00e9quipe au buzzer","datePublished":"2025-12-28T14:25:36+00:00","mainEntityOfPage":{"@id":"https:\/\/dicodusport.fr\/blog\/amandine-fouquenet-recompensee-la-championne-de-france-de-cyclo-cross-retrouve-une-equipe-au-buzzer\/"},"wordCount":609,"commentCount":0,"publisher":{"@id":"https:\/\/dicodusport.fr\/blog\/#organization"},"image":{"@id":"https:\/\/dicodusport.fr\/blog\/amandine-fouquenet-recompensee-la-championne-de-france-de-cyclo-cross-retrouve-une-equipe-au-buzzer\/#primaryimage"},"thumbnailUrl":"https:\/\/dicodusport.fr\/blog\/wp-content\/uploads\/2025\/12\/Amandine-Fouquenet-recompensee-la-championne-de-France-de-cyclo-cross-retrouve-une-equipe-au-buzzer.png","keywords":["br\u00e8ve","Cyclo-cross"],"articleSection":["Cyclo-cross"],"inLanguage":"fr-FR","potentialAction":[{"@type":"CommentAction","name":"Comment","target":["https:\/\/dicodusport.fr\/blog\/amandine-fouquenet-recompensee-la-championne-de-france-de-cyclo-cross-retrouve-une-equipe-au-buzzer\/#respond"]}],"copyrightYear":"2025","copyrightHolder":{"@id":"https:\/\/dicodusport.fr\/blog\/#organization"}},{"@type":"WebPage","@id":"https:\/\/dicodusport.fr\/blog\/amandine-fouquenet-recompensee-la-championne-de-france-de-cyclo-cross-retrouve-une-equipe-au-buzzer\/","url":"https:\/\/dicodusport.fr\/blog\/amandine-fouquenet-recompensee-la-championne-de-france-de-cyclo-cross-retrouve-une-equipe-au-buzzer\/","name":"Amandine Fouquenet r\u00e9compens\u00e9e : la championne de France de cyclo-cross retrouve une \u00e9quipe au buzzer","isPartOf":{"@id":"https:\/\/dicodusport.fr\/blog\/#website"},"primaryImageOfPage":{"@id":"https:\/\/dicodusport.fr\/blog\/amandine-fouquenet-recompensee-la-championne-de-france-de-cyclo-cross-retrouve-une-equipe-au-buzzer\/#primaryimage"},"image":{"@id":"https:\/\/dicodusport.fr\/blog\/amandine-fouquenet-recompensee-la-championne-de-france-de-cyclo-cross-retrouve-une-equipe-au-buzzer\/#primaryimage"},"thumbnailUrl":"https:\/\/dicodusport.fr\/blog\/wp-content\/uploads\/2025\/12\/Amandine-Fouquenet-recompensee-la-championne-de-France-de-cyclo-cross-retrouve-une-equipe-au-buzzer.png","datePublished":"2025-12-28T14:25:36+00:00","description":"CYCLO-CROSS - Au c\u0153ur de sa meilleure saison en carri\u00e8re, Amandine Fouquenet a fini par retrouver une \u00e9quipe, la Pauwels Sauzen-Altez Industriebouw.\u00a0","breadcrumb":{"@id":"https:\/\/dicodusport.fr\/blog\/amandine-fouquenet-recompensee-la-championne-de-france-de-cyclo-cross-retrouve-une-equipe-au-buzzer\/#breadcrumb"},"inLanguage":"fr-FR","potentialAction":[{"@type":"ReadAction","target":["https:\/\/dicodusport.fr\/blog\/amandine-fouquenet-recompensee-la-championne-de-france-de-cyclo-cross-retrouve-une-equipe-au-buzzer\/"]}]},{"@type":"ImageObject","inLanguage":"fr-FR","@id":"https:\/\/dicodusport.fr\/blog\/amandine-fouquenet-recompensee-la-championne-de-france-de-cyclo-cross-retrouve-une-equipe-au-buzzer\/#primaryimage","url":"https:\/\/dicodusport.fr\/blog\/wp-content\/uploads\/2025\/12\/Amandine-Fouquenet-recompensee-la-championne-de-France-de-cyclo-cross-retrouve-une-equipe-au-buzzer.png","contentUrl":"https:\/\/dicodusport.fr\/blog\/wp-content\/uploads\/2025\/12\/Amandine-Fouquenet-recompensee-la-championne-de-France-de-cyclo-cross-retrouve-une-equipe-au-buzzer.png","width":1200,"height":674,"caption":"Amandine Fouquenet r\u00e9compens\u00e9e la championne de France de cyclo-cross retrouve une \u00e9quipe au buzzer"},{"@type":"BreadcrumbList","@id":"https:\/\/dicodusport.fr\/blog\/amandine-fouquenet-recompensee-la-championne-de-france-de-cyclo-cross-retrouve-une-equipe-au-buzzer\/#breadcrumb","itemListElement":[{"@type":"ListItem","position":1,"name":"Accueil","item":"https:\/\/dicodusport.fr\/blog\/"},{"@type":"ListItem","position":2,"name":"Amandine Fouquenet r\u00e9compens\u00e9e : la championne de France de cyclo-cross retrouve une \u00e9quipe au buzzer"}]},{"@type":"WebSite","@id":"https:\/\/dicodusport.fr\/blog\/#website","url":"https:\/\/dicodusport.fr\/blog\/","name":"Dicodusport","description":"L&#039;encyclop\u00e9die de l&#039;actualit\u00e9 sportive","publisher":{"@id":"https:\/\/dicodusport.fr\/blog\/#organization"},"potentialAction":[{"@type":"SearchAction","target":{"@type":"EntryPoint","urlTemplate":"https:\/\/dicodusport.fr\/blog\/?s={search_term_string}"},"query-input":{"@type":"PropertyValueSpecification","valueRequired":true,"valueName":"search_term_string"}}],"inLanguage":"fr-FR"},{"@type":"NewsMediaOrganization","@id":"https:\/\/dicodusport.fr\/blog\/#organization","name":"Dicodusport","url":"https:\/\/dicodusport.fr\/blog\/","logo":{"@type":"ImageObject","inLanguage":"fr-FR","@id":"https:\/\/dicodusport.fr\/blog\/#\/schema\/logo\/image\/","url":"https:\/\/dicodusport.fr\/blog\/wp-content\/uploads\/2020\/06\/cropped-LOGO-DICODUSPORT-2020-SANS-FOND-SANS-TEXTE.png","contentUrl":"https:\/\/dicodusport.fr\/blog\/wp-content\/uploads\/2020\/06\/cropped-LOGO-DICODUSPORT-2020-SANS-FOND-SANS-TEXTE.png","width":512,"height":512,"caption":"Dicodusport"},"image":{"@id":"https:\/\/dicodusport.fr\/blog\/#\/schema\/logo\/image\/"},"sameAs":["https:\/\/www.facebook.com\/dicodusport","https:\/\/x.com\/dicodusport","https:\/\/www.instagram.com\/dicodusport\/","https:\/\/www.youtube.com\/channel\/UC7V2KZ5sd3htJivAbA4ZG3w"],"description":"Dicodusport est l'encyclop\u00e9die de l'actualit\u00e9 sportive.","email":"bonjour@dicodusport.fr","legalName":"DICODUSPORT","foundingDate":"2018-01-14","vatID":"FR71834470973","taxID":"83447097300043","numberOfEmployees":{"@type":"QuantitativeValue","minValue":"1","maxValue":"10"}},{"@type":"Person","@id":"https:\/\/dicodusport.fr\/blog\/#\/schema\/person\/627966a6cde45dbd8c5e36ac85d783da","name":"S\u00e9bastien Gente","image":{"@type":"ImageObject","inLanguage":"fr-FR","@id":"https:\/\/dicodusport.fr\/blog\/#\/schema\/person\/image\/","url":"https:\/\/dicodusport.fr\/blog\/wp-content\/uploads\/2021\/09\/1510990_10205810251400683_4124423575079401707_n-150x150.jpg","contentUrl":"https:\/\/dicodusport.fr\/blog\/wp-content\/uploads\/2021\/09\/1510990_10205810251400683_4124423575079401707_n-150x150.jpg","caption":"S\u00e9bastien Gente"},"description":"John Stockton, Gianni Bugno, Zinedine Zidane, Steffi Graf, Frode Andresen, St\u00e9phane Stoecklin, Davis Kamoga, Primoz Peterka, Werner Schlager et Aur\u00e9lien Rougerie. Point commun entre ces sportifs? Ils m'ont fait r\u00eaver et ont berc\u00e9 mon adolescence. Je suis un fondu de sports et j'essaie de retranscrire ma passion \u00e0 travers mes articles. Originaire du P\u00e9rigord, ma passion pour les Girondins, les Jaunards et les Jazzmen transpire dans mes \u00e9crits. \u00c0 Dicodusport depuis 2021, je d\u00e9niche les sports m\u00e9connus dans lesquels la France brille, et il y en a !","sameAs":["https:\/\/www.facebook.com\/sebastien.gente\/","https:\/\/www.instagram.com\/sebgente\/","https:\/\/www.linkedin.com\/in\/sbastien-gente-a29583169\/","https:\/\/x.com\/https:\/\/twitter.com\/globulo24","SebastienGente"],"worksFor":"S\u00e9bastien GENTE","url":"https:\/\/dicodusport.fr\/blog\/author\/sebastiengente\/"}]}},"_links":{"self":[{"href":"https:\/\/dicodusport.fr\/blog\/wp-json\/wp\/v2\/posts\/634721","targetHints":{"allow":["GET"]}}],"collection":[{"href":"https:\/\/dicodusport.fr\/blog\/wp-json\/wp\/v2\/posts"}],"about":[{"href":"https:\/\/dicodusport.fr\/blog\/wp-json\/wp\/v2\/types\/post"}],"author":[{"embeddable":true,"href":"https:\/\/dicodusport.fr\/blog\/wp-json\/wp\/v2\/users\/59"}],"replies":[{"embeddable":true,"href":"https:\/\/dicodusport.fr\/blog\/wp-json\/wp\/v2\/comments?post=634721"}],"version-history":[{"count":1,"href":"https:\/\/dicodusport.fr\/blog\/wp-json\/wp\/v2\/posts\/634721\/revisions"}],"predecessor-version":[{"id":634728,"href":"https:\/\/dicodusport.fr\/blog\/wp-json\/wp\/v2\/posts\/634721\/revisions\/634728"}],"wp:featuredmedia":[{"embeddable":true,"href":"https:\/\/dicodusport.fr\/blog\/wp-json\/wp\/v2\/media\/634727"}],"wp:attachment":[{"href":"https:\/\/dicodusport.fr\/blog\/wp-json\/wp\/v2\/media?parent=634721"}],"wp:term":[{"taxonomy":"category","embeddable":true,"href":"https:\/\/dicodusport.fr\/blog\/wp-json\/wp\/v2\/categories?post=634721"},{"taxonomy":"post_tag","embeddable":true,"href":"https:\/\/dicodusport.fr\/blog\/wp-json\/wp\/v2\/tags?post=634721"}],"curies":[{"name":"wp","href":"https:\/\/api.w.org\/{rel}","templated":true}]}}