{"id":634858,"date":"2025-12-29T11:17:32","date_gmt":"2025-12-29T10:17:32","guid":{"rendered":"https:\/\/dicodusport.fr\/blog\/?p=634858&#038;preview=true&#038;preview_id=634858"},"modified":"2025-12-29T19:29:02","modified_gmt":"2025-12-29T18:29:02","slug":"la-rochelle-en-quete-de-renforts-un-taulier-des-saracens-dans-le-viseur","status":"publish","type":"post","link":"https:\/\/dicodusport.fr\/blog\/la-rochelle-en-quete-de-renforts-un-taulier-des-saracens-dans-le-viseur\/","title":{"rendered":"La Rochelle en qu\u00eate de renforts : un taulier des Saracens dans le viseur"},"content":{"rendered":"<p style=\"text-align: justify;\"><strong><em>TRANSFERTS RUGBY &#8211; Selon le Midi Olympique, le deuxi\u00e8me ligne Theo McFarland (Saracens) est sur les tablettes du Stade Rochelais.<\/em><\/strong><\/p>\n<ul style=\"text-align: justify;\">\n<li><strong>\u00c0 ce sujet &#8211; <a href=\"https:\/\/dicodusport.fr\/blog\/transferts-la-rochelle-2026-recrues-departs-et-prolongations\/\">Transferts La Rochelle 2026 : Recrues, d\u00e9parts et prolongations<\/a><\/strong><\/li>\n<\/ul>\n<p style=\"text-align: justify;\">En proie \u00e0 des difficult\u00e9s depuis deux saisons, le <strong>Stade Rochelais<\/strong> cherche la bonne formule pour retrouver les sommets du Top 14 et du rugby europ\u00e9en, comme ce fut le cas au d\u00e9but des ann\u00e9es 2020. <a href=\"https:\/\/dicodusport.fr\/blog\/la-rochelle-explose-au-stadium-le-stade-toulousain-sacre-champion-dautomne-en-top-14\/\">Encore humili\u00e9s ce dimanche, sur la pelouse de Toulouse (60-14)<\/a>, les Rochelais s&rsquo;activent en coulisses pour tenter de renouveler leur effectif.<\/p>\n<ul style=\"text-align: justify;\">\n<li style=\"text-align: justify;\"><strong>\u00c0 lire aussi \u2013 <a href=\"https:\/\/dicodusport.fr\/blog\/lavenir-de-salesi-rayasi-se-precise-2-clubs-de-top-14-sinteressent-serieusement-a-son-profil\/\">L\u2019avenir de Salesi Rayasi se pr\u00e9cise : 2 clubs de Top 14 s\u2019int\u00e9ressent s\u00e9rieusement \u00e0 son profil<\/a><\/strong><\/li>\n<\/ul>\n<h2 style=\"text-align: justify;\">Capable de tenir 80 minutes assez r\u00e9guli\u00e8rement<\/h2>\n<p style=\"text-align: justify;\">Selon les informations de nos confr\u00e8res de <em>Midi Olympique<\/em>, dans ses colonnes de ce lundi matin, les Maritimes lorgnent sur l&rsquo;avant <strong>Theo McFarland<\/strong>, l\u2019un des joueurs les plus importants du mythique club anglais des <strong>Saracens<\/strong>. Celui qui peut jouer en deuxi\u00e8me ou troisi\u00e8me ligne pourrait \u00eatre un renfort de choix pour La Rochelle, encore en d\u00e9licatesse devant ce dimanche.<\/p>\n<ul style=\"text-align: justify;\">\n<li style=\"text-align: justify;\"><strong>\u00c0 lire aussi \u2013 <a href=\"https:\/\/dicodusport.fr\/blog\/quel-avenir-pour-louis-carbonel-stade-francais-un-cador-de-top-14-reste-a-laffut\/\">Quel avenir pour Louis Carbonel (Stade Fran\u00e7ais) ? Un cador de Top 14 reste \u00e0 l\u2019aff\u00fbt<\/a><\/strong><\/li>\n<\/ul>\n<p style=\"text-align: justify;\">Le Samoan de 30 ans est arriv\u00e9 en 2021 au sein du club anglais. La saison pass\u00e9e, il disputait encore 20 matchs avec son club, dont 16 en tant que titulaire. R\u00e9guli\u00e8rement capable de tenir un match entier, sa \u00ab caisse \u00bb peut \u00eatre un vrai atout pour les Rochelais. Il pourrait ainsi d\u00e9couvrir un nouveau championnat avec le Top 14. La Rochelle en aurait bien besoin pour sortir de la morosit\u00e9, \u00e0 l&rsquo;image <a href=\"https:\/\/dicodusport.fr\/blog\/classement-top-14-2025-2026-mis-a-jour\/\">de sa 10e place en Top 14<\/a>.<\/p>\n<h3 style=\"text-align: justify;\">Dicodusport vous conseille<\/h3>\n<ul>\n<li style=\"text-align: justify;\"><strong><a href=\"https:\/\/dicodusport.fr\/blog\/killian-geraci-sur-le-depart-le-deuxieme-ligne-du-lou-est-courtise-par-une-grosse-ecurie-de-top-14\/\">Killian Geraci sur le d\u00e9part ? Le deuxi\u00e8me ligne du LOU est courtis\u00e9 par une grosse \u00e9curie de Top 14<\/a><\/strong><\/li>\n<li style=\"text-align: justify;\"><a href=\"https:\/\/dicodusport.fr\/blog\/transferts-rugby-louis-carbonel-bayonne-brian-alainuuese-la-rochelle-les-infos-du-lundi-29-decembre\/\"><strong>Transferts Rugby : Louis Carbonel, Bayonne, Brian Alainu\u2019uese, La Rochelle, les infos du lundi 29 d\u00e9cembre<\/strong><\/a><\/li>\n<\/ul>\n<div class=\"vlp-link-container vlp-layout-article\"><a href=\"https:\/\/dicodusport.fr\/blog\/toulon-pourrait-perdre-un-cadre-brian-alainuuese-est-courtise-en-angleterre\/\" class=\"vlp-link\" title=\"Toulon pourrait perdre un cadre : Brian Alainu&#039;uese est courtis\u00e9 en Angleterre\"><\/a><div class=\"vlp-layout-zone-side\"><div class=\"vlp-block-4 vlp-link-image\"><img loading=\"lazy\" decoding=\"async\" style=\"max-width: 792px;\" width=\"792\" height=\"445\" src=\"https:\/\/dicodusport.fr\/blog\/wp-content\/uploads\/2025\/12\/Toulon-pourrait-perdre-un-cadre-Brian-Alainuuese-est-courtise-en-Angleterre-1.png\" class=\"attachment-800x445 size-800x445\" alt=\"Toulon pourrait perdre un cadre Brian Alainu&#039;uese est courtis\u00e9 en Angleterre\" srcset=\"https:\/\/dicodusport.fr\/blog\/wp-content\/uploads\/2025\/12\/Toulon-pourrait-perdre-un-cadre-Brian-Alainuuese-est-courtise-en-Angleterre-1.png 1200w, https:\/\/dicodusport.fr\/blog\/wp-content\/uploads\/2025\/12\/Toulon-pourrait-perdre-un-cadre-Brian-Alainuuese-est-courtise-en-Angleterre-1-300x169.png 300w, https:\/\/dicodusport.fr\/blog\/wp-content\/uploads\/2025\/12\/Toulon-pourrait-perdre-un-cadre-Brian-Alainuuese-est-courtise-en-Angleterre-1-1024x575.png 1024w, https:\/\/dicodusport.fr\/blog\/wp-content\/uploads\/2025\/12\/Toulon-pourrait-perdre-un-cadre-Brian-Alainuuese-est-courtise-en-Angleterre-1-768x431.png 768w\" sizes=\"auto, (max-width: 792px) 100vw, 792px\" \/><\/div><\/div><div class=\"vlp-layout-zone-main\"><div class=\"vlp-block-0 vlp-link-title\">Toulon pourrait perdre un cadre : Brian Alainu'uese est courtis\u00e9 en Angleterre<\/div><div class=\"vlp-block-1 vlp-link-summary\">TRANSFERTS RUGBY - Selon le Midi Olympique, Brian Alainu'uese (RC Toulon) pourrait partir en Angleterre \u00e0 la fin de la saison.<\/div><div class=\"vlp-block-2 vlp-link-button\">Lire l'article<\/div><div class=\"vlp-block-3 vlp-link-url\">dicodusport.fr<\/div><\/div><\/div>\n<p>&nbsp;<\/p>\n<div id=\"gtx-trans\" style=\"position: absolute; left: -14px; top: 40.9091px;\">\n<div class=\"gtx-trans-icon\" style=\"text-align: justify;\"><\/div>\n<\/div>\n","protected":false},"excerpt":{"rendered":"<p>TRANSFERTS RUGBY &#8211; Selon le Midi Olympique, le deuxi\u00e8me ligne Theo McFarland (Saracens) est sur les tablettes du Stade Rochelais.<\/p>\n","protected":false},"author":83,"featured_media":634861,"comment_status":"open","ping_status":"closed","sticky":false,"template":"","format":"standard","meta":{"_acf_changed":false,"_daextam_enable_autolinks":"1","footnotes":""},"categories":[47050],"tags":[16878,2702,111,29105],"class_list":["post-634858","post","type-post","status-publish","format-standard","has-post-thumbnail","hentry","category-top-14","tag-breve","tag-stade-rochelais","tag-top-14","tag-transferts-rugby"],"acf":[],"yoast_head":"<!-- This site is optimized with the Yoast SEO Premium plugin v26.7 (Yoast SEO v26.7) - https:\/\/yoast.com\/wordpress\/plugins\/seo\/ -->\n<title>La Rochelle en qu\u00eate de renforts : un taulier des Saracens dans le viseur<\/title>\n<meta name=\"description\" content=\"TRANSFERTS RUGBY - Selon le Midi Olympique, le deuxi\u00e8me ligne Theo McFarland (Saracens) est sur les tablettes du Stade Rochelais.\" \/>\n<meta name=\"robots\" content=\"index, follow, max-snippet:-1, max-image-preview:large, max-video-preview:-1\" \/>\n<link rel=\"canonical\" href=\"https:\/\/dicodusport.fr\/blog\/la-rochelle-en-quete-de-renforts-un-taulier-des-saracens-dans-le-viseur\/\" \/>\n<meta property=\"og:locale\" content=\"fr_FR\" \/>\n<meta property=\"og:type\" content=\"article\" \/>\n<meta property=\"og:title\" content=\"La Rochelle en qu\u00eate de renforts : un taulier des Saracens dans le viseur\" \/>\n<meta property=\"og:description\" content=\"TRANSFERTS RUGBY - Selon le Midi Olympique, le deuxi\u00e8me ligne Theo McFarland (Saracens) est sur les tablettes du Stade Rochelais.\" \/>\n<meta property=\"og:url\" content=\"https:\/\/dicodusport.fr\/blog\/la-rochelle-en-quete-de-renforts-un-taulier-des-saracens-dans-le-viseur\/\" \/>\n<meta property=\"og:site_name\" content=\"Dicodusport\" \/>\n<meta property=\"article:publisher\" content=\"https:\/\/www.facebook.com\/dicodusport\" \/>\n<meta property=\"article:published_time\" content=\"2025-12-29T10:17:32+00:00\" \/>\n<meta property=\"article:modified_time\" content=\"2025-12-29T18:29:02+00:00\" \/>\n<meta property=\"og:image\" content=\"https:\/\/dicodusport.fr\/blog\/wp-content\/uploads\/2025\/12\/La-Rochelle-en-quete-de-renforts-un-taulier-des-Saracens-dans-le-viseur.png\" \/>\n\t<meta property=\"og:image:width\" content=\"1200\" \/>\n\t<meta property=\"og:image:height\" content=\"674\" \/>\n\t<meta property=\"og:image:type\" content=\"image\/png\" \/>\n<meta name=\"author\" content=\"Etienne Goursaud\" \/>\n<meta name=\"twitter:card\" content=\"summary_large_image\" \/>\n<meta name=\"twitter:title\" content=\"La Rochelle en qu\u00eate de renforts : un taulier des Saracens dans le viseur\" \/>\n<meta name=\"twitter:creator\" content=\"@dicodusport\" \/>\n<meta name=\"twitter:site\" content=\"@dicodusport\" \/>\n<script type=\"application\/ld+json\" class=\"yoast-schema-graph\">{\"@context\":\"https:\/\/schema.org\",\"@graph\":[{\"@type\":\"NewsArticle\",\"@id\":\"https:\/\/dicodusport.fr\/blog\/la-rochelle-en-quete-de-renforts-un-taulier-des-saracens-dans-le-viseur\/#article\",\"isPartOf\":{\"@id\":\"https:\/\/dicodusport.fr\/blog\/la-rochelle-en-quete-de-renforts-un-taulier-des-saracens-dans-le-viseur\/\"},\"author\":{\"name\":\"Etienne Goursaud\",\"@id\":\"https:\/\/dicodusport.fr\/blog\/#\/schema\/person\/d603dd7da31fb2b46c82b9835a77ec13\"},\"headline\":\"La Rochelle en qu\u00eate de renforts : un taulier des Saracens dans le viseur\",\"datePublished\":\"2025-12-29T10:17:32+00:00\",\"dateModified\":\"2025-12-29T18:29:02+00:00\",\"mainEntityOfPage\":{\"@id\":\"https:\/\/dicodusport.fr\/blog\/la-rochelle-en-quete-de-renforts-un-taulier-des-saracens-dans-le-viseur\/\"},\"wordCount\":417,\"commentCount\":0,\"publisher\":{\"@id\":\"https:\/\/dicodusport.fr\/blog\/#organization\"},\"image\":{\"@id\":\"https:\/\/dicodusport.fr\/blog\/la-rochelle-en-quete-de-renforts-un-taulier-des-saracens-dans-le-viseur\/#primaryimage\"},\"thumbnailUrl\":\"https:\/\/dicodusport.fr\/blog\/wp-content\/uploads\/2025\/12\/La-Rochelle-en-quete-de-renforts-un-taulier-des-Saracens-dans-le-viseur.png\",\"keywords\":[\"br\u00e8ve\",\"Stade Rochelais\",\"Top 14\",\"Transferts rugby\"],\"articleSection\":[\"Top 14\"],\"inLanguage\":\"fr-FR\",\"potentialAction\":[{\"@type\":\"CommentAction\",\"name\":\"Comment\",\"target\":[\"https:\/\/dicodusport.fr\/blog\/la-rochelle-en-quete-de-renforts-un-taulier-des-saracens-dans-le-viseur\/#respond\"]}],\"copyrightYear\":\"2025\",\"copyrightHolder\":{\"@id\":\"https:\/\/dicodusport.fr\/blog\/#organization\"}},{\"@type\":\"WebPage\",\"@id\":\"https:\/\/dicodusport.fr\/blog\/la-rochelle-en-quete-de-renforts-un-taulier-des-saracens-dans-le-viseur\/\",\"url\":\"https:\/\/dicodusport.fr\/blog\/la-rochelle-en-quete-de-renforts-un-taulier-des-saracens-dans-le-viseur\/\",\"name\":\"La Rochelle en qu\u00eate de renforts : un taulier des Saracens dans le viseur\",\"isPartOf\":{\"@id\":\"https:\/\/dicodusport.fr\/blog\/#website\"},\"primaryImageOfPage\":{\"@id\":\"https:\/\/dicodusport.fr\/blog\/la-rochelle-en-quete-de-renforts-un-taulier-des-saracens-dans-le-viseur\/#primaryimage\"},\"image\":{\"@id\":\"https:\/\/dicodusport.fr\/blog\/la-rochelle-en-quete-de-renforts-un-taulier-des-saracens-dans-le-viseur\/#primaryimage\"},\"thumbnailUrl\":\"https:\/\/dicodusport.fr\/blog\/wp-content\/uploads\/2025\/12\/La-Rochelle-en-quete-de-renforts-un-taulier-des-Saracens-dans-le-viseur.png\",\"datePublished\":\"2025-12-29T10:17:32+00:00\",\"dateModified\":\"2025-12-29T18:29:02+00:00\",\"description\":\"TRANSFERTS RUGBY - Selon le Midi Olympique, le deuxi\u00e8me ligne Theo McFarland (Saracens) est sur les tablettes du Stade Rochelais.\",\"breadcrumb\":{\"@id\":\"https:\/\/dicodusport.fr\/blog\/la-rochelle-en-quete-de-renforts-un-taulier-des-saracens-dans-le-viseur\/#breadcrumb\"},\"inLanguage\":\"fr-FR\",\"potentialAction\":[{\"@type\":\"ReadAction\",\"target\":[\"https:\/\/dicodusport.fr\/blog\/la-rochelle-en-quete-de-renforts-un-taulier-des-saracens-dans-le-viseur\/\"]}]},{\"@type\":\"ImageObject\",\"inLanguage\":\"fr-FR\",\"@id\":\"https:\/\/dicodusport.fr\/blog\/la-rochelle-en-quete-de-renforts-un-taulier-des-saracens-dans-le-viseur\/#primaryimage\",\"url\":\"https:\/\/dicodusport.fr\/blog\/wp-content\/uploads\/2025\/12\/La-Rochelle-en-quete-de-renforts-un-taulier-des-Saracens-dans-le-viseur.png\",\"contentUrl\":\"https:\/\/dicodusport.fr\/blog\/wp-content\/uploads\/2025\/12\/La-Rochelle-en-quete-de-renforts-un-taulier-des-Saracens-dans-le-viseur.png\",\"width\":1200,\"height\":674,\"caption\":\"La Rochelle en qu\u00eate de renforts : un taulier des Saracens dans le viseur\"},{\"@type\":\"BreadcrumbList\",\"@id\":\"https:\/\/dicodusport.fr\/blog\/la-rochelle-en-quete-de-renforts-un-taulier-des-saracens-dans-le-viseur\/#breadcrumb\",\"itemListElement\":[{\"@type\":\"ListItem\",\"position\":1,\"name\":\"Accueil\",\"item\":\"https:\/\/dicodusport.fr\/blog\/\"},{\"@type\":\"ListItem\",\"position\":2,\"name\":\"La Rochelle en qu\u00eate de renforts : un taulier des Saracens dans le viseur\"}]},{\"@type\":\"WebSite\",\"@id\":\"https:\/\/dicodusport.fr\/blog\/#website\",\"url\":\"https:\/\/dicodusport.fr\/blog\/\",\"name\":\"Dicodusport\",\"description\":\"L&#039;encyclop\u00e9die de l&#039;actualit\u00e9 sportive\",\"publisher\":{\"@id\":\"https:\/\/dicodusport.fr\/blog\/#organization\"},\"potentialAction\":[{\"@type\":\"SearchAction\",\"target\":{\"@type\":\"EntryPoint\",\"urlTemplate\":\"https:\/\/dicodusport.fr\/blog\/?s={search_term_string}\"},\"query-input\":{\"@type\":\"PropertyValueSpecification\",\"valueRequired\":true,\"valueName\":\"search_term_string\"}}],\"inLanguage\":\"fr-FR\"},{\"@type\":\"NewsMediaOrganization\",\"@id\":\"https:\/\/dicodusport.fr\/blog\/#organization\",\"name\":\"Dicodusport\",\"url\":\"https:\/\/dicodusport.fr\/blog\/\",\"logo\":{\"@type\":\"ImageObject\",\"inLanguage\":\"fr-FR\",\"@id\":\"https:\/\/dicodusport.fr\/blog\/#\/schema\/logo\/image\/\",\"url\":\"https:\/\/dicodusport.fr\/blog\/wp-content\/uploads\/2020\/06\/cropped-LOGO-DICODUSPORT-2020-SANS-FOND-SANS-TEXTE.png\",\"contentUrl\":\"https:\/\/dicodusport.fr\/blog\/wp-content\/uploads\/2020\/06\/cropped-LOGO-DICODUSPORT-2020-SANS-FOND-SANS-TEXTE.png\",\"width\":512,\"height\":512,\"caption\":\"Dicodusport\"},\"image\":{\"@id\":\"https:\/\/dicodusport.fr\/blog\/#\/schema\/logo\/image\/\"},\"sameAs\":[\"https:\/\/www.facebook.com\/dicodusport\",\"https:\/\/x.com\/dicodusport\",\"https:\/\/www.instagram.com\/dicodusport\/\",\"https:\/\/www.youtube.com\/channel\/UC7V2KZ5sd3htJivAbA4ZG3w\"],\"description\":\"Dicodusport est l'encyclop\u00e9die de l'actualit\u00e9 sportive.\",\"email\":\"bonjour@dicodusport.fr\",\"legalName\":\"DICODUSPORT\",\"foundingDate\":\"2018-01-14\",\"vatID\":\"FR71834470973\",\"taxID\":\"83447097300043\",\"numberOfEmployees\":{\"@type\":\"QuantitativeValue\",\"minValue\":\"1\",\"maxValue\":\"10\"}},{\"@type\":\"Person\",\"@id\":\"https:\/\/dicodusport.fr\/blog\/#\/schema\/person\/d603dd7da31fb2b46c82b9835a77ec13\",\"name\":\"Etienne Goursaud\",\"image\":{\"@type\":\"ImageObject\",\"inLanguage\":\"fr-FR\",\"@id\":\"https:\/\/dicodusport.fr\/blog\/#\/schema\/person\/image\/\",\"url\":\"https:\/\/dicodusport.fr\/blog\/wp-content\/uploads\/2023\/12\/410122264_10231602061736049_5565839791558026645_n-150x150.jpg\",\"contentUrl\":\"https:\/\/dicodusport.fr\/blog\/wp-content\/uploads\/2023\/12\/410122264_10231602061736049_5565839791558026645_n-150x150.jpg\",\"caption\":\"Etienne Goursaud\"},\"description\":\"Journaliste et amoureux de sport. Ancien footballeur reconverti athl\u00e8te quand ses muscles le laissent tranquille. \u00c9lev\u00e9 \u00e0 la sauce des exploits de Thomas Voeckler en 2004, du dernier essai de l\u00e9gende de Eunice Barber \u00e0 la longueur lors des championnats du monde d'athl\u00e9tisme de 2003 mais aussi Zidane, Omeyer et Titou Lamaison.\",\"url\":\"https:\/\/dicodusport.fr\/blog\/author\/etienne-goursaud\/\"}]}<\/script>\n<!-- \/ Yoast SEO Premium plugin. -->","yoast_head_json":{"title":"La Rochelle en qu\u00eate de renforts : un taulier des Saracens dans le viseur","description":"TRANSFERTS RUGBY - Selon le Midi Olympique, le deuxi\u00e8me ligne Theo McFarland (Saracens) est sur les tablettes du Stade Rochelais.","robots":{"index":"index","follow":"follow","max-snippet":"max-snippet:-1","max-image-preview":"max-image-preview:large","max-video-preview":"max-video-preview:-1"},"canonical":"https:\/\/dicodusport.fr\/blog\/la-rochelle-en-quete-de-renforts-un-taulier-des-saracens-dans-le-viseur\/","og_locale":"fr_FR","og_type":"article","og_title":"La Rochelle en qu\u00eate de renforts : un taulier des Saracens dans le viseur","og_description":"TRANSFERTS RUGBY - Selon le Midi Olympique, le deuxi\u00e8me ligne Theo McFarland (Saracens) est sur les tablettes du Stade Rochelais.","og_url":"https:\/\/dicodusport.fr\/blog\/la-rochelle-en-quete-de-renforts-un-taulier-des-saracens-dans-le-viseur\/","og_site_name":"Dicodusport","article_publisher":"https:\/\/www.facebook.com\/dicodusport","article_published_time":"2025-12-29T10:17:32+00:00","article_modified_time":"2025-12-29T18:29:02+00:00","og_image":[{"width":1200,"height":674,"url":"https:\/\/dicodusport.fr\/blog\/wp-content\/uploads\/2025\/12\/La-Rochelle-en-quete-de-renforts-un-taulier-des-Saracens-dans-le-viseur.png","type":"image\/png"}],"author":"Etienne Goursaud","twitter_card":"summary_large_image","twitter_title":"La Rochelle en qu\u00eate de renforts : un taulier des Saracens dans le viseur","twitter_creator":"@dicodusport","twitter_site":"@dicodusport","schema":{"@context":"https:\/\/schema.org","@graph":[{"@type":"NewsArticle","@id":"https:\/\/dicodusport.fr\/blog\/la-rochelle-en-quete-de-renforts-un-taulier-des-saracens-dans-le-viseur\/#article","isPartOf":{"@id":"https:\/\/dicodusport.fr\/blog\/la-rochelle-en-quete-de-renforts-un-taulier-des-saracens-dans-le-viseur\/"},"author":{"name":"Etienne Goursaud","@id":"https:\/\/dicodusport.fr\/blog\/#\/schema\/person\/d603dd7da31fb2b46c82b9835a77ec13"},"headline":"La Rochelle en qu\u00eate de renforts : un taulier des Saracens dans le viseur","datePublished":"2025-12-29T10:17:32+00:00","dateModified":"2025-12-29T18:29:02+00:00","mainEntityOfPage":{"@id":"https:\/\/dicodusport.fr\/blog\/la-rochelle-en-quete-de-renforts-un-taulier-des-saracens-dans-le-viseur\/"},"wordCount":417,"commentCount":0,"publisher":{"@id":"https:\/\/dicodusport.fr\/blog\/#organization"},"image":{"@id":"https:\/\/dicodusport.fr\/blog\/la-rochelle-en-quete-de-renforts-un-taulier-des-saracens-dans-le-viseur\/#primaryimage"},"thumbnailUrl":"https:\/\/dicodusport.fr\/blog\/wp-content\/uploads\/2025\/12\/La-Rochelle-en-quete-de-renforts-un-taulier-des-Saracens-dans-le-viseur.png","keywords":["br\u00e8ve","Stade Rochelais","Top 14","Transferts rugby"],"articleSection":["Top 14"],"inLanguage":"fr-FR","potentialAction":[{"@type":"CommentAction","name":"Comment","target":["https:\/\/dicodusport.fr\/blog\/la-rochelle-en-quete-de-renforts-un-taulier-des-saracens-dans-le-viseur\/#respond"]}],"copyrightYear":"2025","copyrightHolder":{"@id":"https:\/\/dicodusport.fr\/blog\/#organization"}},{"@type":"WebPage","@id":"https:\/\/dicodusport.fr\/blog\/la-rochelle-en-quete-de-renforts-un-taulier-des-saracens-dans-le-viseur\/","url":"https:\/\/dicodusport.fr\/blog\/la-rochelle-en-quete-de-renforts-un-taulier-des-saracens-dans-le-viseur\/","name":"La Rochelle en qu\u00eate de renforts : un taulier des Saracens dans le viseur","isPartOf":{"@id":"https:\/\/dicodusport.fr\/blog\/#website"},"primaryImageOfPage":{"@id":"https:\/\/dicodusport.fr\/blog\/la-rochelle-en-quete-de-renforts-un-taulier-des-saracens-dans-le-viseur\/#primaryimage"},"image":{"@id":"https:\/\/dicodusport.fr\/blog\/la-rochelle-en-quete-de-renforts-un-taulier-des-saracens-dans-le-viseur\/#primaryimage"},"thumbnailUrl":"https:\/\/dicodusport.fr\/blog\/wp-content\/uploads\/2025\/12\/La-Rochelle-en-quete-de-renforts-un-taulier-des-Saracens-dans-le-viseur.png","datePublished":"2025-12-29T10:17:32+00:00","dateModified":"2025-12-29T18:29:02+00:00","description":"TRANSFERTS RUGBY - Selon le Midi Olympique, le deuxi\u00e8me ligne Theo McFarland (Saracens) est sur les tablettes du Stade Rochelais.","breadcrumb":{"@id":"https:\/\/dicodusport.fr\/blog\/la-rochelle-en-quete-de-renforts-un-taulier-des-saracens-dans-le-viseur\/#breadcrumb"},"inLanguage":"fr-FR","potentialAction":[{"@type":"ReadAction","target":["https:\/\/dicodusport.fr\/blog\/la-rochelle-en-quete-de-renforts-un-taulier-des-saracens-dans-le-viseur\/"]}]},{"@type":"ImageObject","inLanguage":"fr-FR","@id":"https:\/\/dicodusport.fr\/blog\/la-rochelle-en-quete-de-renforts-un-taulier-des-saracens-dans-le-viseur\/#primaryimage","url":"https:\/\/dicodusport.fr\/blog\/wp-content\/uploads\/2025\/12\/La-Rochelle-en-quete-de-renforts-un-taulier-des-Saracens-dans-le-viseur.png","contentUrl":"https:\/\/dicodusport.fr\/blog\/wp-content\/uploads\/2025\/12\/La-Rochelle-en-quete-de-renforts-un-taulier-des-Saracens-dans-le-viseur.png","width":1200,"height":674,"caption":"La Rochelle en qu\u00eate de renforts : un taulier des Saracens dans le viseur"},{"@type":"BreadcrumbList","@id":"https:\/\/dicodusport.fr\/blog\/la-rochelle-en-quete-de-renforts-un-taulier-des-saracens-dans-le-viseur\/#breadcrumb","itemListElement":[{"@type":"ListItem","position":1,"name":"Accueil","item":"https:\/\/dicodusport.fr\/blog\/"},{"@type":"ListItem","position":2,"name":"La Rochelle en qu\u00eate de renforts : un taulier des Saracens dans le viseur"}]},{"@type":"WebSite","@id":"https:\/\/dicodusport.fr\/blog\/#website","url":"https:\/\/dicodusport.fr\/blog\/","name":"Dicodusport","description":"L&#039;encyclop\u00e9die de l&#039;actualit\u00e9 sportive","publisher":{"@id":"https:\/\/dicodusport.fr\/blog\/#organization"},"potentialAction":[{"@type":"SearchAction","target":{"@type":"EntryPoint","urlTemplate":"https:\/\/dicodusport.fr\/blog\/?s={search_term_string}"},"query-input":{"@type":"PropertyValueSpecification","valueRequired":true,"valueName":"search_term_string"}}],"inLanguage":"fr-FR"},{"@type":"NewsMediaOrganization","@id":"https:\/\/dicodusport.fr\/blog\/#organization","name":"Dicodusport","url":"https:\/\/dicodusport.fr\/blog\/","logo":{"@type":"ImageObject","inLanguage":"fr-FR","@id":"https:\/\/dicodusport.fr\/blog\/#\/schema\/logo\/image\/","url":"https:\/\/dicodusport.fr\/blog\/wp-content\/uploads\/2020\/06\/cropped-LOGO-DICODUSPORT-2020-SANS-FOND-SANS-TEXTE.png","contentUrl":"https:\/\/dicodusport.fr\/blog\/wp-content\/uploads\/2020\/06\/cropped-LOGO-DICODUSPORT-2020-SANS-FOND-SANS-TEXTE.png","width":512,"height":512,"caption":"Dicodusport"},"image":{"@id":"https:\/\/dicodusport.fr\/blog\/#\/schema\/logo\/image\/"},"sameAs":["https:\/\/www.facebook.com\/dicodusport","https:\/\/x.com\/dicodusport","https:\/\/www.instagram.com\/dicodusport\/","https:\/\/www.youtube.com\/channel\/UC7V2KZ5sd3htJivAbA4ZG3w"],"description":"Dicodusport est l'encyclop\u00e9die de l'actualit\u00e9 sportive.","email":"bonjour@dicodusport.fr","legalName":"DICODUSPORT","foundingDate":"2018-01-14","vatID":"FR71834470973","taxID":"83447097300043","numberOfEmployees":{"@type":"QuantitativeValue","minValue":"1","maxValue":"10"}},{"@type":"Person","@id":"https:\/\/dicodusport.fr\/blog\/#\/schema\/person\/d603dd7da31fb2b46c82b9835a77ec13","name":"Etienne Goursaud","image":{"@type":"ImageObject","inLanguage":"fr-FR","@id":"https:\/\/dicodusport.fr\/blog\/#\/schema\/person\/image\/","url":"https:\/\/dicodusport.fr\/blog\/wp-content\/uploads\/2023\/12\/410122264_10231602061736049_5565839791558026645_n-150x150.jpg","contentUrl":"https:\/\/dicodusport.fr\/blog\/wp-content\/uploads\/2023\/12\/410122264_10231602061736049_5565839791558026645_n-150x150.jpg","caption":"Etienne Goursaud"},"description":"Journaliste et amoureux de sport. Ancien footballeur reconverti athl\u00e8te quand ses muscles le laissent tranquille. \u00c9lev\u00e9 \u00e0 la sauce des exploits de Thomas Voeckler en 2004, du dernier essai de l\u00e9gende de Eunice Barber \u00e0 la longueur lors des championnats du monde d'athl\u00e9tisme de 2003 mais aussi Zidane, Omeyer et Titou Lamaison.","url":"https:\/\/dicodusport.fr\/blog\/author\/etienne-goursaud\/"}]}},"_links":{"self":[{"href":"https:\/\/dicodusport.fr\/blog\/wp-json\/wp\/v2\/posts\/634858","targetHints":{"allow":["GET"]}}],"collection":[{"href":"https:\/\/dicodusport.fr\/blog\/wp-json\/wp\/v2\/posts"}],"about":[{"href":"https:\/\/dicodusport.fr\/blog\/wp-json\/wp\/v2\/types\/post"}],"author":[{"embeddable":true,"href":"https:\/\/dicodusport.fr\/blog\/wp-json\/wp\/v2\/users\/83"}],"replies":[{"embeddable":true,"href":"https:\/\/dicodusport.fr\/blog\/wp-json\/wp\/v2\/comments?post=634858"}],"version-history":[{"count":5,"href":"https:\/\/dicodusport.fr\/blog\/wp-json\/wp\/v2\/posts\/634858\/revisions"}],"predecessor-version":[{"id":634953,"href":"https:\/\/dicodusport.fr\/blog\/wp-json\/wp\/v2\/posts\/634858\/revisions\/634953"}],"wp:featuredmedia":[{"embeddable":true,"href":"https:\/\/dicodusport.fr\/blog\/wp-json\/wp\/v2\/media\/634861"}],"wp:attachment":[{"href":"https:\/\/dicodusport.fr\/blog\/wp-json\/wp\/v2\/media?parent=634858"}],"wp:term":[{"taxonomy":"category","embeddable":true,"href":"https:\/\/dicodusport.fr\/blog\/wp-json\/wp\/v2\/categories?post=634858"},{"taxonomy":"post_tag","embeddable":true,"href":"https:\/\/dicodusport.fr\/blog\/wp-json\/wp\/v2\/tags?post=634858"}],"curies":[{"name":"wp","href":"https:\/\/api.w.org\/{rel}","templated":true}]}}