{"id":634876,"date":"2025-12-29T12:40:00","date_gmt":"2025-12-29T11:40:00","guid":{"rendered":"https:\/\/dicodusport.fr\/blog\/?p=634876&#038;preview=true&#038;preview_id=634876"},"modified":"2025-12-29T19:27:52","modified_gmt":"2025-12-29T18:27:52","slug":"killian-geraci-sur-le-depart-le-deuxieme-ligne-du-lou-est-courtise-par-une-grosse-ecurie-de-top-14","status":"publish","type":"post","link":"https:\/\/dicodusport.fr\/blog\/killian-geraci-sur-le-depart-le-deuxieme-ligne-du-lou-est-courtise-par-une-grosse-ecurie-de-top-14\/","title":{"rendered":"Killian Geraci sur le d\u00e9part ? Le deuxi\u00e8me ligne du LOU est courtis\u00e9 par une grosse \u00e9curie de Top 14"},"content":{"rendered":"<p style=\"text-align: justify;\"><strong><em>TRANSFERTS RUGBY &#8211; Selon le Midi Olympique, le deuxi\u00e8me ligne Killian Geraci (Lyon OU) est sur les tablettes de l&rsquo;Aviron Bayonnais.<\/em><\/strong><\/p>\n<ul>\n<li><strong>\u00c0 ce sujet &#8211; <a href=\"https:\/\/dicodusport.fr\/blog\/transferts-aviron-bayonnais-2026-recrues-departs-et-prolongations\/\">Transferts Aviron Bayonnais 2026 : Recrues, d\u00e9parts et prolongations<\/a><\/strong><\/li>\n<\/ul>\n<p style=\"text-align: justify;\">Le chantier continue du c\u00f4t\u00e9 de l&rsquo;Aviron Bayonnais. Si, \u00e0 l&rsquo;heure actuelle, trois recrues sont officialis\u00e9es (<strong>L\u00e9o Coly<\/strong>, <strong>Rob du Preez<\/strong>, <strong>Lasha Macharashvili<\/strong>), les Basques font parler d&rsquo;eux sur le march\u00e9 des transferts depuis le d\u00e9but de l&rsquo;automne. <a href=\"https:\/\/dicodusport.fr\/blog\/transferts-bayonne-confirmation-pour-guillaume-cramont-et-dimitri-delibes-dautres-recrues-esperees\/\">Dimitri Delibes \u00e9tait esp\u00e9r\u00e9 \u00e0 une \u00e9poque<\/a>, mais la piste s&rsquo;est depuis largement refroidie.<\/p>\n<ul>\n<li><strong>\u00c0 lire aussi &#8211; <a href=\"https:\/\/dicodusport.fr\/blog\/quel-avenir-pour-louis-carbonel-stade-francais-un-cador-de-top-14-reste-a-laffut\/\">Quel avenir pour Louis Carbonel (Stade Fran\u00e7ais) ? Un cador de Top 14 reste \u00e0 l\u2019aff\u00fbt<\/a><\/strong><\/li>\n<\/ul>\n<h2 style=\"text-align: justify;\">Geraci, international avec le XV de France en 2020<\/h2>\n<p style=\"text-align: justify;\">D&rsquo;autres pistes se sont \u00e9galement referm\u00e9es. Mais Bayonne lorgne d\u00e9sormais sur <strong>Killian Geraci<\/strong>, selon les informations de nos confr\u00e8res de <em>Midi Olympique<\/em>, dans leur \u00e9dition de ce lundi matin. Le deuxi\u00e8me ligne international fran\u00e7ais \u00e9volue au sein du <strong>Lyon OU<\/strong>. Malgr\u00e9 quelques p\u00e9pins, c&rsquo;est encore un joueur important de l&rsquo;effectif lyonnais (sept matchs en Top 14, dont six en tant que titulaire).<\/p>\n<ul>\n<li><strong>\u00c0 lire aussi \u2013 <a href=\"https:\/\/dicodusport.fr\/blog\/lavenir-de-salesi-rayasi-se-precise-2-clubs-de-top-14-sinteressent-serieusement-a-son-profil\/\">L\u2019avenir de Salesi Rayasi se pr\u00e9cise : 2 clubs de Top 14 s\u2019int\u00e9ressent s\u00e9rieusement \u00e0 son profil<\/a><\/strong><\/li>\n<\/ul>\n<p style=\"text-align: justify;\">Il est d&rsquo;ailleurs de plus en plus titularis\u00e9 lorsqu&rsquo;il est align\u00e9 sur une feuille de match du LOU (onze titularisations en 21 matchs la saison pass\u00e9e), preuve qu&rsquo;il devient un joueur de plus en plus important. Il a \u00e9t\u00e9 international \u00e0 quatre reprises en 2020, disputant deux matchs de l\u2019Autumn Nations Cup, dont la finale contre l&rsquo;Angleterre. Mais il n&rsquo;est plus apparu en Bleu depuis cette p\u00e9riode. Ce nouveau d\u00e9fi, s&rsquo;il se concr\u00e9tise, pourrait peut-\u00eatre lui rouvrir les portes du XV de France, alors qu&rsquo;il n&rsquo;a que 26 ans.<\/p>\n<ul>\n<li><strong>\u00c0 lire aussi &#8211; <a href=\"https:\/\/dicodusport.fr\/blog\/toulon-pourrait-perdre-un-cadre-brian-alainuuese-est-courtise-en-angleterre\/\">Toulon pourrait perdre un cadre : Brian Alainu\u2019uese est courtis\u00e9 en Angleterre<\/a><\/strong><\/li>\n<\/ul>\n<h3 style=\"text-align: justify;\">Dicodusport vous conseille<\/h3>\n<ul>\n<li style=\"text-align: justify;\"><a href=\"https:\/\/dicodusport.fr\/blog\/transferts-rugby-louis-carbonel-bayonne-brian-alainuuese-la-rochelle-les-infos-du-lundi-29-decembre\/\"><strong>Transferts Rugby : Louis Carbonel, Bayonne, Brian Alainu\u2019uese, La Rochelle, les infos du lundi 29 d\u00e9cembre<\/strong><\/a><\/li>\n<\/ul>\n<div class=\"vlp-link-container vlp-layout-article\"><a href=\"https:\/\/dicodusport.fr\/blog\/la-rochelle-en-quete-de-renforts-un-taulier-des-saracens-dans-le-viseur\/\" class=\"vlp-link\" title=\"La Rochelle en qu\u00eate de renforts : un taulier des Saracens dans le viseur\"><\/a><div class=\"vlp-layout-zone-side\"><div class=\"vlp-block-4 vlp-link-image\"><img loading=\"lazy\" decoding=\"async\" style=\"max-width: 792px;\" width=\"792\" height=\"445\" src=\"https:\/\/dicodusport.fr\/blog\/wp-content\/uploads\/2025\/12\/La-Rochelle-en-quete-de-renforts-un-taulier-des-Saracens-dans-le-viseur.png\" class=\"attachment-800x445 size-800x445\" alt=\"La Rochelle en qu\u00eate de renforts : un taulier des Saracens dans le viseur\" srcset=\"https:\/\/dicodusport.fr\/blog\/wp-content\/uploads\/2025\/12\/La-Rochelle-en-quete-de-renforts-un-taulier-des-Saracens-dans-le-viseur.png 1200w, https:\/\/dicodusport.fr\/blog\/wp-content\/uploads\/2025\/12\/La-Rochelle-en-quete-de-renforts-un-taulier-des-Saracens-dans-le-viseur-300x169.png 300w, https:\/\/dicodusport.fr\/blog\/wp-content\/uploads\/2025\/12\/La-Rochelle-en-quete-de-renforts-un-taulier-des-Saracens-dans-le-viseur-1024x575.png 1024w, https:\/\/dicodusport.fr\/blog\/wp-content\/uploads\/2025\/12\/La-Rochelle-en-quete-de-renforts-un-taulier-des-Saracens-dans-le-viseur-768x431.png 768w\" sizes=\"auto, (max-width: 792px) 100vw, 792px\" \/><\/div><\/div><div class=\"vlp-layout-zone-main\"><div class=\"vlp-block-0 vlp-link-title\">La Rochelle en qu\u00eate de renforts : un taulier des Saracens dans le viseur<\/div><div class=\"vlp-block-1 vlp-link-summary\">TRANSFERTS RUGBY - Selon le Midi Olympique, le deuxi\u00e8me ligne Theo McFarland (Saracens) est sur les tablettes du Stade Rochelais.<\/div><div class=\"vlp-block-2 vlp-link-button\">Lire l'article<\/div><div class=\"vlp-block-3 vlp-link-url\">dicodusport.fr<\/div><\/div><\/div>\n<div id=\"gtx-trans\" style=\"position: absolute; left: -14px; top: 40.9091px;\">\n<div class=\"gtx-trans-icon\"><\/div>\n<\/div>\n","protected":false},"excerpt":{"rendered":"<p>TRANSFERTS RUGBY &#8211; Selon le Midi Olympique, le deuxi\u00e8me ligne Killian Geraci (Lyon OU) est sur les tablettes de l&rsquo;Aviron Bayonnais.<\/p>\n","protected":false},"author":83,"featured_media":634881,"comment_status":"open","ping_status":"closed","sticky":false,"template":"","format":"standard","meta":{"_acf_changed":false,"_daextam_enable_autolinks":"1","footnotes":""},"categories":[47050],"tags":[16878,26512,111,29105],"class_list":["post-634876","post","type-post","status-publish","format-standard","has-post-thumbnail","hentry","category-top-14","tag-breve","tag-lyon-ou","tag-top-14","tag-transferts-rugby"],"acf":[],"yoast_head":"<!-- This site is optimized with the Yoast SEO Premium plugin v26.7 (Yoast SEO v26.7) - https:\/\/yoast.com\/wordpress\/plugins\/seo\/ -->\n<title>Killian Geraci sur le d\u00e9part ? Le deuxi\u00e8me ligne du LOU est courtis\u00e9 par une grosse \u00e9curie de Top 14<\/title>\n<meta name=\"description\" content=\"TRANSFERTS RUGBY - Selon le Midi Olympique, le deuxi\u00e8me ligne Killian Geraci (Lyon OU) est sur les tablettes de l&#039;Aviron Bayonnais.\" \/>\n<meta name=\"robots\" content=\"index, follow, max-snippet:-1, max-image-preview:large, max-video-preview:-1\" \/>\n<link rel=\"canonical\" href=\"https:\/\/dicodusport.fr\/blog\/killian-geraci-sur-le-depart-le-deuxieme-ligne-du-lou-est-courtise-par-une-grosse-ecurie-de-top-14\/\" \/>\n<meta property=\"og:locale\" content=\"fr_FR\" \/>\n<meta property=\"og:type\" content=\"article\" \/>\n<meta property=\"og:title\" content=\"Killian Geraci sur le d\u00e9part ? Le deuxi\u00e8me ligne du LOU est courtis\u00e9 par une grosse \u00e9curie de Top 14\" \/>\n<meta property=\"og:description\" content=\"TRANSFERTS RUGBY - Selon le Midi Olympique, le deuxi\u00e8me ligne Killian Geraci (Lyon OU) est sur les tablettes de l&#039;Aviron Bayonnais.\" \/>\n<meta property=\"og:url\" content=\"https:\/\/dicodusport.fr\/blog\/killian-geraci-sur-le-depart-le-deuxieme-ligne-du-lou-est-courtise-par-une-grosse-ecurie-de-top-14\/\" \/>\n<meta property=\"og:site_name\" content=\"Dicodusport\" \/>\n<meta property=\"article:publisher\" content=\"https:\/\/www.facebook.com\/dicodusport\" \/>\n<meta property=\"article:published_time\" content=\"2025-12-29T11:40:00+00:00\" \/>\n<meta property=\"article:modified_time\" content=\"2025-12-29T18:27:52+00:00\" \/>\n<meta property=\"og:image\" content=\"https:\/\/dicodusport.fr\/blog\/wp-content\/uploads\/2025\/12\/Killian-Geraci-sur-le-depart-Le-deuxieme-ligne-du-LOU-est-courtise-par-une-grosse-ecurie-de-Top-14.png\" \/>\n\t<meta property=\"og:image:width\" content=\"1200\" \/>\n\t<meta property=\"og:image:height\" content=\"674\" \/>\n\t<meta property=\"og:image:type\" content=\"image\/png\" \/>\n<meta name=\"author\" content=\"Etienne Goursaud\" \/>\n<meta name=\"twitter:card\" content=\"summary_large_image\" \/>\n<meta name=\"twitter:title\" content=\"Killian Geraci sur le d\u00e9part ? Le deuxi\u00e8me ligne du LOU est courtis\u00e9 par une grosse \u00e9curie de Top 14\" \/>\n<meta name=\"twitter:creator\" content=\"@dicodusport\" \/>\n<meta name=\"twitter:site\" content=\"@dicodusport\" \/>\n<script type=\"application\/ld+json\" class=\"yoast-schema-graph\">{\"@context\":\"https:\/\/schema.org\",\"@graph\":[{\"@type\":\"NewsArticle\",\"@id\":\"https:\/\/dicodusport.fr\/blog\/killian-geraci-sur-le-depart-le-deuxieme-ligne-du-lou-est-courtise-par-une-grosse-ecurie-de-top-14\/#article\",\"isPartOf\":{\"@id\":\"https:\/\/dicodusport.fr\/blog\/killian-geraci-sur-le-depart-le-deuxieme-ligne-du-lou-est-courtise-par-une-grosse-ecurie-de-top-14\/\"},\"author\":{\"name\":\"Etienne Goursaud\",\"@id\":\"https:\/\/dicodusport.fr\/blog\/#\/schema\/person\/d603dd7da31fb2b46c82b9835a77ec13\"},\"headline\":\"Killian Geraci sur le d\u00e9part ? Le deuxi\u00e8me ligne du LOU est courtis\u00e9 par une grosse \u00e9curie de Top 14\",\"datePublished\":\"2025-12-29T11:40:00+00:00\",\"dateModified\":\"2025-12-29T18:27:52+00:00\",\"mainEntityOfPage\":{\"@id\":\"https:\/\/dicodusport.fr\/blog\/killian-geraci-sur-le-depart-le-deuxieme-ligne-du-lou-est-courtise-par-une-grosse-ecurie-de-top-14\/\"},\"wordCount\":432,\"commentCount\":0,\"publisher\":{\"@id\":\"https:\/\/dicodusport.fr\/blog\/#organization\"},\"image\":{\"@id\":\"https:\/\/dicodusport.fr\/blog\/killian-geraci-sur-le-depart-le-deuxieme-ligne-du-lou-est-courtise-par-une-grosse-ecurie-de-top-14\/#primaryimage\"},\"thumbnailUrl\":\"https:\/\/dicodusport.fr\/blog\/wp-content\/uploads\/2025\/12\/Killian-Geraci-sur-le-depart-Le-deuxieme-ligne-du-LOU-est-courtise-par-une-grosse-ecurie-de-Top-14.png\",\"keywords\":[\"br\u00e8ve\",\"Lyon OU\",\"Top 14\",\"Transferts rugby\"],\"articleSection\":[\"Top 14\"],\"inLanguage\":\"fr-FR\",\"potentialAction\":[{\"@type\":\"CommentAction\",\"name\":\"Comment\",\"target\":[\"https:\/\/dicodusport.fr\/blog\/killian-geraci-sur-le-depart-le-deuxieme-ligne-du-lou-est-courtise-par-une-grosse-ecurie-de-top-14\/#respond\"]}],\"copyrightYear\":\"2025\",\"copyrightHolder\":{\"@id\":\"https:\/\/dicodusport.fr\/blog\/#organization\"}},{\"@type\":\"WebPage\",\"@id\":\"https:\/\/dicodusport.fr\/blog\/killian-geraci-sur-le-depart-le-deuxieme-ligne-du-lou-est-courtise-par-une-grosse-ecurie-de-top-14\/\",\"url\":\"https:\/\/dicodusport.fr\/blog\/killian-geraci-sur-le-depart-le-deuxieme-ligne-du-lou-est-courtise-par-une-grosse-ecurie-de-top-14\/\",\"name\":\"Killian Geraci sur le d\u00e9part ? Le deuxi\u00e8me ligne du LOU est courtis\u00e9 par une grosse \u00e9curie de Top 14\",\"isPartOf\":{\"@id\":\"https:\/\/dicodusport.fr\/blog\/#website\"},\"primaryImageOfPage\":{\"@id\":\"https:\/\/dicodusport.fr\/blog\/killian-geraci-sur-le-depart-le-deuxieme-ligne-du-lou-est-courtise-par-une-grosse-ecurie-de-top-14\/#primaryimage\"},\"image\":{\"@id\":\"https:\/\/dicodusport.fr\/blog\/killian-geraci-sur-le-depart-le-deuxieme-ligne-du-lou-est-courtise-par-une-grosse-ecurie-de-top-14\/#primaryimage\"},\"thumbnailUrl\":\"https:\/\/dicodusport.fr\/blog\/wp-content\/uploads\/2025\/12\/Killian-Geraci-sur-le-depart-Le-deuxieme-ligne-du-LOU-est-courtise-par-une-grosse-ecurie-de-Top-14.png\",\"datePublished\":\"2025-12-29T11:40:00+00:00\",\"dateModified\":\"2025-12-29T18:27:52+00:00\",\"description\":\"TRANSFERTS RUGBY - Selon le Midi Olympique, le deuxi\u00e8me ligne Killian Geraci (Lyon OU) est sur les tablettes de l'Aviron Bayonnais.\",\"breadcrumb\":{\"@id\":\"https:\/\/dicodusport.fr\/blog\/killian-geraci-sur-le-depart-le-deuxieme-ligne-du-lou-est-courtise-par-une-grosse-ecurie-de-top-14\/#breadcrumb\"},\"inLanguage\":\"fr-FR\",\"potentialAction\":[{\"@type\":\"ReadAction\",\"target\":[\"https:\/\/dicodusport.fr\/blog\/killian-geraci-sur-le-depart-le-deuxieme-ligne-du-lou-est-courtise-par-une-grosse-ecurie-de-top-14\/\"]}]},{\"@type\":\"ImageObject\",\"inLanguage\":\"fr-FR\",\"@id\":\"https:\/\/dicodusport.fr\/blog\/killian-geraci-sur-le-depart-le-deuxieme-ligne-du-lou-est-courtise-par-une-grosse-ecurie-de-top-14\/#primaryimage\",\"url\":\"https:\/\/dicodusport.fr\/blog\/wp-content\/uploads\/2025\/12\/Killian-Geraci-sur-le-depart-Le-deuxieme-ligne-du-LOU-est-courtise-par-une-grosse-ecurie-de-Top-14.png\",\"contentUrl\":\"https:\/\/dicodusport.fr\/blog\/wp-content\/uploads\/2025\/12\/Killian-Geraci-sur-le-depart-Le-deuxieme-ligne-du-LOU-est-courtise-par-une-grosse-ecurie-de-Top-14.png\",\"width\":1200,\"height\":674,\"caption\":\"Killian Geraci sur le d\u00e9part ? Le deuxi\u00e8me ligne du LOU est courtis\u00e9 par une grosse \u00e9curie de Top 14\"},{\"@type\":\"BreadcrumbList\",\"@id\":\"https:\/\/dicodusport.fr\/blog\/killian-geraci-sur-le-depart-le-deuxieme-ligne-du-lou-est-courtise-par-une-grosse-ecurie-de-top-14\/#breadcrumb\",\"itemListElement\":[{\"@type\":\"ListItem\",\"position\":1,\"name\":\"Accueil\",\"item\":\"https:\/\/dicodusport.fr\/blog\/\"},{\"@type\":\"ListItem\",\"position\":2,\"name\":\"Killian Geraci sur le d\u00e9part ? Le deuxi\u00e8me ligne du LOU est courtis\u00e9 par une grosse \u00e9curie de Top 14\"}]},{\"@type\":\"WebSite\",\"@id\":\"https:\/\/dicodusport.fr\/blog\/#website\",\"url\":\"https:\/\/dicodusport.fr\/blog\/\",\"name\":\"Dicodusport\",\"description\":\"L&#039;encyclop\u00e9die de l&#039;actualit\u00e9 sportive\",\"publisher\":{\"@id\":\"https:\/\/dicodusport.fr\/blog\/#organization\"},\"potentialAction\":[{\"@type\":\"SearchAction\",\"target\":{\"@type\":\"EntryPoint\",\"urlTemplate\":\"https:\/\/dicodusport.fr\/blog\/?s={search_term_string}\"},\"query-input\":{\"@type\":\"PropertyValueSpecification\",\"valueRequired\":true,\"valueName\":\"search_term_string\"}}],\"inLanguage\":\"fr-FR\"},{\"@type\":\"NewsMediaOrganization\",\"@id\":\"https:\/\/dicodusport.fr\/blog\/#organization\",\"name\":\"Dicodusport\",\"url\":\"https:\/\/dicodusport.fr\/blog\/\",\"logo\":{\"@type\":\"ImageObject\",\"inLanguage\":\"fr-FR\",\"@id\":\"https:\/\/dicodusport.fr\/blog\/#\/schema\/logo\/image\/\",\"url\":\"https:\/\/dicodusport.fr\/blog\/wp-content\/uploads\/2020\/06\/cropped-LOGO-DICODUSPORT-2020-SANS-FOND-SANS-TEXTE.png\",\"contentUrl\":\"https:\/\/dicodusport.fr\/blog\/wp-content\/uploads\/2020\/06\/cropped-LOGO-DICODUSPORT-2020-SANS-FOND-SANS-TEXTE.png\",\"width\":512,\"height\":512,\"caption\":\"Dicodusport\"},\"image\":{\"@id\":\"https:\/\/dicodusport.fr\/blog\/#\/schema\/logo\/image\/\"},\"sameAs\":[\"https:\/\/www.facebook.com\/dicodusport\",\"https:\/\/x.com\/dicodusport\",\"https:\/\/www.instagram.com\/dicodusport\/\",\"https:\/\/www.youtube.com\/channel\/UC7V2KZ5sd3htJivAbA4ZG3w\"],\"description\":\"Dicodusport est l'encyclop\u00e9die de l'actualit\u00e9 sportive.\",\"email\":\"bonjour@dicodusport.fr\",\"legalName\":\"DICODUSPORT\",\"foundingDate\":\"2018-01-14\",\"vatID\":\"FR71834470973\",\"taxID\":\"83447097300043\",\"numberOfEmployees\":{\"@type\":\"QuantitativeValue\",\"minValue\":\"1\",\"maxValue\":\"10\"}},{\"@type\":\"Person\",\"@id\":\"https:\/\/dicodusport.fr\/blog\/#\/schema\/person\/d603dd7da31fb2b46c82b9835a77ec13\",\"name\":\"Etienne Goursaud\",\"image\":{\"@type\":\"ImageObject\",\"inLanguage\":\"fr-FR\",\"@id\":\"https:\/\/dicodusport.fr\/blog\/#\/schema\/person\/image\/\",\"url\":\"https:\/\/dicodusport.fr\/blog\/wp-content\/uploads\/2023\/12\/410122264_10231602061736049_5565839791558026645_n-150x150.jpg\",\"contentUrl\":\"https:\/\/dicodusport.fr\/blog\/wp-content\/uploads\/2023\/12\/410122264_10231602061736049_5565839791558026645_n-150x150.jpg\",\"caption\":\"Etienne Goursaud\"},\"description\":\"Journaliste et amoureux de sport. Ancien footballeur reconverti athl\u00e8te quand ses muscles le laissent tranquille. \u00c9lev\u00e9 \u00e0 la sauce des exploits de Thomas Voeckler en 2004, du dernier essai de l\u00e9gende de Eunice Barber \u00e0 la longueur lors des championnats du monde d'athl\u00e9tisme de 2003 mais aussi Zidane, Omeyer et Titou Lamaison.\",\"url\":\"https:\/\/dicodusport.fr\/blog\/author\/etienne-goursaud\/\"}]}<\/script>\n<!-- \/ Yoast SEO Premium plugin. -->","yoast_head_json":{"title":"Killian Geraci sur le d\u00e9part ? Le deuxi\u00e8me ligne du LOU est courtis\u00e9 par une grosse \u00e9curie de Top 14","description":"TRANSFERTS RUGBY - Selon le Midi Olympique, le deuxi\u00e8me ligne Killian Geraci (Lyon OU) est sur les tablettes de l'Aviron Bayonnais.","robots":{"index":"index","follow":"follow","max-snippet":"max-snippet:-1","max-image-preview":"max-image-preview:large","max-video-preview":"max-video-preview:-1"},"canonical":"https:\/\/dicodusport.fr\/blog\/killian-geraci-sur-le-depart-le-deuxieme-ligne-du-lou-est-courtise-par-une-grosse-ecurie-de-top-14\/","og_locale":"fr_FR","og_type":"article","og_title":"Killian Geraci sur le d\u00e9part ? Le deuxi\u00e8me ligne du LOU est courtis\u00e9 par une grosse \u00e9curie de Top 14","og_description":"TRANSFERTS RUGBY - Selon le Midi Olympique, le deuxi\u00e8me ligne Killian Geraci (Lyon OU) est sur les tablettes de l'Aviron Bayonnais.","og_url":"https:\/\/dicodusport.fr\/blog\/killian-geraci-sur-le-depart-le-deuxieme-ligne-du-lou-est-courtise-par-une-grosse-ecurie-de-top-14\/","og_site_name":"Dicodusport","article_publisher":"https:\/\/www.facebook.com\/dicodusport","article_published_time":"2025-12-29T11:40:00+00:00","article_modified_time":"2025-12-29T18:27:52+00:00","og_image":[{"width":1200,"height":674,"url":"https:\/\/dicodusport.fr\/blog\/wp-content\/uploads\/2025\/12\/Killian-Geraci-sur-le-depart-Le-deuxieme-ligne-du-LOU-est-courtise-par-une-grosse-ecurie-de-Top-14.png","type":"image\/png"}],"author":"Etienne Goursaud","twitter_card":"summary_large_image","twitter_title":"Killian Geraci sur le d\u00e9part ? Le deuxi\u00e8me ligne du LOU est courtis\u00e9 par une grosse \u00e9curie de Top 14","twitter_creator":"@dicodusport","twitter_site":"@dicodusport","schema":{"@context":"https:\/\/schema.org","@graph":[{"@type":"NewsArticle","@id":"https:\/\/dicodusport.fr\/blog\/killian-geraci-sur-le-depart-le-deuxieme-ligne-du-lou-est-courtise-par-une-grosse-ecurie-de-top-14\/#article","isPartOf":{"@id":"https:\/\/dicodusport.fr\/blog\/killian-geraci-sur-le-depart-le-deuxieme-ligne-du-lou-est-courtise-par-une-grosse-ecurie-de-top-14\/"},"author":{"name":"Etienne Goursaud","@id":"https:\/\/dicodusport.fr\/blog\/#\/schema\/person\/d603dd7da31fb2b46c82b9835a77ec13"},"headline":"Killian Geraci sur le d\u00e9part ? Le deuxi\u00e8me ligne du LOU est courtis\u00e9 par une grosse \u00e9curie de Top 14","datePublished":"2025-12-29T11:40:00+00:00","dateModified":"2025-12-29T18:27:52+00:00","mainEntityOfPage":{"@id":"https:\/\/dicodusport.fr\/blog\/killian-geraci-sur-le-depart-le-deuxieme-ligne-du-lou-est-courtise-par-une-grosse-ecurie-de-top-14\/"},"wordCount":432,"commentCount":0,"publisher":{"@id":"https:\/\/dicodusport.fr\/blog\/#organization"},"image":{"@id":"https:\/\/dicodusport.fr\/blog\/killian-geraci-sur-le-depart-le-deuxieme-ligne-du-lou-est-courtise-par-une-grosse-ecurie-de-top-14\/#primaryimage"},"thumbnailUrl":"https:\/\/dicodusport.fr\/blog\/wp-content\/uploads\/2025\/12\/Killian-Geraci-sur-le-depart-Le-deuxieme-ligne-du-LOU-est-courtise-par-une-grosse-ecurie-de-Top-14.png","keywords":["br\u00e8ve","Lyon OU","Top 14","Transferts rugby"],"articleSection":["Top 14"],"inLanguage":"fr-FR","potentialAction":[{"@type":"CommentAction","name":"Comment","target":["https:\/\/dicodusport.fr\/blog\/killian-geraci-sur-le-depart-le-deuxieme-ligne-du-lou-est-courtise-par-une-grosse-ecurie-de-top-14\/#respond"]}],"copyrightYear":"2025","copyrightHolder":{"@id":"https:\/\/dicodusport.fr\/blog\/#organization"}},{"@type":"WebPage","@id":"https:\/\/dicodusport.fr\/blog\/killian-geraci-sur-le-depart-le-deuxieme-ligne-du-lou-est-courtise-par-une-grosse-ecurie-de-top-14\/","url":"https:\/\/dicodusport.fr\/blog\/killian-geraci-sur-le-depart-le-deuxieme-ligne-du-lou-est-courtise-par-une-grosse-ecurie-de-top-14\/","name":"Killian Geraci sur le d\u00e9part ? Le deuxi\u00e8me ligne du LOU est courtis\u00e9 par une grosse \u00e9curie de Top 14","isPartOf":{"@id":"https:\/\/dicodusport.fr\/blog\/#website"},"primaryImageOfPage":{"@id":"https:\/\/dicodusport.fr\/blog\/killian-geraci-sur-le-depart-le-deuxieme-ligne-du-lou-est-courtise-par-une-grosse-ecurie-de-top-14\/#primaryimage"},"image":{"@id":"https:\/\/dicodusport.fr\/blog\/killian-geraci-sur-le-depart-le-deuxieme-ligne-du-lou-est-courtise-par-une-grosse-ecurie-de-top-14\/#primaryimage"},"thumbnailUrl":"https:\/\/dicodusport.fr\/blog\/wp-content\/uploads\/2025\/12\/Killian-Geraci-sur-le-depart-Le-deuxieme-ligne-du-LOU-est-courtise-par-une-grosse-ecurie-de-Top-14.png","datePublished":"2025-12-29T11:40:00+00:00","dateModified":"2025-12-29T18:27:52+00:00","description":"TRANSFERTS RUGBY - Selon le Midi Olympique, le deuxi\u00e8me ligne Killian Geraci (Lyon OU) est sur les tablettes de l'Aviron Bayonnais.","breadcrumb":{"@id":"https:\/\/dicodusport.fr\/blog\/killian-geraci-sur-le-depart-le-deuxieme-ligne-du-lou-est-courtise-par-une-grosse-ecurie-de-top-14\/#breadcrumb"},"inLanguage":"fr-FR","potentialAction":[{"@type":"ReadAction","target":["https:\/\/dicodusport.fr\/blog\/killian-geraci-sur-le-depart-le-deuxieme-ligne-du-lou-est-courtise-par-une-grosse-ecurie-de-top-14\/"]}]},{"@type":"ImageObject","inLanguage":"fr-FR","@id":"https:\/\/dicodusport.fr\/blog\/killian-geraci-sur-le-depart-le-deuxieme-ligne-du-lou-est-courtise-par-une-grosse-ecurie-de-top-14\/#primaryimage","url":"https:\/\/dicodusport.fr\/blog\/wp-content\/uploads\/2025\/12\/Killian-Geraci-sur-le-depart-Le-deuxieme-ligne-du-LOU-est-courtise-par-une-grosse-ecurie-de-Top-14.png","contentUrl":"https:\/\/dicodusport.fr\/blog\/wp-content\/uploads\/2025\/12\/Killian-Geraci-sur-le-depart-Le-deuxieme-ligne-du-LOU-est-courtise-par-une-grosse-ecurie-de-Top-14.png","width":1200,"height":674,"caption":"Killian Geraci sur le d\u00e9part ? Le deuxi\u00e8me ligne du LOU est courtis\u00e9 par une grosse \u00e9curie de Top 14"},{"@type":"BreadcrumbList","@id":"https:\/\/dicodusport.fr\/blog\/killian-geraci-sur-le-depart-le-deuxieme-ligne-du-lou-est-courtise-par-une-grosse-ecurie-de-top-14\/#breadcrumb","itemListElement":[{"@type":"ListItem","position":1,"name":"Accueil","item":"https:\/\/dicodusport.fr\/blog\/"},{"@type":"ListItem","position":2,"name":"Killian Geraci sur le d\u00e9part ? Le deuxi\u00e8me ligne du LOU est courtis\u00e9 par une grosse \u00e9curie de Top 14"}]},{"@type":"WebSite","@id":"https:\/\/dicodusport.fr\/blog\/#website","url":"https:\/\/dicodusport.fr\/blog\/","name":"Dicodusport","description":"L&#039;encyclop\u00e9die de l&#039;actualit\u00e9 sportive","publisher":{"@id":"https:\/\/dicodusport.fr\/blog\/#organization"},"potentialAction":[{"@type":"SearchAction","target":{"@type":"EntryPoint","urlTemplate":"https:\/\/dicodusport.fr\/blog\/?s={search_term_string}"},"query-input":{"@type":"PropertyValueSpecification","valueRequired":true,"valueName":"search_term_string"}}],"inLanguage":"fr-FR"},{"@type":"NewsMediaOrganization","@id":"https:\/\/dicodusport.fr\/blog\/#organization","name":"Dicodusport","url":"https:\/\/dicodusport.fr\/blog\/","logo":{"@type":"ImageObject","inLanguage":"fr-FR","@id":"https:\/\/dicodusport.fr\/blog\/#\/schema\/logo\/image\/","url":"https:\/\/dicodusport.fr\/blog\/wp-content\/uploads\/2020\/06\/cropped-LOGO-DICODUSPORT-2020-SANS-FOND-SANS-TEXTE.png","contentUrl":"https:\/\/dicodusport.fr\/blog\/wp-content\/uploads\/2020\/06\/cropped-LOGO-DICODUSPORT-2020-SANS-FOND-SANS-TEXTE.png","width":512,"height":512,"caption":"Dicodusport"},"image":{"@id":"https:\/\/dicodusport.fr\/blog\/#\/schema\/logo\/image\/"},"sameAs":["https:\/\/www.facebook.com\/dicodusport","https:\/\/x.com\/dicodusport","https:\/\/www.instagram.com\/dicodusport\/","https:\/\/www.youtube.com\/channel\/UC7V2KZ5sd3htJivAbA4ZG3w"],"description":"Dicodusport est l'encyclop\u00e9die de l'actualit\u00e9 sportive.","email":"bonjour@dicodusport.fr","legalName":"DICODUSPORT","foundingDate":"2018-01-14","vatID":"FR71834470973","taxID":"83447097300043","numberOfEmployees":{"@type":"QuantitativeValue","minValue":"1","maxValue":"10"}},{"@type":"Person","@id":"https:\/\/dicodusport.fr\/blog\/#\/schema\/person\/d603dd7da31fb2b46c82b9835a77ec13","name":"Etienne Goursaud","image":{"@type":"ImageObject","inLanguage":"fr-FR","@id":"https:\/\/dicodusport.fr\/blog\/#\/schema\/person\/image\/","url":"https:\/\/dicodusport.fr\/blog\/wp-content\/uploads\/2023\/12\/410122264_10231602061736049_5565839791558026645_n-150x150.jpg","contentUrl":"https:\/\/dicodusport.fr\/blog\/wp-content\/uploads\/2023\/12\/410122264_10231602061736049_5565839791558026645_n-150x150.jpg","caption":"Etienne Goursaud"},"description":"Journaliste et amoureux de sport. Ancien footballeur reconverti athl\u00e8te quand ses muscles le laissent tranquille. \u00c9lev\u00e9 \u00e0 la sauce des exploits de Thomas Voeckler en 2004, du dernier essai de l\u00e9gende de Eunice Barber \u00e0 la longueur lors des championnats du monde d'athl\u00e9tisme de 2003 mais aussi Zidane, Omeyer et Titou Lamaison.","url":"https:\/\/dicodusport.fr\/blog\/author\/etienne-goursaud\/"}]}},"_links":{"self":[{"href":"https:\/\/dicodusport.fr\/blog\/wp-json\/wp\/v2\/posts\/634876","targetHints":{"allow":["GET"]}}],"collection":[{"href":"https:\/\/dicodusport.fr\/blog\/wp-json\/wp\/v2\/posts"}],"about":[{"href":"https:\/\/dicodusport.fr\/blog\/wp-json\/wp\/v2\/types\/post"}],"author":[{"embeddable":true,"href":"https:\/\/dicodusport.fr\/blog\/wp-json\/wp\/v2\/users\/83"}],"replies":[{"embeddable":true,"href":"https:\/\/dicodusport.fr\/blog\/wp-json\/wp\/v2\/comments?post=634876"}],"version-history":[{"count":5,"href":"https:\/\/dicodusport.fr\/blog\/wp-json\/wp\/v2\/posts\/634876\/revisions"}],"predecessor-version":[{"id":634951,"href":"https:\/\/dicodusport.fr\/blog\/wp-json\/wp\/v2\/posts\/634876\/revisions\/634951"}],"wp:featuredmedia":[{"embeddable":true,"href":"https:\/\/dicodusport.fr\/blog\/wp-json\/wp\/v2\/media\/634881"}],"wp:attachment":[{"href":"https:\/\/dicodusport.fr\/blog\/wp-json\/wp\/v2\/media?parent=634876"}],"wp:term":[{"taxonomy":"category","embeddable":true,"href":"https:\/\/dicodusport.fr\/blog\/wp-json\/wp\/v2\/categories?post=634876"},{"taxonomy":"post_tag","embeddable":true,"href":"https:\/\/dicodusport.fr\/blog\/wp-json\/wp\/v2\/tags?post=634876"}],"curies":[{"name":"wp","href":"https:\/\/api.w.org\/{rel}","templated":true}]}}